{"id":109731,"date":"2021-02-27T16:06:41","date_gmt":"2021-02-27T15:06:41","guid":{"rendered":"https:\/\/dicodusport.fr\/blog\/?p=109731&#038;preview=true&#038;preview_id=109731"},"modified":"2021-02-27T17:25:07","modified_gmt":"2021-02-27T16:25:07","slug":"omloop-het-nieuwsblad-davide-ballerini-s-impose-au-sprint","status":"publish","type":"post","link":"https:\/\/dicodusport.fr\/blog\/omloop-het-nieuwsblad-davide-ballerini-s-impose-au-sprint\/","title":{"rendered":"Omloop Het Nieuwsblad : Davide Ballerini s&rsquo;impose au sprint"},"content":{"rendered":"<p style=\"text-align: justify;\"><strong><em>CYCLISME &#8211; Vainqueur de deux \u00e9tapes sur le Tour de La Provence, Davide Ballerini (Deceuninck &#8211; Quick-Step) a remport\u00e9 l&rsquo;Omloop Het Nieuwsblad ce samedi. L&rsquo;Italien a profit\u00e9 de l&rsquo;\u00e9norme travail de son \u00e9quipe dans le final. Le Britannique Jake Stewart (Groupama-FDJ) est deuxi\u00e8me, devant le Belge Sep Vanmarcke (Israel Start-Up Nation).<\/em><\/strong><\/p>\n<p style=\"text-align: justify;\">On attendait les Deceuninck &#8211; Quick-Step, nous avons \u00e9t\u00e9 servis. Vainqueur de deux \u00e9tapes sur le Tour de La Provence, <strong>Davide Ballerini<\/strong> a remis \u00e7a ce samedi sur l&rsquo;<strong>Omloop Het Nieuwsblad<\/strong>, la premi\u00e8re classique flandrienne de la saison. C&rsquo;est le troisi\u00e8me succ\u00e8s de la saison pour l&rsquo;Italien du Wolfpack.<\/p>\n<blockquote class=\"twitter-tweet\">\n<p dir=\"ltr\" lang=\"fr\">La Deceuninck-Quick Step au rendez-vous ! On attendait Alaphilippe, on a (encore) eu droit \u00e0 Ballerini, qui s&rsquo;impose au sprint sur <a href=\"https:\/\/twitter.com\/hashtag\/OHN21?src=hash&amp;ref_src=twsrc%5Etfw\">#OHN21<\/a> &#x1f44f;<\/p>\n<p>Le meilleur du cyclisme, c&rsquo;est sur Eurosport et <a href=\"https:\/\/t.co\/XcZuM6O9AA\">https:\/\/t.co\/XcZuM6O9AA<\/a> avec <a href=\"https:\/\/twitter.com\/hashtag\/LesRP?src=hash&amp;ref_src=twsrc%5Etfw\">#LesRP<\/a> <a href=\"https:\/\/t.co\/fEw2cNyI6T\">pic.twitter.com\/fEw2cNyI6T<\/a><\/p>\n<p>\u2014 Eurosport France (@Eurosport_FR) <a href=\"https:\/\/twitter.com\/Eurosport_FR\/status\/1365680193386512386?ref_src=twsrc%5Etfw\">February 27, 2021<\/a><\/p><\/blockquote>\n<p><script async src=\"https:\/\/platform.twitter.com\/widgets.js\" charset=\"utf-8\"><\/script><\/p>\n<h2 style=\"text-align: justify;\">Alaphilippe fait le show puis se sacrifie<\/h2>\n<p style=\"text-align: justify;\">Avant cela, la Deceuninck &#8211; Quick-Step avait montr\u00e9 les crocs une premi\u00e8re fois \u00e0 43 km de l&rsquo;arriv\u00e9e. Sous l&rsquo;impulsion de <strong>Zdenek Stybar<\/strong> et <strong>Julian Alaphilippe<\/strong>, un groupe sortait dans le Molenberg. Dans celui-ci, \u00e9galement, <strong>Greg Van Avermart<\/strong>, <strong>Matteo Trentin<\/strong>, <strong>Christophe Laporte<\/strong> et d\u00e9j\u00e0, <strong>Davide Ballerini<\/strong>. Un groupe duquel le champion du monde s&rsquo;est extirp\u00e9 \u00e0 30 km de l&rsquo;arriv\u00e9e.<\/p>\n<p style=\"text-align: justify;\">Apr\u00e8s avoir fait le show, le Fran\u00e7ais, parti sans doute trop t\u00f4t, \u00e9tait revu au pied du Mur de Grammont, \u00e0 18 km de l&rsquo;arriv\u00e9e. L&rsquo;encha\u00eenement Grammont &#8211; Bosberg n&rsquo;ayant pas permis de faire la s\u00e9lection, la victoire s&rsquo;est donc jou\u00e9e au sprint. Apr\u00e8s un travail de sape des coureurs de la formation manag\u00e9e par <strong>Patrick Lefevere<\/strong>, dont un <strong>Julian Alaphilippe<\/strong> qui aura aussi travaill\u00e9 dans le final, <strong>Ballerini<\/strong> surclassait donc la concurrence. Alaphilippe, lui, aura \u00e9t\u00e9 au four et au moulin.<\/p>\n<ul>\n<li style=\"text-align: justify;\"><strong>\u00c0 lire aussi &#8211; <a href=\"https:\/\/dicodusport.fr\/blog\/omloop-het-nieuwsblad-2021-classement-course\/\" target=\"_blank\" rel=\"noopener\">Omloop Het Nieuwsblad 2021 : le classement de la course<\/a><\/strong><\/li>\n<\/ul>\n<p><strong><em>Dicodusport<br \/>\n<a href=\"https:\/\/www.facebook.com\/dicodusport\/\" target=\"_blank\" rel=\"noopener noreferrer\"><img loading=\"lazy\" decoding=\"async\" class=\"alignnone wp-image-2909\" src=\"http:\/\/dicodusport.fr\/blog\/wp-content\/uploads\/2017\/07\/logo-facebook-150x150.png\" alt=\"\" width=\"40\" height=\"40\" \/><\/a><a href=\"https:\/\/twitter.com\/dicodusport\" target=\"_blank\" rel=\"noopener noreferrer\"><img loading=\"lazy\" decoding=\"async\" class=\"alignnone wp-image-2908\" src=\"http:\/\/dicodusport.fr\/blog\/wp-content\/uploads\/2017\/07\/logo-twitter-150x150.png\" alt=\"\" width=\"39\" height=\"39\" \/><\/a><\/em><\/strong><\/p>\n","protected":false},"excerpt":{"rendered":"<p>CYCLISME &#8211; Vainqueur de deux \u00e9tapes sur le Tour de La Provence, Davide Ballerini (Deceuninck &#8211; Quick-Step) a remport\u00e9 l&rsquo;Omloop Het Nieuwsblad ce samedi. L&rsquo;Italien a profit\u00e9 de l&rsquo;\u00e9norme travail de son \u00e9quipe dans le final.<\/p>\n","protected":false},"author":4,"featured_media":109780,"comment_status":"open","ping_status":"closed","sticky":false,"template":"","format":"standard","meta":{"_acf_changed":false,"_daextam_enable_autolinks":"","footnotes":""},"categories":[2307],"tags":[10053,14699],"class_list":["post-109731","post","type-post","status-publish","format-standard","has-post-thumbnail","hentry","category-cyclisme","tag-het-nieuwsblad","tag-omloop-het-nieuwsblad"],"acf":[],"yoast_head":"<!-- This site is optimized with the Yoast SEO Premium plugin v26.7 (Yoast SEO v26.7) - https:\/\/yoast.com\/wordpress\/plugins\/seo\/ -->\n<title>Omloop Het Nieuwsblad : Davide Ballerini s&#039;impose au sprint<\/title>\n<meta name=\"description\" content=\"CYCLISME - L&#039;Italien Davide Ballerini (Deceuninck - Quick-Step) a remport\u00e9 l&#039;Omloop Het Nieuwsblad ce samedi.\" \/>\n<meta name=\"robots\" content=\"index, follow, max-snippet:-1, max-image-preview:large, max-video-preview:-1\" \/>\n<link rel=\"canonical\" href=\"https:\/\/dicodusport.fr\/blog\/omloop-het-nieuwsblad-davide-ballerini-s-impose-au-sprint\/\" \/>\n<meta property=\"og:locale\" content=\"fr_FR\" \/>\n<meta property=\"og:type\" content=\"article\" \/>\n<meta property=\"og:title\" content=\"Omloop Het Nieuwsblad : Davide Ballerini s&#039;impose au sprint\" \/>\n<meta property=\"og:description\" content=\"CYCLISME - L&#039;Italien Davide Ballerini (Deceuninck - Quick-Step) a remport\u00e9 l&#039;Omloop Het Nieuwsblad ce samedi.\" \/>\n<meta property=\"og:url\" content=\"https:\/\/dicodusport.fr\/blog\/omloop-het-nieuwsblad-davide-ballerini-s-impose-au-sprint\/\" \/>\n<meta property=\"og:site_name\" content=\"Dicodusport\" \/>\n<meta property=\"article:publisher\" content=\"https:\/\/www.facebook.com\/dicodusport\" \/>\n<meta property=\"article:author\" content=\"https:\/\/www.facebook.com\/florent.ostermann\" \/>\n<meta property=\"article:published_time\" content=\"2021-02-27T15:06:41+00:00\" \/>\n<meta property=\"article:modified_time\" content=\"2021-02-27T16:25:07+00:00\" \/>\n<meta property=\"og:image\" content=\"https:\/\/dicodusport.fr\/blog\/wp-content\/uploads\/2021\/02\/Omloop-Het-Nieuwsblad-Davide-Ballerini-simpose-au-sprint.png\" \/>\n\t<meta property=\"og:image:width\" content=\"800\" \/>\n\t<meta property=\"og:image:height\" content=\"445\" \/>\n\t<meta property=\"og:image:type\" content=\"image\/png\" \/>\n<meta name=\"author\" content=\"Flo Ostermann\" \/>\n<meta name=\"twitter:card\" content=\"summary_large_image\" \/>\n<meta name=\"twitter:title\" content=\"Omloop Het Nieuwsblad : Davide Ballerini s&#039;impose au sprint\" \/>\n<meta name=\"twitter:creator\" content=\"@https:\/\/twitter.com\/FlOstermann\" \/>\n<meta name=\"twitter:site\" content=\"@dicodusport\" \/>\n<script type=\"application\/ld+json\" class=\"yoast-schema-graph\">{\"@context\":\"https:\/\/schema.org\",\"@graph\":[{\"@type\":\"NewsArticle\",\"@id\":\"https:\/\/dicodusport.fr\/blog\/omloop-het-nieuwsblad-davide-ballerini-s-impose-au-sprint\/#article\",\"isPartOf\":{\"@id\":\"https:\/\/dicodusport.fr\/blog\/omloop-het-nieuwsblad-davide-ballerini-s-impose-au-sprint\/\"},\"author\":{\"name\":\"Flo Ostermann\",\"@id\":\"https:\/\/dicodusport.fr\/blog\/#\/schema\/person\/cb02af4c173ce4a653b55e9baf388d4a\"},\"headline\":\"Omloop Het Nieuwsblad : Davide Ballerini s&rsquo;impose au sprint\",\"datePublished\":\"2021-02-27T15:06:41+00:00\",\"dateModified\":\"2021-02-27T16:25:07+00:00\",\"mainEntityOfPage\":{\"@id\":\"https:\/\/dicodusport.fr\/blog\/omloop-het-nieuwsblad-davide-ballerini-s-impose-au-sprint\/\"},\"wordCount\":347,\"commentCount\":0,\"publisher\":{\"@id\":\"https:\/\/dicodusport.fr\/blog\/#organization\"},\"image\":{\"@id\":\"https:\/\/dicodusport.fr\/blog\/omloop-het-nieuwsblad-davide-ballerini-s-impose-au-sprint\/#primaryimage\"},\"thumbnailUrl\":\"https:\/\/dicodusport.fr\/blog\/wp-content\/uploads\/2021\/02\/Omloop-Het-Nieuwsblad-Davide-Ballerini-simpose-au-sprint.png\",\"keywords\":[\"Het Nieuwsblad\",\"Omloop Het Nieuwsblad\"],\"articleSection\":[\"Cyclisme\"],\"inLanguage\":\"fr-FR\",\"potentialAction\":[{\"@type\":\"CommentAction\",\"name\":\"Comment\",\"target\":[\"https:\/\/dicodusport.fr\/blog\/omloop-het-nieuwsblad-davide-ballerini-s-impose-au-sprint\/#respond\"]}],\"copyrightYear\":\"2021\",\"copyrightHolder\":{\"@id\":\"https:\/\/dicodusport.fr\/blog\/#organization\"}},{\"@type\":\"WebPage\",\"@id\":\"https:\/\/dicodusport.fr\/blog\/omloop-het-nieuwsblad-davide-ballerini-s-impose-au-sprint\/\",\"url\":\"https:\/\/dicodusport.fr\/blog\/omloop-het-nieuwsblad-davide-ballerini-s-impose-au-sprint\/\",\"name\":\"Omloop Het Nieuwsblad : Davide Ballerini s'impose au sprint\",\"isPartOf\":{\"@id\":\"https:\/\/dicodusport.fr\/blog\/#website\"},\"primaryImageOfPage\":{\"@id\":\"https:\/\/dicodusport.fr\/blog\/omloop-het-nieuwsblad-davide-ballerini-s-impose-au-sprint\/#primaryimage\"},\"image\":{\"@id\":\"https:\/\/dicodusport.fr\/blog\/omloop-het-nieuwsblad-davide-ballerini-s-impose-au-sprint\/#primaryimage\"},\"thumbnailUrl\":\"https:\/\/dicodusport.fr\/blog\/wp-content\/uploads\/2021\/02\/Omloop-Het-Nieuwsblad-Davide-Ballerini-simpose-au-sprint.png\",\"datePublished\":\"2021-02-27T15:06:41+00:00\",\"dateModified\":\"2021-02-27T16:25:07+00:00\",\"description\":\"CYCLISME - L'Italien Davide Ballerini (Deceuninck - Quick-Step) a remport\u00e9 l'Omloop Het Nieuwsblad ce samedi.\",\"breadcrumb\":{\"@id\":\"https:\/\/dicodusport.fr\/blog\/omloop-het-nieuwsblad-davide-ballerini-s-impose-au-sprint\/#breadcrumb\"},\"inLanguage\":\"fr-FR\",\"potentialAction\":[{\"@type\":\"ReadAction\",\"target\":[\"https:\/\/dicodusport.fr\/blog\/omloop-het-nieuwsblad-davide-ballerini-s-impose-au-sprint\/\"]}]},{\"@type\":\"ImageObject\",\"inLanguage\":\"fr-FR\",\"@id\":\"https:\/\/dicodusport.fr\/blog\/omloop-het-nieuwsblad-davide-ballerini-s-impose-au-sprint\/#primaryimage\",\"url\":\"https:\/\/dicodusport.fr\/blog\/wp-content\/uploads\/2021\/02\/Omloop-Het-Nieuwsblad-Davide-Ballerini-simpose-au-sprint.png\",\"contentUrl\":\"https:\/\/dicodusport.fr\/blog\/wp-content\/uploads\/2021\/02\/Omloop-Het-Nieuwsblad-Davide-Ballerini-simpose-au-sprint.png\",\"width\":800,\"height\":445,\"caption\":\"Omloop Het Nieuwsblad - Davide Ballerini s'impose au sprint\"},{\"@type\":\"BreadcrumbList\",\"@id\":\"https:\/\/dicodusport.fr\/blog\/omloop-het-nieuwsblad-davide-ballerini-s-impose-au-sprint\/#breadcrumb\",\"itemListElement\":[{\"@type\":\"ListItem\",\"position\":1,\"name\":\"Accueil\",\"item\":\"https:\/\/dicodusport.fr\/blog\/\"},{\"@type\":\"ListItem\",\"position\":2,\"name\":\"Omloop Het Nieuwsblad : Davide Ballerini s&rsquo;impose au sprint\"}]},{\"@type\":\"WebSite\",\"@id\":\"https:\/\/dicodusport.fr\/blog\/#website\",\"url\":\"https:\/\/dicodusport.fr\/blog\/\",\"name\":\"Dicodusport\",\"description\":\"L&#039;encyclop\u00e9die de l&#039;actualit\u00e9 sportive\",\"publisher\":{\"@id\":\"https:\/\/dicodusport.fr\/blog\/#organization\"},\"potentialAction\":[{\"@type\":\"SearchAction\",\"target\":{\"@type\":\"EntryPoint\",\"urlTemplate\":\"https:\/\/dicodusport.fr\/blog\/?s={search_term_string}\"},\"query-input\":{\"@type\":\"PropertyValueSpecification\",\"valueRequired\":true,\"valueName\":\"search_term_string\"}}],\"inLanguage\":\"fr-FR\"},{\"@type\":\"NewsMediaOrganization\",\"@id\":\"https:\/\/dicodusport.fr\/blog\/#organization\",\"name\":\"Dicodusport\",\"url\":\"https:\/\/dicodusport.fr\/blog\/\",\"logo\":{\"@type\":\"ImageObject\",\"inLanguage\":\"fr-FR\",\"@id\":\"https:\/\/dicodusport.fr\/blog\/#\/schema\/logo\/image\/\",\"url\":\"https:\/\/dicodusport.fr\/blog\/wp-content\/uploads\/2020\/06\/cropped-LOGO-DICODUSPORT-2020-SANS-FOND-SANS-TEXTE.png\",\"contentUrl\":\"https:\/\/dicodusport.fr\/blog\/wp-content\/uploads\/2020\/06\/cropped-LOGO-DICODUSPORT-2020-SANS-FOND-SANS-TEXTE.png\",\"width\":512,\"height\":512,\"caption\":\"Dicodusport\"},\"image\":{\"@id\":\"https:\/\/dicodusport.fr\/blog\/#\/schema\/logo\/image\/\"},\"sameAs\":[\"https:\/\/www.facebook.com\/dicodusport\",\"https:\/\/x.com\/dicodusport\",\"https:\/\/www.instagram.com\/dicodusport\/\",\"https:\/\/www.youtube.com\/channel\/UC7V2KZ5sd3htJivAbA4ZG3w\"],\"description\":\"Dicodusport est l'encyclop\u00e9die de l'actualit\u00e9 sportive.\",\"email\":\"bonjour@dicodusport.fr\",\"legalName\":\"DICODUSPORT\",\"foundingDate\":\"2018-01-14\",\"vatID\":\"FR71834470973\",\"taxID\":\"83447097300043\",\"numberOfEmployees\":{\"@type\":\"QuantitativeValue\",\"minValue\":\"1\",\"maxValue\":\"10\"}},{\"@type\":\"Person\",\"@id\":\"https:\/\/dicodusport.fr\/blog\/#\/schema\/person\/cb02af4c173ce4a653b55e9baf388d4a\",\"name\":\"Flo Ostermann\",\"image\":{\"@type\":\"ImageObject\",\"inLanguage\":\"fr-FR\",\"@id\":\"https:\/\/dicodusport.fr\/blog\/#\/schema\/person\/image\/\",\"url\":\"https:\/\/dicodusport.fr\/blog\/wp-content\/uploads\/2021\/05\/Flo-Ostermann-150x150.jpg\",\"contentUrl\":\"https:\/\/dicodusport.fr\/blog\/wp-content\/uploads\/2021\/05\/Flo-Ostermann-150x150.jpg\",\"caption\":\"Flo Ostermann\"},\"description\":\"Journaliste\/R\u00e9dacteur depuis septembre 2015 - Mes premiers souvenirs dans le sport ? Les envol\u00e9es du Stade Toulousain et les duels Villeneuve-Schumacher et H\u00e4kkinen-Schumacher \u00e0 la fin des ann\u00e9es 90, la Coupe du monde de football en 1998, l\u2019exploit du XV de France face aux All Blacks en 1999, mais aussi Richard C\u0153ur de Lion qui vole sur les montagnes du Tour de France. Bien parti pour devenir professeur d\u2019EPS, les \u00e9v\u00e9nements de la vie (et la flemme d\u2019animer des s\u00e9ances de 3x500 m\u00e8tres toute ma vie) m\u2019ont conduit \u00e0 revoir mes plans. Me voil\u00e0 depuis fin 2017 sur Dicodusport, m\u00e9dia gr\u00e2ce (et pour) lequel je partage ma passion : le sport dans tous ses \u00e9tats. Le tout accompagn\u00e9 par les fous furieux et folles furieuses cit\u00e9s sur cette page !\",\"sameAs\":[\"https:\/\/www.facebook.com\/florent.ostermann\",\"https:\/\/x.com\/https:\/\/twitter.com\/FlOstermann\",\"admin\"],\"url\":\"https:\/\/dicodusport.fr\/blog\/author\/flo\/\"}]}<\/script>\n<!-- \/ Yoast SEO Premium plugin. -->","yoast_head_json":{"title":"Omloop Het Nieuwsblad : Davide Ballerini s'impose au sprint","description":"CYCLISME - L'Italien Davide Ballerini (Deceuninck - Quick-Step) a remport\u00e9 l'Omloop Het Nieuwsblad ce samedi.","robots":{"index":"index","follow":"follow","max-snippet":"max-snippet:-1","max-image-preview":"max-image-preview:large","max-video-preview":"max-video-preview:-1"},"canonical":"https:\/\/dicodusport.fr\/blog\/omloop-het-nieuwsblad-davide-ballerini-s-impose-au-sprint\/","og_locale":"fr_FR","og_type":"article","og_title":"Omloop Het Nieuwsblad : Davide Ballerini s'impose au sprint","og_description":"CYCLISME - L'Italien Davide Ballerini (Deceuninck - Quick-Step) a remport\u00e9 l'Omloop Het Nieuwsblad ce samedi.","og_url":"https:\/\/dicodusport.fr\/blog\/omloop-het-nieuwsblad-davide-ballerini-s-impose-au-sprint\/","og_site_name":"Dicodusport","article_publisher":"https:\/\/www.facebook.com\/dicodusport","article_author":"https:\/\/www.facebook.com\/florent.ostermann","article_published_time":"2021-02-27T15:06:41+00:00","article_modified_time":"2021-02-27T16:25:07+00:00","og_image":[{"width":800,"height":445,"url":"https:\/\/dicodusport.fr\/blog\/wp-content\/uploads\/2021\/02\/Omloop-Het-Nieuwsblad-Davide-Ballerini-simpose-au-sprint.png","type":"image\/png"}],"author":"Flo Ostermann","twitter_card":"summary_large_image","twitter_title":"Omloop Het Nieuwsblad : Davide Ballerini s'impose au sprint","twitter_creator":"@https:\/\/twitter.com\/FlOstermann","twitter_site":"@dicodusport","schema":{"@context":"https:\/\/schema.org","@graph":[{"@type":"NewsArticle","@id":"https:\/\/dicodusport.fr\/blog\/omloop-het-nieuwsblad-davide-ballerini-s-impose-au-sprint\/#article","isPartOf":{"@id":"https:\/\/dicodusport.fr\/blog\/omloop-het-nieuwsblad-davide-ballerini-s-impose-au-sprint\/"},"author":{"name":"Flo Ostermann","@id":"https:\/\/dicodusport.fr\/blog\/#\/schema\/person\/cb02af4c173ce4a653b55e9baf388d4a"},"headline":"Omloop Het Nieuwsblad : Davide Ballerini s&rsquo;impose au sprint","datePublished":"2021-02-27T15:06:41+00:00","dateModified":"2021-02-27T16:25:07+00:00","mainEntityOfPage":{"@id":"https:\/\/dicodusport.fr\/blog\/omloop-het-nieuwsblad-davide-ballerini-s-impose-au-sprint\/"},"wordCount":347,"commentCount":0,"publisher":{"@id":"https:\/\/dicodusport.fr\/blog\/#organization"},"image":{"@id":"https:\/\/dicodusport.fr\/blog\/omloop-het-nieuwsblad-davide-ballerini-s-impose-au-sprint\/#primaryimage"},"thumbnailUrl":"https:\/\/dicodusport.fr\/blog\/wp-content\/uploads\/2021\/02\/Omloop-Het-Nieuwsblad-Davide-Ballerini-simpose-au-sprint.png","keywords":["Het Nieuwsblad","Omloop Het Nieuwsblad"],"articleSection":["Cyclisme"],"inLanguage":"fr-FR","potentialAction":[{"@type":"CommentAction","name":"Comment","target":["https:\/\/dicodusport.fr\/blog\/omloop-het-nieuwsblad-davide-ballerini-s-impose-au-sprint\/#respond"]}],"copyrightYear":"2021","copyrightHolder":{"@id":"https:\/\/dicodusport.fr\/blog\/#organization"}},{"@type":"WebPage","@id":"https:\/\/dicodusport.fr\/blog\/omloop-het-nieuwsblad-davide-ballerini-s-impose-au-sprint\/","url":"https:\/\/dicodusport.fr\/blog\/omloop-het-nieuwsblad-davide-ballerini-s-impose-au-sprint\/","name":"Omloop Het Nieuwsblad : Davide Ballerini s'impose au sprint","isPartOf":{"@id":"https:\/\/dicodusport.fr\/blog\/#website"},"primaryImageOfPage":{"@id":"https:\/\/dicodusport.fr\/blog\/omloop-het-nieuwsblad-davide-ballerini-s-impose-au-sprint\/#primaryimage"},"image":{"@id":"https:\/\/dicodusport.fr\/blog\/omloop-het-nieuwsblad-davide-ballerini-s-impose-au-sprint\/#primaryimage"},"thumbnailUrl":"https:\/\/dicodusport.fr\/blog\/wp-content\/uploads\/2021\/02\/Omloop-Het-Nieuwsblad-Davide-Ballerini-simpose-au-sprint.png","datePublished":"2021-02-27T15:06:41+00:00","dateModified":"2021-02-27T16:25:07+00:00","description":"CYCLISME - L'Italien Davide Ballerini (Deceuninck - Quick-Step) a remport\u00e9 l'Omloop Het Nieuwsblad ce samedi.","breadcrumb":{"@id":"https:\/\/dicodusport.fr\/blog\/omloop-het-nieuwsblad-davide-ballerini-s-impose-au-sprint\/#breadcrumb"},"inLanguage":"fr-FR","potentialAction":[{"@type":"ReadAction","target":["https:\/\/dicodusport.fr\/blog\/omloop-het-nieuwsblad-davide-ballerini-s-impose-au-sprint\/"]}]},{"@type":"ImageObject","inLanguage":"fr-FR","@id":"https:\/\/dicodusport.fr\/blog\/omloop-het-nieuwsblad-davide-ballerini-s-impose-au-sprint\/#primaryimage","url":"https:\/\/dicodusport.fr\/blog\/wp-content\/uploads\/2021\/02\/Omloop-Het-Nieuwsblad-Davide-Ballerini-simpose-au-sprint.png","contentUrl":"https:\/\/dicodusport.fr\/blog\/wp-content\/uploads\/2021\/02\/Omloop-Het-Nieuwsblad-Davide-Ballerini-simpose-au-sprint.png","width":800,"height":445,"caption":"Omloop Het Nieuwsblad - Davide Ballerini s'impose au sprint"},{"@type":"BreadcrumbList","@id":"https:\/\/dicodusport.fr\/blog\/omloop-het-nieuwsblad-davide-ballerini-s-impose-au-sprint\/#breadcrumb","itemListElement":[{"@type":"ListItem","position":1,"name":"Accueil","item":"https:\/\/dicodusport.fr\/blog\/"},{"@type":"ListItem","position":2,"name":"Omloop Het Nieuwsblad : Davide Ballerini s&rsquo;impose au sprint"}]},{"@type":"WebSite","@id":"https:\/\/dicodusport.fr\/blog\/#website","url":"https:\/\/dicodusport.fr\/blog\/","name":"Dicodusport","description":"L&#039;encyclop\u00e9die de l&#039;actualit\u00e9 sportive","publisher":{"@id":"https:\/\/dicodusport.fr\/blog\/#organization"},"potentialAction":[{"@type":"SearchAction","target":{"@type":"EntryPoint","urlTemplate":"https:\/\/dicodusport.fr\/blog\/?s={search_term_string}"},"query-input":{"@type":"PropertyValueSpecification","valueRequired":true,"valueName":"search_term_string"}}],"inLanguage":"fr-FR"},{"@type":"NewsMediaOrganization","@id":"https:\/\/dicodusport.fr\/blog\/#organization","name":"Dicodusport","url":"https:\/\/dicodusport.fr\/blog\/","logo":{"@type":"ImageObject","inLanguage":"fr-FR","@id":"https:\/\/dicodusport.fr\/blog\/#\/schema\/logo\/image\/","url":"https:\/\/dicodusport.fr\/blog\/wp-content\/uploads\/2020\/06\/cropped-LOGO-DICODUSPORT-2020-SANS-FOND-SANS-TEXTE.png","contentUrl":"https:\/\/dicodusport.fr\/blog\/wp-content\/uploads\/2020\/06\/cropped-LOGO-DICODUSPORT-2020-SANS-FOND-SANS-TEXTE.png","width":512,"height":512,"caption":"Dicodusport"},"image":{"@id":"https:\/\/dicodusport.fr\/blog\/#\/schema\/logo\/image\/"},"sameAs":["https:\/\/www.facebook.com\/dicodusport","https:\/\/x.com\/dicodusport","https:\/\/www.instagram.com\/dicodusport\/","https:\/\/www.youtube.com\/channel\/UC7V2KZ5sd3htJivAbA4ZG3w"],"description":"Dicodusport est l'encyclop\u00e9die de l'actualit\u00e9 sportive.","email":"bonjour@dicodusport.fr","legalName":"DICODUSPORT","foundingDate":"2018-01-14","vatID":"FR71834470973","taxID":"83447097300043","numberOfEmployees":{"@type":"QuantitativeValue","minValue":"1","maxValue":"10"}},{"@type":"Person","@id":"https:\/\/dicodusport.fr\/blog\/#\/schema\/person\/cb02af4c173ce4a653b55e9baf388d4a","name":"Flo Ostermann","image":{"@type":"ImageObject","inLanguage":"fr-FR","@id":"https:\/\/dicodusport.fr\/blog\/#\/schema\/person\/image\/","url":"https:\/\/dicodusport.fr\/blog\/wp-content\/uploads\/2021\/05\/Flo-Ostermann-150x150.jpg","contentUrl":"https:\/\/dicodusport.fr\/blog\/wp-content\/uploads\/2021\/05\/Flo-Ostermann-150x150.jpg","caption":"Flo Ostermann"},"description":"Journaliste\/R\u00e9dacteur depuis septembre 2015 - Mes premiers souvenirs dans le sport ? Les envol\u00e9es du Stade Toulousain et les duels Villeneuve-Schumacher et H\u00e4kkinen-Schumacher \u00e0 la fin des ann\u00e9es 90, la Coupe du monde de football en 1998, l\u2019exploit du XV de France face aux All Blacks en 1999, mais aussi Richard C\u0153ur de Lion qui vole sur les montagnes du Tour de France. Bien parti pour devenir professeur d\u2019EPS, les \u00e9v\u00e9nements de la vie (et la flemme d\u2019animer des s\u00e9ances de 3x500 m\u00e8tres toute ma vie) m\u2019ont conduit \u00e0 revoir mes plans. Me voil\u00e0 depuis fin 2017 sur Dicodusport, m\u00e9dia gr\u00e2ce (et pour) lequel je partage ma passion : le sport dans tous ses \u00e9tats. Le tout accompagn\u00e9 par les fous furieux et folles furieuses cit\u00e9s sur cette page !","sameAs":["https:\/\/www.facebook.com\/florent.ostermann","https:\/\/x.com\/https:\/\/twitter.com\/FlOstermann","admin"],"url":"https:\/\/dicodusport.fr\/blog\/author\/flo\/"}]}},"_links":{"self":[{"href":"https:\/\/dicodusport.fr\/blog\/wp-json\/wp\/v2\/posts\/109731","targetHints":{"allow":["GET"]}}],"collection":[{"href":"https:\/\/dicodusport.fr\/blog\/wp-json\/wp\/v2\/posts"}],"about":[{"href":"https:\/\/dicodusport.fr\/blog\/wp-json\/wp\/v2\/types\/post"}],"author":[{"embeddable":true,"href":"https:\/\/dicodusport.fr\/blog\/wp-json\/wp\/v2\/users\/4"}],"replies":[{"embeddable":true,"href":"https:\/\/dicodusport.fr\/blog\/wp-json\/wp\/v2\/comments?post=109731"}],"version-history":[{"count":0,"href":"https:\/\/dicodusport.fr\/blog\/wp-json\/wp\/v2\/posts\/109731\/revisions"}],"wp:featuredmedia":[{"embeddable":true,"href":"https:\/\/dicodusport.fr\/blog\/wp-json\/wp\/v2\/media\/109780"}],"wp:attachment":[{"href":"https:\/\/dicodusport.fr\/blog\/wp-json\/wp\/v2\/media?parent=109731"}],"wp:term":[{"taxonomy":"category","embeddable":true,"href":"https:\/\/dicodusport.fr\/blog\/wp-json\/wp\/v2\/categories?post=109731"},{"taxonomy":"post_tag","embeddable":true,"href":"https:\/\/dicodusport.fr\/blog\/wp-json\/wp\/v2\/tags?post=109731"}],"curies":[{"name":"wp","href":"https:\/\/api.w.org\/{rel}","templated":true}]}}