{"id":109971,"date":"2021-02-28T14:02:59","date_gmt":"2021-02-28T13:02:59","guid":{"rendered":"https:\/\/dicodusport.fr\/blog\/?p=109971&#038;preview=true&#038;preview_id=109971"},"modified":"2021-02-28T14:52:55","modified_gmt":"2021-02-28T13:52:55","slug":"slalom-geant-de-bansko-mathieu-faivre-s-impose-en-patron-alexis-pinturault-3eme","status":"publish","type":"post","link":"https:\/\/dicodusport.fr\/blog\/slalom-geant-de-bansko-mathieu-faivre-s-impose-en-patron-alexis-pinturault-3eme\/","title":{"rendered":"Slalom g\u00e9ant de Bansko : Mathieu Faivre s&rsquo;impose en patron, Alexis Pinturault 3\u00e8me"},"content":{"rendered":"<p style=\"text-align: justify;\"><strong><em><a href=\"https:\/\/dicodusport.fr\/blog\/ski-alpin-coupe-du-monde-2020-2021-le-calendrier-complet\/\" target=\"_blank\" rel=\"noopener noreferrer\">SKI ALPIN 2020\/2021<\/a> &#8211; Il est sur un nuage ! Double champion du monde \u00e0 Cortina, Mathieu Faivre remporte le second g\u00e9ant de Bansko (Bulgarie). Le Ni\u00e7ois devance le Suisse Marco Odermatt et son compatriote Alexis Pinturault. Excellente 4\u00e8me place \u00e9galement pour Thibaut Favrot, qui r\u00e9alise son meilleur r\u00e9sultat en carri\u00e8re.\u00a0<\/em><\/strong><\/p>\n<p style=\"text-align: justify;\">Il est \u00e9norme. Double champion du monde \u00e0 Cortina d&rsquo;Ampezzo en raflant l&rsquo;or sur le g\u00e9ant parall\u00e8le et le slalom g\u00e9ant, <strong>Mathieu Favrot<\/strong> confirme son excellente forme. Deuxi\u00e8me derri\u00e8re Zubcic samedi lors de la premi\u00e8re course sur le trac\u00e9 bulgare apr\u00e8s 489 jours de disette sans podium en Coupe du monde, le Ni\u00e7ois a cette fois mis fin \u00e0 une p\u00e9riode de 1547 jours sans victoire sur le circuit, lui qui avait obtenu son seul et unique succ\u00e8s \u00e0 Val d&rsquo;Is\u00e8re lors de la saison 2016-2017. Une performance XXL, puisque le skieur d&rsquo;Isola 2000 avait \u00e9galement r\u00e9alis\u00e9 le meilleur temps de la premi\u00e8re manche.<\/p>\n<blockquote class=\"twitter-tweet\">\n<p dir=\"ltr\" lang=\"fr\">LA VICTOIRE POUR MATHIEU FAIVRE A BANSKO !! &#x1f1eb;&#x1f1f7; Quelle manche du fran\u00e7ais qui s&rsquo;impose et obtient la deuxi\u00e8me victoire en coupe de monde de sa carri\u00e8re ! &#x1f525; <a href=\"https:\/\/t.co\/QIqOjiQzre\">pic.twitter.com\/QIqOjiQzre<\/a><\/p>\n<p>\u2014 Eurosport France (@Eurosport_FR) <a href=\"https:\/\/twitter.com\/Eurosport_FR\/status\/1366009942960975872?ref_src=twsrc%5Etfw\">February 28, 2021<\/a><\/p><\/blockquote>\n<p><script async src=\"https:\/\/platform.twitter.com\/widgets.js\" charset=\"utf-8\"><\/script><\/p>\n<h2 style=\"text-align: justify;\">Pinturault vs Odermatt, le duel est lanc\u00e9<\/h2>\n<p style=\"text-align: justify;\">Derri\u00e8re Favrot, la bataille entre <strong>Alexis Pinturault<\/strong> et <strong>Marco Odermatt<\/strong> bat son plein. Troisi\u00e8me (+0.81), le Fran\u00e7ais pourra nourrir quelques regrets apr\u00e8s un haut de seconde manche d\u00e9licat. Le skieur de Courchevel est devanc\u00e9 sur le podium par son grand rival pour le petit globe de la sp\u00e9cialit\u00e9 et le g\u00e9n\u00e9ral, <strong>Marco Odermatt<\/strong>. Propre, le Suisse, revient \u00e0 25 points de <em>Pintu<\/em> au classement du g\u00e9ant, alors qu&rsquo;il reste encore deux courses. Pour le gros globe, <strong>Pinturault<\/strong> conserve 210 points d&rsquo;avance sur l&rsquo;Helv\u00e8te. Un matelas toujours aussi confortable, mais le Tricolore ne va pas devoir baisser la garde jusqu&rsquo;\u00e0 la toute fin de saison, Odermatt devenant de plus en plus r\u00e9gulier.<\/p>\n<h2 style=\"text-align: justify;\">\u00c0 lire aussi<\/h2>\n<ul>\n<li><a href=\"https:\/\/dicodusport.fr\/blog\/ski-alpin-coupe-du-monde-le-classement-deuxieme-slalom-geant-bansko\/\" target=\"_blank\" rel=\"noopener\"><strong>Le classement du deuxi\u00e8me slalom g\u00e9ant Bansko<\/strong><\/a><\/li>\n<li><a href=\"https:\/\/dicodusport.fr\/blog\/ski-alpin-coupe-du-monde-2020-2021-le-classement-general-hommes\/\" target=\"_blank\" rel=\"noopener noreferrer\"><strong>Ski alpin \u2013 Coupe du monde 2020\/2021 : le classement g\u00e9n\u00e9ral hommes<\/strong><\/a><\/li>\n<\/ul>\n<p><strong><em>Dicodusport<br \/>\n<a href=\"https:\/\/www.facebook.com\/dicodusport\/\" target=\"_blank\" rel=\"noopener noreferrer\"><img loading=\"lazy\" decoding=\"async\" class=\"alignnone wp-image-2909\" src=\"http:\/\/dicodusport.fr\/blog\/wp-content\/uploads\/2017\/07\/logo-facebook-150x150.png\" alt=\"\" width=\"40\" height=\"40\" \/><\/a><a href=\"https:\/\/twitter.com\/dicodusport\" target=\"_blank\" rel=\"noopener noreferrer\"><img loading=\"lazy\" decoding=\"async\" class=\"alignnone wp-image-2908\" src=\"http:\/\/dicodusport.fr\/blog\/wp-content\/uploads\/2017\/07\/logo-twitter-150x150.png\" alt=\"\" width=\"39\" height=\"39\" \/><\/a><\/em><\/strong><\/p>\n","protected":false},"excerpt":{"rendered":"<p>SKI ALPIN 2020\/2021 &#8211; Il est sur un nuage ! Double champion du monde \u00e0 Cortina, Mathieu Faivre remporte le second g\u00e9ant de Bansko (Bulgarie). Le Ni\u00e7ois devance le Suisse Marco Odermatt et son compatriote Alexis Pinturault.<\/p>\n","protected":false},"author":4,"featured_media":110004,"comment_status":"open","ping_status":"closed","sticky":false,"template":"","format":"standard","meta":{"_acf_changed":false,"_daextam_enable_autolinks":"","footnotes":""},"categories":[9217],"tags":[3543,24],"class_list":["post-109971","post","type-post","status-publish","format-standard","has-post-thumbnail","hentry","category-ski","tag-slalom-geant","tag-sport"],"acf":[],"yoast_head":"<!-- This site is optimized with the Yoast SEO Premium plugin v26.7 (Yoast SEO v26.7) - https:\/\/yoast.com\/wordpress\/plugins\/seo\/ -->\n<title>Slalom g\u00e9ant de Bansko : Mathieu Faivre s&#039;impose en patron, Alexis Pinturault 3\u00e8me<\/title>\n<meta name=\"description\" content=\"SKI ALPIN 2020\/2021 - Il est sur un nuage ! Double champion du monde \u00e0 Cortina, Mathieu Faivre remporte le second g\u00e9ant de Bansko (Bulgarie).\" \/>\n<meta name=\"robots\" content=\"index, follow, max-snippet:-1, max-image-preview:large, max-video-preview:-1\" \/>\n<link rel=\"canonical\" href=\"https:\/\/dicodusport.fr\/blog\/slalom-geant-de-bansko-mathieu-faivre-s-impose-en-patron-alexis-pinturault-3eme\/\" \/>\n<meta property=\"og:locale\" content=\"fr_FR\" \/>\n<meta property=\"og:type\" content=\"article\" \/>\n<meta property=\"og:title\" content=\"Slalom g\u00e9ant de Bansko : Mathieu Faivre s&#039;impose en patron, Alexis Pinturault 3\u00e8me\" \/>\n<meta property=\"og:description\" content=\"SKI ALPIN 2020\/2021 - Il est sur un nuage ! Double champion du monde \u00e0 Cortina, Mathieu Faivre remporte le second g\u00e9ant de Bansko (Bulgarie).\" \/>\n<meta property=\"og:url\" content=\"https:\/\/dicodusport.fr\/blog\/slalom-geant-de-bansko-mathieu-faivre-s-impose-en-patron-alexis-pinturault-3eme\/\" \/>\n<meta property=\"og:site_name\" content=\"Dicodusport\" \/>\n<meta property=\"article:publisher\" content=\"https:\/\/www.facebook.com\/dicodusport\" \/>\n<meta property=\"article:author\" content=\"https:\/\/www.facebook.com\/florent.ostermann\" \/>\n<meta property=\"article:published_time\" content=\"2021-02-28T13:02:59+00:00\" \/>\n<meta property=\"article:modified_time\" content=\"2021-02-28T13:52:55+00:00\" \/>\n<meta property=\"og:image\" content=\"https:\/\/dicodusport.fr\/blog\/wp-content\/uploads\/2021\/02\/Slalom-geant-de-Bansko-Mathieu-Faivre-simpose-en-patron-Alexis-Pinturault-3eme.png\" \/>\n\t<meta property=\"og:image:width\" content=\"800\" \/>\n\t<meta property=\"og:image:height\" content=\"445\" \/>\n\t<meta property=\"og:image:type\" content=\"image\/png\" \/>\n<meta name=\"author\" content=\"Flo Ostermann\" \/>\n<meta name=\"twitter:card\" content=\"summary_large_image\" \/>\n<meta name=\"twitter:title\" content=\"Slalom g\u00e9ant de Bansko : Mathieu Faivre s&#039;impose en patron, Alexis Pinturault 3\u00e8me\" \/>\n<meta name=\"twitter:creator\" content=\"@https:\/\/twitter.com\/FlOstermann\" \/>\n<meta name=\"twitter:site\" content=\"@dicodusport\" \/>\n<script type=\"application\/ld+json\" class=\"yoast-schema-graph\">{\"@context\":\"https:\/\/schema.org\",\"@graph\":[{\"@type\":\"NewsArticle\",\"@id\":\"https:\/\/dicodusport.fr\/blog\/slalom-geant-de-bansko-mathieu-faivre-s-impose-en-patron-alexis-pinturault-3eme\/#article\",\"isPartOf\":{\"@id\":\"https:\/\/dicodusport.fr\/blog\/slalom-geant-de-bansko-mathieu-faivre-s-impose-en-patron-alexis-pinturault-3eme\/\"},\"author\":{\"name\":\"Flo Ostermann\",\"@id\":\"https:\/\/dicodusport.fr\/blog\/#\/schema\/person\/cb02af4c173ce4a653b55e9baf388d4a\"},\"headline\":\"Slalom g\u00e9ant de Bansko : Mathieu Faivre s&rsquo;impose en patron, Alexis Pinturault 3\u00e8me\",\"datePublished\":\"2021-02-28T13:02:59+00:00\",\"dateModified\":\"2021-02-28T13:52:55+00:00\",\"mainEntityOfPage\":{\"@id\":\"https:\/\/dicodusport.fr\/blog\/slalom-geant-de-bansko-mathieu-faivre-s-impose-en-patron-alexis-pinturault-3eme\/\"},\"wordCount\":379,\"commentCount\":0,\"publisher\":{\"@id\":\"https:\/\/dicodusport.fr\/blog\/#organization\"},\"image\":{\"@id\":\"https:\/\/dicodusport.fr\/blog\/slalom-geant-de-bansko-mathieu-faivre-s-impose-en-patron-alexis-pinturault-3eme\/#primaryimage\"},\"thumbnailUrl\":\"https:\/\/dicodusport.fr\/blog\/wp-content\/uploads\/2021\/02\/Slalom-geant-de-Bansko-Mathieu-Faivre-simpose-en-patron-Alexis-Pinturault-3eme.png\",\"keywords\":[\"slalom g\u00e9ant\",\"sport\"],\"articleSection\":[\"Ski\"],\"inLanguage\":\"fr-FR\",\"potentialAction\":[{\"@type\":\"CommentAction\",\"name\":\"Comment\",\"target\":[\"https:\/\/dicodusport.fr\/blog\/slalom-geant-de-bansko-mathieu-faivre-s-impose-en-patron-alexis-pinturault-3eme\/#respond\"]}],\"copyrightYear\":\"2021\",\"copyrightHolder\":{\"@id\":\"https:\/\/dicodusport.fr\/blog\/#organization\"}},{\"@type\":\"WebPage\",\"@id\":\"https:\/\/dicodusport.fr\/blog\/slalom-geant-de-bansko-mathieu-faivre-s-impose-en-patron-alexis-pinturault-3eme\/\",\"url\":\"https:\/\/dicodusport.fr\/blog\/slalom-geant-de-bansko-mathieu-faivre-s-impose-en-patron-alexis-pinturault-3eme\/\",\"name\":\"Slalom g\u00e9ant de Bansko : Mathieu Faivre s'impose en patron, Alexis Pinturault 3\u00e8me\",\"isPartOf\":{\"@id\":\"https:\/\/dicodusport.fr\/blog\/#website\"},\"primaryImageOfPage\":{\"@id\":\"https:\/\/dicodusport.fr\/blog\/slalom-geant-de-bansko-mathieu-faivre-s-impose-en-patron-alexis-pinturault-3eme\/#primaryimage\"},\"image\":{\"@id\":\"https:\/\/dicodusport.fr\/blog\/slalom-geant-de-bansko-mathieu-faivre-s-impose-en-patron-alexis-pinturault-3eme\/#primaryimage\"},\"thumbnailUrl\":\"https:\/\/dicodusport.fr\/blog\/wp-content\/uploads\/2021\/02\/Slalom-geant-de-Bansko-Mathieu-Faivre-simpose-en-patron-Alexis-Pinturault-3eme.png\",\"datePublished\":\"2021-02-28T13:02:59+00:00\",\"dateModified\":\"2021-02-28T13:52:55+00:00\",\"description\":\"SKI ALPIN 2020\/2021 - Il est sur un nuage ! Double champion du monde \u00e0 Cortina, Mathieu Faivre remporte le second g\u00e9ant de Bansko (Bulgarie).\",\"breadcrumb\":{\"@id\":\"https:\/\/dicodusport.fr\/blog\/slalom-geant-de-bansko-mathieu-faivre-s-impose-en-patron-alexis-pinturault-3eme\/#breadcrumb\"},\"inLanguage\":\"fr-FR\",\"potentialAction\":[{\"@type\":\"ReadAction\",\"target\":[\"https:\/\/dicodusport.fr\/blog\/slalom-geant-de-bansko-mathieu-faivre-s-impose-en-patron-alexis-pinturault-3eme\/\"]}]},{\"@type\":\"ImageObject\",\"inLanguage\":\"fr-FR\",\"@id\":\"https:\/\/dicodusport.fr\/blog\/slalom-geant-de-bansko-mathieu-faivre-s-impose-en-patron-alexis-pinturault-3eme\/#primaryimage\",\"url\":\"https:\/\/dicodusport.fr\/blog\/wp-content\/uploads\/2021\/02\/Slalom-geant-de-Bansko-Mathieu-Faivre-simpose-en-patron-Alexis-Pinturault-3eme.png\",\"contentUrl\":\"https:\/\/dicodusport.fr\/blog\/wp-content\/uploads\/2021\/02\/Slalom-geant-de-Bansko-Mathieu-Faivre-simpose-en-patron-Alexis-Pinturault-3eme.png\",\"width\":800,\"height\":445,\"caption\":\"Slalom g\u00e9ant de Bansko - Mathieu Faivre s'impose en patron, Alexis Pinturault 3\u00e8me\"},{\"@type\":\"BreadcrumbList\",\"@id\":\"https:\/\/dicodusport.fr\/blog\/slalom-geant-de-bansko-mathieu-faivre-s-impose-en-patron-alexis-pinturault-3eme\/#breadcrumb\",\"itemListElement\":[{\"@type\":\"ListItem\",\"position\":1,\"name\":\"Accueil\",\"item\":\"https:\/\/dicodusport.fr\/blog\/\"},{\"@type\":\"ListItem\",\"position\":2,\"name\":\"Slalom g\u00e9ant de Bansko : Mathieu Faivre s&rsquo;impose en patron, Alexis Pinturault 3\u00e8me\"}]},{\"@type\":\"WebSite\",\"@id\":\"https:\/\/dicodusport.fr\/blog\/#website\",\"url\":\"https:\/\/dicodusport.fr\/blog\/\",\"name\":\"Dicodusport\",\"description\":\"L&#039;encyclop\u00e9die de l&#039;actualit\u00e9 sportive\",\"publisher\":{\"@id\":\"https:\/\/dicodusport.fr\/blog\/#organization\"},\"potentialAction\":[{\"@type\":\"SearchAction\",\"target\":{\"@type\":\"EntryPoint\",\"urlTemplate\":\"https:\/\/dicodusport.fr\/blog\/?s={search_term_string}\"},\"query-input\":{\"@type\":\"PropertyValueSpecification\",\"valueRequired\":true,\"valueName\":\"search_term_string\"}}],\"inLanguage\":\"fr-FR\"},{\"@type\":\"NewsMediaOrganization\",\"@id\":\"https:\/\/dicodusport.fr\/blog\/#organization\",\"name\":\"Dicodusport\",\"url\":\"https:\/\/dicodusport.fr\/blog\/\",\"logo\":{\"@type\":\"ImageObject\",\"inLanguage\":\"fr-FR\",\"@id\":\"https:\/\/dicodusport.fr\/blog\/#\/schema\/logo\/image\/\",\"url\":\"https:\/\/dicodusport.fr\/blog\/wp-content\/uploads\/2020\/06\/cropped-LOGO-DICODUSPORT-2020-SANS-FOND-SANS-TEXTE.png\",\"contentUrl\":\"https:\/\/dicodusport.fr\/blog\/wp-content\/uploads\/2020\/06\/cropped-LOGO-DICODUSPORT-2020-SANS-FOND-SANS-TEXTE.png\",\"width\":512,\"height\":512,\"caption\":\"Dicodusport\"},\"image\":{\"@id\":\"https:\/\/dicodusport.fr\/blog\/#\/schema\/logo\/image\/\"},\"sameAs\":[\"https:\/\/www.facebook.com\/dicodusport\",\"https:\/\/x.com\/dicodusport\",\"https:\/\/www.instagram.com\/dicodusport\/\",\"https:\/\/www.youtube.com\/channel\/UC7V2KZ5sd3htJivAbA4ZG3w\"],\"description\":\"Dicodusport est l'encyclop\u00e9die de l'actualit\u00e9 sportive.\",\"email\":\"bonjour@dicodusport.fr\",\"legalName\":\"DICODUSPORT\",\"foundingDate\":\"2018-01-14\",\"vatID\":\"FR71834470973\",\"taxID\":\"83447097300043\",\"numberOfEmployees\":{\"@type\":\"QuantitativeValue\",\"minValue\":\"1\",\"maxValue\":\"10\"}},{\"@type\":\"Person\",\"@id\":\"https:\/\/dicodusport.fr\/blog\/#\/schema\/person\/cb02af4c173ce4a653b55e9baf388d4a\",\"name\":\"Flo Ostermann\",\"image\":{\"@type\":\"ImageObject\",\"inLanguage\":\"fr-FR\",\"@id\":\"https:\/\/dicodusport.fr\/blog\/#\/schema\/person\/image\/\",\"url\":\"https:\/\/dicodusport.fr\/blog\/wp-content\/uploads\/2021\/05\/Flo-Ostermann-150x150.jpg\",\"contentUrl\":\"https:\/\/dicodusport.fr\/blog\/wp-content\/uploads\/2021\/05\/Flo-Ostermann-150x150.jpg\",\"caption\":\"Flo Ostermann\"},\"description\":\"Journaliste\/R\u00e9dacteur depuis septembre 2015 - Mes premiers souvenirs dans le sport ? Les envol\u00e9es du Stade Toulousain et les duels Villeneuve-Schumacher et H\u00e4kkinen-Schumacher \u00e0 la fin des ann\u00e9es 90, la Coupe du monde de football en 1998, l\u2019exploit du XV de France face aux All Blacks en 1999, mais aussi Richard C\u0153ur de Lion qui vole sur les montagnes du Tour de France. Bien parti pour devenir professeur d\u2019EPS, les \u00e9v\u00e9nements de la vie (et la flemme d\u2019animer des s\u00e9ances de 3x500 m\u00e8tres toute ma vie) m\u2019ont conduit \u00e0 revoir mes plans. Me voil\u00e0 depuis fin 2017 sur Dicodusport, m\u00e9dia gr\u00e2ce (et pour) lequel je partage ma passion : le sport dans tous ses \u00e9tats. Le tout accompagn\u00e9 par les fous furieux et folles furieuses cit\u00e9s sur cette page !\",\"sameAs\":[\"https:\/\/www.facebook.com\/florent.ostermann\",\"https:\/\/x.com\/https:\/\/twitter.com\/FlOstermann\",\"admin\"],\"url\":\"https:\/\/dicodusport.fr\/blog\/author\/flo\/\"}]}<\/script>\n<!-- \/ Yoast SEO Premium plugin. -->","yoast_head_json":{"title":"Slalom g\u00e9ant de Bansko : Mathieu Faivre s'impose en patron, Alexis Pinturault 3\u00e8me","description":"SKI ALPIN 2020\/2021 - Il est sur un nuage ! Double champion du monde \u00e0 Cortina, Mathieu Faivre remporte le second g\u00e9ant de Bansko (Bulgarie).","robots":{"index":"index","follow":"follow","max-snippet":"max-snippet:-1","max-image-preview":"max-image-preview:large","max-video-preview":"max-video-preview:-1"},"canonical":"https:\/\/dicodusport.fr\/blog\/slalom-geant-de-bansko-mathieu-faivre-s-impose-en-patron-alexis-pinturault-3eme\/","og_locale":"fr_FR","og_type":"article","og_title":"Slalom g\u00e9ant de Bansko : Mathieu Faivre s'impose en patron, Alexis Pinturault 3\u00e8me","og_description":"SKI ALPIN 2020\/2021 - Il est sur un nuage ! Double champion du monde \u00e0 Cortina, Mathieu Faivre remporte le second g\u00e9ant de Bansko (Bulgarie).","og_url":"https:\/\/dicodusport.fr\/blog\/slalom-geant-de-bansko-mathieu-faivre-s-impose-en-patron-alexis-pinturault-3eme\/","og_site_name":"Dicodusport","article_publisher":"https:\/\/www.facebook.com\/dicodusport","article_author":"https:\/\/www.facebook.com\/florent.ostermann","article_published_time":"2021-02-28T13:02:59+00:00","article_modified_time":"2021-02-28T13:52:55+00:00","og_image":[{"width":800,"height":445,"url":"https:\/\/dicodusport.fr\/blog\/wp-content\/uploads\/2021\/02\/Slalom-geant-de-Bansko-Mathieu-Faivre-simpose-en-patron-Alexis-Pinturault-3eme.png","type":"image\/png"}],"author":"Flo Ostermann","twitter_card":"summary_large_image","twitter_title":"Slalom g\u00e9ant de Bansko : Mathieu Faivre s'impose en patron, Alexis Pinturault 3\u00e8me","twitter_creator":"@https:\/\/twitter.com\/FlOstermann","twitter_site":"@dicodusport","schema":{"@context":"https:\/\/schema.org","@graph":[{"@type":"NewsArticle","@id":"https:\/\/dicodusport.fr\/blog\/slalom-geant-de-bansko-mathieu-faivre-s-impose-en-patron-alexis-pinturault-3eme\/#article","isPartOf":{"@id":"https:\/\/dicodusport.fr\/blog\/slalom-geant-de-bansko-mathieu-faivre-s-impose-en-patron-alexis-pinturault-3eme\/"},"author":{"name":"Flo Ostermann","@id":"https:\/\/dicodusport.fr\/blog\/#\/schema\/person\/cb02af4c173ce4a653b55e9baf388d4a"},"headline":"Slalom g\u00e9ant de Bansko : Mathieu Faivre s&rsquo;impose en patron, Alexis Pinturault 3\u00e8me","datePublished":"2021-02-28T13:02:59+00:00","dateModified":"2021-02-28T13:52:55+00:00","mainEntityOfPage":{"@id":"https:\/\/dicodusport.fr\/blog\/slalom-geant-de-bansko-mathieu-faivre-s-impose-en-patron-alexis-pinturault-3eme\/"},"wordCount":379,"commentCount":0,"publisher":{"@id":"https:\/\/dicodusport.fr\/blog\/#organization"},"image":{"@id":"https:\/\/dicodusport.fr\/blog\/slalom-geant-de-bansko-mathieu-faivre-s-impose-en-patron-alexis-pinturault-3eme\/#primaryimage"},"thumbnailUrl":"https:\/\/dicodusport.fr\/blog\/wp-content\/uploads\/2021\/02\/Slalom-geant-de-Bansko-Mathieu-Faivre-simpose-en-patron-Alexis-Pinturault-3eme.png","keywords":["slalom g\u00e9ant","sport"],"articleSection":["Ski"],"inLanguage":"fr-FR","potentialAction":[{"@type":"CommentAction","name":"Comment","target":["https:\/\/dicodusport.fr\/blog\/slalom-geant-de-bansko-mathieu-faivre-s-impose-en-patron-alexis-pinturault-3eme\/#respond"]}],"copyrightYear":"2021","copyrightHolder":{"@id":"https:\/\/dicodusport.fr\/blog\/#organization"}},{"@type":"WebPage","@id":"https:\/\/dicodusport.fr\/blog\/slalom-geant-de-bansko-mathieu-faivre-s-impose-en-patron-alexis-pinturault-3eme\/","url":"https:\/\/dicodusport.fr\/blog\/slalom-geant-de-bansko-mathieu-faivre-s-impose-en-patron-alexis-pinturault-3eme\/","name":"Slalom g\u00e9ant de Bansko : Mathieu Faivre s'impose en patron, Alexis Pinturault 3\u00e8me","isPartOf":{"@id":"https:\/\/dicodusport.fr\/blog\/#website"},"primaryImageOfPage":{"@id":"https:\/\/dicodusport.fr\/blog\/slalom-geant-de-bansko-mathieu-faivre-s-impose-en-patron-alexis-pinturault-3eme\/#primaryimage"},"image":{"@id":"https:\/\/dicodusport.fr\/blog\/slalom-geant-de-bansko-mathieu-faivre-s-impose-en-patron-alexis-pinturault-3eme\/#primaryimage"},"thumbnailUrl":"https:\/\/dicodusport.fr\/blog\/wp-content\/uploads\/2021\/02\/Slalom-geant-de-Bansko-Mathieu-Faivre-simpose-en-patron-Alexis-Pinturault-3eme.png","datePublished":"2021-02-28T13:02:59+00:00","dateModified":"2021-02-28T13:52:55+00:00","description":"SKI ALPIN 2020\/2021 - Il est sur un nuage ! Double champion du monde \u00e0 Cortina, Mathieu Faivre remporte le second g\u00e9ant de Bansko (Bulgarie).","breadcrumb":{"@id":"https:\/\/dicodusport.fr\/blog\/slalom-geant-de-bansko-mathieu-faivre-s-impose-en-patron-alexis-pinturault-3eme\/#breadcrumb"},"inLanguage":"fr-FR","potentialAction":[{"@type":"ReadAction","target":["https:\/\/dicodusport.fr\/blog\/slalom-geant-de-bansko-mathieu-faivre-s-impose-en-patron-alexis-pinturault-3eme\/"]}]},{"@type":"ImageObject","inLanguage":"fr-FR","@id":"https:\/\/dicodusport.fr\/blog\/slalom-geant-de-bansko-mathieu-faivre-s-impose-en-patron-alexis-pinturault-3eme\/#primaryimage","url":"https:\/\/dicodusport.fr\/blog\/wp-content\/uploads\/2021\/02\/Slalom-geant-de-Bansko-Mathieu-Faivre-simpose-en-patron-Alexis-Pinturault-3eme.png","contentUrl":"https:\/\/dicodusport.fr\/blog\/wp-content\/uploads\/2021\/02\/Slalom-geant-de-Bansko-Mathieu-Faivre-simpose-en-patron-Alexis-Pinturault-3eme.png","width":800,"height":445,"caption":"Slalom g\u00e9ant de Bansko - Mathieu Faivre s'impose en patron, Alexis Pinturault 3\u00e8me"},{"@type":"BreadcrumbList","@id":"https:\/\/dicodusport.fr\/blog\/slalom-geant-de-bansko-mathieu-faivre-s-impose-en-patron-alexis-pinturault-3eme\/#breadcrumb","itemListElement":[{"@type":"ListItem","position":1,"name":"Accueil","item":"https:\/\/dicodusport.fr\/blog\/"},{"@type":"ListItem","position":2,"name":"Slalom g\u00e9ant de Bansko : Mathieu Faivre s&rsquo;impose en patron, Alexis Pinturault 3\u00e8me"}]},{"@type":"WebSite","@id":"https:\/\/dicodusport.fr\/blog\/#website","url":"https:\/\/dicodusport.fr\/blog\/","name":"Dicodusport","description":"L&#039;encyclop\u00e9die de l&#039;actualit\u00e9 sportive","publisher":{"@id":"https:\/\/dicodusport.fr\/blog\/#organization"},"potentialAction":[{"@type":"SearchAction","target":{"@type":"EntryPoint","urlTemplate":"https:\/\/dicodusport.fr\/blog\/?s={search_term_string}"},"query-input":{"@type":"PropertyValueSpecification","valueRequired":true,"valueName":"search_term_string"}}],"inLanguage":"fr-FR"},{"@type":"NewsMediaOrganization","@id":"https:\/\/dicodusport.fr\/blog\/#organization","name":"Dicodusport","url":"https:\/\/dicodusport.fr\/blog\/","logo":{"@type":"ImageObject","inLanguage":"fr-FR","@id":"https:\/\/dicodusport.fr\/blog\/#\/schema\/logo\/image\/","url":"https:\/\/dicodusport.fr\/blog\/wp-content\/uploads\/2020\/06\/cropped-LOGO-DICODUSPORT-2020-SANS-FOND-SANS-TEXTE.png","contentUrl":"https:\/\/dicodusport.fr\/blog\/wp-content\/uploads\/2020\/06\/cropped-LOGO-DICODUSPORT-2020-SANS-FOND-SANS-TEXTE.png","width":512,"height":512,"caption":"Dicodusport"},"image":{"@id":"https:\/\/dicodusport.fr\/blog\/#\/schema\/logo\/image\/"},"sameAs":["https:\/\/www.facebook.com\/dicodusport","https:\/\/x.com\/dicodusport","https:\/\/www.instagram.com\/dicodusport\/","https:\/\/www.youtube.com\/channel\/UC7V2KZ5sd3htJivAbA4ZG3w"],"description":"Dicodusport est l'encyclop\u00e9die de l'actualit\u00e9 sportive.","email":"bonjour@dicodusport.fr","legalName":"DICODUSPORT","foundingDate":"2018-01-14","vatID":"FR71834470973","taxID":"83447097300043","numberOfEmployees":{"@type":"QuantitativeValue","minValue":"1","maxValue":"10"}},{"@type":"Person","@id":"https:\/\/dicodusport.fr\/blog\/#\/schema\/person\/cb02af4c173ce4a653b55e9baf388d4a","name":"Flo Ostermann","image":{"@type":"ImageObject","inLanguage":"fr-FR","@id":"https:\/\/dicodusport.fr\/blog\/#\/schema\/person\/image\/","url":"https:\/\/dicodusport.fr\/blog\/wp-content\/uploads\/2021\/05\/Flo-Ostermann-150x150.jpg","contentUrl":"https:\/\/dicodusport.fr\/blog\/wp-content\/uploads\/2021\/05\/Flo-Ostermann-150x150.jpg","caption":"Flo Ostermann"},"description":"Journaliste\/R\u00e9dacteur depuis septembre 2015 - Mes premiers souvenirs dans le sport ? Les envol\u00e9es du Stade Toulousain et les duels Villeneuve-Schumacher et H\u00e4kkinen-Schumacher \u00e0 la fin des ann\u00e9es 90, la Coupe du monde de football en 1998, l\u2019exploit du XV de France face aux All Blacks en 1999, mais aussi Richard C\u0153ur de Lion qui vole sur les montagnes du Tour de France. Bien parti pour devenir professeur d\u2019EPS, les \u00e9v\u00e9nements de la vie (et la flemme d\u2019animer des s\u00e9ances de 3x500 m\u00e8tres toute ma vie) m\u2019ont conduit \u00e0 revoir mes plans. Me voil\u00e0 depuis fin 2017 sur Dicodusport, m\u00e9dia gr\u00e2ce (et pour) lequel je partage ma passion : le sport dans tous ses \u00e9tats. Le tout accompagn\u00e9 par les fous furieux et folles furieuses cit\u00e9s sur cette page !","sameAs":["https:\/\/www.facebook.com\/florent.ostermann","https:\/\/x.com\/https:\/\/twitter.com\/FlOstermann","admin"],"url":"https:\/\/dicodusport.fr\/blog\/author\/flo\/"}]}},"_links":{"self":[{"href":"https:\/\/dicodusport.fr\/blog\/wp-json\/wp\/v2\/posts\/109971","targetHints":{"allow":["GET"]}}],"collection":[{"href":"https:\/\/dicodusport.fr\/blog\/wp-json\/wp\/v2\/posts"}],"about":[{"href":"https:\/\/dicodusport.fr\/blog\/wp-json\/wp\/v2\/types\/post"}],"author":[{"embeddable":true,"href":"https:\/\/dicodusport.fr\/blog\/wp-json\/wp\/v2\/users\/4"}],"replies":[{"embeddable":true,"href":"https:\/\/dicodusport.fr\/blog\/wp-json\/wp\/v2\/comments?post=109971"}],"version-history":[{"count":0,"href":"https:\/\/dicodusport.fr\/blog\/wp-json\/wp\/v2\/posts\/109971\/revisions"}],"wp:featuredmedia":[{"embeddable":true,"href":"https:\/\/dicodusport.fr\/blog\/wp-json\/wp\/v2\/media\/110004"}],"wp:attachment":[{"href":"https:\/\/dicodusport.fr\/blog\/wp-json\/wp\/v2\/media?parent=109971"}],"wp:term":[{"taxonomy":"category","embeddable":true,"href":"https:\/\/dicodusport.fr\/blog\/wp-json\/wp\/v2\/categories?post=109971"},{"taxonomy":"post_tag","embeddable":true,"href":"https:\/\/dicodusport.fr\/blog\/wp-json\/wp\/v2\/tags?post=109971"}],"curies":[{"name":"wp","href":"https:\/\/api.w.org\/{rel}","templated":true}]}}