{"id":110044,"date":"2021-02-28T16:56:04","date_gmt":"2021-02-28T15:56:04","guid":{"rendered":"https:\/\/dicodusport.fr\/blog\/?p=110044&#038;preview=true&#038;preview_id=110044"},"modified":"2021-02-28T17:21:04","modified_gmt":"2021-02-28T16:21:04","slug":"kuurne-bruxelles-kuurne-2021-mads-pedersen-l-emporte-au-sprint-devant-anthony-turgis","status":"publish","type":"post","link":"https:\/\/dicodusport.fr\/blog\/kuurne-bruxelles-kuurne-2021-mads-pedersen-l-emporte-au-sprint-devant-anthony-turgis\/","title":{"rendered":"Kuurne-Bruxelles-Kuurne : Mads Pedersen l&#8217;emporte au sprint devant Anthony Turgis"},"content":{"rendered":"<p style=\"text-align: justify;\"><strong><em>CYCLISME &#8211; Au terme d&rsquo;une course haletante, l&rsquo;ancien champion du monde Mads Pedersen (Trek-Segafredo) a remport\u00e9 ce dimanche Kuurne-Bruxelles-Kuurne. Le Danois, le plus rapide au sprint, devance le Fran\u00e7ais Anthony Turgis (Total Direct Energie) et Tom Pidcock (INEOS Grenadiers). Mathieu van der Poel (Alpecin-Fenix) a fait le show.<\/em><\/strong><\/p>\n<p style=\"text-align: justify;\">Quelle course ! Ce dimanche, <strong>Kuurne-Bruxelles-Kuurne<\/strong> a tenu toutes ses promesses. Au terme d&rsquo;une course anim\u00e9e, le Danois <strong>Mads Pedersen<\/strong> s&rsquo;est donc impos\u00e9 au sprint. L&rsquo;ancien champion du monde a devanc\u00e9 le Fran\u00e7ais <strong>Anthony Turgis<\/strong> (Total Direct Energie) et le Britannique <strong>Tom Pidcock<\/strong> (INEOS Grenadiers). Et pourtant, Pedersen, 25 ans et vainqueur de Gand-Wevelgem l&rsquo;an dernier, a bien failli ne pas lever les bras \u00e0 Kuurne. La faute \u00e0 un \u00e9norme num\u00e9ro de <strong>Mathieu van der Poel<\/strong> \u00e0 l&rsquo;avant de la course.<\/p>\n<blockquote class=\"twitter-tweet\">\n<p dir=\"ltr\" lang=\"en\">What a race! &#x1f929;<\/p>\n<p>The lead group are caught and <a href=\"https:\/\/twitter.com\/TrekSegafredo?ref_src=twsrc%5Etfw\">@TrekSegafredo<\/a>&lsquo;s <a href=\"https:\/\/twitter.com\/Mads__Pedersen?ref_src=twsrc%5Etfw\">@Mads__Pedersen<\/a> wins a sprint finish to the line! <a href=\"https:\/\/t.co\/wDa60nKkKu\">pic.twitter.com\/wDa60nKkKu<\/a><\/p>\n<p>\u2014 Eurosport UK (@Eurosport_UK) <a href=\"https:\/\/twitter.com\/Eurosport_UK\/status\/1366053826927689731?ref_src=twsrc%5Etfw\">February 28, 2021<\/a><\/p><\/blockquote>\n<p><script async src=\"https:\/\/platform.twitter.com\/widgets.js\" charset=\"utf-8\"><\/script><\/p>\n<h2 style=\"text-align: justify;\">Van der Poel &#8211; Narvaez, duo explosif<\/h2>\n<p style=\"text-align: justify;\">Sauf que cette fois-ci, <strong>Mathieu van der Poel<\/strong> (Alpecin-Fenix) n&rsquo;\u00e9tait pas tout seul. \u00c0 82 km de l&rsquo;arriv\u00e9e, le N\u00e9erlandais a attaqu\u00e9 et dynamit\u00e9 le peloton, accompagn\u00e9 par <strong>Jhonatan Narv\u00e1ez<\/strong> (INEOS Grenadiers) dans les pentes du Kanarieberg. Les deux hommes ont d&rsquo;abord r\u00e9ussi \u00e0 boucher un trou de trois minutes sur les \u00e9chapp\u00e9s du jour. Parmi ces derniers, seuls <strong>Gamper<\/strong>, <strong>Zakharov<\/strong> et <strong>Hvideberg<\/strong> parvenaient \u00e0 prendre la roue du duo n\u00e9erlando-\u00e9quatorien dans les 50 derniers kilom\u00e8tres, apr\u00e8s le Vieux-Quarement et le Kruiseberg.<\/p>\n<p style=\"text-align: justify;\">Derri\u00e8re, un groupe de costaud, avec entre autres <strong>Matteo Trentin<\/strong> (UAE Team Emirates), le vainqueur sortant <strong>Kasper Asgreen<\/strong> (Deceuninck &#8211; Quick-Step) mais aussi <strong>Greg Van Avermaet<\/strong> (AG2R Citro\u00ebn), faisait la chasse. Sans jamais parvenir \u00e0 revenir sur le groupe de t\u00eate, avant que le reste du peloton, emmen\u00e9 par la Trek Segadredo de Pedersen et la Lotto Soudal de <strong>Degenkolb<\/strong>, ne rentre sur ce deuxi\u00e8me \u00e9chelon de la course. Le groupe <strong>van der Poel<\/strong>, lui, \u00e9tait revu \u00e0 moins de 3 km de l&rsquo;arriv\u00e9e. La suite, c&rsquo;est la domination de <strong>Mads Pedersen<\/strong>, injouable ce dimanche au sprint.<\/p>\n<ul>\n<li style=\"text-align: justify;\"><strong>\u00c0 lire aussi &#8211; <a href=\"https:\/\/dicodusport.fr\/blog\/kuurne-bruxelles-kuurne-2021-classement-course\/\" target=\"_blank\" rel=\"noopener\">Le classement de Kuurne-Bruxelles-Kuurne 2021<\/a><\/strong><\/li>\n<\/ul>\n<p><strong><em>Dicodusport<br \/>\n<a href=\"https:\/\/www.facebook.com\/dicodusport\/\" target=\"_blank\" rel=\"noopener noreferrer\"><img loading=\"lazy\" decoding=\"async\" class=\"alignnone wp-image-2909\" src=\"http:\/\/dicodusport.fr\/blog\/wp-content\/uploads\/2017\/07\/logo-facebook-150x150.png\" alt=\"\" width=\"40\" height=\"40\" \/><\/a><a href=\"https:\/\/twitter.com\/dicodusport\" target=\"_blank\" rel=\"noopener noreferrer\"><img loading=\"lazy\" decoding=\"async\" class=\"alignnone wp-image-2908\" src=\"http:\/\/dicodusport.fr\/blog\/wp-content\/uploads\/2017\/07\/logo-twitter-150x150.png\" alt=\"\" width=\"39\" height=\"39\" \/><\/a><\/em><\/strong><\/p>\n","protected":false},"excerpt":{"rendered":"<p>CYCLISME &#8211; L&rsquo;ancien champion du monde Mads Pedersen (Trek-Segafredo) a remport\u00e9 ce dimanche Kuurne-Bruxelles-Kuurne. Le Danois, le plus rapide au sprint, devance le Fran\u00e7ais Anthony Turgis (Total Direct Energie) et Tom Pidcock (INEOS Grenadiers).<\/p>\n","protected":false},"author":4,"featured_media":110074,"comment_status":"open","ping_status":"closed","sticky":false,"template":"","format":"standard","meta":{"_acf_changed":false,"_daextam_enable_autolinks":"","footnotes":""},"categories":[2307],"tags":[574,10042],"class_list":["post-110044","post","type-post","status-publish","format-standard","has-post-thumbnail","hentry","category-cyclisme","tag-cyclisme","tag-kuurne-bruxelles-kuurne"],"acf":[],"yoast_head":"<!-- This site is optimized with the Yoast SEO Premium plugin v26.7 (Yoast SEO v26.7) - https:\/\/yoast.com\/wordpress\/plugins\/seo\/ -->\n<title>Kuurne-Bruxelles-Kuurne : Mads Pedersen l&#039;emporte au sprint devant Anthony Turgis<\/title>\n<meta name=\"description\" content=\"CYCLISME - L&#039;ancien champion du monde Mads Pedersen (Trek-Segafredo) a remport\u00e9 ce dimanche Kuurne-Bruxelles-Kuurne 2021.\" \/>\n<meta name=\"robots\" content=\"index, follow, max-snippet:-1, max-image-preview:large, max-video-preview:-1\" \/>\n<link rel=\"canonical\" href=\"https:\/\/dicodusport.fr\/blog\/kuurne-bruxelles-kuurne-2021-mads-pedersen-l-emporte-au-sprint-devant-anthony-turgis\/\" \/>\n<meta property=\"og:locale\" content=\"fr_FR\" \/>\n<meta property=\"og:type\" content=\"article\" \/>\n<meta property=\"og:title\" content=\"Kuurne-Bruxelles-Kuurne : Mads Pedersen l&#039;emporte au sprint devant Anthony Turgis\" \/>\n<meta property=\"og:description\" content=\"CYCLISME - L&#039;ancien champion du monde Mads Pedersen (Trek-Segafredo) a remport\u00e9 ce dimanche Kuurne-Bruxelles-Kuurne 2021.\" \/>\n<meta property=\"og:url\" content=\"https:\/\/dicodusport.fr\/blog\/kuurne-bruxelles-kuurne-2021-mads-pedersen-l-emporte-au-sprint-devant-anthony-turgis\/\" \/>\n<meta property=\"og:site_name\" content=\"Dicodusport\" \/>\n<meta property=\"article:publisher\" content=\"https:\/\/www.facebook.com\/dicodusport\" \/>\n<meta property=\"article:author\" content=\"https:\/\/www.facebook.com\/florent.ostermann\" \/>\n<meta property=\"article:published_time\" content=\"2021-02-28T15:56:04+00:00\" \/>\n<meta property=\"article:modified_time\" content=\"2021-02-28T16:21:04+00:00\" \/>\n<meta property=\"og:image\" content=\"https:\/\/dicodusport.fr\/blog\/wp-content\/uploads\/2021\/02\/Cyclisme-Kuurne-Bruxelles-Kuurne-Mads-Pedersen-lemporte-au-sprint-devant-Anthony-Turgis.png\" \/>\n\t<meta property=\"og:image:width\" content=\"800\" \/>\n\t<meta property=\"og:image:height\" content=\"445\" \/>\n\t<meta property=\"og:image:type\" content=\"image\/png\" \/>\n<meta name=\"author\" content=\"Flo Ostermann\" \/>\n<meta name=\"twitter:card\" content=\"summary_large_image\" \/>\n<meta name=\"twitter:title\" content=\"Kuurne-Bruxelles-Kuurne : Mads Pedersen l&#039;emporte au sprint devant Anthony Turgis\" \/>\n<meta name=\"twitter:creator\" content=\"@https:\/\/twitter.com\/FlOstermann\" \/>\n<meta name=\"twitter:site\" content=\"@dicodusport\" \/>\n<script type=\"application\/ld+json\" class=\"yoast-schema-graph\">{\"@context\":\"https:\/\/schema.org\",\"@graph\":[{\"@type\":\"NewsArticle\",\"@id\":\"https:\/\/dicodusport.fr\/blog\/kuurne-bruxelles-kuurne-2021-mads-pedersen-l-emporte-au-sprint-devant-anthony-turgis\/#article\",\"isPartOf\":{\"@id\":\"https:\/\/dicodusport.fr\/blog\/kuurne-bruxelles-kuurne-2021-mads-pedersen-l-emporte-au-sprint-devant-anthony-turgis\/\"},\"author\":{\"name\":\"Flo Ostermann\",\"@id\":\"https:\/\/dicodusport.fr\/blog\/#\/schema\/person\/cb02af4c173ce4a653b55e9baf388d4a\"},\"headline\":\"Kuurne-Bruxelles-Kuurne : Mads Pedersen l&#8217;emporte au sprint devant Anthony Turgis\",\"datePublished\":\"2021-02-28T15:56:04+00:00\",\"dateModified\":\"2021-02-28T16:21:04+00:00\",\"mainEntityOfPage\":{\"@id\":\"https:\/\/dicodusport.fr\/blog\/kuurne-bruxelles-kuurne-2021-mads-pedersen-l-emporte-au-sprint-devant-anthony-turgis\/\"},\"wordCount\":384,\"commentCount\":0,\"publisher\":{\"@id\":\"https:\/\/dicodusport.fr\/blog\/#organization\"},\"image\":{\"@id\":\"https:\/\/dicodusport.fr\/blog\/kuurne-bruxelles-kuurne-2021-mads-pedersen-l-emporte-au-sprint-devant-anthony-turgis\/#primaryimage\"},\"thumbnailUrl\":\"https:\/\/dicodusport.fr\/blog\/wp-content\/uploads\/2021\/02\/Cyclisme-Kuurne-Bruxelles-Kuurne-Mads-Pedersen-lemporte-au-sprint-devant-Anthony-Turgis.png\",\"keywords\":[\"Cyclisme\",\"Kuurne \u2013 Bruxelles \u2013 Kuurne\"],\"articleSection\":[\"Cyclisme\"],\"inLanguage\":\"fr-FR\",\"potentialAction\":[{\"@type\":\"CommentAction\",\"name\":\"Comment\",\"target\":[\"https:\/\/dicodusport.fr\/blog\/kuurne-bruxelles-kuurne-2021-mads-pedersen-l-emporte-au-sprint-devant-anthony-turgis\/#respond\"]}],\"copyrightYear\":\"2021\",\"copyrightHolder\":{\"@id\":\"https:\/\/dicodusport.fr\/blog\/#organization\"}},{\"@type\":\"WebPage\",\"@id\":\"https:\/\/dicodusport.fr\/blog\/kuurne-bruxelles-kuurne-2021-mads-pedersen-l-emporte-au-sprint-devant-anthony-turgis\/\",\"url\":\"https:\/\/dicodusport.fr\/blog\/kuurne-bruxelles-kuurne-2021-mads-pedersen-l-emporte-au-sprint-devant-anthony-turgis\/\",\"name\":\"Kuurne-Bruxelles-Kuurne : Mads Pedersen l'emporte au sprint devant Anthony Turgis\",\"isPartOf\":{\"@id\":\"https:\/\/dicodusport.fr\/blog\/#website\"},\"primaryImageOfPage\":{\"@id\":\"https:\/\/dicodusport.fr\/blog\/kuurne-bruxelles-kuurne-2021-mads-pedersen-l-emporte-au-sprint-devant-anthony-turgis\/#primaryimage\"},\"image\":{\"@id\":\"https:\/\/dicodusport.fr\/blog\/kuurne-bruxelles-kuurne-2021-mads-pedersen-l-emporte-au-sprint-devant-anthony-turgis\/#primaryimage\"},\"thumbnailUrl\":\"https:\/\/dicodusport.fr\/blog\/wp-content\/uploads\/2021\/02\/Cyclisme-Kuurne-Bruxelles-Kuurne-Mads-Pedersen-lemporte-au-sprint-devant-Anthony-Turgis.png\",\"datePublished\":\"2021-02-28T15:56:04+00:00\",\"dateModified\":\"2021-02-28T16:21:04+00:00\",\"description\":\"CYCLISME - L'ancien champion du monde Mads Pedersen (Trek-Segafredo) a remport\u00e9 ce dimanche Kuurne-Bruxelles-Kuurne 2021.\",\"breadcrumb\":{\"@id\":\"https:\/\/dicodusport.fr\/blog\/kuurne-bruxelles-kuurne-2021-mads-pedersen-l-emporte-au-sprint-devant-anthony-turgis\/#breadcrumb\"},\"inLanguage\":\"fr-FR\",\"potentialAction\":[{\"@type\":\"ReadAction\",\"target\":[\"https:\/\/dicodusport.fr\/blog\/kuurne-bruxelles-kuurne-2021-mads-pedersen-l-emporte-au-sprint-devant-anthony-turgis\/\"]}]},{\"@type\":\"ImageObject\",\"inLanguage\":\"fr-FR\",\"@id\":\"https:\/\/dicodusport.fr\/blog\/kuurne-bruxelles-kuurne-2021-mads-pedersen-l-emporte-au-sprint-devant-anthony-turgis\/#primaryimage\",\"url\":\"https:\/\/dicodusport.fr\/blog\/wp-content\/uploads\/2021\/02\/Cyclisme-Kuurne-Bruxelles-Kuurne-Mads-Pedersen-lemporte-au-sprint-devant-Anthony-Turgis.png\",\"contentUrl\":\"https:\/\/dicodusport.fr\/blog\/wp-content\/uploads\/2021\/02\/Cyclisme-Kuurne-Bruxelles-Kuurne-Mads-Pedersen-lemporte-au-sprint-devant-Anthony-Turgis.png\",\"width\":800,\"height\":445,\"caption\":\"Paris-Nice 2021 : nos favoris pour la 5\u00e8me \u00e9tape\"},{\"@type\":\"BreadcrumbList\",\"@id\":\"https:\/\/dicodusport.fr\/blog\/kuurne-bruxelles-kuurne-2021-mads-pedersen-l-emporte-au-sprint-devant-anthony-turgis\/#breadcrumb\",\"itemListElement\":[{\"@type\":\"ListItem\",\"position\":1,\"name\":\"Accueil\",\"item\":\"https:\/\/dicodusport.fr\/blog\/\"},{\"@type\":\"ListItem\",\"position\":2,\"name\":\"Kuurne-Bruxelles-Kuurne : Mads Pedersen l&#8217;emporte au sprint devant Anthony Turgis\"}]},{\"@type\":\"WebSite\",\"@id\":\"https:\/\/dicodusport.fr\/blog\/#website\",\"url\":\"https:\/\/dicodusport.fr\/blog\/\",\"name\":\"Dicodusport\",\"description\":\"L&#039;encyclop\u00e9die de l&#039;actualit\u00e9 sportive\",\"publisher\":{\"@id\":\"https:\/\/dicodusport.fr\/blog\/#organization\"},\"potentialAction\":[{\"@type\":\"SearchAction\",\"target\":{\"@type\":\"EntryPoint\",\"urlTemplate\":\"https:\/\/dicodusport.fr\/blog\/?s={search_term_string}\"},\"query-input\":{\"@type\":\"PropertyValueSpecification\",\"valueRequired\":true,\"valueName\":\"search_term_string\"}}],\"inLanguage\":\"fr-FR\"},{\"@type\":\"NewsMediaOrganization\",\"@id\":\"https:\/\/dicodusport.fr\/blog\/#organization\",\"name\":\"Dicodusport\",\"url\":\"https:\/\/dicodusport.fr\/blog\/\",\"logo\":{\"@type\":\"ImageObject\",\"inLanguage\":\"fr-FR\",\"@id\":\"https:\/\/dicodusport.fr\/blog\/#\/schema\/logo\/image\/\",\"url\":\"https:\/\/dicodusport.fr\/blog\/wp-content\/uploads\/2020\/06\/cropped-LOGO-DICODUSPORT-2020-SANS-FOND-SANS-TEXTE.png\",\"contentUrl\":\"https:\/\/dicodusport.fr\/blog\/wp-content\/uploads\/2020\/06\/cropped-LOGO-DICODUSPORT-2020-SANS-FOND-SANS-TEXTE.png\",\"width\":512,\"height\":512,\"caption\":\"Dicodusport\"},\"image\":{\"@id\":\"https:\/\/dicodusport.fr\/blog\/#\/schema\/logo\/image\/\"},\"sameAs\":[\"https:\/\/www.facebook.com\/dicodusport\",\"https:\/\/x.com\/dicodusport\",\"https:\/\/www.instagram.com\/dicodusport\/\",\"https:\/\/www.youtube.com\/channel\/UC7V2KZ5sd3htJivAbA4ZG3w\"],\"description\":\"Dicodusport est l'encyclop\u00e9die de l'actualit\u00e9 sportive.\",\"email\":\"bonjour@dicodusport.fr\",\"legalName\":\"DICODUSPORT\",\"foundingDate\":\"2018-01-14\",\"vatID\":\"FR71834470973\",\"taxID\":\"83447097300043\",\"numberOfEmployees\":{\"@type\":\"QuantitativeValue\",\"minValue\":\"1\",\"maxValue\":\"10\"}},{\"@type\":\"Person\",\"@id\":\"https:\/\/dicodusport.fr\/blog\/#\/schema\/person\/cb02af4c173ce4a653b55e9baf388d4a\",\"name\":\"Flo Ostermann\",\"image\":{\"@type\":\"ImageObject\",\"inLanguage\":\"fr-FR\",\"@id\":\"https:\/\/dicodusport.fr\/blog\/#\/schema\/person\/image\/\",\"url\":\"https:\/\/dicodusport.fr\/blog\/wp-content\/uploads\/2021\/05\/Flo-Ostermann-150x150.jpg\",\"contentUrl\":\"https:\/\/dicodusport.fr\/blog\/wp-content\/uploads\/2021\/05\/Flo-Ostermann-150x150.jpg\",\"caption\":\"Flo Ostermann\"},\"description\":\"Journaliste\/R\u00e9dacteur depuis septembre 2015 - Mes premiers souvenirs dans le sport ? Les envol\u00e9es du Stade Toulousain et les duels Villeneuve-Schumacher et H\u00e4kkinen-Schumacher \u00e0 la fin des ann\u00e9es 90, la Coupe du monde de football en 1998, l\u2019exploit du XV de France face aux All Blacks en 1999, mais aussi Richard C\u0153ur de Lion qui vole sur les montagnes du Tour de France. Bien parti pour devenir professeur d\u2019EPS, les \u00e9v\u00e9nements de la vie (et la flemme d\u2019animer des s\u00e9ances de 3x500 m\u00e8tres toute ma vie) m\u2019ont conduit \u00e0 revoir mes plans. Me voil\u00e0 depuis fin 2017 sur Dicodusport, m\u00e9dia gr\u00e2ce (et pour) lequel je partage ma passion : le sport dans tous ses \u00e9tats. Le tout accompagn\u00e9 par les fous furieux et folles furieuses cit\u00e9s sur cette page !\",\"sameAs\":[\"https:\/\/www.facebook.com\/florent.ostermann\",\"https:\/\/x.com\/https:\/\/twitter.com\/FlOstermann\",\"admin\"],\"url\":\"https:\/\/dicodusport.fr\/blog\/author\/flo\/\"}]}<\/script>\n<!-- \/ Yoast SEO Premium plugin. -->","yoast_head_json":{"title":"Kuurne-Bruxelles-Kuurne : Mads Pedersen l'emporte au sprint devant Anthony Turgis","description":"CYCLISME - L'ancien champion du monde Mads Pedersen (Trek-Segafredo) a remport\u00e9 ce dimanche Kuurne-Bruxelles-Kuurne 2021.","robots":{"index":"index","follow":"follow","max-snippet":"max-snippet:-1","max-image-preview":"max-image-preview:large","max-video-preview":"max-video-preview:-1"},"canonical":"https:\/\/dicodusport.fr\/blog\/kuurne-bruxelles-kuurne-2021-mads-pedersen-l-emporte-au-sprint-devant-anthony-turgis\/","og_locale":"fr_FR","og_type":"article","og_title":"Kuurne-Bruxelles-Kuurne : Mads Pedersen l'emporte au sprint devant Anthony Turgis","og_description":"CYCLISME - L'ancien champion du monde Mads Pedersen (Trek-Segafredo) a remport\u00e9 ce dimanche Kuurne-Bruxelles-Kuurne 2021.","og_url":"https:\/\/dicodusport.fr\/blog\/kuurne-bruxelles-kuurne-2021-mads-pedersen-l-emporte-au-sprint-devant-anthony-turgis\/","og_site_name":"Dicodusport","article_publisher":"https:\/\/www.facebook.com\/dicodusport","article_author":"https:\/\/www.facebook.com\/florent.ostermann","article_published_time":"2021-02-28T15:56:04+00:00","article_modified_time":"2021-02-28T16:21:04+00:00","og_image":[{"width":800,"height":445,"url":"https:\/\/dicodusport.fr\/blog\/wp-content\/uploads\/2021\/02\/Cyclisme-Kuurne-Bruxelles-Kuurne-Mads-Pedersen-lemporte-au-sprint-devant-Anthony-Turgis.png","type":"image\/png"}],"author":"Flo Ostermann","twitter_card":"summary_large_image","twitter_title":"Kuurne-Bruxelles-Kuurne : Mads Pedersen l'emporte au sprint devant Anthony Turgis","twitter_creator":"@https:\/\/twitter.com\/FlOstermann","twitter_site":"@dicodusport","schema":{"@context":"https:\/\/schema.org","@graph":[{"@type":"NewsArticle","@id":"https:\/\/dicodusport.fr\/blog\/kuurne-bruxelles-kuurne-2021-mads-pedersen-l-emporte-au-sprint-devant-anthony-turgis\/#article","isPartOf":{"@id":"https:\/\/dicodusport.fr\/blog\/kuurne-bruxelles-kuurne-2021-mads-pedersen-l-emporte-au-sprint-devant-anthony-turgis\/"},"author":{"name":"Flo Ostermann","@id":"https:\/\/dicodusport.fr\/blog\/#\/schema\/person\/cb02af4c173ce4a653b55e9baf388d4a"},"headline":"Kuurne-Bruxelles-Kuurne : Mads Pedersen l&#8217;emporte au sprint devant Anthony Turgis","datePublished":"2021-02-28T15:56:04+00:00","dateModified":"2021-02-28T16:21:04+00:00","mainEntityOfPage":{"@id":"https:\/\/dicodusport.fr\/blog\/kuurne-bruxelles-kuurne-2021-mads-pedersen-l-emporte-au-sprint-devant-anthony-turgis\/"},"wordCount":384,"commentCount":0,"publisher":{"@id":"https:\/\/dicodusport.fr\/blog\/#organization"},"image":{"@id":"https:\/\/dicodusport.fr\/blog\/kuurne-bruxelles-kuurne-2021-mads-pedersen-l-emporte-au-sprint-devant-anthony-turgis\/#primaryimage"},"thumbnailUrl":"https:\/\/dicodusport.fr\/blog\/wp-content\/uploads\/2021\/02\/Cyclisme-Kuurne-Bruxelles-Kuurne-Mads-Pedersen-lemporte-au-sprint-devant-Anthony-Turgis.png","keywords":["Cyclisme","Kuurne \u2013 Bruxelles \u2013 Kuurne"],"articleSection":["Cyclisme"],"inLanguage":"fr-FR","potentialAction":[{"@type":"CommentAction","name":"Comment","target":["https:\/\/dicodusport.fr\/blog\/kuurne-bruxelles-kuurne-2021-mads-pedersen-l-emporte-au-sprint-devant-anthony-turgis\/#respond"]}],"copyrightYear":"2021","copyrightHolder":{"@id":"https:\/\/dicodusport.fr\/blog\/#organization"}},{"@type":"WebPage","@id":"https:\/\/dicodusport.fr\/blog\/kuurne-bruxelles-kuurne-2021-mads-pedersen-l-emporte-au-sprint-devant-anthony-turgis\/","url":"https:\/\/dicodusport.fr\/blog\/kuurne-bruxelles-kuurne-2021-mads-pedersen-l-emporte-au-sprint-devant-anthony-turgis\/","name":"Kuurne-Bruxelles-Kuurne : Mads Pedersen l'emporte au sprint devant Anthony Turgis","isPartOf":{"@id":"https:\/\/dicodusport.fr\/blog\/#website"},"primaryImageOfPage":{"@id":"https:\/\/dicodusport.fr\/blog\/kuurne-bruxelles-kuurne-2021-mads-pedersen-l-emporte-au-sprint-devant-anthony-turgis\/#primaryimage"},"image":{"@id":"https:\/\/dicodusport.fr\/blog\/kuurne-bruxelles-kuurne-2021-mads-pedersen-l-emporte-au-sprint-devant-anthony-turgis\/#primaryimage"},"thumbnailUrl":"https:\/\/dicodusport.fr\/blog\/wp-content\/uploads\/2021\/02\/Cyclisme-Kuurne-Bruxelles-Kuurne-Mads-Pedersen-lemporte-au-sprint-devant-Anthony-Turgis.png","datePublished":"2021-02-28T15:56:04+00:00","dateModified":"2021-02-28T16:21:04+00:00","description":"CYCLISME - L'ancien champion du monde Mads Pedersen (Trek-Segafredo) a remport\u00e9 ce dimanche Kuurne-Bruxelles-Kuurne 2021.","breadcrumb":{"@id":"https:\/\/dicodusport.fr\/blog\/kuurne-bruxelles-kuurne-2021-mads-pedersen-l-emporte-au-sprint-devant-anthony-turgis\/#breadcrumb"},"inLanguage":"fr-FR","potentialAction":[{"@type":"ReadAction","target":["https:\/\/dicodusport.fr\/blog\/kuurne-bruxelles-kuurne-2021-mads-pedersen-l-emporte-au-sprint-devant-anthony-turgis\/"]}]},{"@type":"ImageObject","inLanguage":"fr-FR","@id":"https:\/\/dicodusport.fr\/blog\/kuurne-bruxelles-kuurne-2021-mads-pedersen-l-emporte-au-sprint-devant-anthony-turgis\/#primaryimage","url":"https:\/\/dicodusport.fr\/blog\/wp-content\/uploads\/2021\/02\/Cyclisme-Kuurne-Bruxelles-Kuurne-Mads-Pedersen-lemporte-au-sprint-devant-Anthony-Turgis.png","contentUrl":"https:\/\/dicodusport.fr\/blog\/wp-content\/uploads\/2021\/02\/Cyclisme-Kuurne-Bruxelles-Kuurne-Mads-Pedersen-lemporte-au-sprint-devant-Anthony-Turgis.png","width":800,"height":445,"caption":"Paris-Nice 2021 : nos favoris pour la 5\u00e8me \u00e9tape"},{"@type":"BreadcrumbList","@id":"https:\/\/dicodusport.fr\/blog\/kuurne-bruxelles-kuurne-2021-mads-pedersen-l-emporte-au-sprint-devant-anthony-turgis\/#breadcrumb","itemListElement":[{"@type":"ListItem","position":1,"name":"Accueil","item":"https:\/\/dicodusport.fr\/blog\/"},{"@type":"ListItem","position":2,"name":"Kuurne-Bruxelles-Kuurne : Mads Pedersen l&#8217;emporte au sprint devant Anthony Turgis"}]},{"@type":"WebSite","@id":"https:\/\/dicodusport.fr\/blog\/#website","url":"https:\/\/dicodusport.fr\/blog\/","name":"Dicodusport","description":"L&#039;encyclop\u00e9die de l&#039;actualit\u00e9 sportive","publisher":{"@id":"https:\/\/dicodusport.fr\/blog\/#organization"},"potentialAction":[{"@type":"SearchAction","target":{"@type":"EntryPoint","urlTemplate":"https:\/\/dicodusport.fr\/blog\/?s={search_term_string}"},"query-input":{"@type":"PropertyValueSpecification","valueRequired":true,"valueName":"search_term_string"}}],"inLanguage":"fr-FR"},{"@type":"NewsMediaOrganization","@id":"https:\/\/dicodusport.fr\/blog\/#organization","name":"Dicodusport","url":"https:\/\/dicodusport.fr\/blog\/","logo":{"@type":"ImageObject","inLanguage":"fr-FR","@id":"https:\/\/dicodusport.fr\/blog\/#\/schema\/logo\/image\/","url":"https:\/\/dicodusport.fr\/blog\/wp-content\/uploads\/2020\/06\/cropped-LOGO-DICODUSPORT-2020-SANS-FOND-SANS-TEXTE.png","contentUrl":"https:\/\/dicodusport.fr\/blog\/wp-content\/uploads\/2020\/06\/cropped-LOGO-DICODUSPORT-2020-SANS-FOND-SANS-TEXTE.png","width":512,"height":512,"caption":"Dicodusport"},"image":{"@id":"https:\/\/dicodusport.fr\/blog\/#\/schema\/logo\/image\/"},"sameAs":["https:\/\/www.facebook.com\/dicodusport","https:\/\/x.com\/dicodusport","https:\/\/www.instagram.com\/dicodusport\/","https:\/\/www.youtube.com\/channel\/UC7V2KZ5sd3htJivAbA4ZG3w"],"description":"Dicodusport est l'encyclop\u00e9die de l'actualit\u00e9 sportive.","email":"bonjour@dicodusport.fr","legalName":"DICODUSPORT","foundingDate":"2018-01-14","vatID":"FR71834470973","taxID":"83447097300043","numberOfEmployees":{"@type":"QuantitativeValue","minValue":"1","maxValue":"10"}},{"@type":"Person","@id":"https:\/\/dicodusport.fr\/blog\/#\/schema\/person\/cb02af4c173ce4a653b55e9baf388d4a","name":"Flo Ostermann","image":{"@type":"ImageObject","inLanguage":"fr-FR","@id":"https:\/\/dicodusport.fr\/blog\/#\/schema\/person\/image\/","url":"https:\/\/dicodusport.fr\/blog\/wp-content\/uploads\/2021\/05\/Flo-Ostermann-150x150.jpg","contentUrl":"https:\/\/dicodusport.fr\/blog\/wp-content\/uploads\/2021\/05\/Flo-Ostermann-150x150.jpg","caption":"Flo Ostermann"},"description":"Journaliste\/R\u00e9dacteur depuis septembre 2015 - Mes premiers souvenirs dans le sport ? Les envol\u00e9es du Stade Toulousain et les duels Villeneuve-Schumacher et H\u00e4kkinen-Schumacher \u00e0 la fin des ann\u00e9es 90, la Coupe du monde de football en 1998, l\u2019exploit du XV de France face aux All Blacks en 1999, mais aussi Richard C\u0153ur de Lion qui vole sur les montagnes du Tour de France. Bien parti pour devenir professeur d\u2019EPS, les \u00e9v\u00e9nements de la vie (et la flemme d\u2019animer des s\u00e9ances de 3x500 m\u00e8tres toute ma vie) m\u2019ont conduit \u00e0 revoir mes plans. Me voil\u00e0 depuis fin 2017 sur Dicodusport, m\u00e9dia gr\u00e2ce (et pour) lequel je partage ma passion : le sport dans tous ses \u00e9tats. Le tout accompagn\u00e9 par les fous furieux et folles furieuses cit\u00e9s sur cette page !","sameAs":["https:\/\/www.facebook.com\/florent.ostermann","https:\/\/x.com\/https:\/\/twitter.com\/FlOstermann","admin"],"url":"https:\/\/dicodusport.fr\/blog\/author\/flo\/"}]}},"_links":{"self":[{"href":"https:\/\/dicodusport.fr\/blog\/wp-json\/wp\/v2\/posts\/110044","targetHints":{"allow":["GET"]}}],"collection":[{"href":"https:\/\/dicodusport.fr\/blog\/wp-json\/wp\/v2\/posts"}],"about":[{"href":"https:\/\/dicodusport.fr\/blog\/wp-json\/wp\/v2\/types\/post"}],"author":[{"embeddable":true,"href":"https:\/\/dicodusport.fr\/blog\/wp-json\/wp\/v2\/users\/4"}],"replies":[{"embeddable":true,"href":"https:\/\/dicodusport.fr\/blog\/wp-json\/wp\/v2\/comments?post=110044"}],"version-history":[{"count":0,"href":"https:\/\/dicodusport.fr\/blog\/wp-json\/wp\/v2\/posts\/110044\/revisions"}],"wp:featuredmedia":[{"embeddable":true,"href":"https:\/\/dicodusport.fr\/blog\/wp-json\/wp\/v2\/media\/110074"}],"wp:attachment":[{"href":"https:\/\/dicodusport.fr\/blog\/wp-json\/wp\/v2\/media?parent=110044"}],"wp:term":[{"taxonomy":"category","embeddable":true,"href":"https:\/\/dicodusport.fr\/blog\/wp-json\/wp\/v2\/categories?post=110044"},{"taxonomy":"post_tag","embeddable":true,"href":"https:\/\/dicodusport.fr\/blog\/wp-json\/wp\/v2\/tags?post=110044"}],"curies":[{"name":"wp","href":"https:\/\/api.w.org\/{rel}","templated":true}]}}