{"id":110180,"date":"2021-03-01T13:15:28","date_gmt":"2021-03-01T12:15:28","guid":{"rendered":"https:\/\/dicodusport.fr\/blog\/?p=110180&#038;preview=true&#038;preview_id=110180"},"modified":"2021-04-20T14:29:00","modified_gmt":"2021-04-20T12:29:00","slug":"josep-maria-bartomeu-arrete-ce-matin-dans-le-cadre-du-barcagate","status":"publish","type":"post","link":"https:\/\/dicodusport.fr\/blog\/josep-maria-bartomeu-arrete-ce-matin-dans-le-cadre-du-barcagate\/","title":{"rendered":"Josep Maria Bartomeu arr\u00eat\u00e9 ce matin dans le cadre du Bar\u00e7agate"},"content":{"rendered":"<p style=\"text-align: justify;\"><strong><em><a href=\"https:\/\/dicodusport.fr\/blog\/actualites\/football\/\" target=\"_blank\" rel=\"noopener\">FOOTBALL<\/a> &#8211; Josep Maria Bartomeu, r\u00e9cemment d\u00e9missionnaire de son poste de pr\u00e9sident du <a href=\"https:\/\/dicodusport.fr\/blog\/tag\/fc-barcelone\/\" target=\"_blank\" rel=\"noopener\">FC Barcelone<\/a>, a \u00e9t\u00e9 arr\u00eat\u00e9 en compagnie de deux autres personnes ce matin.<\/em><\/strong><\/p>\n<p style=\"text-align: justify;\"><strong>Josep Maria Bartomeu<\/strong>, <strong>Oscar Grau<\/strong>, directeur g\u00e9n\u00e9ral du FC Barcelone, et <strong>Roman Gomez<\/strong>, responsable des services juridiques du club, ont \u00e9t\u00e9 arr\u00eat\u00e9s ce matin dans le cadre du Bar\u00e7aGate. Pour rappel, l&rsquo;ancien pr\u00e9sident avait fait appel \u00e0 la soci\u00e9t\u00e9 de communication uruguayenne I3 Ventures pour prot\u00e9ger son image. L&rsquo;op\u00e9ration pour un montant tr\u00e8s \u00e9lev\u00e9, pr\u00e8s d&rsquo;un million d&rsquo;euros, suscite des doutes quant \u00e0 la r\u00e9alit\u00e9 de l&rsquo;op\u00e9ration. Le trio est \u00e9galement soup\u00e7onn\u00e9 d&rsquo;avoir cr\u00e9\u00e9 des faux comptes pour d\u00e9nigrer ses futurs opposants \u00e0 la future \u00e9lection pr\u00e9sidentielle.<\/p>\n<h2 style=\"text-align: justify;\">L&rsquo;enqu\u00eate se poursuit<\/h2>\n<p style=\"text-align: justify;\">L&rsquo;enqu\u00eate a d\u00e9but\u00e9 il y a un peu plus d&rsquo;un an et si la direction du Bar\u00e7a n&rsquo;avait pas ni\u00e9 le contrat de communication, il affirmait \u00eatre hors de cause concernant les accusations de d\u00e9nigrement de plusieurs joueurs ou anciennes gloires comme <strong>Piqu\u00e9<\/strong>, <strong>Messi<\/strong> ou encore l&rsquo;ancien capitaine <strong>Carles Puyol<\/strong>. Un audit r\u00e9alis\u00e9 sous la pr\u00e9sidence <strong>Bartomeu<\/strong> avait dans un premier temps rejet\u00e9 les accusations de corruption. L&rsquo;enqu\u00eate avec les perquisitions r\u00e9alis\u00e9es au si\u00e8ge du club et ces arrestations entrent dans une nouvelle phase o\u00f9 d&rsquo;autres \u00e9l\u00e9ments devraient entrer en jeu.<\/p>\n<blockquote class=\"twitter-tweet\">\n<p dir=\"ltr\" lang=\"fr\">Josep Maria Bartomeu et d&rsquo;autres cadres du FC Barcelone ont \u00e9t\u00e9 arr\u00eat\u00e9s dans le cadre du scandale du \u00ab Bar\u00e7agate \u00bb.<\/p>\n<p>Le club catalan aurait engag\u00e9 une soci\u00e9t\u00e9 sp\u00e9cialis\u00e9e dans les r\u00e9seaux sociaux pour discr\u00e9diter publiquement les joueurs et le staff.<\/p>\n<p>(El Pais) <a href=\"https:\/\/t.co\/oitZeL8ggK\">pic.twitter.com\/oitZeL8ggK<\/a><\/p>\n<p>\u2014 Actu Foot (@ActuFoot_) <a href=\"https:\/\/twitter.com\/ActuFoot_\/status\/1366346238623444993?ref_src=twsrc%5Etfw\">March 1, 2021<\/a><\/p><\/blockquote>\n<p style=\"text-align: justify;\"><script async src=\"https:\/\/platform.twitter.com\/widgets.js\" charset=\"utf-8\"><\/script><\/p>\n","protected":false},"excerpt":{"rendered":"<p>FOOTBALL &#8211; Josep Maria Bartomeu, r\u00e9cemment d\u00e9missionnaire de son poste de pr\u00e9sident du FC Barcelone, a \u00e9t\u00e9 arr\u00eat\u00e9 en compagnie de deux autres personnes ce matin.<\/p>\n","protected":false},"author":49,"featured_media":110191,"comment_status":"open","ping_status":"closed","sticky":false,"template":"","format":"standard","meta":{"_acf_changed":false,"_daextam_enable_autolinks":"","footnotes":""},"categories":[2301],"tags":[912,2101,4203,75],"class_list":["post-110180","post","type-post","status-publish","format-standard","has-post-thumbnail","hentry","category-football","tag-barca","tag-barcelone","tag-fc-barcelone","tag-football"],"acf":[],"yoast_head":"<!-- This site is optimized with the Yoast SEO Premium plugin v26.7 (Yoast SEO v26.7) - https:\/\/yoast.com\/wordpress\/plugins\/seo\/ -->\n<title>Josep Maria Bartomeu arr\u00eat\u00e9 ce matin dans le cadre du Bar\u00e7agate<\/title>\n<meta name=\"description\" content=\"FOOTBALL - Josep Maria Bartomeu, r\u00e9cemment d\u00e9missionnaire de son poste de pr\u00e9sident du FC Barcelone, a \u00e9t\u00e9 arr\u00eat\u00e9 en compagnie de deux autres personnes ce matin.\" \/>\n<meta name=\"robots\" content=\"index, follow, max-snippet:-1, max-image-preview:large, max-video-preview:-1\" \/>\n<link rel=\"canonical\" href=\"https:\/\/dicodusport.fr\/blog\/josep-maria-bartomeu-arrete-ce-matin-dans-le-cadre-du-barcagate\/\" \/>\n<meta property=\"og:locale\" content=\"fr_FR\" \/>\n<meta property=\"og:type\" content=\"article\" \/>\n<meta property=\"og:title\" content=\"Josep Maria Bartomeu arr\u00eat\u00e9 ce matin dans le cadre du Bar\u00e7agate\" \/>\n<meta property=\"og:description\" content=\"FOOTBALL - Josep Maria Bartomeu, r\u00e9cemment d\u00e9missionnaire de son poste de pr\u00e9sident du FC Barcelone, a \u00e9t\u00e9 arr\u00eat\u00e9 en compagnie de deux autres personnes ce matin.\" \/>\n<meta property=\"og:url\" content=\"https:\/\/dicodusport.fr\/blog\/josep-maria-bartomeu-arrete-ce-matin-dans-le-cadre-du-barcagate\/\" \/>\n<meta property=\"og:site_name\" content=\"Dicodusport\" \/>\n<meta property=\"article:publisher\" content=\"https:\/\/www.facebook.com\/dicodusport\" \/>\n<meta property=\"article:published_time\" content=\"2021-03-01T12:15:28+00:00\" \/>\n<meta property=\"article:modified_time\" content=\"2021-04-20T12:29:00+00:00\" \/>\n<meta property=\"og:image\" content=\"https:\/\/dicodusport.fr\/blog\/wp-content\/uploads\/2021\/03\/Josep-Maria-Bartomeu-arrete-ce-matin-dans-le-cadre-du-Barcagate.png\" \/>\n\t<meta property=\"og:image:width\" content=\"800\" \/>\n\t<meta property=\"og:image:height\" content=\"445\" \/>\n\t<meta property=\"og:image:type\" content=\"image\/png\" \/>\n<meta name=\"author\" content=\"Gregory Caffort\" \/>\n<meta name=\"twitter:card\" content=\"summary_large_image\" \/>\n<meta name=\"twitter:title\" content=\"Josep Maria Bartomeu arr\u00eat\u00e9 ce matin dans le cadre du Bar\u00e7agate\" \/>\n<meta name=\"twitter:creator\" content=\"@https:\/\/twitter.com\/GregCaffort\" \/>\n<meta name=\"twitter:site\" content=\"@dicodusport\" \/>\n<script type=\"application\/ld+json\" class=\"yoast-schema-graph\">{\"@context\":\"https:\/\/schema.org\",\"@graph\":[{\"@type\":\"NewsArticle\",\"@id\":\"https:\/\/dicodusport.fr\/blog\/josep-maria-bartomeu-arrete-ce-matin-dans-le-cadre-du-barcagate\/#article\",\"isPartOf\":{\"@id\":\"https:\/\/dicodusport.fr\/blog\/josep-maria-bartomeu-arrete-ce-matin-dans-le-cadre-du-barcagate\/\"},\"author\":{\"name\":\"Gregory Caffort\",\"@id\":\"https:\/\/dicodusport.fr\/blog\/#\/schema\/person\/1d9e54defe16cbb5468f150418483f7e\"},\"headline\":\"Josep Maria Bartomeu arr\u00eat\u00e9 ce matin dans le cadre du Bar\u00e7agate\",\"datePublished\":\"2021-03-01T12:15:28+00:00\",\"dateModified\":\"2021-04-20T12:29:00+00:00\",\"mainEntityOfPage\":{\"@id\":\"https:\/\/dicodusport.fr\/blog\/josep-maria-bartomeu-arrete-ce-matin-dans-le-cadre-du-barcagate\/\"},\"wordCount\":321,\"commentCount\":0,\"publisher\":{\"@id\":\"https:\/\/dicodusport.fr\/blog\/#organization\"},\"image\":{\"@id\":\"https:\/\/dicodusport.fr\/blog\/josep-maria-bartomeu-arrete-ce-matin-dans-le-cadre-du-barcagate\/#primaryimage\"},\"thumbnailUrl\":\"https:\/\/dicodusport.fr\/blog\/wp-content\/uploads\/2021\/03\/Josep-Maria-Bartomeu-arrete-ce-matin-dans-le-cadre-du-Barcagate.png\",\"keywords\":[\"bar\u00e7a\",\"barcelone\",\"FC Barcelone\",\"Football\"],\"articleSection\":[\"Football\"],\"inLanguage\":\"fr-FR\",\"potentialAction\":[{\"@type\":\"CommentAction\",\"name\":\"Comment\",\"target\":[\"https:\/\/dicodusport.fr\/blog\/josep-maria-bartomeu-arrete-ce-matin-dans-le-cadre-du-barcagate\/#respond\"]}],\"copyrightYear\":\"2021\",\"copyrightHolder\":{\"@id\":\"https:\/\/dicodusport.fr\/blog\/#organization\"}},{\"@type\":\"WebPage\",\"@id\":\"https:\/\/dicodusport.fr\/blog\/josep-maria-bartomeu-arrete-ce-matin-dans-le-cadre-du-barcagate\/\",\"url\":\"https:\/\/dicodusport.fr\/blog\/josep-maria-bartomeu-arrete-ce-matin-dans-le-cadre-du-barcagate\/\",\"name\":\"Josep Maria Bartomeu arr\u00eat\u00e9 ce matin dans le cadre du Bar\u00e7agate\",\"isPartOf\":{\"@id\":\"https:\/\/dicodusport.fr\/blog\/#website\"},\"primaryImageOfPage\":{\"@id\":\"https:\/\/dicodusport.fr\/blog\/josep-maria-bartomeu-arrete-ce-matin-dans-le-cadre-du-barcagate\/#primaryimage\"},\"image\":{\"@id\":\"https:\/\/dicodusport.fr\/blog\/josep-maria-bartomeu-arrete-ce-matin-dans-le-cadre-du-barcagate\/#primaryimage\"},\"thumbnailUrl\":\"https:\/\/dicodusport.fr\/blog\/wp-content\/uploads\/2021\/03\/Josep-Maria-Bartomeu-arrete-ce-matin-dans-le-cadre-du-Barcagate.png\",\"datePublished\":\"2021-03-01T12:15:28+00:00\",\"dateModified\":\"2021-04-20T12:29:00+00:00\",\"description\":\"FOOTBALL - Josep Maria Bartomeu, r\u00e9cemment d\u00e9missionnaire de son poste de pr\u00e9sident du FC Barcelone, a \u00e9t\u00e9 arr\u00eat\u00e9 en compagnie de deux autres personnes ce matin.\",\"breadcrumb\":{\"@id\":\"https:\/\/dicodusport.fr\/blog\/josep-maria-bartomeu-arrete-ce-matin-dans-le-cadre-du-barcagate\/#breadcrumb\"},\"inLanguage\":\"fr-FR\",\"potentialAction\":[{\"@type\":\"ReadAction\",\"target\":[\"https:\/\/dicodusport.fr\/blog\/josep-maria-bartomeu-arrete-ce-matin-dans-le-cadre-du-barcagate\/\"]}]},{\"@type\":\"ImageObject\",\"inLanguage\":\"fr-FR\",\"@id\":\"https:\/\/dicodusport.fr\/blog\/josep-maria-bartomeu-arrete-ce-matin-dans-le-cadre-du-barcagate\/#primaryimage\",\"url\":\"https:\/\/dicodusport.fr\/blog\/wp-content\/uploads\/2021\/03\/Josep-Maria-Bartomeu-arrete-ce-matin-dans-le-cadre-du-Barcagate.png\",\"contentUrl\":\"https:\/\/dicodusport.fr\/blog\/wp-content\/uploads\/2021\/03\/Josep-Maria-Bartomeu-arrete-ce-matin-dans-le-cadre-du-Barcagate.png\",\"width\":800,\"height\":445,\"caption\":\"Josep Maria Bartomeu arr\u00eat\u00e9 ce matin dans le cadre du Bar\u00e7agate\"},{\"@type\":\"BreadcrumbList\",\"@id\":\"https:\/\/dicodusport.fr\/blog\/josep-maria-bartomeu-arrete-ce-matin-dans-le-cadre-du-barcagate\/#breadcrumb\",\"itemListElement\":[{\"@type\":\"ListItem\",\"position\":1,\"name\":\"Accueil\",\"item\":\"https:\/\/dicodusport.fr\/blog\/\"},{\"@type\":\"ListItem\",\"position\":2,\"name\":\"Josep Maria Bartomeu arr\u00eat\u00e9 ce matin dans le cadre du Bar\u00e7agate\"}]},{\"@type\":\"WebSite\",\"@id\":\"https:\/\/dicodusport.fr\/blog\/#website\",\"url\":\"https:\/\/dicodusport.fr\/blog\/\",\"name\":\"Dicodusport\",\"description\":\"L&#039;encyclop\u00e9die de l&#039;actualit\u00e9 sportive\",\"publisher\":{\"@id\":\"https:\/\/dicodusport.fr\/blog\/#organization\"},\"potentialAction\":[{\"@type\":\"SearchAction\",\"target\":{\"@type\":\"EntryPoint\",\"urlTemplate\":\"https:\/\/dicodusport.fr\/blog\/?s={search_term_string}\"},\"query-input\":{\"@type\":\"PropertyValueSpecification\",\"valueRequired\":true,\"valueName\":\"search_term_string\"}}],\"inLanguage\":\"fr-FR\"},{\"@type\":\"NewsMediaOrganization\",\"@id\":\"https:\/\/dicodusport.fr\/blog\/#organization\",\"name\":\"Dicodusport\",\"url\":\"https:\/\/dicodusport.fr\/blog\/\",\"logo\":{\"@type\":\"ImageObject\",\"inLanguage\":\"fr-FR\",\"@id\":\"https:\/\/dicodusport.fr\/blog\/#\/schema\/logo\/image\/\",\"url\":\"https:\/\/dicodusport.fr\/blog\/wp-content\/uploads\/2020\/06\/cropped-LOGO-DICODUSPORT-2020-SANS-FOND-SANS-TEXTE.png\",\"contentUrl\":\"https:\/\/dicodusport.fr\/blog\/wp-content\/uploads\/2020\/06\/cropped-LOGO-DICODUSPORT-2020-SANS-FOND-SANS-TEXTE.png\",\"width\":512,\"height\":512,\"caption\":\"Dicodusport\"},\"image\":{\"@id\":\"https:\/\/dicodusport.fr\/blog\/#\/schema\/logo\/image\/\"},\"sameAs\":[\"https:\/\/www.facebook.com\/dicodusport\",\"https:\/\/x.com\/dicodusport\",\"https:\/\/www.instagram.com\/dicodusport\/\",\"https:\/\/www.youtube.com\/channel\/UC7V2KZ5sd3htJivAbA4ZG3w\"],\"description\":\"Dicodusport est l'encyclop\u00e9die de l'actualit\u00e9 sportive.\",\"email\":\"bonjour@dicodusport.fr\",\"legalName\":\"DICODUSPORT\",\"foundingDate\":\"2018-01-14\",\"vatID\":\"FR71834470973\",\"taxID\":\"83447097300043\",\"numberOfEmployees\":{\"@type\":\"QuantitativeValue\",\"minValue\":\"1\",\"maxValue\":\"10\"}},{\"@type\":\"Person\",\"@id\":\"https:\/\/dicodusport.fr\/blog\/#\/schema\/person\/1d9e54defe16cbb5468f150418483f7e\",\"name\":\"Gregory Caffort\",\"image\":{\"@type\":\"ImageObject\",\"inLanguage\":\"fr-FR\",\"@id\":\"https:\/\/dicodusport.fr\/blog\/#\/schema\/person\/image\/\",\"url\":\"https:\/\/dicodusport.fr\/blog\/wp-content\/uploads\/2021\/04\/Maillot-Greg-Dicodusport-150x150.png\",\"contentUrl\":\"https:\/\/dicodusport.fr\/blog\/wp-content\/uploads\/2021\/04\/Maillot-Greg-Dicodusport-150x150.png\",\"caption\":\"Gregory Caffort\"},\"description\":\"Apr\u00e8s une carri\u00e8re de pr\u00e8s de 13 ans dans le secteur bancaire, ma passion pour le sport m'a rattrap\u00e9. C'est tout naturellement que j'ai accept\u00e9 de me joindre \u00e0 l'aventure Dicodusport avec l'id\u00e9e de faire grandir ce m\u00e9dia consacr\u00e9 aux sports du plus connu au plus confidentiel.\",\"sameAs\":[\"https:\/\/x.com\/https:\/\/twitter.com\/GregCaffort\"],\"url\":\"https:\/\/dicodusport.fr\/blog\/author\/greg\/\"}]}<\/script>\n<!-- \/ Yoast SEO Premium plugin. -->","yoast_head_json":{"title":"Josep Maria Bartomeu arr\u00eat\u00e9 ce matin dans le cadre du Bar\u00e7agate","description":"FOOTBALL - Josep Maria Bartomeu, r\u00e9cemment d\u00e9missionnaire de son poste de pr\u00e9sident du FC Barcelone, a \u00e9t\u00e9 arr\u00eat\u00e9 en compagnie de deux autres personnes ce matin.","robots":{"index":"index","follow":"follow","max-snippet":"max-snippet:-1","max-image-preview":"max-image-preview:large","max-video-preview":"max-video-preview:-1"},"canonical":"https:\/\/dicodusport.fr\/blog\/josep-maria-bartomeu-arrete-ce-matin-dans-le-cadre-du-barcagate\/","og_locale":"fr_FR","og_type":"article","og_title":"Josep Maria Bartomeu arr\u00eat\u00e9 ce matin dans le cadre du Bar\u00e7agate","og_description":"FOOTBALL - Josep Maria Bartomeu, r\u00e9cemment d\u00e9missionnaire de son poste de pr\u00e9sident du FC Barcelone, a \u00e9t\u00e9 arr\u00eat\u00e9 en compagnie de deux autres personnes ce matin.","og_url":"https:\/\/dicodusport.fr\/blog\/josep-maria-bartomeu-arrete-ce-matin-dans-le-cadre-du-barcagate\/","og_site_name":"Dicodusport","article_publisher":"https:\/\/www.facebook.com\/dicodusport","article_published_time":"2021-03-01T12:15:28+00:00","article_modified_time":"2021-04-20T12:29:00+00:00","og_image":[{"width":800,"height":445,"url":"https:\/\/dicodusport.fr\/blog\/wp-content\/uploads\/2021\/03\/Josep-Maria-Bartomeu-arrete-ce-matin-dans-le-cadre-du-Barcagate.png","type":"image\/png"}],"author":"Gregory Caffort","twitter_card":"summary_large_image","twitter_title":"Josep Maria Bartomeu arr\u00eat\u00e9 ce matin dans le cadre du Bar\u00e7agate","twitter_creator":"@https:\/\/twitter.com\/GregCaffort","twitter_site":"@dicodusport","schema":{"@context":"https:\/\/schema.org","@graph":[{"@type":"NewsArticle","@id":"https:\/\/dicodusport.fr\/blog\/josep-maria-bartomeu-arrete-ce-matin-dans-le-cadre-du-barcagate\/#article","isPartOf":{"@id":"https:\/\/dicodusport.fr\/blog\/josep-maria-bartomeu-arrete-ce-matin-dans-le-cadre-du-barcagate\/"},"author":{"name":"Gregory Caffort","@id":"https:\/\/dicodusport.fr\/blog\/#\/schema\/person\/1d9e54defe16cbb5468f150418483f7e"},"headline":"Josep Maria Bartomeu arr\u00eat\u00e9 ce matin dans le cadre du Bar\u00e7agate","datePublished":"2021-03-01T12:15:28+00:00","dateModified":"2021-04-20T12:29:00+00:00","mainEntityOfPage":{"@id":"https:\/\/dicodusport.fr\/blog\/josep-maria-bartomeu-arrete-ce-matin-dans-le-cadre-du-barcagate\/"},"wordCount":321,"commentCount":0,"publisher":{"@id":"https:\/\/dicodusport.fr\/blog\/#organization"},"image":{"@id":"https:\/\/dicodusport.fr\/blog\/josep-maria-bartomeu-arrete-ce-matin-dans-le-cadre-du-barcagate\/#primaryimage"},"thumbnailUrl":"https:\/\/dicodusport.fr\/blog\/wp-content\/uploads\/2021\/03\/Josep-Maria-Bartomeu-arrete-ce-matin-dans-le-cadre-du-Barcagate.png","keywords":["bar\u00e7a","barcelone","FC Barcelone","Football"],"articleSection":["Football"],"inLanguage":"fr-FR","potentialAction":[{"@type":"CommentAction","name":"Comment","target":["https:\/\/dicodusport.fr\/blog\/josep-maria-bartomeu-arrete-ce-matin-dans-le-cadre-du-barcagate\/#respond"]}],"copyrightYear":"2021","copyrightHolder":{"@id":"https:\/\/dicodusport.fr\/blog\/#organization"}},{"@type":"WebPage","@id":"https:\/\/dicodusport.fr\/blog\/josep-maria-bartomeu-arrete-ce-matin-dans-le-cadre-du-barcagate\/","url":"https:\/\/dicodusport.fr\/blog\/josep-maria-bartomeu-arrete-ce-matin-dans-le-cadre-du-barcagate\/","name":"Josep Maria Bartomeu arr\u00eat\u00e9 ce matin dans le cadre du Bar\u00e7agate","isPartOf":{"@id":"https:\/\/dicodusport.fr\/blog\/#website"},"primaryImageOfPage":{"@id":"https:\/\/dicodusport.fr\/blog\/josep-maria-bartomeu-arrete-ce-matin-dans-le-cadre-du-barcagate\/#primaryimage"},"image":{"@id":"https:\/\/dicodusport.fr\/blog\/josep-maria-bartomeu-arrete-ce-matin-dans-le-cadre-du-barcagate\/#primaryimage"},"thumbnailUrl":"https:\/\/dicodusport.fr\/blog\/wp-content\/uploads\/2021\/03\/Josep-Maria-Bartomeu-arrete-ce-matin-dans-le-cadre-du-Barcagate.png","datePublished":"2021-03-01T12:15:28+00:00","dateModified":"2021-04-20T12:29:00+00:00","description":"FOOTBALL - Josep Maria Bartomeu, r\u00e9cemment d\u00e9missionnaire de son poste de pr\u00e9sident du FC Barcelone, a \u00e9t\u00e9 arr\u00eat\u00e9 en compagnie de deux autres personnes ce matin.","breadcrumb":{"@id":"https:\/\/dicodusport.fr\/blog\/josep-maria-bartomeu-arrete-ce-matin-dans-le-cadre-du-barcagate\/#breadcrumb"},"inLanguage":"fr-FR","potentialAction":[{"@type":"ReadAction","target":["https:\/\/dicodusport.fr\/blog\/josep-maria-bartomeu-arrete-ce-matin-dans-le-cadre-du-barcagate\/"]}]},{"@type":"ImageObject","inLanguage":"fr-FR","@id":"https:\/\/dicodusport.fr\/blog\/josep-maria-bartomeu-arrete-ce-matin-dans-le-cadre-du-barcagate\/#primaryimage","url":"https:\/\/dicodusport.fr\/blog\/wp-content\/uploads\/2021\/03\/Josep-Maria-Bartomeu-arrete-ce-matin-dans-le-cadre-du-Barcagate.png","contentUrl":"https:\/\/dicodusport.fr\/blog\/wp-content\/uploads\/2021\/03\/Josep-Maria-Bartomeu-arrete-ce-matin-dans-le-cadre-du-Barcagate.png","width":800,"height":445,"caption":"Josep Maria Bartomeu arr\u00eat\u00e9 ce matin dans le cadre du Bar\u00e7agate"},{"@type":"BreadcrumbList","@id":"https:\/\/dicodusport.fr\/blog\/josep-maria-bartomeu-arrete-ce-matin-dans-le-cadre-du-barcagate\/#breadcrumb","itemListElement":[{"@type":"ListItem","position":1,"name":"Accueil","item":"https:\/\/dicodusport.fr\/blog\/"},{"@type":"ListItem","position":2,"name":"Josep Maria Bartomeu arr\u00eat\u00e9 ce matin dans le cadre du Bar\u00e7agate"}]},{"@type":"WebSite","@id":"https:\/\/dicodusport.fr\/blog\/#website","url":"https:\/\/dicodusport.fr\/blog\/","name":"Dicodusport","description":"L&#039;encyclop\u00e9die de l&#039;actualit\u00e9 sportive","publisher":{"@id":"https:\/\/dicodusport.fr\/blog\/#organization"},"potentialAction":[{"@type":"SearchAction","target":{"@type":"EntryPoint","urlTemplate":"https:\/\/dicodusport.fr\/blog\/?s={search_term_string}"},"query-input":{"@type":"PropertyValueSpecification","valueRequired":true,"valueName":"search_term_string"}}],"inLanguage":"fr-FR"},{"@type":"NewsMediaOrganization","@id":"https:\/\/dicodusport.fr\/blog\/#organization","name":"Dicodusport","url":"https:\/\/dicodusport.fr\/blog\/","logo":{"@type":"ImageObject","inLanguage":"fr-FR","@id":"https:\/\/dicodusport.fr\/blog\/#\/schema\/logo\/image\/","url":"https:\/\/dicodusport.fr\/blog\/wp-content\/uploads\/2020\/06\/cropped-LOGO-DICODUSPORT-2020-SANS-FOND-SANS-TEXTE.png","contentUrl":"https:\/\/dicodusport.fr\/blog\/wp-content\/uploads\/2020\/06\/cropped-LOGO-DICODUSPORT-2020-SANS-FOND-SANS-TEXTE.png","width":512,"height":512,"caption":"Dicodusport"},"image":{"@id":"https:\/\/dicodusport.fr\/blog\/#\/schema\/logo\/image\/"},"sameAs":["https:\/\/www.facebook.com\/dicodusport","https:\/\/x.com\/dicodusport","https:\/\/www.instagram.com\/dicodusport\/","https:\/\/www.youtube.com\/channel\/UC7V2KZ5sd3htJivAbA4ZG3w"],"description":"Dicodusport est l'encyclop\u00e9die de l'actualit\u00e9 sportive.","email":"bonjour@dicodusport.fr","legalName":"DICODUSPORT","foundingDate":"2018-01-14","vatID":"FR71834470973","taxID":"83447097300043","numberOfEmployees":{"@type":"QuantitativeValue","minValue":"1","maxValue":"10"}},{"@type":"Person","@id":"https:\/\/dicodusport.fr\/blog\/#\/schema\/person\/1d9e54defe16cbb5468f150418483f7e","name":"Gregory Caffort","image":{"@type":"ImageObject","inLanguage":"fr-FR","@id":"https:\/\/dicodusport.fr\/blog\/#\/schema\/person\/image\/","url":"https:\/\/dicodusport.fr\/blog\/wp-content\/uploads\/2021\/04\/Maillot-Greg-Dicodusport-150x150.png","contentUrl":"https:\/\/dicodusport.fr\/blog\/wp-content\/uploads\/2021\/04\/Maillot-Greg-Dicodusport-150x150.png","caption":"Gregory Caffort"},"description":"Apr\u00e8s une carri\u00e8re de pr\u00e8s de 13 ans dans le secteur bancaire, ma passion pour le sport m'a rattrap\u00e9. C'est tout naturellement que j'ai accept\u00e9 de me joindre \u00e0 l'aventure Dicodusport avec l'id\u00e9e de faire grandir ce m\u00e9dia consacr\u00e9 aux sports du plus connu au plus confidentiel.","sameAs":["https:\/\/x.com\/https:\/\/twitter.com\/GregCaffort"],"url":"https:\/\/dicodusport.fr\/blog\/author\/greg\/"}]}},"_links":{"self":[{"href":"https:\/\/dicodusport.fr\/blog\/wp-json\/wp\/v2\/posts\/110180","targetHints":{"allow":["GET"]}}],"collection":[{"href":"https:\/\/dicodusport.fr\/blog\/wp-json\/wp\/v2\/posts"}],"about":[{"href":"https:\/\/dicodusport.fr\/blog\/wp-json\/wp\/v2\/types\/post"}],"author":[{"embeddable":true,"href":"https:\/\/dicodusport.fr\/blog\/wp-json\/wp\/v2\/users\/49"}],"replies":[{"embeddable":true,"href":"https:\/\/dicodusport.fr\/blog\/wp-json\/wp\/v2\/comments?post=110180"}],"version-history":[{"count":0,"href":"https:\/\/dicodusport.fr\/blog\/wp-json\/wp\/v2\/posts\/110180\/revisions"}],"wp:featuredmedia":[{"embeddable":true,"href":"https:\/\/dicodusport.fr\/blog\/wp-json\/wp\/v2\/media\/110191"}],"wp:attachment":[{"href":"https:\/\/dicodusport.fr\/blog\/wp-json\/wp\/v2\/media?parent=110180"}],"wp:term":[{"taxonomy":"category","embeddable":true,"href":"https:\/\/dicodusport.fr\/blog\/wp-json\/wp\/v2\/categories?post=110180"},{"taxonomy":"post_tag","embeddable":true,"href":"https:\/\/dicodusport.fr\/blog\/wp-json\/wp\/v2\/tags?post=110180"}],"curies":[{"name":"wp","href":"https:\/\/api.w.org\/{rel}","templated":true}]}}