{"id":110306,"date":"2021-03-02T12:00:25","date_gmt":"2021-03-02T11:00:25","guid":{"rendered":"https:\/\/dicodusport.fr\/blog\/?p=110306"},"modified":"2021-06-18T07:58:01","modified_gmt":"2021-06-18T05:58:01","slug":"christophe-lemaitre-je-vis-pour-gagner-des-medailles","status":"publish","type":"post","link":"https:\/\/dicodusport.fr\/blog\/christophe-lemaitre-je-vis-pour-gagner-des-medailles\/","title":{"rendered":"Christophe Lemaitre : \u00ab Je vis pour gagner des m\u00e9dailles \u00bb"},"content":{"rendered":"<p style=\"text-align: justify;\"><strong><em><a href=\"https:\/\/dicodusport.fr\/definition-sport\/athletisme\/\" target=\"_blank\" rel=\"noopener\">ATHL\u00c9TISME<\/a> &#8211; En pleine pr\u00e9paration pour la saison estivale et avec les JO en ligne de mire, Christophe Lemaitre s&rsquo;est confi\u00e9 pour Dicodusport. N&rsquo;\u00e9ludant aucun sujet, le double m\u00e9daill\u00e9 olympique a encore de l&rsquo;app\u00e9tit et nourrit de grandes ambitions. Entretien.<\/em><\/strong><\/p>\n<h3 style=\"text-align: justify;\">Christophe, tout d\u2019abord comment allez-vous suite \u00e0 votre contracture aux ischios ressenti lors du meeting de Metz ?<\/h3>\n<p style=\"text-align: justify;\">Il ne s\u2019agit pas d\u2019une grosse blessure en soi, mais une petite l\u00e9sion a tout de m\u00eame \u00e9t\u00e9 r\u00e9v\u00e9l\u00e9e lors des examens m\u00e9dicaux. \u00c0 l\u2019heure actuelle, je peux chausser les pointes sur 100 m \u00e0 l\u2019entra\u00eenement mais sans \u00eatre \u00e0 bloc bien entendu. Cela a pour cons\u00e9quence malgr\u00e9 tout que la saison en salle soit termin\u00e9e et que je vais dor\u00e9navant me pr\u00e9parer pour la saison estivale.<\/p>\n<h3 style=\"text-align: justify;\">Vous faites r\u00e9f\u00e9rence \u00e0 la saison estivale, en point d\u2019orgue il y aura les JO de Tokyo, comment va donc s\u2019articuler votre pr\u00e9paration pour cet \u00e9v\u00e9nement ?<\/h3>\n<p style=\"text-align: justify;\">Pour le moment, aucun planning pr\u00e9cis n\u2019a \u00e9t\u00e9 \u00e9tabli. Dans un premier temps, il faudra r\u00e9ussir les minimas pour ces JO. Il sera n\u00e9cessaire d\u2019\u00eatre op\u00e9rationnel rapidement, d\u00e8s fin avril o\u00f9 les Championnats du monde de relais et la Coupe d\u2019Europe par \u00e9quipes seront au programme. Je vais participer \u00e0 des meetings et \u00e0 des \u00e9tapes de la Diamond League, il faudra courir vite tr\u00e8s t\u00f4t.<\/p>\n<h3 style=\"text-align: justify;\">Cet hiver, vous avez effectu\u00e9 un stage de pr\u00e9paration en Afrique du Sud, qu\u2019\u00eates-vous all\u00e9 chercher l\u00e0-bas ? Y a-t-il un brin de superstition sachant que vous aviez \u00e9galement pr\u00e9par\u00e9 les JO de Rio 2016 dans ce pays ?<\/h3>\n<p style=\"text-align: justify;\">Non pas sp\u00e9cialement de superstition, mais c\u2019est un endroit que l\u2019on conna\u00eet bien avec l\u2019\u00e9quipe de France. On a d\u00e9j\u00e0 pu y faire des stages de pr\u00e9paration par le pass\u00e9. Le cadre y est id\u00e9al pour s\u2019entra\u00eener avec de tr\u00e8s bonnes conditions et notamment une piste en herbe et des infrastructures de qualit\u00e9.<\/p>\n<blockquote class=\"twitter-tweet\">\n<p dir=\"ltr\" lang=\"fr\">Hello les amis. Bien arriv\u00e9 \u00e0 Potchefstroom en Afrique du Sud pour y d\u00e9buter un stage d\u2019entra\u00eenement de plusieurs jours.<br \/>\nLe soleil est pas encore au rendez vous mais il fait quand m\u00eame 25 degr\u00e9s de moyenne, ce qui est d\u00e9j\u00e0 pas mal &#x1f44c;&#x1f3fb;<br \/>\nLa pr\u00e9paration se poursuit avec le sourire &#x1f601; <a href=\"https:\/\/t.co\/Zsqd550o6b\">pic.twitter.com\/Zsqd550o6b<\/a><\/p>\n<p>\u2014 Lemaitre Christophe OLY (@lemaitreathle) <a href=\"https:\/\/twitter.com\/lemaitreathle\/status\/1349425064215797760?ref_src=twsrc%5Etfw\">January 13, 2021<\/a><\/p><\/blockquote>\n<p><script async src=\"https:\/\/platform.twitter.com\/widgets.js\" charset=\"utf-8\"><\/script><\/p>\n<h3 style=\"text-align: justify;\">Malgr\u00e9 tout, vous avez connu un d\u00e9but de saison difficile lors de votre rentr\u00e9e lors du meeting de Mondeville. Comment expliquez-vous cela ?<\/h3>\n<p style=\"text-align: justify;\">Il est certain que les chronos r\u00e9alis\u00e9s lors de ce meeting ont \u00e9t\u00e9 en-de\u00e7\u00e0 de mes esp\u00e9rances. Mais le meeting est arriv\u00e9 juste une semaine apr\u00e8s cette pr\u00e9paration en Afrique du Sud qui a \u00e9t\u00e9 assez \u00e9prouvante. L\u00e0-bas, j\u2019ai \u00e9norm\u00e9ment tap\u00e9 dans mes r\u00e9serves et j\u2019ai senti lors des derniers entra\u00eenements que j\u2019\u00e9tais dans le mal. Donc c\u2019est clair que ce n\u2019est pas \u00e9vident. Il faut se faire une raison. La blessure va me permettre, si je peux le dire ainsi, de refaire du jus et de pr\u00e9parer la saison estivale. C\u2019est \u00e0 mon sens le lot de tous les athl\u00e8tes de conna\u00eetre des p\u00e9riodes plus ou moins compliqu\u00e9es, le tout est d\u2019analyser pourquoi et de se remettre en question.<\/p>\n<h3 style=\"text-align: justify;\">Revenons aux JO, pour rappel vous \u00eates double m\u00e9daill\u00e9 olympique, comment les abordez-vous ? Quel est votre objectif \u00e0 Tokyo ? Le r\u00eave d\u2019atteindre une 3\u00e8me m\u00e9daille ?<\/h3>\n<p style=\"text-align: justify;\">Le 1<sup>er<\/sup> objectif sera de parvenir \u00e0 entrer en finale. Et bien entendu, s\u2019il y a la possibilit\u00e9 de r\u00e9it\u00e9rer la performance de Rio, cela serait formidable. Pour cela, il va falloir \u00e9norm\u00e9ment se pr\u00e9parer. Quoi qu\u2019il en soit, il faudra \u00eatre en forme assez t\u00f4t pour faire les minimas. Un travail quantitatif sera mis en place sans devoir se cramer afin d\u2019\u00eatre au meilleur de ma forme le jour J, car c\u2019est l\u00e0 que cela comptera.<\/p>\n<h3 style=\"text-align: justify;\">Quand on a tout gagn\u00e9 ou presque comme vous, n\u2019est-il pas difficile parfois de relancer la machine et de se remettre en question lors de saisons plus compliqu\u00e9es ?<\/h3>\n<p style=\"text-align: justify;\">J\u2019ai toujours un app\u00e9tit et je vis pour gagner des m\u00e9dailles. Alors le fait de remettre le bleu de chauffe pour retourner \u00e0 l\u2019entra\u00eenement et esp\u00e9rer gagner \u00e0 nouveau des titres me motive tout particuli\u00e8rement. La remise en question quant \u00e0 elle fait partie selon moi de l\u2019athl\u00e8te de haut niveau. Il me semble n\u00e9cessaire de toujours se questionner sur le bilan d\u2019une saison, qu\u2019il soit positif ou n\u00e9gatif. Un athl\u00e8te traversera forc\u00e9ment des p\u00e9riodes plus compliqu\u00e9es. Mis \u00e0 part de s\u2019appeler <strong>Bolt<\/strong> ou<strong> Felix<\/strong>, tout le monde conna\u00eet cela dans une carri\u00e8re. Il faut donc repartir de l\u2019avant, trouver la motivation et se poser les bonnes questions. Au final, ce qui comptera, c\u2019est la place et pas le chrono. Moi, si je suis champion olympique en 20.50, je signe de suite. Demandez \u00e0 <strong>Kim Collins<\/strong> aujourd\u2019hui s\u2019il n\u2019est pas heureux de son titre de champion du monde en 2003. \u00catre en forme lors des meetings, c\u2019est certes important mais ce que l\u2019on retient au final, ce sont les titres.<\/p>\n<h3 style=\"text-align: justify;\">Comment un comp\u00e9titeur comme vous a v\u00e9cu le fait que des \u00e9v\u00e9nements comme les JO et les championnats d&rsquo;Europe soient annul\u00e9s et remettent toute une pr\u00e9paration en cause ?<\/h3>\n<p style=\"text-align: justify;\">Forc\u00e9ment, cela n\u2019a pas \u00e9t\u00e9 \u00e9vident. Avec la mise en place des diff\u00e9rents confinements et des mesures sanitaires, il a \u00e9t\u00e9 n\u00e9cessaire de s\u2019adapter. J\u2019effectuais par exemple des s\u00e9ances de sprint sur route et une salle de musculation en plein air avait \u00e9t\u00e9 con\u00e7ue chez mon coach. Par la force des choses, il a fallu revoir ses plans et l\u2019accepter car il n\u2019y avait pas le choix.<\/p>\n<h3 style=\"text-align: justify;\">Comme vous l\u2019expliquez, l\u2019important est d\u2019\u00eatre au rendez-vous le jour J. Cependant, le sprint demande des heures d\u2019entra\u00eenement pour quelques secondes d\u2019effort. Pourriez-vous nous d\u00e9crire ce qui vous plait dans cette discipline ? N\u2019est-elle parfois pas frustrante ?<\/h3>\n<p style=\"text-align: justify;\">Ce qui me pla\u00eet le plus, c\u2019est l\u2019impression de voler, de planer sur la piste quand mon corps r\u00e9pond parfaitement. C\u2019est connu, un sprinteur passe plus de temps en l\u2019air qu\u2019au sol. Quand tout va bien, c\u2019est vraiment une sensation \u00ab kiffante \u00bb. Apr\u00e8s, c\u2019est certain que l\u2019athl\u00e9tisme en g\u00e9n\u00e9ral peut \u00eatre frustrant. Des heures d\u2019entra\u00eenement ne permettent pas forc\u00e9ment de gagner des secondes ou des centim\u00e8tres selon la discipline exerc\u00e9e.<\/p>\n<h3 style=\"text-align: justify;\">En parlant de discipline, vous avez \u00e9t\u00e9 r\u00e9v\u00e9l\u00e9 sur 100 m, mais vous semblez d\u00e9sormais plus \u00e0 votre aise sur 200 non ?<\/h3>\n<p style=\"text-align: justify;\">Au d\u00e9part, j\u2019avais une pr\u00e9f\u00e9rence pour le 100 m. Notamment par rapport \u00e0 une certaine appr\u00e9hension du 200 m, par rapport \u00e0 l\u2019\u00e9tat de fatigue que je pourrais ressentir en fin de course, je mettais \u00e9norm\u00e9ment de temps \u00e0 r\u00e9cup\u00e9rer. Mais suite \u00e0 un travail important, j\u2019ai r\u00e9ussi \u00e0 g\u00e9rer cela et les victoires aidant, il est vrai que c\u2019est devenu ma distance pr\u00e9f\u00e9r\u00e9e.<\/p>\n<h3 style=\"text-align: justify;\">On vous sait d\u2019un naturel r\u00e9serv\u00e9, mais l\u2019athl\u00e9tisme vous a permis d\u2019ext\u00e9rioriser une certaine \u00ab agressivit\u00e9 \u00bb comme vous le racontez dans votre livre la <em>Revanche du grand blond<\/em>. Votre notori\u00e9t\u00e9 grandissante, comment avez-vous g\u00e9rez votre c\u00e9l\u00e9brit\u00e9 ?<\/h3>\n<p style=\"text-align: justify;\">C\u2019est vrai que j\u2019ai toujours \u00e9t\u00e9 de nature timide et que l\u2019athl\u00e9tisme a permis que je prenne confiance en moi. Je suis d\u00e9sormais un peu plus ouvert. Mais depuis tout petit, j\u2019ai toujours \u00e9t\u00e9 comp\u00e9titeur, cela a toujours \u00e9t\u00e9 dans mon temp\u00e9rament. Concernant la c\u00e9l\u00e9brit\u00e9, je l\u2019ai donc prise comme elle est venue, petit \u00e0 petit, sans me prendre la t\u00eate avec mon image ou quoi que ce soit, j\u2019ai continu\u00e9 \u00e0 vivre normalement.<\/p>\n<h3 style=\"text-align: justify;\">Est-ce qu\u2019un athl\u00e8te vous a inspir\u00e9 \u00e9tant plus jeune ?<\/h3>\n<p style=\"text-align: justify;\">Sinc\u00e8rement, je ne peux pas dire que j\u2019ai \u00e9t\u00e9 influenc\u00e9 par un(e) athl\u00e8te. Je ne connaissais pas du tout l\u2019athl\u00e9tisme et son histoire. J\u2019ignorais par exemple le palmar\u00e8s d\u2019une championne comme <strong>Marie-Jos\u00e9 P\u00e9rec<\/strong>. C\u2019est plut\u00f4t par rapport \u00e0 la recherche d\u2019un sport qui pouvait mettre en avant mes qualit\u00e9s de vitesse que je me suis orient\u00e9 vers l\u2019athl\u00e9tisme. Suite \u00e0 des diff\u00e9rents tests, un potentiel a \u00e9t\u00e9 r\u00e9v\u00e9l\u00e9.<\/p>\n<h3 style=\"text-align: justify;\">Et vous, pensez-vous que vous puissiez \u00eatre un mod\u00e8le pour des jeunes qui souhaiteraient s\u2019inspirer de votre parcours ?<\/h3>\n<p style=\"text-align: justify;\">Tout d\u2019abord aux jeunes qui souhaiteraient d\u00e9buter dans l\u2019athl\u00e9tisme, je leur conseillerais de suivre leur propre chemin en choisissant une discipline en fonction de leurs affinit\u00e9s, et pas selon un mod\u00e8le \u00e9ventuel. Si un jeune athl\u00e8te se destine \u00e0 devenir sprinteur, je lui conseillerais de ne pas se prendre la t\u00eate avec d\u2019\u00e9ventuelles pr\u00e9dispositions. J\u2019ai connu de nombreux athl\u00e8tes performants tr\u00e8s t\u00f4t mais qui, par la suite, n\u2019ont pas confirm\u00e9 et d\u2019autres en revanche \u00e0 qui on ne pr\u00e9sageait pas d\u2019avenir dans la discipline et qui ont perc\u00e9. \u00c0 force de travail et de plaisir, on peut arriver \u00e0 ses fins.<\/p>\n<h3 style=\"text-align: justify;\">Le statut de l\u2019athl\u00e9tisme compar\u00e9 \u00e0 certains autres sport ne pourrait-il pas cependant \u00eatre un frein pour certains jeunes ?<\/h3>\n<p style=\"text-align: justify;\">Pour en vivre, il faut une certaine notori\u00e9t\u00e9, c\u2019est certain. Il faudrait que ce sport soit plus consid\u00e9r\u00e9 par rapport aux gains que l\u2019on obtient en rapport \u00e0 certaines performances. Cela demande qui plus est un fort investissement. Ce n\u2019est pas facile pour en vivre un minimum. C\u2019est un investissement personnel qui est \u00e9lev\u00e9 en termes de temps et de moyens. Il est tr\u00e8s difficile de concilier \u00e9tudes et sport. Je comprends les jeunes qui privil\u00e9gient leur carri\u00e8re professionnelle \u00e0 la carri\u00e8re sportive, car il n\u2019y a aucune garantie et les moyens n\u00e9cessaires sont importants.<\/p>\n<h3 style=\"text-align: justify;\">Vous \u00eates double m\u00e9daill\u00e9 olympique et mondial, 4 fois champion d\u2019Europe entre autres, mais malgr\u00e9 tout un autre fait semble vous coller \u00e0 la peau : celui d\u2019\u00eatre le 1<sup>er<\/sup> \u00ab sprinteur blanc \u00bb \u00e0 \u00eatre descendu sous les 10 secondes. N\u2019est-ce pas en r\u00e9sum\u00e9 un peu frustrant voire r\u00e9ducteur ?<\/h3>\n<p style=\"text-align: justify;\">Oui clairement, cela me colle encore \u00e0 la peau et cela me suivra toute ma carri\u00e8re. On en a beaucoup parl\u00e9 \u00e0 l\u2019\u00e9poque et encore \u00e0 l\u2019heure actuelle. Que cela soit en France ou \u00e0 l\u2019\u00e9tranger, quand on me reconna\u00eetra, il est certain que l\u2019on me consid\u00e9rera avant tout comme le premier sprinteur blanc \u00e0 \u00eatre descendu sous les 10 secondes au 100 m que de par mes m\u00e9dailles olympiques. Les titres europ\u00e9ens et les m\u00e9dailles olympiques sont notamment \u00e9clips\u00e9s par ce fait. Je ne vais pas dire que c\u2019est frustrant, mais plut\u00f4t exasp\u00e9rant. Cela r\u00e9duit un homme \u00e0 un seul fait, alors que ma carri\u00e8re est faite tout de m\u00eame de nombreuses autres choses. Et malgr\u00e9 tout, cela sort du cadre sportif. Ce n\u2019est pas un fait anecdotique, mais cela rev\u00eat de l\u2019extra-sportif pour moi. Les m\u00e9dias ont jou\u00e9 un r\u00f4le important, car cela avait \u00e9t\u00e9 repris \u00e9norm\u00e9ment et par ricochets, c\u2019est rest\u00e9 dans l\u2019esprit des gens.<\/p>\n<h3 style=\"text-align: justify;\">\u00c0 titre personnel donc, quel est pour vous \u00e0 l\u2019heure actuelle votre plus beau souvenir de course ?<\/h3>\n<p style=\"text-align: justify;\">Bien entendu, je vais vous dire ma m\u00e9daille de bronze sur 200 m lors des <strong>JO de Rio<\/strong>. Mais je vais \u00e9galement citer celle obtenue lors des<strong> Championnats du monde \u00e0 Daegu<\/strong> avec un record personnel \u00e0 la cl\u00e9 en 19.80. Mais Rio en termes d\u2019\u00e9motions reste au-dessus.<\/p>\n<blockquote class=\"twitter-tweet\">\n<p dir=\"ltr\" lang=\"fr\">[<a href=\"https:\/\/twitter.com\/hashtag\/Rio2016?src=hash&amp;ref_src=twsrc%5Etfw\">#Rio2016<\/a>]\nL&rsquo;hommage de Usain <a href=\"https:\/\/twitter.com\/hashtag\/Bolt?src=hash&amp;ref_src=twsrc%5Etfw\">#Bolt<\/a> \u00e0 Christophe <a href=\"https:\/\/twitter.com\/hashtag\/Lema%C3%AEtre?src=hash&amp;ref_src=twsrc%5Etfw\">#Lema\u00eetre<\/a> apr\u00e8s le <a href=\"https:\/\/twitter.com\/hashtag\/200m?src=hash&amp;ref_src=twsrc%5Etfw\">#200m<\/a>. <a href=\"https:\/\/t.co\/UbITVmDJTx\">pic.twitter.com\/UbITVmDJTx<\/a><\/p>\n<p>\u2014 INFOSPORT+ (@infosportplus) <a href=\"https:\/\/twitter.com\/infosportplus\/status\/766505978594529280?ref_src=twsrc%5Etfw\">August 19, 2016<\/a><\/p><\/blockquote>\n<p><script async src=\"https:\/\/platform.twitter.com\/widgets.js\" charset=\"utf-8\"><\/script><\/p>\n<h3 style=\"text-align: justify;\">Inversement, y a-t-il une course qui vous laisse des regrets et que vous voudriez refaire ?<\/h3>\n<p style=\"text-align: justify;\">Aucune course ne serait \u00e0 refaire pour \u00eatre honn\u00eate. Bon ou mauvais, il faut assumer et travailler pour faire mieux ensuite. Il ne faut pas s\u2019attarder sur le pass\u00e9 et apprendre et repartir de l\u2019avant.<\/p>\n<h3 style=\"text-align: justify;\">M\u00eame si on vous souhaite encore de longues ann\u00e9es sur les pistes, comment voyez-vous votre apr\u00e8s-carri\u00e8re ?<\/h3>\n<p style=\"text-align: justify;\">J\u2019ai mis un peu de c\u00f4t\u00e9 le g\u00e9nie \u00e9lectrique dans lequel je suis dipl\u00f4m\u00e9, mais je suis tr\u00e8s int\u00e9ress\u00e9 par le community management. Je pourrais \u00e9galement rester dans le milieu du sport. Quoi qu\u2019il en soit, je courrai toujours pour mon plaisir une fois ma carri\u00e8re professionnelle termin\u00e9e. \u00c0 court et moyen-terme, je pense \u00eatre bien occup\u00e9.<\/p>\n<h3 style=\"text-align: justify;\">Au niveau national, qui voyez-vous prendre votre rel\u00e8ve dans les ann\u00e9es \u00e0 venir ?<\/h3>\n<p style=\"text-align: justify;\">Il y a de nombreux profils int\u00e9ressants. Sur 200 m par exemple, je peux \u00e9voquer<strong> Mickael Z\u00e9z\u00e9 <\/strong>ou <strong>Mouhamadou Fall<\/strong> qui \u00e9tait qualifi\u00e9 aux Championnats du monde de Doha. Sur 100 m, je dirais <strong>Amaury Golitin<\/strong>. C&rsquo;est de bon augure pour les relais notamment.<\/p>\n<h3 style=\"text-align: justify;\">D\u2019ailleurs, on vous a quitt\u00e9 \u00e0 Doha apr\u00e8s un \u00e9chec du relais qui a fait parler, des tensions sont-elles apparues ? Notamment avec Jimmy Vicaut dont les m\u00e9dias font souvent \u00e9tat d&rsquo;une rivalit\u00e9 ?<\/h3>\n<p style=\"text-align: justify;\">Non, il n&rsquo;y a pas de tension, on a discut\u00e9 et on est reparti de l\u2019avant pour le grand objectif de <strong>Tokyo<\/strong>. Jimmy est un adversaire mais qu\u2019il soit Fran\u00e7ais, Anglais ou autre, c\u2019est la m\u00eame chose. Au contraire, cela permet d\u2019avoir un relais comp\u00e9titif. <strong><br \/>\n<\/strong><\/p>\n<h3 style=\"text-align: justify;\"><strong>E<\/strong>t mondialement, quels athl\u00e8tes pourraient venir titiller Usain Bolt ?<\/h3>\n<p style=\"text-align: justify;\">Franchement, je pense que battre les records pour le moment ne me semble pas envisageable. <strong>Noah Lyes<\/strong> peut s\u2019en rapprocher sur 200 m et <strong>Christian Coleman<\/strong> sur 100 m. Mais dans l&rsquo;imm\u00e9diat, les records ne seront pas battus.<\/p>\n<h3 style=\"text-align: justify;\">Enfin, si l\u2019on pouvait \u00e9crire un sc\u00e9nario de r\u00eave pour 2021 ?<\/h3>\n<p style=\"text-align: justify;\">Cela serait d\u2019\u00eatre \u00e0 Tokyo en finale et de retourner sur la boite olympique.<\/p>\n<p><strong><em>Julien Correia<br \/>\n<a href=\"https:\/\/www.facebook.com\/julien.correia.52\" target=\"_blank\" rel=\"noopener noreferrer\"><img loading=\"lazy\" decoding=\"async\" class=\"alignnone wp-image-2909\" src=\"https:\/\/i2.wp.com\/dicodusport.fr\/blog\/wp-content\/uploads\/2017\/07\/logo-facebook-150x150.png?resize=40%2C40\" alt=\"\" width=\"40\" height=\"40\" data-recalc-dims=\"1\" \/><\/a><a href=\"https:\/\/twitter.com\/julienco_psg70\" target=\"_blank\" rel=\"noopener noreferrer\"><img loading=\"lazy\" decoding=\"async\" class=\"alignnone wp-image-2908\" src=\"https:\/\/i1.wp.com\/dicodusport.fr\/blog\/wp-content\/uploads\/2017\/07\/logo-twitter-150x150.png?resize=39%2C39\" alt=\"\" width=\"39\" height=\"39\" data-recalc-dims=\"1\" \/><\/a><\/em><\/strong><\/p>\n<p>&nbsp;<\/p>\n<p>&nbsp;<\/p>\n","protected":false},"excerpt":{"rendered":"<p>En pleine pr\u00e9paration pour la saison estivale et avec les JO en ligne de mire, Christophe Lemaitre s&rsquo;est confi\u00e9 pour Dicodusport. N&rsquo;\u00e9ludant aucun sujet, le double m\u00e9daill\u00e9 olympique a encore de l&rsquo;app\u00e9tit et nourrit de grandes ambitions. Entretien.<\/p>\n","protected":false},"author":37,"featured_media":110395,"comment_status":"open","ping_status":"closed","sticky":false,"template":"","format":"standard","meta":{"_acf_changed":false,"_daextam_enable_autolinks":"","footnotes":""},"categories":[2308],"tags":[143,3705,10586,24],"class_list":["post-110306","post","type-post","status-publish","format-standard","has-post-thumbnail","hentry","category-athletisme","tag-athletisme","tag-christophe-lemaitre","tag-jo-de-tokyo","tag-sport"],"acf":[],"yoast_head":"<!-- This site is optimized with the Yoast SEO Premium plugin v26.7 (Yoast SEO v26.7) - https:\/\/yoast.com\/wordpress\/plugins\/seo\/ -->\n<title>Christophe Lemaitre : \u00ab Je vis pour gagner des m\u00e9dailles \u00bb<\/title>\n<meta name=\"description\" content=\"En pleine pr\u00e9paration pour la saison estivale et avec les JO en ligne de mire, Christophe Lemaitre s&#039;est confi\u00e9 pour Dicodusport.\" \/>\n<meta name=\"robots\" content=\"index, follow, max-snippet:-1, max-image-preview:large, max-video-preview:-1\" \/>\n<link rel=\"canonical\" href=\"https:\/\/dicodusport.fr\/blog\/christophe-lemaitre-je-vis-pour-gagner-des-medailles\/\" \/>\n<meta property=\"og:locale\" content=\"fr_FR\" \/>\n<meta property=\"og:type\" content=\"article\" \/>\n<meta property=\"og:title\" content=\"Christophe Lemaitre : \u00ab Je vis pour gagner des m\u00e9dailles \u00bb\" \/>\n<meta property=\"og:description\" content=\"En pleine pr\u00e9paration pour la saison estivale et avec les JO en ligne de mire, Christophe Lemaitre s&#039;est confi\u00e9 pour Dicodusport.\" \/>\n<meta property=\"og:url\" content=\"https:\/\/dicodusport.fr\/blog\/christophe-lemaitre-je-vis-pour-gagner-des-medailles\/\" \/>\n<meta property=\"og:site_name\" content=\"Dicodusport\" \/>\n<meta property=\"article:publisher\" content=\"https:\/\/www.facebook.com\/dicodusport\" \/>\n<meta property=\"article:author\" content=\"https:\/\/www.facebook.com\/julien.correia.52\" \/>\n<meta property=\"article:published_time\" content=\"2021-03-02T11:00:25+00:00\" \/>\n<meta property=\"article:modified_time\" content=\"2021-06-18T05:58:01+00:00\" \/>\n<meta property=\"og:image\" content=\"https:\/\/dicodusport.fr\/blog\/wp-content\/uploads\/2021\/03\/Christophe-Lemaitre-Je-vis-pour-gagner-des-medailles.png\" \/>\n\t<meta property=\"og:image:width\" content=\"800\" \/>\n\t<meta property=\"og:image:height\" content=\"445\" \/>\n\t<meta property=\"og:image:type\" content=\"image\/png\" \/>\n<meta name=\"author\" content=\"Julien Correia\" \/>\n<meta name=\"twitter:card\" content=\"summary_large_image\" \/>\n<meta name=\"twitter:title\" content=\"Christophe Lemaitre : \u00ab Je vis pour gagner des m\u00e9dailles \u00bb\" \/>\n<meta name=\"twitter:creator\" content=\"@https:\/\/twitter.com\/julienco_psg70\" \/>\n<meta name=\"twitter:site\" content=\"@dicodusport\" \/>\n<script type=\"application\/ld+json\" class=\"yoast-schema-graph\">{\"@context\":\"https:\/\/schema.org\",\"@graph\":[{\"@type\":\"NewsArticle\",\"@id\":\"https:\/\/dicodusport.fr\/blog\/christophe-lemaitre-je-vis-pour-gagner-des-medailles\/#article\",\"isPartOf\":{\"@id\":\"https:\/\/dicodusport.fr\/blog\/christophe-lemaitre-je-vis-pour-gagner-des-medailles\/\"},\"author\":{\"name\":\"Julien Correia\",\"@id\":\"https:\/\/dicodusport.fr\/blog\/#\/schema\/person\/0f73d157e4670e108e23009fa82f2239\"},\"headline\":\"Christophe Lemaitre : \u00ab Je vis pour gagner des m\u00e9dailles \u00bb\",\"datePublished\":\"2021-03-02T11:00:25+00:00\",\"dateModified\":\"2021-06-18T05:58:01+00:00\",\"mainEntityOfPage\":{\"@id\":\"https:\/\/dicodusport.fr\/blog\/christophe-lemaitre-je-vis-pour-gagner-des-medailles\/\"},\"wordCount\":2425,\"commentCount\":0,\"publisher\":{\"@id\":\"https:\/\/dicodusport.fr\/blog\/#organization\"},\"image\":{\"@id\":\"https:\/\/dicodusport.fr\/blog\/christophe-lemaitre-je-vis-pour-gagner-des-medailles\/#primaryimage\"},\"thumbnailUrl\":\"https:\/\/dicodusport.fr\/blog\/wp-content\/uploads\/2021\/03\/Christophe-Lemaitre-Je-vis-pour-gagner-des-medailles.png\",\"keywords\":[\"Athl\u00e9tisme\",\"Christophe Lemaitre\",\"JO de Tokyo\",\"sport\"],\"articleSection\":[\"Athl\u00e9tisme\"],\"inLanguage\":\"fr-FR\",\"potentialAction\":[{\"@type\":\"CommentAction\",\"name\":\"Comment\",\"target\":[\"https:\/\/dicodusport.fr\/blog\/christophe-lemaitre-je-vis-pour-gagner-des-medailles\/#respond\"]}],\"copyrightYear\":\"2021\",\"copyrightHolder\":{\"@id\":\"https:\/\/dicodusport.fr\/blog\/#organization\"}},{\"@type\":\"WebPage\",\"@id\":\"https:\/\/dicodusport.fr\/blog\/christophe-lemaitre-je-vis-pour-gagner-des-medailles\/\",\"url\":\"https:\/\/dicodusport.fr\/blog\/christophe-lemaitre-je-vis-pour-gagner-des-medailles\/\",\"name\":\"Christophe Lemaitre : \u00ab Je vis pour gagner des m\u00e9dailles \u00bb\",\"isPartOf\":{\"@id\":\"https:\/\/dicodusport.fr\/blog\/#website\"},\"primaryImageOfPage\":{\"@id\":\"https:\/\/dicodusport.fr\/blog\/christophe-lemaitre-je-vis-pour-gagner-des-medailles\/#primaryimage\"},\"image\":{\"@id\":\"https:\/\/dicodusport.fr\/blog\/christophe-lemaitre-je-vis-pour-gagner-des-medailles\/#primaryimage\"},\"thumbnailUrl\":\"https:\/\/dicodusport.fr\/blog\/wp-content\/uploads\/2021\/03\/Christophe-Lemaitre-Je-vis-pour-gagner-des-medailles.png\",\"datePublished\":\"2021-03-02T11:00:25+00:00\",\"dateModified\":\"2021-06-18T05:58:01+00:00\",\"description\":\"En pleine pr\u00e9paration pour la saison estivale et avec les JO en ligne de mire, Christophe Lemaitre s'est confi\u00e9 pour Dicodusport.\",\"breadcrumb\":{\"@id\":\"https:\/\/dicodusport.fr\/blog\/christophe-lemaitre-je-vis-pour-gagner-des-medailles\/#breadcrumb\"},\"inLanguage\":\"fr-FR\",\"potentialAction\":[{\"@type\":\"ReadAction\",\"target\":[\"https:\/\/dicodusport.fr\/blog\/christophe-lemaitre-je-vis-pour-gagner-des-medailles\/\"]}]},{\"@type\":\"ImageObject\",\"inLanguage\":\"fr-FR\",\"@id\":\"https:\/\/dicodusport.fr\/blog\/christophe-lemaitre-je-vis-pour-gagner-des-medailles\/#primaryimage\",\"url\":\"https:\/\/dicodusport.fr\/blog\/wp-content\/uploads\/2021\/03\/Christophe-Lemaitre-Je-vis-pour-gagner-des-medailles.png\",\"contentUrl\":\"https:\/\/dicodusport.fr\/blog\/wp-content\/uploads\/2021\/03\/Christophe-Lemaitre-Je-vis-pour-gagner-des-medailles.png\",\"width\":800,\"height\":445,\"caption\":\"Athl\u00e9tisme - Relais mondiaux : le programme complet\"},{\"@type\":\"BreadcrumbList\",\"@id\":\"https:\/\/dicodusport.fr\/blog\/christophe-lemaitre-je-vis-pour-gagner-des-medailles\/#breadcrumb\",\"itemListElement\":[{\"@type\":\"ListItem\",\"position\":1,\"name\":\"Accueil\",\"item\":\"https:\/\/dicodusport.fr\/blog\/\"},{\"@type\":\"ListItem\",\"position\":2,\"name\":\"Christophe Lemaitre : \u00ab Je vis pour gagner des m\u00e9dailles \u00bb\"}]},{\"@type\":\"WebSite\",\"@id\":\"https:\/\/dicodusport.fr\/blog\/#website\",\"url\":\"https:\/\/dicodusport.fr\/blog\/\",\"name\":\"Dicodusport\",\"description\":\"L&#039;encyclop\u00e9die de l&#039;actualit\u00e9 sportive\",\"publisher\":{\"@id\":\"https:\/\/dicodusport.fr\/blog\/#organization\"},\"potentialAction\":[{\"@type\":\"SearchAction\",\"target\":{\"@type\":\"EntryPoint\",\"urlTemplate\":\"https:\/\/dicodusport.fr\/blog\/?s={search_term_string}\"},\"query-input\":{\"@type\":\"PropertyValueSpecification\",\"valueRequired\":true,\"valueName\":\"search_term_string\"}}],\"inLanguage\":\"fr-FR\"},{\"@type\":\"NewsMediaOrganization\",\"@id\":\"https:\/\/dicodusport.fr\/blog\/#organization\",\"name\":\"Dicodusport\",\"url\":\"https:\/\/dicodusport.fr\/blog\/\",\"logo\":{\"@type\":\"ImageObject\",\"inLanguage\":\"fr-FR\",\"@id\":\"https:\/\/dicodusport.fr\/blog\/#\/schema\/logo\/image\/\",\"url\":\"https:\/\/dicodusport.fr\/blog\/wp-content\/uploads\/2020\/06\/cropped-LOGO-DICODUSPORT-2020-SANS-FOND-SANS-TEXTE.png\",\"contentUrl\":\"https:\/\/dicodusport.fr\/blog\/wp-content\/uploads\/2020\/06\/cropped-LOGO-DICODUSPORT-2020-SANS-FOND-SANS-TEXTE.png\",\"width\":512,\"height\":512,\"caption\":\"Dicodusport\"},\"image\":{\"@id\":\"https:\/\/dicodusport.fr\/blog\/#\/schema\/logo\/image\/\"},\"sameAs\":[\"https:\/\/www.facebook.com\/dicodusport\",\"https:\/\/x.com\/dicodusport\",\"https:\/\/www.instagram.com\/dicodusport\/\",\"https:\/\/www.youtube.com\/channel\/UC7V2KZ5sd3htJivAbA4ZG3w\"],\"description\":\"Dicodusport est l'encyclop\u00e9die de l'actualit\u00e9 sportive.\",\"email\":\"bonjour@dicodusport.fr\",\"legalName\":\"DICODUSPORT\",\"foundingDate\":\"2018-01-14\",\"vatID\":\"FR71834470973\",\"taxID\":\"83447097300043\",\"numberOfEmployees\":{\"@type\":\"QuantitativeValue\",\"minValue\":\"1\",\"maxValue\":\"10\"}},{\"@type\":\"Person\",\"@id\":\"https:\/\/dicodusport.fr\/blog\/#\/schema\/person\/0f73d157e4670e108e23009fa82f2239\",\"name\":\"Julien Correia\",\"image\":{\"@type\":\"ImageObject\",\"inLanguage\":\"fr-FR\",\"@id\":\"https:\/\/dicodusport.fr\/blog\/#\/schema\/person\/image\/\",\"url\":\"https:\/\/dicodusport.fr\/blog\/wp-content\/uploads\/2021\/05\/Julien-Correia-150x150.jpg\",\"contentUrl\":\"https:\/\/dicodusport.fr\/blog\/wp-content\/uploads\/2021\/05\/Julien-Correia-150x150.jpg\",\"caption\":\"Julien Correia\"},\"description\":\"Journaliste\/r\u00e9dacteur depuis janvier 2019 - Tomb\u00e9 dans le monde du ballon rond \u00e9tant petit, j\u2019aurais pu devenir pro sans ces foutus ligaments crois\u00e9s. D\u00e9filant sur les champs (mais pas Elys\u00e9es) en 98, j\u2019ai \u00e9t\u00e9 berc\u00e9 par les exploits de Mister George, piqu\u00e9 par la technique du Snake, grandi avec Captain Rai et Ronnie, m\u00fbri avec Pauleta et Edi. Mais Ibracadabra, je suis d\u00e9sormais reconverti en runner\/traileur. Moins rapide que Bolt et moins endurant que Jornet, c\u2019est donc plume \u00e0 la main que je partage les exploits de ces athl\u00e8tes !\",\"sameAs\":[\"https:\/\/www.facebook.com\/julien.correia.52\",\"https:\/\/x.com\/https:\/\/twitter.com\/julienco_psg70\"],\"url\":\"https:\/\/dicodusport.fr\/blog\/author\/julien-c\/\"}]}<\/script>\n<!-- \/ Yoast SEO Premium plugin. -->","yoast_head_json":{"title":"Christophe Lemaitre : \u00ab Je vis pour gagner des m\u00e9dailles \u00bb","description":"En pleine pr\u00e9paration pour la saison estivale et avec les JO en ligne de mire, Christophe Lemaitre s'est confi\u00e9 pour Dicodusport.","robots":{"index":"index","follow":"follow","max-snippet":"max-snippet:-1","max-image-preview":"max-image-preview:large","max-video-preview":"max-video-preview:-1"},"canonical":"https:\/\/dicodusport.fr\/blog\/christophe-lemaitre-je-vis-pour-gagner-des-medailles\/","og_locale":"fr_FR","og_type":"article","og_title":"Christophe Lemaitre : \u00ab Je vis pour gagner des m\u00e9dailles \u00bb","og_description":"En pleine pr\u00e9paration pour la saison estivale et avec les JO en ligne de mire, Christophe Lemaitre s'est confi\u00e9 pour Dicodusport.","og_url":"https:\/\/dicodusport.fr\/blog\/christophe-lemaitre-je-vis-pour-gagner-des-medailles\/","og_site_name":"Dicodusport","article_publisher":"https:\/\/www.facebook.com\/dicodusport","article_author":"https:\/\/www.facebook.com\/julien.correia.52","article_published_time":"2021-03-02T11:00:25+00:00","article_modified_time":"2021-06-18T05:58:01+00:00","og_image":[{"width":800,"height":445,"url":"https:\/\/dicodusport.fr\/blog\/wp-content\/uploads\/2021\/03\/Christophe-Lemaitre-Je-vis-pour-gagner-des-medailles.png","type":"image\/png"}],"author":"Julien Correia","twitter_card":"summary_large_image","twitter_title":"Christophe Lemaitre : \u00ab Je vis pour gagner des m\u00e9dailles \u00bb","twitter_creator":"@https:\/\/twitter.com\/julienco_psg70","twitter_site":"@dicodusport","schema":{"@context":"https:\/\/schema.org","@graph":[{"@type":"NewsArticle","@id":"https:\/\/dicodusport.fr\/blog\/christophe-lemaitre-je-vis-pour-gagner-des-medailles\/#article","isPartOf":{"@id":"https:\/\/dicodusport.fr\/blog\/christophe-lemaitre-je-vis-pour-gagner-des-medailles\/"},"author":{"name":"Julien Correia","@id":"https:\/\/dicodusport.fr\/blog\/#\/schema\/person\/0f73d157e4670e108e23009fa82f2239"},"headline":"Christophe Lemaitre : \u00ab Je vis pour gagner des m\u00e9dailles \u00bb","datePublished":"2021-03-02T11:00:25+00:00","dateModified":"2021-06-18T05:58:01+00:00","mainEntityOfPage":{"@id":"https:\/\/dicodusport.fr\/blog\/christophe-lemaitre-je-vis-pour-gagner-des-medailles\/"},"wordCount":2425,"commentCount":0,"publisher":{"@id":"https:\/\/dicodusport.fr\/blog\/#organization"},"image":{"@id":"https:\/\/dicodusport.fr\/blog\/christophe-lemaitre-je-vis-pour-gagner-des-medailles\/#primaryimage"},"thumbnailUrl":"https:\/\/dicodusport.fr\/blog\/wp-content\/uploads\/2021\/03\/Christophe-Lemaitre-Je-vis-pour-gagner-des-medailles.png","keywords":["Athl\u00e9tisme","Christophe Lemaitre","JO de Tokyo","sport"],"articleSection":["Athl\u00e9tisme"],"inLanguage":"fr-FR","potentialAction":[{"@type":"CommentAction","name":"Comment","target":["https:\/\/dicodusport.fr\/blog\/christophe-lemaitre-je-vis-pour-gagner-des-medailles\/#respond"]}],"copyrightYear":"2021","copyrightHolder":{"@id":"https:\/\/dicodusport.fr\/blog\/#organization"}},{"@type":"WebPage","@id":"https:\/\/dicodusport.fr\/blog\/christophe-lemaitre-je-vis-pour-gagner-des-medailles\/","url":"https:\/\/dicodusport.fr\/blog\/christophe-lemaitre-je-vis-pour-gagner-des-medailles\/","name":"Christophe Lemaitre : \u00ab Je vis pour gagner des m\u00e9dailles \u00bb","isPartOf":{"@id":"https:\/\/dicodusport.fr\/blog\/#website"},"primaryImageOfPage":{"@id":"https:\/\/dicodusport.fr\/blog\/christophe-lemaitre-je-vis-pour-gagner-des-medailles\/#primaryimage"},"image":{"@id":"https:\/\/dicodusport.fr\/blog\/christophe-lemaitre-je-vis-pour-gagner-des-medailles\/#primaryimage"},"thumbnailUrl":"https:\/\/dicodusport.fr\/blog\/wp-content\/uploads\/2021\/03\/Christophe-Lemaitre-Je-vis-pour-gagner-des-medailles.png","datePublished":"2021-03-02T11:00:25+00:00","dateModified":"2021-06-18T05:58:01+00:00","description":"En pleine pr\u00e9paration pour la saison estivale et avec les JO en ligne de mire, Christophe Lemaitre s'est confi\u00e9 pour Dicodusport.","breadcrumb":{"@id":"https:\/\/dicodusport.fr\/blog\/christophe-lemaitre-je-vis-pour-gagner-des-medailles\/#breadcrumb"},"inLanguage":"fr-FR","potentialAction":[{"@type":"ReadAction","target":["https:\/\/dicodusport.fr\/blog\/christophe-lemaitre-je-vis-pour-gagner-des-medailles\/"]}]},{"@type":"ImageObject","inLanguage":"fr-FR","@id":"https:\/\/dicodusport.fr\/blog\/christophe-lemaitre-je-vis-pour-gagner-des-medailles\/#primaryimage","url":"https:\/\/dicodusport.fr\/blog\/wp-content\/uploads\/2021\/03\/Christophe-Lemaitre-Je-vis-pour-gagner-des-medailles.png","contentUrl":"https:\/\/dicodusport.fr\/blog\/wp-content\/uploads\/2021\/03\/Christophe-Lemaitre-Je-vis-pour-gagner-des-medailles.png","width":800,"height":445,"caption":"Athl\u00e9tisme - Relais mondiaux : le programme complet"},{"@type":"BreadcrumbList","@id":"https:\/\/dicodusport.fr\/blog\/christophe-lemaitre-je-vis-pour-gagner-des-medailles\/#breadcrumb","itemListElement":[{"@type":"ListItem","position":1,"name":"Accueil","item":"https:\/\/dicodusport.fr\/blog\/"},{"@type":"ListItem","position":2,"name":"Christophe Lemaitre : \u00ab Je vis pour gagner des m\u00e9dailles \u00bb"}]},{"@type":"WebSite","@id":"https:\/\/dicodusport.fr\/blog\/#website","url":"https:\/\/dicodusport.fr\/blog\/","name":"Dicodusport","description":"L&#039;encyclop\u00e9die de l&#039;actualit\u00e9 sportive","publisher":{"@id":"https:\/\/dicodusport.fr\/blog\/#organization"},"potentialAction":[{"@type":"SearchAction","target":{"@type":"EntryPoint","urlTemplate":"https:\/\/dicodusport.fr\/blog\/?s={search_term_string}"},"query-input":{"@type":"PropertyValueSpecification","valueRequired":true,"valueName":"search_term_string"}}],"inLanguage":"fr-FR"},{"@type":"NewsMediaOrganization","@id":"https:\/\/dicodusport.fr\/blog\/#organization","name":"Dicodusport","url":"https:\/\/dicodusport.fr\/blog\/","logo":{"@type":"ImageObject","inLanguage":"fr-FR","@id":"https:\/\/dicodusport.fr\/blog\/#\/schema\/logo\/image\/","url":"https:\/\/dicodusport.fr\/blog\/wp-content\/uploads\/2020\/06\/cropped-LOGO-DICODUSPORT-2020-SANS-FOND-SANS-TEXTE.png","contentUrl":"https:\/\/dicodusport.fr\/blog\/wp-content\/uploads\/2020\/06\/cropped-LOGO-DICODUSPORT-2020-SANS-FOND-SANS-TEXTE.png","width":512,"height":512,"caption":"Dicodusport"},"image":{"@id":"https:\/\/dicodusport.fr\/blog\/#\/schema\/logo\/image\/"},"sameAs":["https:\/\/www.facebook.com\/dicodusport","https:\/\/x.com\/dicodusport","https:\/\/www.instagram.com\/dicodusport\/","https:\/\/www.youtube.com\/channel\/UC7V2KZ5sd3htJivAbA4ZG3w"],"description":"Dicodusport est l'encyclop\u00e9die de l'actualit\u00e9 sportive.","email":"bonjour@dicodusport.fr","legalName":"DICODUSPORT","foundingDate":"2018-01-14","vatID":"FR71834470973","taxID":"83447097300043","numberOfEmployees":{"@type":"QuantitativeValue","minValue":"1","maxValue":"10"}},{"@type":"Person","@id":"https:\/\/dicodusport.fr\/blog\/#\/schema\/person\/0f73d157e4670e108e23009fa82f2239","name":"Julien Correia","image":{"@type":"ImageObject","inLanguage":"fr-FR","@id":"https:\/\/dicodusport.fr\/blog\/#\/schema\/person\/image\/","url":"https:\/\/dicodusport.fr\/blog\/wp-content\/uploads\/2021\/05\/Julien-Correia-150x150.jpg","contentUrl":"https:\/\/dicodusport.fr\/blog\/wp-content\/uploads\/2021\/05\/Julien-Correia-150x150.jpg","caption":"Julien Correia"},"description":"Journaliste\/r\u00e9dacteur depuis janvier 2019 - Tomb\u00e9 dans le monde du ballon rond \u00e9tant petit, j\u2019aurais pu devenir pro sans ces foutus ligaments crois\u00e9s. D\u00e9filant sur les champs (mais pas Elys\u00e9es) en 98, j\u2019ai \u00e9t\u00e9 berc\u00e9 par les exploits de Mister George, piqu\u00e9 par la technique du Snake, grandi avec Captain Rai et Ronnie, m\u00fbri avec Pauleta et Edi. Mais Ibracadabra, je suis d\u00e9sormais reconverti en runner\/traileur. Moins rapide que Bolt et moins endurant que Jornet, c\u2019est donc plume \u00e0 la main que je partage les exploits de ces athl\u00e8tes !","sameAs":["https:\/\/www.facebook.com\/julien.correia.52","https:\/\/x.com\/https:\/\/twitter.com\/julienco_psg70"],"url":"https:\/\/dicodusport.fr\/blog\/author\/julien-c\/"}]}},"_links":{"self":[{"href":"https:\/\/dicodusport.fr\/blog\/wp-json\/wp\/v2\/posts\/110306","targetHints":{"allow":["GET"]}}],"collection":[{"href":"https:\/\/dicodusport.fr\/blog\/wp-json\/wp\/v2\/posts"}],"about":[{"href":"https:\/\/dicodusport.fr\/blog\/wp-json\/wp\/v2\/types\/post"}],"author":[{"embeddable":true,"href":"https:\/\/dicodusport.fr\/blog\/wp-json\/wp\/v2\/users\/37"}],"replies":[{"embeddable":true,"href":"https:\/\/dicodusport.fr\/blog\/wp-json\/wp\/v2\/comments?post=110306"}],"version-history":[{"count":0,"href":"https:\/\/dicodusport.fr\/blog\/wp-json\/wp\/v2\/posts\/110306\/revisions"}],"wp:featuredmedia":[{"embeddable":true,"href":"https:\/\/dicodusport.fr\/blog\/wp-json\/wp\/v2\/media\/110395"}],"wp:attachment":[{"href":"https:\/\/dicodusport.fr\/blog\/wp-json\/wp\/v2\/media?parent=110306"}],"wp:term":[{"taxonomy":"category","embeddable":true,"href":"https:\/\/dicodusport.fr\/blog\/wp-json\/wp\/v2\/categories?post=110306"},{"taxonomy":"post_tag","embeddable":true,"href":"https:\/\/dicodusport.fr\/blog\/wp-json\/wp\/v2\/tags?post=110306"}],"curies":[{"name":"wp","href":"https:\/\/api.w.org\/{rel}","templated":true}]}}