{"id":110352,"date":"2021-03-06T21:31:20","date_gmt":"2021-03-06T20:31:20","guid":{"rendered":"https:\/\/dicodusport.fr\/blog\/?p=110352&#038;preview=true&#038;preview_id=110352"},"modified":"2021-03-07T12:46:48","modified_gmt":"2021-03-07T11:46:48","slug":"biathlon-nove-mesto-programme-complet-8eme-etape-coupe-du-monde","status":"publish","type":"post","link":"https:\/\/dicodusport.fr\/blog\/biathlon-nove-mesto-programme-complet-8eme-etape-coupe-du-monde\/","title":{"rendered":"Biathlon &#8211; Nove Mesto : le programme complet de la 8\u00e8me \u00e9tape de la Coupe du monde"},"content":{"rendered":"<p style=\"text-align: justify;\"><em><b><a href=\"https:\/\/dicodusport.fr\/blog\/biathlon-coupe-du-monde-2020-2021-calendrier-complet\/\" target=\"_blank\" rel=\"noopener\">BIATHLON &#8211; COUPE DU MONDE 2020-2021<\/a> &#8211; Dix jours apr\u00e8s la fin des Mondiaux, la Coupe du monde de biathlon fait escale \u00e0 Nove Mesto (R\u00e9publique Tch\u00e8que). D\u00e9couvrez le programme complet de la 8\u00e8me \u00e9tape.<\/b><\/em><\/p>\n<h2 style=\"text-align: justify;\">Le programme de la 8\u00e8me \u00e9tape \u00e0 Nove Mesto<\/h2>\n<h3 style=\"text-align: justify;\">Jeudi 4 mars 2021<\/h3>\n<p style=\"text-align: justify;\"><strong>16h05 :<\/strong> Relais femmes &#8211; <strong><a href=\"https:\/\/dicodusport.fr\/blog\/biathlon-nove-mesto-classement-relais-femmes\/\" target=\"_blank\" rel=\"noopener\">Classement<\/a>\u00a0&#8211; <a href=\"https:\/\/dicodusport.fr\/blog\/nove-mesto-la-france-3eme-relais-femmes-la-suede-s-impose\/\" target=\"_blank\" rel=\"noopener\">R\u00e9sum\u00e9<\/a><\/strong><\/p>\n<h3 style=\"text-align: justify;\">Vendredi 5 mars 2021<\/h3>\n<p style=\"text-align: justify;\"><strong>15h20 :<\/strong> Relais hommes &#8211; <a href=\"https:\/\/dicodusport.fr\/blog\/biathlon-nove-mesto-classement-relais-hommes\/\" target=\"_blank\" rel=\"noopener\"><strong>Classement<\/strong><\/a><strong> &#8211; <a href=\"https:\/\/dicodusport.fr\/blog\/nove-mesto-l-allemagne-remporte-relais-hommes-jacquelin-et-france-craquent\/\" target=\"_blank\" rel=\"noopener\">R\u00e9sum\u00e9<\/a><\/strong><\/p>\n<h3 style=\"text-align: justify;\">Samedi 6 mars 2021<\/h3>\n<p style=\"text-align: justify;\"><strong>11h00 : <\/strong>Sprint femmes &#8211; <strong><a href=\"https:\/\/dicodusport.fr\/blog\/biathlon-nove-mesto-classement-sprint-femmes\/\" target=\"_blank\" rel=\"noopener\">Classement<\/a> &#8211; <a href=\"https:\/\/dicodusport.fr\/blog\/nove-mesto-la-fusee-tiril-eckhoff-remporte-le-sprint\/\" target=\"_blank\" rel=\"noopener\">R\u00e9sum\u00e9<\/a><br \/>\n15h40 :<\/strong> Sprint hommes &#8211; <strong><a href=\"https:\/\/dicodusport.fr\/blog\/biathlon-nove-mesto-classement-sprint-hommes\/\" target=\"_blank\" rel=\"noopener\">Classement<\/a> &#8211; <a href=\"https:\/\/dicodusport.fr\/blog\/nove-mesto-simon-desthieux-remporte-le-sprint-sa-1ere-victoire-en-coupe-du-monde\/\" target=\"_blank\" rel=\"noopener\">R\u00e9sum\u00e9<\/a><\/strong><\/p>\n<h3 style=\"text-align: justify;\">Dimanche 7 mars 2021<\/h3>\n<p style=\"text-align: justify;\"><strong>12h00 :<\/strong> Poursuite femmes &#8211; <strong><a href=\"https:\/\/dicodusport.fr\/blog\/biathlon-nove-mesto-classement-poursuite-femmes\/\" target=\"_blank\" rel=\"noopener\">Classement<\/a> &#8211; <a href=\"https:\/\/dicodusport.fr\/blog\/nove-mesto-seule-au-monde-ou-presque-tiril-eckhoff-enleve-la-poursuite\/\" target=\"_blank\" rel=\"noopener\">R\u00e9sum\u00e9<\/a><\/strong><br \/>\n<strong>16h00 :<\/strong> Poursuite hommes &#8211; <strong><a href=\"https:\/\/dicodusport.fr\/blog\/biathlon-nove-mesto-startlist-poursuite-hommes\/\" target=\"_blank\" rel=\"noopener\">Startlist<\/a> &#8211; <a href=\"https:\/\/dicodusport.fr\/blog\/biathlon-nove-mesto-notre-pronostic-poursuite-hommes\/\" target=\"_blank\" rel=\"noopener\">Notre pronostic<\/a><\/strong><\/p>\n<h2 style=\"text-align: justify;\">La s\u00e9lection fran\u00e7aise pour Nove Mesto<\/h2>\n<blockquote class=\"twitter-tweet\">\n<p dir=\"ltr\" lang=\"fr\">Une nouvelle t\u00eate chez les Bleues du biathlon &#x1f447; <a href=\"https:\/\/t.co\/3viEM15lsP\">https:\/\/t.co\/3viEM15lsP<\/a><\/p>\n<p>\u2014 Dicodusport &#x2b50;&#x2b50; (@dicodusport) <a href=\"https:\/\/twitter.com\/dicodusport\/status\/1364860225732440065?ref_src=twsrc%5Etfw\">February 25, 2021<\/a><\/p><\/blockquote>\n<p><script async src=\"https:\/\/platform.twitter.com\/widgets.js\" charset=\"utf-8\"><\/script><\/p>\n<hr \/>\n<h2 style=\"text-align: justify;\">\u00c0 lire aussi<\/h2>\n<ul>\n<li><a href=\"https:\/\/dicodusport.fr\/blog\/biathlon-coupe-du-monde-2020-2021-classement-general-hommes\/\" target=\"_blank\" rel=\"noopener\"><strong>Biathlon \u2013 Coupe du monde 2020\/2021 : le classement g\u00e9n\u00e9ral hommes<\/strong><\/a><\/li>\n<li><a href=\"https:\/\/dicodusport.fr\/blog\/biathlon-coupe-du-monde-2020-2021-classement-general-femmes\/\" target=\"_blank\" rel=\"noopener\"><strong>Biathlon \u2013 Coupe du monde 2020\/2021 : le classement g\u00e9n\u00e9ral femmes<\/strong><\/a><\/li>\n<li style=\"text-align: justify;\"><a href=\"https:\/\/dicodusport.fr\/blog\/coupe-du-monde-de-biathlon-le-montant-du-prize-money-pour-la-saison-2020-2021\/\" target=\"_blank\" rel=\"noopener\"><strong>Le montant du prize-money pour la Coupe du monde 2020\/2021<\/strong><\/a><\/li>\n<\/ul>\n<p><strong><em>Dicodusport<br \/>\n<a href=\"https:\/\/www.facebook.com\/dicodusport\/\" target=\"_blank\" rel=\"noopener noreferrer\"><img loading=\"lazy\" decoding=\"async\" class=\"alignnone wp-image-2909\" src=\"http:\/\/dicodusport.fr\/blog\/wp-content\/uploads\/2017\/07\/logo-facebook-150x150.png\" alt=\"\" width=\"40\" height=\"40\" \/><\/a><a href=\"https:\/\/twitter.com\/dicodusport\" target=\"_blank\" rel=\"noopener noreferrer\"><img loading=\"lazy\" decoding=\"async\" class=\"alignnone wp-image-2908\" src=\"http:\/\/dicodusport.fr\/blog\/wp-content\/uploads\/2017\/07\/logo-twitter-150x150.png\" alt=\"\" width=\"39\" height=\"39\" \/><\/a><\/em><\/strong><\/p>\n","protected":false},"excerpt":{"rendered":"<p>BIATHLON &#8211; COUPE DU MONDE 2020-2021 &#8211; Dix jours apr\u00e8s la fin des Mondiaux, la Coupe du monde de biathlon fait escale \u00e0 Nove Mesto (R\u00e9publique Tch\u00e8que). D\u00e9couvrez le programme complet de la 8\u00e8me \u00e9tape.<\/p>\n","protected":false},"author":4,"featured_media":110373,"comment_status":"open","ping_status":"closed","sticky":false,"template":"","format":"standard","meta":{"_acf_changed":false,"_daextam_enable_autolinks":"","footnotes":""},"categories":[47040],"tags":[2427,14874],"class_list":["post-110352","post","type-post","status-publish","format-standard","has-post-thumbnail","hentry","category-coupe-du-monde-de-biathlon","tag-biathlon","tag-biathlon-nove-mesto"],"acf":[],"yoast_head":"<!-- This site is optimized with the Yoast SEO Premium plugin v26.7 (Yoast SEO v26.7) - https:\/\/yoast.com\/wordpress\/plugins\/seo\/ -->\n<title>Biathlon - Nove Mesto : le programme complet de la 8\u00e8me \u00e9tape de la Coupe du monde<\/title>\n<meta name=\"description\" content=\"BIATHLON - COUPE DU MONDE 2020-2021 - D\u00e9couvrez le programme complet de la 8\u00e8me \u00e9tape de la Coupe du monde \u00e0 Nove Mesto (R\u00e9publique Tch\u00e8que).\" \/>\n<meta name=\"robots\" content=\"index, follow, max-snippet:-1, max-image-preview:large, max-video-preview:-1\" \/>\n<link rel=\"canonical\" href=\"https:\/\/dicodusport.fr\/blog\/biathlon-nove-mesto-programme-complet-8eme-etape-coupe-du-monde\/\" \/>\n<meta property=\"og:locale\" content=\"fr_FR\" \/>\n<meta property=\"og:type\" content=\"article\" \/>\n<meta property=\"og:title\" content=\"Biathlon - Nove Mesto : le programme complet de la 8\u00e8me \u00e9tape de la Coupe du monde\" \/>\n<meta property=\"og:description\" content=\"BIATHLON - COUPE DU MONDE 2020-2021 - D\u00e9couvrez le programme complet de la 8\u00e8me \u00e9tape de la Coupe du monde \u00e0 Nove Mesto (R\u00e9publique Tch\u00e8que).\" \/>\n<meta property=\"og:url\" content=\"https:\/\/dicodusport.fr\/blog\/biathlon-nove-mesto-programme-complet-8eme-etape-coupe-du-monde\/\" \/>\n<meta property=\"og:site_name\" content=\"Dicodusport\" \/>\n<meta property=\"article:publisher\" content=\"https:\/\/www.facebook.com\/dicodusport\" \/>\n<meta property=\"article:author\" content=\"https:\/\/www.facebook.com\/florent.ostermann\" \/>\n<meta property=\"article:published_time\" content=\"2021-03-06T20:31:20+00:00\" \/>\n<meta property=\"article:modified_time\" content=\"2021-03-07T11:46:48+00:00\" \/>\n<meta property=\"og:image\" content=\"https:\/\/dicodusport.fr\/blog\/wp-content\/uploads\/2021\/03\/Biathlon-Nove-Mesto-Le-programme-complet-de-la-8eme-etape-de-la-Coupe-du-monde.png\" \/>\n\t<meta property=\"og:image:width\" content=\"800\" \/>\n\t<meta property=\"og:image:height\" content=\"445\" \/>\n\t<meta property=\"og:image:type\" content=\"image\/png\" \/>\n<meta name=\"author\" content=\"Flo Ostermann\" \/>\n<meta name=\"twitter:card\" content=\"summary_large_image\" \/>\n<meta name=\"twitter:title\" content=\"Biathlon - Nove Mesto : le programme complet de la 8\u00e8me \u00e9tape de la Coupe du monde\" \/>\n<meta name=\"twitter:creator\" content=\"@https:\/\/twitter.com\/FlOstermann\" \/>\n<meta name=\"twitter:site\" content=\"@dicodusport\" \/>\n<script type=\"application\/ld+json\" class=\"yoast-schema-graph\">{\"@context\":\"https:\/\/schema.org\",\"@graph\":[{\"@type\":\"NewsArticle\",\"@id\":\"https:\/\/dicodusport.fr\/blog\/biathlon-nove-mesto-programme-complet-8eme-etape-coupe-du-monde\/#article\",\"isPartOf\":{\"@id\":\"https:\/\/dicodusport.fr\/blog\/biathlon-nove-mesto-programme-complet-8eme-etape-coupe-du-monde\/\"},\"author\":{\"name\":\"Flo Ostermann\",\"@id\":\"https:\/\/dicodusport.fr\/blog\/#\/schema\/person\/cb02af4c173ce4a653b55e9baf388d4a\"},\"headline\":\"Biathlon &#8211; Nove Mesto : le programme complet de la 8\u00e8me \u00e9tape de la Coupe du monde\",\"datePublished\":\"2021-03-06T20:31:20+00:00\",\"dateModified\":\"2021-03-07T11:46:48+00:00\",\"mainEntityOfPage\":{\"@id\":\"https:\/\/dicodusport.fr\/blog\/biathlon-nove-mesto-programme-complet-8eme-etape-coupe-du-monde\/\"},\"wordCount\":181,\"commentCount\":0,\"publisher\":{\"@id\":\"https:\/\/dicodusport.fr\/blog\/#organization\"},\"image\":{\"@id\":\"https:\/\/dicodusport.fr\/blog\/biathlon-nove-mesto-programme-complet-8eme-etape-coupe-du-monde\/#primaryimage\"},\"thumbnailUrl\":\"https:\/\/dicodusport.fr\/blog\/wp-content\/uploads\/2021\/03\/Biathlon-Nove-Mesto-Le-programme-complet-de-la-8eme-etape-de-la-Coupe-du-monde.png\",\"keywords\":[\"Biathlon\",\"Biathlon Nove Mesto\"],\"articleSection\":[\"Coupe du monde de biathlon\"],\"inLanguage\":\"fr-FR\",\"potentialAction\":[{\"@type\":\"CommentAction\",\"name\":\"Comment\",\"target\":[\"https:\/\/dicodusport.fr\/blog\/biathlon-nove-mesto-programme-complet-8eme-etape-coupe-du-monde\/#respond\"]}],\"copyrightYear\":\"2021\",\"copyrightHolder\":{\"@id\":\"https:\/\/dicodusport.fr\/blog\/#organization\"}},{\"@type\":\"WebPage\",\"@id\":\"https:\/\/dicodusport.fr\/blog\/biathlon-nove-mesto-programme-complet-8eme-etape-coupe-du-monde\/\",\"url\":\"https:\/\/dicodusport.fr\/blog\/biathlon-nove-mesto-programme-complet-8eme-etape-coupe-du-monde\/\",\"name\":\"Biathlon - Nove Mesto : le programme complet de la 8\u00e8me \u00e9tape de la Coupe du monde\",\"isPartOf\":{\"@id\":\"https:\/\/dicodusport.fr\/blog\/#website\"},\"primaryImageOfPage\":{\"@id\":\"https:\/\/dicodusport.fr\/blog\/biathlon-nove-mesto-programme-complet-8eme-etape-coupe-du-monde\/#primaryimage\"},\"image\":{\"@id\":\"https:\/\/dicodusport.fr\/blog\/biathlon-nove-mesto-programme-complet-8eme-etape-coupe-du-monde\/#primaryimage\"},\"thumbnailUrl\":\"https:\/\/dicodusport.fr\/blog\/wp-content\/uploads\/2021\/03\/Biathlon-Nove-Mesto-Le-programme-complet-de-la-8eme-etape-de-la-Coupe-du-monde.png\",\"datePublished\":\"2021-03-06T20:31:20+00:00\",\"dateModified\":\"2021-03-07T11:46:48+00:00\",\"description\":\"BIATHLON - COUPE DU MONDE 2020-2021 - D\u00e9couvrez le programme complet de la 8\u00e8me \u00e9tape de la Coupe du monde \u00e0 Nove Mesto (R\u00e9publique Tch\u00e8que).\",\"breadcrumb\":{\"@id\":\"https:\/\/dicodusport.fr\/blog\/biathlon-nove-mesto-programme-complet-8eme-etape-coupe-du-monde\/#breadcrumb\"},\"inLanguage\":\"fr-FR\",\"potentialAction\":[{\"@type\":\"ReadAction\",\"target\":[\"https:\/\/dicodusport.fr\/blog\/biathlon-nove-mesto-programme-complet-8eme-etape-coupe-du-monde\/\"]}]},{\"@type\":\"ImageObject\",\"inLanguage\":\"fr-FR\",\"@id\":\"https:\/\/dicodusport.fr\/blog\/biathlon-nove-mesto-programme-complet-8eme-etape-coupe-du-monde\/#primaryimage\",\"url\":\"https:\/\/dicodusport.fr\/blog\/wp-content\/uploads\/2021\/03\/Biathlon-Nove-Mesto-Le-programme-complet-de-la-8eme-etape-de-la-Coupe-du-monde.png\",\"contentUrl\":\"https:\/\/dicodusport.fr\/blog\/wp-content\/uploads\/2021\/03\/Biathlon-Nove-Mesto-Le-programme-complet-de-la-8eme-etape-de-la-Coupe-du-monde.png\",\"width\":800,\"height\":445,\"caption\":\"Biathlon - Nove Mesto : le programme complet de la 8\u00e8me \u00e9tape de la Coupe du monde\"},{\"@type\":\"BreadcrumbList\",\"@id\":\"https:\/\/dicodusport.fr\/blog\/biathlon-nove-mesto-programme-complet-8eme-etape-coupe-du-monde\/#breadcrumb\",\"itemListElement\":[{\"@type\":\"ListItem\",\"position\":1,\"name\":\"Accueil\",\"item\":\"https:\/\/dicodusport.fr\/blog\/\"},{\"@type\":\"ListItem\",\"position\":2,\"name\":\"Biathlon &#8211; Nove Mesto : le programme complet de la 8\u00e8me \u00e9tape de la Coupe du monde\"}]},{\"@type\":\"WebSite\",\"@id\":\"https:\/\/dicodusport.fr\/blog\/#website\",\"url\":\"https:\/\/dicodusport.fr\/blog\/\",\"name\":\"Dicodusport\",\"description\":\"L&#039;encyclop\u00e9die de l&#039;actualit\u00e9 sportive\",\"publisher\":{\"@id\":\"https:\/\/dicodusport.fr\/blog\/#organization\"},\"potentialAction\":[{\"@type\":\"SearchAction\",\"target\":{\"@type\":\"EntryPoint\",\"urlTemplate\":\"https:\/\/dicodusport.fr\/blog\/?s={search_term_string}\"},\"query-input\":{\"@type\":\"PropertyValueSpecification\",\"valueRequired\":true,\"valueName\":\"search_term_string\"}}],\"inLanguage\":\"fr-FR\"},{\"@type\":\"NewsMediaOrganization\",\"@id\":\"https:\/\/dicodusport.fr\/blog\/#organization\",\"name\":\"Dicodusport\",\"url\":\"https:\/\/dicodusport.fr\/blog\/\",\"logo\":{\"@type\":\"ImageObject\",\"inLanguage\":\"fr-FR\",\"@id\":\"https:\/\/dicodusport.fr\/blog\/#\/schema\/logo\/image\/\",\"url\":\"https:\/\/dicodusport.fr\/blog\/wp-content\/uploads\/2020\/06\/cropped-LOGO-DICODUSPORT-2020-SANS-FOND-SANS-TEXTE.png\",\"contentUrl\":\"https:\/\/dicodusport.fr\/blog\/wp-content\/uploads\/2020\/06\/cropped-LOGO-DICODUSPORT-2020-SANS-FOND-SANS-TEXTE.png\",\"width\":512,\"height\":512,\"caption\":\"Dicodusport\"},\"image\":{\"@id\":\"https:\/\/dicodusport.fr\/blog\/#\/schema\/logo\/image\/\"},\"sameAs\":[\"https:\/\/www.facebook.com\/dicodusport\",\"https:\/\/x.com\/dicodusport\",\"https:\/\/www.instagram.com\/dicodusport\/\",\"https:\/\/www.youtube.com\/channel\/UC7V2KZ5sd3htJivAbA4ZG3w\"],\"description\":\"Dicodusport est l'encyclop\u00e9die de l'actualit\u00e9 sportive.\",\"email\":\"bonjour@dicodusport.fr\",\"legalName\":\"DICODUSPORT\",\"foundingDate\":\"2018-01-14\",\"vatID\":\"FR71834470973\",\"taxID\":\"83447097300043\",\"numberOfEmployees\":{\"@type\":\"QuantitativeValue\",\"minValue\":\"1\",\"maxValue\":\"10\"}},{\"@type\":\"Person\",\"@id\":\"https:\/\/dicodusport.fr\/blog\/#\/schema\/person\/cb02af4c173ce4a653b55e9baf388d4a\",\"name\":\"Flo Ostermann\",\"image\":{\"@type\":\"ImageObject\",\"inLanguage\":\"fr-FR\",\"@id\":\"https:\/\/dicodusport.fr\/blog\/#\/schema\/person\/image\/\",\"url\":\"https:\/\/dicodusport.fr\/blog\/wp-content\/uploads\/2021\/05\/Flo-Ostermann-150x150.jpg\",\"contentUrl\":\"https:\/\/dicodusport.fr\/blog\/wp-content\/uploads\/2021\/05\/Flo-Ostermann-150x150.jpg\",\"caption\":\"Flo Ostermann\"},\"description\":\"Journaliste\/R\u00e9dacteur depuis septembre 2015 - Mes premiers souvenirs dans le sport ? Les envol\u00e9es du Stade Toulousain et les duels Villeneuve-Schumacher et H\u00e4kkinen-Schumacher \u00e0 la fin des ann\u00e9es 90, la Coupe du monde de football en 1998, l\u2019exploit du XV de France face aux All Blacks en 1999, mais aussi Richard C\u0153ur de Lion qui vole sur les montagnes du Tour de France. Bien parti pour devenir professeur d\u2019EPS, les \u00e9v\u00e9nements de la vie (et la flemme d\u2019animer des s\u00e9ances de 3x500 m\u00e8tres toute ma vie) m\u2019ont conduit \u00e0 revoir mes plans. Me voil\u00e0 depuis fin 2017 sur Dicodusport, m\u00e9dia gr\u00e2ce (et pour) lequel je partage ma passion : le sport dans tous ses \u00e9tats. Le tout accompagn\u00e9 par les fous furieux et folles furieuses cit\u00e9s sur cette page !\",\"sameAs\":[\"https:\/\/www.facebook.com\/florent.ostermann\",\"https:\/\/x.com\/https:\/\/twitter.com\/FlOstermann\",\"admin\"],\"url\":\"https:\/\/dicodusport.fr\/blog\/author\/flo\/\"}]}<\/script>\n<!-- \/ Yoast SEO Premium plugin. -->","yoast_head_json":{"title":"Biathlon - Nove Mesto : le programme complet de la 8\u00e8me \u00e9tape de la Coupe du monde","description":"BIATHLON - COUPE DU MONDE 2020-2021 - D\u00e9couvrez le programme complet de la 8\u00e8me \u00e9tape de la Coupe du monde \u00e0 Nove Mesto (R\u00e9publique Tch\u00e8que).","robots":{"index":"index","follow":"follow","max-snippet":"max-snippet:-1","max-image-preview":"max-image-preview:large","max-video-preview":"max-video-preview:-1"},"canonical":"https:\/\/dicodusport.fr\/blog\/biathlon-nove-mesto-programme-complet-8eme-etape-coupe-du-monde\/","og_locale":"fr_FR","og_type":"article","og_title":"Biathlon - Nove Mesto : le programme complet de la 8\u00e8me \u00e9tape de la Coupe du monde","og_description":"BIATHLON - COUPE DU MONDE 2020-2021 - D\u00e9couvrez le programme complet de la 8\u00e8me \u00e9tape de la Coupe du monde \u00e0 Nove Mesto (R\u00e9publique Tch\u00e8que).","og_url":"https:\/\/dicodusport.fr\/blog\/biathlon-nove-mesto-programme-complet-8eme-etape-coupe-du-monde\/","og_site_name":"Dicodusport","article_publisher":"https:\/\/www.facebook.com\/dicodusport","article_author":"https:\/\/www.facebook.com\/florent.ostermann","article_published_time":"2021-03-06T20:31:20+00:00","article_modified_time":"2021-03-07T11:46:48+00:00","og_image":[{"width":800,"height":445,"url":"https:\/\/dicodusport.fr\/blog\/wp-content\/uploads\/2021\/03\/Biathlon-Nove-Mesto-Le-programme-complet-de-la-8eme-etape-de-la-Coupe-du-monde.png","type":"image\/png"}],"author":"Flo Ostermann","twitter_card":"summary_large_image","twitter_title":"Biathlon - Nove Mesto : le programme complet de la 8\u00e8me \u00e9tape de la Coupe du monde","twitter_creator":"@https:\/\/twitter.com\/FlOstermann","twitter_site":"@dicodusport","schema":{"@context":"https:\/\/schema.org","@graph":[{"@type":"NewsArticle","@id":"https:\/\/dicodusport.fr\/blog\/biathlon-nove-mesto-programme-complet-8eme-etape-coupe-du-monde\/#article","isPartOf":{"@id":"https:\/\/dicodusport.fr\/blog\/biathlon-nove-mesto-programme-complet-8eme-etape-coupe-du-monde\/"},"author":{"name":"Flo Ostermann","@id":"https:\/\/dicodusport.fr\/blog\/#\/schema\/person\/cb02af4c173ce4a653b55e9baf388d4a"},"headline":"Biathlon &#8211; Nove Mesto : le programme complet de la 8\u00e8me \u00e9tape de la Coupe du monde","datePublished":"2021-03-06T20:31:20+00:00","dateModified":"2021-03-07T11:46:48+00:00","mainEntityOfPage":{"@id":"https:\/\/dicodusport.fr\/blog\/biathlon-nove-mesto-programme-complet-8eme-etape-coupe-du-monde\/"},"wordCount":181,"commentCount":0,"publisher":{"@id":"https:\/\/dicodusport.fr\/blog\/#organization"},"image":{"@id":"https:\/\/dicodusport.fr\/blog\/biathlon-nove-mesto-programme-complet-8eme-etape-coupe-du-monde\/#primaryimage"},"thumbnailUrl":"https:\/\/dicodusport.fr\/blog\/wp-content\/uploads\/2021\/03\/Biathlon-Nove-Mesto-Le-programme-complet-de-la-8eme-etape-de-la-Coupe-du-monde.png","keywords":["Biathlon","Biathlon Nove Mesto"],"articleSection":["Coupe du monde de biathlon"],"inLanguage":"fr-FR","potentialAction":[{"@type":"CommentAction","name":"Comment","target":["https:\/\/dicodusport.fr\/blog\/biathlon-nove-mesto-programme-complet-8eme-etape-coupe-du-monde\/#respond"]}],"copyrightYear":"2021","copyrightHolder":{"@id":"https:\/\/dicodusport.fr\/blog\/#organization"}},{"@type":"WebPage","@id":"https:\/\/dicodusport.fr\/blog\/biathlon-nove-mesto-programme-complet-8eme-etape-coupe-du-monde\/","url":"https:\/\/dicodusport.fr\/blog\/biathlon-nove-mesto-programme-complet-8eme-etape-coupe-du-monde\/","name":"Biathlon - Nove Mesto : le programme complet de la 8\u00e8me \u00e9tape de la Coupe du monde","isPartOf":{"@id":"https:\/\/dicodusport.fr\/blog\/#website"},"primaryImageOfPage":{"@id":"https:\/\/dicodusport.fr\/blog\/biathlon-nove-mesto-programme-complet-8eme-etape-coupe-du-monde\/#primaryimage"},"image":{"@id":"https:\/\/dicodusport.fr\/blog\/biathlon-nove-mesto-programme-complet-8eme-etape-coupe-du-monde\/#primaryimage"},"thumbnailUrl":"https:\/\/dicodusport.fr\/blog\/wp-content\/uploads\/2021\/03\/Biathlon-Nove-Mesto-Le-programme-complet-de-la-8eme-etape-de-la-Coupe-du-monde.png","datePublished":"2021-03-06T20:31:20+00:00","dateModified":"2021-03-07T11:46:48+00:00","description":"BIATHLON - COUPE DU MONDE 2020-2021 - D\u00e9couvrez le programme complet de la 8\u00e8me \u00e9tape de la Coupe du monde \u00e0 Nove Mesto (R\u00e9publique Tch\u00e8que).","breadcrumb":{"@id":"https:\/\/dicodusport.fr\/blog\/biathlon-nove-mesto-programme-complet-8eme-etape-coupe-du-monde\/#breadcrumb"},"inLanguage":"fr-FR","potentialAction":[{"@type":"ReadAction","target":["https:\/\/dicodusport.fr\/blog\/biathlon-nove-mesto-programme-complet-8eme-etape-coupe-du-monde\/"]}]},{"@type":"ImageObject","inLanguage":"fr-FR","@id":"https:\/\/dicodusport.fr\/blog\/biathlon-nove-mesto-programme-complet-8eme-etape-coupe-du-monde\/#primaryimage","url":"https:\/\/dicodusport.fr\/blog\/wp-content\/uploads\/2021\/03\/Biathlon-Nove-Mesto-Le-programme-complet-de-la-8eme-etape-de-la-Coupe-du-monde.png","contentUrl":"https:\/\/dicodusport.fr\/blog\/wp-content\/uploads\/2021\/03\/Biathlon-Nove-Mesto-Le-programme-complet-de-la-8eme-etape-de-la-Coupe-du-monde.png","width":800,"height":445,"caption":"Biathlon - Nove Mesto : le programme complet de la 8\u00e8me \u00e9tape de la Coupe du monde"},{"@type":"BreadcrumbList","@id":"https:\/\/dicodusport.fr\/blog\/biathlon-nove-mesto-programme-complet-8eme-etape-coupe-du-monde\/#breadcrumb","itemListElement":[{"@type":"ListItem","position":1,"name":"Accueil","item":"https:\/\/dicodusport.fr\/blog\/"},{"@type":"ListItem","position":2,"name":"Biathlon &#8211; Nove Mesto : le programme complet de la 8\u00e8me \u00e9tape de la Coupe du monde"}]},{"@type":"WebSite","@id":"https:\/\/dicodusport.fr\/blog\/#website","url":"https:\/\/dicodusport.fr\/blog\/","name":"Dicodusport","description":"L&#039;encyclop\u00e9die de l&#039;actualit\u00e9 sportive","publisher":{"@id":"https:\/\/dicodusport.fr\/blog\/#organization"},"potentialAction":[{"@type":"SearchAction","target":{"@type":"EntryPoint","urlTemplate":"https:\/\/dicodusport.fr\/blog\/?s={search_term_string}"},"query-input":{"@type":"PropertyValueSpecification","valueRequired":true,"valueName":"search_term_string"}}],"inLanguage":"fr-FR"},{"@type":"NewsMediaOrganization","@id":"https:\/\/dicodusport.fr\/blog\/#organization","name":"Dicodusport","url":"https:\/\/dicodusport.fr\/blog\/","logo":{"@type":"ImageObject","inLanguage":"fr-FR","@id":"https:\/\/dicodusport.fr\/blog\/#\/schema\/logo\/image\/","url":"https:\/\/dicodusport.fr\/blog\/wp-content\/uploads\/2020\/06\/cropped-LOGO-DICODUSPORT-2020-SANS-FOND-SANS-TEXTE.png","contentUrl":"https:\/\/dicodusport.fr\/blog\/wp-content\/uploads\/2020\/06\/cropped-LOGO-DICODUSPORT-2020-SANS-FOND-SANS-TEXTE.png","width":512,"height":512,"caption":"Dicodusport"},"image":{"@id":"https:\/\/dicodusport.fr\/blog\/#\/schema\/logo\/image\/"},"sameAs":["https:\/\/www.facebook.com\/dicodusport","https:\/\/x.com\/dicodusport","https:\/\/www.instagram.com\/dicodusport\/","https:\/\/www.youtube.com\/channel\/UC7V2KZ5sd3htJivAbA4ZG3w"],"description":"Dicodusport est l'encyclop\u00e9die de l'actualit\u00e9 sportive.","email":"bonjour@dicodusport.fr","legalName":"DICODUSPORT","foundingDate":"2018-01-14","vatID":"FR71834470973","taxID":"83447097300043","numberOfEmployees":{"@type":"QuantitativeValue","minValue":"1","maxValue":"10"}},{"@type":"Person","@id":"https:\/\/dicodusport.fr\/blog\/#\/schema\/person\/cb02af4c173ce4a653b55e9baf388d4a","name":"Flo Ostermann","image":{"@type":"ImageObject","inLanguage":"fr-FR","@id":"https:\/\/dicodusport.fr\/blog\/#\/schema\/person\/image\/","url":"https:\/\/dicodusport.fr\/blog\/wp-content\/uploads\/2021\/05\/Flo-Ostermann-150x150.jpg","contentUrl":"https:\/\/dicodusport.fr\/blog\/wp-content\/uploads\/2021\/05\/Flo-Ostermann-150x150.jpg","caption":"Flo Ostermann"},"description":"Journaliste\/R\u00e9dacteur depuis septembre 2015 - Mes premiers souvenirs dans le sport ? Les envol\u00e9es du Stade Toulousain et les duels Villeneuve-Schumacher et H\u00e4kkinen-Schumacher \u00e0 la fin des ann\u00e9es 90, la Coupe du monde de football en 1998, l\u2019exploit du XV de France face aux All Blacks en 1999, mais aussi Richard C\u0153ur de Lion qui vole sur les montagnes du Tour de France. Bien parti pour devenir professeur d\u2019EPS, les \u00e9v\u00e9nements de la vie (et la flemme d\u2019animer des s\u00e9ances de 3x500 m\u00e8tres toute ma vie) m\u2019ont conduit \u00e0 revoir mes plans. Me voil\u00e0 depuis fin 2017 sur Dicodusport, m\u00e9dia gr\u00e2ce (et pour) lequel je partage ma passion : le sport dans tous ses \u00e9tats. Le tout accompagn\u00e9 par les fous furieux et folles furieuses cit\u00e9s sur cette page !","sameAs":["https:\/\/www.facebook.com\/florent.ostermann","https:\/\/x.com\/https:\/\/twitter.com\/FlOstermann","admin"],"url":"https:\/\/dicodusport.fr\/blog\/author\/flo\/"}]}},"_links":{"self":[{"href":"https:\/\/dicodusport.fr\/blog\/wp-json\/wp\/v2\/posts\/110352","targetHints":{"allow":["GET"]}}],"collection":[{"href":"https:\/\/dicodusport.fr\/blog\/wp-json\/wp\/v2\/posts"}],"about":[{"href":"https:\/\/dicodusport.fr\/blog\/wp-json\/wp\/v2\/types\/post"}],"author":[{"embeddable":true,"href":"https:\/\/dicodusport.fr\/blog\/wp-json\/wp\/v2\/users\/4"}],"replies":[{"embeddable":true,"href":"https:\/\/dicodusport.fr\/blog\/wp-json\/wp\/v2\/comments?post=110352"}],"version-history":[{"count":0,"href":"https:\/\/dicodusport.fr\/blog\/wp-json\/wp\/v2\/posts\/110352\/revisions"}],"wp:featuredmedia":[{"embeddable":true,"href":"https:\/\/dicodusport.fr\/blog\/wp-json\/wp\/v2\/media\/110373"}],"wp:attachment":[{"href":"https:\/\/dicodusport.fr\/blog\/wp-json\/wp\/v2\/media?parent=110352"}],"wp:term":[{"taxonomy":"category","embeddable":true,"href":"https:\/\/dicodusport.fr\/blog\/wp-json\/wp\/v2\/categories?post=110352"},{"taxonomy":"post_tag","embeddable":true,"href":"https:\/\/dicodusport.fr\/blog\/wp-json\/wp\/v2\/tags?post=110352"}],"curies":[{"name":"wp","href":"https:\/\/api.w.org\/{rel}","templated":true}]}}