{"id":110559,"date":"2021-03-03T13:23:13","date_gmt":"2021-03-03T12:23:13","guid":{"rendered":"https:\/\/dicodusport.fr\/blog\/?p=110559"},"modified":"2021-03-03T16:09:50","modified_gmt":"2021-03-03T15:09:50","slug":"arsene-wenger-plaide-pour-lorganisation-de-leuro-et-du-mondial-tous-les-deux-ans","status":"publish","type":"post","link":"https:\/\/dicodusport.fr\/blog\/arsene-wenger-plaide-pour-lorganisation-de-leuro-et-du-mondial-tous-les-deux-ans\/","title":{"rendered":"Ars\u00e8ne Wenger plaide pour l&rsquo;organisation de l&rsquo;Euro et du Mondial tous les deux ans"},"content":{"rendered":"<p style=\"text-align: justify;\"><em><strong><a href=\"https:\/\/dicodusport.fr\/blog\/actualites\/football\/\" target=\"_blank\" rel=\"noopener\">FOOTBALL<\/a> &#8211; D\u00e9sormais directeur du d\u00e9veloppement mondial \u00e0 la FIFA, Ars\u00e8ne Wenger s&rsquo;est exprim\u00e9 pour un entretien accord\u00e9 <a href=\"https:\/\/www.leparisien.fr\/sports\/football\/football-il-faut-limiter-le-jeu-de-tete-a-l-entrainement-confie-arsene-wenger-03-03-2021-8426922.php#xtor=AD-1481423553\" target=\"_blank\" rel=\"noopener\">au Parisien<\/a>. Au sein de ce dernier, l&rsquo;ancien manager d&rsquo;Arsenal a mis en avant une proposition. Celle d&rsquo;organiser l&rsquo;Euro et le Mondial tous les 2 ans.<\/strong><\/em><\/p>\n<p style=\"text-align: justify;\">Alors que <strong>l&rsquo;UEFA<\/strong> planche sur une r\u00e9volution du format de la <strong>Ligue des Champions<\/strong> \u00e0 partir de 2024, c&rsquo;est une autre proposition qui pourrait modifier le paysage du football dans les prochaines ann\u00e9es. Selon <strong>Ars\u00e8ne Wenger<\/strong>, il serait coh\u00e9rent de regrouper toutes les dates internationales. Son point de vue, il le justifie d&rsquo;un point de vue sportif, mais \u00e9galement en termes de responsabilit\u00e9 \u00e9cologique. <em>\u00ab<\/em> <strong><i>Est-ce raisonnable, alors que nous nous devons d&rsquo;\u00eatre responsables, notamment \u00e9co-responsables, de multiplier les voyages pour les tr\u00eaves internationales ?<\/i> <\/strong><i><strong>Est-ce en ad\u00e9quation avec l&rsquo;\u00e9volution de la soci\u00e9t\u00e9 ?<\/strong> <strong>Il faut r\u00e9organiser tout cela, regrouper les dates internationales. Une des solutions est sans doute d&rsquo;organiser la Coupe du monde et l&rsquo;Euro tous les deux ans et d&rsquo;arr\u00eater tout le reste<\/strong><\/i><strong>. <em>\u00bb<\/em><\/strong><\/p>\n<h2 style=\"text-align: justify;\">\u00ab\u00a0Cela ne nuirait pas au prestige des comp\u00e9titions\u00a0\u00bb<\/h2>\n<p style=\"text-align: justify;\">Une proposition qui viendrait donc mettre un terme \u00e0 une comp\u00e9tition d\u00e9cri\u00e9e qu&rsquo;est la <strong>Ligue des Nations<\/strong>. Mais \u00e9galement \u00e0 des matchs amicaux parfois sans int\u00e9r\u00eat. Avec cette proposition, le prestige des deux comp\u00e9titions internationales pourrait \u00eatre remis en question. Mais pour le technicien alsacien, il n&rsquo;en n&rsquo;est rien. <em>\u00ab<\/em> <em><strong>Selon moi, cela ne nuira pas au prestige des comp\u00e9titions contrairement \u00e0 ce que disent certains\u00a0\u00bb. La Ligue des champions se tient tous les ans et c&rsquo;est tr\u00e8s prestigieux. Les gens veulent voir des matchs qui comptent, des comp\u00e9titions qui comptent. \u00bb<\/strong><\/em><\/p>\n<p style=\"text-align: justify;\">Durant cet entretien, l&rsquo;ancien coach des <em>Gunners<\/em> a \u00e9galement exprim\u00e9 le souhait d&rsquo;un autre changement. Celui <em>\u00ab <\/em><em><strong>d&rsquo;interdire le jeu de t\u00eate chez les jeunes \u00e0 l&rsquo;entra\u00eenement \u00bb<\/strong><\/em>. Il ajoute \u00e9galement : <strong><em>\u00ab <\/em><em>Il faut limiter la pratique petit \u00e0 petit \u00e0 l&rsquo;entra\u00eenement.<\/em> <i>Aujourd&rsquo;hui, je me dis qu&rsquo;en ayant entra\u00een\u00e9 des joueurs pendant de nombreuses ann\u00e9es, j&rsquo;ai fait des d\u00e9g\u00e2ts \u00e0 l&rsquo;entra\u00eenement. <em>\u00bb<\/em><\/i><\/strong><\/p>\n<blockquote class=\"twitter-tweet\">\n<p dir=\"ltr\" lang=\"fr\">Football : \u00abIl faut limiter le jeu de t\u00eate \u00e0 l\u2019entra\u00eenement\u00bb, confie Ars\u00e8ne Wenger<br \/>\n&#x27a1;&#xfe0f; <a href=\"https:\/\/t.co\/QFlSwd3kuA\">https:\/\/t.co\/QFlSwd3kuA<\/a> <a href=\"https:\/\/t.co\/plUDM08MKk\">pic.twitter.com\/plUDM08MKk<\/a><\/p>\n<p>\u2014 Le Parisien &#8211; Sports (@LeParisienSport) <a href=\"https:\/\/twitter.com\/LeParisienSport\/status\/1366989300353683457?ref_src=twsrc%5Etfw\">March 3, 2021<\/a><\/p><\/blockquote>\n<p><script async src=\"https:\/\/platform.twitter.com\/widgets.js\" charset=\"utf-8\"><\/script><\/p>\n<p><strong><em>Julien Correia<br \/>\n<a href=\"https:\/\/www.facebook.com\/julien.correia.52\" target=\"_blank\" rel=\"noopener noreferrer\"><img loading=\"lazy\" decoding=\"async\" class=\"alignnone wp-image-2909\" src=\"https:\/\/i2.wp.com\/dicodusport.fr\/blog\/wp-content\/uploads\/2017\/07\/logo-facebook-150x150.png?resize=40%2C40\" alt=\"\" width=\"40\" height=\"40\" data-recalc-dims=\"1\" \/><\/a><a href=\"https:\/\/twitter.com\/julienco_psg70\" target=\"_blank\" rel=\"noopener noreferrer\"><img loading=\"lazy\" decoding=\"async\" class=\"alignnone wp-image-2908\" src=\"https:\/\/i1.wp.com\/dicodusport.fr\/blog\/wp-content\/uploads\/2017\/07\/logo-twitter-150x150.png?resize=39%2C39\" alt=\"\" width=\"39\" height=\"39\" data-recalc-dims=\"1\" \/><\/a><\/em><\/strong><\/p>\n","protected":false},"excerpt":{"rendered":"<p>FOOTBALL &#8211; D\u00e9sormais directeur du d\u00e9veloppement mondial \u00e0 la FIFA, Ars\u00e8ne Wenger s&rsquo;est exprim\u00e9 pour un entretien accord\u00e9 au Parisien. Au sein de ce dernier, l&rsquo;ancien manager d&rsquo;Arsenal a mis en avant une proposition. Celle d&rsquo;organiser l&rsquo;Euro et le Mondial tous les 2 ans.<\/p>\n","protected":false},"author":37,"featured_media":110590,"comment_status":"open","ping_status":"closed","sticky":false,"template":"","format":"standard","meta":{"_acf_changed":false,"_daextam_enable_autolinks":"","footnotes":""},"categories":[2301],"tags":[3435,1530,80,75],"class_list":["post-110559","post","type-post","status-publish","format-standard","has-post-thumbnail","hentry","category-football","tag-arsene-wenger","tag-coupe-du-monde","tag-fifa","tag-football"],"acf":[],"yoast_head":"<!-- This site is optimized with the Yoast SEO Premium plugin v26.7 (Yoast SEO v26.7) - https:\/\/yoast.com\/wordpress\/plugins\/seo\/ -->\n<title>Ars\u00e8ne Wenger plaide pour l&#039;organisation de l&#039;Euro et du Mondial tous les deux ans<\/title>\n<meta name=\"description\" content=\"FOOTBALL - D\u00e9sormais directeur du d\u00e9veloppement mondial \u00e0 la FIFA, Ars\u00e8ne Wenger s&#039;est exprim\u00e9 pour un entretien accord\u00e9 au Parisien.\" \/>\n<meta name=\"robots\" content=\"index, follow, max-snippet:-1, max-image-preview:large, max-video-preview:-1\" \/>\n<link rel=\"canonical\" href=\"https:\/\/dicodusport.fr\/blog\/arsene-wenger-plaide-pour-lorganisation-de-leuro-et-du-mondial-tous-les-deux-ans\/\" \/>\n<meta property=\"og:locale\" content=\"fr_FR\" \/>\n<meta property=\"og:type\" content=\"article\" \/>\n<meta property=\"og:title\" content=\"Ars\u00e8ne Wenger plaide pour l&#039;organisation de l&#039;Euro et du Mondial tous les deux ans\" \/>\n<meta property=\"og:description\" content=\"FOOTBALL - D\u00e9sormais directeur du d\u00e9veloppement mondial \u00e0 la FIFA, Ars\u00e8ne Wenger s&#039;est exprim\u00e9 pour un entretien accord\u00e9 au Parisien.\" \/>\n<meta property=\"og:url\" content=\"https:\/\/dicodusport.fr\/blog\/arsene-wenger-plaide-pour-lorganisation-de-leuro-et-du-mondial-tous-les-deux-ans\/\" \/>\n<meta property=\"og:site_name\" content=\"Dicodusport\" \/>\n<meta property=\"article:publisher\" content=\"https:\/\/www.facebook.com\/dicodusport\" \/>\n<meta property=\"article:author\" content=\"https:\/\/www.facebook.com\/julien.correia.52\" \/>\n<meta property=\"article:published_time\" content=\"2021-03-03T12:23:13+00:00\" \/>\n<meta property=\"article:modified_time\" content=\"2021-03-03T15:09:50+00:00\" \/>\n<meta property=\"og:image\" content=\"https:\/\/dicodusport.fr\/blog\/wp-content\/uploads\/2021\/03\/Arsene-Wenger-plaide-pour-lorganisation-de-lEuro-et-du-Mondial-tous-les-deux-ans.png\" \/>\n\t<meta property=\"og:image:width\" content=\"800\" \/>\n\t<meta property=\"og:image:height\" content=\"445\" \/>\n\t<meta property=\"og:image:type\" content=\"image\/png\" \/>\n<meta name=\"author\" content=\"Julien Correia\" \/>\n<meta name=\"twitter:card\" content=\"summary_large_image\" \/>\n<meta name=\"twitter:title\" content=\"Ars\u00e8ne Wenger plaide pour l&#039;organisation de l&#039;Euro et du Mondial tous les deux ans\" \/>\n<meta name=\"twitter:creator\" content=\"@https:\/\/twitter.com\/julienco_psg70\" \/>\n<meta name=\"twitter:site\" content=\"@dicodusport\" \/>\n<script type=\"application\/ld+json\" class=\"yoast-schema-graph\">{\"@context\":\"https:\/\/schema.org\",\"@graph\":[{\"@type\":\"NewsArticle\",\"@id\":\"https:\/\/dicodusport.fr\/blog\/arsene-wenger-plaide-pour-lorganisation-de-leuro-et-du-mondial-tous-les-deux-ans\/#article\",\"isPartOf\":{\"@id\":\"https:\/\/dicodusport.fr\/blog\/arsene-wenger-plaide-pour-lorganisation-de-leuro-et-du-mondial-tous-les-deux-ans\/\"},\"author\":{\"name\":\"Julien Correia\",\"@id\":\"https:\/\/dicodusport.fr\/blog\/#\/schema\/person\/0f73d157e4670e108e23009fa82f2239\"},\"headline\":\"Ars\u00e8ne Wenger plaide pour l&rsquo;organisation de l&rsquo;Euro et du Mondial tous les deux ans\",\"datePublished\":\"2021-03-03T12:23:13+00:00\",\"dateModified\":\"2021-03-03T15:09:50+00:00\",\"mainEntityOfPage\":{\"@id\":\"https:\/\/dicodusport.fr\/blog\/arsene-wenger-plaide-pour-lorganisation-de-leuro-et-du-mondial-tous-les-deux-ans\/\"},\"wordCount\":422,\"commentCount\":0,\"publisher\":{\"@id\":\"https:\/\/dicodusport.fr\/blog\/#organization\"},\"image\":{\"@id\":\"https:\/\/dicodusport.fr\/blog\/arsene-wenger-plaide-pour-lorganisation-de-leuro-et-du-mondial-tous-les-deux-ans\/#primaryimage\"},\"thumbnailUrl\":\"https:\/\/dicodusport.fr\/blog\/wp-content\/uploads\/2021\/03\/Arsene-Wenger-plaide-pour-lorganisation-de-lEuro-et-du-Mondial-tous-les-deux-ans.png\",\"keywords\":[\"ars\u00e8ne wenger\",\"Coupe du monde\",\"fifa\",\"Football\"],\"articleSection\":[\"Football\"],\"inLanguage\":\"fr-FR\",\"potentialAction\":[{\"@type\":\"CommentAction\",\"name\":\"Comment\",\"target\":[\"https:\/\/dicodusport.fr\/blog\/arsene-wenger-plaide-pour-lorganisation-de-leuro-et-du-mondial-tous-les-deux-ans\/#respond\"]}],\"copyrightYear\":\"2021\",\"copyrightHolder\":{\"@id\":\"https:\/\/dicodusport.fr\/blog\/#organization\"}},{\"@type\":\"WebPage\",\"@id\":\"https:\/\/dicodusport.fr\/blog\/arsene-wenger-plaide-pour-lorganisation-de-leuro-et-du-mondial-tous-les-deux-ans\/\",\"url\":\"https:\/\/dicodusport.fr\/blog\/arsene-wenger-plaide-pour-lorganisation-de-leuro-et-du-mondial-tous-les-deux-ans\/\",\"name\":\"Ars\u00e8ne Wenger plaide pour l'organisation de l'Euro et du Mondial tous les deux ans\",\"isPartOf\":{\"@id\":\"https:\/\/dicodusport.fr\/blog\/#website\"},\"primaryImageOfPage\":{\"@id\":\"https:\/\/dicodusport.fr\/blog\/arsene-wenger-plaide-pour-lorganisation-de-leuro-et-du-mondial-tous-les-deux-ans\/#primaryimage\"},\"image\":{\"@id\":\"https:\/\/dicodusport.fr\/blog\/arsene-wenger-plaide-pour-lorganisation-de-leuro-et-du-mondial-tous-les-deux-ans\/#primaryimage\"},\"thumbnailUrl\":\"https:\/\/dicodusport.fr\/blog\/wp-content\/uploads\/2021\/03\/Arsene-Wenger-plaide-pour-lorganisation-de-lEuro-et-du-Mondial-tous-les-deux-ans.png\",\"datePublished\":\"2021-03-03T12:23:13+00:00\",\"dateModified\":\"2021-03-03T15:09:50+00:00\",\"description\":\"FOOTBALL - D\u00e9sormais directeur du d\u00e9veloppement mondial \u00e0 la FIFA, Ars\u00e8ne Wenger s'est exprim\u00e9 pour un entretien accord\u00e9 au Parisien.\",\"breadcrumb\":{\"@id\":\"https:\/\/dicodusport.fr\/blog\/arsene-wenger-plaide-pour-lorganisation-de-leuro-et-du-mondial-tous-les-deux-ans\/#breadcrumb\"},\"inLanguage\":\"fr-FR\",\"potentialAction\":[{\"@type\":\"ReadAction\",\"target\":[\"https:\/\/dicodusport.fr\/blog\/arsene-wenger-plaide-pour-lorganisation-de-leuro-et-du-mondial-tous-les-deux-ans\/\"]}]},{\"@type\":\"ImageObject\",\"inLanguage\":\"fr-FR\",\"@id\":\"https:\/\/dicodusport.fr\/blog\/arsene-wenger-plaide-pour-lorganisation-de-leuro-et-du-mondial-tous-les-deux-ans\/#primaryimage\",\"url\":\"https:\/\/dicodusport.fr\/blog\/wp-content\/uploads\/2021\/03\/Arsene-Wenger-plaide-pour-lorganisation-de-lEuro-et-du-Mondial-tous-les-deux-ans.png\",\"contentUrl\":\"https:\/\/dicodusport.fr\/blog\/wp-content\/uploads\/2021\/03\/Arsene-Wenger-plaide-pour-lorganisation-de-lEuro-et-du-Mondial-tous-les-deux-ans.png\",\"width\":800,\"height\":445,\"caption\":\"Ars\u00e8ne Wenger plaide pour l'organisation de l'Euro et du Mondial tous les deux ans\"},{\"@type\":\"BreadcrumbList\",\"@id\":\"https:\/\/dicodusport.fr\/blog\/arsene-wenger-plaide-pour-lorganisation-de-leuro-et-du-mondial-tous-les-deux-ans\/#breadcrumb\",\"itemListElement\":[{\"@type\":\"ListItem\",\"position\":1,\"name\":\"Accueil\",\"item\":\"https:\/\/dicodusport.fr\/blog\/\"},{\"@type\":\"ListItem\",\"position\":2,\"name\":\"Ars\u00e8ne Wenger plaide pour l&rsquo;organisation de l&rsquo;Euro et du Mondial tous les deux ans\"}]},{\"@type\":\"WebSite\",\"@id\":\"https:\/\/dicodusport.fr\/blog\/#website\",\"url\":\"https:\/\/dicodusport.fr\/blog\/\",\"name\":\"Dicodusport\",\"description\":\"L&#039;encyclop\u00e9die de l&#039;actualit\u00e9 sportive\",\"publisher\":{\"@id\":\"https:\/\/dicodusport.fr\/blog\/#organization\"},\"potentialAction\":[{\"@type\":\"SearchAction\",\"target\":{\"@type\":\"EntryPoint\",\"urlTemplate\":\"https:\/\/dicodusport.fr\/blog\/?s={search_term_string}\"},\"query-input\":{\"@type\":\"PropertyValueSpecification\",\"valueRequired\":true,\"valueName\":\"search_term_string\"}}],\"inLanguage\":\"fr-FR\"},{\"@type\":\"NewsMediaOrganization\",\"@id\":\"https:\/\/dicodusport.fr\/blog\/#organization\",\"name\":\"Dicodusport\",\"url\":\"https:\/\/dicodusport.fr\/blog\/\",\"logo\":{\"@type\":\"ImageObject\",\"inLanguage\":\"fr-FR\",\"@id\":\"https:\/\/dicodusport.fr\/blog\/#\/schema\/logo\/image\/\",\"url\":\"https:\/\/dicodusport.fr\/blog\/wp-content\/uploads\/2020\/06\/cropped-LOGO-DICODUSPORT-2020-SANS-FOND-SANS-TEXTE.png\",\"contentUrl\":\"https:\/\/dicodusport.fr\/blog\/wp-content\/uploads\/2020\/06\/cropped-LOGO-DICODUSPORT-2020-SANS-FOND-SANS-TEXTE.png\",\"width\":512,\"height\":512,\"caption\":\"Dicodusport\"},\"image\":{\"@id\":\"https:\/\/dicodusport.fr\/blog\/#\/schema\/logo\/image\/\"},\"sameAs\":[\"https:\/\/www.facebook.com\/dicodusport\",\"https:\/\/x.com\/dicodusport\",\"https:\/\/www.instagram.com\/dicodusport\/\",\"https:\/\/www.youtube.com\/channel\/UC7V2KZ5sd3htJivAbA4ZG3w\"],\"description\":\"Dicodusport est l'encyclop\u00e9die de l'actualit\u00e9 sportive.\",\"email\":\"bonjour@dicodusport.fr\",\"legalName\":\"DICODUSPORT\",\"foundingDate\":\"2018-01-14\",\"vatID\":\"FR71834470973\",\"taxID\":\"83447097300043\",\"numberOfEmployees\":{\"@type\":\"QuantitativeValue\",\"minValue\":\"1\",\"maxValue\":\"10\"}},{\"@type\":\"Person\",\"@id\":\"https:\/\/dicodusport.fr\/blog\/#\/schema\/person\/0f73d157e4670e108e23009fa82f2239\",\"name\":\"Julien Correia\",\"image\":{\"@type\":\"ImageObject\",\"inLanguage\":\"fr-FR\",\"@id\":\"https:\/\/dicodusport.fr\/blog\/#\/schema\/person\/image\/\",\"url\":\"https:\/\/dicodusport.fr\/blog\/wp-content\/uploads\/2021\/05\/Julien-Correia-150x150.jpg\",\"contentUrl\":\"https:\/\/dicodusport.fr\/blog\/wp-content\/uploads\/2021\/05\/Julien-Correia-150x150.jpg\",\"caption\":\"Julien Correia\"},\"description\":\"Journaliste\/r\u00e9dacteur depuis janvier 2019 - Tomb\u00e9 dans le monde du ballon rond \u00e9tant petit, j\u2019aurais pu devenir pro sans ces foutus ligaments crois\u00e9s. D\u00e9filant sur les champs (mais pas Elys\u00e9es) en 98, j\u2019ai \u00e9t\u00e9 berc\u00e9 par les exploits de Mister George, piqu\u00e9 par la technique du Snake, grandi avec Captain Rai et Ronnie, m\u00fbri avec Pauleta et Edi. Mais Ibracadabra, je suis d\u00e9sormais reconverti en runner\/traileur. Moins rapide que Bolt et moins endurant que Jornet, c\u2019est donc plume \u00e0 la main que je partage les exploits de ces athl\u00e8tes !\",\"sameAs\":[\"https:\/\/www.facebook.com\/julien.correia.52\",\"https:\/\/x.com\/https:\/\/twitter.com\/julienco_psg70\"],\"url\":\"https:\/\/dicodusport.fr\/blog\/author\/julien-c\/\"}]}<\/script>\n<!-- \/ Yoast SEO Premium plugin. -->","yoast_head_json":{"title":"Ars\u00e8ne Wenger plaide pour l'organisation de l'Euro et du Mondial tous les deux ans","description":"FOOTBALL - D\u00e9sormais directeur du d\u00e9veloppement mondial \u00e0 la FIFA, Ars\u00e8ne Wenger s'est exprim\u00e9 pour un entretien accord\u00e9 au Parisien.","robots":{"index":"index","follow":"follow","max-snippet":"max-snippet:-1","max-image-preview":"max-image-preview:large","max-video-preview":"max-video-preview:-1"},"canonical":"https:\/\/dicodusport.fr\/blog\/arsene-wenger-plaide-pour-lorganisation-de-leuro-et-du-mondial-tous-les-deux-ans\/","og_locale":"fr_FR","og_type":"article","og_title":"Ars\u00e8ne Wenger plaide pour l'organisation de l'Euro et du Mondial tous les deux ans","og_description":"FOOTBALL - D\u00e9sormais directeur du d\u00e9veloppement mondial \u00e0 la FIFA, Ars\u00e8ne Wenger s'est exprim\u00e9 pour un entretien accord\u00e9 au Parisien.","og_url":"https:\/\/dicodusport.fr\/blog\/arsene-wenger-plaide-pour-lorganisation-de-leuro-et-du-mondial-tous-les-deux-ans\/","og_site_name":"Dicodusport","article_publisher":"https:\/\/www.facebook.com\/dicodusport","article_author":"https:\/\/www.facebook.com\/julien.correia.52","article_published_time":"2021-03-03T12:23:13+00:00","article_modified_time":"2021-03-03T15:09:50+00:00","og_image":[{"width":800,"height":445,"url":"https:\/\/dicodusport.fr\/blog\/wp-content\/uploads\/2021\/03\/Arsene-Wenger-plaide-pour-lorganisation-de-lEuro-et-du-Mondial-tous-les-deux-ans.png","type":"image\/png"}],"author":"Julien Correia","twitter_card":"summary_large_image","twitter_title":"Ars\u00e8ne Wenger plaide pour l'organisation de l'Euro et du Mondial tous les deux ans","twitter_creator":"@https:\/\/twitter.com\/julienco_psg70","twitter_site":"@dicodusport","schema":{"@context":"https:\/\/schema.org","@graph":[{"@type":"NewsArticle","@id":"https:\/\/dicodusport.fr\/blog\/arsene-wenger-plaide-pour-lorganisation-de-leuro-et-du-mondial-tous-les-deux-ans\/#article","isPartOf":{"@id":"https:\/\/dicodusport.fr\/blog\/arsene-wenger-plaide-pour-lorganisation-de-leuro-et-du-mondial-tous-les-deux-ans\/"},"author":{"name":"Julien Correia","@id":"https:\/\/dicodusport.fr\/blog\/#\/schema\/person\/0f73d157e4670e108e23009fa82f2239"},"headline":"Ars\u00e8ne Wenger plaide pour l&rsquo;organisation de l&rsquo;Euro et du Mondial tous les deux ans","datePublished":"2021-03-03T12:23:13+00:00","dateModified":"2021-03-03T15:09:50+00:00","mainEntityOfPage":{"@id":"https:\/\/dicodusport.fr\/blog\/arsene-wenger-plaide-pour-lorganisation-de-leuro-et-du-mondial-tous-les-deux-ans\/"},"wordCount":422,"commentCount":0,"publisher":{"@id":"https:\/\/dicodusport.fr\/blog\/#organization"},"image":{"@id":"https:\/\/dicodusport.fr\/blog\/arsene-wenger-plaide-pour-lorganisation-de-leuro-et-du-mondial-tous-les-deux-ans\/#primaryimage"},"thumbnailUrl":"https:\/\/dicodusport.fr\/blog\/wp-content\/uploads\/2021\/03\/Arsene-Wenger-plaide-pour-lorganisation-de-lEuro-et-du-Mondial-tous-les-deux-ans.png","keywords":["ars\u00e8ne wenger","Coupe du monde","fifa","Football"],"articleSection":["Football"],"inLanguage":"fr-FR","potentialAction":[{"@type":"CommentAction","name":"Comment","target":["https:\/\/dicodusport.fr\/blog\/arsene-wenger-plaide-pour-lorganisation-de-leuro-et-du-mondial-tous-les-deux-ans\/#respond"]}],"copyrightYear":"2021","copyrightHolder":{"@id":"https:\/\/dicodusport.fr\/blog\/#organization"}},{"@type":"WebPage","@id":"https:\/\/dicodusport.fr\/blog\/arsene-wenger-plaide-pour-lorganisation-de-leuro-et-du-mondial-tous-les-deux-ans\/","url":"https:\/\/dicodusport.fr\/blog\/arsene-wenger-plaide-pour-lorganisation-de-leuro-et-du-mondial-tous-les-deux-ans\/","name":"Ars\u00e8ne Wenger plaide pour l'organisation de l'Euro et du Mondial tous les deux ans","isPartOf":{"@id":"https:\/\/dicodusport.fr\/blog\/#website"},"primaryImageOfPage":{"@id":"https:\/\/dicodusport.fr\/blog\/arsene-wenger-plaide-pour-lorganisation-de-leuro-et-du-mondial-tous-les-deux-ans\/#primaryimage"},"image":{"@id":"https:\/\/dicodusport.fr\/blog\/arsene-wenger-plaide-pour-lorganisation-de-leuro-et-du-mondial-tous-les-deux-ans\/#primaryimage"},"thumbnailUrl":"https:\/\/dicodusport.fr\/blog\/wp-content\/uploads\/2021\/03\/Arsene-Wenger-plaide-pour-lorganisation-de-lEuro-et-du-Mondial-tous-les-deux-ans.png","datePublished":"2021-03-03T12:23:13+00:00","dateModified":"2021-03-03T15:09:50+00:00","description":"FOOTBALL - D\u00e9sormais directeur du d\u00e9veloppement mondial \u00e0 la FIFA, Ars\u00e8ne Wenger s'est exprim\u00e9 pour un entretien accord\u00e9 au Parisien.","breadcrumb":{"@id":"https:\/\/dicodusport.fr\/blog\/arsene-wenger-plaide-pour-lorganisation-de-leuro-et-du-mondial-tous-les-deux-ans\/#breadcrumb"},"inLanguage":"fr-FR","potentialAction":[{"@type":"ReadAction","target":["https:\/\/dicodusport.fr\/blog\/arsene-wenger-plaide-pour-lorganisation-de-leuro-et-du-mondial-tous-les-deux-ans\/"]}]},{"@type":"ImageObject","inLanguage":"fr-FR","@id":"https:\/\/dicodusport.fr\/blog\/arsene-wenger-plaide-pour-lorganisation-de-leuro-et-du-mondial-tous-les-deux-ans\/#primaryimage","url":"https:\/\/dicodusport.fr\/blog\/wp-content\/uploads\/2021\/03\/Arsene-Wenger-plaide-pour-lorganisation-de-lEuro-et-du-Mondial-tous-les-deux-ans.png","contentUrl":"https:\/\/dicodusport.fr\/blog\/wp-content\/uploads\/2021\/03\/Arsene-Wenger-plaide-pour-lorganisation-de-lEuro-et-du-Mondial-tous-les-deux-ans.png","width":800,"height":445,"caption":"Ars\u00e8ne Wenger plaide pour l'organisation de l'Euro et du Mondial tous les deux ans"},{"@type":"BreadcrumbList","@id":"https:\/\/dicodusport.fr\/blog\/arsene-wenger-plaide-pour-lorganisation-de-leuro-et-du-mondial-tous-les-deux-ans\/#breadcrumb","itemListElement":[{"@type":"ListItem","position":1,"name":"Accueil","item":"https:\/\/dicodusport.fr\/blog\/"},{"@type":"ListItem","position":2,"name":"Ars\u00e8ne Wenger plaide pour l&rsquo;organisation de l&rsquo;Euro et du Mondial tous les deux ans"}]},{"@type":"WebSite","@id":"https:\/\/dicodusport.fr\/blog\/#website","url":"https:\/\/dicodusport.fr\/blog\/","name":"Dicodusport","description":"L&#039;encyclop\u00e9die de l&#039;actualit\u00e9 sportive","publisher":{"@id":"https:\/\/dicodusport.fr\/blog\/#organization"},"potentialAction":[{"@type":"SearchAction","target":{"@type":"EntryPoint","urlTemplate":"https:\/\/dicodusport.fr\/blog\/?s={search_term_string}"},"query-input":{"@type":"PropertyValueSpecification","valueRequired":true,"valueName":"search_term_string"}}],"inLanguage":"fr-FR"},{"@type":"NewsMediaOrganization","@id":"https:\/\/dicodusport.fr\/blog\/#organization","name":"Dicodusport","url":"https:\/\/dicodusport.fr\/blog\/","logo":{"@type":"ImageObject","inLanguage":"fr-FR","@id":"https:\/\/dicodusport.fr\/blog\/#\/schema\/logo\/image\/","url":"https:\/\/dicodusport.fr\/blog\/wp-content\/uploads\/2020\/06\/cropped-LOGO-DICODUSPORT-2020-SANS-FOND-SANS-TEXTE.png","contentUrl":"https:\/\/dicodusport.fr\/blog\/wp-content\/uploads\/2020\/06\/cropped-LOGO-DICODUSPORT-2020-SANS-FOND-SANS-TEXTE.png","width":512,"height":512,"caption":"Dicodusport"},"image":{"@id":"https:\/\/dicodusport.fr\/blog\/#\/schema\/logo\/image\/"},"sameAs":["https:\/\/www.facebook.com\/dicodusport","https:\/\/x.com\/dicodusport","https:\/\/www.instagram.com\/dicodusport\/","https:\/\/www.youtube.com\/channel\/UC7V2KZ5sd3htJivAbA4ZG3w"],"description":"Dicodusport est l'encyclop\u00e9die de l'actualit\u00e9 sportive.","email":"bonjour@dicodusport.fr","legalName":"DICODUSPORT","foundingDate":"2018-01-14","vatID":"FR71834470973","taxID":"83447097300043","numberOfEmployees":{"@type":"QuantitativeValue","minValue":"1","maxValue":"10"}},{"@type":"Person","@id":"https:\/\/dicodusport.fr\/blog\/#\/schema\/person\/0f73d157e4670e108e23009fa82f2239","name":"Julien Correia","image":{"@type":"ImageObject","inLanguage":"fr-FR","@id":"https:\/\/dicodusport.fr\/blog\/#\/schema\/person\/image\/","url":"https:\/\/dicodusport.fr\/blog\/wp-content\/uploads\/2021\/05\/Julien-Correia-150x150.jpg","contentUrl":"https:\/\/dicodusport.fr\/blog\/wp-content\/uploads\/2021\/05\/Julien-Correia-150x150.jpg","caption":"Julien Correia"},"description":"Journaliste\/r\u00e9dacteur depuis janvier 2019 - Tomb\u00e9 dans le monde du ballon rond \u00e9tant petit, j\u2019aurais pu devenir pro sans ces foutus ligaments crois\u00e9s. D\u00e9filant sur les champs (mais pas Elys\u00e9es) en 98, j\u2019ai \u00e9t\u00e9 berc\u00e9 par les exploits de Mister George, piqu\u00e9 par la technique du Snake, grandi avec Captain Rai et Ronnie, m\u00fbri avec Pauleta et Edi. Mais Ibracadabra, je suis d\u00e9sormais reconverti en runner\/traileur. Moins rapide que Bolt et moins endurant que Jornet, c\u2019est donc plume \u00e0 la main que je partage les exploits de ces athl\u00e8tes !","sameAs":["https:\/\/www.facebook.com\/julien.correia.52","https:\/\/x.com\/https:\/\/twitter.com\/julienco_psg70"],"url":"https:\/\/dicodusport.fr\/blog\/author\/julien-c\/"}]}},"_links":{"self":[{"href":"https:\/\/dicodusport.fr\/blog\/wp-json\/wp\/v2\/posts\/110559","targetHints":{"allow":["GET"]}}],"collection":[{"href":"https:\/\/dicodusport.fr\/blog\/wp-json\/wp\/v2\/posts"}],"about":[{"href":"https:\/\/dicodusport.fr\/blog\/wp-json\/wp\/v2\/types\/post"}],"author":[{"embeddable":true,"href":"https:\/\/dicodusport.fr\/blog\/wp-json\/wp\/v2\/users\/37"}],"replies":[{"embeddable":true,"href":"https:\/\/dicodusport.fr\/blog\/wp-json\/wp\/v2\/comments?post=110559"}],"version-history":[{"count":0,"href":"https:\/\/dicodusport.fr\/blog\/wp-json\/wp\/v2\/posts\/110559\/revisions"}],"wp:featuredmedia":[{"embeddable":true,"href":"https:\/\/dicodusport.fr\/blog\/wp-json\/wp\/v2\/media\/110590"}],"wp:attachment":[{"href":"https:\/\/dicodusport.fr\/blog\/wp-json\/wp\/v2\/media?parent=110559"}],"wp:term":[{"taxonomy":"category","embeddable":true,"href":"https:\/\/dicodusport.fr\/blog\/wp-json\/wp\/v2\/categories?post=110559"},{"taxonomy":"post_tag","embeddable":true,"href":"https:\/\/dicodusport.fr\/blog\/wp-json\/wp\/v2\/tags?post=110559"}],"curies":[{"name":"wp","href":"https:\/\/api.w.org\/{rel}","templated":true}]}}