{"id":110762,"date":"2021-03-04T09:57:27","date_gmt":"2021-03-04T08:57:27","guid":{"rendered":"https:\/\/dicodusport.fr\/blog\/?p=110762"},"modified":"2021-03-04T13:16:35","modified_gmt":"2021-03-04T12:16:35","slug":"snowboardcross-julia-pereira-de-sousa-deuxieme-a-bakuriani","status":"publish","type":"post","link":"https:\/\/dicodusport.fr\/blog\/snowboardcross-julia-pereira-de-sousa-deuxieme-a-bakuriani\/","title":{"rendered":"Snowboardcross : Julia Pereira de Sousa deuxi\u00e8me \u00e0 Bakuriani"},"content":{"rendered":"<p style=\"text-align: justify;\"><strong><em><a href=\"https:\/\/dicodusport.fr\/blog\/tag\/snowboardcross\/\" target=\"_blank\" rel=\"noopener\">SNOWBOARDCROSS<\/a> &#8211; Les snowboardeurs avaient rendez-vous pour une \u00e9tape in\u00e9dite aujourd&rsquo;hui \u00e0 Bakuriani, en G\u00e9orgie. Sur le m\u00eame parcours que pour l&rsquo;\u00e9preuve de skicross la semaine derni\u00e8re, Julia Pereira de Sousa a r\u00e9ussi \u00e0 monter sur un deuxi\u00e8me podium cette saison.<\/em><\/strong><\/p>\n<h2>Samkova en patronne<\/h2>\n<p style=\"text-align: justify;\">D\u00e9j\u00e0 troisi\u00e8me en d\u00e9but de saison \u00e0 Valmalenco (Italie), la vice-championne olympique <strong>Julia Pereira de Sousa<\/strong> a sign\u00e9 son meilleur r\u00e9sultat en carri\u00e8re. Troisi\u00e8me sur ses trois premiers podiums en Coupe du monde, elle monte cette fois \u00e0 la deuxi\u00e8me place derri\u00e8re l&rsquo;intouchable Tch\u00e8que <strong>Eva Samkova<\/strong>. Derni\u00e8re au d\u00e9part de la finale, la Fran\u00e7aise \u00e0 r\u00e9ussi \u00e0 se d\u00e9faire de l&rsquo;Italienne <strong>Michela Moioli<\/strong> (4e) et l&rsquo;Am\u00e9ricaine <strong>Lindsey Jacobelis<\/strong> (3e).<\/p>\n<p style=\"text-align: justify;\">Deux autres Fran\u00e7aises ont \u00e9chou\u00e9 en demi-finales. <strong>Chlo\u00e9 Trespeuch<\/strong> termine 6\u00e8me et <strong>Manon Petit-Lenoir<\/strong> 8\u00e8me. C\u00f4t\u00e9 gar\u00e7ons, le meilleur Fran\u00e7ais du jour est <strong>Merlin Surget<\/strong> en prenant la 4\u00e8me place de la petite finale. Demain, on prend les m\u00eames et on recommence. Deuxi\u00e8me course en deux jours ce vendredi 5 mars sur ce m\u00eame parcours g\u00e9orgien.<\/p>\n<blockquote class=\"twitter-tweet\">\n<p dir=\"ltr\" lang=\"fr\">PODIUM &#x1f4a5;&#x1f4aa;<br \/>\nOn commence la journ\u00e9e en beaut\u00e9 avec la 2e place de Julia Pereira de Sousa Mabileau en Snowboard Cross \u00e0 Bakuriani. &#x1f1eb;&#x1f1f7;<br \/>\n6e place pour <a href=\"https:\/\/twitter.com\/TrespeuchChloe?ref_src=twsrc%5Etfw\">@TrespeuchChloe<\/a>, <a href=\"https:\/\/twitter.com\/MansPetitLenoir?ref_src=twsrc%5Etfw\">@MansPetitLenoir<\/a> est 7e et Merlin Surget 8e.<br \/>\nNouvelle \u00e9preuve demain, allez les &#x1f535;&#x26aa;&#x1f534; !<\/p>\n<p>&#x1f4f8; FIS <a href=\"https:\/\/t.co\/FRHLeTDKLU\">pic.twitter.com\/FRHLeTDKLU<\/a><\/p>\n<p>\u2014 FFS &#8211; F\u00e9d\u00e9ration Fran\u00e7aise de Ski (@FedFranceSki) <a href=\"https:\/\/twitter.com\/FedFranceSki\/status\/1367390508474130432?ref_src=twsrc%5Etfw\">March 4, 2021<\/a><\/p><\/blockquote>\n<p><script async src=\"https:\/\/platform.twitter.com\/widgets.js\" charset=\"utf-8\"><\/script><\/p>\n<p><strong><em>Maxime Boulard<br \/>\n<a href=\"https:\/\/www.facebook.com\/Max.Bld2\/\" target=\"_blank\" rel=\"noopener noreferrer\"><img loading=\"lazy\" decoding=\"async\" class=\"alignnone wp-image-2909 jetpack-lazy-image jetpack-lazy-image--handled\" src=\"https:\/\/i2.wp.com\/dicodusport.fr\/blog\/wp-content\/uploads\/2017\/07\/logo-facebook-150x150.png?resize=40%2C40\" alt=\"\" width=\"40\" height=\"40\" data-lazy-loaded=\"1\" \/><\/a><a href=\"https:\/\/twitter.com\/MaximeB_2\" target=\"_blank\" rel=\"noopener noreferrer\"><img loading=\"lazy\" decoding=\"async\" class=\"alignnone wp-image-2908 jetpack-lazy-image jetpack-lazy-image--handled\" src=\"https:\/\/i1.wp.com\/dicodusport.fr\/blog\/wp-content\/uploads\/2017\/07\/logo-twitter-150x150.png?resize=39%2C39\" alt=\"\" width=\"39\" height=\"39\" data-lazy-loaded=\"1\" \/><\/a><\/em><\/strong><\/p>\n","protected":false},"excerpt":{"rendered":"<p>SNOWBOARDCROSS &#8211; Les snowboardeurs avaient rendez-vous pour une \u00e9tape in\u00e9dite aujourd&rsquo;hui \u00e0 Bakuriani, en G\u00e9orgie. Sur le m\u00eame parcours que pour l&rsquo;\u00e9preuve de skicross la semaine derni\u00e8re, Julia Pereira de Sousa a r\u00e9ussi \u00e0 monter sur un deuxi\u00e8me podium cette saison.<\/p>\n","protected":false},"author":43,"featured_media":110769,"comment_status":"open","ping_status":"closed","sticky":false,"template":"","format":"standard","meta":{"_acf_changed":false,"_daextam_enable_autolinks":"","footnotes":""},"categories":[10126],"tags":[14520,3817,3022],"class_list":["post-110762","post","type-post","status-publish","format-standard","has-post-thumbnail","hentry","category-snowboard","tag-coupe-du-monde-de-snowboardcross","tag-julia-pereira-de-sousa","tag-snowboardcross"],"acf":[],"yoast_head":"<!-- This site is optimized with the Yoast SEO Premium plugin v26.7 (Yoast SEO v26.7) - https:\/\/yoast.com\/wordpress\/plugins\/seo\/ -->\n<title>Snowboardcross : Julia Pereira de Sousa deuxi\u00e8me \u00e0 Bakuriani<\/title>\n<meta name=\"description\" content=\"SNOWBOARDCROSS - Les snowboardeurs avaient rendez-vous pour une \u00e9tape in\u00e9dite aujourd&#039;hui \u00e0 Bakuriani, en G\u00e9orgie. Julia Pereira de Sousa a termin\u00e9 2\u00e8me.\" \/>\n<meta name=\"robots\" content=\"index, follow, max-snippet:-1, max-image-preview:large, max-video-preview:-1\" \/>\n<link rel=\"canonical\" href=\"https:\/\/dicodusport.fr\/blog\/snowboardcross-julia-pereira-de-sousa-deuxieme-a-bakuriani\/\" \/>\n<meta property=\"og:locale\" content=\"fr_FR\" \/>\n<meta property=\"og:type\" content=\"article\" \/>\n<meta property=\"og:title\" content=\"Snowboardcross : Julia Pereira de Sousa deuxi\u00e8me \u00e0 Bakuriani\" \/>\n<meta property=\"og:description\" content=\"SNOWBOARDCROSS - Les snowboardeurs avaient rendez-vous pour une \u00e9tape in\u00e9dite aujourd&#039;hui \u00e0 Bakuriani, en G\u00e9orgie. Julia Pereira de Sousa a termin\u00e9 2\u00e8me.\" \/>\n<meta property=\"og:url\" content=\"https:\/\/dicodusport.fr\/blog\/snowboardcross-julia-pereira-de-sousa-deuxieme-a-bakuriani\/\" \/>\n<meta property=\"og:site_name\" content=\"Dicodusport\" \/>\n<meta property=\"article:publisher\" content=\"https:\/\/www.facebook.com\/dicodusport\" \/>\n<meta property=\"article:author\" content=\"https:\/\/www.facebook.com\/Max.Bld2\/\" \/>\n<meta property=\"article:published_time\" content=\"2021-03-04T08:57:27+00:00\" \/>\n<meta property=\"article:modified_time\" content=\"2021-03-04T12:16:35+00:00\" \/>\n<meta property=\"og:image\" content=\"https:\/\/dicodusport.fr\/blog\/wp-content\/uploads\/2021\/03\/Snowboardcross-Julia-Pereira-de-Sousa-deuxieme-a-Bakuriani.png\" \/>\n\t<meta property=\"og:image:width\" content=\"800\" \/>\n\t<meta property=\"og:image:height\" content=\"445\" \/>\n\t<meta property=\"og:image:type\" content=\"image\/png\" \/>\n<meta name=\"author\" content=\"Maxime Boulard\" \/>\n<meta name=\"twitter:card\" content=\"summary_large_image\" \/>\n<meta name=\"twitter:title\" content=\"Snowboardcross : Julia Pereira de Sousa deuxi\u00e8me \u00e0 Bakuriani\" \/>\n<meta name=\"twitter:creator\" content=\"@https:\/\/twitter.com\/MaximeB_2\" \/>\n<meta name=\"twitter:site\" content=\"@dicodusport\" \/>\n<script type=\"application\/ld+json\" class=\"yoast-schema-graph\">{\"@context\":\"https:\/\/schema.org\",\"@graph\":[{\"@type\":\"NewsArticle\",\"@id\":\"https:\/\/dicodusport.fr\/blog\/snowboardcross-julia-pereira-de-sousa-deuxieme-a-bakuriani\/#article\",\"isPartOf\":{\"@id\":\"https:\/\/dicodusport.fr\/blog\/snowboardcross-julia-pereira-de-sousa-deuxieme-a-bakuriani\/\"},\"author\":{\"name\":\"Maxime Boulard\",\"@id\":\"https:\/\/dicodusport.fr\/blog\/#\/schema\/person\/5aab10ee856e86ac63e9819a9da34784\"},\"headline\":\"Snowboardcross : Julia Pereira de Sousa deuxi\u00e8me \u00e0 Bakuriani\",\"datePublished\":\"2021-03-04T08:57:27+00:00\",\"dateModified\":\"2021-03-04T12:16:35+00:00\",\"mainEntityOfPage\":{\"@id\":\"https:\/\/dicodusport.fr\/blog\/snowboardcross-julia-pereira-de-sousa-deuxieme-a-bakuriani\/\"},\"wordCount\":281,\"commentCount\":0,\"publisher\":{\"@id\":\"https:\/\/dicodusport.fr\/blog\/#organization\"},\"image\":{\"@id\":\"https:\/\/dicodusport.fr\/blog\/snowboardcross-julia-pereira-de-sousa-deuxieme-a-bakuriani\/#primaryimage\"},\"thumbnailUrl\":\"https:\/\/dicodusport.fr\/blog\/wp-content\/uploads\/2021\/03\/Snowboardcross-Julia-Pereira-de-Sousa-deuxieme-a-Bakuriani.png\",\"keywords\":[\"Coupe du monde de snowboardcross\",\"Julia Pereira de Sousa\",\"snowboardcross\"],\"articleSection\":[\"Snowboard\"],\"inLanguage\":\"fr-FR\",\"potentialAction\":[{\"@type\":\"CommentAction\",\"name\":\"Comment\",\"target\":[\"https:\/\/dicodusport.fr\/blog\/snowboardcross-julia-pereira-de-sousa-deuxieme-a-bakuriani\/#respond\"]}],\"copyrightYear\":\"2021\",\"copyrightHolder\":{\"@id\":\"https:\/\/dicodusport.fr\/blog\/#organization\"}},{\"@type\":\"WebPage\",\"@id\":\"https:\/\/dicodusport.fr\/blog\/snowboardcross-julia-pereira-de-sousa-deuxieme-a-bakuriani\/\",\"url\":\"https:\/\/dicodusport.fr\/blog\/snowboardcross-julia-pereira-de-sousa-deuxieme-a-bakuriani\/\",\"name\":\"Snowboardcross : Julia Pereira de Sousa deuxi\u00e8me \u00e0 Bakuriani\",\"isPartOf\":{\"@id\":\"https:\/\/dicodusport.fr\/blog\/#website\"},\"primaryImageOfPage\":{\"@id\":\"https:\/\/dicodusport.fr\/blog\/snowboardcross-julia-pereira-de-sousa-deuxieme-a-bakuriani\/#primaryimage\"},\"image\":{\"@id\":\"https:\/\/dicodusport.fr\/blog\/snowboardcross-julia-pereira-de-sousa-deuxieme-a-bakuriani\/#primaryimage\"},\"thumbnailUrl\":\"https:\/\/dicodusport.fr\/blog\/wp-content\/uploads\/2021\/03\/Snowboardcross-Julia-Pereira-de-Sousa-deuxieme-a-Bakuriani.png\",\"datePublished\":\"2021-03-04T08:57:27+00:00\",\"dateModified\":\"2021-03-04T12:16:35+00:00\",\"description\":\"SNOWBOARDCROSS - Les snowboardeurs avaient rendez-vous pour une \u00e9tape in\u00e9dite aujourd'hui \u00e0 Bakuriani, en G\u00e9orgie. Julia Pereira de Sousa a termin\u00e9 2\u00e8me.\",\"breadcrumb\":{\"@id\":\"https:\/\/dicodusport.fr\/blog\/snowboardcross-julia-pereira-de-sousa-deuxieme-a-bakuriani\/#breadcrumb\"},\"inLanguage\":\"fr-FR\",\"potentialAction\":[{\"@type\":\"ReadAction\",\"target\":[\"https:\/\/dicodusport.fr\/blog\/snowboardcross-julia-pereira-de-sousa-deuxieme-a-bakuriani\/\"]}]},{\"@type\":\"ImageObject\",\"inLanguage\":\"fr-FR\",\"@id\":\"https:\/\/dicodusport.fr\/blog\/snowboardcross-julia-pereira-de-sousa-deuxieme-a-bakuriani\/#primaryimage\",\"url\":\"https:\/\/dicodusport.fr\/blog\/wp-content\/uploads\/2021\/03\/Snowboardcross-Julia-Pereira-de-Sousa-deuxieme-a-Bakuriani.png\",\"contentUrl\":\"https:\/\/dicodusport.fr\/blog\/wp-content\/uploads\/2021\/03\/Snowboardcross-Julia-Pereira-de-Sousa-deuxieme-a-Bakuriani.png\",\"width\":800,\"height\":445,\"caption\":\"Snowboardcross - Julia Pereira de Sousa deuxi\u00e8me \u00e0 Bakuriani\"},{\"@type\":\"BreadcrumbList\",\"@id\":\"https:\/\/dicodusport.fr\/blog\/snowboardcross-julia-pereira-de-sousa-deuxieme-a-bakuriani\/#breadcrumb\",\"itemListElement\":[{\"@type\":\"ListItem\",\"position\":1,\"name\":\"Accueil\",\"item\":\"https:\/\/dicodusport.fr\/blog\/\"},{\"@type\":\"ListItem\",\"position\":2,\"name\":\"Snowboardcross : Julia Pereira de Sousa deuxi\u00e8me \u00e0 Bakuriani\"}]},{\"@type\":\"WebSite\",\"@id\":\"https:\/\/dicodusport.fr\/blog\/#website\",\"url\":\"https:\/\/dicodusport.fr\/blog\/\",\"name\":\"Dicodusport\",\"description\":\"L&#039;encyclop\u00e9die de l&#039;actualit\u00e9 sportive\",\"publisher\":{\"@id\":\"https:\/\/dicodusport.fr\/blog\/#organization\"},\"potentialAction\":[{\"@type\":\"SearchAction\",\"target\":{\"@type\":\"EntryPoint\",\"urlTemplate\":\"https:\/\/dicodusport.fr\/blog\/?s={search_term_string}\"},\"query-input\":{\"@type\":\"PropertyValueSpecification\",\"valueRequired\":true,\"valueName\":\"search_term_string\"}}],\"inLanguage\":\"fr-FR\"},{\"@type\":\"NewsMediaOrganization\",\"@id\":\"https:\/\/dicodusport.fr\/blog\/#organization\",\"name\":\"Dicodusport\",\"url\":\"https:\/\/dicodusport.fr\/blog\/\",\"logo\":{\"@type\":\"ImageObject\",\"inLanguage\":\"fr-FR\",\"@id\":\"https:\/\/dicodusport.fr\/blog\/#\/schema\/logo\/image\/\",\"url\":\"https:\/\/dicodusport.fr\/blog\/wp-content\/uploads\/2020\/06\/cropped-LOGO-DICODUSPORT-2020-SANS-FOND-SANS-TEXTE.png\",\"contentUrl\":\"https:\/\/dicodusport.fr\/blog\/wp-content\/uploads\/2020\/06\/cropped-LOGO-DICODUSPORT-2020-SANS-FOND-SANS-TEXTE.png\",\"width\":512,\"height\":512,\"caption\":\"Dicodusport\"},\"image\":{\"@id\":\"https:\/\/dicodusport.fr\/blog\/#\/schema\/logo\/image\/\"},\"sameAs\":[\"https:\/\/www.facebook.com\/dicodusport\",\"https:\/\/x.com\/dicodusport\",\"https:\/\/www.instagram.com\/dicodusport\/\",\"https:\/\/www.youtube.com\/channel\/UC7V2KZ5sd3htJivAbA4ZG3w\"],\"description\":\"Dicodusport est l'encyclop\u00e9die de l'actualit\u00e9 sportive.\",\"email\":\"bonjour@dicodusport.fr\",\"legalName\":\"DICODUSPORT\",\"foundingDate\":\"2018-01-14\",\"vatID\":\"FR71834470973\",\"taxID\":\"83447097300043\",\"numberOfEmployees\":{\"@type\":\"QuantitativeValue\",\"minValue\":\"1\",\"maxValue\":\"10\"}},{\"@type\":\"Person\",\"@id\":\"https:\/\/dicodusport.fr\/blog\/#\/schema\/person\/5aab10ee856e86ac63e9819a9da34784\",\"name\":\"Maxime Boulard\",\"image\":{\"@type\":\"ImageObject\",\"inLanguage\":\"fr-FR\",\"@id\":\"https:\/\/dicodusport.fr\/blog\/#\/schema\/person\/image\/\",\"url\":\"https:\/\/dicodusport.fr\/blog\/wp-content\/uploads\/2021\/05\/Maxime-Boulard-150x150.jpg\",\"contentUrl\":\"https:\/\/dicodusport.fr\/blog\/wp-content\/uploads\/2021\/05\/Maxime-Boulard-150x150.jpg\",\"caption\":\"Maxime Boulard\"},\"description\":\"Journaliste\/r\u00e9dacteur depuis octobre 2020 - Si mon plus vieux souvenir de sport aurait pu m'en d\u00e9go\u00fbter, la finale de la Coupe du monde 2006 a \u00e9t\u00e9 tout le contraire. V\u00e9ritable d\u00e9clencheur d'une passion qui aujourd'hui ne fait que grandir avec le temps, mon leitmotiv est la France qui brille ! Je relate les exploits pass\u00e9s et pr\u00e9sents du sport bleu-blanc-rouge sans m\u00e9nagement depuis octobre 2020. Sport valide ou handisport, aucune diff\u00e9rence, il n'y a que du sport et plusieurs fa\u00e7ons de le pratiquer.\",\"sameAs\":[\"https:\/\/www.facebook.com\/Max.Bld2\/\",\"https:\/\/x.com\/https:\/\/twitter.com\/MaximeB_2\"],\"url\":\"https:\/\/dicodusport.fr\/blog\/author\/maxime-b\/\"}]}<\/script>\n<!-- \/ Yoast SEO Premium plugin. -->","yoast_head_json":{"title":"Snowboardcross : Julia Pereira de Sousa deuxi\u00e8me \u00e0 Bakuriani","description":"SNOWBOARDCROSS - Les snowboardeurs avaient rendez-vous pour une \u00e9tape in\u00e9dite aujourd'hui \u00e0 Bakuriani, en G\u00e9orgie. Julia Pereira de Sousa a termin\u00e9 2\u00e8me.","robots":{"index":"index","follow":"follow","max-snippet":"max-snippet:-1","max-image-preview":"max-image-preview:large","max-video-preview":"max-video-preview:-1"},"canonical":"https:\/\/dicodusport.fr\/blog\/snowboardcross-julia-pereira-de-sousa-deuxieme-a-bakuriani\/","og_locale":"fr_FR","og_type":"article","og_title":"Snowboardcross : Julia Pereira de Sousa deuxi\u00e8me \u00e0 Bakuriani","og_description":"SNOWBOARDCROSS - Les snowboardeurs avaient rendez-vous pour une \u00e9tape in\u00e9dite aujourd'hui \u00e0 Bakuriani, en G\u00e9orgie. Julia Pereira de Sousa a termin\u00e9 2\u00e8me.","og_url":"https:\/\/dicodusport.fr\/blog\/snowboardcross-julia-pereira-de-sousa-deuxieme-a-bakuriani\/","og_site_name":"Dicodusport","article_publisher":"https:\/\/www.facebook.com\/dicodusport","article_author":"https:\/\/www.facebook.com\/Max.Bld2\/","article_published_time":"2021-03-04T08:57:27+00:00","article_modified_time":"2021-03-04T12:16:35+00:00","og_image":[{"width":800,"height":445,"url":"https:\/\/dicodusport.fr\/blog\/wp-content\/uploads\/2021\/03\/Snowboardcross-Julia-Pereira-de-Sousa-deuxieme-a-Bakuriani.png","type":"image\/png"}],"author":"Maxime Boulard","twitter_card":"summary_large_image","twitter_title":"Snowboardcross : Julia Pereira de Sousa deuxi\u00e8me \u00e0 Bakuriani","twitter_creator":"@https:\/\/twitter.com\/MaximeB_2","twitter_site":"@dicodusport","schema":{"@context":"https:\/\/schema.org","@graph":[{"@type":"NewsArticle","@id":"https:\/\/dicodusport.fr\/blog\/snowboardcross-julia-pereira-de-sousa-deuxieme-a-bakuriani\/#article","isPartOf":{"@id":"https:\/\/dicodusport.fr\/blog\/snowboardcross-julia-pereira-de-sousa-deuxieme-a-bakuriani\/"},"author":{"name":"Maxime Boulard","@id":"https:\/\/dicodusport.fr\/blog\/#\/schema\/person\/5aab10ee856e86ac63e9819a9da34784"},"headline":"Snowboardcross : Julia Pereira de Sousa deuxi\u00e8me \u00e0 Bakuriani","datePublished":"2021-03-04T08:57:27+00:00","dateModified":"2021-03-04T12:16:35+00:00","mainEntityOfPage":{"@id":"https:\/\/dicodusport.fr\/blog\/snowboardcross-julia-pereira-de-sousa-deuxieme-a-bakuriani\/"},"wordCount":281,"commentCount":0,"publisher":{"@id":"https:\/\/dicodusport.fr\/blog\/#organization"},"image":{"@id":"https:\/\/dicodusport.fr\/blog\/snowboardcross-julia-pereira-de-sousa-deuxieme-a-bakuriani\/#primaryimage"},"thumbnailUrl":"https:\/\/dicodusport.fr\/blog\/wp-content\/uploads\/2021\/03\/Snowboardcross-Julia-Pereira-de-Sousa-deuxieme-a-Bakuriani.png","keywords":["Coupe du monde de snowboardcross","Julia Pereira de Sousa","snowboardcross"],"articleSection":["Snowboard"],"inLanguage":"fr-FR","potentialAction":[{"@type":"CommentAction","name":"Comment","target":["https:\/\/dicodusport.fr\/blog\/snowboardcross-julia-pereira-de-sousa-deuxieme-a-bakuriani\/#respond"]}],"copyrightYear":"2021","copyrightHolder":{"@id":"https:\/\/dicodusport.fr\/blog\/#organization"}},{"@type":"WebPage","@id":"https:\/\/dicodusport.fr\/blog\/snowboardcross-julia-pereira-de-sousa-deuxieme-a-bakuriani\/","url":"https:\/\/dicodusport.fr\/blog\/snowboardcross-julia-pereira-de-sousa-deuxieme-a-bakuriani\/","name":"Snowboardcross : Julia Pereira de Sousa deuxi\u00e8me \u00e0 Bakuriani","isPartOf":{"@id":"https:\/\/dicodusport.fr\/blog\/#website"},"primaryImageOfPage":{"@id":"https:\/\/dicodusport.fr\/blog\/snowboardcross-julia-pereira-de-sousa-deuxieme-a-bakuriani\/#primaryimage"},"image":{"@id":"https:\/\/dicodusport.fr\/blog\/snowboardcross-julia-pereira-de-sousa-deuxieme-a-bakuriani\/#primaryimage"},"thumbnailUrl":"https:\/\/dicodusport.fr\/blog\/wp-content\/uploads\/2021\/03\/Snowboardcross-Julia-Pereira-de-Sousa-deuxieme-a-Bakuriani.png","datePublished":"2021-03-04T08:57:27+00:00","dateModified":"2021-03-04T12:16:35+00:00","description":"SNOWBOARDCROSS - Les snowboardeurs avaient rendez-vous pour une \u00e9tape in\u00e9dite aujourd'hui \u00e0 Bakuriani, en G\u00e9orgie. Julia Pereira de Sousa a termin\u00e9 2\u00e8me.","breadcrumb":{"@id":"https:\/\/dicodusport.fr\/blog\/snowboardcross-julia-pereira-de-sousa-deuxieme-a-bakuriani\/#breadcrumb"},"inLanguage":"fr-FR","potentialAction":[{"@type":"ReadAction","target":["https:\/\/dicodusport.fr\/blog\/snowboardcross-julia-pereira-de-sousa-deuxieme-a-bakuriani\/"]}]},{"@type":"ImageObject","inLanguage":"fr-FR","@id":"https:\/\/dicodusport.fr\/blog\/snowboardcross-julia-pereira-de-sousa-deuxieme-a-bakuriani\/#primaryimage","url":"https:\/\/dicodusport.fr\/blog\/wp-content\/uploads\/2021\/03\/Snowboardcross-Julia-Pereira-de-Sousa-deuxieme-a-Bakuriani.png","contentUrl":"https:\/\/dicodusport.fr\/blog\/wp-content\/uploads\/2021\/03\/Snowboardcross-Julia-Pereira-de-Sousa-deuxieme-a-Bakuriani.png","width":800,"height":445,"caption":"Snowboardcross - Julia Pereira de Sousa deuxi\u00e8me \u00e0 Bakuriani"},{"@type":"BreadcrumbList","@id":"https:\/\/dicodusport.fr\/blog\/snowboardcross-julia-pereira-de-sousa-deuxieme-a-bakuriani\/#breadcrumb","itemListElement":[{"@type":"ListItem","position":1,"name":"Accueil","item":"https:\/\/dicodusport.fr\/blog\/"},{"@type":"ListItem","position":2,"name":"Snowboardcross : Julia Pereira de Sousa deuxi\u00e8me \u00e0 Bakuriani"}]},{"@type":"WebSite","@id":"https:\/\/dicodusport.fr\/blog\/#website","url":"https:\/\/dicodusport.fr\/blog\/","name":"Dicodusport","description":"L&#039;encyclop\u00e9die de l&#039;actualit\u00e9 sportive","publisher":{"@id":"https:\/\/dicodusport.fr\/blog\/#organization"},"potentialAction":[{"@type":"SearchAction","target":{"@type":"EntryPoint","urlTemplate":"https:\/\/dicodusport.fr\/blog\/?s={search_term_string}"},"query-input":{"@type":"PropertyValueSpecification","valueRequired":true,"valueName":"search_term_string"}}],"inLanguage":"fr-FR"},{"@type":"NewsMediaOrganization","@id":"https:\/\/dicodusport.fr\/blog\/#organization","name":"Dicodusport","url":"https:\/\/dicodusport.fr\/blog\/","logo":{"@type":"ImageObject","inLanguage":"fr-FR","@id":"https:\/\/dicodusport.fr\/blog\/#\/schema\/logo\/image\/","url":"https:\/\/dicodusport.fr\/blog\/wp-content\/uploads\/2020\/06\/cropped-LOGO-DICODUSPORT-2020-SANS-FOND-SANS-TEXTE.png","contentUrl":"https:\/\/dicodusport.fr\/blog\/wp-content\/uploads\/2020\/06\/cropped-LOGO-DICODUSPORT-2020-SANS-FOND-SANS-TEXTE.png","width":512,"height":512,"caption":"Dicodusport"},"image":{"@id":"https:\/\/dicodusport.fr\/blog\/#\/schema\/logo\/image\/"},"sameAs":["https:\/\/www.facebook.com\/dicodusport","https:\/\/x.com\/dicodusport","https:\/\/www.instagram.com\/dicodusport\/","https:\/\/www.youtube.com\/channel\/UC7V2KZ5sd3htJivAbA4ZG3w"],"description":"Dicodusport est l'encyclop\u00e9die de l'actualit\u00e9 sportive.","email":"bonjour@dicodusport.fr","legalName":"DICODUSPORT","foundingDate":"2018-01-14","vatID":"FR71834470973","taxID":"83447097300043","numberOfEmployees":{"@type":"QuantitativeValue","minValue":"1","maxValue":"10"}},{"@type":"Person","@id":"https:\/\/dicodusport.fr\/blog\/#\/schema\/person\/5aab10ee856e86ac63e9819a9da34784","name":"Maxime Boulard","image":{"@type":"ImageObject","inLanguage":"fr-FR","@id":"https:\/\/dicodusport.fr\/blog\/#\/schema\/person\/image\/","url":"https:\/\/dicodusport.fr\/blog\/wp-content\/uploads\/2021\/05\/Maxime-Boulard-150x150.jpg","contentUrl":"https:\/\/dicodusport.fr\/blog\/wp-content\/uploads\/2021\/05\/Maxime-Boulard-150x150.jpg","caption":"Maxime Boulard"},"description":"Journaliste\/r\u00e9dacteur depuis octobre 2020 - Si mon plus vieux souvenir de sport aurait pu m'en d\u00e9go\u00fbter, la finale de la Coupe du monde 2006 a \u00e9t\u00e9 tout le contraire. V\u00e9ritable d\u00e9clencheur d'une passion qui aujourd'hui ne fait que grandir avec le temps, mon leitmotiv est la France qui brille ! Je relate les exploits pass\u00e9s et pr\u00e9sents du sport bleu-blanc-rouge sans m\u00e9nagement depuis octobre 2020. Sport valide ou handisport, aucune diff\u00e9rence, il n'y a que du sport et plusieurs fa\u00e7ons de le pratiquer.","sameAs":["https:\/\/www.facebook.com\/Max.Bld2\/","https:\/\/x.com\/https:\/\/twitter.com\/MaximeB_2"],"url":"https:\/\/dicodusport.fr\/blog\/author\/maxime-b\/"}]}},"_links":{"self":[{"href":"https:\/\/dicodusport.fr\/blog\/wp-json\/wp\/v2\/posts\/110762","targetHints":{"allow":["GET"]}}],"collection":[{"href":"https:\/\/dicodusport.fr\/blog\/wp-json\/wp\/v2\/posts"}],"about":[{"href":"https:\/\/dicodusport.fr\/blog\/wp-json\/wp\/v2\/types\/post"}],"author":[{"embeddable":true,"href":"https:\/\/dicodusport.fr\/blog\/wp-json\/wp\/v2\/users\/43"}],"replies":[{"embeddable":true,"href":"https:\/\/dicodusport.fr\/blog\/wp-json\/wp\/v2\/comments?post=110762"}],"version-history":[{"count":0,"href":"https:\/\/dicodusport.fr\/blog\/wp-json\/wp\/v2\/posts\/110762\/revisions"}],"wp:featuredmedia":[{"embeddable":true,"href":"https:\/\/dicodusport.fr\/blog\/wp-json\/wp\/v2\/media\/110769"}],"wp:attachment":[{"href":"https:\/\/dicodusport.fr\/blog\/wp-json\/wp\/v2\/media?parent=110762"}],"wp:term":[{"taxonomy":"category","embeddable":true,"href":"https:\/\/dicodusport.fr\/blog\/wp-json\/wp\/v2\/categories?post=110762"},{"taxonomy":"post_tag","embeddable":true,"href":"https:\/\/dicodusport.fr\/blog\/wp-json\/wp\/v2\/tags?post=110762"}],"curies":[{"name":"wp","href":"https:\/\/api.w.org\/{rel}","templated":true}]}}