{"id":111181,"date":"2021-03-05T18:55:48","date_gmt":"2021-03-05T17:55:48","guid":{"rendered":"https:\/\/dicodusport.fr\/blog\/?p=111181&#038;preview=true&#038;preview_id=111181"},"modified":"2021-03-05T19:29:11","modified_gmt":"2021-03-05T18:29:11","slug":"jean-baptiste-grange-double-champion-du-monde-raccrochera-les-skis-a-la-fin-de-la-saison","status":"publish","type":"post","link":"https:\/\/dicodusport.fr\/blog\/jean-baptiste-grange-double-champion-du-monde-raccrochera-les-skis-a-la-fin-de-la-saison\/","title":{"rendered":"Jean-Baptiste Grange, double champion du monde, raccrochera les skis \u00e0 la fin de la saison"},"content":{"rendered":"<p style=\"text-align: justify;\"><strong><em><a href=\"https:\/\/dicodusport.fr\/definition-sport\/ski-alpin\/\" target=\"_blank\" rel=\"noopener\">SKI ALPIN<\/a> &#8211; Double champion du monde, Jean-Baptiste Grange a d\u00e9cid\u00e9 de mettre un terme \u00e0 sa carri\u00e8re \u00e0 la fin de la saison 2020-2021.\u00a0<\/em><\/strong><\/p>\n<p style=\"text-align: justify;\"><strong>Champion du monde de slalom<\/strong> en 2011 \u00e0 Garmisch-Partenkirchen et <a href=\"https:\/\/www.francetvinfo.fr\/sports\/ski-jean-baptiste-grange-de-retour-au-sommet_826677.html\" target=\"_blank\" rel=\"noopener\">en 2015 \u00e0 Vail \/ Beaver-Creak<\/a>, le slalomeur fran\u00e7ais avait aussi d\u00e9croch\u00e9 le bronze lors de ses premiers mondiaux en 2007. Il a d\u00e9croch\u00e9 9 victoires en Coupe du monde, 8 en slalom, 1 en super combin\u00e9 pour un total de 18 podiums au plus haut niveau du ski mondial. Le seul regret de sa magnifique carri\u00e8re sera ses rendez-vous manqu\u00e9s avec les Jeux Olympiques puisque <strong>Jean-Baptiste Grange<\/strong> n&rsquo;a pas termin\u00e9 les slaloms en 2006, 2014 et 2018, et qu&rsquo;il avait d\u00fb d\u00e9clarer forfait en 2010.<\/p>\n<blockquote class=\"twitter-tweet\">\n<p dir=\"ltr\" lang=\"fr\">Le double champion du Monde de Slalom <a href=\"https:\/\/twitter.com\/jb_grange?ref_src=twsrc%5Etfw\">@jb_grange<\/a> met un terme \u00e0 sa carri\u00e8re sportive. &#x1f622;<br \/>\nLa FFS le remercie pour son parcours d\u2019athl\u00e8te de haut-niveau et pour l\u2019\u00e9tat d\u2019esprit dont il a fait preuve tout au long de ces ann\u00e9es.<\/p>\n<p>Communiqu\u00e9 : <a href=\"https:\/\/t.co\/md6PJeDdri\">https:\/\/t.co\/md6PJeDdri<\/a> <a href=\"https:\/\/t.co\/H1IXvbJbpY\">pic.twitter.com\/H1IXvbJbpY<\/a><\/p>\n<p>\u2014 FFS &#8211; F\u00e9d\u00e9ration Fran\u00e7aise de Ski (@FedFranceSki) <a href=\"https:\/\/twitter.com\/FedFranceSki\/status\/1367869512712921088?ref_src=twsrc%5Etfw\">March 5, 2021<\/a><\/p><\/blockquote>\n<p style=\"text-align: justify;\"><script async src=\"https:\/\/platform.twitter.com\/widgets.js\" charset=\"utf-8\"><\/script><\/p>\n<p style=\"text-align: justify;\"><strong><em>Dicodusport<br \/>\n<a href=\"https:\/\/www.facebook.com\/dicodusport\/\" target=\"_blank\" rel=\"noopener noreferrer\"><img loading=\"lazy\" decoding=\"async\" class=\"alignnone wp-image-2909\" src=\"http:\/\/dicodusport.fr\/blog\/wp-content\/uploads\/2017\/07\/logo-facebook-150x150.png\" alt=\"\" width=\"40\" height=\"40\" \/><\/a><a href=\"https:\/\/twitter.com\/dicodusport\" target=\"_blank\" rel=\"noopener noreferrer\"><img loading=\"lazy\" decoding=\"async\" class=\"alignnone wp-image-2908\" src=\"http:\/\/dicodusport.fr\/blog\/wp-content\/uploads\/2017\/07\/logo-twitter-150x150.png\" alt=\"\" width=\"39\" height=\"39\" \/><\/a><\/em><\/strong><\/p>\n","protected":false},"excerpt":{"rendered":"<p>SKI ALPIN &#8211; Double champion du monde, Jean-Baptiste Grange a d\u00e9cid\u00e9 de mettre un terme \u00e0 sa carri\u00e8re \u00e0 la fin de la saison 2020-2021.\u00a0<\/p>\n","protected":false},"author":1,"featured_media":111189,"comment_status":"open","ping_status":"closed","sticky":false,"template":"","format":"standard","meta":{"_acf_changed":false,"_daextam_enable_autolinks":"","footnotes":""},"categories":[9217],"tags":[676,3007],"class_list":["post-111181","post","type-post","status-publish","format-standard","has-post-thumbnail","hentry","category-ski","tag-ski","tag-slalom"],"acf":[],"yoast_head":"<!-- This site is optimized with the Yoast SEO Premium plugin v26.7 (Yoast SEO v26.7) - https:\/\/yoast.com\/wordpress\/plugins\/seo\/ -->\n<title>Jean-Baptiste Grange, double champion du monde, raccrochera les skis \u00e0 la fin de la saison<\/title>\n<meta name=\"description\" content=\"SKI ALPIN - Double champion du monde, Jean-Baptiste Grange a d\u00e9cid\u00e9 de mettre un terme \u00e0 sa carri\u00e8re \u00e0 la fin de la saison 2020-2021.\u00a0\" \/>\n<meta name=\"robots\" content=\"index, follow, max-snippet:-1, max-image-preview:large, max-video-preview:-1\" \/>\n<link rel=\"canonical\" href=\"https:\/\/dicodusport.fr\/blog\/jean-baptiste-grange-double-champion-du-monde-raccrochera-les-skis-a-la-fin-de-la-saison\/\" \/>\n<meta property=\"og:locale\" content=\"fr_FR\" \/>\n<meta property=\"og:type\" content=\"article\" \/>\n<meta property=\"og:title\" content=\"Jean-Baptiste Grange, double champion du monde, raccrochera les skis \u00e0 la fin de la saison\" \/>\n<meta property=\"og:description\" content=\"SKI ALPIN - Double champion du monde, Jean-Baptiste Grange a d\u00e9cid\u00e9 de mettre un terme \u00e0 sa carri\u00e8re \u00e0 la fin de la saison 2020-2021.\u00a0\" \/>\n<meta property=\"og:url\" content=\"https:\/\/dicodusport.fr\/blog\/jean-baptiste-grange-double-champion-du-monde-raccrochera-les-skis-a-la-fin-de-la-saison\/\" \/>\n<meta property=\"og:site_name\" content=\"Dicodusport\" \/>\n<meta property=\"article:publisher\" content=\"https:\/\/www.facebook.com\/dicodusport\" \/>\n<meta property=\"article:author\" content=\"https:\/\/www.facebook.com\/dicodusport\" \/>\n<meta property=\"article:published_time\" content=\"2021-03-05T17:55:48+00:00\" \/>\n<meta property=\"article:modified_time\" content=\"2021-03-05T18:29:11+00:00\" \/>\n<meta property=\"og:image\" content=\"https:\/\/dicodusport.fr\/blog\/wp-content\/uploads\/2021\/03\/Jean-Baptiste-Grange.png\" \/>\n\t<meta property=\"og:image:width\" content=\"800\" \/>\n\t<meta property=\"og:image:height\" content=\"445\" \/>\n\t<meta property=\"og:image:type\" content=\"image\/png\" \/>\n<meta name=\"author\" content=\"Nicolas Jacquemard\" \/>\n<meta name=\"twitter:card\" content=\"summary_large_image\" \/>\n<meta name=\"twitter:title\" content=\"Jean-Baptiste Grange, double champion du monde, raccrochera les skis \u00e0 la fin de la saison\" \/>\n<meta name=\"twitter:description\" content=\"Double champion du monde, Jean-Baptiste Grange a d\u00e9cid\u00e9 de mettre un terme \u00e0 sa carri\u00e8re \u00e0 la fin de la saison 2020-2021.\" \/>\n<meta name=\"twitter:creator\" content=\"@https:\/\/twitter.com\/Nico_Jacquemard\" \/>\n<meta name=\"twitter:site\" content=\"@dicodusport\" \/>\n<script type=\"application\/ld+json\" class=\"yoast-schema-graph\">{\"@context\":\"https:\/\/schema.org\",\"@graph\":[{\"@type\":\"NewsArticle\",\"@id\":\"https:\/\/dicodusport.fr\/blog\/jean-baptiste-grange-double-champion-du-monde-raccrochera-les-skis-a-la-fin-de-la-saison\/#article\",\"isPartOf\":{\"@id\":\"https:\/\/dicodusport.fr\/blog\/jean-baptiste-grange-double-champion-du-monde-raccrochera-les-skis-a-la-fin-de-la-saison\/\"},\"author\":{\"name\":\"Nicolas Jacquemard\",\"@id\":\"https:\/\/dicodusport.fr\/blog\/#\/schema\/person\/55dcb50ad410894e431ed812bbb70191\"},\"headline\":\"Jean-Baptiste Grange, double champion du monde, raccrochera les skis \u00e0 la fin de la saison\",\"datePublished\":\"2021-03-05T17:55:48+00:00\",\"dateModified\":\"2021-03-05T18:29:11+00:00\",\"mainEntityOfPage\":{\"@id\":\"https:\/\/dicodusport.fr\/blog\/jean-baptiste-grange-double-champion-du-monde-raccrochera-les-skis-a-la-fin-de-la-saison\/\"},\"wordCount\":200,\"commentCount\":0,\"publisher\":{\"@id\":\"https:\/\/dicodusport.fr\/blog\/#organization\"},\"image\":{\"@id\":\"https:\/\/dicodusport.fr\/blog\/jean-baptiste-grange-double-champion-du-monde-raccrochera-les-skis-a-la-fin-de-la-saison\/#primaryimage\"},\"thumbnailUrl\":\"https:\/\/dicodusport.fr\/blog\/wp-content\/uploads\/2021\/03\/Jean-Baptiste-Grange.png\",\"keywords\":[\"ski\",\"slalom\"],\"articleSection\":[\"Ski\"],\"inLanguage\":\"fr-FR\",\"potentialAction\":[{\"@type\":\"CommentAction\",\"name\":\"Comment\",\"target\":[\"https:\/\/dicodusport.fr\/blog\/jean-baptiste-grange-double-champion-du-monde-raccrochera-les-skis-a-la-fin-de-la-saison\/#respond\"]}],\"copyrightYear\":\"2021\",\"copyrightHolder\":{\"@id\":\"https:\/\/dicodusport.fr\/blog\/#organization\"}},{\"@type\":\"WebPage\",\"@id\":\"https:\/\/dicodusport.fr\/blog\/jean-baptiste-grange-double-champion-du-monde-raccrochera-les-skis-a-la-fin-de-la-saison\/\",\"url\":\"https:\/\/dicodusport.fr\/blog\/jean-baptiste-grange-double-champion-du-monde-raccrochera-les-skis-a-la-fin-de-la-saison\/\",\"name\":\"Jean-Baptiste Grange, double champion du monde, raccrochera les skis \u00e0 la fin de la saison\",\"isPartOf\":{\"@id\":\"https:\/\/dicodusport.fr\/blog\/#website\"},\"primaryImageOfPage\":{\"@id\":\"https:\/\/dicodusport.fr\/blog\/jean-baptiste-grange-double-champion-du-monde-raccrochera-les-skis-a-la-fin-de-la-saison\/#primaryimage\"},\"image\":{\"@id\":\"https:\/\/dicodusport.fr\/blog\/jean-baptiste-grange-double-champion-du-monde-raccrochera-les-skis-a-la-fin-de-la-saison\/#primaryimage\"},\"thumbnailUrl\":\"https:\/\/dicodusport.fr\/blog\/wp-content\/uploads\/2021\/03\/Jean-Baptiste-Grange.png\",\"datePublished\":\"2021-03-05T17:55:48+00:00\",\"dateModified\":\"2021-03-05T18:29:11+00:00\",\"description\":\"SKI ALPIN - Double champion du monde, Jean-Baptiste Grange a d\u00e9cid\u00e9 de mettre un terme \u00e0 sa carri\u00e8re \u00e0 la fin de la saison 2020-2021.\u00a0\",\"breadcrumb\":{\"@id\":\"https:\/\/dicodusport.fr\/blog\/jean-baptiste-grange-double-champion-du-monde-raccrochera-les-skis-a-la-fin-de-la-saison\/#breadcrumb\"},\"inLanguage\":\"fr-FR\",\"potentialAction\":[{\"@type\":\"ReadAction\",\"target\":[\"https:\/\/dicodusport.fr\/blog\/jean-baptiste-grange-double-champion-du-monde-raccrochera-les-skis-a-la-fin-de-la-saison\/\"]}]},{\"@type\":\"ImageObject\",\"inLanguage\":\"fr-FR\",\"@id\":\"https:\/\/dicodusport.fr\/blog\/jean-baptiste-grange-double-champion-du-monde-raccrochera-les-skis-a-la-fin-de-la-saison\/#primaryimage\",\"url\":\"https:\/\/dicodusport.fr\/blog\/wp-content\/uploads\/2021\/03\/Jean-Baptiste-Grange.png\",\"contentUrl\":\"https:\/\/dicodusport.fr\/blog\/wp-content\/uploads\/2021\/03\/Jean-Baptiste-Grange.png\",\"width\":800,\"height\":445},{\"@type\":\"BreadcrumbList\",\"@id\":\"https:\/\/dicodusport.fr\/blog\/jean-baptiste-grange-double-champion-du-monde-raccrochera-les-skis-a-la-fin-de-la-saison\/#breadcrumb\",\"itemListElement\":[{\"@type\":\"ListItem\",\"position\":1,\"name\":\"Accueil\",\"item\":\"https:\/\/dicodusport.fr\/blog\/\"},{\"@type\":\"ListItem\",\"position\":2,\"name\":\"Jean-Baptiste Grange, double champion du monde, raccrochera les skis \u00e0 la fin de la saison\"}]},{\"@type\":\"WebSite\",\"@id\":\"https:\/\/dicodusport.fr\/blog\/#website\",\"url\":\"https:\/\/dicodusport.fr\/blog\/\",\"name\":\"Dicodusport\",\"description\":\"L&#039;encyclop\u00e9die de l&#039;actualit\u00e9 sportive\",\"publisher\":{\"@id\":\"https:\/\/dicodusport.fr\/blog\/#organization\"},\"potentialAction\":[{\"@type\":\"SearchAction\",\"target\":{\"@type\":\"EntryPoint\",\"urlTemplate\":\"https:\/\/dicodusport.fr\/blog\/?s={search_term_string}\"},\"query-input\":{\"@type\":\"PropertyValueSpecification\",\"valueRequired\":true,\"valueName\":\"search_term_string\"}}],\"inLanguage\":\"fr-FR\"},{\"@type\":\"NewsMediaOrganization\",\"@id\":\"https:\/\/dicodusport.fr\/blog\/#organization\",\"name\":\"Dicodusport\",\"url\":\"https:\/\/dicodusport.fr\/blog\/\",\"logo\":{\"@type\":\"ImageObject\",\"inLanguage\":\"fr-FR\",\"@id\":\"https:\/\/dicodusport.fr\/blog\/#\/schema\/logo\/image\/\",\"url\":\"https:\/\/dicodusport.fr\/blog\/wp-content\/uploads\/2020\/06\/cropped-LOGO-DICODUSPORT-2020-SANS-FOND-SANS-TEXTE.png\",\"contentUrl\":\"https:\/\/dicodusport.fr\/blog\/wp-content\/uploads\/2020\/06\/cropped-LOGO-DICODUSPORT-2020-SANS-FOND-SANS-TEXTE.png\",\"width\":512,\"height\":512,\"caption\":\"Dicodusport\"},\"image\":{\"@id\":\"https:\/\/dicodusport.fr\/blog\/#\/schema\/logo\/image\/\"},\"sameAs\":[\"https:\/\/www.facebook.com\/dicodusport\",\"https:\/\/x.com\/dicodusport\",\"https:\/\/www.instagram.com\/dicodusport\/\",\"https:\/\/www.youtube.com\/channel\/UC7V2KZ5sd3htJivAbA4ZG3w\"],\"description\":\"Dicodusport est l'encyclop\u00e9die de l'actualit\u00e9 sportive.\",\"email\":\"bonjour@dicodusport.fr\",\"legalName\":\"DICODUSPORT\",\"foundingDate\":\"2018-01-14\",\"vatID\":\"FR71834470973\",\"taxID\":\"83447097300043\",\"numberOfEmployees\":{\"@type\":\"QuantitativeValue\",\"minValue\":\"1\",\"maxValue\":\"10\"}},{\"@type\":\"Person\",\"@id\":\"https:\/\/dicodusport.fr\/blog\/#\/schema\/person\/55dcb50ad410894e431ed812bbb70191\",\"name\":\"Nicolas Jacquemard\",\"image\":{\"@type\":\"ImageObject\",\"inLanguage\":\"fr-FR\",\"@id\":\"https:\/\/dicodusport.fr\/blog\/#\/schema\/person\/image\/\",\"url\":\"https:\/\/dicodusport.fr\/blog\/wp-content\/uploads\/2021\/05\/Nicolas-Jacquemard-150x150.jpeg\",\"contentUrl\":\"https:\/\/dicodusport.fr\/blog\/wp-content\/uploads\/2021\/05\/Nicolas-Jacquemard-150x150.jpeg\",\"caption\":\"Nicolas Jacquemard\"},\"description\":\"Passionn\u00e9 de sport et entrepreneur depuis mes 18 ans, la cr\u00e9ation de Dicodusport m'a sembl\u00e9 \u00e9vidente pour participer \u00e0 la m\u00e9diatisation d'un plus grand nombre de sports. Le chemin est long mais avec une \u00e9quipe des plus motiv\u00e9es et les Jeux Olympiques de Paris 2024 en point de mire, nous y arriverons ! Journaliste dans le monde du sport depuis plus de 5 ans, je traite aussi bien de football, de rugby, de biathlon que de cyclisme.\",\"sameAs\":[\"https:\/\/www.facebook.com\/dicodusport\",\"https:\/\/x.com\/https:\/\/twitter.com\/Nico_Jacquemard\"],\"url\":\"https:\/\/dicodusport.fr\/blog\/author\/dicodusport\/\"}]}<\/script>\n<!-- \/ Yoast SEO Premium plugin. -->","yoast_head_json":{"title":"Jean-Baptiste Grange, double champion du monde, raccrochera les skis \u00e0 la fin de la saison","description":"SKI ALPIN - Double champion du monde, Jean-Baptiste Grange a d\u00e9cid\u00e9 de mettre un terme \u00e0 sa carri\u00e8re \u00e0 la fin de la saison 2020-2021.\u00a0","robots":{"index":"index","follow":"follow","max-snippet":"max-snippet:-1","max-image-preview":"max-image-preview:large","max-video-preview":"max-video-preview:-1"},"canonical":"https:\/\/dicodusport.fr\/blog\/jean-baptiste-grange-double-champion-du-monde-raccrochera-les-skis-a-la-fin-de-la-saison\/","og_locale":"fr_FR","og_type":"article","og_title":"Jean-Baptiste Grange, double champion du monde, raccrochera les skis \u00e0 la fin de la saison","og_description":"SKI ALPIN - Double champion du monde, Jean-Baptiste Grange a d\u00e9cid\u00e9 de mettre un terme \u00e0 sa carri\u00e8re \u00e0 la fin de la saison 2020-2021.\u00a0","og_url":"https:\/\/dicodusport.fr\/blog\/jean-baptiste-grange-double-champion-du-monde-raccrochera-les-skis-a-la-fin-de-la-saison\/","og_site_name":"Dicodusport","article_publisher":"https:\/\/www.facebook.com\/dicodusport","article_author":"https:\/\/www.facebook.com\/dicodusport","article_published_time":"2021-03-05T17:55:48+00:00","article_modified_time":"2021-03-05T18:29:11+00:00","og_image":[{"width":800,"height":445,"url":"https:\/\/dicodusport.fr\/blog\/wp-content\/uploads\/2021\/03\/Jean-Baptiste-Grange.png","type":"image\/png"}],"author":"Nicolas Jacquemard","twitter_card":"summary_large_image","twitter_title":"Jean-Baptiste Grange, double champion du monde, raccrochera les skis \u00e0 la fin de la saison","twitter_description":"Double champion du monde, Jean-Baptiste Grange a d\u00e9cid\u00e9 de mettre un terme \u00e0 sa carri\u00e8re \u00e0 la fin de la saison 2020-2021.","twitter_creator":"@https:\/\/twitter.com\/Nico_Jacquemard","twitter_site":"@dicodusport","schema":{"@context":"https:\/\/schema.org","@graph":[{"@type":"NewsArticle","@id":"https:\/\/dicodusport.fr\/blog\/jean-baptiste-grange-double-champion-du-monde-raccrochera-les-skis-a-la-fin-de-la-saison\/#article","isPartOf":{"@id":"https:\/\/dicodusport.fr\/blog\/jean-baptiste-grange-double-champion-du-monde-raccrochera-les-skis-a-la-fin-de-la-saison\/"},"author":{"name":"Nicolas Jacquemard","@id":"https:\/\/dicodusport.fr\/blog\/#\/schema\/person\/55dcb50ad410894e431ed812bbb70191"},"headline":"Jean-Baptiste Grange, double champion du monde, raccrochera les skis \u00e0 la fin de la saison","datePublished":"2021-03-05T17:55:48+00:00","dateModified":"2021-03-05T18:29:11+00:00","mainEntityOfPage":{"@id":"https:\/\/dicodusport.fr\/blog\/jean-baptiste-grange-double-champion-du-monde-raccrochera-les-skis-a-la-fin-de-la-saison\/"},"wordCount":200,"commentCount":0,"publisher":{"@id":"https:\/\/dicodusport.fr\/blog\/#organization"},"image":{"@id":"https:\/\/dicodusport.fr\/blog\/jean-baptiste-grange-double-champion-du-monde-raccrochera-les-skis-a-la-fin-de-la-saison\/#primaryimage"},"thumbnailUrl":"https:\/\/dicodusport.fr\/blog\/wp-content\/uploads\/2021\/03\/Jean-Baptiste-Grange.png","keywords":["ski","slalom"],"articleSection":["Ski"],"inLanguage":"fr-FR","potentialAction":[{"@type":"CommentAction","name":"Comment","target":["https:\/\/dicodusport.fr\/blog\/jean-baptiste-grange-double-champion-du-monde-raccrochera-les-skis-a-la-fin-de-la-saison\/#respond"]}],"copyrightYear":"2021","copyrightHolder":{"@id":"https:\/\/dicodusport.fr\/blog\/#organization"}},{"@type":"WebPage","@id":"https:\/\/dicodusport.fr\/blog\/jean-baptiste-grange-double-champion-du-monde-raccrochera-les-skis-a-la-fin-de-la-saison\/","url":"https:\/\/dicodusport.fr\/blog\/jean-baptiste-grange-double-champion-du-monde-raccrochera-les-skis-a-la-fin-de-la-saison\/","name":"Jean-Baptiste Grange, double champion du monde, raccrochera les skis \u00e0 la fin de la saison","isPartOf":{"@id":"https:\/\/dicodusport.fr\/blog\/#website"},"primaryImageOfPage":{"@id":"https:\/\/dicodusport.fr\/blog\/jean-baptiste-grange-double-champion-du-monde-raccrochera-les-skis-a-la-fin-de-la-saison\/#primaryimage"},"image":{"@id":"https:\/\/dicodusport.fr\/blog\/jean-baptiste-grange-double-champion-du-monde-raccrochera-les-skis-a-la-fin-de-la-saison\/#primaryimage"},"thumbnailUrl":"https:\/\/dicodusport.fr\/blog\/wp-content\/uploads\/2021\/03\/Jean-Baptiste-Grange.png","datePublished":"2021-03-05T17:55:48+00:00","dateModified":"2021-03-05T18:29:11+00:00","description":"SKI ALPIN - Double champion du monde, Jean-Baptiste Grange a d\u00e9cid\u00e9 de mettre un terme \u00e0 sa carri\u00e8re \u00e0 la fin de la saison 2020-2021.\u00a0","breadcrumb":{"@id":"https:\/\/dicodusport.fr\/blog\/jean-baptiste-grange-double-champion-du-monde-raccrochera-les-skis-a-la-fin-de-la-saison\/#breadcrumb"},"inLanguage":"fr-FR","potentialAction":[{"@type":"ReadAction","target":["https:\/\/dicodusport.fr\/blog\/jean-baptiste-grange-double-champion-du-monde-raccrochera-les-skis-a-la-fin-de-la-saison\/"]}]},{"@type":"ImageObject","inLanguage":"fr-FR","@id":"https:\/\/dicodusport.fr\/blog\/jean-baptiste-grange-double-champion-du-monde-raccrochera-les-skis-a-la-fin-de-la-saison\/#primaryimage","url":"https:\/\/dicodusport.fr\/blog\/wp-content\/uploads\/2021\/03\/Jean-Baptiste-Grange.png","contentUrl":"https:\/\/dicodusport.fr\/blog\/wp-content\/uploads\/2021\/03\/Jean-Baptiste-Grange.png","width":800,"height":445},{"@type":"BreadcrumbList","@id":"https:\/\/dicodusport.fr\/blog\/jean-baptiste-grange-double-champion-du-monde-raccrochera-les-skis-a-la-fin-de-la-saison\/#breadcrumb","itemListElement":[{"@type":"ListItem","position":1,"name":"Accueil","item":"https:\/\/dicodusport.fr\/blog\/"},{"@type":"ListItem","position":2,"name":"Jean-Baptiste Grange, double champion du monde, raccrochera les skis \u00e0 la fin de la saison"}]},{"@type":"WebSite","@id":"https:\/\/dicodusport.fr\/blog\/#website","url":"https:\/\/dicodusport.fr\/blog\/","name":"Dicodusport","description":"L&#039;encyclop\u00e9die de l&#039;actualit\u00e9 sportive","publisher":{"@id":"https:\/\/dicodusport.fr\/blog\/#organization"},"potentialAction":[{"@type":"SearchAction","target":{"@type":"EntryPoint","urlTemplate":"https:\/\/dicodusport.fr\/blog\/?s={search_term_string}"},"query-input":{"@type":"PropertyValueSpecification","valueRequired":true,"valueName":"search_term_string"}}],"inLanguage":"fr-FR"},{"@type":"NewsMediaOrganization","@id":"https:\/\/dicodusport.fr\/blog\/#organization","name":"Dicodusport","url":"https:\/\/dicodusport.fr\/blog\/","logo":{"@type":"ImageObject","inLanguage":"fr-FR","@id":"https:\/\/dicodusport.fr\/blog\/#\/schema\/logo\/image\/","url":"https:\/\/dicodusport.fr\/blog\/wp-content\/uploads\/2020\/06\/cropped-LOGO-DICODUSPORT-2020-SANS-FOND-SANS-TEXTE.png","contentUrl":"https:\/\/dicodusport.fr\/blog\/wp-content\/uploads\/2020\/06\/cropped-LOGO-DICODUSPORT-2020-SANS-FOND-SANS-TEXTE.png","width":512,"height":512,"caption":"Dicodusport"},"image":{"@id":"https:\/\/dicodusport.fr\/blog\/#\/schema\/logo\/image\/"},"sameAs":["https:\/\/www.facebook.com\/dicodusport","https:\/\/x.com\/dicodusport","https:\/\/www.instagram.com\/dicodusport\/","https:\/\/www.youtube.com\/channel\/UC7V2KZ5sd3htJivAbA4ZG3w"],"description":"Dicodusport est l'encyclop\u00e9die de l'actualit\u00e9 sportive.","email":"bonjour@dicodusport.fr","legalName":"DICODUSPORT","foundingDate":"2018-01-14","vatID":"FR71834470973","taxID":"83447097300043","numberOfEmployees":{"@type":"QuantitativeValue","minValue":"1","maxValue":"10"}},{"@type":"Person","@id":"https:\/\/dicodusport.fr\/blog\/#\/schema\/person\/55dcb50ad410894e431ed812bbb70191","name":"Nicolas Jacquemard","image":{"@type":"ImageObject","inLanguage":"fr-FR","@id":"https:\/\/dicodusport.fr\/blog\/#\/schema\/person\/image\/","url":"https:\/\/dicodusport.fr\/blog\/wp-content\/uploads\/2021\/05\/Nicolas-Jacquemard-150x150.jpeg","contentUrl":"https:\/\/dicodusport.fr\/blog\/wp-content\/uploads\/2021\/05\/Nicolas-Jacquemard-150x150.jpeg","caption":"Nicolas Jacquemard"},"description":"Passionn\u00e9 de sport et entrepreneur depuis mes 18 ans, la cr\u00e9ation de Dicodusport m'a sembl\u00e9 \u00e9vidente pour participer \u00e0 la m\u00e9diatisation d'un plus grand nombre de sports. Le chemin est long mais avec une \u00e9quipe des plus motiv\u00e9es et les Jeux Olympiques de Paris 2024 en point de mire, nous y arriverons ! Journaliste dans le monde du sport depuis plus de 5 ans, je traite aussi bien de football, de rugby, de biathlon que de cyclisme.","sameAs":["https:\/\/www.facebook.com\/dicodusport","https:\/\/x.com\/https:\/\/twitter.com\/Nico_Jacquemard"],"url":"https:\/\/dicodusport.fr\/blog\/author\/dicodusport\/"}]}},"_links":{"self":[{"href":"https:\/\/dicodusport.fr\/blog\/wp-json\/wp\/v2\/posts\/111181","targetHints":{"allow":["GET"]}}],"collection":[{"href":"https:\/\/dicodusport.fr\/blog\/wp-json\/wp\/v2\/posts"}],"about":[{"href":"https:\/\/dicodusport.fr\/blog\/wp-json\/wp\/v2\/types\/post"}],"author":[{"embeddable":true,"href":"https:\/\/dicodusport.fr\/blog\/wp-json\/wp\/v2\/users\/1"}],"replies":[{"embeddable":true,"href":"https:\/\/dicodusport.fr\/blog\/wp-json\/wp\/v2\/comments?post=111181"}],"version-history":[{"count":0,"href":"https:\/\/dicodusport.fr\/blog\/wp-json\/wp\/v2\/posts\/111181\/revisions"}],"wp:featuredmedia":[{"embeddable":true,"href":"https:\/\/dicodusport.fr\/blog\/wp-json\/wp\/v2\/media\/111189"}],"wp:attachment":[{"href":"https:\/\/dicodusport.fr\/blog\/wp-json\/wp\/v2\/media?parent=111181"}],"wp:term":[{"taxonomy":"category","embeddable":true,"href":"https:\/\/dicodusport.fr\/blog\/wp-json\/wp\/v2\/categories?post=111181"},{"taxonomy":"post_tag","embeddable":true,"href":"https:\/\/dicodusport.fr\/blog\/wp-json\/wp\/v2\/tags?post=111181"}],"curies":[{"name":"wp","href":"https:\/\/api.w.org\/{rel}","templated":true}]}}