{"id":111341,"date":"2021-03-06T12:01:18","date_gmt":"2021-03-06T11:01:18","guid":{"rendered":"https:\/\/dicodusport.fr\/blog\/?p=111341&#038;preview=true&#038;preview_id=111341"},"modified":"2021-03-06T13:22:26","modified_gmt":"2021-03-06T12:22:26","slug":"nove-mesto-la-fusee-tiril-eckhoff-remporte-le-sprint","status":"publish","type":"post","link":"https:\/\/dicodusport.fr\/blog\/nove-mesto-la-fusee-tiril-eckhoff-remporte-le-sprint\/","title":{"rendered":"Nove Mesto : La fus\u00e9e Tiril Eckhoff remporte le sprint"},"content":{"rendered":"<p style=\"text-align: justify;\"><strong><em><a href=\"https:\/\/dicodusport.fr\/blog\/biathlon-nove-mesto-programme-complet-8eme-etape-coupe-du-monde\/\" target=\"_blank\" rel=\"noopener\">BIATHLON &#8211; NOVE MESTO<\/a> &#8211; Malgr\u00e9 une faute au tir, la Norv\u00e9gienne Tiril Eckhoff a remport\u00e9 son cinqui\u00e8me sprint cons\u00e9cutif, en s&rsquo;imposant en R\u00e9publique Tch\u00e8que.\u00a0<\/em><\/strong><\/p>\n<p style=\"text-align: justify;\">Elle est vraiment, elle est vraiment, elle est vraiment ph\u00e9nom\u00e9nale ! Une faute sur sa premi\u00e8re balle au couch\u00e9 et on pensait la Norv\u00e9gienne mal embarqu\u00e9e sur ce sprint. Il n&rsquo;en a rien \u00e9t\u00e9, <strong>Tirl Eckhoff<\/strong> a ensuite mis toutes les balles dedans avec une ma\u00eetrise et un calme d\u00e9tonnant, notamment sur le debout. Il y a quelques mois, elle en aurait s\u00fbrement sorti une ou deux sur le debout, mais \u00e7a c&rsquo;\u00e9tait avant. Tiril Eckhoff s&rsquo;impose devant <strong>Yuliia Dzhima<\/strong> qui avait pourtant tir\u00e9 \u00e0 10 sur 10 et avait plus de 20 secondes d&rsquo;avance \u00e0 la sortie du deuxi\u00e8me tir. L&rsquo;Ukrainienne, qui a l&rsquo;habitude de briller sur les individuels, s&rsquo;offre une belle deuxi\u00e8me place.<\/p>\n<h2 style=\"text-align: justify;\">Vittozzi confirme, Roeiseland plac\u00e9e<\/h2>\n<p style=\"text-align: justify;\"><strong>Lisa Vittozzi<\/strong> est de retour sur la bo\u00eete. L&rsquo;Italienne, parfaite au tir, a devanc\u00e9 d&rsquo;une petite seconde <strong>Dzinara Alimbekava<\/strong>, elle aussi \u00e0 10 sur 10, sur la ligne d&rsquo;arriv\u00e9e. Dorothea Wierer, cinqui\u00e8me, pourra avoir des regrets car sans sa faute au couch\u00e9 elle avait la victoire dans les jambes. <strong>Marte Olsbu Roieseland<\/strong>, qui a fait jeu \u00e9gal sur les skis avec Tiril Eckhoff, doit se contenter de la septi\u00e8me place mais sera plac\u00e9e pour la poursuite.<\/p>\n<p style=\"text-align: justify;\"><strong>Justine Braisaz-Bouchet<\/strong>, 9\/10 derri\u00e8re la carabine, est la premi\u00e8re Fran\u00e7aise avec sa neuvi\u00e8me place. <strong>Julia Simon<\/strong> toujours en difficult\u00e9 avec son tir couch\u00e9 (2\/5) termine la course avec trois fautes et devra faire une tr\u00e8s grande performance sur la poursuite pour jouer les premi\u00e8res places. Ana\u00efs Chevalier-Bouchet (8\/10) est la Tricolore la plus rapide sur les skis et sera en embuscade dimanche. A noter la tr\u00e8s bonne premi\u00e8re course en Coupe du monde de <strong>Lou Jeanmonnot<\/strong> qui r\u00e9alise un 10\/10 pour une 30\u00e8me place finale.<\/p>\n<blockquote class=\"twitter-tweet\">\n<p dir=\"ltr\" lang=\"et\">Tiril Eckhoff passe devant Yuliia Dzhima, malgr\u00e9 son 9 sur 10 &#x1f44f;&#x1f44f;<a href=\"https:\/\/twitter.com\/hashtag\/lequipeBIATHLON?src=hash&amp;ref_src=twsrc%5Etfw\">#lequipeBIATHLON<\/a> <a href=\"https:\/\/t.co\/pwXY1rE0FI\">pic.twitter.com\/pwXY1rE0FI<\/a><\/p>\n<p>\u2014 la chaine L&rsquo;\u00c9quipe (@lachainelequipe) <a href=\"https:\/\/twitter.com\/lachainelequipe\/status\/1368148734853447680?ref_src=twsrc%5Etfw\">March 6, 2021<\/a><\/p><\/blockquote>\n<p style=\"text-align: justify;\"><script async src=\"https:\/\/platform.twitter.com\/widgets.js\" charset=\"utf-8\"><\/script><\/p>\n<h2 style=\"text-align: justify;\">\u00c0 lire aussi<\/h2>\n<ul style=\"text-align: justify;\">\n<li><a href=\"https:\/\/dicodusport.fr\/blog\/biathlon-nove-mesto-classement-sprint-femmes\/\" target=\"_blank\" rel=\"noopener\"><strong>Nove Mesto : le classement du sprint femmes<\/strong><\/a><\/li>\n<\/ul>\n<p style=\"text-align: justify;\"><strong><em>Dicodusport<br \/>\n<a href=\"https:\/\/www.facebook.com\/dicodusport\/\" target=\"_blank\" rel=\"noopener noreferrer\"><img loading=\"lazy\" decoding=\"async\" class=\"alignnone wp-image-2909\" src=\"http:\/\/dicodusport.fr\/blog\/wp-content\/uploads\/2017\/07\/logo-facebook-150x150.png\" alt=\"\" width=\"40\" height=\"40\" \/><\/a><a href=\"https:\/\/twitter.com\/dicodusport\" target=\"_blank\" rel=\"noopener noreferrer\"><img loading=\"lazy\" decoding=\"async\" class=\"alignnone wp-image-2908\" src=\"http:\/\/dicodusport.fr\/blog\/wp-content\/uploads\/2017\/07\/logo-twitter-150x150.png\" alt=\"\" width=\"39\" height=\"39\" \/><\/a><\/em><\/strong><\/p>\n","protected":false},"excerpt":{"rendered":"<p>BIATHLON &#8211; NOVE MESTO &#8211; Malgr\u00e9 une faute au tir, Tiril Eckhoff a remport\u00e9 son cinqui\u00e8me sprint cons\u00e9cutif en R\u00e9publique Tch\u00e8que.\u00a0<\/p>\n","protected":false},"author":4,"featured_media":97569,"comment_status":"open","ping_status":"closed","sticky":false,"template":"","format":"standard","meta":{"_acf_changed":false,"_daextam_enable_autolinks":"","footnotes":""},"categories":[47040],"tags":[14874],"class_list":["post-111341","post","type-post","status-publish","format-standard","has-post-thumbnail","hentry","category-coupe-du-monde-de-biathlon","tag-biathlon-nove-mesto"],"acf":[],"yoast_head":"<!-- This site is optimized with the Yoast SEO Premium plugin v26.7 (Yoast SEO v26.7) - https:\/\/yoast.com\/wordpress\/plugins\/seo\/ -->\n<title>Nove Mesto : La fus\u00e9e Tiril Eckhoff remporte le sprint<\/title>\n<meta name=\"description\" content=\"BIATHLON - NOVE MESTO - Malgr\u00e9 une faute au tir, Tiril Eckhoff a remport\u00e9 son cinqui\u00e8me sprint cons\u00e9cutif en R\u00e9publique Tch\u00e8que.\u00a0\" \/>\n<meta name=\"robots\" content=\"index, follow, max-snippet:-1, max-image-preview:large, max-video-preview:-1\" \/>\n<link rel=\"canonical\" href=\"https:\/\/dicodusport.fr\/blog\/nove-mesto-la-fusee-tiril-eckhoff-remporte-le-sprint\/\" \/>\n<meta property=\"og:locale\" content=\"fr_FR\" \/>\n<meta property=\"og:type\" content=\"article\" \/>\n<meta property=\"og:title\" content=\"Nove Mesto : La fus\u00e9e Tiril Eckhoff remporte le sprint\" \/>\n<meta property=\"og:description\" content=\"BIATHLON - NOVE MESTO - Malgr\u00e9 une faute au tir, Tiril Eckhoff a remport\u00e9 son cinqui\u00e8me sprint cons\u00e9cutif en R\u00e9publique Tch\u00e8que.\u00a0\" \/>\n<meta property=\"og:url\" content=\"https:\/\/dicodusport.fr\/blog\/nove-mesto-la-fusee-tiril-eckhoff-remporte-le-sprint\/\" \/>\n<meta property=\"og:site_name\" content=\"Dicodusport\" \/>\n<meta property=\"article:publisher\" content=\"https:\/\/www.facebook.com\/dicodusport\" \/>\n<meta property=\"article:author\" content=\"https:\/\/www.facebook.com\/florent.ostermann\" \/>\n<meta property=\"article:published_time\" content=\"2021-03-06T11:01:18+00:00\" \/>\n<meta property=\"article:modified_time\" content=\"2021-03-06T12:22:26+00:00\" \/>\n<meta property=\"og:image\" content=\"https:\/\/dicodusport.fr\/blog\/wp-content\/uploads\/2021\/01\/Oberhof-Tiril-Eckhoff-imp\u00e9riale-sur-le-sprint-Julia-Simon-4\u00e8me.png\" \/>\n\t<meta property=\"og:image:width\" content=\"800\" \/>\n\t<meta property=\"og:image:height\" content=\"445\" \/>\n\t<meta property=\"og:image:type\" content=\"image\/png\" \/>\n<meta name=\"author\" content=\"Flo Ostermann\" \/>\n<meta name=\"twitter:card\" content=\"summary_large_image\" \/>\n<meta name=\"twitter:title\" content=\"Nove Mesto : La fus\u00e9e Tiril Eckhoff remporte le sprint\" \/>\n<meta name=\"twitter:creator\" content=\"@https:\/\/twitter.com\/FlOstermann\" \/>\n<meta name=\"twitter:site\" content=\"@dicodusport\" \/>\n<script type=\"application\/ld+json\" class=\"yoast-schema-graph\">{\"@context\":\"https:\/\/schema.org\",\"@graph\":[{\"@type\":\"NewsArticle\",\"@id\":\"https:\/\/dicodusport.fr\/blog\/nove-mesto-la-fusee-tiril-eckhoff-remporte-le-sprint\/#article\",\"isPartOf\":{\"@id\":\"https:\/\/dicodusport.fr\/blog\/nove-mesto-la-fusee-tiril-eckhoff-remporte-le-sprint\/\"},\"author\":{\"name\":\"Flo Ostermann\",\"@id\":\"https:\/\/dicodusport.fr\/blog\/#\/schema\/person\/cb02af4c173ce4a653b55e9baf388d4a\"},\"headline\":\"Nove Mesto : La fus\u00e9e Tiril Eckhoff remporte le sprint\",\"datePublished\":\"2021-03-06T11:01:18+00:00\",\"dateModified\":\"2021-03-06T12:22:26+00:00\",\"mainEntityOfPage\":{\"@id\":\"https:\/\/dicodusport.fr\/blog\/nove-mesto-la-fusee-tiril-eckhoff-remporte-le-sprint\/\"},\"wordCount\":382,\"commentCount\":0,\"publisher\":{\"@id\":\"https:\/\/dicodusport.fr\/blog\/#organization\"},\"image\":{\"@id\":\"https:\/\/dicodusport.fr\/blog\/nove-mesto-la-fusee-tiril-eckhoff-remporte-le-sprint\/#primaryimage\"},\"thumbnailUrl\":\"https:\/\/dicodusport.fr\/blog\/wp-content\/uploads\/2021\/01\/Oberhof-Tiril-Eckhoff-imp\u00e9riale-sur-le-sprint-Julia-Simon-4\u00e8me.png\",\"keywords\":[\"Biathlon Nove Mesto\"],\"articleSection\":[\"Coupe du monde de biathlon\"],\"inLanguage\":\"fr-FR\",\"potentialAction\":[{\"@type\":\"CommentAction\",\"name\":\"Comment\",\"target\":[\"https:\/\/dicodusport.fr\/blog\/nove-mesto-la-fusee-tiril-eckhoff-remporte-le-sprint\/#respond\"]}],\"copyrightYear\":\"2021\",\"copyrightHolder\":{\"@id\":\"https:\/\/dicodusport.fr\/blog\/#organization\"}},{\"@type\":\"WebPage\",\"@id\":\"https:\/\/dicodusport.fr\/blog\/nove-mesto-la-fusee-tiril-eckhoff-remporte-le-sprint\/\",\"url\":\"https:\/\/dicodusport.fr\/blog\/nove-mesto-la-fusee-tiril-eckhoff-remporte-le-sprint\/\",\"name\":\"Nove Mesto : La fus\u00e9e Tiril Eckhoff remporte le sprint\",\"isPartOf\":{\"@id\":\"https:\/\/dicodusport.fr\/blog\/#website\"},\"primaryImageOfPage\":{\"@id\":\"https:\/\/dicodusport.fr\/blog\/nove-mesto-la-fusee-tiril-eckhoff-remporte-le-sprint\/#primaryimage\"},\"image\":{\"@id\":\"https:\/\/dicodusport.fr\/blog\/nove-mesto-la-fusee-tiril-eckhoff-remporte-le-sprint\/#primaryimage\"},\"thumbnailUrl\":\"https:\/\/dicodusport.fr\/blog\/wp-content\/uploads\/2021\/01\/Oberhof-Tiril-Eckhoff-imp\u00e9riale-sur-le-sprint-Julia-Simon-4\u00e8me.png\",\"datePublished\":\"2021-03-06T11:01:18+00:00\",\"dateModified\":\"2021-03-06T12:22:26+00:00\",\"description\":\"BIATHLON - NOVE MESTO - Malgr\u00e9 une faute au tir, Tiril Eckhoff a remport\u00e9 son cinqui\u00e8me sprint cons\u00e9cutif en R\u00e9publique Tch\u00e8que.\u00a0\",\"breadcrumb\":{\"@id\":\"https:\/\/dicodusport.fr\/blog\/nove-mesto-la-fusee-tiril-eckhoff-remporte-le-sprint\/#breadcrumb\"},\"inLanguage\":\"fr-FR\",\"potentialAction\":[{\"@type\":\"ReadAction\",\"target\":[\"https:\/\/dicodusport.fr\/blog\/nove-mesto-la-fusee-tiril-eckhoff-remporte-le-sprint\/\"]}]},{\"@type\":\"ImageObject\",\"inLanguage\":\"fr-FR\",\"@id\":\"https:\/\/dicodusport.fr\/blog\/nove-mesto-la-fusee-tiril-eckhoff-remporte-le-sprint\/#primaryimage\",\"url\":\"https:\/\/dicodusport.fr\/blog\/wp-content\/uploads\/2021\/01\/Oberhof-Tiril-Eckhoff-imp\u00e9riale-sur-le-sprint-Julia-Simon-4\u00e8me.png\",\"contentUrl\":\"https:\/\/dicodusport.fr\/blog\/wp-content\/uploads\/2021\/01\/Oberhof-Tiril-Eckhoff-imp\u00e9riale-sur-le-sprint-Julia-Simon-4\u00e8me.png\",\"width\":800,\"height\":445,\"caption\":\"Biathlon - Championnats du monde 2021 : notre pronostic pour le sprint femmes\"},{\"@type\":\"BreadcrumbList\",\"@id\":\"https:\/\/dicodusport.fr\/blog\/nove-mesto-la-fusee-tiril-eckhoff-remporte-le-sprint\/#breadcrumb\",\"itemListElement\":[{\"@type\":\"ListItem\",\"position\":1,\"name\":\"Accueil\",\"item\":\"https:\/\/dicodusport.fr\/blog\/\"},{\"@type\":\"ListItem\",\"position\":2,\"name\":\"Nove Mesto : La fus\u00e9e Tiril Eckhoff remporte le sprint\"}]},{\"@type\":\"WebSite\",\"@id\":\"https:\/\/dicodusport.fr\/blog\/#website\",\"url\":\"https:\/\/dicodusport.fr\/blog\/\",\"name\":\"Dicodusport\",\"description\":\"L&#039;encyclop\u00e9die de l&#039;actualit\u00e9 sportive\",\"publisher\":{\"@id\":\"https:\/\/dicodusport.fr\/blog\/#organization\"},\"potentialAction\":[{\"@type\":\"SearchAction\",\"target\":{\"@type\":\"EntryPoint\",\"urlTemplate\":\"https:\/\/dicodusport.fr\/blog\/?s={search_term_string}\"},\"query-input\":{\"@type\":\"PropertyValueSpecification\",\"valueRequired\":true,\"valueName\":\"search_term_string\"}}],\"inLanguage\":\"fr-FR\"},{\"@type\":\"NewsMediaOrganization\",\"@id\":\"https:\/\/dicodusport.fr\/blog\/#organization\",\"name\":\"Dicodusport\",\"url\":\"https:\/\/dicodusport.fr\/blog\/\",\"logo\":{\"@type\":\"ImageObject\",\"inLanguage\":\"fr-FR\",\"@id\":\"https:\/\/dicodusport.fr\/blog\/#\/schema\/logo\/image\/\",\"url\":\"https:\/\/dicodusport.fr\/blog\/wp-content\/uploads\/2020\/06\/cropped-LOGO-DICODUSPORT-2020-SANS-FOND-SANS-TEXTE.png\",\"contentUrl\":\"https:\/\/dicodusport.fr\/blog\/wp-content\/uploads\/2020\/06\/cropped-LOGO-DICODUSPORT-2020-SANS-FOND-SANS-TEXTE.png\",\"width\":512,\"height\":512,\"caption\":\"Dicodusport\"},\"image\":{\"@id\":\"https:\/\/dicodusport.fr\/blog\/#\/schema\/logo\/image\/\"},\"sameAs\":[\"https:\/\/www.facebook.com\/dicodusport\",\"https:\/\/x.com\/dicodusport\",\"https:\/\/www.instagram.com\/dicodusport\/\",\"https:\/\/www.youtube.com\/channel\/UC7V2KZ5sd3htJivAbA4ZG3w\"],\"description\":\"Dicodusport est l'encyclop\u00e9die de l'actualit\u00e9 sportive.\",\"email\":\"bonjour@dicodusport.fr\",\"legalName\":\"DICODUSPORT\",\"foundingDate\":\"2018-01-14\",\"vatID\":\"FR71834470973\",\"taxID\":\"83447097300043\",\"numberOfEmployees\":{\"@type\":\"QuantitativeValue\",\"minValue\":\"1\",\"maxValue\":\"10\"}},{\"@type\":\"Person\",\"@id\":\"https:\/\/dicodusport.fr\/blog\/#\/schema\/person\/cb02af4c173ce4a653b55e9baf388d4a\",\"name\":\"Flo Ostermann\",\"image\":{\"@type\":\"ImageObject\",\"inLanguage\":\"fr-FR\",\"@id\":\"https:\/\/dicodusport.fr\/blog\/#\/schema\/person\/image\/\",\"url\":\"https:\/\/dicodusport.fr\/blog\/wp-content\/uploads\/2021\/05\/Flo-Ostermann-150x150.jpg\",\"contentUrl\":\"https:\/\/dicodusport.fr\/blog\/wp-content\/uploads\/2021\/05\/Flo-Ostermann-150x150.jpg\",\"caption\":\"Flo Ostermann\"},\"description\":\"Journaliste\/R\u00e9dacteur depuis septembre 2015 - Mes premiers souvenirs dans le sport ? Les envol\u00e9es du Stade Toulousain et les duels Villeneuve-Schumacher et H\u00e4kkinen-Schumacher \u00e0 la fin des ann\u00e9es 90, la Coupe du monde de football en 1998, l\u2019exploit du XV de France face aux All Blacks en 1999, mais aussi Richard C\u0153ur de Lion qui vole sur les montagnes du Tour de France. Bien parti pour devenir professeur d\u2019EPS, les \u00e9v\u00e9nements de la vie (et la flemme d\u2019animer des s\u00e9ances de 3x500 m\u00e8tres toute ma vie) m\u2019ont conduit \u00e0 revoir mes plans. Me voil\u00e0 depuis fin 2017 sur Dicodusport, m\u00e9dia gr\u00e2ce (et pour) lequel je partage ma passion : le sport dans tous ses \u00e9tats. Le tout accompagn\u00e9 par les fous furieux et folles furieuses cit\u00e9s sur cette page !\",\"sameAs\":[\"https:\/\/www.facebook.com\/florent.ostermann\",\"https:\/\/x.com\/https:\/\/twitter.com\/FlOstermann\",\"admin\"],\"url\":\"https:\/\/dicodusport.fr\/blog\/author\/flo\/\"}]}<\/script>\n<!-- \/ Yoast SEO Premium plugin. -->","yoast_head_json":{"title":"Nove Mesto : La fus\u00e9e Tiril Eckhoff remporte le sprint","description":"BIATHLON - NOVE MESTO - Malgr\u00e9 une faute au tir, Tiril Eckhoff a remport\u00e9 son cinqui\u00e8me sprint cons\u00e9cutif en R\u00e9publique Tch\u00e8que.\u00a0","robots":{"index":"index","follow":"follow","max-snippet":"max-snippet:-1","max-image-preview":"max-image-preview:large","max-video-preview":"max-video-preview:-1"},"canonical":"https:\/\/dicodusport.fr\/blog\/nove-mesto-la-fusee-tiril-eckhoff-remporte-le-sprint\/","og_locale":"fr_FR","og_type":"article","og_title":"Nove Mesto : La fus\u00e9e Tiril Eckhoff remporte le sprint","og_description":"BIATHLON - NOVE MESTO - Malgr\u00e9 une faute au tir, Tiril Eckhoff a remport\u00e9 son cinqui\u00e8me sprint cons\u00e9cutif en R\u00e9publique Tch\u00e8que.\u00a0","og_url":"https:\/\/dicodusport.fr\/blog\/nove-mesto-la-fusee-tiril-eckhoff-remporte-le-sprint\/","og_site_name":"Dicodusport","article_publisher":"https:\/\/www.facebook.com\/dicodusport","article_author":"https:\/\/www.facebook.com\/florent.ostermann","article_published_time":"2021-03-06T11:01:18+00:00","article_modified_time":"2021-03-06T12:22:26+00:00","og_image":[{"width":800,"height":445,"url":"https:\/\/dicodusport.fr\/blog\/wp-content\/uploads\/2021\/01\/Oberhof-Tiril-Eckhoff-imp\u00e9riale-sur-le-sprint-Julia-Simon-4\u00e8me.png","type":"image\/png"}],"author":"Flo Ostermann","twitter_card":"summary_large_image","twitter_title":"Nove Mesto : La fus\u00e9e Tiril Eckhoff remporte le sprint","twitter_creator":"@https:\/\/twitter.com\/FlOstermann","twitter_site":"@dicodusport","schema":{"@context":"https:\/\/schema.org","@graph":[{"@type":"NewsArticle","@id":"https:\/\/dicodusport.fr\/blog\/nove-mesto-la-fusee-tiril-eckhoff-remporte-le-sprint\/#article","isPartOf":{"@id":"https:\/\/dicodusport.fr\/blog\/nove-mesto-la-fusee-tiril-eckhoff-remporte-le-sprint\/"},"author":{"name":"Flo Ostermann","@id":"https:\/\/dicodusport.fr\/blog\/#\/schema\/person\/cb02af4c173ce4a653b55e9baf388d4a"},"headline":"Nove Mesto : La fus\u00e9e Tiril Eckhoff remporte le sprint","datePublished":"2021-03-06T11:01:18+00:00","dateModified":"2021-03-06T12:22:26+00:00","mainEntityOfPage":{"@id":"https:\/\/dicodusport.fr\/blog\/nove-mesto-la-fusee-tiril-eckhoff-remporte-le-sprint\/"},"wordCount":382,"commentCount":0,"publisher":{"@id":"https:\/\/dicodusport.fr\/blog\/#organization"},"image":{"@id":"https:\/\/dicodusport.fr\/blog\/nove-mesto-la-fusee-tiril-eckhoff-remporte-le-sprint\/#primaryimage"},"thumbnailUrl":"https:\/\/dicodusport.fr\/blog\/wp-content\/uploads\/2021\/01\/Oberhof-Tiril-Eckhoff-imp\u00e9riale-sur-le-sprint-Julia-Simon-4\u00e8me.png","keywords":["Biathlon Nove Mesto"],"articleSection":["Coupe du monde de biathlon"],"inLanguage":"fr-FR","potentialAction":[{"@type":"CommentAction","name":"Comment","target":["https:\/\/dicodusport.fr\/blog\/nove-mesto-la-fusee-tiril-eckhoff-remporte-le-sprint\/#respond"]}],"copyrightYear":"2021","copyrightHolder":{"@id":"https:\/\/dicodusport.fr\/blog\/#organization"}},{"@type":"WebPage","@id":"https:\/\/dicodusport.fr\/blog\/nove-mesto-la-fusee-tiril-eckhoff-remporte-le-sprint\/","url":"https:\/\/dicodusport.fr\/blog\/nove-mesto-la-fusee-tiril-eckhoff-remporte-le-sprint\/","name":"Nove Mesto : La fus\u00e9e Tiril Eckhoff remporte le sprint","isPartOf":{"@id":"https:\/\/dicodusport.fr\/blog\/#website"},"primaryImageOfPage":{"@id":"https:\/\/dicodusport.fr\/blog\/nove-mesto-la-fusee-tiril-eckhoff-remporte-le-sprint\/#primaryimage"},"image":{"@id":"https:\/\/dicodusport.fr\/blog\/nove-mesto-la-fusee-tiril-eckhoff-remporte-le-sprint\/#primaryimage"},"thumbnailUrl":"https:\/\/dicodusport.fr\/blog\/wp-content\/uploads\/2021\/01\/Oberhof-Tiril-Eckhoff-imp\u00e9riale-sur-le-sprint-Julia-Simon-4\u00e8me.png","datePublished":"2021-03-06T11:01:18+00:00","dateModified":"2021-03-06T12:22:26+00:00","description":"BIATHLON - NOVE MESTO - Malgr\u00e9 une faute au tir, Tiril Eckhoff a remport\u00e9 son cinqui\u00e8me sprint cons\u00e9cutif en R\u00e9publique Tch\u00e8que.\u00a0","breadcrumb":{"@id":"https:\/\/dicodusport.fr\/blog\/nove-mesto-la-fusee-tiril-eckhoff-remporte-le-sprint\/#breadcrumb"},"inLanguage":"fr-FR","potentialAction":[{"@type":"ReadAction","target":["https:\/\/dicodusport.fr\/blog\/nove-mesto-la-fusee-tiril-eckhoff-remporte-le-sprint\/"]}]},{"@type":"ImageObject","inLanguage":"fr-FR","@id":"https:\/\/dicodusport.fr\/blog\/nove-mesto-la-fusee-tiril-eckhoff-remporte-le-sprint\/#primaryimage","url":"https:\/\/dicodusport.fr\/blog\/wp-content\/uploads\/2021\/01\/Oberhof-Tiril-Eckhoff-imp\u00e9riale-sur-le-sprint-Julia-Simon-4\u00e8me.png","contentUrl":"https:\/\/dicodusport.fr\/blog\/wp-content\/uploads\/2021\/01\/Oberhof-Tiril-Eckhoff-imp\u00e9riale-sur-le-sprint-Julia-Simon-4\u00e8me.png","width":800,"height":445,"caption":"Biathlon - Championnats du monde 2021 : notre pronostic pour le sprint femmes"},{"@type":"BreadcrumbList","@id":"https:\/\/dicodusport.fr\/blog\/nove-mesto-la-fusee-tiril-eckhoff-remporte-le-sprint\/#breadcrumb","itemListElement":[{"@type":"ListItem","position":1,"name":"Accueil","item":"https:\/\/dicodusport.fr\/blog\/"},{"@type":"ListItem","position":2,"name":"Nove Mesto : La fus\u00e9e Tiril Eckhoff remporte le sprint"}]},{"@type":"WebSite","@id":"https:\/\/dicodusport.fr\/blog\/#website","url":"https:\/\/dicodusport.fr\/blog\/","name":"Dicodusport","description":"L&#039;encyclop\u00e9die de l&#039;actualit\u00e9 sportive","publisher":{"@id":"https:\/\/dicodusport.fr\/blog\/#organization"},"potentialAction":[{"@type":"SearchAction","target":{"@type":"EntryPoint","urlTemplate":"https:\/\/dicodusport.fr\/blog\/?s={search_term_string}"},"query-input":{"@type":"PropertyValueSpecification","valueRequired":true,"valueName":"search_term_string"}}],"inLanguage":"fr-FR"},{"@type":"NewsMediaOrganization","@id":"https:\/\/dicodusport.fr\/blog\/#organization","name":"Dicodusport","url":"https:\/\/dicodusport.fr\/blog\/","logo":{"@type":"ImageObject","inLanguage":"fr-FR","@id":"https:\/\/dicodusport.fr\/blog\/#\/schema\/logo\/image\/","url":"https:\/\/dicodusport.fr\/blog\/wp-content\/uploads\/2020\/06\/cropped-LOGO-DICODUSPORT-2020-SANS-FOND-SANS-TEXTE.png","contentUrl":"https:\/\/dicodusport.fr\/blog\/wp-content\/uploads\/2020\/06\/cropped-LOGO-DICODUSPORT-2020-SANS-FOND-SANS-TEXTE.png","width":512,"height":512,"caption":"Dicodusport"},"image":{"@id":"https:\/\/dicodusport.fr\/blog\/#\/schema\/logo\/image\/"},"sameAs":["https:\/\/www.facebook.com\/dicodusport","https:\/\/x.com\/dicodusport","https:\/\/www.instagram.com\/dicodusport\/","https:\/\/www.youtube.com\/channel\/UC7V2KZ5sd3htJivAbA4ZG3w"],"description":"Dicodusport est l'encyclop\u00e9die de l'actualit\u00e9 sportive.","email":"bonjour@dicodusport.fr","legalName":"DICODUSPORT","foundingDate":"2018-01-14","vatID":"FR71834470973","taxID":"83447097300043","numberOfEmployees":{"@type":"QuantitativeValue","minValue":"1","maxValue":"10"}},{"@type":"Person","@id":"https:\/\/dicodusport.fr\/blog\/#\/schema\/person\/cb02af4c173ce4a653b55e9baf388d4a","name":"Flo Ostermann","image":{"@type":"ImageObject","inLanguage":"fr-FR","@id":"https:\/\/dicodusport.fr\/blog\/#\/schema\/person\/image\/","url":"https:\/\/dicodusport.fr\/blog\/wp-content\/uploads\/2021\/05\/Flo-Ostermann-150x150.jpg","contentUrl":"https:\/\/dicodusport.fr\/blog\/wp-content\/uploads\/2021\/05\/Flo-Ostermann-150x150.jpg","caption":"Flo Ostermann"},"description":"Journaliste\/R\u00e9dacteur depuis septembre 2015 - Mes premiers souvenirs dans le sport ? Les envol\u00e9es du Stade Toulousain et les duels Villeneuve-Schumacher et H\u00e4kkinen-Schumacher \u00e0 la fin des ann\u00e9es 90, la Coupe du monde de football en 1998, l\u2019exploit du XV de France face aux All Blacks en 1999, mais aussi Richard C\u0153ur de Lion qui vole sur les montagnes du Tour de France. Bien parti pour devenir professeur d\u2019EPS, les \u00e9v\u00e9nements de la vie (et la flemme d\u2019animer des s\u00e9ances de 3x500 m\u00e8tres toute ma vie) m\u2019ont conduit \u00e0 revoir mes plans. Me voil\u00e0 depuis fin 2017 sur Dicodusport, m\u00e9dia gr\u00e2ce (et pour) lequel je partage ma passion : le sport dans tous ses \u00e9tats. Le tout accompagn\u00e9 par les fous furieux et folles furieuses cit\u00e9s sur cette page !","sameAs":["https:\/\/www.facebook.com\/florent.ostermann","https:\/\/x.com\/https:\/\/twitter.com\/FlOstermann","admin"],"url":"https:\/\/dicodusport.fr\/blog\/author\/flo\/"}]}},"_links":{"self":[{"href":"https:\/\/dicodusport.fr\/blog\/wp-json\/wp\/v2\/posts\/111341","targetHints":{"allow":["GET"]}}],"collection":[{"href":"https:\/\/dicodusport.fr\/blog\/wp-json\/wp\/v2\/posts"}],"about":[{"href":"https:\/\/dicodusport.fr\/blog\/wp-json\/wp\/v2\/types\/post"}],"author":[{"embeddable":true,"href":"https:\/\/dicodusport.fr\/blog\/wp-json\/wp\/v2\/users\/4"}],"replies":[{"embeddable":true,"href":"https:\/\/dicodusport.fr\/blog\/wp-json\/wp\/v2\/comments?post=111341"}],"version-history":[{"count":0,"href":"https:\/\/dicodusport.fr\/blog\/wp-json\/wp\/v2\/posts\/111341\/revisions"}],"wp:featuredmedia":[{"embeddable":true,"href":"https:\/\/dicodusport.fr\/blog\/wp-json\/wp\/v2\/media\/97569"}],"wp:attachment":[{"href":"https:\/\/dicodusport.fr\/blog\/wp-json\/wp\/v2\/media?parent=111341"}],"wp:term":[{"taxonomy":"category","embeddable":true,"href":"https:\/\/dicodusport.fr\/blog\/wp-json\/wp\/v2\/categories?post=111341"},{"taxonomy":"post_tag","embeddable":true,"href":"https:\/\/dicodusport.fr\/blog\/wp-json\/wp\/v2\/tags?post=111341"}],"curies":[{"name":"wp","href":"https:\/\/api.w.org\/{rel}","templated":true}]}}