{"id":111359,"date":"2021-03-06T14:19:11","date_gmt":"2021-03-06T13:19:11","guid":{"rendered":"https:\/\/dicodusport.fr\/blog\/?p=111359&#038;preview=true&#038;preview_id=111359"},"modified":"2021-03-06T14:23:41","modified_gmt":"2021-03-06T13:23:41","slug":"torun-2021-championnats-deurope-dathletisme-en-salle-bonne-matinee-de-samedi-pour-les-bleus","status":"publish","type":"post","link":"https:\/\/dicodusport.fr\/blog\/torun-2021-championnats-deurope-dathletisme-en-salle-bonne-matinee-de-samedi-pour-les-bleus\/","title":{"rendered":"Torun 2021 &#8211; Championnats d&rsquo;Europe d&rsquo;athl\u00e9tisme en salle : bonne matin\u00e9e de samedi pour les Bleus"},"content":{"rendered":"<p style=\"text-align: justify;\"><strong><em><a href=\"https:\/\/dicodusport.fr\/blog\/athletisme-championnats-deurope-en-salle-2021-programme-et-resultats\/\" target=\"_blank\" rel=\"noopener\">Championnats d&rsquo;Europe d&rsquo;athl\u00e9tisme en salle de Torun<\/a> &#8211; Kevin Mayer bien lanc\u00e9 dans son heptathlon, Lavillenie, Gressier et Hay en finale, r\u00e9sum\u00e9 des r\u00e9sultats des Fran\u00e7ais du jour.<\/em><\/strong><\/p>\n<h2 style=\"text-align: justify;\">Heptathlon hommes<\/h2>\n<p style=\"text-align: justify;\"><strong>Kevin Mayer<\/strong> a bien commenc\u00e9 avec un<strong> 60 m<\/strong> en 6\u203386 tout proche de son record personnel (6\u203385). Il a termin\u00e9 2e de sa course derri\u00e8re le jeune prodige suisse de 21 ans <strong>Simon Ehammer<\/strong> qui s&rsquo;est impos\u00e9 en 6\u203375. La premi\u00e8re \u00e9preuve lui rapporte <strong>933 points<\/strong>.<\/p>\n<p style=\"text-align: justify;\">Pour son 2e concours de<strong> longueur<\/strong> de la saison, il a am\u00e9lior\u00e9 sa marque \u00e0 chaque fois. D&rsquo;abord \u00e0 7m40 mais Ehammer lui a r\u00e9pondu directement avec un saut \u00e0 7m61. Le Fran\u00e7ais a \u00e9t\u00e9 d\u00e9\u00e7u de son deuxi\u00e8me essai \u00e0 7m45. Il a vu l&rsquo;Allemand Bechmann et l&rsquo;Italien lui passer devant avec des sauts \u00e0 7m49 et 7m59. Le troisi\u00e8me saut du Fran\u00e7ais a \u00e9t\u00e9 \u00e0 7m47 pour <strong>927 points<\/strong>. Mais le Suisse lui a mis un coup de pression avec son dernier saut \u00e0 7m89, soit son record personnel. Le Suisse avait 146 points d&rsquo;avance sur le Fran\u00e7ais avant le poids.<\/p>\n<p style=\"text-align: justify;\">Apr\u00e8s un premier essai \u00e0 15m03, il a lanc\u00e9 le <strong>poids<\/strong> \u00e0 15m23. Le Fran\u00e7ais a tout l\u00e2ch\u00e9 \u00e0 son dernier essai avec <strong>16m32<\/strong>, son record en salle ! Il marque <strong>871 points<\/strong> et n&rsquo;a plus que 49 points de retard au classement g\u00e9n\u00e9ral puisque Ehammer en a marqu\u00e9 774 avec ses 14m75.<\/p>\n<h2 style=\"text-align: justify;\">60 m hommes<\/h2>\n<p style=\"text-align: justify;\">En s\u00e9ries, <strong>Amaury Golitin<\/strong> a bien essay\u00e9 de revenir \u00e0 la fin mais il termine finalement 3e en 6\u203370. Ce temps lui a permis de se qualifier au temps pour les demi-finales. En demies, \u00e7a a \u00e9t\u00e9 vite mais le Fran\u00e7ais a termin\u00e9 5e en 6\u203364. Pas de finale.<\/p>\n<p style=\"text-align: justify;\"><strong>Mouhamadou Fall<\/strong> a \u00e9t\u00e9 solide en s\u00e9ries en fin de course pour terminer 2e en 6\u203366. En demies, parti moins vite que ses adversaires il est une nouvelle fois bien revenu pour terminer troisi\u00e8me en 6\u203364. Qualifi\u00e9 apr\u00e8s la deuxi\u00e8me demie, la derni\u00e8re course a \u00e9t\u00e9 tr\u00e8s rapide. Il ne s&rsquo;est pas qualifi\u00e9 pour la finale.<\/p>\n<h2>Qualifications saut \u00e0 la perche hommes<\/h2>\n<p style=\"text-align: justify;\">Pour aller en finale il fallait franchir 5m75 ou finir dans les 8 premiers.<\/p>\n<p style=\"text-align: justify;\"><strong>Ethan Cormont<\/strong> a fait l&rsquo;impasse \u00e0 5m20. Petite frayeur \u00e0 5m35 : il n&rsquo;a pas r\u00e9ussi \u00e0 s&rsquo;engager lors de son premier essai et \u00e0 son deuxi\u00e8me essai, il \u00e9tait bien au-dessus mais est retomb\u00e9 sur la barre. Il a finalement franchi la barre \u00e0 son troisi\u00e8me essai. Il a r\u00e9alis\u00e9 un tr\u00e8s bon saut \u00e0 5m50. \u00c0 5m60 il est pass\u00e9 \u00e0 son 2e essai. Malheureusement, il n&rsquo;est pas parvenu \u00e0 franchir 5m70. Pour ses premiers championnats internationaux chez les seniors, le jeune athl\u00e8te de 20 ans termine donc \u00e0 la 10e place.<\/p>\n<p><strong>Valentin Lavillenie<\/strong> a fait l&rsquo;impasse \u00e0 5m20 et 5m35. Il a pass\u00e9 5m50 et 5m60 \u00e0 son premier essai puis fait l&rsquo;impasse \u00e0 5m70. Cela a suffi pour rejoindre la finale de dimanche soir.<\/p>\n<h2>3000 m hommes<\/h2>\n<p style=\"text-align: justify;\"><strong>Djilali Bedrani<\/strong> a donn\u00e9 le rythme puis c&rsquo;est le Britannique Rowe qui a acc\u00e9l\u00e9r\u00e9 pour donner le rythme. Le Francais est repass\u00e9 \u00e0 la 4e place. Dans une course tactique, c&rsquo;est l&rsquo;Espagnol Katir qui s&rsquo;est finalement impos\u00e9. Le Fran\u00e7ais a manqu\u00e9 de lucidit\u00e9 en fin de course. Il a termin\u00e9 4e en 7\u203255\u203376 derri\u00e8re Row (7\u203255\u203367). Cette 4e place ne lui permet pas de se qualifier au temps pour la finale.<\/p>\n<p style=\"text-align: justify;\">Dans la deuxi\u00e8me s\u00e9rie, le peloton \u00e9tait \u00e9tir\u00e9 et <strong>Hugo Hay<\/strong> en 5e position. Butchart et Mechaal ont impos\u00e9 un gros rythme. Le Fran\u00e7ais a finalement termin\u00e9 4e en 7\u203247\u203330, soit son <strong>record personnel<\/strong> (ancien record \u00e0 7\u203248\u203366). C&rsquo;est all\u00e9 vite et ce temps lui permet de se qualifier pour la finale de dimanche soir.<\/p>\n<p style=\"text-align: justify;\">Dans la derni\u00e8re s\u00e9rie, <strong>Jimmy Gressier<\/strong> et Mike Foppen ont fait la course en t\u00eate. Il y avait quasiment 30 m\u00e8tres d&rsquo;\u00e9cart avec le groupe suivant emmen\u00e9 par Jakob Ingebrigtsen. Le Fran\u00e7ais s&rsquo;est finalement impos\u00e9 en 7\u203248\u203393 pour rejoindre la finale.<\/p>\n<h2 style=\"text-align: justify;\">60 m haies femmes<\/h2>\n<p style=\"text-align: justify;\">Troisi\u00e8me de sa s\u00e9rie en 8\u203311, <strong>La\u00ebticia Bapt\u00e9<\/strong> a rejoint les demi-finales qui auront lieu dimanche \u00e0 13h30.<\/p>\n<p style=\"text-align: justify;\"><strong>Cyr\u00e9na Samba-Mayela<\/strong> \u00e9tait bien partie mais elle a fait une faute sur la 3e haie. Elle a perdu de la vitesse et a donc fini \u00e0 la 5e place en 8\u203322. Pas suffisant pour se qualifier au temps en demi-finale.<\/p>\n<h2>60 m haies hommes<\/h2>\n<p>Bonne s\u00e9rie d&rsquo;<strong>Aurel Manga<\/strong> qui s&rsquo;est impos\u00e9 en 7\u203364.<\/p>\n<p style=\"text-align: justify;\">De son c\u00f4t\u00e9, <strong>Wilhem Belocian<\/strong> facile aussi, s&rsquo;est impos\u00e9 en 7\u203352.<\/p>\n<p style=\"text-align: justify;\">Rendez-vous pour les demies demain vers 13h.<\/p>\n<p><strong><em>Dicodusport<br \/>\n<a href=\"https:\/\/www.facebook.com\/dicodusport\/\" target=\"_blank\" rel=\"noopener noreferrer\"><img loading=\"lazy\" decoding=\"async\" class=\"alignnone wp-image-2909\" src=\"http:\/\/dicodusport.fr\/blog\/wp-content\/uploads\/2017\/07\/logo-facebook-150x150.png\" alt=\"\" width=\"40\" height=\"40\" \/><\/a><a href=\"https:\/\/twitter.com\/dicodusport\" target=\"_blank\" rel=\"noopener noreferrer\"><img loading=\"lazy\" decoding=\"async\" class=\"alignnone wp-image-2908\" src=\"http:\/\/dicodusport.fr\/blog\/wp-content\/uploads\/2017\/07\/logo-twitter-150x150.png\" alt=\"\" width=\"39\" height=\"39\" \/><\/a><\/em><\/strong><\/p>\n","protected":false},"excerpt":{"rendered":"<p>Championnats d&rsquo;Europe d&rsquo;athl\u00e9tisme en salle de Torun &#8211; Kevin Mayer bien lanc\u00e9 dans son heptathlon, Lavillenie, Gressier et Hay en finale, r\u00e9sum\u00e9 des r\u00e9sultats des Fran\u00e7ais du jour.<\/p>\n","protected":false},"author":12,"featured_media":111420,"comment_status":"open","ping_status":"closed","sticky":false,"template":"","format":"standard","meta":{"_acf_changed":false,"_daextam_enable_autolinks":"","footnotes":""},"categories":[46996],"tags":[143,4068,7359,14537,8813,6691,15009,6856,1257,15010,14710,4057,7375],"class_list":["post-111359","post","type-post","status-publish","format-standard","has-post-thumbnail","hentry","category-championnats-d-europe-athletisme","tag-athletisme","tag-aurel-manga","tag-championnats-deurope-dathletisme-en-salle","tag-cyrena-samba-mayela","tag-djilali-bedrani","tag-heptathlon","tag-hugo-hay","tag-jimmy-gressier","tag-kevin-mayer","tag-laeticia-bapte","tag-torun","tag-valentin-lavillenie","tag-wilhem-belocian"],"acf":[],"yoast_head":"<!-- This site is optimized with the Yoast SEO Premium plugin v26.7 (Yoast SEO v26.7) - https:\/\/yoast.com\/wordpress\/plugins\/seo\/ -->\n<title>Torun 2021 - Championnats d&#039;Europe d&#039;athl\u00e9tisme en salle : bonne matin\u00e9e de samedi pour les Bleus<\/title>\n<meta name=\"description\" content=\"Kevin Mayer bien lanc\u00e9 dans son heptathlon, Lavillenie, Gressier et Hay en finale, r\u00e9sum\u00e9 des r\u00e9sultats des Fran\u00e7ais du jour.\" \/>\n<meta name=\"robots\" content=\"index, follow, max-snippet:-1, max-image-preview:large, max-video-preview:-1\" \/>\n<link rel=\"canonical\" href=\"https:\/\/dicodusport.fr\/blog\/torun-2021-championnats-deurope-dathletisme-en-salle-bonne-matinee-de-samedi-pour-les-bleus\/\" \/>\n<meta property=\"og:locale\" content=\"fr_FR\" \/>\n<meta property=\"og:type\" content=\"article\" \/>\n<meta property=\"og:title\" content=\"Torun 2021 - Championnats d&#039;Europe d&#039;athl\u00e9tisme en salle : bonne matin\u00e9e de samedi pour les Bleus\" \/>\n<meta property=\"og:description\" content=\"Kevin Mayer bien lanc\u00e9 dans son heptathlon, Lavillenie, Gressier et Hay en finale, r\u00e9sum\u00e9 des r\u00e9sultats des Fran\u00e7ais du jour.\" \/>\n<meta property=\"og:url\" content=\"https:\/\/dicodusport.fr\/blog\/torun-2021-championnats-deurope-dathletisme-en-salle-bonne-matinee-de-samedi-pour-les-bleus\/\" \/>\n<meta property=\"og:site_name\" content=\"Dicodusport\" \/>\n<meta property=\"article:publisher\" content=\"https:\/\/www.facebook.com\/dicodusport\" \/>\n<meta property=\"article:published_time\" content=\"2021-03-06T13:19:11+00:00\" \/>\n<meta property=\"article:modified_time\" content=\"2021-03-06T13:23:41+00:00\" \/>\n<meta property=\"og:image\" content=\"https:\/\/dicodusport.fr\/blog\/wp-content\/uploads\/2021\/03\/Jimmy-Gressier-Jakob-Ingebrigtsen.png\" \/>\n\t<meta property=\"og:image:width\" content=\"1200\" \/>\n\t<meta property=\"og:image:height\" content=\"670\" \/>\n\t<meta property=\"og:image:type\" content=\"image\/png\" \/>\n<meta name=\"author\" content=\"Arlette Yeye\" \/>\n<meta name=\"twitter:card\" content=\"summary_large_image\" \/>\n<meta name=\"twitter:title\" content=\"Torun 2021 - Championnats d&#039;Europe d&#039;athl\u00e9tisme en salle : bonne matin\u00e9e de samedi pour les Bleus\" \/>\n<meta name=\"twitter:creator\" content=\"@https:\/\/twitter.com\/Shiclette94\" \/>\n<meta name=\"twitter:site\" content=\"@dicodusport\" \/>\n<script type=\"application\/ld+json\" class=\"yoast-schema-graph\">{\"@context\":\"https:\/\/schema.org\",\"@graph\":[{\"@type\":\"NewsArticle\",\"@id\":\"https:\/\/dicodusport.fr\/blog\/torun-2021-championnats-deurope-dathletisme-en-salle-bonne-matinee-de-samedi-pour-les-bleus\/#article\",\"isPartOf\":{\"@id\":\"https:\/\/dicodusport.fr\/blog\/torun-2021-championnats-deurope-dathletisme-en-salle-bonne-matinee-de-samedi-pour-les-bleus\/\"},\"author\":{\"name\":\"Arlette Yeye\",\"@id\":\"https:\/\/dicodusport.fr\/blog\/#\/schema\/person\/cce96fa88785bd8573e3d43078ac8c79\"},\"headline\":\"Torun 2021 &#8211; Championnats d&rsquo;Europe d&rsquo;athl\u00e9tisme en salle : bonne matin\u00e9e de samedi pour les Bleus\",\"datePublished\":\"2021-03-06T13:19:11+00:00\",\"dateModified\":\"2021-03-06T13:23:41+00:00\",\"mainEntityOfPage\":{\"@id\":\"https:\/\/dicodusport.fr\/blog\/torun-2021-championnats-deurope-dathletisme-en-salle-bonne-matinee-de-samedi-pour-les-bleus\/\"},\"wordCount\":785,\"commentCount\":0,\"publisher\":{\"@id\":\"https:\/\/dicodusport.fr\/blog\/#organization\"},\"image\":{\"@id\":\"https:\/\/dicodusport.fr\/blog\/torun-2021-championnats-deurope-dathletisme-en-salle-bonne-matinee-de-samedi-pour-les-bleus\/#primaryimage\"},\"thumbnailUrl\":\"https:\/\/dicodusport.fr\/blog\/wp-content\/uploads\/2021\/03\/Jimmy-Gressier-Jakob-Ingebrigtsen.png\",\"keywords\":[\"Athl\u00e9tisme\",\"Aurel Manga\",\"Championnats d'Europe d'athl\u00e9tisme en salle\",\"Cyr\u00e9na Samba-Mayela\",\"Djilali Bedrani\",\"Heptathlon\",\"Hugo Hay\",\"Jimmy Gressier\",\"Kevin Mayer\",\"La\u00ebticia Bapt\u00e9\",\"Torun\",\"valentin lavillenie\",\"Wilhem Belocian\"],\"articleSection\":[\"Championnats d'Europe d'athl\u00e9tisme\"],\"inLanguage\":\"fr-FR\",\"potentialAction\":[{\"@type\":\"CommentAction\",\"name\":\"Comment\",\"target\":[\"https:\/\/dicodusport.fr\/blog\/torun-2021-championnats-deurope-dathletisme-en-salle-bonne-matinee-de-samedi-pour-les-bleus\/#respond\"]}],\"copyrightYear\":\"2021\",\"copyrightHolder\":{\"@id\":\"https:\/\/dicodusport.fr\/blog\/#organization\"}},{\"@type\":\"WebPage\",\"@id\":\"https:\/\/dicodusport.fr\/blog\/torun-2021-championnats-deurope-dathletisme-en-salle-bonne-matinee-de-samedi-pour-les-bleus\/\",\"url\":\"https:\/\/dicodusport.fr\/blog\/torun-2021-championnats-deurope-dathletisme-en-salle-bonne-matinee-de-samedi-pour-les-bleus\/\",\"name\":\"Torun 2021 - Championnats d'Europe d'athl\u00e9tisme en salle : bonne matin\u00e9e de samedi pour les Bleus\",\"isPartOf\":{\"@id\":\"https:\/\/dicodusport.fr\/blog\/#website\"},\"primaryImageOfPage\":{\"@id\":\"https:\/\/dicodusport.fr\/blog\/torun-2021-championnats-deurope-dathletisme-en-salle-bonne-matinee-de-samedi-pour-les-bleus\/#primaryimage\"},\"image\":{\"@id\":\"https:\/\/dicodusport.fr\/blog\/torun-2021-championnats-deurope-dathletisme-en-salle-bonne-matinee-de-samedi-pour-les-bleus\/#primaryimage\"},\"thumbnailUrl\":\"https:\/\/dicodusport.fr\/blog\/wp-content\/uploads\/2021\/03\/Jimmy-Gressier-Jakob-Ingebrigtsen.png\",\"datePublished\":\"2021-03-06T13:19:11+00:00\",\"dateModified\":\"2021-03-06T13:23:41+00:00\",\"description\":\"Kevin Mayer bien lanc\u00e9 dans son heptathlon, Lavillenie, Gressier et Hay en finale, r\u00e9sum\u00e9 des r\u00e9sultats des Fran\u00e7ais du jour.\",\"breadcrumb\":{\"@id\":\"https:\/\/dicodusport.fr\/blog\/torun-2021-championnats-deurope-dathletisme-en-salle-bonne-matinee-de-samedi-pour-les-bleus\/#breadcrumb\"},\"inLanguage\":\"fr-FR\",\"potentialAction\":[{\"@type\":\"ReadAction\",\"target\":[\"https:\/\/dicodusport.fr\/blog\/torun-2021-championnats-deurope-dathletisme-en-salle-bonne-matinee-de-samedi-pour-les-bleus\/\"]}]},{\"@type\":\"ImageObject\",\"inLanguage\":\"fr-FR\",\"@id\":\"https:\/\/dicodusport.fr\/blog\/torun-2021-championnats-deurope-dathletisme-en-salle-bonne-matinee-de-samedi-pour-les-bleus\/#primaryimage\",\"url\":\"https:\/\/dicodusport.fr\/blog\/wp-content\/uploads\/2021\/03\/Jimmy-Gressier-Jakob-Ingebrigtsen.png\",\"contentUrl\":\"https:\/\/dicodusport.fr\/blog\/wp-content\/uploads\/2021\/03\/Jimmy-Gressier-Jakob-Ingebrigtsen.png\",\"width\":1200,\"height\":670},{\"@type\":\"BreadcrumbList\",\"@id\":\"https:\/\/dicodusport.fr\/blog\/torun-2021-championnats-deurope-dathletisme-en-salle-bonne-matinee-de-samedi-pour-les-bleus\/#breadcrumb\",\"itemListElement\":[{\"@type\":\"ListItem\",\"position\":1,\"name\":\"Accueil\",\"item\":\"https:\/\/dicodusport.fr\/blog\/\"},{\"@type\":\"ListItem\",\"position\":2,\"name\":\"Torun 2021 &#8211; Championnats d&rsquo;Europe d&rsquo;athl\u00e9tisme en salle : bonne matin\u00e9e de samedi pour les Bleus\"}]},{\"@type\":\"WebSite\",\"@id\":\"https:\/\/dicodusport.fr\/blog\/#website\",\"url\":\"https:\/\/dicodusport.fr\/blog\/\",\"name\":\"Dicodusport\",\"description\":\"L&#039;encyclop\u00e9die de l&#039;actualit\u00e9 sportive\",\"publisher\":{\"@id\":\"https:\/\/dicodusport.fr\/blog\/#organization\"},\"potentialAction\":[{\"@type\":\"SearchAction\",\"target\":{\"@type\":\"EntryPoint\",\"urlTemplate\":\"https:\/\/dicodusport.fr\/blog\/?s={search_term_string}\"},\"query-input\":{\"@type\":\"PropertyValueSpecification\",\"valueRequired\":true,\"valueName\":\"search_term_string\"}}],\"inLanguage\":\"fr-FR\"},{\"@type\":\"NewsMediaOrganization\",\"@id\":\"https:\/\/dicodusport.fr\/blog\/#organization\",\"name\":\"Dicodusport\",\"url\":\"https:\/\/dicodusport.fr\/blog\/\",\"logo\":{\"@type\":\"ImageObject\",\"inLanguage\":\"fr-FR\",\"@id\":\"https:\/\/dicodusport.fr\/blog\/#\/schema\/logo\/image\/\",\"url\":\"https:\/\/dicodusport.fr\/blog\/wp-content\/uploads\/2020\/06\/cropped-LOGO-DICODUSPORT-2020-SANS-FOND-SANS-TEXTE.png\",\"contentUrl\":\"https:\/\/dicodusport.fr\/blog\/wp-content\/uploads\/2020\/06\/cropped-LOGO-DICODUSPORT-2020-SANS-FOND-SANS-TEXTE.png\",\"width\":512,\"height\":512,\"caption\":\"Dicodusport\"},\"image\":{\"@id\":\"https:\/\/dicodusport.fr\/blog\/#\/schema\/logo\/image\/\"},\"sameAs\":[\"https:\/\/www.facebook.com\/dicodusport\",\"https:\/\/x.com\/dicodusport\",\"https:\/\/www.instagram.com\/dicodusport\/\",\"https:\/\/www.youtube.com\/channel\/UC7V2KZ5sd3htJivAbA4ZG3w\"],\"description\":\"Dicodusport est l'encyclop\u00e9die de l'actualit\u00e9 sportive.\",\"email\":\"bonjour@dicodusport.fr\",\"legalName\":\"DICODUSPORT\",\"foundingDate\":\"2018-01-14\",\"vatID\":\"FR71834470973\",\"taxID\":\"83447097300043\",\"numberOfEmployees\":{\"@type\":\"QuantitativeValue\",\"minValue\":\"1\",\"maxValue\":\"10\"}},{\"@type\":\"Person\",\"@id\":\"https:\/\/dicodusport.fr\/blog\/#\/schema\/person\/cce96fa88785bd8573e3d43078ac8c79\",\"name\":\"Arlette Yeye\",\"image\":{\"@type\":\"ImageObject\",\"inLanguage\":\"fr-FR\",\"@id\":\"https:\/\/dicodusport.fr\/blog\/#\/schema\/person\/image\/\",\"url\":\"https:\/\/secure.gravatar.com\/avatar\/dca4a6239e6d708e46c45d60e160de6c?s=96&d=wp_user_avatar&r=g\",\"contentUrl\":\"https:\/\/secure.gravatar.com\/avatar\/dca4a6239e6d708e46c45d60e160de6c?s=96&d=wp_user_avatar&r=g\",\"caption\":\"Arlette Yeye\"},\"description\":\"Journaliste\/r\u00e9dactrice depuis septembre 2015 - Supportrice de Chelsea, j'ai pour sports de pr\u00e9dilection le handball, l'athl\u00e9tisme et le tennis. Si je tweete plus vite que mon ombre, vous pouvez aussi me retrouver les week-ends sur les playgrounds de Bruxelles pour un petit foot ou basket entre potes. Parcourir la France, l'Europe et plus si affinit\u00e9s pour suivre mes sportifs pr\u00e9f\u00e9r\u00e9s ? Mon kif ! Et c'est avec plaisir que je partage les r\u00e9sultats des sports populaires mais \u00e9galement plus confidentiels pour Dicodusport.\",\"sameAs\":[\"https:\/\/x.com\/https:\/\/twitter.com\/Shiclette94\"],\"url\":\"https:\/\/dicodusport.fr\/blog\/author\/arlette\/\"}]}<\/script>\n<!-- \/ Yoast SEO Premium plugin. -->","yoast_head_json":{"title":"Torun 2021 - Championnats d'Europe d'athl\u00e9tisme en salle : bonne matin\u00e9e de samedi pour les Bleus","description":"Kevin Mayer bien lanc\u00e9 dans son heptathlon, Lavillenie, Gressier et Hay en finale, r\u00e9sum\u00e9 des r\u00e9sultats des Fran\u00e7ais du jour.","robots":{"index":"index","follow":"follow","max-snippet":"max-snippet:-1","max-image-preview":"max-image-preview:large","max-video-preview":"max-video-preview:-1"},"canonical":"https:\/\/dicodusport.fr\/blog\/torun-2021-championnats-deurope-dathletisme-en-salle-bonne-matinee-de-samedi-pour-les-bleus\/","og_locale":"fr_FR","og_type":"article","og_title":"Torun 2021 - Championnats d'Europe d'athl\u00e9tisme en salle : bonne matin\u00e9e de samedi pour les Bleus","og_description":"Kevin Mayer bien lanc\u00e9 dans son heptathlon, Lavillenie, Gressier et Hay en finale, r\u00e9sum\u00e9 des r\u00e9sultats des Fran\u00e7ais du jour.","og_url":"https:\/\/dicodusport.fr\/blog\/torun-2021-championnats-deurope-dathletisme-en-salle-bonne-matinee-de-samedi-pour-les-bleus\/","og_site_name":"Dicodusport","article_publisher":"https:\/\/www.facebook.com\/dicodusport","article_published_time":"2021-03-06T13:19:11+00:00","article_modified_time":"2021-03-06T13:23:41+00:00","og_image":[{"width":1200,"height":670,"url":"https:\/\/dicodusport.fr\/blog\/wp-content\/uploads\/2021\/03\/Jimmy-Gressier-Jakob-Ingebrigtsen.png","type":"image\/png"}],"author":"Arlette Yeye","twitter_card":"summary_large_image","twitter_title":"Torun 2021 - Championnats d'Europe d'athl\u00e9tisme en salle : bonne matin\u00e9e de samedi pour les Bleus","twitter_creator":"@https:\/\/twitter.com\/Shiclette94","twitter_site":"@dicodusport","schema":{"@context":"https:\/\/schema.org","@graph":[{"@type":"NewsArticle","@id":"https:\/\/dicodusport.fr\/blog\/torun-2021-championnats-deurope-dathletisme-en-salle-bonne-matinee-de-samedi-pour-les-bleus\/#article","isPartOf":{"@id":"https:\/\/dicodusport.fr\/blog\/torun-2021-championnats-deurope-dathletisme-en-salle-bonne-matinee-de-samedi-pour-les-bleus\/"},"author":{"name":"Arlette Yeye","@id":"https:\/\/dicodusport.fr\/blog\/#\/schema\/person\/cce96fa88785bd8573e3d43078ac8c79"},"headline":"Torun 2021 &#8211; Championnats d&rsquo;Europe d&rsquo;athl\u00e9tisme en salle : bonne matin\u00e9e de samedi pour les Bleus","datePublished":"2021-03-06T13:19:11+00:00","dateModified":"2021-03-06T13:23:41+00:00","mainEntityOfPage":{"@id":"https:\/\/dicodusport.fr\/blog\/torun-2021-championnats-deurope-dathletisme-en-salle-bonne-matinee-de-samedi-pour-les-bleus\/"},"wordCount":785,"commentCount":0,"publisher":{"@id":"https:\/\/dicodusport.fr\/blog\/#organization"},"image":{"@id":"https:\/\/dicodusport.fr\/blog\/torun-2021-championnats-deurope-dathletisme-en-salle-bonne-matinee-de-samedi-pour-les-bleus\/#primaryimage"},"thumbnailUrl":"https:\/\/dicodusport.fr\/blog\/wp-content\/uploads\/2021\/03\/Jimmy-Gressier-Jakob-Ingebrigtsen.png","keywords":["Athl\u00e9tisme","Aurel Manga","Championnats d'Europe d'athl\u00e9tisme en salle","Cyr\u00e9na Samba-Mayela","Djilali Bedrani","Heptathlon","Hugo Hay","Jimmy Gressier","Kevin Mayer","La\u00ebticia Bapt\u00e9","Torun","valentin lavillenie","Wilhem Belocian"],"articleSection":["Championnats d'Europe d'athl\u00e9tisme"],"inLanguage":"fr-FR","potentialAction":[{"@type":"CommentAction","name":"Comment","target":["https:\/\/dicodusport.fr\/blog\/torun-2021-championnats-deurope-dathletisme-en-salle-bonne-matinee-de-samedi-pour-les-bleus\/#respond"]}],"copyrightYear":"2021","copyrightHolder":{"@id":"https:\/\/dicodusport.fr\/blog\/#organization"}},{"@type":"WebPage","@id":"https:\/\/dicodusport.fr\/blog\/torun-2021-championnats-deurope-dathletisme-en-salle-bonne-matinee-de-samedi-pour-les-bleus\/","url":"https:\/\/dicodusport.fr\/blog\/torun-2021-championnats-deurope-dathletisme-en-salle-bonne-matinee-de-samedi-pour-les-bleus\/","name":"Torun 2021 - Championnats d'Europe d'athl\u00e9tisme en salle : bonne matin\u00e9e de samedi pour les Bleus","isPartOf":{"@id":"https:\/\/dicodusport.fr\/blog\/#website"},"primaryImageOfPage":{"@id":"https:\/\/dicodusport.fr\/blog\/torun-2021-championnats-deurope-dathletisme-en-salle-bonne-matinee-de-samedi-pour-les-bleus\/#primaryimage"},"image":{"@id":"https:\/\/dicodusport.fr\/blog\/torun-2021-championnats-deurope-dathletisme-en-salle-bonne-matinee-de-samedi-pour-les-bleus\/#primaryimage"},"thumbnailUrl":"https:\/\/dicodusport.fr\/blog\/wp-content\/uploads\/2021\/03\/Jimmy-Gressier-Jakob-Ingebrigtsen.png","datePublished":"2021-03-06T13:19:11+00:00","dateModified":"2021-03-06T13:23:41+00:00","description":"Kevin Mayer bien lanc\u00e9 dans son heptathlon, Lavillenie, Gressier et Hay en finale, r\u00e9sum\u00e9 des r\u00e9sultats des Fran\u00e7ais du jour.","breadcrumb":{"@id":"https:\/\/dicodusport.fr\/blog\/torun-2021-championnats-deurope-dathletisme-en-salle-bonne-matinee-de-samedi-pour-les-bleus\/#breadcrumb"},"inLanguage":"fr-FR","potentialAction":[{"@type":"ReadAction","target":["https:\/\/dicodusport.fr\/blog\/torun-2021-championnats-deurope-dathletisme-en-salle-bonne-matinee-de-samedi-pour-les-bleus\/"]}]},{"@type":"ImageObject","inLanguage":"fr-FR","@id":"https:\/\/dicodusport.fr\/blog\/torun-2021-championnats-deurope-dathletisme-en-salle-bonne-matinee-de-samedi-pour-les-bleus\/#primaryimage","url":"https:\/\/dicodusport.fr\/blog\/wp-content\/uploads\/2021\/03\/Jimmy-Gressier-Jakob-Ingebrigtsen.png","contentUrl":"https:\/\/dicodusport.fr\/blog\/wp-content\/uploads\/2021\/03\/Jimmy-Gressier-Jakob-Ingebrigtsen.png","width":1200,"height":670},{"@type":"BreadcrumbList","@id":"https:\/\/dicodusport.fr\/blog\/torun-2021-championnats-deurope-dathletisme-en-salle-bonne-matinee-de-samedi-pour-les-bleus\/#breadcrumb","itemListElement":[{"@type":"ListItem","position":1,"name":"Accueil","item":"https:\/\/dicodusport.fr\/blog\/"},{"@type":"ListItem","position":2,"name":"Torun 2021 &#8211; Championnats d&rsquo;Europe d&rsquo;athl\u00e9tisme en salle : bonne matin\u00e9e de samedi pour les Bleus"}]},{"@type":"WebSite","@id":"https:\/\/dicodusport.fr\/blog\/#website","url":"https:\/\/dicodusport.fr\/blog\/","name":"Dicodusport","description":"L&#039;encyclop\u00e9die de l&#039;actualit\u00e9 sportive","publisher":{"@id":"https:\/\/dicodusport.fr\/blog\/#organization"},"potentialAction":[{"@type":"SearchAction","target":{"@type":"EntryPoint","urlTemplate":"https:\/\/dicodusport.fr\/blog\/?s={search_term_string}"},"query-input":{"@type":"PropertyValueSpecification","valueRequired":true,"valueName":"search_term_string"}}],"inLanguage":"fr-FR"},{"@type":"NewsMediaOrganization","@id":"https:\/\/dicodusport.fr\/blog\/#organization","name":"Dicodusport","url":"https:\/\/dicodusport.fr\/blog\/","logo":{"@type":"ImageObject","inLanguage":"fr-FR","@id":"https:\/\/dicodusport.fr\/blog\/#\/schema\/logo\/image\/","url":"https:\/\/dicodusport.fr\/blog\/wp-content\/uploads\/2020\/06\/cropped-LOGO-DICODUSPORT-2020-SANS-FOND-SANS-TEXTE.png","contentUrl":"https:\/\/dicodusport.fr\/blog\/wp-content\/uploads\/2020\/06\/cropped-LOGO-DICODUSPORT-2020-SANS-FOND-SANS-TEXTE.png","width":512,"height":512,"caption":"Dicodusport"},"image":{"@id":"https:\/\/dicodusport.fr\/blog\/#\/schema\/logo\/image\/"},"sameAs":["https:\/\/www.facebook.com\/dicodusport","https:\/\/x.com\/dicodusport","https:\/\/www.instagram.com\/dicodusport\/","https:\/\/www.youtube.com\/channel\/UC7V2KZ5sd3htJivAbA4ZG3w"],"description":"Dicodusport est l'encyclop\u00e9die de l'actualit\u00e9 sportive.","email":"bonjour@dicodusport.fr","legalName":"DICODUSPORT","foundingDate":"2018-01-14","vatID":"FR71834470973","taxID":"83447097300043","numberOfEmployees":{"@type":"QuantitativeValue","minValue":"1","maxValue":"10"}},{"@type":"Person","@id":"https:\/\/dicodusport.fr\/blog\/#\/schema\/person\/cce96fa88785bd8573e3d43078ac8c79","name":"Arlette Yeye","image":{"@type":"ImageObject","inLanguage":"fr-FR","@id":"https:\/\/dicodusport.fr\/blog\/#\/schema\/person\/image\/","url":"https:\/\/secure.gravatar.com\/avatar\/dca4a6239e6d708e46c45d60e160de6c?s=96&d=wp_user_avatar&r=g","contentUrl":"https:\/\/secure.gravatar.com\/avatar\/dca4a6239e6d708e46c45d60e160de6c?s=96&d=wp_user_avatar&r=g","caption":"Arlette Yeye"},"description":"Journaliste\/r\u00e9dactrice depuis septembre 2015 - Supportrice de Chelsea, j'ai pour sports de pr\u00e9dilection le handball, l'athl\u00e9tisme et le tennis. Si je tweete plus vite que mon ombre, vous pouvez aussi me retrouver les week-ends sur les playgrounds de Bruxelles pour un petit foot ou basket entre potes. Parcourir la France, l'Europe et plus si affinit\u00e9s pour suivre mes sportifs pr\u00e9f\u00e9r\u00e9s ? Mon kif ! Et c'est avec plaisir que je partage les r\u00e9sultats des sports populaires mais \u00e9galement plus confidentiels pour Dicodusport.","sameAs":["https:\/\/x.com\/https:\/\/twitter.com\/Shiclette94"],"url":"https:\/\/dicodusport.fr\/blog\/author\/arlette\/"}]}},"_links":{"self":[{"href":"https:\/\/dicodusport.fr\/blog\/wp-json\/wp\/v2\/posts\/111359","targetHints":{"allow":["GET"]}}],"collection":[{"href":"https:\/\/dicodusport.fr\/blog\/wp-json\/wp\/v2\/posts"}],"about":[{"href":"https:\/\/dicodusport.fr\/blog\/wp-json\/wp\/v2\/types\/post"}],"author":[{"embeddable":true,"href":"https:\/\/dicodusport.fr\/blog\/wp-json\/wp\/v2\/users\/12"}],"replies":[{"embeddable":true,"href":"https:\/\/dicodusport.fr\/blog\/wp-json\/wp\/v2\/comments?post=111359"}],"version-history":[{"count":0,"href":"https:\/\/dicodusport.fr\/blog\/wp-json\/wp\/v2\/posts\/111359\/revisions"}],"wp:featuredmedia":[{"embeddable":true,"href":"https:\/\/dicodusport.fr\/blog\/wp-json\/wp\/v2\/media\/111420"}],"wp:attachment":[{"href":"https:\/\/dicodusport.fr\/blog\/wp-json\/wp\/v2\/media?parent=111359"}],"wp:term":[{"taxonomy":"category","embeddable":true,"href":"https:\/\/dicodusport.fr\/blog\/wp-json\/wp\/v2\/categories?post=111359"},{"taxonomy":"post_tag","embeddable":true,"href":"https:\/\/dicodusport.fr\/blog\/wp-json\/wp\/v2\/tags?post=111359"}],"curies":[{"name":"wp","href":"https:\/\/api.w.org\/{rel}","templated":true}]}}