{"id":111399,"date":"2021-03-06T16:45:50","date_gmt":"2021-03-06T15:45:50","guid":{"rendered":"https:\/\/dicodusport.fr\/blog\/?p=111399&#038;preview=true&#038;preview_id=111399"},"modified":"2021-03-06T19:20:30","modified_gmt":"2021-03-06T18:20:30","slug":"nove-mesto-simon-desthieux-remporte-le-sprint-sa-1ere-victoire-en-coupe-du-monde","status":"publish","type":"post","link":"https:\/\/dicodusport.fr\/blog\/nove-mesto-simon-desthieux-remporte-le-sprint-sa-1ere-victoire-en-coupe-du-monde\/","title":{"rendered":"Nove Mesto : Simon Desthieux remporte le sprint, sa 1\u00e8re victoire en Coupe du monde"},"content":{"rendered":"<p style=\"text-align: justify;\"><strong><em><a href=\"https:\/\/dicodusport.fr\/blog\/biathlon-nove-mesto-programme-complet-8eme-etape-coupe-du-monde\/\" target=\"_blank\" rel=\"noopener\">BIATHLON &#8211; NOVE MESTO<\/a> &#8211; Simon Desthieux remporte sa premi\u00e8re victoire en Coupe du monde avec ce sprint en R\u00e9publique Tch\u00e8que. Il devance Sebastian Samuelsson et Arnd Pfeiffer.\u00a0<\/em><\/strong><\/p>\n<p style=\"text-align: justify;\">Enfin ! <strong>Simon Desthieux<\/strong>, r\u00e9cemment m\u00e9daill\u00e9 aux championnats du monde en Slov\u00e9nie, tient sa premi\u00e8re victoire en Coupe du monde apr\u00e8s \u00eatre pass\u00e9 de nombreuses fois tout proche. Le Fran\u00e7ais a r\u00e9alis\u00e9 un sans-faute au tir et a \u00e9t\u00e9 rapide sur les skis pour venir devancer <strong>Sebastian Samuelsson<\/strong> de quelques secondes. Le Su\u00e9dois \u00e9tait dans le m\u00eame temps de ski que le Fran\u00e7ais en sortant du deuxi\u00e8me tir mais a moins bien fini. <strong>Arnd Pfeiffer<\/strong> confirme la bonne forme et la bonne glisse des Allemands sur cette \u00e9tape de Coupe du monde avec une belle troisi\u00e8me place.<\/p>\n<h2 style=\"text-align: justify;\">Johannes Boe hors du top 10, QFM et Jacquelin plac\u00e9s<\/h2>\n<p style=\"text-align: justify;\"><strong>Sturla Holm Laegreid<\/strong> est au pied du podium \u00e0 cause d&rsquo;une faute sur le debout, juste devant <strong>Tarjei Boe<\/strong> qui compl\u00e8te le Top 5. <strong>Johannes Boe<\/strong>, trois fautes, \u00e9tait de loin le plus rapide mais devait se contenter de la onzi\u00e8me place. <strong>Quentin Fillon Maillet<\/strong>, 8\/10 au tir, aura des regrets puisqu&rsquo;il a le deuxi\u00e8me meilleur temps de ski derri\u00e8re le Norv\u00e9gien mais qu&rsquo;il termine septi\u00e8me, plac\u00e9 pour la poursuite.<\/p>\n<p style=\"text-align: justify;\">Emilien Jacquelin s&rsquo;est remis \u00e0 l&rsquo;endroit avec un bon 9\/10 et une huiti\u00e8me place, il partira dans le sillage de son compatriote pour la poursuite. <strong>Antonin Guigonnat<\/strong>, deux fautes au tir, est treizi\u00e8me alors que <strong>Fabien Claude<\/strong> doit se contenter d&rsquo;une 52\u00e8me place.<\/p>\n<blockquote class=\"twitter-tweet\">\n<p dir=\"ltr\" lang=\"fr\">Simon Desthieux devrait aller remporter sa premi\u00e8re victoire en Coupe du monde, quelques jours apr\u00e8s sa m\u00e9daille d&rsquo;argent aux Mondiaux !<br \/>\nOn se refait ses tirs et son arriv\u00e9e sur la ligne<\/p>\n<p>Suivez le direct &gt; <a href=\"https:\/\/t.co\/KbWQbImKVg\">https:\/\/t.co\/KbWQbImKVg<\/a><a href=\"https:\/\/twitter.com\/hashtag\/lequipeBIATHLON?src=hash&amp;ref_src=twsrc%5Etfw\">#lequipeBIATHLON<\/a> <a href=\"https:\/\/twitter.com\/hashtag\/NoveMesto?src=hash&amp;ref_src=twsrc%5Etfw\">#NoveMesto<\/a> <a href=\"https:\/\/t.co\/vBtXeYxZqC\">pic.twitter.com\/vBtXeYxZqC<\/a><\/p>\n<p>\u2014 la chaine L&rsquo;\u00c9quipe (@lachainelequipe) <a href=\"https:\/\/twitter.com\/lachainelequipe\/status\/1368227100881256450?ref_src=twsrc%5Etfw\">March 6, 2021<\/a><\/p><\/blockquote>\n<p><script async src=\"https:\/\/platform.twitter.com\/widgets.js\" charset=\"utf-8\"><\/script><\/p>\n<h2 style=\"text-align: justify;\">\u00c0 lire aussi<\/h2>\n<ul style=\"text-align: justify;\">\n<li><strong><a href=\"https:\/\/dicodusport.fr\/blog\/biathlon-nove-mesto-classement-sprint-hommes\/\" target=\"_blank\" rel=\"noopener\">Nove Mesto : le classement du sprint hommes<\/a>\u00a0<\/strong><\/li>\n<\/ul>\n<p style=\"text-align: justify;\"><strong><em>Dicodusport<br \/>\n<a href=\"https:\/\/www.facebook.com\/dicodusport\/\" target=\"_blank\" rel=\"noopener noreferrer\"><img loading=\"lazy\" decoding=\"async\" class=\"alignnone wp-image-2909\" src=\"http:\/\/dicodusport.fr\/blog\/wp-content\/uploads\/2017\/07\/logo-facebook-150x150.png\" alt=\"\" width=\"40\" height=\"40\" \/><\/a><a href=\"https:\/\/twitter.com\/dicodusport\" target=\"_blank\" rel=\"noopener noreferrer\"><img loading=\"lazy\" decoding=\"async\" class=\"alignnone wp-image-2908\" src=\"http:\/\/dicodusport.fr\/blog\/wp-content\/uploads\/2017\/07\/logo-twitter-150x150.png\" alt=\"\" width=\"39\" height=\"39\" \/><\/a><\/em><\/strong><\/p>\n","protected":false},"excerpt":{"rendered":"<p>BIATHLON &#8211; NOVE MESTO &#8211; Simon Desthieux remporte sa premi\u00e8re victoire en  Coupe du monde avec ce sprint en R\u00e9publique Tch\u00e8que. Il devance Sebastian Samuelsson et Arnd Pfeiffer.\u00a0<\/p>\n","protected":false},"author":4,"featured_media":105799,"comment_status":"open","ping_status":"closed","sticky":false,"template":"","format":"standard","meta":{"_acf_changed":false,"_daextam_enable_autolinks":"","footnotes":""},"categories":[47040],"tags":[14874,24],"class_list":["post-111399","post","type-post","status-publish","format-standard","has-post-thumbnail","hentry","category-coupe-du-monde-de-biathlon","tag-biathlon-nove-mesto","tag-sport"],"acf":[],"yoast_head":"<!-- This site is optimized with the Yoast SEO Premium plugin v26.7 (Yoast SEO v26.7) - https:\/\/yoast.com\/wordpress\/plugins\/seo\/ -->\n<title>Nove Mesto : Simon Desthieux remporte le sprint, sa 1\u00e8re victoire en Coupe du monde<\/title>\n<meta name=\"description\" content=\"BIATHLON - NOVE MESTO - Simon Desthieux remporte sa premi\u00e8re victoire en Coupe du monde avec ce sprint en R\u00e9publique Tch\u00e8que. Il devance Sebastian Samuelsson et Arnd Pfeiffer.\u00a0\" \/>\n<meta name=\"robots\" content=\"index, follow, max-snippet:-1, max-image-preview:large, max-video-preview:-1\" \/>\n<link rel=\"canonical\" href=\"https:\/\/dicodusport.fr\/blog\/nove-mesto-simon-desthieux-remporte-le-sprint-sa-1ere-victoire-en-coupe-du-monde\/\" \/>\n<meta property=\"og:locale\" content=\"fr_FR\" \/>\n<meta property=\"og:type\" content=\"article\" \/>\n<meta property=\"og:title\" content=\"Nove Mesto : Simon Desthieux remporte le sprint, sa 1\u00e8re victoire en Coupe du monde\" \/>\n<meta property=\"og:description\" content=\"BIATHLON - NOVE MESTO - Simon Desthieux remporte sa premi\u00e8re victoire en Coupe du monde avec ce sprint en R\u00e9publique Tch\u00e8que. Il devance Sebastian Samuelsson et Arnd Pfeiffer.\u00a0\" \/>\n<meta property=\"og:url\" content=\"https:\/\/dicodusport.fr\/blog\/nove-mesto-simon-desthieux-remporte-le-sprint-sa-1ere-victoire-en-coupe-du-monde\/\" \/>\n<meta property=\"og:site_name\" content=\"Dicodusport\" \/>\n<meta property=\"article:publisher\" content=\"https:\/\/www.facebook.com\/dicodusport\" \/>\n<meta property=\"article:author\" content=\"https:\/\/www.facebook.com\/florent.ostermann\" \/>\n<meta property=\"article:published_time\" content=\"2021-03-06T15:45:50+00:00\" \/>\n<meta property=\"article:modified_time\" content=\"2021-03-06T18:20:30+00:00\" \/>\n<meta property=\"og:image\" content=\"https:\/\/dicodusport.fr\/blog\/wp-content\/uploads\/2021\/02\/Pokljuka-Simon-Desthieux-en-argent-sur-le-sprint-Jacquelin-en-bronze-Ponsiluoma-sacre.png\" \/>\n\t<meta property=\"og:image:width\" content=\"800\" \/>\n\t<meta property=\"og:image:height\" content=\"445\" \/>\n\t<meta property=\"og:image:type\" content=\"image\/png\" \/>\n<meta name=\"author\" content=\"Flo Ostermann\" \/>\n<meta name=\"twitter:card\" content=\"summary_large_image\" \/>\n<meta name=\"twitter:title\" content=\"Nove Mesto : Simon Desthieux remporte le sprint, sa 1\u00e8re victoire en Coupe du monde\" \/>\n<meta name=\"twitter:creator\" content=\"@https:\/\/twitter.com\/FlOstermann\" \/>\n<meta name=\"twitter:site\" content=\"@dicodusport\" \/>\n<script type=\"application\/ld+json\" class=\"yoast-schema-graph\">{\"@context\":\"https:\/\/schema.org\",\"@graph\":[{\"@type\":\"NewsArticle\",\"@id\":\"https:\/\/dicodusport.fr\/blog\/nove-mesto-simon-desthieux-remporte-le-sprint-sa-1ere-victoire-en-coupe-du-monde\/#article\",\"isPartOf\":{\"@id\":\"https:\/\/dicodusport.fr\/blog\/nove-mesto-simon-desthieux-remporte-le-sprint-sa-1ere-victoire-en-coupe-du-monde\/\"},\"author\":{\"name\":\"Flo Ostermann\",\"@id\":\"https:\/\/dicodusport.fr\/blog\/#\/schema\/person\/cb02af4c173ce4a653b55e9baf388d4a\"},\"headline\":\"Nove Mesto : Simon Desthieux remporte le sprint, sa 1\u00e8re victoire en Coupe du monde\",\"datePublished\":\"2021-03-06T15:45:50+00:00\",\"dateModified\":\"2021-03-06T18:20:30+00:00\",\"mainEntityOfPage\":{\"@id\":\"https:\/\/dicodusport.fr\/blog\/nove-mesto-simon-desthieux-remporte-le-sprint-sa-1ere-victoire-en-coupe-du-monde\/\"},\"wordCount\":351,\"commentCount\":0,\"publisher\":{\"@id\":\"https:\/\/dicodusport.fr\/blog\/#organization\"},\"image\":{\"@id\":\"https:\/\/dicodusport.fr\/blog\/nove-mesto-simon-desthieux-remporte-le-sprint-sa-1ere-victoire-en-coupe-du-monde\/#primaryimage\"},\"thumbnailUrl\":\"https:\/\/dicodusport.fr\/blog\/wp-content\/uploads\/2021\/02\/Pokljuka-Simon-Desthieux-en-argent-sur-le-sprint-Jacquelin-en-bronze-Ponsiluoma-sacre.png\",\"keywords\":[\"Biathlon Nove Mesto\",\"sport\"],\"articleSection\":[\"Coupe du monde de biathlon\"],\"inLanguage\":\"fr-FR\",\"potentialAction\":[{\"@type\":\"CommentAction\",\"name\":\"Comment\",\"target\":[\"https:\/\/dicodusport.fr\/blog\/nove-mesto-simon-desthieux-remporte-le-sprint-sa-1ere-victoire-en-coupe-du-monde\/#respond\"]}],\"copyrightYear\":\"2021\",\"copyrightHolder\":{\"@id\":\"https:\/\/dicodusport.fr\/blog\/#organization\"}},{\"@type\":\"WebPage\",\"@id\":\"https:\/\/dicodusport.fr\/blog\/nove-mesto-simon-desthieux-remporte-le-sprint-sa-1ere-victoire-en-coupe-du-monde\/\",\"url\":\"https:\/\/dicodusport.fr\/blog\/nove-mesto-simon-desthieux-remporte-le-sprint-sa-1ere-victoire-en-coupe-du-monde\/\",\"name\":\"Nove Mesto : Simon Desthieux remporte le sprint, sa 1\u00e8re victoire en Coupe du monde\",\"isPartOf\":{\"@id\":\"https:\/\/dicodusport.fr\/blog\/#website\"},\"primaryImageOfPage\":{\"@id\":\"https:\/\/dicodusport.fr\/blog\/nove-mesto-simon-desthieux-remporte-le-sprint-sa-1ere-victoire-en-coupe-du-monde\/#primaryimage\"},\"image\":{\"@id\":\"https:\/\/dicodusport.fr\/blog\/nove-mesto-simon-desthieux-remporte-le-sprint-sa-1ere-victoire-en-coupe-du-monde\/#primaryimage\"},\"thumbnailUrl\":\"https:\/\/dicodusport.fr\/blog\/wp-content\/uploads\/2021\/02\/Pokljuka-Simon-Desthieux-en-argent-sur-le-sprint-Jacquelin-en-bronze-Ponsiluoma-sacre.png\",\"datePublished\":\"2021-03-06T15:45:50+00:00\",\"dateModified\":\"2021-03-06T18:20:30+00:00\",\"description\":\"BIATHLON - NOVE MESTO - Simon Desthieux remporte sa premi\u00e8re victoire en Coupe du monde avec ce sprint en R\u00e9publique Tch\u00e8que. Il devance Sebastian Samuelsson et Arnd Pfeiffer.\u00a0\",\"breadcrumb\":{\"@id\":\"https:\/\/dicodusport.fr\/blog\/nove-mesto-simon-desthieux-remporte-le-sprint-sa-1ere-victoire-en-coupe-du-monde\/#breadcrumb\"},\"inLanguage\":\"fr-FR\",\"potentialAction\":[{\"@type\":\"ReadAction\",\"target\":[\"https:\/\/dicodusport.fr\/blog\/nove-mesto-simon-desthieux-remporte-le-sprint-sa-1ere-victoire-en-coupe-du-monde\/\"]}]},{\"@type\":\"ImageObject\",\"inLanguage\":\"fr-FR\",\"@id\":\"https:\/\/dicodusport.fr\/blog\/nove-mesto-simon-desthieux-remporte-le-sprint-sa-1ere-victoire-en-coupe-du-monde\/#primaryimage\",\"url\":\"https:\/\/dicodusport.fr\/blog\/wp-content\/uploads\/2021\/02\/Pokljuka-Simon-Desthieux-en-argent-sur-le-sprint-Jacquelin-en-bronze-Ponsiluoma-sacre.png\",\"contentUrl\":\"https:\/\/dicodusport.fr\/blog\/wp-content\/uploads\/2021\/02\/Pokljuka-Simon-Desthieux-en-argent-sur-le-sprint-Jacquelin-en-bronze-Ponsiluoma-sacre.png\",\"width\":800,\"height\":445,\"caption\":\"Biathlon - Nove Mesto : la startlist du deuxi\u00e8me sprint hommes\"},{\"@type\":\"BreadcrumbList\",\"@id\":\"https:\/\/dicodusport.fr\/blog\/nove-mesto-simon-desthieux-remporte-le-sprint-sa-1ere-victoire-en-coupe-du-monde\/#breadcrumb\",\"itemListElement\":[{\"@type\":\"ListItem\",\"position\":1,\"name\":\"Accueil\",\"item\":\"https:\/\/dicodusport.fr\/blog\/\"},{\"@type\":\"ListItem\",\"position\":2,\"name\":\"Nove Mesto : Simon Desthieux remporte le sprint, sa 1\u00e8re victoire en Coupe du monde\"}]},{\"@type\":\"WebSite\",\"@id\":\"https:\/\/dicodusport.fr\/blog\/#website\",\"url\":\"https:\/\/dicodusport.fr\/blog\/\",\"name\":\"Dicodusport\",\"description\":\"L&#039;encyclop\u00e9die de l&#039;actualit\u00e9 sportive\",\"publisher\":{\"@id\":\"https:\/\/dicodusport.fr\/blog\/#organization\"},\"potentialAction\":[{\"@type\":\"SearchAction\",\"target\":{\"@type\":\"EntryPoint\",\"urlTemplate\":\"https:\/\/dicodusport.fr\/blog\/?s={search_term_string}\"},\"query-input\":{\"@type\":\"PropertyValueSpecification\",\"valueRequired\":true,\"valueName\":\"search_term_string\"}}],\"inLanguage\":\"fr-FR\"},{\"@type\":\"NewsMediaOrganization\",\"@id\":\"https:\/\/dicodusport.fr\/blog\/#organization\",\"name\":\"Dicodusport\",\"url\":\"https:\/\/dicodusport.fr\/blog\/\",\"logo\":{\"@type\":\"ImageObject\",\"inLanguage\":\"fr-FR\",\"@id\":\"https:\/\/dicodusport.fr\/blog\/#\/schema\/logo\/image\/\",\"url\":\"https:\/\/dicodusport.fr\/blog\/wp-content\/uploads\/2020\/06\/cropped-LOGO-DICODUSPORT-2020-SANS-FOND-SANS-TEXTE.png\",\"contentUrl\":\"https:\/\/dicodusport.fr\/blog\/wp-content\/uploads\/2020\/06\/cropped-LOGO-DICODUSPORT-2020-SANS-FOND-SANS-TEXTE.png\",\"width\":512,\"height\":512,\"caption\":\"Dicodusport\"},\"image\":{\"@id\":\"https:\/\/dicodusport.fr\/blog\/#\/schema\/logo\/image\/\"},\"sameAs\":[\"https:\/\/www.facebook.com\/dicodusport\",\"https:\/\/x.com\/dicodusport\",\"https:\/\/www.instagram.com\/dicodusport\/\",\"https:\/\/www.youtube.com\/channel\/UC7V2KZ5sd3htJivAbA4ZG3w\"],\"description\":\"Dicodusport est l'encyclop\u00e9die de l'actualit\u00e9 sportive.\",\"email\":\"bonjour@dicodusport.fr\",\"legalName\":\"DICODUSPORT\",\"foundingDate\":\"2018-01-14\",\"vatID\":\"FR71834470973\",\"taxID\":\"83447097300043\",\"numberOfEmployees\":{\"@type\":\"QuantitativeValue\",\"minValue\":\"1\",\"maxValue\":\"10\"}},{\"@type\":\"Person\",\"@id\":\"https:\/\/dicodusport.fr\/blog\/#\/schema\/person\/cb02af4c173ce4a653b55e9baf388d4a\",\"name\":\"Flo Ostermann\",\"image\":{\"@type\":\"ImageObject\",\"inLanguage\":\"fr-FR\",\"@id\":\"https:\/\/dicodusport.fr\/blog\/#\/schema\/person\/image\/\",\"url\":\"https:\/\/dicodusport.fr\/blog\/wp-content\/uploads\/2021\/05\/Flo-Ostermann-150x150.jpg\",\"contentUrl\":\"https:\/\/dicodusport.fr\/blog\/wp-content\/uploads\/2021\/05\/Flo-Ostermann-150x150.jpg\",\"caption\":\"Flo Ostermann\"},\"description\":\"Journaliste\/R\u00e9dacteur depuis septembre 2015 - Mes premiers souvenirs dans le sport ? Les envol\u00e9es du Stade Toulousain et les duels Villeneuve-Schumacher et H\u00e4kkinen-Schumacher \u00e0 la fin des ann\u00e9es 90, la Coupe du monde de football en 1998, l\u2019exploit du XV de France face aux All Blacks en 1999, mais aussi Richard C\u0153ur de Lion qui vole sur les montagnes du Tour de France. Bien parti pour devenir professeur d\u2019EPS, les \u00e9v\u00e9nements de la vie (et la flemme d\u2019animer des s\u00e9ances de 3x500 m\u00e8tres toute ma vie) m\u2019ont conduit \u00e0 revoir mes plans. Me voil\u00e0 depuis fin 2017 sur Dicodusport, m\u00e9dia gr\u00e2ce (et pour) lequel je partage ma passion : le sport dans tous ses \u00e9tats. Le tout accompagn\u00e9 par les fous furieux et folles furieuses cit\u00e9s sur cette page !\",\"sameAs\":[\"https:\/\/www.facebook.com\/florent.ostermann\",\"https:\/\/x.com\/https:\/\/twitter.com\/FlOstermann\",\"admin\"],\"url\":\"https:\/\/dicodusport.fr\/blog\/author\/flo\/\"}]}<\/script>\n<!-- \/ Yoast SEO Premium plugin. -->","yoast_head_json":{"title":"Nove Mesto : Simon Desthieux remporte le sprint, sa 1\u00e8re victoire en Coupe du monde","description":"BIATHLON - NOVE MESTO - Simon Desthieux remporte sa premi\u00e8re victoire en Coupe du monde avec ce sprint en R\u00e9publique Tch\u00e8que. Il devance Sebastian Samuelsson et Arnd Pfeiffer.\u00a0","robots":{"index":"index","follow":"follow","max-snippet":"max-snippet:-1","max-image-preview":"max-image-preview:large","max-video-preview":"max-video-preview:-1"},"canonical":"https:\/\/dicodusport.fr\/blog\/nove-mesto-simon-desthieux-remporte-le-sprint-sa-1ere-victoire-en-coupe-du-monde\/","og_locale":"fr_FR","og_type":"article","og_title":"Nove Mesto : Simon Desthieux remporte le sprint, sa 1\u00e8re victoire en Coupe du monde","og_description":"BIATHLON - NOVE MESTO - Simon Desthieux remporte sa premi\u00e8re victoire en Coupe du monde avec ce sprint en R\u00e9publique Tch\u00e8que. Il devance Sebastian Samuelsson et Arnd Pfeiffer.\u00a0","og_url":"https:\/\/dicodusport.fr\/blog\/nove-mesto-simon-desthieux-remporte-le-sprint-sa-1ere-victoire-en-coupe-du-monde\/","og_site_name":"Dicodusport","article_publisher":"https:\/\/www.facebook.com\/dicodusport","article_author":"https:\/\/www.facebook.com\/florent.ostermann","article_published_time":"2021-03-06T15:45:50+00:00","article_modified_time":"2021-03-06T18:20:30+00:00","og_image":[{"width":800,"height":445,"url":"https:\/\/dicodusport.fr\/blog\/wp-content\/uploads\/2021\/02\/Pokljuka-Simon-Desthieux-en-argent-sur-le-sprint-Jacquelin-en-bronze-Ponsiluoma-sacre.png","type":"image\/png"}],"author":"Flo Ostermann","twitter_card":"summary_large_image","twitter_title":"Nove Mesto : Simon Desthieux remporte le sprint, sa 1\u00e8re victoire en Coupe du monde","twitter_creator":"@https:\/\/twitter.com\/FlOstermann","twitter_site":"@dicodusport","schema":{"@context":"https:\/\/schema.org","@graph":[{"@type":"NewsArticle","@id":"https:\/\/dicodusport.fr\/blog\/nove-mesto-simon-desthieux-remporte-le-sprint-sa-1ere-victoire-en-coupe-du-monde\/#article","isPartOf":{"@id":"https:\/\/dicodusport.fr\/blog\/nove-mesto-simon-desthieux-remporte-le-sprint-sa-1ere-victoire-en-coupe-du-monde\/"},"author":{"name":"Flo Ostermann","@id":"https:\/\/dicodusport.fr\/blog\/#\/schema\/person\/cb02af4c173ce4a653b55e9baf388d4a"},"headline":"Nove Mesto : Simon Desthieux remporte le sprint, sa 1\u00e8re victoire en Coupe du monde","datePublished":"2021-03-06T15:45:50+00:00","dateModified":"2021-03-06T18:20:30+00:00","mainEntityOfPage":{"@id":"https:\/\/dicodusport.fr\/blog\/nove-mesto-simon-desthieux-remporte-le-sprint-sa-1ere-victoire-en-coupe-du-monde\/"},"wordCount":351,"commentCount":0,"publisher":{"@id":"https:\/\/dicodusport.fr\/blog\/#organization"},"image":{"@id":"https:\/\/dicodusport.fr\/blog\/nove-mesto-simon-desthieux-remporte-le-sprint-sa-1ere-victoire-en-coupe-du-monde\/#primaryimage"},"thumbnailUrl":"https:\/\/dicodusport.fr\/blog\/wp-content\/uploads\/2021\/02\/Pokljuka-Simon-Desthieux-en-argent-sur-le-sprint-Jacquelin-en-bronze-Ponsiluoma-sacre.png","keywords":["Biathlon Nove Mesto","sport"],"articleSection":["Coupe du monde de biathlon"],"inLanguage":"fr-FR","potentialAction":[{"@type":"CommentAction","name":"Comment","target":["https:\/\/dicodusport.fr\/blog\/nove-mesto-simon-desthieux-remporte-le-sprint-sa-1ere-victoire-en-coupe-du-monde\/#respond"]}],"copyrightYear":"2021","copyrightHolder":{"@id":"https:\/\/dicodusport.fr\/blog\/#organization"}},{"@type":"WebPage","@id":"https:\/\/dicodusport.fr\/blog\/nove-mesto-simon-desthieux-remporte-le-sprint-sa-1ere-victoire-en-coupe-du-monde\/","url":"https:\/\/dicodusport.fr\/blog\/nove-mesto-simon-desthieux-remporte-le-sprint-sa-1ere-victoire-en-coupe-du-monde\/","name":"Nove Mesto : Simon Desthieux remporte le sprint, sa 1\u00e8re victoire en Coupe du monde","isPartOf":{"@id":"https:\/\/dicodusport.fr\/blog\/#website"},"primaryImageOfPage":{"@id":"https:\/\/dicodusport.fr\/blog\/nove-mesto-simon-desthieux-remporte-le-sprint-sa-1ere-victoire-en-coupe-du-monde\/#primaryimage"},"image":{"@id":"https:\/\/dicodusport.fr\/blog\/nove-mesto-simon-desthieux-remporte-le-sprint-sa-1ere-victoire-en-coupe-du-monde\/#primaryimage"},"thumbnailUrl":"https:\/\/dicodusport.fr\/blog\/wp-content\/uploads\/2021\/02\/Pokljuka-Simon-Desthieux-en-argent-sur-le-sprint-Jacquelin-en-bronze-Ponsiluoma-sacre.png","datePublished":"2021-03-06T15:45:50+00:00","dateModified":"2021-03-06T18:20:30+00:00","description":"BIATHLON - NOVE MESTO - Simon Desthieux remporte sa premi\u00e8re victoire en Coupe du monde avec ce sprint en R\u00e9publique Tch\u00e8que. Il devance Sebastian Samuelsson et Arnd Pfeiffer.\u00a0","breadcrumb":{"@id":"https:\/\/dicodusport.fr\/blog\/nove-mesto-simon-desthieux-remporte-le-sprint-sa-1ere-victoire-en-coupe-du-monde\/#breadcrumb"},"inLanguage":"fr-FR","potentialAction":[{"@type":"ReadAction","target":["https:\/\/dicodusport.fr\/blog\/nove-mesto-simon-desthieux-remporte-le-sprint-sa-1ere-victoire-en-coupe-du-monde\/"]}]},{"@type":"ImageObject","inLanguage":"fr-FR","@id":"https:\/\/dicodusport.fr\/blog\/nove-mesto-simon-desthieux-remporte-le-sprint-sa-1ere-victoire-en-coupe-du-monde\/#primaryimage","url":"https:\/\/dicodusport.fr\/blog\/wp-content\/uploads\/2021\/02\/Pokljuka-Simon-Desthieux-en-argent-sur-le-sprint-Jacquelin-en-bronze-Ponsiluoma-sacre.png","contentUrl":"https:\/\/dicodusport.fr\/blog\/wp-content\/uploads\/2021\/02\/Pokljuka-Simon-Desthieux-en-argent-sur-le-sprint-Jacquelin-en-bronze-Ponsiluoma-sacre.png","width":800,"height":445,"caption":"Biathlon - Nove Mesto : la startlist du deuxi\u00e8me sprint hommes"},{"@type":"BreadcrumbList","@id":"https:\/\/dicodusport.fr\/blog\/nove-mesto-simon-desthieux-remporte-le-sprint-sa-1ere-victoire-en-coupe-du-monde\/#breadcrumb","itemListElement":[{"@type":"ListItem","position":1,"name":"Accueil","item":"https:\/\/dicodusport.fr\/blog\/"},{"@type":"ListItem","position":2,"name":"Nove Mesto : Simon Desthieux remporte le sprint, sa 1\u00e8re victoire en Coupe du monde"}]},{"@type":"WebSite","@id":"https:\/\/dicodusport.fr\/blog\/#website","url":"https:\/\/dicodusport.fr\/blog\/","name":"Dicodusport","description":"L&#039;encyclop\u00e9die de l&#039;actualit\u00e9 sportive","publisher":{"@id":"https:\/\/dicodusport.fr\/blog\/#organization"},"potentialAction":[{"@type":"SearchAction","target":{"@type":"EntryPoint","urlTemplate":"https:\/\/dicodusport.fr\/blog\/?s={search_term_string}"},"query-input":{"@type":"PropertyValueSpecification","valueRequired":true,"valueName":"search_term_string"}}],"inLanguage":"fr-FR"},{"@type":"NewsMediaOrganization","@id":"https:\/\/dicodusport.fr\/blog\/#organization","name":"Dicodusport","url":"https:\/\/dicodusport.fr\/blog\/","logo":{"@type":"ImageObject","inLanguage":"fr-FR","@id":"https:\/\/dicodusport.fr\/blog\/#\/schema\/logo\/image\/","url":"https:\/\/dicodusport.fr\/blog\/wp-content\/uploads\/2020\/06\/cropped-LOGO-DICODUSPORT-2020-SANS-FOND-SANS-TEXTE.png","contentUrl":"https:\/\/dicodusport.fr\/blog\/wp-content\/uploads\/2020\/06\/cropped-LOGO-DICODUSPORT-2020-SANS-FOND-SANS-TEXTE.png","width":512,"height":512,"caption":"Dicodusport"},"image":{"@id":"https:\/\/dicodusport.fr\/blog\/#\/schema\/logo\/image\/"},"sameAs":["https:\/\/www.facebook.com\/dicodusport","https:\/\/x.com\/dicodusport","https:\/\/www.instagram.com\/dicodusport\/","https:\/\/www.youtube.com\/channel\/UC7V2KZ5sd3htJivAbA4ZG3w"],"description":"Dicodusport est l'encyclop\u00e9die de l'actualit\u00e9 sportive.","email":"bonjour@dicodusport.fr","legalName":"DICODUSPORT","foundingDate":"2018-01-14","vatID":"FR71834470973","taxID":"83447097300043","numberOfEmployees":{"@type":"QuantitativeValue","minValue":"1","maxValue":"10"}},{"@type":"Person","@id":"https:\/\/dicodusport.fr\/blog\/#\/schema\/person\/cb02af4c173ce4a653b55e9baf388d4a","name":"Flo Ostermann","image":{"@type":"ImageObject","inLanguage":"fr-FR","@id":"https:\/\/dicodusport.fr\/blog\/#\/schema\/person\/image\/","url":"https:\/\/dicodusport.fr\/blog\/wp-content\/uploads\/2021\/05\/Flo-Ostermann-150x150.jpg","contentUrl":"https:\/\/dicodusport.fr\/blog\/wp-content\/uploads\/2021\/05\/Flo-Ostermann-150x150.jpg","caption":"Flo Ostermann"},"description":"Journaliste\/R\u00e9dacteur depuis septembre 2015 - Mes premiers souvenirs dans le sport ? Les envol\u00e9es du Stade Toulousain et les duels Villeneuve-Schumacher et H\u00e4kkinen-Schumacher \u00e0 la fin des ann\u00e9es 90, la Coupe du monde de football en 1998, l\u2019exploit du XV de France face aux All Blacks en 1999, mais aussi Richard C\u0153ur de Lion qui vole sur les montagnes du Tour de France. Bien parti pour devenir professeur d\u2019EPS, les \u00e9v\u00e9nements de la vie (et la flemme d\u2019animer des s\u00e9ances de 3x500 m\u00e8tres toute ma vie) m\u2019ont conduit \u00e0 revoir mes plans. Me voil\u00e0 depuis fin 2017 sur Dicodusport, m\u00e9dia gr\u00e2ce (et pour) lequel je partage ma passion : le sport dans tous ses \u00e9tats. Le tout accompagn\u00e9 par les fous furieux et folles furieuses cit\u00e9s sur cette page !","sameAs":["https:\/\/www.facebook.com\/florent.ostermann","https:\/\/x.com\/https:\/\/twitter.com\/FlOstermann","admin"],"url":"https:\/\/dicodusport.fr\/blog\/author\/flo\/"}]}},"_links":{"self":[{"href":"https:\/\/dicodusport.fr\/blog\/wp-json\/wp\/v2\/posts\/111399","targetHints":{"allow":["GET"]}}],"collection":[{"href":"https:\/\/dicodusport.fr\/blog\/wp-json\/wp\/v2\/posts"}],"about":[{"href":"https:\/\/dicodusport.fr\/blog\/wp-json\/wp\/v2\/types\/post"}],"author":[{"embeddable":true,"href":"https:\/\/dicodusport.fr\/blog\/wp-json\/wp\/v2\/users\/4"}],"replies":[{"embeddable":true,"href":"https:\/\/dicodusport.fr\/blog\/wp-json\/wp\/v2\/comments?post=111399"}],"version-history":[{"count":0,"href":"https:\/\/dicodusport.fr\/blog\/wp-json\/wp\/v2\/posts\/111399\/revisions"}],"wp:featuredmedia":[{"embeddable":true,"href":"https:\/\/dicodusport.fr\/blog\/wp-json\/wp\/v2\/media\/105799"}],"wp:attachment":[{"href":"https:\/\/dicodusport.fr\/blog\/wp-json\/wp\/v2\/media?parent=111399"}],"wp:term":[{"taxonomy":"category","embeddable":true,"href":"https:\/\/dicodusport.fr\/blog\/wp-json\/wp\/v2\/categories?post=111399"},{"taxonomy":"post_tag","embeddable":true,"href":"https:\/\/dicodusport.fr\/blog\/wp-json\/wp\/v2\/tags?post=111399"}],"curies":[{"name":"wp","href":"https:\/\/api.w.org\/{rel}","templated":true}]}}