{"id":1114,"date":"2017-02-22T18:01:10","date_gmt":"2017-02-22T17:01:10","guid":{"rendered":"http:\/\/dicodusport.fr\/blog\/?p=1114"},"modified":"2021-04-13T23:27:24","modified_gmt":"2021-04-13T21:27:24","slug":"tempetes-de-est-se-depasser-raid-amazones","status":"publish","type":"post","link":"https:\/\/dicodusport.fr\/blog\/tempetes-de-est-se-depasser-raid-amazones\/","title":{"rendered":"Les temp\u00eates de l&rsquo;est, se d\u00e9passer sur le Raid Amazones"},"content":{"rendered":"<p style=\"text-align: justify;\"><span style=\"color: #000000;\"><em>On a rencontr\u00e9 Cynthia, membre des \u00ab\u00a0temp\u00eates de l&rsquo;est\u00a0\u00bb, qui va s&rsquo;attaquer avec 2 amis au raid Amazones en novembre prochain.<\/em><\/span><\/p>\n<p style=\"text-align: justify;\"><span style=\"text-decoration: underline; color: #000000;\"><strong>Cynthia, peux-tu te pr\u00e9senter en quelques mots ?<\/strong><\/span><\/p>\n<p style=\"text-align: justify;\"><span style=\"color: #000000;\">Je suis une jeune maman de deux enfants qui passe son temps \u00e0 <span style=\"color: #0000ff;\"><a style=\"color: #0000ff;\" href=\"http:\/\/dicodusport.fr\/definition-sport\/course-a-pied\/\" target=\"_blank\" rel=\"noopener\">courir<\/a><\/span> dans tous les sens\u00a0: travail, enfants, sports, copines\u2026. Je suis responsable communication dans un groupe pharmaceutique et je suis la personne un peu folle \u00e0 l\u2019initiative de ce projet\u00a0!!<\/span><\/p>\n<p style=\"text-align: justify;\"><span style=\"text-decoration: underline; color: #000000;\"><strong>Qu\u2019est que le Raid Amazones ?<\/strong><\/span><\/p>\n<p style=\"text-align: justify;\"><span style=\"color: #000000;\">Le RAID AMAZONES est le premier et unique raid aventure multisports non motoris\u00e9s ex\u00adclusivement r\u00e9serv\u00e9 aux femmes par \u00e9quipe de 2 ou 3. Il s\u2019agit d\u2019une course d\u2019\u00e9tapes programm\u00e9es sur 6 ou 7 jours. Les Amazones solidaires doivent r\u00e9aliser des \u00e9preuves telles que course d\u2019orientation, VTT, cano\u00eb, tir \u00e0 l\u2019arc, chasse au tr\u00e9sor&#8230; Les concurrentes sont pour une bonne part des aventuri\u00e8res d\u00e9butantes et le niveau sportif est \u00e0 la port\u00e9e de toutes pour une raison essentielle : donner la possibilit\u00e9 d\u2019aller chercher ses limites et de tenter de les d\u00e9\u00adpasser en \u00e9quipe. Le sport est ici un moyen solidaire de se d\u00e9couvrir soi-m\u00eame au milieu des autres.<\/span><\/p>\n<p style=\"text-align: justify;\"><span style=\"color: #000000;\">Devise du Raid\u00a0: Pas de moteur, que de la sueur !<\/span><\/p>\n<p style=\"text-align: justify;\"><span style=\"text-decoration: underline; color: #000000;\"><strong>Pourquoi avoir d\u00e9cid\u00e9 d\u2019y participer\u00a0?<\/strong><\/span><\/p>\n<p style=\"text-align: justify;\"><span style=\"color: #000000;\">Pour deux raisons\u00a0:<\/span><\/p>\n<ul style=\"text-align: justify;\">\n<li><span style=\"color: #000000;\">Vivre une aventure\u00a0sportive entre amies et prouver qu&rsquo;on peut se d\u00e9passer et relever ce d\u00e9fi haut la main!\u00a0<\/span><\/li>\n<li><span style=\"color: #000000;\">Profiter de ce challenge pour porter une association qui nous tient \u00e0 coeur : l&rsquo;ARTC Nancy et r\u00e9colter des fonds pour aider les malades atteints de tumeurs c\u00e9r\u00e9brales.<\/span><\/li>\n<\/ul>\n<p style=\"text-align: justify;\"><span style=\"color: #000000;\"><strong><span style=\"text-decoration: underline;\">Peux-tu nous dire un mot sur les 2 filles qui vont relever ce d\u00e9fi avec toi ?<\/span><\/strong><\/span><\/p>\n<p style=\"text-align: justify;\"><span style=\"color: #000000;\">Ce sont les meilleures\u00a0! Quand je suis arriv\u00e9 avec cette id\u00e9e un matin au boulot, elles n\u2019ont m\u00eame pas r\u00e9fl\u00e9chi. Elles m\u2019ont dit\u00a0: \u00ab\u00a0ok, on te suit\u00a0\u00bb Nous sommes tr\u00e8s diff\u00e9rentes et tr\u00e8s compl\u00e9mentaires.<\/span><\/p>\n<p style=\"text-align: justify;\"><span style=\"text-decoration: underline; color: #000000;\"><strong>Quelle pr\u00e9paration physique en amont pour un raid comme celui ci\u00a0?<\/strong><\/span><\/p>\n<p style=\"text-align: justify;\"><span style=\"color: #000000;\">3 \u00e0 4 entrainements par semaine et une dizaine de courses ou trails d\u2019ici novembre pour se mettre en condition.<\/span><\/p>\n<p style=\"text-align: justify;\"><span style=\"text-decoration: underline; color: #000000;\"><strong>Pourquoi faire une campagne de Crowdfunding sur <span style=\"color: #0000ff;\"><a style=\"color: #0000ff; text-decoration: underline;\" href=\"http:\/\/fosburit.com\" target=\"_blank\" rel=\"noopener\">Fosburit<\/a><\/span>\u00a0?<\/strong><\/span><\/p>\n<p style=\"text-align: justify;\"><span style=\"color: #000000;\">Car c\u2019est difficile de trouver des sponsors en entreprise et nous avons besoin de mat\u00e9riel et surtout de compl\u00e9menter notre enveloppe pour l\u2019association que nous soutenons.<\/span><\/p>\n<p style=\"text-align: justify;\"><span style=\"text-decoration: underline; color: #000000;\"><strong>Peux-tu nous pr\u00e9senter l\u2019association que vous soutenez, l&rsquo;ARTC Nancy ?<\/strong><\/span><\/p>\n<p style=\"text-align: justify;\"><span style=\"color: #000000;\">La D\u00e9l\u00e9gation ARTC Nancy Lorraine a vu le jour le 16 Juin 2014 \u00e0 l&rsquo;initiative des parents de Lucas, d\u00e9c\u00e9d\u00e9 en Janvier 2014 \u00e0 l&rsquo;\u00e2ge de 20 ans, des suites d&rsquo;une tumeur c\u00e9r\u00e9brale. L&rsquo;implantation de cette D\u00e9l\u00e9gation en Lorraine permet de soutenir et de renforcer l\u2019action d\u00e9j\u00e0 conduite par l\u2019ARTC Nationale, en apportant son soutien au Service de Neuro-oncologie du CHRU de Nancy et au D\u00e9partement Sant\u00e9 Biologie Signal (SBS). Son champ d&rsquo;intervention porte sur le financement de la Recherche sur les tumeurs du cerveau et les complications neurologiques des cancers. L&rsquo;Association contribue aux progr\u00e8s de la connaissance biologique et m\u00e9dicale en Neuro-oncologie. Au cours des derni\u00e8res d\u00e9cennies, la Science a fait de grandes avanc\u00e9es, il faut donc lui donner les moyens de poursuivre ses travaux encourageants.<\/span><\/p>\n<p style=\"text-align: justify;\"><span style=\"text-decoration: underline; color: #000000;\"><strong>Le mot de la fin\u00a0?<\/strong><\/span><\/p>\n<p style=\"text-align: justify;\"><span style=\"color: #000000;\">On est \u00e0 bloc, aidez-nous \u00e0 concr\u00e9tiser ce beau projet\u00a0!!!<\/span><\/p>\n<p style=\"text-align: justify;\"><span style=\"color: #000000;\"><strong>Pour soutenir Cynthia et les temp\u00eates de l&rsquo;est, c&rsquo;est par <span style=\"color: #0000ff;\"><a style=\"color: #0000ff;\" href=\"https:\/\/www.fosburit.com\/projets\/projet\/raid-amazones-2017-tempetes-de-lest\/\" target=\"_blank\" rel=\"noopener\">ici<\/a><\/span> !<\/strong><\/span><\/p>\n<p>&nbsp;<\/p>\n<p style=\"text-align: justify;\"><a style=\"color: #000000;\" href=\"http:\/\/dicodusport.fr\" target=\"_blank\" rel=\"noopener\"><img loading=\"lazy\" decoding=\"async\" class=\"size-thumbnail wp-image-999 aligncenter\" src=\"http:\/\/dicodusport.fr\/blog\/wp-content\/uploads\/2017\/01\/cropped-logo-dicodusport-sans-fond-150x150.png\" alt=\"\" width=\"150\" height=\"150\" srcset=\"https:\/\/dicodusport.fr\/blog\/wp-content\/uploads\/2017\/01\/cropped-logo-dicodusport-sans-fond-150x150.png 150w, https:\/\/dicodusport.fr\/blog\/wp-content\/uploads\/2017\/01\/cropped-logo-dicodusport-sans-fond-300x300.png 300w, https:\/\/dicodusport.fr\/blog\/wp-content\/uploads\/2017\/01\/cropped-logo-dicodusport-sans-fond-270x270.png 270w, https:\/\/dicodusport.fr\/blog\/wp-content\/uploads\/2017\/01\/cropped-logo-dicodusport-sans-fond-192x192.png 192w, https:\/\/dicodusport.fr\/blog\/wp-content\/uploads\/2017\/01\/cropped-logo-dicodusport-sans-fond-180x180.png 180w, https:\/\/dicodusport.fr\/blog\/wp-content\/uploads\/2017\/01\/cropped-logo-dicodusport-sans-fond-32x32.png 32w, https:\/\/dicodusport.fr\/blog\/wp-content\/uploads\/2017\/01\/cropped-logo-dicodusport-sans-fond.png 512w\" sizes=\"auto, (max-width: 150px) 100vw, 150px\" \/><\/a><\/p>\n","protected":false},"excerpt":{"rendered":"<p>On a rencontr\u00e9 Cynthia, membre des \u00ab\u00a0temp\u00eates de l&rsquo;est\u00a0\u00bb, qui va s&rsquo;attaquer avec 2 amis au raid Amazones en novembre prochain. Cynthia, peux-tu te pr\u00e9senter en quelques mots ? Je suis une jeune maman de deux enfants qui passe son temps \u00e0 courir dans tous les sens\u00a0: travail, enfants, sports, copines\u2026. Je suis responsable communication [&hellip;]<\/p>\n","protected":false},"author":1,"featured_media":1116,"comment_status":"open","ping_status":"closed","sticky":false,"template":"","format":"standard","meta":{"_acf_changed":false,"_daextam_enable_autolinks":"","footnotes":""},"categories":[2],"tags":[97,96,24,862],"class_list":["post-1114","post","type-post","status-publish","format-standard","has-post-thumbnail","hentry","category-actualites","tag-crowdfunding","tag-fosburit","tag-sport","tag-trail"],"acf":[],"yoast_head":"<!-- This site is optimized with the Yoast SEO Premium plugin v26.7 (Yoast SEO v26.7) - https:\/\/yoast.com\/wordpress\/plugins\/seo\/ -->\n<title>Les temp\u00eates de l&#039;est, se d\u00e9passer sur le Raid Amazones<\/title>\n<meta name=\"description\" content=\"On a rencontr\u00e9 Cynthia, membre des &quot;temp\u00eates de l&#039;est&quot;, qui va s&#039;attaquer avec 2 amis au raid Amazones en novembre prochain.\" \/>\n<meta name=\"robots\" content=\"index, follow, max-snippet:-1, max-image-preview:large, max-video-preview:-1\" \/>\n<link rel=\"canonical\" href=\"https:\/\/dicodusport.fr\/blog\/tempetes-de-est-se-depasser-raid-amazones\/\" \/>\n<meta property=\"og:locale\" content=\"fr_FR\" \/>\n<meta property=\"og:type\" content=\"article\" \/>\n<meta property=\"og:title\" content=\"Les temp\u00eates de l&#039;est, se d\u00e9passer sur le Raid Amazones\" \/>\n<meta property=\"og:description\" content=\"On a rencontr\u00e9 Cynthia, membre des &quot;temp\u00eates de l&#039;est&quot;, qui va s&#039;attaquer avec 2 amis au raid Amazones en novembre prochain.\" \/>\n<meta property=\"og:url\" content=\"https:\/\/dicodusport.fr\/blog\/tempetes-de-est-se-depasser-raid-amazones\/\" \/>\n<meta property=\"og:site_name\" content=\"Dicodusport\" \/>\n<meta property=\"article:publisher\" content=\"https:\/\/www.facebook.com\/dicodusport\" \/>\n<meta property=\"article:author\" content=\"https:\/\/www.facebook.com\/dicodusport\" \/>\n<meta property=\"article:published_time\" content=\"2017-02-22T17:01:10+00:00\" \/>\n<meta property=\"article:modified_time\" content=\"2021-04-13T21:27:24+00:00\" \/>\n<meta property=\"og:image\" content=\"https:\/\/dicodusport.fr\/blog\/wp-content\/uploads\/2017\/02\/les-tempetes-de-l-est.png\" \/>\n\t<meta property=\"og:image:width\" content=\"1200\" \/>\n\t<meta property=\"og:image:height\" content=\"670\" \/>\n\t<meta property=\"og:image:type\" content=\"image\/png\" \/>\n<meta name=\"author\" content=\"Nicolas Jacquemard\" \/>\n<meta name=\"twitter:card\" content=\"summary_large_image\" \/>\n<meta name=\"twitter:creator\" content=\"@https:\/\/twitter.com\/Nico_Jacquemard\" \/>\n<meta name=\"twitter:site\" content=\"@dicodusport\" \/>\n<script type=\"application\/ld+json\" class=\"yoast-schema-graph\">{\"@context\":\"https:\/\/schema.org\",\"@graph\":[{\"@type\":\"NewsArticle\",\"@id\":\"https:\/\/dicodusport.fr\/blog\/tempetes-de-est-se-depasser-raid-amazones\/#article\",\"isPartOf\":{\"@id\":\"https:\/\/dicodusport.fr\/blog\/tempetes-de-est-se-depasser-raid-amazones\/\"},\"author\":{\"name\":\"Nicolas Jacquemard\",\"@id\":\"https:\/\/dicodusport.fr\/blog\/#\/schema\/person\/55dcb50ad410894e431ed812bbb70191\"},\"headline\":\"Les temp\u00eates de l&rsquo;est, se d\u00e9passer sur le Raid Amazones\",\"datePublished\":\"2017-02-22T17:01:10+00:00\",\"dateModified\":\"2021-04-13T21:27:24+00:00\",\"mainEntityOfPage\":{\"@id\":\"https:\/\/dicodusport.fr\/blog\/tempetes-de-est-se-depasser-raid-amazones\/\"},\"wordCount\":596,\"commentCount\":0,\"publisher\":{\"@id\":\"https:\/\/dicodusport.fr\/blog\/#organization\"},\"image\":{\"@id\":\"https:\/\/dicodusport.fr\/blog\/tempetes-de-est-se-depasser-raid-amazones\/#primaryimage\"},\"thumbnailUrl\":\"https:\/\/dicodusport.fr\/blog\/wp-content\/uploads\/2017\/02\/les-tempetes-de-l-est.png\",\"keywords\":[\"crowdfunding\",\"fosburit\",\"sport\",\"trail\"],\"articleSection\":[\"Actualit\u00e9s\"],\"inLanguage\":\"fr-FR\",\"potentialAction\":[{\"@type\":\"CommentAction\",\"name\":\"Comment\",\"target\":[\"https:\/\/dicodusport.fr\/blog\/tempetes-de-est-se-depasser-raid-amazones\/#respond\"]}],\"copyrightYear\":\"2017\",\"copyrightHolder\":{\"@id\":\"https:\/\/dicodusport.fr\/blog\/#organization\"}},{\"@type\":\"WebPage\",\"@id\":\"https:\/\/dicodusport.fr\/blog\/tempetes-de-est-se-depasser-raid-amazones\/\",\"url\":\"https:\/\/dicodusport.fr\/blog\/tempetes-de-est-se-depasser-raid-amazones\/\",\"name\":\"Les temp\u00eates de l'est, se d\u00e9passer sur le Raid Amazones\",\"isPartOf\":{\"@id\":\"https:\/\/dicodusport.fr\/blog\/#website\"},\"primaryImageOfPage\":{\"@id\":\"https:\/\/dicodusport.fr\/blog\/tempetes-de-est-se-depasser-raid-amazones\/#primaryimage\"},\"image\":{\"@id\":\"https:\/\/dicodusport.fr\/blog\/tempetes-de-est-se-depasser-raid-amazones\/#primaryimage\"},\"thumbnailUrl\":\"https:\/\/dicodusport.fr\/blog\/wp-content\/uploads\/2017\/02\/les-tempetes-de-l-est.png\",\"datePublished\":\"2017-02-22T17:01:10+00:00\",\"dateModified\":\"2021-04-13T21:27:24+00:00\",\"description\":\"On a rencontr\u00e9 Cynthia, membre des \\\"temp\u00eates de l'est\\\", qui va s'attaquer avec 2 amis au raid Amazones en novembre prochain.\",\"breadcrumb\":{\"@id\":\"https:\/\/dicodusport.fr\/blog\/tempetes-de-est-se-depasser-raid-amazones\/#breadcrumb\"},\"inLanguage\":\"fr-FR\",\"potentialAction\":[{\"@type\":\"ReadAction\",\"target\":[\"https:\/\/dicodusport.fr\/blog\/tempetes-de-est-se-depasser-raid-amazones\/\"]}]},{\"@type\":\"ImageObject\",\"inLanguage\":\"fr-FR\",\"@id\":\"https:\/\/dicodusport.fr\/blog\/tempetes-de-est-se-depasser-raid-amazones\/#primaryimage\",\"url\":\"https:\/\/dicodusport.fr\/blog\/wp-content\/uploads\/2017\/02\/les-tempetes-de-l-est.png\",\"contentUrl\":\"https:\/\/dicodusport.fr\/blog\/wp-content\/uploads\/2017\/02\/les-tempetes-de-l-est.png\",\"width\":1200,\"height\":670,\"caption\":\"les tempetes de l est\"},{\"@type\":\"BreadcrumbList\",\"@id\":\"https:\/\/dicodusport.fr\/blog\/tempetes-de-est-se-depasser-raid-amazones\/#breadcrumb\",\"itemListElement\":[{\"@type\":\"ListItem\",\"position\":1,\"name\":\"Accueil\",\"item\":\"https:\/\/dicodusport.fr\/blog\/\"},{\"@type\":\"ListItem\",\"position\":2,\"name\":\"Les temp\u00eates de l&rsquo;est, se d\u00e9passer sur le Raid Amazones\"}]},{\"@type\":\"WebSite\",\"@id\":\"https:\/\/dicodusport.fr\/blog\/#website\",\"url\":\"https:\/\/dicodusport.fr\/blog\/\",\"name\":\"Dicodusport\",\"description\":\"L&#039;encyclop\u00e9die de l&#039;actualit\u00e9 sportive\",\"publisher\":{\"@id\":\"https:\/\/dicodusport.fr\/blog\/#organization\"},\"potentialAction\":[{\"@type\":\"SearchAction\",\"target\":{\"@type\":\"EntryPoint\",\"urlTemplate\":\"https:\/\/dicodusport.fr\/blog\/?s={search_term_string}\"},\"query-input\":{\"@type\":\"PropertyValueSpecification\",\"valueRequired\":true,\"valueName\":\"search_term_string\"}}],\"inLanguage\":\"fr-FR\"},{\"@type\":\"NewsMediaOrganization\",\"@id\":\"https:\/\/dicodusport.fr\/blog\/#organization\",\"name\":\"Dicodusport\",\"url\":\"https:\/\/dicodusport.fr\/blog\/\",\"logo\":{\"@type\":\"ImageObject\",\"inLanguage\":\"fr-FR\",\"@id\":\"https:\/\/dicodusport.fr\/blog\/#\/schema\/logo\/image\/\",\"url\":\"https:\/\/dicodusport.fr\/blog\/wp-content\/uploads\/2020\/06\/cropped-LOGO-DICODUSPORT-2020-SANS-FOND-SANS-TEXTE.png\",\"contentUrl\":\"https:\/\/dicodusport.fr\/blog\/wp-content\/uploads\/2020\/06\/cropped-LOGO-DICODUSPORT-2020-SANS-FOND-SANS-TEXTE.png\",\"width\":512,\"height\":512,\"caption\":\"Dicodusport\"},\"image\":{\"@id\":\"https:\/\/dicodusport.fr\/blog\/#\/schema\/logo\/image\/\"},\"sameAs\":[\"https:\/\/www.facebook.com\/dicodusport\",\"https:\/\/x.com\/dicodusport\",\"https:\/\/www.instagram.com\/dicodusport\/\",\"https:\/\/www.youtube.com\/channel\/UC7V2KZ5sd3htJivAbA4ZG3w\"],\"description\":\"Dicodusport est l'encyclop\u00e9die de l'actualit\u00e9 sportive.\",\"email\":\"bonjour@dicodusport.fr\",\"legalName\":\"DICODUSPORT\",\"foundingDate\":\"2018-01-14\",\"vatID\":\"FR71834470973\",\"taxID\":\"83447097300043\",\"numberOfEmployees\":{\"@type\":\"QuantitativeValue\",\"minValue\":\"1\",\"maxValue\":\"10\"}},{\"@type\":\"Person\",\"@id\":\"https:\/\/dicodusport.fr\/blog\/#\/schema\/person\/55dcb50ad410894e431ed812bbb70191\",\"name\":\"Nicolas Jacquemard\",\"image\":{\"@type\":\"ImageObject\",\"inLanguage\":\"fr-FR\",\"@id\":\"https:\/\/dicodusport.fr\/blog\/#\/schema\/person\/image\/\",\"url\":\"https:\/\/dicodusport.fr\/blog\/wp-content\/uploads\/2021\/05\/Nicolas-Jacquemard-150x150.jpeg\",\"contentUrl\":\"https:\/\/dicodusport.fr\/blog\/wp-content\/uploads\/2021\/05\/Nicolas-Jacquemard-150x150.jpeg\",\"caption\":\"Nicolas Jacquemard\"},\"description\":\"Passionn\u00e9 de sport et entrepreneur depuis mes 18 ans, la cr\u00e9ation de Dicodusport m'a sembl\u00e9 \u00e9vidente pour participer \u00e0 la m\u00e9diatisation d'un plus grand nombre de sports. Le chemin est long mais avec une \u00e9quipe des plus motiv\u00e9es et les Jeux Olympiques de Paris 2024 en point de mire, nous y arriverons ! Journaliste dans le monde du sport depuis plus de 5 ans, je traite aussi bien de football, de rugby, de biathlon que de cyclisme.\",\"sameAs\":[\"https:\/\/www.facebook.com\/dicodusport\",\"https:\/\/x.com\/https:\/\/twitter.com\/Nico_Jacquemard\"],\"url\":\"https:\/\/dicodusport.fr\/blog\/author\/dicodusport\/\"}]}<\/script>\n<!-- \/ Yoast SEO Premium plugin. -->","yoast_head_json":{"title":"Les temp\u00eates de l'est, se d\u00e9passer sur le Raid Amazones","description":"On a rencontr\u00e9 Cynthia, membre des \"temp\u00eates de l'est\", qui va s'attaquer avec 2 amis au raid Amazones en novembre prochain.","robots":{"index":"index","follow":"follow","max-snippet":"max-snippet:-1","max-image-preview":"max-image-preview:large","max-video-preview":"max-video-preview:-1"},"canonical":"https:\/\/dicodusport.fr\/blog\/tempetes-de-est-se-depasser-raid-amazones\/","og_locale":"fr_FR","og_type":"article","og_title":"Les temp\u00eates de l'est, se d\u00e9passer sur le Raid Amazones","og_description":"On a rencontr\u00e9 Cynthia, membre des \"temp\u00eates de l'est\", qui va s'attaquer avec 2 amis au raid Amazones en novembre prochain.","og_url":"https:\/\/dicodusport.fr\/blog\/tempetes-de-est-se-depasser-raid-amazones\/","og_site_name":"Dicodusport","article_publisher":"https:\/\/www.facebook.com\/dicodusport","article_author":"https:\/\/www.facebook.com\/dicodusport","article_published_time":"2017-02-22T17:01:10+00:00","article_modified_time":"2021-04-13T21:27:24+00:00","og_image":[{"width":1200,"height":670,"url":"https:\/\/dicodusport.fr\/blog\/wp-content\/uploads\/2017\/02\/les-tempetes-de-l-est.png","type":"image\/png"}],"author":"Nicolas Jacquemard","twitter_card":"summary_large_image","twitter_creator":"@https:\/\/twitter.com\/Nico_Jacquemard","twitter_site":"@dicodusport","schema":{"@context":"https:\/\/schema.org","@graph":[{"@type":"NewsArticle","@id":"https:\/\/dicodusport.fr\/blog\/tempetes-de-est-se-depasser-raid-amazones\/#article","isPartOf":{"@id":"https:\/\/dicodusport.fr\/blog\/tempetes-de-est-se-depasser-raid-amazones\/"},"author":{"name":"Nicolas Jacquemard","@id":"https:\/\/dicodusport.fr\/blog\/#\/schema\/person\/55dcb50ad410894e431ed812bbb70191"},"headline":"Les temp\u00eates de l&rsquo;est, se d\u00e9passer sur le Raid Amazones","datePublished":"2017-02-22T17:01:10+00:00","dateModified":"2021-04-13T21:27:24+00:00","mainEntityOfPage":{"@id":"https:\/\/dicodusport.fr\/blog\/tempetes-de-est-se-depasser-raid-amazones\/"},"wordCount":596,"commentCount":0,"publisher":{"@id":"https:\/\/dicodusport.fr\/blog\/#organization"},"image":{"@id":"https:\/\/dicodusport.fr\/blog\/tempetes-de-est-se-depasser-raid-amazones\/#primaryimage"},"thumbnailUrl":"https:\/\/dicodusport.fr\/blog\/wp-content\/uploads\/2017\/02\/les-tempetes-de-l-est.png","keywords":["crowdfunding","fosburit","sport","trail"],"articleSection":["Actualit\u00e9s"],"inLanguage":"fr-FR","potentialAction":[{"@type":"CommentAction","name":"Comment","target":["https:\/\/dicodusport.fr\/blog\/tempetes-de-est-se-depasser-raid-amazones\/#respond"]}],"copyrightYear":"2017","copyrightHolder":{"@id":"https:\/\/dicodusport.fr\/blog\/#organization"}},{"@type":"WebPage","@id":"https:\/\/dicodusport.fr\/blog\/tempetes-de-est-se-depasser-raid-amazones\/","url":"https:\/\/dicodusport.fr\/blog\/tempetes-de-est-se-depasser-raid-amazones\/","name":"Les temp\u00eates de l'est, se d\u00e9passer sur le Raid Amazones","isPartOf":{"@id":"https:\/\/dicodusport.fr\/blog\/#website"},"primaryImageOfPage":{"@id":"https:\/\/dicodusport.fr\/blog\/tempetes-de-est-se-depasser-raid-amazones\/#primaryimage"},"image":{"@id":"https:\/\/dicodusport.fr\/blog\/tempetes-de-est-se-depasser-raid-amazones\/#primaryimage"},"thumbnailUrl":"https:\/\/dicodusport.fr\/blog\/wp-content\/uploads\/2017\/02\/les-tempetes-de-l-est.png","datePublished":"2017-02-22T17:01:10+00:00","dateModified":"2021-04-13T21:27:24+00:00","description":"On a rencontr\u00e9 Cynthia, membre des \"temp\u00eates de l'est\", qui va s'attaquer avec 2 amis au raid Amazones en novembre prochain.","breadcrumb":{"@id":"https:\/\/dicodusport.fr\/blog\/tempetes-de-est-se-depasser-raid-amazones\/#breadcrumb"},"inLanguage":"fr-FR","potentialAction":[{"@type":"ReadAction","target":["https:\/\/dicodusport.fr\/blog\/tempetes-de-est-se-depasser-raid-amazones\/"]}]},{"@type":"ImageObject","inLanguage":"fr-FR","@id":"https:\/\/dicodusport.fr\/blog\/tempetes-de-est-se-depasser-raid-amazones\/#primaryimage","url":"https:\/\/dicodusport.fr\/blog\/wp-content\/uploads\/2017\/02\/les-tempetes-de-l-est.png","contentUrl":"https:\/\/dicodusport.fr\/blog\/wp-content\/uploads\/2017\/02\/les-tempetes-de-l-est.png","width":1200,"height":670,"caption":"les tempetes de l est"},{"@type":"BreadcrumbList","@id":"https:\/\/dicodusport.fr\/blog\/tempetes-de-est-se-depasser-raid-amazones\/#breadcrumb","itemListElement":[{"@type":"ListItem","position":1,"name":"Accueil","item":"https:\/\/dicodusport.fr\/blog\/"},{"@type":"ListItem","position":2,"name":"Les temp\u00eates de l&rsquo;est, se d\u00e9passer sur le Raid Amazones"}]},{"@type":"WebSite","@id":"https:\/\/dicodusport.fr\/blog\/#website","url":"https:\/\/dicodusport.fr\/blog\/","name":"Dicodusport","description":"L&#039;encyclop\u00e9die de l&#039;actualit\u00e9 sportive","publisher":{"@id":"https:\/\/dicodusport.fr\/blog\/#organization"},"potentialAction":[{"@type":"SearchAction","target":{"@type":"EntryPoint","urlTemplate":"https:\/\/dicodusport.fr\/blog\/?s={search_term_string}"},"query-input":{"@type":"PropertyValueSpecification","valueRequired":true,"valueName":"search_term_string"}}],"inLanguage":"fr-FR"},{"@type":"NewsMediaOrganization","@id":"https:\/\/dicodusport.fr\/blog\/#organization","name":"Dicodusport","url":"https:\/\/dicodusport.fr\/blog\/","logo":{"@type":"ImageObject","inLanguage":"fr-FR","@id":"https:\/\/dicodusport.fr\/blog\/#\/schema\/logo\/image\/","url":"https:\/\/dicodusport.fr\/blog\/wp-content\/uploads\/2020\/06\/cropped-LOGO-DICODUSPORT-2020-SANS-FOND-SANS-TEXTE.png","contentUrl":"https:\/\/dicodusport.fr\/blog\/wp-content\/uploads\/2020\/06\/cropped-LOGO-DICODUSPORT-2020-SANS-FOND-SANS-TEXTE.png","width":512,"height":512,"caption":"Dicodusport"},"image":{"@id":"https:\/\/dicodusport.fr\/blog\/#\/schema\/logo\/image\/"},"sameAs":["https:\/\/www.facebook.com\/dicodusport","https:\/\/x.com\/dicodusport","https:\/\/www.instagram.com\/dicodusport\/","https:\/\/www.youtube.com\/channel\/UC7V2KZ5sd3htJivAbA4ZG3w"],"description":"Dicodusport est l'encyclop\u00e9die de l'actualit\u00e9 sportive.","email":"bonjour@dicodusport.fr","legalName":"DICODUSPORT","foundingDate":"2018-01-14","vatID":"FR71834470973","taxID":"83447097300043","numberOfEmployees":{"@type":"QuantitativeValue","minValue":"1","maxValue":"10"}},{"@type":"Person","@id":"https:\/\/dicodusport.fr\/blog\/#\/schema\/person\/55dcb50ad410894e431ed812bbb70191","name":"Nicolas Jacquemard","image":{"@type":"ImageObject","inLanguage":"fr-FR","@id":"https:\/\/dicodusport.fr\/blog\/#\/schema\/person\/image\/","url":"https:\/\/dicodusport.fr\/blog\/wp-content\/uploads\/2021\/05\/Nicolas-Jacquemard-150x150.jpeg","contentUrl":"https:\/\/dicodusport.fr\/blog\/wp-content\/uploads\/2021\/05\/Nicolas-Jacquemard-150x150.jpeg","caption":"Nicolas Jacquemard"},"description":"Passionn\u00e9 de sport et entrepreneur depuis mes 18 ans, la cr\u00e9ation de Dicodusport m'a sembl\u00e9 \u00e9vidente pour participer \u00e0 la m\u00e9diatisation d'un plus grand nombre de sports. Le chemin est long mais avec une \u00e9quipe des plus motiv\u00e9es et les Jeux Olympiques de Paris 2024 en point de mire, nous y arriverons ! Journaliste dans le monde du sport depuis plus de 5 ans, je traite aussi bien de football, de rugby, de biathlon que de cyclisme.","sameAs":["https:\/\/www.facebook.com\/dicodusport","https:\/\/x.com\/https:\/\/twitter.com\/Nico_Jacquemard"],"url":"https:\/\/dicodusport.fr\/blog\/author\/dicodusport\/"}]}},"_links":{"self":[{"href":"https:\/\/dicodusport.fr\/blog\/wp-json\/wp\/v2\/posts\/1114","targetHints":{"allow":["GET"]}}],"collection":[{"href":"https:\/\/dicodusport.fr\/blog\/wp-json\/wp\/v2\/posts"}],"about":[{"href":"https:\/\/dicodusport.fr\/blog\/wp-json\/wp\/v2\/types\/post"}],"author":[{"embeddable":true,"href":"https:\/\/dicodusport.fr\/blog\/wp-json\/wp\/v2\/users\/1"}],"replies":[{"embeddable":true,"href":"https:\/\/dicodusport.fr\/blog\/wp-json\/wp\/v2\/comments?post=1114"}],"version-history":[{"count":0,"href":"https:\/\/dicodusport.fr\/blog\/wp-json\/wp\/v2\/posts\/1114\/revisions"}],"wp:featuredmedia":[{"embeddable":true,"href":"https:\/\/dicodusport.fr\/blog\/wp-json\/wp\/v2\/media\/1116"}],"wp:attachment":[{"href":"https:\/\/dicodusport.fr\/blog\/wp-json\/wp\/v2\/media?parent=1114"}],"wp:term":[{"taxonomy":"category","embeddable":true,"href":"https:\/\/dicodusport.fr\/blog\/wp-json\/wp\/v2\/categories?post=1114"},{"taxonomy":"post_tag","embeddable":true,"href":"https:\/\/dicodusport.fr\/blog\/wp-json\/wp\/v2\/tags?post=1114"}],"curies":[{"name":"wp","href":"https:\/\/api.w.org\/{rel}","templated":true}]}}