{"id":111513,"date":"2021-03-06T20:17:49","date_gmt":"2021-03-06T19:17:49","guid":{"rendered":"https:\/\/dicodusport.fr\/blog\/?p=111513&#038;preview=true&#038;preview_id=111513"},"modified":"2021-03-07T18:35:31","modified_gmt":"2021-03-07T17:35:31","slug":"torun-2021-championnats-deurope-dathletisme-en-salle-kevin-mayer-en-tete-de-lheptathlon-pierre-ambroise-bosse-en-finale-du-800-m","status":"publish","type":"post","link":"https:\/\/dicodusport.fr\/blog\/torun-2021-championnats-deurope-dathletisme-en-salle-kevin-mayer-en-tete-de-lheptathlon-pierre-ambroise-bosse-en-finale-du-800-m\/","title":{"rendered":"Torun 2021 &#8211; Championnats d&rsquo;Europe d&rsquo;athl\u00e9tisme en salle : Kevin Mayer en t\u00eate de l&rsquo;heptathlon, Pierre-Ambroise Bosse en finale du 800 m"},"content":{"rendered":"<p style=\"text-align: justify;\"><strong><em><a href=\"https:\/\/dicodusport.fr\/blog\/athletisme-championnats-deurope-en-salle-2021-programme-et-resultats\/\" target=\"_blank\" rel=\"noopener\">Championnats d&rsquo;Europe d&rsquo;athl\u00e9tisme en salle de Torun<\/a> &#8211; Quatre Fran\u00e7ais \u00e9taient engag\u00e9s ce soir. Kevin Mayer a pris les devants \u00e0 l&rsquo;heptathlon tandis que Pierre-Ambroise Bosse s&rsquo;est qualifi\u00e9 pour la finale du 800 m. R\u00e9sum\u00e9 des r\u00e9sultats des Fran\u00e7ais de la soir\u00e9e.<\/em><\/strong><\/p>\n<h2 style=\"text-align: justify;\">Heptathlon hommes<\/h2>\n<p style=\"text-align: justify;\">Au saut en hauteur, <strong>Kevin Mayer<\/strong> a fait l&rsquo;impasse \u00e0 1m86 et 1m89. Il a franchi 1m92 \u00e0 son deuxi\u00e8me essai. La barre a trembl\u00e9, mais il a franchi 1m95 d\u00e8s son premier saut. \u00c0 1m98, il est pass\u00e9 tranquillement \u00e0 son premier essai. Premi\u00e8re barre d&rsquo;\u00e9cr\u00e9mage puisque Ehammer et Dester, les deux autres athl\u00e8tes sur le podium n&rsquo;ont pas r\u00e9ussi \u00e0 la franchir. Il a r\u00e9ussi \u00e0 passer 2m01 \u00e0 son deuxi\u00e8me essai. Gros cri de joie apr\u00e8s avoir pass\u00e9 2m04 \u00e0 son premier essai. Apr\u00e8s un \u00e9chec \u00e0 2m07, il a d\u00e9cid\u00e9 d&rsquo;arr\u00eater son concours \u00e0 la 4e place. Avec ses <strong>840 points<\/strong> suppl\u00e9mentaires, il repasse devant le Suisse avec au total <strong>3571 points<\/strong> contre 3538 points apr\u00e8s 4 \u00e9preuves.<\/p>\n<p style=\"text-align: justify;\">Le concours de la hauteur s&rsquo;est termin\u00e9 \u00e0 2m10, barre franchie par Maksim Andraloits, Andreas Bechmann et Jorge Ure\u00f1a. Les deux derniers cit\u00e9s r\u00e9alisent leur record personnel et l&rsquo;Espagnol Ure\u00f1a prend la 3e place provisoire de l&rsquo;heptathlon devant Bechmann.<\/p>\n<p style=\"text-align: justify;\">Demain matin, il y aura le 60 m haies et le saut \u00e0 la perche.<\/p>\n<h3 style=\"text-align: justify;\">Demi-finales 800 m hommes<\/h3>\n<p style=\"text-align: justify;\">Mariano Garcia a d\u00e9marr\u00e9 fort et gard\u00e9 la t\u00eate pendant longtemps. Derri\u00e8re, Dobek \u00e9tait au contr\u00f4le avec Tuka sur ses talons. Dans le finish, \u00e7a a jou\u00e9 des coudes mais c&rsquo;est finalement Tuka qui s&rsquo;est impos\u00e9 devant Dobek. Garcia a \u00e9t\u00e9 pi\u00e9g\u00e9 alors qu&rsquo;il avait le meilleur temps de r\u00e9f\u00e9rence. <strong>Benjamin Robert<\/strong> a termin\u00e9 5e en 1\u203248\u203325. Il n&rsquo;ira pas en finale.<\/p>\n<p style=\"text-align: justify;\">Dans la deuxi\u00e8me demie c&rsquo;est Kramer qui a pris les devants. Avant le dernier tour, Borkowski a lanc\u00e9 l&rsquo;attaque et a fini devant avec Webb mais le Polonais a ensuite \u00e9t\u00e9 disqualifi\u00e9 avant d&rsquo;\u00eatre r\u00e9int\u00e9gr\u00e9. Nasredine Khatir a termin\u00e9 4e en 1\u203249\u203373.<\/p>\n<p style=\"text-align: justify;\">Dans la derni\u00e8re demie, <strong>Pierre-Ambroise Bosse <\/strong>a donn\u00e9 le rythme malgr\u00e9 les fortunes diverses des leaders des deux premi\u00e8res demies. Adam Kszczot est rest\u00e9 plac\u00e9 \u00e0 la 4e place. Avant le dernier tour le Belge Crestan a acc\u00e9l\u00e9r\u00e9 mais c&rsquo;est bien le Fran\u00e7ais qui a termin\u00e9 premier en 1\u203247\u203386 devant Adam Kszczot en 1\u203247\u203398. Il sera au rendez-vous de la finale dimanche soir.<\/p>\n<p><strong><em>Dicodusport<br \/>\n<a href=\"https:\/\/www.facebook.com\/dicodusport\/\" target=\"_blank\" rel=\"noopener noreferrer\"><img loading=\"lazy\" decoding=\"async\" class=\"alignnone wp-image-2909\" src=\"http:\/\/dicodusport.fr\/blog\/wp-content\/uploads\/2017\/07\/logo-facebook-150x150.png\" alt=\"\" width=\"40\" height=\"40\" \/><\/a><a href=\"https:\/\/twitter.com\/dicodusport\" target=\"_blank\" rel=\"noopener noreferrer\"><img loading=\"lazy\" decoding=\"async\" class=\"alignnone wp-image-2908\" src=\"http:\/\/dicodusport.fr\/blog\/wp-content\/uploads\/2017\/07\/logo-twitter-150x150.png\" alt=\"\" width=\"39\" height=\"39\" \/><\/a><\/em><\/strong><\/p>\n","protected":false},"excerpt":{"rendered":"<p>Championnats d&rsquo;Europe d&rsquo;athl\u00e9tisme en salle de Torun &#8211; Quatre Fran\u00e7ais \u00e9taient engag\u00e9s ce soir. Kevin Mayer a pris les devants \u00e0 l&rsquo;heptathlon tandis que Pierre-Ambroise Bosse s&rsquo;est qualifi\u00e9 pour la finale du 800 m. R\u00e9sum\u00e9 des r\u00e9sultats des Fran\u00e7ais de la soir\u00e9e.<\/p>\n","protected":false},"author":12,"featured_media":111567,"comment_status":"open","ping_status":"closed","sticky":false,"template":"","format":"standard","meta":{"_acf_changed":false,"_daextam_enable_autolinks":"","footnotes":""},"categories":[46996],"tags":[143,13989,7359,6691,1257,1610,14710],"class_list":["post-111513","post","type-post","status-publish","format-standard","has-post-thumbnail","hentry","category-championnats-d-europe-athletisme","tag-athletisme","tag-benjamin-robert","tag-championnats-deurope-dathletisme-en-salle","tag-heptathlon","tag-kevin-mayer","tag-pierre-ambroise-bosse","tag-torun"],"acf":[],"yoast_head":"<!-- This site is optimized with the Yoast SEO Premium plugin v26.7 (Yoast SEO v26.7) - https:\/\/yoast.com\/wordpress\/plugins\/seo\/ -->\n<title>Torun 2021 - Championnats d&#039;Europe d&#039;athl\u00e9tisme en salle : Kevin Mayer en t\u00eate de l&#039;heptathlon, Pierre-Ambroise Bosse en finale du 800 m<\/title>\n<meta name=\"description\" content=\"Kevin Mayer a pris les devants \u00e0 l&#039;heptathlon tandis que Pierre-Ambroise Bosse s&#039;est qualifi\u00e9 pour la finale du 800 m.\" \/>\n<meta name=\"robots\" content=\"index, follow, max-snippet:-1, max-image-preview:large, max-video-preview:-1\" \/>\n<link rel=\"canonical\" href=\"https:\/\/dicodusport.fr\/blog\/torun-2021-championnats-deurope-dathletisme-en-salle-kevin-mayer-en-tete-de-lheptathlon-pierre-ambroise-bosse-en-finale-du-800-m\/\" \/>\n<meta property=\"og:locale\" content=\"fr_FR\" \/>\n<meta property=\"og:type\" content=\"article\" \/>\n<meta property=\"og:title\" content=\"Torun 2021 - Championnats d&#039;Europe d&#039;athl\u00e9tisme en salle : Kevin Mayer en t\u00eate de l&#039;heptathlon, Pierre-Ambroise Bosse en finale du 800 m\" \/>\n<meta property=\"og:description\" content=\"Kevin Mayer a pris les devants \u00e0 l&#039;heptathlon tandis que Pierre-Ambroise Bosse s&#039;est qualifi\u00e9 pour la finale du 800 m.\" \/>\n<meta property=\"og:url\" content=\"https:\/\/dicodusport.fr\/blog\/torun-2021-championnats-deurope-dathletisme-en-salle-kevin-mayer-en-tete-de-lheptathlon-pierre-ambroise-bosse-en-finale-du-800-m\/\" \/>\n<meta property=\"og:site_name\" content=\"Dicodusport\" \/>\n<meta property=\"article:publisher\" content=\"https:\/\/www.facebook.com\/dicodusport\" \/>\n<meta property=\"article:published_time\" content=\"2021-03-06T19:17:49+00:00\" \/>\n<meta property=\"article:modified_time\" content=\"2021-03-07T17:35:31+00:00\" \/>\n<meta property=\"og:image\" content=\"https:\/\/dicodusport.fr\/blog\/wp-content\/uploads\/2021\/03\/Torun-2021-\u2013-Championnats-dEurope-dathletisme-en-salle-Kevin-Mayer.png\" \/>\n\t<meta property=\"og:image:width\" content=\"800\" \/>\n\t<meta property=\"og:image:height\" content=\"445\" \/>\n\t<meta property=\"og:image:type\" content=\"image\/png\" \/>\n<meta name=\"author\" content=\"Arlette Yeye\" \/>\n<meta name=\"twitter:card\" content=\"summary_large_image\" \/>\n<meta name=\"twitter:title\" content=\"Torun 2021 - Championnats d&#039;Europe d&#039;athl\u00e9tisme en salle : Kevin Mayer en t\u00eate de l&#039;heptathlon, Pierre-Ambroise Bosse en finale du 800 m\" \/>\n<meta name=\"twitter:creator\" content=\"@https:\/\/twitter.com\/Shiclette94\" \/>\n<meta name=\"twitter:site\" content=\"@dicodusport\" \/>\n<script type=\"application\/ld+json\" class=\"yoast-schema-graph\">{\"@context\":\"https:\/\/schema.org\",\"@graph\":[{\"@type\":\"NewsArticle\",\"@id\":\"https:\/\/dicodusport.fr\/blog\/torun-2021-championnats-deurope-dathletisme-en-salle-kevin-mayer-en-tete-de-lheptathlon-pierre-ambroise-bosse-en-finale-du-800-m\/#article\",\"isPartOf\":{\"@id\":\"https:\/\/dicodusport.fr\/blog\/torun-2021-championnats-deurope-dathletisme-en-salle-kevin-mayer-en-tete-de-lheptathlon-pierre-ambroise-bosse-en-finale-du-800-m\/\"},\"author\":{\"name\":\"Arlette Yeye\",\"@id\":\"https:\/\/dicodusport.fr\/blog\/#\/schema\/person\/cce96fa88785bd8573e3d43078ac8c79\"},\"headline\":\"Torun 2021 &#8211; Championnats d&rsquo;Europe d&rsquo;athl\u00e9tisme en salle : Kevin Mayer en t\u00eate de l&rsquo;heptathlon, Pierre-Ambroise Bosse en finale du 800 m\",\"datePublished\":\"2021-03-06T19:17:49+00:00\",\"dateModified\":\"2021-03-07T17:35:31+00:00\",\"mainEntityOfPage\":{\"@id\":\"https:\/\/dicodusport.fr\/blog\/torun-2021-championnats-deurope-dathletisme-en-salle-kevin-mayer-en-tete-de-lheptathlon-pierre-ambroise-bosse-en-finale-du-800-m\/\"},\"wordCount\":450,\"commentCount\":0,\"publisher\":{\"@id\":\"https:\/\/dicodusport.fr\/blog\/#organization\"},\"image\":{\"@id\":\"https:\/\/dicodusport.fr\/blog\/torun-2021-championnats-deurope-dathletisme-en-salle-kevin-mayer-en-tete-de-lheptathlon-pierre-ambroise-bosse-en-finale-du-800-m\/#primaryimage\"},\"thumbnailUrl\":\"https:\/\/dicodusport.fr\/blog\/wp-content\/uploads\/2021\/03\/Torun-2021-\u2013-Championnats-dEurope-dathletisme-en-salle-Kevin-Mayer.png\",\"keywords\":[\"Athl\u00e9tisme\",\"Benjamin Robert\",\"Championnats d'Europe d'athl\u00e9tisme en salle\",\"Heptathlon\",\"Kevin Mayer\",\"Pierre-Ambroise Bosse\",\"Torun\"],\"articleSection\":[\"Championnats d'Europe d'athl\u00e9tisme\"],\"inLanguage\":\"fr-FR\",\"potentialAction\":[{\"@type\":\"CommentAction\",\"name\":\"Comment\",\"target\":[\"https:\/\/dicodusport.fr\/blog\/torun-2021-championnats-deurope-dathletisme-en-salle-kevin-mayer-en-tete-de-lheptathlon-pierre-ambroise-bosse-en-finale-du-800-m\/#respond\"]}],\"copyrightYear\":\"2021\",\"copyrightHolder\":{\"@id\":\"https:\/\/dicodusport.fr\/blog\/#organization\"}},{\"@type\":\"WebPage\",\"@id\":\"https:\/\/dicodusport.fr\/blog\/torun-2021-championnats-deurope-dathletisme-en-salle-kevin-mayer-en-tete-de-lheptathlon-pierre-ambroise-bosse-en-finale-du-800-m\/\",\"url\":\"https:\/\/dicodusport.fr\/blog\/torun-2021-championnats-deurope-dathletisme-en-salle-kevin-mayer-en-tete-de-lheptathlon-pierre-ambroise-bosse-en-finale-du-800-m\/\",\"name\":\"Torun 2021 - Championnats d'Europe d'athl\u00e9tisme en salle : Kevin Mayer en t\u00eate de l'heptathlon, Pierre-Ambroise Bosse en finale du 800 m\",\"isPartOf\":{\"@id\":\"https:\/\/dicodusport.fr\/blog\/#website\"},\"primaryImageOfPage\":{\"@id\":\"https:\/\/dicodusport.fr\/blog\/torun-2021-championnats-deurope-dathletisme-en-salle-kevin-mayer-en-tete-de-lheptathlon-pierre-ambroise-bosse-en-finale-du-800-m\/#primaryimage\"},\"image\":{\"@id\":\"https:\/\/dicodusport.fr\/blog\/torun-2021-championnats-deurope-dathletisme-en-salle-kevin-mayer-en-tete-de-lheptathlon-pierre-ambroise-bosse-en-finale-du-800-m\/#primaryimage\"},\"thumbnailUrl\":\"https:\/\/dicodusport.fr\/blog\/wp-content\/uploads\/2021\/03\/Torun-2021-\u2013-Championnats-dEurope-dathletisme-en-salle-Kevin-Mayer.png\",\"datePublished\":\"2021-03-06T19:17:49+00:00\",\"dateModified\":\"2021-03-07T17:35:31+00:00\",\"description\":\"Kevin Mayer a pris les devants \u00e0 l'heptathlon tandis que Pierre-Ambroise Bosse s'est qualifi\u00e9 pour la finale du 800 m.\",\"breadcrumb\":{\"@id\":\"https:\/\/dicodusport.fr\/blog\/torun-2021-championnats-deurope-dathletisme-en-salle-kevin-mayer-en-tete-de-lheptathlon-pierre-ambroise-bosse-en-finale-du-800-m\/#breadcrumb\"},\"inLanguage\":\"fr-FR\",\"potentialAction\":[{\"@type\":\"ReadAction\",\"target\":[\"https:\/\/dicodusport.fr\/blog\/torun-2021-championnats-deurope-dathletisme-en-salle-kevin-mayer-en-tete-de-lheptathlon-pierre-ambroise-bosse-en-finale-du-800-m\/\"]}]},{\"@type\":\"ImageObject\",\"inLanguage\":\"fr-FR\",\"@id\":\"https:\/\/dicodusport.fr\/blog\/torun-2021-championnats-deurope-dathletisme-en-salle-kevin-mayer-en-tete-de-lheptathlon-pierre-ambroise-bosse-en-finale-du-800-m\/#primaryimage\",\"url\":\"https:\/\/dicodusport.fr\/blog\/wp-content\/uploads\/2021\/03\/Torun-2021-\u2013-Championnats-dEurope-dathletisme-en-salle-Kevin-Mayer.png\",\"contentUrl\":\"https:\/\/dicodusport.fr\/blog\/wp-content\/uploads\/2021\/03\/Torun-2021-\u2013-Championnats-dEurope-dathletisme-en-salle-Kevin-Mayer.png\",\"width\":800,\"height\":445},{\"@type\":\"BreadcrumbList\",\"@id\":\"https:\/\/dicodusport.fr\/blog\/torun-2021-championnats-deurope-dathletisme-en-salle-kevin-mayer-en-tete-de-lheptathlon-pierre-ambroise-bosse-en-finale-du-800-m\/#breadcrumb\",\"itemListElement\":[{\"@type\":\"ListItem\",\"position\":1,\"name\":\"Accueil\",\"item\":\"https:\/\/dicodusport.fr\/blog\/\"},{\"@type\":\"ListItem\",\"position\":2,\"name\":\"Torun 2021 &#8211; Championnats d&rsquo;Europe d&rsquo;athl\u00e9tisme en salle : Kevin Mayer en t\u00eate de l&rsquo;heptathlon, Pierre-Ambroise Bosse en finale du 800 m\"}]},{\"@type\":\"WebSite\",\"@id\":\"https:\/\/dicodusport.fr\/blog\/#website\",\"url\":\"https:\/\/dicodusport.fr\/blog\/\",\"name\":\"Dicodusport\",\"description\":\"L&#039;encyclop\u00e9die de l&#039;actualit\u00e9 sportive\",\"publisher\":{\"@id\":\"https:\/\/dicodusport.fr\/blog\/#organization\"},\"potentialAction\":[{\"@type\":\"SearchAction\",\"target\":{\"@type\":\"EntryPoint\",\"urlTemplate\":\"https:\/\/dicodusport.fr\/blog\/?s={search_term_string}\"},\"query-input\":{\"@type\":\"PropertyValueSpecification\",\"valueRequired\":true,\"valueName\":\"search_term_string\"}}],\"inLanguage\":\"fr-FR\"},{\"@type\":\"NewsMediaOrganization\",\"@id\":\"https:\/\/dicodusport.fr\/blog\/#organization\",\"name\":\"Dicodusport\",\"url\":\"https:\/\/dicodusport.fr\/blog\/\",\"logo\":{\"@type\":\"ImageObject\",\"inLanguage\":\"fr-FR\",\"@id\":\"https:\/\/dicodusport.fr\/blog\/#\/schema\/logo\/image\/\",\"url\":\"https:\/\/dicodusport.fr\/blog\/wp-content\/uploads\/2020\/06\/cropped-LOGO-DICODUSPORT-2020-SANS-FOND-SANS-TEXTE.png\",\"contentUrl\":\"https:\/\/dicodusport.fr\/blog\/wp-content\/uploads\/2020\/06\/cropped-LOGO-DICODUSPORT-2020-SANS-FOND-SANS-TEXTE.png\",\"width\":512,\"height\":512,\"caption\":\"Dicodusport\"},\"image\":{\"@id\":\"https:\/\/dicodusport.fr\/blog\/#\/schema\/logo\/image\/\"},\"sameAs\":[\"https:\/\/www.facebook.com\/dicodusport\",\"https:\/\/x.com\/dicodusport\",\"https:\/\/www.instagram.com\/dicodusport\/\",\"https:\/\/www.youtube.com\/channel\/UC7V2KZ5sd3htJivAbA4ZG3w\"],\"description\":\"Dicodusport est l'encyclop\u00e9die de l'actualit\u00e9 sportive.\",\"email\":\"bonjour@dicodusport.fr\",\"legalName\":\"DICODUSPORT\",\"foundingDate\":\"2018-01-14\",\"vatID\":\"FR71834470973\",\"taxID\":\"83447097300043\",\"numberOfEmployees\":{\"@type\":\"QuantitativeValue\",\"minValue\":\"1\",\"maxValue\":\"10\"}},{\"@type\":\"Person\",\"@id\":\"https:\/\/dicodusport.fr\/blog\/#\/schema\/person\/cce96fa88785bd8573e3d43078ac8c79\",\"name\":\"Arlette Yeye\",\"image\":{\"@type\":\"ImageObject\",\"inLanguage\":\"fr-FR\",\"@id\":\"https:\/\/dicodusport.fr\/blog\/#\/schema\/person\/image\/\",\"url\":\"https:\/\/secure.gravatar.com\/avatar\/dca4a6239e6d708e46c45d60e160de6c?s=96&d=wp_user_avatar&r=g\",\"contentUrl\":\"https:\/\/secure.gravatar.com\/avatar\/dca4a6239e6d708e46c45d60e160de6c?s=96&d=wp_user_avatar&r=g\",\"caption\":\"Arlette Yeye\"},\"description\":\"Journaliste\/r\u00e9dactrice depuis septembre 2015 - Supportrice de Chelsea, j'ai pour sports de pr\u00e9dilection le handball, l'athl\u00e9tisme et le tennis. Si je tweete plus vite que mon ombre, vous pouvez aussi me retrouver les week-ends sur les playgrounds de Bruxelles pour un petit foot ou basket entre potes. Parcourir la France, l'Europe et plus si affinit\u00e9s pour suivre mes sportifs pr\u00e9f\u00e9r\u00e9s ? Mon kif ! Et c'est avec plaisir que je partage les r\u00e9sultats des sports populaires mais \u00e9galement plus confidentiels pour Dicodusport.\",\"sameAs\":[\"https:\/\/x.com\/https:\/\/twitter.com\/Shiclette94\"],\"url\":\"https:\/\/dicodusport.fr\/blog\/author\/arlette\/\"}]}<\/script>\n<!-- \/ Yoast SEO Premium plugin. -->","yoast_head_json":{"title":"Torun 2021 - Championnats d'Europe d'athl\u00e9tisme en salle : Kevin Mayer en t\u00eate de l'heptathlon, Pierre-Ambroise Bosse en finale du 800 m","description":"Kevin Mayer a pris les devants \u00e0 l'heptathlon tandis que Pierre-Ambroise Bosse s'est qualifi\u00e9 pour la finale du 800 m.","robots":{"index":"index","follow":"follow","max-snippet":"max-snippet:-1","max-image-preview":"max-image-preview:large","max-video-preview":"max-video-preview:-1"},"canonical":"https:\/\/dicodusport.fr\/blog\/torun-2021-championnats-deurope-dathletisme-en-salle-kevin-mayer-en-tete-de-lheptathlon-pierre-ambroise-bosse-en-finale-du-800-m\/","og_locale":"fr_FR","og_type":"article","og_title":"Torun 2021 - Championnats d'Europe d'athl\u00e9tisme en salle : Kevin Mayer en t\u00eate de l'heptathlon, Pierre-Ambroise Bosse en finale du 800 m","og_description":"Kevin Mayer a pris les devants \u00e0 l'heptathlon tandis que Pierre-Ambroise Bosse s'est qualifi\u00e9 pour la finale du 800 m.","og_url":"https:\/\/dicodusport.fr\/blog\/torun-2021-championnats-deurope-dathletisme-en-salle-kevin-mayer-en-tete-de-lheptathlon-pierre-ambroise-bosse-en-finale-du-800-m\/","og_site_name":"Dicodusport","article_publisher":"https:\/\/www.facebook.com\/dicodusport","article_published_time":"2021-03-06T19:17:49+00:00","article_modified_time":"2021-03-07T17:35:31+00:00","og_image":[{"width":800,"height":445,"url":"https:\/\/dicodusport.fr\/blog\/wp-content\/uploads\/2021\/03\/Torun-2021-\u2013-Championnats-dEurope-dathletisme-en-salle-Kevin-Mayer.png","type":"image\/png"}],"author":"Arlette Yeye","twitter_card":"summary_large_image","twitter_title":"Torun 2021 - Championnats d'Europe d'athl\u00e9tisme en salle : Kevin Mayer en t\u00eate de l'heptathlon, Pierre-Ambroise Bosse en finale du 800 m","twitter_creator":"@https:\/\/twitter.com\/Shiclette94","twitter_site":"@dicodusport","schema":{"@context":"https:\/\/schema.org","@graph":[{"@type":"NewsArticle","@id":"https:\/\/dicodusport.fr\/blog\/torun-2021-championnats-deurope-dathletisme-en-salle-kevin-mayer-en-tete-de-lheptathlon-pierre-ambroise-bosse-en-finale-du-800-m\/#article","isPartOf":{"@id":"https:\/\/dicodusport.fr\/blog\/torun-2021-championnats-deurope-dathletisme-en-salle-kevin-mayer-en-tete-de-lheptathlon-pierre-ambroise-bosse-en-finale-du-800-m\/"},"author":{"name":"Arlette Yeye","@id":"https:\/\/dicodusport.fr\/blog\/#\/schema\/person\/cce96fa88785bd8573e3d43078ac8c79"},"headline":"Torun 2021 &#8211; Championnats d&rsquo;Europe d&rsquo;athl\u00e9tisme en salle : Kevin Mayer en t\u00eate de l&rsquo;heptathlon, Pierre-Ambroise Bosse en finale du 800 m","datePublished":"2021-03-06T19:17:49+00:00","dateModified":"2021-03-07T17:35:31+00:00","mainEntityOfPage":{"@id":"https:\/\/dicodusport.fr\/blog\/torun-2021-championnats-deurope-dathletisme-en-salle-kevin-mayer-en-tete-de-lheptathlon-pierre-ambroise-bosse-en-finale-du-800-m\/"},"wordCount":450,"commentCount":0,"publisher":{"@id":"https:\/\/dicodusport.fr\/blog\/#organization"},"image":{"@id":"https:\/\/dicodusport.fr\/blog\/torun-2021-championnats-deurope-dathletisme-en-salle-kevin-mayer-en-tete-de-lheptathlon-pierre-ambroise-bosse-en-finale-du-800-m\/#primaryimage"},"thumbnailUrl":"https:\/\/dicodusport.fr\/blog\/wp-content\/uploads\/2021\/03\/Torun-2021-\u2013-Championnats-dEurope-dathletisme-en-salle-Kevin-Mayer.png","keywords":["Athl\u00e9tisme","Benjamin Robert","Championnats d'Europe d'athl\u00e9tisme en salle","Heptathlon","Kevin Mayer","Pierre-Ambroise Bosse","Torun"],"articleSection":["Championnats d'Europe d'athl\u00e9tisme"],"inLanguage":"fr-FR","potentialAction":[{"@type":"CommentAction","name":"Comment","target":["https:\/\/dicodusport.fr\/blog\/torun-2021-championnats-deurope-dathletisme-en-salle-kevin-mayer-en-tete-de-lheptathlon-pierre-ambroise-bosse-en-finale-du-800-m\/#respond"]}],"copyrightYear":"2021","copyrightHolder":{"@id":"https:\/\/dicodusport.fr\/blog\/#organization"}},{"@type":"WebPage","@id":"https:\/\/dicodusport.fr\/blog\/torun-2021-championnats-deurope-dathletisme-en-salle-kevin-mayer-en-tete-de-lheptathlon-pierre-ambroise-bosse-en-finale-du-800-m\/","url":"https:\/\/dicodusport.fr\/blog\/torun-2021-championnats-deurope-dathletisme-en-salle-kevin-mayer-en-tete-de-lheptathlon-pierre-ambroise-bosse-en-finale-du-800-m\/","name":"Torun 2021 - Championnats d'Europe d'athl\u00e9tisme en salle : Kevin Mayer en t\u00eate de l'heptathlon, Pierre-Ambroise Bosse en finale du 800 m","isPartOf":{"@id":"https:\/\/dicodusport.fr\/blog\/#website"},"primaryImageOfPage":{"@id":"https:\/\/dicodusport.fr\/blog\/torun-2021-championnats-deurope-dathletisme-en-salle-kevin-mayer-en-tete-de-lheptathlon-pierre-ambroise-bosse-en-finale-du-800-m\/#primaryimage"},"image":{"@id":"https:\/\/dicodusport.fr\/blog\/torun-2021-championnats-deurope-dathletisme-en-salle-kevin-mayer-en-tete-de-lheptathlon-pierre-ambroise-bosse-en-finale-du-800-m\/#primaryimage"},"thumbnailUrl":"https:\/\/dicodusport.fr\/blog\/wp-content\/uploads\/2021\/03\/Torun-2021-\u2013-Championnats-dEurope-dathletisme-en-salle-Kevin-Mayer.png","datePublished":"2021-03-06T19:17:49+00:00","dateModified":"2021-03-07T17:35:31+00:00","description":"Kevin Mayer a pris les devants \u00e0 l'heptathlon tandis que Pierre-Ambroise Bosse s'est qualifi\u00e9 pour la finale du 800 m.","breadcrumb":{"@id":"https:\/\/dicodusport.fr\/blog\/torun-2021-championnats-deurope-dathletisme-en-salle-kevin-mayer-en-tete-de-lheptathlon-pierre-ambroise-bosse-en-finale-du-800-m\/#breadcrumb"},"inLanguage":"fr-FR","potentialAction":[{"@type":"ReadAction","target":["https:\/\/dicodusport.fr\/blog\/torun-2021-championnats-deurope-dathletisme-en-salle-kevin-mayer-en-tete-de-lheptathlon-pierre-ambroise-bosse-en-finale-du-800-m\/"]}]},{"@type":"ImageObject","inLanguage":"fr-FR","@id":"https:\/\/dicodusport.fr\/blog\/torun-2021-championnats-deurope-dathletisme-en-salle-kevin-mayer-en-tete-de-lheptathlon-pierre-ambroise-bosse-en-finale-du-800-m\/#primaryimage","url":"https:\/\/dicodusport.fr\/blog\/wp-content\/uploads\/2021\/03\/Torun-2021-\u2013-Championnats-dEurope-dathletisme-en-salle-Kevin-Mayer.png","contentUrl":"https:\/\/dicodusport.fr\/blog\/wp-content\/uploads\/2021\/03\/Torun-2021-\u2013-Championnats-dEurope-dathletisme-en-salle-Kevin-Mayer.png","width":800,"height":445},{"@type":"BreadcrumbList","@id":"https:\/\/dicodusport.fr\/blog\/torun-2021-championnats-deurope-dathletisme-en-salle-kevin-mayer-en-tete-de-lheptathlon-pierre-ambroise-bosse-en-finale-du-800-m\/#breadcrumb","itemListElement":[{"@type":"ListItem","position":1,"name":"Accueil","item":"https:\/\/dicodusport.fr\/blog\/"},{"@type":"ListItem","position":2,"name":"Torun 2021 &#8211; Championnats d&rsquo;Europe d&rsquo;athl\u00e9tisme en salle : Kevin Mayer en t\u00eate de l&rsquo;heptathlon, Pierre-Ambroise Bosse en finale du 800 m"}]},{"@type":"WebSite","@id":"https:\/\/dicodusport.fr\/blog\/#website","url":"https:\/\/dicodusport.fr\/blog\/","name":"Dicodusport","description":"L&#039;encyclop\u00e9die de l&#039;actualit\u00e9 sportive","publisher":{"@id":"https:\/\/dicodusport.fr\/blog\/#organization"},"potentialAction":[{"@type":"SearchAction","target":{"@type":"EntryPoint","urlTemplate":"https:\/\/dicodusport.fr\/blog\/?s={search_term_string}"},"query-input":{"@type":"PropertyValueSpecification","valueRequired":true,"valueName":"search_term_string"}}],"inLanguage":"fr-FR"},{"@type":"NewsMediaOrganization","@id":"https:\/\/dicodusport.fr\/blog\/#organization","name":"Dicodusport","url":"https:\/\/dicodusport.fr\/blog\/","logo":{"@type":"ImageObject","inLanguage":"fr-FR","@id":"https:\/\/dicodusport.fr\/blog\/#\/schema\/logo\/image\/","url":"https:\/\/dicodusport.fr\/blog\/wp-content\/uploads\/2020\/06\/cropped-LOGO-DICODUSPORT-2020-SANS-FOND-SANS-TEXTE.png","contentUrl":"https:\/\/dicodusport.fr\/blog\/wp-content\/uploads\/2020\/06\/cropped-LOGO-DICODUSPORT-2020-SANS-FOND-SANS-TEXTE.png","width":512,"height":512,"caption":"Dicodusport"},"image":{"@id":"https:\/\/dicodusport.fr\/blog\/#\/schema\/logo\/image\/"},"sameAs":["https:\/\/www.facebook.com\/dicodusport","https:\/\/x.com\/dicodusport","https:\/\/www.instagram.com\/dicodusport\/","https:\/\/www.youtube.com\/channel\/UC7V2KZ5sd3htJivAbA4ZG3w"],"description":"Dicodusport est l'encyclop\u00e9die de l'actualit\u00e9 sportive.","email":"bonjour@dicodusport.fr","legalName":"DICODUSPORT","foundingDate":"2018-01-14","vatID":"FR71834470973","taxID":"83447097300043","numberOfEmployees":{"@type":"QuantitativeValue","minValue":"1","maxValue":"10"}},{"@type":"Person","@id":"https:\/\/dicodusport.fr\/blog\/#\/schema\/person\/cce96fa88785bd8573e3d43078ac8c79","name":"Arlette Yeye","image":{"@type":"ImageObject","inLanguage":"fr-FR","@id":"https:\/\/dicodusport.fr\/blog\/#\/schema\/person\/image\/","url":"https:\/\/secure.gravatar.com\/avatar\/dca4a6239e6d708e46c45d60e160de6c?s=96&d=wp_user_avatar&r=g","contentUrl":"https:\/\/secure.gravatar.com\/avatar\/dca4a6239e6d708e46c45d60e160de6c?s=96&d=wp_user_avatar&r=g","caption":"Arlette Yeye"},"description":"Journaliste\/r\u00e9dactrice depuis septembre 2015 - Supportrice de Chelsea, j'ai pour sports de pr\u00e9dilection le handball, l'athl\u00e9tisme et le tennis. Si je tweete plus vite que mon ombre, vous pouvez aussi me retrouver les week-ends sur les playgrounds de Bruxelles pour un petit foot ou basket entre potes. Parcourir la France, l'Europe et plus si affinit\u00e9s pour suivre mes sportifs pr\u00e9f\u00e9r\u00e9s ? Mon kif ! Et c'est avec plaisir que je partage les r\u00e9sultats des sports populaires mais \u00e9galement plus confidentiels pour Dicodusport.","sameAs":["https:\/\/x.com\/https:\/\/twitter.com\/Shiclette94"],"url":"https:\/\/dicodusport.fr\/blog\/author\/arlette\/"}]}},"_links":{"self":[{"href":"https:\/\/dicodusport.fr\/blog\/wp-json\/wp\/v2\/posts\/111513","targetHints":{"allow":["GET"]}}],"collection":[{"href":"https:\/\/dicodusport.fr\/blog\/wp-json\/wp\/v2\/posts"}],"about":[{"href":"https:\/\/dicodusport.fr\/blog\/wp-json\/wp\/v2\/types\/post"}],"author":[{"embeddable":true,"href":"https:\/\/dicodusport.fr\/blog\/wp-json\/wp\/v2\/users\/12"}],"replies":[{"embeddable":true,"href":"https:\/\/dicodusport.fr\/blog\/wp-json\/wp\/v2\/comments?post=111513"}],"version-history":[{"count":0,"href":"https:\/\/dicodusport.fr\/blog\/wp-json\/wp\/v2\/posts\/111513\/revisions"}],"wp:featuredmedia":[{"embeddable":true,"href":"https:\/\/dicodusport.fr\/blog\/wp-json\/wp\/v2\/media\/111567"}],"wp:attachment":[{"href":"https:\/\/dicodusport.fr\/blog\/wp-json\/wp\/v2\/media?parent=111513"}],"wp:term":[{"taxonomy":"category","embeddable":true,"href":"https:\/\/dicodusport.fr\/blog\/wp-json\/wp\/v2\/categories?post=111513"},{"taxonomy":"post_tag","embeddable":true,"href":"https:\/\/dicodusport.fr\/blog\/wp-json\/wp\/v2\/tags?post=111513"}],"curies":[{"name":"wp","href":"https:\/\/api.w.org\/{rel}","templated":true}]}}