{"id":111676,"date":"2021-03-07T12:04:57","date_gmt":"2021-03-07T11:04:57","guid":{"rendered":"https:\/\/dicodusport.fr\/blog\/?p=111676&#038;preview=true&#038;preview_id=111676"},"modified":"2021-03-07T19:50:53","modified_gmt":"2021-03-07T18:50:53","slug":"saalbach-matthieu-bailet-2eme-du-super-g-derriere-marco-odermatt","status":"publish","type":"post","link":"https:\/\/dicodusport.fr\/blog\/saalbach-matthieu-bailet-2eme-du-super-g-derriere-marco-odermatt\/","title":{"rendered":"Saalbach : Matthieu Bailet 2\u00e8me du Super-G derri\u00e8re Marco Odermatt"},"content":{"rendered":"<p style=\"text-align: justify;\"><strong><em>SKI ALPIN &#8211; Le Fran\u00e7ais Matthieu Bailet s&rsquo;est offert son premier podium en Coupe du monde sur le Super-G de Saalbach-Hinterglemm, derri\u00e8re le Suisse Marco Odermatt qui \u00e9tait intouchable.<\/em><\/strong><\/p>\n<p style=\"text-align: justify;\">\u00c0 24 ans, le champion du monde juniors du Super-G en 2016 <strong>Matthieu Bailet<\/strong> monte pour la premi\u00e8re fois sur un podium de Coupe du monde. Parti un peu timidement, il a tenu le choc sur toute la longueur de la piste autrichienne, quand de nombreux concurrents ont eu du mal sur le bas. De son c\u00f4t\u00e9, <strong>Marco Odermatt<\/strong> \u00e9tait lui intouchable avec six dixi\u00e8mes d&rsquo;avance sur le Fran\u00e7ais, huit sur <strong>Vincent Kriechmayr<\/strong>, champion du monde et titre et qui compl\u00e8te le podium.<\/p>\n<h2 style=\"text-align: justify;\">Alexis Pinturault perd des plumes<\/h2>\n<p style=\"text-align: justify;\"><strong>Raphael Haaser<\/strong> et <strong>Beat Feuz<\/strong>, partis avec des gros dossards, ont r\u00e9alis\u00e9 deux belles performances pour venir compl\u00e9ter le top 5 au nez et \u00e0 la barbe de <strong>Matthias Mayer<\/strong> qui n&rsquo;est que sixi\u00e8me. <strong>Alexis Pinturault<\/strong>, qui s&rsquo;est \u00e9lanc\u00e9 avec le dossard 1, termine \u00e0 la 15\u00e8me place juste derri\u00e8re un autre Fran\u00e7ais, <strong>Blaise Giezendanner<\/strong>. Le leader fran\u00e7ais de la Coupe du monde voit <strong>Marco Odermatt<\/strong> se rapprocher au <a href=\"https:\/\/dicodusport.fr\/blog\/ski-alpin-coupe-du-monde-2020-2021-le-classement-general-hommes\/\" target=\"_blank\" rel=\"noopener\">classement g\u00e9n\u00e9ral de la Coupe du monde<\/a> puisque ce dernier n&rsquo;a plus que 81 points d&rsquo;avance.<\/p>\n<blockquote class=\"twitter-tweet\">\n<p dir=\"ltr\" lang=\"fr\">\u00ab\u00a0Place \u00e0 la jeunesse !\u00a0\u00bb<br \/>\nPremier podium en Coupe du monde pour Matthieu Bailet <a href=\"https:\/\/twitter.com\/bailet_matthieu?ref_src=twsrc%5Etfw\">@bailet_matthieu<\/a> ! 2\u00e8me place derri\u00e8re Marco Odermatt sur le super-G de <a href=\"https:\/\/twitter.com\/hashtag\/Saalbach?src=hash&amp;ref_src=twsrc%5Etfw\">#Saalbach<\/a> <a href=\"https:\/\/twitter.com\/FX_Rallet?ref_src=twsrc%5Etfw\">@FX_Rallet<\/a> <a href=\"https:\/\/twitter.com\/FedFranceSki?ref_src=twsrc%5Etfw\">@FedFranceSki<\/a> <a href=\"https:\/\/twitter.com\/VilledeNice?ref_src=twsrc%5Etfw\">@VilledeNice<\/a> <a href=\"https:\/\/t.co\/ZpyDtcIsZJ\">pic.twitter.com\/ZpyDtcIsZJ<\/a><\/p>\n<p>\u2014 Chalet &#x2744;&#xfe0f; Club (@ChaletClub2021) <a href=\"https:\/\/twitter.com\/ChaletClub2021\/status\/1368510588918394880?ref_src=twsrc%5Etfw\">March 7, 2021<\/a><\/p><\/blockquote>\n<p><script async src=\"https:\/\/platform.twitter.com\/widgets.js\" charset=\"utf-8\"><\/script><\/p>\n<p><strong><em>Dicodusport<br \/>\n<a href=\"https:\/\/www.facebook.com\/dicodusport\/\" target=\"_blank\" rel=\"noopener noreferrer\"><img loading=\"lazy\" decoding=\"async\" class=\"alignnone wp-image-2909\" src=\"http:\/\/dicodusport.fr\/blog\/wp-content\/uploads\/2017\/07\/logo-facebook-150x150.png\" alt=\"\" width=\"40\" height=\"40\" \/><\/a><a href=\"https:\/\/twitter.com\/dicodusport\" target=\"_blank\" rel=\"noopener noreferrer\"><img loading=\"lazy\" decoding=\"async\" class=\"alignnone wp-image-2908\" src=\"http:\/\/dicodusport.fr\/blog\/wp-content\/uploads\/2017\/07\/logo-twitter-150x150.png\" alt=\"\" width=\"39\" height=\"39\" \/><\/a><\/em><\/strong><\/p>\n","protected":false},"excerpt":{"rendered":"<p>SKI ALPIN &#8211; Le Fran\u00e7ais Matthieu Bailet s&rsquo;est offert son premier podium en Coupe du monde sur le Super-G de Saalbach-Hinterglemm, derri\u00e8re le Suisse Marco Odermatt qui \u00e9tait intouchable.<\/p>\n","protected":false},"author":1,"featured_media":111681,"comment_status":"open","ping_status":"closed","sticky":false,"template":"","format":"standard","meta":{"_acf_changed":false,"_daextam_enable_autolinks":"","footnotes":""},"categories":[9217],"tags":[15042,24],"class_list":["post-111676","post","type-post","status-publish","format-standard","has-post-thumbnail","hentry","category-ski","tag-marco-odermatt","tag-sport"],"acf":[],"yoast_head":"<!-- This site is optimized with the Yoast SEO Premium plugin v26.7 (Yoast SEO v26.7) - https:\/\/yoast.com\/wordpress\/plugins\/seo\/ -->\n<title>Saalbach : Matthieu Bailet 2\u00e8me du Super-G derri\u00e8re Marco Odermatt<\/title>\n<meta name=\"description\" content=\"SKI ALPIN - Le Fran\u00e7ais Mathieu Bailet s&#039;est offert son premier podium en Coupe du monde sur le Super-G de Saalbach-Hinterglemm.\" \/>\n<meta name=\"robots\" content=\"index, follow, max-snippet:-1, max-image-preview:large, max-video-preview:-1\" \/>\n<link rel=\"canonical\" href=\"https:\/\/dicodusport.fr\/blog\/saalbach-matthieu-bailet-2eme-du-super-g-derriere-marco-odermatt\/\" \/>\n<meta property=\"og:locale\" content=\"fr_FR\" \/>\n<meta property=\"og:type\" content=\"article\" \/>\n<meta property=\"og:title\" content=\"Saalbach : Matthieu Bailet 2\u00e8me du Super-G derri\u00e8re Marco Odermatt\" \/>\n<meta property=\"og:description\" content=\"SKI ALPIN - Le Fran\u00e7ais Mathieu Bailet s&#039;est offert son premier podium en Coupe du monde sur le Super-G de Saalbach-Hinterglemm.\" \/>\n<meta property=\"og:url\" content=\"https:\/\/dicodusport.fr\/blog\/saalbach-matthieu-bailet-2eme-du-super-g-derriere-marco-odermatt\/\" \/>\n<meta property=\"og:site_name\" content=\"Dicodusport\" \/>\n<meta property=\"article:publisher\" content=\"https:\/\/www.facebook.com\/dicodusport\" \/>\n<meta property=\"article:author\" content=\"https:\/\/www.facebook.com\/dicodusport\" \/>\n<meta property=\"article:published_time\" content=\"2021-03-07T11:04:57+00:00\" \/>\n<meta property=\"article:modified_time\" content=\"2021-03-07T18:50:53+00:00\" \/>\n<meta property=\"og:image\" content=\"https:\/\/dicodusport.fr\/blog\/wp-content\/uploads\/2021\/03\/Saalbach-Matthieu-Bailet-2eme-du-Super-G-derriere-Marco-Odermatt.png\" \/>\n\t<meta property=\"og:image:width\" content=\"800\" \/>\n\t<meta property=\"og:image:height\" content=\"445\" \/>\n\t<meta property=\"og:image:type\" content=\"image\/png\" \/>\n<meta name=\"author\" content=\"Nicolas Jacquemard\" \/>\n<meta name=\"twitter:card\" content=\"summary_large_image\" \/>\n<meta name=\"twitter:title\" content=\"Saalbach : Matthieu Bailet 2\u00e8me du Super-G derri\u00e8re Marco Odermatt\" \/>\n<meta name=\"twitter:creator\" content=\"@https:\/\/twitter.com\/Nico_Jacquemard\" \/>\n<meta name=\"twitter:site\" content=\"@dicodusport\" \/>\n<script type=\"application\/ld+json\" class=\"yoast-schema-graph\">{\"@context\":\"https:\/\/schema.org\",\"@graph\":[{\"@type\":\"NewsArticle\",\"@id\":\"https:\/\/dicodusport.fr\/blog\/saalbach-matthieu-bailet-2eme-du-super-g-derriere-marco-odermatt\/#article\",\"isPartOf\":{\"@id\":\"https:\/\/dicodusport.fr\/blog\/saalbach-matthieu-bailet-2eme-du-super-g-derriere-marco-odermatt\/\"},\"author\":{\"name\":\"Nicolas Jacquemard\",\"@id\":\"https:\/\/dicodusport.fr\/blog\/#\/schema\/person\/55dcb50ad410894e431ed812bbb70191\"},\"headline\":\"Saalbach : Matthieu Bailet 2\u00e8me du Super-G derri\u00e8re Marco Odermatt\",\"datePublished\":\"2021-03-07T11:04:57+00:00\",\"dateModified\":\"2021-03-07T18:50:53+00:00\",\"mainEntityOfPage\":{\"@id\":\"https:\/\/dicodusport.fr\/blog\/saalbach-matthieu-bailet-2eme-du-super-g-derriere-marco-odermatt\/\"},\"wordCount\":266,\"commentCount\":0,\"publisher\":{\"@id\":\"https:\/\/dicodusport.fr\/blog\/#organization\"},\"image\":{\"@id\":\"https:\/\/dicodusport.fr\/blog\/saalbach-matthieu-bailet-2eme-du-super-g-derriere-marco-odermatt\/#primaryimage\"},\"thumbnailUrl\":\"https:\/\/dicodusport.fr\/blog\/wp-content\/uploads\/2021\/03\/Saalbach-Matthieu-Bailet-2eme-du-Super-G-derriere-Marco-Odermatt.png\",\"keywords\":[\"Marco Odermatt\",\"sport\"],\"articleSection\":[\"Ski\"],\"inLanguage\":\"fr-FR\",\"potentialAction\":[{\"@type\":\"CommentAction\",\"name\":\"Comment\",\"target\":[\"https:\/\/dicodusport.fr\/blog\/saalbach-matthieu-bailet-2eme-du-super-g-derriere-marco-odermatt\/#respond\"]}],\"copyrightYear\":\"2021\",\"copyrightHolder\":{\"@id\":\"https:\/\/dicodusport.fr\/blog\/#organization\"}},{\"@type\":\"WebPage\",\"@id\":\"https:\/\/dicodusport.fr\/blog\/saalbach-matthieu-bailet-2eme-du-super-g-derriere-marco-odermatt\/\",\"url\":\"https:\/\/dicodusport.fr\/blog\/saalbach-matthieu-bailet-2eme-du-super-g-derriere-marco-odermatt\/\",\"name\":\"Saalbach : Matthieu Bailet 2\u00e8me du Super-G derri\u00e8re Marco Odermatt\",\"isPartOf\":{\"@id\":\"https:\/\/dicodusport.fr\/blog\/#website\"},\"primaryImageOfPage\":{\"@id\":\"https:\/\/dicodusport.fr\/blog\/saalbach-matthieu-bailet-2eme-du-super-g-derriere-marco-odermatt\/#primaryimage\"},\"image\":{\"@id\":\"https:\/\/dicodusport.fr\/blog\/saalbach-matthieu-bailet-2eme-du-super-g-derriere-marco-odermatt\/#primaryimage\"},\"thumbnailUrl\":\"https:\/\/dicodusport.fr\/blog\/wp-content\/uploads\/2021\/03\/Saalbach-Matthieu-Bailet-2eme-du-Super-G-derriere-Marco-Odermatt.png\",\"datePublished\":\"2021-03-07T11:04:57+00:00\",\"dateModified\":\"2021-03-07T18:50:53+00:00\",\"description\":\"SKI ALPIN - Le Fran\u00e7ais Mathieu Bailet s'est offert son premier podium en Coupe du monde sur le Super-G de Saalbach-Hinterglemm.\",\"breadcrumb\":{\"@id\":\"https:\/\/dicodusport.fr\/blog\/saalbach-matthieu-bailet-2eme-du-super-g-derriere-marco-odermatt\/#breadcrumb\"},\"inLanguage\":\"fr-FR\",\"potentialAction\":[{\"@type\":\"ReadAction\",\"target\":[\"https:\/\/dicodusport.fr\/blog\/saalbach-matthieu-bailet-2eme-du-super-g-derriere-marco-odermatt\/\"]}]},{\"@type\":\"ImageObject\",\"inLanguage\":\"fr-FR\",\"@id\":\"https:\/\/dicodusport.fr\/blog\/saalbach-matthieu-bailet-2eme-du-super-g-derriere-marco-odermatt\/#primaryimage\",\"url\":\"https:\/\/dicodusport.fr\/blog\/wp-content\/uploads\/2021\/03\/Saalbach-Matthieu-Bailet-2eme-du-Super-G-derriere-Marco-Odermatt.png\",\"contentUrl\":\"https:\/\/dicodusport.fr\/blog\/wp-content\/uploads\/2021\/03\/Saalbach-Matthieu-Bailet-2eme-du-Super-G-derriere-Marco-Odermatt.png\",\"width\":800,\"height\":445,\"caption\":\"Saalbach - Matthieu Bailet 2\u00e8me du Super-G derri\u00e8re Marco Odermatt\"},{\"@type\":\"BreadcrumbList\",\"@id\":\"https:\/\/dicodusport.fr\/blog\/saalbach-matthieu-bailet-2eme-du-super-g-derriere-marco-odermatt\/#breadcrumb\",\"itemListElement\":[{\"@type\":\"ListItem\",\"position\":1,\"name\":\"Accueil\",\"item\":\"https:\/\/dicodusport.fr\/blog\/\"},{\"@type\":\"ListItem\",\"position\":2,\"name\":\"Saalbach : Matthieu Bailet 2\u00e8me du Super-G derri\u00e8re Marco Odermatt\"}]},{\"@type\":\"WebSite\",\"@id\":\"https:\/\/dicodusport.fr\/blog\/#website\",\"url\":\"https:\/\/dicodusport.fr\/blog\/\",\"name\":\"Dicodusport\",\"description\":\"L&#039;encyclop\u00e9die de l&#039;actualit\u00e9 sportive\",\"publisher\":{\"@id\":\"https:\/\/dicodusport.fr\/blog\/#organization\"},\"potentialAction\":[{\"@type\":\"SearchAction\",\"target\":{\"@type\":\"EntryPoint\",\"urlTemplate\":\"https:\/\/dicodusport.fr\/blog\/?s={search_term_string}\"},\"query-input\":{\"@type\":\"PropertyValueSpecification\",\"valueRequired\":true,\"valueName\":\"search_term_string\"}}],\"inLanguage\":\"fr-FR\"},{\"@type\":\"NewsMediaOrganization\",\"@id\":\"https:\/\/dicodusport.fr\/blog\/#organization\",\"name\":\"Dicodusport\",\"url\":\"https:\/\/dicodusport.fr\/blog\/\",\"logo\":{\"@type\":\"ImageObject\",\"inLanguage\":\"fr-FR\",\"@id\":\"https:\/\/dicodusport.fr\/blog\/#\/schema\/logo\/image\/\",\"url\":\"https:\/\/dicodusport.fr\/blog\/wp-content\/uploads\/2020\/06\/cropped-LOGO-DICODUSPORT-2020-SANS-FOND-SANS-TEXTE.png\",\"contentUrl\":\"https:\/\/dicodusport.fr\/blog\/wp-content\/uploads\/2020\/06\/cropped-LOGO-DICODUSPORT-2020-SANS-FOND-SANS-TEXTE.png\",\"width\":512,\"height\":512,\"caption\":\"Dicodusport\"},\"image\":{\"@id\":\"https:\/\/dicodusport.fr\/blog\/#\/schema\/logo\/image\/\"},\"sameAs\":[\"https:\/\/www.facebook.com\/dicodusport\",\"https:\/\/x.com\/dicodusport\",\"https:\/\/www.instagram.com\/dicodusport\/\",\"https:\/\/www.youtube.com\/channel\/UC7V2KZ5sd3htJivAbA4ZG3w\"],\"description\":\"Dicodusport est l'encyclop\u00e9die de l'actualit\u00e9 sportive.\",\"email\":\"bonjour@dicodusport.fr\",\"legalName\":\"DICODUSPORT\",\"foundingDate\":\"2018-01-14\",\"vatID\":\"FR71834470973\",\"taxID\":\"83447097300043\",\"numberOfEmployees\":{\"@type\":\"QuantitativeValue\",\"minValue\":\"1\",\"maxValue\":\"10\"}},{\"@type\":\"Person\",\"@id\":\"https:\/\/dicodusport.fr\/blog\/#\/schema\/person\/55dcb50ad410894e431ed812bbb70191\",\"name\":\"Nicolas Jacquemard\",\"image\":{\"@type\":\"ImageObject\",\"inLanguage\":\"fr-FR\",\"@id\":\"https:\/\/dicodusport.fr\/blog\/#\/schema\/person\/image\/\",\"url\":\"https:\/\/dicodusport.fr\/blog\/wp-content\/uploads\/2021\/05\/Nicolas-Jacquemard-150x150.jpeg\",\"contentUrl\":\"https:\/\/dicodusport.fr\/blog\/wp-content\/uploads\/2021\/05\/Nicolas-Jacquemard-150x150.jpeg\",\"caption\":\"Nicolas Jacquemard\"},\"description\":\"Passionn\u00e9 de sport et entrepreneur depuis mes 18 ans, la cr\u00e9ation de Dicodusport m'a sembl\u00e9 \u00e9vidente pour participer \u00e0 la m\u00e9diatisation d'un plus grand nombre de sports. Le chemin est long mais avec une \u00e9quipe des plus motiv\u00e9es et les Jeux Olympiques de Paris 2024 en point de mire, nous y arriverons ! Journaliste dans le monde du sport depuis plus de 5 ans, je traite aussi bien de football, de rugby, de biathlon que de cyclisme.\",\"sameAs\":[\"https:\/\/www.facebook.com\/dicodusport\",\"https:\/\/x.com\/https:\/\/twitter.com\/Nico_Jacquemard\"],\"url\":\"https:\/\/dicodusport.fr\/blog\/author\/dicodusport\/\"}]}<\/script>\n<!-- \/ Yoast SEO Premium plugin. -->","yoast_head_json":{"title":"Saalbach : Matthieu Bailet 2\u00e8me du Super-G derri\u00e8re Marco Odermatt","description":"SKI ALPIN - Le Fran\u00e7ais Mathieu Bailet s'est offert son premier podium en Coupe du monde sur le Super-G de Saalbach-Hinterglemm.","robots":{"index":"index","follow":"follow","max-snippet":"max-snippet:-1","max-image-preview":"max-image-preview:large","max-video-preview":"max-video-preview:-1"},"canonical":"https:\/\/dicodusport.fr\/blog\/saalbach-matthieu-bailet-2eme-du-super-g-derriere-marco-odermatt\/","og_locale":"fr_FR","og_type":"article","og_title":"Saalbach : Matthieu Bailet 2\u00e8me du Super-G derri\u00e8re Marco Odermatt","og_description":"SKI ALPIN - Le Fran\u00e7ais Mathieu Bailet s'est offert son premier podium en Coupe du monde sur le Super-G de Saalbach-Hinterglemm.","og_url":"https:\/\/dicodusport.fr\/blog\/saalbach-matthieu-bailet-2eme-du-super-g-derriere-marco-odermatt\/","og_site_name":"Dicodusport","article_publisher":"https:\/\/www.facebook.com\/dicodusport","article_author":"https:\/\/www.facebook.com\/dicodusport","article_published_time":"2021-03-07T11:04:57+00:00","article_modified_time":"2021-03-07T18:50:53+00:00","og_image":[{"width":800,"height":445,"url":"https:\/\/dicodusport.fr\/blog\/wp-content\/uploads\/2021\/03\/Saalbach-Matthieu-Bailet-2eme-du-Super-G-derriere-Marco-Odermatt.png","type":"image\/png"}],"author":"Nicolas Jacquemard","twitter_card":"summary_large_image","twitter_title":"Saalbach : Matthieu Bailet 2\u00e8me du Super-G derri\u00e8re Marco Odermatt","twitter_creator":"@https:\/\/twitter.com\/Nico_Jacquemard","twitter_site":"@dicodusport","schema":{"@context":"https:\/\/schema.org","@graph":[{"@type":"NewsArticle","@id":"https:\/\/dicodusport.fr\/blog\/saalbach-matthieu-bailet-2eme-du-super-g-derriere-marco-odermatt\/#article","isPartOf":{"@id":"https:\/\/dicodusport.fr\/blog\/saalbach-matthieu-bailet-2eme-du-super-g-derriere-marco-odermatt\/"},"author":{"name":"Nicolas Jacquemard","@id":"https:\/\/dicodusport.fr\/blog\/#\/schema\/person\/55dcb50ad410894e431ed812bbb70191"},"headline":"Saalbach : Matthieu Bailet 2\u00e8me du Super-G derri\u00e8re Marco Odermatt","datePublished":"2021-03-07T11:04:57+00:00","dateModified":"2021-03-07T18:50:53+00:00","mainEntityOfPage":{"@id":"https:\/\/dicodusport.fr\/blog\/saalbach-matthieu-bailet-2eme-du-super-g-derriere-marco-odermatt\/"},"wordCount":266,"commentCount":0,"publisher":{"@id":"https:\/\/dicodusport.fr\/blog\/#organization"},"image":{"@id":"https:\/\/dicodusport.fr\/blog\/saalbach-matthieu-bailet-2eme-du-super-g-derriere-marco-odermatt\/#primaryimage"},"thumbnailUrl":"https:\/\/dicodusport.fr\/blog\/wp-content\/uploads\/2021\/03\/Saalbach-Matthieu-Bailet-2eme-du-Super-G-derriere-Marco-Odermatt.png","keywords":["Marco Odermatt","sport"],"articleSection":["Ski"],"inLanguage":"fr-FR","potentialAction":[{"@type":"CommentAction","name":"Comment","target":["https:\/\/dicodusport.fr\/blog\/saalbach-matthieu-bailet-2eme-du-super-g-derriere-marco-odermatt\/#respond"]}],"copyrightYear":"2021","copyrightHolder":{"@id":"https:\/\/dicodusport.fr\/blog\/#organization"}},{"@type":"WebPage","@id":"https:\/\/dicodusport.fr\/blog\/saalbach-matthieu-bailet-2eme-du-super-g-derriere-marco-odermatt\/","url":"https:\/\/dicodusport.fr\/blog\/saalbach-matthieu-bailet-2eme-du-super-g-derriere-marco-odermatt\/","name":"Saalbach : Matthieu Bailet 2\u00e8me du Super-G derri\u00e8re Marco Odermatt","isPartOf":{"@id":"https:\/\/dicodusport.fr\/blog\/#website"},"primaryImageOfPage":{"@id":"https:\/\/dicodusport.fr\/blog\/saalbach-matthieu-bailet-2eme-du-super-g-derriere-marco-odermatt\/#primaryimage"},"image":{"@id":"https:\/\/dicodusport.fr\/blog\/saalbach-matthieu-bailet-2eme-du-super-g-derriere-marco-odermatt\/#primaryimage"},"thumbnailUrl":"https:\/\/dicodusport.fr\/blog\/wp-content\/uploads\/2021\/03\/Saalbach-Matthieu-Bailet-2eme-du-Super-G-derriere-Marco-Odermatt.png","datePublished":"2021-03-07T11:04:57+00:00","dateModified":"2021-03-07T18:50:53+00:00","description":"SKI ALPIN - Le Fran\u00e7ais Mathieu Bailet s'est offert son premier podium en Coupe du monde sur le Super-G de Saalbach-Hinterglemm.","breadcrumb":{"@id":"https:\/\/dicodusport.fr\/blog\/saalbach-matthieu-bailet-2eme-du-super-g-derriere-marco-odermatt\/#breadcrumb"},"inLanguage":"fr-FR","potentialAction":[{"@type":"ReadAction","target":["https:\/\/dicodusport.fr\/blog\/saalbach-matthieu-bailet-2eme-du-super-g-derriere-marco-odermatt\/"]}]},{"@type":"ImageObject","inLanguage":"fr-FR","@id":"https:\/\/dicodusport.fr\/blog\/saalbach-matthieu-bailet-2eme-du-super-g-derriere-marco-odermatt\/#primaryimage","url":"https:\/\/dicodusport.fr\/blog\/wp-content\/uploads\/2021\/03\/Saalbach-Matthieu-Bailet-2eme-du-Super-G-derriere-Marco-Odermatt.png","contentUrl":"https:\/\/dicodusport.fr\/blog\/wp-content\/uploads\/2021\/03\/Saalbach-Matthieu-Bailet-2eme-du-Super-G-derriere-Marco-Odermatt.png","width":800,"height":445,"caption":"Saalbach - Matthieu Bailet 2\u00e8me du Super-G derri\u00e8re Marco Odermatt"},{"@type":"BreadcrumbList","@id":"https:\/\/dicodusport.fr\/blog\/saalbach-matthieu-bailet-2eme-du-super-g-derriere-marco-odermatt\/#breadcrumb","itemListElement":[{"@type":"ListItem","position":1,"name":"Accueil","item":"https:\/\/dicodusport.fr\/blog\/"},{"@type":"ListItem","position":2,"name":"Saalbach : Matthieu Bailet 2\u00e8me du Super-G derri\u00e8re Marco Odermatt"}]},{"@type":"WebSite","@id":"https:\/\/dicodusport.fr\/blog\/#website","url":"https:\/\/dicodusport.fr\/blog\/","name":"Dicodusport","description":"L&#039;encyclop\u00e9die de l&#039;actualit\u00e9 sportive","publisher":{"@id":"https:\/\/dicodusport.fr\/blog\/#organization"},"potentialAction":[{"@type":"SearchAction","target":{"@type":"EntryPoint","urlTemplate":"https:\/\/dicodusport.fr\/blog\/?s={search_term_string}"},"query-input":{"@type":"PropertyValueSpecification","valueRequired":true,"valueName":"search_term_string"}}],"inLanguage":"fr-FR"},{"@type":"NewsMediaOrganization","@id":"https:\/\/dicodusport.fr\/blog\/#organization","name":"Dicodusport","url":"https:\/\/dicodusport.fr\/blog\/","logo":{"@type":"ImageObject","inLanguage":"fr-FR","@id":"https:\/\/dicodusport.fr\/blog\/#\/schema\/logo\/image\/","url":"https:\/\/dicodusport.fr\/blog\/wp-content\/uploads\/2020\/06\/cropped-LOGO-DICODUSPORT-2020-SANS-FOND-SANS-TEXTE.png","contentUrl":"https:\/\/dicodusport.fr\/blog\/wp-content\/uploads\/2020\/06\/cropped-LOGO-DICODUSPORT-2020-SANS-FOND-SANS-TEXTE.png","width":512,"height":512,"caption":"Dicodusport"},"image":{"@id":"https:\/\/dicodusport.fr\/blog\/#\/schema\/logo\/image\/"},"sameAs":["https:\/\/www.facebook.com\/dicodusport","https:\/\/x.com\/dicodusport","https:\/\/www.instagram.com\/dicodusport\/","https:\/\/www.youtube.com\/channel\/UC7V2KZ5sd3htJivAbA4ZG3w"],"description":"Dicodusport est l'encyclop\u00e9die de l'actualit\u00e9 sportive.","email":"bonjour@dicodusport.fr","legalName":"DICODUSPORT","foundingDate":"2018-01-14","vatID":"FR71834470973","taxID":"83447097300043","numberOfEmployees":{"@type":"QuantitativeValue","minValue":"1","maxValue":"10"}},{"@type":"Person","@id":"https:\/\/dicodusport.fr\/blog\/#\/schema\/person\/55dcb50ad410894e431ed812bbb70191","name":"Nicolas Jacquemard","image":{"@type":"ImageObject","inLanguage":"fr-FR","@id":"https:\/\/dicodusport.fr\/blog\/#\/schema\/person\/image\/","url":"https:\/\/dicodusport.fr\/blog\/wp-content\/uploads\/2021\/05\/Nicolas-Jacquemard-150x150.jpeg","contentUrl":"https:\/\/dicodusport.fr\/blog\/wp-content\/uploads\/2021\/05\/Nicolas-Jacquemard-150x150.jpeg","caption":"Nicolas Jacquemard"},"description":"Passionn\u00e9 de sport et entrepreneur depuis mes 18 ans, la cr\u00e9ation de Dicodusport m'a sembl\u00e9 \u00e9vidente pour participer \u00e0 la m\u00e9diatisation d'un plus grand nombre de sports. Le chemin est long mais avec une \u00e9quipe des plus motiv\u00e9es et les Jeux Olympiques de Paris 2024 en point de mire, nous y arriverons ! Journaliste dans le monde du sport depuis plus de 5 ans, je traite aussi bien de football, de rugby, de biathlon que de cyclisme.","sameAs":["https:\/\/www.facebook.com\/dicodusport","https:\/\/x.com\/https:\/\/twitter.com\/Nico_Jacquemard"],"url":"https:\/\/dicodusport.fr\/blog\/author\/dicodusport\/"}]}},"_links":{"self":[{"href":"https:\/\/dicodusport.fr\/blog\/wp-json\/wp\/v2\/posts\/111676","targetHints":{"allow":["GET"]}}],"collection":[{"href":"https:\/\/dicodusport.fr\/blog\/wp-json\/wp\/v2\/posts"}],"about":[{"href":"https:\/\/dicodusport.fr\/blog\/wp-json\/wp\/v2\/types\/post"}],"author":[{"embeddable":true,"href":"https:\/\/dicodusport.fr\/blog\/wp-json\/wp\/v2\/users\/1"}],"replies":[{"embeddable":true,"href":"https:\/\/dicodusport.fr\/blog\/wp-json\/wp\/v2\/comments?post=111676"}],"version-history":[{"count":0,"href":"https:\/\/dicodusport.fr\/blog\/wp-json\/wp\/v2\/posts\/111676\/revisions"}],"wp:featuredmedia":[{"embeddable":true,"href":"https:\/\/dicodusport.fr\/blog\/wp-json\/wp\/v2\/media\/111681"}],"wp:attachment":[{"href":"https:\/\/dicodusport.fr\/blog\/wp-json\/wp\/v2\/media?parent=111676"}],"wp:term":[{"taxonomy":"category","embeddable":true,"href":"https:\/\/dicodusport.fr\/blog\/wp-json\/wp\/v2\/categories?post=111676"},{"taxonomy":"post_tag","embeddable":true,"href":"https:\/\/dicodusport.fr\/blog\/wp-json\/wp\/v2\/tags?post=111676"}],"curies":[{"name":"wp","href":"https:\/\/api.w.org\/{rel}","templated":true}]}}