{"id":111744,"date":"2021-03-07T16:33:22","date_gmt":"2021-03-07T15:33:22","guid":{"rendered":"https:\/\/dicodusport.fr\/blog\/?p=111744&#038;preview=true&#038;preview_id=111744"},"modified":"2021-03-07T18:18:05","modified_gmt":"2021-03-07T17:18:05","slug":"nove-mesto-simon-desthieux-sur-le-podium-de-la-poursuite-derriere-freres-boe","status":"publish","type":"post","link":"https:\/\/dicodusport.fr\/blog\/nove-mesto-simon-desthieux-sur-le-podium-de-la-poursuite-derriere-freres-boe\/","title":{"rendered":"Nove Mesto : Simon Desthieux sur le podium de la poursuite derri\u00e8re les fr\u00e8res Boe"},"content":{"rendered":"<p style=\"text-align: justify;\"><strong><em><a href=\"https:\/\/dicodusport.fr\/blog\/biathlon-nove-mesto-programme-complet-8eme-etape-coupe-du-monde\/\" target=\"_blank\" rel=\"noopener\">BIATHLON &#8211; NOVE MESTO<\/a> &#8211; Au terme d&rsquo;un course folle, Tarjei Boe a remport\u00e9 la poursuite de Nove Mesto (R\u00e9publique Tch\u00e8que), devant son fr\u00e8re Johannes. Vainqueur du sprint samedi, Simon Desthieux compl\u00e8te le podium.<\/em><\/strong><\/p>\n<p style=\"text-align: justify;\">Fou ! La poursuite masculine ce dimanche a \u00e9t\u00e9 royale de par son sc\u00e9nario. En t\u00eate aux c\u00f4t\u00e9s d&rsquo;<strong>Emilien Jacquelin<\/strong> avant le dernier tir debout, <strong>Tarjei Boe<\/strong> est all\u00e9 s&rsquo;imposer en costaud, et ce pour la 3\u00e8me fois cette saison. Avec une seule faute au tir (1-0-0-0), l&rsquo;a\u00een\u00e9 des fr\u00e8res Boe a profit\u00e9 de la (seule) faute du champion du monde de la sp\u00e9cialit\u00e9 pour aller s&rsquo;imposer. Derri\u00e8re, son fr\u00e8re <strong>Johannes Boe<\/strong>, \u00e0 la faute \u00e0 deux reprises sur le premier couch\u00e9, a ensuite \u00e9t\u00e9 imp\u00e9rial face aux cibles (18\/20, 2-0-0-0) mais aussi et surtout sur les skis pour venir prendre la deuxi\u00e8me place pour un nouveau <em>Boedium<\/em>. Le cadet de la fratrie norv\u00e9gienne vient quant \u00e0 lui rappeler \u00e0 <strong>Sturla Laegreid<\/strong>, 5\u00e8me aujourd&rsquo;hui, qu&rsquo;il reste le patron.<\/p>\n<h2 style=\"text-align: justify;\">La belle semaine de Desthieux<\/h2>\n<p style=\"text-align: justify;\">Vainqueur samedi de sa premi\u00e8re course individuelle en Coupe du monde, <strong>Simon Desthieux<\/strong> a confirm\u00e9 sa forme de feu. Avec un 18\/20 (0-2-0-0), le natif de l&rsquo;Ain a \u00e9t\u00e9 solide dans le dernier tour pour devancer au sprint <strong>Jakov Fak<\/strong> et <strong>Sturla Laegreid<\/strong>, mais aussi <strong>Quentin Fillon Maillet<\/strong> (6\u00e8me, 18\/20) et <strong>\u00c9milien Jacquelin<\/strong> (19\/20). <strong>Antonin Guigonnat<\/strong> est 21\u00e8me (15\/20), <strong>Fabien Claude<\/strong> 49\u00e8me (15\/20).<\/p>\n<blockquote class=\"twitter-tweet\">\n<p dir=\"ltr\" lang=\"fr\">Quelle semaine pour Simon Desthieux ! Apr\u00e8s la victoire dans le sprint, le Fran\u00e7ais termine 3e derri\u00e8re les fr\u00e8res Boe. La victoire pour Tarjei, la deuxi\u00e8me place pour Johannes<\/p>\n<p>Jacquelin et Fillon Maillet terminent \u00e0 de tr\u00e8s belles places <a href=\"https:\/\/t.co\/efpY3pncgG\">pic.twitter.com\/efpY3pncgG<\/a><\/p>\n<p>\u2014 la chaine L&rsquo;\u00c9quipe (@lachainelequipe) <a href=\"https:\/\/twitter.com\/lachainelequipe\/status\/1368584979802906626?ref_src=twsrc%5Etfw\">March 7, 2021<\/a><\/p><\/blockquote>\n<p><script async src=\"https:\/\/platform.twitter.com\/widgets.js\" charset=\"utf-8\"><\/script><\/p>\n<h2 style=\"text-align: justify;\">\u00c0 lire aussi<\/h2>\n<ul style=\"text-align: justify;\">\n<li><strong><a href=\"https:\/\/dicodusport.fr\/blog\/biathlon-nove-mesto-classement-poursuite-hommes\/\" target=\"_blank\" rel=\"noopener\">Nove Mesto : le classement de la poursuite hommes<\/a><\/strong><\/li>\n<li><strong><a href=\"https:\/\/dicodusport.fr\/blog\/biathlon-coupe-du-monde-2020-2021-classement-general-hommes\/\" target=\"_blank\" rel=\"noopener\">Le classement g\u00e9n\u00e9ral de la Coupe du monde 2020-2021<\/a>\u00a0<\/strong><\/li>\n<\/ul>\n<p style=\"text-align: justify;\"><strong><em>Dicodusport<br \/>\n<a href=\"https:\/\/www.facebook.com\/dicodusport\/\" target=\"_blank\" rel=\"noopener noreferrer\"><img loading=\"lazy\" decoding=\"async\" class=\"alignnone wp-image-2909\" src=\"http:\/\/dicodusport.fr\/blog\/wp-content\/uploads\/2017\/07\/logo-facebook-150x150.png\" alt=\"\" width=\"40\" height=\"40\" \/><\/a><a href=\"https:\/\/twitter.com\/dicodusport\" target=\"_blank\" rel=\"noopener noreferrer\"><img loading=\"lazy\" decoding=\"async\" class=\"alignnone wp-image-2908\" src=\"http:\/\/dicodusport.fr\/blog\/wp-content\/uploads\/2017\/07\/logo-twitter-150x150.png\" alt=\"\" width=\"39\" height=\"39\" \/><\/a><\/em><\/strong><\/p>\n","protected":false},"excerpt":{"rendered":"<p>BIATHLON &#8211; NOVE MESTO &#8211; Au terme d&rsquo;un course folle, Tarjei Boe a remport\u00e9 la poursuite de Nove Mesto (R\u00e9publique Tch\u00e8que), devant son fr\u00e8re Johannes. Vainqueur du sprint samedi, Simon Desthieux compl\u00e8te le podium.<\/p>\n","protected":false},"author":4,"featured_media":111756,"comment_status":"open","ping_status":"closed","sticky":false,"template":"","format":"standard","meta":{"_acf_changed":false,"_daextam_enable_autolinks":"","footnotes":""},"categories":[47040],"tags":[14874],"class_list":["post-111744","post","type-post","status-publish","format-standard","has-post-thumbnail","hentry","category-coupe-du-monde-de-biathlon","tag-biathlon-nove-mesto"],"acf":[],"yoast_head":"<!-- This site is optimized with the Yoast SEO Premium plugin v26.7 (Yoast SEO v26.7) - https:\/\/yoast.com\/wordpress\/plugins\/seo\/ -->\n<title>Nove Mesto : Simon Desthieux sur le podium de la poursuite derri\u00e8re les fr\u00e8res Boe<\/title>\n<meta name=\"description\" content=\"BIATHLON - NOVE MESTO - Au terme d&#039;un course folle, Tarjei Boe a remport\u00e9 la poursuite de Nove Mesto (R\u00e9publique Tch\u00e8que).\" \/>\n<meta name=\"robots\" content=\"index, follow, max-snippet:-1, max-image-preview:large, max-video-preview:-1\" \/>\n<link rel=\"canonical\" href=\"https:\/\/dicodusport.fr\/blog\/nove-mesto-simon-desthieux-sur-le-podium-de-la-poursuite-derriere-freres-boe\/\" \/>\n<meta property=\"og:locale\" content=\"fr_FR\" \/>\n<meta property=\"og:type\" content=\"article\" \/>\n<meta property=\"og:title\" content=\"Nove Mesto : Simon Desthieux sur le podium de la poursuite derri\u00e8re les fr\u00e8res Boe\" \/>\n<meta property=\"og:description\" content=\"BIATHLON - NOVE MESTO - Au terme d&#039;un course folle, Tarjei Boe a remport\u00e9 la poursuite de Nove Mesto (R\u00e9publique Tch\u00e8que).\" \/>\n<meta property=\"og:url\" content=\"https:\/\/dicodusport.fr\/blog\/nove-mesto-simon-desthieux-sur-le-podium-de-la-poursuite-derriere-freres-boe\/\" \/>\n<meta property=\"og:site_name\" content=\"Dicodusport\" \/>\n<meta property=\"article:publisher\" content=\"https:\/\/www.facebook.com\/dicodusport\" \/>\n<meta property=\"article:author\" content=\"https:\/\/www.facebook.com\/florent.ostermann\" \/>\n<meta property=\"article:published_time\" content=\"2021-03-07T15:33:22+00:00\" \/>\n<meta property=\"article:modified_time\" content=\"2021-03-07T17:18:05+00:00\" \/>\n<meta property=\"og:image\" content=\"https:\/\/dicodusport.fr\/blog\/wp-content\/uploads\/2021\/03\/Nove-Mesto-Simon-Desthieux-sur-le-podium-de-la-poursuite-derriere-les-freres-Boe.png\" \/>\n\t<meta property=\"og:image:width\" content=\"800\" \/>\n\t<meta property=\"og:image:height\" content=\"445\" \/>\n\t<meta property=\"og:image:type\" content=\"image\/png\" \/>\n<meta name=\"author\" content=\"Flo Ostermann\" \/>\n<meta name=\"twitter:card\" content=\"summary_large_image\" \/>\n<meta name=\"twitter:title\" content=\"Nove Mesto : Simon Desthieux sur le podium de la poursuite derri\u00e8re les fr\u00e8res Boe\" \/>\n<meta name=\"twitter:creator\" content=\"@https:\/\/twitter.com\/FlOstermann\" \/>\n<meta name=\"twitter:site\" content=\"@dicodusport\" \/>\n<script type=\"application\/ld+json\" class=\"yoast-schema-graph\">{\"@context\":\"https:\/\/schema.org\",\"@graph\":[{\"@type\":\"NewsArticle\",\"@id\":\"https:\/\/dicodusport.fr\/blog\/nove-mesto-simon-desthieux-sur-le-podium-de-la-poursuite-derriere-freres-boe\/#article\",\"isPartOf\":{\"@id\":\"https:\/\/dicodusport.fr\/blog\/nove-mesto-simon-desthieux-sur-le-podium-de-la-poursuite-derriere-freres-boe\/\"},\"author\":{\"name\":\"Flo Ostermann\",\"@id\":\"https:\/\/dicodusport.fr\/blog\/#\/schema\/person\/cb02af4c173ce4a653b55e9baf388d4a\"},\"headline\":\"Nove Mesto : Simon Desthieux sur le podium de la poursuite derri\u00e8re les fr\u00e8res Boe\",\"datePublished\":\"2021-03-07T15:33:22+00:00\",\"dateModified\":\"2021-03-07T17:18:05+00:00\",\"mainEntityOfPage\":{\"@id\":\"https:\/\/dicodusport.fr\/blog\/nove-mesto-simon-desthieux-sur-le-podium-de-la-poursuite-derriere-freres-boe\/\"},\"wordCount\":342,\"commentCount\":0,\"publisher\":{\"@id\":\"https:\/\/dicodusport.fr\/blog\/#organization\"},\"image\":{\"@id\":\"https:\/\/dicodusport.fr\/blog\/nove-mesto-simon-desthieux-sur-le-podium-de-la-poursuite-derriere-freres-boe\/#primaryimage\"},\"thumbnailUrl\":\"https:\/\/dicodusport.fr\/blog\/wp-content\/uploads\/2021\/03\/Nove-Mesto-Simon-Desthieux-sur-le-podium-de-la-poursuite-derriere-les-freres-Boe.png\",\"keywords\":[\"Biathlon Nove Mesto\"],\"articleSection\":[\"Coupe du monde de biathlon\"],\"inLanguage\":\"fr-FR\",\"potentialAction\":[{\"@type\":\"CommentAction\",\"name\":\"Comment\",\"target\":[\"https:\/\/dicodusport.fr\/blog\/nove-mesto-simon-desthieux-sur-le-podium-de-la-poursuite-derriere-freres-boe\/#respond\"]}],\"copyrightYear\":\"2021\",\"copyrightHolder\":{\"@id\":\"https:\/\/dicodusport.fr\/blog\/#organization\"}},{\"@type\":\"WebPage\",\"@id\":\"https:\/\/dicodusport.fr\/blog\/nove-mesto-simon-desthieux-sur-le-podium-de-la-poursuite-derriere-freres-boe\/\",\"url\":\"https:\/\/dicodusport.fr\/blog\/nove-mesto-simon-desthieux-sur-le-podium-de-la-poursuite-derriere-freres-boe\/\",\"name\":\"Nove Mesto : Simon Desthieux sur le podium de la poursuite derri\u00e8re les fr\u00e8res Boe\",\"isPartOf\":{\"@id\":\"https:\/\/dicodusport.fr\/blog\/#website\"},\"primaryImageOfPage\":{\"@id\":\"https:\/\/dicodusport.fr\/blog\/nove-mesto-simon-desthieux-sur-le-podium-de-la-poursuite-derriere-freres-boe\/#primaryimage\"},\"image\":{\"@id\":\"https:\/\/dicodusport.fr\/blog\/nove-mesto-simon-desthieux-sur-le-podium-de-la-poursuite-derriere-freres-boe\/#primaryimage\"},\"thumbnailUrl\":\"https:\/\/dicodusport.fr\/blog\/wp-content\/uploads\/2021\/03\/Nove-Mesto-Simon-Desthieux-sur-le-podium-de-la-poursuite-derriere-les-freres-Boe.png\",\"datePublished\":\"2021-03-07T15:33:22+00:00\",\"dateModified\":\"2021-03-07T17:18:05+00:00\",\"description\":\"BIATHLON - NOVE MESTO - Au terme d'un course folle, Tarjei Boe a remport\u00e9 la poursuite de Nove Mesto (R\u00e9publique Tch\u00e8que).\",\"breadcrumb\":{\"@id\":\"https:\/\/dicodusport.fr\/blog\/nove-mesto-simon-desthieux-sur-le-podium-de-la-poursuite-derriere-freres-boe\/#breadcrumb\"},\"inLanguage\":\"fr-FR\",\"potentialAction\":[{\"@type\":\"ReadAction\",\"target\":[\"https:\/\/dicodusport.fr\/blog\/nove-mesto-simon-desthieux-sur-le-podium-de-la-poursuite-derriere-freres-boe\/\"]}]},{\"@type\":\"ImageObject\",\"inLanguage\":\"fr-FR\",\"@id\":\"https:\/\/dicodusport.fr\/blog\/nove-mesto-simon-desthieux-sur-le-podium-de-la-poursuite-derriere-freres-boe\/#primaryimage\",\"url\":\"https:\/\/dicodusport.fr\/blog\/wp-content\/uploads\/2021\/03\/Nove-Mesto-Simon-Desthieux-sur-le-podium-de-la-poursuite-derriere-les-freres-Boe.png\",\"contentUrl\":\"https:\/\/dicodusport.fr\/blog\/wp-content\/uploads\/2021\/03\/Nove-Mesto-Simon-Desthieux-sur-le-podium-de-la-poursuite-derriere-les-freres-Boe.png\",\"width\":800,\"height\":445,\"caption\":\"Nove Mesto : Simon Desthieux sur le podium de la poursuite derri\u00e8re les fr\u00e8res Boe\"},{\"@type\":\"BreadcrumbList\",\"@id\":\"https:\/\/dicodusport.fr\/blog\/nove-mesto-simon-desthieux-sur-le-podium-de-la-poursuite-derriere-freres-boe\/#breadcrumb\",\"itemListElement\":[{\"@type\":\"ListItem\",\"position\":1,\"name\":\"Accueil\",\"item\":\"https:\/\/dicodusport.fr\/blog\/\"},{\"@type\":\"ListItem\",\"position\":2,\"name\":\"Nove Mesto : Simon Desthieux sur le podium de la poursuite derri\u00e8re les fr\u00e8res Boe\"}]},{\"@type\":\"WebSite\",\"@id\":\"https:\/\/dicodusport.fr\/blog\/#website\",\"url\":\"https:\/\/dicodusport.fr\/blog\/\",\"name\":\"Dicodusport\",\"description\":\"L&#039;encyclop\u00e9die de l&#039;actualit\u00e9 sportive\",\"publisher\":{\"@id\":\"https:\/\/dicodusport.fr\/blog\/#organization\"},\"potentialAction\":[{\"@type\":\"SearchAction\",\"target\":{\"@type\":\"EntryPoint\",\"urlTemplate\":\"https:\/\/dicodusport.fr\/blog\/?s={search_term_string}\"},\"query-input\":{\"@type\":\"PropertyValueSpecification\",\"valueRequired\":true,\"valueName\":\"search_term_string\"}}],\"inLanguage\":\"fr-FR\"},{\"@type\":\"NewsMediaOrganization\",\"@id\":\"https:\/\/dicodusport.fr\/blog\/#organization\",\"name\":\"Dicodusport\",\"url\":\"https:\/\/dicodusport.fr\/blog\/\",\"logo\":{\"@type\":\"ImageObject\",\"inLanguage\":\"fr-FR\",\"@id\":\"https:\/\/dicodusport.fr\/blog\/#\/schema\/logo\/image\/\",\"url\":\"https:\/\/dicodusport.fr\/blog\/wp-content\/uploads\/2020\/06\/cropped-LOGO-DICODUSPORT-2020-SANS-FOND-SANS-TEXTE.png\",\"contentUrl\":\"https:\/\/dicodusport.fr\/blog\/wp-content\/uploads\/2020\/06\/cropped-LOGO-DICODUSPORT-2020-SANS-FOND-SANS-TEXTE.png\",\"width\":512,\"height\":512,\"caption\":\"Dicodusport\"},\"image\":{\"@id\":\"https:\/\/dicodusport.fr\/blog\/#\/schema\/logo\/image\/\"},\"sameAs\":[\"https:\/\/www.facebook.com\/dicodusport\",\"https:\/\/x.com\/dicodusport\",\"https:\/\/www.instagram.com\/dicodusport\/\",\"https:\/\/www.youtube.com\/channel\/UC7V2KZ5sd3htJivAbA4ZG3w\"],\"description\":\"Dicodusport est l'encyclop\u00e9die de l'actualit\u00e9 sportive.\",\"email\":\"bonjour@dicodusport.fr\",\"legalName\":\"DICODUSPORT\",\"foundingDate\":\"2018-01-14\",\"vatID\":\"FR71834470973\",\"taxID\":\"83447097300043\",\"numberOfEmployees\":{\"@type\":\"QuantitativeValue\",\"minValue\":\"1\",\"maxValue\":\"10\"}},{\"@type\":\"Person\",\"@id\":\"https:\/\/dicodusport.fr\/blog\/#\/schema\/person\/cb02af4c173ce4a653b55e9baf388d4a\",\"name\":\"Flo Ostermann\",\"image\":{\"@type\":\"ImageObject\",\"inLanguage\":\"fr-FR\",\"@id\":\"https:\/\/dicodusport.fr\/blog\/#\/schema\/person\/image\/\",\"url\":\"https:\/\/dicodusport.fr\/blog\/wp-content\/uploads\/2021\/05\/Flo-Ostermann-150x150.jpg\",\"contentUrl\":\"https:\/\/dicodusport.fr\/blog\/wp-content\/uploads\/2021\/05\/Flo-Ostermann-150x150.jpg\",\"caption\":\"Flo Ostermann\"},\"description\":\"Journaliste\/R\u00e9dacteur depuis septembre 2015 - Mes premiers souvenirs dans le sport ? Les envol\u00e9es du Stade Toulousain et les duels Villeneuve-Schumacher et H\u00e4kkinen-Schumacher \u00e0 la fin des ann\u00e9es 90, la Coupe du monde de football en 1998, l\u2019exploit du XV de France face aux All Blacks en 1999, mais aussi Richard C\u0153ur de Lion qui vole sur les montagnes du Tour de France. Bien parti pour devenir professeur d\u2019EPS, les \u00e9v\u00e9nements de la vie (et la flemme d\u2019animer des s\u00e9ances de 3x500 m\u00e8tres toute ma vie) m\u2019ont conduit \u00e0 revoir mes plans. Me voil\u00e0 depuis fin 2017 sur Dicodusport, m\u00e9dia gr\u00e2ce (et pour) lequel je partage ma passion : le sport dans tous ses \u00e9tats. Le tout accompagn\u00e9 par les fous furieux et folles furieuses cit\u00e9s sur cette page !\",\"sameAs\":[\"https:\/\/www.facebook.com\/florent.ostermann\",\"https:\/\/x.com\/https:\/\/twitter.com\/FlOstermann\",\"admin\"],\"url\":\"https:\/\/dicodusport.fr\/blog\/author\/flo\/\"}]}<\/script>\n<!-- \/ Yoast SEO Premium plugin. -->","yoast_head_json":{"title":"Nove Mesto : Simon Desthieux sur le podium de la poursuite derri\u00e8re les fr\u00e8res Boe","description":"BIATHLON - NOVE MESTO - Au terme d'un course folle, Tarjei Boe a remport\u00e9 la poursuite de Nove Mesto (R\u00e9publique Tch\u00e8que).","robots":{"index":"index","follow":"follow","max-snippet":"max-snippet:-1","max-image-preview":"max-image-preview:large","max-video-preview":"max-video-preview:-1"},"canonical":"https:\/\/dicodusport.fr\/blog\/nove-mesto-simon-desthieux-sur-le-podium-de-la-poursuite-derriere-freres-boe\/","og_locale":"fr_FR","og_type":"article","og_title":"Nove Mesto : Simon Desthieux sur le podium de la poursuite derri\u00e8re les fr\u00e8res Boe","og_description":"BIATHLON - NOVE MESTO - Au terme d'un course folle, Tarjei Boe a remport\u00e9 la poursuite de Nove Mesto (R\u00e9publique Tch\u00e8que).","og_url":"https:\/\/dicodusport.fr\/blog\/nove-mesto-simon-desthieux-sur-le-podium-de-la-poursuite-derriere-freres-boe\/","og_site_name":"Dicodusport","article_publisher":"https:\/\/www.facebook.com\/dicodusport","article_author":"https:\/\/www.facebook.com\/florent.ostermann","article_published_time":"2021-03-07T15:33:22+00:00","article_modified_time":"2021-03-07T17:18:05+00:00","og_image":[{"width":800,"height":445,"url":"https:\/\/dicodusport.fr\/blog\/wp-content\/uploads\/2021\/03\/Nove-Mesto-Simon-Desthieux-sur-le-podium-de-la-poursuite-derriere-les-freres-Boe.png","type":"image\/png"}],"author":"Flo Ostermann","twitter_card":"summary_large_image","twitter_title":"Nove Mesto : Simon Desthieux sur le podium de la poursuite derri\u00e8re les fr\u00e8res Boe","twitter_creator":"@https:\/\/twitter.com\/FlOstermann","twitter_site":"@dicodusport","schema":{"@context":"https:\/\/schema.org","@graph":[{"@type":"NewsArticle","@id":"https:\/\/dicodusport.fr\/blog\/nove-mesto-simon-desthieux-sur-le-podium-de-la-poursuite-derriere-freres-boe\/#article","isPartOf":{"@id":"https:\/\/dicodusport.fr\/blog\/nove-mesto-simon-desthieux-sur-le-podium-de-la-poursuite-derriere-freres-boe\/"},"author":{"name":"Flo Ostermann","@id":"https:\/\/dicodusport.fr\/blog\/#\/schema\/person\/cb02af4c173ce4a653b55e9baf388d4a"},"headline":"Nove Mesto : Simon Desthieux sur le podium de la poursuite derri\u00e8re les fr\u00e8res Boe","datePublished":"2021-03-07T15:33:22+00:00","dateModified":"2021-03-07T17:18:05+00:00","mainEntityOfPage":{"@id":"https:\/\/dicodusport.fr\/blog\/nove-mesto-simon-desthieux-sur-le-podium-de-la-poursuite-derriere-freres-boe\/"},"wordCount":342,"commentCount":0,"publisher":{"@id":"https:\/\/dicodusport.fr\/blog\/#organization"},"image":{"@id":"https:\/\/dicodusport.fr\/blog\/nove-mesto-simon-desthieux-sur-le-podium-de-la-poursuite-derriere-freres-boe\/#primaryimage"},"thumbnailUrl":"https:\/\/dicodusport.fr\/blog\/wp-content\/uploads\/2021\/03\/Nove-Mesto-Simon-Desthieux-sur-le-podium-de-la-poursuite-derriere-les-freres-Boe.png","keywords":["Biathlon Nove Mesto"],"articleSection":["Coupe du monde de biathlon"],"inLanguage":"fr-FR","potentialAction":[{"@type":"CommentAction","name":"Comment","target":["https:\/\/dicodusport.fr\/blog\/nove-mesto-simon-desthieux-sur-le-podium-de-la-poursuite-derriere-freres-boe\/#respond"]}],"copyrightYear":"2021","copyrightHolder":{"@id":"https:\/\/dicodusport.fr\/blog\/#organization"}},{"@type":"WebPage","@id":"https:\/\/dicodusport.fr\/blog\/nove-mesto-simon-desthieux-sur-le-podium-de-la-poursuite-derriere-freres-boe\/","url":"https:\/\/dicodusport.fr\/blog\/nove-mesto-simon-desthieux-sur-le-podium-de-la-poursuite-derriere-freres-boe\/","name":"Nove Mesto : Simon Desthieux sur le podium de la poursuite derri\u00e8re les fr\u00e8res Boe","isPartOf":{"@id":"https:\/\/dicodusport.fr\/blog\/#website"},"primaryImageOfPage":{"@id":"https:\/\/dicodusport.fr\/blog\/nove-mesto-simon-desthieux-sur-le-podium-de-la-poursuite-derriere-freres-boe\/#primaryimage"},"image":{"@id":"https:\/\/dicodusport.fr\/blog\/nove-mesto-simon-desthieux-sur-le-podium-de-la-poursuite-derriere-freres-boe\/#primaryimage"},"thumbnailUrl":"https:\/\/dicodusport.fr\/blog\/wp-content\/uploads\/2021\/03\/Nove-Mesto-Simon-Desthieux-sur-le-podium-de-la-poursuite-derriere-les-freres-Boe.png","datePublished":"2021-03-07T15:33:22+00:00","dateModified":"2021-03-07T17:18:05+00:00","description":"BIATHLON - NOVE MESTO - Au terme d'un course folle, Tarjei Boe a remport\u00e9 la poursuite de Nove Mesto (R\u00e9publique Tch\u00e8que).","breadcrumb":{"@id":"https:\/\/dicodusport.fr\/blog\/nove-mesto-simon-desthieux-sur-le-podium-de-la-poursuite-derriere-freres-boe\/#breadcrumb"},"inLanguage":"fr-FR","potentialAction":[{"@type":"ReadAction","target":["https:\/\/dicodusport.fr\/blog\/nove-mesto-simon-desthieux-sur-le-podium-de-la-poursuite-derriere-freres-boe\/"]}]},{"@type":"ImageObject","inLanguage":"fr-FR","@id":"https:\/\/dicodusport.fr\/blog\/nove-mesto-simon-desthieux-sur-le-podium-de-la-poursuite-derriere-freres-boe\/#primaryimage","url":"https:\/\/dicodusport.fr\/blog\/wp-content\/uploads\/2021\/03\/Nove-Mesto-Simon-Desthieux-sur-le-podium-de-la-poursuite-derriere-les-freres-Boe.png","contentUrl":"https:\/\/dicodusport.fr\/blog\/wp-content\/uploads\/2021\/03\/Nove-Mesto-Simon-Desthieux-sur-le-podium-de-la-poursuite-derriere-les-freres-Boe.png","width":800,"height":445,"caption":"Nove Mesto : Simon Desthieux sur le podium de la poursuite derri\u00e8re les fr\u00e8res Boe"},{"@type":"BreadcrumbList","@id":"https:\/\/dicodusport.fr\/blog\/nove-mesto-simon-desthieux-sur-le-podium-de-la-poursuite-derriere-freres-boe\/#breadcrumb","itemListElement":[{"@type":"ListItem","position":1,"name":"Accueil","item":"https:\/\/dicodusport.fr\/blog\/"},{"@type":"ListItem","position":2,"name":"Nove Mesto : Simon Desthieux sur le podium de la poursuite derri\u00e8re les fr\u00e8res Boe"}]},{"@type":"WebSite","@id":"https:\/\/dicodusport.fr\/blog\/#website","url":"https:\/\/dicodusport.fr\/blog\/","name":"Dicodusport","description":"L&#039;encyclop\u00e9die de l&#039;actualit\u00e9 sportive","publisher":{"@id":"https:\/\/dicodusport.fr\/blog\/#organization"},"potentialAction":[{"@type":"SearchAction","target":{"@type":"EntryPoint","urlTemplate":"https:\/\/dicodusport.fr\/blog\/?s={search_term_string}"},"query-input":{"@type":"PropertyValueSpecification","valueRequired":true,"valueName":"search_term_string"}}],"inLanguage":"fr-FR"},{"@type":"NewsMediaOrganization","@id":"https:\/\/dicodusport.fr\/blog\/#organization","name":"Dicodusport","url":"https:\/\/dicodusport.fr\/blog\/","logo":{"@type":"ImageObject","inLanguage":"fr-FR","@id":"https:\/\/dicodusport.fr\/blog\/#\/schema\/logo\/image\/","url":"https:\/\/dicodusport.fr\/blog\/wp-content\/uploads\/2020\/06\/cropped-LOGO-DICODUSPORT-2020-SANS-FOND-SANS-TEXTE.png","contentUrl":"https:\/\/dicodusport.fr\/blog\/wp-content\/uploads\/2020\/06\/cropped-LOGO-DICODUSPORT-2020-SANS-FOND-SANS-TEXTE.png","width":512,"height":512,"caption":"Dicodusport"},"image":{"@id":"https:\/\/dicodusport.fr\/blog\/#\/schema\/logo\/image\/"},"sameAs":["https:\/\/www.facebook.com\/dicodusport","https:\/\/x.com\/dicodusport","https:\/\/www.instagram.com\/dicodusport\/","https:\/\/www.youtube.com\/channel\/UC7V2KZ5sd3htJivAbA4ZG3w"],"description":"Dicodusport est l'encyclop\u00e9die de l'actualit\u00e9 sportive.","email":"bonjour@dicodusport.fr","legalName":"DICODUSPORT","foundingDate":"2018-01-14","vatID":"FR71834470973","taxID":"83447097300043","numberOfEmployees":{"@type":"QuantitativeValue","minValue":"1","maxValue":"10"}},{"@type":"Person","@id":"https:\/\/dicodusport.fr\/blog\/#\/schema\/person\/cb02af4c173ce4a653b55e9baf388d4a","name":"Flo Ostermann","image":{"@type":"ImageObject","inLanguage":"fr-FR","@id":"https:\/\/dicodusport.fr\/blog\/#\/schema\/person\/image\/","url":"https:\/\/dicodusport.fr\/blog\/wp-content\/uploads\/2021\/05\/Flo-Ostermann-150x150.jpg","contentUrl":"https:\/\/dicodusport.fr\/blog\/wp-content\/uploads\/2021\/05\/Flo-Ostermann-150x150.jpg","caption":"Flo Ostermann"},"description":"Journaliste\/R\u00e9dacteur depuis septembre 2015 - Mes premiers souvenirs dans le sport ? Les envol\u00e9es du Stade Toulousain et les duels Villeneuve-Schumacher et H\u00e4kkinen-Schumacher \u00e0 la fin des ann\u00e9es 90, la Coupe du monde de football en 1998, l\u2019exploit du XV de France face aux All Blacks en 1999, mais aussi Richard C\u0153ur de Lion qui vole sur les montagnes du Tour de France. Bien parti pour devenir professeur d\u2019EPS, les \u00e9v\u00e9nements de la vie (et la flemme d\u2019animer des s\u00e9ances de 3x500 m\u00e8tres toute ma vie) m\u2019ont conduit \u00e0 revoir mes plans. Me voil\u00e0 depuis fin 2017 sur Dicodusport, m\u00e9dia gr\u00e2ce (et pour) lequel je partage ma passion : le sport dans tous ses \u00e9tats. Le tout accompagn\u00e9 par les fous furieux et folles furieuses cit\u00e9s sur cette page !","sameAs":["https:\/\/www.facebook.com\/florent.ostermann","https:\/\/x.com\/https:\/\/twitter.com\/FlOstermann","admin"],"url":"https:\/\/dicodusport.fr\/blog\/author\/flo\/"}]}},"_links":{"self":[{"href":"https:\/\/dicodusport.fr\/blog\/wp-json\/wp\/v2\/posts\/111744","targetHints":{"allow":["GET"]}}],"collection":[{"href":"https:\/\/dicodusport.fr\/blog\/wp-json\/wp\/v2\/posts"}],"about":[{"href":"https:\/\/dicodusport.fr\/blog\/wp-json\/wp\/v2\/types\/post"}],"author":[{"embeddable":true,"href":"https:\/\/dicodusport.fr\/blog\/wp-json\/wp\/v2\/users\/4"}],"replies":[{"embeddable":true,"href":"https:\/\/dicodusport.fr\/blog\/wp-json\/wp\/v2\/comments?post=111744"}],"version-history":[{"count":0,"href":"https:\/\/dicodusport.fr\/blog\/wp-json\/wp\/v2\/posts\/111744\/revisions"}],"wp:featuredmedia":[{"embeddable":true,"href":"https:\/\/dicodusport.fr\/blog\/wp-json\/wp\/v2\/media\/111756"}],"wp:attachment":[{"href":"https:\/\/dicodusport.fr\/blog\/wp-json\/wp\/v2\/media?parent=111744"}],"wp:term":[{"taxonomy":"category","embeddable":true,"href":"https:\/\/dicodusport.fr\/blog\/wp-json\/wp\/v2\/categories?post=111744"},{"taxonomy":"post_tag","embeddable":true,"href":"https:\/\/dicodusport.fr\/blog\/wp-json\/wp\/v2\/tags?post=111744"}],"curies":[{"name":"wp","href":"https:\/\/api.w.org\/{rel}","templated":true}]}}