{"id":111755,"date":"2021-03-07T17:43:52","date_gmt":"2021-03-07T16:43:52","guid":{"rendered":"https:\/\/dicodusport.fr\/blog\/?p=111755&#038;preview=true&#038;preview_id=111755"},"modified":"2021-03-08T01:05:42","modified_gmt":"2021-03-08T00:05:42","slug":"torun-2021-championnats-deurope-dathletisme-en-salle-kevin-mayer-double-champion-deurope-en-salle-de-lheptathlon","status":"publish","type":"post","link":"https:\/\/dicodusport.fr\/blog\/torun-2021-championnats-deurope-dathletisme-en-salle-kevin-mayer-double-champion-deurope-en-salle-de-lheptathlon\/","title":{"rendered":"Torun 2021 &#8211; Championnats d&rsquo;Europe d&rsquo;athl\u00e9tisme en salle : Kevin Mayer double champion d&rsquo;Europe en salle de l&rsquo;heptathlon"},"content":{"rendered":"<p style=\"text-align: justify;\"><strong><em><a href=\"https:\/\/dicodusport.fr\/blog\/athletisme-championnats-deurope-en-salle-2021-programme-et-resultats\/\" target=\"_blank\" rel=\"noopener\">Championnats d&rsquo;Europe d&rsquo;athl\u00e9tisme en salle de Torun<\/a> &#8211; Et de deux ! Il y avait peu de suspense, Kevin Mayer a fait sa course pour remporter l&rsquo;heptathlon pour la deuxi\u00e8me fois apr\u00e8s 2017.<\/em><\/strong><\/p>\n<p style=\"text-align: justify;\"><strong>Kevin Mayer<\/strong> a d\u00e9but\u00e9 en deuxi\u00e8me position derri\u00e8re le N\u00e9erlandais Taam parti tr\u00e8s vite. Puis le rythme s&rsquo;est acc\u00e9l\u00e9r\u00e9, le Fran\u00e7ais a \u00e9t\u00e9 d\u00e9croch\u00e9 \u00e0 la 5e place. Il a finalement termin\u00e9 \u00e0 la 7e place en 2\u203245\u203372.<\/p>\n<p style=\"text-align: justify;\">Le Fran\u00e7ais termine son heptathlon avec <strong>6392 points<\/strong> et une nouvelle breloque. Il \u00e9tait d\u00e9\u00e7u apr\u00e8s son 60 m le premier jour car il voulait aller chercher son record d&rsquo;Europe \u00e9tabli \u00e0 Belgrade (6479 points). Mais il a \u00e9t\u00e9 s\u00e9rieux tout au long de son heptathlon pour remporter la victoire finale.<\/p>\n<blockquote class=\"twitter-tweet\">\n<p dir=\"ltr\" lang=\"fr\">Le titre pour Kevin Mayer ! &#x1f525;&#x1f1eb;&#x1f1f7;<\/p>\n<p>Ultra favori, le Fran\u00e7ais n&rsquo;a pas failli pour aller d\u00e9crocher l&rsquo;or europ\u00e9en avec 6392 points. Mayer lance id\u00e9alement sa saison gr\u00e2ce \u00e0 ce sacre <a href=\"https:\/\/twitter.com\/hashtag\/Torun2021?src=hash&amp;ref_src=twsrc%5Etfw\">#Torun2021<\/a><\/p>\n<p>&#x25b6; Suivez la derni\u00e8re journ\u00e9e des championnats en direct : <a href=\"https:\/\/t.co\/1XjjPCBBye\">https:\/\/t.co\/1XjjPCBBye<\/a> <a href=\"https:\/\/t.co\/NdnXUdnMbY\">pic.twitter.com\/NdnXUdnMbY<\/a><\/p>\n<p>\u2014 France tv sport (@francetvsport) <a href=\"https:\/\/twitter.com\/francetvsport\/status\/1368602975808221187?ref_src=twsrc%5Etfw\">March 7, 2021<\/a><\/p><\/blockquote>\n<p><script async src=\"https:\/\/platform.twitter.com\/widgets.js\" charset=\"utf-8\"><\/script><\/p>\n<h2 style=\"text-align: justify;\">Tous ses r\u00e9sultats<\/h2>\n<p style=\"text-align: justify;\">60 m : 6\u203386<br \/>\nLongueur : 7m47<br \/>\nPoids : 16m32<br \/>\nHauteur : 2m04<br \/>\n60 m haies : 7m78<br \/>\nPerche : 5m20<br \/>\n1000 m : 2\u203245\u203372<\/p>\n<ul>\n<li><strong>\u00c0 lire aussi &#8211; <a href=\"https:\/\/dicodusport.fr\/blog\/athletisme-championnats-d-europe-en-salle-2021-tableau-des-medailles\/\" target=\"_blank\" rel=\"noopener\">Athl\u00e9tisme : le tableau des m\u00e9dailles des championnats d&rsquo;Europe en salle 2021<\/a><\/strong><\/li>\n<\/ul>\n<p><strong><em>Dicodusport<br \/>\n<a href=\"https:\/\/www.facebook.com\/dicodusport\/\" target=\"_blank\" rel=\"noopener noreferrer\"><img loading=\"lazy\" decoding=\"async\" class=\"alignnone wp-image-2909\" src=\"http:\/\/dicodusport.fr\/blog\/wp-content\/uploads\/2017\/07\/logo-facebook-150x150.png\" alt=\"\" width=\"40\" height=\"40\" \/><\/a><a href=\"https:\/\/twitter.com\/dicodusport\" target=\"_blank\" rel=\"noopener noreferrer\"><img loading=\"lazy\" decoding=\"async\" class=\"alignnone wp-image-2908\" src=\"http:\/\/dicodusport.fr\/blog\/wp-content\/uploads\/2017\/07\/logo-twitter-150x150.png\" alt=\"\" width=\"39\" height=\"39\" \/><\/a><\/em><\/strong><\/p>\n","protected":false},"excerpt":{"rendered":"<p>Championnats d&rsquo;Europe d&rsquo;athl\u00e9tisme en salle de Torun &#8211; Et de deux ! Il y avait peu de suspense, Kevin Mayer a fait sa course pour remporter l&rsquo;heptathlon pour la deuxi\u00e8me fois apr\u00e8s 2017.<\/p>\n","protected":false},"author":12,"featured_media":111818,"comment_status":"open","ping_status":"closed","sticky":false,"template":"","format":"standard","meta":{"_acf_changed":false,"_daextam_enable_autolinks":"","footnotes":""},"categories":[46996],"tags":[143,7359,6691,1257,24,14710],"class_list":["post-111755","post","type-post","status-publish","format-standard","has-post-thumbnail","hentry","category-championnats-d-europe-athletisme","tag-athletisme","tag-championnats-deurope-dathletisme-en-salle","tag-heptathlon","tag-kevin-mayer","tag-sport","tag-torun"],"acf":[],"yoast_head":"<!-- This site is optimized with the Yoast SEO Premium plugin v26.7 (Yoast SEO v26.7) - https:\/\/yoast.com\/wordpress\/plugins\/seo\/ -->\n<title>Torun 2021 - Championnats d&#039;Europe d&#039;athl\u00e9tisme en salle : Kevin Mayer double champion d&#039;Europe en salle de l&#039;heptathlon<\/title>\n<meta name=\"description\" content=\"Et de deux ! Il y avait peu de suspense, Kevin Mayer a fait sa course pour remporter l&#039;heptathlon pour la deuxi\u00e8me fois apr\u00e8s 2017.\" \/>\n<meta name=\"robots\" content=\"index, follow, max-snippet:-1, max-image-preview:large, max-video-preview:-1\" \/>\n<link rel=\"canonical\" href=\"https:\/\/dicodusport.fr\/blog\/torun-2021-championnats-deurope-dathletisme-en-salle-kevin-mayer-double-champion-deurope-en-salle-de-lheptathlon\/\" \/>\n<meta property=\"og:locale\" content=\"fr_FR\" \/>\n<meta property=\"og:type\" content=\"article\" \/>\n<meta property=\"og:title\" content=\"Torun 2021 - Championnats d&#039;Europe d&#039;athl\u00e9tisme en salle : Kevin Mayer double champion d&#039;Europe en salle de l&#039;heptathlon\" \/>\n<meta property=\"og:description\" content=\"Et de deux ! Il y avait peu de suspense, Kevin Mayer a fait sa course pour remporter l&#039;heptathlon pour la deuxi\u00e8me fois apr\u00e8s 2017.\" \/>\n<meta property=\"og:url\" content=\"https:\/\/dicodusport.fr\/blog\/torun-2021-championnats-deurope-dathletisme-en-salle-kevin-mayer-double-champion-deurope-en-salle-de-lheptathlon\/\" \/>\n<meta property=\"og:site_name\" content=\"Dicodusport\" \/>\n<meta property=\"article:publisher\" content=\"https:\/\/www.facebook.com\/dicodusport\" \/>\n<meta property=\"article:published_time\" content=\"2021-03-07T16:43:52+00:00\" \/>\n<meta property=\"article:modified_time\" content=\"2021-03-08T00:05:42+00:00\" \/>\n<meta property=\"og:image\" content=\"https:\/\/dicodusport.fr\/blog\/wp-content\/uploads\/2021\/03\/Torun-2021-Kevin-Mayer-double-champion-dEurope-en-salle-de-lheptathlon-.png\" \/>\n\t<meta property=\"og:image:width\" content=\"800\" \/>\n\t<meta property=\"og:image:height\" content=\"445\" \/>\n\t<meta property=\"og:image:type\" content=\"image\/png\" \/>\n<meta name=\"author\" content=\"Arlette Yeye\" \/>\n<meta name=\"twitter:card\" content=\"summary_large_image\" \/>\n<meta name=\"twitter:title\" content=\"Torun 2021 - Championnats d&#039;Europe d&#039;athl\u00e9tisme en salle : Kevin Mayer double champion d&#039;Europe en salle de l&#039;heptathlon\" \/>\n<meta name=\"twitter:creator\" content=\"@https:\/\/twitter.com\/Shiclette94\" \/>\n<meta name=\"twitter:site\" content=\"@dicodusport\" \/>\n<script type=\"application\/ld+json\" class=\"yoast-schema-graph\">{\"@context\":\"https:\/\/schema.org\",\"@graph\":[{\"@type\":\"NewsArticle\",\"@id\":\"https:\/\/dicodusport.fr\/blog\/torun-2021-championnats-deurope-dathletisme-en-salle-kevin-mayer-double-champion-deurope-en-salle-de-lheptathlon\/#article\",\"isPartOf\":{\"@id\":\"https:\/\/dicodusport.fr\/blog\/torun-2021-championnats-deurope-dathletisme-en-salle-kevin-mayer-double-champion-deurope-en-salle-de-lheptathlon\/\"},\"author\":{\"name\":\"Arlette Yeye\",\"@id\":\"https:\/\/dicodusport.fr\/blog\/#\/schema\/person\/cce96fa88785bd8573e3d43078ac8c79\"},\"headline\":\"Torun 2021 &#8211; Championnats d&rsquo;Europe d&rsquo;athl\u00e9tisme en salle : Kevin Mayer double champion d&rsquo;Europe en salle de l&rsquo;heptathlon\",\"datePublished\":\"2021-03-07T16:43:52+00:00\",\"dateModified\":\"2021-03-08T00:05:42+00:00\",\"mainEntityOfPage\":{\"@id\":\"https:\/\/dicodusport.fr\/blog\/torun-2021-championnats-deurope-dathletisme-en-salle-kevin-mayer-double-champion-deurope-en-salle-de-lheptathlon\/\"},\"wordCount\":257,\"commentCount\":0,\"publisher\":{\"@id\":\"https:\/\/dicodusport.fr\/blog\/#organization\"},\"image\":{\"@id\":\"https:\/\/dicodusport.fr\/blog\/torun-2021-championnats-deurope-dathletisme-en-salle-kevin-mayer-double-champion-deurope-en-salle-de-lheptathlon\/#primaryimage\"},\"thumbnailUrl\":\"https:\/\/dicodusport.fr\/blog\/wp-content\/uploads\/2021\/03\/Torun-2021-Kevin-Mayer-double-champion-dEurope-en-salle-de-lheptathlon-.png\",\"keywords\":[\"Athl\u00e9tisme\",\"Championnats d'Europe d'athl\u00e9tisme en salle\",\"Heptathlon\",\"Kevin Mayer\",\"sport\",\"Torun\"],\"articleSection\":[\"Championnats d'Europe d'athl\u00e9tisme\"],\"inLanguage\":\"fr-FR\",\"potentialAction\":[{\"@type\":\"CommentAction\",\"name\":\"Comment\",\"target\":[\"https:\/\/dicodusport.fr\/blog\/torun-2021-championnats-deurope-dathletisme-en-salle-kevin-mayer-double-champion-deurope-en-salle-de-lheptathlon\/#respond\"]}],\"copyrightYear\":\"2021\",\"copyrightHolder\":{\"@id\":\"https:\/\/dicodusport.fr\/blog\/#organization\"}},{\"@type\":\"WebPage\",\"@id\":\"https:\/\/dicodusport.fr\/blog\/torun-2021-championnats-deurope-dathletisme-en-salle-kevin-mayer-double-champion-deurope-en-salle-de-lheptathlon\/\",\"url\":\"https:\/\/dicodusport.fr\/blog\/torun-2021-championnats-deurope-dathletisme-en-salle-kevin-mayer-double-champion-deurope-en-salle-de-lheptathlon\/\",\"name\":\"Torun 2021 - Championnats d'Europe d'athl\u00e9tisme en salle : Kevin Mayer double champion d'Europe en salle de l'heptathlon\",\"isPartOf\":{\"@id\":\"https:\/\/dicodusport.fr\/blog\/#website\"},\"primaryImageOfPage\":{\"@id\":\"https:\/\/dicodusport.fr\/blog\/torun-2021-championnats-deurope-dathletisme-en-salle-kevin-mayer-double-champion-deurope-en-salle-de-lheptathlon\/#primaryimage\"},\"image\":{\"@id\":\"https:\/\/dicodusport.fr\/blog\/torun-2021-championnats-deurope-dathletisme-en-salle-kevin-mayer-double-champion-deurope-en-salle-de-lheptathlon\/#primaryimage\"},\"thumbnailUrl\":\"https:\/\/dicodusport.fr\/blog\/wp-content\/uploads\/2021\/03\/Torun-2021-Kevin-Mayer-double-champion-dEurope-en-salle-de-lheptathlon-.png\",\"datePublished\":\"2021-03-07T16:43:52+00:00\",\"dateModified\":\"2021-03-08T00:05:42+00:00\",\"description\":\"Et de deux ! Il y avait peu de suspense, Kevin Mayer a fait sa course pour remporter l'heptathlon pour la deuxi\u00e8me fois apr\u00e8s 2017.\",\"breadcrumb\":{\"@id\":\"https:\/\/dicodusport.fr\/blog\/torun-2021-championnats-deurope-dathletisme-en-salle-kevin-mayer-double-champion-deurope-en-salle-de-lheptathlon\/#breadcrumb\"},\"inLanguage\":\"fr-FR\",\"potentialAction\":[{\"@type\":\"ReadAction\",\"target\":[\"https:\/\/dicodusport.fr\/blog\/torun-2021-championnats-deurope-dathletisme-en-salle-kevin-mayer-double-champion-deurope-en-salle-de-lheptathlon\/\"]}]},{\"@type\":\"ImageObject\",\"inLanguage\":\"fr-FR\",\"@id\":\"https:\/\/dicodusport.fr\/blog\/torun-2021-championnats-deurope-dathletisme-en-salle-kevin-mayer-double-champion-deurope-en-salle-de-lheptathlon\/#primaryimage\",\"url\":\"https:\/\/dicodusport.fr\/blog\/wp-content\/uploads\/2021\/03\/Torun-2021-Kevin-Mayer-double-champion-dEurope-en-salle-de-lheptathlon-.png\",\"contentUrl\":\"https:\/\/dicodusport.fr\/blog\/wp-content\/uploads\/2021\/03\/Torun-2021-Kevin-Mayer-double-champion-dEurope-en-salle-de-lheptathlon-.png\",\"width\":800,\"height\":445},{\"@type\":\"BreadcrumbList\",\"@id\":\"https:\/\/dicodusport.fr\/blog\/torun-2021-championnats-deurope-dathletisme-en-salle-kevin-mayer-double-champion-deurope-en-salle-de-lheptathlon\/#breadcrumb\",\"itemListElement\":[{\"@type\":\"ListItem\",\"position\":1,\"name\":\"Accueil\",\"item\":\"https:\/\/dicodusport.fr\/blog\/\"},{\"@type\":\"ListItem\",\"position\":2,\"name\":\"Torun 2021 &#8211; Championnats d&rsquo;Europe d&rsquo;athl\u00e9tisme en salle : Kevin Mayer double champion d&rsquo;Europe en salle de l&rsquo;heptathlon\"}]},{\"@type\":\"WebSite\",\"@id\":\"https:\/\/dicodusport.fr\/blog\/#website\",\"url\":\"https:\/\/dicodusport.fr\/blog\/\",\"name\":\"Dicodusport\",\"description\":\"L&#039;encyclop\u00e9die de l&#039;actualit\u00e9 sportive\",\"publisher\":{\"@id\":\"https:\/\/dicodusport.fr\/blog\/#organization\"},\"potentialAction\":[{\"@type\":\"SearchAction\",\"target\":{\"@type\":\"EntryPoint\",\"urlTemplate\":\"https:\/\/dicodusport.fr\/blog\/?s={search_term_string}\"},\"query-input\":{\"@type\":\"PropertyValueSpecification\",\"valueRequired\":true,\"valueName\":\"search_term_string\"}}],\"inLanguage\":\"fr-FR\"},{\"@type\":\"NewsMediaOrganization\",\"@id\":\"https:\/\/dicodusport.fr\/blog\/#organization\",\"name\":\"Dicodusport\",\"url\":\"https:\/\/dicodusport.fr\/blog\/\",\"logo\":{\"@type\":\"ImageObject\",\"inLanguage\":\"fr-FR\",\"@id\":\"https:\/\/dicodusport.fr\/blog\/#\/schema\/logo\/image\/\",\"url\":\"https:\/\/dicodusport.fr\/blog\/wp-content\/uploads\/2020\/06\/cropped-LOGO-DICODUSPORT-2020-SANS-FOND-SANS-TEXTE.png\",\"contentUrl\":\"https:\/\/dicodusport.fr\/blog\/wp-content\/uploads\/2020\/06\/cropped-LOGO-DICODUSPORT-2020-SANS-FOND-SANS-TEXTE.png\",\"width\":512,\"height\":512,\"caption\":\"Dicodusport\"},\"image\":{\"@id\":\"https:\/\/dicodusport.fr\/blog\/#\/schema\/logo\/image\/\"},\"sameAs\":[\"https:\/\/www.facebook.com\/dicodusport\",\"https:\/\/x.com\/dicodusport\",\"https:\/\/www.instagram.com\/dicodusport\/\",\"https:\/\/www.youtube.com\/channel\/UC7V2KZ5sd3htJivAbA4ZG3w\"],\"description\":\"Dicodusport est l'encyclop\u00e9die de l'actualit\u00e9 sportive.\",\"email\":\"bonjour@dicodusport.fr\",\"legalName\":\"DICODUSPORT\",\"foundingDate\":\"2018-01-14\",\"vatID\":\"FR71834470973\",\"taxID\":\"83447097300043\",\"numberOfEmployees\":{\"@type\":\"QuantitativeValue\",\"minValue\":\"1\",\"maxValue\":\"10\"}},{\"@type\":\"Person\",\"@id\":\"https:\/\/dicodusport.fr\/blog\/#\/schema\/person\/cce96fa88785bd8573e3d43078ac8c79\",\"name\":\"Arlette Yeye\",\"image\":{\"@type\":\"ImageObject\",\"inLanguage\":\"fr-FR\",\"@id\":\"https:\/\/dicodusport.fr\/blog\/#\/schema\/person\/image\/\",\"url\":\"https:\/\/secure.gravatar.com\/avatar\/dca4a6239e6d708e46c45d60e160de6c?s=96&d=wp_user_avatar&r=g\",\"contentUrl\":\"https:\/\/secure.gravatar.com\/avatar\/dca4a6239e6d708e46c45d60e160de6c?s=96&d=wp_user_avatar&r=g\",\"caption\":\"Arlette Yeye\"},\"description\":\"Journaliste\/r\u00e9dactrice depuis septembre 2015 - Supportrice de Chelsea, j'ai pour sports de pr\u00e9dilection le handball, l'athl\u00e9tisme et le tennis. Si je tweete plus vite que mon ombre, vous pouvez aussi me retrouver les week-ends sur les playgrounds de Bruxelles pour un petit foot ou basket entre potes. Parcourir la France, l'Europe et plus si affinit\u00e9s pour suivre mes sportifs pr\u00e9f\u00e9r\u00e9s ? Mon kif ! Et c'est avec plaisir que je partage les r\u00e9sultats des sports populaires mais \u00e9galement plus confidentiels pour Dicodusport.\",\"sameAs\":[\"https:\/\/x.com\/https:\/\/twitter.com\/Shiclette94\"],\"url\":\"https:\/\/dicodusport.fr\/blog\/author\/arlette\/\"}]}<\/script>\n<!-- \/ Yoast SEO Premium plugin. -->","yoast_head_json":{"title":"Torun 2021 - Championnats d'Europe d'athl\u00e9tisme en salle : Kevin Mayer double champion d'Europe en salle de l'heptathlon","description":"Et de deux ! Il y avait peu de suspense, Kevin Mayer a fait sa course pour remporter l'heptathlon pour la deuxi\u00e8me fois apr\u00e8s 2017.","robots":{"index":"index","follow":"follow","max-snippet":"max-snippet:-1","max-image-preview":"max-image-preview:large","max-video-preview":"max-video-preview:-1"},"canonical":"https:\/\/dicodusport.fr\/blog\/torun-2021-championnats-deurope-dathletisme-en-salle-kevin-mayer-double-champion-deurope-en-salle-de-lheptathlon\/","og_locale":"fr_FR","og_type":"article","og_title":"Torun 2021 - Championnats d'Europe d'athl\u00e9tisme en salle : Kevin Mayer double champion d'Europe en salle de l'heptathlon","og_description":"Et de deux ! Il y avait peu de suspense, Kevin Mayer a fait sa course pour remporter l'heptathlon pour la deuxi\u00e8me fois apr\u00e8s 2017.","og_url":"https:\/\/dicodusport.fr\/blog\/torun-2021-championnats-deurope-dathletisme-en-salle-kevin-mayer-double-champion-deurope-en-salle-de-lheptathlon\/","og_site_name":"Dicodusport","article_publisher":"https:\/\/www.facebook.com\/dicodusport","article_published_time":"2021-03-07T16:43:52+00:00","article_modified_time":"2021-03-08T00:05:42+00:00","og_image":[{"width":800,"height":445,"url":"https:\/\/dicodusport.fr\/blog\/wp-content\/uploads\/2021\/03\/Torun-2021-Kevin-Mayer-double-champion-dEurope-en-salle-de-lheptathlon-.png","type":"image\/png"}],"author":"Arlette Yeye","twitter_card":"summary_large_image","twitter_title":"Torun 2021 - Championnats d'Europe d'athl\u00e9tisme en salle : Kevin Mayer double champion d'Europe en salle de l'heptathlon","twitter_creator":"@https:\/\/twitter.com\/Shiclette94","twitter_site":"@dicodusport","schema":{"@context":"https:\/\/schema.org","@graph":[{"@type":"NewsArticle","@id":"https:\/\/dicodusport.fr\/blog\/torun-2021-championnats-deurope-dathletisme-en-salle-kevin-mayer-double-champion-deurope-en-salle-de-lheptathlon\/#article","isPartOf":{"@id":"https:\/\/dicodusport.fr\/blog\/torun-2021-championnats-deurope-dathletisme-en-salle-kevin-mayer-double-champion-deurope-en-salle-de-lheptathlon\/"},"author":{"name":"Arlette Yeye","@id":"https:\/\/dicodusport.fr\/blog\/#\/schema\/person\/cce96fa88785bd8573e3d43078ac8c79"},"headline":"Torun 2021 &#8211; Championnats d&rsquo;Europe d&rsquo;athl\u00e9tisme en salle : Kevin Mayer double champion d&rsquo;Europe en salle de l&rsquo;heptathlon","datePublished":"2021-03-07T16:43:52+00:00","dateModified":"2021-03-08T00:05:42+00:00","mainEntityOfPage":{"@id":"https:\/\/dicodusport.fr\/blog\/torun-2021-championnats-deurope-dathletisme-en-salle-kevin-mayer-double-champion-deurope-en-salle-de-lheptathlon\/"},"wordCount":257,"commentCount":0,"publisher":{"@id":"https:\/\/dicodusport.fr\/blog\/#organization"},"image":{"@id":"https:\/\/dicodusport.fr\/blog\/torun-2021-championnats-deurope-dathletisme-en-salle-kevin-mayer-double-champion-deurope-en-salle-de-lheptathlon\/#primaryimage"},"thumbnailUrl":"https:\/\/dicodusport.fr\/blog\/wp-content\/uploads\/2021\/03\/Torun-2021-Kevin-Mayer-double-champion-dEurope-en-salle-de-lheptathlon-.png","keywords":["Athl\u00e9tisme","Championnats d'Europe d'athl\u00e9tisme en salle","Heptathlon","Kevin Mayer","sport","Torun"],"articleSection":["Championnats d'Europe d'athl\u00e9tisme"],"inLanguage":"fr-FR","potentialAction":[{"@type":"CommentAction","name":"Comment","target":["https:\/\/dicodusport.fr\/blog\/torun-2021-championnats-deurope-dathletisme-en-salle-kevin-mayer-double-champion-deurope-en-salle-de-lheptathlon\/#respond"]}],"copyrightYear":"2021","copyrightHolder":{"@id":"https:\/\/dicodusport.fr\/blog\/#organization"}},{"@type":"WebPage","@id":"https:\/\/dicodusport.fr\/blog\/torun-2021-championnats-deurope-dathletisme-en-salle-kevin-mayer-double-champion-deurope-en-salle-de-lheptathlon\/","url":"https:\/\/dicodusport.fr\/blog\/torun-2021-championnats-deurope-dathletisme-en-salle-kevin-mayer-double-champion-deurope-en-salle-de-lheptathlon\/","name":"Torun 2021 - Championnats d'Europe d'athl\u00e9tisme en salle : Kevin Mayer double champion d'Europe en salle de l'heptathlon","isPartOf":{"@id":"https:\/\/dicodusport.fr\/blog\/#website"},"primaryImageOfPage":{"@id":"https:\/\/dicodusport.fr\/blog\/torun-2021-championnats-deurope-dathletisme-en-salle-kevin-mayer-double-champion-deurope-en-salle-de-lheptathlon\/#primaryimage"},"image":{"@id":"https:\/\/dicodusport.fr\/blog\/torun-2021-championnats-deurope-dathletisme-en-salle-kevin-mayer-double-champion-deurope-en-salle-de-lheptathlon\/#primaryimage"},"thumbnailUrl":"https:\/\/dicodusport.fr\/blog\/wp-content\/uploads\/2021\/03\/Torun-2021-Kevin-Mayer-double-champion-dEurope-en-salle-de-lheptathlon-.png","datePublished":"2021-03-07T16:43:52+00:00","dateModified":"2021-03-08T00:05:42+00:00","description":"Et de deux ! Il y avait peu de suspense, Kevin Mayer a fait sa course pour remporter l'heptathlon pour la deuxi\u00e8me fois apr\u00e8s 2017.","breadcrumb":{"@id":"https:\/\/dicodusport.fr\/blog\/torun-2021-championnats-deurope-dathletisme-en-salle-kevin-mayer-double-champion-deurope-en-salle-de-lheptathlon\/#breadcrumb"},"inLanguage":"fr-FR","potentialAction":[{"@type":"ReadAction","target":["https:\/\/dicodusport.fr\/blog\/torun-2021-championnats-deurope-dathletisme-en-salle-kevin-mayer-double-champion-deurope-en-salle-de-lheptathlon\/"]}]},{"@type":"ImageObject","inLanguage":"fr-FR","@id":"https:\/\/dicodusport.fr\/blog\/torun-2021-championnats-deurope-dathletisme-en-salle-kevin-mayer-double-champion-deurope-en-salle-de-lheptathlon\/#primaryimage","url":"https:\/\/dicodusport.fr\/blog\/wp-content\/uploads\/2021\/03\/Torun-2021-Kevin-Mayer-double-champion-dEurope-en-salle-de-lheptathlon-.png","contentUrl":"https:\/\/dicodusport.fr\/blog\/wp-content\/uploads\/2021\/03\/Torun-2021-Kevin-Mayer-double-champion-dEurope-en-salle-de-lheptathlon-.png","width":800,"height":445},{"@type":"BreadcrumbList","@id":"https:\/\/dicodusport.fr\/blog\/torun-2021-championnats-deurope-dathletisme-en-salle-kevin-mayer-double-champion-deurope-en-salle-de-lheptathlon\/#breadcrumb","itemListElement":[{"@type":"ListItem","position":1,"name":"Accueil","item":"https:\/\/dicodusport.fr\/blog\/"},{"@type":"ListItem","position":2,"name":"Torun 2021 &#8211; Championnats d&rsquo;Europe d&rsquo;athl\u00e9tisme en salle : Kevin Mayer double champion d&rsquo;Europe en salle de l&rsquo;heptathlon"}]},{"@type":"WebSite","@id":"https:\/\/dicodusport.fr\/blog\/#website","url":"https:\/\/dicodusport.fr\/blog\/","name":"Dicodusport","description":"L&#039;encyclop\u00e9die de l&#039;actualit\u00e9 sportive","publisher":{"@id":"https:\/\/dicodusport.fr\/blog\/#organization"},"potentialAction":[{"@type":"SearchAction","target":{"@type":"EntryPoint","urlTemplate":"https:\/\/dicodusport.fr\/blog\/?s={search_term_string}"},"query-input":{"@type":"PropertyValueSpecification","valueRequired":true,"valueName":"search_term_string"}}],"inLanguage":"fr-FR"},{"@type":"NewsMediaOrganization","@id":"https:\/\/dicodusport.fr\/blog\/#organization","name":"Dicodusport","url":"https:\/\/dicodusport.fr\/blog\/","logo":{"@type":"ImageObject","inLanguage":"fr-FR","@id":"https:\/\/dicodusport.fr\/blog\/#\/schema\/logo\/image\/","url":"https:\/\/dicodusport.fr\/blog\/wp-content\/uploads\/2020\/06\/cropped-LOGO-DICODUSPORT-2020-SANS-FOND-SANS-TEXTE.png","contentUrl":"https:\/\/dicodusport.fr\/blog\/wp-content\/uploads\/2020\/06\/cropped-LOGO-DICODUSPORT-2020-SANS-FOND-SANS-TEXTE.png","width":512,"height":512,"caption":"Dicodusport"},"image":{"@id":"https:\/\/dicodusport.fr\/blog\/#\/schema\/logo\/image\/"},"sameAs":["https:\/\/www.facebook.com\/dicodusport","https:\/\/x.com\/dicodusport","https:\/\/www.instagram.com\/dicodusport\/","https:\/\/www.youtube.com\/channel\/UC7V2KZ5sd3htJivAbA4ZG3w"],"description":"Dicodusport est l'encyclop\u00e9die de l'actualit\u00e9 sportive.","email":"bonjour@dicodusport.fr","legalName":"DICODUSPORT","foundingDate":"2018-01-14","vatID":"FR71834470973","taxID":"83447097300043","numberOfEmployees":{"@type":"QuantitativeValue","minValue":"1","maxValue":"10"}},{"@type":"Person","@id":"https:\/\/dicodusport.fr\/blog\/#\/schema\/person\/cce96fa88785bd8573e3d43078ac8c79","name":"Arlette Yeye","image":{"@type":"ImageObject","inLanguage":"fr-FR","@id":"https:\/\/dicodusport.fr\/blog\/#\/schema\/person\/image\/","url":"https:\/\/secure.gravatar.com\/avatar\/dca4a6239e6d708e46c45d60e160de6c?s=96&d=wp_user_avatar&r=g","contentUrl":"https:\/\/secure.gravatar.com\/avatar\/dca4a6239e6d708e46c45d60e160de6c?s=96&d=wp_user_avatar&r=g","caption":"Arlette Yeye"},"description":"Journaliste\/r\u00e9dactrice depuis septembre 2015 - Supportrice de Chelsea, j'ai pour sports de pr\u00e9dilection le handball, l'athl\u00e9tisme et le tennis. Si je tweete plus vite que mon ombre, vous pouvez aussi me retrouver les week-ends sur les playgrounds de Bruxelles pour un petit foot ou basket entre potes. Parcourir la France, l'Europe et plus si affinit\u00e9s pour suivre mes sportifs pr\u00e9f\u00e9r\u00e9s ? Mon kif ! Et c'est avec plaisir que je partage les r\u00e9sultats des sports populaires mais \u00e9galement plus confidentiels pour Dicodusport.","sameAs":["https:\/\/x.com\/https:\/\/twitter.com\/Shiclette94"],"url":"https:\/\/dicodusport.fr\/blog\/author\/arlette\/"}]}},"_links":{"self":[{"href":"https:\/\/dicodusport.fr\/blog\/wp-json\/wp\/v2\/posts\/111755","targetHints":{"allow":["GET"]}}],"collection":[{"href":"https:\/\/dicodusport.fr\/blog\/wp-json\/wp\/v2\/posts"}],"about":[{"href":"https:\/\/dicodusport.fr\/blog\/wp-json\/wp\/v2\/types\/post"}],"author":[{"embeddable":true,"href":"https:\/\/dicodusport.fr\/blog\/wp-json\/wp\/v2\/users\/12"}],"replies":[{"embeddable":true,"href":"https:\/\/dicodusport.fr\/blog\/wp-json\/wp\/v2\/comments?post=111755"}],"version-history":[{"count":0,"href":"https:\/\/dicodusport.fr\/blog\/wp-json\/wp\/v2\/posts\/111755\/revisions"}],"wp:featuredmedia":[{"embeddable":true,"href":"https:\/\/dicodusport.fr\/blog\/wp-json\/wp\/v2\/media\/111818"}],"wp:attachment":[{"href":"https:\/\/dicodusport.fr\/blog\/wp-json\/wp\/v2\/media?parent=111755"}],"wp:term":[{"taxonomy":"category","embeddable":true,"href":"https:\/\/dicodusport.fr\/blog\/wp-json\/wp\/v2\/categories?post=111755"},{"taxonomy":"post_tag","embeddable":true,"href":"https:\/\/dicodusport.fr\/blog\/wp-json\/wp\/v2\/tags?post=111755"}],"curies":[{"name":"wp","href":"https:\/\/api.w.org\/{rel}","templated":true}]}}