{"id":111764,"date":"2021-03-07T18:55:37","date_gmt":"2021-03-07T17:55:37","guid":{"rendered":"https:\/\/dicodusport.fr\/blog\/?p=111764&#038;preview=true&#038;preview_id=111764"},"modified":"2021-03-07T19:34:17","modified_gmt":"2021-03-07T18:34:17","slug":"torun-2021-championnats-deurope-dathletisme-en-salle-valentin-lavillenie-medaille-dargent","status":"publish","type":"post","link":"https:\/\/dicodusport.fr\/blog\/torun-2021-championnats-deurope-dathletisme-en-salle-valentin-lavillenie-medaille-dargent\/","title":{"rendered":"Torun 2021 &#8211; Championnats d&rsquo;Europe d&rsquo;athl\u00e9tisme en salle : Valentin Lavillenie m\u00e9daill\u00e9 d&rsquo;argent !"},"content":{"rendered":"<p style=\"text-align: justify;\"><strong><em><a href=\"https:\/\/dicodusport.fr\/blog\/athletisme-championnats-deurope-en-salle-2021-programme-et-resultats\/\" target=\"_blank\" rel=\"noopener\">Championnats d&rsquo;Europe d&rsquo;athl\u00e9tisme en salle de Torun<\/a> &#8211; Magnifique m\u00e9daille pour Valentin Lavillenie ! Il termine 2e du concours de saut \u00e0 la perche derri\u00e8re l&rsquo;intouchable Mondo Duplantis.<\/em><\/strong><\/p>\n<p style=\"text-align: justify;\">Premi\u00e8re grande m\u00e9daille internationale pour <strong>Valentin Lavillenie<\/strong> ! Il a obtenu la m\u00e9daille d&rsquo;argent.<br \/>\nIl a commenc\u00e9 son concours \u00e0 5m50. Il \u00e9tait au-dessus mais a touch\u00e9 la barre avec son pied droit. Il a finalement franchi la barre \u00e0 son deuxi\u00e8me essai. Apr\u00e8s avoir franchi 5m60 \u00e0 son premier essai, il s&rsquo;est fait peur \u00e0 5m70. Il a eu besoin de 3 essais pour passer.<\/p>\n<p style=\"text-align: justify;\">La barre d&rsquo;\u00e9cr\u00e9mage a \u00e9t\u00e9 \u00e0 5m80. L&rsquo;Allemand Oleg Zernikel qui avait fait un sans-faute \u00e0 5m30, 5m50, 5m60 et 5m70 a \u00e9chou\u00e9 \u00e0 5m80. Il termine quatri\u00e8me.<\/p>\n<p style=\"text-align: justify;\">Lavillenie a r\u00e9alis\u00e9 un tr\u00e8s beau saut \u00e0 <strong>5m80<\/strong> pour prendre la 2e place du concours. Il \u00e9gale sa meilleure performance de la saison r\u00e9alis\u00e9e \u00e0 Aubi\u00e8re. Il a rat\u00e9 son premier essai \u00e0 5m85 (record personnel \u00e0 5m82). Il a refus\u00e9 le saut \u00e0 ses deux essais suivants. Peu importe, la m\u00e9daille \u00e9tait en poche.<\/p>\n<blockquote class=\"twitter-tweet\">\n<p dir=\"ltr\" lang=\"fr\">Valentin Lavillenie, vice champion d&rsquo;Europe ! &#x1f948;&#x1f1eb;&#x1f1f7;<\/p>\n<p>En passant 5,80m, le Fran\u00e7ais d\u00e9croche une magnifique m\u00e9daille d&rsquo;argent \u00e0 <a href=\"https:\/\/twitter.com\/hashtag\/Torun2021?src=hash&amp;ref_src=twsrc%5Etfw\">#Torun2021<\/a>, seulement battu par le recordman du monde, Armand Duplantis !<\/p>\n<p>Suivez les derni\u00e8res \u00e9preuves en direct : <a href=\"https:\/\/t.co\/1XjjPCBBye\">https:\/\/t.co\/1XjjPCBBye<\/a> <a href=\"https:\/\/t.co\/LTzpsGxO88\">pic.twitter.com\/LTzpsGxO88<\/a><\/p>\n<p>\u2014 France tv sport (@francetvsport) <a href=\"https:\/\/twitter.com\/francetvsport\/status\/1368619711127240705?ref_src=twsrc%5Etfw\">March 7, 2021<\/a><\/p><\/blockquote>\n<p><script async src=\"https:\/\/platform.twitter.com\/widgets.js\" charset=\"utf-8\"><\/script><\/p>\n<p style=\"text-align: justify;\"><strong>Piotr Lisek<\/strong> a saut\u00e9 \u00e0 5m50 puis fait l&rsquo;impasse \u00e0 5m60 avant de franchir 5m70 \u00e0 son premier essai. Il s&rsquo;est fait peur \u00e0 5m80, devant s&rsquo;y reprendre \u00e0 3 fois pour passer. Le champion d&rsquo;Europe en salle 2017 et vice-champion 2019 a obtenu la m\u00e9daille de bronze.<\/p>\n<p style=\"text-align: justify;\">Le grand vainqueur est bien s\u00fbr <strong>Mondo Duplantis<\/strong>. Il a saut\u00e9 \u00e0 5m60 avant de faire l&rsquo;impasse \u00e0 5m70. Il a pass\u00e9 5m80 et 5m85 \u00e0 son premier essai. Assur\u00e9 de la m\u00e9daille d&rsquo;or, il s&rsquo;est attaqu\u00e9 au record des championnats \u00e0 <strong>6m05<\/strong>. Et apr\u00e8s un premier essai rat\u00e9, il a r\u00e9ussi ! En forme, il s&rsquo;est donc attaqu\u00e9 au record du monde \u00e0 6m19. Mais il n&rsquo;a pas r\u00e9ussi. Peu importe, il efface un certain Renaud Lavillenie des tablettes et remporte sa premi\u00e8re m\u00e9daille d&rsquo;or europ\u00e9enne en salle.<\/p>\n<blockquote class=\"twitter-tweet\">\n<p dir=\"ltr\" lang=\"fr\">&#x1f1f8;&#x1f1ea;&#x1f4a5; Armand Duplantis bat le record des championnats d&rsquo;Europe !<\/p>\n<p>Sous les yeux de Renaud Lavillenie, le Su\u00e9dois passe \u00e0 6,05m et va s&rsquo;attaquer au record du monde <a href=\"https:\/\/twitter.com\/hashtag\/Torun2021?src=hash&amp;ref_src=twsrc%5Etfw\">#Torun2021<\/a><\/p>\n<p>&#x25b6;Suivez la derni\u00e8re journ\u00e9e des championnats en direct : <a href=\"https:\/\/t.co\/1XjjPCBBye\">https:\/\/t.co\/1XjjPCBBye<\/a> <a href=\"https:\/\/t.co\/zgVC6H4ZjV\">pic.twitter.com\/zgVC6H4ZjV<\/a><\/p>\n<p>\u2014 France tv sport (@francetvsport) <a href=\"https:\/\/twitter.com\/francetvsport\/status\/1368622367426088963?ref_src=twsrc%5Etfw\">March 7, 2021<\/a><\/p><\/blockquote>\n<p><script async src=\"https:\/\/platform.twitter.com\/widgets.js\" charset=\"utf-8\"><\/script><\/p>\n<p style=\"text-align: justify;\">C&rsquo;est finalement une bonne \u00e9dition pour l&rsquo;\u00e9quipe de France qui termine les championnats avec <strong>4 m\u00e9dailles dont deux titres<\/strong> (Kevin Mayer en or \u00e0 l&rsquo;heptathlon, Wilhem Belocian en or au 60 m haies et Alice Finot en argent au 3000 m. \u00c0 Glasgow en 2019 elle avait termin\u00e9 avec 5 m\u00e9dailles (2 m\u00e9dailles d&rsquo;argent et 3 m\u00e9dailles de bronze) et 3 m\u00e9dailles \u00e0 Belgrade en 2017 avec deux titres.<\/p>\n<p><strong><em>Dicodusport<br \/>\n<a href=\"https:\/\/www.facebook.com\/dicodusport\/\" target=\"_blank\" rel=\"noopener noreferrer\"><img loading=\"lazy\" decoding=\"async\" class=\"alignnone wp-image-2909\" src=\"http:\/\/dicodusport.fr\/blog\/wp-content\/uploads\/2017\/07\/logo-facebook-150x150.png\" alt=\"\" width=\"40\" height=\"40\" \/><\/a><a href=\"https:\/\/twitter.com\/dicodusport\" target=\"_blank\" rel=\"noopener noreferrer\"><img loading=\"lazy\" decoding=\"async\" class=\"alignnone wp-image-2908\" src=\"http:\/\/dicodusport.fr\/blog\/wp-content\/uploads\/2017\/07\/logo-twitter-150x150.png\" alt=\"\" width=\"39\" height=\"39\" \/><\/a><\/em><\/strong><\/p>\n","protected":false},"excerpt":{"rendered":"<p>Championnats d&rsquo;Europe d&rsquo;athl\u00e9tisme en salle de Torun &#8211; Magnifique m\u00e9daille pour Valentin Lavillenie ! Il termine 2e du concours de saut \u00e0 la perche derri\u00e8re l&rsquo;intouchable Mondo Duplantis.<\/p>\n","protected":false},"author":12,"featured_media":111871,"comment_status":"open","ping_status":"closed","sticky":false,"template":"","format":"standard","meta":{"_acf_changed":false,"_daextam_enable_autolinks":"","footnotes":""},"categories":[46996],"tags":[143,7359,1426,14710,4057],"class_list":["post-111764","post","type-post","status-publish","format-standard","has-post-thumbnail","hentry","category-championnats-d-europe-athletisme","tag-athletisme","tag-championnats-deurope-dathletisme-en-salle","tag-saut-a-la-perche","tag-torun","tag-valentin-lavillenie"],"acf":[],"yoast_head":"<!-- This site is optimized with the Yoast SEO Premium plugin v26.7 (Yoast SEO v26.7) - https:\/\/yoast.com\/wordpress\/plugins\/seo\/ -->\n<title>Torun 2021 - Championnats d&#039;Europe d&#039;athl\u00e9tisme en salle : Valentin Lavillenie m\u00e9daill\u00e9 d&#039;argent !<\/title>\n<meta name=\"description\" content=\"Magnifique m\u00e9daille pour Valentin Lavillenie ! Il termine 2e du concours de saut \u00e0 la perche derri\u00e8re l&#039;intouchable Mondo Duplantis.\" \/>\n<meta name=\"robots\" content=\"index, follow, max-snippet:-1, max-image-preview:large, max-video-preview:-1\" \/>\n<link rel=\"canonical\" href=\"https:\/\/dicodusport.fr\/blog\/torun-2021-championnats-deurope-dathletisme-en-salle-valentin-lavillenie-medaille-dargent\/\" \/>\n<meta property=\"og:locale\" content=\"fr_FR\" \/>\n<meta property=\"og:type\" content=\"article\" \/>\n<meta property=\"og:title\" content=\"Torun 2021 - Championnats d&#039;Europe d&#039;athl\u00e9tisme en salle : Valentin Lavillenie m\u00e9daill\u00e9 d&#039;argent !\" \/>\n<meta property=\"og:description\" content=\"Magnifique m\u00e9daille pour Valentin Lavillenie ! Il termine 2e du concours de saut \u00e0 la perche derri\u00e8re l&#039;intouchable Mondo Duplantis.\" \/>\n<meta property=\"og:url\" content=\"https:\/\/dicodusport.fr\/blog\/torun-2021-championnats-deurope-dathletisme-en-salle-valentin-lavillenie-medaille-dargent\/\" \/>\n<meta property=\"og:site_name\" content=\"Dicodusport\" \/>\n<meta property=\"article:publisher\" content=\"https:\/\/www.facebook.com\/dicodusport\" \/>\n<meta property=\"article:published_time\" content=\"2021-03-07T17:55:37+00:00\" \/>\n<meta property=\"article:modified_time\" content=\"2021-03-07T18:34:17+00:00\" \/>\n<meta property=\"og:image\" content=\"https:\/\/dicodusport.fr\/blog\/wp-content\/uploads\/2021\/03\/Torun-2021-\u2013-Championnats-dEurope-dathletisme-en-salle-Valentin-Lavillenie-medaille-dargent.png\" \/>\n\t<meta property=\"og:image:width\" content=\"800\" \/>\n\t<meta property=\"og:image:height\" content=\"445\" \/>\n\t<meta property=\"og:image:type\" content=\"image\/png\" \/>\n<meta name=\"author\" content=\"Arlette Yeye\" \/>\n<meta name=\"twitter:card\" content=\"summary_large_image\" \/>\n<meta name=\"twitter:title\" content=\"Torun 2021 - Championnats d&#039;Europe d&#039;athl\u00e9tisme en salle : Valentin Lavillenie m\u00e9daill\u00e9 d&#039;argent !\" \/>\n<meta name=\"twitter:creator\" content=\"@https:\/\/twitter.com\/Shiclette94\" \/>\n<meta name=\"twitter:site\" content=\"@dicodusport\" \/>\n<script type=\"application\/ld+json\" class=\"yoast-schema-graph\">{\"@context\":\"https:\/\/schema.org\",\"@graph\":[{\"@type\":\"NewsArticle\",\"@id\":\"https:\/\/dicodusport.fr\/blog\/torun-2021-championnats-deurope-dathletisme-en-salle-valentin-lavillenie-medaille-dargent\/#article\",\"isPartOf\":{\"@id\":\"https:\/\/dicodusport.fr\/blog\/torun-2021-championnats-deurope-dathletisme-en-salle-valentin-lavillenie-medaille-dargent\/\"},\"author\":{\"name\":\"Arlette Yeye\",\"@id\":\"https:\/\/dicodusport.fr\/blog\/#\/schema\/person\/cce96fa88785bd8573e3d43078ac8c79\"},\"headline\":\"Torun 2021 &#8211; Championnats d&rsquo;Europe d&rsquo;athl\u00e9tisme en salle : Valentin Lavillenie m\u00e9daill\u00e9 d&rsquo;argent !\",\"datePublished\":\"2021-03-07T17:55:37+00:00\",\"dateModified\":\"2021-03-07T18:34:17+00:00\",\"mainEntityOfPage\":{\"@id\":\"https:\/\/dicodusport.fr\/blog\/torun-2021-championnats-deurope-dathletisme-en-salle-valentin-lavillenie-medaille-dargent\/\"},\"wordCount\":533,\"commentCount\":0,\"publisher\":{\"@id\":\"https:\/\/dicodusport.fr\/blog\/#organization\"},\"image\":{\"@id\":\"https:\/\/dicodusport.fr\/blog\/torun-2021-championnats-deurope-dathletisme-en-salle-valentin-lavillenie-medaille-dargent\/#primaryimage\"},\"thumbnailUrl\":\"https:\/\/dicodusport.fr\/blog\/wp-content\/uploads\/2021\/03\/Torun-2021-\u2013-Championnats-dEurope-dathletisme-en-salle-Valentin-Lavillenie-medaille-dargent.png\",\"keywords\":[\"Athl\u00e9tisme\",\"Championnats d'Europe d'athl\u00e9tisme en salle\",\"saut \u00e0 la perche\",\"Torun\",\"valentin lavillenie\"],\"articleSection\":[\"Championnats d'Europe d'athl\u00e9tisme\"],\"inLanguage\":\"fr-FR\",\"potentialAction\":[{\"@type\":\"CommentAction\",\"name\":\"Comment\",\"target\":[\"https:\/\/dicodusport.fr\/blog\/torun-2021-championnats-deurope-dathletisme-en-salle-valentin-lavillenie-medaille-dargent\/#respond\"]}],\"copyrightYear\":\"2021\",\"copyrightHolder\":{\"@id\":\"https:\/\/dicodusport.fr\/blog\/#organization\"}},{\"@type\":\"WebPage\",\"@id\":\"https:\/\/dicodusport.fr\/blog\/torun-2021-championnats-deurope-dathletisme-en-salle-valentin-lavillenie-medaille-dargent\/\",\"url\":\"https:\/\/dicodusport.fr\/blog\/torun-2021-championnats-deurope-dathletisme-en-salle-valentin-lavillenie-medaille-dargent\/\",\"name\":\"Torun 2021 - Championnats d'Europe d'athl\u00e9tisme en salle : Valentin Lavillenie m\u00e9daill\u00e9 d'argent !\",\"isPartOf\":{\"@id\":\"https:\/\/dicodusport.fr\/blog\/#website\"},\"primaryImageOfPage\":{\"@id\":\"https:\/\/dicodusport.fr\/blog\/torun-2021-championnats-deurope-dathletisme-en-salle-valentin-lavillenie-medaille-dargent\/#primaryimage\"},\"image\":{\"@id\":\"https:\/\/dicodusport.fr\/blog\/torun-2021-championnats-deurope-dathletisme-en-salle-valentin-lavillenie-medaille-dargent\/#primaryimage\"},\"thumbnailUrl\":\"https:\/\/dicodusport.fr\/blog\/wp-content\/uploads\/2021\/03\/Torun-2021-\u2013-Championnats-dEurope-dathletisme-en-salle-Valentin-Lavillenie-medaille-dargent.png\",\"datePublished\":\"2021-03-07T17:55:37+00:00\",\"dateModified\":\"2021-03-07T18:34:17+00:00\",\"description\":\"Magnifique m\u00e9daille pour Valentin Lavillenie ! Il termine 2e du concours de saut \u00e0 la perche derri\u00e8re l'intouchable Mondo Duplantis.\",\"breadcrumb\":{\"@id\":\"https:\/\/dicodusport.fr\/blog\/torun-2021-championnats-deurope-dathletisme-en-salle-valentin-lavillenie-medaille-dargent\/#breadcrumb\"},\"inLanguage\":\"fr-FR\",\"potentialAction\":[{\"@type\":\"ReadAction\",\"target\":[\"https:\/\/dicodusport.fr\/blog\/torun-2021-championnats-deurope-dathletisme-en-salle-valentin-lavillenie-medaille-dargent\/\"]}]},{\"@type\":\"ImageObject\",\"inLanguage\":\"fr-FR\",\"@id\":\"https:\/\/dicodusport.fr\/blog\/torun-2021-championnats-deurope-dathletisme-en-salle-valentin-lavillenie-medaille-dargent\/#primaryimage\",\"url\":\"https:\/\/dicodusport.fr\/blog\/wp-content\/uploads\/2021\/03\/Torun-2021-\u2013-Championnats-dEurope-dathletisme-en-salle-Valentin-Lavillenie-medaille-dargent.png\",\"contentUrl\":\"https:\/\/dicodusport.fr\/blog\/wp-content\/uploads\/2021\/03\/Torun-2021-\u2013-Championnats-dEurope-dathletisme-en-salle-Valentin-Lavillenie-medaille-dargent.png\",\"width\":800,\"height\":445},{\"@type\":\"BreadcrumbList\",\"@id\":\"https:\/\/dicodusport.fr\/blog\/torun-2021-championnats-deurope-dathletisme-en-salle-valentin-lavillenie-medaille-dargent\/#breadcrumb\",\"itemListElement\":[{\"@type\":\"ListItem\",\"position\":1,\"name\":\"Accueil\",\"item\":\"https:\/\/dicodusport.fr\/blog\/\"},{\"@type\":\"ListItem\",\"position\":2,\"name\":\"Torun 2021 &#8211; Championnats d&rsquo;Europe d&rsquo;athl\u00e9tisme en salle : Valentin Lavillenie m\u00e9daill\u00e9 d&rsquo;argent !\"}]},{\"@type\":\"WebSite\",\"@id\":\"https:\/\/dicodusport.fr\/blog\/#website\",\"url\":\"https:\/\/dicodusport.fr\/blog\/\",\"name\":\"Dicodusport\",\"description\":\"L&#039;encyclop\u00e9die de l&#039;actualit\u00e9 sportive\",\"publisher\":{\"@id\":\"https:\/\/dicodusport.fr\/blog\/#organization\"},\"potentialAction\":[{\"@type\":\"SearchAction\",\"target\":{\"@type\":\"EntryPoint\",\"urlTemplate\":\"https:\/\/dicodusport.fr\/blog\/?s={search_term_string}\"},\"query-input\":{\"@type\":\"PropertyValueSpecification\",\"valueRequired\":true,\"valueName\":\"search_term_string\"}}],\"inLanguage\":\"fr-FR\"},{\"@type\":\"NewsMediaOrganization\",\"@id\":\"https:\/\/dicodusport.fr\/blog\/#organization\",\"name\":\"Dicodusport\",\"url\":\"https:\/\/dicodusport.fr\/blog\/\",\"logo\":{\"@type\":\"ImageObject\",\"inLanguage\":\"fr-FR\",\"@id\":\"https:\/\/dicodusport.fr\/blog\/#\/schema\/logo\/image\/\",\"url\":\"https:\/\/dicodusport.fr\/blog\/wp-content\/uploads\/2020\/06\/cropped-LOGO-DICODUSPORT-2020-SANS-FOND-SANS-TEXTE.png\",\"contentUrl\":\"https:\/\/dicodusport.fr\/blog\/wp-content\/uploads\/2020\/06\/cropped-LOGO-DICODUSPORT-2020-SANS-FOND-SANS-TEXTE.png\",\"width\":512,\"height\":512,\"caption\":\"Dicodusport\"},\"image\":{\"@id\":\"https:\/\/dicodusport.fr\/blog\/#\/schema\/logo\/image\/\"},\"sameAs\":[\"https:\/\/www.facebook.com\/dicodusport\",\"https:\/\/x.com\/dicodusport\",\"https:\/\/www.instagram.com\/dicodusport\/\",\"https:\/\/www.youtube.com\/channel\/UC7V2KZ5sd3htJivAbA4ZG3w\"],\"description\":\"Dicodusport est l'encyclop\u00e9die de l'actualit\u00e9 sportive.\",\"email\":\"bonjour@dicodusport.fr\",\"legalName\":\"DICODUSPORT\",\"foundingDate\":\"2018-01-14\",\"vatID\":\"FR71834470973\",\"taxID\":\"83447097300043\",\"numberOfEmployees\":{\"@type\":\"QuantitativeValue\",\"minValue\":\"1\",\"maxValue\":\"10\"}},{\"@type\":\"Person\",\"@id\":\"https:\/\/dicodusport.fr\/blog\/#\/schema\/person\/cce96fa88785bd8573e3d43078ac8c79\",\"name\":\"Arlette Yeye\",\"image\":{\"@type\":\"ImageObject\",\"inLanguage\":\"fr-FR\",\"@id\":\"https:\/\/dicodusport.fr\/blog\/#\/schema\/person\/image\/\",\"url\":\"https:\/\/secure.gravatar.com\/avatar\/dca4a6239e6d708e46c45d60e160de6c?s=96&d=wp_user_avatar&r=g\",\"contentUrl\":\"https:\/\/secure.gravatar.com\/avatar\/dca4a6239e6d708e46c45d60e160de6c?s=96&d=wp_user_avatar&r=g\",\"caption\":\"Arlette Yeye\"},\"description\":\"Journaliste\/r\u00e9dactrice depuis septembre 2015 - Supportrice de Chelsea, j'ai pour sports de pr\u00e9dilection le handball, l'athl\u00e9tisme et le tennis. Si je tweete plus vite que mon ombre, vous pouvez aussi me retrouver les week-ends sur les playgrounds de Bruxelles pour un petit foot ou basket entre potes. Parcourir la France, l'Europe et plus si affinit\u00e9s pour suivre mes sportifs pr\u00e9f\u00e9r\u00e9s ? Mon kif ! Et c'est avec plaisir que je partage les r\u00e9sultats des sports populaires mais \u00e9galement plus confidentiels pour Dicodusport.\",\"sameAs\":[\"https:\/\/x.com\/https:\/\/twitter.com\/Shiclette94\"],\"url\":\"https:\/\/dicodusport.fr\/blog\/author\/arlette\/\"}]}<\/script>\n<!-- \/ Yoast SEO Premium plugin. -->","yoast_head_json":{"title":"Torun 2021 - Championnats d'Europe d'athl\u00e9tisme en salle : Valentin Lavillenie m\u00e9daill\u00e9 d'argent !","description":"Magnifique m\u00e9daille pour Valentin Lavillenie ! Il termine 2e du concours de saut \u00e0 la perche derri\u00e8re l'intouchable Mondo Duplantis.","robots":{"index":"index","follow":"follow","max-snippet":"max-snippet:-1","max-image-preview":"max-image-preview:large","max-video-preview":"max-video-preview:-1"},"canonical":"https:\/\/dicodusport.fr\/blog\/torun-2021-championnats-deurope-dathletisme-en-salle-valentin-lavillenie-medaille-dargent\/","og_locale":"fr_FR","og_type":"article","og_title":"Torun 2021 - Championnats d'Europe d'athl\u00e9tisme en salle : Valentin Lavillenie m\u00e9daill\u00e9 d'argent !","og_description":"Magnifique m\u00e9daille pour Valentin Lavillenie ! Il termine 2e du concours de saut \u00e0 la perche derri\u00e8re l'intouchable Mondo Duplantis.","og_url":"https:\/\/dicodusport.fr\/blog\/torun-2021-championnats-deurope-dathletisme-en-salle-valentin-lavillenie-medaille-dargent\/","og_site_name":"Dicodusport","article_publisher":"https:\/\/www.facebook.com\/dicodusport","article_published_time":"2021-03-07T17:55:37+00:00","article_modified_time":"2021-03-07T18:34:17+00:00","og_image":[{"width":800,"height":445,"url":"https:\/\/dicodusport.fr\/blog\/wp-content\/uploads\/2021\/03\/Torun-2021-\u2013-Championnats-dEurope-dathletisme-en-salle-Valentin-Lavillenie-medaille-dargent.png","type":"image\/png"}],"author":"Arlette Yeye","twitter_card":"summary_large_image","twitter_title":"Torun 2021 - Championnats d'Europe d'athl\u00e9tisme en salle : Valentin Lavillenie m\u00e9daill\u00e9 d'argent !","twitter_creator":"@https:\/\/twitter.com\/Shiclette94","twitter_site":"@dicodusport","schema":{"@context":"https:\/\/schema.org","@graph":[{"@type":"NewsArticle","@id":"https:\/\/dicodusport.fr\/blog\/torun-2021-championnats-deurope-dathletisme-en-salle-valentin-lavillenie-medaille-dargent\/#article","isPartOf":{"@id":"https:\/\/dicodusport.fr\/blog\/torun-2021-championnats-deurope-dathletisme-en-salle-valentin-lavillenie-medaille-dargent\/"},"author":{"name":"Arlette Yeye","@id":"https:\/\/dicodusport.fr\/blog\/#\/schema\/person\/cce96fa88785bd8573e3d43078ac8c79"},"headline":"Torun 2021 &#8211; Championnats d&rsquo;Europe d&rsquo;athl\u00e9tisme en salle : Valentin Lavillenie m\u00e9daill\u00e9 d&rsquo;argent !","datePublished":"2021-03-07T17:55:37+00:00","dateModified":"2021-03-07T18:34:17+00:00","mainEntityOfPage":{"@id":"https:\/\/dicodusport.fr\/blog\/torun-2021-championnats-deurope-dathletisme-en-salle-valentin-lavillenie-medaille-dargent\/"},"wordCount":533,"commentCount":0,"publisher":{"@id":"https:\/\/dicodusport.fr\/blog\/#organization"},"image":{"@id":"https:\/\/dicodusport.fr\/blog\/torun-2021-championnats-deurope-dathletisme-en-salle-valentin-lavillenie-medaille-dargent\/#primaryimage"},"thumbnailUrl":"https:\/\/dicodusport.fr\/blog\/wp-content\/uploads\/2021\/03\/Torun-2021-\u2013-Championnats-dEurope-dathletisme-en-salle-Valentin-Lavillenie-medaille-dargent.png","keywords":["Athl\u00e9tisme","Championnats d'Europe d'athl\u00e9tisme en salle","saut \u00e0 la perche","Torun","valentin lavillenie"],"articleSection":["Championnats d'Europe d'athl\u00e9tisme"],"inLanguage":"fr-FR","potentialAction":[{"@type":"CommentAction","name":"Comment","target":["https:\/\/dicodusport.fr\/blog\/torun-2021-championnats-deurope-dathletisme-en-salle-valentin-lavillenie-medaille-dargent\/#respond"]}],"copyrightYear":"2021","copyrightHolder":{"@id":"https:\/\/dicodusport.fr\/blog\/#organization"}},{"@type":"WebPage","@id":"https:\/\/dicodusport.fr\/blog\/torun-2021-championnats-deurope-dathletisme-en-salle-valentin-lavillenie-medaille-dargent\/","url":"https:\/\/dicodusport.fr\/blog\/torun-2021-championnats-deurope-dathletisme-en-salle-valentin-lavillenie-medaille-dargent\/","name":"Torun 2021 - Championnats d'Europe d'athl\u00e9tisme en salle : Valentin Lavillenie m\u00e9daill\u00e9 d'argent !","isPartOf":{"@id":"https:\/\/dicodusport.fr\/blog\/#website"},"primaryImageOfPage":{"@id":"https:\/\/dicodusport.fr\/blog\/torun-2021-championnats-deurope-dathletisme-en-salle-valentin-lavillenie-medaille-dargent\/#primaryimage"},"image":{"@id":"https:\/\/dicodusport.fr\/blog\/torun-2021-championnats-deurope-dathletisme-en-salle-valentin-lavillenie-medaille-dargent\/#primaryimage"},"thumbnailUrl":"https:\/\/dicodusport.fr\/blog\/wp-content\/uploads\/2021\/03\/Torun-2021-\u2013-Championnats-dEurope-dathletisme-en-salle-Valentin-Lavillenie-medaille-dargent.png","datePublished":"2021-03-07T17:55:37+00:00","dateModified":"2021-03-07T18:34:17+00:00","description":"Magnifique m\u00e9daille pour Valentin Lavillenie ! Il termine 2e du concours de saut \u00e0 la perche derri\u00e8re l'intouchable Mondo Duplantis.","breadcrumb":{"@id":"https:\/\/dicodusport.fr\/blog\/torun-2021-championnats-deurope-dathletisme-en-salle-valentin-lavillenie-medaille-dargent\/#breadcrumb"},"inLanguage":"fr-FR","potentialAction":[{"@type":"ReadAction","target":["https:\/\/dicodusport.fr\/blog\/torun-2021-championnats-deurope-dathletisme-en-salle-valentin-lavillenie-medaille-dargent\/"]}]},{"@type":"ImageObject","inLanguage":"fr-FR","@id":"https:\/\/dicodusport.fr\/blog\/torun-2021-championnats-deurope-dathletisme-en-salle-valentin-lavillenie-medaille-dargent\/#primaryimage","url":"https:\/\/dicodusport.fr\/blog\/wp-content\/uploads\/2021\/03\/Torun-2021-\u2013-Championnats-dEurope-dathletisme-en-salle-Valentin-Lavillenie-medaille-dargent.png","contentUrl":"https:\/\/dicodusport.fr\/blog\/wp-content\/uploads\/2021\/03\/Torun-2021-\u2013-Championnats-dEurope-dathletisme-en-salle-Valentin-Lavillenie-medaille-dargent.png","width":800,"height":445},{"@type":"BreadcrumbList","@id":"https:\/\/dicodusport.fr\/blog\/torun-2021-championnats-deurope-dathletisme-en-salle-valentin-lavillenie-medaille-dargent\/#breadcrumb","itemListElement":[{"@type":"ListItem","position":1,"name":"Accueil","item":"https:\/\/dicodusport.fr\/blog\/"},{"@type":"ListItem","position":2,"name":"Torun 2021 &#8211; Championnats d&rsquo;Europe d&rsquo;athl\u00e9tisme en salle : Valentin Lavillenie m\u00e9daill\u00e9 d&rsquo;argent !"}]},{"@type":"WebSite","@id":"https:\/\/dicodusport.fr\/blog\/#website","url":"https:\/\/dicodusport.fr\/blog\/","name":"Dicodusport","description":"L&#039;encyclop\u00e9die de l&#039;actualit\u00e9 sportive","publisher":{"@id":"https:\/\/dicodusport.fr\/blog\/#organization"},"potentialAction":[{"@type":"SearchAction","target":{"@type":"EntryPoint","urlTemplate":"https:\/\/dicodusport.fr\/blog\/?s={search_term_string}"},"query-input":{"@type":"PropertyValueSpecification","valueRequired":true,"valueName":"search_term_string"}}],"inLanguage":"fr-FR"},{"@type":"NewsMediaOrganization","@id":"https:\/\/dicodusport.fr\/blog\/#organization","name":"Dicodusport","url":"https:\/\/dicodusport.fr\/blog\/","logo":{"@type":"ImageObject","inLanguage":"fr-FR","@id":"https:\/\/dicodusport.fr\/blog\/#\/schema\/logo\/image\/","url":"https:\/\/dicodusport.fr\/blog\/wp-content\/uploads\/2020\/06\/cropped-LOGO-DICODUSPORT-2020-SANS-FOND-SANS-TEXTE.png","contentUrl":"https:\/\/dicodusport.fr\/blog\/wp-content\/uploads\/2020\/06\/cropped-LOGO-DICODUSPORT-2020-SANS-FOND-SANS-TEXTE.png","width":512,"height":512,"caption":"Dicodusport"},"image":{"@id":"https:\/\/dicodusport.fr\/blog\/#\/schema\/logo\/image\/"},"sameAs":["https:\/\/www.facebook.com\/dicodusport","https:\/\/x.com\/dicodusport","https:\/\/www.instagram.com\/dicodusport\/","https:\/\/www.youtube.com\/channel\/UC7V2KZ5sd3htJivAbA4ZG3w"],"description":"Dicodusport est l'encyclop\u00e9die de l'actualit\u00e9 sportive.","email":"bonjour@dicodusport.fr","legalName":"DICODUSPORT","foundingDate":"2018-01-14","vatID":"FR71834470973","taxID":"83447097300043","numberOfEmployees":{"@type":"QuantitativeValue","minValue":"1","maxValue":"10"}},{"@type":"Person","@id":"https:\/\/dicodusport.fr\/blog\/#\/schema\/person\/cce96fa88785bd8573e3d43078ac8c79","name":"Arlette Yeye","image":{"@type":"ImageObject","inLanguage":"fr-FR","@id":"https:\/\/dicodusport.fr\/blog\/#\/schema\/person\/image\/","url":"https:\/\/secure.gravatar.com\/avatar\/dca4a6239e6d708e46c45d60e160de6c?s=96&d=wp_user_avatar&r=g","contentUrl":"https:\/\/secure.gravatar.com\/avatar\/dca4a6239e6d708e46c45d60e160de6c?s=96&d=wp_user_avatar&r=g","caption":"Arlette Yeye"},"description":"Journaliste\/r\u00e9dactrice depuis septembre 2015 - Supportrice de Chelsea, j'ai pour sports de pr\u00e9dilection le handball, l'athl\u00e9tisme et le tennis. Si je tweete plus vite que mon ombre, vous pouvez aussi me retrouver les week-ends sur les playgrounds de Bruxelles pour un petit foot ou basket entre potes. Parcourir la France, l'Europe et plus si affinit\u00e9s pour suivre mes sportifs pr\u00e9f\u00e9r\u00e9s ? Mon kif ! Et c'est avec plaisir que je partage les r\u00e9sultats des sports populaires mais \u00e9galement plus confidentiels pour Dicodusport.","sameAs":["https:\/\/x.com\/https:\/\/twitter.com\/Shiclette94"],"url":"https:\/\/dicodusport.fr\/blog\/author\/arlette\/"}]}},"_links":{"self":[{"href":"https:\/\/dicodusport.fr\/blog\/wp-json\/wp\/v2\/posts\/111764","targetHints":{"allow":["GET"]}}],"collection":[{"href":"https:\/\/dicodusport.fr\/blog\/wp-json\/wp\/v2\/posts"}],"about":[{"href":"https:\/\/dicodusport.fr\/blog\/wp-json\/wp\/v2\/types\/post"}],"author":[{"embeddable":true,"href":"https:\/\/dicodusport.fr\/blog\/wp-json\/wp\/v2\/users\/12"}],"replies":[{"embeddable":true,"href":"https:\/\/dicodusport.fr\/blog\/wp-json\/wp\/v2\/comments?post=111764"}],"version-history":[{"count":0,"href":"https:\/\/dicodusport.fr\/blog\/wp-json\/wp\/v2\/posts\/111764\/revisions"}],"wp:featuredmedia":[{"embeddable":true,"href":"https:\/\/dicodusport.fr\/blog\/wp-json\/wp\/v2\/media\/111871"}],"wp:attachment":[{"href":"https:\/\/dicodusport.fr\/blog\/wp-json\/wp\/v2\/media?parent=111764"}],"wp:term":[{"taxonomy":"category","embeddable":true,"href":"https:\/\/dicodusport.fr\/blog\/wp-json\/wp\/v2\/categories?post=111764"},{"taxonomy":"post_tag","embeddable":true,"href":"https:\/\/dicodusport.fr\/blog\/wp-json\/wp\/v2\/tags?post=111764"}],"curies":[{"name":"wp","href":"https:\/\/api.w.org\/{rel}","templated":true}]}}