{"id":111767,"date":"2021-03-07T17:14:45","date_gmt":"2021-03-07T16:14:45","guid":{"rendered":"https:\/\/dicodusport.fr\/blog\/?p=111767&#038;preview=true&#038;preview_id=111767"},"modified":"2021-03-07T17:34:42","modified_gmt":"2021-03-07T16:34:42","slug":"torun-2021-wilhem-belocian-champion-deurope-en-salle-du-60-m-haies","status":"publish","type":"post","link":"https:\/\/dicodusport.fr\/blog\/torun-2021-wilhem-belocian-champion-deurope-en-salle-du-60-m-haies\/","title":{"rendered":"Torun 2021 &#8211; Wilhem Belocian champion d&rsquo;Europe en salle du 60 m haies !"},"content":{"rendered":"<p style=\"text-align: justify;\"><strong><em><a href=\"https:\/\/dicodusport.fr\/blog\/athletisme-championnats-deurope-en-salle-2021-programme-et-resultats\/\" target=\"_blank\" rel=\"noopener\">Championnats d&rsquo;Europe d&rsquo;athl\u00e9tisme en salle de Torun<\/a> &#8211; Premi\u00e8re m\u00e9daille de l&rsquo;apr\u00e8s-midi, qui on esp\u00e8re en appellera bien d&rsquo;autres ! Wilhem Belocian a remport\u00e9 la m\u00e9daille d&rsquo;or au 60 m haies.<\/em><\/strong><\/p>\n<p style=\"text-align: justify;\"><strong>Wilhem Belocian<\/strong>, meilleur temps des engag\u00e9s et dominateur en s\u00e9rie et en demies, a remport\u00e9 son premier titre international chez les seniors. \u00c0 la lutte avec le champion du monde en salle Andrew Pozzi, le Fran\u00e7ais a marqu\u00e9 son territoire en s&rsquo;imposant en 7\u203342. Meilleure marque europ\u00e9enne de la saison, il am\u00e9liore une nouvelle fois son record personnel, un mois apr\u00e8s l&rsquo;avoir fait \u00e0 Metz (7\u203345). D\u00e9ception du c\u00f4t\u00e9 d&rsquo;<strong>Aurel Manga<\/strong>. Il n&rsquo;est pas parvenu \u00e0 chercher le podium. Il termine 5e en 7\u203363.<\/p>\n<blockquote class=\"twitter-tweet\">\n<p dir=\"ltr\" lang=\"fr\">Wilhem Belocian champion d&rsquo;Europe du 60m haies !!! &#x1f1eb;&#x1f1f7;&#x1f525;<\/p>\n<p>Le Fran\u00e7ais d\u00e9croche la deuxi\u00e8me m\u00e9daille tricolore gr\u00e2ce \u00e0 un cass\u00e9 de bassin l\u00e9gendaire et s&rsquo;impose en 7\u00a0\u00bb42 ! <a href=\"https:\/\/twitter.com\/hashtag\/Torun2021?src=hash&amp;ref_src=twsrc%5Etfw\">#Torun2021<\/a><\/p>\n<p>&#x25b6; Suivez la derni\u00e8re journ\u00e9e des championnats d&rsquo;Europe en salle : <a href=\"https:\/\/t.co\/1XjjPCBBye\">https:\/\/t.co\/1XjjPCBBye<\/a> <a href=\"https:\/\/t.co\/RoPb4XExZ8\">pic.twitter.com\/RoPb4XExZ8<\/a><\/p>\n<p>\u2014 France tv sport (@francetvsport) <a href=\"https:\/\/twitter.com\/francetvsport\/status\/1368596127755427846?ref_src=twsrc%5Etfw\">March 7, 2021<\/a><\/p><\/blockquote>\n<p><script async src=\"https:\/\/platform.twitter.com\/widgets.js\" charset=\"utf-8\"><\/script><\/p>\n<ul>\n<li style=\"text-align: justify;\"><strong>\u00c0 lire aussi &#8211; <a href=\"https:\/\/dicodusport.fr\/blog\/athletisme-championnats-d-europe-en-salle-2021-tableau-des-medailles\/\" target=\"_blank\" rel=\"noopener\">Athl\u00e9tisme : le tableau des m\u00e9dailles des championnats d&rsquo;Europe en salle 2021<\/a><\/strong><\/li>\n<\/ul>\n<p><strong><em>Dicodusport<br \/>\n<a href=\"https:\/\/www.facebook.com\/dicodusport\/\" target=\"_blank\" rel=\"noopener noreferrer\"><img loading=\"lazy\" decoding=\"async\" class=\"alignnone wp-image-2909\" src=\"http:\/\/dicodusport.fr\/blog\/wp-content\/uploads\/2017\/07\/logo-facebook-150x150.png\" alt=\"\" width=\"40\" height=\"40\" \/><\/a><a href=\"https:\/\/twitter.com\/dicodusport\" target=\"_blank\" rel=\"noopener noreferrer\"><img loading=\"lazy\" decoding=\"async\" class=\"alignnone wp-image-2908\" src=\"http:\/\/dicodusport.fr\/blog\/wp-content\/uploads\/2017\/07\/logo-twitter-150x150.png\" alt=\"\" width=\"39\" height=\"39\" \/><\/a><\/em><\/strong><\/p>\n","protected":false},"excerpt":{"rendered":"<p>Championnats d&rsquo;Europe d&rsquo;athl\u00e9tisme en salle de Torun &#8211; Premi\u00e8re m\u00e9daille de l&rsquo;apr\u00e8s-midi, qui on esp\u00e8re en appellera bien d&rsquo;autres ! Wilhem Belocian a remport\u00e9 la m\u00e9daille d&rsquo;or au 60 m haies.<\/p>\n","protected":false},"author":12,"featured_media":111793,"comment_status":"open","ping_status":"closed","sticky":false,"template":"","format":"standard","meta":{"_acf_changed":false,"_daextam_enable_autolinks":"","footnotes":""},"categories":[46996],"tags":[143,4068,7359,14710,7375],"class_list":["post-111767","post","type-post","status-publish","format-standard","has-post-thumbnail","hentry","category-championnats-d-europe-athletisme","tag-athletisme","tag-aurel-manga","tag-championnats-deurope-dathletisme-en-salle","tag-torun","tag-wilhem-belocian"],"acf":[],"yoast_head":"<!-- This site is optimized with the Yoast SEO Premium plugin v26.7 (Yoast SEO v26.7) - https:\/\/yoast.com\/wordpress\/plugins\/seo\/ -->\n<title>Torun 2021 - Wilhem Belocian champion d&#039;Europe en salle du 60 m haies !<\/title>\n<meta name=\"description\" content=\"Championnats d&#039;Europe d&#039;athl\u00e9tisme en salle de Torun - Wilhem Belocian a remport\u00e9 la m\u00e9daille d&#039;or au 60 m haies.\" \/>\n<meta name=\"robots\" content=\"index, follow, max-snippet:-1, max-image-preview:large, max-video-preview:-1\" \/>\n<link rel=\"canonical\" href=\"https:\/\/dicodusport.fr\/blog\/torun-2021-wilhem-belocian-champion-deurope-en-salle-du-60-m-haies\/\" \/>\n<meta property=\"og:locale\" content=\"fr_FR\" \/>\n<meta property=\"og:type\" content=\"article\" \/>\n<meta property=\"og:title\" content=\"Torun 2021 - Wilhem Belocian champion d&#039;Europe en salle du 60 m haies !\" \/>\n<meta property=\"og:description\" content=\"Championnats d&#039;Europe d&#039;athl\u00e9tisme en salle de Torun - Wilhem Belocian a remport\u00e9 la m\u00e9daille d&#039;or au 60 m haies.\" \/>\n<meta property=\"og:url\" content=\"https:\/\/dicodusport.fr\/blog\/torun-2021-wilhem-belocian-champion-deurope-en-salle-du-60-m-haies\/\" \/>\n<meta property=\"og:site_name\" content=\"Dicodusport\" \/>\n<meta property=\"article:publisher\" content=\"https:\/\/www.facebook.com\/dicodusport\" \/>\n<meta property=\"article:published_time\" content=\"2021-03-07T16:14:45+00:00\" \/>\n<meta property=\"article:modified_time\" content=\"2021-03-07T16:34:42+00:00\" \/>\n<meta property=\"og:image\" content=\"https:\/\/dicodusport.fr\/blog\/wp-content\/uploads\/2021\/03\/Wilhem-Belocian-champion-dEurope-en-salle-du-60m-haies.jpg\" \/>\n\t<meta property=\"og:image:width\" content=\"800\" \/>\n\t<meta property=\"og:image:height\" content=\"446\" \/>\n\t<meta property=\"og:image:type\" content=\"image\/jpeg\" \/>\n<meta name=\"author\" content=\"Arlette Yeye\" \/>\n<meta name=\"twitter:card\" content=\"summary_large_image\" \/>\n<meta name=\"twitter:title\" content=\"Torun 2021 - Wilhem Belocian champion d&#039;Europe en salle du 60 m haies !\" \/>\n<meta name=\"twitter:creator\" content=\"@https:\/\/twitter.com\/Shiclette94\" \/>\n<meta name=\"twitter:site\" content=\"@dicodusport\" \/>\n<script type=\"application\/ld+json\" class=\"yoast-schema-graph\">{\"@context\":\"https:\/\/schema.org\",\"@graph\":[{\"@type\":\"NewsArticle\",\"@id\":\"https:\/\/dicodusport.fr\/blog\/torun-2021-wilhem-belocian-champion-deurope-en-salle-du-60-m-haies\/#article\",\"isPartOf\":{\"@id\":\"https:\/\/dicodusport.fr\/blog\/torun-2021-wilhem-belocian-champion-deurope-en-salle-du-60-m-haies\/\"},\"author\":{\"name\":\"Arlette Yeye\",\"@id\":\"https:\/\/dicodusport.fr\/blog\/#\/schema\/person\/cce96fa88785bd8573e3d43078ac8c79\"},\"headline\":\"Torun 2021 &#8211; Wilhem Belocian champion d&rsquo;Europe en salle du 60 m haies !\",\"datePublished\":\"2021-03-07T16:14:45+00:00\",\"dateModified\":\"2021-03-07T16:34:42+00:00\",\"mainEntityOfPage\":{\"@id\":\"https:\/\/dicodusport.fr\/blog\/torun-2021-wilhem-belocian-champion-deurope-en-salle-du-60-m-haies\/\"},\"wordCount\":227,\"commentCount\":0,\"publisher\":{\"@id\":\"https:\/\/dicodusport.fr\/blog\/#organization\"},\"image\":{\"@id\":\"https:\/\/dicodusport.fr\/blog\/torun-2021-wilhem-belocian-champion-deurope-en-salle-du-60-m-haies\/#primaryimage\"},\"thumbnailUrl\":\"https:\/\/dicodusport.fr\/blog\/wp-content\/uploads\/2021\/03\/Wilhem-Belocian-champion-dEurope-en-salle-du-60m-haies.jpg\",\"keywords\":[\"Athl\u00e9tisme\",\"Aurel Manga\",\"Championnats d'Europe d'athl\u00e9tisme en salle\",\"Torun\",\"Wilhem Belocian\"],\"articleSection\":[\"Championnats d'Europe d'athl\u00e9tisme\"],\"inLanguage\":\"fr-FR\",\"potentialAction\":[{\"@type\":\"CommentAction\",\"name\":\"Comment\",\"target\":[\"https:\/\/dicodusport.fr\/blog\/torun-2021-wilhem-belocian-champion-deurope-en-salle-du-60-m-haies\/#respond\"]}],\"copyrightYear\":\"2021\",\"copyrightHolder\":{\"@id\":\"https:\/\/dicodusport.fr\/blog\/#organization\"}},{\"@type\":\"WebPage\",\"@id\":\"https:\/\/dicodusport.fr\/blog\/torun-2021-wilhem-belocian-champion-deurope-en-salle-du-60-m-haies\/\",\"url\":\"https:\/\/dicodusport.fr\/blog\/torun-2021-wilhem-belocian-champion-deurope-en-salle-du-60-m-haies\/\",\"name\":\"Torun 2021 - Wilhem Belocian champion d'Europe en salle du 60 m haies !\",\"isPartOf\":{\"@id\":\"https:\/\/dicodusport.fr\/blog\/#website\"},\"primaryImageOfPage\":{\"@id\":\"https:\/\/dicodusport.fr\/blog\/torun-2021-wilhem-belocian-champion-deurope-en-salle-du-60-m-haies\/#primaryimage\"},\"image\":{\"@id\":\"https:\/\/dicodusport.fr\/blog\/torun-2021-wilhem-belocian-champion-deurope-en-salle-du-60-m-haies\/#primaryimage\"},\"thumbnailUrl\":\"https:\/\/dicodusport.fr\/blog\/wp-content\/uploads\/2021\/03\/Wilhem-Belocian-champion-dEurope-en-salle-du-60m-haies.jpg\",\"datePublished\":\"2021-03-07T16:14:45+00:00\",\"dateModified\":\"2021-03-07T16:34:42+00:00\",\"description\":\"Championnats d'Europe d'athl\u00e9tisme en salle de Torun - Wilhem Belocian a remport\u00e9 la m\u00e9daille d'or au 60 m haies.\",\"breadcrumb\":{\"@id\":\"https:\/\/dicodusport.fr\/blog\/torun-2021-wilhem-belocian-champion-deurope-en-salle-du-60-m-haies\/#breadcrumb\"},\"inLanguage\":\"fr-FR\",\"potentialAction\":[{\"@type\":\"ReadAction\",\"target\":[\"https:\/\/dicodusport.fr\/blog\/torun-2021-wilhem-belocian-champion-deurope-en-salle-du-60-m-haies\/\"]}]},{\"@type\":\"ImageObject\",\"inLanguage\":\"fr-FR\",\"@id\":\"https:\/\/dicodusport.fr\/blog\/torun-2021-wilhem-belocian-champion-deurope-en-salle-du-60-m-haies\/#primaryimage\",\"url\":\"https:\/\/dicodusport.fr\/blog\/wp-content\/uploads\/2021\/03\/Wilhem-Belocian-champion-dEurope-en-salle-du-60m-haies.jpg\",\"contentUrl\":\"https:\/\/dicodusport.fr\/blog\/wp-content\/uploads\/2021\/03\/Wilhem-Belocian-champion-dEurope-en-salle-du-60m-haies.jpg\",\"width\":800,\"height\":446},{\"@type\":\"BreadcrumbList\",\"@id\":\"https:\/\/dicodusport.fr\/blog\/torun-2021-wilhem-belocian-champion-deurope-en-salle-du-60-m-haies\/#breadcrumb\",\"itemListElement\":[{\"@type\":\"ListItem\",\"position\":1,\"name\":\"Accueil\",\"item\":\"https:\/\/dicodusport.fr\/blog\/\"},{\"@type\":\"ListItem\",\"position\":2,\"name\":\"Torun 2021 &#8211; Wilhem Belocian champion d&rsquo;Europe en salle du 60 m haies !\"}]},{\"@type\":\"WebSite\",\"@id\":\"https:\/\/dicodusport.fr\/blog\/#website\",\"url\":\"https:\/\/dicodusport.fr\/blog\/\",\"name\":\"Dicodusport\",\"description\":\"L&#039;encyclop\u00e9die de l&#039;actualit\u00e9 sportive\",\"publisher\":{\"@id\":\"https:\/\/dicodusport.fr\/blog\/#organization\"},\"potentialAction\":[{\"@type\":\"SearchAction\",\"target\":{\"@type\":\"EntryPoint\",\"urlTemplate\":\"https:\/\/dicodusport.fr\/blog\/?s={search_term_string}\"},\"query-input\":{\"@type\":\"PropertyValueSpecification\",\"valueRequired\":true,\"valueName\":\"search_term_string\"}}],\"inLanguage\":\"fr-FR\"},{\"@type\":\"NewsMediaOrganization\",\"@id\":\"https:\/\/dicodusport.fr\/blog\/#organization\",\"name\":\"Dicodusport\",\"url\":\"https:\/\/dicodusport.fr\/blog\/\",\"logo\":{\"@type\":\"ImageObject\",\"inLanguage\":\"fr-FR\",\"@id\":\"https:\/\/dicodusport.fr\/blog\/#\/schema\/logo\/image\/\",\"url\":\"https:\/\/dicodusport.fr\/blog\/wp-content\/uploads\/2020\/06\/cropped-LOGO-DICODUSPORT-2020-SANS-FOND-SANS-TEXTE.png\",\"contentUrl\":\"https:\/\/dicodusport.fr\/blog\/wp-content\/uploads\/2020\/06\/cropped-LOGO-DICODUSPORT-2020-SANS-FOND-SANS-TEXTE.png\",\"width\":512,\"height\":512,\"caption\":\"Dicodusport\"},\"image\":{\"@id\":\"https:\/\/dicodusport.fr\/blog\/#\/schema\/logo\/image\/\"},\"sameAs\":[\"https:\/\/www.facebook.com\/dicodusport\",\"https:\/\/x.com\/dicodusport\",\"https:\/\/www.instagram.com\/dicodusport\/\",\"https:\/\/www.youtube.com\/channel\/UC7V2KZ5sd3htJivAbA4ZG3w\"],\"description\":\"Dicodusport est l'encyclop\u00e9die de l'actualit\u00e9 sportive.\",\"email\":\"bonjour@dicodusport.fr\",\"legalName\":\"DICODUSPORT\",\"foundingDate\":\"2018-01-14\",\"vatID\":\"FR71834470973\",\"taxID\":\"83447097300043\",\"numberOfEmployees\":{\"@type\":\"QuantitativeValue\",\"minValue\":\"1\",\"maxValue\":\"10\"}},{\"@type\":\"Person\",\"@id\":\"https:\/\/dicodusport.fr\/blog\/#\/schema\/person\/cce96fa88785bd8573e3d43078ac8c79\",\"name\":\"Arlette Yeye\",\"image\":{\"@type\":\"ImageObject\",\"inLanguage\":\"fr-FR\",\"@id\":\"https:\/\/dicodusport.fr\/blog\/#\/schema\/person\/image\/\",\"url\":\"https:\/\/secure.gravatar.com\/avatar\/dca4a6239e6d708e46c45d60e160de6c?s=96&d=wp_user_avatar&r=g\",\"contentUrl\":\"https:\/\/secure.gravatar.com\/avatar\/dca4a6239e6d708e46c45d60e160de6c?s=96&d=wp_user_avatar&r=g\",\"caption\":\"Arlette Yeye\"},\"description\":\"Journaliste\/r\u00e9dactrice depuis septembre 2015 - Supportrice de Chelsea, j'ai pour sports de pr\u00e9dilection le handball, l'athl\u00e9tisme et le tennis. Si je tweete plus vite que mon ombre, vous pouvez aussi me retrouver les week-ends sur les playgrounds de Bruxelles pour un petit foot ou basket entre potes. Parcourir la France, l'Europe et plus si affinit\u00e9s pour suivre mes sportifs pr\u00e9f\u00e9r\u00e9s ? Mon kif ! Et c'est avec plaisir que je partage les r\u00e9sultats des sports populaires mais \u00e9galement plus confidentiels pour Dicodusport.\",\"sameAs\":[\"https:\/\/x.com\/https:\/\/twitter.com\/Shiclette94\"],\"url\":\"https:\/\/dicodusport.fr\/blog\/author\/arlette\/\"}]}<\/script>\n<!-- \/ Yoast SEO Premium plugin. -->","yoast_head_json":{"title":"Torun 2021 - Wilhem Belocian champion d'Europe en salle du 60 m haies !","description":"Championnats d'Europe d'athl\u00e9tisme en salle de Torun - Wilhem Belocian a remport\u00e9 la m\u00e9daille d'or au 60 m haies.","robots":{"index":"index","follow":"follow","max-snippet":"max-snippet:-1","max-image-preview":"max-image-preview:large","max-video-preview":"max-video-preview:-1"},"canonical":"https:\/\/dicodusport.fr\/blog\/torun-2021-wilhem-belocian-champion-deurope-en-salle-du-60-m-haies\/","og_locale":"fr_FR","og_type":"article","og_title":"Torun 2021 - Wilhem Belocian champion d'Europe en salle du 60 m haies !","og_description":"Championnats d'Europe d'athl\u00e9tisme en salle de Torun - Wilhem Belocian a remport\u00e9 la m\u00e9daille d'or au 60 m haies.","og_url":"https:\/\/dicodusport.fr\/blog\/torun-2021-wilhem-belocian-champion-deurope-en-salle-du-60-m-haies\/","og_site_name":"Dicodusport","article_publisher":"https:\/\/www.facebook.com\/dicodusport","article_published_time":"2021-03-07T16:14:45+00:00","article_modified_time":"2021-03-07T16:34:42+00:00","og_image":[{"width":800,"height":446,"url":"https:\/\/dicodusport.fr\/blog\/wp-content\/uploads\/2021\/03\/Wilhem-Belocian-champion-dEurope-en-salle-du-60m-haies.jpg","type":"image\/jpeg"}],"author":"Arlette Yeye","twitter_card":"summary_large_image","twitter_title":"Torun 2021 - Wilhem Belocian champion d'Europe en salle du 60 m haies !","twitter_creator":"@https:\/\/twitter.com\/Shiclette94","twitter_site":"@dicodusport","schema":{"@context":"https:\/\/schema.org","@graph":[{"@type":"NewsArticle","@id":"https:\/\/dicodusport.fr\/blog\/torun-2021-wilhem-belocian-champion-deurope-en-salle-du-60-m-haies\/#article","isPartOf":{"@id":"https:\/\/dicodusport.fr\/blog\/torun-2021-wilhem-belocian-champion-deurope-en-salle-du-60-m-haies\/"},"author":{"name":"Arlette Yeye","@id":"https:\/\/dicodusport.fr\/blog\/#\/schema\/person\/cce96fa88785bd8573e3d43078ac8c79"},"headline":"Torun 2021 &#8211; Wilhem Belocian champion d&rsquo;Europe en salle du 60 m haies !","datePublished":"2021-03-07T16:14:45+00:00","dateModified":"2021-03-07T16:34:42+00:00","mainEntityOfPage":{"@id":"https:\/\/dicodusport.fr\/blog\/torun-2021-wilhem-belocian-champion-deurope-en-salle-du-60-m-haies\/"},"wordCount":227,"commentCount":0,"publisher":{"@id":"https:\/\/dicodusport.fr\/blog\/#organization"},"image":{"@id":"https:\/\/dicodusport.fr\/blog\/torun-2021-wilhem-belocian-champion-deurope-en-salle-du-60-m-haies\/#primaryimage"},"thumbnailUrl":"https:\/\/dicodusport.fr\/blog\/wp-content\/uploads\/2021\/03\/Wilhem-Belocian-champion-dEurope-en-salle-du-60m-haies.jpg","keywords":["Athl\u00e9tisme","Aurel Manga","Championnats d'Europe d'athl\u00e9tisme en salle","Torun","Wilhem Belocian"],"articleSection":["Championnats d'Europe d'athl\u00e9tisme"],"inLanguage":"fr-FR","potentialAction":[{"@type":"CommentAction","name":"Comment","target":["https:\/\/dicodusport.fr\/blog\/torun-2021-wilhem-belocian-champion-deurope-en-salle-du-60-m-haies\/#respond"]}],"copyrightYear":"2021","copyrightHolder":{"@id":"https:\/\/dicodusport.fr\/blog\/#organization"}},{"@type":"WebPage","@id":"https:\/\/dicodusport.fr\/blog\/torun-2021-wilhem-belocian-champion-deurope-en-salle-du-60-m-haies\/","url":"https:\/\/dicodusport.fr\/blog\/torun-2021-wilhem-belocian-champion-deurope-en-salle-du-60-m-haies\/","name":"Torun 2021 - Wilhem Belocian champion d'Europe en salle du 60 m haies !","isPartOf":{"@id":"https:\/\/dicodusport.fr\/blog\/#website"},"primaryImageOfPage":{"@id":"https:\/\/dicodusport.fr\/blog\/torun-2021-wilhem-belocian-champion-deurope-en-salle-du-60-m-haies\/#primaryimage"},"image":{"@id":"https:\/\/dicodusport.fr\/blog\/torun-2021-wilhem-belocian-champion-deurope-en-salle-du-60-m-haies\/#primaryimage"},"thumbnailUrl":"https:\/\/dicodusport.fr\/blog\/wp-content\/uploads\/2021\/03\/Wilhem-Belocian-champion-dEurope-en-salle-du-60m-haies.jpg","datePublished":"2021-03-07T16:14:45+00:00","dateModified":"2021-03-07T16:34:42+00:00","description":"Championnats d'Europe d'athl\u00e9tisme en salle de Torun - Wilhem Belocian a remport\u00e9 la m\u00e9daille d'or au 60 m haies.","breadcrumb":{"@id":"https:\/\/dicodusport.fr\/blog\/torun-2021-wilhem-belocian-champion-deurope-en-salle-du-60-m-haies\/#breadcrumb"},"inLanguage":"fr-FR","potentialAction":[{"@type":"ReadAction","target":["https:\/\/dicodusport.fr\/blog\/torun-2021-wilhem-belocian-champion-deurope-en-salle-du-60-m-haies\/"]}]},{"@type":"ImageObject","inLanguage":"fr-FR","@id":"https:\/\/dicodusport.fr\/blog\/torun-2021-wilhem-belocian-champion-deurope-en-salle-du-60-m-haies\/#primaryimage","url":"https:\/\/dicodusport.fr\/blog\/wp-content\/uploads\/2021\/03\/Wilhem-Belocian-champion-dEurope-en-salle-du-60m-haies.jpg","contentUrl":"https:\/\/dicodusport.fr\/blog\/wp-content\/uploads\/2021\/03\/Wilhem-Belocian-champion-dEurope-en-salle-du-60m-haies.jpg","width":800,"height":446},{"@type":"BreadcrumbList","@id":"https:\/\/dicodusport.fr\/blog\/torun-2021-wilhem-belocian-champion-deurope-en-salle-du-60-m-haies\/#breadcrumb","itemListElement":[{"@type":"ListItem","position":1,"name":"Accueil","item":"https:\/\/dicodusport.fr\/blog\/"},{"@type":"ListItem","position":2,"name":"Torun 2021 &#8211; Wilhem Belocian champion d&rsquo;Europe en salle du 60 m haies !"}]},{"@type":"WebSite","@id":"https:\/\/dicodusport.fr\/blog\/#website","url":"https:\/\/dicodusport.fr\/blog\/","name":"Dicodusport","description":"L&#039;encyclop\u00e9die de l&#039;actualit\u00e9 sportive","publisher":{"@id":"https:\/\/dicodusport.fr\/blog\/#organization"},"potentialAction":[{"@type":"SearchAction","target":{"@type":"EntryPoint","urlTemplate":"https:\/\/dicodusport.fr\/blog\/?s={search_term_string}"},"query-input":{"@type":"PropertyValueSpecification","valueRequired":true,"valueName":"search_term_string"}}],"inLanguage":"fr-FR"},{"@type":"NewsMediaOrganization","@id":"https:\/\/dicodusport.fr\/blog\/#organization","name":"Dicodusport","url":"https:\/\/dicodusport.fr\/blog\/","logo":{"@type":"ImageObject","inLanguage":"fr-FR","@id":"https:\/\/dicodusport.fr\/blog\/#\/schema\/logo\/image\/","url":"https:\/\/dicodusport.fr\/blog\/wp-content\/uploads\/2020\/06\/cropped-LOGO-DICODUSPORT-2020-SANS-FOND-SANS-TEXTE.png","contentUrl":"https:\/\/dicodusport.fr\/blog\/wp-content\/uploads\/2020\/06\/cropped-LOGO-DICODUSPORT-2020-SANS-FOND-SANS-TEXTE.png","width":512,"height":512,"caption":"Dicodusport"},"image":{"@id":"https:\/\/dicodusport.fr\/blog\/#\/schema\/logo\/image\/"},"sameAs":["https:\/\/www.facebook.com\/dicodusport","https:\/\/x.com\/dicodusport","https:\/\/www.instagram.com\/dicodusport\/","https:\/\/www.youtube.com\/channel\/UC7V2KZ5sd3htJivAbA4ZG3w"],"description":"Dicodusport est l'encyclop\u00e9die de l'actualit\u00e9 sportive.","email":"bonjour@dicodusport.fr","legalName":"DICODUSPORT","foundingDate":"2018-01-14","vatID":"FR71834470973","taxID":"83447097300043","numberOfEmployees":{"@type":"QuantitativeValue","minValue":"1","maxValue":"10"}},{"@type":"Person","@id":"https:\/\/dicodusport.fr\/blog\/#\/schema\/person\/cce96fa88785bd8573e3d43078ac8c79","name":"Arlette Yeye","image":{"@type":"ImageObject","inLanguage":"fr-FR","@id":"https:\/\/dicodusport.fr\/blog\/#\/schema\/person\/image\/","url":"https:\/\/secure.gravatar.com\/avatar\/dca4a6239e6d708e46c45d60e160de6c?s=96&d=wp_user_avatar&r=g","contentUrl":"https:\/\/secure.gravatar.com\/avatar\/dca4a6239e6d708e46c45d60e160de6c?s=96&d=wp_user_avatar&r=g","caption":"Arlette Yeye"},"description":"Journaliste\/r\u00e9dactrice depuis septembre 2015 - Supportrice de Chelsea, j'ai pour sports de pr\u00e9dilection le handball, l'athl\u00e9tisme et le tennis. Si je tweete plus vite que mon ombre, vous pouvez aussi me retrouver les week-ends sur les playgrounds de Bruxelles pour un petit foot ou basket entre potes. Parcourir la France, l'Europe et plus si affinit\u00e9s pour suivre mes sportifs pr\u00e9f\u00e9r\u00e9s ? Mon kif ! Et c'est avec plaisir que je partage les r\u00e9sultats des sports populaires mais \u00e9galement plus confidentiels pour Dicodusport.","sameAs":["https:\/\/x.com\/https:\/\/twitter.com\/Shiclette94"],"url":"https:\/\/dicodusport.fr\/blog\/author\/arlette\/"}]}},"_links":{"self":[{"href":"https:\/\/dicodusport.fr\/blog\/wp-json\/wp\/v2\/posts\/111767","targetHints":{"allow":["GET"]}}],"collection":[{"href":"https:\/\/dicodusport.fr\/blog\/wp-json\/wp\/v2\/posts"}],"about":[{"href":"https:\/\/dicodusport.fr\/blog\/wp-json\/wp\/v2\/types\/post"}],"author":[{"embeddable":true,"href":"https:\/\/dicodusport.fr\/blog\/wp-json\/wp\/v2\/users\/12"}],"replies":[{"embeddable":true,"href":"https:\/\/dicodusport.fr\/blog\/wp-json\/wp\/v2\/comments?post=111767"}],"version-history":[{"count":0,"href":"https:\/\/dicodusport.fr\/blog\/wp-json\/wp\/v2\/posts\/111767\/revisions"}],"wp:featuredmedia":[{"embeddable":true,"href":"https:\/\/dicodusport.fr\/blog\/wp-json\/wp\/v2\/media\/111793"}],"wp:attachment":[{"href":"https:\/\/dicodusport.fr\/blog\/wp-json\/wp\/v2\/media?parent=111767"}],"wp:term":[{"taxonomy":"category","embeddable":true,"href":"https:\/\/dicodusport.fr\/blog\/wp-json\/wp\/v2\/categories?post=111767"},{"taxonomy":"post_tag","embeddable":true,"href":"https:\/\/dicodusport.fr\/blog\/wp-json\/wp\/v2\/tags?post=111767"}],"curies":[{"name":"wp","href":"https:\/\/api.w.org\/{rel}","templated":true}]}}