{"id":111933,"date":"2021-03-08T09:51:08","date_gmt":"2021-03-08T08:51:08","guid":{"rendered":"https:\/\/dicodusport.fr\/blog\/?p=111933&#038;preview=true&#038;preview_id=111933"},"modified":"2021-04-20T14:28:50","modified_gmt":"2021-04-20T12:28:50","slug":"joan-laporta-elu-president-du-fc-barcelone","status":"publish","type":"post","link":"https:\/\/dicodusport.fr\/blog\/joan-laporta-elu-president-du-fc-barcelone\/","title":{"rendered":"Joan Laporta \u00e9lu pr\u00e9sident du FC Barcelone"},"content":{"rendered":"<p style=\"text-align: justify;\"><em><strong>Ce dimanche, les socios du FC Barcelone avaient rendez-vous avec les urnes pour \u00e9lire leur nouveau pr\u00e9sident apr\u00e8s la motion de censure qui a men\u00e9 \u00e0 la d\u00e9mission de Josep Maria Bartomeu.<\/strong><\/em><\/p>\n<p style=\"text-align: justify;\">Cette \u00e9lection \u00e9tait tr\u00e8s attendue avec trois candidats \u00e0 la pr\u00e9sidence du club catalan. <strong>Joan Laporta<\/strong>, <strong>Victor Font<\/strong> et <strong>Toni Freixa<\/strong> s&rsquo;affrontaient pour ce poste au sein d&rsquo;une institution en difficult\u00e9 tant sportive que financi\u00e8re. Les socios ont d&rsquo;ailleurs r\u00e9pondu pr\u00e9sent puisque 55.000 d&rsquo;entre eux, dont 20.000 par correspondance on vot\u00e9. Messi, a lui vot\u00e9 pour la premi\u00e8re fois de sa vie de socio, signe d&rsquo;une \u00e9lection marqu\u00e9e par l&rsquo;envie de changement.<\/p>\n<p style=\"text-align: justify;\">C&rsquo;est finalement un ancien pr\u00e9sident <strong>Joan Laporta<\/strong> qui revient aux commandes du club, 11 ans apr\u00e8s son dernier mandat. Avec 58% des voix selon le d\u00e9compte officiel, il devance Victor Font qui obtient 32% et Toni Freixa avec seulement 10%. Laporta qui a annonc\u00e9 un retour au premier plan du club a du pain sur la planche mais son exp\u00e9rience et son charisme en font la personne id\u00e9ale pour ce projet. Clin d&rsquo;\u0153il du destin, celui qui \u00e9tait conseill\u00e9 par <strong>Johan Cruyff<\/strong> en 2003 lors de son arriv\u00e9e au pouvoir devrait nommer le fils de la l\u00e9gende hollandaise, Jordi au poste de directeur sportif d\u00e8s cette semaine. Battu en 2015 par <strong>Josep Maria Bartomeu,<\/strong> Laporta tient sa revanche et esp\u00e8re garnir son palmar\u00e8s d\u00e9j\u00e0 impressionnant lors de ses deux premiers mandats.<\/p>\n<h2 style=\"text-align: justify;\"><strong>Le palmar\u00e8s de Joan Laporta \u00e0 la t\u00eate du Bar\u00e7a<\/strong><\/h2>\n<p style=\"text-align: justify;\">2 Ligues des Champions : 2006 et 2009<br \/>\n4 Championnats d&rsquo;Espagne : 2005, 2006, 2009 et 2010<br \/>\n1 Coupe du Roi : 2009<br \/>\n3 Supercoupes d&rsquo;Espagne : 2005, 2006 et 2009<br \/>\n1 Supercoupe d&rsquo;Europe : 2009<br \/>\n1 Coupe du monde des clubs : 2009<\/p>\n<p><span class=\"Qxc0KGewups4UZS2d8fgzvJtThNVRBL35F6Ha\"><\/p>\n<blockquote class=\"twitter-tweet\" data-width=\"550\" data-dnt=\"true\">\n<p lang=\"ca\" dir=\"ltr\">Joan Laporta, nou president del FC Barcelona \u2757 <a href=\"https:\/\/t.co\/zoUltaZ9ic\">pic.twitter.com\/zoUltaZ9ic<\/a><\/p>\n<p>&mdash; FC Barcelona (@FCBarcelona_cat) <a href=\"https:\/\/twitter.com\/FCBarcelona_cat\/status\/1368694648890359809?ref_src=twsrc%5Etfw\">March 7, 2021<\/a><\/p><\/blockquote>\n<p><script async src=\"https:\/\/platform.twitter.com\/widgets.js\" charset=\"utf-8\"><\/script><\/span><\/p>\n","protected":false},"excerpt":{"rendered":"<p>Ce dimanche, les socios du FC Barcelone avaient rendez-vous avec les urnes pour \u00e9lire leur nouveau pr\u00e9sident apr\u00e8s la motion de censure qui a men\u00e9 \u00e0 la d\u00e9mission de Josep Maria Bartomeu.<\/p>\n","protected":false},"author":49,"featured_media":111968,"comment_status":"open","ping_status":"closed","sticky":false,"template":"","format":"standard","meta":{"_acf_changed":false,"_daextam_enable_autolinks":"","footnotes":""},"categories":[2301],"tags":[912,2101,4203,75,4204],"class_list":["post-111933","post","type-post","status-publish","format-standard","has-post-thumbnail","hentry","category-football","tag-barca","tag-barcelone","tag-fc-barcelone","tag-football","tag-liga"],"acf":[],"yoast_head":"<!-- This site is optimized with the Yoast SEO Premium plugin v26.7 (Yoast SEO v26.7) - https:\/\/yoast.com\/wordpress\/plugins\/seo\/ -->\n<title>Joan Laporta \u00e9lu pr\u00e9sident du FC Barcelone<\/title>\n<meta name=\"description\" content=\"Ce dimanche, les socios du FC Barcelone avaient rendez-vous avec les urnes pour \u00e9lire leur nouveau pr\u00e9sident apr\u00e8s la motion de censure qui a men\u00e9 \u00e0 la d\u00e9mission de Josep Maria Bartomeu.\" \/>\n<meta name=\"robots\" content=\"index, follow, max-snippet:-1, max-image-preview:large, max-video-preview:-1\" \/>\n<link rel=\"canonical\" href=\"https:\/\/dicodusport.fr\/blog\/joan-laporta-elu-president-du-fc-barcelone\/\" \/>\n<meta property=\"og:locale\" content=\"fr_FR\" \/>\n<meta property=\"og:type\" content=\"article\" \/>\n<meta property=\"og:title\" content=\"Joan Laporta \u00e9lu pr\u00e9sident du FC Barcelone\" \/>\n<meta property=\"og:description\" content=\"Ce dimanche, les socios du FC Barcelone avaient rendez-vous avec les urnes pour \u00e9lire leur nouveau pr\u00e9sident apr\u00e8s la motion de censure qui a men\u00e9 \u00e0 la d\u00e9mission de Josep Maria Bartomeu.\" \/>\n<meta property=\"og:url\" content=\"https:\/\/dicodusport.fr\/blog\/joan-laporta-elu-president-du-fc-barcelone\/\" \/>\n<meta property=\"og:site_name\" content=\"Dicodusport\" \/>\n<meta property=\"article:publisher\" content=\"https:\/\/www.facebook.com\/dicodusport\" \/>\n<meta property=\"article:published_time\" content=\"2021-03-08T08:51:08+00:00\" \/>\n<meta property=\"article:modified_time\" content=\"2021-04-20T12:28:50+00:00\" \/>\n<meta property=\"og:image\" content=\"https:\/\/dicodusport.fr\/blog\/wp-content\/uploads\/2021\/03\/Joan-Laporta.png\" \/>\n\t<meta property=\"og:image:width\" content=\"800\" \/>\n\t<meta property=\"og:image:height\" content=\"445\" \/>\n\t<meta property=\"og:image:type\" content=\"image\/png\" \/>\n<meta name=\"author\" content=\"Gregory Caffort\" \/>\n<meta name=\"twitter:card\" content=\"summary_large_image\" \/>\n<meta name=\"twitter:title\" content=\"Joan Laporta \u00e9lu pr\u00e9sident du FC Barcelone\" \/>\n<meta name=\"twitter:creator\" content=\"@https:\/\/twitter.com\/GregCaffort\" \/>\n<meta name=\"twitter:site\" content=\"@dicodusport\" \/>\n<script type=\"application\/ld+json\" class=\"yoast-schema-graph\">{\"@context\":\"https:\/\/schema.org\",\"@graph\":[{\"@type\":\"NewsArticle\",\"@id\":\"https:\/\/dicodusport.fr\/blog\/joan-laporta-elu-president-du-fc-barcelone\/#article\",\"isPartOf\":{\"@id\":\"https:\/\/dicodusport.fr\/blog\/joan-laporta-elu-president-du-fc-barcelone\/\"},\"author\":{\"name\":\"Gregory Caffort\",\"@id\":\"https:\/\/dicodusport.fr\/blog\/#\/schema\/person\/1d9e54defe16cbb5468f150418483f7e\"},\"headline\":\"Joan Laporta \u00e9lu pr\u00e9sident du FC Barcelone\",\"datePublished\":\"2021-03-08T08:51:08+00:00\",\"dateModified\":\"2021-04-20T12:28:50+00:00\",\"mainEntityOfPage\":{\"@id\":\"https:\/\/dicodusport.fr\/blog\/joan-laporta-elu-president-du-fc-barcelone\/\"},\"wordCount\":304,\"commentCount\":0,\"publisher\":{\"@id\":\"https:\/\/dicodusport.fr\/blog\/#organization\"},\"image\":{\"@id\":\"https:\/\/dicodusport.fr\/blog\/joan-laporta-elu-president-du-fc-barcelone\/#primaryimage\"},\"thumbnailUrl\":\"https:\/\/dicodusport.fr\/blog\/wp-content\/uploads\/2021\/03\/Joan-Laporta.png\",\"keywords\":[\"bar\u00e7a\",\"barcelone\",\"FC Barcelone\",\"Football\",\"Liga\"],\"articleSection\":[\"Football\"],\"inLanguage\":\"fr-FR\",\"potentialAction\":[{\"@type\":\"CommentAction\",\"name\":\"Comment\",\"target\":[\"https:\/\/dicodusport.fr\/blog\/joan-laporta-elu-president-du-fc-barcelone\/#respond\"]}],\"copyrightYear\":\"2021\",\"copyrightHolder\":{\"@id\":\"https:\/\/dicodusport.fr\/blog\/#organization\"}},{\"@type\":\"WebPage\",\"@id\":\"https:\/\/dicodusport.fr\/blog\/joan-laporta-elu-president-du-fc-barcelone\/\",\"url\":\"https:\/\/dicodusport.fr\/blog\/joan-laporta-elu-president-du-fc-barcelone\/\",\"name\":\"Joan Laporta \u00e9lu pr\u00e9sident du FC Barcelone\",\"isPartOf\":{\"@id\":\"https:\/\/dicodusport.fr\/blog\/#website\"},\"primaryImageOfPage\":{\"@id\":\"https:\/\/dicodusport.fr\/blog\/joan-laporta-elu-president-du-fc-barcelone\/#primaryimage\"},\"image\":{\"@id\":\"https:\/\/dicodusport.fr\/blog\/joan-laporta-elu-president-du-fc-barcelone\/#primaryimage\"},\"thumbnailUrl\":\"https:\/\/dicodusport.fr\/blog\/wp-content\/uploads\/2021\/03\/Joan-Laporta.png\",\"datePublished\":\"2021-03-08T08:51:08+00:00\",\"dateModified\":\"2021-04-20T12:28:50+00:00\",\"description\":\"Ce dimanche, les socios du FC Barcelone avaient rendez-vous avec les urnes pour \u00e9lire leur nouveau pr\u00e9sident apr\u00e8s la motion de censure qui a men\u00e9 \u00e0 la d\u00e9mission de Josep Maria Bartomeu.\",\"breadcrumb\":{\"@id\":\"https:\/\/dicodusport.fr\/blog\/joan-laporta-elu-president-du-fc-barcelone\/#breadcrumb\"},\"inLanguage\":\"fr-FR\",\"potentialAction\":[{\"@type\":\"ReadAction\",\"target\":[\"https:\/\/dicodusport.fr\/blog\/joan-laporta-elu-president-du-fc-barcelone\/\"]}]},{\"@type\":\"ImageObject\",\"inLanguage\":\"fr-FR\",\"@id\":\"https:\/\/dicodusport.fr\/blog\/joan-laporta-elu-president-du-fc-barcelone\/#primaryimage\",\"url\":\"https:\/\/dicodusport.fr\/blog\/wp-content\/uploads\/2021\/03\/Joan-Laporta.png\",\"contentUrl\":\"https:\/\/dicodusport.fr\/blog\/wp-content\/uploads\/2021\/03\/Joan-Laporta.png\",\"width\":800,\"height\":445},{\"@type\":\"BreadcrumbList\",\"@id\":\"https:\/\/dicodusport.fr\/blog\/joan-laporta-elu-president-du-fc-barcelone\/#breadcrumb\",\"itemListElement\":[{\"@type\":\"ListItem\",\"position\":1,\"name\":\"Accueil\",\"item\":\"https:\/\/dicodusport.fr\/blog\/\"},{\"@type\":\"ListItem\",\"position\":2,\"name\":\"Joan Laporta \u00e9lu pr\u00e9sident du FC Barcelone\"}]},{\"@type\":\"WebSite\",\"@id\":\"https:\/\/dicodusport.fr\/blog\/#website\",\"url\":\"https:\/\/dicodusport.fr\/blog\/\",\"name\":\"Dicodusport\",\"description\":\"L&#039;encyclop\u00e9die de l&#039;actualit\u00e9 sportive\",\"publisher\":{\"@id\":\"https:\/\/dicodusport.fr\/blog\/#organization\"},\"potentialAction\":[{\"@type\":\"SearchAction\",\"target\":{\"@type\":\"EntryPoint\",\"urlTemplate\":\"https:\/\/dicodusport.fr\/blog\/?s={search_term_string}\"},\"query-input\":{\"@type\":\"PropertyValueSpecification\",\"valueRequired\":true,\"valueName\":\"search_term_string\"}}],\"inLanguage\":\"fr-FR\"},{\"@type\":\"NewsMediaOrganization\",\"@id\":\"https:\/\/dicodusport.fr\/blog\/#organization\",\"name\":\"Dicodusport\",\"url\":\"https:\/\/dicodusport.fr\/blog\/\",\"logo\":{\"@type\":\"ImageObject\",\"inLanguage\":\"fr-FR\",\"@id\":\"https:\/\/dicodusport.fr\/blog\/#\/schema\/logo\/image\/\",\"url\":\"https:\/\/dicodusport.fr\/blog\/wp-content\/uploads\/2020\/06\/cropped-LOGO-DICODUSPORT-2020-SANS-FOND-SANS-TEXTE.png\",\"contentUrl\":\"https:\/\/dicodusport.fr\/blog\/wp-content\/uploads\/2020\/06\/cropped-LOGO-DICODUSPORT-2020-SANS-FOND-SANS-TEXTE.png\",\"width\":512,\"height\":512,\"caption\":\"Dicodusport\"},\"image\":{\"@id\":\"https:\/\/dicodusport.fr\/blog\/#\/schema\/logo\/image\/\"},\"sameAs\":[\"https:\/\/www.facebook.com\/dicodusport\",\"https:\/\/x.com\/dicodusport\",\"https:\/\/www.instagram.com\/dicodusport\/\",\"https:\/\/www.youtube.com\/channel\/UC7V2KZ5sd3htJivAbA4ZG3w\"],\"description\":\"Dicodusport est l'encyclop\u00e9die de l'actualit\u00e9 sportive.\",\"email\":\"bonjour@dicodusport.fr\",\"legalName\":\"DICODUSPORT\",\"foundingDate\":\"2018-01-14\",\"vatID\":\"FR71834470973\",\"taxID\":\"83447097300043\",\"numberOfEmployees\":{\"@type\":\"QuantitativeValue\",\"minValue\":\"1\",\"maxValue\":\"10\"}},{\"@type\":\"Person\",\"@id\":\"https:\/\/dicodusport.fr\/blog\/#\/schema\/person\/1d9e54defe16cbb5468f150418483f7e\",\"name\":\"Gregory Caffort\",\"image\":{\"@type\":\"ImageObject\",\"inLanguage\":\"fr-FR\",\"@id\":\"https:\/\/dicodusport.fr\/blog\/#\/schema\/person\/image\/\",\"url\":\"https:\/\/dicodusport.fr\/blog\/wp-content\/uploads\/2021\/04\/Maillot-Greg-Dicodusport-150x150.png\",\"contentUrl\":\"https:\/\/dicodusport.fr\/blog\/wp-content\/uploads\/2021\/04\/Maillot-Greg-Dicodusport-150x150.png\",\"caption\":\"Gregory Caffort\"},\"description\":\"Apr\u00e8s une carri\u00e8re de pr\u00e8s de 13 ans dans le secteur bancaire, ma passion pour le sport m'a rattrap\u00e9. C'est tout naturellement que j'ai accept\u00e9 de me joindre \u00e0 l'aventure Dicodusport avec l'id\u00e9e de faire grandir ce m\u00e9dia consacr\u00e9 aux sports du plus connu au plus confidentiel.\",\"sameAs\":[\"https:\/\/x.com\/https:\/\/twitter.com\/GregCaffort\"],\"url\":\"https:\/\/dicodusport.fr\/blog\/author\/greg\/\"}]}<\/script>\n<!-- \/ Yoast SEO Premium plugin. -->","yoast_head_json":{"title":"Joan Laporta \u00e9lu pr\u00e9sident du FC Barcelone","description":"Ce dimanche, les socios du FC Barcelone avaient rendez-vous avec les urnes pour \u00e9lire leur nouveau pr\u00e9sident apr\u00e8s la motion de censure qui a men\u00e9 \u00e0 la d\u00e9mission de Josep Maria Bartomeu.","robots":{"index":"index","follow":"follow","max-snippet":"max-snippet:-1","max-image-preview":"max-image-preview:large","max-video-preview":"max-video-preview:-1"},"canonical":"https:\/\/dicodusport.fr\/blog\/joan-laporta-elu-president-du-fc-barcelone\/","og_locale":"fr_FR","og_type":"article","og_title":"Joan Laporta \u00e9lu pr\u00e9sident du FC Barcelone","og_description":"Ce dimanche, les socios du FC Barcelone avaient rendez-vous avec les urnes pour \u00e9lire leur nouveau pr\u00e9sident apr\u00e8s la motion de censure qui a men\u00e9 \u00e0 la d\u00e9mission de Josep Maria Bartomeu.","og_url":"https:\/\/dicodusport.fr\/blog\/joan-laporta-elu-president-du-fc-barcelone\/","og_site_name":"Dicodusport","article_publisher":"https:\/\/www.facebook.com\/dicodusport","article_published_time":"2021-03-08T08:51:08+00:00","article_modified_time":"2021-04-20T12:28:50+00:00","og_image":[{"width":800,"height":445,"url":"https:\/\/dicodusport.fr\/blog\/wp-content\/uploads\/2021\/03\/Joan-Laporta.png","type":"image\/png"}],"author":"Gregory Caffort","twitter_card":"summary_large_image","twitter_title":"Joan Laporta \u00e9lu pr\u00e9sident du FC Barcelone","twitter_creator":"@https:\/\/twitter.com\/GregCaffort","twitter_site":"@dicodusport","schema":{"@context":"https:\/\/schema.org","@graph":[{"@type":"NewsArticle","@id":"https:\/\/dicodusport.fr\/blog\/joan-laporta-elu-president-du-fc-barcelone\/#article","isPartOf":{"@id":"https:\/\/dicodusport.fr\/blog\/joan-laporta-elu-president-du-fc-barcelone\/"},"author":{"name":"Gregory Caffort","@id":"https:\/\/dicodusport.fr\/blog\/#\/schema\/person\/1d9e54defe16cbb5468f150418483f7e"},"headline":"Joan Laporta \u00e9lu pr\u00e9sident du FC Barcelone","datePublished":"2021-03-08T08:51:08+00:00","dateModified":"2021-04-20T12:28:50+00:00","mainEntityOfPage":{"@id":"https:\/\/dicodusport.fr\/blog\/joan-laporta-elu-president-du-fc-barcelone\/"},"wordCount":304,"commentCount":0,"publisher":{"@id":"https:\/\/dicodusport.fr\/blog\/#organization"},"image":{"@id":"https:\/\/dicodusport.fr\/blog\/joan-laporta-elu-president-du-fc-barcelone\/#primaryimage"},"thumbnailUrl":"https:\/\/dicodusport.fr\/blog\/wp-content\/uploads\/2021\/03\/Joan-Laporta.png","keywords":["bar\u00e7a","barcelone","FC Barcelone","Football","Liga"],"articleSection":["Football"],"inLanguage":"fr-FR","potentialAction":[{"@type":"CommentAction","name":"Comment","target":["https:\/\/dicodusport.fr\/blog\/joan-laporta-elu-president-du-fc-barcelone\/#respond"]}],"copyrightYear":"2021","copyrightHolder":{"@id":"https:\/\/dicodusport.fr\/blog\/#organization"}},{"@type":"WebPage","@id":"https:\/\/dicodusport.fr\/blog\/joan-laporta-elu-president-du-fc-barcelone\/","url":"https:\/\/dicodusport.fr\/blog\/joan-laporta-elu-president-du-fc-barcelone\/","name":"Joan Laporta \u00e9lu pr\u00e9sident du FC Barcelone","isPartOf":{"@id":"https:\/\/dicodusport.fr\/blog\/#website"},"primaryImageOfPage":{"@id":"https:\/\/dicodusport.fr\/blog\/joan-laporta-elu-president-du-fc-barcelone\/#primaryimage"},"image":{"@id":"https:\/\/dicodusport.fr\/blog\/joan-laporta-elu-president-du-fc-barcelone\/#primaryimage"},"thumbnailUrl":"https:\/\/dicodusport.fr\/blog\/wp-content\/uploads\/2021\/03\/Joan-Laporta.png","datePublished":"2021-03-08T08:51:08+00:00","dateModified":"2021-04-20T12:28:50+00:00","description":"Ce dimanche, les socios du FC Barcelone avaient rendez-vous avec les urnes pour \u00e9lire leur nouveau pr\u00e9sident apr\u00e8s la motion de censure qui a men\u00e9 \u00e0 la d\u00e9mission de Josep Maria Bartomeu.","breadcrumb":{"@id":"https:\/\/dicodusport.fr\/blog\/joan-laporta-elu-president-du-fc-barcelone\/#breadcrumb"},"inLanguage":"fr-FR","potentialAction":[{"@type":"ReadAction","target":["https:\/\/dicodusport.fr\/blog\/joan-laporta-elu-president-du-fc-barcelone\/"]}]},{"@type":"ImageObject","inLanguage":"fr-FR","@id":"https:\/\/dicodusport.fr\/blog\/joan-laporta-elu-president-du-fc-barcelone\/#primaryimage","url":"https:\/\/dicodusport.fr\/blog\/wp-content\/uploads\/2021\/03\/Joan-Laporta.png","contentUrl":"https:\/\/dicodusport.fr\/blog\/wp-content\/uploads\/2021\/03\/Joan-Laporta.png","width":800,"height":445},{"@type":"BreadcrumbList","@id":"https:\/\/dicodusport.fr\/blog\/joan-laporta-elu-president-du-fc-barcelone\/#breadcrumb","itemListElement":[{"@type":"ListItem","position":1,"name":"Accueil","item":"https:\/\/dicodusport.fr\/blog\/"},{"@type":"ListItem","position":2,"name":"Joan Laporta \u00e9lu pr\u00e9sident du FC Barcelone"}]},{"@type":"WebSite","@id":"https:\/\/dicodusport.fr\/blog\/#website","url":"https:\/\/dicodusport.fr\/blog\/","name":"Dicodusport","description":"L&#039;encyclop\u00e9die de l&#039;actualit\u00e9 sportive","publisher":{"@id":"https:\/\/dicodusport.fr\/blog\/#organization"},"potentialAction":[{"@type":"SearchAction","target":{"@type":"EntryPoint","urlTemplate":"https:\/\/dicodusport.fr\/blog\/?s={search_term_string}"},"query-input":{"@type":"PropertyValueSpecification","valueRequired":true,"valueName":"search_term_string"}}],"inLanguage":"fr-FR"},{"@type":"NewsMediaOrganization","@id":"https:\/\/dicodusport.fr\/blog\/#organization","name":"Dicodusport","url":"https:\/\/dicodusport.fr\/blog\/","logo":{"@type":"ImageObject","inLanguage":"fr-FR","@id":"https:\/\/dicodusport.fr\/blog\/#\/schema\/logo\/image\/","url":"https:\/\/dicodusport.fr\/blog\/wp-content\/uploads\/2020\/06\/cropped-LOGO-DICODUSPORT-2020-SANS-FOND-SANS-TEXTE.png","contentUrl":"https:\/\/dicodusport.fr\/blog\/wp-content\/uploads\/2020\/06\/cropped-LOGO-DICODUSPORT-2020-SANS-FOND-SANS-TEXTE.png","width":512,"height":512,"caption":"Dicodusport"},"image":{"@id":"https:\/\/dicodusport.fr\/blog\/#\/schema\/logo\/image\/"},"sameAs":["https:\/\/www.facebook.com\/dicodusport","https:\/\/x.com\/dicodusport","https:\/\/www.instagram.com\/dicodusport\/","https:\/\/www.youtube.com\/channel\/UC7V2KZ5sd3htJivAbA4ZG3w"],"description":"Dicodusport est l'encyclop\u00e9die de l'actualit\u00e9 sportive.","email":"bonjour@dicodusport.fr","legalName":"DICODUSPORT","foundingDate":"2018-01-14","vatID":"FR71834470973","taxID":"83447097300043","numberOfEmployees":{"@type":"QuantitativeValue","minValue":"1","maxValue":"10"}},{"@type":"Person","@id":"https:\/\/dicodusport.fr\/blog\/#\/schema\/person\/1d9e54defe16cbb5468f150418483f7e","name":"Gregory Caffort","image":{"@type":"ImageObject","inLanguage":"fr-FR","@id":"https:\/\/dicodusport.fr\/blog\/#\/schema\/person\/image\/","url":"https:\/\/dicodusport.fr\/blog\/wp-content\/uploads\/2021\/04\/Maillot-Greg-Dicodusport-150x150.png","contentUrl":"https:\/\/dicodusport.fr\/blog\/wp-content\/uploads\/2021\/04\/Maillot-Greg-Dicodusport-150x150.png","caption":"Gregory Caffort"},"description":"Apr\u00e8s une carri\u00e8re de pr\u00e8s de 13 ans dans le secteur bancaire, ma passion pour le sport m'a rattrap\u00e9. C'est tout naturellement que j'ai accept\u00e9 de me joindre \u00e0 l'aventure Dicodusport avec l'id\u00e9e de faire grandir ce m\u00e9dia consacr\u00e9 aux sports du plus connu au plus confidentiel.","sameAs":["https:\/\/x.com\/https:\/\/twitter.com\/GregCaffort"],"url":"https:\/\/dicodusport.fr\/blog\/author\/greg\/"}]}},"_links":{"self":[{"href":"https:\/\/dicodusport.fr\/blog\/wp-json\/wp\/v2\/posts\/111933","targetHints":{"allow":["GET"]}}],"collection":[{"href":"https:\/\/dicodusport.fr\/blog\/wp-json\/wp\/v2\/posts"}],"about":[{"href":"https:\/\/dicodusport.fr\/blog\/wp-json\/wp\/v2\/types\/post"}],"author":[{"embeddable":true,"href":"https:\/\/dicodusport.fr\/blog\/wp-json\/wp\/v2\/users\/49"}],"replies":[{"embeddable":true,"href":"https:\/\/dicodusport.fr\/blog\/wp-json\/wp\/v2\/comments?post=111933"}],"version-history":[{"count":0,"href":"https:\/\/dicodusport.fr\/blog\/wp-json\/wp\/v2\/posts\/111933\/revisions"}],"wp:featuredmedia":[{"embeddable":true,"href":"https:\/\/dicodusport.fr\/blog\/wp-json\/wp\/v2\/media\/111968"}],"wp:attachment":[{"href":"https:\/\/dicodusport.fr\/blog\/wp-json\/wp\/v2\/media?parent=111933"}],"wp:term":[{"taxonomy":"category","embeddable":true,"href":"https:\/\/dicodusport.fr\/blog\/wp-json\/wp\/v2\/categories?post=111933"},{"taxonomy":"post_tag","embeddable":true,"href":"https:\/\/dicodusport.fr\/blog\/wp-json\/wp\/v2\/tags?post=111933"}],"curies":[{"name":"wp","href":"https:\/\/api.w.org\/{rel}","templated":true}]}}