{"id":111966,"date":"2021-03-08T11:07:55","date_gmt":"2021-03-08T10:07:55","guid":{"rendered":"https:\/\/dicodusport.fr\/blog\/?p=111966&#038;preview=true&#038;preview_id=111966"},"modified":"2021-03-08T12:36:33","modified_gmt":"2021-03-08T11:36:33","slug":"ski-de-bosses-perrine-laffont-sacree-championne-du-monde-bosses-individuelles","status":"publish","type":"post","link":"https:\/\/dicodusport.fr\/blog\/ski-de-bosses-perrine-laffont-sacree-championne-du-monde-bosses-individuelles\/","title":{"rendered":"Ski de bosses : Perrine Laffont sacr\u00e9e championne du monde en bosses individuelles"},"content":{"rendered":"<p style=\"text-align: justify;\"><strong><em>SKI DE BOSSES &#8211; C&rsquo;\u00e9tait le seul titre qui manquait \u00e0 son palmar\u00e8s, et c&rsquo;est d\u00e9sormais dans la poche ! Perrine Laffont est devenue ce lundi championne du monde en bosses individuelles \u00e0 Almaty (Kazakhstan). Elle devance la Kazakh Yuliya Galysheva et la Russe Anastasia Smirnova.<\/em><\/strong><\/p>\n<p style=\"text-align: justify;\">Elle est g\u00e9ante ! En argent en 2017 en Sierra Nevada, en bronze en 2019 \u00e0 Park City, <strong>Perrine Laffont<\/strong> a d\u00e9croch\u00e9 le seul titre majeur qu&rsquo;il manquait \u00e0 son immense palmar\u00e8s : l&rsquo;or mondial en bosses individuelles. L&rsquo;Ari\u00e9geoise, qui avait domin\u00e9 les qualifications, a d\u00fb se faire violence en super finale. La championne olympique en titre a en effet \u00e9t\u00e9 devanc\u00e9e par la r\u00e9gionale de l&rsquo;\u00e9tape et tenante du titre, <strong>Yuliya Galysheva<\/strong>, lors de la 1\u00e8re manche de la finale. La Kazakhe obtenait alors un score de 82.54 points, contre 81.65 points pour la Fran\u00e7aise.<\/p>\n<h2 style=\"text-align: justify;\">Laffont, c&rsquo;est (tr\u00e8s) solide<\/h2>\n<p style=\"text-align: justify;\">Mais la d\u00e9sormais quadruple laur\u00e9ate du globe de la sp\u00e9cialit\u00e9 a sorti un run des plus solides dans le money-time (82.11 points) alors que <strong>Galysheva<\/strong>, elle, faisait une erreur lors de sa r\u00e9ception sur son deuxi\u00e8me saut (79.52 points). D\u00e9j\u00e0 sacr\u00e9e \u00e0 deux reprises en parall\u00e8les, Laffont a r\u00e9pondu pr\u00e9sent, comme toujours ou presque depuis trois ans. La Russe <strong>Anastasia Smirnova<\/strong>, qui concourrait sous banni\u00e8re neutre (RSF) compl\u00e8te le podium (79.41 points).<\/p>\n<blockquote class=\"twitter-tweet\">\n<p dir=\"ltr\" lang=\"fr\">Exceptionnelle Perrine Laffont ! La Fran\u00e7aise est championne du monde ! &#x1f4aa;&#x1f1eb;&#x1f1f7;<br \/>\n<a href=\"https:\/\/twitter.com\/hashtag\/lequipeSKI?src=hash&amp;ref_src=twsrc%5Etfw\">#lequipeSKI<\/a> <a href=\"https:\/\/t.co\/ZZsmiMcfwz\">pic.twitter.com\/ZZsmiMcfwz<\/a><\/p>\n<p>\u2014 la chaine L&rsquo;\u00c9quipe (@lachainelequipe) <a href=\"https:\/\/twitter.com\/lachainelequipe\/status\/1368865458418515975?ref_src=twsrc%5Etfw\">March 8, 2021<\/a><\/p><\/blockquote>\n<p><script async src=\"https:\/\/platform.twitter.com\/widgets.js\" charset=\"utf-8\"><\/script><\/p>\n<ul>\n<li style=\"text-align: justify;\"><strong>\u00c0 lire aussi &#8211; <a href=\"https:\/\/dicodusport.fr\/blog\/ski-freestyle-championnats-du-monde-2021-le-tableau-des-medailles\/\" target=\"_blank\" rel=\"noopener\">Le tableau des m\u00e9dailles des championnats du monde de ski freestyle 2021<\/a><\/strong><\/li>\n<\/ul>\n<p><strong><em>Dicodusport<br \/>\n<a href=\"https:\/\/www.facebook.com\/dicodusport\/\" target=\"_blank\" rel=\"noopener noreferrer\"><img loading=\"lazy\" decoding=\"async\" class=\"alignnone wp-image-2909\" src=\"http:\/\/dicodusport.fr\/blog\/wp-content\/uploads\/2017\/07\/logo-facebook-150x150.png\" alt=\"\" width=\"40\" height=\"40\" \/><\/a><a href=\"https:\/\/twitter.com\/dicodusport\" target=\"_blank\" rel=\"noopener noreferrer\"><img loading=\"lazy\" decoding=\"async\" class=\"alignnone wp-image-2908\" src=\"http:\/\/dicodusport.fr\/blog\/wp-content\/uploads\/2017\/07\/logo-twitter-150x150.png\" alt=\"\" width=\"39\" height=\"39\" \/><\/a><\/em><\/strong><\/p>\n","protected":false},"excerpt":{"rendered":"<p>SKI DE BOSSES &#8211; C&rsquo;\u00e9tait le seul titre qui manquait \u00e0 son palmar\u00e8s, et c&rsquo;est d\u00e9sormais dans la poche ! Perrine Laffont est devenue ce lundi championne du monde en bosses individuelles \u00e0 Almaty (Kazakhstan). Elle devance la Kazakh Yuliya Galysheva et la Russe Anastasia Smirnova.<\/p>\n","protected":false},"author":4,"featured_media":108629,"comment_status":"open","ping_status":"closed","sticky":false,"template":"","format":"standard","meta":{"_acf_changed":false,"_daextam_enable_autolinks":"","footnotes":""},"categories":[9217],"tags":[3262,3263,24],"class_list":["post-111966","post","type-post","status-publish","format-standard","has-post-thumbnail","hentry","category-ski","tag-perrine-laffont","tag-ski-de-bosses","tag-sport"],"acf":[],"yoast_head":"<!-- This site is optimized with the Yoast SEO Premium plugin v26.7 (Yoast SEO v26.7) - https:\/\/yoast.com\/wordpress\/plugins\/seo\/ -->\n<title>Ski de bosses : Perrine Laffont sacr\u00e9e championne du monde en bosses individuelles<\/title>\n<meta name=\"description\" content=\"SKI DE BOSSES - Perrine Laffont est devenue ce lundi championne du monde en bosses individuelles \u00e0 Almaty (Kazakhstan).\" \/>\n<meta name=\"robots\" content=\"index, follow, max-snippet:-1, max-image-preview:large, max-video-preview:-1\" \/>\n<link rel=\"canonical\" href=\"https:\/\/dicodusport.fr\/blog\/ski-de-bosses-perrine-laffont-sacree-championne-du-monde-bosses-individuelles\/\" \/>\n<meta property=\"og:locale\" content=\"fr_FR\" \/>\n<meta property=\"og:type\" content=\"article\" \/>\n<meta property=\"og:title\" content=\"Ski de bosses : Perrine Laffont sacr\u00e9e championne du monde en bosses individuelles\" \/>\n<meta property=\"og:description\" content=\"SKI DE BOSSES - Perrine Laffont est devenue ce lundi championne du monde en bosses individuelles \u00e0 Almaty (Kazakhstan).\" \/>\n<meta property=\"og:url\" content=\"https:\/\/dicodusport.fr\/blog\/ski-de-bosses-perrine-laffont-sacree-championne-du-monde-bosses-individuelles\/\" \/>\n<meta property=\"og:site_name\" content=\"Dicodusport\" \/>\n<meta property=\"article:publisher\" content=\"https:\/\/www.facebook.com\/dicodusport\" \/>\n<meta property=\"article:author\" content=\"https:\/\/www.facebook.com\/florent.ostermann\" \/>\n<meta property=\"article:published_time\" content=\"2021-03-08T10:07:55+00:00\" \/>\n<meta property=\"article:modified_time\" content=\"2021-03-08T11:36:33+00:00\" \/>\n<meta property=\"og:image\" content=\"https:\/\/dicodusport.fr\/blog\/wp-content\/uploads\/2021\/02\/Perrine-Laffont-Toutes-les-victoires-sont-dures-a-aller-chercher.png\" \/>\n\t<meta property=\"og:image:width\" content=\"800\" \/>\n\t<meta property=\"og:image:height\" content=\"445\" \/>\n\t<meta property=\"og:image:type\" content=\"image\/png\" \/>\n<meta name=\"author\" content=\"Flo Ostermann\" \/>\n<meta name=\"twitter:card\" content=\"summary_large_image\" \/>\n<meta name=\"twitter:title\" content=\"Ski de bosses : Perrine Laffont sacr\u00e9e championne du monde en bosses individuelles\" \/>\n<meta name=\"twitter:creator\" content=\"@https:\/\/twitter.com\/FlOstermann\" \/>\n<meta name=\"twitter:site\" content=\"@dicodusport\" \/>\n<script type=\"application\/ld+json\" class=\"yoast-schema-graph\">{\"@context\":\"https:\/\/schema.org\",\"@graph\":[{\"@type\":\"NewsArticle\",\"@id\":\"https:\/\/dicodusport.fr\/blog\/ski-de-bosses-perrine-laffont-sacree-championne-du-monde-bosses-individuelles\/#article\",\"isPartOf\":{\"@id\":\"https:\/\/dicodusport.fr\/blog\/ski-de-bosses-perrine-laffont-sacree-championne-du-monde-bosses-individuelles\/\"},\"author\":{\"name\":\"Flo Ostermann\",\"@id\":\"https:\/\/dicodusport.fr\/blog\/#\/schema\/person\/cb02af4c173ce4a653b55e9baf388d4a\"},\"headline\":\"Ski de bosses : Perrine Laffont sacr\u00e9e championne du monde en bosses individuelles\",\"datePublished\":\"2021-03-08T10:07:55+00:00\",\"dateModified\":\"2021-03-08T11:36:33+00:00\",\"mainEntityOfPage\":{\"@id\":\"https:\/\/dicodusport.fr\/blog\/ski-de-bosses-perrine-laffont-sacree-championne-du-monde-bosses-individuelles\/\"},\"wordCount\":291,\"commentCount\":0,\"publisher\":{\"@id\":\"https:\/\/dicodusport.fr\/blog\/#organization\"},\"image\":{\"@id\":\"https:\/\/dicodusport.fr\/blog\/ski-de-bosses-perrine-laffont-sacree-championne-du-monde-bosses-individuelles\/#primaryimage\"},\"thumbnailUrl\":\"https:\/\/dicodusport.fr\/blog\/wp-content\/uploads\/2021\/02\/Perrine-Laffont-Toutes-les-victoires-sont-dures-a-aller-chercher.png\",\"keywords\":[\"Perrine Laffont\",\"ski de bosses\",\"sport\"],\"articleSection\":[\"Ski\"],\"inLanguage\":\"fr-FR\",\"potentialAction\":[{\"@type\":\"CommentAction\",\"name\":\"Comment\",\"target\":[\"https:\/\/dicodusport.fr\/blog\/ski-de-bosses-perrine-laffont-sacree-championne-du-monde-bosses-individuelles\/#respond\"]}],\"copyrightYear\":\"2021\",\"copyrightHolder\":{\"@id\":\"https:\/\/dicodusport.fr\/blog\/#organization\"}},{\"@type\":\"WebPage\",\"@id\":\"https:\/\/dicodusport.fr\/blog\/ski-de-bosses-perrine-laffont-sacree-championne-du-monde-bosses-individuelles\/\",\"url\":\"https:\/\/dicodusport.fr\/blog\/ski-de-bosses-perrine-laffont-sacree-championne-du-monde-bosses-individuelles\/\",\"name\":\"Ski de bosses : Perrine Laffont sacr\u00e9e championne du monde en bosses individuelles\",\"isPartOf\":{\"@id\":\"https:\/\/dicodusport.fr\/blog\/#website\"},\"primaryImageOfPage\":{\"@id\":\"https:\/\/dicodusport.fr\/blog\/ski-de-bosses-perrine-laffont-sacree-championne-du-monde-bosses-individuelles\/#primaryimage\"},\"image\":{\"@id\":\"https:\/\/dicodusport.fr\/blog\/ski-de-bosses-perrine-laffont-sacree-championne-du-monde-bosses-individuelles\/#primaryimage\"},\"thumbnailUrl\":\"https:\/\/dicodusport.fr\/blog\/wp-content\/uploads\/2021\/02\/Perrine-Laffont-Toutes-les-victoires-sont-dures-a-aller-chercher.png\",\"datePublished\":\"2021-03-08T10:07:55+00:00\",\"dateModified\":\"2021-03-08T11:36:33+00:00\",\"description\":\"SKI DE BOSSES - Perrine Laffont est devenue ce lundi championne du monde en bosses individuelles \u00e0 Almaty (Kazakhstan).\",\"breadcrumb\":{\"@id\":\"https:\/\/dicodusport.fr\/blog\/ski-de-bosses-perrine-laffont-sacree-championne-du-monde-bosses-individuelles\/#breadcrumb\"},\"inLanguage\":\"fr-FR\",\"potentialAction\":[{\"@type\":\"ReadAction\",\"target\":[\"https:\/\/dicodusport.fr\/blog\/ski-de-bosses-perrine-laffont-sacree-championne-du-monde-bosses-individuelles\/\"]}]},{\"@type\":\"ImageObject\",\"inLanguage\":\"fr-FR\",\"@id\":\"https:\/\/dicodusport.fr\/blog\/ski-de-bosses-perrine-laffont-sacree-championne-du-monde-bosses-individuelles\/#primaryimage\",\"url\":\"https:\/\/dicodusport.fr\/blog\/wp-content\/uploads\/2021\/02\/Perrine-Laffont-Toutes-les-victoires-sont-dures-a-aller-chercher.png\",\"contentUrl\":\"https:\/\/dicodusport.fr\/blog\/wp-content\/uploads\/2021\/02\/Perrine-Laffont-Toutes-les-victoires-sont-dures-a-aller-chercher.png\",\"width\":800,\"height\":445,\"caption\":\"Perrine Laffont - Toutes les victoires sont dures \u00e0 aller chercher\"},{\"@type\":\"BreadcrumbList\",\"@id\":\"https:\/\/dicodusport.fr\/blog\/ski-de-bosses-perrine-laffont-sacree-championne-du-monde-bosses-individuelles\/#breadcrumb\",\"itemListElement\":[{\"@type\":\"ListItem\",\"position\":1,\"name\":\"Accueil\",\"item\":\"https:\/\/dicodusport.fr\/blog\/\"},{\"@type\":\"ListItem\",\"position\":2,\"name\":\"Ski de bosses : Perrine Laffont sacr\u00e9e championne du monde en bosses individuelles\"}]},{\"@type\":\"WebSite\",\"@id\":\"https:\/\/dicodusport.fr\/blog\/#website\",\"url\":\"https:\/\/dicodusport.fr\/blog\/\",\"name\":\"Dicodusport\",\"description\":\"L&#039;encyclop\u00e9die de l&#039;actualit\u00e9 sportive\",\"publisher\":{\"@id\":\"https:\/\/dicodusport.fr\/blog\/#organization\"},\"potentialAction\":[{\"@type\":\"SearchAction\",\"target\":{\"@type\":\"EntryPoint\",\"urlTemplate\":\"https:\/\/dicodusport.fr\/blog\/?s={search_term_string}\"},\"query-input\":{\"@type\":\"PropertyValueSpecification\",\"valueRequired\":true,\"valueName\":\"search_term_string\"}}],\"inLanguage\":\"fr-FR\"},{\"@type\":\"NewsMediaOrganization\",\"@id\":\"https:\/\/dicodusport.fr\/blog\/#organization\",\"name\":\"Dicodusport\",\"url\":\"https:\/\/dicodusport.fr\/blog\/\",\"logo\":{\"@type\":\"ImageObject\",\"inLanguage\":\"fr-FR\",\"@id\":\"https:\/\/dicodusport.fr\/blog\/#\/schema\/logo\/image\/\",\"url\":\"https:\/\/dicodusport.fr\/blog\/wp-content\/uploads\/2020\/06\/cropped-LOGO-DICODUSPORT-2020-SANS-FOND-SANS-TEXTE.png\",\"contentUrl\":\"https:\/\/dicodusport.fr\/blog\/wp-content\/uploads\/2020\/06\/cropped-LOGO-DICODUSPORT-2020-SANS-FOND-SANS-TEXTE.png\",\"width\":512,\"height\":512,\"caption\":\"Dicodusport\"},\"image\":{\"@id\":\"https:\/\/dicodusport.fr\/blog\/#\/schema\/logo\/image\/\"},\"sameAs\":[\"https:\/\/www.facebook.com\/dicodusport\",\"https:\/\/x.com\/dicodusport\",\"https:\/\/www.instagram.com\/dicodusport\/\",\"https:\/\/www.youtube.com\/channel\/UC7V2KZ5sd3htJivAbA4ZG3w\"],\"description\":\"Dicodusport est l'encyclop\u00e9die de l'actualit\u00e9 sportive.\",\"email\":\"bonjour@dicodusport.fr\",\"legalName\":\"DICODUSPORT\",\"foundingDate\":\"2018-01-14\",\"vatID\":\"FR71834470973\",\"taxID\":\"83447097300043\",\"numberOfEmployees\":{\"@type\":\"QuantitativeValue\",\"minValue\":\"1\",\"maxValue\":\"10\"}},{\"@type\":\"Person\",\"@id\":\"https:\/\/dicodusport.fr\/blog\/#\/schema\/person\/cb02af4c173ce4a653b55e9baf388d4a\",\"name\":\"Flo Ostermann\",\"image\":{\"@type\":\"ImageObject\",\"inLanguage\":\"fr-FR\",\"@id\":\"https:\/\/dicodusport.fr\/blog\/#\/schema\/person\/image\/\",\"url\":\"https:\/\/dicodusport.fr\/blog\/wp-content\/uploads\/2021\/05\/Flo-Ostermann-150x150.jpg\",\"contentUrl\":\"https:\/\/dicodusport.fr\/blog\/wp-content\/uploads\/2021\/05\/Flo-Ostermann-150x150.jpg\",\"caption\":\"Flo Ostermann\"},\"description\":\"Journaliste\/R\u00e9dacteur depuis septembre 2015 - Mes premiers souvenirs dans le sport ? Les envol\u00e9es du Stade Toulousain et les duels Villeneuve-Schumacher et H\u00e4kkinen-Schumacher \u00e0 la fin des ann\u00e9es 90, la Coupe du monde de football en 1998, l\u2019exploit du XV de France face aux All Blacks en 1999, mais aussi Richard C\u0153ur de Lion qui vole sur les montagnes du Tour de France. Bien parti pour devenir professeur d\u2019EPS, les \u00e9v\u00e9nements de la vie (et la flemme d\u2019animer des s\u00e9ances de 3x500 m\u00e8tres toute ma vie) m\u2019ont conduit \u00e0 revoir mes plans. Me voil\u00e0 depuis fin 2017 sur Dicodusport, m\u00e9dia gr\u00e2ce (et pour) lequel je partage ma passion : le sport dans tous ses \u00e9tats. Le tout accompagn\u00e9 par les fous furieux et folles furieuses cit\u00e9s sur cette page !\",\"sameAs\":[\"https:\/\/www.facebook.com\/florent.ostermann\",\"https:\/\/x.com\/https:\/\/twitter.com\/FlOstermann\",\"admin\"],\"url\":\"https:\/\/dicodusport.fr\/blog\/author\/flo\/\"}]}<\/script>\n<!-- \/ Yoast SEO Premium plugin. -->","yoast_head_json":{"title":"Ski de bosses : Perrine Laffont sacr\u00e9e championne du monde en bosses individuelles","description":"SKI DE BOSSES - Perrine Laffont est devenue ce lundi championne du monde en bosses individuelles \u00e0 Almaty (Kazakhstan).","robots":{"index":"index","follow":"follow","max-snippet":"max-snippet:-1","max-image-preview":"max-image-preview:large","max-video-preview":"max-video-preview:-1"},"canonical":"https:\/\/dicodusport.fr\/blog\/ski-de-bosses-perrine-laffont-sacree-championne-du-monde-bosses-individuelles\/","og_locale":"fr_FR","og_type":"article","og_title":"Ski de bosses : Perrine Laffont sacr\u00e9e championne du monde en bosses individuelles","og_description":"SKI DE BOSSES - Perrine Laffont est devenue ce lundi championne du monde en bosses individuelles \u00e0 Almaty (Kazakhstan).","og_url":"https:\/\/dicodusport.fr\/blog\/ski-de-bosses-perrine-laffont-sacree-championne-du-monde-bosses-individuelles\/","og_site_name":"Dicodusport","article_publisher":"https:\/\/www.facebook.com\/dicodusport","article_author":"https:\/\/www.facebook.com\/florent.ostermann","article_published_time":"2021-03-08T10:07:55+00:00","article_modified_time":"2021-03-08T11:36:33+00:00","og_image":[{"width":800,"height":445,"url":"https:\/\/dicodusport.fr\/blog\/wp-content\/uploads\/2021\/02\/Perrine-Laffont-Toutes-les-victoires-sont-dures-a-aller-chercher.png","type":"image\/png"}],"author":"Flo Ostermann","twitter_card":"summary_large_image","twitter_title":"Ski de bosses : Perrine Laffont sacr\u00e9e championne du monde en bosses individuelles","twitter_creator":"@https:\/\/twitter.com\/FlOstermann","twitter_site":"@dicodusport","schema":{"@context":"https:\/\/schema.org","@graph":[{"@type":"NewsArticle","@id":"https:\/\/dicodusport.fr\/blog\/ski-de-bosses-perrine-laffont-sacree-championne-du-monde-bosses-individuelles\/#article","isPartOf":{"@id":"https:\/\/dicodusport.fr\/blog\/ski-de-bosses-perrine-laffont-sacree-championne-du-monde-bosses-individuelles\/"},"author":{"name":"Flo Ostermann","@id":"https:\/\/dicodusport.fr\/blog\/#\/schema\/person\/cb02af4c173ce4a653b55e9baf388d4a"},"headline":"Ski de bosses : Perrine Laffont sacr\u00e9e championne du monde en bosses individuelles","datePublished":"2021-03-08T10:07:55+00:00","dateModified":"2021-03-08T11:36:33+00:00","mainEntityOfPage":{"@id":"https:\/\/dicodusport.fr\/blog\/ski-de-bosses-perrine-laffont-sacree-championne-du-monde-bosses-individuelles\/"},"wordCount":291,"commentCount":0,"publisher":{"@id":"https:\/\/dicodusport.fr\/blog\/#organization"},"image":{"@id":"https:\/\/dicodusport.fr\/blog\/ski-de-bosses-perrine-laffont-sacree-championne-du-monde-bosses-individuelles\/#primaryimage"},"thumbnailUrl":"https:\/\/dicodusport.fr\/blog\/wp-content\/uploads\/2021\/02\/Perrine-Laffont-Toutes-les-victoires-sont-dures-a-aller-chercher.png","keywords":["Perrine Laffont","ski de bosses","sport"],"articleSection":["Ski"],"inLanguage":"fr-FR","potentialAction":[{"@type":"CommentAction","name":"Comment","target":["https:\/\/dicodusport.fr\/blog\/ski-de-bosses-perrine-laffont-sacree-championne-du-monde-bosses-individuelles\/#respond"]}],"copyrightYear":"2021","copyrightHolder":{"@id":"https:\/\/dicodusport.fr\/blog\/#organization"}},{"@type":"WebPage","@id":"https:\/\/dicodusport.fr\/blog\/ski-de-bosses-perrine-laffont-sacree-championne-du-monde-bosses-individuelles\/","url":"https:\/\/dicodusport.fr\/blog\/ski-de-bosses-perrine-laffont-sacree-championne-du-monde-bosses-individuelles\/","name":"Ski de bosses : Perrine Laffont sacr\u00e9e championne du monde en bosses individuelles","isPartOf":{"@id":"https:\/\/dicodusport.fr\/blog\/#website"},"primaryImageOfPage":{"@id":"https:\/\/dicodusport.fr\/blog\/ski-de-bosses-perrine-laffont-sacree-championne-du-monde-bosses-individuelles\/#primaryimage"},"image":{"@id":"https:\/\/dicodusport.fr\/blog\/ski-de-bosses-perrine-laffont-sacree-championne-du-monde-bosses-individuelles\/#primaryimage"},"thumbnailUrl":"https:\/\/dicodusport.fr\/blog\/wp-content\/uploads\/2021\/02\/Perrine-Laffont-Toutes-les-victoires-sont-dures-a-aller-chercher.png","datePublished":"2021-03-08T10:07:55+00:00","dateModified":"2021-03-08T11:36:33+00:00","description":"SKI DE BOSSES - Perrine Laffont est devenue ce lundi championne du monde en bosses individuelles \u00e0 Almaty (Kazakhstan).","breadcrumb":{"@id":"https:\/\/dicodusport.fr\/blog\/ski-de-bosses-perrine-laffont-sacree-championne-du-monde-bosses-individuelles\/#breadcrumb"},"inLanguage":"fr-FR","potentialAction":[{"@type":"ReadAction","target":["https:\/\/dicodusport.fr\/blog\/ski-de-bosses-perrine-laffont-sacree-championne-du-monde-bosses-individuelles\/"]}]},{"@type":"ImageObject","inLanguage":"fr-FR","@id":"https:\/\/dicodusport.fr\/blog\/ski-de-bosses-perrine-laffont-sacree-championne-du-monde-bosses-individuelles\/#primaryimage","url":"https:\/\/dicodusport.fr\/blog\/wp-content\/uploads\/2021\/02\/Perrine-Laffont-Toutes-les-victoires-sont-dures-a-aller-chercher.png","contentUrl":"https:\/\/dicodusport.fr\/blog\/wp-content\/uploads\/2021\/02\/Perrine-Laffont-Toutes-les-victoires-sont-dures-a-aller-chercher.png","width":800,"height":445,"caption":"Perrine Laffont - Toutes les victoires sont dures \u00e0 aller chercher"},{"@type":"BreadcrumbList","@id":"https:\/\/dicodusport.fr\/blog\/ski-de-bosses-perrine-laffont-sacree-championne-du-monde-bosses-individuelles\/#breadcrumb","itemListElement":[{"@type":"ListItem","position":1,"name":"Accueil","item":"https:\/\/dicodusport.fr\/blog\/"},{"@type":"ListItem","position":2,"name":"Ski de bosses : Perrine Laffont sacr\u00e9e championne du monde en bosses individuelles"}]},{"@type":"WebSite","@id":"https:\/\/dicodusport.fr\/blog\/#website","url":"https:\/\/dicodusport.fr\/blog\/","name":"Dicodusport","description":"L&#039;encyclop\u00e9die de l&#039;actualit\u00e9 sportive","publisher":{"@id":"https:\/\/dicodusport.fr\/blog\/#organization"},"potentialAction":[{"@type":"SearchAction","target":{"@type":"EntryPoint","urlTemplate":"https:\/\/dicodusport.fr\/blog\/?s={search_term_string}"},"query-input":{"@type":"PropertyValueSpecification","valueRequired":true,"valueName":"search_term_string"}}],"inLanguage":"fr-FR"},{"@type":"NewsMediaOrganization","@id":"https:\/\/dicodusport.fr\/blog\/#organization","name":"Dicodusport","url":"https:\/\/dicodusport.fr\/blog\/","logo":{"@type":"ImageObject","inLanguage":"fr-FR","@id":"https:\/\/dicodusport.fr\/blog\/#\/schema\/logo\/image\/","url":"https:\/\/dicodusport.fr\/blog\/wp-content\/uploads\/2020\/06\/cropped-LOGO-DICODUSPORT-2020-SANS-FOND-SANS-TEXTE.png","contentUrl":"https:\/\/dicodusport.fr\/blog\/wp-content\/uploads\/2020\/06\/cropped-LOGO-DICODUSPORT-2020-SANS-FOND-SANS-TEXTE.png","width":512,"height":512,"caption":"Dicodusport"},"image":{"@id":"https:\/\/dicodusport.fr\/blog\/#\/schema\/logo\/image\/"},"sameAs":["https:\/\/www.facebook.com\/dicodusport","https:\/\/x.com\/dicodusport","https:\/\/www.instagram.com\/dicodusport\/","https:\/\/www.youtube.com\/channel\/UC7V2KZ5sd3htJivAbA4ZG3w"],"description":"Dicodusport est l'encyclop\u00e9die de l'actualit\u00e9 sportive.","email":"bonjour@dicodusport.fr","legalName":"DICODUSPORT","foundingDate":"2018-01-14","vatID":"FR71834470973","taxID":"83447097300043","numberOfEmployees":{"@type":"QuantitativeValue","minValue":"1","maxValue":"10"}},{"@type":"Person","@id":"https:\/\/dicodusport.fr\/blog\/#\/schema\/person\/cb02af4c173ce4a653b55e9baf388d4a","name":"Flo Ostermann","image":{"@type":"ImageObject","inLanguage":"fr-FR","@id":"https:\/\/dicodusport.fr\/blog\/#\/schema\/person\/image\/","url":"https:\/\/dicodusport.fr\/blog\/wp-content\/uploads\/2021\/05\/Flo-Ostermann-150x150.jpg","contentUrl":"https:\/\/dicodusport.fr\/blog\/wp-content\/uploads\/2021\/05\/Flo-Ostermann-150x150.jpg","caption":"Flo Ostermann"},"description":"Journaliste\/R\u00e9dacteur depuis septembre 2015 - Mes premiers souvenirs dans le sport ? Les envol\u00e9es du Stade Toulousain et les duels Villeneuve-Schumacher et H\u00e4kkinen-Schumacher \u00e0 la fin des ann\u00e9es 90, la Coupe du monde de football en 1998, l\u2019exploit du XV de France face aux All Blacks en 1999, mais aussi Richard C\u0153ur de Lion qui vole sur les montagnes du Tour de France. Bien parti pour devenir professeur d\u2019EPS, les \u00e9v\u00e9nements de la vie (et la flemme d\u2019animer des s\u00e9ances de 3x500 m\u00e8tres toute ma vie) m\u2019ont conduit \u00e0 revoir mes plans. Me voil\u00e0 depuis fin 2017 sur Dicodusport, m\u00e9dia gr\u00e2ce (et pour) lequel je partage ma passion : le sport dans tous ses \u00e9tats. Le tout accompagn\u00e9 par les fous furieux et folles furieuses cit\u00e9s sur cette page !","sameAs":["https:\/\/www.facebook.com\/florent.ostermann","https:\/\/x.com\/https:\/\/twitter.com\/FlOstermann","admin"],"url":"https:\/\/dicodusport.fr\/blog\/author\/flo\/"}]}},"_links":{"self":[{"href":"https:\/\/dicodusport.fr\/blog\/wp-json\/wp\/v2\/posts\/111966","targetHints":{"allow":["GET"]}}],"collection":[{"href":"https:\/\/dicodusport.fr\/blog\/wp-json\/wp\/v2\/posts"}],"about":[{"href":"https:\/\/dicodusport.fr\/blog\/wp-json\/wp\/v2\/types\/post"}],"author":[{"embeddable":true,"href":"https:\/\/dicodusport.fr\/blog\/wp-json\/wp\/v2\/users\/4"}],"replies":[{"embeddable":true,"href":"https:\/\/dicodusport.fr\/blog\/wp-json\/wp\/v2\/comments?post=111966"}],"version-history":[{"count":0,"href":"https:\/\/dicodusport.fr\/blog\/wp-json\/wp\/v2\/posts\/111966\/revisions"}],"wp:featuredmedia":[{"embeddable":true,"href":"https:\/\/dicodusport.fr\/blog\/wp-json\/wp\/v2\/media\/108629"}],"wp:attachment":[{"href":"https:\/\/dicodusport.fr\/blog\/wp-json\/wp\/v2\/media?parent=111966"}],"wp:term":[{"taxonomy":"category","embeddable":true,"href":"https:\/\/dicodusport.fr\/blog\/wp-json\/wp\/v2\/categories?post=111966"},{"taxonomy":"post_tag","embeddable":true,"href":"https:\/\/dicodusport.fr\/blog\/wp-json\/wp\/v2\/tags?post=111966"}],"curies":[{"name":"wp","href":"https:\/\/api.w.org\/{rel}","templated":true}]}}