{"id":112014,"date":"2021-03-08T14:35:17","date_gmt":"2021-03-08T13:35:17","guid":{"rendered":"https:\/\/dicodusport.fr\/blog\/?p=112014"},"modified":"2025-09-16T09:03:47","modified_gmt":"2025-09-16T07:03:47","slug":"premier-league-la-demi-surprise-everton","status":"publish","type":"post","link":"https:\/\/dicodusport.fr\/blog\/premier-league-la-demi-surprise-everton\/","title":{"rendered":"Premier League : La demi-surprise Everton"},"content":{"rendered":"<p style=\"text-align: justify;\"><em><strong>En d\u00e9placement ce soir du c\u00f4t\u00e9 de Chelsea (19h), Everton voit sa cote monter en Premier League. 5<sup>\u00e8mes <\/sup>\u00e0 1 point de son adversaire du soir (avec un match en moins), les hommes de Carlo Ancelotti peuvent l\u00e9gitimement se voir Europ\u00e9ens en fin de saison.<\/strong><\/em><\/p>\n<h2 style=\"text-align: justify;\">Ancelotti, point fort des Toffees<\/h2>\n<p style=\"text-align: justify;\">Son exp\u00e9rience et ses qualit\u00e9s d\u2019entra\u00eeneur ne sont plus \u00e0 prouver. Pass\u00e9 par les plus grands clubs europ\u00e9ens, <b>Carlo Ancelotti<\/b> fait aujourd\u2019hui le bonheur du deuxi\u00e8me club de Liverpool, <b>Everton<\/b>. Les Toffees r\u00e9alisent leur meilleure saison depuis bien longtemps dans l\u2019\u00e9lite anglaise, de quoi s\u2019enthousiasmer de leur 5<sup>\u00e8me<\/sup> place actuelle aux c\u00f4t\u00e9s des meilleurs de <b>Premier League<\/b>. Arriv\u00e9 fin 2019 en provenance de Naples, l\u2019entra\u00eeneur italien r\u00e9colte les fruits de son travail pour sa deuxi\u00e8me saison \u00e0 <b>Everton<\/b>, lui qui a r\u00e9cemment exprim\u00e9 son bien-\u00eatre et sa volont\u00e9 de continuer encore avec les Toffees.<\/p>\n<p style=\"text-align: justify;\">Avec le r\u00eave d\u2019une qualification en <b>Ligue des Champions<\/b> en vue (la derni\u00e8re qualification d<b>\u2019Everton<\/b> datant de 1971), <b>Ancelotti <\/b>et ses hommes peuvent r\u00e9aliser l\u2019impensable dans une <b>Premier League<\/b> ultra-concurrentielle, comme l\u2019Italien le conc\u00e9dait apr\u00e8s la victoire face \u00e0 <b>West Bromwich<\/b>\u00a0: <em>\u00ab\u00a0Quand je regarde le classement je suis tr\u00e8s content. Mais il y a deux probl\u00e8mes. D&rsquo;abord je ne sais pas combien de temps cela va durer et ensuite, malheureusement, la saison ne se termine pas aujourd&rsquo;hui. Nous devons \u00eatre contents d&rsquo;\u00eatre o\u00f9 nous sommes mais nous devons \u00eatre conscients qu&rsquo;il faudra encore se battre. Je pense qu&rsquo;en d\u00e9but de saison, personne n&rsquo;aurait pu pr\u00e9dire qu&rsquo;Everton serait dans le top 4 ou top 5. C&rsquo;est m\u00e9rit\u00e9, mes joueurs travaillent tr\u00e8s bien.\u00a0\u00bb<\/em>.<\/p>\n<blockquote class=\"twitter-tweet\">\n<p dir=\"ltr\" lang=\"en\">! <a href=\"https:\/\/twitter.com\/hashtag\/EFC?src=hash&amp;ref_src=twsrc%5Etfw\">#EFC<\/a> <a href=\"https:\/\/twitter.com\/hashtag\/CHEEVE?src=hash&amp;ref_src=twsrc%5Etfw\">#CHEEVE<\/a><\/p>\n<p>\u2014 Everton (@Everton) <a href=\"https:\/\/twitter.com\/Everton\/status\/1368849970623897602?ref_src=twsrc%5Etfw\">March 8, 2021<\/a><\/p><\/blockquote>\n<p><script async src=\"https:\/\/platform.twitter.com\/widgets.js\" charset=\"utf-8\"><\/script><\/p>\n<h2 style=\"text-align: justify;\">Faire de Goodison Park une forteresse<\/h2>\n<p style=\"text-align: justify;\">Si le d\u00e9placement \u00e0 <b>Chelsea<\/b> ce soir va donner le ton pour la suite de la saison des co\u00e9quipiers de <b>Lucas Digne<\/b>, les joueurs d\u2019<b>Everton<\/b> devront par la suite ne faire aucun faux pas \u00e0 domicile pour se qualifier en<b> Ligue des Champions<\/b>. <b>Ancelotti<\/b> et les siens auront la chance de recevoir 6 fois (Burnley, Crystal Palace, Tottenham, Villa, Sheffield et Wolverhampton) avec des rencontres accessibles pour les Toffees.<\/p>\n<p style=\"text-align: justify;\">Seulement 14<sup>\u00e8me<\/sup> \u00e9quipe \u00e0 domicile en <b>Premier League<\/b>, <b>Everton<\/b> va devoir se lib\u00e9rer face aux blocs d\u00e9fensifs adverses et prendre les points sous peine de voir les r\u00eaves de <b>Ligue des Champions<\/b> s\u2019envoler. Sous l\u2019impulsion de ses buteurs <b>Dominic Calvert-Lewin<\/b> et <b>Richarlison<\/b>, les Toffees vont avoir un vrai coup \u00e0 jouer pour une potentielle qualification historique, qui rendrait la saison des joueurs de <b>Carlo Ancelotti<\/b> exceptionnelle.<\/p>\n<ul>\n<li style=\"text-align: justify;\"><strong>\u00c0 lire aussi &#8211; <a href=\"https:\/\/dicodusport.fr\/blog\/football-premier-league-notre-pronostic-pour-chelsea-everton\/\" target=\"_blank\" rel=\"noopener\">Notre pronostic pour Chelsea &#8211; Everton<\/a><\/strong><\/li>\n<\/ul>\n<p><em><strong>Romain Delanis<br \/>\n<\/strong><\/em><em><strong><a href=\"https:\/\/twitter.com\/RDelanis\" target=\"_blank\" rel=\"noopener noreferrer\"><img loading=\"lazy\" decoding=\"async\" class=\"alignnone wp-image-2908\" src=\"https:\/\/i1.wp.com\/dicodusport.fr\/blog\/wp-content\/uploads\/2017\/07\/logo-twitter-150x150.png?resize=39%2C39\" alt=\"\" width=\"39\" height=\"39\" \/><\/a><\/strong><\/em><\/p>\n","protected":false},"excerpt":{"rendered":"<p>En d\u00e9placement ce soir du c\u00f4t\u00e9 de Chelsea (19h), Everton voit sa cote monter en Premier League. 5\u00e8mes \u00e0 1 point de son adversaire du soir (avec un match en moins), les hommes de Carlo Ancelotti peuvent l\u00e9gitimement se voir Europ\u00e9ens en fin de saison.<\/p>\n","protected":false},"author":14,"featured_media":112052,"comment_status":"open","ping_status":"closed","sticky":false,"template":"","format":"standard","meta":{"_acf_changed":false,"_daextam_enable_autolinks":"","footnotes":""},"categories":[47250],"tags":[2608,75,419,50],"class_list":["post-112014","post","type-post","status-publish","format-standard","has-post-thumbnail","hentry","category-ligue-des-champions-de-football","tag-everton","tag-football","tag-ligue-des-champions","tag-premier-league"],"acf":[],"yoast_head":"<!-- This site is optimized with the Yoast SEO Premium plugin v26.7 (Yoast SEO v26.7) - https:\/\/yoast.com\/wordpress\/plugins\/seo\/ -->\n<title>Premier League : La demi-surprise Everton<\/title>\n<meta name=\"description\" content=\"En d\u00e9placement ce soir du c\u00f4t\u00e9 de Chelsea (19h), les Toffees d&#039;Everton voient leur cote monter en Premier League.\" \/>\n<meta name=\"robots\" content=\"index, follow, max-snippet:-1, max-image-preview:large, max-video-preview:-1\" \/>\n<link rel=\"canonical\" href=\"https:\/\/dicodusport.fr\/blog\/premier-league-la-demi-surprise-everton\/\" \/>\n<meta property=\"og:locale\" content=\"fr_FR\" \/>\n<meta property=\"og:type\" content=\"article\" \/>\n<meta property=\"og:title\" content=\"Premier League : La demi-surprise Everton\" \/>\n<meta property=\"og:description\" content=\"En d\u00e9placement ce soir du c\u00f4t\u00e9 de Chelsea (19h), les Toffees d&#039;Everton voient leur cote monter en Premier League.\" \/>\n<meta property=\"og:url\" content=\"https:\/\/dicodusport.fr\/blog\/premier-league-la-demi-surprise-everton\/\" \/>\n<meta property=\"og:site_name\" content=\"Dicodusport\" \/>\n<meta property=\"article:publisher\" content=\"https:\/\/www.facebook.com\/dicodusport\" \/>\n<meta property=\"article:published_time\" content=\"2021-03-08T13:35:17+00:00\" \/>\n<meta property=\"article:modified_time\" content=\"2025-09-16T07:03:47+00:00\" \/>\n<meta property=\"og:image\" content=\"https:\/\/dicodusport.fr\/blog\/wp-content\/uploads\/2021\/03\/Premier-League-La-demi-surprise-Everton.png\" \/>\n\t<meta property=\"og:image:width\" content=\"800\" \/>\n\t<meta property=\"og:image:height\" content=\"445\" \/>\n\t<meta property=\"og:image:type\" content=\"image\/png\" \/>\n<meta name=\"author\" content=\"Romain Delanis\" \/>\n<meta name=\"twitter:card\" content=\"summary_large_image\" \/>\n<meta name=\"twitter:title\" content=\"Premier League : La demi-surprise Everton\" \/>\n<meta name=\"twitter:creator\" content=\"@https:\/\/twitter.com\/RDelanis\" \/>\n<meta name=\"twitter:site\" content=\"@dicodusport\" \/>\n<script type=\"application\/ld+json\" class=\"yoast-schema-graph\">{\"@context\":\"https:\/\/schema.org\",\"@graph\":[{\"@type\":\"NewsArticle\",\"@id\":\"https:\/\/dicodusport.fr\/blog\/premier-league-la-demi-surprise-everton\/#article\",\"isPartOf\":{\"@id\":\"https:\/\/dicodusport.fr\/blog\/premier-league-la-demi-surprise-everton\/\"},\"author\":{\"name\":\"Romain Delanis\",\"@id\":\"https:\/\/dicodusport.fr\/blog\/#\/schema\/person\/8c78730a59f8a1e617f7a19026ebc14a\"},\"headline\":\"Premier League : La demi-surprise Everton\",\"datePublished\":\"2021-03-08T13:35:17+00:00\",\"dateModified\":\"2025-09-16T07:03:47+00:00\",\"mainEntityOfPage\":{\"@id\":\"https:\/\/dicodusport.fr\/blog\/premier-league-la-demi-surprise-everton\/\"},\"wordCount\":466,\"commentCount\":0,\"publisher\":{\"@id\":\"https:\/\/dicodusport.fr\/blog\/#organization\"},\"image\":{\"@id\":\"https:\/\/dicodusport.fr\/blog\/premier-league-la-demi-surprise-everton\/#primaryimage\"},\"thumbnailUrl\":\"https:\/\/dicodusport.fr\/blog\/wp-content\/uploads\/2021\/03\/Premier-League-La-demi-surprise-Everton.png\",\"keywords\":[\"Everton\",\"Football\",\"Ligue des champions\",\"Premier League\"],\"articleSection\":[\"Ligue des Champions de football\"],\"inLanguage\":\"fr-FR\",\"potentialAction\":[{\"@type\":\"CommentAction\",\"name\":\"Comment\",\"target\":[\"https:\/\/dicodusport.fr\/blog\/premier-league-la-demi-surprise-everton\/#respond\"]}],\"copyrightYear\":\"2021\",\"copyrightHolder\":{\"@id\":\"https:\/\/dicodusport.fr\/blog\/#organization\"}},{\"@type\":\"WebPage\",\"@id\":\"https:\/\/dicodusport.fr\/blog\/premier-league-la-demi-surprise-everton\/\",\"url\":\"https:\/\/dicodusport.fr\/blog\/premier-league-la-demi-surprise-everton\/\",\"name\":\"Premier League : La demi-surprise Everton\",\"isPartOf\":{\"@id\":\"https:\/\/dicodusport.fr\/blog\/#website\"},\"primaryImageOfPage\":{\"@id\":\"https:\/\/dicodusport.fr\/blog\/premier-league-la-demi-surprise-everton\/#primaryimage\"},\"image\":{\"@id\":\"https:\/\/dicodusport.fr\/blog\/premier-league-la-demi-surprise-everton\/#primaryimage\"},\"thumbnailUrl\":\"https:\/\/dicodusport.fr\/blog\/wp-content\/uploads\/2021\/03\/Premier-League-La-demi-surprise-Everton.png\",\"datePublished\":\"2021-03-08T13:35:17+00:00\",\"dateModified\":\"2025-09-16T07:03:47+00:00\",\"description\":\"En d\u00e9placement ce soir du c\u00f4t\u00e9 de Chelsea (19h), les Toffees d'Everton voient leur cote monter en Premier League.\",\"breadcrumb\":{\"@id\":\"https:\/\/dicodusport.fr\/blog\/premier-league-la-demi-surprise-everton\/#breadcrumb\"},\"inLanguage\":\"fr-FR\",\"potentialAction\":[{\"@type\":\"ReadAction\",\"target\":[\"https:\/\/dicodusport.fr\/blog\/premier-league-la-demi-surprise-everton\/\"]}]},{\"@type\":\"ImageObject\",\"inLanguage\":\"fr-FR\",\"@id\":\"https:\/\/dicodusport.fr\/blog\/premier-league-la-demi-surprise-everton\/#primaryimage\",\"url\":\"https:\/\/dicodusport.fr\/blog\/wp-content\/uploads\/2021\/03\/Premier-League-La-demi-surprise-Everton.png\",\"contentUrl\":\"https:\/\/dicodusport.fr\/blog\/wp-content\/uploads\/2021\/03\/Premier-League-La-demi-surprise-Everton.png\",\"width\":800,\"height\":445,\"caption\":\"Premier League - La demi-surprise Everton\"},{\"@type\":\"BreadcrumbList\",\"@id\":\"https:\/\/dicodusport.fr\/blog\/premier-league-la-demi-surprise-everton\/#breadcrumb\",\"itemListElement\":[{\"@type\":\"ListItem\",\"position\":1,\"name\":\"Accueil\",\"item\":\"https:\/\/dicodusport.fr\/blog\/\"},{\"@type\":\"ListItem\",\"position\":2,\"name\":\"Premier League : La demi-surprise Everton\"}]},{\"@type\":\"WebSite\",\"@id\":\"https:\/\/dicodusport.fr\/blog\/#website\",\"url\":\"https:\/\/dicodusport.fr\/blog\/\",\"name\":\"Dicodusport\",\"description\":\"L&#039;encyclop\u00e9die de l&#039;actualit\u00e9 sportive\",\"publisher\":{\"@id\":\"https:\/\/dicodusport.fr\/blog\/#organization\"},\"potentialAction\":[{\"@type\":\"SearchAction\",\"target\":{\"@type\":\"EntryPoint\",\"urlTemplate\":\"https:\/\/dicodusport.fr\/blog\/?s={search_term_string}\"},\"query-input\":{\"@type\":\"PropertyValueSpecification\",\"valueRequired\":true,\"valueName\":\"search_term_string\"}}],\"inLanguage\":\"fr-FR\"},{\"@type\":\"NewsMediaOrganization\",\"@id\":\"https:\/\/dicodusport.fr\/blog\/#organization\",\"name\":\"Dicodusport\",\"url\":\"https:\/\/dicodusport.fr\/blog\/\",\"logo\":{\"@type\":\"ImageObject\",\"inLanguage\":\"fr-FR\",\"@id\":\"https:\/\/dicodusport.fr\/blog\/#\/schema\/logo\/image\/\",\"url\":\"https:\/\/dicodusport.fr\/blog\/wp-content\/uploads\/2020\/06\/cropped-LOGO-DICODUSPORT-2020-SANS-FOND-SANS-TEXTE.png\",\"contentUrl\":\"https:\/\/dicodusport.fr\/blog\/wp-content\/uploads\/2020\/06\/cropped-LOGO-DICODUSPORT-2020-SANS-FOND-SANS-TEXTE.png\",\"width\":512,\"height\":512,\"caption\":\"Dicodusport\"},\"image\":{\"@id\":\"https:\/\/dicodusport.fr\/blog\/#\/schema\/logo\/image\/\"},\"sameAs\":[\"https:\/\/www.facebook.com\/dicodusport\",\"https:\/\/x.com\/dicodusport\",\"https:\/\/www.instagram.com\/dicodusport\/\",\"https:\/\/www.youtube.com\/channel\/UC7V2KZ5sd3htJivAbA4ZG3w\"],\"description\":\"Dicodusport est l'encyclop\u00e9die de l'actualit\u00e9 sportive.\",\"email\":\"bonjour@dicodusport.fr\",\"legalName\":\"DICODUSPORT\",\"foundingDate\":\"2018-01-14\",\"vatID\":\"FR71834470973\",\"taxID\":\"83447097300043\",\"numberOfEmployees\":{\"@type\":\"QuantitativeValue\",\"minValue\":\"1\",\"maxValue\":\"10\"}},{\"@type\":\"Person\",\"@id\":\"https:\/\/dicodusport.fr\/blog\/#\/schema\/person\/8c78730a59f8a1e617f7a19026ebc14a\",\"name\":\"Romain Delanis\",\"image\":{\"@type\":\"ImageObject\",\"inLanguage\":\"fr-FR\",\"@id\":\"https:\/\/dicodusport.fr\/blog\/#\/schema\/person\/image\/\",\"url\":\"https:\/\/dicodusport.fr\/blog\/wp-content\/uploads\/2021\/05\/Romain-Delanis-150x150.jpg\",\"contentUrl\":\"https:\/\/dicodusport.fr\/blog\/wp-content\/uploads\/2021\/05\/Romain-Delanis-150x150.jpg\",\"caption\":\"Romain Delanis\"},\"description\":\"Journaliste\/R\u00e9dacteur depuis novembre 2015 - Capable de passer un samedi apr\u00e8s-midi devant la Ligue 2 puis le biathlon sans oublier la finale de l\u2019ATP Rotterdam, j\u2019aime aussi mettre mon r\u00e9veil pour me faire un Pistons\/Bulls qui rappelle de bons souvenirs. Tout cela, j\u2019ai choisi il y a maintenant quelques temps de vous le raconter avec Dicodusport, pour vous faire vivre ma passion parfois inconsid\u00e9r\u00e9e pour le sport en g\u00e9n\u00e9ral (mais surtout le foot faut se l\u2019avouer).\",\"sameAs\":[\"https:\/\/x.com\/https:\/\/twitter.com\/RDelanis\"],\"url\":\"https:\/\/dicodusport.fr\/blog\/author\/romain\/\"}]}<\/script>\n<!-- \/ Yoast SEO Premium plugin. -->","yoast_head_json":{"title":"Premier League : La demi-surprise Everton","description":"En d\u00e9placement ce soir du c\u00f4t\u00e9 de Chelsea (19h), les Toffees d'Everton voient leur cote monter en Premier League.","robots":{"index":"index","follow":"follow","max-snippet":"max-snippet:-1","max-image-preview":"max-image-preview:large","max-video-preview":"max-video-preview:-1"},"canonical":"https:\/\/dicodusport.fr\/blog\/premier-league-la-demi-surprise-everton\/","og_locale":"fr_FR","og_type":"article","og_title":"Premier League : La demi-surprise Everton","og_description":"En d\u00e9placement ce soir du c\u00f4t\u00e9 de Chelsea (19h), les Toffees d'Everton voient leur cote monter en Premier League.","og_url":"https:\/\/dicodusport.fr\/blog\/premier-league-la-demi-surprise-everton\/","og_site_name":"Dicodusport","article_publisher":"https:\/\/www.facebook.com\/dicodusport","article_published_time":"2021-03-08T13:35:17+00:00","article_modified_time":"2025-09-16T07:03:47+00:00","og_image":[{"width":800,"height":445,"url":"https:\/\/dicodusport.fr\/blog\/wp-content\/uploads\/2021\/03\/Premier-League-La-demi-surprise-Everton.png","type":"image\/png"}],"author":"Romain Delanis","twitter_card":"summary_large_image","twitter_title":"Premier League : La demi-surprise Everton","twitter_creator":"@https:\/\/twitter.com\/RDelanis","twitter_site":"@dicodusport","schema":{"@context":"https:\/\/schema.org","@graph":[{"@type":"NewsArticle","@id":"https:\/\/dicodusport.fr\/blog\/premier-league-la-demi-surprise-everton\/#article","isPartOf":{"@id":"https:\/\/dicodusport.fr\/blog\/premier-league-la-demi-surprise-everton\/"},"author":{"name":"Romain Delanis","@id":"https:\/\/dicodusport.fr\/blog\/#\/schema\/person\/8c78730a59f8a1e617f7a19026ebc14a"},"headline":"Premier League : La demi-surprise Everton","datePublished":"2021-03-08T13:35:17+00:00","dateModified":"2025-09-16T07:03:47+00:00","mainEntityOfPage":{"@id":"https:\/\/dicodusport.fr\/blog\/premier-league-la-demi-surprise-everton\/"},"wordCount":466,"commentCount":0,"publisher":{"@id":"https:\/\/dicodusport.fr\/blog\/#organization"},"image":{"@id":"https:\/\/dicodusport.fr\/blog\/premier-league-la-demi-surprise-everton\/#primaryimage"},"thumbnailUrl":"https:\/\/dicodusport.fr\/blog\/wp-content\/uploads\/2021\/03\/Premier-League-La-demi-surprise-Everton.png","keywords":["Everton","Football","Ligue des champions","Premier League"],"articleSection":["Ligue des Champions de football"],"inLanguage":"fr-FR","potentialAction":[{"@type":"CommentAction","name":"Comment","target":["https:\/\/dicodusport.fr\/blog\/premier-league-la-demi-surprise-everton\/#respond"]}],"copyrightYear":"2021","copyrightHolder":{"@id":"https:\/\/dicodusport.fr\/blog\/#organization"}},{"@type":"WebPage","@id":"https:\/\/dicodusport.fr\/blog\/premier-league-la-demi-surprise-everton\/","url":"https:\/\/dicodusport.fr\/blog\/premier-league-la-demi-surprise-everton\/","name":"Premier League : La demi-surprise Everton","isPartOf":{"@id":"https:\/\/dicodusport.fr\/blog\/#website"},"primaryImageOfPage":{"@id":"https:\/\/dicodusport.fr\/blog\/premier-league-la-demi-surprise-everton\/#primaryimage"},"image":{"@id":"https:\/\/dicodusport.fr\/blog\/premier-league-la-demi-surprise-everton\/#primaryimage"},"thumbnailUrl":"https:\/\/dicodusport.fr\/blog\/wp-content\/uploads\/2021\/03\/Premier-League-La-demi-surprise-Everton.png","datePublished":"2021-03-08T13:35:17+00:00","dateModified":"2025-09-16T07:03:47+00:00","description":"En d\u00e9placement ce soir du c\u00f4t\u00e9 de Chelsea (19h), les Toffees d'Everton voient leur cote monter en Premier League.","breadcrumb":{"@id":"https:\/\/dicodusport.fr\/blog\/premier-league-la-demi-surprise-everton\/#breadcrumb"},"inLanguage":"fr-FR","potentialAction":[{"@type":"ReadAction","target":["https:\/\/dicodusport.fr\/blog\/premier-league-la-demi-surprise-everton\/"]}]},{"@type":"ImageObject","inLanguage":"fr-FR","@id":"https:\/\/dicodusport.fr\/blog\/premier-league-la-demi-surprise-everton\/#primaryimage","url":"https:\/\/dicodusport.fr\/blog\/wp-content\/uploads\/2021\/03\/Premier-League-La-demi-surprise-Everton.png","contentUrl":"https:\/\/dicodusport.fr\/blog\/wp-content\/uploads\/2021\/03\/Premier-League-La-demi-surprise-Everton.png","width":800,"height":445,"caption":"Premier League - La demi-surprise Everton"},{"@type":"BreadcrumbList","@id":"https:\/\/dicodusport.fr\/blog\/premier-league-la-demi-surprise-everton\/#breadcrumb","itemListElement":[{"@type":"ListItem","position":1,"name":"Accueil","item":"https:\/\/dicodusport.fr\/blog\/"},{"@type":"ListItem","position":2,"name":"Premier League : La demi-surprise Everton"}]},{"@type":"WebSite","@id":"https:\/\/dicodusport.fr\/blog\/#website","url":"https:\/\/dicodusport.fr\/blog\/","name":"Dicodusport","description":"L&#039;encyclop\u00e9die de l&#039;actualit\u00e9 sportive","publisher":{"@id":"https:\/\/dicodusport.fr\/blog\/#organization"},"potentialAction":[{"@type":"SearchAction","target":{"@type":"EntryPoint","urlTemplate":"https:\/\/dicodusport.fr\/blog\/?s={search_term_string}"},"query-input":{"@type":"PropertyValueSpecification","valueRequired":true,"valueName":"search_term_string"}}],"inLanguage":"fr-FR"},{"@type":"NewsMediaOrganization","@id":"https:\/\/dicodusport.fr\/blog\/#organization","name":"Dicodusport","url":"https:\/\/dicodusport.fr\/blog\/","logo":{"@type":"ImageObject","inLanguage":"fr-FR","@id":"https:\/\/dicodusport.fr\/blog\/#\/schema\/logo\/image\/","url":"https:\/\/dicodusport.fr\/blog\/wp-content\/uploads\/2020\/06\/cropped-LOGO-DICODUSPORT-2020-SANS-FOND-SANS-TEXTE.png","contentUrl":"https:\/\/dicodusport.fr\/blog\/wp-content\/uploads\/2020\/06\/cropped-LOGO-DICODUSPORT-2020-SANS-FOND-SANS-TEXTE.png","width":512,"height":512,"caption":"Dicodusport"},"image":{"@id":"https:\/\/dicodusport.fr\/blog\/#\/schema\/logo\/image\/"},"sameAs":["https:\/\/www.facebook.com\/dicodusport","https:\/\/x.com\/dicodusport","https:\/\/www.instagram.com\/dicodusport\/","https:\/\/www.youtube.com\/channel\/UC7V2KZ5sd3htJivAbA4ZG3w"],"description":"Dicodusport est l'encyclop\u00e9die de l'actualit\u00e9 sportive.","email":"bonjour@dicodusport.fr","legalName":"DICODUSPORT","foundingDate":"2018-01-14","vatID":"FR71834470973","taxID":"83447097300043","numberOfEmployees":{"@type":"QuantitativeValue","minValue":"1","maxValue":"10"}},{"@type":"Person","@id":"https:\/\/dicodusport.fr\/blog\/#\/schema\/person\/8c78730a59f8a1e617f7a19026ebc14a","name":"Romain Delanis","image":{"@type":"ImageObject","inLanguage":"fr-FR","@id":"https:\/\/dicodusport.fr\/blog\/#\/schema\/person\/image\/","url":"https:\/\/dicodusport.fr\/blog\/wp-content\/uploads\/2021\/05\/Romain-Delanis-150x150.jpg","contentUrl":"https:\/\/dicodusport.fr\/blog\/wp-content\/uploads\/2021\/05\/Romain-Delanis-150x150.jpg","caption":"Romain Delanis"},"description":"Journaliste\/R\u00e9dacteur depuis novembre 2015 - Capable de passer un samedi apr\u00e8s-midi devant la Ligue 2 puis le biathlon sans oublier la finale de l\u2019ATP Rotterdam, j\u2019aime aussi mettre mon r\u00e9veil pour me faire un Pistons\/Bulls qui rappelle de bons souvenirs. Tout cela, j\u2019ai choisi il y a maintenant quelques temps de vous le raconter avec Dicodusport, pour vous faire vivre ma passion parfois inconsid\u00e9r\u00e9e pour le sport en g\u00e9n\u00e9ral (mais surtout le foot faut se l\u2019avouer).","sameAs":["https:\/\/x.com\/https:\/\/twitter.com\/RDelanis"],"url":"https:\/\/dicodusport.fr\/blog\/author\/romain\/"}]}},"_links":{"self":[{"href":"https:\/\/dicodusport.fr\/blog\/wp-json\/wp\/v2\/posts\/112014","targetHints":{"allow":["GET"]}}],"collection":[{"href":"https:\/\/dicodusport.fr\/blog\/wp-json\/wp\/v2\/posts"}],"about":[{"href":"https:\/\/dicodusport.fr\/blog\/wp-json\/wp\/v2\/types\/post"}],"author":[{"embeddable":true,"href":"https:\/\/dicodusport.fr\/blog\/wp-json\/wp\/v2\/users\/14"}],"replies":[{"embeddable":true,"href":"https:\/\/dicodusport.fr\/blog\/wp-json\/wp\/v2\/comments?post=112014"}],"version-history":[{"count":1,"href":"https:\/\/dicodusport.fr\/blog\/wp-json\/wp\/v2\/posts\/112014\/revisions"}],"predecessor-version":[{"id":611609,"href":"https:\/\/dicodusport.fr\/blog\/wp-json\/wp\/v2\/posts\/112014\/revisions\/611609"}],"wp:featuredmedia":[{"embeddable":true,"href":"https:\/\/dicodusport.fr\/blog\/wp-json\/wp\/v2\/media\/112052"}],"wp:attachment":[{"href":"https:\/\/dicodusport.fr\/blog\/wp-json\/wp\/v2\/media?parent=112014"}],"wp:term":[{"taxonomy":"category","embeddable":true,"href":"https:\/\/dicodusport.fr\/blog\/wp-json\/wp\/v2\/categories?post=112014"},{"taxonomy":"post_tag","embeddable":true,"href":"https:\/\/dicodusport.fr\/blog\/wp-json\/wp\/v2\/tags?post=112014"}],"curies":[{"name":"wp","href":"https:\/\/api.w.org\/{rel}","templated":true}]}}