{"id":112051,"date":"2021-03-08T15:43:39","date_gmt":"2021-03-08T14:43:39","guid":{"rendered":"https:\/\/dicodusport.fr\/blog\/?p=112051"},"modified":"2025-04-03T14:46:51","modified_gmt":"2025-04-03T12:46:51","slug":"la-selection-francaise-pour-les-mondiaux-de-telemark-devoilee","status":"publish","type":"post","link":"https:\/\/dicodusport.fr\/blog\/la-selection-francaise-pour-les-mondiaux-de-telemark-devoilee\/","title":{"rendered":"La s\u00e9lection fran\u00e7aise pour les Mondiaux de T\u00e9l\u00e9mark d\u00e9voil\u00e9e"},"content":{"rendered":"<p style=\"text-align: justify;\"><strong><em>La F\u00e9d\u00e9ration Fran\u00e7aise de Ski a d\u00e9voil\u00e9 la liste des skieurs juniors et s\u00e9niors, retenus pour les Championnats du monde de t\u00e9l\u00e9mark \u00e0 Melchsee Frutt (Suisse), du 17 au 21 mars prochain.<\/em><\/strong><\/p>\n<p style=\"text-align: justify;\">Pour ces Championnats du monde de t\u00e9l\u00e9mark s\u00e9niors, la F\u00e9d\u00e9ration Fran\u00e7aise a d\u00e9voil\u00e9 une liste ambitieuse, qui r\u00eave d&rsquo;accrocher des podiums. Du c\u00f4t\u00e9 des filles, l&rsquo;\u00e9quipe de France n&rsquo;a jamais d\u00e9croch\u00e9 de breloque en or dans cette comp\u00e9tition. Une disette qui pourrait bien prendre fin sous la houlette d&rsquo;une <strong>Argeline Tan-Bouquet<\/strong> ultra exp\u00e9riment\u00e9e. \u00c0 25 ans, la vice-championne du monde du sprint en 2017 et 2019 aura \u00e0 c\u0153ur de prendre sa revanche, et de s&rsquo;affirmer un peu plus comme l&rsquo;une des cadors de la discipline.<\/p>\n<h2 style=\"text-align: justify;\">L&rsquo;heure de la rel\u00e8ve de Philippe Lau<\/h2>\n<p style=\"text-align: justify;\">Chez les hommes, les Tricolores r\u00eavent de marcher sur les pas de <strong>Philippe Lau<\/strong>, quadruple champion du monde de t\u00e9l\u00e9mark. \u00c0 22 ans, <strong>No\u00e9 Claye<\/strong> aura aussi \u00e0 c\u0153ur de confirmer ses r\u00e9centes performances, aur\u00e9ol\u00e9 de sa premi\u00e8re victoire en Coupe du monde fin janvier, et d&rsquo;une troisi\u00e8me place au g\u00e9n\u00e9ral. M\u00eame constat pour <strong>Th\u00e9o Sillon<\/strong>, qui a r\u00e9cemment d\u00e9croch\u00e9 son premier podium en Coupe du monde devant son compatriote <strong>No\u00e9 Claye<\/strong>, s&#8217;emparant de la septi\u00e8me place du g\u00e9n\u00e9ral. Des performances qui laissent esp\u00e9rer de bons r\u00e9sultats pour les t\u00e9l\u00e9markeurs fran\u00e7ais.<\/p>\n<h2 style=\"text-align: justify;\">La liste compl\u00e8te<\/h2>\n<blockquote class=\"twitter-tweet\">\n<p dir=\"ltr\" lang=\"fr\">D\u00e9couvrez nos s\u00e9lections pour les prochains Championnats du Monde S\u00e9niors et Juniors de <a href=\"https:\/\/twitter.com\/hashtag\/Telemark?src=hash&amp;ref_src=twsrc%5Etfw\">#Telemark<\/a> qui se d\u00e9rouleront \u00e0 Melchsee-Frutt du 17 au 21 mars 2021 : <a href=\"https:\/\/t.co\/mfCdEu5Y39\">https:\/\/t.co\/mfCdEu5Y39<\/a> <a href=\"https:\/\/t.co\/bQUGYDX2dG\">pic.twitter.com\/bQUGYDX2dG<\/a><\/p>\n<p>\u2014 FFS &#8211; F\u00e9d\u00e9ration Fran\u00e7aise de Ski (@FedFranceSki) <a href=\"https:\/\/twitter.com\/FedFranceSki\/status\/1368910935935639554?ref_src=twsrc%5Etfw\">March 8, 2021<\/a><\/p><\/blockquote>\n<p><script async src=\"https:\/\/platform.twitter.com\/widgets.js\" charset=\"utf-8\"><\/script><\/p>\n<p><strong><em>Antonin Gizolme<br \/>\n<a href=\"https:\/\/twitter.com\/AntoninGizolme\" target=\"_blank\" rel=\"noopener noreferrer\"><img loading=\"lazy\" decoding=\"async\" class=\"jetpack-lazy-image jetpack-lazy-image--handled alignnone wp-image-2908\" src=\"https:\/\/i1.wp.com\/dicodusport.fr\/blog\/wp-content\/uploads\/2017\/07\/logo-twitter-150x150.png?resize=39%2C39\" alt=\"\" width=\"39\" height=\"39\" data-lazy-loaded=\"1\" \/><\/a><\/em><\/strong><\/p>\n<p>&nbsp;<\/p>\n","protected":false},"excerpt":{"rendered":"<p>La F\u00e9d\u00e9ration Fran\u00e7aise de Ski a d\u00e9voil\u00e9 la liste des skieurs juniors et s\u00e9niors, retenus pour les Championnats du Monde de T\u00e9l\u00e9mark \u00e0 Melchsee Frutt (Suisse), du 17 au 21 mars prochain.<\/p>\n","protected":false},"author":51,"featured_media":100987,"comment_status":"open","ping_status":"closed","sticky":false,"template":"","format":"standard","meta":{"_acf_changed":false,"_daextam_enable_autolinks":"","footnotes":""},"categories":[45756],"tags":[675],"class_list":["post-112051","post","type-post","status-publish","format-standard","has-post-thumbnail","hentry","category-telemark","tag-telemark"],"acf":[],"yoast_head":"<!-- This site is optimized with the Yoast SEO Premium plugin v26.7 (Yoast SEO v26.7) - https:\/\/yoast.com\/wordpress\/plugins\/seo\/ -->\n<title>La s\u00e9lection fran\u00e7aise pour les Mondiaux de T\u00e9l\u00e9mark d\u00e9voil\u00e9e<\/title>\n<meta name=\"description\" content=\"La F\u00e9d\u00e9ration Fran\u00e7aise de Ski a d\u00e9voil\u00e9 la liste des skieurs juniors et s\u00e9niors, retenus pour les Championnats du Monde de T\u00e9l\u00e9mark \u00e0 Melchsee Frutt (Suisse), du 17 au 21 mars prochain.\" \/>\n<meta name=\"robots\" content=\"index, follow, max-snippet:-1, max-image-preview:large, max-video-preview:-1\" \/>\n<link rel=\"canonical\" href=\"https:\/\/dicodusport.fr\/blog\/la-selection-francaise-pour-les-mondiaux-de-telemark-devoilee\/\" \/>\n<meta property=\"og:locale\" content=\"fr_FR\" \/>\n<meta property=\"og:type\" content=\"article\" \/>\n<meta property=\"og:title\" content=\"La s\u00e9lection fran\u00e7aise pour les Mondiaux de T\u00e9l\u00e9mark d\u00e9voil\u00e9e\" \/>\n<meta property=\"og:description\" content=\"La F\u00e9d\u00e9ration Fran\u00e7aise de Ski a d\u00e9voil\u00e9 la liste des skieurs juniors et s\u00e9niors, retenus pour les Championnats du Monde de T\u00e9l\u00e9mark \u00e0 Melchsee Frutt (Suisse), du 17 au 21 mars prochain.\" \/>\n<meta property=\"og:url\" content=\"https:\/\/dicodusport.fr\/blog\/la-selection-francaise-pour-les-mondiaux-de-telemark-devoilee\/\" \/>\n<meta property=\"og:site_name\" content=\"Dicodusport\" \/>\n<meta property=\"article:publisher\" content=\"https:\/\/www.facebook.com\/dicodusport\" \/>\n<meta property=\"article:published_time\" content=\"2021-03-08T14:43:39+00:00\" \/>\n<meta property=\"article:modified_time\" content=\"2025-04-03T12:46:51+00:00\" \/>\n<meta property=\"og:image\" content=\"https:\/\/dicodusport.fr\/blog\/wp-content\/uploads\/2021\/01\/Coupe-du-monde-de-telemark-Noe-Claye-sur-le-podium-du-sprint-dOberjoch.png\" \/>\n\t<meta property=\"og:image:width\" content=\"800\" \/>\n\t<meta property=\"og:image:height\" content=\"445\" \/>\n\t<meta property=\"og:image:type\" content=\"image\/png\" \/>\n<meta name=\"author\" content=\"Antonin Gizolme\" \/>\n<meta name=\"twitter:card\" content=\"summary_large_image\" \/>\n<meta name=\"twitter:title\" content=\"La s\u00e9lection fran\u00e7aise pour les Mondiaux de T\u00e9l\u00e9mark d\u00e9voil\u00e9e\" \/>\n<meta name=\"twitter:creator\" content=\"@https:\/\/twitter.com\/AntoninGizolme\" \/>\n<meta name=\"twitter:site\" content=\"@dicodusport\" \/>\n<script type=\"application\/ld+json\" class=\"yoast-schema-graph\">{\"@context\":\"https:\/\/schema.org\",\"@graph\":[{\"@type\":\"NewsArticle\",\"@id\":\"https:\/\/dicodusport.fr\/blog\/la-selection-francaise-pour-les-mondiaux-de-telemark-devoilee\/#article\",\"isPartOf\":{\"@id\":\"https:\/\/dicodusport.fr\/blog\/la-selection-francaise-pour-les-mondiaux-de-telemark-devoilee\/\"},\"author\":{\"name\":\"Antonin Gizolme\",\"@id\":\"https:\/\/dicodusport.fr\/blog\/#\/schema\/person\/b5f72959ae80a547dcc15f019adf6e0c\"},\"headline\":\"La s\u00e9lection fran\u00e7aise pour les Mondiaux de T\u00e9l\u00e9mark d\u00e9voil\u00e9e\",\"datePublished\":\"2021-03-08T14:43:39+00:00\",\"dateModified\":\"2025-04-03T12:46:51+00:00\",\"mainEntityOfPage\":{\"@id\":\"https:\/\/dicodusport.fr\/blog\/la-selection-francaise-pour-les-mondiaux-de-telemark-devoilee\/\"},\"wordCount\":326,\"commentCount\":0,\"publisher\":{\"@id\":\"https:\/\/dicodusport.fr\/blog\/#organization\"},\"image\":{\"@id\":\"https:\/\/dicodusport.fr\/blog\/la-selection-francaise-pour-les-mondiaux-de-telemark-devoilee\/#primaryimage\"},\"thumbnailUrl\":\"https:\/\/dicodusport.fr\/blog\/wp-content\/uploads\/2021\/01\/Coupe-du-monde-de-telemark-Noe-Claye-sur-le-podium-du-sprint-dOberjoch.png\",\"keywords\":[\"T\u00e9l\u00e9mark\"],\"articleSection\":[\"T\u00e9l\u00e9mark\"],\"inLanguage\":\"fr-FR\",\"potentialAction\":[{\"@type\":\"CommentAction\",\"name\":\"Comment\",\"target\":[\"https:\/\/dicodusport.fr\/blog\/la-selection-francaise-pour-les-mondiaux-de-telemark-devoilee\/#respond\"]}],\"copyrightYear\":\"2021\",\"copyrightHolder\":{\"@id\":\"https:\/\/dicodusport.fr\/blog\/#organization\"}},{\"@type\":\"WebPage\",\"@id\":\"https:\/\/dicodusport.fr\/blog\/la-selection-francaise-pour-les-mondiaux-de-telemark-devoilee\/\",\"url\":\"https:\/\/dicodusport.fr\/blog\/la-selection-francaise-pour-les-mondiaux-de-telemark-devoilee\/\",\"name\":\"La s\u00e9lection fran\u00e7aise pour les Mondiaux de T\u00e9l\u00e9mark d\u00e9voil\u00e9e\",\"isPartOf\":{\"@id\":\"https:\/\/dicodusport.fr\/blog\/#website\"},\"primaryImageOfPage\":{\"@id\":\"https:\/\/dicodusport.fr\/blog\/la-selection-francaise-pour-les-mondiaux-de-telemark-devoilee\/#primaryimage\"},\"image\":{\"@id\":\"https:\/\/dicodusport.fr\/blog\/la-selection-francaise-pour-les-mondiaux-de-telemark-devoilee\/#primaryimage\"},\"thumbnailUrl\":\"https:\/\/dicodusport.fr\/blog\/wp-content\/uploads\/2021\/01\/Coupe-du-monde-de-telemark-Noe-Claye-sur-le-podium-du-sprint-dOberjoch.png\",\"datePublished\":\"2021-03-08T14:43:39+00:00\",\"dateModified\":\"2025-04-03T12:46:51+00:00\",\"description\":\"La F\u00e9d\u00e9ration Fran\u00e7aise de Ski a d\u00e9voil\u00e9 la liste des skieurs juniors et s\u00e9niors, retenus pour les Championnats du Monde de T\u00e9l\u00e9mark \u00e0 Melchsee Frutt (Suisse), du 17 au 21 mars prochain.\",\"breadcrumb\":{\"@id\":\"https:\/\/dicodusport.fr\/blog\/la-selection-francaise-pour-les-mondiaux-de-telemark-devoilee\/#breadcrumb\"},\"inLanguage\":\"fr-FR\",\"potentialAction\":[{\"@type\":\"ReadAction\",\"target\":[\"https:\/\/dicodusport.fr\/blog\/la-selection-francaise-pour-les-mondiaux-de-telemark-devoilee\/\"]}]},{\"@type\":\"ImageObject\",\"inLanguage\":\"fr-FR\",\"@id\":\"https:\/\/dicodusport.fr\/blog\/la-selection-francaise-pour-les-mondiaux-de-telemark-devoilee\/#primaryimage\",\"url\":\"https:\/\/dicodusport.fr\/blog\/wp-content\/uploads\/2021\/01\/Coupe-du-monde-de-telemark-Noe-Claye-sur-le-podium-du-sprint-dOberjoch.png\",\"contentUrl\":\"https:\/\/dicodusport.fr\/blog\/wp-content\/uploads\/2021\/01\/Coupe-du-monde-de-telemark-Noe-Claye-sur-le-podium-du-sprint-dOberjoch.png\",\"width\":800,\"height\":445,\"caption\":\"Coupe du monde de t\u00e9l\u00e9mark - No\u00e9 Claye sur le podium du sprint d'Oberjoch\"},{\"@type\":\"BreadcrumbList\",\"@id\":\"https:\/\/dicodusport.fr\/blog\/la-selection-francaise-pour-les-mondiaux-de-telemark-devoilee\/#breadcrumb\",\"itemListElement\":[{\"@type\":\"ListItem\",\"position\":1,\"name\":\"Accueil\",\"item\":\"https:\/\/dicodusport.fr\/blog\/\"},{\"@type\":\"ListItem\",\"position\":2,\"name\":\"La s\u00e9lection fran\u00e7aise pour les Mondiaux de T\u00e9l\u00e9mark d\u00e9voil\u00e9e\"}]},{\"@type\":\"WebSite\",\"@id\":\"https:\/\/dicodusport.fr\/blog\/#website\",\"url\":\"https:\/\/dicodusport.fr\/blog\/\",\"name\":\"Dicodusport\",\"description\":\"L&#039;encyclop\u00e9die de l&#039;actualit\u00e9 sportive\",\"publisher\":{\"@id\":\"https:\/\/dicodusport.fr\/blog\/#organization\"},\"potentialAction\":[{\"@type\":\"SearchAction\",\"target\":{\"@type\":\"EntryPoint\",\"urlTemplate\":\"https:\/\/dicodusport.fr\/blog\/?s={search_term_string}\"},\"query-input\":{\"@type\":\"PropertyValueSpecification\",\"valueRequired\":true,\"valueName\":\"search_term_string\"}}],\"inLanguage\":\"fr-FR\"},{\"@type\":\"NewsMediaOrganization\",\"@id\":\"https:\/\/dicodusport.fr\/blog\/#organization\",\"name\":\"Dicodusport\",\"url\":\"https:\/\/dicodusport.fr\/blog\/\",\"logo\":{\"@type\":\"ImageObject\",\"inLanguage\":\"fr-FR\",\"@id\":\"https:\/\/dicodusport.fr\/blog\/#\/schema\/logo\/image\/\",\"url\":\"https:\/\/dicodusport.fr\/blog\/wp-content\/uploads\/2020\/06\/cropped-LOGO-DICODUSPORT-2020-SANS-FOND-SANS-TEXTE.png\",\"contentUrl\":\"https:\/\/dicodusport.fr\/blog\/wp-content\/uploads\/2020\/06\/cropped-LOGO-DICODUSPORT-2020-SANS-FOND-SANS-TEXTE.png\",\"width\":512,\"height\":512,\"caption\":\"Dicodusport\"},\"image\":{\"@id\":\"https:\/\/dicodusport.fr\/blog\/#\/schema\/logo\/image\/\"},\"sameAs\":[\"https:\/\/www.facebook.com\/dicodusport\",\"https:\/\/x.com\/dicodusport\",\"https:\/\/www.instagram.com\/dicodusport\/\",\"https:\/\/www.youtube.com\/channel\/UC7V2KZ5sd3htJivAbA4ZG3w\"],\"description\":\"Dicodusport est l'encyclop\u00e9die de l'actualit\u00e9 sportive.\",\"email\":\"bonjour@dicodusport.fr\",\"legalName\":\"DICODUSPORT\",\"foundingDate\":\"2018-01-14\",\"vatID\":\"FR71834470973\",\"taxID\":\"83447097300043\",\"numberOfEmployees\":{\"@type\":\"QuantitativeValue\",\"minValue\":\"1\",\"maxValue\":\"10\"}},{\"@type\":\"Person\",\"@id\":\"https:\/\/dicodusport.fr\/blog\/#\/schema\/person\/b5f72959ae80a547dcc15f019adf6e0c\",\"name\":\"Antonin Gizolme\",\"image\":{\"@type\":\"ImageObject\",\"inLanguage\":\"fr-FR\",\"@id\":\"https:\/\/dicodusport.fr\/blog\/#\/schema\/person\/image\/\",\"url\":\"https:\/\/dicodusport.fr\/blog\/wp-content\/uploads\/2021\/04\/Maillot-Anto-Dicodusport-150x150.png\",\"contentUrl\":\"https:\/\/dicodusport.fr\/blog\/wp-content\/uploads\/2021\/04\/Maillot-Anto-Dicodusport-150x150.png\",\"caption\":\"Antonin Gizolme\"},\"description\":\"Journaliste\/R\u00e9dacteur depuis mars 2021 - N\u00e9 un soir de Ligue des Champions, c\u2019est tout naturellement que je suis un passionn\u00e9 de football depuis ma plus tendre enfance. Durant des ann\u00e9es, j\u2019ai \u00e9t\u00e9 berc\u00e9 par la douce m\u00e9lodie de la Ligue des Champions, subjugu\u00e9 par les coups-francs de Juninho et admiratif devant les coups de reins de Karim Benzema. Malheureusement pour moi, mes genoux en carton m\u2019ont emp\u00each\u00e9 de suivre les traces de mes idoles pour \u00e9crire l\u2019Histoire. Alors, c\u2019est ici que je vais me charger de vous la raconter.\",\"sameAs\":[\"https:\/\/x.com\/https:\/\/twitter.com\/AntoninGizolme\"],\"url\":\"https:\/\/dicodusport.fr\/blog\/author\/antoning\/\"}]}<\/script>\n<!-- \/ Yoast SEO Premium plugin. -->","yoast_head_json":{"title":"La s\u00e9lection fran\u00e7aise pour les Mondiaux de T\u00e9l\u00e9mark d\u00e9voil\u00e9e","description":"La F\u00e9d\u00e9ration Fran\u00e7aise de Ski a d\u00e9voil\u00e9 la liste des skieurs juniors et s\u00e9niors, retenus pour les Championnats du Monde de T\u00e9l\u00e9mark \u00e0 Melchsee Frutt (Suisse), du 17 au 21 mars prochain.","robots":{"index":"index","follow":"follow","max-snippet":"max-snippet:-1","max-image-preview":"max-image-preview:large","max-video-preview":"max-video-preview:-1"},"canonical":"https:\/\/dicodusport.fr\/blog\/la-selection-francaise-pour-les-mondiaux-de-telemark-devoilee\/","og_locale":"fr_FR","og_type":"article","og_title":"La s\u00e9lection fran\u00e7aise pour les Mondiaux de T\u00e9l\u00e9mark d\u00e9voil\u00e9e","og_description":"La F\u00e9d\u00e9ration Fran\u00e7aise de Ski a d\u00e9voil\u00e9 la liste des skieurs juniors et s\u00e9niors, retenus pour les Championnats du Monde de T\u00e9l\u00e9mark \u00e0 Melchsee Frutt (Suisse), du 17 au 21 mars prochain.","og_url":"https:\/\/dicodusport.fr\/blog\/la-selection-francaise-pour-les-mondiaux-de-telemark-devoilee\/","og_site_name":"Dicodusport","article_publisher":"https:\/\/www.facebook.com\/dicodusport","article_published_time":"2021-03-08T14:43:39+00:00","article_modified_time":"2025-04-03T12:46:51+00:00","og_image":[{"width":800,"height":445,"url":"https:\/\/dicodusport.fr\/blog\/wp-content\/uploads\/2021\/01\/Coupe-du-monde-de-telemark-Noe-Claye-sur-le-podium-du-sprint-dOberjoch.png","type":"image\/png"}],"author":"Antonin Gizolme","twitter_card":"summary_large_image","twitter_title":"La s\u00e9lection fran\u00e7aise pour les Mondiaux de T\u00e9l\u00e9mark d\u00e9voil\u00e9e","twitter_creator":"@https:\/\/twitter.com\/AntoninGizolme","twitter_site":"@dicodusport","schema":{"@context":"https:\/\/schema.org","@graph":[{"@type":"NewsArticle","@id":"https:\/\/dicodusport.fr\/blog\/la-selection-francaise-pour-les-mondiaux-de-telemark-devoilee\/#article","isPartOf":{"@id":"https:\/\/dicodusport.fr\/blog\/la-selection-francaise-pour-les-mondiaux-de-telemark-devoilee\/"},"author":{"name":"Antonin Gizolme","@id":"https:\/\/dicodusport.fr\/blog\/#\/schema\/person\/b5f72959ae80a547dcc15f019adf6e0c"},"headline":"La s\u00e9lection fran\u00e7aise pour les Mondiaux de T\u00e9l\u00e9mark d\u00e9voil\u00e9e","datePublished":"2021-03-08T14:43:39+00:00","dateModified":"2025-04-03T12:46:51+00:00","mainEntityOfPage":{"@id":"https:\/\/dicodusport.fr\/blog\/la-selection-francaise-pour-les-mondiaux-de-telemark-devoilee\/"},"wordCount":326,"commentCount":0,"publisher":{"@id":"https:\/\/dicodusport.fr\/blog\/#organization"},"image":{"@id":"https:\/\/dicodusport.fr\/blog\/la-selection-francaise-pour-les-mondiaux-de-telemark-devoilee\/#primaryimage"},"thumbnailUrl":"https:\/\/dicodusport.fr\/blog\/wp-content\/uploads\/2021\/01\/Coupe-du-monde-de-telemark-Noe-Claye-sur-le-podium-du-sprint-dOberjoch.png","keywords":["T\u00e9l\u00e9mark"],"articleSection":["T\u00e9l\u00e9mark"],"inLanguage":"fr-FR","potentialAction":[{"@type":"CommentAction","name":"Comment","target":["https:\/\/dicodusport.fr\/blog\/la-selection-francaise-pour-les-mondiaux-de-telemark-devoilee\/#respond"]}],"copyrightYear":"2021","copyrightHolder":{"@id":"https:\/\/dicodusport.fr\/blog\/#organization"}},{"@type":"WebPage","@id":"https:\/\/dicodusport.fr\/blog\/la-selection-francaise-pour-les-mondiaux-de-telemark-devoilee\/","url":"https:\/\/dicodusport.fr\/blog\/la-selection-francaise-pour-les-mondiaux-de-telemark-devoilee\/","name":"La s\u00e9lection fran\u00e7aise pour les Mondiaux de T\u00e9l\u00e9mark d\u00e9voil\u00e9e","isPartOf":{"@id":"https:\/\/dicodusport.fr\/blog\/#website"},"primaryImageOfPage":{"@id":"https:\/\/dicodusport.fr\/blog\/la-selection-francaise-pour-les-mondiaux-de-telemark-devoilee\/#primaryimage"},"image":{"@id":"https:\/\/dicodusport.fr\/blog\/la-selection-francaise-pour-les-mondiaux-de-telemark-devoilee\/#primaryimage"},"thumbnailUrl":"https:\/\/dicodusport.fr\/blog\/wp-content\/uploads\/2021\/01\/Coupe-du-monde-de-telemark-Noe-Claye-sur-le-podium-du-sprint-dOberjoch.png","datePublished":"2021-03-08T14:43:39+00:00","dateModified":"2025-04-03T12:46:51+00:00","description":"La F\u00e9d\u00e9ration Fran\u00e7aise de Ski a d\u00e9voil\u00e9 la liste des skieurs juniors et s\u00e9niors, retenus pour les Championnats du Monde de T\u00e9l\u00e9mark \u00e0 Melchsee Frutt (Suisse), du 17 au 21 mars prochain.","breadcrumb":{"@id":"https:\/\/dicodusport.fr\/blog\/la-selection-francaise-pour-les-mondiaux-de-telemark-devoilee\/#breadcrumb"},"inLanguage":"fr-FR","potentialAction":[{"@type":"ReadAction","target":["https:\/\/dicodusport.fr\/blog\/la-selection-francaise-pour-les-mondiaux-de-telemark-devoilee\/"]}]},{"@type":"ImageObject","inLanguage":"fr-FR","@id":"https:\/\/dicodusport.fr\/blog\/la-selection-francaise-pour-les-mondiaux-de-telemark-devoilee\/#primaryimage","url":"https:\/\/dicodusport.fr\/blog\/wp-content\/uploads\/2021\/01\/Coupe-du-monde-de-telemark-Noe-Claye-sur-le-podium-du-sprint-dOberjoch.png","contentUrl":"https:\/\/dicodusport.fr\/blog\/wp-content\/uploads\/2021\/01\/Coupe-du-monde-de-telemark-Noe-Claye-sur-le-podium-du-sprint-dOberjoch.png","width":800,"height":445,"caption":"Coupe du monde de t\u00e9l\u00e9mark - No\u00e9 Claye sur le podium du sprint d'Oberjoch"},{"@type":"BreadcrumbList","@id":"https:\/\/dicodusport.fr\/blog\/la-selection-francaise-pour-les-mondiaux-de-telemark-devoilee\/#breadcrumb","itemListElement":[{"@type":"ListItem","position":1,"name":"Accueil","item":"https:\/\/dicodusport.fr\/blog\/"},{"@type":"ListItem","position":2,"name":"La s\u00e9lection fran\u00e7aise pour les Mondiaux de T\u00e9l\u00e9mark d\u00e9voil\u00e9e"}]},{"@type":"WebSite","@id":"https:\/\/dicodusport.fr\/blog\/#website","url":"https:\/\/dicodusport.fr\/blog\/","name":"Dicodusport","description":"L&#039;encyclop\u00e9die de l&#039;actualit\u00e9 sportive","publisher":{"@id":"https:\/\/dicodusport.fr\/blog\/#organization"},"potentialAction":[{"@type":"SearchAction","target":{"@type":"EntryPoint","urlTemplate":"https:\/\/dicodusport.fr\/blog\/?s={search_term_string}"},"query-input":{"@type":"PropertyValueSpecification","valueRequired":true,"valueName":"search_term_string"}}],"inLanguage":"fr-FR"},{"@type":"NewsMediaOrganization","@id":"https:\/\/dicodusport.fr\/blog\/#organization","name":"Dicodusport","url":"https:\/\/dicodusport.fr\/blog\/","logo":{"@type":"ImageObject","inLanguage":"fr-FR","@id":"https:\/\/dicodusport.fr\/blog\/#\/schema\/logo\/image\/","url":"https:\/\/dicodusport.fr\/blog\/wp-content\/uploads\/2020\/06\/cropped-LOGO-DICODUSPORT-2020-SANS-FOND-SANS-TEXTE.png","contentUrl":"https:\/\/dicodusport.fr\/blog\/wp-content\/uploads\/2020\/06\/cropped-LOGO-DICODUSPORT-2020-SANS-FOND-SANS-TEXTE.png","width":512,"height":512,"caption":"Dicodusport"},"image":{"@id":"https:\/\/dicodusport.fr\/blog\/#\/schema\/logo\/image\/"},"sameAs":["https:\/\/www.facebook.com\/dicodusport","https:\/\/x.com\/dicodusport","https:\/\/www.instagram.com\/dicodusport\/","https:\/\/www.youtube.com\/channel\/UC7V2KZ5sd3htJivAbA4ZG3w"],"description":"Dicodusport est l'encyclop\u00e9die de l'actualit\u00e9 sportive.","email":"bonjour@dicodusport.fr","legalName":"DICODUSPORT","foundingDate":"2018-01-14","vatID":"FR71834470973","taxID":"83447097300043","numberOfEmployees":{"@type":"QuantitativeValue","minValue":"1","maxValue":"10"}},{"@type":"Person","@id":"https:\/\/dicodusport.fr\/blog\/#\/schema\/person\/b5f72959ae80a547dcc15f019adf6e0c","name":"Antonin Gizolme","image":{"@type":"ImageObject","inLanguage":"fr-FR","@id":"https:\/\/dicodusport.fr\/blog\/#\/schema\/person\/image\/","url":"https:\/\/dicodusport.fr\/blog\/wp-content\/uploads\/2021\/04\/Maillot-Anto-Dicodusport-150x150.png","contentUrl":"https:\/\/dicodusport.fr\/blog\/wp-content\/uploads\/2021\/04\/Maillot-Anto-Dicodusport-150x150.png","caption":"Antonin Gizolme"},"description":"Journaliste\/R\u00e9dacteur depuis mars 2021 - N\u00e9 un soir de Ligue des Champions, c\u2019est tout naturellement que je suis un passionn\u00e9 de football depuis ma plus tendre enfance. Durant des ann\u00e9es, j\u2019ai \u00e9t\u00e9 berc\u00e9 par la douce m\u00e9lodie de la Ligue des Champions, subjugu\u00e9 par les coups-francs de Juninho et admiratif devant les coups de reins de Karim Benzema. Malheureusement pour moi, mes genoux en carton m\u2019ont emp\u00each\u00e9 de suivre les traces de mes idoles pour \u00e9crire l\u2019Histoire. Alors, c\u2019est ici que je vais me charger de vous la raconter.","sameAs":["https:\/\/x.com\/https:\/\/twitter.com\/AntoninGizolme"],"url":"https:\/\/dicodusport.fr\/blog\/author\/antoning\/"}]}},"_links":{"self":[{"href":"https:\/\/dicodusport.fr\/blog\/wp-json\/wp\/v2\/posts\/112051","targetHints":{"allow":["GET"]}}],"collection":[{"href":"https:\/\/dicodusport.fr\/blog\/wp-json\/wp\/v2\/posts"}],"about":[{"href":"https:\/\/dicodusport.fr\/blog\/wp-json\/wp\/v2\/types\/post"}],"author":[{"embeddable":true,"href":"https:\/\/dicodusport.fr\/blog\/wp-json\/wp\/v2\/users\/51"}],"replies":[{"embeddable":true,"href":"https:\/\/dicodusport.fr\/blog\/wp-json\/wp\/v2\/comments?post=112051"}],"version-history":[{"count":1,"href":"https:\/\/dicodusport.fr\/blog\/wp-json\/wp\/v2\/posts\/112051\/revisions"}],"predecessor-version":[{"id":569494,"href":"https:\/\/dicodusport.fr\/blog\/wp-json\/wp\/v2\/posts\/112051\/revisions\/569494"}],"wp:featuredmedia":[{"embeddable":true,"href":"https:\/\/dicodusport.fr\/blog\/wp-json\/wp\/v2\/media\/100987"}],"wp:attachment":[{"href":"https:\/\/dicodusport.fr\/blog\/wp-json\/wp\/v2\/media?parent=112051"}],"wp:term":[{"taxonomy":"category","embeddable":true,"href":"https:\/\/dicodusport.fr\/blog\/wp-json\/wp\/v2\/categories?post=112051"},{"taxonomy":"post_tag","embeddable":true,"href":"https:\/\/dicodusport.fr\/blog\/wp-json\/wp\/v2\/tags?post=112051"}],"curies":[{"name":"wp","href":"https:\/\/api.w.org\/{rel}","templated":true}]}}