{"id":112195,"date":"2021-03-09T13:23:55","date_gmt":"2021-03-09T12:23:55","guid":{"rendered":"https:\/\/dicodusport.fr\/blog\/?p=112195"},"modified":"2025-09-16T09:03:44","modified_gmt":"2025-09-16T07:03:44","slug":"ligue-des-champions-la-juve-peut-tout-perdre","status":"publish","type":"post","link":"https:\/\/dicodusport.fr\/blog\/ligue-des-champions-la-juve-peut-tout-perdre\/","title":{"rendered":"Ligue des Champions : la Juve peut tout perdre"},"content":{"rendered":"<p style=\"text-align: justify;\"><em><strong>La r\u00e9ception de Porto ce soir (21h, match retour 1\/8\u00e8me de finale de Ligue des Champions), au Juventus Stadium s\u2019annonce comme un tournant important dans la saison de la Juventus. Battus \u00e0 l\u2019aller au Portugal (2-1), les Turinois sont en mauvaise posture, comme en championnat.<\/strong><\/em><\/p>\n<h2 style=\"text-align: justify;\">Montrer la voie vers la suite de la saison<\/h2>\n<p style=\"text-align: justify;\">La premi\u00e8re saison de Pirlo sur le banc de la <b>Juventus<\/b> ne se passe pas comme attendue. A 10 points de l\u2019<b>Inter<\/b> avec un match en moins en championnat, les Turinois voient leur 10<sup>\u00e8me<\/sup> titre cons\u00e9cutif en <b>Serie A <\/b>leur \u00e9chapper au profit de l\u2019ennemi milanais. Si les adversaires de la Juve en championnat sont plus coriaces que les derni\u00e8res saisons, les Bianconeri sont sur courant alternatif derri\u00e8re un <b>Cristiano Ronaldo<\/b> tr\u00e8s (trop\u00a0?) souvent salvateur (meilleur buteur de Serie A avec 20 buts en 22 matchs). Alors ce soir face \u00e0 <b>Porto<\/b> pour le match retour des 1\/8<sup>\u00e8mes<\/sup> de finale de la <b>Ligue des Champions<\/b>, la <b>Juventus<\/b> joue certainement un grand tournant de sa saison.<\/p>\n<blockquote class=\"twitter-tweet\">\n<p dir=\"ltr\" lang=\"it\">! &#xfe0f; <a href=\"https:\/\/twitter.com\/hashtag\/forzajuve?src=hash&amp;ref_src=twsrc%5Etfw\">#forzajuve<\/a> <a href=\"https:\/\/twitter.com\/hashtag\/championsleague?src=hash&amp;ref_src=twsrc%5Etfw\">#championsleague<\/a> <a href=\"https:\/\/t.co\/By50J1GG28\">pic.twitter.com\/By50J1GG28<\/a><\/p>\n<p>\u2014 Cristiano Ronaldo (@Cristiano) <a href=\"https:\/\/twitter.com\/Cristiano\/status\/1368915262209220609?ref_src=twsrc%5Etfw\">March 8, 2021<\/a><\/p><\/blockquote>\n<p><script async src=\"https:\/\/platform.twitter.com\/widgets.js\" charset=\"utf-8\"><\/script><\/p>\n<p style=\"text-align: justify;\">Le nonuple champion en titre de <b>Serie A<\/b> est dos au mur ce soir face \u00e0 <b>Porto<\/b>. La d\u00e9faite inqui\u00e9tante du match aller est rest\u00e9e dans les t\u00eates et les Portugais savent certainement comment contenir la Juve. Pour cela, <b>Pirlo<\/b> a d\u00e9cid\u00e9 de m\u00e9nager <b>Cristiano Ronaldo <\/b>le week-end dernier face \u00e0 la Lazio (victoire 3-1), un combo gagnant qui devrait permettre \u00e0 l\u2019attaquant portugais d\u2019arriver frais dans une comp\u00e9tition qu\u2019il ma\u00eetrise sur le bout des doigts\u00a0: <em>\u00ab Cristiano Ronaldo est motiv\u00e9, ce sont des matches pour lui, il l&rsquo;a toujours d\u00e9montr\u00e9 ces derni\u00e8res ann\u00e9es.\u00a0\u00bb <\/em><\/p>\n<p style=\"text-align: justify;\">Le message lanc\u00e9 par <strong>Andrea Pirlo<\/strong> est clair et il s\u2019attend \u00e0 une vraie bataille ce soir face \u00e0 <strong>Porto<\/strong>, un habitu\u00e9 des joutes europ\u00e9ennes. Le but de <strong>Chiesa<\/strong> dans les derniers instants de la rencontre \u00e0 <strong>Porto<\/strong> donne de l\u2019espoir \u00e0 la Juve, tout en sachant que <strong>Porto<\/strong> reste sur 5 d\u00e9faites sur ses 5 derniers d\u00e9placements en Italie.<\/p>\n<ul>\n<li style=\"text-align: justify;\"><strong>\u00c0 lire aussi &#8211; <a href=\"https:\/\/dicodusport.fr\/blog\/football-ligue-des-champions-notre-pronostic-pour-juventus-turin-fc-porto\/\" target=\"_blank\" rel=\"noopener\">Ligue des Champions : notre pronostic pour Juventus Turin \u2013 FC Porto<\/a><\/strong><\/li>\n<\/ul>\n<p style=\"text-align: justify;\"><em><strong>Romain Delanis<br \/>\n<\/strong><\/em><em><strong><a href=\"https:\/\/twitter.com\/RDelanis\" target=\"_blank\" rel=\"noopener noreferrer\"><img loading=\"lazy\" decoding=\"async\" class=\"alignnone wp-image-2908\" src=\"https:\/\/i1.wp.com\/dicodusport.fr\/blog\/wp-content\/uploads\/2017\/07\/logo-twitter-150x150.png?resize=39%2C39\" alt=\"\" width=\"39\" height=\"39\" \/><\/a><\/strong><\/em><\/p>\n","protected":false},"excerpt":{"rendered":"<p>La r\u00e9ception de Porto ce soir (21h, match retour 1\/8\u00e8me de finale de Ligue des Champions), au Juventus Stadium s\u2019annonce comme un tournant important dans la saison de la Juventus. Battus \u00e0 l\u2019aller au Portugal (2-1), les Turinois sont en mauvaise posture, comme en championnat.<\/p>\n","protected":false},"author":14,"featured_media":112213,"comment_status":"open","ping_status":"closed","sticky":false,"template":"","format":"standard","meta":{"_acf_changed":false,"_daextam_enable_autolinks":"","footnotes":""},"categories":[47250],"tags":[386,7054,75,4614,419],"class_list":["post-112195","post","type-post","status-publish","format-standard","has-post-thumbnail","hentry","category-ligue-des-champions-de-football","tag-cristiano-ronaldo","tag-fc-porto","tag-football","tag-juventus-turin","tag-ligue-des-champions"],"acf":[],"yoast_head":"<!-- This site is optimized with the Yoast SEO Premium plugin v26.7 (Yoast SEO v26.7) - https:\/\/yoast.com\/wordpress\/plugins\/seo\/ -->\n<title>Ligue des Champions : la Juve peut tout perdre<\/title>\n<meta name=\"description\" content=\"La r\u00e9ception de Porto ce soir au Juventus Stadium s\u2019annonce comme un tournant important dans la saison de la Juventus.\" \/>\n<meta name=\"robots\" content=\"index, follow, max-snippet:-1, max-image-preview:large, max-video-preview:-1\" \/>\n<link rel=\"canonical\" href=\"https:\/\/dicodusport.fr\/blog\/ligue-des-champions-la-juve-peut-tout-perdre\/\" \/>\n<meta property=\"og:locale\" content=\"fr_FR\" \/>\n<meta property=\"og:type\" content=\"article\" \/>\n<meta property=\"og:title\" content=\"Ligue des Champions : la Juve peut tout perdre\" \/>\n<meta property=\"og:description\" content=\"La r\u00e9ception de Porto ce soir au Juventus Stadium s\u2019annonce comme un tournant important dans la saison de la Juventus.\" \/>\n<meta property=\"og:url\" content=\"https:\/\/dicodusport.fr\/blog\/ligue-des-champions-la-juve-peut-tout-perdre\/\" \/>\n<meta property=\"og:site_name\" content=\"Dicodusport\" \/>\n<meta property=\"article:publisher\" content=\"https:\/\/www.facebook.com\/dicodusport\" \/>\n<meta property=\"article:published_time\" content=\"2021-03-09T12:23:55+00:00\" \/>\n<meta property=\"article:modified_time\" content=\"2025-09-16T07:03:44+00:00\" \/>\n<meta property=\"og:image\" content=\"https:\/\/dicodusport.fr\/blog\/wp-content\/uploads\/2021\/03\/Ligue-des-Champions-La-Juve-peut-tout-perdre.png\" \/>\n\t<meta property=\"og:image:width\" content=\"800\" \/>\n\t<meta property=\"og:image:height\" content=\"445\" \/>\n\t<meta property=\"og:image:type\" content=\"image\/png\" \/>\n<meta name=\"author\" content=\"Romain Delanis\" \/>\n<meta name=\"twitter:card\" content=\"summary_large_image\" \/>\n<meta name=\"twitter:title\" content=\"Ligue des Champions : la Juve peut tout perdre\" \/>\n<meta name=\"twitter:creator\" content=\"@https:\/\/twitter.com\/RDelanis\" \/>\n<meta name=\"twitter:site\" content=\"@dicodusport\" \/>\n<script type=\"application\/ld+json\" class=\"yoast-schema-graph\">{\"@context\":\"https:\/\/schema.org\",\"@graph\":[{\"@type\":\"NewsArticle\",\"@id\":\"https:\/\/dicodusport.fr\/blog\/ligue-des-champions-la-juve-peut-tout-perdre\/#article\",\"isPartOf\":{\"@id\":\"https:\/\/dicodusport.fr\/blog\/ligue-des-champions-la-juve-peut-tout-perdre\/\"},\"author\":{\"name\":\"Romain Delanis\",\"@id\":\"https:\/\/dicodusport.fr\/blog\/#\/schema\/person\/8c78730a59f8a1e617f7a19026ebc14a\"},\"headline\":\"Ligue des Champions : la Juve peut tout perdre\",\"datePublished\":\"2021-03-09T12:23:55+00:00\",\"dateModified\":\"2025-09-16T07:03:44+00:00\",\"mainEntityOfPage\":{\"@id\":\"https:\/\/dicodusport.fr\/blog\/ligue-des-champions-la-juve-peut-tout-perdre\/\"},\"wordCount\":375,\"commentCount\":0,\"publisher\":{\"@id\":\"https:\/\/dicodusport.fr\/blog\/#organization\"},\"image\":{\"@id\":\"https:\/\/dicodusport.fr\/blog\/ligue-des-champions-la-juve-peut-tout-perdre\/#primaryimage\"},\"thumbnailUrl\":\"https:\/\/dicodusport.fr\/blog\/wp-content\/uploads\/2021\/03\/Ligue-des-Champions-La-Juve-peut-tout-perdre.png\",\"keywords\":[\"Cristiano Ronaldo\",\"FC Porto\",\"Football\",\"Juventus Turin\",\"Ligue des champions\"],\"articleSection\":[\"Ligue des Champions de football\"],\"inLanguage\":\"fr-FR\",\"potentialAction\":[{\"@type\":\"CommentAction\",\"name\":\"Comment\",\"target\":[\"https:\/\/dicodusport.fr\/blog\/ligue-des-champions-la-juve-peut-tout-perdre\/#respond\"]}],\"copyrightYear\":\"2021\",\"copyrightHolder\":{\"@id\":\"https:\/\/dicodusport.fr\/blog\/#organization\"}},{\"@type\":\"WebPage\",\"@id\":\"https:\/\/dicodusport.fr\/blog\/ligue-des-champions-la-juve-peut-tout-perdre\/\",\"url\":\"https:\/\/dicodusport.fr\/blog\/ligue-des-champions-la-juve-peut-tout-perdre\/\",\"name\":\"Ligue des Champions : la Juve peut tout perdre\",\"isPartOf\":{\"@id\":\"https:\/\/dicodusport.fr\/blog\/#website\"},\"primaryImageOfPage\":{\"@id\":\"https:\/\/dicodusport.fr\/blog\/ligue-des-champions-la-juve-peut-tout-perdre\/#primaryimage\"},\"image\":{\"@id\":\"https:\/\/dicodusport.fr\/blog\/ligue-des-champions-la-juve-peut-tout-perdre\/#primaryimage\"},\"thumbnailUrl\":\"https:\/\/dicodusport.fr\/blog\/wp-content\/uploads\/2021\/03\/Ligue-des-Champions-La-Juve-peut-tout-perdre.png\",\"datePublished\":\"2021-03-09T12:23:55+00:00\",\"dateModified\":\"2025-09-16T07:03:44+00:00\",\"description\":\"La r\u00e9ception de Porto ce soir au Juventus Stadium s\u2019annonce comme un tournant important dans la saison de la Juventus.\",\"breadcrumb\":{\"@id\":\"https:\/\/dicodusport.fr\/blog\/ligue-des-champions-la-juve-peut-tout-perdre\/#breadcrumb\"},\"inLanguage\":\"fr-FR\",\"potentialAction\":[{\"@type\":\"ReadAction\",\"target\":[\"https:\/\/dicodusport.fr\/blog\/ligue-des-champions-la-juve-peut-tout-perdre\/\"]}]},{\"@type\":\"ImageObject\",\"inLanguage\":\"fr-FR\",\"@id\":\"https:\/\/dicodusport.fr\/blog\/ligue-des-champions-la-juve-peut-tout-perdre\/#primaryimage\",\"url\":\"https:\/\/dicodusport.fr\/blog\/wp-content\/uploads\/2021\/03\/Ligue-des-Champions-La-Juve-peut-tout-perdre.png\",\"contentUrl\":\"https:\/\/dicodusport.fr\/blog\/wp-content\/uploads\/2021\/03\/Ligue-des-Champions-La-Juve-peut-tout-perdre.png\",\"width\":800,\"height\":445,\"caption\":\"Ligue des Champions - La Juve peut tout perdre\"},{\"@type\":\"BreadcrumbList\",\"@id\":\"https:\/\/dicodusport.fr\/blog\/ligue-des-champions-la-juve-peut-tout-perdre\/#breadcrumb\",\"itemListElement\":[{\"@type\":\"ListItem\",\"position\":1,\"name\":\"Accueil\",\"item\":\"https:\/\/dicodusport.fr\/blog\/\"},{\"@type\":\"ListItem\",\"position\":2,\"name\":\"Ligue des Champions : la Juve peut tout perdre\"}]},{\"@type\":\"WebSite\",\"@id\":\"https:\/\/dicodusport.fr\/blog\/#website\",\"url\":\"https:\/\/dicodusport.fr\/blog\/\",\"name\":\"Dicodusport\",\"description\":\"L&#039;encyclop\u00e9die de l&#039;actualit\u00e9 sportive\",\"publisher\":{\"@id\":\"https:\/\/dicodusport.fr\/blog\/#organization\"},\"potentialAction\":[{\"@type\":\"SearchAction\",\"target\":{\"@type\":\"EntryPoint\",\"urlTemplate\":\"https:\/\/dicodusport.fr\/blog\/?s={search_term_string}\"},\"query-input\":{\"@type\":\"PropertyValueSpecification\",\"valueRequired\":true,\"valueName\":\"search_term_string\"}}],\"inLanguage\":\"fr-FR\"},{\"@type\":\"NewsMediaOrganization\",\"@id\":\"https:\/\/dicodusport.fr\/blog\/#organization\",\"name\":\"Dicodusport\",\"url\":\"https:\/\/dicodusport.fr\/blog\/\",\"logo\":{\"@type\":\"ImageObject\",\"inLanguage\":\"fr-FR\",\"@id\":\"https:\/\/dicodusport.fr\/blog\/#\/schema\/logo\/image\/\",\"url\":\"https:\/\/dicodusport.fr\/blog\/wp-content\/uploads\/2020\/06\/cropped-LOGO-DICODUSPORT-2020-SANS-FOND-SANS-TEXTE.png\",\"contentUrl\":\"https:\/\/dicodusport.fr\/blog\/wp-content\/uploads\/2020\/06\/cropped-LOGO-DICODUSPORT-2020-SANS-FOND-SANS-TEXTE.png\",\"width\":512,\"height\":512,\"caption\":\"Dicodusport\"},\"image\":{\"@id\":\"https:\/\/dicodusport.fr\/blog\/#\/schema\/logo\/image\/\"},\"sameAs\":[\"https:\/\/www.facebook.com\/dicodusport\",\"https:\/\/x.com\/dicodusport\",\"https:\/\/www.instagram.com\/dicodusport\/\",\"https:\/\/www.youtube.com\/channel\/UC7V2KZ5sd3htJivAbA4ZG3w\"],\"description\":\"Dicodusport est l'encyclop\u00e9die de l'actualit\u00e9 sportive.\",\"email\":\"bonjour@dicodusport.fr\",\"legalName\":\"DICODUSPORT\",\"foundingDate\":\"2018-01-14\",\"vatID\":\"FR71834470973\",\"taxID\":\"83447097300043\",\"numberOfEmployees\":{\"@type\":\"QuantitativeValue\",\"minValue\":\"1\",\"maxValue\":\"10\"}},{\"@type\":\"Person\",\"@id\":\"https:\/\/dicodusport.fr\/blog\/#\/schema\/person\/8c78730a59f8a1e617f7a19026ebc14a\",\"name\":\"Romain Delanis\",\"image\":{\"@type\":\"ImageObject\",\"inLanguage\":\"fr-FR\",\"@id\":\"https:\/\/dicodusport.fr\/blog\/#\/schema\/person\/image\/\",\"url\":\"https:\/\/dicodusport.fr\/blog\/wp-content\/uploads\/2021\/05\/Romain-Delanis-150x150.jpg\",\"contentUrl\":\"https:\/\/dicodusport.fr\/blog\/wp-content\/uploads\/2021\/05\/Romain-Delanis-150x150.jpg\",\"caption\":\"Romain Delanis\"},\"description\":\"Journaliste\/R\u00e9dacteur depuis novembre 2015 - Capable de passer un samedi apr\u00e8s-midi devant la Ligue 2 puis le biathlon sans oublier la finale de l\u2019ATP Rotterdam, j\u2019aime aussi mettre mon r\u00e9veil pour me faire un Pistons\/Bulls qui rappelle de bons souvenirs. Tout cela, j\u2019ai choisi il y a maintenant quelques temps de vous le raconter avec Dicodusport, pour vous faire vivre ma passion parfois inconsid\u00e9r\u00e9e pour le sport en g\u00e9n\u00e9ral (mais surtout le foot faut se l\u2019avouer).\",\"sameAs\":[\"https:\/\/x.com\/https:\/\/twitter.com\/RDelanis\"],\"url\":\"https:\/\/dicodusport.fr\/blog\/author\/romain\/\"}]}<\/script>\n<!-- \/ Yoast SEO Premium plugin. -->","yoast_head_json":{"title":"Ligue des Champions : la Juve peut tout perdre","description":"La r\u00e9ception de Porto ce soir au Juventus Stadium s\u2019annonce comme un tournant important dans la saison de la Juventus.","robots":{"index":"index","follow":"follow","max-snippet":"max-snippet:-1","max-image-preview":"max-image-preview:large","max-video-preview":"max-video-preview:-1"},"canonical":"https:\/\/dicodusport.fr\/blog\/ligue-des-champions-la-juve-peut-tout-perdre\/","og_locale":"fr_FR","og_type":"article","og_title":"Ligue des Champions : la Juve peut tout perdre","og_description":"La r\u00e9ception de Porto ce soir au Juventus Stadium s\u2019annonce comme un tournant important dans la saison de la Juventus.","og_url":"https:\/\/dicodusport.fr\/blog\/ligue-des-champions-la-juve-peut-tout-perdre\/","og_site_name":"Dicodusport","article_publisher":"https:\/\/www.facebook.com\/dicodusport","article_published_time":"2021-03-09T12:23:55+00:00","article_modified_time":"2025-09-16T07:03:44+00:00","og_image":[{"width":800,"height":445,"url":"https:\/\/dicodusport.fr\/blog\/wp-content\/uploads\/2021\/03\/Ligue-des-Champions-La-Juve-peut-tout-perdre.png","type":"image\/png"}],"author":"Romain Delanis","twitter_card":"summary_large_image","twitter_title":"Ligue des Champions : la Juve peut tout perdre","twitter_creator":"@https:\/\/twitter.com\/RDelanis","twitter_site":"@dicodusport","schema":{"@context":"https:\/\/schema.org","@graph":[{"@type":"NewsArticle","@id":"https:\/\/dicodusport.fr\/blog\/ligue-des-champions-la-juve-peut-tout-perdre\/#article","isPartOf":{"@id":"https:\/\/dicodusport.fr\/blog\/ligue-des-champions-la-juve-peut-tout-perdre\/"},"author":{"name":"Romain Delanis","@id":"https:\/\/dicodusport.fr\/blog\/#\/schema\/person\/8c78730a59f8a1e617f7a19026ebc14a"},"headline":"Ligue des Champions : la Juve peut tout perdre","datePublished":"2021-03-09T12:23:55+00:00","dateModified":"2025-09-16T07:03:44+00:00","mainEntityOfPage":{"@id":"https:\/\/dicodusport.fr\/blog\/ligue-des-champions-la-juve-peut-tout-perdre\/"},"wordCount":375,"commentCount":0,"publisher":{"@id":"https:\/\/dicodusport.fr\/blog\/#organization"},"image":{"@id":"https:\/\/dicodusport.fr\/blog\/ligue-des-champions-la-juve-peut-tout-perdre\/#primaryimage"},"thumbnailUrl":"https:\/\/dicodusport.fr\/blog\/wp-content\/uploads\/2021\/03\/Ligue-des-Champions-La-Juve-peut-tout-perdre.png","keywords":["Cristiano Ronaldo","FC Porto","Football","Juventus Turin","Ligue des champions"],"articleSection":["Ligue des Champions de football"],"inLanguage":"fr-FR","potentialAction":[{"@type":"CommentAction","name":"Comment","target":["https:\/\/dicodusport.fr\/blog\/ligue-des-champions-la-juve-peut-tout-perdre\/#respond"]}],"copyrightYear":"2021","copyrightHolder":{"@id":"https:\/\/dicodusport.fr\/blog\/#organization"}},{"@type":"WebPage","@id":"https:\/\/dicodusport.fr\/blog\/ligue-des-champions-la-juve-peut-tout-perdre\/","url":"https:\/\/dicodusport.fr\/blog\/ligue-des-champions-la-juve-peut-tout-perdre\/","name":"Ligue des Champions : la Juve peut tout perdre","isPartOf":{"@id":"https:\/\/dicodusport.fr\/blog\/#website"},"primaryImageOfPage":{"@id":"https:\/\/dicodusport.fr\/blog\/ligue-des-champions-la-juve-peut-tout-perdre\/#primaryimage"},"image":{"@id":"https:\/\/dicodusport.fr\/blog\/ligue-des-champions-la-juve-peut-tout-perdre\/#primaryimage"},"thumbnailUrl":"https:\/\/dicodusport.fr\/blog\/wp-content\/uploads\/2021\/03\/Ligue-des-Champions-La-Juve-peut-tout-perdre.png","datePublished":"2021-03-09T12:23:55+00:00","dateModified":"2025-09-16T07:03:44+00:00","description":"La r\u00e9ception de Porto ce soir au Juventus Stadium s\u2019annonce comme un tournant important dans la saison de la Juventus.","breadcrumb":{"@id":"https:\/\/dicodusport.fr\/blog\/ligue-des-champions-la-juve-peut-tout-perdre\/#breadcrumb"},"inLanguage":"fr-FR","potentialAction":[{"@type":"ReadAction","target":["https:\/\/dicodusport.fr\/blog\/ligue-des-champions-la-juve-peut-tout-perdre\/"]}]},{"@type":"ImageObject","inLanguage":"fr-FR","@id":"https:\/\/dicodusport.fr\/blog\/ligue-des-champions-la-juve-peut-tout-perdre\/#primaryimage","url":"https:\/\/dicodusport.fr\/blog\/wp-content\/uploads\/2021\/03\/Ligue-des-Champions-La-Juve-peut-tout-perdre.png","contentUrl":"https:\/\/dicodusport.fr\/blog\/wp-content\/uploads\/2021\/03\/Ligue-des-Champions-La-Juve-peut-tout-perdre.png","width":800,"height":445,"caption":"Ligue des Champions - La Juve peut tout perdre"},{"@type":"BreadcrumbList","@id":"https:\/\/dicodusport.fr\/blog\/ligue-des-champions-la-juve-peut-tout-perdre\/#breadcrumb","itemListElement":[{"@type":"ListItem","position":1,"name":"Accueil","item":"https:\/\/dicodusport.fr\/blog\/"},{"@type":"ListItem","position":2,"name":"Ligue des Champions : la Juve peut tout perdre"}]},{"@type":"WebSite","@id":"https:\/\/dicodusport.fr\/blog\/#website","url":"https:\/\/dicodusport.fr\/blog\/","name":"Dicodusport","description":"L&#039;encyclop\u00e9die de l&#039;actualit\u00e9 sportive","publisher":{"@id":"https:\/\/dicodusport.fr\/blog\/#organization"},"potentialAction":[{"@type":"SearchAction","target":{"@type":"EntryPoint","urlTemplate":"https:\/\/dicodusport.fr\/blog\/?s={search_term_string}"},"query-input":{"@type":"PropertyValueSpecification","valueRequired":true,"valueName":"search_term_string"}}],"inLanguage":"fr-FR"},{"@type":"NewsMediaOrganization","@id":"https:\/\/dicodusport.fr\/blog\/#organization","name":"Dicodusport","url":"https:\/\/dicodusport.fr\/blog\/","logo":{"@type":"ImageObject","inLanguage":"fr-FR","@id":"https:\/\/dicodusport.fr\/blog\/#\/schema\/logo\/image\/","url":"https:\/\/dicodusport.fr\/blog\/wp-content\/uploads\/2020\/06\/cropped-LOGO-DICODUSPORT-2020-SANS-FOND-SANS-TEXTE.png","contentUrl":"https:\/\/dicodusport.fr\/blog\/wp-content\/uploads\/2020\/06\/cropped-LOGO-DICODUSPORT-2020-SANS-FOND-SANS-TEXTE.png","width":512,"height":512,"caption":"Dicodusport"},"image":{"@id":"https:\/\/dicodusport.fr\/blog\/#\/schema\/logo\/image\/"},"sameAs":["https:\/\/www.facebook.com\/dicodusport","https:\/\/x.com\/dicodusport","https:\/\/www.instagram.com\/dicodusport\/","https:\/\/www.youtube.com\/channel\/UC7V2KZ5sd3htJivAbA4ZG3w"],"description":"Dicodusport est l'encyclop\u00e9die de l'actualit\u00e9 sportive.","email":"bonjour@dicodusport.fr","legalName":"DICODUSPORT","foundingDate":"2018-01-14","vatID":"FR71834470973","taxID":"83447097300043","numberOfEmployees":{"@type":"QuantitativeValue","minValue":"1","maxValue":"10"}},{"@type":"Person","@id":"https:\/\/dicodusport.fr\/blog\/#\/schema\/person\/8c78730a59f8a1e617f7a19026ebc14a","name":"Romain Delanis","image":{"@type":"ImageObject","inLanguage":"fr-FR","@id":"https:\/\/dicodusport.fr\/blog\/#\/schema\/person\/image\/","url":"https:\/\/dicodusport.fr\/blog\/wp-content\/uploads\/2021\/05\/Romain-Delanis-150x150.jpg","contentUrl":"https:\/\/dicodusport.fr\/blog\/wp-content\/uploads\/2021\/05\/Romain-Delanis-150x150.jpg","caption":"Romain Delanis"},"description":"Journaliste\/R\u00e9dacteur depuis novembre 2015 - Capable de passer un samedi apr\u00e8s-midi devant la Ligue 2 puis le biathlon sans oublier la finale de l\u2019ATP Rotterdam, j\u2019aime aussi mettre mon r\u00e9veil pour me faire un Pistons\/Bulls qui rappelle de bons souvenirs. Tout cela, j\u2019ai choisi il y a maintenant quelques temps de vous le raconter avec Dicodusport, pour vous faire vivre ma passion parfois inconsid\u00e9r\u00e9e pour le sport en g\u00e9n\u00e9ral (mais surtout le foot faut se l\u2019avouer).","sameAs":["https:\/\/x.com\/https:\/\/twitter.com\/RDelanis"],"url":"https:\/\/dicodusport.fr\/blog\/author\/romain\/"}]}},"_links":{"self":[{"href":"https:\/\/dicodusport.fr\/blog\/wp-json\/wp\/v2\/posts\/112195","targetHints":{"allow":["GET"]}}],"collection":[{"href":"https:\/\/dicodusport.fr\/blog\/wp-json\/wp\/v2\/posts"}],"about":[{"href":"https:\/\/dicodusport.fr\/blog\/wp-json\/wp\/v2\/types\/post"}],"author":[{"embeddable":true,"href":"https:\/\/dicodusport.fr\/blog\/wp-json\/wp\/v2\/users\/14"}],"replies":[{"embeddable":true,"href":"https:\/\/dicodusport.fr\/blog\/wp-json\/wp\/v2\/comments?post=112195"}],"version-history":[{"count":1,"href":"https:\/\/dicodusport.fr\/blog\/wp-json\/wp\/v2\/posts\/112195\/revisions"}],"predecessor-version":[{"id":611606,"href":"https:\/\/dicodusport.fr\/blog\/wp-json\/wp\/v2\/posts\/112195\/revisions\/611606"}],"wp:featuredmedia":[{"embeddable":true,"href":"https:\/\/dicodusport.fr\/blog\/wp-json\/wp\/v2\/media\/112213"}],"wp:attachment":[{"href":"https:\/\/dicodusport.fr\/blog\/wp-json\/wp\/v2\/media?parent=112195"}],"wp:term":[{"taxonomy":"category","embeddable":true,"href":"https:\/\/dicodusport.fr\/blog\/wp-json\/wp\/v2\/categories?post=112195"},{"taxonomy":"post_tag","embeddable":true,"href":"https:\/\/dicodusport.fr\/blog\/wp-json\/wp\/v2\/tags?post=112195"}],"curies":[{"name":"wp","href":"https:\/\/api.w.org\/{rel}","templated":true}]}}