{"id":112243,"date":"2021-03-09T16:07:10","date_gmt":"2021-03-09T15:07:10","guid":{"rendered":"https:\/\/dicodusport.fr\/blog\/?p=112243&#038;preview=true&#038;preview_id=112243"},"modified":"2021-03-09T19:50:44","modified_gmt":"2021-03-09T18:50:44","slug":"paris-nice-stefan-bissegger-fait-coup-double-sur-chrono-de-la-3eme-etape","status":"publish","type":"post","link":"https:\/\/dicodusport.fr\/blog\/paris-nice-stefan-bissegger-fait-coup-double-sur-chrono-de-la-3eme-etape\/","title":{"rendered":"Paris-Nice : Stefan Bissegger fait coup double sur le chrono de la 3\u00e8me \u00e9tape"},"content":{"rendered":"<p style=\"text-align: justify;\"><strong><em>CYCLISME &#8211; Le Suisse Stefan Bissegger (22 ans) a remport\u00e9 ce mardi le contre-la-montre de la 3\u00e8me \u00e9tape de Paris-Nice, \u00e0 Gien. Le coureur de la formation EF Education &#8211; Nippo a devanc\u00e9 de huit petits dixi\u00e8mes le champion de France de la sp\u00e9cialit\u00e9, R\u00e9mi Cavagna (Deceuninck &#8211; Quick-Step).<\/em><\/strong><\/p>\n<p style=\"text-align: justify;\">Parmi les outsiders du jour au d\u00e9part du chrono de Gien (14 km), le Suisse <strong>Stefan Bissegger<\/strong>, 22 ans, a remport\u00e9 sa plus belle victoire de sa jeune carri\u00e8re ce mardi. Grand espoir du cyclisme suisse et vice-champion d&rsquo;Europe espoir du chrono en 2020, le coureur de la formation EF Education &#8211; Nippo est venu frustrer <strong>R\u00e9mi Cavagna<\/strong> (Deceuninck &#8211; Quick-Step) sur la ligne d&rsquo;arriv\u00e9e : l&rsquo;Helv\u00e8te devance en effet le France de 8 dixi\u00e8mes de seconde. Une performance qui reste n\u00e9anmoins de haute vol\u00e9e pour l&rsquo;Auvergnat, puisqu&rsquo;il, devance notamment des sp\u00e9cialistes comme <strong>Primoz Roglic<\/strong> (Jumbo-Visma) 3\u00e8me \u00e0 6 secondes, mais aussi <strong>Rohan Dennis<\/strong> (INEOS Grenadiers), 6\u00e8me \u00e0 13 secondes.<\/p>\n<h2 style=\"text-align: justify;\">Bissegger nouveau leader, Roglic prend un option<\/h2>\n<p style=\"text-align: justify;\">Pour sa premi\u00e8re victoire en World Tour, <strong>Stefan Bissegger<\/strong> n&rsquo;a pas fait les choses \u00e0 moiti\u00e9, puisqu&rsquo;il devient le nouveau leader de la Course au Soleil. En jaune au d\u00e9part du chrono, <strong>Michael Matthews<\/strong> (BikeExchange) n&rsquo;a pris que la 17\u00e8me place, \u00e0 23 secondes du Suisse. Mais l&rsquo;autre grand gagnant du jour n&rsquo;est autre que <strong>Primoz Roglic<\/strong>. Troisi\u00e8me, le Slov\u00e8ne a pris une belle option dans le course \u00e0 la victoire finale.<\/p>\n<p style=\"text-align: justify;\">Si <strong>Ion Izagirre<\/strong> (15 secondes perdues sur Roglic) et <strong>Vlasov<\/strong> (16 secondes conc\u00e9d\u00e9es) ont limit\u00e9 la casse, d&rsquo;autre leaders ont perdu beaucoup de temps. Vainqueur du dernier Giro, <strong>Tao Geoghegan Hart<\/strong> (INEOS Grenadiers) conc\u00e8de 38 secondes. <strong>Tiesj Benoot<\/strong> (Team DSM) perd 42 secondes quand <strong>David Gaudu<\/strong> (Groupama-FDJ) en c\u00e8de 46.<\/p>\n<blockquote class=\"twitter-tweet\">\n<p dir=\"ltr\" lang=\"fr\">&#x1f6b4; Dernier \u00e0 passer la ligne d\u2019arriv\u00e9e, le leader du classement g\u00e9n\u00e9ral, Michael Matthews, termine en 17e position et perd son maillot jaune au profit de Stefan Bissegger qui remporte l\u2019\u00e9tape. R\u00e9mi Cavagna termine deuxi\u00e8me devant Primoz Roglic <a href=\"https:\/\/twitter.com\/hashtag\/ParisNice?src=hash&amp;ref_src=twsrc%5Etfw\">#ParisNice<\/a> <a href=\"https:\/\/t.co\/POHnrRi0DW\">pic.twitter.com\/POHnrRi0DW<\/a><\/p>\n<p>\u2014 France tv sport (@francetvsport) <a href=\"https:\/\/twitter.com\/francetvsport\/status\/1369304121090703360?ref_src=twsrc%5Etfw\">March 9, 2021<\/a><\/p><\/blockquote>\n<p><script async src=\"https:\/\/platform.twitter.com\/widgets.js\" charset=\"utf-8\"><\/script><\/p>\n<h2 style=\"text-align: justify;\">\u00c0 lire aussi<\/h2>\n<ul>\n<li style=\"text-align: justify;\"><a href=\"https:\/\/dicodusport.fr\/blog\/paris-nice-2021-classement-contre-la-montre-3eme-etape\/\" target=\"_blank\" rel=\"noopener\"><strong>Le classement du contre-la-montre de la 3\u00e8me \u00e9tape de Paris-Nice 2021<\/strong><\/a><\/li>\n<li style=\"text-align: justify;\"><a href=\"https:\/\/dicodusport.fr\/blog\/paris-nice-2021-classement-general\/\" target=\"_blank\" rel=\"noopener\"><strong>Le classement g\u00e9n\u00e9ral de Paris-Nice 2021<\/strong><\/a><\/li>\n<\/ul>\n<p><strong><em>Dicodusport<br \/>\n<a href=\"https:\/\/www.facebook.com\/dicodusport\/\" target=\"_blank\" rel=\"noopener noreferrer\"><img loading=\"lazy\" decoding=\"async\" class=\"alignnone wp-image-2909\" src=\"http:\/\/dicodusport.fr\/blog\/wp-content\/uploads\/2017\/07\/logo-facebook-150x150.png\" alt=\"\" width=\"40\" height=\"40\" \/><\/a><a href=\"https:\/\/twitter.com\/dicodusport\" target=\"_blank\" rel=\"noopener noreferrer\"><img loading=\"lazy\" decoding=\"async\" class=\"alignnone wp-image-2908\" src=\"http:\/\/dicodusport.fr\/blog\/wp-content\/uploads\/2017\/07\/logo-twitter-150x150.png\" alt=\"\" width=\"39\" height=\"39\" \/><\/a><\/em><\/strong><\/p>\n","protected":false},"excerpt":{"rendered":"<p>CYCLISME &#8211; Le Suisse Stefan Bissegger (22 ans) a remport\u00e9 ce mardi le contre-la-montre de la 3\u00e8me \u00e9tape de Paris-Nice, \u00e0 Gien. Le coureur de la formation EF Education &#8211; Nippo a devanc\u00e9 de huit petits dixi\u00e8mes le champion de France de la sp\u00e9cialit\u00e9, R\u00e9mi Cavagna (Deceuninck &#8211; Quick-Step).<\/p>\n","protected":false},"author":4,"featured_media":112278,"comment_status":"open","ping_status":"closed","sticky":false,"template":"","format":"standard","meta":{"_acf_changed":false,"_daextam_enable_autolinks":"","footnotes":""},"categories":[2307],"tags":[4045],"class_list":["post-112243","post","type-post","status-publish","format-standard","has-post-thumbnail","hentry","category-cyclisme","tag-paris-nice"],"acf":[],"yoast_head":"<!-- This site is optimized with the Yoast SEO Premium plugin v26.7 (Yoast SEO v26.7) - https:\/\/yoast.com\/wordpress\/plugins\/seo\/ -->\n<title>Paris-Nice : Stefan Bissegger fait coup double sur le chrono de la 3\u00e8me \u00e9tape<\/title>\n<meta name=\"description\" content=\"CYCLISME - Le Suisse Stefan Bissegger (22 ans) a remport\u00e9 ce mardi le contre-la-montre de la 3\u00e8me \u00e9tape de Paris-Nice, \u00e0 Gien.\" \/>\n<meta name=\"robots\" content=\"index, follow, max-snippet:-1, max-image-preview:large, max-video-preview:-1\" \/>\n<link rel=\"canonical\" href=\"https:\/\/dicodusport.fr\/blog\/paris-nice-stefan-bissegger-fait-coup-double-sur-chrono-de-la-3eme-etape\/\" \/>\n<meta property=\"og:locale\" content=\"fr_FR\" \/>\n<meta property=\"og:type\" content=\"article\" \/>\n<meta property=\"og:title\" content=\"Paris-Nice : Stefan Bissegger fait coup double sur le chrono de la 3\u00e8me \u00e9tape\" \/>\n<meta property=\"og:description\" content=\"CYCLISME - Le Suisse Stefan Bissegger (22 ans) a remport\u00e9 ce mardi le contre-la-montre de la 3\u00e8me \u00e9tape de Paris-Nice, \u00e0 Gien.\" \/>\n<meta property=\"og:url\" content=\"https:\/\/dicodusport.fr\/blog\/paris-nice-stefan-bissegger-fait-coup-double-sur-chrono-de-la-3eme-etape\/\" \/>\n<meta property=\"og:site_name\" content=\"Dicodusport\" \/>\n<meta property=\"article:publisher\" content=\"https:\/\/www.facebook.com\/dicodusport\" \/>\n<meta property=\"article:author\" content=\"https:\/\/www.facebook.com\/florent.ostermann\" \/>\n<meta property=\"article:published_time\" content=\"2021-03-09T15:07:10+00:00\" \/>\n<meta property=\"article:modified_time\" content=\"2021-03-09T18:50:44+00:00\" \/>\n<meta property=\"og:image\" content=\"https:\/\/dicodusport.fr\/blog\/wp-content\/uploads\/2021\/03\/Cyclisme-Paris-Nice-Stefan-Bissegger-fait-coup-double-sur-le-chrono-de-la-3eme-etape.png\" \/>\n\t<meta property=\"og:image:width\" content=\"800\" \/>\n\t<meta property=\"og:image:height\" content=\"445\" \/>\n\t<meta property=\"og:image:type\" content=\"image\/png\" \/>\n<meta name=\"author\" content=\"Flo Ostermann\" \/>\n<meta name=\"twitter:card\" content=\"summary_large_image\" \/>\n<meta name=\"twitter:title\" content=\"Paris-Nice : Stefan Bissegger fait coup double sur le chrono de la 3\u00e8me \u00e9tape\" \/>\n<meta name=\"twitter:creator\" content=\"@https:\/\/twitter.com\/FlOstermann\" \/>\n<meta name=\"twitter:site\" content=\"@dicodusport\" \/>\n<script type=\"application\/ld+json\" class=\"yoast-schema-graph\">{\"@context\":\"https:\/\/schema.org\",\"@graph\":[{\"@type\":\"NewsArticle\",\"@id\":\"https:\/\/dicodusport.fr\/blog\/paris-nice-stefan-bissegger-fait-coup-double-sur-chrono-de-la-3eme-etape\/#article\",\"isPartOf\":{\"@id\":\"https:\/\/dicodusport.fr\/blog\/paris-nice-stefan-bissegger-fait-coup-double-sur-chrono-de-la-3eme-etape\/\"},\"author\":{\"name\":\"Flo Ostermann\",\"@id\":\"https:\/\/dicodusport.fr\/blog\/#\/schema\/person\/cb02af4c173ce4a653b55e9baf388d4a\"},\"headline\":\"Paris-Nice : Stefan Bissegger fait coup double sur le chrono de la 3\u00e8me \u00e9tape\",\"datePublished\":\"2021-03-09T15:07:10+00:00\",\"dateModified\":\"2021-03-09T18:50:44+00:00\",\"mainEntityOfPage\":{\"@id\":\"https:\/\/dicodusport.fr\/blog\/paris-nice-stefan-bissegger-fait-coup-double-sur-chrono-de-la-3eme-etape\/\"},\"wordCount\":389,\"commentCount\":0,\"publisher\":{\"@id\":\"https:\/\/dicodusport.fr\/blog\/#organization\"},\"image\":{\"@id\":\"https:\/\/dicodusport.fr\/blog\/paris-nice-stefan-bissegger-fait-coup-double-sur-chrono-de-la-3eme-etape\/#primaryimage\"},\"thumbnailUrl\":\"https:\/\/dicodusport.fr\/blog\/wp-content\/uploads\/2021\/03\/Cyclisme-Paris-Nice-Stefan-Bissegger-fait-coup-double-sur-le-chrono-de-la-3eme-etape.png\",\"keywords\":[\"Paris-Nice\"],\"articleSection\":[\"Cyclisme\"],\"inLanguage\":\"fr-FR\",\"potentialAction\":[{\"@type\":\"CommentAction\",\"name\":\"Comment\",\"target\":[\"https:\/\/dicodusport.fr\/blog\/paris-nice-stefan-bissegger-fait-coup-double-sur-chrono-de-la-3eme-etape\/#respond\"]}],\"copyrightYear\":\"2021\",\"copyrightHolder\":{\"@id\":\"https:\/\/dicodusport.fr\/blog\/#organization\"}},{\"@type\":\"WebPage\",\"@id\":\"https:\/\/dicodusport.fr\/blog\/paris-nice-stefan-bissegger-fait-coup-double-sur-chrono-de-la-3eme-etape\/\",\"url\":\"https:\/\/dicodusport.fr\/blog\/paris-nice-stefan-bissegger-fait-coup-double-sur-chrono-de-la-3eme-etape\/\",\"name\":\"Paris-Nice : Stefan Bissegger fait coup double sur le chrono de la 3\u00e8me \u00e9tape\",\"isPartOf\":{\"@id\":\"https:\/\/dicodusport.fr\/blog\/#website\"},\"primaryImageOfPage\":{\"@id\":\"https:\/\/dicodusport.fr\/blog\/paris-nice-stefan-bissegger-fait-coup-double-sur-chrono-de-la-3eme-etape\/#primaryimage\"},\"image\":{\"@id\":\"https:\/\/dicodusport.fr\/blog\/paris-nice-stefan-bissegger-fait-coup-double-sur-chrono-de-la-3eme-etape\/#primaryimage\"},\"thumbnailUrl\":\"https:\/\/dicodusport.fr\/blog\/wp-content\/uploads\/2021\/03\/Cyclisme-Paris-Nice-Stefan-Bissegger-fait-coup-double-sur-le-chrono-de-la-3eme-etape.png\",\"datePublished\":\"2021-03-09T15:07:10+00:00\",\"dateModified\":\"2021-03-09T18:50:44+00:00\",\"description\":\"CYCLISME - Le Suisse Stefan Bissegger (22 ans) a remport\u00e9 ce mardi le contre-la-montre de la 3\u00e8me \u00e9tape de Paris-Nice, \u00e0 Gien.\",\"breadcrumb\":{\"@id\":\"https:\/\/dicodusport.fr\/blog\/paris-nice-stefan-bissegger-fait-coup-double-sur-chrono-de-la-3eme-etape\/#breadcrumb\"},\"inLanguage\":\"fr-FR\",\"potentialAction\":[{\"@type\":\"ReadAction\",\"target\":[\"https:\/\/dicodusport.fr\/blog\/paris-nice-stefan-bissegger-fait-coup-double-sur-chrono-de-la-3eme-etape\/\"]}]},{\"@type\":\"ImageObject\",\"inLanguage\":\"fr-FR\",\"@id\":\"https:\/\/dicodusport.fr\/blog\/paris-nice-stefan-bissegger-fait-coup-double-sur-chrono-de-la-3eme-etape\/#primaryimage\",\"url\":\"https:\/\/dicodusport.fr\/blog\/wp-content\/uploads\/2021\/03\/Cyclisme-Paris-Nice-Stefan-Bissegger-fait-coup-double-sur-le-chrono-de-la-3eme-etape.png\",\"contentUrl\":\"https:\/\/dicodusport.fr\/blog\/wp-content\/uploads\/2021\/03\/Cyclisme-Paris-Nice-Stefan-Bissegger-fait-coup-double-sur-le-chrono-de-la-3eme-etape.png\",\"width\":800,\"height\":445,\"caption\":\"Cyclisme - Paris-Nice - Stefan Bissegger fait coup double sur le chrono de la 3\u00e8me \u00e9tape\"},{\"@type\":\"BreadcrumbList\",\"@id\":\"https:\/\/dicodusport.fr\/blog\/paris-nice-stefan-bissegger-fait-coup-double-sur-chrono-de-la-3eme-etape\/#breadcrumb\",\"itemListElement\":[{\"@type\":\"ListItem\",\"position\":1,\"name\":\"Accueil\",\"item\":\"https:\/\/dicodusport.fr\/blog\/\"},{\"@type\":\"ListItem\",\"position\":2,\"name\":\"Paris-Nice : Stefan Bissegger fait coup double sur le chrono de la 3\u00e8me \u00e9tape\"}]},{\"@type\":\"WebSite\",\"@id\":\"https:\/\/dicodusport.fr\/blog\/#website\",\"url\":\"https:\/\/dicodusport.fr\/blog\/\",\"name\":\"Dicodusport\",\"description\":\"L&#039;encyclop\u00e9die de l&#039;actualit\u00e9 sportive\",\"publisher\":{\"@id\":\"https:\/\/dicodusport.fr\/blog\/#organization\"},\"potentialAction\":[{\"@type\":\"SearchAction\",\"target\":{\"@type\":\"EntryPoint\",\"urlTemplate\":\"https:\/\/dicodusport.fr\/blog\/?s={search_term_string}\"},\"query-input\":{\"@type\":\"PropertyValueSpecification\",\"valueRequired\":true,\"valueName\":\"search_term_string\"}}],\"inLanguage\":\"fr-FR\"},{\"@type\":\"NewsMediaOrganization\",\"@id\":\"https:\/\/dicodusport.fr\/blog\/#organization\",\"name\":\"Dicodusport\",\"url\":\"https:\/\/dicodusport.fr\/blog\/\",\"logo\":{\"@type\":\"ImageObject\",\"inLanguage\":\"fr-FR\",\"@id\":\"https:\/\/dicodusport.fr\/blog\/#\/schema\/logo\/image\/\",\"url\":\"https:\/\/dicodusport.fr\/blog\/wp-content\/uploads\/2020\/06\/cropped-LOGO-DICODUSPORT-2020-SANS-FOND-SANS-TEXTE.png\",\"contentUrl\":\"https:\/\/dicodusport.fr\/blog\/wp-content\/uploads\/2020\/06\/cropped-LOGO-DICODUSPORT-2020-SANS-FOND-SANS-TEXTE.png\",\"width\":512,\"height\":512,\"caption\":\"Dicodusport\"},\"image\":{\"@id\":\"https:\/\/dicodusport.fr\/blog\/#\/schema\/logo\/image\/\"},\"sameAs\":[\"https:\/\/www.facebook.com\/dicodusport\",\"https:\/\/x.com\/dicodusport\",\"https:\/\/www.instagram.com\/dicodusport\/\",\"https:\/\/www.youtube.com\/channel\/UC7V2KZ5sd3htJivAbA4ZG3w\"],\"description\":\"Dicodusport est l'encyclop\u00e9die de l'actualit\u00e9 sportive.\",\"email\":\"bonjour@dicodusport.fr\",\"legalName\":\"DICODUSPORT\",\"foundingDate\":\"2018-01-14\",\"vatID\":\"FR71834470973\",\"taxID\":\"83447097300043\",\"numberOfEmployees\":{\"@type\":\"QuantitativeValue\",\"minValue\":\"1\",\"maxValue\":\"10\"}},{\"@type\":\"Person\",\"@id\":\"https:\/\/dicodusport.fr\/blog\/#\/schema\/person\/cb02af4c173ce4a653b55e9baf388d4a\",\"name\":\"Flo Ostermann\",\"image\":{\"@type\":\"ImageObject\",\"inLanguage\":\"fr-FR\",\"@id\":\"https:\/\/dicodusport.fr\/blog\/#\/schema\/person\/image\/\",\"url\":\"https:\/\/dicodusport.fr\/blog\/wp-content\/uploads\/2021\/05\/Flo-Ostermann-150x150.jpg\",\"contentUrl\":\"https:\/\/dicodusport.fr\/blog\/wp-content\/uploads\/2021\/05\/Flo-Ostermann-150x150.jpg\",\"caption\":\"Flo Ostermann\"},\"description\":\"Journaliste\/R\u00e9dacteur depuis septembre 2015 - Mes premiers souvenirs dans le sport ? Les envol\u00e9es du Stade Toulousain et les duels Villeneuve-Schumacher et H\u00e4kkinen-Schumacher \u00e0 la fin des ann\u00e9es 90, la Coupe du monde de football en 1998, l\u2019exploit du XV de France face aux All Blacks en 1999, mais aussi Richard C\u0153ur de Lion qui vole sur les montagnes du Tour de France. Bien parti pour devenir professeur d\u2019EPS, les \u00e9v\u00e9nements de la vie (et la flemme d\u2019animer des s\u00e9ances de 3x500 m\u00e8tres toute ma vie) m\u2019ont conduit \u00e0 revoir mes plans. Me voil\u00e0 depuis fin 2017 sur Dicodusport, m\u00e9dia gr\u00e2ce (et pour) lequel je partage ma passion : le sport dans tous ses \u00e9tats. Le tout accompagn\u00e9 par les fous furieux et folles furieuses cit\u00e9s sur cette page !\",\"sameAs\":[\"https:\/\/www.facebook.com\/florent.ostermann\",\"https:\/\/x.com\/https:\/\/twitter.com\/FlOstermann\",\"admin\"],\"url\":\"https:\/\/dicodusport.fr\/blog\/author\/flo\/\"}]}<\/script>\n<!-- \/ Yoast SEO Premium plugin. -->","yoast_head_json":{"title":"Paris-Nice : Stefan Bissegger fait coup double sur le chrono de la 3\u00e8me \u00e9tape","description":"CYCLISME - Le Suisse Stefan Bissegger (22 ans) a remport\u00e9 ce mardi le contre-la-montre de la 3\u00e8me \u00e9tape de Paris-Nice, \u00e0 Gien.","robots":{"index":"index","follow":"follow","max-snippet":"max-snippet:-1","max-image-preview":"max-image-preview:large","max-video-preview":"max-video-preview:-1"},"canonical":"https:\/\/dicodusport.fr\/blog\/paris-nice-stefan-bissegger-fait-coup-double-sur-chrono-de-la-3eme-etape\/","og_locale":"fr_FR","og_type":"article","og_title":"Paris-Nice : Stefan Bissegger fait coup double sur le chrono de la 3\u00e8me \u00e9tape","og_description":"CYCLISME - Le Suisse Stefan Bissegger (22 ans) a remport\u00e9 ce mardi le contre-la-montre de la 3\u00e8me \u00e9tape de Paris-Nice, \u00e0 Gien.","og_url":"https:\/\/dicodusport.fr\/blog\/paris-nice-stefan-bissegger-fait-coup-double-sur-chrono-de-la-3eme-etape\/","og_site_name":"Dicodusport","article_publisher":"https:\/\/www.facebook.com\/dicodusport","article_author":"https:\/\/www.facebook.com\/florent.ostermann","article_published_time":"2021-03-09T15:07:10+00:00","article_modified_time":"2021-03-09T18:50:44+00:00","og_image":[{"width":800,"height":445,"url":"https:\/\/dicodusport.fr\/blog\/wp-content\/uploads\/2021\/03\/Cyclisme-Paris-Nice-Stefan-Bissegger-fait-coup-double-sur-le-chrono-de-la-3eme-etape.png","type":"image\/png"}],"author":"Flo Ostermann","twitter_card":"summary_large_image","twitter_title":"Paris-Nice : Stefan Bissegger fait coup double sur le chrono de la 3\u00e8me \u00e9tape","twitter_creator":"@https:\/\/twitter.com\/FlOstermann","twitter_site":"@dicodusport","schema":{"@context":"https:\/\/schema.org","@graph":[{"@type":"NewsArticle","@id":"https:\/\/dicodusport.fr\/blog\/paris-nice-stefan-bissegger-fait-coup-double-sur-chrono-de-la-3eme-etape\/#article","isPartOf":{"@id":"https:\/\/dicodusport.fr\/blog\/paris-nice-stefan-bissegger-fait-coup-double-sur-chrono-de-la-3eme-etape\/"},"author":{"name":"Flo Ostermann","@id":"https:\/\/dicodusport.fr\/blog\/#\/schema\/person\/cb02af4c173ce4a653b55e9baf388d4a"},"headline":"Paris-Nice : Stefan Bissegger fait coup double sur le chrono de la 3\u00e8me \u00e9tape","datePublished":"2021-03-09T15:07:10+00:00","dateModified":"2021-03-09T18:50:44+00:00","mainEntityOfPage":{"@id":"https:\/\/dicodusport.fr\/blog\/paris-nice-stefan-bissegger-fait-coup-double-sur-chrono-de-la-3eme-etape\/"},"wordCount":389,"commentCount":0,"publisher":{"@id":"https:\/\/dicodusport.fr\/blog\/#organization"},"image":{"@id":"https:\/\/dicodusport.fr\/blog\/paris-nice-stefan-bissegger-fait-coup-double-sur-chrono-de-la-3eme-etape\/#primaryimage"},"thumbnailUrl":"https:\/\/dicodusport.fr\/blog\/wp-content\/uploads\/2021\/03\/Cyclisme-Paris-Nice-Stefan-Bissegger-fait-coup-double-sur-le-chrono-de-la-3eme-etape.png","keywords":["Paris-Nice"],"articleSection":["Cyclisme"],"inLanguage":"fr-FR","potentialAction":[{"@type":"CommentAction","name":"Comment","target":["https:\/\/dicodusport.fr\/blog\/paris-nice-stefan-bissegger-fait-coup-double-sur-chrono-de-la-3eme-etape\/#respond"]}],"copyrightYear":"2021","copyrightHolder":{"@id":"https:\/\/dicodusport.fr\/blog\/#organization"}},{"@type":"WebPage","@id":"https:\/\/dicodusport.fr\/blog\/paris-nice-stefan-bissegger-fait-coup-double-sur-chrono-de-la-3eme-etape\/","url":"https:\/\/dicodusport.fr\/blog\/paris-nice-stefan-bissegger-fait-coup-double-sur-chrono-de-la-3eme-etape\/","name":"Paris-Nice : Stefan Bissegger fait coup double sur le chrono de la 3\u00e8me \u00e9tape","isPartOf":{"@id":"https:\/\/dicodusport.fr\/blog\/#website"},"primaryImageOfPage":{"@id":"https:\/\/dicodusport.fr\/blog\/paris-nice-stefan-bissegger-fait-coup-double-sur-chrono-de-la-3eme-etape\/#primaryimage"},"image":{"@id":"https:\/\/dicodusport.fr\/blog\/paris-nice-stefan-bissegger-fait-coup-double-sur-chrono-de-la-3eme-etape\/#primaryimage"},"thumbnailUrl":"https:\/\/dicodusport.fr\/blog\/wp-content\/uploads\/2021\/03\/Cyclisme-Paris-Nice-Stefan-Bissegger-fait-coup-double-sur-le-chrono-de-la-3eme-etape.png","datePublished":"2021-03-09T15:07:10+00:00","dateModified":"2021-03-09T18:50:44+00:00","description":"CYCLISME - Le Suisse Stefan Bissegger (22 ans) a remport\u00e9 ce mardi le contre-la-montre de la 3\u00e8me \u00e9tape de Paris-Nice, \u00e0 Gien.","breadcrumb":{"@id":"https:\/\/dicodusport.fr\/blog\/paris-nice-stefan-bissegger-fait-coup-double-sur-chrono-de-la-3eme-etape\/#breadcrumb"},"inLanguage":"fr-FR","potentialAction":[{"@type":"ReadAction","target":["https:\/\/dicodusport.fr\/blog\/paris-nice-stefan-bissegger-fait-coup-double-sur-chrono-de-la-3eme-etape\/"]}]},{"@type":"ImageObject","inLanguage":"fr-FR","@id":"https:\/\/dicodusport.fr\/blog\/paris-nice-stefan-bissegger-fait-coup-double-sur-chrono-de-la-3eme-etape\/#primaryimage","url":"https:\/\/dicodusport.fr\/blog\/wp-content\/uploads\/2021\/03\/Cyclisme-Paris-Nice-Stefan-Bissegger-fait-coup-double-sur-le-chrono-de-la-3eme-etape.png","contentUrl":"https:\/\/dicodusport.fr\/blog\/wp-content\/uploads\/2021\/03\/Cyclisme-Paris-Nice-Stefan-Bissegger-fait-coup-double-sur-le-chrono-de-la-3eme-etape.png","width":800,"height":445,"caption":"Cyclisme - Paris-Nice - Stefan Bissegger fait coup double sur le chrono de la 3\u00e8me \u00e9tape"},{"@type":"BreadcrumbList","@id":"https:\/\/dicodusport.fr\/blog\/paris-nice-stefan-bissegger-fait-coup-double-sur-chrono-de-la-3eme-etape\/#breadcrumb","itemListElement":[{"@type":"ListItem","position":1,"name":"Accueil","item":"https:\/\/dicodusport.fr\/blog\/"},{"@type":"ListItem","position":2,"name":"Paris-Nice : Stefan Bissegger fait coup double sur le chrono de la 3\u00e8me \u00e9tape"}]},{"@type":"WebSite","@id":"https:\/\/dicodusport.fr\/blog\/#website","url":"https:\/\/dicodusport.fr\/blog\/","name":"Dicodusport","description":"L&#039;encyclop\u00e9die de l&#039;actualit\u00e9 sportive","publisher":{"@id":"https:\/\/dicodusport.fr\/blog\/#organization"},"potentialAction":[{"@type":"SearchAction","target":{"@type":"EntryPoint","urlTemplate":"https:\/\/dicodusport.fr\/blog\/?s={search_term_string}"},"query-input":{"@type":"PropertyValueSpecification","valueRequired":true,"valueName":"search_term_string"}}],"inLanguage":"fr-FR"},{"@type":"NewsMediaOrganization","@id":"https:\/\/dicodusport.fr\/blog\/#organization","name":"Dicodusport","url":"https:\/\/dicodusport.fr\/blog\/","logo":{"@type":"ImageObject","inLanguage":"fr-FR","@id":"https:\/\/dicodusport.fr\/blog\/#\/schema\/logo\/image\/","url":"https:\/\/dicodusport.fr\/blog\/wp-content\/uploads\/2020\/06\/cropped-LOGO-DICODUSPORT-2020-SANS-FOND-SANS-TEXTE.png","contentUrl":"https:\/\/dicodusport.fr\/blog\/wp-content\/uploads\/2020\/06\/cropped-LOGO-DICODUSPORT-2020-SANS-FOND-SANS-TEXTE.png","width":512,"height":512,"caption":"Dicodusport"},"image":{"@id":"https:\/\/dicodusport.fr\/blog\/#\/schema\/logo\/image\/"},"sameAs":["https:\/\/www.facebook.com\/dicodusport","https:\/\/x.com\/dicodusport","https:\/\/www.instagram.com\/dicodusport\/","https:\/\/www.youtube.com\/channel\/UC7V2KZ5sd3htJivAbA4ZG3w"],"description":"Dicodusport est l'encyclop\u00e9die de l'actualit\u00e9 sportive.","email":"bonjour@dicodusport.fr","legalName":"DICODUSPORT","foundingDate":"2018-01-14","vatID":"FR71834470973","taxID":"83447097300043","numberOfEmployees":{"@type":"QuantitativeValue","minValue":"1","maxValue":"10"}},{"@type":"Person","@id":"https:\/\/dicodusport.fr\/blog\/#\/schema\/person\/cb02af4c173ce4a653b55e9baf388d4a","name":"Flo Ostermann","image":{"@type":"ImageObject","inLanguage":"fr-FR","@id":"https:\/\/dicodusport.fr\/blog\/#\/schema\/person\/image\/","url":"https:\/\/dicodusport.fr\/blog\/wp-content\/uploads\/2021\/05\/Flo-Ostermann-150x150.jpg","contentUrl":"https:\/\/dicodusport.fr\/blog\/wp-content\/uploads\/2021\/05\/Flo-Ostermann-150x150.jpg","caption":"Flo Ostermann"},"description":"Journaliste\/R\u00e9dacteur depuis septembre 2015 - Mes premiers souvenirs dans le sport ? Les envol\u00e9es du Stade Toulousain et les duels Villeneuve-Schumacher et H\u00e4kkinen-Schumacher \u00e0 la fin des ann\u00e9es 90, la Coupe du monde de football en 1998, l\u2019exploit du XV de France face aux All Blacks en 1999, mais aussi Richard C\u0153ur de Lion qui vole sur les montagnes du Tour de France. Bien parti pour devenir professeur d\u2019EPS, les \u00e9v\u00e9nements de la vie (et la flemme d\u2019animer des s\u00e9ances de 3x500 m\u00e8tres toute ma vie) m\u2019ont conduit \u00e0 revoir mes plans. Me voil\u00e0 depuis fin 2017 sur Dicodusport, m\u00e9dia gr\u00e2ce (et pour) lequel je partage ma passion : le sport dans tous ses \u00e9tats. Le tout accompagn\u00e9 par les fous furieux et folles furieuses cit\u00e9s sur cette page !","sameAs":["https:\/\/www.facebook.com\/florent.ostermann","https:\/\/x.com\/https:\/\/twitter.com\/FlOstermann","admin"],"url":"https:\/\/dicodusport.fr\/blog\/author\/flo\/"}]}},"_links":{"self":[{"href":"https:\/\/dicodusport.fr\/blog\/wp-json\/wp\/v2\/posts\/112243","targetHints":{"allow":["GET"]}}],"collection":[{"href":"https:\/\/dicodusport.fr\/blog\/wp-json\/wp\/v2\/posts"}],"about":[{"href":"https:\/\/dicodusport.fr\/blog\/wp-json\/wp\/v2\/types\/post"}],"author":[{"embeddable":true,"href":"https:\/\/dicodusport.fr\/blog\/wp-json\/wp\/v2\/users\/4"}],"replies":[{"embeddable":true,"href":"https:\/\/dicodusport.fr\/blog\/wp-json\/wp\/v2\/comments?post=112243"}],"version-history":[{"count":0,"href":"https:\/\/dicodusport.fr\/blog\/wp-json\/wp\/v2\/posts\/112243\/revisions"}],"wp:featuredmedia":[{"embeddable":true,"href":"https:\/\/dicodusport.fr\/blog\/wp-json\/wp\/v2\/media\/112278"}],"wp:attachment":[{"href":"https:\/\/dicodusport.fr\/blog\/wp-json\/wp\/v2\/media?parent=112243"}],"wp:term":[{"taxonomy":"category","embeddable":true,"href":"https:\/\/dicodusport.fr\/blog\/wp-json\/wp\/v2\/categories?post=112243"},{"taxonomy":"post_tag","embeddable":true,"href":"https:\/\/dicodusport.fr\/blog\/wp-json\/wp\/v2\/tags?post=112243"}],"curies":[{"name":"wp","href":"https:\/\/api.w.org\/{rel}","templated":true}]}}