{"id":112412,"date":"2021-03-10T12:22:56","date_gmt":"2021-03-10T11:22:56","guid":{"rendered":"https:\/\/dicodusport.fr\/blog\/?p=112412&#038;preview=true&#038;preview_id=112412"},"modified":"2021-03-10T13:57:02","modified_gmt":"2021-03-10T12:57:02","slug":"obertilliach-hugo-rivail-s-offre-une-premiere-victoire-en-ibu-cup","status":"publish","type":"post","link":"https:\/\/dicodusport.fr\/blog\/obertilliach-hugo-rivail-s-offre-une-premiere-victoire-en-ibu-cup\/","title":{"rendered":"Obertilliach : Hugo Rivail s&rsquo;offre une premi\u00e8re victoire en IBU Cup"},"content":{"rendered":"<p style=\"text-align: justify;\"><em><b>BIATHLON &#8211; Apr\u00e8s les <a href=\"https:\/\/dicodusport.fr\/blog\/biathlon-championnats-du-monde-jeunes-juniors-2021-programme-complet-obertilliach\/\" target=\"_blank\" rel=\"noopener\">championnats du monde jeunes\/juniors<\/a> de la semaine pass\u00e9e, Obertilliach accueille une \u00e9tape d&rsquo;IBU Cup. Les Fran\u00e7ais continuent de briller, avec le premier succ\u00e8s sur le circuit d&rsquo;Hugo Rivail.<\/b><\/em><\/p>\n<p style=\"text-align: justify;\">Malgr\u00e9 une faute sur le deuxi\u00e8me tir, <strong>Hugo Rivail<\/strong>, bient\u00f4t 24 ans, a remport\u00e9 l&rsquo;individuel d&rsquo;Obertilliach ce mercredi, devant de sacr\u00e9s clients. <strong>Philipp Nawrath<\/strong> et dernier relayeur du relais allemand victorieux en Coupe du monde \u00e0 Nove Mesto, \u00e9tait en course pour la victoire mais a sorti deux balles sur son dernier tir debout et doit se contenter de la septi\u00e8me place, \u00e0 plus d&rsquo;une minute du vainqueur fran\u00e7ais. <strong>Les fr\u00e8res Andersen<\/strong> \u00e9taient eux aussi dans le coup jusqu&rsquo;\u00e0 leur dernier tir, mais n&rsquo;ont pas r\u00e9ussi le sans-faute, les pla\u00e7ant finalement dans le Top 10, mais hors du podium.<\/p>\n<p style=\"text-align: justify;\">Hugo Rivail, 19\/20 aujourd&rsquo;hui, devance de 11 secondes l&rsquo;Italien <strong>Cappellari<\/strong>, pourtant parfait au tir, et de 40 secondes les biathl\u00e8tes ex aequo pour la 3\u00e8me place, le Finlandais <strong>Laitinen<\/strong> et l&rsquo;Allemand <strong>Strelow<\/strong>. <strong>S\u00e9bastien Mahon<\/strong>, deuxi\u00e8me Fran\u00e7ais, prend la 19\u00e8me place avec un 18\/20 alors qu&rsquo;<strong>Oscar Lombardot<\/strong> est 24\u00e8me avec un 19\/20<\/p>\n<blockquote class=\"twitter-tweet\">\n<p dir=\"ltr\" lang=\"fr\">Obertilliach &#8211; Grande premi\u00e8re pour Hugo Rivail &#x1f1eb;&#x1f1f7;&#x1f4a5;<\/p>\n<p>Grosse performance pour le Savoyard qui, en s&rsquo;imposant sur l&rsquo;individuel court du jour, remporte sa premi\u00e8re course en IBU Cup. Un podium avec quatre hommes.<a href=\"https:\/\/t.co\/SLEKSvaNQv\">https:\/\/t.co\/SLEKSvaNQv<\/a><\/p>\n<p>\u2014 Biathlon Live (@BiathlonLivefr) <a href=\"https:\/\/twitter.com\/BiathlonLivefr\/status\/1369597841514106885?ref_src=twsrc%5Etfw\">March 10, 2021<\/a><\/p><\/blockquote>\n<p><script async src=\"https:\/\/platform.twitter.com\/widgets.js\" charset=\"utf-8\"><\/script><\/p>\n<p><strong><em>Dicodusport<br \/>\n<a href=\"https:\/\/www.facebook.com\/dicodusport\/\" target=\"_blank\" rel=\"noopener noreferrer\"><img loading=\"lazy\" decoding=\"async\" class=\"alignnone wp-image-2909\" src=\"http:\/\/dicodusport.fr\/blog\/wp-content\/uploads\/2017\/07\/logo-facebook-150x150.png\" alt=\"\" width=\"40\" height=\"40\" \/><\/a><a href=\"https:\/\/twitter.com\/dicodusport\" target=\"_blank\" rel=\"noopener noreferrer\"><img loading=\"lazy\" decoding=\"async\" class=\"alignnone wp-image-2908\" src=\"http:\/\/dicodusport.fr\/blog\/wp-content\/uploads\/2017\/07\/logo-twitter-150x150.png\" alt=\"\" width=\"39\" height=\"39\" \/><\/a><\/em><\/strong><\/p>\n","protected":false},"excerpt":{"rendered":"<p>BIATHLON &#8211; Apr\u00e8s les championnats du monde jeunes\/juniors de la semaine pass\u00e9e, Obertilliach accueille une \u00e9tape d&rsquo;IBU Cup. Les Fran\u00e7ais continuent de briller, avec le premier succ\u00e8s sur le circuit d&rsquo;Hugo Rivail.<\/p>\n","protected":false},"author":1,"featured_media":112418,"comment_status":"open","ping_status":"closed","sticky":false,"template":"","format":"standard","meta":{"_acf_changed":false,"_daextam_enable_autolinks":"","footnotes":""},"categories":[2426],"tags":[15103,14675],"class_list":["post-112412","post","type-post","status-publish","format-standard","has-post-thumbnail","hentry","category-biathlon","tag-ibu-cup-obertilliach","tag-obertilliach"],"acf":[],"yoast_head":"<!-- This site is optimized with the Yoast SEO Premium plugin v26.7 (Yoast SEO v26.7) - https:\/\/yoast.com\/wordpress\/plugins\/seo\/ -->\n<title>Obertilliach : Hugo Rivail s&#039;offre une premi\u00e8re victoire en IBU Cup<\/title>\n<meta name=\"description\" content=\"BIATHLON - Apr\u00e8s les championnats du monde jeunes\/juniors de la semaine pass\u00e9e, Les Fran\u00e7ais continuent de briller, avec le premier succ\u00e8s sur le circuit d&#039;Hugo Rivail.\" \/>\n<meta name=\"robots\" content=\"index, follow, max-snippet:-1, max-image-preview:large, max-video-preview:-1\" \/>\n<link rel=\"canonical\" href=\"https:\/\/dicodusport.fr\/blog\/obertilliach-hugo-rivail-s-offre-une-premiere-victoire-en-ibu-cup\/\" \/>\n<meta property=\"og:locale\" content=\"fr_FR\" \/>\n<meta property=\"og:type\" content=\"article\" \/>\n<meta property=\"og:title\" content=\"Obertilliach : Hugo Rivail s&#039;offre une premi\u00e8re victoire en IBU Cup\" \/>\n<meta property=\"og:description\" content=\"BIATHLON - Apr\u00e8s les championnats du monde jeunes\/juniors de la semaine pass\u00e9e, Les Fran\u00e7ais continuent de briller, avec le premier succ\u00e8s sur le circuit d&#039;Hugo Rivail.\" \/>\n<meta property=\"og:url\" content=\"https:\/\/dicodusport.fr\/blog\/obertilliach-hugo-rivail-s-offre-une-premiere-victoire-en-ibu-cup\/\" \/>\n<meta property=\"og:site_name\" content=\"Dicodusport\" \/>\n<meta property=\"article:publisher\" content=\"https:\/\/www.facebook.com\/dicodusport\" \/>\n<meta property=\"article:author\" content=\"https:\/\/www.facebook.com\/dicodusport\" \/>\n<meta property=\"article:published_time\" content=\"2021-03-10T11:22:56+00:00\" \/>\n<meta property=\"article:modified_time\" content=\"2021-03-10T12:57:02+00:00\" \/>\n<meta property=\"og:image\" content=\"https:\/\/dicodusport.fr\/blog\/wp-content\/uploads\/2021\/03\/Obertilliach-Hugo-Rivail-soffre-une-premiere-victoire-en-IBU-Cup.png\" \/>\n\t<meta property=\"og:image:width\" content=\"800\" \/>\n\t<meta property=\"og:image:height\" content=\"445\" \/>\n\t<meta property=\"og:image:type\" content=\"image\/png\" \/>\n<meta name=\"author\" content=\"Nicolas Jacquemard\" \/>\n<meta name=\"twitter:card\" content=\"summary_large_image\" \/>\n<meta name=\"twitter:title\" content=\"Obertilliach : Hugo Rivail s&#039;offre une premi\u00e8re victoire en IBU Cup\" \/>\n<meta name=\"twitter:creator\" content=\"@https:\/\/twitter.com\/Nico_Jacquemard\" \/>\n<meta name=\"twitter:site\" content=\"@dicodusport\" \/>\n<script type=\"application\/ld+json\" class=\"yoast-schema-graph\">{\"@context\":\"https:\/\/schema.org\",\"@graph\":[{\"@type\":\"NewsArticle\",\"@id\":\"https:\/\/dicodusport.fr\/blog\/obertilliach-hugo-rivail-s-offre-une-premiere-victoire-en-ibu-cup\/#article\",\"isPartOf\":{\"@id\":\"https:\/\/dicodusport.fr\/blog\/obertilliach-hugo-rivail-s-offre-une-premiere-victoire-en-ibu-cup\/\"},\"author\":{\"name\":\"Nicolas Jacquemard\",\"@id\":\"https:\/\/dicodusport.fr\/blog\/#\/schema\/person\/55dcb50ad410894e431ed812bbb70191\"},\"headline\":\"Obertilliach : Hugo Rivail s&rsquo;offre une premi\u00e8re victoire en IBU Cup\",\"datePublished\":\"2021-03-10T11:22:56+00:00\",\"dateModified\":\"2021-03-10T12:57:02+00:00\",\"mainEntityOfPage\":{\"@id\":\"https:\/\/dicodusport.fr\/blog\/obertilliach-hugo-rivail-s-offre-une-premiere-victoire-en-ibu-cup\/\"},\"wordCount\":266,\"commentCount\":0,\"publisher\":{\"@id\":\"https:\/\/dicodusport.fr\/blog\/#organization\"},\"image\":{\"@id\":\"https:\/\/dicodusport.fr\/blog\/obertilliach-hugo-rivail-s-offre-une-premiere-victoire-en-ibu-cup\/#primaryimage\"},\"thumbnailUrl\":\"https:\/\/dicodusport.fr\/blog\/wp-content\/uploads\/2021\/03\/Obertilliach-Hugo-Rivail-soffre-une-premiere-victoire-en-IBU-Cup.png\",\"keywords\":[\"IBU Cup Obertilliach\",\"Obertilliach\"],\"articleSection\":[\"Biathlon\"],\"inLanguage\":\"fr-FR\",\"potentialAction\":[{\"@type\":\"CommentAction\",\"name\":\"Comment\",\"target\":[\"https:\/\/dicodusport.fr\/blog\/obertilliach-hugo-rivail-s-offre-une-premiere-victoire-en-ibu-cup\/#respond\"]}],\"copyrightYear\":\"2021\",\"copyrightHolder\":{\"@id\":\"https:\/\/dicodusport.fr\/blog\/#organization\"}},{\"@type\":\"WebPage\",\"@id\":\"https:\/\/dicodusport.fr\/blog\/obertilliach-hugo-rivail-s-offre-une-premiere-victoire-en-ibu-cup\/\",\"url\":\"https:\/\/dicodusport.fr\/blog\/obertilliach-hugo-rivail-s-offre-une-premiere-victoire-en-ibu-cup\/\",\"name\":\"Obertilliach : Hugo Rivail s'offre une premi\u00e8re victoire en IBU Cup\",\"isPartOf\":{\"@id\":\"https:\/\/dicodusport.fr\/blog\/#website\"},\"primaryImageOfPage\":{\"@id\":\"https:\/\/dicodusport.fr\/blog\/obertilliach-hugo-rivail-s-offre-une-premiere-victoire-en-ibu-cup\/#primaryimage\"},\"image\":{\"@id\":\"https:\/\/dicodusport.fr\/blog\/obertilliach-hugo-rivail-s-offre-une-premiere-victoire-en-ibu-cup\/#primaryimage\"},\"thumbnailUrl\":\"https:\/\/dicodusport.fr\/blog\/wp-content\/uploads\/2021\/03\/Obertilliach-Hugo-Rivail-soffre-une-premiere-victoire-en-IBU-Cup.png\",\"datePublished\":\"2021-03-10T11:22:56+00:00\",\"dateModified\":\"2021-03-10T12:57:02+00:00\",\"description\":\"BIATHLON - Apr\u00e8s les championnats du monde jeunes\/juniors de la semaine pass\u00e9e, Les Fran\u00e7ais continuent de briller, avec le premier succ\u00e8s sur le circuit d'Hugo Rivail.\",\"breadcrumb\":{\"@id\":\"https:\/\/dicodusport.fr\/blog\/obertilliach-hugo-rivail-s-offre-une-premiere-victoire-en-ibu-cup\/#breadcrumb\"},\"inLanguage\":\"fr-FR\",\"potentialAction\":[{\"@type\":\"ReadAction\",\"target\":[\"https:\/\/dicodusport.fr\/blog\/obertilliach-hugo-rivail-s-offre-une-premiere-victoire-en-ibu-cup\/\"]}]},{\"@type\":\"ImageObject\",\"inLanguage\":\"fr-FR\",\"@id\":\"https:\/\/dicodusport.fr\/blog\/obertilliach-hugo-rivail-s-offre-une-premiere-victoire-en-ibu-cup\/#primaryimage\",\"url\":\"https:\/\/dicodusport.fr\/blog\/wp-content\/uploads\/2021\/03\/Obertilliach-Hugo-Rivail-soffre-une-premiere-victoire-en-IBU-Cup.png\",\"contentUrl\":\"https:\/\/dicodusport.fr\/blog\/wp-content\/uploads\/2021\/03\/Obertilliach-Hugo-Rivail-soffre-une-premiere-victoire-en-IBU-Cup.png\",\"width\":800,\"height\":445,\"caption\":\"Obertilliach - Hugo Rivail s'offre une premi\u00e8re victoire en IBU Cup\"},{\"@type\":\"BreadcrumbList\",\"@id\":\"https:\/\/dicodusport.fr\/blog\/obertilliach-hugo-rivail-s-offre-une-premiere-victoire-en-ibu-cup\/#breadcrumb\",\"itemListElement\":[{\"@type\":\"ListItem\",\"position\":1,\"name\":\"Accueil\",\"item\":\"https:\/\/dicodusport.fr\/blog\/\"},{\"@type\":\"ListItem\",\"position\":2,\"name\":\"Obertilliach : Hugo Rivail s&rsquo;offre une premi\u00e8re victoire en IBU Cup\"}]},{\"@type\":\"WebSite\",\"@id\":\"https:\/\/dicodusport.fr\/blog\/#website\",\"url\":\"https:\/\/dicodusport.fr\/blog\/\",\"name\":\"Dicodusport\",\"description\":\"L&#039;encyclop\u00e9die de l&#039;actualit\u00e9 sportive\",\"publisher\":{\"@id\":\"https:\/\/dicodusport.fr\/blog\/#organization\"},\"potentialAction\":[{\"@type\":\"SearchAction\",\"target\":{\"@type\":\"EntryPoint\",\"urlTemplate\":\"https:\/\/dicodusport.fr\/blog\/?s={search_term_string}\"},\"query-input\":{\"@type\":\"PropertyValueSpecification\",\"valueRequired\":true,\"valueName\":\"search_term_string\"}}],\"inLanguage\":\"fr-FR\"},{\"@type\":\"NewsMediaOrganization\",\"@id\":\"https:\/\/dicodusport.fr\/blog\/#organization\",\"name\":\"Dicodusport\",\"url\":\"https:\/\/dicodusport.fr\/blog\/\",\"logo\":{\"@type\":\"ImageObject\",\"inLanguage\":\"fr-FR\",\"@id\":\"https:\/\/dicodusport.fr\/blog\/#\/schema\/logo\/image\/\",\"url\":\"https:\/\/dicodusport.fr\/blog\/wp-content\/uploads\/2020\/06\/cropped-LOGO-DICODUSPORT-2020-SANS-FOND-SANS-TEXTE.png\",\"contentUrl\":\"https:\/\/dicodusport.fr\/blog\/wp-content\/uploads\/2020\/06\/cropped-LOGO-DICODUSPORT-2020-SANS-FOND-SANS-TEXTE.png\",\"width\":512,\"height\":512,\"caption\":\"Dicodusport\"},\"image\":{\"@id\":\"https:\/\/dicodusport.fr\/blog\/#\/schema\/logo\/image\/\"},\"sameAs\":[\"https:\/\/www.facebook.com\/dicodusport\",\"https:\/\/x.com\/dicodusport\",\"https:\/\/www.instagram.com\/dicodusport\/\",\"https:\/\/www.youtube.com\/channel\/UC7V2KZ5sd3htJivAbA4ZG3w\"],\"description\":\"Dicodusport est l'encyclop\u00e9die de l'actualit\u00e9 sportive.\",\"email\":\"bonjour@dicodusport.fr\",\"legalName\":\"DICODUSPORT\",\"foundingDate\":\"2018-01-14\",\"vatID\":\"FR71834470973\",\"taxID\":\"83447097300043\",\"numberOfEmployees\":{\"@type\":\"QuantitativeValue\",\"minValue\":\"1\",\"maxValue\":\"10\"}},{\"@type\":\"Person\",\"@id\":\"https:\/\/dicodusport.fr\/blog\/#\/schema\/person\/55dcb50ad410894e431ed812bbb70191\",\"name\":\"Nicolas Jacquemard\",\"image\":{\"@type\":\"ImageObject\",\"inLanguage\":\"fr-FR\",\"@id\":\"https:\/\/dicodusport.fr\/blog\/#\/schema\/person\/image\/\",\"url\":\"https:\/\/dicodusport.fr\/blog\/wp-content\/uploads\/2021\/05\/Nicolas-Jacquemard-150x150.jpeg\",\"contentUrl\":\"https:\/\/dicodusport.fr\/blog\/wp-content\/uploads\/2021\/05\/Nicolas-Jacquemard-150x150.jpeg\",\"caption\":\"Nicolas Jacquemard\"},\"description\":\"Passionn\u00e9 de sport et entrepreneur depuis mes 18 ans, la cr\u00e9ation de Dicodusport m'a sembl\u00e9 \u00e9vidente pour participer \u00e0 la m\u00e9diatisation d'un plus grand nombre de sports. Le chemin est long mais avec une \u00e9quipe des plus motiv\u00e9es et les Jeux Olympiques de Paris 2024 en point de mire, nous y arriverons ! Journaliste dans le monde du sport depuis plus de 5 ans, je traite aussi bien de football, de rugby, de biathlon que de cyclisme.\",\"sameAs\":[\"https:\/\/www.facebook.com\/dicodusport\",\"https:\/\/x.com\/https:\/\/twitter.com\/Nico_Jacquemard\"],\"url\":\"https:\/\/dicodusport.fr\/blog\/author\/dicodusport\/\"}]}<\/script>\n<!-- \/ Yoast SEO Premium plugin. -->","yoast_head_json":{"title":"Obertilliach : Hugo Rivail s'offre une premi\u00e8re victoire en IBU Cup","description":"BIATHLON - Apr\u00e8s les championnats du monde jeunes\/juniors de la semaine pass\u00e9e, Les Fran\u00e7ais continuent de briller, avec le premier succ\u00e8s sur le circuit d'Hugo Rivail.","robots":{"index":"index","follow":"follow","max-snippet":"max-snippet:-1","max-image-preview":"max-image-preview:large","max-video-preview":"max-video-preview:-1"},"canonical":"https:\/\/dicodusport.fr\/blog\/obertilliach-hugo-rivail-s-offre-une-premiere-victoire-en-ibu-cup\/","og_locale":"fr_FR","og_type":"article","og_title":"Obertilliach : Hugo Rivail s'offre une premi\u00e8re victoire en IBU Cup","og_description":"BIATHLON - Apr\u00e8s les championnats du monde jeunes\/juniors de la semaine pass\u00e9e, Les Fran\u00e7ais continuent de briller, avec le premier succ\u00e8s sur le circuit d'Hugo Rivail.","og_url":"https:\/\/dicodusport.fr\/blog\/obertilliach-hugo-rivail-s-offre-une-premiere-victoire-en-ibu-cup\/","og_site_name":"Dicodusport","article_publisher":"https:\/\/www.facebook.com\/dicodusport","article_author":"https:\/\/www.facebook.com\/dicodusport","article_published_time":"2021-03-10T11:22:56+00:00","article_modified_time":"2021-03-10T12:57:02+00:00","og_image":[{"width":800,"height":445,"url":"https:\/\/dicodusport.fr\/blog\/wp-content\/uploads\/2021\/03\/Obertilliach-Hugo-Rivail-soffre-une-premiere-victoire-en-IBU-Cup.png","type":"image\/png"}],"author":"Nicolas Jacquemard","twitter_card":"summary_large_image","twitter_title":"Obertilliach : Hugo Rivail s'offre une premi\u00e8re victoire en IBU Cup","twitter_creator":"@https:\/\/twitter.com\/Nico_Jacquemard","twitter_site":"@dicodusport","schema":{"@context":"https:\/\/schema.org","@graph":[{"@type":"NewsArticle","@id":"https:\/\/dicodusport.fr\/blog\/obertilliach-hugo-rivail-s-offre-une-premiere-victoire-en-ibu-cup\/#article","isPartOf":{"@id":"https:\/\/dicodusport.fr\/blog\/obertilliach-hugo-rivail-s-offre-une-premiere-victoire-en-ibu-cup\/"},"author":{"name":"Nicolas Jacquemard","@id":"https:\/\/dicodusport.fr\/blog\/#\/schema\/person\/55dcb50ad410894e431ed812bbb70191"},"headline":"Obertilliach : Hugo Rivail s&rsquo;offre une premi\u00e8re victoire en IBU Cup","datePublished":"2021-03-10T11:22:56+00:00","dateModified":"2021-03-10T12:57:02+00:00","mainEntityOfPage":{"@id":"https:\/\/dicodusport.fr\/blog\/obertilliach-hugo-rivail-s-offre-une-premiere-victoire-en-ibu-cup\/"},"wordCount":266,"commentCount":0,"publisher":{"@id":"https:\/\/dicodusport.fr\/blog\/#organization"},"image":{"@id":"https:\/\/dicodusport.fr\/blog\/obertilliach-hugo-rivail-s-offre-une-premiere-victoire-en-ibu-cup\/#primaryimage"},"thumbnailUrl":"https:\/\/dicodusport.fr\/blog\/wp-content\/uploads\/2021\/03\/Obertilliach-Hugo-Rivail-soffre-une-premiere-victoire-en-IBU-Cup.png","keywords":["IBU Cup Obertilliach","Obertilliach"],"articleSection":["Biathlon"],"inLanguage":"fr-FR","potentialAction":[{"@type":"CommentAction","name":"Comment","target":["https:\/\/dicodusport.fr\/blog\/obertilliach-hugo-rivail-s-offre-une-premiere-victoire-en-ibu-cup\/#respond"]}],"copyrightYear":"2021","copyrightHolder":{"@id":"https:\/\/dicodusport.fr\/blog\/#organization"}},{"@type":"WebPage","@id":"https:\/\/dicodusport.fr\/blog\/obertilliach-hugo-rivail-s-offre-une-premiere-victoire-en-ibu-cup\/","url":"https:\/\/dicodusport.fr\/blog\/obertilliach-hugo-rivail-s-offre-une-premiere-victoire-en-ibu-cup\/","name":"Obertilliach : Hugo Rivail s'offre une premi\u00e8re victoire en IBU Cup","isPartOf":{"@id":"https:\/\/dicodusport.fr\/blog\/#website"},"primaryImageOfPage":{"@id":"https:\/\/dicodusport.fr\/blog\/obertilliach-hugo-rivail-s-offre-une-premiere-victoire-en-ibu-cup\/#primaryimage"},"image":{"@id":"https:\/\/dicodusport.fr\/blog\/obertilliach-hugo-rivail-s-offre-une-premiere-victoire-en-ibu-cup\/#primaryimage"},"thumbnailUrl":"https:\/\/dicodusport.fr\/blog\/wp-content\/uploads\/2021\/03\/Obertilliach-Hugo-Rivail-soffre-une-premiere-victoire-en-IBU-Cup.png","datePublished":"2021-03-10T11:22:56+00:00","dateModified":"2021-03-10T12:57:02+00:00","description":"BIATHLON - Apr\u00e8s les championnats du monde jeunes\/juniors de la semaine pass\u00e9e, Les Fran\u00e7ais continuent de briller, avec le premier succ\u00e8s sur le circuit d'Hugo Rivail.","breadcrumb":{"@id":"https:\/\/dicodusport.fr\/blog\/obertilliach-hugo-rivail-s-offre-une-premiere-victoire-en-ibu-cup\/#breadcrumb"},"inLanguage":"fr-FR","potentialAction":[{"@type":"ReadAction","target":["https:\/\/dicodusport.fr\/blog\/obertilliach-hugo-rivail-s-offre-une-premiere-victoire-en-ibu-cup\/"]}]},{"@type":"ImageObject","inLanguage":"fr-FR","@id":"https:\/\/dicodusport.fr\/blog\/obertilliach-hugo-rivail-s-offre-une-premiere-victoire-en-ibu-cup\/#primaryimage","url":"https:\/\/dicodusport.fr\/blog\/wp-content\/uploads\/2021\/03\/Obertilliach-Hugo-Rivail-soffre-une-premiere-victoire-en-IBU-Cup.png","contentUrl":"https:\/\/dicodusport.fr\/blog\/wp-content\/uploads\/2021\/03\/Obertilliach-Hugo-Rivail-soffre-une-premiere-victoire-en-IBU-Cup.png","width":800,"height":445,"caption":"Obertilliach - Hugo Rivail s'offre une premi\u00e8re victoire en IBU Cup"},{"@type":"BreadcrumbList","@id":"https:\/\/dicodusport.fr\/blog\/obertilliach-hugo-rivail-s-offre-une-premiere-victoire-en-ibu-cup\/#breadcrumb","itemListElement":[{"@type":"ListItem","position":1,"name":"Accueil","item":"https:\/\/dicodusport.fr\/blog\/"},{"@type":"ListItem","position":2,"name":"Obertilliach : Hugo Rivail s&rsquo;offre une premi\u00e8re victoire en IBU Cup"}]},{"@type":"WebSite","@id":"https:\/\/dicodusport.fr\/blog\/#website","url":"https:\/\/dicodusport.fr\/blog\/","name":"Dicodusport","description":"L&#039;encyclop\u00e9die de l&#039;actualit\u00e9 sportive","publisher":{"@id":"https:\/\/dicodusport.fr\/blog\/#organization"},"potentialAction":[{"@type":"SearchAction","target":{"@type":"EntryPoint","urlTemplate":"https:\/\/dicodusport.fr\/blog\/?s={search_term_string}"},"query-input":{"@type":"PropertyValueSpecification","valueRequired":true,"valueName":"search_term_string"}}],"inLanguage":"fr-FR"},{"@type":"NewsMediaOrganization","@id":"https:\/\/dicodusport.fr\/blog\/#organization","name":"Dicodusport","url":"https:\/\/dicodusport.fr\/blog\/","logo":{"@type":"ImageObject","inLanguage":"fr-FR","@id":"https:\/\/dicodusport.fr\/blog\/#\/schema\/logo\/image\/","url":"https:\/\/dicodusport.fr\/blog\/wp-content\/uploads\/2020\/06\/cropped-LOGO-DICODUSPORT-2020-SANS-FOND-SANS-TEXTE.png","contentUrl":"https:\/\/dicodusport.fr\/blog\/wp-content\/uploads\/2020\/06\/cropped-LOGO-DICODUSPORT-2020-SANS-FOND-SANS-TEXTE.png","width":512,"height":512,"caption":"Dicodusport"},"image":{"@id":"https:\/\/dicodusport.fr\/blog\/#\/schema\/logo\/image\/"},"sameAs":["https:\/\/www.facebook.com\/dicodusport","https:\/\/x.com\/dicodusport","https:\/\/www.instagram.com\/dicodusport\/","https:\/\/www.youtube.com\/channel\/UC7V2KZ5sd3htJivAbA4ZG3w"],"description":"Dicodusport est l'encyclop\u00e9die de l'actualit\u00e9 sportive.","email":"bonjour@dicodusport.fr","legalName":"DICODUSPORT","foundingDate":"2018-01-14","vatID":"FR71834470973","taxID":"83447097300043","numberOfEmployees":{"@type":"QuantitativeValue","minValue":"1","maxValue":"10"}},{"@type":"Person","@id":"https:\/\/dicodusport.fr\/blog\/#\/schema\/person\/55dcb50ad410894e431ed812bbb70191","name":"Nicolas Jacquemard","image":{"@type":"ImageObject","inLanguage":"fr-FR","@id":"https:\/\/dicodusport.fr\/blog\/#\/schema\/person\/image\/","url":"https:\/\/dicodusport.fr\/blog\/wp-content\/uploads\/2021\/05\/Nicolas-Jacquemard-150x150.jpeg","contentUrl":"https:\/\/dicodusport.fr\/blog\/wp-content\/uploads\/2021\/05\/Nicolas-Jacquemard-150x150.jpeg","caption":"Nicolas Jacquemard"},"description":"Passionn\u00e9 de sport et entrepreneur depuis mes 18 ans, la cr\u00e9ation de Dicodusport m'a sembl\u00e9 \u00e9vidente pour participer \u00e0 la m\u00e9diatisation d'un plus grand nombre de sports. Le chemin est long mais avec une \u00e9quipe des plus motiv\u00e9es et les Jeux Olympiques de Paris 2024 en point de mire, nous y arriverons ! Journaliste dans le monde du sport depuis plus de 5 ans, je traite aussi bien de football, de rugby, de biathlon que de cyclisme.","sameAs":["https:\/\/www.facebook.com\/dicodusport","https:\/\/x.com\/https:\/\/twitter.com\/Nico_Jacquemard"],"url":"https:\/\/dicodusport.fr\/blog\/author\/dicodusport\/"}]}},"_links":{"self":[{"href":"https:\/\/dicodusport.fr\/blog\/wp-json\/wp\/v2\/posts\/112412","targetHints":{"allow":["GET"]}}],"collection":[{"href":"https:\/\/dicodusport.fr\/blog\/wp-json\/wp\/v2\/posts"}],"about":[{"href":"https:\/\/dicodusport.fr\/blog\/wp-json\/wp\/v2\/types\/post"}],"author":[{"embeddable":true,"href":"https:\/\/dicodusport.fr\/blog\/wp-json\/wp\/v2\/users\/1"}],"replies":[{"embeddable":true,"href":"https:\/\/dicodusport.fr\/blog\/wp-json\/wp\/v2\/comments?post=112412"}],"version-history":[{"count":0,"href":"https:\/\/dicodusport.fr\/blog\/wp-json\/wp\/v2\/posts\/112412\/revisions"}],"wp:featuredmedia":[{"embeddable":true,"href":"https:\/\/dicodusport.fr\/blog\/wp-json\/wp\/v2\/media\/112418"}],"wp:attachment":[{"href":"https:\/\/dicodusport.fr\/blog\/wp-json\/wp\/v2\/media?parent=112412"}],"wp:term":[{"taxonomy":"category","embeddable":true,"href":"https:\/\/dicodusport.fr\/blog\/wp-json\/wp\/v2\/categories?post=112412"},{"taxonomy":"post_tag","embeddable":true,"href":"https:\/\/dicodusport.fr\/blog\/wp-json\/wp\/v2\/tags?post=112412"}],"curies":[{"name":"wp","href":"https:\/\/api.w.org\/{rel}","templated":true}]}}