{"id":112657,"date":"2021-03-11T10:42:43","date_gmt":"2021-03-11T09:42:43","guid":{"rendered":"https:\/\/dicodusport.fr\/blog\/?p=112657&#038;preview=true&#038;preview_id=112657"},"modified":"2021-03-12T16:20:40","modified_gmt":"2021-03-12T15:20:40","slug":"ski-de-vitesse-simon-billy-remporte-la-premiere-coupe-du-monde-de-la-saison-en-suede","status":"publish","type":"post","link":"https:\/\/dicodusport.fr\/blog\/ski-de-vitesse-simon-billy-remporte-la-premiere-coupe-du-monde-de-la-saison-en-suede\/","title":{"rendered":"Ski de vitesse : Simon Billy remporte la premi\u00e8re Coupe du monde de la saison en Su\u00e8de"},"content":{"rendered":"<p style=\"text-align: justify;\"><strong><em>SKI DE VITESSE &#8211; Le Fran\u00e7ais Simon Billy a remport\u00e9 la premi\u00e8re Coupe du monde de ski de vitesse de la saison \u00e0 Idre Fj\u00e4ll, en Su\u00e8de.<\/em><\/strong><\/p>\n<p style=\"text-align: justify;\">Le Fran\u00e7ais <strong>Simon Billy<\/strong>, vice-champion du monde de la discipline en 2019, a atteint la vitesse de 171,47 km\/h pour devancer l&rsquo;Autrichien <strong>Manuel Kramer<\/strong> qui a lui r\u00e9ussi \u00e0 atteindre un peu plus de 169km\/h. En troisi\u00e8me position, l&rsquo;Italien <strong>Simone Origone<\/strong> avec 167,38 km\/h compl\u00e8te le podium. Deuxi\u00e8me Fran\u00e7ais, <strong>Jimmy Montes <\/strong>se classe sixi\u00e8me avec une pointe de vitesse \u00e0 plus de 165 km\/h, \u00e0 moins de deux km\/h du podium. \u00c0 noter que dans cette discipline, chaque athl\u00e8te a trois tentatives pour tenter d&rsquo;atteindre la vitesse maximale. Les skieurs se retrouveront vendredi pour une deuxi\u00e8me \u00e9preuve de Coupe du monde, toujours sur le site su\u00e9dois d&rsquo;Idre Fj\u00e4ll.<\/p>\n<blockquote class=\"twitter-tweet\">\n<p dir=\"ltr\" lang=\"fr\">171,47 km\/h pour la VICTOIRE ! &#x1f1eb;&#x1f1f7;&#x1f3c6;<a href=\"https:\/\/twitter.com\/sym_billy?ref_src=twsrc%5Etfw\">@sym_billy<\/a> remporte la premi\u00e8re Coupe du Monde de Ski de Vitesse de la saison \u00e0 Idre Fjall ! 2 nouvelles courses sont \u00e0 venir en Su\u00e8de.<\/p>\n<p>&#x1f4f8; Louis Billy <a href=\"https:\/\/t.co\/lkqjTcnzHK\">pic.twitter.com\/lkqjTcnzHK<\/a><\/p>\n<p>\u2014 FFS &#8211; F\u00e9d\u00e9ration Fran\u00e7aise de Ski (@FedFranceSki) <a href=\"https:\/\/twitter.com\/FedFranceSki\/status\/1369918128306716672?ref_src=twsrc%5Etfw\">March 11, 2021<\/a><\/p><\/blockquote>\n<p><script async src=\"https:\/\/platform.twitter.com\/widgets.js\" charset=\"utf-8\"><\/script><\/p>\n<p><strong><em>Dicodusport<br \/>\n<a href=\"https:\/\/www.facebook.com\/dicodusport\/\" target=\"_blank\" rel=\"noopener noreferrer\"><img loading=\"lazy\" decoding=\"async\" class=\"alignnone wp-image-2909\" src=\"http:\/\/dicodusport.fr\/blog\/wp-content\/uploads\/2017\/07\/logo-facebook-150x150.png\" alt=\"\" width=\"40\" height=\"40\" \/><\/a><a href=\"https:\/\/twitter.com\/dicodusport\" target=\"_blank\" rel=\"noopener noreferrer\"><img loading=\"lazy\" decoding=\"async\" class=\"alignnone wp-image-2908\" src=\"http:\/\/dicodusport.fr\/blog\/wp-content\/uploads\/2017\/07\/logo-twitter-150x150.png\" alt=\"\" width=\"39\" height=\"39\" \/><\/a><\/em><\/strong><\/p>\n","protected":false},"excerpt":{"rendered":"<p>SKI DE VITESSE &#8211; Le Fran\u00e7ais Simon Billy a remport\u00e9 la premi\u00e8re Coupe du monde de ski de vitesse de la saison \u00e0 Idre Fj\u00e4ll, en Su\u00e8de.<\/p>\n","protected":false},"author":1,"featured_media":112685,"comment_status":"open","ping_status":"closed","sticky":false,"template":"","format":"standard","meta":{"_acf_changed":false,"_daextam_enable_autolinks":"","footnotes":""},"categories":[9217],"tags":[15117,15118],"class_list":["post-112657","post","type-post","status-publish","format-standard","has-post-thumbnail","hentry","category-ski","tag-simon-billy","tag-ski-de-vitesse"],"acf":[],"yoast_head":"<!-- This site is optimized with the Yoast SEO Premium plugin v26.7 (Yoast SEO v26.7) - https:\/\/yoast.com\/wordpress\/plugins\/seo\/ -->\n<title>Ski de vitesse : Simon Billy remporte la premi\u00e8re Coupe du monde de la saison en Su\u00e8de<\/title>\n<meta name=\"description\" content=\"SKI DE VITESSE - Le Fran\u00e7ais Simon Billy a remport\u00e9 la premi\u00e8re Coupe du monde de ski de vitesse de la saison \u00e0 Idre Fj\u00e4ll, en Su\u00e8de.\" \/>\n<meta name=\"robots\" content=\"index, follow, max-snippet:-1, max-image-preview:large, max-video-preview:-1\" \/>\n<link rel=\"canonical\" href=\"https:\/\/dicodusport.fr\/blog\/ski-de-vitesse-simon-billy-remporte-la-premiere-coupe-du-monde-de-la-saison-en-suede\/\" \/>\n<meta property=\"og:locale\" content=\"fr_FR\" \/>\n<meta property=\"og:type\" content=\"article\" \/>\n<meta property=\"og:title\" content=\"Ski de vitesse : Simon Billy remporte la premi\u00e8re Coupe du monde de la saison en Su\u00e8de\" \/>\n<meta property=\"og:description\" content=\"SKI DE VITESSE - Le Fran\u00e7ais Simon Billy a remport\u00e9 la premi\u00e8re Coupe du monde de ski de vitesse de la saison \u00e0 Idre Fj\u00e4ll, en Su\u00e8de.\" \/>\n<meta property=\"og:url\" content=\"https:\/\/dicodusport.fr\/blog\/ski-de-vitesse-simon-billy-remporte-la-premiere-coupe-du-monde-de-la-saison-en-suede\/\" \/>\n<meta property=\"og:site_name\" content=\"Dicodusport\" \/>\n<meta property=\"article:publisher\" content=\"https:\/\/www.facebook.com\/dicodusport\" \/>\n<meta property=\"article:author\" content=\"https:\/\/www.facebook.com\/dicodusport\" \/>\n<meta property=\"article:published_time\" content=\"2021-03-11T09:42:43+00:00\" \/>\n<meta property=\"article:modified_time\" content=\"2021-03-12T15:20:40+00:00\" \/>\n<meta property=\"og:image\" content=\"https:\/\/dicodusport.fr\/blog\/wp-content\/uploads\/2021\/03\/Ski-de-vitesse-Simon-Billy-remporte-la-premiere-Coupe-du-monde-de-la-saison-en-Suede.png\" \/>\n\t<meta property=\"og:image:width\" content=\"800\" \/>\n\t<meta property=\"og:image:height\" content=\"445\" \/>\n\t<meta property=\"og:image:type\" content=\"image\/png\" \/>\n<meta name=\"author\" content=\"Nicolas Jacquemard\" \/>\n<meta name=\"twitter:card\" content=\"summary_large_image\" \/>\n<meta name=\"twitter:title\" content=\"Ski de vitesse : Simon Billy remporte la premi\u00e8re Coupe du monde de la saison en Su\u00e8de\" \/>\n<meta name=\"twitter:creator\" content=\"@https:\/\/twitter.com\/Nico_Jacquemard\" \/>\n<meta name=\"twitter:site\" content=\"@dicodusport\" \/>\n<script type=\"application\/ld+json\" class=\"yoast-schema-graph\">{\"@context\":\"https:\/\/schema.org\",\"@graph\":[{\"@type\":\"NewsArticle\",\"@id\":\"https:\/\/dicodusport.fr\/blog\/ski-de-vitesse-simon-billy-remporte-la-premiere-coupe-du-monde-de-la-saison-en-suede\/#article\",\"isPartOf\":{\"@id\":\"https:\/\/dicodusport.fr\/blog\/ski-de-vitesse-simon-billy-remporte-la-premiere-coupe-du-monde-de-la-saison-en-suede\/\"},\"author\":{\"name\":\"Nicolas Jacquemard\",\"@id\":\"https:\/\/dicodusport.fr\/blog\/#\/schema\/person\/55dcb50ad410894e431ed812bbb70191\"},\"headline\":\"Ski de vitesse : Simon Billy remporte la premi\u00e8re Coupe du monde de la saison en Su\u00e8de\",\"datePublished\":\"2021-03-11T09:42:43+00:00\",\"dateModified\":\"2021-03-12T15:20:40+00:00\",\"mainEntityOfPage\":{\"@id\":\"https:\/\/dicodusport.fr\/blog\/ski-de-vitesse-simon-billy-remporte-la-premiere-coupe-du-monde-de-la-saison-en-suede\/\"},\"wordCount\":228,\"commentCount\":0,\"publisher\":{\"@id\":\"https:\/\/dicodusport.fr\/blog\/#organization\"},\"image\":{\"@id\":\"https:\/\/dicodusport.fr\/blog\/ski-de-vitesse-simon-billy-remporte-la-premiere-coupe-du-monde-de-la-saison-en-suede\/#primaryimage\"},\"thumbnailUrl\":\"https:\/\/dicodusport.fr\/blog\/wp-content\/uploads\/2021\/03\/Ski-de-vitesse-Simon-Billy-remporte-la-premiere-Coupe-du-monde-de-la-saison-en-Suede.png\",\"keywords\":[\"Simon Billy\",\"Ski de vitesse\"],\"articleSection\":[\"Ski\"],\"inLanguage\":\"fr-FR\",\"potentialAction\":[{\"@type\":\"CommentAction\",\"name\":\"Comment\",\"target\":[\"https:\/\/dicodusport.fr\/blog\/ski-de-vitesse-simon-billy-remporte-la-premiere-coupe-du-monde-de-la-saison-en-suede\/#respond\"]}],\"copyrightYear\":\"2021\",\"copyrightHolder\":{\"@id\":\"https:\/\/dicodusport.fr\/blog\/#organization\"}},{\"@type\":\"WebPage\",\"@id\":\"https:\/\/dicodusport.fr\/blog\/ski-de-vitesse-simon-billy-remporte-la-premiere-coupe-du-monde-de-la-saison-en-suede\/\",\"url\":\"https:\/\/dicodusport.fr\/blog\/ski-de-vitesse-simon-billy-remporte-la-premiere-coupe-du-monde-de-la-saison-en-suede\/\",\"name\":\"Ski de vitesse : Simon Billy remporte la premi\u00e8re Coupe du monde de la saison en Su\u00e8de\",\"isPartOf\":{\"@id\":\"https:\/\/dicodusport.fr\/blog\/#website\"},\"primaryImageOfPage\":{\"@id\":\"https:\/\/dicodusport.fr\/blog\/ski-de-vitesse-simon-billy-remporte-la-premiere-coupe-du-monde-de-la-saison-en-suede\/#primaryimage\"},\"image\":{\"@id\":\"https:\/\/dicodusport.fr\/blog\/ski-de-vitesse-simon-billy-remporte-la-premiere-coupe-du-monde-de-la-saison-en-suede\/#primaryimage\"},\"thumbnailUrl\":\"https:\/\/dicodusport.fr\/blog\/wp-content\/uploads\/2021\/03\/Ski-de-vitesse-Simon-Billy-remporte-la-premiere-Coupe-du-monde-de-la-saison-en-Suede.png\",\"datePublished\":\"2021-03-11T09:42:43+00:00\",\"dateModified\":\"2021-03-12T15:20:40+00:00\",\"description\":\"SKI DE VITESSE - Le Fran\u00e7ais Simon Billy a remport\u00e9 la premi\u00e8re Coupe du monde de ski de vitesse de la saison \u00e0 Idre Fj\u00e4ll, en Su\u00e8de.\",\"breadcrumb\":{\"@id\":\"https:\/\/dicodusport.fr\/blog\/ski-de-vitesse-simon-billy-remporte-la-premiere-coupe-du-monde-de-la-saison-en-suede\/#breadcrumb\"},\"inLanguage\":\"fr-FR\",\"potentialAction\":[{\"@type\":\"ReadAction\",\"target\":[\"https:\/\/dicodusport.fr\/blog\/ski-de-vitesse-simon-billy-remporte-la-premiere-coupe-du-monde-de-la-saison-en-suede\/\"]}]},{\"@type\":\"ImageObject\",\"inLanguage\":\"fr-FR\",\"@id\":\"https:\/\/dicodusport.fr\/blog\/ski-de-vitesse-simon-billy-remporte-la-premiere-coupe-du-monde-de-la-saison-en-suede\/#primaryimage\",\"url\":\"https:\/\/dicodusport.fr\/blog\/wp-content\/uploads\/2021\/03\/Ski-de-vitesse-Simon-Billy-remporte-la-premiere-Coupe-du-monde-de-la-saison-en-Suede.png\",\"contentUrl\":\"https:\/\/dicodusport.fr\/blog\/wp-content\/uploads\/2021\/03\/Ski-de-vitesse-Simon-Billy-remporte-la-premiere-Coupe-du-monde-de-la-saison-en-Suede.png\",\"width\":800,\"height\":445,\"caption\":\"Ski de vitesse : Simon Billy remporte la premi\u00e8re Coupe du monde de la saison en Su\u00e8de\"},{\"@type\":\"BreadcrumbList\",\"@id\":\"https:\/\/dicodusport.fr\/blog\/ski-de-vitesse-simon-billy-remporte-la-premiere-coupe-du-monde-de-la-saison-en-suede\/#breadcrumb\",\"itemListElement\":[{\"@type\":\"ListItem\",\"position\":1,\"name\":\"Accueil\",\"item\":\"https:\/\/dicodusport.fr\/blog\/\"},{\"@type\":\"ListItem\",\"position\":2,\"name\":\"Ski de vitesse : Simon Billy remporte la premi\u00e8re Coupe du monde de la saison en Su\u00e8de\"}]},{\"@type\":\"WebSite\",\"@id\":\"https:\/\/dicodusport.fr\/blog\/#website\",\"url\":\"https:\/\/dicodusport.fr\/blog\/\",\"name\":\"Dicodusport\",\"description\":\"L&#039;encyclop\u00e9die de l&#039;actualit\u00e9 sportive\",\"publisher\":{\"@id\":\"https:\/\/dicodusport.fr\/blog\/#organization\"},\"potentialAction\":[{\"@type\":\"SearchAction\",\"target\":{\"@type\":\"EntryPoint\",\"urlTemplate\":\"https:\/\/dicodusport.fr\/blog\/?s={search_term_string}\"},\"query-input\":{\"@type\":\"PropertyValueSpecification\",\"valueRequired\":true,\"valueName\":\"search_term_string\"}}],\"inLanguage\":\"fr-FR\"},{\"@type\":\"NewsMediaOrganization\",\"@id\":\"https:\/\/dicodusport.fr\/blog\/#organization\",\"name\":\"Dicodusport\",\"url\":\"https:\/\/dicodusport.fr\/blog\/\",\"logo\":{\"@type\":\"ImageObject\",\"inLanguage\":\"fr-FR\",\"@id\":\"https:\/\/dicodusport.fr\/blog\/#\/schema\/logo\/image\/\",\"url\":\"https:\/\/dicodusport.fr\/blog\/wp-content\/uploads\/2020\/06\/cropped-LOGO-DICODUSPORT-2020-SANS-FOND-SANS-TEXTE.png\",\"contentUrl\":\"https:\/\/dicodusport.fr\/blog\/wp-content\/uploads\/2020\/06\/cropped-LOGO-DICODUSPORT-2020-SANS-FOND-SANS-TEXTE.png\",\"width\":512,\"height\":512,\"caption\":\"Dicodusport\"},\"image\":{\"@id\":\"https:\/\/dicodusport.fr\/blog\/#\/schema\/logo\/image\/\"},\"sameAs\":[\"https:\/\/www.facebook.com\/dicodusport\",\"https:\/\/x.com\/dicodusport\",\"https:\/\/www.instagram.com\/dicodusport\/\",\"https:\/\/www.youtube.com\/channel\/UC7V2KZ5sd3htJivAbA4ZG3w\"],\"description\":\"Dicodusport est l'encyclop\u00e9die de l'actualit\u00e9 sportive.\",\"email\":\"bonjour@dicodusport.fr\",\"legalName\":\"DICODUSPORT\",\"foundingDate\":\"2018-01-14\",\"vatID\":\"FR71834470973\",\"taxID\":\"83447097300043\",\"numberOfEmployees\":{\"@type\":\"QuantitativeValue\",\"minValue\":\"1\",\"maxValue\":\"10\"}},{\"@type\":\"Person\",\"@id\":\"https:\/\/dicodusport.fr\/blog\/#\/schema\/person\/55dcb50ad410894e431ed812bbb70191\",\"name\":\"Nicolas Jacquemard\",\"image\":{\"@type\":\"ImageObject\",\"inLanguage\":\"fr-FR\",\"@id\":\"https:\/\/dicodusport.fr\/blog\/#\/schema\/person\/image\/\",\"url\":\"https:\/\/dicodusport.fr\/blog\/wp-content\/uploads\/2021\/05\/Nicolas-Jacquemard-150x150.jpeg\",\"contentUrl\":\"https:\/\/dicodusport.fr\/blog\/wp-content\/uploads\/2021\/05\/Nicolas-Jacquemard-150x150.jpeg\",\"caption\":\"Nicolas Jacquemard\"},\"description\":\"Passionn\u00e9 de sport et entrepreneur depuis mes 18 ans, la cr\u00e9ation de Dicodusport m'a sembl\u00e9 \u00e9vidente pour participer \u00e0 la m\u00e9diatisation d'un plus grand nombre de sports. Le chemin est long mais avec une \u00e9quipe des plus motiv\u00e9es et les Jeux Olympiques de Paris 2024 en point de mire, nous y arriverons ! Journaliste dans le monde du sport depuis plus de 5 ans, je traite aussi bien de football, de rugby, de biathlon que de cyclisme.\",\"sameAs\":[\"https:\/\/www.facebook.com\/dicodusport\",\"https:\/\/x.com\/https:\/\/twitter.com\/Nico_Jacquemard\"],\"url\":\"https:\/\/dicodusport.fr\/blog\/author\/dicodusport\/\"}]}<\/script>\n<!-- \/ Yoast SEO Premium plugin. -->","yoast_head_json":{"title":"Ski de vitesse : Simon Billy remporte la premi\u00e8re Coupe du monde de la saison en Su\u00e8de","description":"SKI DE VITESSE - Le Fran\u00e7ais Simon Billy a remport\u00e9 la premi\u00e8re Coupe du monde de ski de vitesse de la saison \u00e0 Idre Fj\u00e4ll, en Su\u00e8de.","robots":{"index":"index","follow":"follow","max-snippet":"max-snippet:-1","max-image-preview":"max-image-preview:large","max-video-preview":"max-video-preview:-1"},"canonical":"https:\/\/dicodusport.fr\/blog\/ski-de-vitesse-simon-billy-remporte-la-premiere-coupe-du-monde-de-la-saison-en-suede\/","og_locale":"fr_FR","og_type":"article","og_title":"Ski de vitesse : Simon Billy remporte la premi\u00e8re Coupe du monde de la saison en Su\u00e8de","og_description":"SKI DE VITESSE - Le Fran\u00e7ais Simon Billy a remport\u00e9 la premi\u00e8re Coupe du monde de ski de vitesse de la saison \u00e0 Idre Fj\u00e4ll, en Su\u00e8de.","og_url":"https:\/\/dicodusport.fr\/blog\/ski-de-vitesse-simon-billy-remporte-la-premiere-coupe-du-monde-de-la-saison-en-suede\/","og_site_name":"Dicodusport","article_publisher":"https:\/\/www.facebook.com\/dicodusport","article_author":"https:\/\/www.facebook.com\/dicodusport","article_published_time":"2021-03-11T09:42:43+00:00","article_modified_time":"2021-03-12T15:20:40+00:00","og_image":[{"width":800,"height":445,"url":"https:\/\/dicodusport.fr\/blog\/wp-content\/uploads\/2021\/03\/Ski-de-vitesse-Simon-Billy-remporte-la-premiere-Coupe-du-monde-de-la-saison-en-Suede.png","type":"image\/png"}],"author":"Nicolas Jacquemard","twitter_card":"summary_large_image","twitter_title":"Ski de vitesse : Simon Billy remporte la premi\u00e8re Coupe du monde de la saison en Su\u00e8de","twitter_creator":"@https:\/\/twitter.com\/Nico_Jacquemard","twitter_site":"@dicodusport","schema":{"@context":"https:\/\/schema.org","@graph":[{"@type":"NewsArticle","@id":"https:\/\/dicodusport.fr\/blog\/ski-de-vitesse-simon-billy-remporte-la-premiere-coupe-du-monde-de-la-saison-en-suede\/#article","isPartOf":{"@id":"https:\/\/dicodusport.fr\/blog\/ski-de-vitesse-simon-billy-remporte-la-premiere-coupe-du-monde-de-la-saison-en-suede\/"},"author":{"name":"Nicolas Jacquemard","@id":"https:\/\/dicodusport.fr\/blog\/#\/schema\/person\/55dcb50ad410894e431ed812bbb70191"},"headline":"Ski de vitesse : Simon Billy remporte la premi\u00e8re Coupe du monde de la saison en Su\u00e8de","datePublished":"2021-03-11T09:42:43+00:00","dateModified":"2021-03-12T15:20:40+00:00","mainEntityOfPage":{"@id":"https:\/\/dicodusport.fr\/blog\/ski-de-vitesse-simon-billy-remporte-la-premiere-coupe-du-monde-de-la-saison-en-suede\/"},"wordCount":228,"commentCount":0,"publisher":{"@id":"https:\/\/dicodusport.fr\/blog\/#organization"},"image":{"@id":"https:\/\/dicodusport.fr\/blog\/ski-de-vitesse-simon-billy-remporte-la-premiere-coupe-du-monde-de-la-saison-en-suede\/#primaryimage"},"thumbnailUrl":"https:\/\/dicodusport.fr\/blog\/wp-content\/uploads\/2021\/03\/Ski-de-vitesse-Simon-Billy-remporte-la-premiere-Coupe-du-monde-de-la-saison-en-Suede.png","keywords":["Simon Billy","Ski de vitesse"],"articleSection":["Ski"],"inLanguage":"fr-FR","potentialAction":[{"@type":"CommentAction","name":"Comment","target":["https:\/\/dicodusport.fr\/blog\/ski-de-vitesse-simon-billy-remporte-la-premiere-coupe-du-monde-de-la-saison-en-suede\/#respond"]}],"copyrightYear":"2021","copyrightHolder":{"@id":"https:\/\/dicodusport.fr\/blog\/#organization"}},{"@type":"WebPage","@id":"https:\/\/dicodusport.fr\/blog\/ski-de-vitesse-simon-billy-remporte-la-premiere-coupe-du-monde-de-la-saison-en-suede\/","url":"https:\/\/dicodusport.fr\/blog\/ski-de-vitesse-simon-billy-remporte-la-premiere-coupe-du-monde-de-la-saison-en-suede\/","name":"Ski de vitesse : Simon Billy remporte la premi\u00e8re Coupe du monde de la saison en Su\u00e8de","isPartOf":{"@id":"https:\/\/dicodusport.fr\/blog\/#website"},"primaryImageOfPage":{"@id":"https:\/\/dicodusport.fr\/blog\/ski-de-vitesse-simon-billy-remporte-la-premiere-coupe-du-monde-de-la-saison-en-suede\/#primaryimage"},"image":{"@id":"https:\/\/dicodusport.fr\/blog\/ski-de-vitesse-simon-billy-remporte-la-premiere-coupe-du-monde-de-la-saison-en-suede\/#primaryimage"},"thumbnailUrl":"https:\/\/dicodusport.fr\/blog\/wp-content\/uploads\/2021\/03\/Ski-de-vitesse-Simon-Billy-remporte-la-premiere-Coupe-du-monde-de-la-saison-en-Suede.png","datePublished":"2021-03-11T09:42:43+00:00","dateModified":"2021-03-12T15:20:40+00:00","description":"SKI DE VITESSE - Le Fran\u00e7ais Simon Billy a remport\u00e9 la premi\u00e8re Coupe du monde de ski de vitesse de la saison \u00e0 Idre Fj\u00e4ll, en Su\u00e8de.","breadcrumb":{"@id":"https:\/\/dicodusport.fr\/blog\/ski-de-vitesse-simon-billy-remporte-la-premiere-coupe-du-monde-de-la-saison-en-suede\/#breadcrumb"},"inLanguage":"fr-FR","potentialAction":[{"@type":"ReadAction","target":["https:\/\/dicodusport.fr\/blog\/ski-de-vitesse-simon-billy-remporte-la-premiere-coupe-du-monde-de-la-saison-en-suede\/"]}]},{"@type":"ImageObject","inLanguage":"fr-FR","@id":"https:\/\/dicodusport.fr\/blog\/ski-de-vitesse-simon-billy-remporte-la-premiere-coupe-du-monde-de-la-saison-en-suede\/#primaryimage","url":"https:\/\/dicodusport.fr\/blog\/wp-content\/uploads\/2021\/03\/Ski-de-vitesse-Simon-Billy-remporte-la-premiere-Coupe-du-monde-de-la-saison-en-Suede.png","contentUrl":"https:\/\/dicodusport.fr\/blog\/wp-content\/uploads\/2021\/03\/Ski-de-vitesse-Simon-Billy-remporte-la-premiere-Coupe-du-monde-de-la-saison-en-Suede.png","width":800,"height":445,"caption":"Ski de vitesse : Simon Billy remporte la premi\u00e8re Coupe du monde de la saison en Su\u00e8de"},{"@type":"BreadcrumbList","@id":"https:\/\/dicodusport.fr\/blog\/ski-de-vitesse-simon-billy-remporte-la-premiere-coupe-du-monde-de-la-saison-en-suede\/#breadcrumb","itemListElement":[{"@type":"ListItem","position":1,"name":"Accueil","item":"https:\/\/dicodusport.fr\/blog\/"},{"@type":"ListItem","position":2,"name":"Ski de vitesse : Simon Billy remporte la premi\u00e8re Coupe du monde de la saison en Su\u00e8de"}]},{"@type":"WebSite","@id":"https:\/\/dicodusport.fr\/blog\/#website","url":"https:\/\/dicodusport.fr\/blog\/","name":"Dicodusport","description":"L&#039;encyclop\u00e9die de l&#039;actualit\u00e9 sportive","publisher":{"@id":"https:\/\/dicodusport.fr\/blog\/#organization"},"potentialAction":[{"@type":"SearchAction","target":{"@type":"EntryPoint","urlTemplate":"https:\/\/dicodusport.fr\/blog\/?s={search_term_string}"},"query-input":{"@type":"PropertyValueSpecification","valueRequired":true,"valueName":"search_term_string"}}],"inLanguage":"fr-FR"},{"@type":"NewsMediaOrganization","@id":"https:\/\/dicodusport.fr\/blog\/#organization","name":"Dicodusport","url":"https:\/\/dicodusport.fr\/blog\/","logo":{"@type":"ImageObject","inLanguage":"fr-FR","@id":"https:\/\/dicodusport.fr\/blog\/#\/schema\/logo\/image\/","url":"https:\/\/dicodusport.fr\/blog\/wp-content\/uploads\/2020\/06\/cropped-LOGO-DICODUSPORT-2020-SANS-FOND-SANS-TEXTE.png","contentUrl":"https:\/\/dicodusport.fr\/blog\/wp-content\/uploads\/2020\/06\/cropped-LOGO-DICODUSPORT-2020-SANS-FOND-SANS-TEXTE.png","width":512,"height":512,"caption":"Dicodusport"},"image":{"@id":"https:\/\/dicodusport.fr\/blog\/#\/schema\/logo\/image\/"},"sameAs":["https:\/\/www.facebook.com\/dicodusport","https:\/\/x.com\/dicodusport","https:\/\/www.instagram.com\/dicodusport\/","https:\/\/www.youtube.com\/channel\/UC7V2KZ5sd3htJivAbA4ZG3w"],"description":"Dicodusport est l'encyclop\u00e9die de l'actualit\u00e9 sportive.","email":"bonjour@dicodusport.fr","legalName":"DICODUSPORT","foundingDate":"2018-01-14","vatID":"FR71834470973","taxID":"83447097300043","numberOfEmployees":{"@type":"QuantitativeValue","minValue":"1","maxValue":"10"}},{"@type":"Person","@id":"https:\/\/dicodusport.fr\/blog\/#\/schema\/person\/55dcb50ad410894e431ed812bbb70191","name":"Nicolas Jacquemard","image":{"@type":"ImageObject","inLanguage":"fr-FR","@id":"https:\/\/dicodusport.fr\/blog\/#\/schema\/person\/image\/","url":"https:\/\/dicodusport.fr\/blog\/wp-content\/uploads\/2021\/05\/Nicolas-Jacquemard-150x150.jpeg","contentUrl":"https:\/\/dicodusport.fr\/blog\/wp-content\/uploads\/2021\/05\/Nicolas-Jacquemard-150x150.jpeg","caption":"Nicolas Jacquemard"},"description":"Passionn\u00e9 de sport et entrepreneur depuis mes 18 ans, la cr\u00e9ation de Dicodusport m'a sembl\u00e9 \u00e9vidente pour participer \u00e0 la m\u00e9diatisation d'un plus grand nombre de sports. Le chemin est long mais avec une \u00e9quipe des plus motiv\u00e9es et les Jeux Olympiques de Paris 2024 en point de mire, nous y arriverons ! Journaliste dans le monde du sport depuis plus de 5 ans, je traite aussi bien de football, de rugby, de biathlon que de cyclisme.","sameAs":["https:\/\/www.facebook.com\/dicodusport","https:\/\/x.com\/https:\/\/twitter.com\/Nico_Jacquemard"],"url":"https:\/\/dicodusport.fr\/blog\/author\/dicodusport\/"}]}},"_links":{"self":[{"href":"https:\/\/dicodusport.fr\/blog\/wp-json\/wp\/v2\/posts\/112657","targetHints":{"allow":["GET"]}}],"collection":[{"href":"https:\/\/dicodusport.fr\/blog\/wp-json\/wp\/v2\/posts"}],"about":[{"href":"https:\/\/dicodusport.fr\/blog\/wp-json\/wp\/v2\/types\/post"}],"author":[{"embeddable":true,"href":"https:\/\/dicodusport.fr\/blog\/wp-json\/wp\/v2\/users\/1"}],"replies":[{"embeddable":true,"href":"https:\/\/dicodusport.fr\/blog\/wp-json\/wp\/v2\/comments?post=112657"}],"version-history":[{"count":0,"href":"https:\/\/dicodusport.fr\/blog\/wp-json\/wp\/v2\/posts\/112657\/revisions"}],"wp:featuredmedia":[{"embeddable":true,"href":"https:\/\/dicodusport.fr\/blog\/wp-json\/wp\/v2\/media\/112685"}],"wp:attachment":[{"href":"https:\/\/dicodusport.fr\/blog\/wp-json\/wp\/v2\/media?parent=112657"}],"wp:term":[{"taxonomy":"category","embeddable":true,"href":"https:\/\/dicodusport.fr\/blog\/wp-json\/wp\/v2\/categories?post=112657"},{"taxonomy":"post_tag","embeddable":true,"href":"https:\/\/dicodusport.fr\/blog\/wp-json\/wp\/v2\/tags?post=112657"}],"curies":[{"name":"wp","href":"https:\/\/api.w.org\/{rel}","templated":true}]}}