{"id":112849,"date":"2021-03-11T18:27:53","date_gmt":"2021-03-11T17:27:53","guid":{"rendered":"https:\/\/dicodusport.fr\/blog\/?p=112849&#038;preview=true&#038;preview_id=112849"},"modified":"2021-03-11T20:12:07","modified_gmt":"2021-03-11T19:12:07","slug":"nove-mesto-quentin-fillon-maillet-remporte-sprint-en-patron","status":"publish","type":"post","link":"https:\/\/dicodusport.fr\/blog\/nove-mesto-quentin-fillon-maillet-remporte-sprint-en-patron\/","title":{"rendered":"Nove Mesto : Quentin Fillon Maillet remporte le sprint en patron !"},"content":{"rendered":"<p style=\"text-align: justify;\"><strong><em><a href=\"https:\/\/dicodusport.fr\/blog\/biathlon-nove-mesto-programme-complet-9eme-etape-coupe-du-monde\/\" target=\"_blank\" rel=\"noopener\">BIATHLON &#8211; NOVE MESTO<\/a> &#8211; Il est enfin r\u00e9compens\u00e9 ! Quentin Fillon Maillet a remport\u00e9 ce jeudi le deuxi\u00e8me sprint de Nove Mesto (R\u00e9publique Tch\u00e8que). Le Fran\u00e7ais a \u00e9t\u00e9 imp\u00e9rial sur la piste (2\u00e8me temps \u00e0 3 secondes de J. Boe) et derri\u00e8re la carabine, avec un 10\/10. Il devance le Norv\u00e9gien Tarjei Boe et l&rsquo;Italien Lukas Hofer.\u00a0<\/em><\/strong><\/p>\n<p style=\"text-align: justify;\">D\u00e9cid\u00e9ment, les Bleus aiment les sprints \u00e0 Nove Mesto. Apr\u00e8s la premi\u00e8re victoire en Coupe du monde de <strong>Simon Desthieux<\/strong> la semaine pass\u00e9e sur le premier sprint tch\u00e8que, <strong>Quentin Fillon Maillet<\/strong> est all\u00e9 chercher son cinqui\u00e8me succ\u00e8s sur le circuit, le premier sur le sprint ! Le Jurassien a tout simplement \u00e9t\u00e9 imp\u00e9rial, avec un 10\/10 face aux cibles, et, s&rsquo;il vous pla\u00eet, un deuxi\u00e8me temps de ski \u00e0 seulement trois secondes de <strong>Johannes Boe<\/strong>. <em>QFM<\/em> d\u00e9croche sa deuxi\u00e8me victoire cette saison apr\u00e8s une poursuite \u00e0 Hochfilzen. M\u00e9daill\u00e9 de bronze sur la mass start des Mondiaux, le biathl\u00e8te natif de Champagnole est enfin r\u00e9compens\u00e9, lui qui est, sans doute, le plus r\u00e9gulier du circuit depuis le d\u00e9but du mois de janvier.<\/p>\n<h2 style=\"text-align: justify;\">Les Bleus en forme<\/h2>\n<p style=\"text-align: justify;\">Au-del\u00e0 de la victoire de Fillon Maillet, c&rsquo;est toute l&rsquo;\u00e9quipe de France qui a perform\u00e9 aujourd&rsquo;hui. Quatri\u00e8me, <strong>\u00c9milien Jacquelin<\/strong> (10\/10) se place pour la poursuite, puisqu&rsquo;il partira \u00e0 22 secondes de son compatriote, une belle performance dans l&rsquo;optique du petit globe de la sp\u00e9cialit\u00e9. Un troisi\u00e8me Fran\u00e7ais a particip\u00e9 \u00e0 la c\u00e9r\u00e9monie des fleurs : <strong>Antonin Guigonnat<\/strong>, 6\u00e8me avec un 9\/10, mais surtout avec le 3\u00e8me temps de ski, s&rsquo;\u00e9lancera \u00e0 23 secondes sur la poursuite. 21\u00e8me, <strong>Simon Desthieux<\/strong> (9\/10) reste dans les clous pour une belle performance sur la poursuite, une place devant <strong>Fabien Claude<\/strong> (22\u00e8me, 9\/10). Ces deux derniers partiront \u00e0 56 secondes de la t\u00eate.<\/p>\n<blockquote class=\"twitter-tweet\">\n<p dir=\"ltr\" lang=\"fr\">&#x1f60d;&#x1f1eb;&#x1f1f7; Quentin Fillon Maillet en termine avec le premier temps provisoire !! &#x1f60d;&#x1f1eb;&#x1f1f7;<\/p>\n<p>&#x1f4f1;&#x1f5a5;&#x1f4fa; Suivez la course en direct &gt; <a href=\"https:\/\/t.co\/tb9fBxU40p\">https:\/\/t.co\/tb9fBxU40p<\/a><a href=\"https:\/\/twitter.com\/hashtag\/lequipeBIATHLON?src=hash&amp;ref_src=twsrc%5Etfw\">#lequipeBIATHLON<\/a> <a href=\"https:\/\/t.co\/YU9MkCc1jY\">pic.twitter.com\/YU9MkCc1jY<\/a><\/p>\n<p>\u2014 la chaine L&rsquo;\u00c9quipe (@lachainelequipe) <a href=\"https:\/\/twitter.com\/lachainelequipe\/status\/1370058091182628868?ref_src=twsrc%5Etfw\">March 11, 2021<\/a><\/p><\/blockquote>\n<p><script async src=\"https:\/\/platform.twitter.com\/widgets.js\" charset=\"utf-8\"><\/script><\/p>\n<h2 style=\"text-align: justify;\">Laegreid grappille sur J. Boe<\/h2>\n<p style=\"text-align: justify;\">L&rsquo;autre information de ce sprint, c&rsquo;est bien la mauvaise op\u00e9ration de <strong>Johannes Boe<\/strong>. Neuvi\u00e8me, avec un 8\/10 et ses deux fautes sur le tir couch\u00e9, le leader du g\u00e9n\u00e9ral de la Coupe du monde a, en plus, \u00e9t\u00e9 moins dominant sur les skis, en ne reprenant rien, par exemple, sur son fr\u00e8re <strong>Tarjei Boe<\/strong> et \u00e0 <strong>Quentin Fillon Maillet<\/strong> dans le dernier tour. De son c\u00f4t\u00e9, <strong>Sturla Laegreid<\/strong>, malgr\u00e9 une erreur son son tir debout, se classe 5\u00e8me. Ce dernier revient \u00e0 25 points du cadet des fr\u00e8res Boe au g\u00e9n\u00e9ral. Le suspense reste entier pour le gros globe.<\/p>\n<h2 style=\"text-align: justify;\">\u00c0 lire aussi<\/h2>\n<ul style=\"text-align: justify;\">\n<li><strong><a href=\"https:\/\/dicodusport.fr\/blog\/biathlon-nove-mesto-classement-deuxieme-sprint-hommes\/\" target=\"_blank\" rel=\"noopener\">Nove Mesto : le classement du deuxi\u00e8me sprint hommes<\/a>\u00a0<\/strong><\/li>\n<li style=\"text-align: justify;\"><a href=\"https:\/\/dicodusport.fr\/blog\/biathlon-nove-mesto-classement-deuxieme-sprint-hommes\/\" target=\"_blank\" rel=\"noopener\"><strong>Le classement g\u00e9n\u00e9ral de la Coupe du monde de biathlon 2020\/2021<\/strong><\/a><\/li>\n<\/ul>\n<p style=\"text-align: justify;\"><strong><em>Dicodusport<br \/>\n<a href=\"https:\/\/www.facebook.com\/dicodusport\/\" target=\"_blank\" rel=\"noopener noreferrer\"><img loading=\"lazy\" decoding=\"async\" class=\"alignnone wp-image-2909\" src=\"http:\/\/dicodusport.fr\/blog\/wp-content\/uploads\/2017\/07\/logo-facebook-150x150.png\" alt=\"\" width=\"40\" height=\"40\" \/><\/a><a href=\"https:\/\/twitter.com\/dicodusport\" target=\"_blank\" rel=\"noopener noreferrer\"><img loading=\"lazy\" decoding=\"async\" class=\"alignnone wp-image-2908\" src=\"http:\/\/dicodusport.fr\/blog\/wp-content\/uploads\/2017\/07\/logo-twitter-150x150.png\" alt=\"\" width=\"39\" height=\"39\" \/><\/a><\/em><\/strong><\/p>\n","protected":false},"excerpt":{"rendered":"<p>BIATHLON &#8211; NOVE MESTO &#8211; Il est enfin r\u00e9compens\u00e9 ! Quentin Fillon Maillet a remport\u00e9 ce jeudi le deuxi\u00e8me sprint de Nove Mesto (R\u00e9publique Tch\u00e8que). Le Fran\u00e7ais a \u00e9t\u00e9 imp\u00e9rial sur la piste (2\u00e8me temps \u00e0 3 secondes de J. Boe) et derri\u00e8re la carabine, avec un 10\/10. Il devance le Norv\u00e9gien Tarjei Boe et l&rsquo;Italien Lukas Hofer.\u00a0<\/p>\n","protected":false},"author":4,"featured_media":112870,"comment_status":"open","ping_status":"closed","sticky":false,"template":"","format":"standard","meta":{"_acf_changed":false,"_daextam_enable_autolinks":"","footnotes":""},"categories":[47040],"tags":[14874,24],"class_list":["post-112849","post","type-post","status-publish","format-standard","has-post-thumbnail","hentry","category-coupe-du-monde-de-biathlon","tag-biathlon-nove-mesto","tag-sport"],"acf":[],"yoast_head":"<!-- This site is optimized with the Yoast SEO Premium plugin v26.7 (Yoast SEO v26.7) - https:\/\/yoast.com\/wordpress\/plugins\/seo\/ -->\n<title>Nove Mesto : Quentin Fillon Maillet remporte le sprint en patron !<\/title>\n<meta name=\"description\" content=\"BIATHLON - NOVE MESTO - Quentin Fillon Maillet a remport\u00e9 ce jeudi le deuxi\u00e8me sprint de Nove Mesto (R\u00e9publique Tch\u00e8que).\" \/>\n<meta name=\"robots\" content=\"index, follow, max-snippet:-1, max-image-preview:large, max-video-preview:-1\" \/>\n<link rel=\"canonical\" href=\"https:\/\/dicodusport.fr\/blog\/nove-mesto-quentin-fillon-maillet-remporte-sprint-en-patron\/\" \/>\n<meta property=\"og:locale\" content=\"fr_FR\" \/>\n<meta property=\"og:type\" content=\"article\" \/>\n<meta property=\"og:title\" content=\"Nove Mesto : Quentin Fillon Maillet remporte le sprint en patron !\" \/>\n<meta property=\"og:description\" content=\"BIATHLON - NOVE MESTO - Quentin Fillon Maillet a remport\u00e9 ce jeudi le deuxi\u00e8me sprint de Nove Mesto (R\u00e9publique Tch\u00e8que).\" \/>\n<meta property=\"og:url\" content=\"https:\/\/dicodusport.fr\/blog\/nove-mesto-quentin-fillon-maillet-remporte-sprint-en-patron\/\" \/>\n<meta property=\"og:site_name\" content=\"Dicodusport\" \/>\n<meta property=\"article:publisher\" content=\"https:\/\/www.facebook.com\/dicodusport\" \/>\n<meta property=\"article:author\" content=\"https:\/\/www.facebook.com\/florent.ostermann\" \/>\n<meta property=\"article:published_time\" content=\"2021-03-11T17:27:53+00:00\" \/>\n<meta property=\"article:modified_time\" content=\"2021-03-11T19:12:07+00:00\" \/>\n<meta property=\"og:image\" content=\"https:\/\/dicodusport.fr\/blog\/wp-content\/uploads\/2021\/03\/Nove-Mesto-Quentin-Fillon-Maillet-remporte-le-sprint-en-patron.png\" \/>\n\t<meta property=\"og:image:width\" content=\"800\" \/>\n\t<meta property=\"og:image:height\" content=\"445\" \/>\n\t<meta property=\"og:image:type\" content=\"image\/png\" \/>\n<meta name=\"author\" content=\"Flo Ostermann\" \/>\n<meta name=\"twitter:card\" content=\"summary_large_image\" \/>\n<meta name=\"twitter:title\" content=\"Nove Mesto : Quentin Fillon Maillet remporte le sprint en patron !\" \/>\n<meta name=\"twitter:creator\" content=\"@https:\/\/twitter.com\/FlOstermann\" \/>\n<meta name=\"twitter:site\" content=\"@dicodusport\" \/>\n<script type=\"application\/ld+json\" class=\"yoast-schema-graph\">{\"@context\":\"https:\/\/schema.org\",\"@graph\":[{\"@type\":\"NewsArticle\",\"@id\":\"https:\/\/dicodusport.fr\/blog\/nove-mesto-quentin-fillon-maillet-remporte-sprint-en-patron\/#article\",\"isPartOf\":{\"@id\":\"https:\/\/dicodusport.fr\/blog\/nove-mesto-quentin-fillon-maillet-remporte-sprint-en-patron\/\"},\"author\":{\"name\":\"Flo Ostermann\",\"@id\":\"https:\/\/dicodusport.fr\/blog\/#\/schema\/person\/cb02af4c173ce4a653b55e9baf388d4a\"},\"headline\":\"Nove Mesto : Quentin Fillon Maillet remporte le sprint en patron !\",\"datePublished\":\"2021-03-11T17:27:53+00:00\",\"dateModified\":\"2021-03-11T19:12:07+00:00\",\"mainEntityOfPage\":{\"@id\":\"https:\/\/dicodusport.fr\/blog\/nove-mesto-quentin-fillon-maillet-remporte-sprint-en-patron\/\"},\"wordCount\":519,\"commentCount\":0,\"publisher\":{\"@id\":\"https:\/\/dicodusport.fr\/blog\/#organization\"},\"image\":{\"@id\":\"https:\/\/dicodusport.fr\/blog\/nove-mesto-quentin-fillon-maillet-remporte-sprint-en-patron\/#primaryimage\"},\"thumbnailUrl\":\"https:\/\/dicodusport.fr\/blog\/wp-content\/uploads\/2021\/03\/Nove-Mesto-Quentin-Fillon-Maillet-remporte-le-sprint-en-patron.png\",\"keywords\":[\"Biathlon Nove Mesto\",\"sport\"],\"articleSection\":[\"Coupe du monde de biathlon\"],\"inLanguage\":\"fr-FR\",\"potentialAction\":[{\"@type\":\"CommentAction\",\"name\":\"Comment\",\"target\":[\"https:\/\/dicodusport.fr\/blog\/nove-mesto-quentin-fillon-maillet-remporte-sprint-en-patron\/#respond\"]}],\"copyrightYear\":\"2021\",\"copyrightHolder\":{\"@id\":\"https:\/\/dicodusport.fr\/blog\/#organization\"}},{\"@type\":\"WebPage\",\"@id\":\"https:\/\/dicodusport.fr\/blog\/nove-mesto-quentin-fillon-maillet-remporte-sprint-en-patron\/\",\"url\":\"https:\/\/dicodusport.fr\/blog\/nove-mesto-quentin-fillon-maillet-remporte-sprint-en-patron\/\",\"name\":\"Nove Mesto : Quentin Fillon Maillet remporte le sprint en patron !\",\"isPartOf\":{\"@id\":\"https:\/\/dicodusport.fr\/blog\/#website\"},\"primaryImageOfPage\":{\"@id\":\"https:\/\/dicodusport.fr\/blog\/nove-mesto-quentin-fillon-maillet-remporte-sprint-en-patron\/#primaryimage\"},\"image\":{\"@id\":\"https:\/\/dicodusport.fr\/blog\/nove-mesto-quentin-fillon-maillet-remporte-sprint-en-patron\/#primaryimage\"},\"thumbnailUrl\":\"https:\/\/dicodusport.fr\/blog\/wp-content\/uploads\/2021\/03\/Nove-Mesto-Quentin-Fillon-Maillet-remporte-le-sprint-en-patron.png\",\"datePublished\":\"2021-03-11T17:27:53+00:00\",\"dateModified\":\"2021-03-11T19:12:07+00:00\",\"description\":\"BIATHLON - NOVE MESTO - Quentin Fillon Maillet a remport\u00e9 ce jeudi le deuxi\u00e8me sprint de Nove Mesto (R\u00e9publique Tch\u00e8que).\",\"breadcrumb\":{\"@id\":\"https:\/\/dicodusport.fr\/blog\/nove-mesto-quentin-fillon-maillet-remporte-sprint-en-patron\/#breadcrumb\"},\"inLanguage\":\"fr-FR\",\"potentialAction\":[{\"@type\":\"ReadAction\",\"target\":[\"https:\/\/dicodusport.fr\/blog\/nove-mesto-quentin-fillon-maillet-remporte-sprint-en-patron\/\"]}]},{\"@type\":\"ImageObject\",\"inLanguage\":\"fr-FR\",\"@id\":\"https:\/\/dicodusport.fr\/blog\/nove-mesto-quentin-fillon-maillet-remporte-sprint-en-patron\/#primaryimage\",\"url\":\"https:\/\/dicodusport.fr\/blog\/wp-content\/uploads\/2021\/03\/Nove-Mesto-Quentin-Fillon-Maillet-remporte-le-sprint-en-patron.png\",\"contentUrl\":\"https:\/\/dicodusport.fr\/blog\/wp-content\/uploads\/2021\/03\/Nove-Mesto-Quentin-Fillon-Maillet-remporte-le-sprint-en-patron.png\",\"width\":800,\"height\":445,\"caption\":\"Nove Mesto : Quentin Fillon Maillet remporte le sprint en patron !\"},{\"@type\":\"BreadcrumbList\",\"@id\":\"https:\/\/dicodusport.fr\/blog\/nove-mesto-quentin-fillon-maillet-remporte-sprint-en-patron\/#breadcrumb\",\"itemListElement\":[{\"@type\":\"ListItem\",\"position\":1,\"name\":\"Accueil\",\"item\":\"https:\/\/dicodusport.fr\/blog\/\"},{\"@type\":\"ListItem\",\"position\":2,\"name\":\"Nove Mesto : Quentin Fillon Maillet remporte le sprint en patron !\"}]},{\"@type\":\"WebSite\",\"@id\":\"https:\/\/dicodusport.fr\/blog\/#website\",\"url\":\"https:\/\/dicodusport.fr\/blog\/\",\"name\":\"Dicodusport\",\"description\":\"L&#039;encyclop\u00e9die de l&#039;actualit\u00e9 sportive\",\"publisher\":{\"@id\":\"https:\/\/dicodusport.fr\/blog\/#organization\"},\"potentialAction\":[{\"@type\":\"SearchAction\",\"target\":{\"@type\":\"EntryPoint\",\"urlTemplate\":\"https:\/\/dicodusport.fr\/blog\/?s={search_term_string}\"},\"query-input\":{\"@type\":\"PropertyValueSpecification\",\"valueRequired\":true,\"valueName\":\"search_term_string\"}}],\"inLanguage\":\"fr-FR\"},{\"@type\":\"NewsMediaOrganization\",\"@id\":\"https:\/\/dicodusport.fr\/blog\/#organization\",\"name\":\"Dicodusport\",\"url\":\"https:\/\/dicodusport.fr\/blog\/\",\"logo\":{\"@type\":\"ImageObject\",\"inLanguage\":\"fr-FR\",\"@id\":\"https:\/\/dicodusport.fr\/blog\/#\/schema\/logo\/image\/\",\"url\":\"https:\/\/dicodusport.fr\/blog\/wp-content\/uploads\/2020\/06\/cropped-LOGO-DICODUSPORT-2020-SANS-FOND-SANS-TEXTE.png\",\"contentUrl\":\"https:\/\/dicodusport.fr\/blog\/wp-content\/uploads\/2020\/06\/cropped-LOGO-DICODUSPORT-2020-SANS-FOND-SANS-TEXTE.png\",\"width\":512,\"height\":512,\"caption\":\"Dicodusport\"},\"image\":{\"@id\":\"https:\/\/dicodusport.fr\/blog\/#\/schema\/logo\/image\/\"},\"sameAs\":[\"https:\/\/www.facebook.com\/dicodusport\",\"https:\/\/x.com\/dicodusport\",\"https:\/\/www.instagram.com\/dicodusport\/\",\"https:\/\/www.youtube.com\/channel\/UC7V2KZ5sd3htJivAbA4ZG3w\"],\"description\":\"Dicodusport est l'encyclop\u00e9die de l'actualit\u00e9 sportive.\",\"email\":\"bonjour@dicodusport.fr\",\"legalName\":\"DICODUSPORT\",\"foundingDate\":\"2018-01-14\",\"vatID\":\"FR71834470973\",\"taxID\":\"83447097300043\",\"numberOfEmployees\":{\"@type\":\"QuantitativeValue\",\"minValue\":\"1\",\"maxValue\":\"10\"}},{\"@type\":\"Person\",\"@id\":\"https:\/\/dicodusport.fr\/blog\/#\/schema\/person\/cb02af4c173ce4a653b55e9baf388d4a\",\"name\":\"Flo Ostermann\",\"image\":{\"@type\":\"ImageObject\",\"inLanguage\":\"fr-FR\",\"@id\":\"https:\/\/dicodusport.fr\/blog\/#\/schema\/person\/image\/\",\"url\":\"https:\/\/dicodusport.fr\/blog\/wp-content\/uploads\/2021\/05\/Flo-Ostermann-150x150.jpg\",\"contentUrl\":\"https:\/\/dicodusport.fr\/blog\/wp-content\/uploads\/2021\/05\/Flo-Ostermann-150x150.jpg\",\"caption\":\"Flo Ostermann\"},\"description\":\"Journaliste\/R\u00e9dacteur depuis septembre 2015 - Mes premiers souvenirs dans le sport ? Les envol\u00e9es du Stade Toulousain et les duels Villeneuve-Schumacher et H\u00e4kkinen-Schumacher \u00e0 la fin des ann\u00e9es 90, la Coupe du monde de football en 1998, l\u2019exploit du XV de France face aux All Blacks en 1999, mais aussi Richard C\u0153ur de Lion qui vole sur les montagnes du Tour de France. Bien parti pour devenir professeur d\u2019EPS, les \u00e9v\u00e9nements de la vie (et la flemme d\u2019animer des s\u00e9ances de 3x500 m\u00e8tres toute ma vie) m\u2019ont conduit \u00e0 revoir mes plans. Me voil\u00e0 depuis fin 2017 sur Dicodusport, m\u00e9dia gr\u00e2ce (et pour) lequel je partage ma passion : le sport dans tous ses \u00e9tats. Le tout accompagn\u00e9 par les fous furieux et folles furieuses cit\u00e9s sur cette page !\",\"sameAs\":[\"https:\/\/www.facebook.com\/florent.ostermann\",\"https:\/\/x.com\/https:\/\/twitter.com\/FlOstermann\",\"admin\"],\"url\":\"https:\/\/dicodusport.fr\/blog\/author\/flo\/\"}]}<\/script>\n<!-- \/ Yoast SEO Premium plugin. -->","yoast_head_json":{"title":"Nove Mesto : Quentin Fillon Maillet remporte le sprint en patron !","description":"BIATHLON - NOVE MESTO - Quentin Fillon Maillet a remport\u00e9 ce jeudi le deuxi\u00e8me sprint de Nove Mesto (R\u00e9publique Tch\u00e8que).","robots":{"index":"index","follow":"follow","max-snippet":"max-snippet:-1","max-image-preview":"max-image-preview:large","max-video-preview":"max-video-preview:-1"},"canonical":"https:\/\/dicodusport.fr\/blog\/nove-mesto-quentin-fillon-maillet-remporte-sprint-en-patron\/","og_locale":"fr_FR","og_type":"article","og_title":"Nove Mesto : Quentin Fillon Maillet remporte le sprint en patron !","og_description":"BIATHLON - NOVE MESTO - Quentin Fillon Maillet a remport\u00e9 ce jeudi le deuxi\u00e8me sprint de Nove Mesto (R\u00e9publique Tch\u00e8que).","og_url":"https:\/\/dicodusport.fr\/blog\/nove-mesto-quentin-fillon-maillet-remporte-sprint-en-patron\/","og_site_name":"Dicodusport","article_publisher":"https:\/\/www.facebook.com\/dicodusport","article_author":"https:\/\/www.facebook.com\/florent.ostermann","article_published_time":"2021-03-11T17:27:53+00:00","article_modified_time":"2021-03-11T19:12:07+00:00","og_image":[{"width":800,"height":445,"url":"https:\/\/dicodusport.fr\/blog\/wp-content\/uploads\/2021\/03\/Nove-Mesto-Quentin-Fillon-Maillet-remporte-le-sprint-en-patron.png","type":"image\/png"}],"author":"Flo Ostermann","twitter_card":"summary_large_image","twitter_title":"Nove Mesto : Quentin Fillon Maillet remporte le sprint en patron !","twitter_creator":"@https:\/\/twitter.com\/FlOstermann","twitter_site":"@dicodusport","schema":{"@context":"https:\/\/schema.org","@graph":[{"@type":"NewsArticle","@id":"https:\/\/dicodusport.fr\/blog\/nove-mesto-quentin-fillon-maillet-remporte-sprint-en-patron\/#article","isPartOf":{"@id":"https:\/\/dicodusport.fr\/blog\/nove-mesto-quentin-fillon-maillet-remporte-sprint-en-patron\/"},"author":{"name":"Flo Ostermann","@id":"https:\/\/dicodusport.fr\/blog\/#\/schema\/person\/cb02af4c173ce4a653b55e9baf388d4a"},"headline":"Nove Mesto : Quentin Fillon Maillet remporte le sprint en patron !","datePublished":"2021-03-11T17:27:53+00:00","dateModified":"2021-03-11T19:12:07+00:00","mainEntityOfPage":{"@id":"https:\/\/dicodusport.fr\/blog\/nove-mesto-quentin-fillon-maillet-remporte-sprint-en-patron\/"},"wordCount":519,"commentCount":0,"publisher":{"@id":"https:\/\/dicodusport.fr\/blog\/#organization"},"image":{"@id":"https:\/\/dicodusport.fr\/blog\/nove-mesto-quentin-fillon-maillet-remporte-sprint-en-patron\/#primaryimage"},"thumbnailUrl":"https:\/\/dicodusport.fr\/blog\/wp-content\/uploads\/2021\/03\/Nove-Mesto-Quentin-Fillon-Maillet-remporte-le-sprint-en-patron.png","keywords":["Biathlon Nove Mesto","sport"],"articleSection":["Coupe du monde de biathlon"],"inLanguage":"fr-FR","potentialAction":[{"@type":"CommentAction","name":"Comment","target":["https:\/\/dicodusport.fr\/blog\/nove-mesto-quentin-fillon-maillet-remporte-sprint-en-patron\/#respond"]}],"copyrightYear":"2021","copyrightHolder":{"@id":"https:\/\/dicodusport.fr\/blog\/#organization"}},{"@type":"WebPage","@id":"https:\/\/dicodusport.fr\/blog\/nove-mesto-quentin-fillon-maillet-remporte-sprint-en-patron\/","url":"https:\/\/dicodusport.fr\/blog\/nove-mesto-quentin-fillon-maillet-remporte-sprint-en-patron\/","name":"Nove Mesto : Quentin Fillon Maillet remporte le sprint en patron !","isPartOf":{"@id":"https:\/\/dicodusport.fr\/blog\/#website"},"primaryImageOfPage":{"@id":"https:\/\/dicodusport.fr\/blog\/nove-mesto-quentin-fillon-maillet-remporte-sprint-en-patron\/#primaryimage"},"image":{"@id":"https:\/\/dicodusport.fr\/blog\/nove-mesto-quentin-fillon-maillet-remporte-sprint-en-patron\/#primaryimage"},"thumbnailUrl":"https:\/\/dicodusport.fr\/blog\/wp-content\/uploads\/2021\/03\/Nove-Mesto-Quentin-Fillon-Maillet-remporte-le-sprint-en-patron.png","datePublished":"2021-03-11T17:27:53+00:00","dateModified":"2021-03-11T19:12:07+00:00","description":"BIATHLON - NOVE MESTO - Quentin Fillon Maillet a remport\u00e9 ce jeudi le deuxi\u00e8me sprint de Nove Mesto (R\u00e9publique Tch\u00e8que).","breadcrumb":{"@id":"https:\/\/dicodusport.fr\/blog\/nove-mesto-quentin-fillon-maillet-remporte-sprint-en-patron\/#breadcrumb"},"inLanguage":"fr-FR","potentialAction":[{"@type":"ReadAction","target":["https:\/\/dicodusport.fr\/blog\/nove-mesto-quentin-fillon-maillet-remporte-sprint-en-patron\/"]}]},{"@type":"ImageObject","inLanguage":"fr-FR","@id":"https:\/\/dicodusport.fr\/blog\/nove-mesto-quentin-fillon-maillet-remporte-sprint-en-patron\/#primaryimage","url":"https:\/\/dicodusport.fr\/blog\/wp-content\/uploads\/2021\/03\/Nove-Mesto-Quentin-Fillon-Maillet-remporte-le-sprint-en-patron.png","contentUrl":"https:\/\/dicodusport.fr\/blog\/wp-content\/uploads\/2021\/03\/Nove-Mesto-Quentin-Fillon-Maillet-remporte-le-sprint-en-patron.png","width":800,"height":445,"caption":"Nove Mesto : Quentin Fillon Maillet remporte le sprint en patron !"},{"@type":"BreadcrumbList","@id":"https:\/\/dicodusport.fr\/blog\/nove-mesto-quentin-fillon-maillet-remporte-sprint-en-patron\/#breadcrumb","itemListElement":[{"@type":"ListItem","position":1,"name":"Accueil","item":"https:\/\/dicodusport.fr\/blog\/"},{"@type":"ListItem","position":2,"name":"Nove Mesto : Quentin Fillon Maillet remporte le sprint en patron !"}]},{"@type":"WebSite","@id":"https:\/\/dicodusport.fr\/blog\/#website","url":"https:\/\/dicodusport.fr\/blog\/","name":"Dicodusport","description":"L&#039;encyclop\u00e9die de l&#039;actualit\u00e9 sportive","publisher":{"@id":"https:\/\/dicodusport.fr\/blog\/#organization"},"potentialAction":[{"@type":"SearchAction","target":{"@type":"EntryPoint","urlTemplate":"https:\/\/dicodusport.fr\/blog\/?s={search_term_string}"},"query-input":{"@type":"PropertyValueSpecification","valueRequired":true,"valueName":"search_term_string"}}],"inLanguage":"fr-FR"},{"@type":"NewsMediaOrganization","@id":"https:\/\/dicodusport.fr\/blog\/#organization","name":"Dicodusport","url":"https:\/\/dicodusport.fr\/blog\/","logo":{"@type":"ImageObject","inLanguage":"fr-FR","@id":"https:\/\/dicodusport.fr\/blog\/#\/schema\/logo\/image\/","url":"https:\/\/dicodusport.fr\/blog\/wp-content\/uploads\/2020\/06\/cropped-LOGO-DICODUSPORT-2020-SANS-FOND-SANS-TEXTE.png","contentUrl":"https:\/\/dicodusport.fr\/blog\/wp-content\/uploads\/2020\/06\/cropped-LOGO-DICODUSPORT-2020-SANS-FOND-SANS-TEXTE.png","width":512,"height":512,"caption":"Dicodusport"},"image":{"@id":"https:\/\/dicodusport.fr\/blog\/#\/schema\/logo\/image\/"},"sameAs":["https:\/\/www.facebook.com\/dicodusport","https:\/\/x.com\/dicodusport","https:\/\/www.instagram.com\/dicodusport\/","https:\/\/www.youtube.com\/channel\/UC7V2KZ5sd3htJivAbA4ZG3w"],"description":"Dicodusport est l'encyclop\u00e9die de l'actualit\u00e9 sportive.","email":"bonjour@dicodusport.fr","legalName":"DICODUSPORT","foundingDate":"2018-01-14","vatID":"FR71834470973","taxID":"83447097300043","numberOfEmployees":{"@type":"QuantitativeValue","minValue":"1","maxValue":"10"}},{"@type":"Person","@id":"https:\/\/dicodusport.fr\/blog\/#\/schema\/person\/cb02af4c173ce4a653b55e9baf388d4a","name":"Flo Ostermann","image":{"@type":"ImageObject","inLanguage":"fr-FR","@id":"https:\/\/dicodusport.fr\/blog\/#\/schema\/person\/image\/","url":"https:\/\/dicodusport.fr\/blog\/wp-content\/uploads\/2021\/05\/Flo-Ostermann-150x150.jpg","contentUrl":"https:\/\/dicodusport.fr\/blog\/wp-content\/uploads\/2021\/05\/Flo-Ostermann-150x150.jpg","caption":"Flo Ostermann"},"description":"Journaliste\/R\u00e9dacteur depuis septembre 2015 - Mes premiers souvenirs dans le sport ? Les envol\u00e9es du Stade Toulousain et les duels Villeneuve-Schumacher et H\u00e4kkinen-Schumacher \u00e0 la fin des ann\u00e9es 90, la Coupe du monde de football en 1998, l\u2019exploit du XV de France face aux All Blacks en 1999, mais aussi Richard C\u0153ur de Lion qui vole sur les montagnes du Tour de France. Bien parti pour devenir professeur d\u2019EPS, les \u00e9v\u00e9nements de la vie (et la flemme d\u2019animer des s\u00e9ances de 3x500 m\u00e8tres toute ma vie) m\u2019ont conduit \u00e0 revoir mes plans. Me voil\u00e0 depuis fin 2017 sur Dicodusport, m\u00e9dia gr\u00e2ce (et pour) lequel je partage ma passion : le sport dans tous ses \u00e9tats. Le tout accompagn\u00e9 par les fous furieux et folles furieuses cit\u00e9s sur cette page !","sameAs":["https:\/\/www.facebook.com\/florent.ostermann","https:\/\/x.com\/https:\/\/twitter.com\/FlOstermann","admin"],"url":"https:\/\/dicodusport.fr\/blog\/author\/flo\/"}]}},"_links":{"self":[{"href":"https:\/\/dicodusport.fr\/blog\/wp-json\/wp\/v2\/posts\/112849","targetHints":{"allow":["GET"]}}],"collection":[{"href":"https:\/\/dicodusport.fr\/blog\/wp-json\/wp\/v2\/posts"}],"about":[{"href":"https:\/\/dicodusport.fr\/blog\/wp-json\/wp\/v2\/types\/post"}],"author":[{"embeddable":true,"href":"https:\/\/dicodusport.fr\/blog\/wp-json\/wp\/v2\/users\/4"}],"replies":[{"embeddable":true,"href":"https:\/\/dicodusport.fr\/blog\/wp-json\/wp\/v2\/comments?post=112849"}],"version-history":[{"count":0,"href":"https:\/\/dicodusport.fr\/blog\/wp-json\/wp\/v2\/posts\/112849\/revisions"}],"wp:featuredmedia":[{"embeddable":true,"href":"https:\/\/dicodusport.fr\/blog\/wp-json\/wp\/v2\/media\/112870"}],"wp:attachment":[{"href":"https:\/\/dicodusport.fr\/blog\/wp-json\/wp\/v2\/media?parent=112849"}],"wp:term":[{"taxonomy":"category","embeddable":true,"href":"https:\/\/dicodusport.fr\/blog\/wp-json\/wp\/v2\/categories?post=112849"},{"taxonomy":"post_tag","embeddable":true,"href":"https:\/\/dicodusport.fr\/blog\/wp-json\/wp\/v2\/tags?post=112849"}],"curies":[{"name":"wp","href":"https:\/\/api.w.org\/{rel}","templated":true}]}}