{"id":113167,"date":"2021-03-12T18:34:25","date_gmt":"2021-03-12T17:34:25","guid":{"rendered":"https:\/\/dicodusport.fr\/blog\/?p=113167&#038;preview=true&#038;preview_id=113167"},"modified":"2021-03-12T19:24:23","modified_gmt":"2021-03-12T18:24:23","slug":"nove-mesto-tiril-eckhoff-imbattable-sur-sprint","status":"publish","type":"post","link":"https:\/\/dicodusport.fr\/blog\/nove-mesto-tiril-eckhoff-imbattable-sur-sprint\/","title":{"rendered":"Nove Mesto : Tiril Eckhoff imbattable sur le sprint"},"content":{"rendered":"<p style=\"text-align: justify;\"><strong><em><a href=\"https:\/\/dicodusport.fr\/blog\/biathlon-nove-mesto-programme-complet-9eme-etape-coupe-du-monde\/\" target=\"_blank\" rel=\"noopener\">BIATHLON &#8211; NOVE MESTO<\/a> &#8211; Impitoyable Tiril Eckhoff ! La Norv\u00e9gienne a remport\u00e9 ce vendredi le deuxi\u00e8me sprint de Nove Mesto (R\u00e9publique Tch\u00e8que), son sixi\u00e8me succ\u00e8s en neuf courses dans l&rsquo;exercice \u00e0 deux tirs cette saison. Avec un 9\/10, la leader du g\u00e9n\u00e9ral devance l&rsquo;Allemande Denise Herrmann et l&rsquo;Italienne Dorothea Wierer. Premi\u00e8re Fran\u00e7aise, Justine Braisaz-Bouchet se classe 12\u00e8me.<\/em><\/strong><\/p>\n<p style=\"text-align: justify;\">11\u00e8me victoire de la saison, la 6\u00e8me sur un sprint pour <strong>Tiril Eckhoff<\/strong>. Le d\u00e9cor est plant\u00e9, mais ce vendredi, la fus\u00e9e norv\u00e9gienne est surtout devenue la premi\u00e8re biathl\u00e8te \u00e0 glaner six sprints de suite sur le circuit. Tout simplement \u00e9norme ! Championne du monde de la sp\u00e9cialit\u00e9 et d\u00e9j\u00e0 certaine de remporter le petit globe de l&rsquo;exercice \u00e0 deux tirs, la Norv\u00e9gienne s&rsquo;est donc impos\u00e9e en patronne. Malgr\u00e9 un 9\/10 (0-1), la Scandinave de 30 ans a une nouvelle fois \u00e9t\u00e9 imp\u00e9riale sur les skis, avec le meilleur temps sur la piste. Une 24\u00e8me victoire en carri\u00e8re qui la rapproche un peu plus d&rsquo;un premier gros globe de cristal. La totale !<\/p>\n<blockquote class=\"twitter-tweet\">\n<p dir=\"ltr\" lang=\"en\">It&rsquo;s looking more and more like this will be the sixth sprint victory in succession for <a href=\"https:\/\/twitter.com\/TirilEckhoff?ref_src=twsrc%5Etfw\">@TirilEckhoff<\/a> &#x1f632;<a href=\"https:\/\/t.co\/bk5aBBso9Q\">https:\/\/t.co\/bk5aBBso9Q<\/a> | <a href=\"https:\/\/twitter.com\/hashtag\/nmnm21?src=hash&amp;ref_src=twsrc%5Etfw\">#nmnm21<\/a> <a href=\"https:\/\/t.co\/grNXHgIvEU\">pic.twitter.com\/grNXHgIvEU<\/a><\/p>\n<p>\u2014 IBU World Cup (@IBU_WC) <a href=\"https:\/\/twitter.com\/IBU_WC\/status\/1370426300670877700?ref_src=twsrc%5Etfw\">March 12, 2021<\/a><\/p><\/blockquote>\n<p><script async src=\"https:\/\/platform.twitter.com\/widgets.js\" charset=\"utf-8\"><\/script><\/p>\n<h2 style=\"text-align: justify;\">Herrmann et Wierer sont l\u00e0, les Bleues frustr\u00e9es<\/h2>\n<p style=\"text-align: justify;\">Derri\u00e8re <strong>Eckhoff<\/strong>, c&rsquo;est tr\u00e8s serr\u00e9. Et si la Norv\u00e9gienne a fait une faute face aux cibles, ce n&rsquo;est pas le cas de <strong>Denise Herrmann<\/strong> et <strong>Dorothea Wierer<\/strong>. L&rsquo;Allemande et l&rsquo;Italienne ont r\u00e9ussi le 10\/10, et partiront respectivement \u00e0 6 et 10 secondes de la laur\u00e9ate du jour sur la poursuite de samedi. C\u00f4t\u00e9 Fran\u00e7aises, c&rsquo;est tr\u00e8s mitig\u00e9. Si les six concurrentes tricolores seront bien de la partie sur la poursuite, aucune d&rsquo;entre elles n&rsquo;est parvenue \u00e0 int\u00e9grer le top 10. La mieux plac\u00e9e est <strong>Justine Braisaz-Bouchet<\/strong> est 12\u00e8me, avec un 8\/10, \u00e0 43 secondes d&rsquo;Eckhoff.<\/p>\n<h2 style=\"text-align: justify;\">Le classement des Fran\u00e7aises<\/h2>\n<p style=\"text-align: justify;\"><strong>12. J. Braisaz-Bouchet<\/strong> \u00e0 43.2 secondes de Tiril Eckhoff &#8211; 8\/10 au tir (0-2)<br \/>\n<strong>19. A. Chevalier-Bouchet<\/strong> \u00e0 1:08.6 &#8211; 8\/10 au tir (1-1)<br \/>\n<strong>20. J. Simon<\/strong> \u00e0 1:08.7 &#8211; 8\/10 au tir (2-0)<br \/>\n<strong>30. C. Chevalier<\/strong> \u00e0 1:27.2 &#8211; 8\/10 au tir (0-2)<br \/>\n<strong>36. A. Bescond<\/strong> \u00e0 1:30.2 &#8211; 8\/10 au tir (1-1)<br \/>\n<strong>48. L. Jeanmonnot<\/strong> \u00e0 1:41.2 &#8211; 9\/10 au tir (1-0)<\/p>\n<h2 style=\"text-align: justify;\">\u00c0 lire aussi<\/h2>\n<ul style=\"text-align: justify;\">\n<li><a href=\"https:\/\/dicodusport.fr\/blog\/biathlon-nove-mesto-classement-deuxieme-sprint-femmes\/\" target=\"_blank\" rel=\"noopener\"><strong>Nove Mesto : le classement du deuxi\u00e8me sprint femmes<\/strong><\/a><\/li>\n<li><a href=\"https:\/\/dicodusport.fr\/blog\/biathlon-coupe-du-monde-2020-2021-classement-general-femmes\/\" target=\"_blank\" rel=\"noopener\"><strong>Biathlon \u2013 Coupe du monde 2020\/2021 : le classement g\u00e9n\u00e9ral femmes<\/strong><\/a><\/li>\n<\/ul>\n<p style=\"text-align: justify;\"><strong><em>Dicodusport<br \/>\n<a href=\"https:\/\/www.facebook.com\/dicodusport\/\" target=\"_blank\" rel=\"noopener noreferrer\"><img loading=\"lazy\" decoding=\"async\" class=\"alignnone wp-image-2909\" src=\"http:\/\/dicodusport.fr\/blog\/wp-content\/uploads\/2017\/07\/logo-facebook-150x150.png\" alt=\"\" width=\"40\" height=\"40\" \/><\/a><a href=\"https:\/\/twitter.com\/dicodusport\" target=\"_blank\" rel=\"noopener noreferrer\"><img loading=\"lazy\" decoding=\"async\" class=\"alignnone wp-image-2908\" src=\"http:\/\/dicodusport.fr\/blog\/wp-content\/uploads\/2017\/07\/logo-twitter-150x150.png\" alt=\"\" width=\"39\" height=\"39\" \/><\/a><\/em><\/strong><\/p>\n","protected":false},"excerpt":{"rendered":"<p>BIATHLON &#8211; NOVE MESTO &#8211; Impitoyable Tiril Eckhoff ! La Norv\u00e9gienne a remport\u00e9 ce vendredi le deuxi\u00e8me sprint de Nove Mesto (R\u00e9publique Tch\u00e8que), son sixi\u00e8me succ\u00e8s en neuf courses dans l&rsquo;exercice \u00e0 deux tirs cette saison. Avec un 9\/10, la leader du g\u00e9n\u00e9ral devance l&rsquo;Allemande Denise Herrmann et l&rsquo;Italienne Dorothea Wierer. Premi\u00e8re Fran\u00e7aise, Justine Braisaz-Bouchet se classe 12\u00e8me.<\/p>\n","protected":false},"author":4,"featured_media":113183,"comment_status":"open","ping_status":"closed","sticky":false,"template":"","format":"standard","meta":{"_acf_changed":false,"_daextam_enable_autolinks":"","footnotes":""},"categories":[47040],"tags":[14874,24],"class_list":["post-113167","post","type-post","status-publish","format-standard","has-post-thumbnail","hentry","category-coupe-du-monde-de-biathlon","tag-biathlon-nove-mesto","tag-sport"],"acf":[],"yoast_head":"<!-- This site is optimized with the Yoast SEO Premium plugin v26.7 (Yoast SEO v26.7) - https:\/\/yoast.com\/wordpress\/plugins\/seo\/ -->\n<title>Nove Mesto : Tiril Eckhoff imbattable sur le sprint<\/title>\n<meta name=\"description\" content=\"BIATHLON - NOVE MESTO - Impitoyable Tiril Eckhoff ! La Norv\u00e9gienne a remport\u00e9 ce vendredi le deuxi\u00e8me sprint de Nove Mesto (R\u00e9publique Tch\u00e8que).\" \/>\n<meta name=\"robots\" content=\"index, follow, max-snippet:-1, max-image-preview:large, max-video-preview:-1\" \/>\n<link rel=\"canonical\" href=\"https:\/\/dicodusport.fr\/blog\/nove-mesto-tiril-eckhoff-imbattable-sur-sprint\/\" \/>\n<meta property=\"og:locale\" content=\"fr_FR\" \/>\n<meta property=\"og:type\" content=\"article\" \/>\n<meta property=\"og:title\" content=\"Nove Mesto : Tiril Eckhoff imbattable sur le sprint\" \/>\n<meta property=\"og:description\" content=\"BIATHLON - NOVE MESTO - Impitoyable Tiril Eckhoff ! La Norv\u00e9gienne a remport\u00e9 ce vendredi le deuxi\u00e8me sprint de Nove Mesto (R\u00e9publique Tch\u00e8que).\" \/>\n<meta property=\"og:url\" content=\"https:\/\/dicodusport.fr\/blog\/nove-mesto-tiril-eckhoff-imbattable-sur-sprint\/\" \/>\n<meta property=\"og:site_name\" content=\"Dicodusport\" \/>\n<meta property=\"article:publisher\" content=\"https:\/\/www.facebook.com\/dicodusport\" \/>\n<meta property=\"article:author\" content=\"https:\/\/www.facebook.com\/florent.ostermann\" \/>\n<meta property=\"article:published_time\" content=\"2021-03-12T17:34:25+00:00\" \/>\n<meta property=\"article:modified_time\" content=\"2021-03-12T18:24:23+00:00\" \/>\n<meta property=\"og:image\" content=\"https:\/\/dicodusport.fr\/blog\/wp-content\/uploads\/2021\/03\/Nove-Mesto-Tiril-Eckhoff-imbattable-sur-le-sprint-.png\" \/>\n\t<meta property=\"og:image:width\" content=\"800\" \/>\n\t<meta property=\"og:image:height\" content=\"445\" \/>\n\t<meta property=\"og:image:type\" content=\"image\/png\" \/>\n<meta name=\"author\" content=\"Flo Ostermann\" \/>\n<meta name=\"twitter:card\" content=\"summary_large_image\" \/>\n<meta name=\"twitter:title\" content=\"Nove Mesto : Tiril Eckhoff imbattable sur le sprint\" \/>\n<meta name=\"twitter:creator\" content=\"@https:\/\/twitter.com\/FlOstermann\" \/>\n<meta name=\"twitter:site\" content=\"@dicodusport\" \/>\n<script type=\"application\/ld+json\" class=\"yoast-schema-graph\">{\"@context\":\"https:\/\/schema.org\",\"@graph\":[{\"@type\":\"NewsArticle\",\"@id\":\"https:\/\/dicodusport.fr\/blog\/nove-mesto-tiril-eckhoff-imbattable-sur-sprint\/#article\",\"isPartOf\":{\"@id\":\"https:\/\/dicodusport.fr\/blog\/nove-mesto-tiril-eckhoff-imbattable-sur-sprint\/\"},\"author\":{\"name\":\"Flo Ostermann\",\"@id\":\"https:\/\/dicodusport.fr\/blog\/#\/schema\/person\/cb02af4c173ce4a653b55e9baf388d4a\"},\"headline\":\"Nove Mesto : Tiril Eckhoff imbattable sur le sprint\",\"datePublished\":\"2021-03-12T17:34:25+00:00\",\"dateModified\":\"2021-03-12T18:24:23+00:00\",\"mainEntityOfPage\":{\"@id\":\"https:\/\/dicodusport.fr\/blog\/nove-mesto-tiril-eckhoff-imbattable-sur-sprint\/\"},\"wordCount\":414,\"commentCount\":0,\"publisher\":{\"@id\":\"https:\/\/dicodusport.fr\/blog\/#organization\"},\"image\":{\"@id\":\"https:\/\/dicodusport.fr\/blog\/nove-mesto-tiril-eckhoff-imbattable-sur-sprint\/#primaryimage\"},\"thumbnailUrl\":\"https:\/\/dicodusport.fr\/blog\/wp-content\/uploads\/2021\/03\/Nove-Mesto-Tiril-Eckhoff-imbattable-sur-le-sprint-.png\",\"keywords\":[\"Biathlon Nove Mesto\",\"sport\"],\"articleSection\":[\"Coupe du monde de biathlon\"],\"inLanguage\":\"fr-FR\",\"potentialAction\":[{\"@type\":\"CommentAction\",\"name\":\"Comment\",\"target\":[\"https:\/\/dicodusport.fr\/blog\/nove-mesto-tiril-eckhoff-imbattable-sur-sprint\/#respond\"]}],\"copyrightYear\":\"2021\",\"copyrightHolder\":{\"@id\":\"https:\/\/dicodusport.fr\/blog\/#organization\"}},{\"@type\":\"WebPage\",\"@id\":\"https:\/\/dicodusport.fr\/blog\/nove-mesto-tiril-eckhoff-imbattable-sur-sprint\/\",\"url\":\"https:\/\/dicodusport.fr\/blog\/nove-mesto-tiril-eckhoff-imbattable-sur-sprint\/\",\"name\":\"Nove Mesto : Tiril Eckhoff imbattable sur le sprint\",\"isPartOf\":{\"@id\":\"https:\/\/dicodusport.fr\/blog\/#website\"},\"primaryImageOfPage\":{\"@id\":\"https:\/\/dicodusport.fr\/blog\/nove-mesto-tiril-eckhoff-imbattable-sur-sprint\/#primaryimage\"},\"image\":{\"@id\":\"https:\/\/dicodusport.fr\/blog\/nove-mesto-tiril-eckhoff-imbattable-sur-sprint\/#primaryimage\"},\"thumbnailUrl\":\"https:\/\/dicodusport.fr\/blog\/wp-content\/uploads\/2021\/03\/Nove-Mesto-Tiril-Eckhoff-imbattable-sur-le-sprint-.png\",\"datePublished\":\"2021-03-12T17:34:25+00:00\",\"dateModified\":\"2021-03-12T18:24:23+00:00\",\"description\":\"BIATHLON - NOVE MESTO - Impitoyable Tiril Eckhoff ! La Norv\u00e9gienne a remport\u00e9 ce vendredi le deuxi\u00e8me sprint de Nove Mesto (R\u00e9publique Tch\u00e8que).\",\"breadcrumb\":{\"@id\":\"https:\/\/dicodusport.fr\/blog\/nove-mesto-tiril-eckhoff-imbattable-sur-sprint\/#breadcrumb\"},\"inLanguage\":\"fr-FR\",\"potentialAction\":[{\"@type\":\"ReadAction\",\"target\":[\"https:\/\/dicodusport.fr\/blog\/nove-mesto-tiril-eckhoff-imbattable-sur-sprint\/\"]}]},{\"@type\":\"ImageObject\",\"inLanguage\":\"fr-FR\",\"@id\":\"https:\/\/dicodusport.fr\/blog\/nove-mesto-tiril-eckhoff-imbattable-sur-sprint\/#primaryimage\",\"url\":\"https:\/\/dicodusport.fr\/blog\/wp-content\/uploads\/2021\/03\/Nove-Mesto-Tiril-Eckhoff-imbattable-sur-le-sprint-.png\",\"contentUrl\":\"https:\/\/dicodusport.fr\/blog\/wp-content\/uploads\/2021\/03\/Nove-Mesto-Tiril-Eckhoff-imbattable-sur-le-sprint-.png\",\"width\":800,\"height\":445,\"caption\":\"Nove Mesto : Tiril Eckhoff imbattable sur le sprint\"},{\"@type\":\"BreadcrumbList\",\"@id\":\"https:\/\/dicodusport.fr\/blog\/nove-mesto-tiril-eckhoff-imbattable-sur-sprint\/#breadcrumb\",\"itemListElement\":[{\"@type\":\"ListItem\",\"position\":1,\"name\":\"Accueil\",\"item\":\"https:\/\/dicodusport.fr\/blog\/\"},{\"@type\":\"ListItem\",\"position\":2,\"name\":\"Nove Mesto : Tiril Eckhoff imbattable sur le sprint\"}]},{\"@type\":\"WebSite\",\"@id\":\"https:\/\/dicodusport.fr\/blog\/#website\",\"url\":\"https:\/\/dicodusport.fr\/blog\/\",\"name\":\"Dicodusport\",\"description\":\"L&#039;encyclop\u00e9die de l&#039;actualit\u00e9 sportive\",\"publisher\":{\"@id\":\"https:\/\/dicodusport.fr\/blog\/#organization\"},\"potentialAction\":[{\"@type\":\"SearchAction\",\"target\":{\"@type\":\"EntryPoint\",\"urlTemplate\":\"https:\/\/dicodusport.fr\/blog\/?s={search_term_string}\"},\"query-input\":{\"@type\":\"PropertyValueSpecification\",\"valueRequired\":true,\"valueName\":\"search_term_string\"}}],\"inLanguage\":\"fr-FR\"},{\"@type\":\"NewsMediaOrganization\",\"@id\":\"https:\/\/dicodusport.fr\/blog\/#organization\",\"name\":\"Dicodusport\",\"url\":\"https:\/\/dicodusport.fr\/blog\/\",\"logo\":{\"@type\":\"ImageObject\",\"inLanguage\":\"fr-FR\",\"@id\":\"https:\/\/dicodusport.fr\/blog\/#\/schema\/logo\/image\/\",\"url\":\"https:\/\/dicodusport.fr\/blog\/wp-content\/uploads\/2020\/06\/cropped-LOGO-DICODUSPORT-2020-SANS-FOND-SANS-TEXTE.png\",\"contentUrl\":\"https:\/\/dicodusport.fr\/blog\/wp-content\/uploads\/2020\/06\/cropped-LOGO-DICODUSPORT-2020-SANS-FOND-SANS-TEXTE.png\",\"width\":512,\"height\":512,\"caption\":\"Dicodusport\"},\"image\":{\"@id\":\"https:\/\/dicodusport.fr\/blog\/#\/schema\/logo\/image\/\"},\"sameAs\":[\"https:\/\/www.facebook.com\/dicodusport\",\"https:\/\/x.com\/dicodusport\",\"https:\/\/www.instagram.com\/dicodusport\/\",\"https:\/\/www.youtube.com\/channel\/UC7V2KZ5sd3htJivAbA4ZG3w\"],\"description\":\"Dicodusport est l'encyclop\u00e9die de l'actualit\u00e9 sportive.\",\"email\":\"bonjour@dicodusport.fr\",\"legalName\":\"DICODUSPORT\",\"foundingDate\":\"2018-01-14\",\"vatID\":\"FR71834470973\",\"taxID\":\"83447097300043\",\"numberOfEmployees\":{\"@type\":\"QuantitativeValue\",\"minValue\":\"1\",\"maxValue\":\"10\"}},{\"@type\":\"Person\",\"@id\":\"https:\/\/dicodusport.fr\/blog\/#\/schema\/person\/cb02af4c173ce4a653b55e9baf388d4a\",\"name\":\"Flo Ostermann\",\"image\":{\"@type\":\"ImageObject\",\"inLanguage\":\"fr-FR\",\"@id\":\"https:\/\/dicodusport.fr\/blog\/#\/schema\/person\/image\/\",\"url\":\"https:\/\/dicodusport.fr\/blog\/wp-content\/uploads\/2021\/05\/Flo-Ostermann-150x150.jpg\",\"contentUrl\":\"https:\/\/dicodusport.fr\/blog\/wp-content\/uploads\/2021\/05\/Flo-Ostermann-150x150.jpg\",\"caption\":\"Flo Ostermann\"},\"description\":\"Journaliste\/R\u00e9dacteur depuis septembre 2015 - Mes premiers souvenirs dans le sport ? Les envol\u00e9es du Stade Toulousain et les duels Villeneuve-Schumacher et H\u00e4kkinen-Schumacher \u00e0 la fin des ann\u00e9es 90, la Coupe du monde de football en 1998, l\u2019exploit du XV de France face aux All Blacks en 1999, mais aussi Richard C\u0153ur de Lion qui vole sur les montagnes du Tour de France. Bien parti pour devenir professeur d\u2019EPS, les \u00e9v\u00e9nements de la vie (et la flemme d\u2019animer des s\u00e9ances de 3x500 m\u00e8tres toute ma vie) m\u2019ont conduit \u00e0 revoir mes plans. Me voil\u00e0 depuis fin 2017 sur Dicodusport, m\u00e9dia gr\u00e2ce (et pour) lequel je partage ma passion : le sport dans tous ses \u00e9tats. Le tout accompagn\u00e9 par les fous furieux et folles furieuses cit\u00e9s sur cette page !\",\"sameAs\":[\"https:\/\/www.facebook.com\/florent.ostermann\",\"https:\/\/x.com\/https:\/\/twitter.com\/FlOstermann\",\"admin\"],\"url\":\"https:\/\/dicodusport.fr\/blog\/author\/flo\/\"}]}<\/script>\n<!-- \/ Yoast SEO Premium plugin. -->","yoast_head_json":{"title":"Nove Mesto : Tiril Eckhoff imbattable sur le sprint","description":"BIATHLON - NOVE MESTO - Impitoyable Tiril Eckhoff ! La Norv\u00e9gienne a remport\u00e9 ce vendredi le deuxi\u00e8me sprint de Nove Mesto (R\u00e9publique Tch\u00e8que).","robots":{"index":"index","follow":"follow","max-snippet":"max-snippet:-1","max-image-preview":"max-image-preview:large","max-video-preview":"max-video-preview:-1"},"canonical":"https:\/\/dicodusport.fr\/blog\/nove-mesto-tiril-eckhoff-imbattable-sur-sprint\/","og_locale":"fr_FR","og_type":"article","og_title":"Nove Mesto : Tiril Eckhoff imbattable sur le sprint","og_description":"BIATHLON - NOVE MESTO - Impitoyable Tiril Eckhoff ! La Norv\u00e9gienne a remport\u00e9 ce vendredi le deuxi\u00e8me sprint de Nove Mesto (R\u00e9publique Tch\u00e8que).","og_url":"https:\/\/dicodusport.fr\/blog\/nove-mesto-tiril-eckhoff-imbattable-sur-sprint\/","og_site_name":"Dicodusport","article_publisher":"https:\/\/www.facebook.com\/dicodusport","article_author":"https:\/\/www.facebook.com\/florent.ostermann","article_published_time":"2021-03-12T17:34:25+00:00","article_modified_time":"2021-03-12T18:24:23+00:00","og_image":[{"width":800,"height":445,"url":"https:\/\/dicodusport.fr\/blog\/wp-content\/uploads\/2021\/03\/Nove-Mesto-Tiril-Eckhoff-imbattable-sur-le-sprint-.png","type":"image\/png"}],"author":"Flo Ostermann","twitter_card":"summary_large_image","twitter_title":"Nove Mesto : Tiril Eckhoff imbattable sur le sprint","twitter_creator":"@https:\/\/twitter.com\/FlOstermann","twitter_site":"@dicodusport","schema":{"@context":"https:\/\/schema.org","@graph":[{"@type":"NewsArticle","@id":"https:\/\/dicodusport.fr\/blog\/nove-mesto-tiril-eckhoff-imbattable-sur-sprint\/#article","isPartOf":{"@id":"https:\/\/dicodusport.fr\/blog\/nove-mesto-tiril-eckhoff-imbattable-sur-sprint\/"},"author":{"name":"Flo Ostermann","@id":"https:\/\/dicodusport.fr\/blog\/#\/schema\/person\/cb02af4c173ce4a653b55e9baf388d4a"},"headline":"Nove Mesto : Tiril Eckhoff imbattable sur le sprint","datePublished":"2021-03-12T17:34:25+00:00","dateModified":"2021-03-12T18:24:23+00:00","mainEntityOfPage":{"@id":"https:\/\/dicodusport.fr\/blog\/nove-mesto-tiril-eckhoff-imbattable-sur-sprint\/"},"wordCount":414,"commentCount":0,"publisher":{"@id":"https:\/\/dicodusport.fr\/blog\/#organization"},"image":{"@id":"https:\/\/dicodusport.fr\/blog\/nove-mesto-tiril-eckhoff-imbattable-sur-sprint\/#primaryimage"},"thumbnailUrl":"https:\/\/dicodusport.fr\/blog\/wp-content\/uploads\/2021\/03\/Nove-Mesto-Tiril-Eckhoff-imbattable-sur-le-sprint-.png","keywords":["Biathlon Nove Mesto","sport"],"articleSection":["Coupe du monde de biathlon"],"inLanguage":"fr-FR","potentialAction":[{"@type":"CommentAction","name":"Comment","target":["https:\/\/dicodusport.fr\/blog\/nove-mesto-tiril-eckhoff-imbattable-sur-sprint\/#respond"]}],"copyrightYear":"2021","copyrightHolder":{"@id":"https:\/\/dicodusport.fr\/blog\/#organization"}},{"@type":"WebPage","@id":"https:\/\/dicodusport.fr\/blog\/nove-mesto-tiril-eckhoff-imbattable-sur-sprint\/","url":"https:\/\/dicodusport.fr\/blog\/nove-mesto-tiril-eckhoff-imbattable-sur-sprint\/","name":"Nove Mesto : Tiril Eckhoff imbattable sur le sprint","isPartOf":{"@id":"https:\/\/dicodusport.fr\/blog\/#website"},"primaryImageOfPage":{"@id":"https:\/\/dicodusport.fr\/blog\/nove-mesto-tiril-eckhoff-imbattable-sur-sprint\/#primaryimage"},"image":{"@id":"https:\/\/dicodusport.fr\/blog\/nove-mesto-tiril-eckhoff-imbattable-sur-sprint\/#primaryimage"},"thumbnailUrl":"https:\/\/dicodusport.fr\/blog\/wp-content\/uploads\/2021\/03\/Nove-Mesto-Tiril-Eckhoff-imbattable-sur-le-sprint-.png","datePublished":"2021-03-12T17:34:25+00:00","dateModified":"2021-03-12T18:24:23+00:00","description":"BIATHLON - NOVE MESTO - Impitoyable Tiril Eckhoff ! La Norv\u00e9gienne a remport\u00e9 ce vendredi le deuxi\u00e8me sprint de Nove Mesto (R\u00e9publique Tch\u00e8que).","breadcrumb":{"@id":"https:\/\/dicodusport.fr\/blog\/nove-mesto-tiril-eckhoff-imbattable-sur-sprint\/#breadcrumb"},"inLanguage":"fr-FR","potentialAction":[{"@type":"ReadAction","target":["https:\/\/dicodusport.fr\/blog\/nove-mesto-tiril-eckhoff-imbattable-sur-sprint\/"]}]},{"@type":"ImageObject","inLanguage":"fr-FR","@id":"https:\/\/dicodusport.fr\/blog\/nove-mesto-tiril-eckhoff-imbattable-sur-sprint\/#primaryimage","url":"https:\/\/dicodusport.fr\/blog\/wp-content\/uploads\/2021\/03\/Nove-Mesto-Tiril-Eckhoff-imbattable-sur-le-sprint-.png","contentUrl":"https:\/\/dicodusport.fr\/blog\/wp-content\/uploads\/2021\/03\/Nove-Mesto-Tiril-Eckhoff-imbattable-sur-le-sprint-.png","width":800,"height":445,"caption":"Nove Mesto : Tiril Eckhoff imbattable sur le sprint"},{"@type":"BreadcrumbList","@id":"https:\/\/dicodusport.fr\/blog\/nove-mesto-tiril-eckhoff-imbattable-sur-sprint\/#breadcrumb","itemListElement":[{"@type":"ListItem","position":1,"name":"Accueil","item":"https:\/\/dicodusport.fr\/blog\/"},{"@type":"ListItem","position":2,"name":"Nove Mesto : Tiril Eckhoff imbattable sur le sprint"}]},{"@type":"WebSite","@id":"https:\/\/dicodusport.fr\/blog\/#website","url":"https:\/\/dicodusport.fr\/blog\/","name":"Dicodusport","description":"L&#039;encyclop\u00e9die de l&#039;actualit\u00e9 sportive","publisher":{"@id":"https:\/\/dicodusport.fr\/blog\/#organization"},"potentialAction":[{"@type":"SearchAction","target":{"@type":"EntryPoint","urlTemplate":"https:\/\/dicodusport.fr\/blog\/?s={search_term_string}"},"query-input":{"@type":"PropertyValueSpecification","valueRequired":true,"valueName":"search_term_string"}}],"inLanguage":"fr-FR"},{"@type":"NewsMediaOrganization","@id":"https:\/\/dicodusport.fr\/blog\/#organization","name":"Dicodusport","url":"https:\/\/dicodusport.fr\/blog\/","logo":{"@type":"ImageObject","inLanguage":"fr-FR","@id":"https:\/\/dicodusport.fr\/blog\/#\/schema\/logo\/image\/","url":"https:\/\/dicodusport.fr\/blog\/wp-content\/uploads\/2020\/06\/cropped-LOGO-DICODUSPORT-2020-SANS-FOND-SANS-TEXTE.png","contentUrl":"https:\/\/dicodusport.fr\/blog\/wp-content\/uploads\/2020\/06\/cropped-LOGO-DICODUSPORT-2020-SANS-FOND-SANS-TEXTE.png","width":512,"height":512,"caption":"Dicodusport"},"image":{"@id":"https:\/\/dicodusport.fr\/blog\/#\/schema\/logo\/image\/"},"sameAs":["https:\/\/www.facebook.com\/dicodusport","https:\/\/x.com\/dicodusport","https:\/\/www.instagram.com\/dicodusport\/","https:\/\/www.youtube.com\/channel\/UC7V2KZ5sd3htJivAbA4ZG3w"],"description":"Dicodusport est l'encyclop\u00e9die de l'actualit\u00e9 sportive.","email":"bonjour@dicodusport.fr","legalName":"DICODUSPORT","foundingDate":"2018-01-14","vatID":"FR71834470973","taxID":"83447097300043","numberOfEmployees":{"@type":"QuantitativeValue","minValue":"1","maxValue":"10"}},{"@type":"Person","@id":"https:\/\/dicodusport.fr\/blog\/#\/schema\/person\/cb02af4c173ce4a653b55e9baf388d4a","name":"Flo Ostermann","image":{"@type":"ImageObject","inLanguage":"fr-FR","@id":"https:\/\/dicodusport.fr\/blog\/#\/schema\/person\/image\/","url":"https:\/\/dicodusport.fr\/blog\/wp-content\/uploads\/2021\/05\/Flo-Ostermann-150x150.jpg","contentUrl":"https:\/\/dicodusport.fr\/blog\/wp-content\/uploads\/2021\/05\/Flo-Ostermann-150x150.jpg","caption":"Flo Ostermann"},"description":"Journaliste\/R\u00e9dacteur depuis septembre 2015 - Mes premiers souvenirs dans le sport ? Les envol\u00e9es du Stade Toulousain et les duels Villeneuve-Schumacher et H\u00e4kkinen-Schumacher \u00e0 la fin des ann\u00e9es 90, la Coupe du monde de football en 1998, l\u2019exploit du XV de France face aux All Blacks en 1999, mais aussi Richard C\u0153ur de Lion qui vole sur les montagnes du Tour de France. Bien parti pour devenir professeur d\u2019EPS, les \u00e9v\u00e9nements de la vie (et la flemme d\u2019animer des s\u00e9ances de 3x500 m\u00e8tres toute ma vie) m\u2019ont conduit \u00e0 revoir mes plans. Me voil\u00e0 depuis fin 2017 sur Dicodusport, m\u00e9dia gr\u00e2ce (et pour) lequel je partage ma passion : le sport dans tous ses \u00e9tats. Le tout accompagn\u00e9 par les fous furieux et folles furieuses cit\u00e9s sur cette page !","sameAs":["https:\/\/www.facebook.com\/florent.ostermann","https:\/\/x.com\/https:\/\/twitter.com\/FlOstermann","admin"],"url":"https:\/\/dicodusport.fr\/blog\/author\/flo\/"}]}},"_links":{"self":[{"href":"https:\/\/dicodusport.fr\/blog\/wp-json\/wp\/v2\/posts\/113167","targetHints":{"allow":["GET"]}}],"collection":[{"href":"https:\/\/dicodusport.fr\/blog\/wp-json\/wp\/v2\/posts"}],"about":[{"href":"https:\/\/dicodusport.fr\/blog\/wp-json\/wp\/v2\/types\/post"}],"author":[{"embeddable":true,"href":"https:\/\/dicodusport.fr\/blog\/wp-json\/wp\/v2\/users\/4"}],"replies":[{"embeddable":true,"href":"https:\/\/dicodusport.fr\/blog\/wp-json\/wp\/v2\/comments?post=113167"}],"version-history":[{"count":0,"href":"https:\/\/dicodusport.fr\/blog\/wp-json\/wp\/v2\/posts\/113167\/revisions"}],"wp:featuredmedia":[{"embeddable":true,"href":"https:\/\/dicodusport.fr\/blog\/wp-json\/wp\/v2\/media\/113183"}],"wp:attachment":[{"href":"https:\/\/dicodusport.fr\/blog\/wp-json\/wp\/v2\/media?parent=113167"}],"wp:term":[{"taxonomy":"category","embeddable":true,"href":"https:\/\/dicodusport.fr\/blog\/wp-json\/wp\/v2\/categories?post=113167"},{"taxonomy":"post_tag","embeddable":true,"href":"https:\/\/dicodusport.fr\/blog\/wp-json\/wp\/v2\/tags?post=113167"}],"curies":[{"name":"wp","href":"https:\/\/api.w.org\/{rel}","templated":true}]}}