{"id":113329,"date":"2021-03-13T11:43:44","date_gmt":"2021-03-13T10:43:44","guid":{"rendered":"https:\/\/dicodusport.fr\/blog\/?p=113329"},"modified":"2021-03-13T12:14:45","modified_gmt":"2021-03-13T11:14:45","slug":"cristiano-ronaldo-de-retour-au-real-madrid","status":"publish","type":"post","link":"https:\/\/dicodusport.fr\/blog\/cristiano-ronaldo-de-retour-au-real-madrid\/","title":{"rendered":"Cristiano Ronaldo de retour au Real Madrid ?"},"content":{"rendered":"<p style=\"text-align: justify;\"><em><strong>\u00ab Cristiano quiere volver \u00bb telle est la une du quotidien madril\u00e8ne AS en ce 13 mars. En difficult\u00e9 avec le Juventus et r\u00e9cemment \u00e9limin\u00e9 de la Ligue des Champions avec les Bianconeri, Cristiano Ronaldo souhaiterait, selon Marca et AS, revenir au Real Madrid. Il serait notamment \u00ab en contact depuis des mois \u00bb avec le club madril\u00e8ne.<\/strong><\/em><\/p>\n<p style=\"text-align: justify;\">Cette annonce fait l&rsquo;effet d&rsquo;une bombe ce matin. En effet, les difficult\u00e9s actuelles de <strong>CR7<\/strong> \u00e0 la Juventus sont r\u00e9elles et nul doute que les r\u00e9sultats de la Vieille Dame ne satisfont pas le Portugais. Alors partira, partira pas ? M\u00eame si l&rsquo;incertitude est encore de mise, l&rsquo;attitude de <strong>Cristiano Ronaldo<\/strong> a quelque peu chang\u00e9 ces derniers temps, depuis la contre-performance face \u00e0 Porto.<\/p>\n<p style=\"text-align: justify;\">En effet, toujours tr\u00e8s actif sur les r\u00e9seaux sociaux, le Portugais se fait discret en ce moment. Lui qui autrefois d\u00e9fendait son \u00e9quipe sur les r\u00e9seaux, est aujourd&rsquo;hui assez silencieux. De plus, selon le c\u00e9l\u00e8bre journaliste TV, d\u00e9nomm\u00e9 \u00ab El Chiringuito \u00bb, l&rsquo;agent du quintuple Ballon d&rsquo;or <em>\u00ab a parl\u00e9 au Real Madrid de la possibilit\u00e9 du retour de Cristiano Ronaldo \u00bb<\/em>.<\/p>\n<blockquote class=\"twitter-tweet\">\n<p dir=\"ltr\" lang=\"fr\">&#x1f534; Cristiano Ronaldo veut revenir au Real, assure AS !<\/p>\n<p>Il y a des contacts depuis plusieurs mois pour \u00e9valuer la faisabilit\u00e9 de son come-back.<\/p>\n<p>\u00ab Le d\u00e9part de Cristiano de la Juventus ne serait pas un probl\u00e8me si Madrid voulait son retour. \u00bb<\/p>\n<p>&#x1f4ce; <a href=\"https:\/\/t.co\/C4BZ09pmnB\">https:\/\/t.co\/C4BZ09pmnB<\/a> <a href=\"https:\/\/t.co\/nW0RwlrEXH\">pic.twitter.com\/nW0RwlrEXH<\/a><\/p>\n<p>\u2014 Actu Foot (@ActuFoot_) <a href=\"https:\/\/twitter.com\/ActuFoot_\/status\/1370381237257392128?ref_src=twsrc%5Etfw\">March 12, 2021<\/a><\/p><\/blockquote>\n<p><script async src=\"https:\/\/platform.twitter.com\/widgets.js\" charset=\"utf-8\"><\/script><\/p>\n<h2>Zidane silencieux, les fans favorables<\/h2>\n<p style=\"text-align: justify;\">Si Zinedine Zidane reste pour le moment tr\u00e8s silencieux, les fans madril\u00e8nes sont pour le moins tr\u00e8s favorables \u00e0 un retour de la star portugaise. En effet, selon un sondage r\u00e9alis\u00e9 par Marca qui a rassembl\u00e9 pr\u00e8s de 400 000 votants, 62% d&rsquo;entre eux seraient favorables \u00e0 voir <strong>Cristiano Ronaldo<\/strong> revenir \u00e0 Madrid. Cependant, le Real et son entra\u00eeneur d\u00e9mentent et certifient que <em>\u00ab Cristiano Ronaldo est un joueur de la Juve \u00bb<\/em>. Ce qui est s\u00fbr pour le moment, c&rsquo;est que ce mercato estival 2021 s&rsquo;annonce palpitant. Affaire \u00e0 suivre !<\/p>\n<p><b><i><strong><em>Tanguy Le Jeune<br \/>\n<a href=\"https:\/\/twitter.com\/LeJeuneT_\"><img loading=\"lazy\" decoding=\"async\" class=\"alignnone wp-image-2908\" src=\"https:\/\/i1.wp.com\/dicodusport.fr\/blog\/wp-content\/uploads\/2017\/07\/logo-twitter.png?resize=38%2C38\" alt=\"\" width=\"38\" height=\"38\" \/><\/a><a href=\"https:\/\/www.instagram.com\/tanguyljn_\/\"><img loading=\"lazy\" decoding=\"async\" class=\"alignnone wp-image-3709\" src=\"https:\/\/i0.wp.com\/dicodusport.fr\/blog\/wp-content\/uploads\/2017\/08\/signature-instagram.png?resize=38%2C38&amp;ssl=1\" sizes=\"auto, (max-width: 38px) 100vw, 38px\" srcset=\"https:\/\/i0.wp.com\/dicodusport.fr\/blog\/wp-content\/uploads\/2017\/08\/signature-instagram.png?resize=38%2C38&amp;ssl=1 283w, https:\/\/dicodusport.fr\/blog\/wp-content\/uploads\/2017\/08\/signature-instagram-150x150.png 150w\" alt=\"\" width=\"38\" height=\"38\" \/><\/a><\/em><\/strong>\u00a0<\/i><\/b><\/p>\n","protected":false},"excerpt":{"rendered":"<p>\u00ab Cristiano quiere volver \u00bb telle est la une du quotidien madril\u00e8ne AS en ce 13 mars. En difficult\u00e9 avec le Juventus et r\u00e9cemment \u00e9limin\u00e9 de la Ligue des Champions avec les Bianconeri, Cristiano Ronaldo souhaiterait, selon Marca et AS, revenir au Real Madrid. Il serait notamment \u00ab en contact depuis des mois \u00bb avec le club madril\u00e8ne.<\/p>\n","protected":false},"author":46,"featured_media":113341,"comment_status":"open","ping_status":"closed","sticky":false,"template":"","format":"standard","meta":{"_acf_changed":false,"_daextam_enable_autolinks":"","footnotes":""},"categories":[2301],"tags":[5175,386,75,4614,5963,521],"class_list":["post-113329","post","type-post","status-publish","format-standard","has-post-thumbnail","hentry","category-football","tag-cr7","tag-cristiano-ronaldo","tag-football","tag-juventus-turin","tag-mercato-estival","tag-real-madrid"],"acf":[],"yoast_head":"<!-- This site is optimized with the Yoast SEO Premium plugin v26.7 (Yoast SEO v26.7) - https:\/\/yoast.com\/wordpress\/plugins\/seo\/ -->\n<title>Cristiano Ronaldo de retour au Real Madrid ?<\/title>\n<meta name=\"description\" content=\"\u00ab Cristiano quiere volver \u00bb telle est la une du quotidien madril\u00e8ne AS. Alors, Cristiano Ronaldo est-il sur le chemin du retour \u00e0 Madrid ?\" \/>\n<meta name=\"robots\" content=\"index, follow, max-snippet:-1, max-image-preview:large, max-video-preview:-1\" \/>\n<link rel=\"canonical\" href=\"https:\/\/dicodusport.fr\/blog\/cristiano-ronaldo-de-retour-au-real-madrid\/\" \/>\n<meta property=\"og:locale\" content=\"fr_FR\" \/>\n<meta property=\"og:type\" content=\"article\" \/>\n<meta property=\"og:title\" content=\"Cristiano Ronaldo de retour au Real Madrid ?\" \/>\n<meta property=\"og:description\" content=\"\u00ab Cristiano quiere volver \u00bb telle est la une du quotidien madril\u00e8ne AS. Alors, Cristiano Ronaldo est-il sur le chemin du retour \u00e0 Madrid ?\" \/>\n<meta property=\"og:url\" content=\"https:\/\/dicodusport.fr\/blog\/cristiano-ronaldo-de-retour-au-real-madrid\/\" \/>\n<meta property=\"og:site_name\" content=\"Dicodusport\" \/>\n<meta property=\"article:publisher\" content=\"https:\/\/www.facebook.com\/dicodusport\" \/>\n<meta property=\"article:published_time\" content=\"2021-03-13T10:43:44+00:00\" \/>\n<meta property=\"article:modified_time\" content=\"2021-03-13T11:14:45+00:00\" \/>\n<meta property=\"og:image\" content=\"https:\/\/dicodusport.fr\/blog\/wp-content\/uploads\/2021\/03\/Cristiano-Ronaldo-de-retour-au-Real-Madrid.png\" \/>\n\t<meta property=\"og:image:width\" content=\"800\" \/>\n\t<meta property=\"og:image:height\" content=\"445\" \/>\n\t<meta property=\"og:image:type\" content=\"image\/png\" \/>\n<meta name=\"author\" content=\"Tanguy Le Jeune\" \/>\n<meta name=\"twitter:card\" content=\"summary_large_image\" \/>\n<meta name=\"twitter:title\" content=\"Cristiano Ronaldo de retour au Real Madrid ?\" \/>\n<meta name=\"twitter:creator\" content=\"@https:\/\/twitter.com\/LeJeuneT_\" \/>\n<meta name=\"twitter:site\" content=\"@dicodusport\" \/>\n<script type=\"application\/ld+json\" class=\"yoast-schema-graph\">{\"@context\":\"https:\/\/schema.org\",\"@graph\":[{\"@type\":\"NewsArticle\",\"@id\":\"https:\/\/dicodusport.fr\/blog\/cristiano-ronaldo-de-retour-au-real-madrid\/#article\",\"isPartOf\":{\"@id\":\"https:\/\/dicodusport.fr\/blog\/cristiano-ronaldo-de-retour-au-real-madrid\/\"},\"author\":{\"name\":\"Tanguy Le Jeune\",\"@id\":\"https:\/\/dicodusport.fr\/blog\/#\/schema\/person\/37ea0f6075559930024fec7c0f79e8f2\"},\"headline\":\"Cristiano Ronaldo de retour au Real Madrid ?\",\"datePublished\":\"2021-03-13T10:43:44+00:00\",\"dateModified\":\"2021-03-13T11:14:45+00:00\",\"mainEntityOfPage\":{\"@id\":\"https:\/\/dicodusport.fr\/blog\/cristiano-ronaldo-de-retour-au-real-madrid\/\"},\"wordCount\":362,\"commentCount\":0,\"publisher\":{\"@id\":\"https:\/\/dicodusport.fr\/blog\/#organization\"},\"image\":{\"@id\":\"https:\/\/dicodusport.fr\/blog\/cristiano-ronaldo-de-retour-au-real-madrid\/#primaryimage\"},\"thumbnailUrl\":\"https:\/\/dicodusport.fr\/blog\/wp-content\/uploads\/2021\/03\/Cristiano-Ronaldo-de-retour-au-Real-Madrid.png\",\"keywords\":[\"CR7\",\"Cristiano Ronaldo\",\"Football\",\"Juventus Turin\",\"mercato estival\",\"Real Madrid\"],\"articleSection\":[\"Football\"],\"inLanguage\":\"fr-FR\",\"potentialAction\":[{\"@type\":\"CommentAction\",\"name\":\"Comment\",\"target\":[\"https:\/\/dicodusport.fr\/blog\/cristiano-ronaldo-de-retour-au-real-madrid\/#respond\"]}],\"copyrightYear\":\"2021\",\"copyrightHolder\":{\"@id\":\"https:\/\/dicodusport.fr\/blog\/#organization\"}},{\"@type\":\"WebPage\",\"@id\":\"https:\/\/dicodusport.fr\/blog\/cristiano-ronaldo-de-retour-au-real-madrid\/\",\"url\":\"https:\/\/dicodusport.fr\/blog\/cristiano-ronaldo-de-retour-au-real-madrid\/\",\"name\":\"Cristiano Ronaldo de retour au Real Madrid ?\",\"isPartOf\":{\"@id\":\"https:\/\/dicodusport.fr\/blog\/#website\"},\"primaryImageOfPage\":{\"@id\":\"https:\/\/dicodusport.fr\/blog\/cristiano-ronaldo-de-retour-au-real-madrid\/#primaryimage\"},\"image\":{\"@id\":\"https:\/\/dicodusport.fr\/blog\/cristiano-ronaldo-de-retour-au-real-madrid\/#primaryimage\"},\"thumbnailUrl\":\"https:\/\/dicodusport.fr\/blog\/wp-content\/uploads\/2021\/03\/Cristiano-Ronaldo-de-retour-au-Real-Madrid.png\",\"datePublished\":\"2021-03-13T10:43:44+00:00\",\"dateModified\":\"2021-03-13T11:14:45+00:00\",\"description\":\"\u00ab Cristiano quiere volver \u00bb telle est la une du quotidien madril\u00e8ne AS. Alors, Cristiano Ronaldo est-il sur le chemin du retour \u00e0 Madrid ?\",\"breadcrumb\":{\"@id\":\"https:\/\/dicodusport.fr\/blog\/cristiano-ronaldo-de-retour-au-real-madrid\/#breadcrumb\"},\"inLanguage\":\"fr-FR\",\"potentialAction\":[{\"@type\":\"ReadAction\",\"target\":[\"https:\/\/dicodusport.fr\/blog\/cristiano-ronaldo-de-retour-au-real-madrid\/\"]}]},{\"@type\":\"ImageObject\",\"inLanguage\":\"fr-FR\",\"@id\":\"https:\/\/dicodusport.fr\/blog\/cristiano-ronaldo-de-retour-au-real-madrid\/#primaryimage\",\"url\":\"https:\/\/dicodusport.fr\/blog\/wp-content\/uploads\/2021\/03\/Cristiano-Ronaldo-de-retour-au-Real-Madrid.png\",\"contentUrl\":\"https:\/\/dicodusport.fr\/blog\/wp-content\/uploads\/2021\/03\/Cristiano-Ronaldo-de-retour-au-Real-Madrid.png\",\"width\":800,\"height\":445,\"caption\":\"Cristiano Ronaldo de retour au Real Madrid ?\"},{\"@type\":\"BreadcrumbList\",\"@id\":\"https:\/\/dicodusport.fr\/blog\/cristiano-ronaldo-de-retour-au-real-madrid\/#breadcrumb\",\"itemListElement\":[{\"@type\":\"ListItem\",\"position\":1,\"name\":\"Accueil\",\"item\":\"https:\/\/dicodusport.fr\/blog\/\"},{\"@type\":\"ListItem\",\"position\":2,\"name\":\"Cristiano Ronaldo de retour au Real Madrid ?\"}]},{\"@type\":\"WebSite\",\"@id\":\"https:\/\/dicodusport.fr\/blog\/#website\",\"url\":\"https:\/\/dicodusport.fr\/blog\/\",\"name\":\"Dicodusport\",\"description\":\"L&#039;encyclop\u00e9die de l&#039;actualit\u00e9 sportive\",\"publisher\":{\"@id\":\"https:\/\/dicodusport.fr\/blog\/#organization\"},\"potentialAction\":[{\"@type\":\"SearchAction\",\"target\":{\"@type\":\"EntryPoint\",\"urlTemplate\":\"https:\/\/dicodusport.fr\/blog\/?s={search_term_string}\"},\"query-input\":{\"@type\":\"PropertyValueSpecification\",\"valueRequired\":true,\"valueName\":\"search_term_string\"}}],\"inLanguage\":\"fr-FR\"},{\"@type\":\"NewsMediaOrganization\",\"@id\":\"https:\/\/dicodusport.fr\/blog\/#organization\",\"name\":\"Dicodusport\",\"url\":\"https:\/\/dicodusport.fr\/blog\/\",\"logo\":{\"@type\":\"ImageObject\",\"inLanguage\":\"fr-FR\",\"@id\":\"https:\/\/dicodusport.fr\/blog\/#\/schema\/logo\/image\/\",\"url\":\"https:\/\/dicodusport.fr\/blog\/wp-content\/uploads\/2020\/06\/cropped-LOGO-DICODUSPORT-2020-SANS-FOND-SANS-TEXTE.png\",\"contentUrl\":\"https:\/\/dicodusport.fr\/blog\/wp-content\/uploads\/2020\/06\/cropped-LOGO-DICODUSPORT-2020-SANS-FOND-SANS-TEXTE.png\",\"width\":512,\"height\":512,\"caption\":\"Dicodusport\"},\"image\":{\"@id\":\"https:\/\/dicodusport.fr\/blog\/#\/schema\/logo\/image\/\"},\"sameAs\":[\"https:\/\/www.facebook.com\/dicodusport\",\"https:\/\/x.com\/dicodusport\",\"https:\/\/www.instagram.com\/dicodusport\/\",\"https:\/\/www.youtube.com\/channel\/UC7V2KZ5sd3htJivAbA4ZG3w\"],\"description\":\"Dicodusport est l'encyclop\u00e9die de l'actualit\u00e9 sportive.\",\"email\":\"bonjour@dicodusport.fr\",\"legalName\":\"DICODUSPORT\",\"foundingDate\":\"2018-01-14\",\"vatID\":\"FR71834470973\",\"taxID\":\"83447097300043\",\"numberOfEmployees\":{\"@type\":\"QuantitativeValue\",\"minValue\":\"1\",\"maxValue\":\"10\"}},{\"@type\":\"Person\",\"@id\":\"https:\/\/dicodusport.fr\/blog\/#\/schema\/person\/37ea0f6075559930024fec7c0f79e8f2\",\"name\":\"Tanguy Le Jeune\",\"image\":{\"@type\":\"ImageObject\",\"inLanguage\":\"fr-FR\",\"@id\":\"https:\/\/dicodusport.fr\/blog\/#\/schema\/person\/image\/\",\"url\":\"https:\/\/dicodusport.fr\/blog\/wp-content\/uploads\/2021\/05\/Tanguy-Le-Jeune-150x150.jpg\",\"contentUrl\":\"https:\/\/dicodusport.fr\/blog\/wp-content\/uploads\/2021\/05\/Tanguy-Le-Jeune-150x150.jpg\",\"caption\":\"Tanguy Le Jeune\"},\"description\":\"Journaliste\/r\u00e9dacteur depuis novembre 2020 - Lionel Messi, Kobe Bryant, Lewis Hamilton. Quel rapport entre ces trois l\u00e9gendes ? Aucun, hormis leur statut de l\u00e9gende. Mais, pour moi, ces stars ont quelque chose en commun. Ce sont mes idoles, mes exemples et les grands cr\u00e9ateurs de ma passion pour le sport. Malgr\u00e9 mon cruel manque de talent pour pratiquer le sport au haut niveau, mon amour et ma passion me poussent, chaque jour, \u00e0 vous partager l\u2019actualit\u00e9 au travers de ce que je sais probablement faire le mieux : \u00e9crire.\",\"sameAs\":[\"https:\/\/www.instagram.com\/tanguyljn_\/\",\"https:\/\/x.com\/https:\/\/twitter.com\/LeJeuneT_\"],\"url\":\"https:\/\/dicodusport.fr\/blog\/author\/tanguylj\/\"}]}<\/script>\n<!-- \/ Yoast SEO Premium plugin. -->","yoast_head_json":{"title":"Cristiano Ronaldo de retour au Real Madrid ?","description":"\u00ab Cristiano quiere volver \u00bb telle est la une du quotidien madril\u00e8ne AS. Alors, Cristiano Ronaldo est-il sur le chemin du retour \u00e0 Madrid ?","robots":{"index":"index","follow":"follow","max-snippet":"max-snippet:-1","max-image-preview":"max-image-preview:large","max-video-preview":"max-video-preview:-1"},"canonical":"https:\/\/dicodusport.fr\/blog\/cristiano-ronaldo-de-retour-au-real-madrid\/","og_locale":"fr_FR","og_type":"article","og_title":"Cristiano Ronaldo de retour au Real Madrid ?","og_description":"\u00ab Cristiano quiere volver \u00bb telle est la une du quotidien madril\u00e8ne AS. Alors, Cristiano Ronaldo est-il sur le chemin du retour \u00e0 Madrid ?","og_url":"https:\/\/dicodusport.fr\/blog\/cristiano-ronaldo-de-retour-au-real-madrid\/","og_site_name":"Dicodusport","article_publisher":"https:\/\/www.facebook.com\/dicodusport","article_published_time":"2021-03-13T10:43:44+00:00","article_modified_time":"2021-03-13T11:14:45+00:00","og_image":[{"width":800,"height":445,"url":"https:\/\/dicodusport.fr\/blog\/wp-content\/uploads\/2021\/03\/Cristiano-Ronaldo-de-retour-au-Real-Madrid.png","type":"image\/png"}],"author":"Tanguy Le Jeune","twitter_card":"summary_large_image","twitter_title":"Cristiano Ronaldo de retour au Real Madrid ?","twitter_creator":"@https:\/\/twitter.com\/LeJeuneT_","twitter_site":"@dicodusport","schema":{"@context":"https:\/\/schema.org","@graph":[{"@type":"NewsArticle","@id":"https:\/\/dicodusport.fr\/blog\/cristiano-ronaldo-de-retour-au-real-madrid\/#article","isPartOf":{"@id":"https:\/\/dicodusport.fr\/blog\/cristiano-ronaldo-de-retour-au-real-madrid\/"},"author":{"name":"Tanguy Le Jeune","@id":"https:\/\/dicodusport.fr\/blog\/#\/schema\/person\/37ea0f6075559930024fec7c0f79e8f2"},"headline":"Cristiano Ronaldo de retour au Real Madrid ?","datePublished":"2021-03-13T10:43:44+00:00","dateModified":"2021-03-13T11:14:45+00:00","mainEntityOfPage":{"@id":"https:\/\/dicodusport.fr\/blog\/cristiano-ronaldo-de-retour-au-real-madrid\/"},"wordCount":362,"commentCount":0,"publisher":{"@id":"https:\/\/dicodusport.fr\/blog\/#organization"},"image":{"@id":"https:\/\/dicodusport.fr\/blog\/cristiano-ronaldo-de-retour-au-real-madrid\/#primaryimage"},"thumbnailUrl":"https:\/\/dicodusport.fr\/blog\/wp-content\/uploads\/2021\/03\/Cristiano-Ronaldo-de-retour-au-Real-Madrid.png","keywords":["CR7","Cristiano Ronaldo","Football","Juventus Turin","mercato estival","Real Madrid"],"articleSection":["Football"],"inLanguage":"fr-FR","potentialAction":[{"@type":"CommentAction","name":"Comment","target":["https:\/\/dicodusport.fr\/blog\/cristiano-ronaldo-de-retour-au-real-madrid\/#respond"]}],"copyrightYear":"2021","copyrightHolder":{"@id":"https:\/\/dicodusport.fr\/blog\/#organization"}},{"@type":"WebPage","@id":"https:\/\/dicodusport.fr\/blog\/cristiano-ronaldo-de-retour-au-real-madrid\/","url":"https:\/\/dicodusport.fr\/blog\/cristiano-ronaldo-de-retour-au-real-madrid\/","name":"Cristiano Ronaldo de retour au Real Madrid ?","isPartOf":{"@id":"https:\/\/dicodusport.fr\/blog\/#website"},"primaryImageOfPage":{"@id":"https:\/\/dicodusport.fr\/blog\/cristiano-ronaldo-de-retour-au-real-madrid\/#primaryimage"},"image":{"@id":"https:\/\/dicodusport.fr\/blog\/cristiano-ronaldo-de-retour-au-real-madrid\/#primaryimage"},"thumbnailUrl":"https:\/\/dicodusport.fr\/blog\/wp-content\/uploads\/2021\/03\/Cristiano-Ronaldo-de-retour-au-Real-Madrid.png","datePublished":"2021-03-13T10:43:44+00:00","dateModified":"2021-03-13T11:14:45+00:00","description":"\u00ab Cristiano quiere volver \u00bb telle est la une du quotidien madril\u00e8ne AS. Alors, Cristiano Ronaldo est-il sur le chemin du retour \u00e0 Madrid ?","breadcrumb":{"@id":"https:\/\/dicodusport.fr\/blog\/cristiano-ronaldo-de-retour-au-real-madrid\/#breadcrumb"},"inLanguage":"fr-FR","potentialAction":[{"@type":"ReadAction","target":["https:\/\/dicodusport.fr\/blog\/cristiano-ronaldo-de-retour-au-real-madrid\/"]}]},{"@type":"ImageObject","inLanguage":"fr-FR","@id":"https:\/\/dicodusport.fr\/blog\/cristiano-ronaldo-de-retour-au-real-madrid\/#primaryimage","url":"https:\/\/dicodusport.fr\/blog\/wp-content\/uploads\/2021\/03\/Cristiano-Ronaldo-de-retour-au-Real-Madrid.png","contentUrl":"https:\/\/dicodusport.fr\/blog\/wp-content\/uploads\/2021\/03\/Cristiano-Ronaldo-de-retour-au-Real-Madrid.png","width":800,"height":445,"caption":"Cristiano Ronaldo de retour au Real Madrid ?"},{"@type":"BreadcrumbList","@id":"https:\/\/dicodusport.fr\/blog\/cristiano-ronaldo-de-retour-au-real-madrid\/#breadcrumb","itemListElement":[{"@type":"ListItem","position":1,"name":"Accueil","item":"https:\/\/dicodusport.fr\/blog\/"},{"@type":"ListItem","position":2,"name":"Cristiano Ronaldo de retour au Real Madrid ?"}]},{"@type":"WebSite","@id":"https:\/\/dicodusport.fr\/blog\/#website","url":"https:\/\/dicodusport.fr\/blog\/","name":"Dicodusport","description":"L&#039;encyclop\u00e9die de l&#039;actualit\u00e9 sportive","publisher":{"@id":"https:\/\/dicodusport.fr\/blog\/#organization"},"potentialAction":[{"@type":"SearchAction","target":{"@type":"EntryPoint","urlTemplate":"https:\/\/dicodusport.fr\/blog\/?s={search_term_string}"},"query-input":{"@type":"PropertyValueSpecification","valueRequired":true,"valueName":"search_term_string"}}],"inLanguage":"fr-FR"},{"@type":"NewsMediaOrganization","@id":"https:\/\/dicodusport.fr\/blog\/#organization","name":"Dicodusport","url":"https:\/\/dicodusport.fr\/blog\/","logo":{"@type":"ImageObject","inLanguage":"fr-FR","@id":"https:\/\/dicodusport.fr\/blog\/#\/schema\/logo\/image\/","url":"https:\/\/dicodusport.fr\/blog\/wp-content\/uploads\/2020\/06\/cropped-LOGO-DICODUSPORT-2020-SANS-FOND-SANS-TEXTE.png","contentUrl":"https:\/\/dicodusport.fr\/blog\/wp-content\/uploads\/2020\/06\/cropped-LOGO-DICODUSPORT-2020-SANS-FOND-SANS-TEXTE.png","width":512,"height":512,"caption":"Dicodusport"},"image":{"@id":"https:\/\/dicodusport.fr\/blog\/#\/schema\/logo\/image\/"},"sameAs":["https:\/\/www.facebook.com\/dicodusport","https:\/\/x.com\/dicodusport","https:\/\/www.instagram.com\/dicodusport\/","https:\/\/www.youtube.com\/channel\/UC7V2KZ5sd3htJivAbA4ZG3w"],"description":"Dicodusport est l'encyclop\u00e9die de l'actualit\u00e9 sportive.","email":"bonjour@dicodusport.fr","legalName":"DICODUSPORT","foundingDate":"2018-01-14","vatID":"FR71834470973","taxID":"83447097300043","numberOfEmployees":{"@type":"QuantitativeValue","minValue":"1","maxValue":"10"}},{"@type":"Person","@id":"https:\/\/dicodusport.fr\/blog\/#\/schema\/person\/37ea0f6075559930024fec7c0f79e8f2","name":"Tanguy Le Jeune","image":{"@type":"ImageObject","inLanguage":"fr-FR","@id":"https:\/\/dicodusport.fr\/blog\/#\/schema\/person\/image\/","url":"https:\/\/dicodusport.fr\/blog\/wp-content\/uploads\/2021\/05\/Tanguy-Le-Jeune-150x150.jpg","contentUrl":"https:\/\/dicodusport.fr\/blog\/wp-content\/uploads\/2021\/05\/Tanguy-Le-Jeune-150x150.jpg","caption":"Tanguy Le Jeune"},"description":"Journaliste\/r\u00e9dacteur depuis novembre 2020 - Lionel Messi, Kobe Bryant, Lewis Hamilton. Quel rapport entre ces trois l\u00e9gendes ? Aucun, hormis leur statut de l\u00e9gende. Mais, pour moi, ces stars ont quelque chose en commun. Ce sont mes idoles, mes exemples et les grands cr\u00e9ateurs de ma passion pour le sport. Malgr\u00e9 mon cruel manque de talent pour pratiquer le sport au haut niveau, mon amour et ma passion me poussent, chaque jour, \u00e0 vous partager l\u2019actualit\u00e9 au travers de ce que je sais probablement faire le mieux : \u00e9crire.","sameAs":["https:\/\/www.instagram.com\/tanguyljn_\/","https:\/\/x.com\/https:\/\/twitter.com\/LeJeuneT_"],"url":"https:\/\/dicodusport.fr\/blog\/author\/tanguylj\/"}]}},"_links":{"self":[{"href":"https:\/\/dicodusport.fr\/blog\/wp-json\/wp\/v2\/posts\/113329","targetHints":{"allow":["GET"]}}],"collection":[{"href":"https:\/\/dicodusport.fr\/blog\/wp-json\/wp\/v2\/posts"}],"about":[{"href":"https:\/\/dicodusport.fr\/blog\/wp-json\/wp\/v2\/types\/post"}],"author":[{"embeddable":true,"href":"https:\/\/dicodusport.fr\/blog\/wp-json\/wp\/v2\/users\/46"}],"replies":[{"embeddable":true,"href":"https:\/\/dicodusport.fr\/blog\/wp-json\/wp\/v2\/comments?post=113329"}],"version-history":[{"count":0,"href":"https:\/\/dicodusport.fr\/blog\/wp-json\/wp\/v2\/posts\/113329\/revisions"}],"wp:featuredmedia":[{"embeddable":true,"href":"https:\/\/dicodusport.fr\/blog\/wp-json\/wp\/v2\/media\/113341"}],"wp:attachment":[{"href":"https:\/\/dicodusport.fr\/blog\/wp-json\/wp\/v2\/media?parent=113329"}],"wp:term":[{"taxonomy":"category","embeddable":true,"href":"https:\/\/dicodusport.fr\/blog\/wp-json\/wp\/v2\/categories?post=113329"},{"taxonomy":"post_tag","embeddable":true,"href":"https:\/\/dicodusport.fr\/blog\/wp-json\/wp\/v2\/tags?post=113329"}],"curies":[{"name":"wp","href":"https:\/\/api.w.org\/{rel}","templated":true}]}}