{"id":113357,"date":"2021-03-13T13:30:52","date_gmt":"2021-03-13T12:30:52","guid":{"rendered":"https:\/\/dicodusport.fr\/blog\/?p=113357&#038;preview=true&#038;preview_id=113357"},"modified":"2021-03-13T13:56:17","modified_gmt":"2021-03-13T12:56:17","slug":"slalom-geant-de-kranjska-gora-marco-odermatt-stratospherique-pinturault-4eme","status":"publish","type":"post","link":"https:\/\/dicodusport.fr\/blog\/slalom-geant-de-kranjska-gora-marco-odermatt-stratospherique-pinturault-4eme\/","title":{"rendered":"Slalom g\u00e9ant de Kranjska Gora : Marco Odermatt stratosph\u00e9rique, Pinturault 4\u00e8me"},"content":{"rendered":"<p style=\"text-align: justify;\"><strong><em><a href=\"https:\/\/dicodusport.fr\/blog\/ski-alpin-coupe-du-monde-2020-2021-le-calendrier-complet\/\" target=\"_blank\" rel=\"noopener noreferrer\">SKI ALPIN 2020\/2021<\/a> &#8211; Le duel Pinturault \/ Odermatt bat son plein ! Ce samedi, le Suisse a enlev\u00e9 le g\u00e9ant de Kranjska Gora (Slov\u00e9nie) en r\u00e9alisant une seconde manche stratosph\u00e9rique. Quatri\u00e8me, Alexis Pinturault voit revenir l&rsquo;Helv\u00e8te \u00e0 31 points au g\u00e9n\u00e9ral.<\/em><\/strong><\/p>\n<p style=\"text-align: justify;\">L&rsquo;avance d&rsquo;<strong>Alexis Pinturault<\/strong> sur <strong>Marco Odermatt<\/strong> fond comme neige au soleil. Avec 81 d&rsquo;avance ce matin, le Fran\u00e7ais pouvait l\u00e9gitimement esp\u00e9rer reprendre de l&rsquo;air dans sa discipline de pr\u00e9dilection. Mais le Suisse a \u00e9t\u00e9 royal. Quatri\u00e8me du premier acte \u00e0 61 centi\u00e8mes de son compatriote <strong>Lo\u00efc Meillard<\/strong>, le skieur de 23 ans a explos\u00e9 la concurrence sur le second trac\u00e9, en r\u00e9alisant le meilleur temps de celle-ci. Surtout, \u00e0 l&rsquo;arriv\u00e9e, il devance <strong>Meillard<\/strong> de plus d&rsquo;une seconde (1.06) et l&rsquo;Autrichien Brennsteiner de 1.09 secondes. \u00c9poustouflant.<\/p>\n<p style=\"text-align: justify;\">De son c\u00f4t\u00e9, <strong>Pinturault<\/strong> est lui rel\u00e9gu\u00e9 en 4\u00e8me position, \u00e0 1.11 secondes de Meillard. Ce dernier revient ainsi \u00e0 31 points du skieur de Courchevel au classement g\u00e9n\u00e9ral. De plus, gr\u00e2ce \u00e0 ce second succ\u00e8s de la saison en g\u00e9ant, <strong>Marco Odermatt<\/strong> prend la t\u00eate du classement de la sp\u00e9cialit\u00e9, avec 25 unit\u00e9s d&rsquo;avance sur le Tricolore.<\/p>\n<blockquote class=\"twitter-tweet\">\n<p dir=\"ltr\" lang=\"fr\">Pinturault 3e temps provisoire derri\u00e8re son grand rival Odermatt, auteur d&rsquo;une 2e manche de folie sur le g\u00e9ant de Kranjska Gora ! <a href=\"https:\/\/twitter.com\/hashtag\/ChaletClub?src=hash&amp;ref_src=twsrc%5Etfw\">#ChaletClub<\/a> <a href=\"https:\/\/t.co\/aIc9euDFoT\">pic.twitter.com\/aIc9euDFoT<\/a><\/p>\n<p>\u2014 Eurosport France (@Eurosport_FR) <a href=\"https:\/\/twitter.com\/Eurosport_FR\/status\/1370712551542120450?ref_src=twsrc%5Etfw\">March 13, 2021<\/a><\/p><\/blockquote>\n<p><script async src=\"https:\/\/platform.twitter.com\/widgets.js\" charset=\"utf-8\"><\/script><\/p>\n<h2 style=\"text-align: justify;\">\u00c0 lire aussi<\/h2>\n<ul>\n<li><a href=\"https:\/\/dicodusport.fr\/blog\/ski-alpin-coupe-du-monde-classement-slalom-geant-kranjska-gora\/\" target=\"_blank\" rel=\"noopener\"><strong>Le classement du slalom g\u00e9ant de Kranjska Gora<\/strong><\/a><\/li>\n<li><a href=\"https:\/\/dicodusport.fr\/blog\/ski-alpin-coupe-du-monde-2020-2021-le-classement-general-hommes\/\" target=\"_blank\" rel=\"noopener noreferrer\"><strong>Ski alpin \u2013 Coupe du monde 2020\/2021 : le classement g\u00e9n\u00e9ral hommes<\/strong><\/a><\/li>\n<\/ul>\n<p><strong><em>Dicodusport<br \/>\n<a href=\"https:\/\/www.facebook.com\/dicodusport\/\" target=\"_blank\" rel=\"noopener noreferrer\"><img loading=\"lazy\" decoding=\"async\" class=\"alignnone wp-image-2909\" src=\"http:\/\/dicodusport.fr\/blog\/wp-content\/uploads\/2017\/07\/logo-facebook-150x150.png\" alt=\"\" width=\"40\" height=\"40\" \/><\/a><a href=\"https:\/\/twitter.com\/dicodusport\" target=\"_blank\" rel=\"noopener noreferrer\"><img loading=\"lazy\" decoding=\"async\" class=\"alignnone wp-image-2908\" src=\"http:\/\/dicodusport.fr\/blog\/wp-content\/uploads\/2017\/07\/logo-twitter-150x150.png\" alt=\"\" width=\"39\" height=\"39\" \/><\/a><\/em><\/strong><\/p>\n","protected":false},"excerpt":{"rendered":"<p>SKI ALPIN 2020\/2021 &#8211; Le duel Pinturault \/ Odermatt bat son plein ! Ce samedi, le Suisse a enlev\u00e9 le g\u00e9ant de Kranjska Gora (Slov\u00e9nie) en r\u00e9alisant une seconde manche stratosph\u00e9rique. Quatri\u00e8me, Alexis Pinturault voit revenir l&rsquo;Helv\u00e8te \u00e0 31 points au g\u00e9n\u00e9ral.<\/p>\n","protected":false},"author":4,"featured_media":113384,"comment_status":"open","ping_status":"closed","sticky":false,"template":"","format":"standard","meta":{"_acf_changed":false,"_daextam_enable_autolinks":"","footnotes":""},"categories":[9217],"tags":[15180,3543],"class_list":["post-113357","post","type-post","status-publish","format-standard","has-post-thumbnail","hentry","category-ski","tag-geant-de-kranjska-gora","tag-slalom-geant"],"acf":[],"yoast_head":"<!-- This site is optimized with the Yoast SEO Premium plugin v26.7 (Yoast SEO v26.7) - https:\/\/yoast.com\/wordpress\/plugins\/seo\/ -->\n<title>Slalom g\u00e9ant de Kranjska Gora : Marco Odermatt stratosph\u00e9rique, Pinturault 4\u00e8me<\/title>\n<meta name=\"description\" content=\"SKI ALPIN 2020\/2021 - Le duel Pinturault \/ Odermatt bat son plein ! Ce samedi, le Suisse a enlev\u00e9 le g\u00e9ant de Kranjska Gora (Slov\u00e9nie) en r\u00e9alisant une seconde manche stratosph\u00e9rique.\" \/>\n<meta name=\"robots\" content=\"index, follow, max-snippet:-1, max-image-preview:large, max-video-preview:-1\" \/>\n<link rel=\"canonical\" href=\"https:\/\/dicodusport.fr\/blog\/slalom-geant-de-kranjska-gora-marco-odermatt-stratospherique-pinturault-4eme\/\" \/>\n<meta property=\"og:locale\" content=\"fr_FR\" \/>\n<meta property=\"og:type\" content=\"article\" \/>\n<meta property=\"og:title\" content=\"Slalom g\u00e9ant de Kranjska Gora : Marco Odermatt stratosph\u00e9rique, Pinturault 4\u00e8me\" \/>\n<meta property=\"og:description\" content=\"SKI ALPIN 2020\/2021 - Le duel Pinturault \/ Odermatt bat son plein ! Ce samedi, le Suisse a enlev\u00e9 le g\u00e9ant de Kranjska Gora (Slov\u00e9nie) en r\u00e9alisant une seconde manche stratosph\u00e9rique.\" \/>\n<meta property=\"og:url\" content=\"https:\/\/dicodusport.fr\/blog\/slalom-geant-de-kranjska-gora-marco-odermatt-stratospherique-pinturault-4eme\/\" \/>\n<meta property=\"og:site_name\" content=\"Dicodusport\" \/>\n<meta property=\"article:publisher\" content=\"https:\/\/www.facebook.com\/dicodusport\" \/>\n<meta property=\"article:author\" content=\"https:\/\/www.facebook.com\/florent.ostermann\" \/>\n<meta property=\"article:published_time\" content=\"2021-03-13T12:30:52+00:00\" \/>\n<meta property=\"article:modified_time\" content=\"2021-03-13T12:56:17+00:00\" \/>\n<meta property=\"og:image\" content=\"https:\/\/dicodusport.fr\/blog\/wp-content\/uploads\/2021\/03\/Slalom-geant-de-Kranjska-Gora-Marco-Odermatt-stratospherique-Pinturault-4eme.png\" \/>\n\t<meta property=\"og:image:width\" content=\"800\" \/>\n\t<meta property=\"og:image:height\" content=\"445\" \/>\n\t<meta property=\"og:image:type\" content=\"image\/png\" \/>\n<meta name=\"author\" content=\"Flo Ostermann\" \/>\n<meta name=\"twitter:card\" content=\"summary_large_image\" \/>\n<meta name=\"twitter:title\" content=\"Slalom g\u00e9ant de Kranjska Gora : Marco Odermatt stratosph\u00e9rique, Pinturault 4\u00e8me\" \/>\n<meta name=\"twitter:creator\" content=\"@https:\/\/twitter.com\/FlOstermann\" \/>\n<meta name=\"twitter:site\" content=\"@dicodusport\" \/>\n<script type=\"application\/ld+json\" class=\"yoast-schema-graph\">{\"@context\":\"https:\/\/schema.org\",\"@graph\":[{\"@type\":\"NewsArticle\",\"@id\":\"https:\/\/dicodusport.fr\/blog\/slalom-geant-de-kranjska-gora-marco-odermatt-stratospherique-pinturault-4eme\/#article\",\"isPartOf\":{\"@id\":\"https:\/\/dicodusport.fr\/blog\/slalom-geant-de-kranjska-gora-marco-odermatt-stratospherique-pinturault-4eme\/\"},\"author\":{\"name\":\"Flo Ostermann\",\"@id\":\"https:\/\/dicodusport.fr\/blog\/#\/schema\/person\/cb02af4c173ce4a653b55e9baf388d4a\"},\"headline\":\"Slalom g\u00e9ant de Kranjska Gora : Marco Odermatt stratosph\u00e9rique, Pinturault 4\u00e8me\",\"datePublished\":\"2021-03-13T12:30:52+00:00\",\"dateModified\":\"2021-03-13T12:56:17+00:00\",\"mainEntityOfPage\":{\"@id\":\"https:\/\/dicodusport.fr\/blog\/slalom-geant-de-kranjska-gora-marco-odermatt-stratospherique-pinturault-4eme\/\"},\"wordCount\":273,\"commentCount\":0,\"publisher\":{\"@id\":\"https:\/\/dicodusport.fr\/blog\/#organization\"},\"image\":{\"@id\":\"https:\/\/dicodusport.fr\/blog\/slalom-geant-de-kranjska-gora-marco-odermatt-stratospherique-pinturault-4eme\/#primaryimage\"},\"thumbnailUrl\":\"https:\/\/dicodusport.fr\/blog\/wp-content\/uploads\/2021\/03\/Slalom-geant-de-Kranjska-Gora-Marco-Odermatt-stratospherique-Pinturault-4eme.png\",\"keywords\":[\"G\u00e9ant de Kranjska Gora\",\"slalom g\u00e9ant\"],\"articleSection\":[\"Ski\"],\"inLanguage\":\"fr-FR\",\"potentialAction\":[{\"@type\":\"CommentAction\",\"name\":\"Comment\",\"target\":[\"https:\/\/dicodusport.fr\/blog\/slalom-geant-de-kranjska-gora-marco-odermatt-stratospherique-pinturault-4eme\/#respond\"]}],\"copyrightYear\":\"2021\",\"copyrightHolder\":{\"@id\":\"https:\/\/dicodusport.fr\/blog\/#organization\"}},{\"@type\":\"WebPage\",\"@id\":\"https:\/\/dicodusport.fr\/blog\/slalom-geant-de-kranjska-gora-marco-odermatt-stratospherique-pinturault-4eme\/\",\"url\":\"https:\/\/dicodusport.fr\/blog\/slalom-geant-de-kranjska-gora-marco-odermatt-stratospherique-pinturault-4eme\/\",\"name\":\"Slalom g\u00e9ant de Kranjska Gora : Marco Odermatt stratosph\u00e9rique, Pinturault 4\u00e8me\",\"isPartOf\":{\"@id\":\"https:\/\/dicodusport.fr\/blog\/#website\"},\"primaryImageOfPage\":{\"@id\":\"https:\/\/dicodusport.fr\/blog\/slalom-geant-de-kranjska-gora-marco-odermatt-stratospherique-pinturault-4eme\/#primaryimage\"},\"image\":{\"@id\":\"https:\/\/dicodusport.fr\/blog\/slalom-geant-de-kranjska-gora-marco-odermatt-stratospherique-pinturault-4eme\/#primaryimage\"},\"thumbnailUrl\":\"https:\/\/dicodusport.fr\/blog\/wp-content\/uploads\/2021\/03\/Slalom-geant-de-Kranjska-Gora-Marco-Odermatt-stratospherique-Pinturault-4eme.png\",\"datePublished\":\"2021-03-13T12:30:52+00:00\",\"dateModified\":\"2021-03-13T12:56:17+00:00\",\"description\":\"SKI ALPIN 2020\/2021 - Le duel Pinturault \/ Odermatt bat son plein ! Ce samedi, le Suisse a enlev\u00e9 le g\u00e9ant de Kranjska Gora (Slov\u00e9nie) en r\u00e9alisant une seconde manche stratosph\u00e9rique.\",\"breadcrumb\":{\"@id\":\"https:\/\/dicodusport.fr\/blog\/slalom-geant-de-kranjska-gora-marco-odermatt-stratospherique-pinturault-4eme\/#breadcrumb\"},\"inLanguage\":\"fr-FR\",\"potentialAction\":[{\"@type\":\"ReadAction\",\"target\":[\"https:\/\/dicodusport.fr\/blog\/slalom-geant-de-kranjska-gora-marco-odermatt-stratospherique-pinturault-4eme\/\"]}]},{\"@type\":\"ImageObject\",\"inLanguage\":\"fr-FR\",\"@id\":\"https:\/\/dicodusport.fr\/blog\/slalom-geant-de-kranjska-gora-marco-odermatt-stratospherique-pinturault-4eme\/#primaryimage\",\"url\":\"https:\/\/dicodusport.fr\/blog\/wp-content\/uploads\/2021\/03\/Slalom-geant-de-Kranjska-Gora-Marco-Odermatt-stratospherique-Pinturault-4eme.png\",\"contentUrl\":\"https:\/\/dicodusport.fr\/blog\/wp-content\/uploads\/2021\/03\/Slalom-geant-de-Kranjska-Gora-Marco-Odermatt-stratospherique-Pinturault-4eme.png\",\"width\":800,\"height\":445,\"caption\":\"Slalom g\u00e9ant de Kranjska Gora : Marco Odermatt stratosph\u00e9rique, Pinturault 4\u00e8me\"},{\"@type\":\"BreadcrumbList\",\"@id\":\"https:\/\/dicodusport.fr\/blog\/slalom-geant-de-kranjska-gora-marco-odermatt-stratospherique-pinturault-4eme\/#breadcrumb\",\"itemListElement\":[{\"@type\":\"ListItem\",\"position\":1,\"name\":\"Accueil\",\"item\":\"https:\/\/dicodusport.fr\/blog\/\"},{\"@type\":\"ListItem\",\"position\":2,\"name\":\"Slalom g\u00e9ant de Kranjska Gora : Marco Odermatt stratosph\u00e9rique, Pinturault 4\u00e8me\"}]},{\"@type\":\"WebSite\",\"@id\":\"https:\/\/dicodusport.fr\/blog\/#website\",\"url\":\"https:\/\/dicodusport.fr\/blog\/\",\"name\":\"Dicodusport\",\"description\":\"L&#039;encyclop\u00e9die de l&#039;actualit\u00e9 sportive\",\"publisher\":{\"@id\":\"https:\/\/dicodusport.fr\/blog\/#organization\"},\"potentialAction\":[{\"@type\":\"SearchAction\",\"target\":{\"@type\":\"EntryPoint\",\"urlTemplate\":\"https:\/\/dicodusport.fr\/blog\/?s={search_term_string}\"},\"query-input\":{\"@type\":\"PropertyValueSpecification\",\"valueRequired\":true,\"valueName\":\"search_term_string\"}}],\"inLanguage\":\"fr-FR\"},{\"@type\":\"NewsMediaOrganization\",\"@id\":\"https:\/\/dicodusport.fr\/blog\/#organization\",\"name\":\"Dicodusport\",\"url\":\"https:\/\/dicodusport.fr\/blog\/\",\"logo\":{\"@type\":\"ImageObject\",\"inLanguage\":\"fr-FR\",\"@id\":\"https:\/\/dicodusport.fr\/blog\/#\/schema\/logo\/image\/\",\"url\":\"https:\/\/dicodusport.fr\/blog\/wp-content\/uploads\/2020\/06\/cropped-LOGO-DICODUSPORT-2020-SANS-FOND-SANS-TEXTE.png\",\"contentUrl\":\"https:\/\/dicodusport.fr\/blog\/wp-content\/uploads\/2020\/06\/cropped-LOGO-DICODUSPORT-2020-SANS-FOND-SANS-TEXTE.png\",\"width\":512,\"height\":512,\"caption\":\"Dicodusport\"},\"image\":{\"@id\":\"https:\/\/dicodusport.fr\/blog\/#\/schema\/logo\/image\/\"},\"sameAs\":[\"https:\/\/www.facebook.com\/dicodusport\",\"https:\/\/x.com\/dicodusport\",\"https:\/\/www.instagram.com\/dicodusport\/\",\"https:\/\/www.youtube.com\/channel\/UC7V2KZ5sd3htJivAbA4ZG3w\"],\"description\":\"Dicodusport est l'encyclop\u00e9die de l'actualit\u00e9 sportive.\",\"email\":\"bonjour@dicodusport.fr\",\"legalName\":\"DICODUSPORT\",\"foundingDate\":\"2018-01-14\",\"vatID\":\"FR71834470973\",\"taxID\":\"83447097300043\",\"numberOfEmployees\":{\"@type\":\"QuantitativeValue\",\"minValue\":\"1\",\"maxValue\":\"10\"}},{\"@type\":\"Person\",\"@id\":\"https:\/\/dicodusport.fr\/blog\/#\/schema\/person\/cb02af4c173ce4a653b55e9baf388d4a\",\"name\":\"Flo Ostermann\",\"image\":{\"@type\":\"ImageObject\",\"inLanguage\":\"fr-FR\",\"@id\":\"https:\/\/dicodusport.fr\/blog\/#\/schema\/person\/image\/\",\"url\":\"https:\/\/dicodusport.fr\/blog\/wp-content\/uploads\/2021\/05\/Flo-Ostermann-150x150.jpg\",\"contentUrl\":\"https:\/\/dicodusport.fr\/blog\/wp-content\/uploads\/2021\/05\/Flo-Ostermann-150x150.jpg\",\"caption\":\"Flo Ostermann\"},\"description\":\"Journaliste\/R\u00e9dacteur depuis septembre 2015 - Mes premiers souvenirs dans le sport ? Les envol\u00e9es du Stade Toulousain et les duels Villeneuve-Schumacher et H\u00e4kkinen-Schumacher \u00e0 la fin des ann\u00e9es 90, la Coupe du monde de football en 1998, l\u2019exploit du XV de France face aux All Blacks en 1999, mais aussi Richard C\u0153ur de Lion qui vole sur les montagnes du Tour de France. Bien parti pour devenir professeur d\u2019EPS, les \u00e9v\u00e9nements de la vie (et la flemme d\u2019animer des s\u00e9ances de 3x500 m\u00e8tres toute ma vie) m\u2019ont conduit \u00e0 revoir mes plans. Me voil\u00e0 depuis fin 2017 sur Dicodusport, m\u00e9dia gr\u00e2ce (et pour) lequel je partage ma passion : le sport dans tous ses \u00e9tats. Le tout accompagn\u00e9 par les fous furieux et folles furieuses cit\u00e9s sur cette page !\",\"sameAs\":[\"https:\/\/www.facebook.com\/florent.ostermann\",\"https:\/\/x.com\/https:\/\/twitter.com\/FlOstermann\",\"admin\"],\"url\":\"https:\/\/dicodusport.fr\/blog\/author\/flo\/\"}]}<\/script>\n<!-- \/ Yoast SEO Premium plugin. -->","yoast_head_json":{"title":"Slalom g\u00e9ant de Kranjska Gora : Marco Odermatt stratosph\u00e9rique, Pinturault 4\u00e8me","description":"SKI ALPIN 2020\/2021 - Le duel Pinturault \/ Odermatt bat son plein ! Ce samedi, le Suisse a enlev\u00e9 le g\u00e9ant de Kranjska Gora (Slov\u00e9nie) en r\u00e9alisant une seconde manche stratosph\u00e9rique.","robots":{"index":"index","follow":"follow","max-snippet":"max-snippet:-1","max-image-preview":"max-image-preview:large","max-video-preview":"max-video-preview:-1"},"canonical":"https:\/\/dicodusport.fr\/blog\/slalom-geant-de-kranjska-gora-marco-odermatt-stratospherique-pinturault-4eme\/","og_locale":"fr_FR","og_type":"article","og_title":"Slalom g\u00e9ant de Kranjska Gora : Marco Odermatt stratosph\u00e9rique, Pinturault 4\u00e8me","og_description":"SKI ALPIN 2020\/2021 - Le duel Pinturault \/ Odermatt bat son plein ! Ce samedi, le Suisse a enlev\u00e9 le g\u00e9ant de Kranjska Gora (Slov\u00e9nie) en r\u00e9alisant une seconde manche stratosph\u00e9rique.","og_url":"https:\/\/dicodusport.fr\/blog\/slalom-geant-de-kranjska-gora-marco-odermatt-stratospherique-pinturault-4eme\/","og_site_name":"Dicodusport","article_publisher":"https:\/\/www.facebook.com\/dicodusport","article_author":"https:\/\/www.facebook.com\/florent.ostermann","article_published_time":"2021-03-13T12:30:52+00:00","article_modified_time":"2021-03-13T12:56:17+00:00","og_image":[{"width":800,"height":445,"url":"https:\/\/dicodusport.fr\/blog\/wp-content\/uploads\/2021\/03\/Slalom-geant-de-Kranjska-Gora-Marco-Odermatt-stratospherique-Pinturault-4eme.png","type":"image\/png"}],"author":"Flo Ostermann","twitter_card":"summary_large_image","twitter_title":"Slalom g\u00e9ant de Kranjska Gora : Marco Odermatt stratosph\u00e9rique, Pinturault 4\u00e8me","twitter_creator":"@https:\/\/twitter.com\/FlOstermann","twitter_site":"@dicodusport","schema":{"@context":"https:\/\/schema.org","@graph":[{"@type":"NewsArticle","@id":"https:\/\/dicodusport.fr\/blog\/slalom-geant-de-kranjska-gora-marco-odermatt-stratospherique-pinturault-4eme\/#article","isPartOf":{"@id":"https:\/\/dicodusport.fr\/blog\/slalom-geant-de-kranjska-gora-marco-odermatt-stratospherique-pinturault-4eme\/"},"author":{"name":"Flo Ostermann","@id":"https:\/\/dicodusport.fr\/blog\/#\/schema\/person\/cb02af4c173ce4a653b55e9baf388d4a"},"headline":"Slalom g\u00e9ant de Kranjska Gora : Marco Odermatt stratosph\u00e9rique, Pinturault 4\u00e8me","datePublished":"2021-03-13T12:30:52+00:00","dateModified":"2021-03-13T12:56:17+00:00","mainEntityOfPage":{"@id":"https:\/\/dicodusport.fr\/blog\/slalom-geant-de-kranjska-gora-marco-odermatt-stratospherique-pinturault-4eme\/"},"wordCount":273,"commentCount":0,"publisher":{"@id":"https:\/\/dicodusport.fr\/blog\/#organization"},"image":{"@id":"https:\/\/dicodusport.fr\/blog\/slalom-geant-de-kranjska-gora-marco-odermatt-stratospherique-pinturault-4eme\/#primaryimage"},"thumbnailUrl":"https:\/\/dicodusport.fr\/blog\/wp-content\/uploads\/2021\/03\/Slalom-geant-de-Kranjska-Gora-Marco-Odermatt-stratospherique-Pinturault-4eme.png","keywords":["G\u00e9ant de Kranjska Gora","slalom g\u00e9ant"],"articleSection":["Ski"],"inLanguage":"fr-FR","potentialAction":[{"@type":"CommentAction","name":"Comment","target":["https:\/\/dicodusport.fr\/blog\/slalom-geant-de-kranjska-gora-marco-odermatt-stratospherique-pinturault-4eme\/#respond"]}],"copyrightYear":"2021","copyrightHolder":{"@id":"https:\/\/dicodusport.fr\/blog\/#organization"}},{"@type":"WebPage","@id":"https:\/\/dicodusport.fr\/blog\/slalom-geant-de-kranjska-gora-marco-odermatt-stratospherique-pinturault-4eme\/","url":"https:\/\/dicodusport.fr\/blog\/slalom-geant-de-kranjska-gora-marco-odermatt-stratospherique-pinturault-4eme\/","name":"Slalom g\u00e9ant de Kranjska Gora : Marco Odermatt stratosph\u00e9rique, Pinturault 4\u00e8me","isPartOf":{"@id":"https:\/\/dicodusport.fr\/blog\/#website"},"primaryImageOfPage":{"@id":"https:\/\/dicodusport.fr\/blog\/slalom-geant-de-kranjska-gora-marco-odermatt-stratospherique-pinturault-4eme\/#primaryimage"},"image":{"@id":"https:\/\/dicodusport.fr\/blog\/slalom-geant-de-kranjska-gora-marco-odermatt-stratospherique-pinturault-4eme\/#primaryimage"},"thumbnailUrl":"https:\/\/dicodusport.fr\/blog\/wp-content\/uploads\/2021\/03\/Slalom-geant-de-Kranjska-Gora-Marco-Odermatt-stratospherique-Pinturault-4eme.png","datePublished":"2021-03-13T12:30:52+00:00","dateModified":"2021-03-13T12:56:17+00:00","description":"SKI ALPIN 2020\/2021 - Le duel Pinturault \/ Odermatt bat son plein ! Ce samedi, le Suisse a enlev\u00e9 le g\u00e9ant de Kranjska Gora (Slov\u00e9nie) en r\u00e9alisant une seconde manche stratosph\u00e9rique.","breadcrumb":{"@id":"https:\/\/dicodusport.fr\/blog\/slalom-geant-de-kranjska-gora-marco-odermatt-stratospherique-pinturault-4eme\/#breadcrumb"},"inLanguage":"fr-FR","potentialAction":[{"@type":"ReadAction","target":["https:\/\/dicodusport.fr\/blog\/slalom-geant-de-kranjska-gora-marco-odermatt-stratospherique-pinturault-4eme\/"]}]},{"@type":"ImageObject","inLanguage":"fr-FR","@id":"https:\/\/dicodusport.fr\/blog\/slalom-geant-de-kranjska-gora-marco-odermatt-stratospherique-pinturault-4eme\/#primaryimage","url":"https:\/\/dicodusport.fr\/blog\/wp-content\/uploads\/2021\/03\/Slalom-geant-de-Kranjska-Gora-Marco-Odermatt-stratospherique-Pinturault-4eme.png","contentUrl":"https:\/\/dicodusport.fr\/blog\/wp-content\/uploads\/2021\/03\/Slalom-geant-de-Kranjska-Gora-Marco-Odermatt-stratospherique-Pinturault-4eme.png","width":800,"height":445,"caption":"Slalom g\u00e9ant de Kranjska Gora : Marco Odermatt stratosph\u00e9rique, Pinturault 4\u00e8me"},{"@type":"BreadcrumbList","@id":"https:\/\/dicodusport.fr\/blog\/slalom-geant-de-kranjska-gora-marco-odermatt-stratospherique-pinturault-4eme\/#breadcrumb","itemListElement":[{"@type":"ListItem","position":1,"name":"Accueil","item":"https:\/\/dicodusport.fr\/blog\/"},{"@type":"ListItem","position":2,"name":"Slalom g\u00e9ant de Kranjska Gora : Marco Odermatt stratosph\u00e9rique, Pinturault 4\u00e8me"}]},{"@type":"WebSite","@id":"https:\/\/dicodusport.fr\/blog\/#website","url":"https:\/\/dicodusport.fr\/blog\/","name":"Dicodusport","description":"L&#039;encyclop\u00e9die de l&#039;actualit\u00e9 sportive","publisher":{"@id":"https:\/\/dicodusport.fr\/blog\/#organization"},"potentialAction":[{"@type":"SearchAction","target":{"@type":"EntryPoint","urlTemplate":"https:\/\/dicodusport.fr\/blog\/?s={search_term_string}"},"query-input":{"@type":"PropertyValueSpecification","valueRequired":true,"valueName":"search_term_string"}}],"inLanguage":"fr-FR"},{"@type":"NewsMediaOrganization","@id":"https:\/\/dicodusport.fr\/blog\/#organization","name":"Dicodusport","url":"https:\/\/dicodusport.fr\/blog\/","logo":{"@type":"ImageObject","inLanguage":"fr-FR","@id":"https:\/\/dicodusport.fr\/blog\/#\/schema\/logo\/image\/","url":"https:\/\/dicodusport.fr\/blog\/wp-content\/uploads\/2020\/06\/cropped-LOGO-DICODUSPORT-2020-SANS-FOND-SANS-TEXTE.png","contentUrl":"https:\/\/dicodusport.fr\/blog\/wp-content\/uploads\/2020\/06\/cropped-LOGO-DICODUSPORT-2020-SANS-FOND-SANS-TEXTE.png","width":512,"height":512,"caption":"Dicodusport"},"image":{"@id":"https:\/\/dicodusport.fr\/blog\/#\/schema\/logo\/image\/"},"sameAs":["https:\/\/www.facebook.com\/dicodusport","https:\/\/x.com\/dicodusport","https:\/\/www.instagram.com\/dicodusport\/","https:\/\/www.youtube.com\/channel\/UC7V2KZ5sd3htJivAbA4ZG3w"],"description":"Dicodusport est l'encyclop\u00e9die de l'actualit\u00e9 sportive.","email":"bonjour@dicodusport.fr","legalName":"DICODUSPORT","foundingDate":"2018-01-14","vatID":"FR71834470973","taxID":"83447097300043","numberOfEmployees":{"@type":"QuantitativeValue","minValue":"1","maxValue":"10"}},{"@type":"Person","@id":"https:\/\/dicodusport.fr\/blog\/#\/schema\/person\/cb02af4c173ce4a653b55e9baf388d4a","name":"Flo Ostermann","image":{"@type":"ImageObject","inLanguage":"fr-FR","@id":"https:\/\/dicodusport.fr\/blog\/#\/schema\/person\/image\/","url":"https:\/\/dicodusport.fr\/blog\/wp-content\/uploads\/2021\/05\/Flo-Ostermann-150x150.jpg","contentUrl":"https:\/\/dicodusport.fr\/blog\/wp-content\/uploads\/2021\/05\/Flo-Ostermann-150x150.jpg","caption":"Flo Ostermann"},"description":"Journaliste\/R\u00e9dacteur depuis septembre 2015 - Mes premiers souvenirs dans le sport ? Les envol\u00e9es du Stade Toulousain et les duels Villeneuve-Schumacher et H\u00e4kkinen-Schumacher \u00e0 la fin des ann\u00e9es 90, la Coupe du monde de football en 1998, l\u2019exploit du XV de France face aux All Blacks en 1999, mais aussi Richard C\u0153ur de Lion qui vole sur les montagnes du Tour de France. Bien parti pour devenir professeur d\u2019EPS, les \u00e9v\u00e9nements de la vie (et la flemme d\u2019animer des s\u00e9ances de 3x500 m\u00e8tres toute ma vie) m\u2019ont conduit \u00e0 revoir mes plans. Me voil\u00e0 depuis fin 2017 sur Dicodusport, m\u00e9dia gr\u00e2ce (et pour) lequel je partage ma passion : le sport dans tous ses \u00e9tats. Le tout accompagn\u00e9 par les fous furieux et folles furieuses cit\u00e9s sur cette page !","sameAs":["https:\/\/www.facebook.com\/florent.ostermann","https:\/\/x.com\/https:\/\/twitter.com\/FlOstermann","admin"],"url":"https:\/\/dicodusport.fr\/blog\/author\/flo\/"}]}},"_links":{"self":[{"href":"https:\/\/dicodusport.fr\/blog\/wp-json\/wp\/v2\/posts\/113357","targetHints":{"allow":["GET"]}}],"collection":[{"href":"https:\/\/dicodusport.fr\/blog\/wp-json\/wp\/v2\/posts"}],"about":[{"href":"https:\/\/dicodusport.fr\/blog\/wp-json\/wp\/v2\/types\/post"}],"author":[{"embeddable":true,"href":"https:\/\/dicodusport.fr\/blog\/wp-json\/wp\/v2\/users\/4"}],"replies":[{"embeddable":true,"href":"https:\/\/dicodusport.fr\/blog\/wp-json\/wp\/v2\/comments?post=113357"}],"version-history":[{"count":0,"href":"https:\/\/dicodusport.fr\/blog\/wp-json\/wp\/v2\/posts\/113357\/revisions"}],"wp:featuredmedia":[{"embeddable":true,"href":"https:\/\/dicodusport.fr\/blog\/wp-json\/wp\/v2\/media\/113384"}],"wp:attachment":[{"href":"https:\/\/dicodusport.fr\/blog\/wp-json\/wp\/v2\/media?parent=113357"}],"wp:term":[{"taxonomy":"category","embeddable":true,"href":"https:\/\/dicodusport.fr\/blog\/wp-json\/wp\/v2\/categories?post=113357"},{"taxonomy":"post_tag","embeddable":true,"href":"https:\/\/dicodusport.fr\/blog\/wp-json\/wp\/v2\/tags?post=113357"}],"curies":[{"name":"wp","href":"https:\/\/api.w.org\/{rel}","templated":true}]}}