{"id":113709,"date":"2021-03-14T11:29:06","date_gmt":"2021-03-14T10:29:06","guid":{"rendered":"https:\/\/dicodusport.fr\/blog\/?p=113709&#038;preview=true&#038;preview_id=113709"},"modified":"2021-03-14T14:42:08","modified_gmt":"2021-03-14T13:42:08","slug":"nove-mesto-norvege-ecrase-relais-mixte-france-4eme","status":"publish","type":"post","link":"https:\/\/dicodusport.fr\/blog\/nove-mesto-norvege-ecrase-relais-mixte-france-4eme\/","title":{"rendered":"Nove Mesto : la Norv\u00e8ge \u00e9crase le relais mixte, la France 4\u00e8me"},"content":{"rendered":"<p style=\"text-align: justify;\"><strong><em><a href=\"https:\/\/dicodusport.fr\/blog\/biathlon-nove-mesto-programme-complet-9eme-etape-coupe-du-monde\/\" target=\"_blank\" rel=\"noopener\">BIATHLON &#8211; NOVE MESTO<\/a> &#8211; Imp\u00e9riale, la Norv\u00e8ge a remport\u00e9 ce dimanche le relais mixte de Nove Mesto (R\u00e9publique Tch\u00e8que). L&rsquo;Italie et la Su\u00e8de compl\u00e8tent le podium. Plomb\u00e9e par un tour de p\u00e9nalit\u00e9, la France termine quatri\u00e8me.<\/em><\/strong><\/p>\n<p style=\"text-align: justify;\">73. C&rsquo;est le nombre de podiums sur lesquels sont mont\u00e9s les Norv\u00e9giens cette saison, un record ! <strong>Tiril Eckhoff<\/strong>, <strong>Marte Olsbu Roeiseland<\/strong>,<strong> Tarjei et Johannes Boe<\/strong> ont r\u00e9alis\u00e9 une course quasi parfaite ce dimanche sur le relais mixte de Nove Mesto. Avec seulement 4 pioches, les Scandinaves ont tout simplement survol\u00e9 les d\u00e9bats. Derri\u00e8re, l&rsquo;Italie de <strong>Vittozzi<\/strong>, <strong>Wierer<\/strong>, <strong>Windisch<\/strong> et <strong>Hofer<\/strong> prend la deuxi\u00e8me place, devant la Su\u00e8de. Ces deux nations ont d\u00fb piocher \u00e0 10 reprises. Mais au contraire de l&rsquo;\u00e9quipe de France, elles n&rsquo;ont pas eu besoin d&rsquo;aller sur l&rsquo;anneau de p\u00e9nalit\u00e9.<\/p>\n<h2 style=\"text-align: justify;\">Desthieux plombe les Tricolores<\/h2>\n<p style=\"text-align: justify;\">Les Bleus, men\u00e9e par <strong>Ana\u00efs Chevalier-Bouchet<\/strong>, qui a chut\u00e9 au d\u00e9part, <strong>Justine Braisaz-Bouchet<\/strong>, <strong>Simon Desthieux<\/strong>, qui lui a d\u00fb aller tourner, et <strong>Quentin Fillon Maillet<\/strong>, ont pioch\u00e9 neuf fois. Une 4\u00e8me place finale des plus frustrantes, avant le relais mixte simple de cet apr\u00e8s-midi (13h45), dont <strong>Julia Simon<\/strong> et <strong>Antonin Guigonnat<\/strong> sont les champions du monde en titre.<\/p>\n<blockquote class=\"twitter-tweet\">\n<p dir=\"ltr\" lang=\"fr\">La Norv\u00e8ge remporte ais\u00e9ment le relais mixte \u00e0 Nove Mesto &#x1f1f3;&#x1f1f4;&#x1f44f;&#x1f947;<a href=\"https:\/\/twitter.com\/hashtag\/lequipeBIATHLON?src=hash&amp;ref_src=twsrc%5Etfw\">#lequipeBIATHLON<\/a> <a href=\"https:\/\/t.co\/6pBwa0KlBI\">pic.twitter.com\/6pBwa0KlBI<\/a><\/p>\n<p>\u2014 la chaine L&rsquo;\u00c9quipe (@lachainelequipe) <a href=\"https:\/\/twitter.com\/lachainelequipe\/status\/1371045565069414401?ref_src=twsrc%5Etfw\">March 14, 2021<\/a><\/p><\/blockquote>\n<p><script async src=\"https:\/\/platform.twitter.com\/widgets.js\" charset=\"utf-8\"><\/script><\/p>\n<h2 style=\"text-align: justify;\">\u00c0 lire aussi<\/h2>\n<ul style=\"text-align: justify;\">\n<li><a href=\"https:\/\/dicodusport.fr\/blog\/biathlon-nove-mesto-classement-relais-mixte\/\" target=\"_blank\" rel=\"noopener\"><strong>Nove Mesto : le classement du relais mixte simple<\/strong><\/a><\/li>\n<\/ul>\n<p style=\"text-align: justify;\"><strong><em>Dicodusport<br \/>\n<a href=\"https:\/\/www.facebook.com\/dicodusport\/\" target=\"_blank\" rel=\"noopener noreferrer\"><img loading=\"lazy\" decoding=\"async\" class=\"alignnone wp-image-2909\" src=\"http:\/\/dicodusport.fr\/blog\/wp-content\/uploads\/2017\/07\/logo-facebook-150x150.png\" alt=\"\" width=\"40\" height=\"40\" \/><\/a><a href=\"https:\/\/twitter.com\/dicodusport\" target=\"_blank\" rel=\"noopener noreferrer\"><img loading=\"lazy\" decoding=\"async\" class=\"alignnone wp-image-2908\" src=\"http:\/\/dicodusport.fr\/blog\/wp-content\/uploads\/2017\/07\/logo-twitter-150x150.png\" alt=\"\" width=\"39\" height=\"39\" \/><\/a><\/em><\/strong><\/p>\n","protected":false},"excerpt":{"rendered":"<p>BIATHLON &#8211; NOVE MESTO &#8211; Imp\u00e9riale, la Norv\u00e8ge a remport\u00e9 ce dimanche le relais mixte de Nove Mesto (R\u00e9publique Tch\u00e8que). L&rsquo;Italie et la Su\u00e8de compl\u00e8tent le podium. Plomb\u00e9e par un tour de p\u00e9nalit\u00e9, la France termine quatri\u00e8me.<\/p>\n","protected":false},"author":4,"featured_media":113720,"comment_status":"open","ping_status":"closed","sticky":false,"template":"","format":"standard","meta":{"_acf_changed":false,"_daextam_enable_autolinks":"","footnotes":""},"categories":[47040],"tags":[14874],"class_list":["post-113709","post","type-post","status-publish","format-standard","has-post-thumbnail","hentry","category-coupe-du-monde-de-biathlon","tag-biathlon-nove-mesto"],"acf":[],"yoast_head":"<!-- This site is optimized with the Yoast SEO Premium plugin v26.7 (Yoast SEO v26.7) - https:\/\/yoast.com\/wordpress\/plugins\/seo\/ -->\n<title>Nove Mesto : la Norv\u00e8ge \u00e9crase le relais mixte, la France 4\u00e8me<\/title>\n<meta name=\"description\" content=\"BIATHLON - NOVE MESTO - Imp\u00e9riale, la Norv\u00e8ge a remport\u00e9 ce dimanche le relais mixte de Nove Mesto (R\u00e9publique Tch\u00e8que).\" \/>\n<meta name=\"robots\" content=\"index, follow, max-snippet:-1, max-image-preview:large, max-video-preview:-1\" \/>\n<link rel=\"canonical\" href=\"https:\/\/dicodusport.fr\/blog\/nove-mesto-norvege-ecrase-relais-mixte-france-4eme\/\" \/>\n<meta property=\"og:locale\" content=\"fr_FR\" \/>\n<meta property=\"og:type\" content=\"article\" \/>\n<meta property=\"og:title\" content=\"Nove Mesto : la Norv\u00e8ge \u00e9crase le relais mixte, la France 4\u00e8me\" \/>\n<meta property=\"og:description\" content=\"BIATHLON - NOVE MESTO - Imp\u00e9riale, la Norv\u00e8ge a remport\u00e9 ce dimanche le relais mixte de Nove Mesto (R\u00e9publique Tch\u00e8que).\" \/>\n<meta property=\"og:url\" content=\"https:\/\/dicodusport.fr\/blog\/nove-mesto-norvege-ecrase-relais-mixte-france-4eme\/\" \/>\n<meta property=\"og:site_name\" content=\"Dicodusport\" \/>\n<meta property=\"article:publisher\" content=\"https:\/\/www.facebook.com\/dicodusport\" \/>\n<meta property=\"article:author\" content=\"https:\/\/www.facebook.com\/florent.ostermann\" \/>\n<meta property=\"article:published_time\" content=\"2021-03-14T10:29:06+00:00\" \/>\n<meta property=\"article:modified_time\" content=\"2021-03-14T13:42:08+00:00\" \/>\n<meta property=\"og:image\" content=\"https:\/\/dicodusport.fr\/blog\/wp-content\/uploads\/2021\/03\/Nove-Mesto-La-Norvege-ecrase-le-relais-mixte-la-France-4eme.png\" \/>\n\t<meta property=\"og:image:width\" content=\"800\" \/>\n\t<meta property=\"og:image:height\" content=\"445\" \/>\n\t<meta property=\"og:image:type\" content=\"image\/png\" \/>\n<meta name=\"author\" content=\"Flo Ostermann\" \/>\n<meta name=\"twitter:card\" content=\"summary_large_image\" \/>\n<meta name=\"twitter:title\" content=\"Nove Mesto : la Norv\u00e8ge \u00e9crase le relais mixte, la France 4\u00e8me\" \/>\n<meta name=\"twitter:creator\" content=\"@https:\/\/twitter.com\/FlOstermann\" \/>\n<meta name=\"twitter:site\" content=\"@dicodusport\" \/>\n<script type=\"application\/ld+json\" class=\"yoast-schema-graph\">{\"@context\":\"https:\/\/schema.org\",\"@graph\":[{\"@type\":\"NewsArticle\",\"@id\":\"https:\/\/dicodusport.fr\/blog\/nove-mesto-norvege-ecrase-relais-mixte-france-4eme\/#article\",\"isPartOf\":{\"@id\":\"https:\/\/dicodusport.fr\/blog\/nove-mesto-norvege-ecrase-relais-mixte-france-4eme\/\"},\"author\":{\"name\":\"Flo Ostermann\",\"@id\":\"https:\/\/dicodusport.fr\/blog\/#\/schema\/person\/cb02af4c173ce4a653b55e9baf388d4a\"},\"headline\":\"Nove Mesto : la Norv\u00e8ge \u00e9crase le relais mixte, la France 4\u00e8me\",\"datePublished\":\"2021-03-14T10:29:06+00:00\",\"dateModified\":\"2021-03-14T13:42:08+00:00\",\"mainEntityOfPage\":{\"@id\":\"https:\/\/dicodusport.fr\/blog\/nove-mesto-norvege-ecrase-relais-mixte-france-4eme\/\"},\"wordCount\":273,\"commentCount\":0,\"publisher\":{\"@id\":\"https:\/\/dicodusport.fr\/blog\/#organization\"},\"image\":{\"@id\":\"https:\/\/dicodusport.fr\/blog\/nove-mesto-norvege-ecrase-relais-mixte-france-4eme\/#primaryimage\"},\"thumbnailUrl\":\"https:\/\/dicodusport.fr\/blog\/wp-content\/uploads\/2021\/03\/Nove-Mesto-La-Norvege-ecrase-le-relais-mixte-la-France-4eme.png\",\"keywords\":[\"Biathlon Nove Mesto\"],\"articleSection\":[\"Coupe du monde de biathlon\"],\"inLanguage\":\"fr-FR\",\"potentialAction\":[{\"@type\":\"CommentAction\",\"name\":\"Comment\",\"target\":[\"https:\/\/dicodusport.fr\/blog\/nove-mesto-norvege-ecrase-relais-mixte-france-4eme\/#respond\"]}],\"copyrightYear\":\"2021\",\"copyrightHolder\":{\"@id\":\"https:\/\/dicodusport.fr\/blog\/#organization\"}},{\"@type\":\"WebPage\",\"@id\":\"https:\/\/dicodusport.fr\/blog\/nove-mesto-norvege-ecrase-relais-mixte-france-4eme\/\",\"url\":\"https:\/\/dicodusport.fr\/blog\/nove-mesto-norvege-ecrase-relais-mixte-france-4eme\/\",\"name\":\"Nove Mesto : la Norv\u00e8ge \u00e9crase le relais mixte, la France 4\u00e8me\",\"isPartOf\":{\"@id\":\"https:\/\/dicodusport.fr\/blog\/#website\"},\"primaryImageOfPage\":{\"@id\":\"https:\/\/dicodusport.fr\/blog\/nove-mesto-norvege-ecrase-relais-mixte-france-4eme\/#primaryimage\"},\"image\":{\"@id\":\"https:\/\/dicodusport.fr\/blog\/nove-mesto-norvege-ecrase-relais-mixte-france-4eme\/#primaryimage\"},\"thumbnailUrl\":\"https:\/\/dicodusport.fr\/blog\/wp-content\/uploads\/2021\/03\/Nove-Mesto-La-Norvege-ecrase-le-relais-mixte-la-France-4eme.png\",\"datePublished\":\"2021-03-14T10:29:06+00:00\",\"dateModified\":\"2021-03-14T13:42:08+00:00\",\"description\":\"BIATHLON - NOVE MESTO - Imp\u00e9riale, la Norv\u00e8ge a remport\u00e9 ce dimanche le relais mixte de Nove Mesto (R\u00e9publique Tch\u00e8que).\",\"breadcrumb\":{\"@id\":\"https:\/\/dicodusport.fr\/blog\/nove-mesto-norvege-ecrase-relais-mixte-france-4eme\/#breadcrumb\"},\"inLanguage\":\"fr-FR\",\"potentialAction\":[{\"@type\":\"ReadAction\",\"target\":[\"https:\/\/dicodusport.fr\/blog\/nove-mesto-norvege-ecrase-relais-mixte-france-4eme\/\"]}]},{\"@type\":\"ImageObject\",\"inLanguage\":\"fr-FR\",\"@id\":\"https:\/\/dicodusport.fr\/blog\/nove-mesto-norvege-ecrase-relais-mixte-france-4eme\/#primaryimage\",\"url\":\"https:\/\/dicodusport.fr\/blog\/wp-content\/uploads\/2021\/03\/Nove-Mesto-La-Norvege-ecrase-le-relais-mixte-la-France-4eme.png\",\"contentUrl\":\"https:\/\/dicodusport.fr\/blog\/wp-content\/uploads\/2021\/03\/Nove-Mesto-La-Norvege-ecrase-le-relais-mixte-la-France-4eme.png\",\"width\":800,\"height\":445,\"caption\":\"Nove Mesto - La Norv\u00e8ge \u00e9crase le relais mixte, la France 4\u00e8me\"},{\"@type\":\"BreadcrumbList\",\"@id\":\"https:\/\/dicodusport.fr\/blog\/nove-mesto-norvege-ecrase-relais-mixte-france-4eme\/#breadcrumb\",\"itemListElement\":[{\"@type\":\"ListItem\",\"position\":1,\"name\":\"Accueil\",\"item\":\"https:\/\/dicodusport.fr\/blog\/\"},{\"@type\":\"ListItem\",\"position\":2,\"name\":\"Nove Mesto : la Norv\u00e8ge \u00e9crase le relais mixte, la France 4\u00e8me\"}]},{\"@type\":\"WebSite\",\"@id\":\"https:\/\/dicodusport.fr\/blog\/#website\",\"url\":\"https:\/\/dicodusport.fr\/blog\/\",\"name\":\"Dicodusport\",\"description\":\"L&#039;encyclop\u00e9die de l&#039;actualit\u00e9 sportive\",\"publisher\":{\"@id\":\"https:\/\/dicodusport.fr\/blog\/#organization\"},\"potentialAction\":[{\"@type\":\"SearchAction\",\"target\":{\"@type\":\"EntryPoint\",\"urlTemplate\":\"https:\/\/dicodusport.fr\/blog\/?s={search_term_string}\"},\"query-input\":{\"@type\":\"PropertyValueSpecification\",\"valueRequired\":true,\"valueName\":\"search_term_string\"}}],\"inLanguage\":\"fr-FR\"},{\"@type\":\"NewsMediaOrganization\",\"@id\":\"https:\/\/dicodusport.fr\/blog\/#organization\",\"name\":\"Dicodusport\",\"url\":\"https:\/\/dicodusport.fr\/blog\/\",\"logo\":{\"@type\":\"ImageObject\",\"inLanguage\":\"fr-FR\",\"@id\":\"https:\/\/dicodusport.fr\/blog\/#\/schema\/logo\/image\/\",\"url\":\"https:\/\/dicodusport.fr\/blog\/wp-content\/uploads\/2020\/06\/cropped-LOGO-DICODUSPORT-2020-SANS-FOND-SANS-TEXTE.png\",\"contentUrl\":\"https:\/\/dicodusport.fr\/blog\/wp-content\/uploads\/2020\/06\/cropped-LOGO-DICODUSPORT-2020-SANS-FOND-SANS-TEXTE.png\",\"width\":512,\"height\":512,\"caption\":\"Dicodusport\"},\"image\":{\"@id\":\"https:\/\/dicodusport.fr\/blog\/#\/schema\/logo\/image\/\"},\"sameAs\":[\"https:\/\/www.facebook.com\/dicodusport\",\"https:\/\/x.com\/dicodusport\",\"https:\/\/www.instagram.com\/dicodusport\/\",\"https:\/\/www.youtube.com\/channel\/UC7V2KZ5sd3htJivAbA4ZG3w\"],\"description\":\"Dicodusport est l'encyclop\u00e9die de l'actualit\u00e9 sportive.\",\"email\":\"bonjour@dicodusport.fr\",\"legalName\":\"DICODUSPORT\",\"foundingDate\":\"2018-01-14\",\"vatID\":\"FR71834470973\",\"taxID\":\"83447097300043\",\"numberOfEmployees\":{\"@type\":\"QuantitativeValue\",\"minValue\":\"1\",\"maxValue\":\"10\"}},{\"@type\":\"Person\",\"@id\":\"https:\/\/dicodusport.fr\/blog\/#\/schema\/person\/cb02af4c173ce4a653b55e9baf388d4a\",\"name\":\"Flo Ostermann\",\"image\":{\"@type\":\"ImageObject\",\"inLanguage\":\"fr-FR\",\"@id\":\"https:\/\/dicodusport.fr\/blog\/#\/schema\/person\/image\/\",\"url\":\"https:\/\/dicodusport.fr\/blog\/wp-content\/uploads\/2021\/05\/Flo-Ostermann-150x150.jpg\",\"contentUrl\":\"https:\/\/dicodusport.fr\/blog\/wp-content\/uploads\/2021\/05\/Flo-Ostermann-150x150.jpg\",\"caption\":\"Flo Ostermann\"},\"description\":\"Journaliste\/R\u00e9dacteur depuis septembre 2015 - Mes premiers souvenirs dans le sport ? Les envol\u00e9es du Stade Toulousain et les duels Villeneuve-Schumacher et H\u00e4kkinen-Schumacher \u00e0 la fin des ann\u00e9es 90, la Coupe du monde de football en 1998, l\u2019exploit du XV de France face aux All Blacks en 1999, mais aussi Richard C\u0153ur de Lion qui vole sur les montagnes du Tour de France. Bien parti pour devenir professeur d\u2019EPS, les \u00e9v\u00e9nements de la vie (et la flemme d\u2019animer des s\u00e9ances de 3x500 m\u00e8tres toute ma vie) m\u2019ont conduit \u00e0 revoir mes plans. Me voil\u00e0 depuis fin 2017 sur Dicodusport, m\u00e9dia gr\u00e2ce (et pour) lequel je partage ma passion : le sport dans tous ses \u00e9tats. Le tout accompagn\u00e9 par les fous furieux et folles furieuses cit\u00e9s sur cette page !\",\"sameAs\":[\"https:\/\/www.facebook.com\/florent.ostermann\",\"https:\/\/x.com\/https:\/\/twitter.com\/FlOstermann\",\"admin\"],\"url\":\"https:\/\/dicodusport.fr\/blog\/author\/flo\/\"}]}<\/script>\n<!-- \/ Yoast SEO Premium plugin. -->","yoast_head_json":{"title":"Nove Mesto : la Norv\u00e8ge \u00e9crase le relais mixte, la France 4\u00e8me","description":"BIATHLON - NOVE MESTO - Imp\u00e9riale, la Norv\u00e8ge a remport\u00e9 ce dimanche le relais mixte de Nove Mesto (R\u00e9publique Tch\u00e8que).","robots":{"index":"index","follow":"follow","max-snippet":"max-snippet:-1","max-image-preview":"max-image-preview:large","max-video-preview":"max-video-preview:-1"},"canonical":"https:\/\/dicodusport.fr\/blog\/nove-mesto-norvege-ecrase-relais-mixte-france-4eme\/","og_locale":"fr_FR","og_type":"article","og_title":"Nove Mesto : la Norv\u00e8ge \u00e9crase le relais mixte, la France 4\u00e8me","og_description":"BIATHLON - NOVE MESTO - Imp\u00e9riale, la Norv\u00e8ge a remport\u00e9 ce dimanche le relais mixte de Nove Mesto (R\u00e9publique Tch\u00e8que).","og_url":"https:\/\/dicodusport.fr\/blog\/nove-mesto-norvege-ecrase-relais-mixte-france-4eme\/","og_site_name":"Dicodusport","article_publisher":"https:\/\/www.facebook.com\/dicodusport","article_author":"https:\/\/www.facebook.com\/florent.ostermann","article_published_time":"2021-03-14T10:29:06+00:00","article_modified_time":"2021-03-14T13:42:08+00:00","og_image":[{"width":800,"height":445,"url":"https:\/\/dicodusport.fr\/blog\/wp-content\/uploads\/2021\/03\/Nove-Mesto-La-Norvege-ecrase-le-relais-mixte-la-France-4eme.png","type":"image\/png"}],"author":"Flo Ostermann","twitter_card":"summary_large_image","twitter_title":"Nove Mesto : la Norv\u00e8ge \u00e9crase le relais mixte, la France 4\u00e8me","twitter_creator":"@https:\/\/twitter.com\/FlOstermann","twitter_site":"@dicodusport","schema":{"@context":"https:\/\/schema.org","@graph":[{"@type":"NewsArticle","@id":"https:\/\/dicodusport.fr\/blog\/nove-mesto-norvege-ecrase-relais-mixte-france-4eme\/#article","isPartOf":{"@id":"https:\/\/dicodusport.fr\/blog\/nove-mesto-norvege-ecrase-relais-mixte-france-4eme\/"},"author":{"name":"Flo Ostermann","@id":"https:\/\/dicodusport.fr\/blog\/#\/schema\/person\/cb02af4c173ce4a653b55e9baf388d4a"},"headline":"Nove Mesto : la Norv\u00e8ge \u00e9crase le relais mixte, la France 4\u00e8me","datePublished":"2021-03-14T10:29:06+00:00","dateModified":"2021-03-14T13:42:08+00:00","mainEntityOfPage":{"@id":"https:\/\/dicodusport.fr\/blog\/nove-mesto-norvege-ecrase-relais-mixte-france-4eme\/"},"wordCount":273,"commentCount":0,"publisher":{"@id":"https:\/\/dicodusport.fr\/blog\/#organization"},"image":{"@id":"https:\/\/dicodusport.fr\/blog\/nove-mesto-norvege-ecrase-relais-mixte-france-4eme\/#primaryimage"},"thumbnailUrl":"https:\/\/dicodusport.fr\/blog\/wp-content\/uploads\/2021\/03\/Nove-Mesto-La-Norvege-ecrase-le-relais-mixte-la-France-4eme.png","keywords":["Biathlon Nove Mesto"],"articleSection":["Coupe du monde de biathlon"],"inLanguage":"fr-FR","potentialAction":[{"@type":"CommentAction","name":"Comment","target":["https:\/\/dicodusport.fr\/blog\/nove-mesto-norvege-ecrase-relais-mixte-france-4eme\/#respond"]}],"copyrightYear":"2021","copyrightHolder":{"@id":"https:\/\/dicodusport.fr\/blog\/#organization"}},{"@type":"WebPage","@id":"https:\/\/dicodusport.fr\/blog\/nove-mesto-norvege-ecrase-relais-mixte-france-4eme\/","url":"https:\/\/dicodusport.fr\/blog\/nove-mesto-norvege-ecrase-relais-mixte-france-4eme\/","name":"Nove Mesto : la Norv\u00e8ge \u00e9crase le relais mixte, la France 4\u00e8me","isPartOf":{"@id":"https:\/\/dicodusport.fr\/blog\/#website"},"primaryImageOfPage":{"@id":"https:\/\/dicodusport.fr\/blog\/nove-mesto-norvege-ecrase-relais-mixte-france-4eme\/#primaryimage"},"image":{"@id":"https:\/\/dicodusport.fr\/blog\/nove-mesto-norvege-ecrase-relais-mixte-france-4eme\/#primaryimage"},"thumbnailUrl":"https:\/\/dicodusport.fr\/blog\/wp-content\/uploads\/2021\/03\/Nove-Mesto-La-Norvege-ecrase-le-relais-mixte-la-France-4eme.png","datePublished":"2021-03-14T10:29:06+00:00","dateModified":"2021-03-14T13:42:08+00:00","description":"BIATHLON - NOVE MESTO - Imp\u00e9riale, la Norv\u00e8ge a remport\u00e9 ce dimanche le relais mixte de Nove Mesto (R\u00e9publique Tch\u00e8que).","breadcrumb":{"@id":"https:\/\/dicodusport.fr\/blog\/nove-mesto-norvege-ecrase-relais-mixte-france-4eme\/#breadcrumb"},"inLanguage":"fr-FR","potentialAction":[{"@type":"ReadAction","target":["https:\/\/dicodusport.fr\/blog\/nove-mesto-norvege-ecrase-relais-mixte-france-4eme\/"]}]},{"@type":"ImageObject","inLanguage":"fr-FR","@id":"https:\/\/dicodusport.fr\/blog\/nove-mesto-norvege-ecrase-relais-mixte-france-4eme\/#primaryimage","url":"https:\/\/dicodusport.fr\/blog\/wp-content\/uploads\/2021\/03\/Nove-Mesto-La-Norvege-ecrase-le-relais-mixte-la-France-4eme.png","contentUrl":"https:\/\/dicodusport.fr\/blog\/wp-content\/uploads\/2021\/03\/Nove-Mesto-La-Norvege-ecrase-le-relais-mixte-la-France-4eme.png","width":800,"height":445,"caption":"Nove Mesto - La Norv\u00e8ge \u00e9crase le relais mixte, la France 4\u00e8me"},{"@type":"BreadcrumbList","@id":"https:\/\/dicodusport.fr\/blog\/nove-mesto-norvege-ecrase-relais-mixte-france-4eme\/#breadcrumb","itemListElement":[{"@type":"ListItem","position":1,"name":"Accueil","item":"https:\/\/dicodusport.fr\/blog\/"},{"@type":"ListItem","position":2,"name":"Nove Mesto : la Norv\u00e8ge \u00e9crase le relais mixte, la France 4\u00e8me"}]},{"@type":"WebSite","@id":"https:\/\/dicodusport.fr\/blog\/#website","url":"https:\/\/dicodusport.fr\/blog\/","name":"Dicodusport","description":"L&#039;encyclop\u00e9die de l&#039;actualit\u00e9 sportive","publisher":{"@id":"https:\/\/dicodusport.fr\/blog\/#organization"},"potentialAction":[{"@type":"SearchAction","target":{"@type":"EntryPoint","urlTemplate":"https:\/\/dicodusport.fr\/blog\/?s={search_term_string}"},"query-input":{"@type":"PropertyValueSpecification","valueRequired":true,"valueName":"search_term_string"}}],"inLanguage":"fr-FR"},{"@type":"NewsMediaOrganization","@id":"https:\/\/dicodusport.fr\/blog\/#organization","name":"Dicodusport","url":"https:\/\/dicodusport.fr\/blog\/","logo":{"@type":"ImageObject","inLanguage":"fr-FR","@id":"https:\/\/dicodusport.fr\/blog\/#\/schema\/logo\/image\/","url":"https:\/\/dicodusport.fr\/blog\/wp-content\/uploads\/2020\/06\/cropped-LOGO-DICODUSPORT-2020-SANS-FOND-SANS-TEXTE.png","contentUrl":"https:\/\/dicodusport.fr\/blog\/wp-content\/uploads\/2020\/06\/cropped-LOGO-DICODUSPORT-2020-SANS-FOND-SANS-TEXTE.png","width":512,"height":512,"caption":"Dicodusport"},"image":{"@id":"https:\/\/dicodusport.fr\/blog\/#\/schema\/logo\/image\/"},"sameAs":["https:\/\/www.facebook.com\/dicodusport","https:\/\/x.com\/dicodusport","https:\/\/www.instagram.com\/dicodusport\/","https:\/\/www.youtube.com\/channel\/UC7V2KZ5sd3htJivAbA4ZG3w"],"description":"Dicodusport est l'encyclop\u00e9die de l'actualit\u00e9 sportive.","email":"bonjour@dicodusport.fr","legalName":"DICODUSPORT","foundingDate":"2018-01-14","vatID":"FR71834470973","taxID":"83447097300043","numberOfEmployees":{"@type":"QuantitativeValue","minValue":"1","maxValue":"10"}},{"@type":"Person","@id":"https:\/\/dicodusport.fr\/blog\/#\/schema\/person\/cb02af4c173ce4a653b55e9baf388d4a","name":"Flo Ostermann","image":{"@type":"ImageObject","inLanguage":"fr-FR","@id":"https:\/\/dicodusport.fr\/blog\/#\/schema\/person\/image\/","url":"https:\/\/dicodusport.fr\/blog\/wp-content\/uploads\/2021\/05\/Flo-Ostermann-150x150.jpg","contentUrl":"https:\/\/dicodusport.fr\/blog\/wp-content\/uploads\/2021\/05\/Flo-Ostermann-150x150.jpg","caption":"Flo Ostermann"},"description":"Journaliste\/R\u00e9dacteur depuis septembre 2015 - Mes premiers souvenirs dans le sport ? Les envol\u00e9es du Stade Toulousain et les duels Villeneuve-Schumacher et H\u00e4kkinen-Schumacher \u00e0 la fin des ann\u00e9es 90, la Coupe du monde de football en 1998, l\u2019exploit du XV de France face aux All Blacks en 1999, mais aussi Richard C\u0153ur de Lion qui vole sur les montagnes du Tour de France. Bien parti pour devenir professeur d\u2019EPS, les \u00e9v\u00e9nements de la vie (et la flemme d\u2019animer des s\u00e9ances de 3x500 m\u00e8tres toute ma vie) m\u2019ont conduit \u00e0 revoir mes plans. Me voil\u00e0 depuis fin 2017 sur Dicodusport, m\u00e9dia gr\u00e2ce (et pour) lequel je partage ma passion : le sport dans tous ses \u00e9tats. Le tout accompagn\u00e9 par les fous furieux et folles furieuses cit\u00e9s sur cette page !","sameAs":["https:\/\/www.facebook.com\/florent.ostermann","https:\/\/x.com\/https:\/\/twitter.com\/FlOstermann","admin"],"url":"https:\/\/dicodusport.fr\/blog\/author\/flo\/"}]}},"_links":{"self":[{"href":"https:\/\/dicodusport.fr\/blog\/wp-json\/wp\/v2\/posts\/113709","targetHints":{"allow":["GET"]}}],"collection":[{"href":"https:\/\/dicodusport.fr\/blog\/wp-json\/wp\/v2\/posts"}],"about":[{"href":"https:\/\/dicodusport.fr\/blog\/wp-json\/wp\/v2\/types\/post"}],"author":[{"embeddable":true,"href":"https:\/\/dicodusport.fr\/blog\/wp-json\/wp\/v2\/users\/4"}],"replies":[{"embeddable":true,"href":"https:\/\/dicodusport.fr\/blog\/wp-json\/wp\/v2\/comments?post=113709"}],"version-history":[{"count":0,"href":"https:\/\/dicodusport.fr\/blog\/wp-json\/wp\/v2\/posts\/113709\/revisions"}],"wp:featuredmedia":[{"embeddable":true,"href":"https:\/\/dicodusport.fr\/blog\/wp-json\/wp\/v2\/media\/113720"}],"wp:attachment":[{"href":"https:\/\/dicodusport.fr\/blog\/wp-json\/wp\/v2\/media?parent=113709"}],"wp:term":[{"taxonomy":"category","embeddable":true,"href":"https:\/\/dicodusport.fr\/blog\/wp-json\/wp\/v2\/categories?post=113709"},{"taxonomy":"post_tag","embeddable":true,"href":"https:\/\/dicodusport.fr\/blog\/wp-json\/wp\/v2\/tags?post=113709"}],"curies":[{"name":"wp","href":"https:\/\/api.w.org\/{rel}","templated":true}]}}