{"id":113739,"date":"2021-03-14T19:26:52","date_gmt":"2021-03-14T18:26:52","guid":{"rendered":"https:\/\/dicodusport.fr\/blog\/?p=113739"},"modified":"2021-03-14T19:26:52","modified_gmt":"2021-03-14T18:26:52","slug":"coupe-du-monde-de-biathlon-tops-et-flops-9eme-etape-nove-mesto","status":"publish","type":"post","link":"https:\/\/dicodusport.fr\/blog\/coupe-du-monde-de-biathlon-tops-et-flops-9eme-etape-nove-mesto\/","title":{"rendered":"Coupe du monde de biathlon : les tops et les flops de la 9\u00e8me \u00e9tape de Nove Mesto"},"content":{"rendered":"<p style=\"text-align: justify;\"><strong><em><a href=\"https:\/\/dicodusport.fr\/blog\/actualites\/biathlon\/coupe-du-monde-biathlon-2020-2021\/\" target=\"_blank\" rel=\"noopener\">COUPE DU MONDE DE BIATHLON 2020-2021<\/a> &#8211; Cette deuxi\u00e8me \u00e9tape en R\u00e9publique Tch\u00e8que avait pour programme sprints, poursuites et relais mixtes. On y voit maintenant bien plus clair, les globes des sprints et des relais mixtes ont \u00e9t\u00e9 attribu\u00e9s ainsi que le gros globe f\u00e9minin !\u00a0 En cette fin de saison, on voit une \u00e9quipe de France tr\u00e8s en forme \u00e9galement. Retour les performances et les rat\u00e9s de la semaine.<\/em><\/strong><\/p>\n<h2 style=\"text-align: justify;\">Les Flops<\/h2>\n<ul>\n<li>\n<h3 style=\"text-align: justify;\">Arnd Peiffer<\/h3>\n<\/li>\n<\/ul>\n<p style=\"text-align: justify;\">Meilleur Allemand au classement g\u00e9n\u00e9ral et d\u00e9j\u00e0 vainqueur cette saison, <strong>Arnd Peiffer<\/strong> marque le pas. Avec une faute lors du sprint dont il est champion olympique, il n&rsquo;a pu faire mieux que 13\u00e8me. Si un 9\/10 sur un pas de tir tr\u00e8s vent\u00e9 reste correct, le temps de ski n&rsquo;\u00e9tait pas au rendez-vous. Parti \u00e0 46 secondes de Quentin Fillon Maillet lors de la poursuite, il a v\u00e9cu un v\u00e9ritable calvaire. Malgr\u00e9 un 5\/5 lors du premier tir, il encha\u00eenera un 8\/15 sur les trois tirs restants. Avec un petit 13\/20, il termine 27\u00e8me \u00e0 pr\u00e8s de trois minutes du vainqueur et perd 14 places. Lors du relais mixte, il piocha par deux fois et prend une 9\u00e8me place avec ses co\u00e9quipiers.<\/p>\n<ul>\n<li style=\"text-align: justify;\">\n<h3>Sebastian Samuelsson<\/h3>\n<\/li>\n<\/ul>\n<p style=\"text-align: justify;\">Septi\u00e8me du classement g\u00e9n\u00e9ral, le Su\u00e9dois aurait pu passer une belle semaine sur un plan individuel. Seulement septi\u00e8me du sprint malgr\u00e9 un tir parfait, il perd 30 secondes sur le vainqueur sur la piste. A l&rsquo;image d&rsquo;Arnd Peiffer, <strong>Sebastian Samuelsson<\/strong> est pass\u00e9 \u00e0 c\u00f4t\u00e9 de sa poursuite. D\u00e8s le premier tir couch\u00e9, il partait \u00e0 la faute par deux fois, ce qui le repoussait loin dans la course. Sur les trois tirs suivants, il fera 4\/5 \u00e0 chaque fois et signera un 15\/20. Au terme de cette poursuite, il terminera 20\u00e8me \u00e0 plus de deux minutes de Fillon Maillet. Align\u00e9 sur le relais mixte simple avec <strong>Linn Persson<\/strong>, il est all\u00e9 chercher la victoire en battant Laegreid au sprint final, sauvant une semaine bien d\u00e9licate.<\/p>\n<ul>\n<li>\n<h3 style=\"text-align: justify;\">L&rsquo;\u00e9quipe de Russie<\/h3>\n<\/li>\n<\/ul>\n<p style=\"text-align: justify;\">Revenus en forme en janvier \u00e0 Antholz, les biathl\u00e8tes russes retombent dans leurs travers. Tr\u00e8s loin sur le sprint masculin, <strong>Matvey Eliseev<\/strong> et <strong>Alexander Loginov<\/strong> terminent respectivement 16\u00e8me et 17\u00e8me avec pourtant un 10\/10 chacun. Sur le sprint f\u00e9minin, c&rsquo;est bien pire. <strong>Tatiana Akimova<\/strong> est la premi\u00e8re Russe et se classe 25\u00e8me avec un 9\/10. Avec ces r\u00e9sultats, il \u00e9tait difficile d&rsquo;imaginer un podium. Sur la poursuite,<strong> Matvey Eliseev<\/strong> reprenait tout de m\u00eame six places pour int\u00e9grer le top 10, \u00e0 la faveur d&rsquo;un 19\/20. <strong>Loginov<\/strong> lui, restait 17\u00e8me avec trois erreurs. Partie 42\u00e8me, <strong>Larisa Kuklina<\/strong> aura repris 5 place sur la poursuite et se pla\u00e7ait comme meilleure Russe puisque Kuklina a totalement craqu\u00e9 (51\u00e8me).<\/p>\n<p style=\"text-align: justify;\">A la lutte pour le podium jusqu&rsquo;\u00e0 mi-course sur le relais mixte, ce fut une nouvelle fois la d\u00e9b\u00e2cle. Seconde relayeuse, <strong>Kazakevich<\/strong> partait sur l&rsquo;anneau de p\u00e9nalit\u00e9, puis au tour de <strong>Loginov<\/strong> d&rsquo;en faire deux ! R\u00e9sultat, une septi\u00e8me place \u00e0 plus de trois minutes de la Norv\u00e8ge. Lors du relais mixte simple, les Russes prennaient une 5\u00e8me place avec 7 pioches.<\/p>\n<hr \/>\n<h2 style=\"text-align: justify;\">Les Tops<\/h2>\n<ul>\n<li>\n<h3 style=\"text-align: justify;\">Dzinara Alimbekava<\/h3>\n<\/li>\n<\/ul>\n<p style=\"text-align: justify;\">Dossard bleu de meilleure jeune, la Bi\u00e9lorusse <strong>Dzinara Alimbekava <\/strong>a retrouv\u00e9 le podium. Sixi\u00e8me du sprint avec un 9\/10, elle a su faire parler sa vitesse \u00e0 ski pour se placer \u00e0 30 secondes de <strong>Tiril Eckhoff<\/strong>. Au combat sur la poursuite, elle a su saisir sa chance gr\u00e2ce aux erreurs de ses adversaires mais surtout \u00e0 son 20\/20 exceptionnel. Le troisi\u00e8me podium de sa saison lui permet d&rsquo;accentuer son avance au classement des jeunes, \u00e0 seulement une \u00e9tape de la fin.<\/p>\n<ul>\n<li>\n<h3 style=\"text-align: justify;\">Tiril Eckhoff<\/h3>\n<\/li>\n<\/ul>\n<p style=\"text-align: justify;\">La grande gagnante, c&rsquo;est elle ! <strong>Tiril Eckhoff<\/strong> aura tout gagn\u00e9 ce week-end. Vainqueur de son 7\u00e8me sprint cons\u00e9cutif, elle cherche encore des adversaires capables de la d\u00e9tr\u00f4ner. Avec un 9\/10, elle avait ouvert la porte, mais elle \u00e9tait bien trop rapide \u00e0 ski. Cette victoire lui permet de prendre le globe de cristal de la sp\u00e9cialit\u00e9. Une faute sur le premier tir et puis c&rsquo;est tout. Sur la poursuite, la Norv\u00e9gienne signait un 7\u00e8me doubl\u00e9 sprint-poursuite de suite gr\u00e2ce \u00e0 un 19\/20. Une douzi\u00e8me victoire cette saison qui lui permet de battre le record de victoire pour une biathl\u00e8te norv\u00e9gienne sur une saison. <strong>Tora Berger<\/strong> en comptait 11 en 2012-2013. En marge de ce record, <strong>Tiril Eckhoff<\/strong> s&rsquo;assure \u00e9galement le premier gros globe de cristal de sa carri\u00e8re \u00e0 une semaine de la fin. Comme si cela ne suffisait pas, elle s&rsquo;est aussi impos\u00e9e avec ses co\u00e9quipiers du relais mixte et remporte le petit globe.<\/p>\n<blockquote class=\"twitter-tweet\">\n<p dir=\"ltr\" lang=\"fr\">Tiril Eckhoff, c&rsquo;est royal ! &#x1f1e7;&#x1f1fb;&#x1f525; <a href=\"https:\/\/twitter.com\/hashtag\/NMNM21?src=hash&amp;ref_src=twsrc%5Etfw\">#NMNM21<\/a><a href=\"https:\/\/t.co\/WxBunhmmx4\">https:\/\/t.co\/WxBunhmmx4<\/a><\/p>\n<p>\u2014 Dicodusport &#x2b50;&#x2b50; (@dicodusport) <a href=\"https:\/\/twitter.com\/dicodusport\/status\/1370782992440946689?ref_src=twsrc%5Etfw\">March 13, 2021<\/a><\/p><\/blockquote>\n<p><script async src=\"https:\/\/platform.twitter.com\/widgets.js\" charset=\"utf-8\"><\/script><\/p>\n<ul>\n<li style=\"text-align: justify;\">\n<h3>L&rsquo;\u00e9quipe de France masculine<\/h3>\n<\/li>\n<\/ul>\n<p style=\"text-align: justify;\">Une semaine apr\u00e8s la premi\u00e8re victoire en Coupe du monde de <strong>Simon Desthieux<\/strong>, les Fran\u00e7ais ont remis \u00e7a ! Sur le sprint, <strong>Quentin Fillon Maillet<\/strong>, auteur d&rsquo;un 10\/10, d\u00e9crochait son premier succ\u00e8s dans cette discipline. Au pied du podium, <strong>Emilien Jacquelin<\/strong>, lui aussi \u00e0 10\/10, a vu <strong>Lukas Hofer<\/strong> l&rsquo;\u00e9jecter du podium pour une poign\u00e9e de seconde. De retour en tr\u00e8s grande forme, <strong>Antonin Guigonnat<\/strong> a int\u00e9gr\u00e9 la c\u00e9r\u00e9monie des fleurs avec une 6\u00e8me place. Parti en premier sur la poursuite pour la premi\u00e8re fois de sa carri\u00e8re, <strong>Quentin Fillon Maillet<\/strong> a r\u00e9ussi le doubl\u00e9 ! Avec un 18\/20, il devan\u00e7ait <strong>Johannes Boe<\/strong> et <strong>Emilien Jacquelin<\/strong> qui, au bout de l&rsquo;effort, gardait la troisi\u00e8me place contre Laegreid. <strong>Antonin Guigonnat<\/strong> perdait seulement une place. 21\u00e8me sur le sprint, <strong>Simon Desthieux<\/strong> gagnait 9 places sur la poursuite et se classait 12\u00e8me.<\/p>\n<blockquote class=\"twitter-tweet\">\n<p dir=\"ltr\" lang=\"fr\">MAGNIFIQUE DOUBL\u00c9 SPRINT-POURSUITE POUR QUENTIN FILLON MAILLET &#x1f929;&#x1f1eb;&#x1f1f7; <a href=\"https:\/\/twitter.com\/hashtag\/NMNM21?src=hash&amp;ref_src=twsrc%5Etfw\">#NMNM21<\/a><\/p>\n<p>\u2014 Dicodusport &#x2b50;&#x2b50; (@dicodusport) <a href=\"https:\/\/twitter.com\/dicodusport\/status\/1370742385450356736?ref_src=twsrc%5Etfw\">March 13, 2021<\/a><\/p><\/blockquote>\n<p><script async src=\"https:\/\/platform.twitter.com\/widgets.js\" charset=\"utf-8\"><\/script><\/p>\n<h2 style=\"text-align: justify;\">\u00c0 lire aussi<\/h2>\n<ul>\n<li><a href=\"https:\/\/dicodusport.fr\/blog\/biathlon-coupe-du-monde-2020-2021-classement-general-hommes\/\" target=\"_blank\" rel=\"noopener\"><strong>Biathlon \u2013 Coupe du monde 2020\/2021 : le classement g\u00e9n\u00e9ral hommes<\/strong><\/a><\/li>\n<li><a href=\"https:\/\/dicodusport.fr\/blog\/biathlon-coupe-du-monde-2020-2021-classement-general-femmes\/\" target=\"_blank\" rel=\"noopener\"><strong>Biathlon \u2013 Coupe du monde 2020\/2021 : le classement g\u00e9n\u00e9ral femmes<\/strong><\/a><\/li>\n<li><a href=\"https:\/\/dicodusport.fr\/blog\/coupe-du-monde-de-biathlon-le-montant-du-prize-money-pour-la-saison-2020-2021\/\" target=\"_blank\" rel=\"noopener\"><strong>Le montant du prize-money pour la Coupe du monde 2020\/2021<\/strong><\/a><\/li>\n<\/ul>\n<p><strong><em>Maxime Boulard<br \/>\n<a href=\"https:\/\/www.facebook.com\/Max.Bld2\/\" target=\"_blank\" rel=\"noopener noreferrer\"><img loading=\"lazy\" decoding=\"async\" class=\"alignnone wp-image-2909 jetpack-lazy-image jetpack-lazy-image--handled\" src=\"https:\/\/i2.wp.com\/dicodusport.fr\/blog\/wp-content\/uploads\/2017\/07\/logo-facebook-150x150.png?resize=40%2C40\" alt=\"\" width=\"40\" height=\"40\" data-lazy-loaded=\"1\" \/><\/a><a href=\"https:\/\/twitter.com\/MaximeB_2\" target=\"_blank\" rel=\"noopener noreferrer\"><img loading=\"lazy\" decoding=\"async\" class=\"alignnone wp-image-2908 jetpack-lazy-image jetpack-lazy-image--handled\" src=\"https:\/\/i1.wp.com\/dicodusport.fr\/blog\/wp-content\/uploads\/2017\/07\/logo-twitter-150x150.png?resize=39%2C39\" alt=\"\" width=\"39\" height=\"39\" data-lazy-loaded=\"1\" \/><\/a><\/em><\/strong><\/p>\n","protected":false},"excerpt":{"rendered":"<p>COUPE DU MONDE DE BIATHLON 2020-2021 &#8211; Cette deuxi\u00e8me \u00e9tape en R\u00e9publique Tch\u00e8que avait pour programme sprints, poursuites et relais mixtes. On y voit maintenant bien plus clair, les globes des sprints et des relais mixtes ont \u00e9t\u00e9 attribu\u00e9s ainsi que le gros globe f\u00e9minin !\u00a0 En cette fin de saison, on voit une \u00e9quipe de France tr\u00e8s en forme \u00e9galement. Retour les performances et les rat\u00e9s de la semaine.<\/p>\n","protected":false},"author":43,"featured_media":113921,"comment_status":"open","ping_status":"closed","sticky":false,"template":"","format":"standard","meta":{"_acf_changed":false,"_daextam_enable_autolinks":"","footnotes":""},"categories":[47040],"tags":[14874,2695,3745,7214],"class_list":["post-113739","post","type-post","status-publish","format-standard","has-post-thumbnail","hentry","category-coupe-du-monde-de-biathlon","tag-biathlon-nove-mesto","tag-coupe-du-monde-de-biathlon","tag-quentin-fillon-maillet","tag-tiril-eckhoff"],"acf":[],"yoast_head":"<!-- This site is optimized with the Yoast SEO Premium plugin v26.7 (Yoast SEO v26.7) - https:\/\/yoast.com\/wordpress\/plugins\/seo\/ -->\n<title>Coupe du monde de biathlon : les tops et les flops de la 9\u00e8me \u00e9tape de Nove Mesto<\/title>\n<meta name=\"description\" content=\"COUPE DU MONDE DE BIATHLON 2020-2021 - Cette deuxi\u00e8me \u00e9tape \u00e0 Nove Mesto avait pour programme sprints, poursuites et relais mixtes. Les tops et flops.\" \/>\n<meta name=\"robots\" content=\"index, follow, max-snippet:-1, max-image-preview:large, max-video-preview:-1\" \/>\n<link rel=\"canonical\" href=\"https:\/\/dicodusport.fr\/blog\/coupe-du-monde-de-biathlon-tops-et-flops-9eme-etape-nove-mesto\/\" \/>\n<meta property=\"og:locale\" content=\"fr_FR\" \/>\n<meta property=\"og:type\" content=\"article\" \/>\n<meta property=\"og:title\" content=\"Coupe du monde de biathlon : les tops et les flops de la 9\u00e8me \u00e9tape de Nove Mesto\" \/>\n<meta property=\"og:description\" content=\"COUPE DU MONDE DE BIATHLON 2020-2021 - Cette deuxi\u00e8me \u00e9tape \u00e0 Nove Mesto avait pour programme sprints, poursuites et relais mixtes. Les tops et flops.\" \/>\n<meta property=\"og:url\" content=\"https:\/\/dicodusport.fr\/blog\/coupe-du-monde-de-biathlon-tops-et-flops-9eme-etape-nove-mesto\/\" \/>\n<meta property=\"og:site_name\" content=\"Dicodusport\" \/>\n<meta property=\"article:publisher\" content=\"https:\/\/www.facebook.com\/dicodusport\" \/>\n<meta property=\"article:author\" content=\"https:\/\/www.facebook.com\/Max.Bld2\/\" \/>\n<meta property=\"article:published_time\" content=\"2021-03-14T18:26:52+00:00\" \/>\n<meta property=\"og:image\" content=\"https:\/\/dicodusport.fr\/blog\/wp-content\/uploads\/2021\/03\/Coupe-du-monde-de-biathlon-Les-tops-et-les-flops-de-la-9eme-etape-de-Nove-Mesto.png\" \/>\n\t<meta property=\"og:image:width\" content=\"800\" \/>\n\t<meta property=\"og:image:height\" content=\"445\" \/>\n\t<meta property=\"og:image:type\" content=\"image\/png\" \/>\n<meta name=\"author\" content=\"Maxime Boulard\" \/>\n<meta name=\"twitter:card\" content=\"summary_large_image\" \/>\n<meta name=\"twitter:title\" content=\"Coupe du monde de biathlon : les tops et les flops de la 9\u00e8me \u00e9tape de Nove Mesto\" \/>\n<meta name=\"twitter:creator\" content=\"@https:\/\/twitter.com\/MaximeB_2\" \/>\n<meta name=\"twitter:site\" content=\"@dicodusport\" \/>\n<script type=\"application\/ld+json\" class=\"yoast-schema-graph\">{\"@context\":\"https:\/\/schema.org\",\"@graph\":[{\"@type\":\"NewsArticle\",\"@id\":\"https:\/\/dicodusport.fr\/blog\/coupe-du-monde-de-biathlon-tops-et-flops-9eme-etape-nove-mesto\/#article\",\"isPartOf\":{\"@id\":\"https:\/\/dicodusport.fr\/blog\/coupe-du-monde-de-biathlon-tops-et-flops-9eme-etape-nove-mesto\/\"},\"author\":{\"name\":\"Maxime Boulard\",\"@id\":\"https:\/\/dicodusport.fr\/blog\/#\/schema\/person\/5aab10ee856e86ac63e9819a9da34784\"},\"headline\":\"Coupe du monde de biathlon : les tops et les flops de la 9\u00e8me \u00e9tape de Nove Mesto\",\"datePublished\":\"2021-03-14T18:26:52+00:00\",\"mainEntityOfPage\":{\"@id\":\"https:\/\/dicodusport.fr\/blog\/coupe-du-monde-de-biathlon-tops-et-flops-9eme-etape-nove-mesto\/\"},\"wordCount\":1029,\"commentCount\":0,\"publisher\":{\"@id\":\"https:\/\/dicodusport.fr\/blog\/#organization\"},\"image\":{\"@id\":\"https:\/\/dicodusport.fr\/blog\/coupe-du-monde-de-biathlon-tops-et-flops-9eme-etape-nove-mesto\/#primaryimage\"},\"thumbnailUrl\":\"https:\/\/dicodusport.fr\/blog\/wp-content\/uploads\/2021\/03\/Coupe-du-monde-de-biathlon-Les-tops-et-les-flops-de-la-9eme-etape-de-Nove-Mesto.png\",\"keywords\":[\"Biathlon Nove Mesto\",\"Coupe du monde de Biathlon\",\"Quentin Fillon Maillet\",\"Tiril Eckhoff\"],\"articleSection\":[\"Coupe du monde de biathlon\"],\"inLanguage\":\"fr-FR\",\"potentialAction\":[{\"@type\":\"CommentAction\",\"name\":\"Comment\",\"target\":[\"https:\/\/dicodusport.fr\/blog\/coupe-du-monde-de-biathlon-tops-et-flops-9eme-etape-nove-mesto\/#respond\"]}],\"copyrightYear\":\"2021\",\"copyrightHolder\":{\"@id\":\"https:\/\/dicodusport.fr\/blog\/#organization\"}},{\"@type\":\"WebPage\",\"@id\":\"https:\/\/dicodusport.fr\/blog\/coupe-du-monde-de-biathlon-tops-et-flops-9eme-etape-nove-mesto\/\",\"url\":\"https:\/\/dicodusport.fr\/blog\/coupe-du-monde-de-biathlon-tops-et-flops-9eme-etape-nove-mesto\/\",\"name\":\"Coupe du monde de biathlon : les tops et les flops de la 9\u00e8me \u00e9tape de Nove Mesto\",\"isPartOf\":{\"@id\":\"https:\/\/dicodusport.fr\/blog\/#website\"},\"primaryImageOfPage\":{\"@id\":\"https:\/\/dicodusport.fr\/blog\/coupe-du-monde-de-biathlon-tops-et-flops-9eme-etape-nove-mesto\/#primaryimage\"},\"image\":{\"@id\":\"https:\/\/dicodusport.fr\/blog\/coupe-du-monde-de-biathlon-tops-et-flops-9eme-etape-nove-mesto\/#primaryimage\"},\"thumbnailUrl\":\"https:\/\/dicodusport.fr\/blog\/wp-content\/uploads\/2021\/03\/Coupe-du-monde-de-biathlon-Les-tops-et-les-flops-de-la-9eme-etape-de-Nove-Mesto.png\",\"datePublished\":\"2021-03-14T18:26:52+00:00\",\"description\":\"COUPE DU MONDE DE BIATHLON 2020-2021 - Cette deuxi\u00e8me \u00e9tape \u00e0 Nove Mesto avait pour programme sprints, poursuites et relais mixtes. Les tops et flops.\",\"breadcrumb\":{\"@id\":\"https:\/\/dicodusport.fr\/blog\/coupe-du-monde-de-biathlon-tops-et-flops-9eme-etape-nove-mesto\/#breadcrumb\"},\"inLanguage\":\"fr-FR\",\"potentialAction\":[{\"@type\":\"ReadAction\",\"target\":[\"https:\/\/dicodusport.fr\/blog\/coupe-du-monde-de-biathlon-tops-et-flops-9eme-etape-nove-mesto\/\"]}]},{\"@type\":\"ImageObject\",\"inLanguage\":\"fr-FR\",\"@id\":\"https:\/\/dicodusport.fr\/blog\/coupe-du-monde-de-biathlon-tops-et-flops-9eme-etape-nove-mesto\/#primaryimage\",\"url\":\"https:\/\/dicodusport.fr\/blog\/wp-content\/uploads\/2021\/03\/Coupe-du-monde-de-biathlon-Les-tops-et-les-flops-de-la-9eme-etape-de-Nove-Mesto.png\",\"contentUrl\":\"https:\/\/dicodusport.fr\/blog\/wp-content\/uploads\/2021\/03\/Coupe-du-monde-de-biathlon-Les-tops-et-les-flops-de-la-9eme-etape-de-Nove-Mesto.png\",\"width\":800,\"height\":445,\"caption\":\"Coupe du monde de biathlon : les tops et les flops de la 9\u00e8me \u00e9tape de Nove Mesto\"},{\"@type\":\"BreadcrumbList\",\"@id\":\"https:\/\/dicodusport.fr\/blog\/coupe-du-monde-de-biathlon-tops-et-flops-9eme-etape-nove-mesto\/#breadcrumb\",\"itemListElement\":[{\"@type\":\"ListItem\",\"position\":1,\"name\":\"Accueil\",\"item\":\"https:\/\/dicodusport.fr\/blog\/\"},{\"@type\":\"ListItem\",\"position\":2,\"name\":\"Coupe du monde de biathlon : les tops et les flops de la 9\u00e8me \u00e9tape de Nove Mesto\"}]},{\"@type\":\"WebSite\",\"@id\":\"https:\/\/dicodusport.fr\/blog\/#website\",\"url\":\"https:\/\/dicodusport.fr\/blog\/\",\"name\":\"Dicodusport\",\"description\":\"L&#039;encyclop\u00e9die de l&#039;actualit\u00e9 sportive\",\"publisher\":{\"@id\":\"https:\/\/dicodusport.fr\/blog\/#organization\"},\"potentialAction\":[{\"@type\":\"SearchAction\",\"target\":{\"@type\":\"EntryPoint\",\"urlTemplate\":\"https:\/\/dicodusport.fr\/blog\/?s={search_term_string}\"},\"query-input\":{\"@type\":\"PropertyValueSpecification\",\"valueRequired\":true,\"valueName\":\"search_term_string\"}}],\"inLanguage\":\"fr-FR\"},{\"@type\":\"NewsMediaOrganization\",\"@id\":\"https:\/\/dicodusport.fr\/blog\/#organization\",\"name\":\"Dicodusport\",\"url\":\"https:\/\/dicodusport.fr\/blog\/\",\"logo\":{\"@type\":\"ImageObject\",\"inLanguage\":\"fr-FR\",\"@id\":\"https:\/\/dicodusport.fr\/blog\/#\/schema\/logo\/image\/\",\"url\":\"https:\/\/dicodusport.fr\/blog\/wp-content\/uploads\/2020\/06\/cropped-LOGO-DICODUSPORT-2020-SANS-FOND-SANS-TEXTE.png\",\"contentUrl\":\"https:\/\/dicodusport.fr\/blog\/wp-content\/uploads\/2020\/06\/cropped-LOGO-DICODUSPORT-2020-SANS-FOND-SANS-TEXTE.png\",\"width\":512,\"height\":512,\"caption\":\"Dicodusport\"},\"image\":{\"@id\":\"https:\/\/dicodusport.fr\/blog\/#\/schema\/logo\/image\/\"},\"sameAs\":[\"https:\/\/www.facebook.com\/dicodusport\",\"https:\/\/x.com\/dicodusport\",\"https:\/\/www.instagram.com\/dicodusport\/\",\"https:\/\/www.youtube.com\/channel\/UC7V2KZ5sd3htJivAbA4ZG3w\"],\"description\":\"Dicodusport est l'encyclop\u00e9die de l'actualit\u00e9 sportive.\",\"email\":\"bonjour@dicodusport.fr\",\"legalName\":\"DICODUSPORT\",\"foundingDate\":\"2018-01-14\",\"vatID\":\"FR71834470973\",\"taxID\":\"83447097300043\",\"numberOfEmployees\":{\"@type\":\"QuantitativeValue\",\"minValue\":\"1\",\"maxValue\":\"10\"}},{\"@type\":\"Person\",\"@id\":\"https:\/\/dicodusport.fr\/blog\/#\/schema\/person\/5aab10ee856e86ac63e9819a9da34784\",\"name\":\"Maxime Boulard\",\"image\":{\"@type\":\"ImageObject\",\"inLanguage\":\"fr-FR\",\"@id\":\"https:\/\/dicodusport.fr\/blog\/#\/schema\/person\/image\/\",\"url\":\"https:\/\/dicodusport.fr\/blog\/wp-content\/uploads\/2021\/05\/Maxime-Boulard-150x150.jpg\",\"contentUrl\":\"https:\/\/dicodusport.fr\/blog\/wp-content\/uploads\/2021\/05\/Maxime-Boulard-150x150.jpg\",\"caption\":\"Maxime Boulard\"},\"description\":\"Journaliste\/r\u00e9dacteur depuis octobre 2020 - Si mon plus vieux souvenir de sport aurait pu m'en d\u00e9go\u00fbter, la finale de la Coupe du monde 2006 a \u00e9t\u00e9 tout le contraire. V\u00e9ritable d\u00e9clencheur d'une passion qui aujourd'hui ne fait que grandir avec le temps, mon leitmotiv est la France qui brille ! Je relate les exploits pass\u00e9s et pr\u00e9sents du sport bleu-blanc-rouge sans m\u00e9nagement depuis octobre 2020. Sport valide ou handisport, aucune diff\u00e9rence, il n'y a que du sport et plusieurs fa\u00e7ons de le pratiquer.\",\"sameAs\":[\"https:\/\/www.facebook.com\/Max.Bld2\/\",\"https:\/\/x.com\/https:\/\/twitter.com\/MaximeB_2\"],\"url\":\"https:\/\/dicodusport.fr\/blog\/author\/maxime-b\/\"}]}<\/script>\n<!-- \/ Yoast SEO Premium plugin. -->","yoast_head_json":{"title":"Coupe du monde de biathlon : les tops et les flops de la 9\u00e8me \u00e9tape de Nove Mesto","description":"COUPE DU MONDE DE BIATHLON 2020-2021 - Cette deuxi\u00e8me \u00e9tape \u00e0 Nove Mesto avait pour programme sprints, poursuites et relais mixtes. Les tops et flops.","robots":{"index":"index","follow":"follow","max-snippet":"max-snippet:-1","max-image-preview":"max-image-preview:large","max-video-preview":"max-video-preview:-1"},"canonical":"https:\/\/dicodusport.fr\/blog\/coupe-du-monde-de-biathlon-tops-et-flops-9eme-etape-nove-mesto\/","og_locale":"fr_FR","og_type":"article","og_title":"Coupe du monde de biathlon : les tops et les flops de la 9\u00e8me \u00e9tape de Nove Mesto","og_description":"COUPE DU MONDE DE BIATHLON 2020-2021 - Cette deuxi\u00e8me \u00e9tape \u00e0 Nove Mesto avait pour programme sprints, poursuites et relais mixtes. Les tops et flops.","og_url":"https:\/\/dicodusport.fr\/blog\/coupe-du-monde-de-biathlon-tops-et-flops-9eme-etape-nove-mesto\/","og_site_name":"Dicodusport","article_publisher":"https:\/\/www.facebook.com\/dicodusport","article_author":"https:\/\/www.facebook.com\/Max.Bld2\/","article_published_time":"2021-03-14T18:26:52+00:00","og_image":[{"width":800,"height":445,"url":"https:\/\/dicodusport.fr\/blog\/wp-content\/uploads\/2021\/03\/Coupe-du-monde-de-biathlon-Les-tops-et-les-flops-de-la-9eme-etape-de-Nove-Mesto.png","type":"image\/png"}],"author":"Maxime Boulard","twitter_card":"summary_large_image","twitter_title":"Coupe du monde de biathlon : les tops et les flops de la 9\u00e8me \u00e9tape de Nove Mesto","twitter_creator":"@https:\/\/twitter.com\/MaximeB_2","twitter_site":"@dicodusport","schema":{"@context":"https:\/\/schema.org","@graph":[{"@type":"NewsArticle","@id":"https:\/\/dicodusport.fr\/blog\/coupe-du-monde-de-biathlon-tops-et-flops-9eme-etape-nove-mesto\/#article","isPartOf":{"@id":"https:\/\/dicodusport.fr\/blog\/coupe-du-monde-de-biathlon-tops-et-flops-9eme-etape-nove-mesto\/"},"author":{"name":"Maxime Boulard","@id":"https:\/\/dicodusport.fr\/blog\/#\/schema\/person\/5aab10ee856e86ac63e9819a9da34784"},"headline":"Coupe du monde de biathlon : les tops et les flops de la 9\u00e8me \u00e9tape de Nove Mesto","datePublished":"2021-03-14T18:26:52+00:00","mainEntityOfPage":{"@id":"https:\/\/dicodusport.fr\/blog\/coupe-du-monde-de-biathlon-tops-et-flops-9eme-etape-nove-mesto\/"},"wordCount":1029,"commentCount":0,"publisher":{"@id":"https:\/\/dicodusport.fr\/blog\/#organization"},"image":{"@id":"https:\/\/dicodusport.fr\/blog\/coupe-du-monde-de-biathlon-tops-et-flops-9eme-etape-nove-mesto\/#primaryimage"},"thumbnailUrl":"https:\/\/dicodusport.fr\/blog\/wp-content\/uploads\/2021\/03\/Coupe-du-monde-de-biathlon-Les-tops-et-les-flops-de-la-9eme-etape-de-Nove-Mesto.png","keywords":["Biathlon Nove Mesto","Coupe du monde de Biathlon","Quentin Fillon Maillet","Tiril Eckhoff"],"articleSection":["Coupe du monde de biathlon"],"inLanguage":"fr-FR","potentialAction":[{"@type":"CommentAction","name":"Comment","target":["https:\/\/dicodusport.fr\/blog\/coupe-du-monde-de-biathlon-tops-et-flops-9eme-etape-nove-mesto\/#respond"]}],"copyrightYear":"2021","copyrightHolder":{"@id":"https:\/\/dicodusport.fr\/blog\/#organization"}},{"@type":"WebPage","@id":"https:\/\/dicodusport.fr\/blog\/coupe-du-monde-de-biathlon-tops-et-flops-9eme-etape-nove-mesto\/","url":"https:\/\/dicodusport.fr\/blog\/coupe-du-monde-de-biathlon-tops-et-flops-9eme-etape-nove-mesto\/","name":"Coupe du monde de biathlon : les tops et les flops de la 9\u00e8me \u00e9tape de Nove Mesto","isPartOf":{"@id":"https:\/\/dicodusport.fr\/blog\/#website"},"primaryImageOfPage":{"@id":"https:\/\/dicodusport.fr\/blog\/coupe-du-monde-de-biathlon-tops-et-flops-9eme-etape-nove-mesto\/#primaryimage"},"image":{"@id":"https:\/\/dicodusport.fr\/blog\/coupe-du-monde-de-biathlon-tops-et-flops-9eme-etape-nove-mesto\/#primaryimage"},"thumbnailUrl":"https:\/\/dicodusport.fr\/blog\/wp-content\/uploads\/2021\/03\/Coupe-du-monde-de-biathlon-Les-tops-et-les-flops-de-la-9eme-etape-de-Nove-Mesto.png","datePublished":"2021-03-14T18:26:52+00:00","description":"COUPE DU MONDE DE BIATHLON 2020-2021 - Cette deuxi\u00e8me \u00e9tape \u00e0 Nove Mesto avait pour programme sprints, poursuites et relais mixtes. Les tops et flops.","breadcrumb":{"@id":"https:\/\/dicodusport.fr\/blog\/coupe-du-monde-de-biathlon-tops-et-flops-9eme-etape-nove-mesto\/#breadcrumb"},"inLanguage":"fr-FR","potentialAction":[{"@type":"ReadAction","target":["https:\/\/dicodusport.fr\/blog\/coupe-du-monde-de-biathlon-tops-et-flops-9eme-etape-nove-mesto\/"]}]},{"@type":"ImageObject","inLanguage":"fr-FR","@id":"https:\/\/dicodusport.fr\/blog\/coupe-du-monde-de-biathlon-tops-et-flops-9eme-etape-nove-mesto\/#primaryimage","url":"https:\/\/dicodusport.fr\/blog\/wp-content\/uploads\/2021\/03\/Coupe-du-monde-de-biathlon-Les-tops-et-les-flops-de-la-9eme-etape-de-Nove-Mesto.png","contentUrl":"https:\/\/dicodusport.fr\/blog\/wp-content\/uploads\/2021\/03\/Coupe-du-monde-de-biathlon-Les-tops-et-les-flops-de-la-9eme-etape-de-Nove-Mesto.png","width":800,"height":445,"caption":"Coupe du monde de biathlon : les tops et les flops de la 9\u00e8me \u00e9tape de Nove Mesto"},{"@type":"BreadcrumbList","@id":"https:\/\/dicodusport.fr\/blog\/coupe-du-monde-de-biathlon-tops-et-flops-9eme-etape-nove-mesto\/#breadcrumb","itemListElement":[{"@type":"ListItem","position":1,"name":"Accueil","item":"https:\/\/dicodusport.fr\/blog\/"},{"@type":"ListItem","position":2,"name":"Coupe du monde de biathlon : les tops et les flops de la 9\u00e8me \u00e9tape de Nove Mesto"}]},{"@type":"WebSite","@id":"https:\/\/dicodusport.fr\/blog\/#website","url":"https:\/\/dicodusport.fr\/blog\/","name":"Dicodusport","description":"L&#039;encyclop\u00e9die de l&#039;actualit\u00e9 sportive","publisher":{"@id":"https:\/\/dicodusport.fr\/blog\/#organization"},"potentialAction":[{"@type":"SearchAction","target":{"@type":"EntryPoint","urlTemplate":"https:\/\/dicodusport.fr\/blog\/?s={search_term_string}"},"query-input":{"@type":"PropertyValueSpecification","valueRequired":true,"valueName":"search_term_string"}}],"inLanguage":"fr-FR"},{"@type":"NewsMediaOrganization","@id":"https:\/\/dicodusport.fr\/blog\/#organization","name":"Dicodusport","url":"https:\/\/dicodusport.fr\/blog\/","logo":{"@type":"ImageObject","inLanguage":"fr-FR","@id":"https:\/\/dicodusport.fr\/blog\/#\/schema\/logo\/image\/","url":"https:\/\/dicodusport.fr\/blog\/wp-content\/uploads\/2020\/06\/cropped-LOGO-DICODUSPORT-2020-SANS-FOND-SANS-TEXTE.png","contentUrl":"https:\/\/dicodusport.fr\/blog\/wp-content\/uploads\/2020\/06\/cropped-LOGO-DICODUSPORT-2020-SANS-FOND-SANS-TEXTE.png","width":512,"height":512,"caption":"Dicodusport"},"image":{"@id":"https:\/\/dicodusport.fr\/blog\/#\/schema\/logo\/image\/"},"sameAs":["https:\/\/www.facebook.com\/dicodusport","https:\/\/x.com\/dicodusport","https:\/\/www.instagram.com\/dicodusport\/","https:\/\/www.youtube.com\/channel\/UC7V2KZ5sd3htJivAbA4ZG3w"],"description":"Dicodusport est l'encyclop\u00e9die de l'actualit\u00e9 sportive.","email":"bonjour@dicodusport.fr","legalName":"DICODUSPORT","foundingDate":"2018-01-14","vatID":"FR71834470973","taxID":"83447097300043","numberOfEmployees":{"@type":"QuantitativeValue","minValue":"1","maxValue":"10"}},{"@type":"Person","@id":"https:\/\/dicodusport.fr\/blog\/#\/schema\/person\/5aab10ee856e86ac63e9819a9da34784","name":"Maxime Boulard","image":{"@type":"ImageObject","inLanguage":"fr-FR","@id":"https:\/\/dicodusport.fr\/blog\/#\/schema\/person\/image\/","url":"https:\/\/dicodusport.fr\/blog\/wp-content\/uploads\/2021\/05\/Maxime-Boulard-150x150.jpg","contentUrl":"https:\/\/dicodusport.fr\/blog\/wp-content\/uploads\/2021\/05\/Maxime-Boulard-150x150.jpg","caption":"Maxime Boulard"},"description":"Journaliste\/r\u00e9dacteur depuis octobre 2020 - Si mon plus vieux souvenir de sport aurait pu m'en d\u00e9go\u00fbter, la finale de la Coupe du monde 2006 a \u00e9t\u00e9 tout le contraire. V\u00e9ritable d\u00e9clencheur d'une passion qui aujourd'hui ne fait que grandir avec le temps, mon leitmotiv est la France qui brille ! Je relate les exploits pass\u00e9s et pr\u00e9sents du sport bleu-blanc-rouge sans m\u00e9nagement depuis octobre 2020. Sport valide ou handisport, aucune diff\u00e9rence, il n'y a que du sport et plusieurs fa\u00e7ons de le pratiquer.","sameAs":["https:\/\/www.facebook.com\/Max.Bld2\/","https:\/\/x.com\/https:\/\/twitter.com\/MaximeB_2"],"url":"https:\/\/dicodusport.fr\/blog\/author\/maxime-b\/"}]}},"_links":{"self":[{"href":"https:\/\/dicodusport.fr\/blog\/wp-json\/wp\/v2\/posts\/113739","targetHints":{"allow":["GET"]}}],"collection":[{"href":"https:\/\/dicodusport.fr\/blog\/wp-json\/wp\/v2\/posts"}],"about":[{"href":"https:\/\/dicodusport.fr\/blog\/wp-json\/wp\/v2\/types\/post"}],"author":[{"embeddable":true,"href":"https:\/\/dicodusport.fr\/blog\/wp-json\/wp\/v2\/users\/43"}],"replies":[{"embeddable":true,"href":"https:\/\/dicodusport.fr\/blog\/wp-json\/wp\/v2\/comments?post=113739"}],"version-history":[{"count":0,"href":"https:\/\/dicodusport.fr\/blog\/wp-json\/wp\/v2\/posts\/113739\/revisions"}],"wp:featuredmedia":[{"embeddable":true,"href":"https:\/\/dicodusport.fr\/blog\/wp-json\/wp\/v2\/media\/113921"}],"wp:attachment":[{"href":"https:\/\/dicodusport.fr\/blog\/wp-json\/wp\/v2\/media?parent=113739"}],"wp:term":[{"taxonomy":"category","embeddable":true,"href":"https:\/\/dicodusport.fr\/blog\/wp-json\/wp\/v2\/categories?post=113739"},{"taxonomy":"post_tag","embeddable":true,"href":"https:\/\/dicodusport.fr\/blog\/wp-json\/wp\/v2\/tags?post=113739"}],"curies":[{"name":"wp","href":"https:\/\/api.w.org\/{rel}","templated":true}]}}