{"id":113819,"date":"2021-03-15T12:27:10","date_gmt":"2021-03-15T11:27:10","guid":{"rendered":"https:\/\/dicodusport.fr\/blog\/?p=113819"},"modified":"2021-03-15T16:56:19","modified_gmt":"2021-03-15T15:56:19","slug":"nba-la-folle-ascension-de-theo-maledon-a-okc","status":"publish","type":"post","link":"https:\/\/dicodusport.fr\/blog\/nba-la-folle-ascension-de-theo-maledon-a-okc\/","title":{"rendered":"NBA : La folle ascension de Th\u00e9o Maledon \u00e0 OKC"},"content":{"rendered":"<p style=\"text-align: justify;\"><em><b>NBA &#8211; Th\u00e9o Maledon est un espoir fran\u00e7ais de longue date du basket fran\u00e7ais. Draft\u00e9 \u00e0 une d\u00e9cevante 34\u00e8me position le 18 novembre dernier, l&rsquo;aventure NBA de Th\u00e9o Maledon commen\u00e7ait sur de mauvaises bases. N\u00e9anmoins, malgr\u00e9 ces d\u00e9buts mouvement\u00e9s, le jeune meneur rouennais est aujourd&rsquo;hui titulaire au Thunder. Retour sur la folle ascension du rookie fran\u00e7ais de 19 ans.\u00a0<\/b><\/em><\/p>\n<h2 style=\"text-align: justify;\">Une hype \u00e9lev\u00e9e il y a deux ans<\/h2>\n<p style=\"text-align: justify;\">Joueur de l&rsquo;ASVEL depuis juin 2017, <strong>Th\u00e9o Maledon<\/strong> a vite vu l&rsquo;\u00e9tiquette d&rsquo;espoir NBA lui coller \u00e0 la peau. Alors que pour sa premi\u00e8re saison \u00e0 Villeurbanne, il jouait principalement avec les Espoirs, le Normand s&rsquo;entra\u00eenait avec les pros et a vite pu disputer ses premi\u00e8res rencontres en \u00e9lite. Avec 11 rencontres disput\u00e9es dont deux en Eurocup, <strong>Th\u00e9o Maledon<\/strong> a vite pu se familiariser avec le monde professionnel. Et lors de sa seconde saison, c&rsquo;est l&rsquo;explosion. Entre records de pr\u00e9cocit\u00e9 et performances de haute vol\u00e9e, le Fran\u00e7ais n&rsquo;a cess\u00e9 d&rsquo;impressionner en Jeep Elite, mais aussi en Euroligue lors de ses deux derni\u00e8res saisons en France. C&rsquo;est tout naturellement qu&rsquo;il se d\u00e9clara \u00e0 la draft le 5 avril 2020, malgr\u00e9 le confinement et l&rsquo;interruption des comp\u00e9tition \u00e0 cause des conditions sanitaires.<\/p>\n<p style=\"text-align: justify;\">Cependant, m\u00eame si cette hype \u00e9tait \u00e9lev\u00e9e, les choses vont vite outre-Atlantique. Annonc\u00e9 dans le Top 10 de sa cuv\u00e9e de Draft, sa cote a vite chut\u00e9 par la suite. En cause : sa d\u00e9fense un peu fragile et un jeu un peu trop europ\u00e9en questionnant sur sa possible adaptation au basket NBA. Malgr\u00e9 tout cela, le Rouennais \u00e9tait tout de m\u00eame attendu en fin de premier tour lors de cette soir\u00e9e du 18 novembre 2020.<\/p>\n<h2 style=\"text-align: justify;\">Oklahoma City Thunder, la franchise parfaite ?<\/h2>\n<p style=\"text-align: justify;\">Th\u00e9o Maledon fut donc s\u00e9lectionn\u00e9 en 34\u00e8me position de la Draft par les <strong>Philadelphia Sixers<\/strong>. Si cette s\u00e9lection fut tardive et d\u00e9cevante, elle \u00e9tait aussi synonyme d&rsquo;incertitude concernant l&rsquo;avenir du joueur \u00e0 cause d&rsquo;un contrat non garanti. Tr\u00e8s vite, <strong>il a \u00e9t\u00e9 \u00e9chang\u00e9 \u00e0 Oklahoma City en compagnie d&rsquo;Al Horford, en \u00e9change de Terrence Ferguson et Danny Green<\/strong>. Il quitta donc une franchise de haut de tableau avec un effectif \u00e9toff\u00e9, en direction d&rsquo;une franchise en reconstruction. Cet \u00e9change fut une bonne nouvelle puisqu&rsquo;elle avait tout pour lui donner ce dont un rookie a toujours besoin : du temps de jeu. Il y signa un contrat pour 4 ans contre 7,9 millions de dollars.<\/p>\n<p style=\"text-align: justify;\">D\u00e8s ses d\u00e9buts, <strong>Th\u00e9o Maledon<\/strong> s&rsquo;est montr\u00e9 tr\u00e8s professionnel lors des matchs de pr\u00e9-saison. Son adaptation a \u00e9t\u00e9 tr\u00e8s rapide, certainement gr\u00e2ce \u00e0 son exp\u00e9rience de haut niveau acquise en Euroligue. Sa performance face aux Bulls le 16 d\u00e9cembre 2020 lui a certainement garanti une place dans l&rsquo;effectif du Thunder. Avec ses 11 points, 4 rebonds, 2 passes d\u00e9cisives et 2 interceptions lors de ce match, l&rsquo;ancien joueur de l&rsquo;ASVEL a impressionn\u00e9 les observateurs gr\u00e2ce \u00e0 sa vision de jeu tr\u00e8s d\u00e9velopp\u00e9e. Des d\u00e9buts parfaits.<\/p>\n<blockquote class=\"twitter-tweet\">\n<p dir=\"ltr\" lang=\"fr\">Big match de Th\u00e9o Maledon pour sa premi\u00e8re avec OKC &#x1f929; <a href=\"https:\/\/twitter.com\/hashtag\/NBAPreseason?src=hash&amp;ref_src=twsrc%5Etfw\">#NBAPreseason<\/a> <a href=\"https:\/\/twitter.com\/hashtag\/NBA?src=hash&amp;ref_src=twsrc%5Etfw\">#NBA<\/a><a href=\"https:\/\/t.co\/Yk8LvfNBiL\">https:\/\/t.co\/Yk8LvfNBiL<\/a><\/p>\n<p>\u2014 Dicodusport &#x2b50;&#x2b50; (@dicodusport) <a href=\"https:\/\/twitter.com\/dicodusport\/status\/1338093183318757376?ref_src=twsrc%5Etfw\">December 13, 2020<\/a><\/p><\/blockquote>\n<p><script async src=\"https:\/\/platform.twitter.com\/widgets.js\" charset=\"utf-8\"><\/script><\/p>\n<h2 style=\"text-align: justify;\">Une place de titulaire acquise<\/h2>\n<p style=\"text-align: justify;\">Apr\u00e8s un mois de comp\u00e9tition et des performances encourageantes, le Fran\u00e7ais a connu sa premi\u00e8re titularisation le 25 janvier dernier. Il rempla\u00e7ait le v\u00e9t\u00e9ran <strong>George Hill<\/strong> bless\u00e9 au pouce. Depuis, il ne quitte plus cette place et a d\u00e9but\u00e9 18 matchs sur ses 33 disput\u00e9es. Et pour un rookie, de plus draft\u00e9 au second tour, les performances qu&rsquo;il produit sont tr\u00e8s honorables. Avec 8 points, 3 rebonds, 3,5 passes et 1 interception de moyenne par match, il fait son chemin en NBA et continue d&rsquo;acqu\u00e9rir de l&rsquo;exp\u00e9rience dans l&rsquo;Oklahoma.<\/p>\n<p style=\"text-align: justify;\">Et, au-del\u00e0 de cela, il a sign\u00e9 des jolies performances qui ont marqu\u00e9 les observateurs de la NBA. Le 30 janvier, <a href=\"https:\/\/dicodusport.fr\/blog\/video-theo-maledon-impressionne-avec-une-performance-xxl-face-aux-nets\/\" target=\"_blank\" rel=\"noopener\">il a sign\u00e9 24 points avec un joli 6\/6 \u00e0 3 points face aux Nets de James Harden<\/a>. Il y a deux semaines, face aux Hawks, il a m\u00eame sign\u00e9 une performance de 13 points et 12 passes d\u00e9cisives, ce qui constituait le premier double-double de sa carri\u00e8re NBA. \u00ab<em> C&rsquo;est mon match le plus abouti de la saison \u00bb, <\/em>jugeait-il en conf\u00e9rence de presse. Ce total de 12 assists n&rsquo;avait plus \u00e9t\u00e9 atteint par un rookie du Thunder depuis 2009 par un certain\u2026 <strong>Russell Westbrook<\/strong>, s&rsquo;il vous pla\u00eet !<\/p>\n<blockquote class=\"twitter-tweet\">\n<p dir=\"ltr\" lang=\"fr\">Un 6\/6 \u00e0 3 points pour Th\u00e9o Maledon &#x1f525;<a href=\"https:\/\/t.co\/Xi42bq7iQc\">https:\/\/t.co\/Xi42bq7iQc<\/a><\/p>\n<p>\u2014 Dicodusport &#x2b50;&#x2b50; (@dicodusport) <a href=\"https:\/\/twitter.com\/dicodusport\/status\/1355446937986748417?ref_src=twsrc%5Etfw\">January 30, 2021<\/a><\/p><\/blockquote>\n<p><script async src=\"https:\/\/platform.twitter.com\/widgets.js\" charset=\"utf-8\"><\/script><\/p>\n<h2 class=\"titre \" style=\"text-align: justify;\">\u00ab\u00a0Je pense avoir surpris pas mal de monde\u00a0\u00bb<\/h2>\n<p style=\"text-align: justify;\">Avec ces performances pour sa premi\u00e8re saison, <strong>Th\u00e9o Maledon<\/strong> s&rsquo;inscrit comme un s\u00e9rieux espoir du basket fran\u00e7ais, voire europ\u00e9en en NBA. En tout cas, ils est assez serein et continue de se faire plaisir avec le Thunder. D&rsquo;ailleurs, suite \u00e0 son joli d\u00e9but de saison, il a fait partie de la s\u00e9lection internationale pour le <strong>Rising Stars Challenge<\/strong>. Match qui rassemble chaque saison les meilleurs rookies et sophomores de la NBA. Cette s\u00e9lection t\u00e9moigne du fait que <strong>Th\u00e9o Maledon<\/strong> a r\u00e9ussi ses d\u00e9buts dans la ligue. Au cours d&rsquo;une conf\u00e9rence de presse, le Fran\u00e7ais avait notamment racont\u00e9 comment il vivait ses d\u00e9buts dans la ligue.<\/p>\n<blockquote>\n<p style=\"text-align: justify;\">Je pense avoir surpris pas mal de monde sur le plan individuel dans cette premi\u00e8re partie de saison. Personnellement, \u00e7a ne me surprend pas plus que \u00e7a, car je travaille tr\u00e8s dur depuis de longs mois pour gagner la confiance de mes co\u00e9quipiers et celle de mes coachs. Je m\u2019y attendais, mais bien s\u00fbr, j\u2019ai encore beaucoup de progr\u00e8s \u00e0 faire. [\u2026] Je suis vraiment content d\u2019\u00eatre tomb\u00e9 dans cette franchise. Elle est tr\u00e8s structur\u00e9e, tr\u00e8s professionnelle. C\u2019est une \u00e9thique de travail qui me correspond bien.<\/p>\n<\/blockquote>\n<p><b><i><strong><em>Tanguy Le Jeune<br \/>\n<a href=\"https:\/\/twitter.com\/LeJeuneT_\"><img loading=\"lazy\" decoding=\"async\" class=\"alignnone wp-image-2908\" src=\"https:\/\/i1.wp.com\/dicodusport.fr\/blog\/wp-content\/uploads\/2017\/07\/logo-twitter.png?resize=38%2C38\" alt=\"\" width=\"38\" height=\"38\" \/><\/a><a href=\"https:\/\/www.instagram.com\/tanguyljn_\/\"><img loading=\"lazy\" decoding=\"async\" class=\"alignnone wp-image-3709\" src=\"https:\/\/i0.wp.com\/dicodusport.fr\/blog\/wp-content\/uploads\/2017\/08\/signature-instagram.png?resize=38%2C38&amp;ssl=1\" sizes=\"auto, (max-width: 38px) 100vw, 38px\" srcset=\"https:\/\/i0.wp.com\/dicodusport.fr\/blog\/wp-content\/uploads\/2017\/08\/signature-instagram.png?resize=38%2C38&amp;ssl=1 283w, https:\/\/dicodusport.fr\/blog\/wp-content\/uploads\/2017\/08\/signature-instagram-150x150.png 150w\" alt=\"\" width=\"38\" height=\"38\" \/><\/a><\/em><\/strong>\u00a0<\/i><\/b><\/p>\n","protected":false},"excerpt":{"rendered":"<p>NBA &#8211; Th\u00e9o Maledon est un espoir fran\u00e7ais de longue date du basket fran\u00e7ais. Draft\u00e9 \u00e0 une d\u00e9cevante 34\u00e8me position le 18 novembre dernier, l&rsquo;aventure NBA de Th\u00e9o Maledon commen\u00e7ait sur de mauvaises bases. N\u00e9anmoins, malgr\u00e9 ces d\u00e9buts mouvement\u00e9s, le jeune meneur rouennais est aujourd&rsquo;hui titulaire au Thunder. Retour sur la folle ascension du rookie fran\u00e7ais de 19 ans.\u00a0<\/p>\n","protected":false},"author":46,"featured_media":114008,"comment_status":"open","ping_status":"closed","sticky":false,"template":"","format":"standard","meta":{"_acf_changed":false,"_daextam_enable_autolinks":"","footnotes":""},"categories":[10533],"tags":[179,1990,24,8623],"class_list":["post-113819","post","type-post","status-publish","format-standard","has-post-thumbnail","hentry","category-nba","tag-nba","tag-oklahoma-city-thunder","tag-sport","tag-theo-maledon"],"acf":[],"yoast_head":"<!-- This site is optimized with the Yoast SEO Premium plugin v26.7 (Yoast SEO v26.7) - https:\/\/yoast.com\/wordpress\/plugins\/seo\/ -->\n<title>NBA : La folle ascension de Th\u00e9o Maledon \u00e0 OKC<\/title>\n<meta name=\"description\" content=\"Draft\u00e9 en 34\u00e8me position, l&#039;aventure NBA de Th\u00e9o Maledon commen\u00e7ait mal. Malgr\u00e9 ces d\u00e9buts mouvement\u00e9s, le meneur est aujourd&#039;hui titulaire au Thunder.\" \/>\n<meta name=\"robots\" content=\"index, follow, max-snippet:-1, max-image-preview:large, max-video-preview:-1\" \/>\n<link rel=\"canonical\" href=\"https:\/\/dicodusport.fr\/blog\/nba-la-folle-ascension-de-theo-maledon-a-okc\/\" \/>\n<meta property=\"og:locale\" content=\"fr_FR\" \/>\n<meta property=\"og:type\" content=\"article\" \/>\n<meta property=\"og:title\" content=\"NBA : La folle ascension de Th\u00e9o Maledon \u00e0 OKC\" \/>\n<meta property=\"og:description\" content=\"Draft\u00e9 en 34\u00e8me position, l&#039;aventure NBA de Th\u00e9o Maledon commen\u00e7ait mal. Malgr\u00e9 ces d\u00e9buts mouvement\u00e9s, le meneur est aujourd&#039;hui titulaire au Thunder.\" \/>\n<meta property=\"og:url\" content=\"https:\/\/dicodusport.fr\/blog\/nba-la-folle-ascension-de-theo-maledon-a-okc\/\" \/>\n<meta property=\"og:site_name\" content=\"Dicodusport\" \/>\n<meta property=\"article:publisher\" content=\"https:\/\/www.facebook.com\/dicodusport\" \/>\n<meta property=\"article:published_time\" content=\"2021-03-15T11:27:10+00:00\" \/>\n<meta property=\"article:modified_time\" content=\"2021-03-15T15:56:19+00:00\" \/>\n<meta property=\"og:image\" content=\"https:\/\/dicodusport.fr\/blog\/wp-content\/uploads\/2021\/03\/NBA-La-folle-ascension-de-Theo-Maledon-a-OKC.png\" \/>\n\t<meta property=\"og:image:width\" content=\"800\" \/>\n\t<meta property=\"og:image:height\" content=\"445\" \/>\n\t<meta property=\"og:image:type\" content=\"image\/png\" \/>\n<meta name=\"author\" content=\"Tanguy Le Jeune\" \/>\n<meta name=\"twitter:card\" content=\"summary_large_image\" \/>\n<meta name=\"twitter:title\" content=\"NBA : La folle ascension de Th\u00e9o Maledon \u00e0 OKC\" \/>\n<meta name=\"twitter:creator\" content=\"@https:\/\/twitter.com\/LeJeuneT_\" \/>\n<meta name=\"twitter:site\" content=\"@dicodusport\" \/>\n<script type=\"application\/ld+json\" class=\"yoast-schema-graph\">{\"@context\":\"https:\/\/schema.org\",\"@graph\":[{\"@type\":\"NewsArticle\",\"@id\":\"https:\/\/dicodusport.fr\/blog\/nba-la-folle-ascension-de-theo-maledon-a-okc\/#article\",\"isPartOf\":{\"@id\":\"https:\/\/dicodusport.fr\/blog\/nba-la-folle-ascension-de-theo-maledon-a-okc\/\"},\"author\":{\"name\":\"Tanguy Le Jeune\",\"@id\":\"https:\/\/dicodusport.fr\/blog\/#\/schema\/person\/37ea0f6075559930024fec7c0f79e8f2\"},\"headline\":\"NBA : La folle ascension de Th\u00e9o Maledon \u00e0 OKC\",\"datePublished\":\"2021-03-15T11:27:10+00:00\",\"dateModified\":\"2021-03-15T15:56:19+00:00\",\"mainEntityOfPage\":{\"@id\":\"https:\/\/dicodusport.fr\/blog\/nba-la-folle-ascension-de-theo-maledon-a-okc\/\"},\"wordCount\":1020,\"commentCount\":0,\"publisher\":{\"@id\":\"https:\/\/dicodusport.fr\/blog\/#organization\"},\"image\":{\"@id\":\"https:\/\/dicodusport.fr\/blog\/nba-la-folle-ascension-de-theo-maledon-a-okc\/#primaryimage\"},\"thumbnailUrl\":\"https:\/\/dicodusport.fr\/blog\/wp-content\/uploads\/2021\/03\/NBA-La-folle-ascension-de-Theo-Maledon-a-OKC.png\",\"keywords\":[\"NBA\",\"Oklahoma City Thunder\",\"sport\",\"Th\u00e9o Maledon\"],\"articleSection\":[\"NBA\"],\"inLanguage\":\"fr-FR\",\"potentialAction\":[{\"@type\":\"CommentAction\",\"name\":\"Comment\",\"target\":[\"https:\/\/dicodusport.fr\/blog\/nba-la-folle-ascension-de-theo-maledon-a-okc\/#respond\"]}],\"copyrightYear\":\"2021\",\"copyrightHolder\":{\"@id\":\"https:\/\/dicodusport.fr\/blog\/#organization\"}},{\"@type\":\"WebPage\",\"@id\":\"https:\/\/dicodusport.fr\/blog\/nba-la-folle-ascension-de-theo-maledon-a-okc\/\",\"url\":\"https:\/\/dicodusport.fr\/blog\/nba-la-folle-ascension-de-theo-maledon-a-okc\/\",\"name\":\"NBA : La folle ascension de Th\u00e9o Maledon \u00e0 OKC\",\"isPartOf\":{\"@id\":\"https:\/\/dicodusport.fr\/blog\/#website\"},\"primaryImageOfPage\":{\"@id\":\"https:\/\/dicodusport.fr\/blog\/nba-la-folle-ascension-de-theo-maledon-a-okc\/#primaryimage\"},\"image\":{\"@id\":\"https:\/\/dicodusport.fr\/blog\/nba-la-folle-ascension-de-theo-maledon-a-okc\/#primaryimage\"},\"thumbnailUrl\":\"https:\/\/dicodusport.fr\/blog\/wp-content\/uploads\/2021\/03\/NBA-La-folle-ascension-de-Theo-Maledon-a-OKC.png\",\"datePublished\":\"2021-03-15T11:27:10+00:00\",\"dateModified\":\"2021-03-15T15:56:19+00:00\",\"description\":\"Draft\u00e9 en 34\u00e8me position, l'aventure NBA de Th\u00e9o Maledon commen\u00e7ait mal. Malgr\u00e9 ces d\u00e9buts mouvement\u00e9s, le meneur est aujourd'hui titulaire au Thunder.\",\"breadcrumb\":{\"@id\":\"https:\/\/dicodusport.fr\/blog\/nba-la-folle-ascension-de-theo-maledon-a-okc\/#breadcrumb\"},\"inLanguage\":\"fr-FR\",\"potentialAction\":[{\"@type\":\"ReadAction\",\"target\":[\"https:\/\/dicodusport.fr\/blog\/nba-la-folle-ascension-de-theo-maledon-a-okc\/\"]}]},{\"@type\":\"ImageObject\",\"inLanguage\":\"fr-FR\",\"@id\":\"https:\/\/dicodusport.fr\/blog\/nba-la-folle-ascension-de-theo-maledon-a-okc\/#primaryimage\",\"url\":\"https:\/\/dicodusport.fr\/blog\/wp-content\/uploads\/2021\/03\/NBA-La-folle-ascension-de-Theo-Maledon-a-OKC.png\",\"contentUrl\":\"https:\/\/dicodusport.fr\/blog\/wp-content\/uploads\/2021\/03\/NBA-La-folle-ascension-de-Theo-Maledon-a-OKC.png\",\"width\":800,\"height\":445,\"caption\":\"NBA : La folle ascension de Th\u00e9o Maledon \u00e0 OKC\"},{\"@type\":\"BreadcrumbList\",\"@id\":\"https:\/\/dicodusport.fr\/blog\/nba-la-folle-ascension-de-theo-maledon-a-okc\/#breadcrumb\",\"itemListElement\":[{\"@type\":\"ListItem\",\"position\":1,\"name\":\"Accueil\",\"item\":\"https:\/\/dicodusport.fr\/blog\/\"},{\"@type\":\"ListItem\",\"position\":2,\"name\":\"NBA : La folle ascension de Th\u00e9o Maledon \u00e0 OKC\"}]},{\"@type\":\"WebSite\",\"@id\":\"https:\/\/dicodusport.fr\/blog\/#website\",\"url\":\"https:\/\/dicodusport.fr\/blog\/\",\"name\":\"Dicodusport\",\"description\":\"L&#039;encyclop\u00e9die de l&#039;actualit\u00e9 sportive\",\"publisher\":{\"@id\":\"https:\/\/dicodusport.fr\/blog\/#organization\"},\"potentialAction\":[{\"@type\":\"SearchAction\",\"target\":{\"@type\":\"EntryPoint\",\"urlTemplate\":\"https:\/\/dicodusport.fr\/blog\/?s={search_term_string}\"},\"query-input\":{\"@type\":\"PropertyValueSpecification\",\"valueRequired\":true,\"valueName\":\"search_term_string\"}}],\"inLanguage\":\"fr-FR\"},{\"@type\":\"NewsMediaOrganization\",\"@id\":\"https:\/\/dicodusport.fr\/blog\/#organization\",\"name\":\"Dicodusport\",\"url\":\"https:\/\/dicodusport.fr\/blog\/\",\"logo\":{\"@type\":\"ImageObject\",\"inLanguage\":\"fr-FR\",\"@id\":\"https:\/\/dicodusport.fr\/blog\/#\/schema\/logo\/image\/\",\"url\":\"https:\/\/dicodusport.fr\/blog\/wp-content\/uploads\/2020\/06\/cropped-LOGO-DICODUSPORT-2020-SANS-FOND-SANS-TEXTE.png\",\"contentUrl\":\"https:\/\/dicodusport.fr\/blog\/wp-content\/uploads\/2020\/06\/cropped-LOGO-DICODUSPORT-2020-SANS-FOND-SANS-TEXTE.png\",\"width\":512,\"height\":512,\"caption\":\"Dicodusport\"},\"image\":{\"@id\":\"https:\/\/dicodusport.fr\/blog\/#\/schema\/logo\/image\/\"},\"sameAs\":[\"https:\/\/www.facebook.com\/dicodusport\",\"https:\/\/x.com\/dicodusport\",\"https:\/\/www.instagram.com\/dicodusport\/\",\"https:\/\/www.youtube.com\/channel\/UC7V2KZ5sd3htJivAbA4ZG3w\"],\"description\":\"Dicodusport est l'encyclop\u00e9die de l'actualit\u00e9 sportive.\",\"email\":\"bonjour@dicodusport.fr\",\"legalName\":\"DICODUSPORT\",\"foundingDate\":\"2018-01-14\",\"vatID\":\"FR71834470973\",\"taxID\":\"83447097300043\",\"numberOfEmployees\":{\"@type\":\"QuantitativeValue\",\"minValue\":\"1\",\"maxValue\":\"10\"}},{\"@type\":\"Person\",\"@id\":\"https:\/\/dicodusport.fr\/blog\/#\/schema\/person\/37ea0f6075559930024fec7c0f79e8f2\",\"name\":\"Tanguy Le Jeune\",\"image\":{\"@type\":\"ImageObject\",\"inLanguage\":\"fr-FR\",\"@id\":\"https:\/\/dicodusport.fr\/blog\/#\/schema\/person\/image\/\",\"url\":\"https:\/\/dicodusport.fr\/blog\/wp-content\/uploads\/2021\/05\/Tanguy-Le-Jeune-150x150.jpg\",\"contentUrl\":\"https:\/\/dicodusport.fr\/blog\/wp-content\/uploads\/2021\/05\/Tanguy-Le-Jeune-150x150.jpg\",\"caption\":\"Tanguy Le Jeune\"},\"description\":\"Journaliste\/r\u00e9dacteur depuis novembre 2020 - Lionel Messi, Kobe Bryant, Lewis Hamilton. Quel rapport entre ces trois l\u00e9gendes ? Aucun, hormis leur statut de l\u00e9gende. Mais, pour moi, ces stars ont quelque chose en commun. Ce sont mes idoles, mes exemples et les grands cr\u00e9ateurs de ma passion pour le sport. Malgr\u00e9 mon cruel manque de talent pour pratiquer le sport au haut niveau, mon amour et ma passion me poussent, chaque jour, \u00e0 vous partager l\u2019actualit\u00e9 au travers de ce que je sais probablement faire le mieux : \u00e9crire.\",\"sameAs\":[\"https:\/\/www.instagram.com\/tanguyljn_\/\",\"https:\/\/x.com\/https:\/\/twitter.com\/LeJeuneT_\"],\"url\":\"https:\/\/dicodusport.fr\/blog\/author\/tanguylj\/\"}]}<\/script>\n<!-- \/ Yoast SEO Premium plugin. -->","yoast_head_json":{"title":"NBA : La folle ascension de Th\u00e9o Maledon \u00e0 OKC","description":"Draft\u00e9 en 34\u00e8me position, l'aventure NBA de Th\u00e9o Maledon commen\u00e7ait mal. Malgr\u00e9 ces d\u00e9buts mouvement\u00e9s, le meneur est aujourd'hui titulaire au Thunder.","robots":{"index":"index","follow":"follow","max-snippet":"max-snippet:-1","max-image-preview":"max-image-preview:large","max-video-preview":"max-video-preview:-1"},"canonical":"https:\/\/dicodusport.fr\/blog\/nba-la-folle-ascension-de-theo-maledon-a-okc\/","og_locale":"fr_FR","og_type":"article","og_title":"NBA : La folle ascension de Th\u00e9o Maledon \u00e0 OKC","og_description":"Draft\u00e9 en 34\u00e8me position, l'aventure NBA de Th\u00e9o Maledon commen\u00e7ait mal. Malgr\u00e9 ces d\u00e9buts mouvement\u00e9s, le meneur est aujourd'hui titulaire au Thunder.","og_url":"https:\/\/dicodusport.fr\/blog\/nba-la-folle-ascension-de-theo-maledon-a-okc\/","og_site_name":"Dicodusport","article_publisher":"https:\/\/www.facebook.com\/dicodusport","article_published_time":"2021-03-15T11:27:10+00:00","article_modified_time":"2021-03-15T15:56:19+00:00","og_image":[{"width":800,"height":445,"url":"https:\/\/dicodusport.fr\/blog\/wp-content\/uploads\/2021\/03\/NBA-La-folle-ascension-de-Theo-Maledon-a-OKC.png","type":"image\/png"}],"author":"Tanguy Le Jeune","twitter_card":"summary_large_image","twitter_title":"NBA : La folle ascension de Th\u00e9o Maledon \u00e0 OKC","twitter_creator":"@https:\/\/twitter.com\/LeJeuneT_","twitter_site":"@dicodusport","schema":{"@context":"https:\/\/schema.org","@graph":[{"@type":"NewsArticle","@id":"https:\/\/dicodusport.fr\/blog\/nba-la-folle-ascension-de-theo-maledon-a-okc\/#article","isPartOf":{"@id":"https:\/\/dicodusport.fr\/blog\/nba-la-folle-ascension-de-theo-maledon-a-okc\/"},"author":{"name":"Tanguy Le Jeune","@id":"https:\/\/dicodusport.fr\/blog\/#\/schema\/person\/37ea0f6075559930024fec7c0f79e8f2"},"headline":"NBA : La folle ascension de Th\u00e9o Maledon \u00e0 OKC","datePublished":"2021-03-15T11:27:10+00:00","dateModified":"2021-03-15T15:56:19+00:00","mainEntityOfPage":{"@id":"https:\/\/dicodusport.fr\/blog\/nba-la-folle-ascension-de-theo-maledon-a-okc\/"},"wordCount":1020,"commentCount":0,"publisher":{"@id":"https:\/\/dicodusport.fr\/blog\/#organization"},"image":{"@id":"https:\/\/dicodusport.fr\/blog\/nba-la-folle-ascension-de-theo-maledon-a-okc\/#primaryimage"},"thumbnailUrl":"https:\/\/dicodusport.fr\/blog\/wp-content\/uploads\/2021\/03\/NBA-La-folle-ascension-de-Theo-Maledon-a-OKC.png","keywords":["NBA","Oklahoma City Thunder","sport","Th\u00e9o Maledon"],"articleSection":["NBA"],"inLanguage":"fr-FR","potentialAction":[{"@type":"CommentAction","name":"Comment","target":["https:\/\/dicodusport.fr\/blog\/nba-la-folle-ascension-de-theo-maledon-a-okc\/#respond"]}],"copyrightYear":"2021","copyrightHolder":{"@id":"https:\/\/dicodusport.fr\/blog\/#organization"}},{"@type":"WebPage","@id":"https:\/\/dicodusport.fr\/blog\/nba-la-folle-ascension-de-theo-maledon-a-okc\/","url":"https:\/\/dicodusport.fr\/blog\/nba-la-folle-ascension-de-theo-maledon-a-okc\/","name":"NBA : La folle ascension de Th\u00e9o Maledon \u00e0 OKC","isPartOf":{"@id":"https:\/\/dicodusport.fr\/blog\/#website"},"primaryImageOfPage":{"@id":"https:\/\/dicodusport.fr\/blog\/nba-la-folle-ascension-de-theo-maledon-a-okc\/#primaryimage"},"image":{"@id":"https:\/\/dicodusport.fr\/blog\/nba-la-folle-ascension-de-theo-maledon-a-okc\/#primaryimage"},"thumbnailUrl":"https:\/\/dicodusport.fr\/blog\/wp-content\/uploads\/2021\/03\/NBA-La-folle-ascension-de-Theo-Maledon-a-OKC.png","datePublished":"2021-03-15T11:27:10+00:00","dateModified":"2021-03-15T15:56:19+00:00","description":"Draft\u00e9 en 34\u00e8me position, l'aventure NBA de Th\u00e9o Maledon commen\u00e7ait mal. Malgr\u00e9 ces d\u00e9buts mouvement\u00e9s, le meneur est aujourd'hui titulaire au Thunder.","breadcrumb":{"@id":"https:\/\/dicodusport.fr\/blog\/nba-la-folle-ascension-de-theo-maledon-a-okc\/#breadcrumb"},"inLanguage":"fr-FR","potentialAction":[{"@type":"ReadAction","target":["https:\/\/dicodusport.fr\/blog\/nba-la-folle-ascension-de-theo-maledon-a-okc\/"]}]},{"@type":"ImageObject","inLanguage":"fr-FR","@id":"https:\/\/dicodusport.fr\/blog\/nba-la-folle-ascension-de-theo-maledon-a-okc\/#primaryimage","url":"https:\/\/dicodusport.fr\/blog\/wp-content\/uploads\/2021\/03\/NBA-La-folle-ascension-de-Theo-Maledon-a-OKC.png","contentUrl":"https:\/\/dicodusport.fr\/blog\/wp-content\/uploads\/2021\/03\/NBA-La-folle-ascension-de-Theo-Maledon-a-OKC.png","width":800,"height":445,"caption":"NBA : La folle ascension de Th\u00e9o Maledon \u00e0 OKC"},{"@type":"BreadcrumbList","@id":"https:\/\/dicodusport.fr\/blog\/nba-la-folle-ascension-de-theo-maledon-a-okc\/#breadcrumb","itemListElement":[{"@type":"ListItem","position":1,"name":"Accueil","item":"https:\/\/dicodusport.fr\/blog\/"},{"@type":"ListItem","position":2,"name":"NBA : La folle ascension de Th\u00e9o Maledon \u00e0 OKC"}]},{"@type":"WebSite","@id":"https:\/\/dicodusport.fr\/blog\/#website","url":"https:\/\/dicodusport.fr\/blog\/","name":"Dicodusport","description":"L&#039;encyclop\u00e9die de l&#039;actualit\u00e9 sportive","publisher":{"@id":"https:\/\/dicodusport.fr\/blog\/#organization"},"potentialAction":[{"@type":"SearchAction","target":{"@type":"EntryPoint","urlTemplate":"https:\/\/dicodusport.fr\/blog\/?s={search_term_string}"},"query-input":{"@type":"PropertyValueSpecification","valueRequired":true,"valueName":"search_term_string"}}],"inLanguage":"fr-FR"},{"@type":"NewsMediaOrganization","@id":"https:\/\/dicodusport.fr\/blog\/#organization","name":"Dicodusport","url":"https:\/\/dicodusport.fr\/blog\/","logo":{"@type":"ImageObject","inLanguage":"fr-FR","@id":"https:\/\/dicodusport.fr\/blog\/#\/schema\/logo\/image\/","url":"https:\/\/dicodusport.fr\/blog\/wp-content\/uploads\/2020\/06\/cropped-LOGO-DICODUSPORT-2020-SANS-FOND-SANS-TEXTE.png","contentUrl":"https:\/\/dicodusport.fr\/blog\/wp-content\/uploads\/2020\/06\/cropped-LOGO-DICODUSPORT-2020-SANS-FOND-SANS-TEXTE.png","width":512,"height":512,"caption":"Dicodusport"},"image":{"@id":"https:\/\/dicodusport.fr\/blog\/#\/schema\/logo\/image\/"},"sameAs":["https:\/\/www.facebook.com\/dicodusport","https:\/\/x.com\/dicodusport","https:\/\/www.instagram.com\/dicodusport\/","https:\/\/www.youtube.com\/channel\/UC7V2KZ5sd3htJivAbA4ZG3w"],"description":"Dicodusport est l'encyclop\u00e9die de l'actualit\u00e9 sportive.","email":"bonjour@dicodusport.fr","legalName":"DICODUSPORT","foundingDate":"2018-01-14","vatID":"FR71834470973","taxID":"83447097300043","numberOfEmployees":{"@type":"QuantitativeValue","minValue":"1","maxValue":"10"}},{"@type":"Person","@id":"https:\/\/dicodusport.fr\/blog\/#\/schema\/person\/37ea0f6075559930024fec7c0f79e8f2","name":"Tanguy Le Jeune","image":{"@type":"ImageObject","inLanguage":"fr-FR","@id":"https:\/\/dicodusport.fr\/blog\/#\/schema\/person\/image\/","url":"https:\/\/dicodusport.fr\/blog\/wp-content\/uploads\/2021\/05\/Tanguy-Le-Jeune-150x150.jpg","contentUrl":"https:\/\/dicodusport.fr\/blog\/wp-content\/uploads\/2021\/05\/Tanguy-Le-Jeune-150x150.jpg","caption":"Tanguy Le Jeune"},"description":"Journaliste\/r\u00e9dacteur depuis novembre 2020 - Lionel Messi, Kobe Bryant, Lewis Hamilton. Quel rapport entre ces trois l\u00e9gendes ? Aucun, hormis leur statut de l\u00e9gende. Mais, pour moi, ces stars ont quelque chose en commun. Ce sont mes idoles, mes exemples et les grands cr\u00e9ateurs de ma passion pour le sport. Malgr\u00e9 mon cruel manque de talent pour pratiquer le sport au haut niveau, mon amour et ma passion me poussent, chaque jour, \u00e0 vous partager l\u2019actualit\u00e9 au travers de ce que je sais probablement faire le mieux : \u00e9crire.","sameAs":["https:\/\/www.instagram.com\/tanguyljn_\/","https:\/\/x.com\/https:\/\/twitter.com\/LeJeuneT_"],"url":"https:\/\/dicodusport.fr\/blog\/author\/tanguylj\/"}]}},"_links":{"self":[{"href":"https:\/\/dicodusport.fr\/blog\/wp-json\/wp\/v2\/posts\/113819","targetHints":{"allow":["GET"]}}],"collection":[{"href":"https:\/\/dicodusport.fr\/blog\/wp-json\/wp\/v2\/posts"}],"about":[{"href":"https:\/\/dicodusport.fr\/blog\/wp-json\/wp\/v2\/types\/post"}],"author":[{"embeddable":true,"href":"https:\/\/dicodusport.fr\/blog\/wp-json\/wp\/v2\/users\/46"}],"replies":[{"embeddable":true,"href":"https:\/\/dicodusport.fr\/blog\/wp-json\/wp\/v2\/comments?post=113819"}],"version-history":[{"count":0,"href":"https:\/\/dicodusport.fr\/blog\/wp-json\/wp\/v2\/posts\/113819\/revisions"}],"wp:featuredmedia":[{"embeddable":true,"href":"https:\/\/dicodusport.fr\/blog\/wp-json\/wp\/v2\/media\/114008"}],"wp:attachment":[{"href":"https:\/\/dicodusport.fr\/blog\/wp-json\/wp\/v2\/media?parent=113819"}],"wp:term":[{"taxonomy":"category","embeddable":true,"href":"https:\/\/dicodusport.fr\/blog\/wp-json\/wp\/v2\/categories?post=113819"},{"taxonomy":"post_tag","embeddable":true,"href":"https:\/\/dicodusport.fr\/blog\/wp-json\/wp\/v2\/tags?post=113819"}],"curies":[{"name":"wp","href":"https:\/\/api.w.org\/{rel}","templated":true}]}}