{"id":113895,"date":"2021-03-16T08:00:29","date_gmt":"2021-03-16T07:00:29","guid":{"rendered":"https:\/\/dicodusport.fr\/blog\/?p=113895"},"modified":"2021-03-16T08:35:25","modified_gmt":"2021-03-16T07:35:25","slug":"16-mars-2003-seconde-ligue-des-champions-volley-pour-cannes","status":"publish","type":"post","link":"https:\/\/dicodusport.fr\/blog\/16-mars-2003-seconde-ligue-des-champions-volley-pour-cannes\/","title":{"rendered":"16 mars 2003 : Seconde Ligue des Champions de volley pour le RC Cannes"},"content":{"rendered":"<p style=\"text-align: justify;\"><em><strong><a href=\"https:\/\/dicodusport.fr\/definition-sport\/volley-ball\/\">VOLLEY-BALL<\/a> &#8211; En 2002 d\u00e9j\u00e0, le RC Cannes avait r\u00e9alis\u00e9 l\u2019exploit en devenant le premier club f\u00e9minin tricolore \u00e0 d\u00e9crocher la Ligue des champions de volley. Cette ann\u00e9e encore, les volleyeuses ont marqu\u00e9 l\u2019Histoire. Et pourtant, \u00e7a n\u2019aura pas \u00e9t\u00e9 de tout repos.<\/strong> <\/em><\/p>\n<h2 style=\"text-align: justify;\">\u00c7a s&rsquo;est pass\u00e9 le 16 mars 2003<\/h2>\n<p style=\"text-align: justify;\">Pas loin de la d\u00e9faite la veille, le <strong>RC Cannes<\/strong> a parfaitement su r\u00e9agir. Lors de la demi-finale, les Cannoises ont d\u00fb sauver deux balles de match contre Mod\u00e8ne afin d\u2019aller d\u00e9fendre leur titre. En ce 16 mars 2003 contre Ekaterinbourg, la rencontre ne commence pas sous les meilleurs auspices. La grande <strong>Ekaterina Gomova<\/strong> (2,04m) fait d&rsquo;abord d\u00e9jouer Cannes avec sa puissance au service puis au contre. Un premier set en faveur des Russes, et un second qui s\u2019y dirige tout droit, jusqu\u2019\u00e0 20-20 dans celui-ci. Car apr\u00e8s, mieux que r\u00e9sister, les co\u00e9quipi\u00e8res de <strong>Victoria Ravva<\/strong> &#8211; \u00e9lue meilleure attaquante du Final Four &#8211; prennent l\u2019avantage pour s\u2019imposer au bout du suspense. Un partout, balle au centre, la rencontre est relanc\u00e9e. Apr\u00e8s un troisi\u00e8me set encore plus dingue remport\u00e9 29-27 par les Cannoises, le dernier n\u2019est que formalit\u00e9, enfin au vu des pr\u00e9c\u00e9dents. Une victoire 3 manches \u00e0 1 qui propulse le club de volley f\u00e9minin sur le toit de l\u2019Europe pour la seconde ann\u00e9e cons\u00e9cutive, historique !<\/p>\n<p style=\"text-align: justify;\"><strong>Info :<\/strong> Historique, oui ! Ce jour-l\u00e0 les volleyeuses cannoises sont devenues les seules \u00e0 avoir remport\u00e9 \u00e0 deux reprises la prestigieuse comp\u00e9tition pour la France, hommes et femmes confondus. Et \u00e0 ce jour, c\u2019est toujours le cas. Depuis cette victoire en 2003, la France attend toujours un sacre f\u00e9minin. Du c\u00f4t\u00e9 masculin, on patiente depuis 2005.<\/p>\n<p><em><strong>Sophie Clapier<\/strong><br \/>\n<\/em><a href=\"https:\/\/twitter.com\/soocube\" target=\"_blank\" rel=\"noopener noreferrer\"><img loading=\"lazy\" decoding=\"async\" class=\"alignnone wp-image-2908\" src=\"http:\/\/dicodusport.fr\/blog\/wp-content\/uploads\/2017\/07\/logo-twitter-150x150.png\" alt=\"\" width=\"39\" height=\"39\" \/><\/a><a href=\"https:\/\/www.facebook.com\/soocube\" target=\"_blank\" rel=\"noopener noreferrer\"><img loading=\"lazy\" decoding=\"async\" class=\"alignnone wp-image-2909\" src=\"http:\/\/dicodusport.fr\/blog\/wp-content\/uploads\/2017\/07\/logo-facebook-150x150.png\" alt=\"\" width=\"40\" height=\"40\" \/><\/a><\/p>\n","protected":false},"excerpt":{"rendered":"<p>Le 16 mars 2003, les volleyeuses du RC Cannes remportaient leur seconde Ligue des champions. Retour sur la finale contre Ekaterinbourg.<\/p>\n","protected":false},"author":18,"featured_media":114129,"comment_status":"open","ping_status":"closed","sticky":false,"template":"","format":"standard","meta":{"_acf_changed":false,"_daextam_enable_autolinks":"","footnotes":""},"categories":[8,8369],"tags":[419,15209,1398,400],"class_list":["post-113895","post","type-post","status-publish","format-standard","has-post-thumbnail","hentry","category-histoire","category-volley-ball","tag-ligue-des-champions","tag-rc-cannes","tag-sport-feminin","tag-volley-ball"],"acf":[],"yoast_head":"<!-- This site is optimized with the Yoast SEO Premium plugin v26.7 (Yoast SEO v26.7) - https:\/\/yoast.com\/wordpress\/plugins\/seo\/ -->\n<title>16 mars 2003 : Seconde Ligue des Champions de volley pour le RC Cannes<\/title>\n<meta name=\"description\" content=\"Le 16 mars 2003, les volleyeuses du RC Cannes remportaient leur seconde Ligue des champions. Retour sur la finale contre Ekaterinbourg.\" \/>\n<meta name=\"robots\" content=\"index, follow, max-snippet:-1, max-image-preview:large, max-video-preview:-1\" \/>\n<link rel=\"canonical\" href=\"https:\/\/dicodusport.fr\/blog\/16-mars-2003-seconde-ligue-des-champions-volley-pour-cannes\/\" \/>\n<meta property=\"og:locale\" content=\"fr_FR\" \/>\n<meta property=\"og:type\" content=\"article\" \/>\n<meta property=\"og:title\" content=\"16 mars 2003 : Seconde Ligue des champions de volley pour Cannes\" \/>\n<meta property=\"og:description\" content=\"Le 16 mars 2003, les volleyeuses du RC Cannes remportaient leur seconde Ligue des champions. Retour sur la finale contre Ekaterinbourg.\" \/>\n<meta property=\"og:url\" content=\"https:\/\/dicodusport.fr\/blog\/16-mars-2003-seconde-ligue-des-champions-volley-pour-cannes\/\" \/>\n<meta property=\"og:site_name\" content=\"Dicodusport\" \/>\n<meta property=\"article:publisher\" content=\"https:\/\/www.facebook.com\/dicodusport\" \/>\n<meta property=\"article:author\" content=\"https:\/\/www.facebook.com\/soocube\" \/>\n<meta property=\"article:published_time\" content=\"2021-03-16T07:00:29+00:00\" \/>\n<meta property=\"article:modified_time\" content=\"2021-03-16T07:35:25+00:00\" \/>\n<meta property=\"og:image\" content=\"https:\/\/dicodusport.fr\/blog\/wp-content\/uploads\/2021\/03\/16-mars-2003-Seconde-Ligue-des-Champions-de-volley-pour-le-RC-Cannes.png\" \/>\n\t<meta property=\"og:image:width\" content=\"800\" \/>\n\t<meta property=\"og:image:height\" content=\"445\" \/>\n\t<meta property=\"og:image:type\" content=\"image\/png\" \/>\n<meta name=\"author\" content=\"Sophie Clapier\" \/>\n<meta name=\"twitter:card\" content=\"summary_large_image\" \/>\n<meta name=\"twitter:title\" content=\"16 mars 2003 : Seconde Ligue des champions de volley pour Cannes\" \/>\n<meta name=\"twitter:creator\" content=\"@https:\/\/twitter.com\/soocube\" \/>\n<meta name=\"twitter:site\" content=\"@dicodusport\" \/>\n<script type=\"application\/ld+json\" class=\"yoast-schema-graph\">{\"@context\":\"https:\/\/schema.org\",\"@graph\":[{\"@type\":\"NewsArticle\",\"@id\":\"https:\/\/dicodusport.fr\/blog\/16-mars-2003-seconde-ligue-des-champions-volley-pour-cannes\/#article\",\"isPartOf\":{\"@id\":\"https:\/\/dicodusport.fr\/blog\/16-mars-2003-seconde-ligue-des-champions-volley-pour-cannes\/\"},\"author\":{\"name\":\"Sophie Clapier\",\"@id\":\"https:\/\/dicodusport.fr\/blog\/#\/schema\/person\/416c975648aca9da8839bdfe333a21c9\"},\"headline\":\"16 mars 2003 : Seconde Ligue des Champions de volley pour le RC Cannes\",\"datePublished\":\"2021-03-16T07:00:29+00:00\",\"dateModified\":\"2021-03-16T07:35:25+00:00\",\"mainEntityOfPage\":{\"@id\":\"https:\/\/dicodusport.fr\/blog\/16-mars-2003-seconde-ligue-des-champions-volley-pour-cannes\/\"},\"wordCount\":308,\"commentCount\":0,\"publisher\":{\"@id\":\"https:\/\/dicodusport.fr\/blog\/#organization\"},\"image\":{\"@id\":\"https:\/\/dicodusport.fr\/blog\/16-mars-2003-seconde-ligue-des-champions-volley-pour-cannes\/#primaryimage\"},\"thumbnailUrl\":\"https:\/\/dicodusport.fr\/blog\/wp-content\/uploads\/2021\/03\/16-mars-2003-Seconde-Ligue-des-Champions-de-volley-pour-le-RC-Cannes.png\",\"keywords\":[\"Ligue des champions\",\"RC Cannes\",\"sport f\u00e9minin\",\"Volley-Ball\"],\"articleSection\":[\"Histoire\",\"Volley-Ball\"],\"inLanguage\":\"fr-FR\",\"potentialAction\":[{\"@type\":\"CommentAction\",\"name\":\"Comment\",\"target\":[\"https:\/\/dicodusport.fr\/blog\/16-mars-2003-seconde-ligue-des-champions-volley-pour-cannes\/#respond\"]}],\"copyrightYear\":\"2021\",\"copyrightHolder\":{\"@id\":\"https:\/\/dicodusport.fr\/blog\/#organization\"}},{\"@type\":\"WebPage\",\"@id\":\"https:\/\/dicodusport.fr\/blog\/16-mars-2003-seconde-ligue-des-champions-volley-pour-cannes\/\",\"url\":\"https:\/\/dicodusport.fr\/blog\/16-mars-2003-seconde-ligue-des-champions-volley-pour-cannes\/\",\"name\":\"16 mars 2003 : Seconde Ligue des Champions de volley pour le RC Cannes\",\"isPartOf\":{\"@id\":\"https:\/\/dicodusport.fr\/blog\/#website\"},\"primaryImageOfPage\":{\"@id\":\"https:\/\/dicodusport.fr\/blog\/16-mars-2003-seconde-ligue-des-champions-volley-pour-cannes\/#primaryimage\"},\"image\":{\"@id\":\"https:\/\/dicodusport.fr\/blog\/16-mars-2003-seconde-ligue-des-champions-volley-pour-cannes\/#primaryimage\"},\"thumbnailUrl\":\"https:\/\/dicodusport.fr\/blog\/wp-content\/uploads\/2021\/03\/16-mars-2003-Seconde-Ligue-des-Champions-de-volley-pour-le-RC-Cannes.png\",\"datePublished\":\"2021-03-16T07:00:29+00:00\",\"dateModified\":\"2021-03-16T07:35:25+00:00\",\"description\":\"Le 16 mars 2003, les volleyeuses du RC Cannes remportaient leur seconde Ligue des champions. Retour sur la finale contre Ekaterinbourg.\",\"breadcrumb\":{\"@id\":\"https:\/\/dicodusport.fr\/blog\/16-mars-2003-seconde-ligue-des-champions-volley-pour-cannes\/#breadcrumb\"},\"inLanguage\":\"fr-FR\",\"potentialAction\":[{\"@type\":\"ReadAction\",\"target\":[\"https:\/\/dicodusport.fr\/blog\/16-mars-2003-seconde-ligue-des-champions-volley-pour-cannes\/\"]}]},{\"@type\":\"ImageObject\",\"inLanguage\":\"fr-FR\",\"@id\":\"https:\/\/dicodusport.fr\/blog\/16-mars-2003-seconde-ligue-des-champions-volley-pour-cannes\/#primaryimage\",\"url\":\"https:\/\/dicodusport.fr\/blog\/wp-content\/uploads\/2021\/03\/16-mars-2003-Seconde-Ligue-des-Champions-de-volley-pour-le-RC-Cannes.png\",\"contentUrl\":\"https:\/\/dicodusport.fr\/blog\/wp-content\/uploads\/2021\/03\/16-mars-2003-Seconde-Ligue-des-Champions-de-volley-pour-le-RC-Cannes.png\",\"width\":800,\"height\":445,\"caption\":\"16 mars 2003 : Seconde Ligue des Champions de volley pour le RC Cannes\"},{\"@type\":\"BreadcrumbList\",\"@id\":\"https:\/\/dicodusport.fr\/blog\/16-mars-2003-seconde-ligue-des-champions-volley-pour-cannes\/#breadcrumb\",\"itemListElement\":[{\"@type\":\"ListItem\",\"position\":1,\"name\":\"Accueil\",\"item\":\"https:\/\/dicodusport.fr\/blog\/\"},{\"@type\":\"ListItem\",\"position\":2,\"name\":\"16 mars 2003 : Seconde Ligue des Champions de volley pour le RC Cannes\"}]},{\"@type\":\"WebSite\",\"@id\":\"https:\/\/dicodusport.fr\/blog\/#website\",\"url\":\"https:\/\/dicodusport.fr\/blog\/\",\"name\":\"Dicodusport\",\"description\":\"L&#039;encyclop\u00e9die de l&#039;actualit\u00e9 sportive\",\"publisher\":{\"@id\":\"https:\/\/dicodusport.fr\/blog\/#organization\"},\"potentialAction\":[{\"@type\":\"SearchAction\",\"target\":{\"@type\":\"EntryPoint\",\"urlTemplate\":\"https:\/\/dicodusport.fr\/blog\/?s={search_term_string}\"},\"query-input\":{\"@type\":\"PropertyValueSpecification\",\"valueRequired\":true,\"valueName\":\"search_term_string\"}}],\"inLanguage\":\"fr-FR\"},{\"@type\":\"NewsMediaOrganization\",\"@id\":\"https:\/\/dicodusport.fr\/blog\/#organization\",\"name\":\"Dicodusport\",\"url\":\"https:\/\/dicodusport.fr\/blog\/\",\"logo\":{\"@type\":\"ImageObject\",\"inLanguage\":\"fr-FR\",\"@id\":\"https:\/\/dicodusport.fr\/blog\/#\/schema\/logo\/image\/\",\"url\":\"https:\/\/dicodusport.fr\/blog\/wp-content\/uploads\/2020\/06\/cropped-LOGO-DICODUSPORT-2020-SANS-FOND-SANS-TEXTE.png\",\"contentUrl\":\"https:\/\/dicodusport.fr\/blog\/wp-content\/uploads\/2020\/06\/cropped-LOGO-DICODUSPORT-2020-SANS-FOND-SANS-TEXTE.png\",\"width\":512,\"height\":512,\"caption\":\"Dicodusport\"},\"image\":{\"@id\":\"https:\/\/dicodusport.fr\/blog\/#\/schema\/logo\/image\/\"},\"sameAs\":[\"https:\/\/www.facebook.com\/dicodusport\",\"https:\/\/x.com\/dicodusport\",\"https:\/\/www.instagram.com\/dicodusport\/\",\"https:\/\/www.youtube.com\/channel\/UC7V2KZ5sd3htJivAbA4ZG3w\"],\"description\":\"Dicodusport est l'encyclop\u00e9die de l'actualit\u00e9 sportive.\",\"email\":\"bonjour@dicodusport.fr\",\"legalName\":\"DICODUSPORT\",\"foundingDate\":\"2018-01-14\",\"vatID\":\"FR71834470973\",\"taxID\":\"83447097300043\",\"numberOfEmployees\":{\"@type\":\"QuantitativeValue\",\"minValue\":\"1\",\"maxValue\":\"10\"}},{\"@type\":\"Person\",\"@id\":\"https:\/\/dicodusport.fr\/blog\/#\/schema\/person\/416c975648aca9da8839bdfe333a21c9\",\"name\":\"Sophie Clapier\",\"image\":{\"@type\":\"ImageObject\",\"inLanguage\":\"fr-FR\",\"@id\":\"https:\/\/dicodusport.fr\/blog\/#\/schema\/person\/image\/\",\"url\":\"https:\/\/dicodusport.fr\/blog\/wp-content\/uploads\/2021\/05\/Sophie-Clapier-150x150.jpg\",\"contentUrl\":\"https:\/\/dicodusport.fr\/blog\/wp-content\/uploads\/2021\/05\/Sophie-Clapier-150x150.jpg\",\"caption\":\"Sophie Clapier\"},\"description\":\"Journaliste\/r\u00e9dactrice depuis janvier 2016 - Passionn\u00e9e de sport depuis toujours, j\u2019en ai pratiqu\u00e9 quelques-uns. Judo, football, handball ou encore tennis, je n\u2019ai jamais pu me mettre d\u2019accord sur un en particulier. Mais \u00e7a, c\u2019\u00e9tait avant de d\u00e9couvrir le basket, devenu mon sport de pr\u00e9dilection. Les actions NBA, le All-Star Week-end, la fureur des Game 7 pendant les playoffs ou mieux, lors des Finals, this is why we play. Team Spurs T.P, je m\u2019accroche encore \u00e0 Gregg Popovich (don\u2019t leave !). Team chef Curry, je souhaite qu\u2019il finisse aux Warriors (staaaay !). Non, il n\u2019y a pas qu\u2019eux, des petits nouveaux -et des petites nouvelles \u00e9videmment- arrivent chaque jour dans toutes les disciplines et cr\u00e9ent de nouveaux exploits. Alors pour les grands \u00e9v\u00e9nements et comp\u00e9titions internationales, vive les pulsations 240\/minutes et le d\u00e9fibrillateur pas loin, et allez les Bleu(e)s ! C\u2019est s\u00fbr, j\u2019aurai plus vu ma vie sur un terrain de sport, mais \u00e0 d\u00e9faut d\u2019en faire en haut niveau, je le partage avec vous.\",\"sameAs\":[\"https:\/\/www.facebook.com\/soocube\",\"https:\/\/x.com\/https:\/\/twitter.com\/soocube\",\"admin\"],\"url\":\"https:\/\/dicodusport.fr\/blog\/author\/sophie\/\"}]}<\/script>\n<!-- \/ Yoast SEO Premium plugin. -->","yoast_head_json":{"title":"16 mars 2003 : Seconde Ligue des Champions de volley pour le RC Cannes","description":"Le 16 mars 2003, les volleyeuses du RC Cannes remportaient leur seconde Ligue des champions. Retour sur la finale contre Ekaterinbourg.","robots":{"index":"index","follow":"follow","max-snippet":"max-snippet:-1","max-image-preview":"max-image-preview:large","max-video-preview":"max-video-preview:-1"},"canonical":"https:\/\/dicodusport.fr\/blog\/16-mars-2003-seconde-ligue-des-champions-volley-pour-cannes\/","og_locale":"fr_FR","og_type":"article","og_title":"16 mars 2003 : Seconde Ligue des champions de volley pour Cannes","og_description":"Le 16 mars 2003, les volleyeuses du RC Cannes remportaient leur seconde Ligue des champions. Retour sur la finale contre Ekaterinbourg.","og_url":"https:\/\/dicodusport.fr\/blog\/16-mars-2003-seconde-ligue-des-champions-volley-pour-cannes\/","og_site_name":"Dicodusport","article_publisher":"https:\/\/www.facebook.com\/dicodusport","article_author":"https:\/\/www.facebook.com\/soocube","article_published_time":"2021-03-16T07:00:29+00:00","article_modified_time":"2021-03-16T07:35:25+00:00","og_image":[{"width":800,"height":445,"url":"https:\/\/dicodusport.fr\/blog\/wp-content\/uploads\/2021\/03\/16-mars-2003-Seconde-Ligue-des-Champions-de-volley-pour-le-RC-Cannes.png","type":"image\/png"}],"author":"Sophie Clapier","twitter_card":"summary_large_image","twitter_title":"16 mars 2003 : Seconde Ligue des champions de volley pour Cannes","twitter_creator":"@https:\/\/twitter.com\/soocube","twitter_site":"@dicodusport","schema":{"@context":"https:\/\/schema.org","@graph":[{"@type":"NewsArticle","@id":"https:\/\/dicodusport.fr\/blog\/16-mars-2003-seconde-ligue-des-champions-volley-pour-cannes\/#article","isPartOf":{"@id":"https:\/\/dicodusport.fr\/blog\/16-mars-2003-seconde-ligue-des-champions-volley-pour-cannes\/"},"author":{"name":"Sophie Clapier","@id":"https:\/\/dicodusport.fr\/blog\/#\/schema\/person\/416c975648aca9da8839bdfe333a21c9"},"headline":"16 mars 2003 : Seconde Ligue des Champions de volley pour le RC Cannes","datePublished":"2021-03-16T07:00:29+00:00","dateModified":"2021-03-16T07:35:25+00:00","mainEntityOfPage":{"@id":"https:\/\/dicodusport.fr\/blog\/16-mars-2003-seconde-ligue-des-champions-volley-pour-cannes\/"},"wordCount":308,"commentCount":0,"publisher":{"@id":"https:\/\/dicodusport.fr\/blog\/#organization"},"image":{"@id":"https:\/\/dicodusport.fr\/blog\/16-mars-2003-seconde-ligue-des-champions-volley-pour-cannes\/#primaryimage"},"thumbnailUrl":"https:\/\/dicodusport.fr\/blog\/wp-content\/uploads\/2021\/03\/16-mars-2003-Seconde-Ligue-des-Champions-de-volley-pour-le-RC-Cannes.png","keywords":["Ligue des champions","RC Cannes","sport f\u00e9minin","Volley-Ball"],"articleSection":["Histoire","Volley-Ball"],"inLanguage":"fr-FR","potentialAction":[{"@type":"CommentAction","name":"Comment","target":["https:\/\/dicodusport.fr\/blog\/16-mars-2003-seconde-ligue-des-champions-volley-pour-cannes\/#respond"]}],"copyrightYear":"2021","copyrightHolder":{"@id":"https:\/\/dicodusport.fr\/blog\/#organization"}},{"@type":"WebPage","@id":"https:\/\/dicodusport.fr\/blog\/16-mars-2003-seconde-ligue-des-champions-volley-pour-cannes\/","url":"https:\/\/dicodusport.fr\/blog\/16-mars-2003-seconde-ligue-des-champions-volley-pour-cannes\/","name":"16 mars 2003 : Seconde Ligue des Champions de volley pour le RC Cannes","isPartOf":{"@id":"https:\/\/dicodusport.fr\/blog\/#website"},"primaryImageOfPage":{"@id":"https:\/\/dicodusport.fr\/blog\/16-mars-2003-seconde-ligue-des-champions-volley-pour-cannes\/#primaryimage"},"image":{"@id":"https:\/\/dicodusport.fr\/blog\/16-mars-2003-seconde-ligue-des-champions-volley-pour-cannes\/#primaryimage"},"thumbnailUrl":"https:\/\/dicodusport.fr\/blog\/wp-content\/uploads\/2021\/03\/16-mars-2003-Seconde-Ligue-des-Champions-de-volley-pour-le-RC-Cannes.png","datePublished":"2021-03-16T07:00:29+00:00","dateModified":"2021-03-16T07:35:25+00:00","description":"Le 16 mars 2003, les volleyeuses du RC Cannes remportaient leur seconde Ligue des champions. Retour sur la finale contre Ekaterinbourg.","breadcrumb":{"@id":"https:\/\/dicodusport.fr\/blog\/16-mars-2003-seconde-ligue-des-champions-volley-pour-cannes\/#breadcrumb"},"inLanguage":"fr-FR","potentialAction":[{"@type":"ReadAction","target":["https:\/\/dicodusport.fr\/blog\/16-mars-2003-seconde-ligue-des-champions-volley-pour-cannes\/"]}]},{"@type":"ImageObject","inLanguage":"fr-FR","@id":"https:\/\/dicodusport.fr\/blog\/16-mars-2003-seconde-ligue-des-champions-volley-pour-cannes\/#primaryimage","url":"https:\/\/dicodusport.fr\/blog\/wp-content\/uploads\/2021\/03\/16-mars-2003-Seconde-Ligue-des-Champions-de-volley-pour-le-RC-Cannes.png","contentUrl":"https:\/\/dicodusport.fr\/blog\/wp-content\/uploads\/2021\/03\/16-mars-2003-Seconde-Ligue-des-Champions-de-volley-pour-le-RC-Cannes.png","width":800,"height":445,"caption":"16 mars 2003 : Seconde Ligue des Champions de volley pour le RC Cannes"},{"@type":"BreadcrumbList","@id":"https:\/\/dicodusport.fr\/blog\/16-mars-2003-seconde-ligue-des-champions-volley-pour-cannes\/#breadcrumb","itemListElement":[{"@type":"ListItem","position":1,"name":"Accueil","item":"https:\/\/dicodusport.fr\/blog\/"},{"@type":"ListItem","position":2,"name":"16 mars 2003 : Seconde Ligue des Champions de volley pour le RC Cannes"}]},{"@type":"WebSite","@id":"https:\/\/dicodusport.fr\/blog\/#website","url":"https:\/\/dicodusport.fr\/blog\/","name":"Dicodusport","description":"L&#039;encyclop\u00e9die de l&#039;actualit\u00e9 sportive","publisher":{"@id":"https:\/\/dicodusport.fr\/blog\/#organization"},"potentialAction":[{"@type":"SearchAction","target":{"@type":"EntryPoint","urlTemplate":"https:\/\/dicodusport.fr\/blog\/?s={search_term_string}"},"query-input":{"@type":"PropertyValueSpecification","valueRequired":true,"valueName":"search_term_string"}}],"inLanguage":"fr-FR"},{"@type":"NewsMediaOrganization","@id":"https:\/\/dicodusport.fr\/blog\/#organization","name":"Dicodusport","url":"https:\/\/dicodusport.fr\/blog\/","logo":{"@type":"ImageObject","inLanguage":"fr-FR","@id":"https:\/\/dicodusport.fr\/blog\/#\/schema\/logo\/image\/","url":"https:\/\/dicodusport.fr\/blog\/wp-content\/uploads\/2020\/06\/cropped-LOGO-DICODUSPORT-2020-SANS-FOND-SANS-TEXTE.png","contentUrl":"https:\/\/dicodusport.fr\/blog\/wp-content\/uploads\/2020\/06\/cropped-LOGO-DICODUSPORT-2020-SANS-FOND-SANS-TEXTE.png","width":512,"height":512,"caption":"Dicodusport"},"image":{"@id":"https:\/\/dicodusport.fr\/blog\/#\/schema\/logo\/image\/"},"sameAs":["https:\/\/www.facebook.com\/dicodusport","https:\/\/x.com\/dicodusport","https:\/\/www.instagram.com\/dicodusport\/","https:\/\/www.youtube.com\/channel\/UC7V2KZ5sd3htJivAbA4ZG3w"],"description":"Dicodusport est l'encyclop\u00e9die de l'actualit\u00e9 sportive.","email":"bonjour@dicodusport.fr","legalName":"DICODUSPORT","foundingDate":"2018-01-14","vatID":"FR71834470973","taxID":"83447097300043","numberOfEmployees":{"@type":"QuantitativeValue","minValue":"1","maxValue":"10"}},{"@type":"Person","@id":"https:\/\/dicodusport.fr\/blog\/#\/schema\/person\/416c975648aca9da8839bdfe333a21c9","name":"Sophie Clapier","image":{"@type":"ImageObject","inLanguage":"fr-FR","@id":"https:\/\/dicodusport.fr\/blog\/#\/schema\/person\/image\/","url":"https:\/\/dicodusport.fr\/blog\/wp-content\/uploads\/2021\/05\/Sophie-Clapier-150x150.jpg","contentUrl":"https:\/\/dicodusport.fr\/blog\/wp-content\/uploads\/2021\/05\/Sophie-Clapier-150x150.jpg","caption":"Sophie Clapier"},"description":"Journaliste\/r\u00e9dactrice depuis janvier 2016 - Passionn\u00e9e de sport depuis toujours, j\u2019en ai pratiqu\u00e9 quelques-uns. Judo, football, handball ou encore tennis, je n\u2019ai jamais pu me mettre d\u2019accord sur un en particulier. Mais \u00e7a, c\u2019\u00e9tait avant de d\u00e9couvrir le basket, devenu mon sport de pr\u00e9dilection. Les actions NBA, le All-Star Week-end, la fureur des Game 7 pendant les playoffs ou mieux, lors des Finals, this is why we play. Team Spurs T.P, je m\u2019accroche encore \u00e0 Gregg Popovich (don\u2019t leave !). Team chef Curry, je souhaite qu\u2019il finisse aux Warriors (staaaay !). Non, il n\u2019y a pas qu\u2019eux, des petits nouveaux -et des petites nouvelles \u00e9videmment- arrivent chaque jour dans toutes les disciplines et cr\u00e9ent de nouveaux exploits. Alors pour les grands \u00e9v\u00e9nements et comp\u00e9titions internationales, vive les pulsations 240\/minutes et le d\u00e9fibrillateur pas loin, et allez les Bleu(e)s ! C\u2019est s\u00fbr, j\u2019aurai plus vu ma vie sur un terrain de sport, mais \u00e0 d\u00e9faut d\u2019en faire en haut niveau, je le partage avec vous.","sameAs":["https:\/\/www.facebook.com\/soocube","https:\/\/x.com\/https:\/\/twitter.com\/soocube","admin"],"url":"https:\/\/dicodusport.fr\/blog\/author\/sophie\/"}]}},"_links":{"self":[{"href":"https:\/\/dicodusport.fr\/blog\/wp-json\/wp\/v2\/posts\/113895","targetHints":{"allow":["GET"]}}],"collection":[{"href":"https:\/\/dicodusport.fr\/blog\/wp-json\/wp\/v2\/posts"}],"about":[{"href":"https:\/\/dicodusport.fr\/blog\/wp-json\/wp\/v2\/types\/post"}],"author":[{"embeddable":true,"href":"https:\/\/dicodusport.fr\/blog\/wp-json\/wp\/v2\/users\/18"}],"replies":[{"embeddable":true,"href":"https:\/\/dicodusport.fr\/blog\/wp-json\/wp\/v2\/comments?post=113895"}],"version-history":[{"count":0,"href":"https:\/\/dicodusport.fr\/blog\/wp-json\/wp\/v2\/posts\/113895\/revisions"}],"wp:featuredmedia":[{"embeddable":true,"href":"https:\/\/dicodusport.fr\/blog\/wp-json\/wp\/v2\/media\/114129"}],"wp:attachment":[{"href":"https:\/\/dicodusport.fr\/blog\/wp-json\/wp\/v2\/media?parent=113895"}],"wp:term":[{"taxonomy":"category","embeddable":true,"href":"https:\/\/dicodusport.fr\/blog\/wp-json\/wp\/v2\/categories?post=113895"},{"taxonomy":"post_tag","embeddable":true,"href":"https:\/\/dicodusport.fr\/blog\/wp-json\/wp\/v2\/tags?post=113895"}],"curies":[{"name":"wp","href":"https:\/\/api.w.org\/{rel}","templated":true}]}}