{"id":114032,"date":"2021-03-15T15:11:49","date_gmt":"2021-03-15T14:11:49","guid":{"rendered":"https:\/\/dicodusport.fr\/blog\/?p=114032&#038;preview=true&#038;preview_id=114032"},"modified":"2021-03-17T21:26:47","modified_gmt":"2021-03-17T20:26:47","slug":"coupe-du-monde-2020-selection-francaise-avec-eric-perrot-a-ostersund","status":"publish","type":"post","link":"https:\/\/dicodusport.fr\/blog\/coupe-du-monde-2020-selection-francaise-avec-eric-perrot-a-ostersund\/","title":{"rendered":"Coupe du monde de biathlon : la s\u00e9lection fran\u00e7aise avec \u00c9ric Perrot \u00e0 Ostersund"},"content":{"rendered":"<p style=\"text-align: justify;\"><strong><em><a href=\"https:\/\/dicodusport.fr\/blog\/biathlon-coupe-du-monde-2020-2021-calendrier-complet\/\" target=\"_blank\" rel=\"noopener noreferrer\">COUPE DU MONDE DE BIATHLON 2020-2021<\/a> &#8211; La F\u00e9d\u00e9ration Fran\u00e7aise de Ski a d\u00e9voil\u00e9 la composition de l&rsquo;\u00e9quipe de France pour les finales d&rsquo;Ostersund (Su\u00e8de), qui se d\u00e9roulent du 18 au 21 mars.<\/em><\/strong><\/p>\n<p style=\"text-align: justify;\">Apr\u00e8s la fin de l&rsquo;IBU Cup, les s\u00e9lections nationales ont l&rsquo;opportunit\u00e9 de faire monter des biathl\u00e8tes suppl\u00e9mentaires en Coupe du monde. Et cette semaine, \u00e0 Ostersund (Su\u00e8de), le Savoyard <a href=\"https:\/\/dicodusport.fr\/blog\/eric-perrot-la-folle-ascension-de-la-pepite-du-biathlon-francais\/\" target=\"_blank\" rel=\"noopener\"><strong>\u00c9ric Perrot<\/strong><\/a>, 19 ans, a \u00e9t\u00e9 appel\u00e9 pour effectuer ses grands d\u00e9buts sur le circuit principal. Apr\u00e8s\u00a0<strong>Martin Perrillat Bottonet<\/strong>,\u00a0<strong>Oscar Lombardot<\/strong>,\u00a0<strong>\u00c9milien Claude<\/strong>\u00a0et\u00a0<strong>Lou Jeanmonnot<\/strong>, Perrot, vice-champion du monde juniors de la poursuite derri\u00e8re \u00c9milien Claude, est le 5\u00e8me biathl\u00e8te tricolore \u00e0 int\u00e9grer pour la premi\u00e8re fois l&rsquo;\u00e9quipe de France A cette saison.<\/p>\n<h2 style=\"text-align: justify;\">Dames<\/h2>\n<p style=\"text-align: justify;\">Justine Braisaz-Bouchet<br \/>\nJulia Simon<br \/>\nAna\u00efs Chevalier-Bouchet<br \/>\nAna\u00efs Bescond<br \/>\nChlo\u00e9 Chevalier<br \/>\nLou Jeanmonnot<\/p>\n<h2 style=\"text-align: justify;\">Hommes<\/h2>\n<p style=\"text-align: justify;\">\u00c9milien Jacquelin<br \/>\nQuentin Fillon Maillet<br \/>\nAntonin Guigonnat<br \/>\nSimon Desthieux<br \/>\nFabien Claude<br \/>\n\u00c9milien Claude<br \/>\n\u00c9ric Perrot<\/p>\n<blockquote class=\"twitter-tweet\">\n<p dir=\"ltr\" lang=\"fr\">&#x1f534; Ostersund \u2013 La s\u00e9lection fran\u00e7aise, \u00c9ric Perrot dans le groupe &#x1f1eb;&#x1f1f7;<\/p>\n<p>Treize biathl\u00e8tes tricolores sont du voyage pour Ostersund et notamment \u00c9ric Perrot qui conna\u00eetra sa premi\u00e8re s\u00e9lection en Coupe du Monde vendredi. D\u00e9couvrez la s\u00e9lection fran\u00e7aise.<a href=\"https:\/\/t.co\/jfugN1FfW9\">https:\/\/t.co\/jfugN1FfW9<\/a><\/p>\n<p>\u2014 Biathlon Live (@BiathlonLivefr) <a href=\"https:\/\/twitter.com\/BiathlonLivefr\/status\/1371456810469752833?ref_src=twsrc%5Etfw\">March 15, 2021<\/a><\/p><\/blockquote>\n<p><script async src=\"https:\/\/platform.twitter.com\/widgets.js\" charset=\"utf-8\"><\/script><\/p>\n<p><strong><em>Dicodusport<br \/>\n<a href=\"https:\/\/www.facebook.com\/dicodusport\/\" target=\"_blank\" rel=\"noopener noreferrer\"><img loading=\"lazy\" decoding=\"async\" class=\"alignnone wp-image-2909\" src=\"http:\/\/dicodusport.fr\/blog\/wp-content\/uploads\/2017\/07\/logo-facebook-150x150.png\" alt=\"\" width=\"40\" height=\"40\" \/><\/a><a href=\"https:\/\/twitter.com\/dicodusport\" target=\"_blank\" rel=\"noopener noreferrer\"><img loading=\"lazy\" decoding=\"async\" class=\"alignnone wp-image-2908\" src=\"http:\/\/dicodusport.fr\/blog\/wp-content\/uploads\/2017\/07\/logo-twitter-150x150.png\" alt=\"\" width=\"39\" height=\"39\" \/><\/a><\/em><\/strong><\/p>\n","protected":false},"excerpt":{"rendered":"<p>COUPE DU MONDE DE BIATHLON 2020-2021 &#8211; La F\u00e9d\u00e9ration Fran\u00e7aise de Ski a d\u00e9voil\u00e9 la composition de l&rsquo;\u00e9quipe de France pour les finales d&rsquo;Ostersund (Su\u00e8de), qui se d\u00e9roulent du 18 au 21 mars.<\/p>\n","protected":false},"author":4,"featured_media":114033,"comment_status":"open","ping_status":"closed","sticky":false,"template":"","format":"standard","meta":{"_acf_changed":false,"_daextam_enable_autolinks":"","footnotes":""},"categories":[47040],"tags":[15220,2865,9258],"class_list":["post-114032","post","type-post","status-publish","format-standard","has-post-thumbnail","hentry","category-coupe-du-monde-de-biathlon","tag-biathlon-ostersund","tag-equipe-de-france-de-biathlon","tag-ostersund"],"acf":[],"yoast_head":"<!-- This site is optimized with the Yoast SEO Premium plugin v26.7 (Yoast SEO v26.7) - https:\/\/yoast.com\/wordpress\/plugins\/seo\/ -->\n<title>Coupe du monde de biathlon : la s\u00e9lection fran\u00e7aise avec \u00c9ric Perrot \u00e0 Ostersund<\/title>\n<meta name=\"description\" content=\"COUPE DU MONDE DE BIATHLON 2020-2021 - D\u00e9couvrez la composition de l&#039;\u00e9quipe de France pour les finales d&#039;Ostersund, qui se d\u00e9roulent du 18 au 21 mars.\" \/>\n<meta name=\"robots\" content=\"index, follow, max-snippet:-1, max-image-preview:large, max-video-preview:-1\" \/>\n<link rel=\"canonical\" href=\"https:\/\/dicodusport.fr\/blog\/coupe-du-monde-2020-selection-francaise-avec-eric-perrot-a-ostersund\/\" \/>\n<meta property=\"og:locale\" content=\"fr_FR\" \/>\n<meta property=\"og:type\" content=\"article\" \/>\n<meta property=\"og:title\" content=\"Coupe du monde de biathlon : la s\u00e9lection fran\u00e7aise avec \u00c9ric Perrot \u00e0 Ostersund\" \/>\n<meta property=\"og:description\" content=\"COUPE DU MONDE DE BIATHLON 2020-2021 - D\u00e9couvrez la composition de l&#039;\u00e9quipe de France pour les finales d&#039;Ostersund, qui se d\u00e9roulent du 18 au 21 mars.\" \/>\n<meta property=\"og:url\" content=\"https:\/\/dicodusport.fr\/blog\/coupe-du-monde-2020-selection-francaise-avec-eric-perrot-a-ostersund\/\" \/>\n<meta property=\"og:site_name\" content=\"Dicodusport\" \/>\n<meta property=\"article:publisher\" content=\"https:\/\/www.facebook.com\/dicodusport\" \/>\n<meta property=\"article:author\" content=\"https:\/\/www.facebook.com\/florent.ostermann\" \/>\n<meta property=\"article:published_time\" content=\"2021-03-15T14:11:49+00:00\" \/>\n<meta property=\"article:modified_time\" content=\"2021-03-17T20:26:47+00:00\" \/>\n<meta property=\"og:image\" content=\"https:\/\/dicodusport.fr\/blog\/wp-content\/uploads\/2021\/03\/Coupe-du-monde-de-biathlon-La-selection-francaise-avec-Eric-Perrot-a-Ostersund.png\" \/>\n\t<meta property=\"og:image:width\" content=\"800\" \/>\n\t<meta property=\"og:image:height\" content=\"445\" \/>\n\t<meta property=\"og:image:type\" content=\"image\/png\" \/>\n<meta name=\"author\" content=\"Flo Ostermann\" \/>\n<meta name=\"twitter:card\" content=\"summary_large_image\" \/>\n<meta name=\"twitter:title\" content=\"Coupe du monde de biathlon : la s\u00e9lection fran\u00e7aise avec \u00c9ric Perrot \u00e0 Ostersund\" \/>\n<meta name=\"twitter:creator\" content=\"@https:\/\/twitter.com\/FlOstermann\" \/>\n<meta name=\"twitter:site\" content=\"@dicodusport\" \/>\n<script type=\"application\/ld+json\" class=\"yoast-schema-graph\">{\"@context\":\"https:\/\/schema.org\",\"@graph\":[{\"@type\":\"NewsArticle\",\"@id\":\"https:\/\/dicodusport.fr\/blog\/coupe-du-monde-2020-selection-francaise-avec-eric-perrot-a-ostersund\/#article\",\"isPartOf\":{\"@id\":\"https:\/\/dicodusport.fr\/blog\/coupe-du-monde-2020-selection-francaise-avec-eric-perrot-a-ostersund\/\"},\"author\":{\"name\":\"Flo Ostermann\",\"@id\":\"https:\/\/dicodusport.fr\/blog\/#\/schema\/person\/cb02af4c173ce4a653b55e9baf388d4a\"},\"headline\":\"Coupe du monde de biathlon : la s\u00e9lection fran\u00e7aise avec \u00c9ric Perrot \u00e0 Ostersund\",\"datePublished\":\"2021-03-15T14:11:49+00:00\",\"dateModified\":\"2021-03-17T20:26:47+00:00\",\"mainEntityOfPage\":{\"@id\":\"https:\/\/dicodusport.fr\/blog\/coupe-du-monde-2020-selection-francaise-avec-eric-perrot-a-ostersund\/\"},\"wordCount\":241,\"commentCount\":0,\"publisher\":{\"@id\":\"https:\/\/dicodusport.fr\/blog\/#organization\"},\"image\":{\"@id\":\"https:\/\/dicodusport.fr\/blog\/coupe-du-monde-2020-selection-francaise-avec-eric-perrot-a-ostersund\/#primaryimage\"},\"thumbnailUrl\":\"https:\/\/dicodusport.fr\/blog\/wp-content\/uploads\/2021\/03\/Coupe-du-monde-de-biathlon-La-selection-francaise-avec-Eric-Perrot-a-Ostersund.png\",\"keywords\":[\"Biathlon Ostersund\",\"Equipe de France de Biathlon\",\"Ostersund\"],\"articleSection\":[\"Coupe du monde de biathlon\"],\"inLanguage\":\"fr-FR\",\"potentialAction\":[{\"@type\":\"CommentAction\",\"name\":\"Comment\",\"target\":[\"https:\/\/dicodusport.fr\/blog\/coupe-du-monde-2020-selection-francaise-avec-eric-perrot-a-ostersund\/#respond\"]}],\"copyrightYear\":\"2021\",\"copyrightHolder\":{\"@id\":\"https:\/\/dicodusport.fr\/blog\/#organization\"}},{\"@type\":\"WebPage\",\"@id\":\"https:\/\/dicodusport.fr\/blog\/coupe-du-monde-2020-selection-francaise-avec-eric-perrot-a-ostersund\/\",\"url\":\"https:\/\/dicodusport.fr\/blog\/coupe-du-monde-2020-selection-francaise-avec-eric-perrot-a-ostersund\/\",\"name\":\"Coupe du monde de biathlon : la s\u00e9lection fran\u00e7aise avec \u00c9ric Perrot \u00e0 Ostersund\",\"isPartOf\":{\"@id\":\"https:\/\/dicodusport.fr\/blog\/#website\"},\"primaryImageOfPage\":{\"@id\":\"https:\/\/dicodusport.fr\/blog\/coupe-du-monde-2020-selection-francaise-avec-eric-perrot-a-ostersund\/#primaryimage\"},\"image\":{\"@id\":\"https:\/\/dicodusport.fr\/blog\/coupe-du-monde-2020-selection-francaise-avec-eric-perrot-a-ostersund\/#primaryimage\"},\"thumbnailUrl\":\"https:\/\/dicodusport.fr\/blog\/wp-content\/uploads\/2021\/03\/Coupe-du-monde-de-biathlon-La-selection-francaise-avec-Eric-Perrot-a-Ostersund.png\",\"datePublished\":\"2021-03-15T14:11:49+00:00\",\"dateModified\":\"2021-03-17T20:26:47+00:00\",\"description\":\"COUPE DU MONDE DE BIATHLON 2020-2021 - D\u00e9couvrez la composition de l'\u00e9quipe de France pour les finales d'Ostersund, qui se d\u00e9roulent du 18 au 21 mars.\",\"breadcrumb\":{\"@id\":\"https:\/\/dicodusport.fr\/blog\/coupe-du-monde-2020-selection-francaise-avec-eric-perrot-a-ostersund\/#breadcrumb\"},\"inLanguage\":\"fr-FR\",\"potentialAction\":[{\"@type\":\"ReadAction\",\"target\":[\"https:\/\/dicodusport.fr\/blog\/coupe-du-monde-2020-selection-francaise-avec-eric-perrot-a-ostersund\/\"]}]},{\"@type\":\"ImageObject\",\"inLanguage\":\"fr-FR\",\"@id\":\"https:\/\/dicodusport.fr\/blog\/coupe-du-monde-2020-selection-francaise-avec-eric-perrot-a-ostersund\/#primaryimage\",\"url\":\"https:\/\/dicodusport.fr\/blog\/wp-content\/uploads\/2021\/03\/Coupe-du-monde-de-biathlon-La-selection-francaise-avec-Eric-Perrot-a-Ostersund.png\",\"contentUrl\":\"https:\/\/dicodusport.fr\/blog\/wp-content\/uploads\/2021\/03\/Coupe-du-monde-de-biathlon-La-selection-francaise-avec-Eric-Perrot-a-Ostersund.png\",\"width\":800,\"height\":445,\"caption\":\"\u00c9ric Perrot, la folle ascension de la p\u00e9pite du biathlon fran\u00e7ais\"},{\"@type\":\"BreadcrumbList\",\"@id\":\"https:\/\/dicodusport.fr\/blog\/coupe-du-monde-2020-selection-francaise-avec-eric-perrot-a-ostersund\/#breadcrumb\",\"itemListElement\":[{\"@type\":\"ListItem\",\"position\":1,\"name\":\"Accueil\",\"item\":\"https:\/\/dicodusport.fr\/blog\/\"},{\"@type\":\"ListItem\",\"position\":2,\"name\":\"Coupe du monde de biathlon : la s\u00e9lection fran\u00e7aise avec \u00c9ric Perrot \u00e0 Ostersund\"}]},{\"@type\":\"WebSite\",\"@id\":\"https:\/\/dicodusport.fr\/blog\/#website\",\"url\":\"https:\/\/dicodusport.fr\/blog\/\",\"name\":\"Dicodusport\",\"description\":\"L&#039;encyclop\u00e9die de l&#039;actualit\u00e9 sportive\",\"publisher\":{\"@id\":\"https:\/\/dicodusport.fr\/blog\/#organization\"},\"potentialAction\":[{\"@type\":\"SearchAction\",\"target\":{\"@type\":\"EntryPoint\",\"urlTemplate\":\"https:\/\/dicodusport.fr\/blog\/?s={search_term_string}\"},\"query-input\":{\"@type\":\"PropertyValueSpecification\",\"valueRequired\":true,\"valueName\":\"search_term_string\"}}],\"inLanguage\":\"fr-FR\"},{\"@type\":\"NewsMediaOrganization\",\"@id\":\"https:\/\/dicodusport.fr\/blog\/#organization\",\"name\":\"Dicodusport\",\"url\":\"https:\/\/dicodusport.fr\/blog\/\",\"logo\":{\"@type\":\"ImageObject\",\"inLanguage\":\"fr-FR\",\"@id\":\"https:\/\/dicodusport.fr\/blog\/#\/schema\/logo\/image\/\",\"url\":\"https:\/\/dicodusport.fr\/blog\/wp-content\/uploads\/2020\/06\/cropped-LOGO-DICODUSPORT-2020-SANS-FOND-SANS-TEXTE.png\",\"contentUrl\":\"https:\/\/dicodusport.fr\/blog\/wp-content\/uploads\/2020\/06\/cropped-LOGO-DICODUSPORT-2020-SANS-FOND-SANS-TEXTE.png\",\"width\":512,\"height\":512,\"caption\":\"Dicodusport\"},\"image\":{\"@id\":\"https:\/\/dicodusport.fr\/blog\/#\/schema\/logo\/image\/\"},\"sameAs\":[\"https:\/\/www.facebook.com\/dicodusport\",\"https:\/\/x.com\/dicodusport\",\"https:\/\/www.instagram.com\/dicodusport\/\",\"https:\/\/www.youtube.com\/channel\/UC7V2KZ5sd3htJivAbA4ZG3w\"],\"description\":\"Dicodusport est l'encyclop\u00e9die de l'actualit\u00e9 sportive.\",\"email\":\"bonjour@dicodusport.fr\",\"legalName\":\"DICODUSPORT\",\"foundingDate\":\"2018-01-14\",\"vatID\":\"FR71834470973\",\"taxID\":\"83447097300043\",\"numberOfEmployees\":{\"@type\":\"QuantitativeValue\",\"minValue\":\"1\",\"maxValue\":\"10\"}},{\"@type\":\"Person\",\"@id\":\"https:\/\/dicodusport.fr\/blog\/#\/schema\/person\/cb02af4c173ce4a653b55e9baf388d4a\",\"name\":\"Flo Ostermann\",\"image\":{\"@type\":\"ImageObject\",\"inLanguage\":\"fr-FR\",\"@id\":\"https:\/\/dicodusport.fr\/blog\/#\/schema\/person\/image\/\",\"url\":\"https:\/\/dicodusport.fr\/blog\/wp-content\/uploads\/2021\/05\/Flo-Ostermann-150x150.jpg\",\"contentUrl\":\"https:\/\/dicodusport.fr\/blog\/wp-content\/uploads\/2021\/05\/Flo-Ostermann-150x150.jpg\",\"caption\":\"Flo Ostermann\"},\"description\":\"Journaliste\/R\u00e9dacteur depuis septembre 2015 - Mes premiers souvenirs dans le sport ? Les envol\u00e9es du Stade Toulousain et les duels Villeneuve-Schumacher et H\u00e4kkinen-Schumacher \u00e0 la fin des ann\u00e9es 90, la Coupe du monde de football en 1998, l\u2019exploit du XV de France face aux All Blacks en 1999, mais aussi Richard C\u0153ur de Lion qui vole sur les montagnes du Tour de France. Bien parti pour devenir professeur d\u2019EPS, les \u00e9v\u00e9nements de la vie (et la flemme d\u2019animer des s\u00e9ances de 3x500 m\u00e8tres toute ma vie) m\u2019ont conduit \u00e0 revoir mes plans. Me voil\u00e0 depuis fin 2017 sur Dicodusport, m\u00e9dia gr\u00e2ce (et pour) lequel je partage ma passion : le sport dans tous ses \u00e9tats. Le tout accompagn\u00e9 par les fous furieux et folles furieuses cit\u00e9s sur cette page !\",\"sameAs\":[\"https:\/\/www.facebook.com\/florent.ostermann\",\"https:\/\/x.com\/https:\/\/twitter.com\/FlOstermann\",\"admin\"],\"url\":\"https:\/\/dicodusport.fr\/blog\/author\/flo\/\"}]}<\/script>\n<!-- \/ Yoast SEO Premium plugin. -->","yoast_head_json":{"title":"Coupe du monde de biathlon : la s\u00e9lection fran\u00e7aise avec \u00c9ric Perrot \u00e0 Ostersund","description":"COUPE DU MONDE DE BIATHLON 2020-2021 - D\u00e9couvrez la composition de l'\u00e9quipe de France pour les finales d'Ostersund, qui se d\u00e9roulent du 18 au 21 mars.","robots":{"index":"index","follow":"follow","max-snippet":"max-snippet:-1","max-image-preview":"max-image-preview:large","max-video-preview":"max-video-preview:-1"},"canonical":"https:\/\/dicodusport.fr\/blog\/coupe-du-monde-2020-selection-francaise-avec-eric-perrot-a-ostersund\/","og_locale":"fr_FR","og_type":"article","og_title":"Coupe du monde de biathlon : la s\u00e9lection fran\u00e7aise avec \u00c9ric Perrot \u00e0 Ostersund","og_description":"COUPE DU MONDE DE BIATHLON 2020-2021 - D\u00e9couvrez la composition de l'\u00e9quipe de France pour les finales d'Ostersund, qui se d\u00e9roulent du 18 au 21 mars.","og_url":"https:\/\/dicodusport.fr\/blog\/coupe-du-monde-2020-selection-francaise-avec-eric-perrot-a-ostersund\/","og_site_name":"Dicodusport","article_publisher":"https:\/\/www.facebook.com\/dicodusport","article_author":"https:\/\/www.facebook.com\/florent.ostermann","article_published_time":"2021-03-15T14:11:49+00:00","article_modified_time":"2021-03-17T20:26:47+00:00","og_image":[{"width":800,"height":445,"url":"https:\/\/dicodusport.fr\/blog\/wp-content\/uploads\/2021\/03\/Coupe-du-monde-de-biathlon-La-selection-francaise-avec-Eric-Perrot-a-Ostersund.png","type":"image\/png"}],"author":"Flo Ostermann","twitter_card":"summary_large_image","twitter_title":"Coupe du monde de biathlon : la s\u00e9lection fran\u00e7aise avec \u00c9ric Perrot \u00e0 Ostersund","twitter_creator":"@https:\/\/twitter.com\/FlOstermann","twitter_site":"@dicodusport","schema":{"@context":"https:\/\/schema.org","@graph":[{"@type":"NewsArticle","@id":"https:\/\/dicodusport.fr\/blog\/coupe-du-monde-2020-selection-francaise-avec-eric-perrot-a-ostersund\/#article","isPartOf":{"@id":"https:\/\/dicodusport.fr\/blog\/coupe-du-monde-2020-selection-francaise-avec-eric-perrot-a-ostersund\/"},"author":{"name":"Flo Ostermann","@id":"https:\/\/dicodusport.fr\/blog\/#\/schema\/person\/cb02af4c173ce4a653b55e9baf388d4a"},"headline":"Coupe du monde de biathlon : la s\u00e9lection fran\u00e7aise avec \u00c9ric Perrot \u00e0 Ostersund","datePublished":"2021-03-15T14:11:49+00:00","dateModified":"2021-03-17T20:26:47+00:00","mainEntityOfPage":{"@id":"https:\/\/dicodusport.fr\/blog\/coupe-du-monde-2020-selection-francaise-avec-eric-perrot-a-ostersund\/"},"wordCount":241,"commentCount":0,"publisher":{"@id":"https:\/\/dicodusport.fr\/blog\/#organization"},"image":{"@id":"https:\/\/dicodusport.fr\/blog\/coupe-du-monde-2020-selection-francaise-avec-eric-perrot-a-ostersund\/#primaryimage"},"thumbnailUrl":"https:\/\/dicodusport.fr\/blog\/wp-content\/uploads\/2021\/03\/Coupe-du-monde-de-biathlon-La-selection-francaise-avec-Eric-Perrot-a-Ostersund.png","keywords":["Biathlon Ostersund","Equipe de France de Biathlon","Ostersund"],"articleSection":["Coupe du monde de biathlon"],"inLanguage":"fr-FR","potentialAction":[{"@type":"CommentAction","name":"Comment","target":["https:\/\/dicodusport.fr\/blog\/coupe-du-monde-2020-selection-francaise-avec-eric-perrot-a-ostersund\/#respond"]}],"copyrightYear":"2021","copyrightHolder":{"@id":"https:\/\/dicodusport.fr\/blog\/#organization"}},{"@type":"WebPage","@id":"https:\/\/dicodusport.fr\/blog\/coupe-du-monde-2020-selection-francaise-avec-eric-perrot-a-ostersund\/","url":"https:\/\/dicodusport.fr\/blog\/coupe-du-monde-2020-selection-francaise-avec-eric-perrot-a-ostersund\/","name":"Coupe du monde de biathlon : la s\u00e9lection fran\u00e7aise avec \u00c9ric Perrot \u00e0 Ostersund","isPartOf":{"@id":"https:\/\/dicodusport.fr\/blog\/#website"},"primaryImageOfPage":{"@id":"https:\/\/dicodusport.fr\/blog\/coupe-du-monde-2020-selection-francaise-avec-eric-perrot-a-ostersund\/#primaryimage"},"image":{"@id":"https:\/\/dicodusport.fr\/blog\/coupe-du-monde-2020-selection-francaise-avec-eric-perrot-a-ostersund\/#primaryimage"},"thumbnailUrl":"https:\/\/dicodusport.fr\/blog\/wp-content\/uploads\/2021\/03\/Coupe-du-monde-de-biathlon-La-selection-francaise-avec-Eric-Perrot-a-Ostersund.png","datePublished":"2021-03-15T14:11:49+00:00","dateModified":"2021-03-17T20:26:47+00:00","description":"COUPE DU MONDE DE BIATHLON 2020-2021 - D\u00e9couvrez la composition de l'\u00e9quipe de France pour les finales d'Ostersund, qui se d\u00e9roulent du 18 au 21 mars.","breadcrumb":{"@id":"https:\/\/dicodusport.fr\/blog\/coupe-du-monde-2020-selection-francaise-avec-eric-perrot-a-ostersund\/#breadcrumb"},"inLanguage":"fr-FR","potentialAction":[{"@type":"ReadAction","target":["https:\/\/dicodusport.fr\/blog\/coupe-du-monde-2020-selection-francaise-avec-eric-perrot-a-ostersund\/"]}]},{"@type":"ImageObject","inLanguage":"fr-FR","@id":"https:\/\/dicodusport.fr\/blog\/coupe-du-monde-2020-selection-francaise-avec-eric-perrot-a-ostersund\/#primaryimage","url":"https:\/\/dicodusport.fr\/blog\/wp-content\/uploads\/2021\/03\/Coupe-du-monde-de-biathlon-La-selection-francaise-avec-Eric-Perrot-a-Ostersund.png","contentUrl":"https:\/\/dicodusport.fr\/blog\/wp-content\/uploads\/2021\/03\/Coupe-du-monde-de-biathlon-La-selection-francaise-avec-Eric-Perrot-a-Ostersund.png","width":800,"height":445,"caption":"\u00c9ric Perrot, la folle ascension de la p\u00e9pite du biathlon fran\u00e7ais"},{"@type":"BreadcrumbList","@id":"https:\/\/dicodusport.fr\/blog\/coupe-du-monde-2020-selection-francaise-avec-eric-perrot-a-ostersund\/#breadcrumb","itemListElement":[{"@type":"ListItem","position":1,"name":"Accueil","item":"https:\/\/dicodusport.fr\/blog\/"},{"@type":"ListItem","position":2,"name":"Coupe du monde de biathlon : la s\u00e9lection fran\u00e7aise avec \u00c9ric Perrot \u00e0 Ostersund"}]},{"@type":"WebSite","@id":"https:\/\/dicodusport.fr\/blog\/#website","url":"https:\/\/dicodusport.fr\/blog\/","name":"Dicodusport","description":"L&#039;encyclop\u00e9die de l&#039;actualit\u00e9 sportive","publisher":{"@id":"https:\/\/dicodusport.fr\/blog\/#organization"},"potentialAction":[{"@type":"SearchAction","target":{"@type":"EntryPoint","urlTemplate":"https:\/\/dicodusport.fr\/blog\/?s={search_term_string}"},"query-input":{"@type":"PropertyValueSpecification","valueRequired":true,"valueName":"search_term_string"}}],"inLanguage":"fr-FR"},{"@type":"NewsMediaOrganization","@id":"https:\/\/dicodusport.fr\/blog\/#organization","name":"Dicodusport","url":"https:\/\/dicodusport.fr\/blog\/","logo":{"@type":"ImageObject","inLanguage":"fr-FR","@id":"https:\/\/dicodusport.fr\/blog\/#\/schema\/logo\/image\/","url":"https:\/\/dicodusport.fr\/blog\/wp-content\/uploads\/2020\/06\/cropped-LOGO-DICODUSPORT-2020-SANS-FOND-SANS-TEXTE.png","contentUrl":"https:\/\/dicodusport.fr\/blog\/wp-content\/uploads\/2020\/06\/cropped-LOGO-DICODUSPORT-2020-SANS-FOND-SANS-TEXTE.png","width":512,"height":512,"caption":"Dicodusport"},"image":{"@id":"https:\/\/dicodusport.fr\/blog\/#\/schema\/logo\/image\/"},"sameAs":["https:\/\/www.facebook.com\/dicodusport","https:\/\/x.com\/dicodusport","https:\/\/www.instagram.com\/dicodusport\/","https:\/\/www.youtube.com\/channel\/UC7V2KZ5sd3htJivAbA4ZG3w"],"description":"Dicodusport est l'encyclop\u00e9die de l'actualit\u00e9 sportive.","email":"bonjour@dicodusport.fr","legalName":"DICODUSPORT","foundingDate":"2018-01-14","vatID":"FR71834470973","taxID":"83447097300043","numberOfEmployees":{"@type":"QuantitativeValue","minValue":"1","maxValue":"10"}},{"@type":"Person","@id":"https:\/\/dicodusport.fr\/blog\/#\/schema\/person\/cb02af4c173ce4a653b55e9baf388d4a","name":"Flo Ostermann","image":{"@type":"ImageObject","inLanguage":"fr-FR","@id":"https:\/\/dicodusport.fr\/blog\/#\/schema\/person\/image\/","url":"https:\/\/dicodusport.fr\/blog\/wp-content\/uploads\/2021\/05\/Flo-Ostermann-150x150.jpg","contentUrl":"https:\/\/dicodusport.fr\/blog\/wp-content\/uploads\/2021\/05\/Flo-Ostermann-150x150.jpg","caption":"Flo Ostermann"},"description":"Journaliste\/R\u00e9dacteur depuis septembre 2015 - Mes premiers souvenirs dans le sport ? Les envol\u00e9es du Stade Toulousain et les duels Villeneuve-Schumacher et H\u00e4kkinen-Schumacher \u00e0 la fin des ann\u00e9es 90, la Coupe du monde de football en 1998, l\u2019exploit du XV de France face aux All Blacks en 1999, mais aussi Richard C\u0153ur de Lion qui vole sur les montagnes du Tour de France. Bien parti pour devenir professeur d\u2019EPS, les \u00e9v\u00e9nements de la vie (et la flemme d\u2019animer des s\u00e9ances de 3x500 m\u00e8tres toute ma vie) m\u2019ont conduit \u00e0 revoir mes plans. Me voil\u00e0 depuis fin 2017 sur Dicodusport, m\u00e9dia gr\u00e2ce (et pour) lequel je partage ma passion : le sport dans tous ses \u00e9tats. Le tout accompagn\u00e9 par les fous furieux et folles furieuses cit\u00e9s sur cette page !","sameAs":["https:\/\/www.facebook.com\/florent.ostermann","https:\/\/x.com\/https:\/\/twitter.com\/FlOstermann","admin"],"url":"https:\/\/dicodusport.fr\/blog\/author\/flo\/"}]}},"_links":{"self":[{"href":"https:\/\/dicodusport.fr\/blog\/wp-json\/wp\/v2\/posts\/114032","targetHints":{"allow":["GET"]}}],"collection":[{"href":"https:\/\/dicodusport.fr\/blog\/wp-json\/wp\/v2\/posts"}],"about":[{"href":"https:\/\/dicodusport.fr\/blog\/wp-json\/wp\/v2\/types\/post"}],"author":[{"embeddable":true,"href":"https:\/\/dicodusport.fr\/blog\/wp-json\/wp\/v2\/users\/4"}],"replies":[{"embeddable":true,"href":"https:\/\/dicodusport.fr\/blog\/wp-json\/wp\/v2\/comments?post=114032"}],"version-history":[{"count":0,"href":"https:\/\/dicodusport.fr\/blog\/wp-json\/wp\/v2\/posts\/114032\/revisions"}],"wp:featuredmedia":[{"embeddable":true,"href":"https:\/\/dicodusport.fr\/blog\/wp-json\/wp\/v2\/media\/114033"}],"wp:attachment":[{"href":"https:\/\/dicodusport.fr\/blog\/wp-json\/wp\/v2\/media?parent=114032"}],"wp:term":[{"taxonomy":"category","embeddable":true,"href":"https:\/\/dicodusport.fr\/blog\/wp-json\/wp\/v2\/categories?post=114032"},{"taxonomy":"post_tag","embeddable":true,"href":"https:\/\/dicodusport.fr\/blog\/wp-json\/wp\/v2\/tags?post=114032"}],"curies":[{"name":"wp","href":"https:\/\/api.w.org\/{rel}","templated":true}]}}