{"id":114059,"date":"2021-03-15T17:05:41","date_gmt":"2021-03-15T16:05:41","guid":{"rendered":"https:\/\/dicodusport.fr\/blog\/?p=114059"},"modified":"2021-03-15T17:08:31","modified_gmt":"2021-03-15T16:08:31","slug":"la-liste-des-bleuets-pour-la-phase-de-groupe-de-leuro-espoirs-devoilee","status":"publish","type":"post","link":"https:\/\/dicodusport.fr\/blog\/la-liste-des-bleuets-pour-la-phase-de-groupe-de-leuro-espoirs-devoilee\/","title":{"rendered":"La liste des Bleuets pour la phase de groupe de l&rsquo;Euro Espoirs d\u00e9voil\u00e9e"},"content":{"rendered":"<p style=\"text-align: justify;\"><em><strong>Le s\u00e9lectionneur des Bleuets, Sylvain Ripoll, a d\u00e9voil\u00e9 une liste de 23 joueurs appel\u00e9s pour participer \u00e0 la phase de groupe de l&rsquo;Euro espoirs, du 24 au 31 mars prochain. Le coach des Espoirs a annonc\u00e9 un effectif sans grande surprise.<\/strong> <\/em><\/p>\n<p style=\"text-align: justify;\">Ce lundi apr\u00e8s-midi, <strong>Sylvain Ripoll<\/strong> a annonc\u00e9 la liste des 23 Bleuets retenus pour disputer la phase de groupe de l&rsquo;Euro Espoirs, en Hongrie. Parmi eux, <strong>Jules Kound\u00e9<\/strong>, monstrueux avec S\u00e9ville, <strong>Boubacar Kamara<\/strong>, v\u00e9ritable patron du milieu de terrain marseillais ou <strong>Randal Kolo Muani<\/strong>, auteur du but victorieux face au PSG ce dimanche soir avec le FC Nantes. Du c\u00f4t\u00e9 des absents, le capitaine habituel, <strong>Jeff Reine-Ad\u00e9la\u00efde<\/strong>, est \u00e9videment out apr\u00e8s sa rupture des ligaments crois\u00e9s. Le Ni\u00e7ois laisse son brassard au joueur du Hertha Berlin, <strong>Matt\u00e9o Guendouzi<\/strong>. \u00c0 noter que le Lyonnais <strong>Houssem Aouar<\/strong> et le Rennais <strong>Eduardo Camavinga<\/strong> sont \u00e9galement pr\u00e9sents dans la liste.<\/p>\n<p style=\"text-align: justify;\">En Hongrie, les prot\u00e9g\u00e9s de Ripoll joueront trois matchs, face au Danemark (24 mars), la Russie (28 mars) et l&rsquo;Islande (31 mars). L&rsquo;objectif \u00e9tant de se qualifier pour les quarts de finale de la comp\u00e9tition, qui se d\u00e9roulent en juin, et qui pourront \u00eatre disput\u00e9s avec une liste de joueurs diff\u00e9rents.<\/p>\n<blockquote class=\"twitter-tweet\">\n<p dir=\"ltr\" lang=\"fr\">Les 23 Bleuets qui participeront \u00e0 la phase de groupe de l&rsquo;EURO Espoirs 2021 en Hongrie ! &#x1f44a;&#x1f1eb;&#x1f1f7;<\/p>\n<p>France&#x1f19a;Danemark (25\/03)<br \/>\nRussie&#x1f19a;France (28\/03)<br \/>\nIslande&#x1f19a;France (31\/03) <a href=\"https:\/\/t.co\/PGfLCNN0Xz\">pic.twitter.com\/PGfLCNN0Xz<\/a><\/p>\n<p>\u2014 Equipe de France &#x2b50;&#x2b50; (@equipedefrance) <a href=\"https:\/\/twitter.com\/equipedefrance\/status\/1371477545389060104?ref_src=twsrc%5Etfw\">March 15, 2021<\/a><\/p><\/blockquote>\n<p><script async src=\"https:\/\/platform.twitter.com\/widgets.js\" charset=\"utf-8\"><\/script><\/p>\n<p><strong><em>Antonin Gizolme<br \/>\n<\/em><\/strong><strong><em><a href=\"https:\/\/twitter.com\/AntoninGizolme\" target=\"_blank\" rel=\"noopener noreferrer\"><img loading=\"lazy\" decoding=\"async\" class=\"jetpack-lazy-image jetpack-lazy-image--handled alignnone wp-image-2908\" src=\"https:\/\/i1.wp.com\/dicodusport.fr\/blog\/wp-content\/uploads\/2017\/07\/logo-twitter-150x150.png?resize=39%2C39\" alt=\"\" width=\"39\" height=\"39\" data-lazy-loaded=\"1\" \/><\/a><\/em><\/strong><\/p>\n","protected":false},"excerpt":{"rendered":"<p>Le s\u00e9lectionneur des Bleuets, Sylvain Ripoll, a d\u00e9voil\u00e9 une liste de 23 joueurs appel\u00e9s pour participer \u00e0 la phase de groupe de l&rsquo;Euro espoirs, du 24 au 31 mars prochain. Le coach des Espoirs a annonc\u00e9 un effectif sans grande surprise.<\/p>\n","protected":false},"author":51,"featured_media":80594,"comment_status":"open","ping_status":"closed","sticky":false,"template":"","format":"standard","meta":{"_acf_changed":false,"_daextam_enable_autolinks":"","footnotes":""},"categories":[2301],"tags":[6966,8109,75],"class_list":["post-114059","post","type-post","status-publish","format-standard","has-post-thumbnail","hentry","category-football","tag-equipe-de-france-de-football","tag-euro-espoirs","tag-football"],"acf":[],"yoast_head":"<!-- This site is optimized with the Yoast SEO Premium plugin v26.7 (Yoast SEO v26.7) - https:\/\/yoast.com\/wordpress\/plugins\/seo\/ -->\n<title>La liste des Bleuets pour la phase de groupe de l&#039;Euro Espoirs d\u00e9voil\u00e9e<\/title>\n<meta name=\"description\" content=\"Le s\u00e9lectionneur des Bleuets, Sylvain Ripoll, a d\u00e9voil\u00e9 une liste de 23 joueurs appel\u00e9s pour participer \u00e0 la phase de groupe de l&#039;Euro espoirs, du 24 au 31 mars prochain. Le coach des Espoirs a annonc\u00e9 un effectif sans grande surprise.\" \/>\n<meta name=\"robots\" content=\"index, follow, max-snippet:-1, max-image-preview:large, max-video-preview:-1\" \/>\n<link rel=\"canonical\" href=\"https:\/\/dicodusport.fr\/blog\/la-liste-des-bleuets-pour-la-phase-de-groupe-de-leuro-espoirs-devoilee\/\" \/>\n<meta property=\"og:locale\" content=\"fr_FR\" \/>\n<meta property=\"og:type\" content=\"article\" \/>\n<meta property=\"og:title\" content=\"La liste des Bleuets pour la phase de groupe de l&#039;Euro Espoirs d\u00e9voil\u00e9e\" \/>\n<meta property=\"og:description\" content=\"Le s\u00e9lectionneur des Bleuets, Sylvain Ripoll, a d\u00e9voil\u00e9 une liste de 23 joueurs appel\u00e9s pour participer \u00e0 la phase de groupe de l&#039;Euro espoirs, du 24 au 31 mars prochain. Le coach des Espoirs a annonc\u00e9 un effectif sans grande surprise.\" \/>\n<meta property=\"og:url\" content=\"https:\/\/dicodusport.fr\/blog\/la-liste-des-bleuets-pour-la-phase-de-groupe-de-leuro-espoirs-devoilee\/\" \/>\n<meta property=\"og:site_name\" content=\"Dicodusport\" \/>\n<meta property=\"article:publisher\" content=\"https:\/\/www.facebook.com\/dicodusport\" \/>\n<meta property=\"article:published_time\" content=\"2021-03-15T16:05:41+00:00\" \/>\n<meta property=\"article:modified_time\" content=\"2021-03-15T16:08:31+00:00\" \/>\n<meta property=\"og:image\" content=\"https:\/\/dicodusport.fr\/blog\/wp-content\/uploads\/2020\/10\/\u00c9quipe-de-France-Les-Bleus-avec-Aouar-Pogba-et-Camavinga-pour-les-matchs-doctobre.png\" \/>\n\t<meta property=\"og:image:width\" content=\"800\" \/>\n\t<meta property=\"og:image:height\" content=\"445\" \/>\n\t<meta property=\"og:image:type\" content=\"image\/png\" \/>\n<meta name=\"author\" content=\"Antonin Gizolme\" \/>\n<meta name=\"twitter:card\" content=\"summary_large_image\" \/>\n<meta name=\"twitter:title\" content=\"La liste des Bleuets pour la phase de groupe de l&#039;Euro Espoirs d\u00e9voil\u00e9e\" \/>\n<meta name=\"twitter:creator\" content=\"@https:\/\/twitter.com\/AntoninGizolme\" \/>\n<meta name=\"twitter:site\" content=\"@dicodusport\" \/>\n<script type=\"application\/ld+json\" class=\"yoast-schema-graph\">{\"@context\":\"https:\/\/schema.org\",\"@graph\":[{\"@type\":\"NewsArticle\",\"@id\":\"https:\/\/dicodusport.fr\/blog\/la-liste-des-bleuets-pour-la-phase-de-groupe-de-leuro-espoirs-devoilee\/#article\",\"isPartOf\":{\"@id\":\"https:\/\/dicodusport.fr\/blog\/la-liste-des-bleuets-pour-la-phase-de-groupe-de-leuro-espoirs-devoilee\/\"},\"author\":{\"name\":\"Antonin Gizolme\",\"@id\":\"https:\/\/dicodusport.fr\/blog\/#\/schema\/person\/b5f72959ae80a547dcc15f019adf6e0c\"},\"headline\":\"La liste des Bleuets pour la phase de groupe de l&rsquo;Euro Espoirs d\u00e9voil\u00e9e\",\"datePublished\":\"2021-03-15T16:05:41+00:00\",\"dateModified\":\"2021-03-15T16:08:31+00:00\",\"mainEntityOfPage\":{\"@id\":\"https:\/\/dicodusport.fr\/blog\/la-liste-des-bleuets-pour-la-phase-de-groupe-de-leuro-espoirs-devoilee\/\"},\"wordCount\":283,\"commentCount\":0,\"publisher\":{\"@id\":\"https:\/\/dicodusport.fr\/blog\/#organization\"},\"image\":{\"@id\":\"https:\/\/dicodusport.fr\/blog\/la-liste-des-bleuets-pour-la-phase-de-groupe-de-leuro-espoirs-devoilee\/#primaryimage\"},\"thumbnailUrl\":\"https:\/\/dicodusport.fr\/blog\/wp-content\/uploads\/2020\/10\/\u00c9quipe-de-France-Les-Bleus-avec-Aouar-Pogba-et-Camavinga-pour-les-matchs-doctobre.png\",\"keywords\":[\"Equipe de France de football\",\"Euro Espoirs\",\"Football\"],\"articleSection\":[\"Football\"],\"inLanguage\":\"fr-FR\",\"potentialAction\":[{\"@type\":\"CommentAction\",\"name\":\"Comment\",\"target\":[\"https:\/\/dicodusport.fr\/blog\/la-liste-des-bleuets-pour-la-phase-de-groupe-de-leuro-espoirs-devoilee\/#respond\"]}],\"copyrightYear\":\"2021\",\"copyrightHolder\":{\"@id\":\"https:\/\/dicodusport.fr\/blog\/#organization\"}},{\"@type\":\"WebPage\",\"@id\":\"https:\/\/dicodusport.fr\/blog\/la-liste-des-bleuets-pour-la-phase-de-groupe-de-leuro-espoirs-devoilee\/\",\"url\":\"https:\/\/dicodusport.fr\/blog\/la-liste-des-bleuets-pour-la-phase-de-groupe-de-leuro-espoirs-devoilee\/\",\"name\":\"La liste des Bleuets pour la phase de groupe de l'Euro Espoirs d\u00e9voil\u00e9e\",\"isPartOf\":{\"@id\":\"https:\/\/dicodusport.fr\/blog\/#website\"},\"primaryImageOfPage\":{\"@id\":\"https:\/\/dicodusport.fr\/blog\/la-liste-des-bleuets-pour-la-phase-de-groupe-de-leuro-espoirs-devoilee\/#primaryimage\"},\"image\":{\"@id\":\"https:\/\/dicodusport.fr\/blog\/la-liste-des-bleuets-pour-la-phase-de-groupe-de-leuro-espoirs-devoilee\/#primaryimage\"},\"thumbnailUrl\":\"https:\/\/dicodusport.fr\/blog\/wp-content\/uploads\/2020\/10\/\u00c9quipe-de-France-Les-Bleus-avec-Aouar-Pogba-et-Camavinga-pour-les-matchs-doctobre.png\",\"datePublished\":\"2021-03-15T16:05:41+00:00\",\"dateModified\":\"2021-03-15T16:08:31+00:00\",\"description\":\"Le s\u00e9lectionneur des Bleuets, Sylvain Ripoll, a d\u00e9voil\u00e9 une liste de 23 joueurs appel\u00e9s pour participer \u00e0 la phase de groupe de l'Euro espoirs, du 24 au 31 mars prochain. Le coach des Espoirs a annonc\u00e9 un effectif sans grande surprise.\",\"breadcrumb\":{\"@id\":\"https:\/\/dicodusport.fr\/blog\/la-liste-des-bleuets-pour-la-phase-de-groupe-de-leuro-espoirs-devoilee\/#breadcrumb\"},\"inLanguage\":\"fr-FR\",\"potentialAction\":[{\"@type\":\"ReadAction\",\"target\":[\"https:\/\/dicodusport.fr\/blog\/la-liste-des-bleuets-pour-la-phase-de-groupe-de-leuro-espoirs-devoilee\/\"]}]},{\"@type\":\"ImageObject\",\"inLanguage\":\"fr-FR\",\"@id\":\"https:\/\/dicodusport.fr\/blog\/la-liste-des-bleuets-pour-la-phase-de-groupe-de-leuro-espoirs-devoilee\/#primaryimage\",\"url\":\"https:\/\/dicodusport.fr\/blog\/wp-content\/uploads\/2020\/10\/\u00c9quipe-de-France-Les-Bleus-avec-Aouar-Pogba-et-Camavinga-pour-les-matchs-doctobre.png\",\"contentUrl\":\"https:\/\/dicodusport.fr\/blog\/wp-content\/uploads\/2020\/10\/\u00c9quipe-de-France-Les-Bleus-avec-Aouar-Pogba-et-Camavinga-pour-les-matchs-doctobre.png\",\"width\":800,\"height\":445,\"caption\":\"La liste des Bleuets pour la phase de groupe de l'Euro Espoirs d\u00e9voil\u00e9e\"},{\"@type\":\"BreadcrumbList\",\"@id\":\"https:\/\/dicodusport.fr\/blog\/la-liste-des-bleuets-pour-la-phase-de-groupe-de-leuro-espoirs-devoilee\/#breadcrumb\",\"itemListElement\":[{\"@type\":\"ListItem\",\"position\":1,\"name\":\"Accueil\",\"item\":\"https:\/\/dicodusport.fr\/blog\/\"},{\"@type\":\"ListItem\",\"position\":2,\"name\":\"La liste des Bleuets pour la phase de groupe de l&rsquo;Euro Espoirs d\u00e9voil\u00e9e\"}]},{\"@type\":\"WebSite\",\"@id\":\"https:\/\/dicodusport.fr\/blog\/#website\",\"url\":\"https:\/\/dicodusport.fr\/blog\/\",\"name\":\"Dicodusport\",\"description\":\"L&#039;encyclop\u00e9die de l&#039;actualit\u00e9 sportive\",\"publisher\":{\"@id\":\"https:\/\/dicodusport.fr\/blog\/#organization\"},\"potentialAction\":[{\"@type\":\"SearchAction\",\"target\":{\"@type\":\"EntryPoint\",\"urlTemplate\":\"https:\/\/dicodusport.fr\/blog\/?s={search_term_string}\"},\"query-input\":{\"@type\":\"PropertyValueSpecification\",\"valueRequired\":true,\"valueName\":\"search_term_string\"}}],\"inLanguage\":\"fr-FR\"},{\"@type\":\"NewsMediaOrganization\",\"@id\":\"https:\/\/dicodusport.fr\/blog\/#organization\",\"name\":\"Dicodusport\",\"url\":\"https:\/\/dicodusport.fr\/blog\/\",\"logo\":{\"@type\":\"ImageObject\",\"inLanguage\":\"fr-FR\",\"@id\":\"https:\/\/dicodusport.fr\/blog\/#\/schema\/logo\/image\/\",\"url\":\"https:\/\/dicodusport.fr\/blog\/wp-content\/uploads\/2020\/06\/cropped-LOGO-DICODUSPORT-2020-SANS-FOND-SANS-TEXTE.png\",\"contentUrl\":\"https:\/\/dicodusport.fr\/blog\/wp-content\/uploads\/2020\/06\/cropped-LOGO-DICODUSPORT-2020-SANS-FOND-SANS-TEXTE.png\",\"width\":512,\"height\":512,\"caption\":\"Dicodusport\"},\"image\":{\"@id\":\"https:\/\/dicodusport.fr\/blog\/#\/schema\/logo\/image\/\"},\"sameAs\":[\"https:\/\/www.facebook.com\/dicodusport\",\"https:\/\/x.com\/dicodusport\",\"https:\/\/www.instagram.com\/dicodusport\/\",\"https:\/\/www.youtube.com\/channel\/UC7V2KZ5sd3htJivAbA4ZG3w\"],\"description\":\"Dicodusport est l'encyclop\u00e9die de l'actualit\u00e9 sportive.\",\"email\":\"bonjour@dicodusport.fr\",\"legalName\":\"DICODUSPORT\",\"foundingDate\":\"2018-01-14\",\"vatID\":\"FR71834470973\",\"taxID\":\"83447097300043\",\"numberOfEmployees\":{\"@type\":\"QuantitativeValue\",\"minValue\":\"1\",\"maxValue\":\"10\"}},{\"@type\":\"Person\",\"@id\":\"https:\/\/dicodusport.fr\/blog\/#\/schema\/person\/b5f72959ae80a547dcc15f019adf6e0c\",\"name\":\"Antonin Gizolme\",\"image\":{\"@type\":\"ImageObject\",\"inLanguage\":\"fr-FR\",\"@id\":\"https:\/\/dicodusport.fr\/blog\/#\/schema\/person\/image\/\",\"url\":\"https:\/\/dicodusport.fr\/blog\/wp-content\/uploads\/2021\/04\/Maillot-Anto-Dicodusport-150x150.png\",\"contentUrl\":\"https:\/\/dicodusport.fr\/blog\/wp-content\/uploads\/2021\/04\/Maillot-Anto-Dicodusport-150x150.png\",\"caption\":\"Antonin Gizolme\"},\"description\":\"Journaliste\/R\u00e9dacteur depuis mars 2021 - N\u00e9 un soir de Ligue des Champions, c\u2019est tout naturellement que je suis un passionn\u00e9 de football depuis ma plus tendre enfance. Durant des ann\u00e9es, j\u2019ai \u00e9t\u00e9 berc\u00e9 par la douce m\u00e9lodie de la Ligue des Champions, subjugu\u00e9 par les coups-francs de Juninho et admiratif devant les coups de reins de Karim Benzema. Malheureusement pour moi, mes genoux en carton m\u2019ont emp\u00each\u00e9 de suivre les traces de mes idoles pour \u00e9crire l\u2019Histoire. Alors, c\u2019est ici que je vais me charger de vous la raconter.\",\"sameAs\":[\"https:\/\/x.com\/https:\/\/twitter.com\/AntoninGizolme\"],\"url\":\"https:\/\/dicodusport.fr\/blog\/author\/antoning\/\"}]}<\/script>\n<!-- \/ Yoast SEO Premium plugin. -->","yoast_head_json":{"title":"La liste des Bleuets pour la phase de groupe de l'Euro Espoirs d\u00e9voil\u00e9e","description":"Le s\u00e9lectionneur des Bleuets, Sylvain Ripoll, a d\u00e9voil\u00e9 une liste de 23 joueurs appel\u00e9s pour participer \u00e0 la phase de groupe de l'Euro espoirs, du 24 au 31 mars prochain. Le coach des Espoirs a annonc\u00e9 un effectif sans grande surprise.","robots":{"index":"index","follow":"follow","max-snippet":"max-snippet:-1","max-image-preview":"max-image-preview:large","max-video-preview":"max-video-preview:-1"},"canonical":"https:\/\/dicodusport.fr\/blog\/la-liste-des-bleuets-pour-la-phase-de-groupe-de-leuro-espoirs-devoilee\/","og_locale":"fr_FR","og_type":"article","og_title":"La liste des Bleuets pour la phase de groupe de l'Euro Espoirs d\u00e9voil\u00e9e","og_description":"Le s\u00e9lectionneur des Bleuets, Sylvain Ripoll, a d\u00e9voil\u00e9 une liste de 23 joueurs appel\u00e9s pour participer \u00e0 la phase de groupe de l'Euro espoirs, du 24 au 31 mars prochain. Le coach des Espoirs a annonc\u00e9 un effectif sans grande surprise.","og_url":"https:\/\/dicodusport.fr\/blog\/la-liste-des-bleuets-pour-la-phase-de-groupe-de-leuro-espoirs-devoilee\/","og_site_name":"Dicodusport","article_publisher":"https:\/\/www.facebook.com\/dicodusport","article_published_time":"2021-03-15T16:05:41+00:00","article_modified_time":"2021-03-15T16:08:31+00:00","og_image":[{"width":800,"height":445,"url":"https:\/\/dicodusport.fr\/blog\/wp-content\/uploads\/2020\/10\/\u00c9quipe-de-France-Les-Bleus-avec-Aouar-Pogba-et-Camavinga-pour-les-matchs-doctobre.png","type":"image\/png"}],"author":"Antonin Gizolme","twitter_card":"summary_large_image","twitter_title":"La liste des Bleuets pour la phase de groupe de l'Euro Espoirs d\u00e9voil\u00e9e","twitter_creator":"@https:\/\/twitter.com\/AntoninGizolme","twitter_site":"@dicodusport","schema":{"@context":"https:\/\/schema.org","@graph":[{"@type":"NewsArticle","@id":"https:\/\/dicodusport.fr\/blog\/la-liste-des-bleuets-pour-la-phase-de-groupe-de-leuro-espoirs-devoilee\/#article","isPartOf":{"@id":"https:\/\/dicodusport.fr\/blog\/la-liste-des-bleuets-pour-la-phase-de-groupe-de-leuro-espoirs-devoilee\/"},"author":{"name":"Antonin Gizolme","@id":"https:\/\/dicodusport.fr\/blog\/#\/schema\/person\/b5f72959ae80a547dcc15f019adf6e0c"},"headline":"La liste des Bleuets pour la phase de groupe de l&rsquo;Euro Espoirs d\u00e9voil\u00e9e","datePublished":"2021-03-15T16:05:41+00:00","dateModified":"2021-03-15T16:08:31+00:00","mainEntityOfPage":{"@id":"https:\/\/dicodusport.fr\/blog\/la-liste-des-bleuets-pour-la-phase-de-groupe-de-leuro-espoirs-devoilee\/"},"wordCount":283,"commentCount":0,"publisher":{"@id":"https:\/\/dicodusport.fr\/blog\/#organization"},"image":{"@id":"https:\/\/dicodusport.fr\/blog\/la-liste-des-bleuets-pour-la-phase-de-groupe-de-leuro-espoirs-devoilee\/#primaryimage"},"thumbnailUrl":"https:\/\/dicodusport.fr\/blog\/wp-content\/uploads\/2020\/10\/\u00c9quipe-de-France-Les-Bleus-avec-Aouar-Pogba-et-Camavinga-pour-les-matchs-doctobre.png","keywords":["Equipe de France de football","Euro Espoirs","Football"],"articleSection":["Football"],"inLanguage":"fr-FR","potentialAction":[{"@type":"CommentAction","name":"Comment","target":["https:\/\/dicodusport.fr\/blog\/la-liste-des-bleuets-pour-la-phase-de-groupe-de-leuro-espoirs-devoilee\/#respond"]}],"copyrightYear":"2021","copyrightHolder":{"@id":"https:\/\/dicodusport.fr\/blog\/#organization"}},{"@type":"WebPage","@id":"https:\/\/dicodusport.fr\/blog\/la-liste-des-bleuets-pour-la-phase-de-groupe-de-leuro-espoirs-devoilee\/","url":"https:\/\/dicodusport.fr\/blog\/la-liste-des-bleuets-pour-la-phase-de-groupe-de-leuro-espoirs-devoilee\/","name":"La liste des Bleuets pour la phase de groupe de l'Euro Espoirs d\u00e9voil\u00e9e","isPartOf":{"@id":"https:\/\/dicodusport.fr\/blog\/#website"},"primaryImageOfPage":{"@id":"https:\/\/dicodusport.fr\/blog\/la-liste-des-bleuets-pour-la-phase-de-groupe-de-leuro-espoirs-devoilee\/#primaryimage"},"image":{"@id":"https:\/\/dicodusport.fr\/blog\/la-liste-des-bleuets-pour-la-phase-de-groupe-de-leuro-espoirs-devoilee\/#primaryimage"},"thumbnailUrl":"https:\/\/dicodusport.fr\/blog\/wp-content\/uploads\/2020\/10\/\u00c9quipe-de-France-Les-Bleus-avec-Aouar-Pogba-et-Camavinga-pour-les-matchs-doctobre.png","datePublished":"2021-03-15T16:05:41+00:00","dateModified":"2021-03-15T16:08:31+00:00","description":"Le s\u00e9lectionneur des Bleuets, Sylvain Ripoll, a d\u00e9voil\u00e9 une liste de 23 joueurs appel\u00e9s pour participer \u00e0 la phase de groupe de l'Euro espoirs, du 24 au 31 mars prochain. Le coach des Espoirs a annonc\u00e9 un effectif sans grande surprise.","breadcrumb":{"@id":"https:\/\/dicodusport.fr\/blog\/la-liste-des-bleuets-pour-la-phase-de-groupe-de-leuro-espoirs-devoilee\/#breadcrumb"},"inLanguage":"fr-FR","potentialAction":[{"@type":"ReadAction","target":["https:\/\/dicodusport.fr\/blog\/la-liste-des-bleuets-pour-la-phase-de-groupe-de-leuro-espoirs-devoilee\/"]}]},{"@type":"ImageObject","inLanguage":"fr-FR","@id":"https:\/\/dicodusport.fr\/blog\/la-liste-des-bleuets-pour-la-phase-de-groupe-de-leuro-espoirs-devoilee\/#primaryimage","url":"https:\/\/dicodusport.fr\/blog\/wp-content\/uploads\/2020\/10\/\u00c9quipe-de-France-Les-Bleus-avec-Aouar-Pogba-et-Camavinga-pour-les-matchs-doctobre.png","contentUrl":"https:\/\/dicodusport.fr\/blog\/wp-content\/uploads\/2020\/10\/\u00c9quipe-de-France-Les-Bleus-avec-Aouar-Pogba-et-Camavinga-pour-les-matchs-doctobre.png","width":800,"height":445,"caption":"La liste des Bleuets pour la phase de groupe de l'Euro Espoirs d\u00e9voil\u00e9e"},{"@type":"BreadcrumbList","@id":"https:\/\/dicodusport.fr\/blog\/la-liste-des-bleuets-pour-la-phase-de-groupe-de-leuro-espoirs-devoilee\/#breadcrumb","itemListElement":[{"@type":"ListItem","position":1,"name":"Accueil","item":"https:\/\/dicodusport.fr\/blog\/"},{"@type":"ListItem","position":2,"name":"La liste des Bleuets pour la phase de groupe de l&rsquo;Euro Espoirs d\u00e9voil\u00e9e"}]},{"@type":"WebSite","@id":"https:\/\/dicodusport.fr\/blog\/#website","url":"https:\/\/dicodusport.fr\/blog\/","name":"Dicodusport","description":"L&#039;encyclop\u00e9die de l&#039;actualit\u00e9 sportive","publisher":{"@id":"https:\/\/dicodusport.fr\/blog\/#organization"},"potentialAction":[{"@type":"SearchAction","target":{"@type":"EntryPoint","urlTemplate":"https:\/\/dicodusport.fr\/blog\/?s={search_term_string}"},"query-input":{"@type":"PropertyValueSpecification","valueRequired":true,"valueName":"search_term_string"}}],"inLanguage":"fr-FR"},{"@type":"NewsMediaOrganization","@id":"https:\/\/dicodusport.fr\/blog\/#organization","name":"Dicodusport","url":"https:\/\/dicodusport.fr\/blog\/","logo":{"@type":"ImageObject","inLanguage":"fr-FR","@id":"https:\/\/dicodusport.fr\/blog\/#\/schema\/logo\/image\/","url":"https:\/\/dicodusport.fr\/blog\/wp-content\/uploads\/2020\/06\/cropped-LOGO-DICODUSPORT-2020-SANS-FOND-SANS-TEXTE.png","contentUrl":"https:\/\/dicodusport.fr\/blog\/wp-content\/uploads\/2020\/06\/cropped-LOGO-DICODUSPORT-2020-SANS-FOND-SANS-TEXTE.png","width":512,"height":512,"caption":"Dicodusport"},"image":{"@id":"https:\/\/dicodusport.fr\/blog\/#\/schema\/logo\/image\/"},"sameAs":["https:\/\/www.facebook.com\/dicodusport","https:\/\/x.com\/dicodusport","https:\/\/www.instagram.com\/dicodusport\/","https:\/\/www.youtube.com\/channel\/UC7V2KZ5sd3htJivAbA4ZG3w"],"description":"Dicodusport est l'encyclop\u00e9die de l'actualit\u00e9 sportive.","email":"bonjour@dicodusport.fr","legalName":"DICODUSPORT","foundingDate":"2018-01-14","vatID":"FR71834470973","taxID":"83447097300043","numberOfEmployees":{"@type":"QuantitativeValue","minValue":"1","maxValue":"10"}},{"@type":"Person","@id":"https:\/\/dicodusport.fr\/blog\/#\/schema\/person\/b5f72959ae80a547dcc15f019adf6e0c","name":"Antonin Gizolme","image":{"@type":"ImageObject","inLanguage":"fr-FR","@id":"https:\/\/dicodusport.fr\/blog\/#\/schema\/person\/image\/","url":"https:\/\/dicodusport.fr\/blog\/wp-content\/uploads\/2021\/04\/Maillot-Anto-Dicodusport-150x150.png","contentUrl":"https:\/\/dicodusport.fr\/blog\/wp-content\/uploads\/2021\/04\/Maillot-Anto-Dicodusport-150x150.png","caption":"Antonin Gizolme"},"description":"Journaliste\/R\u00e9dacteur depuis mars 2021 - N\u00e9 un soir de Ligue des Champions, c\u2019est tout naturellement que je suis un passionn\u00e9 de football depuis ma plus tendre enfance. Durant des ann\u00e9es, j\u2019ai \u00e9t\u00e9 berc\u00e9 par la douce m\u00e9lodie de la Ligue des Champions, subjugu\u00e9 par les coups-francs de Juninho et admiratif devant les coups de reins de Karim Benzema. Malheureusement pour moi, mes genoux en carton m\u2019ont emp\u00each\u00e9 de suivre les traces de mes idoles pour \u00e9crire l\u2019Histoire. Alors, c\u2019est ici que je vais me charger de vous la raconter.","sameAs":["https:\/\/x.com\/https:\/\/twitter.com\/AntoninGizolme"],"url":"https:\/\/dicodusport.fr\/blog\/author\/antoning\/"}]}},"_links":{"self":[{"href":"https:\/\/dicodusport.fr\/blog\/wp-json\/wp\/v2\/posts\/114059","targetHints":{"allow":["GET"]}}],"collection":[{"href":"https:\/\/dicodusport.fr\/blog\/wp-json\/wp\/v2\/posts"}],"about":[{"href":"https:\/\/dicodusport.fr\/blog\/wp-json\/wp\/v2\/types\/post"}],"author":[{"embeddable":true,"href":"https:\/\/dicodusport.fr\/blog\/wp-json\/wp\/v2\/users\/51"}],"replies":[{"embeddable":true,"href":"https:\/\/dicodusport.fr\/blog\/wp-json\/wp\/v2\/comments?post=114059"}],"version-history":[{"count":0,"href":"https:\/\/dicodusport.fr\/blog\/wp-json\/wp\/v2\/posts\/114059\/revisions"}],"wp:featuredmedia":[{"embeddable":true,"href":"https:\/\/dicodusport.fr\/blog\/wp-json\/wp\/v2\/media\/80594"}],"wp:attachment":[{"href":"https:\/\/dicodusport.fr\/blog\/wp-json\/wp\/v2\/media?parent=114059"}],"wp:term":[{"taxonomy":"category","embeddable":true,"href":"https:\/\/dicodusport.fr\/blog\/wp-json\/wp\/v2\/categories?post=114059"},{"taxonomy":"post_tag","embeddable":true,"href":"https:\/\/dicodusport.fr\/blog\/wp-json\/wp\/v2\/tags?post=114059"}],"curies":[{"name":"wp","href":"https:\/\/api.w.org\/{rel}","templated":true}]}}