{"id":114551,"date":"2021-03-18T14:09:29","date_gmt":"2021-03-18T13:09:29","guid":{"rendered":"https:\/\/dicodusport.fr\/blog\/?p=114551"},"modified":"2021-11-17T13:37:43","modified_gmt":"2021-11-17T12:37:43","slug":"la-liste-de-deschamps-pour-les-qualifications-au-mondial-2022","status":"publish","type":"post","link":"https:\/\/dicodusport.fr\/blog\/la-liste-de-deschamps-pour-les-qualifications-au-mondial-2022\/","title":{"rendered":"La liste de Deschamps pour les qualifications au Mondial 2022"},"content":{"rendered":"<p style=\"text-align: justify;\"><em><strong><a href=\"https:\/\/dicodusport.fr\/blog\/actualites\/football\/\" target=\"_blank\" rel=\"noopener\">FOOTBALL<\/a> &#8211; EQUIPE DE FRANCE &#8211; Ce jeudi, Didier Deschamps a annonc\u00e9 une liste \u00e9largie de 26 joueurs pour affronter l&rsquo;Ukraine, le Kazakhstan et la Bosnie, fin mars, dans le cadre des qualifications au Mondial 2022.\u00a0<\/strong><\/em><\/p>\n<p style=\"text-align: justify;\">Pour la derni\u00e8re liste d&rsquo;internationaux avant celle de l&rsquo;Euro 2021, <strong>Didier<\/strong> <strong>Deschamps<\/strong> n&rsquo;a pas fait de fantaisies. Un choix relativement logique pour trois matchs \u00e0 enjeu, puisque la France affrontera l&rsquo;Ukraine (24 mars), le Kazakhstan (28 mars) et la Bosnie (31 mars) pour le compte des qualifications au Mondial 2022.<\/p>\n<p style=\"text-align: justify;\">Les cadres, y compris<strong> Paul Pogba<\/strong> (Manchester Utd) sont tous bien pr\u00e9sents. A noter le grand retour <strong>d&rsquo;Ousmane Demb\u00e9l\u00e9<\/strong>, plus appel\u00e9 en Bleu depuis la Ligue des Nations en octobre 2018. Le Barcelonais confirme son retour en grande forme. Retour \u00e9galement pour <strong>Tanguy Ndombele<\/strong> (Tottenham), absent des rassemblements depuis juin 2019. Aucun absent de taille n&rsquo;est a d\u00e9plorer au sein de cette liste.<\/p>\n<h2 style=\"text-align: justify;\"><strong>La liste des Bleus<\/strong><\/h2>\n<p style=\"text-align: justify;\"><strong>Gardiens<\/strong> : Areola, Lloris, Maignan, Mandanda<\/p>\n<p style=\"text-align: justify;\"><strong>D\u00e9fenseurs<\/strong> : Digne, Dubois, L. Hernandez, Kimpembe, Lenglet, F. Mendy, Pavard, Varane, Zouma<\/p>\n<p style=\"text-align: justify;\"><strong>Milieux<\/strong> : Kant\u00e9, Ndombele, Pogba, Rabiot, Sissoko<\/p>\n<p style=\"text-align: justify;\"><strong>Attaquants<\/strong> : Ben Yedder, Coman, Demb\u00e9l\u00e9, Giroud, Griezmann, Lemar, Martial, Mbapp\u00e9<\/p>\n<blockquote class=\"twitter-tweet\">\n<p dir=\"ltr\" lang=\"fr\">Les 26 Bleus retenus pour d\u00e9buter les Qualifications pour la Coupe du Monde 2022 ! &#x1f1eb;&#x1f1f7; <a href=\"https:\/\/twitter.com\/hashtag\/FiersdetreBleus?src=hash&amp;ref_src=twsrc%5Etfw\">#FiersdetreBleus<\/a> <a href=\"https:\/\/t.co\/Tsl0dkv2UY\">pic.twitter.com\/Tsl0dkv2UY<\/a><\/p>\n<p>\u2014 Equipe de France &#x2b50;&#x2b50; (@equipedefrance) <a href=\"https:\/\/twitter.com\/equipedefrance\/status\/1372533985318989826?ref_src=twsrc%5Etfw\">March 18, 2021<\/a><\/p><\/blockquote>\n<p><script async src=\"https:\/\/platform.twitter.com\/widgets.js\" charset=\"utf-8\"><\/script><\/p>\n<p><em><strong>Antonin Gizolme<br \/>\n<\/strong><\/em><strong><em><a href=\"https:\/\/twitter.com\/AntoninGizolme\" target=\"_blank\" rel=\"noopener noreferrer\"><img loading=\"lazy\" decoding=\"async\" class=\"jetpack-lazy-image jetpack-lazy-image--handled alignnone wp-image-2908\" src=\"https:\/\/i1.wp.com\/dicodusport.fr\/blog\/wp-content\/uploads\/2017\/07\/logo-twitter-150x150.png?resize=39%2C39\" alt=\"\" width=\"39\" height=\"39\" data-lazy-loaded=\"1\" \/><\/a><\/em><\/strong><\/p>\n","protected":false},"excerpt":{"rendered":"<p>FOOTBALL &#8211; EQUIPE DE FRANCE &#8211; Ce jeudi, Didier Deschamps a annonc\u00e9 une liste \u00e9largie de 26 joueurs pour affronter l&rsquo;Ukraine, le Kazakhstan et la Bosnie, fin mars, dans le cadre des qualifications au Mondial 2022.\u00a0<\/p>\n","protected":false},"author":51,"featured_media":114576,"comment_status":"open","ping_status":"closed","sticky":false,"template":"","format":"standard","meta":{"_acf_changed":false,"_daextam_enable_autolinks":"","footnotes":""},"categories":[47043,2301],"tags":[4318,6966,75],"class_list":["post-114551","post","type-post","status-publish","format-standard","has-post-thumbnail","hentry","category-coupe-du-monde-de-football","category-football","tag-didier-deschamps","tag-equipe-de-france-de-football","tag-football"],"acf":[],"yoast_head":"<!-- This site is optimized with the Yoast SEO Premium plugin v26.7 (Yoast SEO v26.7) - https:\/\/yoast.com\/wordpress\/plugins\/seo\/ -->\n<title>La liste de Deschamps pour les qualifications au Mondial 2022<\/title>\n<meta name=\"description\" content=\"FOOTBALL - EQUIPE DE FRANCE - Ce jeudi, Didier Deschamps a annonc\u00e9 une liste de XX joueurs pour affronter l&#039;Ukraine, le Kazakhstan et la Bosnie, fin mars, dans le cadre des qualifications au Mondial 2022.\u00a0\" \/>\n<meta name=\"robots\" content=\"index, follow, max-snippet:-1, max-image-preview:large, max-video-preview:-1\" \/>\n<link rel=\"canonical\" href=\"https:\/\/dicodusport.fr\/blog\/la-liste-de-deschamps-pour-les-qualifications-au-mondial-2022\/\" \/>\n<meta property=\"og:locale\" content=\"fr_FR\" \/>\n<meta property=\"og:type\" content=\"article\" \/>\n<meta property=\"og:title\" content=\"La liste de Deschamps pour les qualifications au Mondial 2022\" \/>\n<meta property=\"og:description\" content=\"FOOTBALL - EQUIPE DE FRANCE - Ce jeudi, Didier Deschamps a annonc\u00e9 une liste de XX joueurs pour affronter l&#039;Ukraine, le Kazakhstan et la Bosnie, fin mars, dans le cadre des qualifications au Mondial 2022.\u00a0\" \/>\n<meta property=\"og:url\" content=\"https:\/\/dicodusport.fr\/blog\/la-liste-de-deschamps-pour-les-qualifications-au-mondial-2022\/\" \/>\n<meta property=\"og:site_name\" content=\"Dicodusport\" \/>\n<meta property=\"article:publisher\" content=\"https:\/\/www.facebook.com\/dicodusport\" \/>\n<meta property=\"article:published_time\" content=\"2021-03-18T13:09:29+00:00\" \/>\n<meta property=\"article:modified_time\" content=\"2021-11-17T12:37:43+00:00\" \/>\n<meta property=\"og:image\" content=\"https:\/\/dicodusport.fr\/blog\/wp-content\/uploads\/2021\/03\/La-liste-de-Deschamps-pour-les-qualifications-au-Mondial-2022.png\" \/>\n\t<meta property=\"og:image:width\" content=\"800\" \/>\n\t<meta property=\"og:image:height\" content=\"445\" \/>\n\t<meta property=\"og:image:type\" content=\"image\/png\" \/>\n<meta name=\"author\" content=\"Antonin Gizolme\" \/>\n<meta name=\"twitter:card\" content=\"summary_large_image\" \/>\n<meta name=\"twitter:title\" content=\"La liste de Deschamps pour les qualifications au Mondial 2022\" \/>\n<meta name=\"twitter:creator\" content=\"@https:\/\/twitter.com\/AntoninGizolme\" \/>\n<meta name=\"twitter:site\" content=\"@dicodusport\" \/>\n<script type=\"application\/ld+json\" class=\"yoast-schema-graph\">{\"@context\":\"https:\/\/schema.org\",\"@graph\":[{\"@type\":\"NewsArticle\",\"@id\":\"https:\/\/dicodusport.fr\/blog\/la-liste-de-deschamps-pour-les-qualifications-au-mondial-2022\/#article\",\"isPartOf\":{\"@id\":\"https:\/\/dicodusport.fr\/blog\/la-liste-de-deschamps-pour-les-qualifications-au-mondial-2022\/\"},\"author\":{\"name\":\"Antonin Gizolme\",\"@id\":\"https:\/\/dicodusport.fr\/blog\/#\/schema\/person\/b5f72959ae80a547dcc15f019adf6e0c\"},\"headline\":\"La liste de Deschamps pour les qualifications au Mondial 2022\",\"datePublished\":\"2021-03-18T13:09:29+00:00\",\"dateModified\":\"2021-11-17T12:37:43+00:00\",\"mainEntityOfPage\":{\"@id\":\"https:\/\/dicodusport.fr\/blog\/la-liste-de-deschamps-pour-les-qualifications-au-mondial-2022\/\"},\"wordCount\":235,\"commentCount\":0,\"publisher\":{\"@id\":\"https:\/\/dicodusport.fr\/blog\/#organization\"},\"image\":{\"@id\":\"https:\/\/dicodusport.fr\/blog\/la-liste-de-deschamps-pour-les-qualifications-au-mondial-2022\/#primaryimage\"},\"thumbnailUrl\":\"https:\/\/dicodusport.fr\/blog\/wp-content\/uploads\/2021\/03\/La-liste-de-Deschamps-pour-les-qualifications-au-Mondial-2022.png\",\"keywords\":[\"Didier Deschamps\",\"Equipe de France de football\",\"Football\"],\"articleSection\":[\"Coupe du monde de football\",\"Football\"],\"inLanguage\":\"fr-FR\",\"potentialAction\":[{\"@type\":\"CommentAction\",\"name\":\"Comment\",\"target\":[\"https:\/\/dicodusport.fr\/blog\/la-liste-de-deschamps-pour-les-qualifications-au-mondial-2022\/#respond\"]}],\"copyrightYear\":\"2021\",\"copyrightHolder\":{\"@id\":\"https:\/\/dicodusport.fr\/blog\/#organization\"}},{\"@type\":\"WebPage\",\"@id\":\"https:\/\/dicodusport.fr\/blog\/la-liste-de-deschamps-pour-les-qualifications-au-mondial-2022\/\",\"url\":\"https:\/\/dicodusport.fr\/blog\/la-liste-de-deschamps-pour-les-qualifications-au-mondial-2022\/\",\"name\":\"La liste de Deschamps pour les qualifications au Mondial 2022\",\"isPartOf\":{\"@id\":\"https:\/\/dicodusport.fr\/blog\/#website\"},\"primaryImageOfPage\":{\"@id\":\"https:\/\/dicodusport.fr\/blog\/la-liste-de-deschamps-pour-les-qualifications-au-mondial-2022\/#primaryimage\"},\"image\":{\"@id\":\"https:\/\/dicodusport.fr\/blog\/la-liste-de-deschamps-pour-les-qualifications-au-mondial-2022\/#primaryimage\"},\"thumbnailUrl\":\"https:\/\/dicodusport.fr\/blog\/wp-content\/uploads\/2021\/03\/La-liste-de-Deschamps-pour-les-qualifications-au-Mondial-2022.png\",\"datePublished\":\"2021-03-18T13:09:29+00:00\",\"dateModified\":\"2021-11-17T12:37:43+00:00\",\"description\":\"FOOTBALL - EQUIPE DE FRANCE - Ce jeudi, Didier Deschamps a annonc\u00e9 une liste de XX joueurs pour affronter l'Ukraine, le Kazakhstan et la Bosnie, fin mars, dans le cadre des qualifications au Mondial 2022.\u00a0\",\"breadcrumb\":{\"@id\":\"https:\/\/dicodusport.fr\/blog\/la-liste-de-deschamps-pour-les-qualifications-au-mondial-2022\/#breadcrumb\"},\"inLanguage\":\"fr-FR\",\"potentialAction\":[{\"@type\":\"ReadAction\",\"target\":[\"https:\/\/dicodusport.fr\/blog\/la-liste-de-deschamps-pour-les-qualifications-au-mondial-2022\/\"]}]},{\"@type\":\"ImageObject\",\"inLanguage\":\"fr-FR\",\"@id\":\"https:\/\/dicodusport.fr\/blog\/la-liste-de-deschamps-pour-les-qualifications-au-mondial-2022\/#primaryimage\",\"url\":\"https:\/\/dicodusport.fr\/blog\/wp-content\/uploads\/2021\/03\/La-liste-de-Deschamps-pour-les-qualifications-au-Mondial-2022.png\",\"contentUrl\":\"https:\/\/dicodusport.fr\/blog\/wp-content\/uploads\/2021\/03\/La-liste-de-Deschamps-pour-les-qualifications-au-Mondial-2022.png\",\"width\":800,\"height\":445,\"caption\":\"La liste de Deschamps pour les qualifications au Mondial 2022\"},{\"@type\":\"BreadcrumbList\",\"@id\":\"https:\/\/dicodusport.fr\/blog\/la-liste-de-deschamps-pour-les-qualifications-au-mondial-2022\/#breadcrumb\",\"itemListElement\":[{\"@type\":\"ListItem\",\"position\":1,\"name\":\"Accueil\",\"item\":\"https:\/\/dicodusport.fr\/blog\/\"},{\"@type\":\"ListItem\",\"position\":2,\"name\":\"La liste de Deschamps pour les qualifications au Mondial 2022\"}]},{\"@type\":\"WebSite\",\"@id\":\"https:\/\/dicodusport.fr\/blog\/#website\",\"url\":\"https:\/\/dicodusport.fr\/blog\/\",\"name\":\"Dicodusport\",\"description\":\"L&#039;encyclop\u00e9die de l&#039;actualit\u00e9 sportive\",\"publisher\":{\"@id\":\"https:\/\/dicodusport.fr\/blog\/#organization\"},\"potentialAction\":[{\"@type\":\"SearchAction\",\"target\":{\"@type\":\"EntryPoint\",\"urlTemplate\":\"https:\/\/dicodusport.fr\/blog\/?s={search_term_string}\"},\"query-input\":{\"@type\":\"PropertyValueSpecification\",\"valueRequired\":true,\"valueName\":\"search_term_string\"}}],\"inLanguage\":\"fr-FR\"},{\"@type\":\"NewsMediaOrganization\",\"@id\":\"https:\/\/dicodusport.fr\/blog\/#organization\",\"name\":\"Dicodusport\",\"url\":\"https:\/\/dicodusport.fr\/blog\/\",\"logo\":{\"@type\":\"ImageObject\",\"inLanguage\":\"fr-FR\",\"@id\":\"https:\/\/dicodusport.fr\/blog\/#\/schema\/logo\/image\/\",\"url\":\"https:\/\/dicodusport.fr\/blog\/wp-content\/uploads\/2020\/06\/cropped-LOGO-DICODUSPORT-2020-SANS-FOND-SANS-TEXTE.png\",\"contentUrl\":\"https:\/\/dicodusport.fr\/blog\/wp-content\/uploads\/2020\/06\/cropped-LOGO-DICODUSPORT-2020-SANS-FOND-SANS-TEXTE.png\",\"width\":512,\"height\":512,\"caption\":\"Dicodusport\"},\"image\":{\"@id\":\"https:\/\/dicodusport.fr\/blog\/#\/schema\/logo\/image\/\"},\"sameAs\":[\"https:\/\/www.facebook.com\/dicodusport\",\"https:\/\/x.com\/dicodusport\",\"https:\/\/www.instagram.com\/dicodusport\/\",\"https:\/\/www.youtube.com\/channel\/UC7V2KZ5sd3htJivAbA4ZG3w\"],\"description\":\"Dicodusport est l'encyclop\u00e9die de l'actualit\u00e9 sportive.\",\"email\":\"bonjour@dicodusport.fr\",\"legalName\":\"DICODUSPORT\",\"foundingDate\":\"2018-01-14\",\"vatID\":\"FR71834470973\",\"taxID\":\"83447097300043\",\"numberOfEmployees\":{\"@type\":\"QuantitativeValue\",\"minValue\":\"1\",\"maxValue\":\"10\"}},{\"@type\":\"Person\",\"@id\":\"https:\/\/dicodusport.fr\/blog\/#\/schema\/person\/b5f72959ae80a547dcc15f019adf6e0c\",\"name\":\"Antonin Gizolme\",\"image\":{\"@type\":\"ImageObject\",\"inLanguage\":\"fr-FR\",\"@id\":\"https:\/\/dicodusport.fr\/blog\/#\/schema\/person\/image\/\",\"url\":\"https:\/\/dicodusport.fr\/blog\/wp-content\/uploads\/2021\/04\/Maillot-Anto-Dicodusport-150x150.png\",\"contentUrl\":\"https:\/\/dicodusport.fr\/blog\/wp-content\/uploads\/2021\/04\/Maillot-Anto-Dicodusport-150x150.png\",\"caption\":\"Antonin Gizolme\"},\"description\":\"Journaliste\/R\u00e9dacteur depuis mars 2021 - N\u00e9 un soir de Ligue des Champions, c\u2019est tout naturellement que je suis un passionn\u00e9 de football depuis ma plus tendre enfance. Durant des ann\u00e9es, j\u2019ai \u00e9t\u00e9 berc\u00e9 par la douce m\u00e9lodie de la Ligue des Champions, subjugu\u00e9 par les coups-francs de Juninho et admiratif devant les coups de reins de Karim Benzema. Malheureusement pour moi, mes genoux en carton m\u2019ont emp\u00each\u00e9 de suivre les traces de mes idoles pour \u00e9crire l\u2019Histoire. Alors, c\u2019est ici que je vais me charger de vous la raconter.\",\"sameAs\":[\"https:\/\/x.com\/https:\/\/twitter.com\/AntoninGizolme\"],\"url\":\"https:\/\/dicodusport.fr\/blog\/author\/antoning\/\"}]}<\/script>\n<!-- \/ Yoast SEO Premium plugin. -->","yoast_head_json":{"title":"La liste de Deschamps pour les qualifications au Mondial 2022","description":"FOOTBALL - EQUIPE DE FRANCE - Ce jeudi, Didier Deschamps a annonc\u00e9 une liste de XX joueurs pour affronter l'Ukraine, le Kazakhstan et la Bosnie, fin mars, dans le cadre des qualifications au Mondial 2022.\u00a0","robots":{"index":"index","follow":"follow","max-snippet":"max-snippet:-1","max-image-preview":"max-image-preview:large","max-video-preview":"max-video-preview:-1"},"canonical":"https:\/\/dicodusport.fr\/blog\/la-liste-de-deschamps-pour-les-qualifications-au-mondial-2022\/","og_locale":"fr_FR","og_type":"article","og_title":"La liste de Deschamps pour les qualifications au Mondial 2022","og_description":"FOOTBALL - EQUIPE DE FRANCE - Ce jeudi, Didier Deschamps a annonc\u00e9 une liste de XX joueurs pour affronter l'Ukraine, le Kazakhstan et la Bosnie, fin mars, dans le cadre des qualifications au Mondial 2022.\u00a0","og_url":"https:\/\/dicodusport.fr\/blog\/la-liste-de-deschamps-pour-les-qualifications-au-mondial-2022\/","og_site_name":"Dicodusport","article_publisher":"https:\/\/www.facebook.com\/dicodusport","article_published_time":"2021-03-18T13:09:29+00:00","article_modified_time":"2021-11-17T12:37:43+00:00","og_image":[{"width":800,"height":445,"url":"https:\/\/dicodusport.fr\/blog\/wp-content\/uploads\/2021\/03\/La-liste-de-Deschamps-pour-les-qualifications-au-Mondial-2022.png","type":"image\/png"}],"author":"Antonin Gizolme","twitter_card":"summary_large_image","twitter_title":"La liste de Deschamps pour les qualifications au Mondial 2022","twitter_creator":"@https:\/\/twitter.com\/AntoninGizolme","twitter_site":"@dicodusport","schema":{"@context":"https:\/\/schema.org","@graph":[{"@type":"NewsArticle","@id":"https:\/\/dicodusport.fr\/blog\/la-liste-de-deschamps-pour-les-qualifications-au-mondial-2022\/#article","isPartOf":{"@id":"https:\/\/dicodusport.fr\/blog\/la-liste-de-deschamps-pour-les-qualifications-au-mondial-2022\/"},"author":{"name":"Antonin Gizolme","@id":"https:\/\/dicodusport.fr\/blog\/#\/schema\/person\/b5f72959ae80a547dcc15f019adf6e0c"},"headline":"La liste de Deschamps pour les qualifications au Mondial 2022","datePublished":"2021-03-18T13:09:29+00:00","dateModified":"2021-11-17T12:37:43+00:00","mainEntityOfPage":{"@id":"https:\/\/dicodusport.fr\/blog\/la-liste-de-deschamps-pour-les-qualifications-au-mondial-2022\/"},"wordCount":235,"commentCount":0,"publisher":{"@id":"https:\/\/dicodusport.fr\/blog\/#organization"},"image":{"@id":"https:\/\/dicodusport.fr\/blog\/la-liste-de-deschamps-pour-les-qualifications-au-mondial-2022\/#primaryimage"},"thumbnailUrl":"https:\/\/dicodusport.fr\/blog\/wp-content\/uploads\/2021\/03\/La-liste-de-Deschamps-pour-les-qualifications-au-Mondial-2022.png","keywords":["Didier Deschamps","Equipe de France de football","Football"],"articleSection":["Coupe du monde de football","Football"],"inLanguage":"fr-FR","potentialAction":[{"@type":"CommentAction","name":"Comment","target":["https:\/\/dicodusport.fr\/blog\/la-liste-de-deschamps-pour-les-qualifications-au-mondial-2022\/#respond"]}],"copyrightYear":"2021","copyrightHolder":{"@id":"https:\/\/dicodusport.fr\/blog\/#organization"}},{"@type":"WebPage","@id":"https:\/\/dicodusport.fr\/blog\/la-liste-de-deschamps-pour-les-qualifications-au-mondial-2022\/","url":"https:\/\/dicodusport.fr\/blog\/la-liste-de-deschamps-pour-les-qualifications-au-mondial-2022\/","name":"La liste de Deschamps pour les qualifications au Mondial 2022","isPartOf":{"@id":"https:\/\/dicodusport.fr\/blog\/#website"},"primaryImageOfPage":{"@id":"https:\/\/dicodusport.fr\/blog\/la-liste-de-deschamps-pour-les-qualifications-au-mondial-2022\/#primaryimage"},"image":{"@id":"https:\/\/dicodusport.fr\/blog\/la-liste-de-deschamps-pour-les-qualifications-au-mondial-2022\/#primaryimage"},"thumbnailUrl":"https:\/\/dicodusport.fr\/blog\/wp-content\/uploads\/2021\/03\/La-liste-de-Deschamps-pour-les-qualifications-au-Mondial-2022.png","datePublished":"2021-03-18T13:09:29+00:00","dateModified":"2021-11-17T12:37:43+00:00","description":"FOOTBALL - EQUIPE DE FRANCE - Ce jeudi, Didier Deschamps a annonc\u00e9 une liste de XX joueurs pour affronter l'Ukraine, le Kazakhstan et la Bosnie, fin mars, dans le cadre des qualifications au Mondial 2022.\u00a0","breadcrumb":{"@id":"https:\/\/dicodusport.fr\/blog\/la-liste-de-deschamps-pour-les-qualifications-au-mondial-2022\/#breadcrumb"},"inLanguage":"fr-FR","potentialAction":[{"@type":"ReadAction","target":["https:\/\/dicodusport.fr\/blog\/la-liste-de-deschamps-pour-les-qualifications-au-mondial-2022\/"]}]},{"@type":"ImageObject","inLanguage":"fr-FR","@id":"https:\/\/dicodusport.fr\/blog\/la-liste-de-deschamps-pour-les-qualifications-au-mondial-2022\/#primaryimage","url":"https:\/\/dicodusport.fr\/blog\/wp-content\/uploads\/2021\/03\/La-liste-de-Deschamps-pour-les-qualifications-au-Mondial-2022.png","contentUrl":"https:\/\/dicodusport.fr\/blog\/wp-content\/uploads\/2021\/03\/La-liste-de-Deschamps-pour-les-qualifications-au-Mondial-2022.png","width":800,"height":445,"caption":"La liste de Deschamps pour les qualifications au Mondial 2022"},{"@type":"BreadcrumbList","@id":"https:\/\/dicodusport.fr\/blog\/la-liste-de-deschamps-pour-les-qualifications-au-mondial-2022\/#breadcrumb","itemListElement":[{"@type":"ListItem","position":1,"name":"Accueil","item":"https:\/\/dicodusport.fr\/blog\/"},{"@type":"ListItem","position":2,"name":"La liste de Deschamps pour les qualifications au Mondial 2022"}]},{"@type":"WebSite","@id":"https:\/\/dicodusport.fr\/blog\/#website","url":"https:\/\/dicodusport.fr\/blog\/","name":"Dicodusport","description":"L&#039;encyclop\u00e9die de l&#039;actualit\u00e9 sportive","publisher":{"@id":"https:\/\/dicodusport.fr\/blog\/#organization"},"potentialAction":[{"@type":"SearchAction","target":{"@type":"EntryPoint","urlTemplate":"https:\/\/dicodusport.fr\/blog\/?s={search_term_string}"},"query-input":{"@type":"PropertyValueSpecification","valueRequired":true,"valueName":"search_term_string"}}],"inLanguage":"fr-FR"},{"@type":"NewsMediaOrganization","@id":"https:\/\/dicodusport.fr\/blog\/#organization","name":"Dicodusport","url":"https:\/\/dicodusport.fr\/blog\/","logo":{"@type":"ImageObject","inLanguage":"fr-FR","@id":"https:\/\/dicodusport.fr\/blog\/#\/schema\/logo\/image\/","url":"https:\/\/dicodusport.fr\/blog\/wp-content\/uploads\/2020\/06\/cropped-LOGO-DICODUSPORT-2020-SANS-FOND-SANS-TEXTE.png","contentUrl":"https:\/\/dicodusport.fr\/blog\/wp-content\/uploads\/2020\/06\/cropped-LOGO-DICODUSPORT-2020-SANS-FOND-SANS-TEXTE.png","width":512,"height":512,"caption":"Dicodusport"},"image":{"@id":"https:\/\/dicodusport.fr\/blog\/#\/schema\/logo\/image\/"},"sameAs":["https:\/\/www.facebook.com\/dicodusport","https:\/\/x.com\/dicodusport","https:\/\/www.instagram.com\/dicodusport\/","https:\/\/www.youtube.com\/channel\/UC7V2KZ5sd3htJivAbA4ZG3w"],"description":"Dicodusport est l'encyclop\u00e9die de l'actualit\u00e9 sportive.","email":"bonjour@dicodusport.fr","legalName":"DICODUSPORT","foundingDate":"2018-01-14","vatID":"FR71834470973","taxID":"83447097300043","numberOfEmployees":{"@type":"QuantitativeValue","minValue":"1","maxValue":"10"}},{"@type":"Person","@id":"https:\/\/dicodusport.fr\/blog\/#\/schema\/person\/b5f72959ae80a547dcc15f019adf6e0c","name":"Antonin Gizolme","image":{"@type":"ImageObject","inLanguage":"fr-FR","@id":"https:\/\/dicodusport.fr\/blog\/#\/schema\/person\/image\/","url":"https:\/\/dicodusport.fr\/blog\/wp-content\/uploads\/2021\/04\/Maillot-Anto-Dicodusport-150x150.png","contentUrl":"https:\/\/dicodusport.fr\/blog\/wp-content\/uploads\/2021\/04\/Maillot-Anto-Dicodusport-150x150.png","caption":"Antonin Gizolme"},"description":"Journaliste\/R\u00e9dacteur depuis mars 2021 - N\u00e9 un soir de Ligue des Champions, c\u2019est tout naturellement que je suis un passionn\u00e9 de football depuis ma plus tendre enfance. Durant des ann\u00e9es, j\u2019ai \u00e9t\u00e9 berc\u00e9 par la douce m\u00e9lodie de la Ligue des Champions, subjugu\u00e9 par les coups-francs de Juninho et admiratif devant les coups de reins de Karim Benzema. Malheureusement pour moi, mes genoux en carton m\u2019ont emp\u00each\u00e9 de suivre les traces de mes idoles pour \u00e9crire l\u2019Histoire. Alors, c\u2019est ici que je vais me charger de vous la raconter.","sameAs":["https:\/\/x.com\/https:\/\/twitter.com\/AntoninGizolme"],"url":"https:\/\/dicodusport.fr\/blog\/author\/antoning\/"}]}},"_links":{"self":[{"href":"https:\/\/dicodusport.fr\/blog\/wp-json\/wp\/v2\/posts\/114551","targetHints":{"allow":["GET"]}}],"collection":[{"href":"https:\/\/dicodusport.fr\/blog\/wp-json\/wp\/v2\/posts"}],"about":[{"href":"https:\/\/dicodusport.fr\/blog\/wp-json\/wp\/v2\/types\/post"}],"author":[{"embeddable":true,"href":"https:\/\/dicodusport.fr\/blog\/wp-json\/wp\/v2\/users\/51"}],"replies":[{"embeddable":true,"href":"https:\/\/dicodusport.fr\/blog\/wp-json\/wp\/v2\/comments?post=114551"}],"version-history":[{"count":0,"href":"https:\/\/dicodusport.fr\/blog\/wp-json\/wp\/v2\/posts\/114551\/revisions"}],"wp:featuredmedia":[{"embeddable":true,"href":"https:\/\/dicodusport.fr\/blog\/wp-json\/wp\/v2\/media\/114576"}],"wp:attachment":[{"href":"https:\/\/dicodusport.fr\/blog\/wp-json\/wp\/v2\/media?parent=114551"}],"wp:term":[{"taxonomy":"category","embeddable":true,"href":"https:\/\/dicodusport.fr\/blog\/wp-json\/wp\/v2\/categories?post=114551"},{"taxonomy":"post_tag","embeddable":true,"href":"https:\/\/dicodusport.fr\/blog\/wp-json\/wp\/v2\/tags?post=114551"}],"curies":[{"name":"wp","href":"https:\/\/api.w.org\/{rel}","templated":true}]}}