{"id":114565,"date":"2021-03-18T13:57:06","date_gmt":"2021-03-18T12:57:06","guid":{"rendered":"https:\/\/dicodusport.fr\/blog\/?p=114565&#038;preview=true&#038;preview_id=114565"},"modified":"2021-10-18T16:27:20","modified_gmt":"2021-10-18T14:27:20","slug":"6-nations-2021-composition-pays-de-galles-pour-affronter-xv-de-france","status":"publish","type":"post","link":"https:\/\/dicodusport.fr\/blog\/6-nations-2021-composition-pays-de-galles-pour-affronter-xv-de-france\/","title":{"rendered":"6 Nations 2021 : la composition du Pays de Galles pour affronter le XV de France"},"content":{"rendered":"<p style=\"text-align: justify;\"><strong><em><a href=\"https:\/\/dicodusport.fr\/blog\/actualites\/rugby\/rugby-a-xv\/tournoi-6-nations-2021\/\" target=\"_blank\" rel=\"noopener\">TOURNOI DES 6 NATIONS 2021<\/a> &#8211; Wayne Pivac, le s\u00e9lectionneur du Pays de Galles, a d\u00e9voil\u00e9 la composition du XV du Poireau pour affronter le XV de France ce samedi (21h00).<\/em><\/strong><\/p>\n<p style=\"text-align: justify;\">Les Gallois misent sur la continuit\u00e9. 14 des 15 jours qui ont d\u00e9roul\u00e9 face \u00e0 l&rsquo;Italie la semaine pass\u00e9e (7-48) ont \u00e9t\u00e9 reconduits : seul le deuxi\u00e8me ligne <strong>Adam Beard<\/strong> fait son apparition dans le XV du Poireau, \u00e0 la place de <strong>Cory Hill<\/strong>.<\/p>\n<h2 style=\"text-align: justify;\">La composition du Pays de Galles pour affronter le XV de France<\/h2>\n<p style=\"text-align: justify;\">15. L. Williams ; 14. Rees-Zammit, 13. North, 12. J. Davies, 11. J. Adams ; 10. Biggar (o), 9. G. Davies (m) ; 7. Tipuric, 8. Faletau, 6. Navidi ; 5. A.W. Jones (cap.), 4. Beard ; 3. Francis, 2. Owens, 1. W. Jones<\/p>\n<p style=\"text-align: justify;\"><strong>Rempla\u00e7ants :<\/strong> 16. Dee, 17. Smith, 18. Brown, 19. Hill, 20. Botham, 21. T. Williams, 22. Sheedy, 23. Halaholo<\/p>\n<blockquote class=\"twitter-tweet\">\n<p dir=\"ltr\" lang=\"cy\">: Our team for <a href=\"https:\/\/twitter.com\/hashtag\/FRAvWAL?src=hash&amp;ref_src=twsrc%5Etfw\">#FRAvWAL<\/a>\u2800<\/p>\n<p>\u204d Adam Beard returns in the second row<\/p>\n<p>\u204d \u0302<\/p>\n<p><a href=\"https:\/\/twitter.com\/hashtag\/HWFN?src=hash&amp;ref_src=twsrc%5Etfw\">#HWFN<\/a> \u244a <a href=\"https:\/\/twitter.com\/hashtag\/GuinnessSixNations?src=hash&amp;ref_src=twsrc%5Etfw\">#GuinnessSixNations<\/a> \u2800<\/p>\n<p>\u2014 Welsh Rugby Union (@WelshRugbyUnion) <a href=\"https:\/\/twitter.com\/WelshRugbyUnion\/status\/1372503110678118403?ref_src=twsrc%5Etfw\">March 18, 2021<\/a><\/p><\/blockquote>\n<p><script async src=\"https:\/\/platform.twitter.com\/widgets.js\" charset=\"utf-8\"><\/script><\/p>\n<h2 style=\"text-align: justify;\">\u00c0 lire aussi<\/h2>\n<ul>\n<li style=\"text-align: justify;\"><a href=\"https:\/\/dicodusport.fr\/blog\/tournoi-des-6-nations-2021-pronostic-france-pays-de-galles\/\" target=\"_blank\" rel=\"noopener\"><strong>Notre pronostic pour France &#8211; Pays de Galles<\/strong><\/a><\/li>\n<li style=\"text-align: justify;\"><a href=\"https:\/\/dicodusport.fr\/blog\/xv-de-france-composition-bleus-pour-affronter-pays-de-galles\/\" target=\"_blank\" rel=\"noopener\"><strong style=\"text-align: justify;\">XV de France : la composition des Bleus pour affronter le Pays de Galles<\/strong><\/a><\/li>\n<li style=\"text-align: justify;\"><a href=\"https:\/\/dicodusport.fr\/blog\/tournoi-des-6-nations-2021-calendrier-et-resultats\/\" target=\"_blank\" rel=\"noopener\"><strong>Tournoi des 6 Nations 2021 : calendrier et r\u00e9sultats<\/strong><\/a><\/li>\n<li style=\"text-align: justify;\"><a href=\"https:\/\/dicodusport.fr\/blog\/tournoi-des-6-nations-2021-le-classement\/\" target=\"_blank\" rel=\"noopener\"><strong>Tournoi des 6 Nations 2021 : le classement<\/strong><\/a><\/li>\n<li style=\"text-align: justify;\"><a href=\"https:\/\/dicodusport.fr\/blog\/remporter-tournoi-des-6-nations-ca-rapporte-combien-toutes-les-primes-de-l-edition-2021\/\" target=\"_blank\" rel=\"noopener\"><strong>Toutes les primes du Tournoi des 6 Nations 2021<\/strong><\/a><\/li>\n<\/ul>\n<p><strong><em>Dicodusport<br \/>\n<a href=\"https:\/\/www.facebook.com\/dicodusport\/\" target=\"_blank\" rel=\"noopener noreferrer\"><img loading=\"lazy\" decoding=\"async\" class=\"alignnone wp-image-2909\" src=\"http:\/\/dicodusport.fr\/blog\/wp-content\/uploads\/2017\/07\/logo-facebook-150x150.png\" alt=\"\" width=\"40\" height=\"40\" \/><\/a><a href=\"https:\/\/twitter.com\/dicodusport\" target=\"_blank\" rel=\"noopener noreferrer\"><img loading=\"lazy\" decoding=\"async\" class=\"alignnone wp-image-2908\" src=\"http:\/\/dicodusport.fr\/blog\/wp-content\/uploads\/2017\/07\/logo-twitter-150x150.png\" alt=\"\" width=\"39\" height=\"39\" \/><\/a><\/em><\/strong><\/p>\n","protected":false},"excerpt":{"rendered":"<p>TOURNOI DES 6 NATIONS 2021 &#8211; Wayne Pivac, le s\u00e9lectionneur du Pays de Galles, a d\u00e9voil\u00e9 la composition du XV du Poireau pour affronter le XV de France ce samedi (21h00).<\/p>\n","protected":false},"author":4,"featured_media":104486,"comment_status":"open","ping_status":"closed","sticky":false,"template":"","format":"standard","meta":{"_acf_changed":false,"_daextam_enable_autolinks":"","footnotes":""},"categories":[47048,19951],"tags":[6534,9734],"class_list":["post-114565","post","type-post","status-publish","format-standard","has-post-thumbnail","hentry","category-tournoi-des-6-nations","category-xv-de-france","tag-france-pays-de-galles","tag-tournoi-des-6-nations"],"acf":[],"yoast_head":"<!-- This site is optimized with the Yoast SEO Premium plugin v26.7 (Yoast SEO v26.7) - https:\/\/yoast.com\/wordpress\/plugins\/seo\/ -->\n<title>6 Nations 2021 : la composition du Pays de Galles pour affronter le XV de France<\/title>\n<meta name=\"description\" content=\"TOURNOI DES 6 NATIONS 2021 - Wayne Pivac, le s\u00e9lectionneur du Pays de Galles, a d\u00e9voil\u00e9 la composition du XV du Poireau pour affronter le XV de France.\" \/>\n<meta name=\"robots\" content=\"index, follow, max-snippet:-1, max-image-preview:large, max-video-preview:-1\" \/>\n<link rel=\"canonical\" href=\"https:\/\/dicodusport.fr\/blog\/6-nations-2021-composition-pays-de-galles-pour-affronter-xv-de-france\/\" \/>\n<meta property=\"og:locale\" content=\"fr_FR\" \/>\n<meta property=\"og:type\" content=\"article\" \/>\n<meta property=\"og:title\" content=\"6 Nations 2021 : la composition du Pays de Galles pour affronter le XV de France\" \/>\n<meta property=\"og:description\" content=\"TOURNOI DES 6 NATIONS 2021 - Wayne Pivac, le s\u00e9lectionneur du Pays de Galles, a d\u00e9voil\u00e9 la composition du XV du Poireau pour affronter le XV de France.\" \/>\n<meta property=\"og:url\" content=\"https:\/\/dicodusport.fr\/blog\/6-nations-2021-composition-pays-de-galles-pour-affronter-xv-de-france\/\" \/>\n<meta property=\"og:site_name\" content=\"Dicodusport\" \/>\n<meta property=\"article:publisher\" content=\"https:\/\/www.facebook.com\/dicodusport\" \/>\n<meta property=\"article:author\" content=\"https:\/\/www.facebook.com\/florent.ostermann\" \/>\n<meta property=\"article:published_time\" content=\"2021-03-18T12:57:06+00:00\" \/>\n<meta property=\"article:modified_time\" content=\"2021-10-18T14:27:20+00:00\" \/>\n<meta property=\"og:image\" content=\"https:\/\/dicodusport.fr\/blog\/wp-content\/uploads\/2021\/02\/Rugby-Tournoi-des-6-Nations-2021-Les-compositions-de-Pays-de-Galles-Irlande.png\" \/>\n\t<meta property=\"og:image:width\" content=\"800\" \/>\n\t<meta property=\"og:image:height\" content=\"445\" \/>\n\t<meta property=\"og:image:type\" content=\"image\/png\" \/>\n<meta name=\"author\" content=\"Flo Ostermann\" \/>\n<meta name=\"twitter:card\" content=\"summary_large_image\" \/>\n<meta name=\"twitter:title\" content=\"6 Nations 2021 : la composition du Pays de Galles pour affronter le XV de France\" \/>\n<meta name=\"twitter:creator\" content=\"@https:\/\/twitter.com\/FlOstermann\" \/>\n<meta name=\"twitter:site\" content=\"@dicodusport\" \/>\n<script type=\"application\/ld+json\" class=\"yoast-schema-graph\">{\"@context\":\"https:\/\/schema.org\",\"@graph\":[{\"@type\":\"NewsArticle\",\"@id\":\"https:\/\/dicodusport.fr\/blog\/6-nations-2021-composition-pays-de-galles-pour-affronter-xv-de-france\/#article\",\"isPartOf\":{\"@id\":\"https:\/\/dicodusport.fr\/blog\/6-nations-2021-composition-pays-de-galles-pour-affronter-xv-de-france\/\"},\"author\":{\"name\":\"Flo Ostermann\",\"@id\":\"https:\/\/dicodusport.fr\/blog\/#\/schema\/person\/cb02af4c173ce4a653b55e9baf388d4a\"},\"headline\":\"6 Nations 2021 : la composition du Pays de Galles pour affronter le XV de France\",\"datePublished\":\"2021-03-18T12:57:06+00:00\",\"dateModified\":\"2021-10-18T14:27:20+00:00\",\"mainEntityOfPage\":{\"@id\":\"https:\/\/dicodusport.fr\/blog\/6-nations-2021-composition-pays-de-galles-pour-affronter-xv-de-france\/\"},\"wordCount\":196,\"commentCount\":0,\"publisher\":{\"@id\":\"https:\/\/dicodusport.fr\/blog\/#organization\"},\"image\":{\"@id\":\"https:\/\/dicodusport.fr\/blog\/6-nations-2021-composition-pays-de-galles-pour-affronter-xv-de-france\/#primaryimage\"},\"thumbnailUrl\":\"https:\/\/dicodusport.fr\/blog\/wp-content\/uploads\/2021\/02\/Rugby-Tournoi-des-6-Nations-2021-Les-compositions-de-Pays-de-Galles-Irlande.png\",\"keywords\":[\"France Pays de Galles\",\"Tournoi des 6 Nations\"],\"articleSection\":[\"Tournoi des 6 Nations\",\"XV de France\"],\"inLanguage\":\"fr-FR\",\"potentialAction\":[{\"@type\":\"CommentAction\",\"name\":\"Comment\",\"target\":[\"https:\/\/dicodusport.fr\/blog\/6-nations-2021-composition-pays-de-galles-pour-affronter-xv-de-france\/#respond\"]}],\"copyrightYear\":\"2021\",\"copyrightHolder\":{\"@id\":\"https:\/\/dicodusport.fr\/blog\/#organization\"}},{\"@type\":\"WebPage\",\"@id\":\"https:\/\/dicodusport.fr\/blog\/6-nations-2021-composition-pays-de-galles-pour-affronter-xv-de-france\/\",\"url\":\"https:\/\/dicodusport.fr\/blog\/6-nations-2021-composition-pays-de-galles-pour-affronter-xv-de-france\/\",\"name\":\"6 Nations 2021 : la composition du Pays de Galles pour affronter le XV de France\",\"isPartOf\":{\"@id\":\"https:\/\/dicodusport.fr\/blog\/#website\"},\"primaryImageOfPage\":{\"@id\":\"https:\/\/dicodusport.fr\/blog\/6-nations-2021-composition-pays-de-galles-pour-affronter-xv-de-france\/#primaryimage\"},\"image\":{\"@id\":\"https:\/\/dicodusport.fr\/blog\/6-nations-2021-composition-pays-de-galles-pour-affronter-xv-de-france\/#primaryimage\"},\"thumbnailUrl\":\"https:\/\/dicodusport.fr\/blog\/wp-content\/uploads\/2021\/02\/Rugby-Tournoi-des-6-Nations-2021-Les-compositions-de-Pays-de-Galles-Irlande.png\",\"datePublished\":\"2021-03-18T12:57:06+00:00\",\"dateModified\":\"2021-10-18T14:27:20+00:00\",\"description\":\"TOURNOI DES 6 NATIONS 2021 - Wayne Pivac, le s\u00e9lectionneur du Pays de Galles, a d\u00e9voil\u00e9 la composition du XV du Poireau pour affronter le XV de France.\",\"breadcrumb\":{\"@id\":\"https:\/\/dicodusport.fr\/blog\/6-nations-2021-composition-pays-de-galles-pour-affronter-xv-de-france\/#breadcrumb\"},\"inLanguage\":\"fr-FR\",\"potentialAction\":[{\"@type\":\"ReadAction\",\"target\":[\"https:\/\/dicodusport.fr\/blog\/6-nations-2021-composition-pays-de-galles-pour-affronter-xv-de-france\/\"]}]},{\"@type\":\"ImageObject\",\"inLanguage\":\"fr-FR\",\"@id\":\"https:\/\/dicodusport.fr\/blog\/6-nations-2021-composition-pays-de-galles-pour-affronter-xv-de-france\/#primaryimage\",\"url\":\"https:\/\/dicodusport.fr\/blog\/wp-content\/uploads\/2021\/02\/Rugby-Tournoi-des-6-Nations-2021-Les-compositions-de-Pays-de-Galles-Irlande.png\",\"contentUrl\":\"https:\/\/dicodusport.fr\/blog\/wp-content\/uploads\/2021\/02\/Rugby-Tournoi-des-6-Nations-2021-Les-compositions-de-Pays-de-Galles-Irlande.png\",\"width\":800,\"height\":445,\"caption\":\"6 Nations 2021 : la composition du Pays de Galles pour affronter le XV de France\"},{\"@type\":\"BreadcrumbList\",\"@id\":\"https:\/\/dicodusport.fr\/blog\/6-nations-2021-composition-pays-de-galles-pour-affronter-xv-de-france\/#breadcrumb\",\"itemListElement\":[{\"@type\":\"ListItem\",\"position\":1,\"name\":\"Accueil\",\"item\":\"https:\/\/dicodusport.fr\/blog\/\"},{\"@type\":\"ListItem\",\"position\":2,\"name\":\"6 Nations 2021 : la composition du Pays de Galles pour affronter le XV de France\"}]},{\"@type\":\"WebSite\",\"@id\":\"https:\/\/dicodusport.fr\/blog\/#website\",\"url\":\"https:\/\/dicodusport.fr\/blog\/\",\"name\":\"Dicodusport\",\"description\":\"L&#039;encyclop\u00e9die de l&#039;actualit\u00e9 sportive\",\"publisher\":{\"@id\":\"https:\/\/dicodusport.fr\/blog\/#organization\"},\"potentialAction\":[{\"@type\":\"SearchAction\",\"target\":{\"@type\":\"EntryPoint\",\"urlTemplate\":\"https:\/\/dicodusport.fr\/blog\/?s={search_term_string}\"},\"query-input\":{\"@type\":\"PropertyValueSpecification\",\"valueRequired\":true,\"valueName\":\"search_term_string\"}}],\"inLanguage\":\"fr-FR\"},{\"@type\":\"NewsMediaOrganization\",\"@id\":\"https:\/\/dicodusport.fr\/blog\/#organization\",\"name\":\"Dicodusport\",\"url\":\"https:\/\/dicodusport.fr\/blog\/\",\"logo\":{\"@type\":\"ImageObject\",\"inLanguage\":\"fr-FR\",\"@id\":\"https:\/\/dicodusport.fr\/blog\/#\/schema\/logo\/image\/\",\"url\":\"https:\/\/dicodusport.fr\/blog\/wp-content\/uploads\/2020\/06\/cropped-LOGO-DICODUSPORT-2020-SANS-FOND-SANS-TEXTE.png\",\"contentUrl\":\"https:\/\/dicodusport.fr\/blog\/wp-content\/uploads\/2020\/06\/cropped-LOGO-DICODUSPORT-2020-SANS-FOND-SANS-TEXTE.png\",\"width\":512,\"height\":512,\"caption\":\"Dicodusport\"},\"image\":{\"@id\":\"https:\/\/dicodusport.fr\/blog\/#\/schema\/logo\/image\/\"},\"sameAs\":[\"https:\/\/www.facebook.com\/dicodusport\",\"https:\/\/x.com\/dicodusport\",\"https:\/\/www.instagram.com\/dicodusport\/\",\"https:\/\/www.youtube.com\/channel\/UC7V2KZ5sd3htJivAbA4ZG3w\"],\"description\":\"Dicodusport est l'encyclop\u00e9die de l'actualit\u00e9 sportive.\",\"email\":\"bonjour@dicodusport.fr\",\"legalName\":\"DICODUSPORT\",\"foundingDate\":\"2018-01-14\",\"vatID\":\"FR71834470973\",\"taxID\":\"83447097300043\",\"numberOfEmployees\":{\"@type\":\"QuantitativeValue\",\"minValue\":\"1\",\"maxValue\":\"10\"}},{\"@type\":\"Person\",\"@id\":\"https:\/\/dicodusport.fr\/blog\/#\/schema\/person\/cb02af4c173ce4a653b55e9baf388d4a\",\"name\":\"Flo Ostermann\",\"image\":{\"@type\":\"ImageObject\",\"inLanguage\":\"fr-FR\",\"@id\":\"https:\/\/dicodusport.fr\/blog\/#\/schema\/person\/image\/\",\"url\":\"https:\/\/dicodusport.fr\/blog\/wp-content\/uploads\/2021\/05\/Flo-Ostermann-150x150.jpg\",\"contentUrl\":\"https:\/\/dicodusport.fr\/blog\/wp-content\/uploads\/2021\/05\/Flo-Ostermann-150x150.jpg\",\"caption\":\"Flo Ostermann\"},\"description\":\"Journaliste\/R\u00e9dacteur depuis septembre 2015 - Mes premiers souvenirs dans le sport ? Les envol\u00e9es du Stade Toulousain et les duels Villeneuve-Schumacher et H\u00e4kkinen-Schumacher \u00e0 la fin des ann\u00e9es 90, la Coupe du monde de football en 1998, l\u2019exploit du XV de France face aux All Blacks en 1999, mais aussi Richard C\u0153ur de Lion qui vole sur les montagnes du Tour de France. Bien parti pour devenir professeur d\u2019EPS, les \u00e9v\u00e9nements de la vie (et la flemme d\u2019animer des s\u00e9ances de 3x500 m\u00e8tres toute ma vie) m\u2019ont conduit \u00e0 revoir mes plans. Me voil\u00e0 depuis fin 2017 sur Dicodusport, m\u00e9dia gr\u00e2ce (et pour) lequel je partage ma passion : le sport dans tous ses \u00e9tats. Le tout accompagn\u00e9 par les fous furieux et folles furieuses cit\u00e9s sur cette page !\",\"sameAs\":[\"https:\/\/www.facebook.com\/florent.ostermann\",\"https:\/\/x.com\/https:\/\/twitter.com\/FlOstermann\",\"admin\"],\"url\":\"https:\/\/dicodusport.fr\/blog\/author\/flo\/\"}]}<\/script>\n<!-- \/ Yoast SEO Premium plugin. -->","yoast_head_json":{"title":"6 Nations 2021 : la composition du Pays de Galles pour affronter le XV de France","description":"TOURNOI DES 6 NATIONS 2021 - Wayne Pivac, le s\u00e9lectionneur du Pays de Galles, a d\u00e9voil\u00e9 la composition du XV du Poireau pour affronter le XV de France.","robots":{"index":"index","follow":"follow","max-snippet":"max-snippet:-1","max-image-preview":"max-image-preview:large","max-video-preview":"max-video-preview:-1"},"canonical":"https:\/\/dicodusport.fr\/blog\/6-nations-2021-composition-pays-de-galles-pour-affronter-xv-de-france\/","og_locale":"fr_FR","og_type":"article","og_title":"6 Nations 2021 : la composition du Pays de Galles pour affronter le XV de France","og_description":"TOURNOI DES 6 NATIONS 2021 - Wayne Pivac, le s\u00e9lectionneur du Pays de Galles, a d\u00e9voil\u00e9 la composition du XV du Poireau pour affronter le XV de France.","og_url":"https:\/\/dicodusport.fr\/blog\/6-nations-2021-composition-pays-de-galles-pour-affronter-xv-de-france\/","og_site_name":"Dicodusport","article_publisher":"https:\/\/www.facebook.com\/dicodusport","article_author":"https:\/\/www.facebook.com\/florent.ostermann","article_published_time":"2021-03-18T12:57:06+00:00","article_modified_time":"2021-10-18T14:27:20+00:00","og_image":[{"width":800,"height":445,"url":"https:\/\/dicodusport.fr\/blog\/wp-content\/uploads\/2021\/02\/Rugby-Tournoi-des-6-Nations-2021-Les-compositions-de-Pays-de-Galles-Irlande.png","type":"image\/png"}],"author":"Flo Ostermann","twitter_card":"summary_large_image","twitter_title":"6 Nations 2021 : la composition du Pays de Galles pour affronter le XV de France","twitter_creator":"@https:\/\/twitter.com\/FlOstermann","twitter_site":"@dicodusport","schema":{"@context":"https:\/\/schema.org","@graph":[{"@type":"NewsArticle","@id":"https:\/\/dicodusport.fr\/blog\/6-nations-2021-composition-pays-de-galles-pour-affronter-xv-de-france\/#article","isPartOf":{"@id":"https:\/\/dicodusport.fr\/blog\/6-nations-2021-composition-pays-de-galles-pour-affronter-xv-de-france\/"},"author":{"name":"Flo Ostermann","@id":"https:\/\/dicodusport.fr\/blog\/#\/schema\/person\/cb02af4c173ce4a653b55e9baf388d4a"},"headline":"6 Nations 2021 : la composition du Pays de Galles pour affronter le XV de France","datePublished":"2021-03-18T12:57:06+00:00","dateModified":"2021-10-18T14:27:20+00:00","mainEntityOfPage":{"@id":"https:\/\/dicodusport.fr\/blog\/6-nations-2021-composition-pays-de-galles-pour-affronter-xv-de-france\/"},"wordCount":196,"commentCount":0,"publisher":{"@id":"https:\/\/dicodusport.fr\/blog\/#organization"},"image":{"@id":"https:\/\/dicodusport.fr\/blog\/6-nations-2021-composition-pays-de-galles-pour-affronter-xv-de-france\/#primaryimage"},"thumbnailUrl":"https:\/\/dicodusport.fr\/blog\/wp-content\/uploads\/2021\/02\/Rugby-Tournoi-des-6-Nations-2021-Les-compositions-de-Pays-de-Galles-Irlande.png","keywords":["France Pays de Galles","Tournoi des 6 Nations"],"articleSection":["Tournoi des 6 Nations","XV de France"],"inLanguage":"fr-FR","potentialAction":[{"@type":"CommentAction","name":"Comment","target":["https:\/\/dicodusport.fr\/blog\/6-nations-2021-composition-pays-de-galles-pour-affronter-xv-de-france\/#respond"]}],"copyrightYear":"2021","copyrightHolder":{"@id":"https:\/\/dicodusport.fr\/blog\/#organization"}},{"@type":"WebPage","@id":"https:\/\/dicodusport.fr\/blog\/6-nations-2021-composition-pays-de-galles-pour-affronter-xv-de-france\/","url":"https:\/\/dicodusport.fr\/blog\/6-nations-2021-composition-pays-de-galles-pour-affronter-xv-de-france\/","name":"6 Nations 2021 : la composition du Pays de Galles pour affronter le XV de France","isPartOf":{"@id":"https:\/\/dicodusport.fr\/blog\/#website"},"primaryImageOfPage":{"@id":"https:\/\/dicodusport.fr\/blog\/6-nations-2021-composition-pays-de-galles-pour-affronter-xv-de-france\/#primaryimage"},"image":{"@id":"https:\/\/dicodusport.fr\/blog\/6-nations-2021-composition-pays-de-galles-pour-affronter-xv-de-france\/#primaryimage"},"thumbnailUrl":"https:\/\/dicodusport.fr\/blog\/wp-content\/uploads\/2021\/02\/Rugby-Tournoi-des-6-Nations-2021-Les-compositions-de-Pays-de-Galles-Irlande.png","datePublished":"2021-03-18T12:57:06+00:00","dateModified":"2021-10-18T14:27:20+00:00","description":"TOURNOI DES 6 NATIONS 2021 - Wayne Pivac, le s\u00e9lectionneur du Pays de Galles, a d\u00e9voil\u00e9 la composition du XV du Poireau pour affronter le XV de France.","breadcrumb":{"@id":"https:\/\/dicodusport.fr\/blog\/6-nations-2021-composition-pays-de-galles-pour-affronter-xv-de-france\/#breadcrumb"},"inLanguage":"fr-FR","potentialAction":[{"@type":"ReadAction","target":["https:\/\/dicodusport.fr\/blog\/6-nations-2021-composition-pays-de-galles-pour-affronter-xv-de-france\/"]}]},{"@type":"ImageObject","inLanguage":"fr-FR","@id":"https:\/\/dicodusport.fr\/blog\/6-nations-2021-composition-pays-de-galles-pour-affronter-xv-de-france\/#primaryimage","url":"https:\/\/dicodusport.fr\/blog\/wp-content\/uploads\/2021\/02\/Rugby-Tournoi-des-6-Nations-2021-Les-compositions-de-Pays-de-Galles-Irlande.png","contentUrl":"https:\/\/dicodusport.fr\/blog\/wp-content\/uploads\/2021\/02\/Rugby-Tournoi-des-6-Nations-2021-Les-compositions-de-Pays-de-Galles-Irlande.png","width":800,"height":445,"caption":"6 Nations 2021 : la composition du Pays de Galles pour affronter le XV de France"},{"@type":"BreadcrumbList","@id":"https:\/\/dicodusport.fr\/blog\/6-nations-2021-composition-pays-de-galles-pour-affronter-xv-de-france\/#breadcrumb","itemListElement":[{"@type":"ListItem","position":1,"name":"Accueil","item":"https:\/\/dicodusport.fr\/blog\/"},{"@type":"ListItem","position":2,"name":"6 Nations 2021 : la composition du Pays de Galles pour affronter le XV de France"}]},{"@type":"WebSite","@id":"https:\/\/dicodusport.fr\/blog\/#website","url":"https:\/\/dicodusport.fr\/blog\/","name":"Dicodusport","description":"L&#039;encyclop\u00e9die de l&#039;actualit\u00e9 sportive","publisher":{"@id":"https:\/\/dicodusport.fr\/blog\/#organization"},"potentialAction":[{"@type":"SearchAction","target":{"@type":"EntryPoint","urlTemplate":"https:\/\/dicodusport.fr\/blog\/?s={search_term_string}"},"query-input":{"@type":"PropertyValueSpecification","valueRequired":true,"valueName":"search_term_string"}}],"inLanguage":"fr-FR"},{"@type":"NewsMediaOrganization","@id":"https:\/\/dicodusport.fr\/blog\/#organization","name":"Dicodusport","url":"https:\/\/dicodusport.fr\/blog\/","logo":{"@type":"ImageObject","inLanguage":"fr-FR","@id":"https:\/\/dicodusport.fr\/blog\/#\/schema\/logo\/image\/","url":"https:\/\/dicodusport.fr\/blog\/wp-content\/uploads\/2020\/06\/cropped-LOGO-DICODUSPORT-2020-SANS-FOND-SANS-TEXTE.png","contentUrl":"https:\/\/dicodusport.fr\/blog\/wp-content\/uploads\/2020\/06\/cropped-LOGO-DICODUSPORT-2020-SANS-FOND-SANS-TEXTE.png","width":512,"height":512,"caption":"Dicodusport"},"image":{"@id":"https:\/\/dicodusport.fr\/blog\/#\/schema\/logo\/image\/"},"sameAs":["https:\/\/www.facebook.com\/dicodusport","https:\/\/x.com\/dicodusport","https:\/\/www.instagram.com\/dicodusport\/","https:\/\/www.youtube.com\/channel\/UC7V2KZ5sd3htJivAbA4ZG3w"],"description":"Dicodusport est l'encyclop\u00e9die de l'actualit\u00e9 sportive.","email":"bonjour@dicodusport.fr","legalName":"DICODUSPORT","foundingDate":"2018-01-14","vatID":"FR71834470973","taxID":"83447097300043","numberOfEmployees":{"@type":"QuantitativeValue","minValue":"1","maxValue":"10"}},{"@type":"Person","@id":"https:\/\/dicodusport.fr\/blog\/#\/schema\/person\/cb02af4c173ce4a653b55e9baf388d4a","name":"Flo Ostermann","image":{"@type":"ImageObject","inLanguage":"fr-FR","@id":"https:\/\/dicodusport.fr\/blog\/#\/schema\/person\/image\/","url":"https:\/\/dicodusport.fr\/blog\/wp-content\/uploads\/2021\/05\/Flo-Ostermann-150x150.jpg","contentUrl":"https:\/\/dicodusport.fr\/blog\/wp-content\/uploads\/2021\/05\/Flo-Ostermann-150x150.jpg","caption":"Flo Ostermann"},"description":"Journaliste\/R\u00e9dacteur depuis septembre 2015 - Mes premiers souvenirs dans le sport ? Les envol\u00e9es du Stade Toulousain et les duels Villeneuve-Schumacher et H\u00e4kkinen-Schumacher \u00e0 la fin des ann\u00e9es 90, la Coupe du monde de football en 1998, l\u2019exploit du XV de France face aux All Blacks en 1999, mais aussi Richard C\u0153ur de Lion qui vole sur les montagnes du Tour de France. Bien parti pour devenir professeur d\u2019EPS, les \u00e9v\u00e9nements de la vie (et la flemme d\u2019animer des s\u00e9ances de 3x500 m\u00e8tres toute ma vie) m\u2019ont conduit \u00e0 revoir mes plans. Me voil\u00e0 depuis fin 2017 sur Dicodusport, m\u00e9dia gr\u00e2ce (et pour) lequel je partage ma passion : le sport dans tous ses \u00e9tats. Le tout accompagn\u00e9 par les fous furieux et folles furieuses cit\u00e9s sur cette page !","sameAs":["https:\/\/www.facebook.com\/florent.ostermann","https:\/\/x.com\/https:\/\/twitter.com\/FlOstermann","admin"],"url":"https:\/\/dicodusport.fr\/blog\/author\/flo\/"}]}},"_links":{"self":[{"href":"https:\/\/dicodusport.fr\/blog\/wp-json\/wp\/v2\/posts\/114565","targetHints":{"allow":["GET"]}}],"collection":[{"href":"https:\/\/dicodusport.fr\/blog\/wp-json\/wp\/v2\/posts"}],"about":[{"href":"https:\/\/dicodusport.fr\/blog\/wp-json\/wp\/v2\/types\/post"}],"author":[{"embeddable":true,"href":"https:\/\/dicodusport.fr\/blog\/wp-json\/wp\/v2\/users\/4"}],"replies":[{"embeddable":true,"href":"https:\/\/dicodusport.fr\/blog\/wp-json\/wp\/v2\/comments?post=114565"}],"version-history":[{"count":0,"href":"https:\/\/dicodusport.fr\/blog\/wp-json\/wp\/v2\/posts\/114565\/revisions"}],"wp:featuredmedia":[{"embeddable":true,"href":"https:\/\/dicodusport.fr\/blog\/wp-json\/wp\/v2\/media\/104486"}],"wp:attachment":[{"href":"https:\/\/dicodusport.fr\/blog\/wp-json\/wp\/v2\/media?parent=114565"}],"wp:term":[{"taxonomy":"category","embeddable":true,"href":"https:\/\/dicodusport.fr\/blog\/wp-json\/wp\/v2\/categories?post=114565"},{"taxonomy":"post_tag","embeddable":true,"href":"https:\/\/dicodusport.fr\/blog\/wp-json\/wp\/v2\/tags?post=114565"}],"curies":[{"name":"wp","href":"https:\/\/api.w.org\/{rel}","templated":true}]}}