{"id":114675,"date":"2021-03-19T08:00:15","date_gmt":"2021-03-19T07:00:15","guid":{"rendered":"https:\/\/dicodusport.fr\/blog\/?p=114675"},"modified":"2021-03-19T07:27:48","modified_gmt":"2021-03-19T06:27:48","slug":"19-mars-2008-laure-manaudou-sacree-championne-d-europe-200-m-dos","status":"publish","type":"post","link":"https:\/\/dicodusport.fr\/blog\/19-mars-2008-laure-manaudou-sacree-championne-d-europe-200-m-dos\/","title":{"rendered":"19 mars 2008 : Laure Manaudou sacr\u00e9e championne d&rsquo;Europe sur le 200 m dos"},"content":{"rendered":"<p style=\"text-align: justify;\"><em><strong><a href=\"https:\/\/dicodusport.fr\/definition-sport\/natation\/\">NATATION<\/a> &#8211; Laure Manaudou se pr\u00e9sente aux Championnats d\u2019Europe de natation 2008 sans pression. Le but, se relancer avec un nouvel entra\u00eeneur et se mesurer \u00e0 la concurrence pour les qualifications olympiques. Pas de surcharge de travail pendant cette comp\u00e9tition, le tout est de reprendre le rythme.<\/strong> <\/em><\/p>\n<h2 style=\"text-align: justify;\">\u00c7a s&rsquo;est pass\u00e9 le 19 mars 2008<\/h2>\n<p style=\"text-align: justify;\"><strong>Laure Manaudou<\/strong> ne s\u2019est donc pas engag\u00e9e sur sa distance de pr\u00e9dilection, le 400 m nage libre. Au d\u00e9part du 800 m normalement, elle d\u00e9cide de faire l\u2019impasse et se concentre donc sur le 100 m dos, le 200 m dos et le relais 4 x 200 m nage libre f\u00e9minin. Et les r\u00e9sultats sont bons, surtout pour une premi\u00e8re. En ce 19 mars 2008, c\u2019est effectivement sa premi\u00e8re finale internationale sur le 200 m dos. Sur cette distance, elle s\u2019adjuge d\u00e9j\u00e0 le titre europ\u00e9en mais pour couronner le tout, elle s\u2019octroie \u00e9galement le record de France en 2 min 7 s 99, \u00e0 un rien du record du monde. Une excellente entr\u00e9e en mati\u00e8re pour la nageuse tricolore qui lance sereinement sa comp\u00e9tition.<\/p>\n<p style=\"text-align: justify;\">Le lendemain, elle fait m\u00eame tomber le record d\u2019Europe du 100 m dos en demi-finale avant de s\u2019emparer de la m\u00e9daille d\u2019argent. Pour clore parfaitement ces Championnats d\u2019Europe \u00e0 Eindhoven, elle monte sur la plus haute marche du podium avec l\u2019\u00e9quipe de France f\u00e9minine de relais 4 x 200 m nage libre. R\u00e9capitulons\u00a0: trois courses pour deux m\u00e9dailles d\u2019or et une en argent, un petit test donc \u2026 tout en douceur.<\/p>\n<div id=\"attachment_114677\" style=\"width: 750px\" class=\"wp-caption aligncenter\"><img loading=\"lazy\" decoding=\"async\" aria-describedby=\"caption-attachment-114677\" class=\"wp-image-114677 size-large\" src=\"https:\/\/dicodusport.fr\/blog\/wp-content\/uploads\/2021\/03\/Laure-Manaudou-1024x512.jpg\" alt=\"\" width=\"740\" height=\"370\" srcset=\"https:\/\/dicodusport.fr\/blog\/wp-content\/uploads\/2021\/03\/Laure-Manaudou-1024x512.jpg 1024w, https:\/\/dicodusport.fr\/blog\/wp-content\/uploads\/2021\/03\/Laure-Manaudou-300x150.jpg 300w, https:\/\/dicodusport.fr\/blog\/wp-content\/uploads\/2021\/03\/Laure-Manaudou-768x384.jpg 768w, https:\/\/dicodusport.fr\/blog\/wp-content\/uploads\/2021\/03\/Laure-Manaudou.jpg 1440w\" sizes=\"auto, (max-width: 740px) 100vw, 740px\" \/><p id=\"caption-attachment-114677\" class=\"wp-caption-text\">\u00a9 AFP<\/p><\/div>\n<p style=\"text-align: justify;\"><strong>Info\u00a0:<\/strong> Environ un mois plus tard, Laure Manoudou s\u2019imposera en finale du 200 m dos des Championnats de France et battra son propre record (2 min 6 s 64), un temps r\u00e9f\u00e9rence toujours d\u2019actualit\u00e9.<\/p>\n<p><em><strong>Sophie Clapier<\/strong><br \/>\n<\/em><a href=\"https:\/\/twitter.com\/soocube\" target=\"_blank\" rel=\"noopener noreferrer\"><img loading=\"lazy\" decoding=\"async\" class=\"alignnone wp-image-2908\" src=\"http:\/\/dicodusport.fr\/blog\/wp-content\/uploads\/2017\/07\/logo-twitter-150x150.png\" alt=\"\" width=\"39\" height=\"39\" \/><\/a><a href=\"https:\/\/www.facebook.com\/soocube\" target=\"_blank\" rel=\"noopener noreferrer\"><img loading=\"lazy\" decoding=\"async\" class=\"alignnone wp-image-2909\" src=\"http:\/\/dicodusport.fr\/blog\/wp-content\/uploads\/2017\/07\/logo-facebook-150x150.png\" alt=\"\" width=\"40\" height=\"40\" \/><\/a><\/p>\n","protected":false},"excerpt":{"rendered":"<p>Retour sur le titre europ\u00e9en du 200 m dos d\u00e9croch\u00e9 par Laure Manaudou lors des Championnats d&rsquo;Europe d&rsquo;Eindhoven en 2008.<\/p>\n","protected":false},"author":18,"featured_media":114702,"comment_status":"open","ping_status":"closed","sticky":false,"template":"","format":"standard","meta":{"_acf_changed":false,"_daextam_enable_autolinks":"","footnotes":""},"categories":[8,2306],"tags":[4799,1153,69],"class_list":["post-114675","post","type-post","status-publish","format-standard","has-post-thumbnail","hentry","category-histoire","category-natation","tag-championnats-deurope","tag-laure-manaudou","tag-natation"],"acf":[],"yoast_head":"<!-- This site is optimized with the Yoast SEO Premium plugin v26.7 (Yoast SEO v26.7) - https:\/\/yoast.com\/wordpress\/plugins\/seo\/ -->\n<title>19 mars 2008 : Laure Manaudou sacr\u00e9e championne d&#039;Europe sur le 200 m dos<\/title>\n<meta name=\"description\" content=\"Retour sur le titre europ\u00e9en du 200 m dos d\u00e9croch\u00e9 par Laure Manaudou lors des Championnats d&#039;Europe d&#039;Eindhoven en 2008.\" \/>\n<meta name=\"robots\" content=\"index, follow, max-snippet:-1, max-image-preview:large, max-video-preview:-1\" \/>\n<link rel=\"canonical\" href=\"https:\/\/dicodusport.fr\/blog\/19-mars-2008-laure-manaudou-sacree-championne-d-europe-200-m-dos\/\" \/>\n<meta property=\"og:locale\" content=\"fr_FR\" \/>\n<meta property=\"og:type\" content=\"article\" \/>\n<meta property=\"og:title\" content=\"19 mars 2008 : Laure Manaudou sacr\u00e9e championne d&#039;Europe sur le 200 m dos\" \/>\n<meta property=\"og:description\" content=\"Retour sur le titre europ\u00e9en du 200 m dos d\u00e9croch\u00e9 par Laure Manaudou lors des Championnats d&#039;Europe d&#039;Eindhoven en 2008.\" \/>\n<meta property=\"og:url\" content=\"https:\/\/dicodusport.fr\/blog\/19-mars-2008-laure-manaudou-sacree-championne-d-europe-200-m-dos\/\" \/>\n<meta property=\"og:site_name\" content=\"Dicodusport\" \/>\n<meta property=\"article:publisher\" content=\"https:\/\/www.facebook.com\/dicodusport\" \/>\n<meta property=\"article:author\" content=\"https:\/\/www.facebook.com\/soocube\" \/>\n<meta property=\"article:published_time\" content=\"2021-03-19T07:00:15+00:00\" \/>\n<meta property=\"og:image\" content=\"https:\/\/dicodusport.fr\/blog\/wp-content\/uploads\/2021\/03\/19-mars-2008-Laure-Manaudou-sacree-championne-dEurope-sur-le-200-m-dos.png\" \/>\n\t<meta property=\"og:image:width\" content=\"800\" \/>\n\t<meta property=\"og:image:height\" content=\"445\" \/>\n\t<meta property=\"og:image:type\" content=\"image\/png\" \/>\n<meta name=\"author\" content=\"Sophie Clapier\" \/>\n<meta name=\"twitter:card\" content=\"summary_large_image\" \/>\n<meta name=\"twitter:title\" content=\"19 mars 2008 : Laure Manaudou sacr\u00e9e championne d&#039;Europe sur le 200 m dos\" \/>\n<meta name=\"twitter:creator\" content=\"@https:\/\/twitter.com\/soocube\" \/>\n<meta name=\"twitter:site\" content=\"@dicodusport\" \/>\n<script type=\"application\/ld+json\" class=\"yoast-schema-graph\">{\"@context\":\"https:\/\/schema.org\",\"@graph\":[{\"@type\":\"NewsArticle\",\"@id\":\"https:\/\/dicodusport.fr\/blog\/19-mars-2008-laure-manaudou-sacree-championne-d-europe-200-m-dos\/#article\",\"isPartOf\":{\"@id\":\"https:\/\/dicodusport.fr\/blog\/19-mars-2008-laure-manaudou-sacree-championne-d-europe-200-m-dos\/\"},\"author\":{\"name\":\"Sophie Clapier\",\"@id\":\"https:\/\/dicodusport.fr\/blog\/#\/schema\/person\/416c975648aca9da8839bdfe333a21c9\"},\"headline\":\"19 mars 2008 : Laure Manaudou sacr\u00e9e championne d&rsquo;Europe sur le 200 m dos\",\"datePublished\":\"2021-03-19T07:00:15+00:00\",\"mainEntityOfPage\":{\"@id\":\"https:\/\/dicodusport.fr\/blog\/19-mars-2008-laure-manaudou-sacree-championne-d-europe-200-m-dos\/\"},\"wordCount\":317,\"commentCount\":0,\"publisher\":{\"@id\":\"https:\/\/dicodusport.fr\/blog\/#organization\"},\"image\":{\"@id\":\"https:\/\/dicodusport.fr\/blog\/19-mars-2008-laure-manaudou-sacree-championne-d-europe-200-m-dos\/#primaryimage\"},\"thumbnailUrl\":\"https:\/\/dicodusport.fr\/blog\/wp-content\/uploads\/2021\/03\/19-mars-2008-Laure-Manaudou-sacree-championne-dEurope-sur-le-200-m-dos.png\",\"keywords\":[\"Championnats d'Europe\",\"laure manaudou\",\"natation\"],\"articleSection\":[\"Histoire\",\"Natation\"],\"inLanguage\":\"fr-FR\",\"potentialAction\":[{\"@type\":\"CommentAction\",\"name\":\"Comment\",\"target\":[\"https:\/\/dicodusport.fr\/blog\/19-mars-2008-laure-manaudou-sacree-championne-d-europe-200-m-dos\/#respond\"]}],\"copyrightYear\":\"2021\",\"copyrightHolder\":{\"@id\":\"https:\/\/dicodusport.fr\/blog\/#organization\"}},{\"@type\":\"WebPage\",\"@id\":\"https:\/\/dicodusport.fr\/blog\/19-mars-2008-laure-manaudou-sacree-championne-d-europe-200-m-dos\/\",\"url\":\"https:\/\/dicodusport.fr\/blog\/19-mars-2008-laure-manaudou-sacree-championne-d-europe-200-m-dos\/\",\"name\":\"19 mars 2008 : Laure Manaudou sacr\u00e9e championne d'Europe sur le 200 m dos\",\"isPartOf\":{\"@id\":\"https:\/\/dicodusport.fr\/blog\/#website\"},\"primaryImageOfPage\":{\"@id\":\"https:\/\/dicodusport.fr\/blog\/19-mars-2008-laure-manaudou-sacree-championne-d-europe-200-m-dos\/#primaryimage\"},\"image\":{\"@id\":\"https:\/\/dicodusport.fr\/blog\/19-mars-2008-laure-manaudou-sacree-championne-d-europe-200-m-dos\/#primaryimage\"},\"thumbnailUrl\":\"https:\/\/dicodusport.fr\/blog\/wp-content\/uploads\/2021\/03\/19-mars-2008-Laure-Manaudou-sacree-championne-dEurope-sur-le-200-m-dos.png\",\"datePublished\":\"2021-03-19T07:00:15+00:00\",\"description\":\"Retour sur le titre europ\u00e9en du 200 m dos d\u00e9croch\u00e9 par Laure Manaudou lors des Championnats d'Europe d'Eindhoven en 2008.\",\"breadcrumb\":{\"@id\":\"https:\/\/dicodusport.fr\/blog\/19-mars-2008-laure-manaudou-sacree-championne-d-europe-200-m-dos\/#breadcrumb\"},\"inLanguage\":\"fr-FR\",\"potentialAction\":[{\"@type\":\"ReadAction\",\"target\":[\"https:\/\/dicodusport.fr\/blog\/19-mars-2008-laure-manaudou-sacree-championne-d-europe-200-m-dos\/\"]}]},{\"@type\":\"ImageObject\",\"inLanguage\":\"fr-FR\",\"@id\":\"https:\/\/dicodusport.fr\/blog\/19-mars-2008-laure-manaudou-sacree-championne-d-europe-200-m-dos\/#primaryimage\",\"url\":\"https:\/\/dicodusport.fr\/blog\/wp-content\/uploads\/2021\/03\/19-mars-2008-Laure-Manaudou-sacree-championne-dEurope-sur-le-200-m-dos.png\",\"contentUrl\":\"https:\/\/dicodusport.fr\/blog\/wp-content\/uploads\/2021\/03\/19-mars-2008-Laure-Manaudou-sacree-championne-dEurope-sur-le-200-m-dos.png\",\"width\":800,\"height\":445,\"caption\":\"19 mars 2008 : Laure Manaudou sacr\u00e9e championne d'Europe sur le 200 m dos\"},{\"@type\":\"BreadcrumbList\",\"@id\":\"https:\/\/dicodusport.fr\/blog\/19-mars-2008-laure-manaudou-sacree-championne-d-europe-200-m-dos\/#breadcrumb\",\"itemListElement\":[{\"@type\":\"ListItem\",\"position\":1,\"name\":\"Accueil\",\"item\":\"https:\/\/dicodusport.fr\/blog\/\"},{\"@type\":\"ListItem\",\"position\":2,\"name\":\"19 mars 2008 : Laure Manaudou sacr\u00e9e championne d&rsquo;Europe sur le 200 m dos\"}]},{\"@type\":\"WebSite\",\"@id\":\"https:\/\/dicodusport.fr\/blog\/#website\",\"url\":\"https:\/\/dicodusport.fr\/blog\/\",\"name\":\"Dicodusport\",\"description\":\"L&#039;encyclop\u00e9die de l&#039;actualit\u00e9 sportive\",\"publisher\":{\"@id\":\"https:\/\/dicodusport.fr\/blog\/#organization\"},\"potentialAction\":[{\"@type\":\"SearchAction\",\"target\":{\"@type\":\"EntryPoint\",\"urlTemplate\":\"https:\/\/dicodusport.fr\/blog\/?s={search_term_string}\"},\"query-input\":{\"@type\":\"PropertyValueSpecification\",\"valueRequired\":true,\"valueName\":\"search_term_string\"}}],\"inLanguage\":\"fr-FR\"},{\"@type\":\"NewsMediaOrganization\",\"@id\":\"https:\/\/dicodusport.fr\/blog\/#organization\",\"name\":\"Dicodusport\",\"url\":\"https:\/\/dicodusport.fr\/blog\/\",\"logo\":{\"@type\":\"ImageObject\",\"inLanguage\":\"fr-FR\",\"@id\":\"https:\/\/dicodusport.fr\/blog\/#\/schema\/logo\/image\/\",\"url\":\"https:\/\/dicodusport.fr\/blog\/wp-content\/uploads\/2020\/06\/cropped-LOGO-DICODUSPORT-2020-SANS-FOND-SANS-TEXTE.png\",\"contentUrl\":\"https:\/\/dicodusport.fr\/blog\/wp-content\/uploads\/2020\/06\/cropped-LOGO-DICODUSPORT-2020-SANS-FOND-SANS-TEXTE.png\",\"width\":512,\"height\":512,\"caption\":\"Dicodusport\"},\"image\":{\"@id\":\"https:\/\/dicodusport.fr\/blog\/#\/schema\/logo\/image\/\"},\"sameAs\":[\"https:\/\/www.facebook.com\/dicodusport\",\"https:\/\/x.com\/dicodusport\",\"https:\/\/www.instagram.com\/dicodusport\/\",\"https:\/\/www.youtube.com\/channel\/UC7V2KZ5sd3htJivAbA4ZG3w\"],\"description\":\"Dicodusport est l'encyclop\u00e9die de l'actualit\u00e9 sportive.\",\"email\":\"bonjour@dicodusport.fr\",\"legalName\":\"DICODUSPORT\",\"foundingDate\":\"2018-01-14\",\"vatID\":\"FR71834470973\",\"taxID\":\"83447097300043\",\"numberOfEmployees\":{\"@type\":\"QuantitativeValue\",\"minValue\":\"1\",\"maxValue\":\"10\"}},{\"@type\":\"Person\",\"@id\":\"https:\/\/dicodusport.fr\/blog\/#\/schema\/person\/416c975648aca9da8839bdfe333a21c9\",\"name\":\"Sophie Clapier\",\"image\":{\"@type\":\"ImageObject\",\"inLanguage\":\"fr-FR\",\"@id\":\"https:\/\/dicodusport.fr\/blog\/#\/schema\/person\/image\/\",\"url\":\"https:\/\/dicodusport.fr\/blog\/wp-content\/uploads\/2021\/05\/Sophie-Clapier-150x150.jpg\",\"contentUrl\":\"https:\/\/dicodusport.fr\/blog\/wp-content\/uploads\/2021\/05\/Sophie-Clapier-150x150.jpg\",\"caption\":\"Sophie Clapier\"},\"description\":\"Journaliste\/r\u00e9dactrice depuis janvier 2016 - Passionn\u00e9e de sport depuis toujours, j\u2019en ai pratiqu\u00e9 quelques-uns. Judo, football, handball ou encore tennis, je n\u2019ai jamais pu me mettre d\u2019accord sur un en particulier. Mais \u00e7a, c\u2019\u00e9tait avant de d\u00e9couvrir le basket, devenu mon sport de pr\u00e9dilection. Les actions NBA, le All-Star Week-end, la fureur des Game 7 pendant les playoffs ou mieux, lors des Finals, this is why we play. Team Spurs T.P, je m\u2019accroche encore \u00e0 Gregg Popovich (don\u2019t leave !). Team chef Curry, je souhaite qu\u2019il finisse aux Warriors (staaaay !). Non, il n\u2019y a pas qu\u2019eux, des petits nouveaux -et des petites nouvelles \u00e9videmment- arrivent chaque jour dans toutes les disciplines et cr\u00e9ent de nouveaux exploits. Alors pour les grands \u00e9v\u00e9nements et comp\u00e9titions internationales, vive les pulsations 240\/minutes et le d\u00e9fibrillateur pas loin, et allez les Bleu(e)s ! C\u2019est s\u00fbr, j\u2019aurai plus vu ma vie sur un terrain de sport, mais \u00e0 d\u00e9faut d\u2019en faire en haut niveau, je le partage avec vous.\",\"sameAs\":[\"https:\/\/www.facebook.com\/soocube\",\"https:\/\/x.com\/https:\/\/twitter.com\/soocube\",\"admin\"],\"url\":\"https:\/\/dicodusport.fr\/blog\/author\/sophie\/\"}]}<\/script>\n<!-- \/ Yoast SEO Premium plugin. -->","yoast_head_json":{"title":"19 mars 2008 : Laure Manaudou sacr\u00e9e championne d'Europe sur le 200 m dos","description":"Retour sur le titre europ\u00e9en du 200 m dos d\u00e9croch\u00e9 par Laure Manaudou lors des Championnats d'Europe d'Eindhoven en 2008.","robots":{"index":"index","follow":"follow","max-snippet":"max-snippet:-1","max-image-preview":"max-image-preview:large","max-video-preview":"max-video-preview:-1"},"canonical":"https:\/\/dicodusport.fr\/blog\/19-mars-2008-laure-manaudou-sacree-championne-d-europe-200-m-dos\/","og_locale":"fr_FR","og_type":"article","og_title":"19 mars 2008 : Laure Manaudou sacr\u00e9e championne d'Europe sur le 200 m dos","og_description":"Retour sur le titre europ\u00e9en du 200 m dos d\u00e9croch\u00e9 par Laure Manaudou lors des Championnats d'Europe d'Eindhoven en 2008.","og_url":"https:\/\/dicodusport.fr\/blog\/19-mars-2008-laure-manaudou-sacree-championne-d-europe-200-m-dos\/","og_site_name":"Dicodusport","article_publisher":"https:\/\/www.facebook.com\/dicodusport","article_author":"https:\/\/www.facebook.com\/soocube","article_published_time":"2021-03-19T07:00:15+00:00","og_image":[{"width":800,"height":445,"url":"https:\/\/dicodusport.fr\/blog\/wp-content\/uploads\/2021\/03\/19-mars-2008-Laure-Manaudou-sacree-championne-dEurope-sur-le-200-m-dos.png","type":"image\/png"}],"author":"Sophie Clapier","twitter_card":"summary_large_image","twitter_title":"19 mars 2008 : Laure Manaudou sacr\u00e9e championne d'Europe sur le 200 m dos","twitter_creator":"@https:\/\/twitter.com\/soocube","twitter_site":"@dicodusport","schema":{"@context":"https:\/\/schema.org","@graph":[{"@type":"NewsArticle","@id":"https:\/\/dicodusport.fr\/blog\/19-mars-2008-laure-manaudou-sacree-championne-d-europe-200-m-dos\/#article","isPartOf":{"@id":"https:\/\/dicodusport.fr\/blog\/19-mars-2008-laure-manaudou-sacree-championne-d-europe-200-m-dos\/"},"author":{"name":"Sophie Clapier","@id":"https:\/\/dicodusport.fr\/blog\/#\/schema\/person\/416c975648aca9da8839bdfe333a21c9"},"headline":"19 mars 2008 : Laure Manaudou sacr\u00e9e championne d&rsquo;Europe sur le 200 m dos","datePublished":"2021-03-19T07:00:15+00:00","mainEntityOfPage":{"@id":"https:\/\/dicodusport.fr\/blog\/19-mars-2008-laure-manaudou-sacree-championne-d-europe-200-m-dos\/"},"wordCount":317,"commentCount":0,"publisher":{"@id":"https:\/\/dicodusport.fr\/blog\/#organization"},"image":{"@id":"https:\/\/dicodusport.fr\/blog\/19-mars-2008-laure-manaudou-sacree-championne-d-europe-200-m-dos\/#primaryimage"},"thumbnailUrl":"https:\/\/dicodusport.fr\/blog\/wp-content\/uploads\/2021\/03\/19-mars-2008-Laure-Manaudou-sacree-championne-dEurope-sur-le-200-m-dos.png","keywords":["Championnats d'Europe","laure manaudou","natation"],"articleSection":["Histoire","Natation"],"inLanguage":"fr-FR","potentialAction":[{"@type":"CommentAction","name":"Comment","target":["https:\/\/dicodusport.fr\/blog\/19-mars-2008-laure-manaudou-sacree-championne-d-europe-200-m-dos\/#respond"]}],"copyrightYear":"2021","copyrightHolder":{"@id":"https:\/\/dicodusport.fr\/blog\/#organization"}},{"@type":"WebPage","@id":"https:\/\/dicodusport.fr\/blog\/19-mars-2008-laure-manaudou-sacree-championne-d-europe-200-m-dos\/","url":"https:\/\/dicodusport.fr\/blog\/19-mars-2008-laure-manaudou-sacree-championne-d-europe-200-m-dos\/","name":"19 mars 2008 : Laure Manaudou sacr\u00e9e championne d'Europe sur le 200 m dos","isPartOf":{"@id":"https:\/\/dicodusport.fr\/blog\/#website"},"primaryImageOfPage":{"@id":"https:\/\/dicodusport.fr\/blog\/19-mars-2008-laure-manaudou-sacree-championne-d-europe-200-m-dos\/#primaryimage"},"image":{"@id":"https:\/\/dicodusport.fr\/blog\/19-mars-2008-laure-manaudou-sacree-championne-d-europe-200-m-dos\/#primaryimage"},"thumbnailUrl":"https:\/\/dicodusport.fr\/blog\/wp-content\/uploads\/2021\/03\/19-mars-2008-Laure-Manaudou-sacree-championne-dEurope-sur-le-200-m-dos.png","datePublished":"2021-03-19T07:00:15+00:00","description":"Retour sur le titre europ\u00e9en du 200 m dos d\u00e9croch\u00e9 par Laure Manaudou lors des Championnats d'Europe d'Eindhoven en 2008.","breadcrumb":{"@id":"https:\/\/dicodusport.fr\/blog\/19-mars-2008-laure-manaudou-sacree-championne-d-europe-200-m-dos\/#breadcrumb"},"inLanguage":"fr-FR","potentialAction":[{"@type":"ReadAction","target":["https:\/\/dicodusport.fr\/blog\/19-mars-2008-laure-manaudou-sacree-championne-d-europe-200-m-dos\/"]}]},{"@type":"ImageObject","inLanguage":"fr-FR","@id":"https:\/\/dicodusport.fr\/blog\/19-mars-2008-laure-manaudou-sacree-championne-d-europe-200-m-dos\/#primaryimage","url":"https:\/\/dicodusport.fr\/blog\/wp-content\/uploads\/2021\/03\/19-mars-2008-Laure-Manaudou-sacree-championne-dEurope-sur-le-200-m-dos.png","contentUrl":"https:\/\/dicodusport.fr\/blog\/wp-content\/uploads\/2021\/03\/19-mars-2008-Laure-Manaudou-sacree-championne-dEurope-sur-le-200-m-dos.png","width":800,"height":445,"caption":"19 mars 2008 : Laure Manaudou sacr\u00e9e championne d'Europe sur le 200 m dos"},{"@type":"BreadcrumbList","@id":"https:\/\/dicodusport.fr\/blog\/19-mars-2008-laure-manaudou-sacree-championne-d-europe-200-m-dos\/#breadcrumb","itemListElement":[{"@type":"ListItem","position":1,"name":"Accueil","item":"https:\/\/dicodusport.fr\/blog\/"},{"@type":"ListItem","position":2,"name":"19 mars 2008 : Laure Manaudou sacr\u00e9e championne d&rsquo;Europe sur le 200 m dos"}]},{"@type":"WebSite","@id":"https:\/\/dicodusport.fr\/blog\/#website","url":"https:\/\/dicodusport.fr\/blog\/","name":"Dicodusport","description":"L&#039;encyclop\u00e9die de l&#039;actualit\u00e9 sportive","publisher":{"@id":"https:\/\/dicodusport.fr\/blog\/#organization"},"potentialAction":[{"@type":"SearchAction","target":{"@type":"EntryPoint","urlTemplate":"https:\/\/dicodusport.fr\/blog\/?s={search_term_string}"},"query-input":{"@type":"PropertyValueSpecification","valueRequired":true,"valueName":"search_term_string"}}],"inLanguage":"fr-FR"},{"@type":"NewsMediaOrganization","@id":"https:\/\/dicodusport.fr\/blog\/#organization","name":"Dicodusport","url":"https:\/\/dicodusport.fr\/blog\/","logo":{"@type":"ImageObject","inLanguage":"fr-FR","@id":"https:\/\/dicodusport.fr\/blog\/#\/schema\/logo\/image\/","url":"https:\/\/dicodusport.fr\/blog\/wp-content\/uploads\/2020\/06\/cropped-LOGO-DICODUSPORT-2020-SANS-FOND-SANS-TEXTE.png","contentUrl":"https:\/\/dicodusport.fr\/blog\/wp-content\/uploads\/2020\/06\/cropped-LOGO-DICODUSPORT-2020-SANS-FOND-SANS-TEXTE.png","width":512,"height":512,"caption":"Dicodusport"},"image":{"@id":"https:\/\/dicodusport.fr\/blog\/#\/schema\/logo\/image\/"},"sameAs":["https:\/\/www.facebook.com\/dicodusport","https:\/\/x.com\/dicodusport","https:\/\/www.instagram.com\/dicodusport\/","https:\/\/www.youtube.com\/channel\/UC7V2KZ5sd3htJivAbA4ZG3w"],"description":"Dicodusport est l'encyclop\u00e9die de l'actualit\u00e9 sportive.","email":"bonjour@dicodusport.fr","legalName":"DICODUSPORT","foundingDate":"2018-01-14","vatID":"FR71834470973","taxID":"83447097300043","numberOfEmployees":{"@type":"QuantitativeValue","minValue":"1","maxValue":"10"}},{"@type":"Person","@id":"https:\/\/dicodusport.fr\/blog\/#\/schema\/person\/416c975648aca9da8839bdfe333a21c9","name":"Sophie Clapier","image":{"@type":"ImageObject","inLanguage":"fr-FR","@id":"https:\/\/dicodusport.fr\/blog\/#\/schema\/person\/image\/","url":"https:\/\/dicodusport.fr\/blog\/wp-content\/uploads\/2021\/05\/Sophie-Clapier-150x150.jpg","contentUrl":"https:\/\/dicodusport.fr\/blog\/wp-content\/uploads\/2021\/05\/Sophie-Clapier-150x150.jpg","caption":"Sophie Clapier"},"description":"Journaliste\/r\u00e9dactrice depuis janvier 2016 - Passionn\u00e9e de sport depuis toujours, j\u2019en ai pratiqu\u00e9 quelques-uns. Judo, football, handball ou encore tennis, je n\u2019ai jamais pu me mettre d\u2019accord sur un en particulier. Mais \u00e7a, c\u2019\u00e9tait avant de d\u00e9couvrir le basket, devenu mon sport de pr\u00e9dilection. Les actions NBA, le All-Star Week-end, la fureur des Game 7 pendant les playoffs ou mieux, lors des Finals, this is why we play. Team Spurs T.P, je m\u2019accroche encore \u00e0 Gregg Popovich (don\u2019t leave !). Team chef Curry, je souhaite qu\u2019il finisse aux Warriors (staaaay !). Non, il n\u2019y a pas qu\u2019eux, des petits nouveaux -et des petites nouvelles \u00e9videmment- arrivent chaque jour dans toutes les disciplines et cr\u00e9ent de nouveaux exploits. Alors pour les grands \u00e9v\u00e9nements et comp\u00e9titions internationales, vive les pulsations 240\/minutes et le d\u00e9fibrillateur pas loin, et allez les Bleu(e)s ! C\u2019est s\u00fbr, j\u2019aurai plus vu ma vie sur un terrain de sport, mais \u00e0 d\u00e9faut d\u2019en faire en haut niveau, je le partage avec vous.","sameAs":["https:\/\/www.facebook.com\/soocube","https:\/\/x.com\/https:\/\/twitter.com\/soocube","admin"],"url":"https:\/\/dicodusport.fr\/blog\/author\/sophie\/"}]}},"_links":{"self":[{"href":"https:\/\/dicodusport.fr\/blog\/wp-json\/wp\/v2\/posts\/114675","targetHints":{"allow":["GET"]}}],"collection":[{"href":"https:\/\/dicodusport.fr\/blog\/wp-json\/wp\/v2\/posts"}],"about":[{"href":"https:\/\/dicodusport.fr\/blog\/wp-json\/wp\/v2\/types\/post"}],"author":[{"embeddable":true,"href":"https:\/\/dicodusport.fr\/blog\/wp-json\/wp\/v2\/users\/18"}],"replies":[{"embeddable":true,"href":"https:\/\/dicodusport.fr\/blog\/wp-json\/wp\/v2\/comments?post=114675"}],"version-history":[{"count":0,"href":"https:\/\/dicodusport.fr\/blog\/wp-json\/wp\/v2\/posts\/114675\/revisions"}],"wp:featuredmedia":[{"embeddable":true,"href":"https:\/\/dicodusport.fr\/blog\/wp-json\/wp\/v2\/media\/114702"}],"wp:attachment":[{"href":"https:\/\/dicodusport.fr\/blog\/wp-json\/wp\/v2\/media?parent=114675"}],"wp:term":[{"taxonomy":"category","embeddable":true,"href":"https:\/\/dicodusport.fr\/blog\/wp-json\/wp\/v2\/categories?post=114675"},{"taxonomy":"post_tag","embeddable":true,"href":"https:\/\/dicodusport.fr\/blog\/wp-json\/wp\/v2\/tags?post=114675"}],"curies":[{"name":"wp","href":"https:\/\/api.w.org\/{rel}","templated":true}]}}