{"id":114759,"date":"2021-03-19T13:30:00","date_gmt":"2021-03-19T12:30:00","guid":{"rendered":"https:\/\/dicodusport.fr\/blog\/?p=114759&#038;preview=true&#038;preview_id=114759"},"modified":"2021-03-19T14:06:35","modified_gmt":"2021-03-19T13:06:35","slug":"ostersund-tiril-eckhoff-remporte-un-7eme-sprint-consecutif","status":"publish","type":"post","link":"https:\/\/dicodusport.fr\/blog\/ostersund-tiril-eckhoff-remporte-un-7eme-sprint-consecutif\/","title":{"rendered":"Ostersund : Tiril Eckhoff remporte un 7\u00e8me sprint cons\u00e9cutif"},"content":{"rendered":"<p style=\"text-align: justify;\"><strong><em><a href=\"https:\/\/dicodusport.fr\/blog\/biathlon-ostersund-programme-complet-10eme-etape-coupe-du-monde\/\" target=\"_blank\" rel=\"noopener\">BIATHLON &#8211; OSTERSUND<\/a> &#8211; Imperturbable ! Malgr\u00e9 une faute sur le pas de tir, Tiril Eckhoff a remport\u00e9 ce vendredi le sprint d&rsquo;Ostersund (Su\u00e8de). La Norv\u00e9gienne, tout juste aur\u00e9ol\u00e9e de son premier gros globe, s&rsquo;impose pour la 7\u00e8me fois cons\u00e9cutive sur l&rsquo;exercice \u00e0 deux tirs, et d\u00e9croche un 13\u00e8me succ\u00e8s cette saison. Premi\u00e8re Fran\u00e7aise, Ana\u00efs Chevalier-Bouchet termine au pied du podium.<\/em><\/strong><\/p>\n<p style=\"text-align: justify;\">Mais o\u00f9 s&rsquo;arr\u00eatera-t-elle ? Victorieuse pour la 13\u00e8me fois cette saison, <strong>Tiril Eckhoff<\/strong> a remport\u00e9 un 7\u00e8me sprint cons\u00e9cutif ce vendredi \u00e0 Ostersund. C&rsquo;est aussi son 5\u00e8me succ\u00e8s cons\u00e9cutive pour celle qui a glan\u00e9 toutes les courses individuelles depuis les Mondiaux de Pokljuka. Sortie en deuxi\u00e8me position du tir debout \u00e0 6 secondes de <strong>Dorothea Wierer<\/strong> (10\/10 aujourd&rsquo;hui), <strong>Eckhoff<\/strong>, avec un tour de p\u00e9nalit\u00e9 donc (0-1), s&rsquo;est arrach\u00e9e dans le dernier tour pour devancer l&rsquo;Italienne de 2.5 secondes sur la ligne d&rsquo;arriv\u00e9e. La championne du monde de la sp\u00e9cialit\u00e9, assur\u00e9e de remporter son premier gros globe, est g\u00e2t\u00e9e, puisque sa grande copine <strong>Ingrid Tandrevold<\/strong> (10\/10) compl\u00e8te le podium.<\/p>\n<blockquote class=\"twitter-tweet\">\n<p dir=\"ltr\" lang=\"fr\">Incroyable (encore) Tiril Eckhoff ! &#x1f60d;&#x1f4aa;<a href=\"https:\/\/twitter.com\/hashtag\/lequipeBIATHLON?src=hash&amp;ref_src=twsrc%5Etfw\">#lequipeBIATHLON<\/a> <a href=\"https:\/\/t.co\/PmGLheclNI\">pic.twitter.com\/PmGLheclNI<\/a><\/p>\n<p>\u2014 la chaine L&rsquo;\u00c9quipe (@lachainelequipe) <a href=\"https:\/\/twitter.com\/lachainelequipe\/status\/1372885057485033475?ref_src=twsrc%5Etfw\">March 19, 2021<\/a><\/p><\/blockquote>\n<p><script async src=\"https:\/\/platform.twitter.com\/widgets.js\" charset=\"utf-8\"><\/script><\/p>\n<h2 style=\"text-align: justify;\">Chevalier-Bouchet dans le match, le cauchemar de Braisaz-Bouchet<\/h2>\n<p style=\"text-align: justify;\">Quatri\u00e8me et premi\u00e8re Fran\u00e7aise, <strong>Ana\u00efs Chevalier-Bouchet<\/strong> pourra nourrir quelques regrets. Troisi\u00e8me temps de ski, l&rsquo;Is\u00e9roise est partie \u00e0 la faute sur le tir debout (9\/10) et loupe le podium pour 9 secondes. \u00c0 15.4 secondes de la gagnante du jour, elle sera n\u00e9anmoins plac\u00e9e pour la poursuite de ce samedi. En revanche, on retiendra la contre-performance d&rsquo;une <strong>Justine Braisaz-Bouchet<\/strong> d\u00e9cid\u00e9ment dans le dur cette saison. Malgr\u00e9 quelques motifs d&rsquo;espoir \u00e0 Nove Mesto, la biathl\u00e8te des Saisies a flanch\u00e9 ce vendredi avec 4 fautes (2-2) et une 58\u00e8me place finale, sauvant de peu sa place sur la poursuite.<\/p>\n<h2 style=\"text-align: justify;\">Le classement des Fran\u00e7aises<\/h2>\n<p style=\"text-align: justify;\"><strong>4. Ana\u00efs Chevalier-Bouchet<\/strong> \u00e0 15.4 secondes de Tiril Eckhoff &#8211; 9\/10 au tir (0-1)<br \/>\n<strong>12. Chlo\u00e9 Chevalier<\/strong> \u00e0 26.7 secondes &#8211; 10\/10 au tir (0-0)<br \/>\n<strong>22. Julia Simon<\/strong> \u00e0 49.6 secondes &#8211; 8\/10 au tir (1-1)<br \/>\n<strong>25. Ana\u00efs Bescond<\/strong> \u00e0 55.2 secondes &#8211; 9\/10 au tir (1-0)<br \/>\n<strong>56. Lou Jeanmonnot<\/strong> \u00e0 1:37.1 &#8211; 9\/10 (0-1)<br \/>\n<strong>58. Justine Braisaz-Bouchet<\/strong> \u00e0 1:44.1 &#8211; 6\/10 (2-2)<\/p>\n<h2 style=\"text-align: justify;\">\u00c0 lire aussi<\/h2>\n<ul style=\"text-align: justify;\">\n<li><a href=\"https:\/\/dicodusport.fr\/blog\/biathlon-ostersund-classement-sprint-femmes\/\" target=\"_blank\" rel=\"noopener\"><strong>Ostersund : le classement du sprint femmes<\/strong><\/a><\/li>\n<li><a href=\"https:\/\/dicodusport.fr\/blog\/biathlon-coupe-du-monde-2020-2021-classement-general-femmes\/\" target=\"_blank\" rel=\"noopener\"><strong>Biathlon \u2013 Coupe du monde 2020\/2021 : le classement g\u00e9n\u00e9ral femmes<\/strong><\/a><\/li>\n<\/ul>\n<p style=\"text-align: justify;\"><strong><em>Dicodusport<br \/>\n<a href=\"https:\/\/www.facebook.com\/dicodusport\/\" target=\"_blank\" rel=\"noopener noreferrer\"><img loading=\"lazy\" decoding=\"async\" class=\"alignnone wp-image-2909\" src=\"http:\/\/dicodusport.fr\/blog\/wp-content\/uploads\/2017\/07\/logo-facebook-150x150.png\" alt=\"\" width=\"40\" height=\"40\" \/><\/a><a href=\"https:\/\/twitter.com\/dicodusport\" target=\"_blank\" rel=\"noopener noreferrer\"><img loading=\"lazy\" decoding=\"async\" class=\"alignnone wp-image-2908\" src=\"http:\/\/dicodusport.fr\/blog\/wp-content\/uploads\/2017\/07\/logo-twitter-150x150.png\" alt=\"\" width=\"39\" height=\"39\" \/><\/a><\/em><\/strong><\/p>\n","protected":false},"excerpt":{"rendered":"<p>BIATHLON &#8211; OSTERSUND &#8211; Imperturbable ! Malgr\u00e9 une faute sur le pas de tir, Tiril Eckhoff a remport\u00e9 ce vendredi le sprint d&rsquo;Ostersund (Su\u00e8de). La Norv\u00e9gienne, tout juste aur\u00e9ol\u00e9e de son premier gros globe, s&rsquo;impose pour la 7\u00e8me fois cons\u00e9cutive sur l&rsquo;exercice \u00e0 deux tirs, et d\u00e9croche un 13\u00e8me succ\u00e8s cette saison.<\/p>\n","protected":false},"author":4,"featured_media":114765,"comment_status":"open","ping_status":"closed","sticky":false,"template":"","format":"standard","meta":{"_acf_changed":false,"_daextam_enable_autolinks":"","footnotes":""},"categories":[47040],"tags":[15220,24],"class_list":["post-114759","post","type-post","status-publish","format-standard","has-post-thumbnail","hentry","category-coupe-du-monde-de-biathlon","tag-biathlon-ostersund","tag-sport"],"acf":[],"yoast_head":"<!-- This site is optimized with the Yoast SEO Premium plugin v26.7 (Yoast SEO v26.7) - https:\/\/yoast.com\/wordpress\/plugins\/seo\/ -->\n<title>Ostersund : Tiril Eckhoff remporte un 7\u00e8me sprint cons\u00e9cutif<\/title>\n<meta name=\"description\" content=\"BIATHLON - OSTERSUND - Imperturbable ! Malgr\u00e9 une faute sur le pas de tir, Tiril Eckhoff a remport\u00e9 ce vendredi le sprint d&#039;Ostersund (Su\u00e8de).\" \/>\n<meta name=\"robots\" content=\"index, follow, max-snippet:-1, max-image-preview:large, max-video-preview:-1\" \/>\n<link rel=\"canonical\" href=\"https:\/\/dicodusport.fr\/blog\/ostersund-tiril-eckhoff-remporte-un-7eme-sprint-consecutif\/\" \/>\n<meta property=\"og:locale\" content=\"fr_FR\" \/>\n<meta property=\"og:type\" content=\"article\" \/>\n<meta property=\"og:title\" content=\"Ostersund : Tiril Eckhoff remporte un 7\u00e8me sprint cons\u00e9cutif\" \/>\n<meta property=\"og:description\" content=\"BIATHLON - OSTERSUND - Imperturbable ! Malgr\u00e9 une faute sur le pas de tir, Tiril Eckhoff a remport\u00e9 ce vendredi le sprint d&#039;Ostersund (Su\u00e8de).\" \/>\n<meta property=\"og:url\" content=\"https:\/\/dicodusport.fr\/blog\/ostersund-tiril-eckhoff-remporte-un-7eme-sprint-consecutif\/\" \/>\n<meta property=\"og:site_name\" content=\"Dicodusport\" \/>\n<meta property=\"article:publisher\" content=\"https:\/\/www.facebook.com\/dicodusport\" \/>\n<meta property=\"article:author\" content=\"https:\/\/www.facebook.com\/florent.ostermann\" \/>\n<meta property=\"article:published_time\" content=\"2021-03-19T12:30:00+00:00\" \/>\n<meta property=\"article:modified_time\" content=\"2021-03-19T13:06:35+00:00\" \/>\n<meta property=\"og:image\" content=\"https:\/\/dicodusport.fr\/blog\/wp-content\/uploads\/2021\/03\/Ostersund-Tiril-Eckhoff-remporte-un-7eme-sprint-consecutif.png\" \/>\n\t<meta property=\"og:image:width\" content=\"800\" \/>\n\t<meta property=\"og:image:height\" content=\"445\" \/>\n\t<meta property=\"og:image:type\" content=\"image\/png\" \/>\n<meta name=\"author\" content=\"Flo Ostermann\" \/>\n<meta name=\"twitter:card\" content=\"summary_large_image\" \/>\n<meta name=\"twitter:title\" content=\"Ostersund : Tiril Eckhoff remporte un 7\u00e8me sprint cons\u00e9cutif\" \/>\n<meta name=\"twitter:creator\" content=\"@https:\/\/twitter.com\/FlOstermann\" \/>\n<meta name=\"twitter:site\" content=\"@dicodusport\" \/>\n<script type=\"application\/ld+json\" class=\"yoast-schema-graph\">{\"@context\":\"https:\/\/schema.org\",\"@graph\":[{\"@type\":\"NewsArticle\",\"@id\":\"https:\/\/dicodusport.fr\/blog\/ostersund-tiril-eckhoff-remporte-un-7eme-sprint-consecutif\/#article\",\"isPartOf\":{\"@id\":\"https:\/\/dicodusport.fr\/blog\/ostersund-tiril-eckhoff-remporte-un-7eme-sprint-consecutif\/\"},\"author\":{\"name\":\"Flo Ostermann\",\"@id\":\"https:\/\/dicodusport.fr\/blog\/#\/schema\/person\/cb02af4c173ce4a653b55e9baf388d4a\"},\"headline\":\"Ostersund : Tiril Eckhoff remporte un 7\u00e8me sprint cons\u00e9cutif\",\"datePublished\":\"2021-03-19T12:30:00+00:00\",\"dateModified\":\"2021-03-19T13:06:35+00:00\",\"mainEntityOfPage\":{\"@id\":\"https:\/\/dicodusport.fr\/blog\/ostersund-tiril-eckhoff-remporte-un-7eme-sprint-consecutif\/\"},\"wordCount\":399,\"commentCount\":0,\"publisher\":{\"@id\":\"https:\/\/dicodusport.fr\/blog\/#organization\"},\"image\":{\"@id\":\"https:\/\/dicodusport.fr\/blog\/ostersund-tiril-eckhoff-remporte-un-7eme-sprint-consecutif\/#primaryimage\"},\"thumbnailUrl\":\"https:\/\/dicodusport.fr\/blog\/wp-content\/uploads\/2021\/03\/Ostersund-Tiril-Eckhoff-remporte-un-7eme-sprint-consecutif.png\",\"keywords\":[\"Biathlon Ostersund\",\"sport\"],\"articleSection\":[\"Coupe du monde de biathlon\"],\"inLanguage\":\"fr-FR\",\"potentialAction\":[{\"@type\":\"CommentAction\",\"name\":\"Comment\",\"target\":[\"https:\/\/dicodusport.fr\/blog\/ostersund-tiril-eckhoff-remporte-un-7eme-sprint-consecutif\/#respond\"]}],\"copyrightYear\":\"2021\",\"copyrightHolder\":{\"@id\":\"https:\/\/dicodusport.fr\/blog\/#organization\"}},{\"@type\":\"WebPage\",\"@id\":\"https:\/\/dicodusport.fr\/blog\/ostersund-tiril-eckhoff-remporte-un-7eme-sprint-consecutif\/\",\"url\":\"https:\/\/dicodusport.fr\/blog\/ostersund-tiril-eckhoff-remporte-un-7eme-sprint-consecutif\/\",\"name\":\"Ostersund : Tiril Eckhoff remporte un 7\u00e8me sprint cons\u00e9cutif\",\"isPartOf\":{\"@id\":\"https:\/\/dicodusport.fr\/blog\/#website\"},\"primaryImageOfPage\":{\"@id\":\"https:\/\/dicodusport.fr\/blog\/ostersund-tiril-eckhoff-remporte-un-7eme-sprint-consecutif\/#primaryimage\"},\"image\":{\"@id\":\"https:\/\/dicodusport.fr\/blog\/ostersund-tiril-eckhoff-remporte-un-7eme-sprint-consecutif\/#primaryimage\"},\"thumbnailUrl\":\"https:\/\/dicodusport.fr\/blog\/wp-content\/uploads\/2021\/03\/Ostersund-Tiril-Eckhoff-remporte-un-7eme-sprint-consecutif.png\",\"datePublished\":\"2021-03-19T12:30:00+00:00\",\"dateModified\":\"2021-03-19T13:06:35+00:00\",\"description\":\"BIATHLON - OSTERSUND - Imperturbable ! Malgr\u00e9 une faute sur le pas de tir, Tiril Eckhoff a remport\u00e9 ce vendredi le sprint d'Ostersund (Su\u00e8de).\",\"breadcrumb\":{\"@id\":\"https:\/\/dicodusport.fr\/blog\/ostersund-tiril-eckhoff-remporte-un-7eme-sprint-consecutif\/#breadcrumb\"},\"inLanguage\":\"fr-FR\",\"potentialAction\":[{\"@type\":\"ReadAction\",\"target\":[\"https:\/\/dicodusport.fr\/blog\/ostersund-tiril-eckhoff-remporte-un-7eme-sprint-consecutif\/\"]}]},{\"@type\":\"ImageObject\",\"inLanguage\":\"fr-FR\",\"@id\":\"https:\/\/dicodusport.fr\/blog\/ostersund-tiril-eckhoff-remporte-un-7eme-sprint-consecutif\/#primaryimage\",\"url\":\"https:\/\/dicodusport.fr\/blog\/wp-content\/uploads\/2021\/03\/Ostersund-Tiril-Eckhoff-remporte-un-7eme-sprint-consecutif.png\",\"contentUrl\":\"https:\/\/dicodusport.fr\/blog\/wp-content\/uploads\/2021\/03\/Ostersund-Tiril-Eckhoff-remporte-un-7eme-sprint-consecutif.png\",\"width\":800,\"height\":445,\"caption\":\"Tiril Eckhoff est votre Championne du week-end\"},{\"@type\":\"BreadcrumbList\",\"@id\":\"https:\/\/dicodusport.fr\/blog\/ostersund-tiril-eckhoff-remporte-un-7eme-sprint-consecutif\/#breadcrumb\",\"itemListElement\":[{\"@type\":\"ListItem\",\"position\":1,\"name\":\"Accueil\",\"item\":\"https:\/\/dicodusport.fr\/blog\/\"},{\"@type\":\"ListItem\",\"position\":2,\"name\":\"Ostersund : Tiril Eckhoff remporte un 7\u00e8me sprint cons\u00e9cutif\"}]},{\"@type\":\"WebSite\",\"@id\":\"https:\/\/dicodusport.fr\/blog\/#website\",\"url\":\"https:\/\/dicodusport.fr\/blog\/\",\"name\":\"Dicodusport\",\"description\":\"L&#039;encyclop\u00e9die de l&#039;actualit\u00e9 sportive\",\"publisher\":{\"@id\":\"https:\/\/dicodusport.fr\/blog\/#organization\"},\"potentialAction\":[{\"@type\":\"SearchAction\",\"target\":{\"@type\":\"EntryPoint\",\"urlTemplate\":\"https:\/\/dicodusport.fr\/blog\/?s={search_term_string}\"},\"query-input\":{\"@type\":\"PropertyValueSpecification\",\"valueRequired\":true,\"valueName\":\"search_term_string\"}}],\"inLanguage\":\"fr-FR\"},{\"@type\":\"NewsMediaOrganization\",\"@id\":\"https:\/\/dicodusport.fr\/blog\/#organization\",\"name\":\"Dicodusport\",\"url\":\"https:\/\/dicodusport.fr\/blog\/\",\"logo\":{\"@type\":\"ImageObject\",\"inLanguage\":\"fr-FR\",\"@id\":\"https:\/\/dicodusport.fr\/blog\/#\/schema\/logo\/image\/\",\"url\":\"https:\/\/dicodusport.fr\/blog\/wp-content\/uploads\/2020\/06\/cropped-LOGO-DICODUSPORT-2020-SANS-FOND-SANS-TEXTE.png\",\"contentUrl\":\"https:\/\/dicodusport.fr\/blog\/wp-content\/uploads\/2020\/06\/cropped-LOGO-DICODUSPORT-2020-SANS-FOND-SANS-TEXTE.png\",\"width\":512,\"height\":512,\"caption\":\"Dicodusport\"},\"image\":{\"@id\":\"https:\/\/dicodusport.fr\/blog\/#\/schema\/logo\/image\/\"},\"sameAs\":[\"https:\/\/www.facebook.com\/dicodusport\",\"https:\/\/x.com\/dicodusport\",\"https:\/\/www.instagram.com\/dicodusport\/\",\"https:\/\/www.youtube.com\/channel\/UC7V2KZ5sd3htJivAbA4ZG3w\"],\"description\":\"Dicodusport est l'encyclop\u00e9die de l'actualit\u00e9 sportive.\",\"email\":\"bonjour@dicodusport.fr\",\"legalName\":\"DICODUSPORT\",\"foundingDate\":\"2018-01-14\",\"vatID\":\"FR71834470973\",\"taxID\":\"83447097300043\",\"numberOfEmployees\":{\"@type\":\"QuantitativeValue\",\"minValue\":\"1\",\"maxValue\":\"10\"}},{\"@type\":\"Person\",\"@id\":\"https:\/\/dicodusport.fr\/blog\/#\/schema\/person\/cb02af4c173ce4a653b55e9baf388d4a\",\"name\":\"Flo Ostermann\",\"image\":{\"@type\":\"ImageObject\",\"inLanguage\":\"fr-FR\",\"@id\":\"https:\/\/dicodusport.fr\/blog\/#\/schema\/person\/image\/\",\"url\":\"https:\/\/dicodusport.fr\/blog\/wp-content\/uploads\/2021\/05\/Flo-Ostermann-150x150.jpg\",\"contentUrl\":\"https:\/\/dicodusport.fr\/blog\/wp-content\/uploads\/2021\/05\/Flo-Ostermann-150x150.jpg\",\"caption\":\"Flo Ostermann\"},\"description\":\"Journaliste\/R\u00e9dacteur depuis septembre 2015 - Mes premiers souvenirs dans le sport ? Les envol\u00e9es du Stade Toulousain et les duels Villeneuve-Schumacher et H\u00e4kkinen-Schumacher \u00e0 la fin des ann\u00e9es 90, la Coupe du monde de football en 1998, l\u2019exploit du XV de France face aux All Blacks en 1999, mais aussi Richard C\u0153ur de Lion qui vole sur les montagnes du Tour de France. Bien parti pour devenir professeur d\u2019EPS, les \u00e9v\u00e9nements de la vie (et la flemme d\u2019animer des s\u00e9ances de 3x500 m\u00e8tres toute ma vie) m\u2019ont conduit \u00e0 revoir mes plans. Me voil\u00e0 depuis fin 2017 sur Dicodusport, m\u00e9dia gr\u00e2ce (et pour) lequel je partage ma passion : le sport dans tous ses \u00e9tats. Le tout accompagn\u00e9 par les fous furieux et folles furieuses cit\u00e9s sur cette page !\",\"sameAs\":[\"https:\/\/www.facebook.com\/florent.ostermann\",\"https:\/\/x.com\/https:\/\/twitter.com\/FlOstermann\",\"admin\"],\"url\":\"https:\/\/dicodusport.fr\/blog\/author\/flo\/\"}]}<\/script>\n<!-- \/ Yoast SEO Premium plugin. -->","yoast_head_json":{"title":"Ostersund : Tiril Eckhoff remporte un 7\u00e8me sprint cons\u00e9cutif","description":"BIATHLON - OSTERSUND - Imperturbable ! Malgr\u00e9 une faute sur le pas de tir, Tiril Eckhoff a remport\u00e9 ce vendredi le sprint d'Ostersund (Su\u00e8de).","robots":{"index":"index","follow":"follow","max-snippet":"max-snippet:-1","max-image-preview":"max-image-preview:large","max-video-preview":"max-video-preview:-1"},"canonical":"https:\/\/dicodusport.fr\/blog\/ostersund-tiril-eckhoff-remporte-un-7eme-sprint-consecutif\/","og_locale":"fr_FR","og_type":"article","og_title":"Ostersund : Tiril Eckhoff remporte un 7\u00e8me sprint cons\u00e9cutif","og_description":"BIATHLON - OSTERSUND - Imperturbable ! Malgr\u00e9 une faute sur le pas de tir, Tiril Eckhoff a remport\u00e9 ce vendredi le sprint d'Ostersund (Su\u00e8de).","og_url":"https:\/\/dicodusport.fr\/blog\/ostersund-tiril-eckhoff-remporte-un-7eme-sprint-consecutif\/","og_site_name":"Dicodusport","article_publisher":"https:\/\/www.facebook.com\/dicodusport","article_author":"https:\/\/www.facebook.com\/florent.ostermann","article_published_time":"2021-03-19T12:30:00+00:00","article_modified_time":"2021-03-19T13:06:35+00:00","og_image":[{"width":800,"height":445,"url":"https:\/\/dicodusport.fr\/blog\/wp-content\/uploads\/2021\/03\/Ostersund-Tiril-Eckhoff-remporte-un-7eme-sprint-consecutif.png","type":"image\/png"}],"author":"Flo Ostermann","twitter_card":"summary_large_image","twitter_title":"Ostersund : Tiril Eckhoff remporte un 7\u00e8me sprint cons\u00e9cutif","twitter_creator":"@https:\/\/twitter.com\/FlOstermann","twitter_site":"@dicodusport","schema":{"@context":"https:\/\/schema.org","@graph":[{"@type":"NewsArticle","@id":"https:\/\/dicodusport.fr\/blog\/ostersund-tiril-eckhoff-remporte-un-7eme-sprint-consecutif\/#article","isPartOf":{"@id":"https:\/\/dicodusport.fr\/blog\/ostersund-tiril-eckhoff-remporte-un-7eme-sprint-consecutif\/"},"author":{"name":"Flo Ostermann","@id":"https:\/\/dicodusport.fr\/blog\/#\/schema\/person\/cb02af4c173ce4a653b55e9baf388d4a"},"headline":"Ostersund : Tiril Eckhoff remporte un 7\u00e8me sprint cons\u00e9cutif","datePublished":"2021-03-19T12:30:00+00:00","dateModified":"2021-03-19T13:06:35+00:00","mainEntityOfPage":{"@id":"https:\/\/dicodusport.fr\/blog\/ostersund-tiril-eckhoff-remporte-un-7eme-sprint-consecutif\/"},"wordCount":399,"commentCount":0,"publisher":{"@id":"https:\/\/dicodusport.fr\/blog\/#organization"},"image":{"@id":"https:\/\/dicodusport.fr\/blog\/ostersund-tiril-eckhoff-remporte-un-7eme-sprint-consecutif\/#primaryimage"},"thumbnailUrl":"https:\/\/dicodusport.fr\/blog\/wp-content\/uploads\/2021\/03\/Ostersund-Tiril-Eckhoff-remporte-un-7eme-sprint-consecutif.png","keywords":["Biathlon Ostersund","sport"],"articleSection":["Coupe du monde de biathlon"],"inLanguage":"fr-FR","potentialAction":[{"@type":"CommentAction","name":"Comment","target":["https:\/\/dicodusport.fr\/blog\/ostersund-tiril-eckhoff-remporte-un-7eme-sprint-consecutif\/#respond"]}],"copyrightYear":"2021","copyrightHolder":{"@id":"https:\/\/dicodusport.fr\/blog\/#organization"}},{"@type":"WebPage","@id":"https:\/\/dicodusport.fr\/blog\/ostersund-tiril-eckhoff-remporte-un-7eme-sprint-consecutif\/","url":"https:\/\/dicodusport.fr\/blog\/ostersund-tiril-eckhoff-remporte-un-7eme-sprint-consecutif\/","name":"Ostersund : Tiril Eckhoff remporte un 7\u00e8me sprint cons\u00e9cutif","isPartOf":{"@id":"https:\/\/dicodusport.fr\/blog\/#website"},"primaryImageOfPage":{"@id":"https:\/\/dicodusport.fr\/blog\/ostersund-tiril-eckhoff-remporte-un-7eme-sprint-consecutif\/#primaryimage"},"image":{"@id":"https:\/\/dicodusport.fr\/blog\/ostersund-tiril-eckhoff-remporte-un-7eme-sprint-consecutif\/#primaryimage"},"thumbnailUrl":"https:\/\/dicodusport.fr\/blog\/wp-content\/uploads\/2021\/03\/Ostersund-Tiril-Eckhoff-remporte-un-7eme-sprint-consecutif.png","datePublished":"2021-03-19T12:30:00+00:00","dateModified":"2021-03-19T13:06:35+00:00","description":"BIATHLON - OSTERSUND - Imperturbable ! Malgr\u00e9 une faute sur le pas de tir, Tiril Eckhoff a remport\u00e9 ce vendredi le sprint d'Ostersund (Su\u00e8de).","breadcrumb":{"@id":"https:\/\/dicodusport.fr\/blog\/ostersund-tiril-eckhoff-remporte-un-7eme-sprint-consecutif\/#breadcrumb"},"inLanguage":"fr-FR","potentialAction":[{"@type":"ReadAction","target":["https:\/\/dicodusport.fr\/blog\/ostersund-tiril-eckhoff-remporte-un-7eme-sprint-consecutif\/"]}]},{"@type":"ImageObject","inLanguage":"fr-FR","@id":"https:\/\/dicodusport.fr\/blog\/ostersund-tiril-eckhoff-remporte-un-7eme-sprint-consecutif\/#primaryimage","url":"https:\/\/dicodusport.fr\/blog\/wp-content\/uploads\/2021\/03\/Ostersund-Tiril-Eckhoff-remporte-un-7eme-sprint-consecutif.png","contentUrl":"https:\/\/dicodusport.fr\/blog\/wp-content\/uploads\/2021\/03\/Ostersund-Tiril-Eckhoff-remporte-un-7eme-sprint-consecutif.png","width":800,"height":445,"caption":"Tiril Eckhoff est votre Championne du week-end"},{"@type":"BreadcrumbList","@id":"https:\/\/dicodusport.fr\/blog\/ostersund-tiril-eckhoff-remporte-un-7eme-sprint-consecutif\/#breadcrumb","itemListElement":[{"@type":"ListItem","position":1,"name":"Accueil","item":"https:\/\/dicodusport.fr\/blog\/"},{"@type":"ListItem","position":2,"name":"Ostersund : Tiril Eckhoff remporte un 7\u00e8me sprint cons\u00e9cutif"}]},{"@type":"WebSite","@id":"https:\/\/dicodusport.fr\/blog\/#website","url":"https:\/\/dicodusport.fr\/blog\/","name":"Dicodusport","description":"L&#039;encyclop\u00e9die de l&#039;actualit\u00e9 sportive","publisher":{"@id":"https:\/\/dicodusport.fr\/blog\/#organization"},"potentialAction":[{"@type":"SearchAction","target":{"@type":"EntryPoint","urlTemplate":"https:\/\/dicodusport.fr\/blog\/?s={search_term_string}"},"query-input":{"@type":"PropertyValueSpecification","valueRequired":true,"valueName":"search_term_string"}}],"inLanguage":"fr-FR"},{"@type":"NewsMediaOrganization","@id":"https:\/\/dicodusport.fr\/blog\/#organization","name":"Dicodusport","url":"https:\/\/dicodusport.fr\/blog\/","logo":{"@type":"ImageObject","inLanguage":"fr-FR","@id":"https:\/\/dicodusport.fr\/blog\/#\/schema\/logo\/image\/","url":"https:\/\/dicodusport.fr\/blog\/wp-content\/uploads\/2020\/06\/cropped-LOGO-DICODUSPORT-2020-SANS-FOND-SANS-TEXTE.png","contentUrl":"https:\/\/dicodusport.fr\/blog\/wp-content\/uploads\/2020\/06\/cropped-LOGO-DICODUSPORT-2020-SANS-FOND-SANS-TEXTE.png","width":512,"height":512,"caption":"Dicodusport"},"image":{"@id":"https:\/\/dicodusport.fr\/blog\/#\/schema\/logo\/image\/"},"sameAs":["https:\/\/www.facebook.com\/dicodusport","https:\/\/x.com\/dicodusport","https:\/\/www.instagram.com\/dicodusport\/","https:\/\/www.youtube.com\/channel\/UC7V2KZ5sd3htJivAbA4ZG3w"],"description":"Dicodusport est l'encyclop\u00e9die de l'actualit\u00e9 sportive.","email":"bonjour@dicodusport.fr","legalName":"DICODUSPORT","foundingDate":"2018-01-14","vatID":"FR71834470973","taxID":"83447097300043","numberOfEmployees":{"@type":"QuantitativeValue","minValue":"1","maxValue":"10"}},{"@type":"Person","@id":"https:\/\/dicodusport.fr\/blog\/#\/schema\/person\/cb02af4c173ce4a653b55e9baf388d4a","name":"Flo Ostermann","image":{"@type":"ImageObject","inLanguage":"fr-FR","@id":"https:\/\/dicodusport.fr\/blog\/#\/schema\/person\/image\/","url":"https:\/\/dicodusport.fr\/blog\/wp-content\/uploads\/2021\/05\/Flo-Ostermann-150x150.jpg","contentUrl":"https:\/\/dicodusport.fr\/blog\/wp-content\/uploads\/2021\/05\/Flo-Ostermann-150x150.jpg","caption":"Flo Ostermann"},"description":"Journaliste\/R\u00e9dacteur depuis septembre 2015 - Mes premiers souvenirs dans le sport ? Les envol\u00e9es du Stade Toulousain et les duels Villeneuve-Schumacher et H\u00e4kkinen-Schumacher \u00e0 la fin des ann\u00e9es 90, la Coupe du monde de football en 1998, l\u2019exploit du XV de France face aux All Blacks en 1999, mais aussi Richard C\u0153ur de Lion qui vole sur les montagnes du Tour de France. Bien parti pour devenir professeur d\u2019EPS, les \u00e9v\u00e9nements de la vie (et la flemme d\u2019animer des s\u00e9ances de 3x500 m\u00e8tres toute ma vie) m\u2019ont conduit \u00e0 revoir mes plans. Me voil\u00e0 depuis fin 2017 sur Dicodusport, m\u00e9dia gr\u00e2ce (et pour) lequel je partage ma passion : le sport dans tous ses \u00e9tats. Le tout accompagn\u00e9 par les fous furieux et folles furieuses cit\u00e9s sur cette page !","sameAs":["https:\/\/www.facebook.com\/florent.ostermann","https:\/\/x.com\/https:\/\/twitter.com\/FlOstermann","admin"],"url":"https:\/\/dicodusport.fr\/blog\/author\/flo\/"}]}},"_links":{"self":[{"href":"https:\/\/dicodusport.fr\/blog\/wp-json\/wp\/v2\/posts\/114759","targetHints":{"allow":["GET"]}}],"collection":[{"href":"https:\/\/dicodusport.fr\/blog\/wp-json\/wp\/v2\/posts"}],"about":[{"href":"https:\/\/dicodusport.fr\/blog\/wp-json\/wp\/v2\/types\/post"}],"author":[{"embeddable":true,"href":"https:\/\/dicodusport.fr\/blog\/wp-json\/wp\/v2\/users\/4"}],"replies":[{"embeddable":true,"href":"https:\/\/dicodusport.fr\/blog\/wp-json\/wp\/v2\/comments?post=114759"}],"version-history":[{"count":0,"href":"https:\/\/dicodusport.fr\/blog\/wp-json\/wp\/v2\/posts\/114759\/revisions"}],"wp:featuredmedia":[{"embeddable":true,"href":"https:\/\/dicodusport.fr\/blog\/wp-json\/wp\/v2\/media\/114765"}],"wp:attachment":[{"href":"https:\/\/dicodusport.fr\/blog\/wp-json\/wp\/v2\/media?parent=114759"}],"wp:term":[{"taxonomy":"category","embeddable":true,"href":"https:\/\/dicodusport.fr\/blog\/wp-json\/wp\/v2\/categories?post=114759"},{"taxonomy":"post_tag","embeddable":true,"href":"https:\/\/dicodusport.fr\/blog\/wp-json\/wp\/v2\/tags?post=114759"}],"curies":[{"name":"wp","href":"https:\/\/api.w.org\/{rel}","templated":true}]}}