{"id":114794,"date":"2021-04-02T12:15:13","date_gmt":"2021-04-02T10:15:13","guid":{"rendered":"https:\/\/dicodusport.fr\/blog\/?p=114794"},"modified":"2021-04-14T15:35:02","modified_gmt":"2021-04-14T13:35:02","slug":"manon-brunet-mon-objectif-c-est-d-etre-championne-olympique","status":"publish","type":"post","link":"https:\/\/dicodusport.fr\/blog\/manon-brunet-mon-objectif-c-est-d-etre-championne-olympique\/","title":{"rendered":"Manon Brunet : \u00ab\u00a0Mon objectif, c&rsquo;est d&rsquo;\u00eatre championne olympique\u00a0\u00bb"},"content":{"rendered":"<p style=\"text-align: justify;\"><em><b>ESCRIME &#8211; \u00c0 25 ans, Manon Brunet entame sa pr\u00e9paration pour les Jeux Olympiques de Tokyo. Pour la r\u00e9daction, elle revient sur une ann\u00e9e totalement blanche, son grand retour \u00e0 la comp\u00e9tition, et ses ambitions. Entre l&rsquo;or olympique et la place de num\u00e9ro 1 mondiale, la jeune lyonnaise entend bien poursuivre son ascension vers les sommets de la discipline. <\/b><\/em><em><strong>Entretien.\u00a0<\/strong><\/em><\/p>\n<h3 style=\"text-align: justify;\">En mars dernier, le monde du sport \u00e9tait mis en stand-by. Apr\u00e8s 1 an d&rsquo;attente, vous avez enfin repris la comp\u00e9tition la semaine derni\u00e8re, comment on se sent au moment de remonter sur la piste ?<\/h3>\n<p style=\"text-align: justify;\">La premi\u00e8re chose qu&rsquo;on se dit c&rsquo;est <em>\u00ab Est-ce que c&rsquo;est s\u00fbr ? \u00bb<\/em>\u00a0<em>(rires)<\/em>. Durant cette p\u00e9riode, on a eu pas mal d&rsquo;annonces, et au final, pendant un an, on n&rsquo;a eu aucune comp\u00e9tition. Je me suis dit que tant que je n&rsquo;\u00e9tais pas arriv\u00e9e \u00e0 Budapest et que je n&rsquo;\u00e9tais pas sur la piste, il n&rsquo;y avait pas de comp\u00e9tition. Une fois l\u00e0-bas, il y a de l&rsquo;excitation, une envie de retourner sur la piste. Mais en m\u00eame temps, il y a une forme de peur. On se demande comment sont les autres ? Quel niveau j&rsquo;ai ? Comment est-ce que je tire ? Donc oui, j&rsquo;avais vraiment tr\u00e8s envie de tirer, mais j&rsquo;avais peur de mon niveau par rapport \u00e0 celui que pouvait avoir certaines filles.<\/p>\n<h3 style=\"text-align: justify;\">En 2020, vous avez train\u00e9 une longue blessure, o\u00f9 en \u00eates-vous aujourd\u2019hui ?<\/h3>\n<p style=\"text-align: justify;\">C&rsquo;est sur qu&rsquo;un mois de plus m&rsquo;aurait pas fait de mal <em>(rires)<\/em>. J&rsquo;avais aussi peur \u00e0 cause de \u00e7a \u00e0 Budapest. Au final, j&rsquo;ai eu de bonnes sensations en individuel.<\/p>\n<h3 style=\"text-align: justify;\">Quels enseignements tirez-vous de votre retour \u00e0 Budapest la semaine pass\u00e9e ?<\/h3>\n<p style=\"text-align: justify;\">J&rsquo;ai un retour assez mitig\u00e9. En individuel, ma d\u00e9faite se joue \u00e0 un point. A un point pr\u00e8s, je suis dans les huit, voire pourquoi pas sur le podium. \u00c7a se joue \u00e0 rien pour que ma comp\u00e9tition devienne super, surtout que j&rsquo;avais vraiment de bonnes sensations sur la piste. A contrario, le lendemain en \u00e9quipes, je me suis sentie perdue, j&rsquo;avais du mal \u00e0 trouver mes rep\u00e8res. J&rsquo;ai eu du mal \u00e0 gagner mes matchs, peut-\u00eatre aussi parce que c&rsquo;\u00e9taient des matchs en cinq. Je me suis rendue compte que j&rsquo;avais encore beaucoup \u00e0 travailler, donc je vais visionner mes duels et voir ce qui n&rsquo;allait pas pour travailler dessus.<\/p>\n<p style=\"text-align: justify;\">Donc au final, mon retour c&rsquo;est 50\/50. J&rsquo;ai pas mal de ressources, je sens que mon escrime n&rsquo;est pas loin, mais il y a encore quelques r\u00e9glages \u00e0 faire. L&rsquo;escrime est toujours en moi, mais j&rsquo;arrive pas encore \u00e0 tout ressortir. Il me manque quelques mois d&rsquo;entrainements, mais j&rsquo;ai peur que quatre mois ne soient pas suffisants.<\/p>\n<h3 style=\"text-align: justify;\">Un an de pause pour une athl\u00e8te professionnelle, c\u2019est extr\u00eamement long. Comment vous \u00eates-vous organis\u00e9e pour rester au top durant cette p\u00e9riode difficile ? Vous avez r\u00e9ussi \u00e0 vous entrainer ?<\/h3>\n<p style=\"text-align: justify;\">Pour moi, c&rsquo;\u00e9tait un peu diff\u00e9rent des autres puisque j&rsquo;ai \u00e9t\u00e9 bless\u00e9e pendant 6 mois. Au niveau des entrainements, \u00e0 titre personnel, \u00e7a a \u00e9t\u00e9. Finalement pour moi, le plus dur, c&rsquo;\u00e9tait de retrouver la piste d&rsquo;entrainement et de voir que mon corps n&rsquo;arrivait pas \u00e0 se soigner. Mais une fois gu\u00e9rie, j&rsquo;\u00e9tais tellement heureuse que je bossais tous les jours \u00e0 l&rsquo;entrainement, j&rsquo;avais toujours des pistes de travail.<\/p>\n<p style=\"text-align: justify;\">Pour les filles, l&rsquo;entrainement a \u00e9t\u00e9 similaire pendant un an. En temps normal d\u00e9j\u00e0, on a des p\u00e9riodes de lassitude dans la saison. Alors cette ann\u00e9e, s&rsquo;entrainer sans savoir quand on va enfin pouvoir reprendre, c&rsquo;est dur. Les coachs ont essay\u00e9 de faire des comp\u00e9titions \u00e0 l&rsquo;entrainement et on a fait un stage en d\u00e9but d&rsquo;ann\u00e9e. Mais \u00e7a a surtout \u00e9t\u00e9 \u00e0 nous de faire la part des choses. Il a fallu faire des jeux pour d\u00e9compresser, trouver des pistes de travail diff\u00e9rentes, s&rsquo;\u00e9couter aussi pour s&rsquo;entrainer en fonction de ce qui est le mieux pour nous \u00e0 ce moment-l\u00e0.<\/p>\n<h3 style=\"text-align: justify;\">Est-ce que votre blessure vous a permis de ne pas \u00eatre lass\u00e9e de ces s\u00e9ances et globalement de l&rsquo;escrime ?<\/h3>\n<p style=\"text-align: justify;\">Si on devait trouver un c\u00f4t\u00e9 positif, oui. J&rsquo;ai peut-\u00eatre \u00e9t\u00e9 lass\u00e9e de la pr\u00e9paration physique ou du kin\u00e9, mais pas de l&rsquo;escrime. J&rsquo;esp\u00e8re que je ne le serais pas pendant les quatre prochains mois. Au-del\u00e0 d&rsquo;une forme de lassitude, j&rsquo;ai parfois ressenti de la tristesse. Je ne me voyais pas avancer avec ma blessure, et j&rsquo;avais l&rsquo;impression que j&rsquo;allais reprendre trop tard pour \u00eatre pr\u00eate pour la comp\u00e9tition.<\/p>\n<h3 style=\"text-align: justify;\">Vous \u00eates qualifi\u00e9e pour les Jeux de Tokyo cet \u00e9t\u00e9, comment on aborde ces deuxi\u00e8mes JO ?<\/h3>\n<p style=\"text-align: justify;\">J&rsquo;ai le souvenir qu&rsquo;il va se passer un truc \u00e9norme, mais au moins je sais dans quoi je mets les pieds. Il y a cinq ans, j&rsquo;\u00e9tais la petite fille qui d\u00e9couvre les Jeux et je voulais juste m&rsquo;\u00e9clater sur la piste. Cette ann\u00e9e, je veux toujours m&rsquo;\u00e9clater, mais je suis devenue l&rsquo;athl\u00e8te qui veut d\u00e9crocher des m\u00e9dailles. Il y aura une pression de dingue et il faudra r\u00e9ussir \u00e0 la g\u00e9rer, mais j&rsquo;ai h\u00e2te d&rsquo;y aller pour changer ce qu&rsquo;il s&rsquo;est pass\u00e9 \u00e0 Rio, en esp\u00e9rant mieux.<\/p>\n<h3 style=\"text-align: justify;\">A ce propos, vous terminez quatri\u00e8me au Br\u00e9sil, dans une demi-finale au go\u00fbt relativement amer. J\u2019imagine que vous avez aval\u00e9 la pilule, mais cet \u00e9v\u00e9nement vous a-t-il permis d\u2019\u00eatre encore plus forte ?<\/h3>\n<p style=\"text-align: justify;\">Si on prend le c\u00f4t\u00e9 positif de cette d\u00e9faite, c&rsquo;est qu&rsquo;avant Rio, j&rsquo;entendais souvent <em>\u00ab <\/em><em>tu es forte, tu peux faire des belles choses \u00bb<\/em>. Je savais que j&rsquo;en \u00e9tais capable mais je n&rsquo;y \u00e9tais pas encore. Au Br\u00e9sil, j&rsquo;ai montr\u00e9 mon meilleur niveau en individuel, et j&rsquo;ai pris conscience que c&rsquo;\u00e9tait le moment de montrer que j&rsquo;\u00e9tais capable de gagner. Pendant un an, j&rsquo;ai surf\u00e9 sur cette vague de confiance, en me disant que j&rsquo;adorais ce que je faisais et que j&rsquo;\u00e9tais forte, donc \u00e7a marchait plut\u00f4t bien.<\/p>\n<p style=\"text-align: justify;\">Apr\u00e8s, cette pression de se dire <em>\u00ab <\/em><em>je suis forte \u00bb<\/em>, elle est tr\u00e8s difficile \u00e0 g\u00e9rer. Je viens pour gagner, je fais partie des favorites, alors je dois gagner. Je sais que j&rsquo;ai le niveau pour faire des m\u00e9dailles, mais avec mon statut, j&rsquo;ai aussi le stress pour les rater. Il y a aussi beaucoup de filles qui sont fortes, et forc\u00e9ment tout le monde veut d\u00e9crocher une m\u00e9daille.<\/p>\n<h3 style=\"text-align: justify;\">Apr\u00e8s cette quatri\u00e8me place \u00e0 Rio, et votre statut actuel, l&rsquo;objectif c&rsquo;est l&rsquo;or \u00e0 Tokyo ? Avec les filles, j\u2019imagine que l\u2019objectif est similaire ?<strong><br \/>\n<\/strong><\/h3>\n<p style=\"text-align: justify;\">Oui, je vise deux m\u00e9dailles d&rsquo;or. Mon objectif, c&rsquo;est d&rsquo;\u00eatre championne olympique. Je suis troisi\u00e8me mondiale, pas premi\u00e8re, donc je suis pas LA favorite. Mais on est beaucoup. Rien que pour les Fran\u00e7aises, je vois <strong>C\u00e9cilia Berder<\/strong> ou <strong>Charlotte Lembach<\/strong>, qui sont dans le top 16 mondial, elles viennent pour gagner l&rsquo;or et elles ont les capacit\u00e9s de le faire, elles l&rsquo;ont d\u00e9j\u00e0 montr\u00e9 en championnats.<\/p>\n<blockquote class=\"twitter-tweet\">\n<p dir=\"ltr\" lang=\"fr\">Elles sont CHAMPIONNES DU MONDE ! C\u00e9cilia BERDER, Manon BRUNET, Charlotte LEMBACH et Caroline QUEROLI, les sabreuses d\u00e9crochent l\u2019or aux championnats du monde de Wuxi. <a href=\"https:\/\/t.co\/aQXnp97y3y\">https:\/\/t.co\/aQXnp97y3y<\/a> <a href=\"https:\/\/twitter.com\/hashtag\/championdumonde2018?src=hash&amp;ref_src=twsrc%5Etfw\">#championdumonde2018<\/a> <a href=\"https:\/\/twitter.com\/hashtag\/ChampionsDuMonde?src=hash&amp;ref_src=twsrc%5Etfw\">#ChampionsDuMonde<\/a> <a href=\"https:\/\/twitter.com\/hashtag\/escrime?src=hash&amp;ref_src=twsrc%5Etfw\">#escrime<\/a> <a href=\"https:\/\/t.co\/8lPNro6mtz\">pic.twitter.com\/8lPNro6mtz<\/a><\/p>\n<p>\u2014 Les Sportives (@lessportivesmag) <a href=\"https:\/\/twitter.com\/lessportivesmag\/status\/1022870522961518592?ref_src=twsrc%5Etfw\">July 27, 2018<\/a><\/p><\/blockquote>\n<p><script async src=\"https:\/\/platform.twitter.com\/widgets.js\" charset=\"utf-8\"><\/script><\/p>\n<h3 style=\"text-align: justify;\">Depuis la cr\u00e9ation des JO, et \u00e0 l\u2019exception de 1960 et du fiasco de 2012, la France a toujours remport\u00e9 au moins une m\u00e9daille lors de cet \u00e9v\u00e9nement. Est-ce que le statut de l\u2019escrime dans l\u2019histoire fran\u00e7aise aux JO accentue la pression autour de vos performances ?<\/h3>\n<p style=\"text-align: justify;\">Non, pour moi, ce n&rsquo;est pas une forme de pression. Enfin, \u00e7a peut l&rsquo;\u00eatre quand vous \u00eates dans les derniers \u00e0 tirer. \u00c7a me fait penser \u00e0 <strong>Gauthier<\/strong> <strong>Grumier<\/strong> \u00e0 Rio. En individuel, on avait tous \u00e9t\u00e9 \u00e9limin\u00e9s, et c&rsquo;\u00e9tait le dernier en lice pour ouvrir le compteur fran\u00e7ais. A ce moment-l\u00e0, la pression ce n&rsquo;\u00e9tait pas de se dire <em>\u00ab<\/em> <em>on est forts, on est un sport qui ram\u00e8ne beaucoup de m\u00e9dailles aux JO \u00bb<\/em>. C&rsquo;\u00e9tait plut\u00f4t <em>\u00ab <\/em><em>on est le sport qui a rien ramen\u00e9 de Londres \u00bb<\/em>,\u00a0et au final il ouvre le compteur <em>(rires)<\/em>.<\/p>\n<p style=\"text-align: justify;\">Apr\u00e8s, c&rsquo;est une certaine fiert\u00e9 de voir que l&rsquo;escrime a ramen\u00e9 \u00e9norm\u00e9ment de m\u00e9dailles aux JO, et on essaye de surfer l\u00e0-dessus. On est un des sports qui fait briller la France alors que ce n&rsquo;est pas le plus m\u00e9diatis\u00e9. Si je peux ramener une m\u00e9daille pour la France, je le ferais, mais je la veux d&rsquo;abord pour moi, donc la pression est d\u00e9j\u00e0 \u00e9norme. Je suis fi\u00e8re de repr\u00e9senter la France mais sur la piste, je serai toute seule, alors je vais essayer de faire le taf et on verra <em>(rires)<\/em>.<\/p>\n<h3 style=\"text-align: justify;\">On sait que l&rsquo;escrime est tr\u00e8s peu m\u00e9diatis\u00e9 hors JO. En 2024, les Jeux seront \u00e0 Paris. Gagner l&rsquo;or olympique en France, vous en r\u00eavez ? Est-ce que vous pensez que cet \u00e9v\u00e9nement peut participer \u00e0 donner une meilleure m\u00e9diatisation \u00e0 l&rsquo;escrime en France ?<\/h3>\n<p style=\"text-align: justify;\">Oui, c&rsquo;est s\u00fbr. Paris c&rsquo;est d\u00e9j\u00e0 dans ma t\u00eate, c&rsquo;est demain. En plus, le concours aura lieu au Grand Palais, dans un endroit mythique, \u00e7a serait le moment de briller <em>(rires)<\/em>. Mais, \u00e0 la fin des Jeux, on n&rsquo;aura que trois ans pour se pr\u00e9parer, et les qualifications pour Paris vont commencer un an apr\u00e8s Tokyo. On aura besoin d&rsquo;une pause, mais on n&rsquo;aura pas le temps d&rsquo;en prendre une vraie. Je pense que \u00e7a va \u00eatre difficile et un peu \u00e9trange. Mais ce qui est s\u00fbr, c&rsquo;est que Paris va faire du bien pour m\u00e9diatiser l&rsquo;escrime et le sport au-del\u00e0 de l&rsquo;escrime. D&rsquo;autres disciplines, notamment plus amateurs, ont besoin d&rsquo;\u00eatre regard\u00e9es, et j&rsquo;esp\u00e8re qu&rsquo;on arrivera \u00e0 faire vivre le sport gr\u00e2ce \u00e0 l&rsquo;\u00e9motion qu&rsquo;on procurera au public.<\/p>\n<hr \/>\n<blockquote>\n<p style=\"text-align: justify;\"><span style=\"font-size: 20px;\"><strong>\u00catre num\u00e9ro 1 mondiale, c&rsquo;est la classe.<\/strong><\/span><\/p>\n<\/blockquote>\n<hr \/>\n<h3 style=\"text-align: justify;\">A 25 ans, vous avez d\u00e9j\u00e0 un palmar\u00e8s bien garni, si vous deviez garder un seul moment de votre carri\u00e8re, lequel serait-ce ?<\/h3>\n<p style=\"text-align: justify;\">C&rsquo;est dur ! Il y en a plusieurs que j&rsquo;ai envie de retenir, dont les Jeux. \u00c7a a a \u00e9t\u00e9 un moment extr\u00eamement fort pour moi. Mais je garderai le titre aux championnats du monde 2018 en \u00e9quipes. Devenir championne du monde, \u00e7a a \u00e9t\u00e9 tellement fort en \u00e9motions ! Au-del\u00e0 de la victoire, tout le pass\u00e9 rentrait en compte. On avait \u00e9chou\u00e9 toutes les quatre en individuel, on avait pass\u00e9 trois semaines en Chine \u00e0 regarder la Coupe du monde de foot\u2026 Et puis, on essayait d&rsquo;\u00eatre championnes du monde depuis tellement longtemps, que la pression \u00e9tait dingue.<\/p>\n<p style=\"text-align: justify;\">Donc de d\u00e9crocher ce titre, \u00e7a a \u00e9t\u00e9 un ENFIN ! J&rsquo;ai pleur\u00e9 pendant 30 minutes, j&rsquo;ai rel\u00e2ch\u00e9 toute la pression de la comp\u00e9tition, des mauvais r\u00e9sultats individuels, du voyage, de nos \u00e9checs r\u00e9p\u00e9t\u00e9s. En plus, en finale, on ne pouvait pas faire une meilleure performance, on \u00e9tait vraiment au top. Je pense que des moments forts comme celui-l\u00e0, m\u00eame si on regagne ensemble, hormis les JO, ce ne sera pas aussi fort. C&rsquo;\u00e9tait notre premi\u00e8re fois et c&rsquo;\u00e9tait tellement attendu que c&rsquo;est unique.<\/p>\n<h3 style=\"text-align: justify;\">Au-del\u00e0 des JO, cela fait deux ann\u00e9es que vous terminez la saison au troisi\u00e8me rang du classement g\u00e9n\u00e9ral individuel, est-ce que la premi\u00e8re place est aussi un objectif ?<\/h3>\n<p style=\"text-align: justify;\">\u00catre num\u00e9ro 1 mondiale? C&rsquo;est la classe c&rsquo;est s\u00fbr. J&rsquo;aimerais \u00eatre num\u00e9ro 1 en gagnant les Jeux, m\u00eame si je ne suis pas s\u00fbre que ce soit possible vu l&rsquo;avance qu&rsquo;ont les filles devant moi. Mais avant d&rsquo;\u00eatre au sommet, je veux gagner des titres. En gagnant des titres, je le serais, c&rsquo;est s\u00fbr. Les filles devant moi, elles gagnent depuis des ann\u00e9es, et elles se battent \u00e0 chaque fois pour \u00eatre premi\u00e8res. \u00c0 Budapest, \u00e7a se joue \u00e0 une touche. Mais c&rsquo;est une touche qui me fait finir neuvi\u00e8me. Neuvi\u00e8me, c&rsquo;est loin de mes objectifs. Mais si c&rsquo;est moi qui la met, je peux esp\u00e9rer un podium. D&rsquo;ailleurs, je l&rsquo;ai peut-\u00eatre fait cette touche. Les arbitres n&rsquo;\u00e9taient pas d&rsquo;accord \u00e0 14-14, donc on a refait la touche. Mais on ne saura jamais, c&rsquo;est la beaut\u00e9 du sport <em>(rires)<\/em><em>.\u00a0<\/em><\/p>\n<blockquote class=\"twitter-tweet\">\n<p dir=\"ltr\" lang=\"fr\">Succ\u00e8s de prestige pour Manon Brunet, et \u00e0 domicile ! &#x1f1eb;&#x1f1f7;&#x1f4aa; <a href=\"https:\/\/twitter.com\/hashtag\/Escrime?src=hash&amp;ref_src=twsrc%5Etfw\">#Escrime<\/a> <a href=\"https:\/\/twitter.com\/hashtag\/OrleansSabre2019?src=hash&amp;ref_src=twsrc%5Etfw\">#OrleansSabre2019<\/a><a href=\"https:\/\/t.co\/uM9NIxsVAu\">https:\/\/t.co\/uM9NIxsVAu<\/a><\/p>\n<p>\u2014 Dicodusport &#x2b50;&#x2b50; (@dicodusport) <a href=\"https:\/\/twitter.com\/dicodusport\/status\/1198301887969267712?ref_src=twsrc%5Etfw\">November 23, 2019<\/a><\/p><\/blockquote>\n<p><script async src=\"https:\/\/platform.twitter.com\/widgets.js\" charset=\"utf-8\"><\/script><\/p>\n<h3 style=\"text-align: justify;\">Vous avez des indications concernant les prochaines \u00e9ch\u00e9ances avant les JO ?<\/h3>\n<p style=\"text-align: justify;\">On esp\u00e8re avoir une comp\u00e9tition en mai, ce serait un Grand Prix juste individuel, et peut-\u00eatre les championnats d&rsquo;Europe en juin. Je pense que pour le Grand Prix \u00e7a va \u00eatre compliqu\u00e9. Notre bulle a \u00e9clat\u00e9 pendant la Coupe du monde \u00e0 Budapest, il y a eu une trentaine de cas positifs. C&rsquo;est vraiment la gal\u00e8re.<\/p>\n<h3 style=\"text-align: justify;\">Que peut-on vous souhaiter pour la suite ?<\/h3>\n<p style=\"text-align: justify;\">D\u00e9j\u00e0, des comp\u00e9titions pour se pr\u00e9parer aux Jeux. Et puis de revenir avec un meilleur souvenir de Tokyo qu&rsquo;il y a cinq ans.<\/p>\n<p><em><strong>Antonin Gizolme<br \/>\n<\/strong><\/em><strong><em><a href=\"https:\/\/twitter.com\/AntoninGizolme\" target=\"_blank\" rel=\"noopener noreferrer\"><img loading=\"lazy\" decoding=\"async\" class=\"jetpack-lazy-image jetpack-lazy-image--handled alignnone wp-image-2908\" src=\"https:\/\/i1.wp.com\/dicodusport.fr\/blog\/wp-content\/uploads\/2017\/07\/logo-twitter-150x150.png?resize=39%2C39\" alt=\"\" width=\"39\" height=\"39\" data-lazy-loaded=\"1\" \/><\/a><\/em><\/strong><\/p>\n","protected":false},"excerpt":{"rendered":"<p>ESCRIME &#8211; \u00c0 25 ans, Manon Brunet entame sa pr\u00e9paration pour les Jeux Olympiques de Tokyo. Pour la r\u00e9daction, elle revient sur une ann\u00e9e totalement blanche, son grand retour \u00e0 la comp\u00e9tition, et ses ambitions. Entre l&rsquo;or olympique et la place de num\u00e9ro 1 mondiale, la jeune lyonnaise entend bien poursuivre son ascension vers les sommets de la discipline. Entretien.<\/p>\n","protected":false},"author":51,"featured_media":118072,"comment_status":"open","ping_status":"closed","sticky":false,"template":"","format":"standard","meta":{"_acf_changed":false,"_daextam_enable_autolinks":"","footnotes":""},"categories":[9251,8433],"tags":[895,9915,3679,1394,24],"class_list":["post-114794","post","type-post","status-publish","format-standard","has-post-thumbnail","hentry","category-escrime","category-jo-tokyo-2020","tag-escrime","tag-jeux-olympiques-de-tokyo","tag-manon-brunet","tag-sabre","tag-sport"],"acf":[],"yoast_head":"<!-- This site is optimized with the Yoast SEO Premium plugin v26.7 (Yoast SEO v26.7) - https:\/\/yoast.com\/wordpress\/plugins\/seo\/ -->\n<title>Manon Brunet : &quot;Mon objectif, c&#039;est d&#039;\u00eatre championne olympique&quot;<\/title>\n<meta name=\"description\" content=\"ESCRIME - \u00c0 25 ans, Manon Brunet entame sa pr\u00e9paration pour les Jeux Olympiques de Tokyo. Entretien avec la num\u00e9ro 3 mondiale en sabre.\" \/>\n<meta name=\"robots\" content=\"index, follow, max-snippet:-1, max-image-preview:large, max-video-preview:-1\" \/>\n<link rel=\"canonical\" href=\"https:\/\/dicodusport.fr\/blog\/manon-brunet-mon-objectif-c-est-d-etre-championne-olympique\/\" \/>\n<meta property=\"og:locale\" content=\"fr_FR\" \/>\n<meta property=\"og:type\" content=\"article\" \/>\n<meta property=\"og:title\" content=\"Manon Brunet : &quot;Mon objectif, c&#039;est d&#039;\u00eatre championne olympique&quot;\" \/>\n<meta property=\"og:description\" content=\"ESCRIME - \u00c0 25 ans, Manon Brunet entame sa pr\u00e9paration pour les Jeux Olympiques de Tokyo. Entretien avec la num\u00e9ro 3 mondiale en sabre.\" \/>\n<meta property=\"og:url\" content=\"https:\/\/dicodusport.fr\/blog\/manon-brunet-mon-objectif-c-est-d-etre-championne-olympique\/\" \/>\n<meta property=\"og:site_name\" content=\"Dicodusport\" \/>\n<meta property=\"article:publisher\" content=\"https:\/\/www.facebook.com\/dicodusport\" \/>\n<meta property=\"article:published_time\" content=\"2021-04-02T10:15:13+00:00\" \/>\n<meta property=\"article:modified_time\" content=\"2021-04-14T13:35:02+00:00\" \/>\n<meta property=\"og:image\" content=\"https:\/\/dicodusport.fr\/blog\/wp-content\/uploads\/2021\/03\/Manon-Brunet-Mon-objectif-cest-detre-championne-olympique.png\" \/>\n\t<meta property=\"og:image:width\" content=\"800\" \/>\n\t<meta property=\"og:image:height\" content=\"445\" \/>\n\t<meta property=\"og:image:type\" content=\"image\/png\" \/>\n<meta name=\"author\" content=\"Antonin Gizolme\" \/>\n<meta name=\"twitter:card\" content=\"summary_large_image\" \/>\n<meta name=\"twitter:title\" content=\"Manon Brunet : &quot;Mon objectif, c&#039;est d&#039;\u00eatre championne olympique&quot;\" \/>\n<meta name=\"twitter:creator\" content=\"@https:\/\/twitter.com\/AntoninGizolme\" \/>\n<meta name=\"twitter:site\" content=\"@dicodusport\" \/>\n<script type=\"application\/ld+json\" class=\"yoast-schema-graph\">{\"@context\":\"https:\/\/schema.org\",\"@graph\":[{\"@type\":\"NewsArticle\",\"@id\":\"https:\/\/dicodusport.fr\/blog\/manon-brunet-mon-objectif-c-est-d-etre-championne-olympique\/#article\",\"isPartOf\":{\"@id\":\"https:\/\/dicodusport.fr\/blog\/manon-brunet-mon-objectif-c-est-d-etre-championne-olympique\/\"},\"author\":{\"name\":\"Antonin Gizolme\",\"@id\":\"https:\/\/dicodusport.fr\/blog\/#\/schema\/person\/b5f72959ae80a547dcc15f019adf6e0c\"},\"headline\":\"Manon Brunet : \u00ab\u00a0Mon objectif, c&rsquo;est d&rsquo;\u00eatre championne olympique\u00a0\u00bb\",\"datePublished\":\"2021-04-02T10:15:13+00:00\",\"dateModified\":\"2021-04-14T13:35:02+00:00\",\"mainEntityOfPage\":{\"@id\":\"https:\/\/dicodusport.fr\/blog\/manon-brunet-mon-objectif-c-est-d-etre-championne-olympique\/\"},\"wordCount\":2321,\"commentCount\":0,\"publisher\":{\"@id\":\"https:\/\/dicodusport.fr\/blog\/#organization\"},\"image\":{\"@id\":\"https:\/\/dicodusport.fr\/blog\/manon-brunet-mon-objectif-c-est-d-etre-championne-olympique\/#primaryimage\"},\"thumbnailUrl\":\"https:\/\/dicodusport.fr\/blog\/wp-content\/uploads\/2021\/03\/Manon-Brunet-Mon-objectif-cest-detre-championne-olympique.png\",\"keywords\":[\"escrime\",\"Jeux Olympiques de Tokyo\",\"Manon Brunet\",\"sabre\",\"sport\"],\"articleSection\":[\"Escrime\",\"JO Tokyo 2020\"],\"inLanguage\":\"fr-FR\",\"potentialAction\":[{\"@type\":\"CommentAction\",\"name\":\"Comment\",\"target\":[\"https:\/\/dicodusport.fr\/blog\/manon-brunet-mon-objectif-c-est-d-etre-championne-olympique\/#respond\"]}],\"copyrightYear\":\"2021\",\"copyrightHolder\":{\"@id\":\"https:\/\/dicodusport.fr\/blog\/#organization\"}},{\"@type\":\"WebPage\",\"@id\":\"https:\/\/dicodusport.fr\/blog\/manon-brunet-mon-objectif-c-est-d-etre-championne-olympique\/\",\"url\":\"https:\/\/dicodusport.fr\/blog\/manon-brunet-mon-objectif-c-est-d-etre-championne-olympique\/\",\"name\":\"Manon Brunet : \\\"Mon objectif, c'est d'\u00eatre championne olympique\\\"\",\"isPartOf\":{\"@id\":\"https:\/\/dicodusport.fr\/blog\/#website\"},\"primaryImageOfPage\":{\"@id\":\"https:\/\/dicodusport.fr\/blog\/manon-brunet-mon-objectif-c-est-d-etre-championne-olympique\/#primaryimage\"},\"image\":{\"@id\":\"https:\/\/dicodusport.fr\/blog\/manon-brunet-mon-objectif-c-est-d-etre-championne-olympique\/#primaryimage\"},\"thumbnailUrl\":\"https:\/\/dicodusport.fr\/blog\/wp-content\/uploads\/2021\/03\/Manon-Brunet-Mon-objectif-cest-detre-championne-olympique.png\",\"datePublished\":\"2021-04-02T10:15:13+00:00\",\"dateModified\":\"2021-04-14T13:35:02+00:00\",\"description\":\"ESCRIME - \u00c0 25 ans, Manon Brunet entame sa pr\u00e9paration pour les Jeux Olympiques de Tokyo. Entretien avec la num\u00e9ro 3 mondiale en sabre.\",\"breadcrumb\":{\"@id\":\"https:\/\/dicodusport.fr\/blog\/manon-brunet-mon-objectif-c-est-d-etre-championne-olympique\/#breadcrumb\"},\"inLanguage\":\"fr-FR\",\"potentialAction\":[{\"@type\":\"ReadAction\",\"target\":[\"https:\/\/dicodusport.fr\/blog\/manon-brunet-mon-objectif-c-est-d-etre-championne-olympique\/\"]}]},{\"@type\":\"ImageObject\",\"inLanguage\":\"fr-FR\",\"@id\":\"https:\/\/dicodusport.fr\/blog\/manon-brunet-mon-objectif-c-est-d-etre-championne-olympique\/#primaryimage\",\"url\":\"https:\/\/dicodusport.fr\/blog\/wp-content\/uploads\/2021\/03\/Manon-Brunet-Mon-objectif-cest-detre-championne-olympique.png\",\"contentUrl\":\"https:\/\/dicodusport.fr\/blog\/wp-content\/uploads\/2021\/03\/Manon-Brunet-Mon-objectif-cest-detre-championne-olympique.png\",\"width\":800,\"height\":445,\"caption\":\"Escrime\u00a0: Qu\u2019attendre des Fran\u00e7ais lors des JO de Tokyo ?\"},{\"@type\":\"BreadcrumbList\",\"@id\":\"https:\/\/dicodusport.fr\/blog\/manon-brunet-mon-objectif-c-est-d-etre-championne-olympique\/#breadcrumb\",\"itemListElement\":[{\"@type\":\"ListItem\",\"position\":1,\"name\":\"Accueil\",\"item\":\"https:\/\/dicodusport.fr\/blog\/\"},{\"@type\":\"ListItem\",\"position\":2,\"name\":\"Manon Brunet : \u00ab\u00a0Mon objectif, c&rsquo;est d&rsquo;\u00eatre championne olympique\u00a0\u00bb\"}]},{\"@type\":\"WebSite\",\"@id\":\"https:\/\/dicodusport.fr\/blog\/#website\",\"url\":\"https:\/\/dicodusport.fr\/blog\/\",\"name\":\"Dicodusport\",\"description\":\"L&#039;encyclop\u00e9die de l&#039;actualit\u00e9 sportive\",\"publisher\":{\"@id\":\"https:\/\/dicodusport.fr\/blog\/#organization\"},\"potentialAction\":[{\"@type\":\"SearchAction\",\"target\":{\"@type\":\"EntryPoint\",\"urlTemplate\":\"https:\/\/dicodusport.fr\/blog\/?s={search_term_string}\"},\"query-input\":{\"@type\":\"PropertyValueSpecification\",\"valueRequired\":true,\"valueName\":\"search_term_string\"}}],\"inLanguage\":\"fr-FR\"},{\"@type\":\"NewsMediaOrganization\",\"@id\":\"https:\/\/dicodusport.fr\/blog\/#organization\",\"name\":\"Dicodusport\",\"url\":\"https:\/\/dicodusport.fr\/blog\/\",\"logo\":{\"@type\":\"ImageObject\",\"inLanguage\":\"fr-FR\",\"@id\":\"https:\/\/dicodusport.fr\/blog\/#\/schema\/logo\/image\/\",\"url\":\"https:\/\/dicodusport.fr\/blog\/wp-content\/uploads\/2020\/06\/cropped-LOGO-DICODUSPORT-2020-SANS-FOND-SANS-TEXTE.png\",\"contentUrl\":\"https:\/\/dicodusport.fr\/blog\/wp-content\/uploads\/2020\/06\/cropped-LOGO-DICODUSPORT-2020-SANS-FOND-SANS-TEXTE.png\",\"width\":512,\"height\":512,\"caption\":\"Dicodusport\"},\"image\":{\"@id\":\"https:\/\/dicodusport.fr\/blog\/#\/schema\/logo\/image\/\"},\"sameAs\":[\"https:\/\/www.facebook.com\/dicodusport\",\"https:\/\/x.com\/dicodusport\",\"https:\/\/www.instagram.com\/dicodusport\/\",\"https:\/\/www.youtube.com\/channel\/UC7V2KZ5sd3htJivAbA4ZG3w\"],\"description\":\"Dicodusport est l'encyclop\u00e9die de l'actualit\u00e9 sportive.\",\"email\":\"bonjour@dicodusport.fr\",\"legalName\":\"DICODUSPORT\",\"foundingDate\":\"2018-01-14\",\"vatID\":\"FR71834470973\",\"taxID\":\"83447097300043\",\"numberOfEmployees\":{\"@type\":\"QuantitativeValue\",\"minValue\":\"1\",\"maxValue\":\"10\"}},{\"@type\":\"Person\",\"@id\":\"https:\/\/dicodusport.fr\/blog\/#\/schema\/person\/b5f72959ae80a547dcc15f019adf6e0c\",\"name\":\"Antonin Gizolme\",\"image\":{\"@type\":\"ImageObject\",\"inLanguage\":\"fr-FR\",\"@id\":\"https:\/\/dicodusport.fr\/blog\/#\/schema\/person\/image\/\",\"url\":\"https:\/\/dicodusport.fr\/blog\/wp-content\/uploads\/2021\/04\/Maillot-Anto-Dicodusport-150x150.png\",\"contentUrl\":\"https:\/\/dicodusport.fr\/blog\/wp-content\/uploads\/2021\/04\/Maillot-Anto-Dicodusport-150x150.png\",\"caption\":\"Antonin Gizolme\"},\"description\":\"Journaliste\/R\u00e9dacteur depuis mars 2021 - N\u00e9 un soir de Ligue des Champions, c\u2019est tout naturellement que je suis un passionn\u00e9 de football depuis ma plus tendre enfance. Durant des ann\u00e9es, j\u2019ai \u00e9t\u00e9 berc\u00e9 par la douce m\u00e9lodie de la Ligue des Champions, subjugu\u00e9 par les coups-francs de Juninho et admiratif devant les coups de reins de Karim Benzema. Malheureusement pour moi, mes genoux en carton m\u2019ont emp\u00each\u00e9 de suivre les traces de mes idoles pour \u00e9crire l\u2019Histoire. Alors, c\u2019est ici que je vais me charger de vous la raconter.\",\"sameAs\":[\"https:\/\/x.com\/https:\/\/twitter.com\/AntoninGizolme\"],\"url\":\"https:\/\/dicodusport.fr\/blog\/author\/antoning\/\"}]}<\/script>\n<!-- \/ Yoast SEO Premium plugin. -->","yoast_head_json":{"title":"Manon Brunet : \"Mon objectif, c'est d'\u00eatre championne olympique\"","description":"ESCRIME - \u00c0 25 ans, Manon Brunet entame sa pr\u00e9paration pour les Jeux Olympiques de Tokyo. Entretien avec la num\u00e9ro 3 mondiale en sabre.","robots":{"index":"index","follow":"follow","max-snippet":"max-snippet:-1","max-image-preview":"max-image-preview:large","max-video-preview":"max-video-preview:-1"},"canonical":"https:\/\/dicodusport.fr\/blog\/manon-brunet-mon-objectif-c-est-d-etre-championne-olympique\/","og_locale":"fr_FR","og_type":"article","og_title":"Manon Brunet : \"Mon objectif, c'est d'\u00eatre championne olympique\"","og_description":"ESCRIME - \u00c0 25 ans, Manon Brunet entame sa pr\u00e9paration pour les Jeux Olympiques de Tokyo. Entretien avec la num\u00e9ro 3 mondiale en sabre.","og_url":"https:\/\/dicodusport.fr\/blog\/manon-brunet-mon-objectif-c-est-d-etre-championne-olympique\/","og_site_name":"Dicodusport","article_publisher":"https:\/\/www.facebook.com\/dicodusport","article_published_time":"2021-04-02T10:15:13+00:00","article_modified_time":"2021-04-14T13:35:02+00:00","og_image":[{"width":800,"height":445,"url":"https:\/\/dicodusport.fr\/blog\/wp-content\/uploads\/2021\/03\/Manon-Brunet-Mon-objectif-cest-detre-championne-olympique.png","type":"image\/png"}],"author":"Antonin Gizolme","twitter_card":"summary_large_image","twitter_title":"Manon Brunet : \"Mon objectif, c'est d'\u00eatre championne olympique\"","twitter_creator":"@https:\/\/twitter.com\/AntoninGizolme","twitter_site":"@dicodusport","schema":{"@context":"https:\/\/schema.org","@graph":[{"@type":"NewsArticle","@id":"https:\/\/dicodusport.fr\/blog\/manon-brunet-mon-objectif-c-est-d-etre-championne-olympique\/#article","isPartOf":{"@id":"https:\/\/dicodusport.fr\/blog\/manon-brunet-mon-objectif-c-est-d-etre-championne-olympique\/"},"author":{"name":"Antonin Gizolme","@id":"https:\/\/dicodusport.fr\/blog\/#\/schema\/person\/b5f72959ae80a547dcc15f019adf6e0c"},"headline":"Manon Brunet : \u00ab\u00a0Mon objectif, c&rsquo;est d&rsquo;\u00eatre championne olympique\u00a0\u00bb","datePublished":"2021-04-02T10:15:13+00:00","dateModified":"2021-04-14T13:35:02+00:00","mainEntityOfPage":{"@id":"https:\/\/dicodusport.fr\/blog\/manon-brunet-mon-objectif-c-est-d-etre-championne-olympique\/"},"wordCount":2321,"commentCount":0,"publisher":{"@id":"https:\/\/dicodusport.fr\/blog\/#organization"},"image":{"@id":"https:\/\/dicodusport.fr\/blog\/manon-brunet-mon-objectif-c-est-d-etre-championne-olympique\/#primaryimage"},"thumbnailUrl":"https:\/\/dicodusport.fr\/blog\/wp-content\/uploads\/2021\/03\/Manon-Brunet-Mon-objectif-cest-detre-championne-olympique.png","keywords":["escrime","Jeux Olympiques de Tokyo","Manon Brunet","sabre","sport"],"articleSection":["Escrime","JO Tokyo 2020"],"inLanguage":"fr-FR","potentialAction":[{"@type":"CommentAction","name":"Comment","target":["https:\/\/dicodusport.fr\/blog\/manon-brunet-mon-objectif-c-est-d-etre-championne-olympique\/#respond"]}],"copyrightYear":"2021","copyrightHolder":{"@id":"https:\/\/dicodusport.fr\/blog\/#organization"}},{"@type":"WebPage","@id":"https:\/\/dicodusport.fr\/blog\/manon-brunet-mon-objectif-c-est-d-etre-championne-olympique\/","url":"https:\/\/dicodusport.fr\/blog\/manon-brunet-mon-objectif-c-est-d-etre-championne-olympique\/","name":"Manon Brunet : \"Mon objectif, c'est d'\u00eatre championne olympique\"","isPartOf":{"@id":"https:\/\/dicodusport.fr\/blog\/#website"},"primaryImageOfPage":{"@id":"https:\/\/dicodusport.fr\/blog\/manon-brunet-mon-objectif-c-est-d-etre-championne-olympique\/#primaryimage"},"image":{"@id":"https:\/\/dicodusport.fr\/blog\/manon-brunet-mon-objectif-c-est-d-etre-championne-olympique\/#primaryimage"},"thumbnailUrl":"https:\/\/dicodusport.fr\/blog\/wp-content\/uploads\/2021\/03\/Manon-Brunet-Mon-objectif-cest-detre-championne-olympique.png","datePublished":"2021-04-02T10:15:13+00:00","dateModified":"2021-04-14T13:35:02+00:00","description":"ESCRIME - \u00c0 25 ans, Manon Brunet entame sa pr\u00e9paration pour les Jeux Olympiques de Tokyo. Entretien avec la num\u00e9ro 3 mondiale en sabre.","breadcrumb":{"@id":"https:\/\/dicodusport.fr\/blog\/manon-brunet-mon-objectif-c-est-d-etre-championne-olympique\/#breadcrumb"},"inLanguage":"fr-FR","potentialAction":[{"@type":"ReadAction","target":["https:\/\/dicodusport.fr\/blog\/manon-brunet-mon-objectif-c-est-d-etre-championne-olympique\/"]}]},{"@type":"ImageObject","inLanguage":"fr-FR","@id":"https:\/\/dicodusport.fr\/blog\/manon-brunet-mon-objectif-c-est-d-etre-championne-olympique\/#primaryimage","url":"https:\/\/dicodusport.fr\/blog\/wp-content\/uploads\/2021\/03\/Manon-Brunet-Mon-objectif-cest-detre-championne-olympique.png","contentUrl":"https:\/\/dicodusport.fr\/blog\/wp-content\/uploads\/2021\/03\/Manon-Brunet-Mon-objectif-cest-detre-championne-olympique.png","width":800,"height":445,"caption":"Escrime\u00a0: Qu\u2019attendre des Fran\u00e7ais lors des JO de Tokyo ?"},{"@type":"BreadcrumbList","@id":"https:\/\/dicodusport.fr\/blog\/manon-brunet-mon-objectif-c-est-d-etre-championne-olympique\/#breadcrumb","itemListElement":[{"@type":"ListItem","position":1,"name":"Accueil","item":"https:\/\/dicodusport.fr\/blog\/"},{"@type":"ListItem","position":2,"name":"Manon Brunet : \u00ab\u00a0Mon objectif, c&rsquo;est d&rsquo;\u00eatre championne olympique\u00a0\u00bb"}]},{"@type":"WebSite","@id":"https:\/\/dicodusport.fr\/blog\/#website","url":"https:\/\/dicodusport.fr\/blog\/","name":"Dicodusport","description":"L&#039;encyclop\u00e9die de l&#039;actualit\u00e9 sportive","publisher":{"@id":"https:\/\/dicodusport.fr\/blog\/#organization"},"potentialAction":[{"@type":"SearchAction","target":{"@type":"EntryPoint","urlTemplate":"https:\/\/dicodusport.fr\/blog\/?s={search_term_string}"},"query-input":{"@type":"PropertyValueSpecification","valueRequired":true,"valueName":"search_term_string"}}],"inLanguage":"fr-FR"},{"@type":"NewsMediaOrganization","@id":"https:\/\/dicodusport.fr\/blog\/#organization","name":"Dicodusport","url":"https:\/\/dicodusport.fr\/blog\/","logo":{"@type":"ImageObject","inLanguage":"fr-FR","@id":"https:\/\/dicodusport.fr\/blog\/#\/schema\/logo\/image\/","url":"https:\/\/dicodusport.fr\/blog\/wp-content\/uploads\/2020\/06\/cropped-LOGO-DICODUSPORT-2020-SANS-FOND-SANS-TEXTE.png","contentUrl":"https:\/\/dicodusport.fr\/blog\/wp-content\/uploads\/2020\/06\/cropped-LOGO-DICODUSPORT-2020-SANS-FOND-SANS-TEXTE.png","width":512,"height":512,"caption":"Dicodusport"},"image":{"@id":"https:\/\/dicodusport.fr\/blog\/#\/schema\/logo\/image\/"},"sameAs":["https:\/\/www.facebook.com\/dicodusport","https:\/\/x.com\/dicodusport","https:\/\/www.instagram.com\/dicodusport\/","https:\/\/www.youtube.com\/channel\/UC7V2KZ5sd3htJivAbA4ZG3w"],"description":"Dicodusport est l'encyclop\u00e9die de l'actualit\u00e9 sportive.","email":"bonjour@dicodusport.fr","legalName":"DICODUSPORT","foundingDate":"2018-01-14","vatID":"FR71834470973","taxID":"83447097300043","numberOfEmployees":{"@type":"QuantitativeValue","minValue":"1","maxValue":"10"}},{"@type":"Person","@id":"https:\/\/dicodusport.fr\/blog\/#\/schema\/person\/b5f72959ae80a547dcc15f019adf6e0c","name":"Antonin Gizolme","image":{"@type":"ImageObject","inLanguage":"fr-FR","@id":"https:\/\/dicodusport.fr\/blog\/#\/schema\/person\/image\/","url":"https:\/\/dicodusport.fr\/blog\/wp-content\/uploads\/2021\/04\/Maillot-Anto-Dicodusport-150x150.png","contentUrl":"https:\/\/dicodusport.fr\/blog\/wp-content\/uploads\/2021\/04\/Maillot-Anto-Dicodusport-150x150.png","caption":"Antonin Gizolme"},"description":"Journaliste\/R\u00e9dacteur depuis mars 2021 - N\u00e9 un soir de Ligue des Champions, c\u2019est tout naturellement que je suis un passionn\u00e9 de football depuis ma plus tendre enfance. Durant des ann\u00e9es, j\u2019ai \u00e9t\u00e9 berc\u00e9 par la douce m\u00e9lodie de la Ligue des Champions, subjugu\u00e9 par les coups-francs de Juninho et admiratif devant les coups de reins de Karim Benzema. Malheureusement pour moi, mes genoux en carton m\u2019ont emp\u00each\u00e9 de suivre les traces de mes idoles pour \u00e9crire l\u2019Histoire. Alors, c\u2019est ici que je vais me charger de vous la raconter.","sameAs":["https:\/\/x.com\/https:\/\/twitter.com\/AntoninGizolme"],"url":"https:\/\/dicodusport.fr\/blog\/author\/antoning\/"}]}},"_links":{"self":[{"href":"https:\/\/dicodusport.fr\/blog\/wp-json\/wp\/v2\/posts\/114794","targetHints":{"allow":["GET"]}}],"collection":[{"href":"https:\/\/dicodusport.fr\/blog\/wp-json\/wp\/v2\/posts"}],"about":[{"href":"https:\/\/dicodusport.fr\/blog\/wp-json\/wp\/v2\/types\/post"}],"author":[{"embeddable":true,"href":"https:\/\/dicodusport.fr\/blog\/wp-json\/wp\/v2\/users\/51"}],"replies":[{"embeddable":true,"href":"https:\/\/dicodusport.fr\/blog\/wp-json\/wp\/v2\/comments?post=114794"}],"version-history":[{"count":0,"href":"https:\/\/dicodusport.fr\/blog\/wp-json\/wp\/v2\/posts\/114794\/revisions"}],"wp:featuredmedia":[{"embeddable":true,"href":"https:\/\/dicodusport.fr\/blog\/wp-json\/wp\/v2\/media\/118072"}],"wp:attachment":[{"href":"https:\/\/dicodusport.fr\/blog\/wp-json\/wp\/v2\/media?parent=114794"}],"wp:term":[{"taxonomy":"category","embeddable":true,"href":"https:\/\/dicodusport.fr\/blog\/wp-json\/wp\/v2\/categories?post=114794"},{"taxonomy":"post_tag","embeddable":true,"href":"https:\/\/dicodusport.fr\/blog\/wp-json\/wp\/v2\/tags?post=114794"}],"curies":[{"name":"wp","href":"https:\/\/api.w.org\/{rel}","templated":true}]}}