{"id":115092,"date":"2021-03-20T14:14:27","date_gmt":"2021-03-20T13:14:27","guid":{"rendered":"https:\/\/dicodusport.fr\/blog\/?p=115092"},"modified":"2021-07-03T20:14:34","modified_gmt":"2021-07-03T18:14:34","slug":"jeux-olympiques-de-tokyo-il-n-y-aura-pas-de-spectateurs-etrangers","status":"publish","type":"post","link":"https:\/\/dicodusport.fr\/blog\/jeux-olympiques-de-tokyo-il-n-y-aura-pas-de-spectateurs-etrangers\/","title":{"rendered":"Jeux Olympiques de Tokyo : il n&rsquo;y aura pas de spectateurs \u00e9trangers"},"content":{"rendered":"<p style=\"text-align: justify;\"><em><strong><a href=\"https:\/\/dicodusport.fr\/blog\/jo-tokyo-2020\/\" target=\"_blank\" rel=\"noopener\">JEUX OLYMPIQUES 2020<\/a> &#8211; La d\u00e9cision est tomb\u00e9e ce samedi matin, les organisateurs n&rsquo;autoriseront pas la venue de spectateurs \u00e9trangers lors des JO. En cause, les risques sanitaires li\u00e9s \u00e0 la pand\u00e9mie du Covid-19, jug\u00e9s trop importants. Seuls les sportifs japonais auront donc du soutien depuis les gradins.<\/strong><\/em><\/p>\n<h2 style=\"text-align: justify;\">Des JO depuis la t\u00e9l\u00e9vision<\/h2>\n<p style=\"text-align: justify;\">Nombreux \u00e9taient les amoureux de sport qui s&rsquo;appr\u00eataient \u00e0 faire le d\u00e9placement dans la capitale nippone, il en sera autrement. Aujourd&rsquo;hui, les organisateurs des <strong>Jeux Olympiques<\/strong> ont pris la d\u00e9cision d&rsquo;interdire les d\u00e9placements depuis l&rsquo;\u00e9tranger. Une d\u00e9cision rendue publique au travers d&rsquo;un communiqu\u00e9. <em>\u00ab<\/em> <em>Afin de clarifier la situation pour les d\u00e9tenteurs de billets vivant \u00e0 l&rsquo;\u00e9tranger et de leur permettre d&rsquo;ajuster leurs plans de voyage \u00e0 ce stade, les parties c\u00f4t\u00e9 japonais sont arriv\u00e9es \u00e0 la conclusion que les spectateurs ne pourront pas entrer au Japon au moment des Jeux \u00bb.<\/em><\/p>\n<p style=\"text-align: justify;\">D&rsquo;habitude accompagn\u00e9s de leur famille, les sportifs \u00e9trangers ne pourront donc pas partager leurs \u00e9motions comme \u00e0 l&rsquo;accoutum\u00e9e. Si l&rsquo;on commence \u00e0 s&rsquo;habituer \u00e0 des stades et des salles vides, les <strong>Jeux Olympiques<\/strong> connaitront cette ambiance<em>\u00a0<\/em>pour la premi\u00e8re fois de leur histoire.<\/p>\n<blockquote class=\"twitter-tweet\">\n<p dir=\"ltr\" lang=\"fr\">C&rsquo;est officiel ! Et c&rsquo;est historique : il n&rsquo;y aura pas de spectateurs \u00e9trangers \u00e0 Toyko \u00e0 l&rsquo;occasion des Jeux olympiques qui se disputeront du 23 juillet au 8 ao\u00fbt prochain. <a href=\"https:\/\/twitter.com\/hashtag\/JO2020?src=hash&amp;ref_src=twsrc%5Etfw\">#JO2020<\/a> <a href=\"https:\/\/twitter.com\/hashtag\/Tokyo2020?src=hash&amp;ref_src=twsrc%5Etfw\">#Tokyo2020<\/a> <a href=\"https:\/\/t.co\/saJLZK8rNd\">https:\/\/t.co\/saJLZK8rNd<\/a><\/p>\n<p>\u2014 France tv sport (@francetvsport) <a href=\"https:\/\/twitter.com\/francetvsport\/status\/1373226861753425920?ref_src=twsrc%5Etfw\">March 20, 2021<\/a><\/p><\/blockquote>\n<p><script async src=\"https:\/\/platform.twitter.com\/widgets.js\" charset=\"utf-8\"><\/script><\/p>\n<p><strong><em>Maxime Boulard<br \/>\n<a href=\"https:\/\/www.facebook.com\/Max.Bld2\/\" target=\"_blank\" rel=\"noopener noreferrer\"><img loading=\"lazy\" decoding=\"async\" class=\"alignnone wp-image-2909 jetpack-lazy-image jetpack-lazy-image--handled\" src=\"https:\/\/i2.wp.com\/dicodusport.fr\/blog\/wp-content\/uploads\/2017\/07\/logo-facebook-150x150.png?resize=40%2C40\" alt=\"\" width=\"40\" height=\"40\" data-lazy-loaded=\"1\" \/><\/a><a href=\"https:\/\/twitter.com\/MaximeB_2\" target=\"_blank\" rel=\"noopener noreferrer\"><img loading=\"lazy\" decoding=\"async\" class=\"alignnone wp-image-2908 jetpack-lazy-image jetpack-lazy-image--handled\" src=\"https:\/\/i1.wp.com\/dicodusport.fr\/blog\/wp-content\/uploads\/2017\/07\/logo-twitter-150x150.png?resize=39%2C39\" alt=\"\" width=\"39\" height=\"39\" data-lazy-loaded=\"1\" \/><\/a><\/em><\/strong><\/p>\n","protected":false},"excerpt":{"rendered":"<p>JEUX OLYMPIQUES 2020 &#8211; La d\u00e9cision est tomb\u00e9e ce samedi matin, les organisateurs n&rsquo;autoriseront pas la venue de spectateurs \u00e9trangers lors des JO. En cause, les risques sanitaires li\u00e9s \u00e0 la pand\u00e9mie du Covid-19, jug\u00e9s trop importants. Seuls les sportifs japonais auront donc du soutien depuis les gradins.<\/p>\n","protected":false},"author":43,"featured_media":98618,"comment_status":"open","ping_status":"closed","sticky":false,"template":"","format":"standard","meta":{"_acf_changed":false,"_daextam_enable_autolinks":"","footnotes":""},"categories":[8433],"tags":[161,10586],"class_list":["post-115092","post","type-post","status-publish","format-standard","has-post-thumbnail","hentry","category-jo-tokyo-2020","tag-jeux-olympiques","tag-jo-de-tokyo"],"acf":[],"yoast_head":"<!-- This site is optimized with the Yoast SEO Premium plugin v26.7 (Yoast SEO v26.7) - https:\/\/yoast.com\/wordpress\/plugins\/seo\/ -->\n<title>Jeux Olympiques de Tokyo : il n&#039;y aura pas de spectateurs \u00e9trangers<\/title>\n<meta name=\"description\" content=\"JEUX OLYMPIQUES 2020 - La d\u00e9cision est tomb\u00e9e ce samedi matin, les organisateurs n&#039;autoriseront pas la venue de spectateurs \u00e9trangers lors des JO.\" \/>\n<meta name=\"robots\" content=\"index, follow, max-snippet:-1, max-image-preview:large, max-video-preview:-1\" \/>\n<link rel=\"canonical\" href=\"https:\/\/dicodusport.fr\/blog\/jeux-olympiques-de-tokyo-il-n-y-aura-pas-de-spectateurs-etrangers\/\" \/>\n<meta property=\"og:locale\" content=\"fr_FR\" \/>\n<meta property=\"og:type\" content=\"article\" \/>\n<meta property=\"og:title\" content=\"Jeux Olympiques de Tokyo : il n&#039;y aura pas de spectateurs \u00e9trangers\" \/>\n<meta property=\"og:description\" content=\"JEUX OLYMPIQUES 2020 - La d\u00e9cision est tomb\u00e9e ce samedi matin, les organisateurs n&#039;autoriseront pas la venue de spectateurs \u00e9trangers lors des JO.\" \/>\n<meta property=\"og:url\" content=\"https:\/\/dicodusport.fr\/blog\/jeux-olympiques-de-tokyo-il-n-y-aura-pas-de-spectateurs-etrangers\/\" \/>\n<meta property=\"og:site_name\" content=\"Dicodusport\" \/>\n<meta property=\"article:publisher\" content=\"https:\/\/www.facebook.com\/dicodusport\" \/>\n<meta property=\"article:author\" content=\"https:\/\/www.facebook.com\/Max.Bld2\/\" \/>\n<meta property=\"article:published_time\" content=\"2021-03-20T13:14:27+00:00\" \/>\n<meta property=\"article:modified_time\" content=\"2021-07-03T18:14:34+00:00\" \/>\n<meta property=\"og:image\" content=\"https:\/\/dicodusport.fr\/blog\/wp-content\/uploads\/2021\/01\/JO-de-Tokyo-Les-organisateurs-d\u00e9mentent-une-\u00e9ventuelle-annulation.png\" \/>\n\t<meta property=\"og:image:width\" content=\"800\" \/>\n\t<meta property=\"og:image:height\" content=\"445\" \/>\n\t<meta property=\"og:image:type\" content=\"image\/png\" \/>\n<meta name=\"author\" content=\"Maxime Boulard\" \/>\n<meta name=\"twitter:card\" content=\"summary_large_image\" \/>\n<meta name=\"twitter:title\" content=\"Jeux Olympiques de Tokyo : il n&#039;y aura pas de spectateurs \u00e9trangers\" \/>\n<meta name=\"twitter:creator\" content=\"@https:\/\/twitter.com\/MaximeB_2\" \/>\n<meta name=\"twitter:site\" content=\"@dicodusport\" \/>\n<script type=\"application\/ld+json\" class=\"yoast-schema-graph\">{\"@context\":\"https:\/\/schema.org\",\"@graph\":[{\"@type\":\"NewsArticle\",\"@id\":\"https:\/\/dicodusport.fr\/blog\/jeux-olympiques-de-tokyo-il-n-y-aura-pas-de-spectateurs-etrangers\/#article\",\"isPartOf\":{\"@id\":\"https:\/\/dicodusport.fr\/blog\/jeux-olympiques-de-tokyo-il-n-y-aura-pas-de-spectateurs-etrangers\/\"},\"author\":{\"name\":\"Maxime Boulard\",\"@id\":\"https:\/\/dicodusport.fr\/blog\/#\/schema\/person\/5aab10ee856e86ac63e9819a9da34784\"},\"headline\":\"Jeux Olympiques de Tokyo : il n&rsquo;y aura pas de spectateurs \u00e9trangers\",\"datePublished\":\"2021-03-20T13:14:27+00:00\",\"dateModified\":\"2021-07-03T18:14:34+00:00\",\"mainEntityOfPage\":{\"@id\":\"https:\/\/dicodusport.fr\/blog\/jeux-olympiques-de-tokyo-il-n-y-aura-pas-de-spectateurs-etrangers\/\"},\"wordCount\":263,\"commentCount\":0,\"publisher\":{\"@id\":\"https:\/\/dicodusport.fr\/blog\/#organization\"},\"image\":{\"@id\":\"https:\/\/dicodusport.fr\/blog\/jeux-olympiques-de-tokyo-il-n-y-aura-pas-de-spectateurs-etrangers\/#primaryimage\"},\"thumbnailUrl\":\"https:\/\/dicodusport.fr\/blog\/wp-content\/uploads\/2021\/01\/JO-de-Tokyo-Les-organisateurs-d\u00e9mentent-une-\u00e9ventuelle-annulation.png\",\"keywords\":[\"Jeux Olympiques\",\"JO de Tokyo\"],\"articleSection\":[\"JO Tokyo 2020\"],\"inLanguage\":\"fr-FR\",\"potentialAction\":[{\"@type\":\"CommentAction\",\"name\":\"Comment\",\"target\":[\"https:\/\/dicodusport.fr\/blog\/jeux-olympiques-de-tokyo-il-n-y-aura-pas-de-spectateurs-etrangers\/#respond\"]}],\"copyrightYear\":\"2021\",\"copyrightHolder\":{\"@id\":\"https:\/\/dicodusport.fr\/blog\/#organization\"}},{\"@type\":\"WebPage\",\"@id\":\"https:\/\/dicodusport.fr\/blog\/jeux-olympiques-de-tokyo-il-n-y-aura-pas-de-spectateurs-etrangers\/\",\"url\":\"https:\/\/dicodusport.fr\/blog\/jeux-olympiques-de-tokyo-il-n-y-aura-pas-de-spectateurs-etrangers\/\",\"name\":\"Jeux Olympiques de Tokyo : il n'y aura pas de spectateurs \u00e9trangers\",\"isPartOf\":{\"@id\":\"https:\/\/dicodusport.fr\/blog\/#website\"},\"primaryImageOfPage\":{\"@id\":\"https:\/\/dicodusport.fr\/blog\/jeux-olympiques-de-tokyo-il-n-y-aura-pas-de-spectateurs-etrangers\/#primaryimage\"},\"image\":{\"@id\":\"https:\/\/dicodusport.fr\/blog\/jeux-olympiques-de-tokyo-il-n-y-aura-pas-de-spectateurs-etrangers\/#primaryimage\"},\"thumbnailUrl\":\"https:\/\/dicodusport.fr\/blog\/wp-content\/uploads\/2021\/01\/JO-de-Tokyo-Les-organisateurs-d\u00e9mentent-une-\u00e9ventuelle-annulation.png\",\"datePublished\":\"2021-03-20T13:14:27+00:00\",\"dateModified\":\"2021-07-03T18:14:34+00:00\",\"description\":\"JEUX OLYMPIQUES 2020 - La d\u00e9cision est tomb\u00e9e ce samedi matin, les organisateurs n'autoriseront pas la venue de spectateurs \u00e9trangers lors des JO.\",\"breadcrumb\":{\"@id\":\"https:\/\/dicodusport.fr\/blog\/jeux-olympiques-de-tokyo-il-n-y-aura-pas-de-spectateurs-etrangers\/#breadcrumb\"},\"inLanguage\":\"fr-FR\",\"potentialAction\":[{\"@type\":\"ReadAction\",\"target\":[\"https:\/\/dicodusport.fr\/blog\/jeux-olympiques-de-tokyo-il-n-y-aura-pas-de-spectateurs-etrangers\/\"]}]},{\"@type\":\"ImageObject\",\"inLanguage\":\"fr-FR\",\"@id\":\"https:\/\/dicodusport.fr\/blog\/jeux-olympiques-de-tokyo-il-n-y-aura-pas-de-spectateurs-etrangers\/#primaryimage\",\"url\":\"https:\/\/dicodusport.fr\/blog\/wp-content\/uploads\/2021\/01\/JO-de-Tokyo-Les-organisateurs-d\u00e9mentent-une-\u00e9ventuelle-annulation.png\",\"contentUrl\":\"https:\/\/dicodusport.fr\/blog\/wp-content\/uploads\/2021\/01\/JO-de-Tokyo-Les-organisateurs-d\u00e9mentent-une-\u00e9ventuelle-annulation.png\",\"width\":800,\"height\":445,\"caption\":\"Jeux Olympiques de Tokyo : il n'y aura pas de spectateurs \u00e9trangers\"},{\"@type\":\"BreadcrumbList\",\"@id\":\"https:\/\/dicodusport.fr\/blog\/jeux-olympiques-de-tokyo-il-n-y-aura-pas-de-spectateurs-etrangers\/#breadcrumb\",\"itemListElement\":[{\"@type\":\"ListItem\",\"position\":1,\"name\":\"Accueil\",\"item\":\"https:\/\/dicodusport.fr\/blog\/\"},{\"@type\":\"ListItem\",\"position\":2,\"name\":\"Jeux Olympiques de Tokyo : il n&rsquo;y aura pas de spectateurs \u00e9trangers\"}]},{\"@type\":\"WebSite\",\"@id\":\"https:\/\/dicodusport.fr\/blog\/#website\",\"url\":\"https:\/\/dicodusport.fr\/blog\/\",\"name\":\"Dicodusport\",\"description\":\"L&#039;encyclop\u00e9die de l&#039;actualit\u00e9 sportive\",\"publisher\":{\"@id\":\"https:\/\/dicodusport.fr\/blog\/#organization\"},\"potentialAction\":[{\"@type\":\"SearchAction\",\"target\":{\"@type\":\"EntryPoint\",\"urlTemplate\":\"https:\/\/dicodusport.fr\/blog\/?s={search_term_string}\"},\"query-input\":{\"@type\":\"PropertyValueSpecification\",\"valueRequired\":true,\"valueName\":\"search_term_string\"}}],\"inLanguage\":\"fr-FR\"},{\"@type\":\"NewsMediaOrganization\",\"@id\":\"https:\/\/dicodusport.fr\/blog\/#organization\",\"name\":\"Dicodusport\",\"url\":\"https:\/\/dicodusport.fr\/blog\/\",\"logo\":{\"@type\":\"ImageObject\",\"inLanguage\":\"fr-FR\",\"@id\":\"https:\/\/dicodusport.fr\/blog\/#\/schema\/logo\/image\/\",\"url\":\"https:\/\/dicodusport.fr\/blog\/wp-content\/uploads\/2020\/06\/cropped-LOGO-DICODUSPORT-2020-SANS-FOND-SANS-TEXTE.png\",\"contentUrl\":\"https:\/\/dicodusport.fr\/blog\/wp-content\/uploads\/2020\/06\/cropped-LOGO-DICODUSPORT-2020-SANS-FOND-SANS-TEXTE.png\",\"width\":512,\"height\":512,\"caption\":\"Dicodusport\"},\"image\":{\"@id\":\"https:\/\/dicodusport.fr\/blog\/#\/schema\/logo\/image\/\"},\"sameAs\":[\"https:\/\/www.facebook.com\/dicodusport\",\"https:\/\/x.com\/dicodusport\",\"https:\/\/www.instagram.com\/dicodusport\/\",\"https:\/\/www.youtube.com\/channel\/UC7V2KZ5sd3htJivAbA4ZG3w\"],\"description\":\"Dicodusport est l'encyclop\u00e9die de l'actualit\u00e9 sportive.\",\"email\":\"bonjour@dicodusport.fr\",\"legalName\":\"DICODUSPORT\",\"foundingDate\":\"2018-01-14\",\"vatID\":\"FR71834470973\",\"taxID\":\"83447097300043\",\"numberOfEmployees\":{\"@type\":\"QuantitativeValue\",\"minValue\":\"1\",\"maxValue\":\"10\"}},{\"@type\":\"Person\",\"@id\":\"https:\/\/dicodusport.fr\/blog\/#\/schema\/person\/5aab10ee856e86ac63e9819a9da34784\",\"name\":\"Maxime Boulard\",\"image\":{\"@type\":\"ImageObject\",\"inLanguage\":\"fr-FR\",\"@id\":\"https:\/\/dicodusport.fr\/blog\/#\/schema\/person\/image\/\",\"url\":\"https:\/\/dicodusport.fr\/blog\/wp-content\/uploads\/2021\/05\/Maxime-Boulard-150x150.jpg\",\"contentUrl\":\"https:\/\/dicodusport.fr\/blog\/wp-content\/uploads\/2021\/05\/Maxime-Boulard-150x150.jpg\",\"caption\":\"Maxime Boulard\"},\"description\":\"Journaliste\/r\u00e9dacteur depuis octobre 2020 - Si mon plus vieux souvenir de sport aurait pu m'en d\u00e9go\u00fbter, la finale de la Coupe du monde 2006 a \u00e9t\u00e9 tout le contraire. V\u00e9ritable d\u00e9clencheur d'une passion qui aujourd'hui ne fait que grandir avec le temps, mon leitmotiv est la France qui brille ! Je relate les exploits pass\u00e9s et pr\u00e9sents du sport bleu-blanc-rouge sans m\u00e9nagement depuis octobre 2020. Sport valide ou handisport, aucune diff\u00e9rence, il n'y a que du sport et plusieurs fa\u00e7ons de le pratiquer.\",\"sameAs\":[\"https:\/\/www.facebook.com\/Max.Bld2\/\",\"https:\/\/x.com\/https:\/\/twitter.com\/MaximeB_2\"],\"url\":\"https:\/\/dicodusport.fr\/blog\/author\/maxime-b\/\"}]}<\/script>\n<!-- \/ Yoast SEO Premium plugin. -->","yoast_head_json":{"title":"Jeux Olympiques de Tokyo : il n'y aura pas de spectateurs \u00e9trangers","description":"JEUX OLYMPIQUES 2020 - La d\u00e9cision est tomb\u00e9e ce samedi matin, les organisateurs n'autoriseront pas la venue de spectateurs \u00e9trangers lors des JO.","robots":{"index":"index","follow":"follow","max-snippet":"max-snippet:-1","max-image-preview":"max-image-preview:large","max-video-preview":"max-video-preview:-1"},"canonical":"https:\/\/dicodusport.fr\/blog\/jeux-olympiques-de-tokyo-il-n-y-aura-pas-de-spectateurs-etrangers\/","og_locale":"fr_FR","og_type":"article","og_title":"Jeux Olympiques de Tokyo : il n'y aura pas de spectateurs \u00e9trangers","og_description":"JEUX OLYMPIQUES 2020 - La d\u00e9cision est tomb\u00e9e ce samedi matin, les organisateurs n'autoriseront pas la venue de spectateurs \u00e9trangers lors des JO.","og_url":"https:\/\/dicodusport.fr\/blog\/jeux-olympiques-de-tokyo-il-n-y-aura-pas-de-spectateurs-etrangers\/","og_site_name":"Dicodusport","article_publisher":"https:\/\/www.facebook.com\/dicodusport","article_author":"https:\/\/www.facebook.com\/Max.Bld2\/","article_published_time":"2021-03-20T13:14:27+00:00","article_modified_time":"2021-07-03T18:14:34+00:00","og_image":[{"width":800,"height":445,"url":"https:\/\/dicodusport.fr\/blog\/wp-content\/uploads\/2021\/01\/JO-de-Tokyo-Les-organisateurs-d\u00e9mentent-une-\u00e9ventuelle-annulation.png","type":"image\/png"}],"author":"Maxime Boulard","twitter_card":"summary_large_image","twitter_title":"Jeux Olympiques de Tokyo : il n'y aura pas de spectateurs \u00e9trangers","twitter_creator":"@https:\/\/twitter.com\/MaximeB_2","twitter_site":"@dicodusport","schema":{"@context":"https:\/\/schema.org","@graph":[{"@type":"NewsArticle","@id":"https:\/\/dicodusport.fr\/blog\/jeux-olympiques-de-tokyo-il-n-y-aura-pas-de-spectateurs-etrangers\/#article","isPartOf":{"@id":"https:\/\/dicodusport.fr\/blog\/jeux-olympiques-de-tokyo-il-n-y-aura-pas-de-spectateurs-etrangers\/"},"author":{"name":"Maxime Boulard","@id":"https:\/\/dicodusport.fr\/blog\/#\/schema\/person\/5aab10ee856e86ac63e9819a9da34784"},"headline":"Jeux Olympiques de Tokyo : il n&rsquo;y aura pas de spectateurs \u00e9trangers","datePublished":"2021-03-20T13:14:27+00:00","dateModified":"2021-07-03T18:14:34+00:00","mainEntityOfPage":{"@id":"https:\/\/dicodusport.fr\/blog\/jeux-olympiques-de-tokyo-il-n-y-aura-pas-de-spectateurs-etrangers\/"},"wordCount":263,"commentCount":0,"publisher":{"@id":"https:\/\/dicodusport.fr\/blog\/#organization"},"image":{"@id":"https:\/\/dicodusport.fr\/blog\/jeux-olympiques-de-tokyo-il-n-y-aura-pas-de-spectateurs-etrangers\/#primaryimage"},"thumbnailUrl":"https:\/\/dicodusport.fr\/blog\/wp-content\/uploads\/2021\/01\/JO-de-Tokyo-Les-organisateurs-d\u00e9mentent-une-\u00e9ventuelle-annulation.png","keywords":["Jeux Olympiques","JO de Tokyo"],"articleSection":["JO Tokyo 2020"],"inLanguage":"fr-FR","potentialAction":[{"@type":"CommentAction","name":"Comment","target":["https:\/\/dicodusport.fr\/blog\/jeux-olympiques-de-tokyo-il-n-y-aura-pas-de-spectateurs-etrangers\/#respond"]}],"copyrightYear":"2021","copyrightHolder":{"@id":"https:\/\/dicodusport.fr\/blog\/#organization"}},{"@type":"WebPage","@id":"https:\/\/dicodusport.fr\/blog\/jeux-olympiques-de-tokyo-il-n-y-aura-pas-de-spectateurs-etrangers\/","url":"https:\/\/dicodusport.fr\/blog\/jeux-olympiques-de-tokyo-il-n-y-aura-pas-de-spectateurs-etrangers\/","name":"Jeux Olympiques de Tokyo : il n'y aura pas de spectateurs \u00e9trangers","isPartOf":{"@id":"https:\/\/dicodusport.fr\/blog\/#website"},"primaryImageOfPage":{"@id":"https:\/\/dicodusport.fr\/blog\/jeux-olympiques-de-tokyo-il-n-y-aura-pas-de-spectateurs-etrangers\/#primaryimage"},"image":{"@id":"https:\/\/dicodusport.fr\/blog\/jeux-olympiques-de-tokyo-il-n-y-aura-pas-de-spectateurs-etrangers\/#primaryimage"},"thumbnailUrl":"https:\/\/dicodusport.fr\/blog\/wp-content\/uploads\/2021\/01\/JO-de-Tokyo-Les-organisateurs-d\u00e9mentent-une-\u00e9ventuelle-annulation.png","datePublished":"2021-03-20T13:14:27+00:00","dateModified":"2021-07-03T18:14:34+00:00","description":"JEUX OLYMPIQUES 2020 - La d\u00e9cision est tomb\u00e9e ce samedi matin, les organisateurs n'autoriseront pas la venue de spectateurs \u00e9trangers lors des JO.","breadcrumb":{"@id":"https:\/\/dicodusport.fr\/blog\/jeux-olympiques-de-tokyo-il-n-y-aura-pas-de-spectateurs-etrangers\/#breadcrumb"},"inLanguage":"fr-FR","potentialAction":[{"@type":"ReadAction","target":["https:\/\/dicodusport.fr\/blog\/jeux-olympiques-de-tokyo-il-n-y-aura-pas-de-spectateurs-etrangers\/"]}]},{"@type":"ImageObject","inLanguage":"fr-FR","@id":"https:\/\/dicodusport.fr\/blog\/jeux-olympiques-de-tokyo-il-n-y-aura-pas-de-spectateurs-etrangers\/#primaryimage","url":"https:\/\/dicodusport.fr\/blog\/wp-content\/uploads\/2021\/01\/JO-de-Tokyo-Les-organisateurs-d\u00e9mentent-une-\u00e9ventuelle-annulation.png","contentUrl":"https:\/\/dicodusport.fr\/blog\/wp-content\/uploads\/2021\/01\/JO-de-Tokyo-Les-organisateurs-d\u00e9mentent-une-\u00e9ventuelle-annulation.png","width":800,"height":445,"caption":"Jeux Olympiques de Tokyo : il n'y aura pas de spectateurs \u00e9trangers"},{"@type":"BreadcrumbList","@id":"https:\/\/dicodusport.fr\/blog\/jeux-olympiques-de-tokyo-il-n-y-aura-pas-de-spectateurs-etrangers\/#breadcrumb","itemListElement":[{"@type":"ListItem","position":1,"name":"Accueil","item":"https:\/\/dicodusport.fr\/blog\/"},{"@type":"ListItem","position":2,"name":"Jeux Olympiques de Tokyo : il n&rsquo;y aura pas de spectateurs \u00e9trangers"}]},{"@type":"WebSite","@id":"https:\/\/dicodusport.fr\/blog\/#website","url":"https:\/\/dicodusport.fr\/blog\/","name":"Dicodusport","description":"L&#039;encyclop\u00e9die de l&#039;actualit\u00e9 sportive","publisher":{"@id":"https:\/\/dicodusport.fr\/blog\/#organization"},"potentialAction":[{"@type":"SearchAction","target":{"@type":"EntryPoint","urlTemplate":"https:\/\/dicodusport.fr\/blog\/?s={search_term_string}"},"query-input":{"@type":"PropertyValueSpecification","valueRequired":true,"valueName":"search_term_string"}}],"inLanguage":"fr-FR"},{"@type":"NewsMediaOrganization","@id":"https:\/\/dicodusport.fr\/blog\/#organization","name":"Dicodusport","url":"https:\/\/dicodusport.fr\/blog\/","logo":{"@type":"ImageObject","inLanguage":"fr-FR","@id":"https:\/\/dicodusport.fr\/blog\/#\/schema\/logo\/image\/","url":"https:\/\/dicodusport.fr\/blog\/wp-content\/uploads\/2020\/06\/cropped-LOGO-DICODUSPORT-2020-SANS-FOND-SANS-TEXTE.png","contentUrl":"https:\/\/dicodusport.fr\/blog\/wp-content\/uploads\/2020\/06\/cropped-LOGO-DICODUSPORT-2020-SANS-FOND-SANS-TEXTE.png","width":512,"height":512,"caption":"Dicodusport"},"image":{"@id":"https:\/\/dicodusport.fr\/blog\/#\/schema\/logo\/image\/"},"sameAs":["https:\/\/www.facebook.com\/dicodusport","https:\/\/x.com\/dicodusport","https:\/\/www.instagram.com\/dicodusport\/","https:\/\/www.youtube.com\/channel\/UC7V2KZ5sd3htJivAbA4ZG3w"],"description":"Dicodusport est l'encyclop\u00e9die de l'actualit\u00e9 sportive.","email":"bonjour@dicodusport.fr","legalName":"DICODUSPORT","foundingDate":"2018-01-14","vatID":"FR71834470973","taxID":"83447097300043","numberOfEmployees":{"@type":"QuantitativeValue","minValue":"1","maxValue":"10"}},{"@type":"Person","@id":"https:\/\/dicodusport.fr\/blog\/#\/schema\/person\/5aab10ee856e86ac63e9819a9da34784","name":"Maxime Boulard","image":{"@type":"ImageObject","inLanguage":"fr-FR","@id":"https:\/\/dicodusport.fr\/blog\/#\/schema\/person\/image\/","url":"https:\/\/dicodusport.fr\/blog\/wp-content\/uploads\/2021\/05\/Maxime-Boulard-150x150.jpg","contentUrl":"https:\/\/dicodusport.fr\/blog\/wp-content\/uploads\/2021\/05\/Maxime-Boulard-150x150.jpg","caption":"Maxime Boulard"},"description":"Journaliste\/r\u00e9dacteur depuis octobre 2020 - Si mon plus vieux souvenir de sport aurait pu m'en d\u00e9go\u00fbter, la finale de la Coupe du monde 2006 a \u00e9t\u00e9 tout le contraire. V\u00e9ritable d\u00e9clencheur d'une passion qui aujourd'hui ne fait que grandir avec le temps, mon leitmotiv est la France qui brille ! Je relate les exploits pass\u00e9s et pr\u00e9sents du sport bleu-blanc-rouge sans m\u00e9nagement depuis octobre 2020. Sport valide ou handisport, aucune diff\u00e9rence, il n'y a que du sport et plusieurs fa\u00e7ons de le pratiquer.","sameAs":["https:\/\/www.facebook.com\/Max.Bld2\/","https:\/\/x.com\/https:\/\/twitter.com\/MaximeB_2"],"url":"https:\/\/dicodusport.fr\/blog\/author\/maxime-b\/"}]}},"_links":{"self":[{"href":"https:\/\/dicodusport.fr\/blog\/wp-json\/wp\/v2\/posts\/115092","targetHints":{"allow":["GET"]}}],"collection":[{"href":"https:\/\/dicodusport.fr\/blog\/wp-json\/wp\/v2\/posts"}],"about":[{"href":"https:\/\/dicodusport.fr\/blog\/wp-json\/wp\/v2\/types\/post"}],"author":[{"embeddable":true,"href":"https:\/\/dicodusport.fr\/blog\/wp-json\/wp\/v2\/users\/43"}],"replies":[{"embeddable":true,"href":"https:\/\/dicodusport.fr\/blog\/wp-json\/wp\/v2\/comments?post=115092"}],"version-history":[{"count":0,"href":"https:\/\/dicodusport.fr\/blog\/wp-json\/wp\/v2\/posts\/115092\/revisions"}],"wp:featuredmedia":[{"embeddable":true,"href":"https:\/\/dicodusport.fr\/blog\/wp-json\/wp\/v2\/media\/98618"}],"wp:attachment":[{"href":"https:\/\/dicodusport.fr\/blog\/wp-json\/wp\/v2\/media?parent=115092"}],"wp:term":[{"taxonomy":"category","embeddable":true,"href":"https:\/\/dicodusport.fr\/blog\/wp-json\/wp\/v2\/categories?post=115092"},{"taxonomy":"post_tag","embeddable":true,"href":"https:\/\/dicodusport.fr\/blog\/wp-json\/wp\/v2\/tags?post=115092"}],"curies":[{"name":"wp","href":"https:\/\/api.w.org\/{rel}","templated":true}]}}