{"id":115358,"date":"2021-03-22T08:10:10","date_gmt":"2021-03-22T07:10:10","guid":{"rendered":"https:\/\/dicodusport.fr\/blog\/?p=115358"},"modified":"2021-03-22T08:05:28","modified_gmt":"2021-03-22T07:05:28","slug":"22-mars-2008-titre-europeen-et-record-du-monde-pour-alain-bernard","status":"publish","type":"post","link":"https:\/\/dicodusport.fr\/blog\/22-mars-2008-titre-europeen-et-record-du-monde-pour-alain-bernard\/","title":{"rendered":"22 mars 2008 : Titre europ\u00e9en et record du monde pour Alain Bernard"},"content":{"rendered":"<p style=\"text-align: justify;\"><strong><em><a href=\"https:\/\/dicodusport.fr\/definition-sport\/natation\/\">NATATION<\/a> &#8211; On vous contait il y a peu le titre de <a href=\"https:\/\/dicodusport.fr\/blog\/19-mars-2008-laure-manaudou-sacree-championne-d-europe-200-m-dos\/\">Laure Manaudou<\/a> aux Championnats d\u2019Europe de natation 2008. Jetons aujourd\u2019hui un \u0153il sur ce qui s\u2019est pass\u00e9 du c\u00f4t\u00e9 des hommes pendant cette comp\u00e9tition, notamment pour Alain Bernard.<\/em> <\/strong><\/p>\n<h2 style=\"text-align: justify;\">\u00c7a s&rsquo;est pass\u00e9 le 22 mars 2008<\/h2>\n<p style=\"text-align: justify;\">Un an plus t\u00f4t aux Mondiaux, <strong>Alain Bernard<\/strong> avait manqu\u00e9 de peu les finales des 50 et 100 m nage libre. Pas question de r\u00e9it\u00e9rer la m\u00eame erreur \u00e0 Eindhoven, surtout que le champion olympique en titre Pieter van den Hoogenband a d\u00fb d\u00e9clarer forfait pour le 100 m. Ce dernier, d\u00e9tenteur \u00e9galement du record du monde sur la distance reine, laisse donc vacante la place du titre. Si la comp\u00e9tition n\u2019est pas qualificative pour les Jeux Olympiques, <strong>Alain Bernard<\/strong> veut n\u00e9anmoins bien faire. Et le nageur tricolore fait bien.<\/p>\n<p style=\"text-align: justify;\">Il commence ses exploits lors de sa demi-finale en faisant tomber le record vieux de huit ans du N\u00e9erlandais pour 26 centi\u00e8mes avec un temps de 47 s 60 (vid\u00e9o ci-dessous). Si le Fran\u00e7ais a du mal \u00e0 r\u00e9aliser, les spectateurs et commentateurs ont bien conscience de l\u2019exploit. Le lendemain, le 22 mars 2008, la finale semble facile compar\u00e9e \u00e0 la course de la veille. Avec pr\u00e8s d\u2019une seconde d\u2019avance sur le m\u00e9daill\u00e9 d\u2019argent, <strong>Alain Bernard<\/strong> d\u00e9croche son premier titre continental et n\u2019oublie pas de battre son propre record du monde en 47 s 50.<\/p>\n<p><span class=\"5GwH2o7V9TE0R1bPKkMxhvgaWC48deAjFrXbltlypWfRLzo7nZSf92IhaDiTU35jgAIFer3cwpU61cQ\"><iframe loading=\"lazy\" title=\"Record du Monde 100m NL Alain Bernard (47&#039;&#039;60) aux Championnats d&#039;Europe Eindhoven 21 mars 2008\" width=\"740\" height=\"416\" src=\"https:\/\/www.youtube.com\/embed\/xnDEouu81_E?feature=oembed\" frameborder=\"0\" allow=\"accelerometer; autoplay; clipboard-write; encrypted-media; gyroscope; picture-in-picture; web-share\" allowfullscreen><\/iframe><\/span><\/p>\n<p style=\"text-align: justify;\"><strong>Info\u00a0:<\/strong> Fort de ce titre sur 100 m nage libre, Alain Bernard r\u00e9alise le doubl\u00e9 en \u00e9tant sacr\u00e9 sur le 50 m nage libre. Mieux encore, il effectue sa demi-finale en un temps \u00e9clair pour s\u2019emparer \u00e9galement du record du monde sur cette distance.<\/p>\n<p><em><strong>Sophie Clapier<\/strong><br \/>\n<\/em><a href=\"https:\/\/twitter.com\/soocube\" target=\"_blank\" rel=\"noopener noreferrer\"><img loading=\"lazy\" decoding=\"async\" class=\"alignnone wp-image-2908\" src=\"http:\/\/dicodusport.fr\/blog\/wp-content\/uploads\/2017\/07\/logo-twitter-150x150.png\" alt=\"\" width=\"39\" height=\"39\" \/><\/a><a href=\"https:\/\/www.facebook.com\/soocube\" target=\"_blank\" rel=\"noopener noreferrer\"><img loading=\"lazy\" decoding=\"async\" class=\"alignnone wp-image-2909\" src=\"http:\/\/dicodusport.fr\/blog\/wp-content\/uploads\/2017\/07\/logo-facebook-150x150.png\" alt=\"\" width=\"40\" height=\"40\" \/><\/a><\/p>\n","protected":false},"excerpt":{"rendered":"<p>\u00c7a s&rsquo;est pass\u00e9 le 22 mars 2008, retour sur le premier titre continental d&rsquo;Alain Bernard lors des Championnats d&rsquo;Europe d&rsquo;Eindhoven.<\/p>\n","protected":false},"author":18,"featured_media":115629,"comment_status":"open","ping_status":"closed","sticky":false,"template":"","format":"standard","meta":{"_acf_changed":false,"_daextam_enable_autolinks":"","footnotes":""},"categories":[8,2306],"tags":[69],"class_list":["post-115358","post","type-post","status-publish","format-standard","has-post-thumbnail","hentry","category-histoire","category-natation","tag-natation"],"acf":[],"yoast_head":"<!-- This site is optimized with the Yoast SEO Premium plugin v26.7 (Yoast SEO v26.7) - https:\/\/yoast.com\/wordpress\/plugins\/seo\/ -->\n<title>22 mars 2008 : Titre europ\u00e9en et record du monde pour Alain Bernard<\/title>\n<meta name=\"description\" content=\"\u00c7a s&#039;est pass\u00e9 le 22 mars 2008, retour sur le premier titre continental d&#039;Alain Bernard lors des Championnats d&#039;Europe d&#039;Eindhoven.\" \/>\n<meta name=\"robots\" content=\"index, follow, max-snippet:-1, max-image-preview:large, max-video-preview:-1\" \/>\n<link rel=\"canonical\" href=\"https:\/\/dicodusport.fr\/blog\/22-mars-2008-titre-europeen-et-record-du-monde-pour-alain-bernard\/\" \/>\n<meta property=\"og:locale\" content=\"fr_FR\" \/>\n<meta property=\"og:type\" content=\"article\" \/>\n<meta property=\"og:title\" content=\"22 mars 2008 : Titre europ\u00e9en et record du monde pour Alain Bernard\" \/>\n<meta property=\"og:description\" content=\"\u00c7a s&#039;est pass\u00e9 le 22 mars 2008, retour sur le premier titre continental d&#039;Alain Bernard lors des Championnats d&#039;Europe d&#039;Eindhoven.\" \/>\n<meta property=\"og:url\" content=\"https:\/\/dicodusport.fr\/blog\/22-mars-2008-titre-europeen-et-record-du-monde-pour-alain-bernard\/\" \/>\n<meta property=\"og:site_name\" content=\"Dicodusport\" \/>\n<meta property=\"article:publisher\" content=\"https:\/\/www.facebook.com\/dicodusport\" \/>\n<meta property=\"article:author\" content=\"https:\/\/www.facebook.com\/soocube\" \/>\n<meta property=\"article:published_time\" content=\"2021-03-22T07:10:10+00:00\" \/>\n<meta property=\"og:image\" content=\"https:\/\/dicodusport.fr\/blog\/wp-content\/uploads\/2021\/03\/22-mars-2008-Titre-europeen-et-record-du-monde-pour-Alain-Bernard.png\" \/>\n\t<meta property=\"og:image:width\" content=\"800\" \/>\n\t<meta property=\"og:image:height\" content=\"445\" \/>\n\t<meta property=\"og:image:type\" content=\"image\/png\" \/>\n<meta name=\"author\" content=\"Sophie Clapier\" \/>\n<meta name=\"twitter:card\" content=\"summary_large_image\" \/>\n<meta name=\"twitter:title\" content=\"22 mars 2008 : Titre europ\u00e9en et record du monde pour Alain Bernard\" \/>\n<meta name=\"twitter:creator\" content=\"@https:\/\/twitter.com\/soocube\" \/>\n<meta name=\"twitter:site\" content=\"@dicodusport\" \/>\n<script type=\"application\/ld+json\" class=\"yoast-schema-graph\">{\"@context\":\"https:\/\/schema.org\",\"@graph\":[{\"@type\":\"NewsArticle\",\"@id\":\"https:\/\/dicodusport.fr\/blog\/22-mars-2008-titre-europeen-et-record-du-monde-pour-alain-bernard\/#article\",\"isPartOf\":{\"@id\":\"https:\/\/dicodusport.fr\/blog\/22-mars-2008-titre-europeen-et-record-du-monde-pour-alain-bernard\/\"},\"author\":{\"name\":\"Sophie Clapier\",\"@id\":\"https:\/\/dicodusport.fr\/blog\/#\/schema\/person\/416c975648aca9da8839bdfe333a21c9\"},\"headline\":\"22 mars 2008 : Titre europ\u00e9en et record du monde pour Alain Bernard\",\"datePublished\":\"2021-03-22T07:10:10+00:00\",\"mainEntityOfPage\":{\"@id\":\"https:\/\/dicodusport.fr\/blog\/22-mars-2008-titre-europeen-et-record-du-monde-pour-alain-bernard\/\"},\"wordCount\":310,\"commentCount\":0,\"publisher\":{\"@id\":\"https:\/\/dicodusport.fr\/blog\/#organization\"},\"image\":{\"@id\":\"https:\/\/dicodusport.fr\/blog\/22-mars-2008-titre-europeen-et-record-du-monde-pour-alain-bernard\/#primaryimage\"},\"thumbnailUrl\":\"https:\/\/dicodusport.fr\/blog\/wp-content\/uploads\/2021\/03\/22-mars-2008-Titre-europeen-et-record-du-monde-pour-Alain-Bernard.png\",\"keywords\":[\"natation\"],\"articleSection\":[\"Histoire\",\"Natation\"],\"inLanguage\":\"fr-FR\",\"potentialAction\":[{\"@type\":\"CommentAction\",\"name\":\"Comment\",\"target\":[\"https:\/\/dicodusport.fr\/blog\/22-mars-2008-titre-europeen-et-record-du-monde-pour-alain-bernard\/#respond\"]}],\"copyrightYear\":\"2021\",\"copyrightHolder\":{\"@id\":\"https:\/\/dicodusport.fr\/blog\/#organization\"}},{\"@type\":\"WebPage\",\"@id\":\"https:\/\/dicodusport.fr\/blog\/22-mars-2008-titre-europeen-et-record-du-monde-pour-alain-bernard\/\",\"url\":\"https:\/\/dicodusport.fr\/blog\/22-mars-2008-titre-europeen-et-record-du-monde-pour-alain-bernard\/\",\"name\":\"22 mars 2008 : Titre europ\u00e9en et record du monde pour Alain Bernard\",\"isPartOf\":{\"@id\":\"https:\/\/dicodusport.fr\/blog\/#website\"},\"primaryImageOfPage\":{\"@id\":\"https:\/\/dicodusport.fr\/blog\/22-mars-2008-titre-europeen-et-record-du-monde-pour-alain-bernard\/#primaryimage\"},\"image\":{\"@id\":\"https:\/\/dicodusport.fr\/blog\/22-mars-2008-titre-europeen-et-record-du-monde-pour-alain-bernard\/#primaryimage\"},\"thumbnailUrl\":\"https:\/\/dicodusport.fr\/blog\/wp-content\/uploads\/2021\/03\/22-mars-2008-Titre-europeen-et-record-du-monde-pour-Alain-Bernard.png\",\"datePublished\":\"2021-03-22T07:10:10+00:00\",\"description\":\"\u00c7a s'est pass\u00e9 le 22 mars 2008, retour sur le premier titre continental d'Alain Bernard lors des Championnats d'Europe d'Eindhoven.\",\"breadcrumb\":{\"@id\":\"https:\/\/dicodusport.fr\/blog\/22-mars-2008-titre-europeen-et-record-du-monde-pour-alain-bernard\/#breadcrumb\"},\"inLanguage\":\"fr-FR\",\"potentialAction\":[{\"@type\":\"ReadAction\",\"target\":[\"https:\/\/dicodusport.fr\/blog\/22-mars-2008-titre-europeen-et-record-du-monde-pour-alain-bernard\/\"]}]},{\"@type\":\"ImageObject\",\"inLanguage\":\"fr-FR\",\"@id\":\"https:\/\/dicodusport.fr\/blog\/22-mars-2008-titre-europeen-et-record-du-monde-pour-alain-bernard\/#primaryimage\",\"url\":\"https:\/\/dicodusport.fr\/blog\/wp-content\/uploads\/2021\/03\/22-mars-2008-Titre-europeen-et-record-du-monde-pour-Alain-Bernard.png\",\"contentUrl\":\"https:\/\/dicodusport.fr\/blog\/wp-content\/uploads\/2021\/03\/22-mars-2008-Titre-europeen-et-record-du-monde-pour-Alain-Bernard.png\",\"width\":800,\"height\":445,\"caption\":\"22 mars 2008 : Titre europ\u00e9en et record du monde pour Alain Bernard\"},{\"@type\":\"BreadcrumbList\",\"@id\":\"https:\/\/dicodusport.fr\/blog\/22-mars-2008-titre-europeen-et-record-du-monde-pour-alain-bernard\/#breadcrumb\",\"itemListElement\":[{\"@type\":\"ListItem\",\"position\":1,\"name\":\"Accueil\",\"item\":\"https:\/\/dicodusport.fr\/blog\/\"},{\"@type\":\"ListItem\",\"position\":2,\"name\":\"22 mars 2008 : Titre europ\u00e9en et record du monde pour Alain Bernard\"}]},{\"@type\":\"WebSite\",\"@id\":\"https:\/\/dicodusport.fr\/blog\/#website\",\"url\":\"https:\/\/dicodusport.fr\/blog\/\",\"name\":\"Dicodusport\",\"description\":\"L&#039;encyclop\u00e9die de l&#039;actualit\u00e9 sportive\",\"publisher\":{\"@id\":\"https:\/\/dicodusport.fr\/blog\/#organization\"},\"potentialAction\":[{\"@type\":\"SearchAction\",\"target\":{\"@type\":\"EntryPoint\",\"urlTemplate\":\"https:\/\/dicodusport.fr\/blog\/?s={search_term_string}\"},\"query-input\":{\"@type\":\"PropertyValueSpecification\",\"valueRequired\":true,\"valueName\":\"search_term_string\"}}],\"inLanguage\":\"fr-FR\"},{\"@type\":\"NewsMediaOrganization\",\"@id\":\"https:\/\/dicodusport.fr\/blog\/#organization\",\"name\":\"Dicodusport\",\"url\":\"https:\/\/dicodusport.fr\/blog\/\",\"logo\":{\"@type\":\"ImageObject\",\"inLanguage\":\"fr-FR\",\"@id\":\"https:\/\/dicodusport.fr\/blog\/#\/schema\/logo\/image\/\",\"url\":\"https:\/\/dicodusport.fr\/blog\/wp-content\/uploads\/2020\/06\/cropped-LOGO-DICODUSPORT-2020-SANS-FOND-SANS-TEXTE.png\",\"contentUrl\":\"https:\/\/dicodusport.fr\/blog\/wp-content\/uploads\/2020\/06\/cropped-LOGO-DICODUSPORT-2020-SANS-FOND-SANS-TEXTE.png\",\"width\":512,\"height\":512,\"caption\":\"Dicodusport\"},\"image\":{\"@id\":\"https:\/\/dicodusport.fr\/blog\/#\/schema\/logo\/image\/\"},\"sameAs\":[\"https:\/\/www.facebook.com\/dicodusport\",\"https:\/\/x.com\/dicodusport\",\"https:\/\/www.instagram.com\/dicodusport\/\",\"https:\/\/www.youtube.com\/channel\/UC7V2KZ5sd3htJivAbA4ZG3w\"],\"description\":\"Dicodusport est l'encyclop\u00e9die de l'actualit\u00e9 sportive.\",\"email\":\"bonjour@dicodusport.fr\",\"legalName\":\"DICODUSPORT\",\"foundingDate\":\"2018-01-14\",\"vatID\":\"FR71834470973\",\"taxID\":\"83447097300043\",\"numberOfEmployees\":{\"@type\":\"QuantitativeValue\",\"minValue\":\"1\",\"maxValue\":\"10\"}},{\"@type\":\"Person\",\"@id\":\"https:\/\/dicodusport.fr\/blog\/#\/schema\/person\/416c975648aca9da8839bdfe333a21c9\",\"name\":\"Sophie Clapier\",\"image\":{\"@type\":\"ImageObject\",\"inLanguage\":\"fr-FR\",\"@id\":\"https:\/\/dicodusport.fr\/blog\/#\/schema\/person\/image\/\",\"url\":\"https:\/\/dicodusport.fr\/blog\/wp-content\/uploads\/2021\/05\/Sophie-Clapier-150x150.jpg\",\"contentUrl\":\"https:\/\/dicodusport.fr\/blog\/wp-content\/uploads\/2021\/05\/Sophie-Clapier-150x150.jpg\",\"caption\":\"Sophie Clapier\"},\"description\":\"Journaliste\/r\u00e9dactrice depuis janvier 2016 - Passionn\u00e9e de sport depuis toujours, j\u2019en ai pratiqu\u00e9 quelques-uns. Judo, football, handball ou encore tennis, je n\u2019ai jamais pu me mettre d\u2019accord sur un en particulier. Mais \u00e7a, c\u2019\u00e9tait avant de d\u00e9couvrir le basket, devenu mon sport de pr\u00e9dilection. Les actions NBA, le All-Star Week-end, la fureur des Game 7 pendant les playoffs ou mieux, lors des Finals, this is why we play. Team Spurs T.P, je m\u2019accroche encore \u00e0 Gregg Popovich (don\u2019t leave !). Team chef Curry, je souhaite qu\u2019il finisse aux Warriors (staaaay !). Non, il n\u2019y a pas qu\u2019eux, des petits nouveaux -et des petites nouvelles \u00e9videmment- arrivent chaque jour dans toutes les disciplines et cr\u00e9ent de nouveaux exploits. Alors pour les grands \u00e9v\u00e9nements et comp\u00e9titions internationales, vive les pulsations 240\/minutes et le d\u00e9fibrillateur pas loin, et allez les Bleu(e)s ! C\u2019est s\u00fbr, j\u2019aurai plus vu ma vie sur un terrain de sport, mais \u00e0 d\u00e9faut d\u2019en faire en haut niveau, je le partage avec vous.\",\"sameAs\":[\"https:\/\/www.facebook.com\/soocube\",\"https:\/\/x.com\/https:\/\/twitter.com\/soocube\",\"admin\"],\"url\":\"https:\/\/dicodusport.fr\/blog\/author\/sophie\/\"}]}<\/script>\n<!-- \/ Yoast SEO Premium plugin. -->","yoast_head_json":{"title":"22 mars 2008 : Titre europ\u00e9en et record du monde pour Alain Bernard","description":"\u00c7a s'est pass\u00e9 le 22 mars 2008, retour sur le premier titre continental d'Alain Bernard lors des Championnats d'Europe d'Eindhoven.","robots":{"index":"index","follow":"follow","max-snippet":"max-snippet:-1","max-image-preview":"max-image-preview:large","max-video-preview":"max-video-preview:-1"},"canonical":"https:\/\/dicodusport.fr\/blog\/22-mars-2008-titre-europeen-et-record-du-monde-pour-alain-bernard\/","og_locale":"fr_FR","og_type":"article","og_title":"22 mars 2008 : Titre europ\u00e9en et record du monde pour Alain Bernard","og_description":"\u00c7a s'est pass\u00e9 le 22 mars 2008, retour sur le premier titre continental d'Alain Bernard lors des Championnats d'Europe d'Eindhoven.","og_url":"https:\/\/dicodusport.fr\/blog\/22-mars-2008-titre-europeen-et-record-du-monde-pour-alain-bernard\/","og_site_name":"Dicodusport","article_publisher":"https:\/\/www.facebook.com\/dicodusport","article_author":"https:\/\/www.facebook.com\/soocube","article_published_time":"2021-03-22T07:10:10+00:00","og_image":[{"width":800,"height":445,"url":"https:\/\/dicodusport.fr\/blog\/wp-content\/uploads\/2021\/03\/22-mars-2008-Titre-europeen-et-record-du-monde-pour-Alain-Bernard.png","type":"image\/png"}],"author":"Sophie Clapier","twitter_card":"summary_large_image","twitter_title":"22 mars 2008 : Titre europ\u00e9en et record du monde pour Alain Bernard","twitter_creator":"@https:\/\/twitter.com\/soocube","twitter_site":"@dicodusport","schema":{"@context":"https:\/\/schema.org","@graph":[{"@type":"NewsArticle","@id":"https:\/\/dicodusport.fr\/blog\/22-mars-2008-titre-europeen-et-record-du-monde-pour-alain-bernard\/#article","isPartOf":{"@id":"https:\/\/dicodusport.fr\/blog\/22-mars-2008-titre-europeen-et-record-du-monde-pour-alain-bernard\/"},"author":{"name":"Sophie Clapier","@id":"https:\/\/dicodusport.fr\/blog\/#\/schema\/person\/416c975648aca9da8839bdfe333a21c9"},"headline":"22 mars 2008 : Titre europ\u00e9en et record du monde pour Alain Bernard","datePublished":"2021-03-22T07:10:10+00:00","mainEntityOfPage":{"@id":"https:\/\/dicodusport.fr\/blog\/22-mars-2008-titre-europeen-et-record-du-monde-pour-alain-bernard\/"},"wordCount":310,"commentCount":0,"publisher":{"@id":"https:\/\/dicodusport.fr\/blog\/#organization"},"image":{"@id":"https:\/\/dicodusport.fr\/blog\/22-mars-2008-titre-europeen-et-record-du-monde-pour-alain-bernard\/#primaryimage"},"thumbnailUrl":"https:\/\/dicodusport.fr\/blog\/wp-content\/uploads\/2021\/03\/22-mars-2008-Titre-europeen-et-record-du-monde-pour-Alain-Bernard.png","keywords":["natation"],"articleSection":["Histoire","Natation"],"inLanguage":"fr-FR","potentialAction":[{"@type":"CommentAction","name":"Comment","target":["https:\/\/dicodusport.fr\/blog\/22-mars-2008-titre-europeen-et-record-du-monde-pour-alain-bernard\/#respond"]}],"copyrightYear":"2021","copyrightHolder":{"@id":"https:\/\/dicodusport.fr\/blog\/#organization"}},{"@type":"WebPage","@id":"https:\/\/dicodusport.fr\/blog\/22-mars-2008-titre-europeen-et-record-du-monde-pour-alain-bernard\/","url":"https:\/\/dicodusport.fr\/blog\/22-mars-2008-titre-europeen-et-record-du-monde-pour-alain-bernard\/","name":"22 mars 2008 : Titre europ\u00e9en et record du monde pour Alain Bernard","isPartOf":{"@id":"https:\/\/dicodusport.fr\/blog\/#website"},"primaryImageOfPage":{"@id":"https:\/\/dicodusport.fr\/blog\/22-mars-2008-titre-europeen-et-record-du-monde-pour-alain-bernard\/#primaryimage"},"image":{"@id":"https:\/\/dicodusport.fr\/blog\/22-mars-2008-titre-europeen-et-record-du-monde-pour-alain-bernard\/#primaryimage"},"thumbnailUrl":"https:\/\/dicodusport.fr\/blog\/wp-content\/uploads\/2021\/03\/22-mars-2008-Titre-europeen-et-record-du-monde-pour-Alain-Bernard.png","datePublished":"2021-03-22T07:10:10+00:00","description":"\u00c7a s'est pass\u00e9 le 22 mars 2008, retour sur le premier titre continental d'Alain Bernard lors des Championnats d'Europe d'Eindhoven.","breadcrumb":{"@id":"https:\/\/dicodusport.fr\/blog\/22-mars-2008-titre-europeen-et-record-du-monde-pour-alain-bernard\/#breadcrumb"},"inLanguage":"fr-FR","potentialAction":[{"@type":"ReadAction","target":["https:\/\/dicodusport.fr\/blog\/22-mars-2008-titre-europeen-et-record-du-monde-pour-alain-bernard\/"]}]},{"@type":"ImageObject","inLanguage":"fr-FR","@id":"https:\/\/dicodusport.fr\/blog\/22-mars-2008-titre-europeen-et-record-du-monde-pour-alain-bernard\/#primaryimage","url":"https:\/\/dicodusport.fr\/blog\/wp-content\/uploads\/2021\/03\/22-mars-2008-Titre-europeen-et-record-du-monde-pour-Alain-Bernard.png","contentUrl":"https:\/\/dicodusport.fr\/blog\/wp-content\/uploads\/2021\/03\/22-mars-2008-Titre-europeen-et-record-du-monde-pour-Alain-Bernard.png","width":800,"height":445,"caption":"22 mars 2008 : Titre europ\u00e9en et record du monde pour Alain Bernard"},{"@type":"BreadcrumbList","@id":"https:\/\/dicodusport.fr\/blog\/22-mars-2008-titre-europeen-et-record-du-monde-pour-alain-bernard\/#breadcrumb","itemListElement":[{"@type":"ListItem","position":1,"name":"Accueil","item":"https:\/\/dicodusport.fr\/blog\/"},{"@type":"ListItem","position":2,"name":"22 mars 2008 : Titre europ\u00e9en et record du monde pour Alain Bernard"}]},{"@type":"WebSite","@id":"https:\/\/dicodusport.fr\/blog\/#website","url":"https:\/\/dicodusport.fr\/blog\/","name":"Dicodusport","description":"L&#039;encyclop\u00e9die de l&#039;actualit\u00e9 sportive","publisher":{"@id":"https:\/\/dicodusport.fr\/blog\/#organization"},"potentialAction":[{"@type":"SearchAction","target":{"@type":"EntryPoint","urlTemplate":"https:\/\/dicodusport.fr\/blog\/?s={search_term_string}"},"query-input":{"@type":"PropertyValueSpecification","valueRequired":true,"valueName":"search_term_string"}}],"inLanguage":"fr-FR"},{"@type":"NewsMediaOrganization","@id":"https:\/\/dicodusport.fr\/blog\/#organization","name":"Dicodusport","url":"https:\/\/dicodusport.fr\/blog\/","logo":{"@type":"ImageObject","inLanguage":"fr-FR","@id":"https:\/\/dicodusport.fr\/blog\/#\/schema\/logo\/image\/","url":"https:\/\/dicodusport.fr\/blog\/wp-content\/uploads\/2020\/06\/cropped-LOGO-DICODUSPORT-2020-SANS-FOND-SANS-TEXTE.png","contentUrl":"https:\/\/dicodusport.fr\/blog\/wp-content\/uploads\/2020\/06\/cropped-LOGO-DICODUSPORT-2020-SANS-FOND-SANS-TEXTE.png","width":512,"height":512,"caption":"Dicodusport"},"image":{"@id":"https:\/\/dicodusport.fr\/blog\/#\/schema\/logo\/image\/"},"sameAs":["https:\/\/www.facebook.com\/dicodusport","https:\/\/x.com\/dicodusport","https:\/\/www.instagram.com\/dicodusport\/","https:\/\/www.youtube.com\/channel\/UC7V2KZ5sd3htJivAbA4ZG3w"],"description":"Dicodusport est l'encyclop\u00e9die de l'actualit\u00e9 sportive.","email":"bonjour@dicodusport.fr","legalName":"DICODUSPORT","foundingDate":"2018-01-14","vatID":"FR71834470973","taxID":"83447097300043","numberOfEmployees":{"@type":"QuantitativeValue","minValue":"1","maxValue":"10"}},{"@type":"Person","@id":"https:\/\/dicodusport.fr\/blog\/#\/schema\/person\/416c975648aca9da8839bdfe333a21c9","name":"Sophie Clapier","image":{"@type":"ImageObject","inLanguage":"fr-FR","@id":"https:\/\/dicodusport.fr\/blog\/#\/schema\/person\/image\/","url":"https:\/\/dicodusport.fr\/blog\/wp-content\/uploads\/2021\/05\/Sophie-Clapier-150x150.jpg","contentUrl":"https:\/\/dicodusport.fr\/blog\/wp-content\/uploads\/2021\/05\/Sophie-Clapier-150x150.jpg","caption":"Sophie Clapier"},"description":"Journaliste\/r\u00e9dactrice depuis janvier 2016 - Passionn\u00e9e de sport depuis toujours, j\u2019en ai pratiqu\u00e9 quelques-uns. Judo, football, handball ou encore tennis, je n\u2019ai jamais pu me mettre d\u2019accord sur un en particulier. Mais \u00e7a, c\u2019\u00e9tait avant de d\u00e9couvrir le basket, devenu mon sport de pr\u00e9dilection. Les actions NBA, le All-Star Week-end, la fureur des Game 7 pendant les playoffs ou mieux, lors des Finals, this is why we play. Team Spurs T.P, je m\u2019accroche encore \u00e0 Gregg Popovich (don\u2019t leave !). Team chef Curry, je souhaite qu\u2019il finisse aux Warriors (staaaay !). Non, il n\u2019y a pas qu\u2019eux, des petits nouveaux -et des petites nouvelles \u00e9videmment- arrivent chaque jour dans toutes les disciplines et cr\u00e9ent de nouveaux exploits. Alors pour les grands \u00e9v\u00e9nements et comp\u00e9titions internationales, vive les pulsations 240\/minutes et le d\u00e9fibrillateur pas loin, et allez les Bleu(e)s ! C\u2019est s\u00fbr, j\u2019aurai plus vu ma vie sur un terrain de sport, mais \u00e0 d\u00e9faut d\u2019en faire en haut niveau, je le partage avec vous.","sameAs":["https:\/\/www.facebook.com\/soocube","https:\/\/x.com\/https:\/\/twitter.com\/soocube","admin"],"url":"https:\/\/dicodusport.fr\/blog\/author\/sophie\/"}]}},"_links":{"self":[{"href":"https:\/\/dicodusport.fr\/blog\/wp-json\/wp\/v2\/posts\/115358","targetHints":{"allow":["GET"]}}],"collection":[{"href":"https:\/\/dicodusport.fr\/blog\/wp-json\/wp\/v2\/posts"}],"about":[{"href":"https:\/\/dicodusport.fr\/blog\/wp-json\/wp\/v2\/types\/post"}],"author":[{"embeddable":true,"href":"https:\/\/dicodusport.fr\/blog\/wp-json\/wp\/v2\/users\/18"}],"replies":[{"embeddable":true,"href":"https:\/\/dicodusport.fr\/blog\/wp-json\/wp\/v2\/comments?post=115358"}],"version-history":[{"count":0,"href":"https:\/\/dicodusport.fr\/blog\/wp-json\/wp\/v2\/posts\/115358\/revisions"}],"wp:featuredmedia":[{"embeddable":true,"href":"https:\/\/dicodusport.fr\/blog\/wp-json\/wp\/v2\/media\/115629"}],"wp:attachment":[{"href":"https:\/\/dicodusport.fr\/blog\/wp-json\/wp\/v2\/media?parent=115358"}],"wp:term":[{"taxonomy":"category","embeddable":true,"href":"https:\/\/dicodusport.fr\/blog\/wp-json\/wp\/v2\/categories?post=115358"},{"taxonomy":"post_tag","embeddable":true,"href":"https:\/\/dicodusport.fr\/blog\/wp-json\/wp\/v2\/tags?post=115358"}],"curies":[{"name":"wp","href":"https:\/\/api.w.org\/{rel}","templated":true}]}}