{"id":115359,"date":"2021-03-21T10:10:57","date_gmt":"2021-03-21T09:10:57","guid":{"rendered":"https:\/\/dicodusport.fr\/blog\/?p=115359&#038;preview=true&#038;preview_id=115359"},"modified":"2021-03-21T10:10:57","modified_gmt":"2021-03-21T09:10:57","slug":"ostersund-les-deux-mass-starts-reportees-a-cause-de-la-meteo","status":"publish","type":"post","link":"https:\/\/dicodusport.fr\/blog\/ostersund-les-deux-mass-starts-reportees-a-cause-de-la-meteo\/","title":{"rendered":"Ostersund : Les deux mass starts report\u00e9es \u00e0 cause de la m\u00e9t\u00e9o"},"content":{"rendered":"<p style=\"text-align: justify;\"><strong><em><a href=\"https:\/\/dicodusport.fr\/blog\/biathlon-ostersund-programme-complet-10eme-etape-coupe-du-monde\/\" target=\"_blank\" rel=\"noopener\">BIATHLON &#8211; OSTERSUND<\/a> &#8211; Comme pressenti d\u00e9j\u00e0 hier, les deux mass starts sont repouss\u00e9es \u00e0 plus tard dans la journ\u00e9e, \u00e0 cause des conditions m\u00e9t\u00e9o.<\/em><\/strong><\/p>\n<p style=\"text-align: justify;\">Le fort vent sur Ostersund a oblig\u00e9 l&rsquo;IBU \u00e0 repousser les deux mass starts du jour. La course femmes, initialement pr\u00e9vue \u00e0 13h, <strong>ne sera finalement lanc\u00e9e qu&rsquo;\u00e0 15h30<\/strong>, au moment o\u00f9 celle des gar\u00e7ons devait d\u00e9marrer. <strong>Johannes Boe<\/strong> et <strong>Sturla Holm Laegrid<\/strong> devront donc attendre 17h15 pour pouvoir s&rsquo;expliquer pour le gros globe.<\/p>\n<blockquote class=\"twitter-tweet\">\n<p dir=\"ltr\" lang=\"en\">&#x1f6a8;NEW START TIMES&#x1f6a8;<\/p>\n<p>Due to strong winds in Oestersund, today&rsquo;s mass start competitions have been postponed to later in the day.<\/p>\n<p>Women Mass Start: 15:30 (CET), Men Mass Start 17:15 (CET)<\/p>\n<p>&#x1f4f8; Manzoni\/IBU | <a href=\"https:\/\/twitter.com\/hashtag\/ost21?src=hash&amp;ref_src=twsrc%5Etfw\">#ost21<\/a> | <a href=\"https:\/\/twitter.com\/hashtag\/biathlon?src=hash&amp;ref_src=twsrc%5Etfw\">#biathlon<\/a> <a href=\"https:\/\/t.co\/Fb2OMV64lQ\">pic.twitter.com\/Fb2OMV64lQ<\/a><\/p>\n<p>\u2014 IBU World Cup (@IBU_WC) <a href=\"https:\/\/twitter.com\/IBU_WC\/status\/1373557079487680520?ref_src=twsrc%5Etfw\">March 21, 2021<\/a><\/p><\/blockquote>\n<p><script async src=\"https:\/\/platform.twitter.com\/widgets.js\" charset=\"utf-8\"><\/script><\/p>\n<p><strong><em>Dicodusport<br \/>\n<a href=\"https:\/\/www.facebook.com\/dicodusport\/\" target=\"_blank\" rel=\"noopener noreferrer\"><img loading=\"lazy\" decoding=\"async\" class=\"alignnone wp-image-2909\" src=\"http:\/\/dicodusport.fr\/blog\/wp-content\/uploads\/2017\/07\/logo-facebook-150x150.png\" alt=\"\" width=\"40\" height=\"40\" \/><\/a><a href=\"https:\/\/twitter.com\/dicodusport\" target=\"_blank\" rel=\"noopener noreferrer\"><img loading=\"lazy\" decoding=\"async\" class=\"alignnone wp-image-2908\" src=\"http:\/\/dicodusport.fr\/blog\/wp-content\/uploads\/2017\/07\/logo-twitter-150x150.png\" alt=\"\" width=\"39\" height=\"39\" \/><\/a><\/em><\/strong><\/p>\n","protected":false},"excerpt":{"rendered":"<p>BIATHLON &#8211; OSTERSUND &#8211; Comme pressenti d\u00e9j\u00e0 hier, les deux mass starts sont repouss\u00e9es \u00e0 plus tard dans la journ\u00e9e, \u00e0 cause des conditions m\u00e9t\u00e9o.<\/p>\n","protected":false},"author":1,"featured_media":115183,"comment_status":"open","ping_status":"closed","sticky":false,"template":"","format":"standard","meta":{"_acf_changed":false,"_daextam_enable_autolinks":"","footnotes":""},"categories":[47040],"tags":[2427,15220,2945,9258],"class_list":["post-115359","post","type-post","status-publish","format-standard","has-post-thumbnail","hentry","category-coupe-du-monde-de-biathlon","tag-biathlon","tag-biathlon-ostersund","tag-mass-start","tag-ostersund"],"acf":[],"yoast_head":"<!-- This site is optimized with the Yoast SEO Premium plugin v26.7 (Yoast SEO v26.7) - https:\/\/yoast.com\/wordpress\/plugins\/seo\/ -->\n<title>Ostersund : Les deux mass starts report\u00e9es \u00e0 cause de la m\u00e9t\u00e9o<\/title>\n<meta name=\"description\" content=\"BIATHLON - OSTERSUND - Comme pressenti d\u00e9j\u00e0 hier, les deux mass starts sont repouss\u00e9es \u00e0 plus tard dans la journ\u00e9e, \u00e0 cause des conditions m\u00e9t\u00e9o.\" \/>\n<meta name=\"robots\" content=\"index, follow, max-snippet:-1, max-image-preview:large, max-video-preview:-1\" \/>\n<link rel=\"canonical\" href=\"https:\/\/dicodusport.fr\/blog\/ostersund-les-deux-mass-starts-reportees-a-cause-de-la-meteo\/\" \/>\n<meta property=\"og:locale\" content=\"fr_FR\" \/>\n<meta property=\"og:type\" content=\"article\" \/>\n<meta property=\"og:title\" content=\"Ostersund : Les deux mass starts report\u00e9es \u00e0 cause de la m\u00e9t\u00e9o\" \/>\n<meta property=\"og:description\" content=\"BIATHLON - OSTERSUND - Comme pressenti d\u00e9j\u00e0 hier, les deux mass starts sont repouss\u00e9es \u00e0 plus tard dans la journ\u00e9e, \u00e0 cause des conditions m\u00e9t\u00e9o.\" \/>\n<meta property=\"og:url\" content=\"https:\/\/dicodusport.fr\/blog\/ostersund-les-deux-mass-starts-reportees-a-cause-de-la-meteo\/\" \/>\n<meta property=\"og:site_name\" content=\"Dicodusport\" \/>\n<meta property=\"article:publisher\" content=\"https:\/\/www.facebook.com\/dicodusport\" \/>\n<meta property=\"article:author\" content=\"https:\/\/www.facebook.com\/dicodusport\" \/>\n<meta property=\"article:published_time\" content=\"2021-03-21T09:10:57+00:00\" \/>\n<meta property=\"og:image\" content=\"https:\/\/dicodusport.fr\/blog\/wp-content\/uploads\/2021\/03\/Ostersund-Sturla-Laegreid-remporte-la-poursuite-et-fait-coup-double.png\" \/>\n\t<meta property=\"og:image:width\" content=\"800\" \/>\n\t<meta property=\"og:image:height\" content=\"445\" \/>\n\t<meta property=\"og:image:type\" content=\"image\/png\" \/>\n<meta name=\"author\" content=\"Nicolas Jacquemard\" \/>\n<meta name=\"twitter:card\" content=\"summary_large_image\" \/>\n<meta name=\"twitter:title\" content=\"Ostersund : Les deux mass starts report\u00e9es \u00e0 cause de la m\u00e9t\u00e9o\" \/>\n<meta name=\"twitter:creator\" content=\"@https:\/\/twitter.com\/Nico_Jacquemard\" \/>\n<meta name=\"twitter:site\" content=\"@dicodusport\" \/>\n<script type=\"application\/ld+json\" class=\"yoast-schema-graph\">{\"@context\":\"https:\/\/schema.org\",\"@graph\":[{\"@type\":\"NewsArticle\",\"@id\":\"https:\/\/dicodusport.fr\/blog\/ostersund-les-deux-mass-starts-reportees-a-cause-de-la-meteo\/#article\",\"isPartOf\":{\"@id\":\"https:\/\/dicodusport.fr\/blog\/ostersund-les-deux-mass-starts-reportees-a-cause-de-la-meteo\/\"},\"author\":{\"name\":\"Nicolas Jacquemard\",\"@id\":\"https:\/\/dicodusport.fr\/blog\/#\/schema\/person\/55dcb50ad410894e431ed812bbb70191\"},\"headline\":\"Ostersund : Les deux mass starts report\u00e9es \u00e0 cause de la m\u00e9t\u00e9o\",\"datePublished\":\"2021-03-21T09:10:57+00:00\",\"mainEntityOfPage\":{\"@id\":\"https:\/\/dicodusport.fr\/blog\/ostersund-les-deux-mass-starts-reportees-a-cause-de-la-meteo\/\"},\"wordCount\":155,\"commentCount\":0,\"publisher\":{\"@id\":\"https:\/\/dicodusport.fr\/blog\/#organization\"},\"image\":{\"@id\":\"https:\/\/dicodusport.fr\/blog\/ostersund-les-deux-mass-starts-reportees-a-cause-de-la-meteo\/#primaryimage\"},\"thumbnailUrl\":\"https:\/\/dicodusport.fr\/blog\/wp-content\/uploads\/2021\/03\/Ostersund-Sturla-Laegreid-remporte-la-poursuite-et-fait-coup-double.png\",\"keywords\":[\"Biathlon\",\"Biathlon Ostersund\",\"Mass start\",\"Ostersund\"],\"articleSection\":[\"Coupe du monde de biathlon\"],\"inLanguage\":\"fr-FR\",\"potentialAction\":[{\"@type\":\"CommentAction\",\"name\":\"Comment\",\"target\":[\"https:\/\/dicodusport.fr\/blog\/ostersund-les-deux-mass-starts-reportees-a-cause-de-la-meteo\/#respond\"]}],\"copyrightYear\":\"2021\",\"copyrightHolder\":{\"@id\":\"https:\/\/dicodusport.fr\/blog\/#organization\"}},{\"@type\":\"WebPage\",\"@id\":\"https:\/\/dicodusport.fr\/blog\/ostersund-les-deux-mass-starts-reportees-a-cause-de-la-meteo\/\",\"url\":\"https:\/\/dicodusport.fr\/blog\/ostersund-les-deux-mass-starts-reportees-a-cause-de-la-meteo\/\",\"name\":\"Ostersund : Les deux mass starts report\u00e9es \u00e0 cause de la m\u00e9t\u00e9o\",\"isPartOf\":{\"@id\":\"https:\/\/dicodusport.fr\/blog\/#website\"},\"primaryImageOfPage\":{\"@id\":\"https:\/\/dicodusport.fr\/blog\/ostersund-les-deux-mass-starts-reportees-a-cause-de-la-meteo\/#primaryimage\"},\"image\":{\"@id\":\"https:\/\/dicodusport.fr\/blog\/ostersund-les-deux-mass-starts-reportees-a-cause-de-la-meteo\/#primaryimage\"},\"thumbnailUrl\":\"https:\/\/dicodusport.fr\/blog\/wp-content\/uploads\/2021\/03\/Ostersund-Sturla-Laegreid-remporte-la-poursuite-et-fait-coup-double.png\",\"datePublished\":\"2021-03-21T09:10:57+00:00\",\"description\":\"BIATHLON - OSTERSUND - Comme pressenti d\u00e9j\u00e0 hier, les deux mass starts sont repouss\u00e9es \u00e0 plus tard dans la journ\u00e9e, \u00e0 cause des conditions m\u00e9t\u00e9o.\",\"breadcrumb\":{\"@id\":\"https:\/\/dicodusport.fr\/blog\/ostersund-les-deux-mass-starts-reportees-a-cause-de-la-meteo\/#breadcrumb\"},\"inLanguage\":\"fr-FR\",\"potentialAction\":[{\"@type\":\"ReadAction\",\"target\":[\"https:\/\/dicodusport.fr\/blog\/ostersund-les-deux-mass-starts-reportees-a-cause-de-la-meteo\/\"]}]},{\"@type\":\"ImageObject\",\"inLanguage\":\"fr-FR\",\"@id\":\"https:\/\/dicodusport.fr\/blog\/ostersund-les-deux-mass-starts-reportees-a-cause-de-la-meteo\/#primaryimage\",\"url\":\"https:\/\/dicodusport.fr\/blog\/wp-content\/uploads\/2021\/03\/Ostersund-Sturla-Laegreid-remporte-la-poursuite-et-fait-coup-double.png\",\"contentUrl\":\"https:\/\/dicodusport.fr\/blog\/wp-content\/uploads\/2021\/03\/Ostersund-Sturla-Laegreid-remporte-la-poursuite-et-fait-coup-double.png\",\"width\":800,\"height\":445,\"caption\":\"Ostersund : Les deux mass starts report\u00e9es \u00e0 cause de la m\u00e9t\u00e9o\"},{\"@type\":\"BreadcrumbList\",\"@id\":\"https:\/\/dicodusport.fr\/blog\/ostersund-les-deux-mass-starts-reportees-a-cause-de-la-meteo\/#breadcrumb\",\"itemListElement\":[{\"@type\":\"ListItem\",\"position\":1,\"name\":\"Accueil\",\"item\":\"https:\/\/dicodusport.fr\/blog\/\"},{\"@type\":\"ListItem\",\"position\":2,\"name\":\"Ostersund : Les deux mass starts report\u00e9es \u00e0 cause de la m\u00e9t\u00e9o\"}]},{\"@type\":\"WebSite\",\"@id\":\"https:\/\/dicodusport.fr\/blog\/#website\",\"url\":\"https:\/\/dicodusport.fr\/blog\/\",\"name\":\"Dicodusport\",\"description\":\"L&#039;encyclop\u00e9die de l&#039;actualit\u00e9 sportive\",\"publisher\":{\"@id\":\"https:\/\/dicodusport.fr\/blog\/#organization\"},\"potentialAction\":[{\"@type\":\"SearchAction\",\"target\":{\"@type\":\"EntryPoint\",\"urlTemplate\":\"https:\/\/dicodusport.fr\/blog\/?s={search_term_string}\"},\"query-input\":{\"@type\":\"PropertyValueSpecification\",\"valueRequired\":true,\"valueName\":\"search_term_string\"}}],\"inLanguage\":\"fr-FR\"},{\"@type\":\"NewsMediaOrganization\",\"@id\":\"https:\/\/dicodusport.fr\/blog\/#organization\",\"name\":\"Dicodusport\",\"url\":\"https:\/\/dicodusport.fr\/blog\/\",\"logo\":{\"@type\":\"ImageObject\",\"inLanguage\":\"fr-FR\",\"@id\":\"https:\/\/dicodusport.fr\/blog\/#\/schema\/logo\/image\/\",\"url\":\"https:\/\/dicodusport.fr\/blog\/wp-content\/uploads\/2020\/06\/cropped-LOGO-DICODUSPORT-2020-SANS-FOND-SANS-TEXTE.png\",\"contentUrl\":\"https:\/\/dicodusport.fr\/blog\/wp-content\/uploads\/2020\/06\/cropped-LOGO-DICODUSPORT-2020-SANS-FOND-SANS-TEXTE.png\",\"width\":512,\"height\":512,\"caption\":\"Dicodusport\"},\"image\":{\"@id\":\"https:\/\/dicodusport.fr\/blog\/#\/schema\/logo\/image\/\"},\"sameAs\":[\"https:\/\/www.facebook.com\/dicodusport\",\"https:\/\/x.com\/dicodusport\",\"https:\/\/www.instagram.com\/dicodusport\/\",\"https:\/\/www.youtube.com\/channel\/UC7V2KZ5sd3htJivAbA4ZG3w\"],\"description\":\"Dicodusport est l'encyclop\u00e9die de l'actualit\u00e9 sportive.\",\"email\":\"bonjour@dicodusport.fr\",\"legalName\":\"DICODUSPORT\",\"foundingDate\":\"2018-01-14\",\"vatID\":\"FR71834470973\",\"taxID\":\"83447097300043\",\"numberOfEmployees\":{\"@type\":\"QuantitativeValue\",\"minValue\":\"1\",\"maxValue\":\"10\"}},{\"@type\":\"Person\",\"@id\":\"https:\/\/dicodusport.fr\/blog\/#\/schema\/person\/55dcb50ad410894e431ed812bbb70191\",\"name\":\"Nicolas Jacquemard\",\"image\":{\"@type\":\"ImageObject\",\"inLanguage\":\"fr-FR\",\"@id\":\"https:\/\/dicodusport.fr\/blog\/#\/schema\/person\/image\/\",\"url\":\"https:\/\/dicodusport.fr\/blog\/wp-content\/uploads\/2021\/05\/Nicolas-Jacquemard-150x150.jpeg\",\"contentUrl\":\"https:\/\/dicodusport.fr\/blog\/wp-content\/uploads\/2021\/05\/Nicolas-Jacquemard-150x150.jpeg\",\"caption\":\"Nicolas Jacquemard\"},\"description\":\"Passionn\u00e9 de sport et entrepreneur depuis mes 18 ans, la cr\u00e9ation de Dicodusport m'a sembl\u00e9 \u00e9vidente pour participer \u00e0 la m\u00e9diatisation d'un plus grand nombre de sports. Le chemin est long mais avec une \u00e9quipe des plus motiv\u00e9es et les Jeux Olympiques de Paris 2024 en point de mire, nous y arriverons ! Journaliste dans le monde du sport depuis plus de 5 ans, je traite aussi bien de football, de rugby, de biathlon que de cyclisme.\",\"sameAs\":[\"https:\/\/www.facebook.com\/dicodusport\",\"https:\/\/x.com\/https:\/\/twitter.com\/Nico_Jacquemard\"],\"url\":\"https:\/\/dicodusport.fr\/blog\/author\/dicodusport\/\"}]}<\/script>\n<!-- \/ Yoast SEO Premium plugin. -->","yoast_head_json":{"title":"Ostersund : Les deux mass starts report\u00e9es \u00e0 cause de la m\u00e9t\u00e9o","description":"BIATHLON - OSTERSUND - Comme pressenti d\u00e9j\u00e0 hier, les deux mass starts sont repouss\u00e9es \u00e0 plus tard dans la journ\u00e9e, \u00e0 cause des conditions m\u00e9t\u00e9o.","robots":{"index":"index","follow":"follow","max-snippet":"max-snippet:-1","max-image-preview":"max-image-preview:large","max-video-preview":"max-video-preview:-1"},"canonical":"https:\/\/dicodusport.fr\/blog\/ostersund-les-deux-mass-starts-reportees-a-cause-de-la-meteo\/","og_locale":"fr_FR","og_type":"article","og_title":"Ostersund : Les deux mass starts report\u00e9es \u00e0 cause de la m\u00e9t\u00e9o","og_description":"BIATHLON - OSTERSUND - Comme pressenti d\u00e9j\u00e0 hier, les deux mass starts sont repouss\u00e9es \u00e0 plus tard dans la journ\u00e9e, \u00e0 cause des conditions m\u00e9t\u00e9o.","og_url":"https:\/\/dicodusport.fr\/blog\/ostersund-les-deux-mass-starts-reportees-a-cause-de-la-meteo\/","og_site_name":"Dicodusport","article_publisher":"https:\/\/www.facebook.com\/dicodusport","article_author":"https:\/\/www.facebook.com\/dicodusport","article_published_time":"2021-03-21T09:10:57+00:00","og_image":[{"width":800,"height":445,"url":"https:\/\/dicodusport.fr\/blog\/wp-content\/uploads\/2021\/03\/Ostersund-Sturla-Laegreid-remporte-la-poursuite-et-fait-coup-double.png","type":"image\/png"}],"author":"Nicolas Jacquemard","twitter_card":"summary_large_image","twitter_title":"Ostersund : Les deux mass starts report\u00e9es \u00e0 cause de la m\u00e9t\u00e9o","twitter_creator":"@https:\/\/twitter.com\/Nico_Jacquemard","twitter_site":"@dicodusport","schema":{"@context":"https:\/\/schema.org","@graph":[{"@type":"NewsArticle","@id":"https:\/\/dicodusport.fr\/blog\/ostersund-les-deux-mass-starts-reportees-a-cause-de-la-meteo\/#article","isPartOf":{"@id":"https:\/\/dicodusport.fr\/blog\/ostersund-les-deux-mass-starts-reportees-a-cause-de-la-meteo\/"},"author":{"name":"Nicolas Jacquemard","@id":"https:\/\/dicodusport.fr\/blog\/#\/schema\/person\/55dcb50ad410894e431ed812bbb70191"},"headline":"Ostersund : Les deux mass starts report\u00e9es \u00e0 cause de la m\u00e9t\u00e9o","datePublished":"2021-03-21T09:10:57+00:00","mainEntityOfPage":{"@id":"https:\/\/dicodusport.fr\/blog\/ostersund-les-deux-mass-starts-reportees-a-cause-de-la-meteo\/"},"wordCount":155,"commentCount":0,"publisher":{"@id":"https:\/\/dicodusport.fr\/blog\/#organization"},"image":{"@id":"https:\/\/dicodusport.fr\/blog\/ostersund-les-deux-mass-starts-reportees-a-cause-de-la-meteo\/#primaryimage"},"thumbnailUrl":"https:\/\/dicodusport.fr\/blog\/wp-content\/uploads\/2021\/03\/Ostersund-Sturla-Laegreid-remporte-la-poursuite-et-fait-coup-double.png","keywords":["Biathlon","Biathlon Ostersund","Mass start","Ostersund"],"articleSection":["Coupe du monde de biathlon"],"inLanguage":"fr-FR","potentialAction":[{"@type":"CommentAction","name":"Comment","target":["https:\/\/dicodusport.fr\/blog\/ostersund-les-deux-mass-starts-reportees-a-cause-de-la-meteo\/#respond"]}],"copyrightYear":"2021","copyrightHolder":{"@id":"https:\/\/dicodusport.fr\/blog\/#organization"}},{"@type":"WebPage","@id":"https:\/\/dicodusport.fr\/blog\/ostersund-les-deux-mass-starts-reportees-a-cause-de-la-meteo\/","url":"https:\/\/dicodusport.fr\/blog\/ostersund-les-deux-mass-starts-reportees-a-cause-de-la-meteo\/","name":"Ostersund : Les deux mass starts report\u00e9es \u00e0 cause de la m\u00e9t\u00e9o","isPartOf":{"@id":"https:\/\/dicodusport.fr\/blog\/#website"},"primaryImageOfPage":{"@id":"https:\/\/dicodusport.fr\/blog\/ostersund-les-deux-mass-starts-reportees-a-cause-de-la-meteo\/#primaryimage"},"image":{"@id":"https:\/\/dicodusport.fr\/blog\/ostersund-les-deux-mass-starts-reportees-a-cause-de-la-meteo\/#primaryimage"},"thumbnailUrl":"https:\/\/dicodusport.fr\/blog\/wp-content\/uploads\/2021\/03\/Ostersund-Sturla-Laegreid-remporte-la-poursuite-et-fait-coup-double.png","datePublished":"2021-03-21T09:10:57+00:00","description":"BIATHLON - OSTERSUND - Comme pressenti d\u00e9j\u00e0 hier, les deux mass starts sont repouss\u00e9es \u00e0 plus tard dans la journ\u00e9e, \u00e0 cause des conditions m\u00e9t\u00e9o.","breadcrumb":{"@id":"https:\/\/dicodusport.fr\/blog\/ostersund-les-deux-mass-starts-reportees-a-cause-de-la-meteo\/#breadcrumb"},"inLanguage":"fr-FR","potentialAction":[{"@type":"ReadAction","target":["https:\/\/dicodusport.fr\/blog\/ostersund-les-deux-mass-starts-reportees-a-cause-de-la-meteo\/"]}]},{"@type":"ImageObject","inLanguage":"fr-FR","@id":"https:\/\/dicodusport.fr\/blog\/ostersund-les-deux-mass-starts-reportees-a-cause-de-la-meteo\/#primaryimage","url":"https:\/\/dicodusport.fr\/blog\/wp-content\/uploads\/2021\/03\/Ostersund-Sturla-Laegreid-remporte-la-poursuite-et-fait-coup-double.png","contentUrl":"https:\/\/dicodusport.fr\/blog\/wp-content\/uploads\/2021\/03\/Ostersund-Sturla-Laegreid-remporte-la-poursuite-et-fait-coup-double.png","width":800,"height":445,"caption":"Ostersund : Les deux mass starts report\u00e9es \u00e0 cause de la m\u00e9t\u00e9o"},{"@type":"BreadcrumbList","@id":"https:\/\/dicodusport.fr\/blog\/ostersund-les-deux-mass-starts-reportees-a-cause-de-la-meteo\/#breadcrumb","itemListElement":[{"@type":"ListItem","position":1,"name":"Accueil","item":"https:\/\/dicodusport.fr\/blog\/"},{"@type":"ListItem","position":2,"name":"Ostersund : Les deux mass starts report\u00e9es \u00e0 cause de la m\u00e9t\u00e9o"}]},{"@type":"WebSite","@id":"https:\/\/dicodusport.fr\/blog\/#website","url":"https:\/\/dicodusport.fr\/blog\/","name":"Dicodusport","description":"L&#039;encyclop\u00e9die de l&#039;actualit\u00e9 sportive","publisher":{"@id":"https:\/\/dicodusport.fr\/blog\/#organization"},"potentialAction":[{"@type":"SearchAction","target":{"@type":"EntryPoint","urlTemplate":"https:\/\/dicodusport.fr\/blog\/?s={search_term_string}"},"query-input":{"@type":"PropertyValueSpecification","valueRequired":true,"valueName":"search_term_string"}}],"inLanguage":"fr-FR"},{"@type":"NewsMediaOrganization","@id":"https:\/\/dicodusport.fr\/blog\/#organization","name":"Dicodusport","url":"https:\/\/dicodusport.fr\/blog\/","logo":{"@type":"ImageObject","inLanguage":"fr-FR","@id":"https:\/\/dicodusport.fr\/blog\/#\/schema\/logo\/image\/","url":"https:\/\/dicodusport.fr\/blog\/wp-content\/uploads\/2020\/06\/cropped-LOGO-DICODUSPORT-2020-SANS-FOND-SANS-TEXTE.png","contentUrl":"https:\/\/dicodusport.fr\/blog\/wp-content\/uploads\/2020\/06\/cropped-LOGO-DICODUSPORT-2020-SANS-FOND-SANS-TEXTE.png","width":512,"height":512,"caption":"Dicodusport"},"image":{"@id":"https:\/\/dicodusport.fr\/blog\/#\/schema\/logo\/image\/"},"sameAs":["https:\/\/www.facebook.com\/dicodusport","https:\/\/x.com\/dicodusport","https:\/\/www.instagram.com\/dicodusport\/","https:\/\/www.youtube.com\/channel\/UC7V2KZ5sd3htJivAbA4ZG3w"],"description":"Dicodusport est l'encyclop\u00e9die de l'actualit\u00e9 sportive.","email":"bonjour@dicodusport.fr","legalName":"DICODUSPORT","foundingDate":"2018-01-14","vatID":"FR71834470973","taxID":"83447097300043","numberOfEmployees":{"@type":"QuantitativeValue","minValue":"1","maxValue":"10"}},{"@type":"Person","@id":"https:\/\/dicodusport.fr\/blog\/#\/schema\/person\/55dcb50ad410894e431ed812bbb70191","name":"Nicolas Jacquemard","image":{"@type":"ImageObject","inLanguage":"fr-FR","@id":"https:\/\/dicodusport.fr\/blog\/#\/schema\/person\/image\/","url":"https:\/\/dicodusport.fr\/blog\/wp-content\/uploads\/2021\/05\/Nicolas-Jacquemard-150x150.jpeg","contentUrl":"https:\/\/dicodusport.fr\/blog\/wp-content\/uploads\/2021\/05\/Nicolas-Jacquemard-150x150.jpeg","caption":"Nicolas Jacquemard"},"description":"Passionn\u00e9 de sport et entrepreneur depuis mes 18 ans, la cr\u00e9ation de Dicodusport m'a sembl\u00e9 \u00e9vidente pour participer \u00e0 la m\u00e9diatisation d'un plus grand nombre de sports. Le chemin est long mais avec une \u00e9quipe des plus motiv\u00e9es et les Jeux Olympiques de Paris 2024 en point de mire, nous y arriverons ! Journaliste dans le monde du sport depuis plus de 5 ans, je traite aussi bien de football, de rugby, de biathlon que de cyclisme.","sameAs":["https:\/\/www.facebook.com\/dicodusport","https:\/\/x.com\/https:\/\/twitter.com\/Nico_Jacquemard"],"url":"https:\/\/dicodusport.fr\/blog\/author\/dicodusport\/"}]}},"_links":{"self":[{"href":"https:\/\/dicodusport.fr\/blog\/wp-json\/wp\/v2\/posts\/115359","targetHints":{"allow":["GET"]}}],"collection":[{"href":"https:\/\/dicodusport.fr\/blog\/wp-json\/wp\/v2\/posts"}],"about":[{"href":"https:\/\/dicodusport.fr\/blog\/wp-json\/wp\/v2\/types\/post"}],"author":[{"embeddable":true,"href":"https:\/\/dicodusport.fr\/blog\/wp-json\/wp\/v2\/users\/1"}],"replies":[{"embeddable":true,"href":"https:\/\/dicodusport.fr\/blog\/wp-json\/wp\/v2\/comments?post=115359"}],"version-history":[{"count":0,"href":"https:\/\/dicodusport.fr\/blog\/wp-json\/wp\/v2\/posts\/115359\/revisions"}],"wp:featuredmedia":[{"embeddable":true,"href":"https:\/\/dicodusport.fr\/blog\/wp-json\/wp\/v2\/media\/115183"}],"wp:attachment":[{"href":"https:\/\/dicodusport.fr\/blog\/wp-json\/wp\/v2\/media?parent=115359"}],"wp:term":[{"taxonomy":"category","embeddable":true,"href":"https:\/\/dicodusport.fr\/blog\/wp-json\/wp\/v2\/categories?post=115359"},{"taxonomy":"post_tag","embeddable":true,"href":"https:\/\/dicodusport.fr\/blog\/wp-json\/wp\/v2\/tags?post=115359"}],"curies":[{"name":"wp","href":"https:\/\/api.w.org\/{rel}","templated":true}]}}