{"id":115530,"date":"2021-03-21T17:50:20","date_gmt":"2021-03-21T16:50:20","guid":{"rendered":"https:\/\/dicodusport.fr\/blog\/?p=115530&#038;preview=true&#038;preview_id=115530"},"modified":"2021-03-21T18:38:02","modified_gmt":"2021-03-21T17:38:02","slug":"ostersund-simon-desthieux-remporte-mass-start-johannes-boe-sacre","status":"publish","type":"post","link":"https:\/\/dicodusport.fr\/blog\/ostersund-simon-desthieux-remporte-mass-start-johannes-boe-sacre\/","title":{"rendered":"Ostersund : Simon Desthieux remporte la mass start, Johannes Boe est sacr\u00e9 !"},"content":{"rendered":"<p style=\"text-align: justify;\"><strong><em><a href=\"https:\/\/dicodusport.fr\/blog\/biathlon-ostersund-programme-complet-10eme-etape-coupe-du-monde\/\" target=\"_blank\" rel=\"noopener\">BIATHLON &#8211; OSTERSUND<\/a> &#8211; Incroyable ! Simon Desthieux a remport\u00e9 ce dimanche la derni\u00e8re course de la saison, la mass start des finales d&rsquo;Ostersund ! Troisi\u00e8me, Johannes Boe enl\u00e8ve un 3\u00e8me gros globe de cristal de rang.\u00a0<\/em><\/strong><\/p>\n<p style=\"text-align: justify;\">Quel d\u00e9nouement ! Imaginez un peu ! Vainqueur du premier sprint de Nove Mesto d\u00e9but mars, sa premi\u00e8re victoire en Coupe du monde depuis qu&rsquo;il est arriv\u00e9 sur le circuit en 2012, <strong>Simon Desthieux<\/strong> a obtenu un second succ\u00e8s en 15 jours ce dimanche, en remportant la mass start, LA Course des Rois ! Avec un temps plus cl\u00e9ment et un vent qui s&rsquo;est calm\u00e9, le natif de l&rsquo;Ain a \u00e9t\u00e9 excellent sur le pas de tir, avec un 18\/20 derri\u00e8re la carabine. Il devance de 9 secondes le Russe <strong>Eduard Latypov<\/strong>, qui \u00e9tait ressorti en t\u00eate \u00e0 l&rsquo;issue du dernier tir, avant de se faire avaler par le Fran\u00e7ais. Derri\u00e8re, <strong>Johannes Boe<\/strong> a tenu bon.<\/p>\n<blockquote class=\"twitter-tweet\">\n<p dir=\"ltr\" lang=\"fr\">\u00c9norme Simon Desthieux qui remporte la derni\u00e8re course de la saison ! &#x1f4aa;&#x1f1eb;&#x1f1f7; <a href=\"https:\/\/twitter.com\/hashtag\/lequipeBIATHLON?src=hash&amp;ref_src=twsrc%5Etfw\">#lequipeBIATHLON<\/a> <a href=\"https:\/\/t.co\/UqA2h5o473\">pic.twitter.com\/UqA2h5o473<\/a><\/p>\n<p>\u2014 la chaine L&rsquo;\u00c9quipe (@lachainelequipe) <a href=\"https:\/\/twitter.com\/lachainelequipe\/status\/1373678826673278988?ref_src=twsrc%5Etfw\">March 21, 2021<\/a><\/p><\/blockquote>\n<p><script async src=\"https:\/\/platform.twitter.com\/widgets.js\" charset=\"utf-8\"><\/script><\/p>\n<h2 style=\"text-align: justify;\"><strong>Johannes Boe \u00e0 l&rsquo;exp\u00e9rience<\/strong><\/h2>\n<p style=\"text-align: justify;\">On le disait en position d\u00e9favorable face \u00e0 son jeune compatriote <strong>Sturla Laegreid<\/strong>. Mais \u00e0 l&rsquo;exp\u00e9rience, <strong>Johannes Boe<\/strong> est parvenu \u00e0 d\u00e9crocher un troisi\u00e8me gros globe de rang. \u00c0 la faute sur le premier tir couch\u00e9, le cadet des fr\u00e8res Boe voyait <strong>Laegreid<\/strong>, auteur d&rsquo;un sans-faute, partir vers le Graal. La suite ? Toujours aussi rapide sur les skis, le double tenant du titre recollait \u00e0 l&rsquo;amorce du premier tir couch\u00e9. <strong>Laegreid<\/strong> \u00e0 la faute, <strong>Johannes Boe<\/strong> faisait le plein et se pr\u00e9sentait en position de force sur l&rsquo;ultime tir de la saison. Malgr\u00e9 une faute, Boe pouvait savourer dans le dernier tour, puisque <strong>Sturla Laegreid<\/strong> allait tourner deux fois.<\/p>\n<p style=\"text-align: justify;\">Troisi\u00e8me sur la ligne, <strong>Johannes Boe<\/strong> a montr\u00e9 que le patron, c&rsquo;\u00e9tait bien lui. Cerise sur le g\u00e2teau, son grand fr\u00e8re, Tarjei, sixi\u00e8me aujourd&rsquo;hui, s&rsquo;adjuge le petit globe de la mass start. La coupe est pleine.<\/p>\n<h2 style=\"text-align: justify;\">Le classement des Fran\u00e7ais<\/h2>\n<p style=\"text-align: justify;\"><strong>1. Simon Desthieux<\/strong> en 35:43.7 &#8211; 18\/20 au tir (0-1-1-0)<br \/>\n<strong>11. Antonin Guigonnat<\/strong> \u00e0 1:00.6 &#8211; 15\/20 au tir (1-0-0-4)<br \/>\n<strong>12. Quentin Fillon Maillet<\/strong> \u00e0 1:01.1 &#8211; 15\/20 au tir (3-1-1-0)<br \/>\n<strong>14. \u00c9milien Jacquelin<\/strong> \u00e0 1:04.5 &#8211; 16\/20 au tir (2-2-0-0)<br \/>\n<strong>23. Fabien Claude<\/strong> \u00e0 1:55.7 &#8211; 14\/20 au tir (3-0-1-2)<\/p>\n<h2 style=\"text-align: justify;\">\u00c0 lire aussi<\/h2>\n<ul style=\"text-align: justify;\">\n<li><a href=\"https:\/\/dicodusport.fr\/blog\/biathlon-ostersund-classement-mass-start-hommes\/\" target=\"_blank\" rel=\"noopener\"><strong>Ostersund : le classement de la mass start hommes<\/strong><\/a><\/li>\n<li><a href=\"https:\/\/dicodusport.fr\/blog\/biathlon-coupe-du-monde-2020-2021-classement-general-hommes\/\" target=\"_blank\" rel=\"noopener\"><strong>Biathlon \u2013 Coupe du monde 2020\/2021 : le classement g\u00e9n\u00e9ral hommes<\/strong><\/a><\/li>\n<\/ul>\n<p style=\"text-align: justify;\"><strong><em>Dicodusport<br \/>\n<a href=\"https:\/\/www.facebook.com\/dicodusport\/\" target=\"_blank\" rel=\"noopener noreferrer\"><img loading=\"lazy\" decoding=\"async\" class=\"alignnone wp-image-2909\" src=\"http:\/\/dicodusport.fr\/blog\/wp-content\/uploads\/2017\/07\/logo-facebook-150x150.png\" alt=\"\" width=\"40\" height=\"40\" \/><\/a><a href=\"https:\/\/twitter.com\/dicodusport\" target=\"_blank\" rel=\"noopener noreferrer\"><img loading=\"lazy\" decoding=\"async\" class=\"alignnone wp-image-2908\" src=\"http:\/\/dicodusport.fr\/blog\/wp-content\/uploads\/2017\/07\/logo-twitter-150x150.png\" alt=\"\" width=\"39\" height=\"39\" \/><\/a><\/em><\/strong><\/p>\n","protected":false},"excerpt":{"rendered":"<p>BIATHLON &#8211; OSTERSUND &#8211; Incroyable ! Simon Desthieux a remport\u00e9 ce dimanche la derni\u00e8re course de la saison, la mass start des finales d&rsquo;Ostersund ! Troisi\u00e8me, Johannes Boe enl\u00e8ve un 3\u00e8me gros globe de cristal de rang.<\/p>\n","protected":false},"author":4,"featured_media":115562,"comment_status":"open","ping_status":"closed","sticky":false,"template":"","format":"standard","meta":{"_acf_changed":false,"_daextam_enable_autolinks":"","footnotes":""},"categories":[47040],"tags":[15220,24],"class_list":["post-115530","post","type-post","status-publish","format-standard","has-post-thumbnail","hentry","category-coupe-du-monde-de-biathlon","tag-biathlon-ostersund","tag-sport"],"acf":[],"yoast_head":"<!-- This site is optimized with the Yoast SEO Premium plugin v26.7 (Yoast SEO v26.7) - https:\/\/yoast.com\/wordpress\/plugins\/seo\/ -->\n<title>Ostersund : Simon Desthieux remporte la mass start, Johannes Boe est sacr\u00e9 !<\/title>\n<meta name=\"description\" content=\"BIATHLON - OSTERSUND - Incroyable ! Simon Desthieux a remport\u00e9 ce dimanche la derni\u00e8re course de la saison, la mass start des finales d&#039;Ostersund !\" \/>\n<meta name=\"robots\" content=\"index, follow, max-snippet:-1, max-image-preview:large, max-video-preview:-1\" \/>\n<link rel=\"canonical\" href=\"https:\/\/dicodusport.fr\/blog\/ostersund-simon-desthieux-remporte-mass-start-johannes-boe-sacre\/\" \/>\n<meta property=\"og:locale\" content=\"fr_FR\" \/>\n<meta property=\"og:type\" content=\"article\" \/>\n<meta property=\"og:title\" content=\"Ostersund : Simon Desthieux remporte la mass start, Johannes Boe est sacr\u00e9 !\" \/>\n<meta property=\"og:description\" content=\"BIATHLON - OSTERSUND - Incroyable ! Simon Desthieux a remport\u00e9 ce dimanche la derni\u00e8re course de la saison, la mass start des finales d&#039;Ostersund !\" \/>\n<meta property=\"og:url\" content=\"https:\/\/dicodusport.fr\/blog\/ostersund-simon-desthieux-remporte-mass-start-johannes-boe-sacre\/\" \/>\n<meta property=\"og:site_name\" content=\"Dicodusport\" \/>\n<meta property=\"article:publisher\" content=\"https:\/\/www.facebook.com\/dicodusport\" \/>\n<meta property=\"article:author\" content=\"https:\/\/www.facebook.com\/florent.ostermann\" \/>\n<meta property=\"article:published_time\" content=\"2021-03-21T16:50:20+00:00\" \/>\n<meta property=\"article:modified_time\" content=\"2021-03-21T17:38:02+00:00\" \/>\n<meta property=\"og:image\" content=\"https:\/\/dicodusport.fr\/blog\/wp-content\/uploads\/2021\/03\/Ostersund-Simon-Desthieux-remporte-la-mass-start-Johannes-Boe-est-sacre-.png\" \/>\n\t<meta property=\"og:image:width\" content=\"800\" \/>\n\t<meta property=\"og:image:height\" content=\"445\" \/>\n\t<meta property=\"og:image:type\" content=\"image\/png\" \/>\n<meta name=\"author\" content=\"Flo Ostermann\" \/>\n<meta name=\"twitter:card\" content=\"summary_large_image\" \/>\n<meta name=\"twitter:title\" content=\"Ostersund : Simon Desthieux remporte la mass start, Johannes Boe est sacr\u00e9 !\" \/>\n<meta name=\"twitter:creator\" content=\"@https:\/\/twitter.com\/FlOstermann\" \/>\n<meta name=\"twitter:site\" content=\"@dicodusport\" \/>\n<script type=\"application\/ld+json\" class=\"yoast-schema-graph\">{\"@context\":\"https:\/\/schema.org\",\"@graph\":[{\"@type\":\"NewsArticle\",\"@id\":\"https:\/\/dicodusport.fr\/blog\/ostersund-simon-desthieux-remporte-mass-start-johannes-boe-sacre\/#article\",\"isPartOf\":{\"@id\":\"https:\/\/dicodusport.fr\/blog\/ostersund-simon-desthieux-remporte-mass-start-johannes-boe-sacre\/\"},\"author\":{\"name\":\"Flo Ostermann\",\"@id\":\"https:\/\/dicodusport.fr\/blog\/#\/schema\/person\/cb02af4c173ce4a653b55e9baf388d4a\"},\"headline\":\"Ostersund : Simon Desthieux remporte la mass start, Johannes Boe est sacr\u00e9 !\",\"datePublished\":\"2021-03-21T16:50:20+00:00\",\"dateModified\":\"2021-03-21T17:38:02+00:00\",\"mainEntityOfPage\":{\"@id\":\"https:\/\/dicodusport.fr\/blog\/ostersund-simon-desthieux-remporte-mass-start-johannes-boe-sacre\/\"},\"wordCount\":434,\"commentCount\":0,\"publisher\":{\"@id\":\"https:\/\/dicodusport.fr\/blog\/#organization\"},\"image\":{\"@id\":\"https:\/\/dicodusport.fr\/blog\/ostersund-simon-desthieux-remporte-mass-start-johannes-boe-sacre\/#primaryimage\"},\"thumbnailUrl\":\"https:\/\/dicodusport.fr\/blog\/wp-content\/uploads\/2021\/03\/Ostersund-Simon-Desthieux-remporte-la-mass-start-Johannes-Boe-est-sacre-.png\",\"keywords\":[\"Biathlon Ostersund\",\"sport\"],\"articleSection\":[\"Coupe du monde de biathlon\"],\"inLanguage\":\"fr-FR\",\"potentialAction\":[{\"@type\":\"CommentAction\",\"name\":\"Comment\",\"target\":[\"https:\/\/dicodusport.fr\/blog\/ostersund-simon-desthieux-remporte-mass-start-johannes-boe-sacre\/#respond\"]}],\"copyrightYear\":\"2021\",\"copyrightHolder\":{\"@id\":\"https:\/\/dicodusport.fr\/blog\/#organization\"}},{\"@type\":\"WebPage\",\"@id\":\"https:\/\/dicodusport.fr\/blog\/ostersund-simon-desthieux-remporte-mass-start-johannes-boe-sacre\/\",\"url\":\"https:\/\/dicodusport.fr\/blog\/ostersund-simon-desthieux-remporte-mass-start-johannes-boe-sacre\/\",\"name\":\"Ostersund : Simon Desthieux remporte la mass start, Johannes Boe est sacr\u00e9 !\",\"isPartOf\":{\"@id\":\"https:\/\/dicodusport.fr\/blog\/#website\"},\"primaryImageOfPage\":{\"@id\":\"https:\/\/dicodusport.fr\/blog\/ostersund-simon-desthieux-remporte-mass-start-johannes-boe-sacre\/#primaryimage\"},\"image\":{\"@id\":\"https:\/\/dicodusport.fr\/blog\/ostersund-simon-desthieux-remporte-mass-start-johannes-boe-sacre\/#primaryimage\"},\"thumbnailUrl\":\"https:\/\/dicodusport.fr\/blog\/wp-content\/uploads\/2021\/03\/Ostersund-Simon-Desthieux-remporte-la-mass-start-Johannes-Boe-est-sacre-.png\",\"datePublished\":\"2021-03-21T16:50:20+00:00\",\"dateModified\":\"2021-03-21T17:38:02+00:00\",\"description\":\"BIATHLON - OSTERSUND - Incroyable ! Simon Desthieux a remport\u00e9 ce dimanche la derni\u00e8re course de la saison, la mass start des finales d'Ostersund !\",\"breadcrumb\":{\"@id\":\"https:\/\/dicodusport.fr\/blog\/ostersund-simon-desthieux-remporte-mass-start-johannes-boe-sacre\/#breadcrumb\"},\"inLanguage\":\"fr-FR\",\"potentialAction\":[{\"@type\":\"ReadAction\",\"target\":[\"https:\/\/dicodusport.fr\/blog\/ostersund-simon-desthieux-remporte-mass-start-johannes-boe-sacre\/\"]}]},{\"@type\":\"ImageObject\",\"inLanguage\":\"fr-FR\",\"@id\":\"https:\/\/dicodusport.fr\/blog\/ostersund-simon-desthieux-remporte-mass-start-johannes-boe-sacre\/#primaryimage\",\"url\":\"https:\/\/dicodusport.fr\/blog\/wp-content\/uploads\/2021\/03\/Ostersund-Simon-Desthieux-remporte-la-mass-start-Johannes-Boe-est-sacre-.png\",\"contentUrl\":\"https:\/\/dicodusport.fr\/blog\/wp-content\/uploads\/2021\/03\/Ostersund-Simon-Desthieux-remporte-la-mass-start-Johannes-Boe-est-sacre-.png\",\"width\":800,\"height\":445,\"caption\":\"Ostersund : Simon Desthieux remporte la mass start, Johannes Boe est sacr\u00e9 !\"},{\"@type\":\"BreadcrumbList\",\"@id\":\"https:\/\/dicodusport.fr\/blog\/ostersund-simon-desthieux-remporte-mass-start-johannes-boe-sacre\/#breadcrumb\",\"itemListElement\":[{\"@type\":\"ListItem\",\"position\":1,\"name\":\"Accueil\",\"item\":\"https:\/\/dicodusport.fr\/blog\/\"},{\"@type\":\"ListItem\",\"position\":2,\"name\":\"Ostersund : Simon Desthieux remporte la mass start, Johannes Boe est sacr\u00e9 !\"}]},{\"@type\":\"WebSite\",\"@id\":\"https:\/\/dicodusport.fr\/blog\/#website\",\"url\":\"https:\/\/dicodusport.fr\/blog\/\",\"name\":\"Dicodusport\",\"description\":\"L&#039;encyclop\u00e9die de l&#039;actualit\u00e9 sportive\",\"publisher\":{\"@id\":\"https:\/\/dicodusport.fr\/blog\/#organization\"},\"potentialAction\":[{\"@type\":\"SearchAction\",\"target\":{\"@type\":\"EntryPoint\",\"urlTemplate\":\"https:\/\/dicodusport.fr\/blog\/?s={search_term_string}\"},\"query-input\":{\"@type\":\"PropertyValueSpecification\",\"valueRequired\":true,\"valueName\":\"search_term_string\"}}],\"inLanguage\":\"fr-FR\"},{\"@type\":\"NewsMediaOrganization\",\"@id\":\"https:\/\/dicodusport.fr\/blog\/#organization\",\"name\":\"Dicodusport\",\"url\":\"https:\/\/dicodusport.fr\/blog\/\",\"logo\":{\"@type\":\"ImageObject\",\"inLanguage\":\"fr-FR\",\"@id\":\"https:\/\/dicodusport.fr\/blog\/#\/schema\/logo\/image\/\",\"url\":\"https:\/\/dicodusport.fr\/blog\/wp-content\/uploads\/2020\/06\/cropped-LOGO-DICODUSPORT-2020-SANS-FOND-SANS-TEXTE.png\",\"contentUrl\":\"https:\/\/dicodusport.fr\/blog\/wp-content\/uploads\/2020\/06\/cropped-LOGO-DICODUSPORT-2020-SANS-FOND-SANS-TEXTE.png\",\"width\":512,\"height\":512,\"caption\":\"Dicodusport\"},\"image\":{\"@id\":\"https:\/\/dicodusport.fr\/blog\/#\/schema\/logo\/image\/\"},\"sameAs\":[\"https:\/\/www.facebook.com\/dicodusport\",\"https:\/\/x.com\/dicodusport\",\"https:\/\/www.instagram.com\/dicodusport\/\",\"https:\/\/www.youtube.com\/channel\/UC7V2KZ5sd3htJivAbA4ZG3w\"],\"description\":\"Dicodusport est l'encyclop\u00e9die de l'actualit\u00e9 sportive.\",\"email\":\"bonjour@dicodusport.fr\",\"legalName\":\"DICODUSPORT\",\"foundingDate\":\"2018-01-14\",\"vatID\":\"FR71834470973\",\"taxID\":\"83447097300043\",\"numberOfEmployees\":{\"@type\":\"QuantitativeValue\",\"minValue\":\"1\",\"maxValue\":\"10\"}},{\"@type\":\"Person\",\"@id\":\"https:\/\/dicodusport.fr\/blog\/#\/schema\/person\/cb02af4c173ce4a653b55e9baf388d4a\",\"name\":\"Flo Ostermann\",\"image\":{\"@type\":\"ImageObject\",\"inLanguage\":\"fr-FR\",\"@id\":\"https:\/\/dicodusport.fr\/blog\/#\/schema\/person\/image\/\",\"url\":\"https:\/\/dicodusport.fr\/blog\/wp-content\/uploads\/2021\/05\/Flo-Ostermann-150x150.jpg\",\"contentUrl\":\"https:\/\/dicodusport.fr\/blog\/wp-content\/uploads\/2021\/05\/Flo-Ostermann-150x150.jpg\",\"caption\":\"Flo Ostermann\"},\"description\":\"Journaliste\/R\u00e9dacteur depuis septembre 2015 - Mes premiers souvenirs dans le sport ? Les envol\u00e9es du Stade Toulousain et les duels Villeneuve-Schumacher et H\u00e4kkinen-Schumacher \u00e0 la fin des ann\u00e9es 90, la Coupe du monde de football en 1998, l\u2019exploit du XV de France face aux All Blacks en 1999, mais aussi Richard C\u0153ur de Lion qui vole sur les montagnes du Tour de France. Bien parti pour devenir professeur d\u2019EPS, les \u00e9v\u00e9nements de la vie (et la flemme d\u2019animer des s\u00e9ances de 3x500 m\u00e8tres toute ma vie) m\u2019ont conduit \u00e0 revoir mes plans. Me voil\u00e0 depuis fin 2017 sur Dicodusport, m\u00e9dia gr\u00e2ce (et pour) lequel je partage ma passion : le sport dans tous ses \u00e9tats. Le tout accompagn\u00e9 par les fous furieux et folles furieuses cit\u00e9s sur cette page !\",\"sameAs\":[\"https:\/\/www.facebook.com\/florent.ostermann\",\"https:\/\/x.com\/https:\/\/twitter.com\/FlOstermann\",\"admin\"],\"url\":\"https:\/\/dicodusport.fr\/blog\/author\/flo\/\"}]}<\/script>\n<!-- \/ Yoast SEO Premium plugin. -->","yoast_head_json":{"title":"Ostersund : Simon Desthieux remporte la mass start, Johannes Boe est sacr\u00e9 !","description":"BIATHLON - OSTERSUND - Incroyable ! Simon Desthieux a remport\u00e9 ce dimanche la derni\u00e8re course de la saison, la mass start des finales d'Ostersund !","robots":{"index":"index","follow":"follow","max-snippet":"max-snippet:-1","max-image-preview":"max-image-preview:large","max-video-preview":"max-video-preview:-1"},"canonical":"https:\/\/dicodusport.fr\/blog\/ostersund-simon-desthieux-remporte-mass-start-johannes-boe-sacre\/","og_locale":"fr_FR","og_type":"article","og_title":"Ostersund : Simon Desthieux remporte la mass start, Johannes Boe est sacr\u00e9 !","og_description":"BIATHLON - OSTERSUND - Incroyable ! Simon Desthieux a remport\u00e9 ce dimanche la derni\u00e8re course de la saison, la mass start des finales d'Ostersund !","og_url":"https:\/\/dicodusport.fr\/blog\/ostersund-simon-desthieux-remporte-mass-start-johannes-boe-sacre\/","og_site_name":"Dicodusport","article_publisher":"https:\/\/www.facebook.com\/dicodusport","article_author":"https:\/\/www.facebook.com\/florent.ostermann","article_published_time":"2021-03-21T16:50:20+00:00","article_modified_time":"2021-03-21T17:38:02+00:00","og_image":[{"width":800,"height":445,"url":"https:\/\/dicodusport.fr\/blog\/wp-content\/uploads\/2021\/03\/Ostersund-Simon-Desthieux-remporte-la-mass-start-Johannes-Boe-est-sacre-.png","type":"image\/png"}],"author":"Flo Ostermann","twitter_card":"summary_large_image","twitter_title":"Ostersund : Simon Desthieux remporte la mass start, Johannes Boe est sacr\u00e9 !","twitter_creator":"@https:\/\/twitter.com\/FlOstermann","twitter_site":"@dicodusport","schema":{"@context":"https:\/\/schema.org","@graph":[{"@type":"NewsArticle","@id":"https:\/\/dicodusport.fr\/blog\/ostersund-simon-desthieux-remporte-mass-start-johannes-boe-sacre\/#article","isPartOf":{"@id":"https:\/\/dicodusport.fr\/blog\/ostersund-simon-desthieux-remporte-mass-start-johannes-boe-sacre\/"},"author":{"name":"Flo Ostermann","@id":"https:\/\/dicodusport.fr\/blog\/#\/schema\/person\/cb02af4c173ce4a653b55e9baf388d4a"},"headline":"Ostersund : Simon Desthieux remporte la mass start, Johannes Boe est sacr\u00e9 !","datePublished":"2021-03-21T16:50:20+00:00","dateModified":"2021-03-21T17:38:02+00:00","mainEntityOfPage":{"@id":"https:\/\/dicodusport.fr\/blog\/ostersund-simon-desthieux-remporte-mass-start-johannes-boe-sacre\/"},"wordCount":434,"commentCount":0,"publisher":{"@id":"https:\/\/dicodusport.fr\/blog\/#organization"},"image":{"@id":"https:\/\/dicodusport.fr\/blog\/ostersund-simon-desthieux-remporte-mass-start-johannes-boe-sacre\/#primaryimage"},"thumbnailUrl":"https:\/\/dicodusport.fr\/blog\/wp-content\/uploads\/2021\/03\/Ostersund-Simon-Desthieux-remporte-la-mass-start-Johannes-Boe-est-sacre-.png","keywords":["Biathlon Ostersund","sport"],"articleSection":["Coupe du monde de biathlon"],"inLanguage":"fr-FR","potentialAction":[{"@type":"CommentAction","name":"Comment","target":["https:\/\/dicodusport.fr\/blog\/ostersund-simon-desthieux-remporte-mass-start-johannes-boe-sacre\/#respond"]}],"copyrightYear":"2021","copyrightHolder":{"@id":"https:\/\/dicodusport.fr\/blog\/#organization"}},{"@type":"WebPage","@id":"https:\/\/dicodusport.fr\/blog\/ostersund-simon-desthieux-remporte-mass-start-johannes-boe-sacre\/","url":"https:\/\/dicodusport.fr\/blog\/ostersund-simon-desthieux-remporte-mass-start-johannes-boe-sacre\/","name":"Ostersund : Simon Desthieux remporte la mass start, Johannes Boe est sacr\u00e9 !","isPartOf":{"@id":"https:\/\/dicodusport.fr\/blog\/#website"},"primaryImageOfPage":{"@id":"https:\/\/dicodusport.fr\/blog\/ostersund-simon-desthieux-remporte-mass-start-johannes-boe-sacre\/#primaryimage"},"image":{"@id":"https:\/\/dicodusport.fr\/blog\/ostersund-simon-desthieux-remporte-mass-start-johannes-boe-sacre\/#primaryimage"},"thumbnailUrl":"https:\/\/dicodusport.fr\/blog\/wp-content\/uploads\/2021\/03\/Ostersund-Simon-Desthieux-remporte-la-mass-start-Johannes-Boe-est-sacre-.png","datePublished":"2021-03-21T16:50:20+00:00","dateModified":"2021-03-21T17:38:02+00:00","description":"BIATHLON - OSTERSUND - Incroyable ! Simon Desthieux a remport\u00e9 ce dimanche la derni\u00e8re course de la saison, la mass start des finales d'Ostersund !","breadcrumb":{"@id":"https:\/\/dicodusport.fr\/blog\/ostersund-simon-desthieux-remporte-mass-start-johannes-boe-sacre\/#breadcrumb"},"inLanguage":"fr-FR","potentialAction":[{"@type":"ReadAction","target":["https:\/\/dicodusport.fr\/blog\/ostersund-simon-desthieux-remporte-mass-start-johannes-boe-sacre\/"]}]},{"@type":"ImageObject","inLanguage":"fr-FR","@id":"https:\/\/dicodusport.fr\/blog\/ostersund-simon-desthieux-remporte-mass-start-johannes-boe-sacre\/#primaryimage","url":"https:\/\/dicodusport.fr\/blog\/wp-content\/uploads\/2021\/03\/Ostersund-Simon-Desthieux-remporte-la-mass-start-Johannes-Boe-est-sacre-.png","contentUrl":"https:\/\/dicodusport.fr\/blog\/wp-content\/uploads\/2021\/03\/Ostersund-Simon-Desthieux-remporte-la-mass-start-Johannes-Boe-est-sacre-.png","width":800,"height":445,"caption":"Ostersund : Simon Desthieux remporte la mass start, Johannes Boe est sacr\u00e9 !"},{"@type":"BreadcrumbList","@id":"https:\/\/dicodusport.fr\/blog\/ostersund-simon-desthieux-remporte-mass-start-johannes-boe-sacre\/#breadcrumb","itemListElement":[{"@type":"ListItem","position":1,"name":"Accueil","item":"https:\/\/dicodusport.fr\/blog\/"},{"@type":"ListItem","position":2,"name":"Ostersund : Simon Desthieux remporte la mass start, Johannes Boe est sacr\u00e9 !"}]},{"@type":"WebSite","@id":"https:\/\/dicodusport.fr\/blog\/#website","url":"https:\/\/dicodusport.fr\/blog\/","name":"Dicodusport","description":"L&#039;encyclop\u00e9die de l&#039;actualit\u00e9 sportive","publisher":{"@id":"https:\/\/dicodusport.fr\/blog\/#organization"},"potentialAction":[{"@type":"SearchAction","target":{"@type":"EntryPoint","urlTemplate":"https:\/\/dicodusport.fr\/blog\/?s={search_term_string}"},"query-input":{"@type":"PropertyValueSpecification","valueRequired":true,"valueName":"search_term_string"}}],"inLanguage":"fr-FR"},{"@type":"NewsMediaOrganization","@id":"https:\/\/dicodusport.fr\/blog\/#organization","name":"Dicodusport","url":"https:\/\/dicodusport.fr\/blog\/","logo":{"@type":"ImageObject","inLanguage":"fr-FR","@id":"https:\/\/dicodusport.fr\/blog\/#\/schema\/logo\/image\/","url":"https:\/\/dicodusport.fr\/blog\/wp-content\/uploads\/2020\/06\/cropped-LOGO-DICODUSPORT-2020-SANS-FOND-SANS-TEXTE.png","contentUrl":"https:\/\/dicodusport.fr\/blog\/wp-content\/uploads\/2020\/06\/cropped-LOGO-DICODUSPORT-2020-SANS-FOND-SANS-TEXTE.png","width":512,"height":512,"caption":"Dicodusport"},"image":{"@id":"https:\/\/dicodusport.fr\/blog\/#\/schema\/logo\/image\/"},"sameAs":["https:\/\/www.facebook.com\/dicodusport","https:\/\/x.com\/dicodusport","https:\/\/www.instagram.com\/dicodusport\/","https:\/\/www.youtube.com\/channel\/UC7V2KZ5sd3htJivAbA4ZG3w"],"description":"Dicodusport est l'encyclop\u00e9die de l'actualit\u00e9 sportive.","email":"bonjour@dicodusport.fr","legalName":"DICODUSPORT","foundingDate":"2018-01-14","vatID":"FR71834470973","taxID":"83447097300043","numberOfEmployees":{"@type":"QuantitativeValue","minValue":"1","maxValue":"10"}},{"@type":"Person","@id":"https:\/\/dicodusport.fr\/blog\/#\/schema\/person\/cb02af4c173ce4a653b55e9baf388d4a","name":"Flo Ostermann","image":{"@type":"ImageObject","inLanguage":"fr-FR","@id":"https:\/\/dicodusport.fr\/blog\/#\/schema\/person\/image\/","url":"https:\/\/dicodusport.fr\/blog\/wp-content\/uploads\/2021\/05\/Flo-Ostermann-150x150.jpg","contentUrl":"https:\/\/dicodusport.fr\/blog\/wp-content\/uploads\/2021\/05\/Flo-Ostermann-150x150.jpg","caption":"Flo Ostermann"},"description":"Journaliste\/R\u00e9dacteur depuis septembre 2015 - Mes premiers souvenirs dans le sport ? Les envol\u00e9es du Stade Toulousain et les duels Villeneuve-Schumacher et H\u00e4kkinen-Schumacher \u00e0 la fin des ann\u00e9es 90, la Coupe du monde de football en 1998, l\u2019exploit du XV de France face aux All Blacks en 1999, mais aussi Richard C\u0153ur de Lion qui vole sur les montagnes du Tour de France. Bien parti pour devenir professeur d\u2019EPS, les \u00e9v\u00e9nements de la vie (et la flemme d\u2019animer des s\u00e9ances de 3x500 m\u00e8tres toute ma vie) m\u2019ont conduit \u00e0 revoir mes plans. Me voil\u00e0 depuis fin 2017 sur Dicodusport, m\u00e9dia gr\u00e2ce (et pour) lequel je partage ma passion : le sport dans tous ses \u00e9tats. Le tout accompagn\u00e9 par les fous furieux et folles furieuses cit\u00e9s sur cette page !","sameAs":["https:\/\/www.facebook.com\/florent.ostermann","https:\/\/x.com\/https:\/\/twitter.com\/FlOstermann","admin"],"url":"https:\/\/dicodusport.fr\/blog\/author\/flo\/"}]}},"_links":{"self":[{"href":"https:\/\/dicodusport.fr\/blog\/wp-json\/wp\/v2\/posts\/115530","targetHints":{"allow":["GET"]}}],"collection":[{"href":"https:\/\/dicodusport.fr\/blog\/wp-json\/wp\/v2\/posts"}],"about":[{"href":"https:\/\/dicodusport.fr\/blog\/wp-json\/wp\/v2\/types\/post"}],"author":[{"embeddable":true,"href":"https:\/\/dicodusport.fr\/blog\/wp-json\/wp\/v2\/users\/4"}],"replies":[{"embeddable":true,"href":"https:\/\/dicodusport.fr\/blog\/wp-json\/wp\/v2\/comments?post=115530"}],"version-history":[{"count":0,"href":"https:\/\/dicodusport.fr\/blog\/wp-json\/wp\/v2\/posts\/115530\/revisions"}],"wp:featuredmedia":[{"embeddable":true,"href":"https:\/\/dicodusport.fr\/blog\/wp-json\/wp\/v2\/media\/115562"}],"wp:attachment":[{"href":"https:\/\/dicodusport.fr\/blog\/wp-json\/wp\/v2\/media?parent=115530"}],"wp:term":[{"taxonomy":"category","embeddable":true,"href":"https:\/\/dicodusport.fr\/blog\/wp-json\/wp\/v2\/categories?post=115530"},{"taxonomy":"post_tag","embeddable":true,"href":"https:\/\/dicodusport.fr\/blog\/wp-json\/wp\/v2\/tags?post=115530"}],"curies":[{"name":"wp","href":"https:\/\/api.w.org\/{rel}","templated":true}]}}