{"id":115638,"date":"2021-03-24T16:22:18","date_gmt":"2021-03-24T15:22:18","guid":{"rendered":"https:\/\/dicodusport.fr\/blog\/?p=115638"},"modified":"2021-03-24T19:57:19","modified_gmt":"2021-03-24T18:57:19","slug":"preview-f1-2021-aston-martin-vise-le-podium","status":"publish","type":"post","link":"https:\/\/dicodusport.fr\/blog\/preview-f1-2021-aston-martin-vise-le-podium\/","title":{"rendered":"Preview F1 2021 : Aston Martin vise le podium"},"content":{"rendered":"<p style=\"text-align: justify;\"><em><strong><a href=\"https:\/\/dicodusport.fr\/blog\/actualites\/sports-mecaniques\/formule-1\/f1-2021\/\" target=\"_blank\" rel=\"noopener\">F1 2021<\/a> &#8211; Apr\u00e8s une saison 2020 en demi-teinte, marqu\u00e9e par une belle place au classement mais une pol\u00e9mique sur ses voitures, Racing Point, nouvellement Aston Martin veut continuer \u00e0 viser les sommets. Avec la venue de S\u00e9bastian Vettel et le potentiel de Lance Stroll, la r\u00e9daction aborde les objectifs de l&rsquo;\u00e9curie anglaise en 2021.\u00a0<\/strong><\/em><\/p>\n<h2 style=\"text-align: justify;\">Palmar\u00e8s :<\/h2>\n<p style=\"text-align: justify;\">0 titre constructeur<br \/>\n0 titre pilote<br \/>\n47 GP, 1 victoire, 4 podiums<br \/>\n4\u00e8me du championnat 2020 avec 195 points<\/p>\n<h2 style=\"text-align: justify;\">Aston Martin, objectif Top 3<\/h2>\n<p style=\"text-align: justify;\">Pour sa premi\u00e8re saison sous cette d\u00e9nomination, <strong>Aston<\/strong> <strong>Martin<\/strong> <em>(ex-<strong>Racing<\/strong> <strong>Point<\/strong>)<\/em> esp\u00e8re faire au moins aussi bien que la saison pass\u00e9e. En 2020, les hommes de <strong>Lawrence Stroll\u00a0<\/strong>se sont adjug\u00e9s une belle quatri\u00e8me place au championnat, avec 4 podiums et une victoire. En d\u00e9cembre, au GP de Sakhir, c&rsquo;est <strong>Sergio Perez<\/strong> qui signait la premi\u00e8re victoire de l&rsquo;histoire de l&rsquo;\u00e9curie. En 2020, le Mexicain a tenu la baraque, en signant la quatri\u00e8me place au championnat avec 125 points, cinquante de plus que <strong>Lance Stroll<\/strong>. Le Canadien n&rsquo;a pas \u00e9t\u00e9 verni par les accidents, souvent caus\u00e9s par autrui.<\/p>\n<p style=\"text-align: justify;\">Mais bien au-del\u00e0 des performances en piste, <strong>Racing Point<\/strong> a \u00e9t\u00e9 au centre de LA pol\u00e9mique. L&rsquo;\u00e9curie bas\u00e9e \u00e0 Silverstone, s&rsquo;est vue reprocher d&rsquo;avoir une monoplace extr\u00eamement similaire \u00e0 la <strong>Mercedes<\/strong> championne du monde 2019. Les concurrents directs, <strong>Renault<\/strong>, <strong>McLaren<\/strong>, <strong>Red<\/strong> <strong>Bull<\/strong>, sont rapidement mont\u00e9s au cr\u00e9neau pour r\u00e9clamer justice. Ils ont fini par \u00eatre entendus, puisque les <em>panth\u00e8res roses <\/em>ont \u00e9cop\u00e9 de 400 000 \u20ac d&rsquo;amende et d&rsquo;un retrait de 15 points, pour avoir recopi\u00e9 les \u00e9copes de freins allemandes. 15 petits points qui ont co\u00fbt\u00e9 tr\u00e8s cher en fin de saison. L&rsquo;\u00e9curie britannique a en effet \u00e9t\u00e9 coiff\u00e9e au poteau par <strong>McLaren<\/strong> lors du dernier Grand Prix. A Abu Dhabi, <strong>Racing Point<\/strong> a subi un 18 points \u00e0 1 face \u00e0 son adversaire, et a conc\u00e9d\u00e9 sa place sur le podium pour\u2026 sept unit\u00e9s. Une frustration, qui devrait \u00eatre source de motivation cette saison.<\/p>\n<p style=\"text-align: justify;\">Cette saison, en rachetant les parts d&rsquo;<strong>Aston<\/strong> <strong>Martin<\/strong>, <strong>Lawrence Stroll<\/strong> veut faire \u00e0 nouveau rayonner <strong>Aston<\/strong> <strong>Martin<\/strong>. Une marque historique et prestigieuse, qui n&rsquo;a pas marqu\u00e9 les esprits en F1 &#8211; 5 GP en 1959 et 1960 &#8211; mais qui postule \u00e0 une place sur le devant de la sc\u00e8ne. Pour ce faire, le boss canadien accueille un nouveau bin\u00f4me. Malgr\u00e9 des performances quelque peu insuffisantes, <strong>Lance<\/strong> <strong>Stroll<\/strong> (22 ans) a \u00e9t\u00e9 confirm\u00e9 au sein de l&rsquo;\u00e9curie de son p\u00e8re. <strong>Sergio Perez<\/strong> lui, n&rsquo;a pas prolong\u00e9 son contrat et est remplac\u00e9 par <strong>S\u00e9bastian Vettel <\/strong>(33 ans), en fin de contrat chez Ferrari. Un gros coup pour l&rsquo;\u00e9curie, qui va offrir de la visibilit\u00e9 au projet, avec la venue d&rsquo;un quadruple champion du monde. Mais au-del\u00e0 du prestige, <strong>Lawrence Stroll<\/strong> fait aussi le pari de relancer Vettel, \u00e0 la peine avec sa <strong>Ferrari<\/strong> l&rsquo;ann\u00e9e pass\u00e9e. L&rsquo;exp\u00e9rience de l&rsquo;Allemand, additionn\u00e9e \u00e0 un <strong>Lance<\/strong> <strong>Stroll<\/strong> plus r\u00e9gulier et une monoplace toujours fiable, devrait tirer l&rsquo;\u00e9quipe vers le haut, et c&rsquo;est parfaitement ce que recherche\u00a0<strong>Aston Martin<\/strong>. Alors, cette saison, l&rsquo;objectif est clair. Prendre sa revanche sur <strong>McLaren<\/strong>, et pr\u00e9tendre \u00e0 une place dans le Top 3 au championnat constructeur.<\/p>\n<p style=\"text-align: justify;\"><strong>Notre pronostic :\u00a0<\/strong>Aston Martin d\u00e9crochera au moins une victoire et montera au moins 3 fois sur le podium. L&rsquo;\u00e9curie bataillera toute la saison mais devrait avoir du mal \u00e0 \u00e9carter la concurrence pour grimper sur le podium constructeur.<\/p>\n<blockquote class=\"twitter-tweet\">\n<p dir=\"ltr\" lang=\"en\">Shall we change it up a little? Who&rsquo;s in the mood for something a little more&#8230; Aesthetic. &#x1f5a4;&#x1f90d; <a href=\"https:\/\/twitter.com\/hashtag\/WallpaperWednesday?src=hash&amp;ref_src=twsrc%5Etfw\">#WallpaperWednesday<\/a> <a href=\"https:\/\/t.co\/OhjN4FYDwG\">pic.twitter.com\/OhjN4FYDwG<\/a><\/p>\n<p>\u2014 Aston Martin Cognizant F1 Team (@AstonMartinF1) <a href=\"https:\/\/twitter.com\/AstonMartinF1\/status\/1372201316785750022?ref_src=twsrc%5Etfw\">March 17, 2021<\/a><\/p><\/blockquote>\n<p><script async src=\"https:\/\/platform.twitter.com\/widgets.js\" charset=\"utf-8\"><\/script><\/p>\n<hr \/>\n<h2 style=\"text-align: justify;\">Qu&rsquo;attendre de Sebastian Vettel et Lance Stroll ?<\/h2>\n<h3 style=\"text-align: justify;\"><strong>S\u00e9bastian Vettel : retrouver son costume d&rsquo;antan<\/strong><\/h3>\n<p style=\"text-align: justify;\">A-t-on vraiment besoin de pr\u00e9senter <strong>S\u00e9bastian<\/strong> <strong>Vettel<\/strong> ? L&rsquo;Allemand est consid\u00e9r\u00e9 comme l&rsquo;un des meilleurs dans l&rsquo;histoire de la discipline. Et son palmar\u00e8s parle pour lui. 4 titres de champion du monde (2010, 2011, 2012, 2013), 53 victoires, 121 podiums. Mais la saison pass\u00e9e, <strong>Vettel<\/strong> a r\u00e9alis\u00e9 la pire saison de sa carri\u00e8re en Formule 1, en terminant 13\u00e8me avec 33 points.<\/p>\n<p style=\"text-align: justify;\">L&rsquo;Allemand a \u00e9t\u00e9 aux abonn\u00e9s absents en 2020, la faute certes \u00e0 une voiture d\u00e9faillante, mais pas que. Le plus jeune champion du monde de l&rsquo;histoire a subi un 13-4 par <strong>Leclerc<\/strong> en qualifications. Le dimanche, lorsque les deux monoplaces ont franchi le drapeau \u00e0 damier, <strong>Vettel<\/strong> s&rsquo;est class\u00e9 seulement 3 fois devant le Mon\u00e9gasque, contre 10 pour Leclerc. Mais en dehors du point de vue comptable, l&rsquo;ancien de chez <strong>Red Bull <\/strong>a surtout sembl\u00e9 d\u00e9sabus\u00e9, d\u00e9motiv\u00e9 en 2020. La d\u00e9cision de <strong>Ferrari, <\/strong>de ne pas le conserver, a certainement jou\u00e9 un r\u00f4le, mais 2020 a sembl\u00e9 un interminable chemin de croix pour <strong>Vettel<\/strong>. Cette saison catastrophique a aussi et surtout marqu\u00e9 la fin de six ann\u00e9es en dents de scie entre le pilote et <strong>Ferrari<\/strong>.<\/p>\n<p style=\"text-align: justify;\">Alors <strong>Vettel<\/strong> peut-il se relancer au volant de son <strong>Aston<\/strong> <strong>Martin<\/strong> ? La r\u00e9ponse semble tendre vers un oui, tant il est difficile de faire pire pour un pilote de sa stature. Au sein de l&rsquo;\u00e9curie britannique, le trentenaire devrait retrouver un r\u00f4le de leader, qui pourrait le mettre sur la voie de la confiance. Aussi, les attentes chez <strong>Aston<\/strong> seront moins \u00e9lev\u00e9es que chez <strong>Ferrari<\/strong>. Certes, l&rsquo;objectif du Team est de progresser, de viser le podium. Mais, la pression sera moins pr\u00e9sente que dans la plus prestigieuse \u00e9curie du paddock. Des \u00e9l\u00e9ments qui pourraient bien mettre <strong>Vettel<\/strong> sur orbite en 2021. Avant le d\u00e9but de la saison, le pilote allemand semble avoir retrouv\u00e9 sa motivation, port\u00e9e disparue chez les <em>Rouges.\u00a0<\/em>Et, celui qui n&rsquo;est plus mont\u00e9 sur la premi\u00e8re marche depuis septembre 2019, ne s&rsquo;en cache pas, il est l\u00e0 pour gagner<em>. <\/em>Reste \u00e0 savoir si sa cohabitation avec <strong>Stroll<\/strong> se passera mieux qu&rsquo;avec <strong>Leclerc<\/strong>. Attendons aussi le premier week-end, pour savoir si la monoplace peut permettre \u00e0 B<em>aby Schumi\u00a0<\/em>de retrouver sa splendeur d&rsquo;antan.<\/p>\n<p style=\"text-align: justify;\"><strong>Notre pronostic :\u00a0<\/strong>Vettel peut esp\u00e9rer signer sa 54\u00e8me victoire. Il montera au moins 2 fois sur le podium et terminera devant son co\u00e9quipier.<\/p>\n<div id=\"attachment_116162\" style=\"width: 2058px\" class=\"wp-caption aligncenter\"><img loading=\"lazy\" decoding=\"async\" aria-describedby=\"caption-attachment-116162\" class=\"size-full wp-image-116162\" src=\"https:\/\/dicodusport.fr\/blog\/wp-content\/uploads\/2021\/03\/Sebastian-Vettel-et-Lance-Stroll-Photo-Aston-Martin-F1-Team-scaled.jpg\" alt=\"Sebastian Vettel et Lance Stroll - Photo Aston Martin F1 Team\" width=\"2048\" height=\"2560\" srcset=\"https:\/\/dicodusport.fr\/blog\/wp-content\/uploads\/2021\/03\/Sebastian-Vettel-et-Lance-Stroll-Photo-Aston-Martin-F1-Team-scaled.jpg 2048w, https:\/\/dicodusport.fr\/blog\/wp-content\/uploads\/2021\/03\/Sebastian-Vettel-et-Lance-Stroll-Photo-Aston-Martin-F1-Team-240x300.jpg 240w, https:\/\/dicodusport.fr\/blog\/wp-content\/uploads\/2021\/03\/Sebastian-Vettel-et-Lance-Stroll-Photo-Aston-Martin-F1-Team-819x1024.jpg 819w, https:\/\/dicodusport.fr\/blog\/wp-content\/uploads\/2021\/03\/Sebastian-Vettel-et-Lance-Stroll-Photo-Aston-Martin-F1-Team-768x960.jpg 768w, https:\/\/dicodusport.fr\/blog\/wp-content\/uploads\/2021\/03\/Sebastian-Vettel-et-Lance-Stroll-Photo-Aston-Martin-F1-Team-1229x1536.jpg 1229w, https:\/\/dicodusport.fr\/blog\/wp-content\/uploads\/2021\/03\/Sebastian-Vettel-et-Lance-Stroll-Photo-Aston-Martin-F1-Team-1638x2048.jpg 1638w\" sizes=\"auto, (max-width: 2048px) 100vw, 2048px\" \/><p id=\"caption-attachment-116162\" class=\"wp-caption-text\">Sebastian Vettel et Lance Stroll &#8211; Photo Aston Martin F1 Team<\/p><\/div>\n<h3 style=\"text-align: justify;\"><strong>Lance Stroll : prouver qu&rsquo;il m\u00e9rite sa place\u00a0<\/strong><\/h3>\n<p style=\"text-align: justify;\">Si <strong>Sebastian Vettel<\/strong> n&rsquo;a plus rien \u00e0 prouver en F1, <strong>Lance Stroll,<\/strong> lui, a tout \u00e0 apprendre. A l&rsquo;aube de sa cinqui\u00e8me saison dans l&rsquo;\u00e9lite, le Canadien n&rsquo;a pas encore r\u00e9ussi \u00e0 montrer l&rsquo;\u00e9tendue de son talent. Malgr\u00e9 un podium pour sa premi\u00e8re saison, et deux autres en 2020, le jeune pilote manque encore de r\u00e9gularit\u00e9.<\/p>\n<p style=\"text-align: justify;\">\u00c0 entendre certains, <strong>Lance<\/strong> <strong>Stroll<\/strong> ne doit sa place en F1 qu&rsquo;\u00e0 la fortune de son p\u00e8re, <strong>Lawrence<\/strong> <strong>Stroll<\/strong>, propri\u00e9taire d&rsquo;<strong>Aston<\/strong> <strong>Martin<\/strong>. Pourtant, la r\u00e9alit\u00e9 est toute autre. A 22 ans, le jeune canadien a gravi les \u00e9chelons, un \u00e0 un, \u00e0 la loyale. D\u00e9j\u00e0 \u00e0 neuf ans, <strong>Stroll<\/strong> int\u00e8gre la <strong>Ferrari Driver Academy<\/strong> suite \u00e0 ses performances en karting. En 2014, pour sa premi\u00e8re saison en monoplace, il s&rsquo;adjuge le championnat d&rsquo;Italie de F4, remportant 10 des 17 courses. L&rsquo;ann\u00e9e suivante, il triomphe sur le Toyota Racing Series. En 2016, le natif de Montr\u00e9al enl\u00e8ve le championnat d&rsquo;Europe de F3, notamment devant <strong>George Russell<\/strong>.<\/p>\n<p style=\"text-align: justify;\">A l&rsquo;issue de ce nouveau succ\u00e8s, c&rsquo;est logiquement que <strong>Lance Stroll<\/strong> est nomm\u00e9 titulaire chez <strong>Williams<\/strong>. Avec l&rsquo;\u00e9curie anglaise, il signe son premier podium et devient le plus jeune pilote de l&rsquo;histoire \u00e0 monter sur la boite, au terme d&rsquo;une course compl\u00e8tement folle en Azerba\u00efdjan. Apr\u00e8s une deuxi\u00e8me ann\u00e9e quasi blanche, il se relance en obtenant un baquet chez <strong>Racing Point<\/strong>, alors rachet\u00e9 par son p\u00e8re. Sa premi\u00e8re saison est sans \u00e9clats, mais en 2020, le Canadien a montr\u00e9 de belles choses.\u00a0<strong>Stroll <\/strong>a d&rsquo;abord r\u00e9alis\u00e9 huit premi\u00e8res courses de haute vol\u00e9e en prenant 57 points et en signant une belle troisi\u00e8me place. Les neuf autres courses sont marqu\u00e9es par quatre abandons et seulement 18 points. Le Canadien est finalement sauv\u00e9 par un nouveau podium en fin d&rsquo;ann\u00e9e.<\/p>\n<p style=\"text-align: justify;\">En 2021, <strong>Lance Stroll<\/strong> va devoir gagner en r\u00e9gularit\u00e9. Son talent est ind\u00e9niable mais ne suffira pas \u00e0 compenser ses erreurs encore trop nombreuses. A 22 ans, il va pouvoir apprendre aux c\u00f4t\u00e9s de la l\u00e9gende <strong>Vettel<\/strong>, et devrait \u00e9norm\u00e9ment progresser. Au volant d&rsquo;une monoplace performante, l&rsquo;occasion est parfaite pour faire taire ses d\u00e9tracteurs et pourquoi pas aller chercher une victoire en F1. Un succ\u00e8s que les Canadiens attendent depuis <strong>Jacques Villeneuve<\/strong>&#8230; en 1997.<\/p>\n<p style=\"text-align: justify;\"><strong>Notre pronostic :\u00a0<\/strong>Lance Stroll montera au moins une fois sur le podium et devrait se battre pour rentrer dans le Top 10 au classement pilote. M\u00eame si cela parait compliqu\u00e9, une victoire n&rsquo;est pas totalement \u00e0 exclure.<\/p>\n<h2 style=\"text-align: justify;\">\u00c0 lire aussi<\/h2>\n<ul>\n<li style=\"text-align: justify;\"><strong><a href=\"https:\/\/dicodusport.fr\/blog\/f1-salaires-des-pilotes-en-2021\/\" target=\"_blank\" rel=\"noopener\">Les salaires des pilotes de F1 en 2021<\/a><\/strong><\/li>\n<\/ul>\n<p><strong><em>Antonin Gizolme<br \/>\n<\/em><\/strong><strong><em><a href=\"https:\/\/twitter.com\/AntoninGizolme\" target=\"_blank\" rel=\"noopener noreferrer\"><img loading=\"lazy\" decoding=\"async\" class=\"jetpack-lazy-image jetpack-lazy-image--handled alignnone wp-image-2908\" src=\"https:\/\/i1.wp.com\/dicodusport.fr\/blog\/wp-content\/uploads\/2017\/07\/logo-twitter-150x150.png?resize=39%2C39\" alt=\"\" width=\"39\" height=\"39\" data-lazy-loaded=\"1\" \/><\/a><\/em><\/strong><\/p>\n","protected":false},"excerpt":{"rendered":"<p>F1 2021 &#8211; Apr\u00e8s une saison 2020 en demi-teinte, marqu\u00e9e par une belle place au classement mais une pol\u00e9mique sur ses voitures, Racing Point, nouvellement Aston Martin veut continuer \u00e0 viser les sommets. Avec la venue de S\u00e9bastian Vettel et le potentiel de Lance Stroll, la r\u00e9daction aborde les objectifs de l&rsquo;\u00e9curie anglaise en 2021.\u00a0<\/p>\n","protected":false},"author":51,"featured_media":114539,"comment_status":"open","ping_status":"closed","sticky":false,"template":"","format":"standard","meta":{"_acf_changed":false,"_daextam_enable_autolinks":"","footnotes":""},"categories":[8653],"tags":[11634,3166],"class_list":["post-115638","post","type-post","status-publish","format-standard","has-post-thumbnail","hentry","category-formule-1","tag-aston-martin","tag-f1"],"acf":[],"yoast_head":"<!-- This site is optimized with the Yoast SEO Premium plugin v26.7 (Yoast SEO v26.7) - https:\/\/yoast.com\/wordpress\/plugins\/seo\/ -->\n<title>Preview F1 2021 : Aston Martin vise le podium<\/title>\n<meta name=\"description\" content=\"F1 2021 - Vettel, Stroll, objectif podium(s), d\u00e9couvrez notre preview d&#039;Aston Martin pour la saison 2021.\" \/>\n<meta name=\"robots\" content=\"index, follow, max-snippet:-1, max-image-preview:large, max-video-preview:-1\" \/>\n<link rel=\"canonical\" href=\"https:\/\/dicodusport.fr\/blog\/preview-f1-2021-aston-martin-vise-le-podium\/\" \/>\n<meta property=\"og:locale\" content=\"fr_FR\" \/>\n<meta property=\"og:type\" content=\"article\" \/>\n<meta property=\"og:title\" content=\"Preview F1 2021 : Aston Martin vise le podium\" \/>\n<meta property=\"og:description\" content=\"F1 2021 - Vettel, Stroll, objectif podium(s), d\u00e9couvrez notre preview d&#039;Aston Martin pour la saison 2021.\" \/>\n<meta property=\"og:url\" content=\"https:\/\/dicodusport.fr\/blog\/preview-f1-2021-aston-martin-vise-le-podium\/\" \/>\n<meta property=\"og:site_name\" content=\"Dicodusport\" \/>\n<meta property=\"article:publisher\" content=\"https:\/\/www.facebook.com\/dicodusport\" \/>\n<meta property=\"article:published_time\" content=\"2021-03-24T15:22:18+00:00\" \/>\n<meta property=\"article:modified_time\" content=\"2021-03-24T18:57:19+00:00\" \/>\n<meta property=\"og:image\" content=\"https:\/\/dicodusport.fr\/blog\/wp-content\/uploads\/2021\/03\/Aston-Martin-AMR21.png\" \/>\n\t<meta property=\"og:image:width\" content=\"800\" \/>\n\t<meta property=\"og:image:height\" content=\"445\" \/>\n\t<meta property=\"og:image:type\" content=\"image\/png\" \/>\n<meta name=\"author\" content=\"Antonin Gizolme\" \/>\n<meta name=\"twitter:card\" content=\"summary_large_image\" \/>\n<meta name=\"twitter:title\" content=\"Preview F1 2021 : Aston Martin vise le podium\" \/>\n<meta name=\"twitter:creator\" content=\"@https:\/\/twitter.com\/AntoninGizolme\" \/>\n<meta name=\"twitter:site\" content=\"@dicodusport\" \/>\n<script type=\"application\/ld+json\" class=\"yoast-schema-graph\">{\"@context\":\"https:\/\/schema.org\",\"@graph\":[{\"@type\":\"NewsArticle\",\"@id\":\"https:\/\/dicodusport.fr\/blog\/preview-f1-2021-aston-martin-vise-le-podium\/#article\",\"isPartOf\":{\"@id\":\"https:\/\/dicodusport.fr\/blog\/preview-f1-2021-aston-martin-vise-le-podium\/\"},\"author\":{\"name\":\"Antonin Gizolme\",\"@id\":\"https:\/\/dicodusport.fr\/blog\/#\/schema\/person\/b5f72959ae80a547dcc15f019adf6e0c\"},\"headline\":\"Preview F1 2021 : Aston Martin vise le podium\",\"datePublished\":\"2021-03-24T15:22:18+00:00\",\"dateModified\":\"2021-03-24T18:57:19+00:00\",\"mainEntityOfPage\":{\"@id\":\"https:\/\/dicodusport.fr\/blog\/preview-f1-2021-aston-martin-vise-le-podium\/\"},\"wordCount\":1512,\"commentCount\":0,\"publisher\":{\"@id\":\"https:\/\/dicodusport.fr\/blog\/#organization\"},\"image\":{\"@id\":\"https:\/\/dicodusport.fr\/blog\/preview-f1-2021-aston-martin-vise-le-podium\/#primaryimage\"},\"thumbnailUrl\":\"https:\/\/dicodusport.fr\/blog\/wp-content\/uploads\/2021\/03\/Aston-Martin-AMR21.png\",\"keywords\":[\"Aston Martin\",\"F1\"],\"articleSection\":[\"Formule 1\"],\"inLanguage\":\"fr-FR\",\"potentialAction\":[{\"@type\":\"CommentAction\",\"name\":\"Comment\",\"target\":[\"https:\/\/dicodusport.fr\/blog\/preview-f1-2021-aston-martin-vise-le-podium\/#respond\"]}],\"copyrightYear\":\"2021\",\"copyrightHolder\":{\"@id\":\"https:\/\/dicodusport.fr\/blog\/#organization\"}},{\"@type\":\"WebPage\",\"@id\":\"https:\/\/dicodusport.fr\/blog\/preview-f1-2021-aston-martin-vise-le-podium\/\",\"url\":\"https:\/\/dicodusport.fr\/blog\/preview-f1-2021-aston-martin-vise-le-podium\/\",\"name\":\"Preview F1 2021 : Aston Martin vise le podium\",\"isPartOf\":{\"@id\":\"https:\/\/dicodusport.fr\/blog\/#website\"},\"primaryImageOfPage\":{\"@id\":\"https:\/\/dicodusport.fr\/blog\/preview-f1-2021-aston-martin-vise-le-podium\/#primaryimage\"},\"image\":{\"@id\":\"https:\/\/dicodusport.fr\/blog\/preview-f1-2021-aston-martin-vise-le-podium\/#primaryimage\"},\"thumbnailUrl\":\"https:\/\/dicodusport.fr\/blog\/wp-content\/uploads\/2021\/03\/Aston-Martin-AMR21.png\",\"datePublished\":\"2021-03-24T15:22:18+00:00\",\"dateModified\":\"2021-03-24T18:57:19+00:00\",\"description\":\"F1 2021 - Vettel, Stroll, objectif podium(s), d\u00e9couvrez notre preview d'Aston Martin pour la saison 2021.\",\"breadcrumb\":{\"@id\":\"https:\/\/dicodusport.fr\/blog\/preview-f1-2021-aston-martin-vise-le-podium\/#breadcrumb\"},\"inLanguage\":\"fr-FR\",\"potentialAction\":[{\"@type\":\"ReadAction\",\"target\":[\"https:\/\/dicodusport.fr\/blog\/preview-f1-2021-aston-martin-vise-le-podium\/\"]}]},{\"@type\":\"ImageObject\",\"inLanguage\":\"fr-FR\",\"@id\":\"https:\/\/dicodusport.fr\/blog\/preview-f1-2021-aston-martin-vise-le-podium\/#primaryimage\",\"url\":\"https:\/\/dicodusport.fr\/blog\/wp-content\/uploads\/2021\/03\/Aston-Martin-AMR21.png\",\"contentUrl\":\"https:\/\/dicodusport.fr\/blog\/wp-content\/uploads\/2021\/03\/Aston-Martin-AMR21.png\",\"width\":800,\"height\":445,\"caption\":\"Aston Martin AMR21 - Photo Twitter Aston Martin F1 Team\"},{\"@type\":\"BreadcrumbList\",\"@id\":\"https:\/\/dicodusport.fr\/blog\/preview-f1-2021-aston-martin-vise-le-podium\/#breadcrumb\",\"itemListElement\":[{\"@type\":\"ListItem\",\"position\":1,\"name\":\"Accueil\",\"item\":\"https:\/\/dicodusport.fr\/blog\/\"},{\"@type\":\"ListItem\",\"position\":2,\"name\":\"Preview F1 2021 : Aston Martin vise le podium\"}]},{\"@type\":\"WebSite\",\"@id\":\"https:\/\/dicodusport.fr\/blog\/#website\",\"url\":\"https:\/\/dicodusport.fr\/blog\/\",\"name\":\"Dicodusport\",\"description\":\"L&#039;encyclop\u00e9die de l&#039;actualit\u00e9 sportive\",\"publisher\":{\"@id\":\"https:\/\/dicodusport.fr\/blog\/#organization\"},\"potentialAction\":[{\"@type\":\"SearchAction\",\"target\":{\"@type\":\"EntryPoint\",\"urlTemplate\":\"https:\/\/dicodusport.fr\/blog\/?s={search_term_string}\"},\"query-input\":{\"@type\":\"PropertyValueSpecification\",\"valueRequired\":true,\"valueName\":\"search_term_string\"}}],\"inLanguage\":\"fr-FR\"},{\"@type\":\"NewsMediaOrganization\",\"@id\":\"https:\/\/dicodusport.fr\/blog\/#organization\",\"name\":\"Dicodusport\",\"url\":\"https:\/\/dicodusport.fr\/blog\/\",\"logo\":{\"@type\":\"ImageObject\",\"inLanguage\":\"fr-FR\",\"@id\":\"https:\/\/dicodusport.fr\/blog\/#\/schema\/logo\/image\/\",\"url\":\"https:\/\/dicodusport.fr\/blog\/wp-content\/uploads\/2020\/06\/cropped-LOGO-DICODUSPORT-2020-SANS-FOND-SANS-TEXTE.png\",\"contentUrl\":\"https:\/\/dicodusport.fr\/blog\/wp-content\/uploads\/2020\/06\/cropped-LOGO-DICODUSPORT-2020-SANS-FOND-SANS-TEXTE.png\",\"width\":512,\"height\":512,\"caption\":\"Dicodusport\"},\"image\":{\"@id\":\"https:\/\/dicodusport.fr\/blog\/#\/schema\/logo\/image\/\"},\"sameAs\":[\"https:\/\/www.facebook.com\/dicodusport\",\"https:\/\/x.com\/dicodusport\",\"https:\/\/www.instagram.com\/dicodusport\/\",\"https:\/\/www.youtube.com\/channel\/UC7V2KZ5sd3htJivAbA4ZG3w\"],\"description\":\"Dicodusport est l'encyclop\u00e9die de l'actualit\u00e9 sportive.\",\"email\":\"bonjour@dicodusport.fr\",\"legalName\":\"DICODUSPORT\",\"foundingDate\":\"2018-01-14\",\"vatID\":\"FR71834470973\",\"taxID\":\"83447097300043\",\"numberOfEmployees\":{\"@type\":\"QuantitativeValue\",\"minValue\":\"1\",\"maxValue\":\"10\"}},{\"@type\":\"Person\",\"@id\":\"https:\/\/dicodusport.fr\/blog\/#\/schema\/person\/b5f72959ae80a547dcc15f019adf6e0c\",\"name\":\"Antonin Gizolme\",\"image\":{\"@type\":\"ImageObject\",\"inLanguage\":\"fr-FR\",\"@id\":\"https:\/\/dicodusport.fr\/blog\/#\/schema\/person\/image\/\",\"url\":\"https:\/\/dicodusport.fr\/blog\/wp-content\/uploads\/2021\/04\/Maillot-Anto-Dicodusport-150x150.png\",\"contentUrl\":\"https:\/\/dicodusport.fr\/blog\/wp-content\/uploads\/2021\/04\/Maillot-Anto-Dicodusport-150x150.png\",\"caption\":\"Antonin Gizolme\"},\"description\":\"Journaliste\/R\u00e9dacteur depuis mars 2021 - N\u00e9 un soir de Ligue des Champions, c\u2019est tout naturellement que je suis un passionn\u00e9 de football depuis ma plus tendre enfance. Durant des ann\u00e9es, j\u2019ai \u00e9t\u00e9 berc\u00e9 par la douce m\u00e9lodie de la Ligue des Champions, subjugu\u00e9 par les coups-francs de Juninho et admiratif devant les coups de reins de Karim Benzema. Malheureusement pour moi, mes genoux en carton m\u2019ont emp\u00each\u00e9 de suivre les traces de mes idoles pour \u00e9crire l\u2019Histoire. Alors, c\u2019est ici que je vais me charger de vous la raconter.\",\"sameAs\":[\"https:\/\/x.com\/https:\/\/twitter.com\/AntoninGizolme\"],\"url\":\"https:\/\/dicodusport.fr\/blog\/author\/antoning\/\"}]}<\/script>\n<!-- \/ Yoast SEO Premium plugin. -->","yoast_head_json":{"title":"Preview F1 2021 : Aston Martin vise le podium","description":"F1 2021 - Vettel, Stroll, objectif podium(s), d\u00e9couvrez notre preview d'Aston Martin pour la saison 2021.","robots":{"index":"index","follow":"follow","max-snippet":"max-snippet:-1","max-image-preview":"max-image-preview:large","max-video-preview":"max-video-preview:-1"},"canonical":"https:\/\/dicodusport.fr\/blog\/preview-f1-2021-aston-martin-vise-le-podium\/","og_locale":"fr_FR","og_type":"article","og_title":"Preview F1 2021 : Aston Martin vise le podium","og_description":"F1 2021 - Vettel, Stroll, objectif podium(s), d\u00e9couvrez notre preview d'Aston Martin pour la saison 2021.","og_url":"https:\/\/dicodusport.fr\/blog\/preview-f1-2021-aston-martin-vise-le-podium\/","og_site_name":"Dicodusport","article_publisher":"https:\/\/www.facebook.com\/dicodusport","article_published_time":"2021-03-24T15:22:18+00:00","article_modified_time":"2021-03-24T18:57:19+00:00","og_image":[{"width":800,"height":445,"url":"https:\/\/dicodusport.fr\/blog\/wp-content\/uploads\/2021\/03\/Aston-Martin-AMR21.png","type":"image\/png"}],"author":"Antonin Gizolme","twitter_card":"summary_large_image","twitter_title":"Preview F1 2021 : Aston Martin vise le podium","twitter_creator":"@https:\/\/twitter.com\/AntoninGizolme","twitter_site":"@dicodusport","schema":{"@context":"https:\/\/schema.org","@graph":[{"@type":"NewsArticle","@id":"https:\/\/dicodusport.fr\/blog\/preview-f1-2021-aston-martin-vise-le-podium\/#article","isPartOf":{"@id":"https:\/\/dicodusport.fr\/blog\/preview-f1-2021-aston-martin-vise-le-podium\/"},"author":{"name":"Antonin Gizolme","@id":"https:\/\/dicodusport.fr\/blog\/#\/schema\/person\/b5f72959ae80a547dcc15f019adf6e0c"},"headline":"Preview F1 2021 : Aston Martin vise le podium","datePublished":"2021-03-24T15:22:18+00:00","dateModified":"2021-03-24T18:57:19+00:00","mainEntityOfPage":{"@id":"https:\/\/dicodusport.fr\/blog\/preview-f1-2021-aston-martin-vise-le-podium\/"},"wordCount":1512,"commentCount":0,"publisher":{"@id":"https:\/\/dicodusport.fr\/blog\/#organization"},"image":{"@id":"https:\/\/dicodusport.fr\/blog\/preview-f1-2021-aston-martin-vise-le-podium\/#primaryimage"},"thumbnailUrl":"https:\/\/dicodusport.fr\/blog\/wp-content\/uploads\/2021\/03\/Aston-Martin-AMR21.png","keywords":["Aston Martin","F1"],"articleSection":["Formule 1"],"inLanguage":"fr-FR","potentialAction":[{"@type":"CommentAction","name":"Comment","target":["https:\/\/dicodusport.fr\/blog\/preview-f1-2021-aston-martin-vise-le-podium\/#respond"]}],"copyrightYear":"2021","copyrightHolder":{"@id":"https:\/\/dicodusport.fr\/blog\/#organization"}},{"@type":"WebPage","@id":"https:\/\/dicodusport.fr\/blog\/preview-f1-2021-aston-martin-vise-le-podium\/","url":"https:\/\/dicodusport.fr\/blog\/preview-f1-2021-aston-martin-vise-le-podium\/","name":"Preview F1 2021 : Aston Martin vise le podium","isPartOf":{"@id":"https:\/\/dicodusport.fr\/blog\/#website"},"primaryImageOfPage":{"@id":"https:\/\/dicodusport.fr\/blog\/preview-f1-2021-aston-martin-vise-le-podium\/#primaryimage"},"image":{"@id":"https:\/\/dicodusport.fr\/blog\/preview-f1-2021-aston-martin-vise-le-podium\/#primaryimage"},"thumbnailUrl":"https:\/\/dicodusport.fr\/blog\/wp-content\/uploads\/2021\/03\/Aston-Martin-AMR21.png","datePublished":"2021-03-24T15:22:18+00:00","dateModified":"2021-03-24T18:57:19+00:00","description":"F1 2021 - Vettel, Stroll, objectif podium(s), d\u00e9couvrez notre preview d'Aston Martin pour la saison 2021.","breadcrumb":{"@id":"https:\/\/dicodusport.fr\/blog\/preview-f1-2021-aston-martin-vise-le-podium\/#breadcrumb"},"inLanguage":"fr-FR","potentialAction":[{"@type":"ReadAction","target":["https:\/\/dicodusport.fr\/blog\/preview-f1-2021-aston-martin-vise-le-podium\/"]}]},{"@type":"ImageObject","inLanguage":"fr-FR","@id":"https:\/\/dicodusport.fr\/blog\/preview-f1-2021-aston-martin-vise-le-podium\/#primaryimage","url":"https:\/\/dicodusport.fr\/blog\/wp-content\/uploads\/2021\/03\/Aston-Martin-AMR21.png","contentUrl":"https:\/\/dicodusport.fr\/blog\/wp-content\/uploads\/2021\/03\/Aston-Martin-AMR21.png","width":800,"height":445,"caption":"Aston Martin AMR21 - Photo Twitter Aston Martin F1 Team"},{"@type":"BreadcrumbList","@id":"https:\/\/dicodusport.fr\/blog\/preview-f1-2021-aston-martin-vise-le-podium\/#breadcrumb","itemListElement":[{"@type":"ListItem","position":1,"name":"Accueil","item":"https:\/\/dicodusport.fr\/blog\/"},{"@type":"ListItem","position":2,"name":"Preview F1 2021 : Aston Martin vise le podium"}]},{"@type":"WebSite","@id":"https:\/\/dicodusport.fr\/blog\/#website","url":"https:\/\/dicodusport.fr\/blog\/","name":"Dicodusport","description":"L&#039;encyclop\u00e9die de l&#039;actualit\u00e9 sportive","publisher":{"@id":"https:\/\/dicodusport.fr\/blog\/#organization"},"potentialAction":[{"@type":"SearchAction","target":{"@type":"EntryPoint","urlTemplate":"https:\/\/dicodusport.fr\/blog\/?s={search_term_string}"},"query-input":{"@type":"PropertyValueSpecification","valueRequired":true,"valueName":"search_term_string"}}],"inLanguage":"fr-FR"},{"@type":"NewsMediaOrganization","@id":"https:\/\/dicodusport.fr\/blog\/#organization","name":"Dicodusport","url":"https:\/\/dicodusport.fr\/blog\/","logo":{"@type":"ImageObject","inLanguage":"fr-FR","@id":"https:\/\/dicodusport.fr\/blog\/#\/schema\/logo\/image\/","url":"https:\/\/dicodusport.fr\/blog\/wp-content\/uploads\/2020\/06\/cropped-LOGO-DICODUSPORT-2020-SANS-FOND-SANS-TEXTE.png","contentUrl":"https:\/\/dicodusport.fr\/blog\/wp-content\/uploads\/2020\/06\/cropped-LOGO-DICODUSPORT-2020-SANS-FOND-SANS-TEXTE.png","width":512,"height":512,"caption":"Dicodusport"},"image":{"@id":"https:\/\/dicodusport.fr\/blog\/#\/schema\/logo\/image\/"},"sameAs":["https:\/\/www.facebook.com\/dicodusport","https:\/\/x.com\/dicodusport","https:\/\/www.instagram.com\/dicodusport\/","https:\/\/www.youtube.com\/channel\/UC7V2KZ5sd3htJivAbA4ZG3w"],"description":"Dicodusport est l'encyclop\u00e9die de l'actualit\u00e9 sportive.","email":"bonjour@dicodusport.fr","legalName":"DICODUSPORT","foundingDate":"2018-01-14","vatID":"FR71834470973","taxID":"83447097300043","numberOfEmployees":{"@type":"QuantitativeValue","minValue":"1","maxValue":"10"}},{"@type":"Person","@id":"https:\/\/dicodusport.fr\/blog\/#\/schema\/person\/b5f72959ae80a547dcc15f019adf6e0c","name":"Antonin Gizolme","image":{"@type":"ImageObject","inLanguage":"fr-FR","@id":"https:\/\/dicodusport.fr\/blog\/#\/schema\/person\/image\/","url":"https:\/\/dicodusport.fr\/blog\/wp-content\/uploads\/2021\/04\/Maillot-Anto-Dicodusport-150x150.png","contentUrl":"https:\/\/dicodusport.fr\/blog\/wp-content\/uploads\/2021\/04\/Maillot-Anto-Dicodusport-150x150.png","caption":"Antonin Gizolme"},"description":"Journaliste\/R\u00e9dacteur depuis mars 2021 - N\u00e9 un soir de Ligue des Champions, c\u2019est tout naturellement que je suis un passionn\u00e9 de football depuis ma plus tendre enfance. Durant des ann\u00e9es, j\u2019ai \u00e9t\u00e9 berc\u00e9 par la douce m\u00e9lodie de la Ligue des Champions, subjugu\u00e9 par les coups-francs de Juninho et admiratif devant les coups de reins de Karim Benzema. Malheureusement pour moi, mes genoux en carton m\u2019ont emp\u00each\u00e9 de suivre les traces de mes idoles pour \u00e9crire l\u2019Histoire. Alors, c\u2019est ici que je vais me charger de vous la raconter.","sameAs":["https:\/\/x.com\/https:\/\/twitter.com\/AntoninGizolme"],"url":"https:\/\/dicodusport.fr\/blog\/author\/antoning\/"}]}},"_links":{"self":[{"href":"https:\/\/dicodusport.fr\/blog\/wp-json\/wp\/v2\/posts\/115638","targetHints":{"allow":["GET"]}}],"collection":[{"href":"https:\/\/dicodusport.fr\/blog\/wp-json\/wp\/v2\/posts"}],"about":[{"href":"https:\/\/dicodusport.fr\/blog\/wp-json\/wp\/v2\/types\/post"}],"author":[{"embeddable":true,"href":"https:\/\/dicodusport.fr\/blog\/wp-json\/wp\/v2\/users\/51"}],"replies":[{"embeddable":true,"href":"https:\/\/dicodusport.fr\/blog\/wp-json\/wp\/v2\/comments?post=115638"}],"version-history":[{"count":0,"href":"https:\/\/dicodusport.fr\/blog\/wp-json\/wp\/v2\/posts\/115638\/revisions"}],"wp:featuredmedia":[{"embeddable":true,"href":"https:\/\/dicodusport.fr\/blog\/wp-json\/wp\/v2\/media\/114539"}],"wp:attachment":[{"href":"https:\/\/dicodusport.fr\/blog\/wp-json\/wp\/v2\/media?parent=115638"}],"wp:term":[{"taxonomy":"category","embeddable":true,"href":"https:\/\/dicodusport.fr\/blog\/wp-json\/wp\/v2\/categories?post=115638"},{"taxonomy":"post_tag","embeddable":true,"href":"https:\/\/dicodusport.fr\/blog\/wp-json\/wp\/v2\/tags?post=115638"}],"curies":[{"name":"wp","href":"https:\/\/api.w.org\/{rel}","templated":true}]}}