{"id":115675,"date":"2021-03-23T11:38:06","date_gmt":"2021-03-23T10:38:06","guid":{"rendered":"https:\/\/dicodusport.fr\/blog\/?p=115675"},"modified":"2021-03-23T12:31:09","modified_gmt":"2021-03-23T11:31:09","slug":"coupe-du-monde-de-biathlon-tops-et-flops-de-la-saison","status":"publish","type":"post","link":"https:\/\/dicodusport.fr\/blog\/coupe-du-monde-de-biathlon-tops-et-flops-de-la-saison\/","title":{"rendered":"Coupe du monde de biathlon : les tops et les flops de la saison"},"content":{"rendered":"<p style=\"text-align: justify;\"><strong><em><a href=\"https:\/\/dicodusport.fr\/blog\/actualites\/biathlon\/coupe-du-monde-biathlon-2020-2021\/\" target=\"_blank\" rel=\"noopener\">COUPE DU MONDE DE BIATHLON 2020-2021<\/a> &#8211; La saison s&rsquo;est achev\u00e9e ce dimanche, \u00e0 Ostersund. Une saison au terme de laquelle Tiril Eckhoff et Johannes Boe se sont impos\u00e9s au classement g\u00e9n\u00e9ral. Apr\u00e8s pas moins de 70 courses, toutes plus palpitantes les unes que les autres, il est temps de mettre en lumi\u00e8re ceux qui se sont illustr\u00e9s. Confirmations, belles ou mauvaises surprises ou encore gros rat\u00e9s, voici les tops et les flops de la saison.<\/em><\/strong><\/p>\n<h2 style=\"text-align: justify;\">Les Flops<\/h2>\n<ul>\n<li>\n<h3 style=\"text-align: justify;\">Mass start f\u00e9minine d&rsquo;Ostersund<\/h3>\n<\/li>\n<\/ul>\n<p style=\"text-align: justify;\">Une fois n&rsquo;est pas coutume, commen\u00e7ons par la derni\u00e8re course f\u00e9minine de la saison. Course habituellement tr\u00e8s agr\u00e9able \u00e0 suivre, en confrontation avec les 30 meilleurs biathl\u00e8tes du monde, la derni\u00e8re course des reines ne s&rsquo;est pas pass\u00e9e comme pr\u00e9vu. Dans la temp\u00eate du site su\u00e9dois, les biathl\u00e8tes ont v\u00e9cu un vrai calvaire. Partie pour d\u00e9crocher un premier globe de cristal, <strong>Julia Simon<\/strong> n&rsquo;a jamais pu lutter. Apr\u00e8s les tirs couch\u00e9s, elle n&rsquo;avait blanchi qu&rsquo;une cible sur 10 ! Avec un 5\/20 au final, elle termine bonne derni\u00e8re et dit adieu au globe. Les conditions \u00e9taient telles que le meilleur score n&rsquo;est qu&rsquo;un 16\/20 \u00e0 mettre au cr\u00e9dit de l&rsquo;Allemande <strong>Janina Hettich<\/strong> qui termine 9\u00e8me. Finalement victorieuse, <strong>Ingrid Landmark Tandrevold<\/strong> s&rsquo;adjugera le petit globe de la mass start avec un 14\/20. Mais quand m\u00eame, \u00e9tait-ce vraiment du biathlon ?<\/p>\n<blockquote class=\"twitter-tweet\">\n<p dir=\"ltr\" lang=\"en\">I believe this is not biathlon&#8230; &#x1f622; Hope the wind will decrease for the men race. Johannes and Sturla battle deserve a better background! &#x1f91e;&#x1f3fb;<\/p>\n<p>\u2014 Martin Fourcade (@martinfkde) <a href=\"https:\/\/twitter.com\/martinfkde\/status\/1373653347715198976?ref_src=twsrc%5Etfw\">March 21, 2021<\/a><\/p><\/blockquote>\n<p><script async src=\"https:\/\/platform.twitter.com\/widgets.js\" charset=\"utf-8\"><\/script><\/p>\n<ul>\n<li>\n<h3 style=\"text-align: justify;\">L&rsquo;\u00e9quipe d&rsquo;Allemagne<\/h3>\n<\/li>\n<\/ul>\n<p style=\"text-align: justify;\">Autrefois tr\u00e8s grande nation du biathlon, l&rsquo;Allemagne accuse le coup depuis quelques saisons. \u00c0 titre de comparaison, les Allemands comptent 13 victoires sur les trois derni\u00e8res saisons, l\u00e0 o\u00f9 la France en compte 12 rien qu&rsquo;en 2020-2021. Apr\u00e8s les retraites successives de <strong>Simon Schempp<\/strong> et <strong>Laura Dahlmeier<\/strong>, les \u00e9quipes d&rsquo;Allemagne, aussi bien masculine que f\u00e9minine, peinent de plus en plus. Sur les 3 victoires et 20 podiums de la saison, 2 victoires et 7 podiums ont \u00e9t\u00e9 obtenus en relais. Individuellement, en revanche, c&rsquo;est plus difficile. Seul vainqueur en individuel, <strong>Arnd Peiffer<\/strong> est aussi le meilleur Allemand au classement g\u00e9n\u00e9ral avec une 12\u00e8me place. Il a \u00e9galement annonc\u00e9 prendre sa retraite en cette fin de saison. Chez les femmes, <strong>Franziska Preuss<\/strong> arrache un podium avec une 3\u00e8me place au g\u00e9n\u00e9ral et 4 podiums. Un bilan d\u00e9cevant, d&rsquo;autant que les Allemands ont connu un second Championnat du monde de suite sans titre mondial.<\/p>\n<ul>\n<li>\n<h3 style=\"text-align: justify;\">Justine Braisaz-Bouchet<\/h3>\n<\/li>\n<\/ul>\n<p style=\"text-align: justify;\">En course pour le dossard bleu de la meilleure jeune, <strong>Justine Braisaz-Bouchet<\/strong> n&rsquo;a jamais pu lutter pour n&rsquo;importe quel classement. Malgr\u00e9 ses 10 podiums et ses 2 victoires en carri\u00e8re, la biathl\u00e8te des Saisies a connu une saison gal\u00e8re. Avec comme meilleur r\u00e9sultat individuel une 4\u00e8me place sur le sprint d&rsquo;Oberhof, elle n&rsquo;a pu compter que sur les relais pour monter sur la boite. Quinzi\u00e8me du classement g\u00e9n\u00e9ral, c&rsquo;est une saison \u00e0 oublier pour elle, d&rsquo;autant plus qu&rsquo;elle affiche un petit 76% de r\u00e9ussite au tir. Les Jeux Olympiques 2022 pourraient \u00eatre un objectif pour retrouver son meilleur niveau.<\/p>\n<blockquote class=\"instagram-media\" style=\"background: #FFF; border: 0; border-radius: 3px; box-shadow: 0 0 1px 0 rgba(0,0,0,0.5),0 1px 10px 0 rgba(0,0,0,0.15); margin: 1px; max-width: 540px; min-width: 326px; padding: 0; width: calc(100% - 2px);\" data-instgrm-captioned=\"\" data-instgrm-permalink=\"https:\/\/www.instagram.com\/p\/CMts2JjM2aS\/?utm_source=ig_embed&amp;utm_campaign=loading\" data-instgrm-version=\"13\">\n<div style=\"padding: 16px;\">\n<p>&nbsp;<\/p>\n<div style=\"display: flex; flex-direction: row; align-items: center;\">\n<div style=\"background-color: #f4f4f4; border-radius: 50%; flex-grow: 0; height: 40px; margin-right: 14px; width: 40px;\"><\/div>\n<div style=\"display: flex; flex-direction: column; flex-grow: 1; justify-content: center;\">\n<div style=\"background-color: #f4f4f4; border-radius: 4px; flex-grow: 0; height: 14px; margin-bottom: 6px; width: 100px;\"><\/div>\n<div style=\"background-color: #f4f4f4; border-radius: 4px; flex-grow: 0; height: 14px; width: 60px;\"><\/div>\n<\/div>\n<\/div>\n<div style=\"padding: 19% 0;\"><\/div>\n<div style=\"display: block; height: 50px; margin: 0 auto 12px; width: 50px;\"><\/div>\n<div style=\"padding-top: 8px;\">\n<div style=\"color: #3897f0; font-family: Arial,sans-serif; font-size: 14px; font-style: normal; font-weight: 550; line-height: 18px;\">Voir cette publication sur Instagram<\/div>\n<\/div>\n<div style=\"padding: 12.5% 0;\"><\/div>\n<div style=\"display: flex; flex-direction: row; margin-bottom: 14px; align-items: center;\">\n<div>\n<div style=\"background-color: #f4f4f4; border-radius: 50%; height: 12.5px; width: 12.5px; transform: translateX(0px) translateY(7px);\"><\/div>\n<div style=\"background-color: #f4f4f4; height: 12.5px; transform: rotate(-45deg) translateX(3px) translateY(1px); width: 12.5px; flex-grow: 0; margin-right: 14px; margin-left: 2px;\"><\/div>\n<div style=\"background-color: #f4f4f4; border-radius: 50%; height: 12.5px; width: 12.5px; transform: translateX(9px) translateY(-18px);\"><\/div>\n<\/div>\n<div style=\"margin-left: 8px;\">\n<div style=\"background-color: #f4f4f4; border-radius: 50%; flex-grow: 0; height: 20px; width: 20px;\"><\/div>\n<div style=\"width: 0; height: 0; border-top: 2px solid transparent; border-left: 6px solid #f4f4f4; border-bottom: 2px solid transparent; transform: translateX(16px) translateY(-4px) rotate(30deg);\"><\/div>\n<\/div>\n<div style=\"margin-left: auto;\">\n<div style=\"width: 0px; border-top: 8px solid #F4F4F4; border-right: 8px solid transparent; transform: translateY(16px);\"><\/div>\n<div style=\"background-color: #f4f4f4; flex-grow: 0; height: 12px; width: 16px; transform: translateY(-4px);\"><\/div>\n<div style=\"width: 0; height: 0; border-top: 8px solid #F4F4F4; border-left: 8px solid transparent; transform: translateY(-4px) translateX(8px);\"><\/div>\n<\/div>\n<\/div>\n<div style=\"display: flex; flex-direction: column; flex-grow: 1; justify-content: center; margin-bottom: 24px;\">\n<div style=\"background-color: #f4f4f4; border-radius: 4px; flex-grow: 0; height: 14px; margin-bottom: 6px; width: 224px;\"><\/div>\n<div style=\"background-color: #f4f4f4; border-radius: 4px; flex-grow: 0; height: 14px; width: 144px;\"><\/div>\n<\/div>\n<p>&nbsp;<\/p>\n<p style=\"color: #c9c8cd; font-family: Arial,sans-serif; font-size: 14px; line-height: 17px; margin-bottom: 0; margin-top: 8px; overflow: hidden; padding: 8px 0 7px; text-align: center; text-overflow: ellipsis; white-space: nowrap;\"><a style=\"color: #c9c8cd; font-family: Arial,sans-serif; font-size: 14px; font-style: normal; font-weight: normal; line-height: 17px; text-decoration: none;\" href=\"https:\/\/www.instagram.com\/p\/CMts2JjM2aS\/?utm_source=ig_embed&amp;utm_campaign=loading\" target=\"_blank\" rel=\"noopener\">Une publication partag\u00e9e par Justine Braisaz-Bouchet (@braisazjustineofficiel)<\/a><\/p>\n<\/div>\n<\/blockquote>\n<p><script async src=\"\/\/www.instagram.com\/embed.js\"><\/script><\/p>\n<ul>\n<li>\n<h3 style=\"text-align: justify;\">La Russie<\/h3>\n<\/li>\n<\/ul>\n<p style=\"text-align: justify;\">Comme pour l&rsquo;Allemagne, l&rsquo;\u00e9quipe russe r\u00e9gresse de plus en plus. Entach\u00e9s par les scandales de dopage, les biathl\u00e8tes russes ont eu du mal \u00e0 jouer les premiers r\u00f4les. Leader de l&rsquo;\u00e9quipe et champion du monde de sprint en 2020, <strong>Aleksandr Loginov<\/strong> est semble-t-il le seul capable de coups d&rsquo;\u00e9clat. Vainqueur d&rsquo;un individuel \u00e0 Antholz, il signe lors de cette course son seul podium individuel de la saison. Lors de la derni\u00e8re course de la saison, <strong>Eduard Latypov<\/strong> a r\u00e9ussi \u00e0 dompter le vent pour d\u00e9crocher son premier podium en carri\u00e8re. Du c\u00f4t\u00e9 des filles, une nouvelle g\u00e9n\u00e9ration monte en puissance. Victorieuse en relais \u00e0 Antholz mais aussi en relais mixte, il reste encore les podiums individuels qui se refusent \u00e0 elles. Avec 7 podiums cette saison, l&rsquo;\u00e9quipe de Russie est bien loin de ses standards des ann\u00e9es 2000. La seule m\u00e9daille de bronze obtenue aux Mondiaux n&rsquo;est \u00e9videmment pas une satisfaction.<\/p>\n<ul>\n<li>\n<h3 style=\"text-align: justify;\">Lisa Vittozzi<\/h3>\n<\/li>\n<\/ul>\n<p style=\"text-align: justify;\">Toute proche du gros globe de cristal en 2019, <strong>Lisa Vittozzi<\/strong> n&rsquo;est plus en mesure de jouer devant. Auteure de son seul et unique podium de la saison lors du sprint de Nove Mesto, l&rsquo;Italienne termine la saison \u00e0 une triste 16\u00e8me place au g\u00e9n\u00e9ral. Dans l&rsquo;ombre de sa compatriote <strong>Dorothea Wierer<\/strong>, <strong>Lisa Vittozzi<\/strong> a travers\u00e9 les Mondiaux sans aucune m\u00e9daille. Par deux fois dans le top 5 (5\u00e8me du sprint et de la mass start), elle n&rsquo;a pu lutter sur la piste pour le podium. Avec 449 points au total, elle obtient son pire r\u00e9sultat depuis la saison 2016-2017 o\u00f9 elle avait termin\u00e9 27\u00e8me avec 344 points. Du haut de ses 26 ans, la Transalpine a encore, n\u00e9anmoins, de belles saison devant elle pour inverser la tendance.<\/p>\n<p style=\"text-align: center;\"><a href=\"http:\/\/dicodusport.fr\/blog\/coupe-du-monde-de-biathlon-tops-et-flops-de-la-saison\/2\/#tops\" class=\"su-button su-button-style-flat\" style=\"color:#FFFFFF;background-color:#0057ae;border-color:#00468c;border-radius:4px\" target=\"_self\"><span style=\"color:#FFFFFF;padding:0px 26px;font-size:20px;line-height:40px;border-color:#4d8ac7;border-radius:4px;text-shadow:none\"> Les tops de la saison<\/span><\/a><!--nextpage--><\/p>\n<h2><a id=\"tops\"><\/a>Les Tops<\/h2>\n<ul>\n<li>\n<h3 style=\"text-align: justify;\">Le relais mixte simple des mondiaux<\/h3>\n<\/li>\n<\/ul>\n<p style=\"text-align: justify;\">C&rsquo;est une des grosses satisfactions c\u00f4t\u00e9 bleus, <a href=\"https:\/\/dicodusport.fr\/blog\/pokljuka-julia-simon-et-antonin-guigonnat-champion-du-monde-relais-mixte-simple\/\" target=\"_blank\" rel=\"noopener\">le titre mondial du relais mixte simple<\/a> assez inattendu. Compos\u00e9 de <strong>Julia Simon<\/strong> et <strong>Antonin Guigonnat<\/strong>, ce duo \u00e9tait un pari du staff tricolore. Si la m\u00e9daille de bronze d&rsquo;Ana\u00efs Bescond et d&rsquo;Emilien Jacquelin en 2020 \u00e9tait d\u00e9j\u00e0 une belle r\u00e9ussite, l&rsquo;objectif \u00e9tait cette fois de faire mieux. Outsiders, les Fran\u00e7ais avaient fort \u00e0 faire, la Norv\u00e8ge \u00e9tait l&rsquo;immense favorite. Le duo su\u00e9dois <strong>Samuelsson<\/strong> &#8211; <strong>H. Oeberg<\/strong> \u00e9tait aussi pr\u00e9tendant \u00e0 la m\u00e9daille.<\/p>\n<p style=\"text-align: justify;\">Parmi les meilleurs tireurs de la course, les Fran\u00e7ais n&rsquo;ont eu besoin que de 5 pioches, l\u00e0 o\u00f9 les Norv\u00e9giens en ont eu besoin de 9. \u00c0 la lutte contre Eckhoff dans le dernier tour, <strong>Julia Simon<\/strong> a su acc\u00e9l\u00e9rer au bon moment pour s&rsquo;envoler vers la victoire. C&rsquo;est le premier titre fran\u00e7ais sur ce format. Double tenant du titre avec <strong>Marte Olsbu Roeiseland<\/strong>, <strong>Johannes Boe<\/strong> s&rsquo;est cette fois inclin\u00e9, avec 7 fautes.<\/p>\n<blockquote class=\"twitter-tweet\">\n<p dir=\"ltr\" lang=\"fr\">La France est championne du monde &#x1f1eb;&#x1f1f7;&#x1f1eb;&#x1f1f7;&#x1f1eb;&#x1f1f7; &#x1f3c6;<\/p>\n<p>Quelle course de la paire Antonin Guigonnat et Julia Simon ! La Fran\u00e7aise a d\u00e9pos\u00e9 Tiril Eckhoff dans la mont\u00e9e finale &#x1f680; La Su\u00e8de termine 3e<br \/>\nRestez avec nous pour la Marseillaise &gt; <a href=\"https:\/\/t.co\/MksqD8jNfc\">https:\/\/t.co\/MksqD8jNfc<\/a> <a href=\"https:\/\/twitter.com\/hashtag\/lequipeBIATHLON?src=hash&amp;ref_src=twsrc%5Etfw\">#lequipeBIATHLON<\/a> <a href=\"https:\/\/t.co\/inBKe0CGe6\">pic.twitter.com\/inBKe0CGe6<\/a><\/p>\n<p>\u2014 la chaine L&rsquo;\u00c9quipe (@lachainelequipe) <a href=\"https:\/\/twitter.com\/lachainelequipe\/status\/1362415531278688257?ref_src=twsrc%5Etfw\">February 18, 2021<\/a><\/p><\/blockquote>\n<p><script async src=\"https:\/\/platform.twitter.com\/widgets.js\" charset=\"utf-8\"><\/script><\/p>\n<ul>\n<li>\n<h3 style=\"text-align: justify;\">La Norv\u00e8ge<\/h3>\n<\/li>\n<\/ul>\n<p style=\"text-align: justify;\">Par o\u00f9 commencer ? Il y a tant \u00e0 dire sur les Norv\u00e9gien(ne)s. Ils ont absolument tout rafl\u00e9. Leur bilan ? 83 podiums pour 38 victoires, un record absolu. Du c\u00f4t\u00e9 des hommes, ils ont tout remport\u00e9. <strong>Johannes Boe<\/strong> enl\u00e8ve son troisi\u00e8me gros globe de cristal cons\u00e9cutif apr\u00e8s une bataille acharn\u00e9e jusqu&rsquo;\u00e0 la derni\u00e8re course. Il ajoute \u00e0 cela un deuxi\u00e8me petit globe de sprint. Inconnu il y a un an, <strong>Sturla Holm Laegreid<\/strong> a explos\u00e9. Avec ses 7 victoires cette saison, il est celui qui aura le plus gagn\u00e9. Il remporte aussi le classement du meilleur jeune et deux titres mondiaux individuels. Grand fr\u00e8re de Johannes, <strong>Tarjei Boe<\/strong> glane son premier petit globe depuis 2011, celui de la mass start, avec 3 victoires en prime. Une sup\u00e9riorit\u00e9 sans partage, les Norv\u00e9giens ont m\u00eame sign\u00e9 trois tripl\u00e9s \u00e0 Hochfilzen et Oberhof, ainsi que huit doubl\u00e9s.<\/p>\n<p style=\"text-align: justify;\">Chez les filles, le constat est le m\u00eame. <strong>Tiril Eckhoff<\/strong> remporte son premier classement g\u00e9n\u00e9ral au terme d&rsquo;une saison folle. Elle devient la premi\u00e8re biathl\u00e8te (hommes et femmes confondus) \u00e0 faire autant de doubl\u00e9s sprint-poursuite (5) ! Eckhoff bat \u00e9galement le record de sprints remport\u00e9s \u00e0 la suite (7). Elle devient la Norv\u00e9gienne ayant gagn\u00e9 le plus de courses sur une saison avec 13 victoires, battant ainsi les 11 succ\u00e8s de <strong>Tora Berger<\/strong>. De plus, elle se couronnera de deux titres mondiaux individuels. En compagnie de <strong>Ingrid Tandrevold<\/strong> et <strong>Marte Olsbu Roeiseland<\/strong>, elle signe un tripl\u00e9 lors du sprint d&rsquo;Hochfilzen. C\u00f4t\u00e9 cristal, seuls les globes de relais et de l&rsquo;individuel leur \u00e9chappent. Tandrevold remporte celui de la mass start et Eckhoff celui du sprint et de la poursuite. Ils sont fous ces Norges !<\/p>\n<blockquote class=\"twitter-tweet\">\n<p dir=\"ltr\" lang=\"fr\">&#x1f1e7;&#x1f1fb; Laur\u00e9ate de son premier gros globe de cristal et victorieuse de sa 13\u00e8me course de la saison \u00e0 Ostersund, Tiril Eckhoff est votre Championne du week-end &#x1f44f; <a href=\"https:\/\/twitter.com\/hashtag\/Biathlon?src=hash&amp;ref_src=twsrc%5Etfw\">#Biathlon<\/a><\/p>\n<p>\u2014 Dicodusport &#x2b50;&#x2b50; (@dicodusport) <a href=\"https:\/\/twitter.com\/dicodusport\/status\/1374042204331728896?ref_src=twsrc%5Etfw\">March 22, 2021<\/a><\/p><\/blockquote>\n<p><script async src=\"https:\/\/platform.twitter.com\/widgets.js\" charset=\"utf-8\"><\/script><\/p>\n<ul>\n<li style=\"text-align: justify;\">\n<h3>Lisa Theresa Hauser<\/h3>\n<\/li>\n<\/ul>\n<p style=\"text-align: justify;\">Du haut de ses 27 ans, l&rsquo;Autrichienne n&rsquo;avait rien remport\u00e9 avant cette saison. Lors des deux semaines \u00e0 Oberhof, <strong>Lisa Theresa Hauser<\/strong> encha\u00eene trois podiums de rang, \u00e0 chaque fois \u00e0 la 3\u00e8me place. Si sa chute sur la mass start l&rsquo;a priv\u00e9 d&rsquo;un nouveau podium, elle ne l&rsquo;a pas d\u00e9motiv\u00e9. Lors de l&rsquo;individuel d&rsquo;Antholz, elle d\u00e9croche sa premi\u00e8re victoire en carri\u00e8re. Bonne tireuse depuis toujours, elle a progress\u00e9 sur les skis pour pouvoir jouer avec les favorites. Attendue pour les Championnats du monde, elle remporte d\u00e8s la premi\u00e8re course la m\u00e9daille d&rsquo;argent du relais mixte. Pass\u00e9e \u00e0 c\u00f4t\u00e9 lors du sprint, elle se rattrape sur la poursuite en d\u00e9passant notamment Ana\u00efs Chevalier-Bouchet dans le dernier tour pour s&rsquo;offrir l&rsquo;argent. Pas rassasi\u00e9e, la native de Kitzb\u00fchel a d\u00e9croch\u00e9 l&rsquo;or sur la mass start, son premier titre mondial. Elle remporte, \u00e0 \u00e9galit\u00e9 avec <strong>Dorothea Wierer<\/strong>, le petit globe de l&rsquo;individuel et termine 6\u00e8me au g\u00e9n\u00e9ral.<\/p>\n<ul>\n<li>\n<h3 style=\"text-align: justify;\">La Su\u00e8de<\/h3>\n<\/li>\n<\/ul>\n<p style=\"text-align: justify;\">Pas attendue \u00e0 un tel niveau, la Su\u00e8de a surpris. Cinqui\u00e8me nation avec 13 podiums en 2020, les Scandinaves terminent 3\u00e8me nation avec 30 podiums cette saison. Emmen\u00e9e par <strong>Hanna Oeberg<\/strong> et <strong>Sebastian Samuelsson<\/strong>, elle a toujours \u00e9t\u00e9 dans les bons coups ou presque. Champion olympique du relais masculin, <strong>Sebastian Samuelsson<\/strong> a connu sa premi\u00e8re victoire en carri\u00e8re et est reparti des Mondiaux avec 4 m\u00e9dailles. De son c\u00f4t\u00e9, <strong>Martin Ponsiluoma<\/strong> est devenu champion du monde de sprint, auquel il ajoute deux autres podiums individuels.<\/p>\n<p style=\"text-align: justify;\">Si ces deux-l\u00e0 sont les principaux acteurs chez les hommes, ce sont des s\u0153urs qui s&rsquo;illustrent chez les femmes. Deux victoires en d\u00e9but de saison pour <strong>Hanna Oeberg<\/strong> et aussi deux podiums en compagnie de sa s\u0153ur <strong>Elvira Oeberg<\/strong>. Cette derni\u00e8re, \u00e0 la lutte pour le dossard bleu, le c\u00e9dera en fin de saison \u00e0 Alimbekava. En relais, les dames remportent le petit globe de cristal. Les deux relais mixtes remportent le bronze aux Mondiaux et l&rsquo;argent pour les hommes. Un bilan tr\u00e8s satisfaisant \u00e0 un an des JO.<\/p>\n<ul>\n<li>\n<h3 style=\"text-align: justify;\">L&rsquo;\u00e9quipe de France masculine<\/h3>\n<\/li>\n<\/ul>\n<p style=\"text-align: justify;\">Beaucoup s&rsquo;attendaient \u00e0 une baisse de niveau apr\u00e8s le d\u00e9part de Martin Fourcade, mais ses ex-co\u00e9quipiers ont r\u00e9pondu pr\u00e9sent. Abordant la saison avec 3 victoires en carri\u00e8re, <strong>Quentin Fillon Maillet<\/strong> a doubl\u00e9 ce chiffre. Il remporte en d\u00e9but de saison la poursuite d&rsquo;Hochfilzen et <a href=\"https:\/\/dicodusport.fr\/blog\/nove-mesto-quentin-fillon-maillet-realise-double-en-remportant-poursuite\/\" target=\"_blank\" rel=\"noopener\">devient le 3\u00e8me Fran\u00e7ais \u00e0 r\u00e9aliser un doubl\u00e9 sprint-poursuite \u00e0 Nove Mesto<\/a>. Aux Mondiaux, il s&rsquo;offre le bronze de la mass start et termine troisi\u00e8me du g\u00e9n\u00e9ral pour la troisi\u00e8me ann\u00e9e cons\u00e9cutive.<\/p>\n<p style=\"text-align: justify;\">Champion du monde de poursuite en 2020, <strong>\u00c9milien Jacquelin<\/strong> a r\u00e9ussi son pari et a r\u00e9cidiv\u00e9. Id\u00e9alement plac\u00e9 apr\u00e8s sa m\u00e9daille de bronze en sprint, il signe un 20\/20 tr\u00e8s rapide et impressionnant sur la poursuite. Ses trois podiums suppl\u00e9mentaires lui offrent la 7\u00e8me place au g\u00e9n\u00e9ral. Si Fabien Claude a connu une fin de saison difficile, il a tout de m\u00eame deux podiums en d\u00e9but de saison \u00e0 son actif, et une victoire en relais.<\/p>\n<p style=\"text-align: justify;\">Enfin, une des plus belles surprises de la saison des Bleus, c&rsquo;est <strong>Simon Desthieux<\/strong> ! En retrait en d\u00e9but de saison il est all\u00e9 chercher une splendide m\u00e9daille d&rsquo;argent mondiale en sprint, sa premi\u00e8re individuelle. Bien lanc\u00e9, il a confirm\u00e9 derri\u00e8re. Le 6 mars dernier, apr\u00e8s 243 d\u00e9parts en Coupe du monde, il remporte le sprint de Nove Mesto, la toute premi\u00e8re victoire de sa carri\u00e8re. Le lendemain, il prendra la 3\u00e8me place de la poursuite. Dans des conditions vent\u00e9es, pour la derni\u00e8re de la saison, il remporte la mass start d&rsquo;Ostersund de tr\u00e8s belle mani\u00e8re. Une fin en apoth\u00e9ose !<\/p>\n<p style=\"text-align: center;\"><a href=\"http:\/\/dicodusport.fr\/blog\/coupe-du-monde-de-biathlon-tops-et-flops-de-la-saison\/\" class=\"su-button su-button-style-flat\" style=\"color:#FFFFFF;background-color:#0057ae;border-color:#00468c;border-radius:4px\" target=\"_self\"><span style=\"color:#FFFFFF;padding:0px 26px;font-size:20px;line-height:40px;border-color:#4d8ac7;border-radius:4px;text-shadow:none\"> Revenir aux flops<\/span><\/a>\n<h2>\u00c0 lire aussi<\/h2>\n<ul>\n<li><a href=\"https:\/\/dicodusport.fr\/blog\/biathlon-coupe-du-monde-2020-2021-classement-general-hommes\/\" target=\"_blank\" rel=\"noopener\"><strong>Biathlon \u2013 Coupe du monde 2020\/2021 : le classement g\u00e9n\u00e9ral hommes<\/strong><\/a><\/li>\n<li><a href=\"https:\/\/dicodusport.fr\/blog\/biathlon-coupe-du-monde-2020-2021-classement-general-femmes\/\" target=\"_blank\" rel=\"noopener\"><strong>Biathlon \u2013 Coupe du monde 2020\/2021 : le classement g\u00e9n\u00e9ral femmes<\/strong><\/a><\/li>\n<li><a href=\"https:\/\/dicodusport.fr\/blog\/coupe-du-monde-de-biathlon-le-montant-du-prize-money-pour-la-saison-2020-2021\/\" target=\"_blank\" rel=\"noopener\"><strong>Le montant du prize-money pour la Coupe du monde 2020\/2021<\/strong><\/a><\/li>\n<\/ul>\n<p><strong><em>Maxime Boulard<br \/>\n<a href=\"https:\/\/www.facebook.com\/Max.Bld2\/\" target=\"_blank\" rel=\"noopener noreferrer\"><img loading=\"lazy\" decoding=\"async\" class=\"alignnone wp-image-2909 jetpack-lazy-image jetpack-lazy-image--handled\" src=\"https:\/\/i2.wp.com\/dicodusport.fr\/blog\/wp-content\/uploads\/2017\/07\/logo-facebook-150x150.png?resize=40%2C40\" alt=\"\" width=\"40\" height=\"40\" data-lazy-loaded=\"1\" \/><\/a><a href=\"https:\/\/twitter.com\/MaximeB_2\" target=\"_blank\" rel=\"noopener noreferrer\"><img loading=\"lazy\" decoding=\"async\" class=\"alignnone wp-image-2908 jetpack-lazy-image jetpack-lazy-image--handled\" src=\"https:\/\/i1.wp.com\/dicodusport.fr\/blog\/wp-content\/uploads\/2017\/07\/logo-twitter-150x150.png?resize=39%2C39\" alt=\"\" width=\"39\" height=\"39\" data-lazy-loaded=\"1\" \/><\/a><\/em><\/strong><\/p>\n","protected":false},"excerpt":{"rendered":"<p>COUPE DU MONDE DE BIATHLON 2020-2021 &#8211; La saison s&rsquo;est achev\u00e9e ce dimanche, \u00e0 Ostersund. Une saison au terme de laquelle Tiril Eckhoff et Johannes Boe se sont impos\u00e9s au classement g\u00e9n\u00e9ral. Apr\u00e8s pas moins de 70 courses, toutes plus palpitantes les unes que les autres, il est temps de mettre en lumi\u00e8re ceux qui se sont illustr\u00e9s. Confirmations, belles ou mauvaises surprises ou encore gros rat\u00e9s, voici les tops et les flops de la saison.<\/p>\n","protected":false},"author":43,"featured_media":115831,"comment_status":"open","ping_status":"closed","sticky":false,"template":"","format":"standard","meta":{"_acf_changed":false,"_daextam_enable_autolinks":"","footnotes":""},"categories":[47040],"tags":[2695,2433,3745,2941,24,7214,7842],"class_list":["post-115675","post","type-post","status-publish","format-standard","has-post-thumbnail","hentry","category-coupe-du-monde-de-biathlon","tag-coupe-du-monde-de-biathlon","tag-johannes-boe","tag-quentin-fillon-maillet","tag-simon-desthieux","tag-sport","tag-tiril-eckhoff","tag-tops-et-flops"],"acf":[],"yoast_head":"<!-- This site is optimized with the Yoast SEO Premium plugin v26.7 (Yoast SEO v26.7) - https:\/\/yoast.com\/wordpress\/plugins\/seo\/ -->\n<title>Coupe du monde de biathlon : les tops et les flops de la saison<\/title>\n<meta name=\"description\" content=\"COUPE DU MONDE DE BIATHLON 2020-2021 - La saison s&#039;est achev\u00e9e ce dimanche, \u00e0 Ostersund. D\u00e9couvrez les tops et flops d&#039;une saison intense.\" \/>\n<meta name=\"robots\" content=\"index, follow, max-snippet:-1, max-image-preview:large, max-video-preview:-1\" \/>\n<link rel=\"canonical\" href=\"https:\/\/dicodusport.fr\/blog\/coupe-du-monde-de-biathlon-tops-et-flops-de-la-saison\/\" \/>\n<link rel=\"next\" href=\"https:\/\/dicodusport.fr\/blog\/coupe-du-monde-de-biathlon-tops-et-flops-de-la-saison\/2\/\" \/>\n<meta property=\"og:locale\" content=\"fr_FR\" \/>\n<meta property=\"og:type\" content=\"article\" \/>\n<meta property=\"og:title\" content=\"Coupe du monde de biathlon : les tops et les flops de la saison\" \/>\n<meta property=\"og:description\" content=\"COUPE DU MONDE DE BIATHLON 2020-2021 - La saison s&#039;est achev\u00e9e ce dimanche, \u00e0 Ostersund. D\u00e9couvrez les tops et flops d&#039;une saison intense.\" \/>\n<meta property=\"og:url\" content=\"https:\/\/dicodusport.fr\/blog\/coupe-du-monde-de-biathlon-tops-et-flops-de-la-saison\/\" \/>\n<meta property=\"og:site_name\" content=\"Dicodusport\" \/>\n<meta property=\"article:publisher\" content=\"https:\/\/www.facebook.com\/dicodusport\" \/>\n<meta property=\"article:author\" content=\"https:\/\/www.facebook.com\/Max.Bld2\/\" \/>\n<meta property=\"article:published_time\" content=\"2021-03-23T10:38:06+00:00\" \/>\n<meta property=\"article:modified_time\" content=\"2021-03-23T11:31:09+00:00\" \/>\n<meta property=\"og:image\" content=\"https:\/\/dicodusport.fr\/blog\/wp-content\/uploads\/2021\/03\/Coupe-du-monde-de-biathlon-Les-tops-et-les-flops-de-la-saison.png\" \/>\n\t<meta property=\"og:image:width\" content=\"800\" \/>\n\t<meta property=\"og:image:height\" content=\"445\" \/>\n\t<meta property=\"og:image:type\" content=\"image\/png\" \/>\n<meta name=\"author\" content=\"Maxime Boulard\" \/>\n<meta name=\"twitter:card\" content=\"summary_large_image\" \/>\n<meta name=\"twitter:title\" content=\"Coupe du monde de biathlon : les tops et les flops de la saison\" \/>\n<meta name=\"twitter:creator\" content=\"@https:\/\/twitter.com\/MaximeB_2\" \/>\n<meta name=\"twitter:site\" content=\"@dicodusport\" \/>\n<script type=\"application\/ld+json\" class=\"yoast-schema-graph\">{\"@context\":\"https:\/\/schema.org\",\"@graph\":[{\"@type\":\"NewsArticle\",\"@id\":\"https:\/\/dicodusport.fr\/blog\/coupe-du-monde-de-biathlon-tops-et-flops-de-la-saison\/#article\",\"isPartOf\":{\"@id\":\"https:\/\/dicodusport.fr\/blog\/coupe-du-monde-de-biathlon-tops-et-flops-de-la-saison\/\"},\"author\":{\"name\":\"Maxime Boulard\",\"@id\":\"https:\/\/dicodusport.fr\/blog\/#\/schema\/person\/5aab10ee856e86ac63e9819a9da34784\"},\"headline\":\"Coupe du monde de biathlon : les tops et les flops de la saison\",\"datePublished\":\"2021-03-23T10:38:06+00:00\",\"dateModified\":\"2021-03-23T11:31:09+00:00\",\"mainEntityOfPage\":{\"@id\":\"https:\/\/dicodusport.fr\/blog\/coupe-du-monde-de-biathlon-tops-et-flops-de-la-saison\/\"},\"wordCount\":2209,\"commentCount\":0,\"publisher\":{\"@id\":\"https:\/\/dicodusport.fr\/blog\/#organization\"},\"image\":{\"@id\":\"https:\/\/dicodusport.fr\/blog\/coupe-du-monde-de-biathlon-tops-et-flops-de-la-saison\/#primaryimage\"},\"thumbnailUrl\":\"https:\/\/dicodusport.fr\/blog\/wp-content\/uploads\/2021\/03\/Coupe-du-monde-de-biathlon-Les-tops-et-les-flops-de-la-saison.png\",\"keywords\":[\"Coupe du monde de Biathlon\",\"Johannes Boe\",\"Quentin Fillon Maillet\",\"Simon Desthieux\",\"sport\",\"Tiril Eckhoff\",\"Tops et flops\"],\"articleSection\":[\"Coupe du monde de biathlon\"],\"inLanguage\":\"fr-FR\",\"potentialAction\":[{\"@type\":\"CommentAction\",\"name\":\"Comment\",\"target\":[\"https:\/\/dicodusport.fr\/blog\/coupe-du-monde-de-biathlon-tops-et-flops-de-la-saison\/#respond\"]}],\"copyrightYear\":\"2021\",\"copyrightHolder\":{\"@id\":\"https:\/\/dicodusport.fr\/blog\/#organization\"}},{\"@type\":\"WebPage\",\"@id\":\"https:\/\/dicodusport.fr\/blog\/coupe-du-monde-de-biathlon-tops-et-flops-de-la-saison\/\",\"url\":\"https:\/\/dicodusport.fr\/blog\/coupe-du-monde-de-biathlon-tops-et-flops-de-la-saison\/\",\"name\":\"Coupe du monde de biathlon : les tops et les flops de la saison\",\"isPartOf\":{\"@id\":\"https:\/\/dicodusport.fr\/blog\/#website\"},\"primaryImageOfPage\":{\"@id\":\"https:\/\/dicodusport.fr\/blog\/coupe-du-monde-de-biathlon-tops-et-flops-de-la-saison\/#primaryimage\"},\"image\":{\"@id\":\"https:\/\/dicodusport.fr\/blog\/coupe-du-monde-de-biathlon-tops-et-flops-de-la-saison\/#primaryimage\"},\"thumbnailUrl\":\"https:\/\/dicodusport.fr\/blog\/wp-content\/uploads\/2021\/03\/Coupe-du-monde-de-biathlon-Les-tops-et-les-flops-de-la-saison.png\",\"datePublished\":\"2021-03-23T10:38:06+00:00\",\"dateModified\":\"2021-03-23T11:31:09+00:00\",\"description\":\"COUPE DU MONDE DE BIATHLON 2020-2021 - La saison s'est achev\u00e9e ce dimanche, \u00e0 Ostersund. D\u00e9couvrez les tops et flops d'une saison intense.\",\"inLanguage\":\"fr-FR\",\"potentialAction\":[{\"@type\":\"ReadAction\",\"target\":[\"https:\/\/dicodusport.fr\/blog\/coupe-du-monde-de-biathlon-tops-et-flops-de-la-saison\/\"]}]},{\"@type\":\"ImageObject\",\"inLanguage\":\"fr-FR\",\"@id\":\"https:\/\/dicodusport.fr\/blog\/coupe-du-monde-de-biathlon-tops-et-flops-de-la-saison\/#primaryimage\",\"url\":\"https:\/\/dicodusport.fr\/blog\/wp-content\/uploads\/2021\/03\/Coupe-du-monde-de-biathlon-Les-tops-et-les-flops-de-la-saison.png\",\"contentUrl\":\"https:\/\/dicodusport.fr\/blog\/wp-content\/uploads\/2021\/03\/Coupe-du-monde-de-biathlon-Les-tops-et-les-flops-de-la-saison.png\",\"width\":800,\"height\":445,\"caption\":\"Coupe du monde de biathlon - Les tops et les flops de la saison\"},{\"@type\":\"WebSite\",\"@id\":\"https:\/\/dicodusport.fr\/blog\/#website\",\"url\":\"https:\/\/dicodusport.fr\/blog\/\",\"name\":\"Dicodusport\",\"description\":\"L&#039;encyclop\u00e9die de l&#039;actualit\u00e9 sportive\",\"publisher\":{\"@id\":\"https:\/\/dicodusport.fr\/blog\/#organization\"},\"potentialAction\":[{\"@type\":\"SearchAction\",\"target\":{\"@type\":\"EntryPoint\",\"urlTemplate\":\"https:\/\/dicodusport.fr\/blog\/?s={search_term_string}\"},\"query-input\":{\"@type\":\"PropertyValueSpecification\",\"valueRequired\":true,\"valueName\":\"search_term_string\"}}],\"inLanguage\":\"fr-FR\"},{\"@type\":\"NewsMediaOrganization\",\"@id\":\"https:\/\/dicodusport.fr\/blog\/#organization\",\"name\":\"Dicodusport\",\"url\":\"https:\/\/dicodusport.fr\/blog\/\",\"logo\":{\"@type\":\"ImageObject\",\"inLanguage\":\"fr-FR\",\"@id\":\"https:\/\/dicodusport.fr\/blog\/#\/schema\/logo\/image\/\",\"url\":\"https:\/\/dicodusport.fr\/blog\/wp-content\/uploads\/2020\/06\/cropped-LOGO-DICODUSPORT-2020-SANS-FOND-SANS-TEXTE.png\",\"contentUrl\":\"https:\/\/dicodusport.fr\/blog\/wp-content\/uploads\/2020\/06\/cropped-LOGO-DICODUSPORT-2020-SANS-FOND-SANS-TEXTE.png\",\"width\":512,\"height\":512,\"caption\":\"Dicodusport\"},\"image\":{\"@id\":\"https:\/\/dicodusport.fr\/blog\/#\/schema\/logo\/image\/\"},\"sameAs\":[\"https:\/\/www.facebook.com\/dicodusport\",\"https:\/\/x.com\/dicodusport\",\"https:\/\/www.instagram.com\/dicodusport\/\",\"https:\/\/www.youtube.com\/channel\/UC7V2KZ5sd3htJivAbA4ZG3w\"],\"description\":\"Dicodusport est l'encyclop\u00e9die de l'actualit\u00e9 sportive.\",\"email\":\"bonjour@dicodusport.fr\",\"legalName\":\"DICODUSPORT\",\"foundingDate\":\"2018-01-14\",\"vatID\":\"FR71834470973\",\"taxID\":\"83447097300043\",\"numberOfEmployees\":{\"@type\":\"QuantitativeValue\",\"minValue\":\"1\",\"maxValue\":\"10\"}},{\"@type\":\"Person\",\"@id\":\"https:\/\/dicodusport.fr\/blog\/#\/schema\/person\/5aab10ee856e86ac63e9819a9da34784\",\"name\":\"Maxime Boulard\",\"image\":{\"@type\":\"ImageObject\",\"inLanguage\":\"fr-FR\",\"@id\":\"https:\/\/dicodusport.fr\/blog\/#\/schema\/person\/image\/\",\"url\":\"https:\/\/dicodusport.fr\/blog\/wp-content\/uploads\/2021\/05\/Maxime-Boulard-150x150.jpg\",\"contentUrl\":\"https:\/\/dicodusport.fr\/blog\/wp-content\/uploads\/2021\/05\/Maxime-Boulard-150x150.jpg\",\"caption\":\"Maxime Boulard\"},\"description\":\"Journaliste\/r\u00e9dacteur depuis octobre 2020 - Si mon plus vieux souvenir de sport aurait pu m'en d\u00e9go\u00fbter, la finale de la Coupe du monde 2006 a \u00e9t\u00e9 tout le contraire. V\u00e9ritable d\u00e9clencheur d'une passion qui aujourd'hui ne fait que grandir avec le temps, mon leitmotiv est la France qui brille ! Je relate les exploits pass\u00e9s et pr\u00e9sents du sport bleu-blanc-rouge sans m\u00e9nagement depuis octobre 2020. Sport valide ou handisport, aucune diff\u00e9rence, il n'y a que du sport et plusieurs fa\u00e7ons de le pratiquer.\",\"sameAs\":[\"https:\/\/www.facebook.com\/Max.Bld2\/\",\"https:\/\/x.com\/https:\/\/twitter.com\/MaximeB_2\"],\"url\":\"https:\/\/dicodusport.fr\/blog\/author\/maxime-b\/\"}]}<\/script>\n<!-- \/ Yoast SEO Premium plugin. -->","yoast_head_json":{"title":"Coupe du monde de biathlon : les tops et les flops de la saison","description":"COUPE DU MONDE DE BIATHLON 2020-2021 - La saison s'est achev\u00e9e ce dimanche, \u00e0 Ostersund. D\u00e9couvrez les tops et flops d'une saison intense.","robots":{"index":"index","follow":"follow","max-snippet":"max-snippet:-1","max-image-preview":"max-image-preview:large","max-video-preview":"max-video-preview:-1"},"canonical":"https:\/\/dicodusport.fr\/blog\/coupe-du-monde-de-biathlon-tops-et-flops-de-la-saison\/","next":"https:\/\/dicodusport.fr\/blog\/coupe-du-monde-de-biathlon-tops-et-flops-de-la-saison\/2\/","og_locale":"fr_FR","og_type":"article","og_title":"Coupe du monde de biathlon : les tops et les flops de la saison","og_description":"COUPE DU MONDE DE BIATHLON 2020-2021 - La saison s'est achev\u00e9e ce dimanche, \u00e0 Ostersund. D\u00e9couvrez les tops et flops d'une saison intense.","og_url":"https:\/\/dicodusport.fr\/blog\/coupe-du-monde-de-biathlon-tops-et-flops-de-la-saison\/","og_site_name":"Dicodusport","article_publisher":"https:\/\/www.facebook.com\/dicodusport","article_author":"https:\/\/www.facebook.com\/Max.Bld2\/","article_published_time":"2021-03-23T10:38:06+00:00","article_modified_time":"2021-03-23T11:31:09+00:00","og_image":[{"width":800,"height":445,"url":"https:\/\/dicodusport.fr\/blog\/wp-content\/uploads\/2021\/03\/Coupe-du-monde-de-biathlon-Les-tops-et-les-flops-de-la-saison.png","type":"image\/png"}],"author":"Maxime Boulard","twitter_card":"summary_large_image","twitter_title":"Coupe du monde de biathlon : les tops et les flops de la saison","twitter_creator":"@https:\/\/twitter.com\/MaximeB_2","twitter_site":"@dicodusport","schema":{"@context":"https:\/\/schema.org","@graph":[{"@type":"NewsArticle","@id":"https:\/\/dicodusport.fr\/blog\/coupe-du-monde-de-biathlon-tops-et-flops-de-la-saison\/#article","isPartOf":{"@id":"https:\/\/dicodusport.fr\/blog\/coupe-du-monde-de-biathlon-tops-et-flops-de-la-saison\/"},"author":{"name":"Maxime Boulard","@id":"https:\/\/dicodusport.fr\/blog\/#\/schema\/person\/5aab10ee856e86ac63e9819a9da34784"},"headline":"Coupe du monde de biathlon : les tops et les flops de la saison","datePublished":"2021-03-23T10:38:06+00:00","dateModified":"2021-03-23T11:31:09+00:00","mainEntityOfPage":{"@id":"https:\/\/dicodusport.fr\/blog\/coupe-du-monde-de-biathlon-tops-et-flops-de-la-saison\/"},"wordCount":2209,"commentCount":0,"publisher":{"@id":"https:\/\/dicodusport.fr\/blog\/#organization"},"image":{"@id":"https:\/\/dicodusport.fr\/blog\/coupe-du-monde-de-biathlon-tops-et-flops-de-la-saison\/#primaryimage"},"thumbnailUrl":"https:\/\/dicodusport.fr\/blog\/wp-content\/uploads\/2021\/03\/Coupe-du-monde-de-biathlon-Les-tops-et-les-flops-de-la-saison.png","keywords":["Coupe du monde de Biathlon","Johannes Boe","Quentin Fillon Maillet","Simon Desthieux","sport","Tiril Eckhoff","Tops et flops"],"articleSection":["Coupe du monde de biathlon"],"inLanguage":"fr-FR","potentialAction":[{"@type":"CommentAction","name":"Comment","target":["https:\/\/dicodusport.fr\/blog\/coupe-du-monde-de-biathlon-tops-et-flops-de-la-saison\/#respond"]}],"copyrightYear":"2021","copyrightHolder":{"@id":"https:\/\/dicodusport.fr\/blog\/#organization"}},{"@type":"WebPage","@id":"https:\/\/dicodusport.fr\/blog\/coupe-du-monde-de-biathlon-tops-et-flops-de-la-saison\/","url":"https:\/\/dicodusport.fr\/blog\/coupe-du-monde-de-biathlon-tops-et-flops-de-la-saison\/","name":"Coupe du monde de biathlon : les tops et les flops de la saison","isPartOf":{"@id":"https:\/\/dicodusport.fr\/blog\/#website"},"primaryImageOfPage":{"@id":"https:\/\/dicodusport.fr\/blog\/coupe-du-monde-de-biathlon-tops-et-flops-de-la-saison\/#primaryimage"},"image":{"@id":"https:\/\/dicodusport.fr\/blog\/coupe-du-monde-de-biathlon-tops-et-flops-de-la-saison\/#primaryimage"},"thumbnailUrl":"https:\/\/dicodusport.fr\/blog\/wp-content\/uploads\/2021\/03\/Coupe-du-monde-de-biathlon-Les-tops-et-les-flops-de-la-saison.png","datePublished":"2021-03-23T10:38:06+00:00","dateModified":"2021-03-23T11:31:09+00:00","description":"COUPE DU MONDE DE BIATHLON 2020-2021 - La saison s'est achev\u00e9e ce dimanche, \u00e0 Ostersund. D\u00e9couvrez les tops et flops d'une saison intense.","inLanguage":"fr-FR","potentialAction":[{"@type":"ReadAction","target":["https:\/\/dicodusport.fr\/blog\/coupe-du-monde-de-biathlon-tops-et-flops-de-la-saison\/"]}]},{"@type":"ImageObject","inLanguage":"fr-FR","@id":"https:\/\/dicodusport.fr\/blog\/coupe-du-monde-de-biathlon-tops-et-flops-de-la-saison\/#primaryimage","url":"https:\/\/dicodusport.fr\/blog\/wp-content\/uploads\/2021\/03\/Coupe-du-monde-de-biathlon-Les-tops-et-les-flops-de-la-saison.png","contentUrl":"https:\/\/dicodusport.fr\/blog\/wp-content\/uploads\/2021\/03\/Coupe-du-monde-de-biathlon-Les-tops-et-les-flops-de-la-saison.png","width":800,"height":445,"caption":"Coupe du monde de biathlon - Les tops et les flops de la saison"},{"@type":"WebSite","@id":"https:\/\/dicodusport.fr\/blog\/#website","url":"https:\/\/dicodusport.fr\/blog\/","name":"Dicodusport","description":"L&#039;encyclop\u00e9die de l&#039;actualit\u00e9 sportive","publisher":{"@id":"https:\/\/dicodusport.fr\/blog\/#organization"},"potentialAction":[{"@type":"SearchAction","target":{"@type":"EntryPoint","urlTemplate":"https:\/\/dicodusport.fr\/blog\/?s={search_term_string}"},"query-input":{"@type":"PropertyValueSpecification","valueRequired":true,"valueName":"search_term_string"}}],"inLanguage":"fr-FR"},{"@type":"NewsMediaOrganization","@id":"https:\/\/dicodusport.fr\/blog\/#organization","name":"Dicodusport","url":"https:\/\/dicodusport.fr\/blog\/","logo":{"@type":"ImageObject","inLanguage":"fr-FR","@id":"https:\/\/dicodusport.fr\/blog\/#\/schema\/logo\/image\/","url":"https:\/\/dicodusport.fr\/blog\/wp-content\/uploads\/2020\/06\/cropped-LOGO-DICODUSPORT-2020-SANS-FOND-SANS-TEXTE.png","contentUrl":"https:\/\/dicodusport.fr\/blog\/wp-content\/uploads\/2020\/06\/cropped-LOGO-DICODUSPORT-2020-SANS-FOND-SANS-TEXTE.png","width":512,"height":512,"caption":"Dicodusport"},"image":{"@id":"https:\/\/dicodusport.fr\/blog\/#\/schema\/logo\/image\/"},"sameAs":["https:\/\/www.facebook.com\/dicodusport","https:\/\/x.com\/dicodusport","https:\/\/www.instagram.com\/dicodusport\/","https:\/\/www.youtube.com\/channel\/UC7V2KZ5sd3htJivAbA4ZG3w"],"description":"Dicodusport est l'encyclop\u00e9die de l'actualit\u00e9 sportive.","email":"bonjour@dicodusport.fr","legalName":"DICODUSPORT","foundingDate":"2018-01-14","vatID":"FR71834470973","taxID":"83447097300043","numberOfEmployees":{"@type":"QuantitativeValue","minValue":"1","maxValue":"10"}},{"@type":"Person","@id":"https:\/\/dicodusport.fr\/blog\/#\/schema\/person\/5aab10ee856e86ac63e9819a9da34784","name":"Maxime Boulard","image":{"@type":"ImageObject","inLanguage":"fr-FR","@id":"https:\/\/dicodusport.fr\/blog\/#\/schema\/person\/image\/","url":"https:\/\/dicodusport.fr\/blog\/wp-content\/uploads\/2021\/05\/Maxime-Boulard-150x150.jpg","contentUrl":"https:\/\/dicodusport.fr\/blog\/wp-content\/uploads\/2021\/05\/Maxime-Boulard-150x150.jpg","caption":"Maxime Boulard"},"description":"Journaliste\/r\u00e9dacteur depuis octobre 2020 - Si mon plus vieux souvenir de sport aurait pu m'en d\u00e9go\u00fbter, la finale de la Coupe du monde 2006 a \u00e9t\u00e9 tout le contraire. V\u00e9ritable d\u00e9clencheur d'une passion qui aujourd'hui ne fait que grandir avec le temps, mon leitmotiv est la France qui brille ! Je relate les exploits pass\u00e9s et pr\u00e9sents du sport bleu-blanc-rouge sans m\u00e9nagement depuis octobre 2020. Sport valide ou handisport, aucune diff\u00e9rence, il n'y a que du sport et plusieurs fa\u00e7ons de le pratiquer.","sameAs":["https:\/\/www.facebook.com\/Max.Bld2\/","https:\/\/x.com\/https:\/\/twitter.com\/MaximeB_2"],"url":"https:\/\/dicodusport.fr\/blog\/author\/maxime-b\/"}]}},"_links":{"self":[{"href":"https:\/\/dicodusport.fr\/blog\/wp-json\/wp\/v2\/posts\/115675","targetHints":{"allow":["GET"]}}],"collection":[{"href":"https:\/\/dicodusport.fr\/blog\/wp-json\/wp\/v2\/posts"}],"about":[{"href":"https:\/\/dicodusport.fr\/blog\/wp-json\/wp\/v2\/types\/post"}],"author":[{"embeddable":true,"href":"https:\/\/dicodusport.fr\/blog\/wp-json\/wp\/v2\/users\/43"}],"replies":[{"embeddable":true,"href":"https:\/\/dicodusport.fr\/blog\/wp-json\/wp\/v2\/comments?post=115675"}],"version-history":[{"count":0,"href":"https:\/\/dicodusport.fr\/blog\/wp-json\/wp\/v2\/posts\/115675\/revisions"}],"wp:featuredmedia":[{"embeddable":true,"href":"https:\/\/dicodusport.fr\/blog\/wp-json\/wp\/v2\/media\/115831"}],"wp:attachment":[{"href":"https:\/\/dicodusport.fr\/blog\/wp-json\/wp\/v2\/media?parent=115675"}],"wp:term":[{"taxonomy":"category","embeddable":true,"href":"https:\/\/dicodusport.fr\/blog\/wp-json\/wp\/v2\/categories?post=115675"},{"taxonomy":"post_tag","embeddable":true,"href":"https:\/\/dicodusport.fr\/blog\/wp-json\/wp\/v2\/tags?post=115675"}],"curies":[{"name":"wp","href":"https:\/\/api.w.org\/{rel}","templated":true}]}}