{"id":115843,"date":"2021-03-23T13:13:38","date_gmt":"2021-03-23T12:13:38","guid":{"rendered":"https:\/\/dicodusport.fr\/blog\/?p=115843"},"modified":"2021-03-23T14:22:04","modified_gmt":"2021-03-23T13:22:04","slug":"rene-bouscatel-elu-a-la-tete-de-la-lnr","status":"publish","type":"post","link":"https:\/\/dicodusport.fr\/blog\/rene-bouscatel-elu-a-la-tete-de-la-lnr\/","title":{"rendered":"Ren\u00e9 Bouscatel \u00e9lu \u00e0 la t\u00eate de la LNR"},"content":{"rendered":"<p style=\"text-align: justify;\"><em><strong>RUGBY &#8211; Ce mardi, Ren\u00e9 Bouscatel a \u00e9t\u00e9 \u00e9lu pr\u00e9sident de la Ligue National de Rugby (LNR). En battant Vincent Merling, m\u00eame pas \u00e9lu au comit\u00e9 directeur, il succ\u00e8de \u00e0 Paul Goze \u00e0 la t\u00eate de la LNR.\u00a0<\/strong><\/em><\/p>\n<p style=\"text-align: justify;\">On connait enfin le nom du successeur de <strong>Paul Goze<\/strong> \u00e0 la t\u00eate de la LNR. Ce mardi, c&rsquo;est <strong>Ren\u00e9<\/strong> <strong>Bouscatel<\/strong> (74 ans) qui a remport\u00e9 l&rsquo;\u00e9lection, et qui sera donc le nouveau pr\u00e9sident de la Ligue. Son seul concurrent,<strong> Vincent Merling<\/strong> (70 ans) n&rsquo;a tout d&rsquo;abord pas \u00e9t\u00e9 \u00e9lu au comit\u00e9 directeur de la Ligue parmi les repr\u00e9sentants du Top14. En cons\u00e9quence, le pr\u00e9sident de <strong>La Rochelle<\/strong> n&rsquo;a pas pu pr\u00e9senter sa candidature \u00e0 la pr\u00e9sidence de la LNR, laissant la voie libre \u00e0 l&rsquo;ancien dirigeant du <strong>Stade Toulousain<\/strong>.\u00a0A la t\u00eate de l&rsquo;instance, <strong>Bouscatel\u00a0<\/strong>aura la lourde t\u00e2che de tenter de r\u00e9concilier la Ligue, la F\u00e9d\u00e9ration et les clubs de Top 14. Pas une mince affaire, \u00e0 seulement deux ans du Mondial.<\/p>\n<p style=\"text-align: justify;\">Pour <strong>Vincent Merling<\/strong>, c&rsquo;est une d\u00e9faite aux allures de d\u00e9b\u00e2cle. Le Rochelais, encore favori il y a quelques semaines, n&rsquo;a pas r\u00e9ussi \u00e0 tirer son \u00e9pingle du jeu, malgr\u00e9 le ralliement de l&rsquo;ancien pr\u00e9sident d&rsquo;Agen, <strong>Alain<\/strong> <strong>Tingaud<\/strong>.<\/p>\n<blockquote class=\"twitter-tweet\">\n<p dir=\"ltr\" lang=\"fr\">L&rsquo;Assembl\u00e9e G\u00e9n\u00e9rale a \u00e9galement proc\u00e9d\u00e9 au renouvellement des membres du Comit\u00e9 Directeur &#x27a1;&#xfe0f; <a href=\"https:\/\/t.co\/DCVjhhWC9D\">https:\/\/t.co\/DCVjhhWC9D<\/a> <a href=\"https:\/\/t.co\/e3wDL0y611\">pic.twitter.com\/e3wDL0y611<\/a><\/p>\n<p>\u2014 Ligue Nationale de Rugby (@LNRofficiel) <a href=\"https:\/\/twitter.com\/LNRofficiel\/status\/1374332723624607745?ref_src=twsrc%5Etfw\">March 23, 2021<\/a><\/p><\/blockquote>\n<p><script async src=\"https:\/\/platform.twitter.com\/widgets.js\" charset=\"utf-8\"><\/script><\/p>\n<p><em><strong>Antonin Gizolme<br \/>\n<\/strong><\/em><strong><em><a href=\"https:\/\/twitter.com\/AntoninGizolme\" target=\"_blank\" rel=\"noopener noreferrer\"><img loading=\"lazy\" decoding=\"async\" class=\"jetpack-lazy-image jetpack-lazy-image--handled alignnone wp-image-2908\" src=\"https:\/\/i1.wp.com\/dicodusport.fr\/blog\/wp-content\/uploads\/2017\/07\/logo-twitter-150x150.png?resize=39%2C39\" alt=\"\" width=\"39\" height=\"39\" data-lazy-loaded=\"1\" \/><\/a><\/em><\/strong><\/p>\n","protected":false},"excerpt":{"rendered":"<p>RUGBY &#8211; Ce mardi, Ren\u00e9 Bouscatel a \u00e9t\u00e9 \u00e9lu pr\u00e9sident de la Ligue National de Rugby (LNR). En battant Vincent Merling, m\u00eame pas \u00e9lu au comit\u00e9 directeur, il succ\u00e8de \u00e0 Paul Goze \u00e0 la t\u00eate de la LNR.\u00a0<\/p>\n","protected":false},"author":51,"featured_media":115854,"comment_status":"open","ping_status":"closed","sticky":false,"template":"","format":"standard","meta":{"_acf_changed":false,"_daextam_enable_autolinks":"","footnotes":""},"categories":[2303],"tags":[3217,13,7019],"class_list":["post-115843","post","type-post","status-publish","format-standard","has-post-thumbnail","hentry","category-rugby","tag-lnr","tag-rugby","tag-top14"],"acf":[],"yoast_head":"<!-- This site is optimized with the Yoast SEO Premium plugin v26.7 (Yoast SEO v26.7) - https:\/\/yoast.com\/wordpress\/plugins\/seo\/ -->\n<title>Ren\u00e9 Bouscatel \u00e9lu \u00e0 la t\u00eate de la LNR<\/title>\n<meta name=\"description\" content=\"Ce mardi, Ren\u00e9 Bouscatel a \u00e9t\u00e9 \u00e9lu pr\u00e9sident de la Ligue National de Rugby (LNR). Il succ\u00e8de \u00e0 Paul Goze \u00e0 la t\u00eate de la LNR.\u00a0\" \/>\n<meta name=\"robots\" content=\"index, follow, max-snippet:-1, max-image-preview:large, max-video-preview:-1\" \/>\n<link rel=\"canonical\" href=\"https:\/\/dicodusport.fr\/blog\/rene-bouscatel-elu-a-la-tete-de-la-lnr\/\" \/>\n<meta property=\"og:locale\" content=\"fr_FR\" \/>\n<meta property=\"og:type\" content=\"article\" \/>\n<meta property=\"og:title\" content=\"Ren\u00e9 Bouscatel \u00e9lu \u00e0 la t\u00eate de la LNR\" \/>\n<meta property=\"og:description\" content=\"Ce mardi, Ren\u00e9 Bouscatel a \u00e9t\u00e9 \u00e9lu pr\u00e9sident de la Ligue National de Rugby (LNR). Il succ\u00e8de \u00e0 Paul Goze \u00e0 la t\u00eate de la LNR.\u00a0\" \/>\n<meta property=\"og:url\" content=\"https:\/\/dicodusport.fr\/blog\/rene-bouscatel-elu-a-la-tete-de-la-lnr\/\" \/>\n<meta property=\"og:site_name\" content=\"Dicodusport\" \/>\n<meta property=\"article:publisher\" content=\"https:\/\/www.facebook.com\/dicodusport\" \/>\n<meta property=\"article:published_time\" content=\"2021-03-23T12:13:38+00:00\" \/>\n<meta property=\"article:modified_time\" content=\"2021-03-23T13:22:04+00:00\" \/>\n<meta property=\"og:image\" content=\"https:\/\/dicodusport.fr\/blog\/wp-content\/uploads\/2021\/03\/Rene-Bouscatel-elu-a-la-tete-de-la-LNR.png\" \/>\n\t<meta property=\"og:image:width\" content=\"800\" \/>\n\t<meta property=\"og:image:height\" content=\"445\" \/>\n\t<meta property=\"og:image:type\" content=\"image\/png\" \/>\n<meta name=\"author\" content=\"Antonin Gizolme\" \/>\n<meta name=\"twitter:card\" content=\"summary_large_image\" \/>\n<meta name=\"twitter:title\" content=\"Ren\u00e9 Bouscatel \u00e9lu \u00e0 la t\u00eate de la LNR\" \/>\n<meta name=\"twitter:creator\" content=\"@https:\/\/twitter.com\/AntoninGizolme\" \/>\n<meta name=\"twitter:site\" content=\"@dicodusport\" \/>\n<script type=\"application\/ld+json\" class=\"yoast-schema-graph\">{\"@context\":\"https:\/\/schema.org\",\"@graph\":[{\"@type\":\"NewsArticle\",\"@id\":\"https:\/\/dicodusport.fr\/blog\/rene-bouscatel-elu-a-la-tete-de-la-lnr\/#article\",\"isPartOf\":{\"@id\":\"https:\/\/dicodusport.fr\/blog\/rene-bouscatel-elu-a-la-tete-de-la-lnr\/\"},\"author\":{\"name\":\"Antonin Gizolme\",\"@id\":\"https:\/\/dicodusport.fr\/blog\/#\/schema\/person\/b5f72959ae80a547dcc15f019adf6e0c\"},\"headline\":\"Ren\u00e9 Bouscatel \u00e9lu \u00e0 la t\u00eate de la LNR\",\"datePublished\":\"2021-03-23T12:13:38+00:00\",\"dateModified\":\"2021-03-23T13:22:04+00:00\",\"mainEntityOfPage\":{\"@id\":\"https:\/\/dicodusport.fr\/blog\/rene-bouscatel-elu-a-la-tete-de-la-lnr\/\"},\"wordCount\":270,\"commentCount\":0,\"publisher\":{\"@id\":\"https:\/\/dicodusport.fr\/blog\/#organization\"},\"image\":{\"@id\":\"https:\/\/dicodusport.fr\/blog\/rene-bouscatel-elu-a-la-tete-de-la-lnr\/#primaryimage\"},\"thumbnailUrl\":\"https:\/\/dicodusport.fr\/blog\/wp-content\/uploads\/2021\/03\/Rene-Bouscatel-elu-a-la-tete-de-la-LNR.png\",\"keywords\":[\"LNR\",\"Rugby\",\"Top14\"],\"articleSection\":[\"Rugby\"],\"inLanguage\":\"fr-FR\",\"potentialAction\":[{\"@type\":\"CommentAction\",\"name\":\"Comment\",\"target\":[\"https:\/\/dicodusport.fr\/blog\/rene-bouscatel-elu-a-la-tete-de-la-lnr\/#respond\"]}],\"copyrightYear\":\"2021\",\"copyrightHolder\":{\"@id\":\"https:\/\/dicodusport.fr\/blog\/#organization\"}},{\"@type\":\"WebPage\",\"@id\":\"https:\/\/dicodusport.fr\/blog\/rene-bouscatel-elu-a-la-tete-de-la-lnr\/\",\"url\":\"https:\/\/dicodusport.fr\/blog\/rene-bouscatel-elu-a-la-tete-de-la-lnr\/\",\"name\":\"Ren\u00e9 Bouscatel \u00e9lu \u00e0 la t\u00eate de la LNR\",\"isPartOf\":{\"@id\":\"https:\/\/dicodusport.fr\/blog\/#website\"},\"primaryImageOfPage\":{\"@id\":\"https:\/\/dicodusport.fr\/blog\/rene-bouscatel-elu-a-la-tete-de-la-lnr\/#primaryimage\"},\"image\":{\"@id\":\"https:\/\/dicodusport.fr\/blog\/rene-bouscatel-elu-a-la-tete-de-la-lnr\/#primaryimage\"},\"thumbnailUrl\":\"https:\/\/dicodusport.fr\/blog\/wp-content\/uploads\/2021\/03\/Rene-Bouscatel-elu-a-la-tete-de-la-LNR.png\",\"datePublished\":\"2021-03-23T12:13:38+00:00\",\"dateModified\":\"2021-03-23T13:22:04+00:00\",\"description\":\"Ce mardi, Ren\u00e9 Bouscatel a \u00e9t\u00e9 \u00e9lu pr\u00e9sident de la Ligue National de Rugby (LNR). Il succ\u00e8de \u00e0 Paul Goze \u00e0 la t\u00eate de la LNR.\u00a0\",\"breadcrumb\":{\"@id\":\"https:\/\/dicodusport.fr\/blog\/rene-bouscatel-elu-a-la-tete-de-la-lnr\/#breadcrumb\"},\"inLanguage\":\"fr-FR\",\"potentialAction\":[{\"@type\":\"ReadAction\",\"target\":[\"https:\/\/dicodusport.fr\/blog\/rene-bouscatel-elu-a-la-tete-de-la-lnr\/\"]}]},{\"@type\":\"ImageObject\",\"inLanguage\":\"fr-FR\",\"@id\":\"https:\/\/dicodusport.fr\/blog\/rene-bouscatel-elu-a-la-tete-de-la-lnr\/#primaryimage\",\"url\":\"https:\/\/dicodusport.fr\/blog\/wp-content\/uploads\/2021\/03\/Rene-Bouscatel-elu-a-la-tete-de-la-LNR.png\",\"contentUrl\":\"https:\/\/dicodusport.fr\/blog\/wp-content\/uploads\/2021\/03\/Rene-Bouscatel-elu-a-la-tete-de-la-LNR.png\",\"width\":800,\"height\":445,\"caption\":\"Ren\u00e9 Bouscatel \u00e9lu \u00e0 la t\u00eate de la LNR\"},{\"@type\":\"BreadcrumbList\",\"@id\":\"https:\/\/dicodusport.fr\/blog\/rene-bouscatel-elu-a-la-tete-de-la-lnr\/#breadcrumb\",\"itemListElement\":[{\"@type\":\"ListItem\",\"position\":1,\"name\":\"Accueil\",\"item\":\"https:\/\/dicodusport.fr\/blog\/\"},{\"@type\":\"ListItem\",\"position\":2,\"name\":\"Ren\u00e9 Bouscatel \u00e9lu \u00e0 la t\u00eate de la LNR\"}]},{\"@type\":\"WebSite\",\"@id\":\"https:\/\/dicodusport.fr\/blog\/#website\",\"url\":\"https:\/\/dicodusport.fr\/blog\/\",\"name\":\"Dicodusport\",\"description\":\"L&#039;encyclop\u00e9die de l&#039;actualit\u00e9 sportive\",\"publisher\":{\"@id\":\"https:\/\/dicodusport.fr\/blog\/#organization\"},\"potentialAction\":[{\"@type\":\"SearchAction\",\"target\":{\"@type\":\"EntryPoint\",\"urlTemplate\":\"https:\/\/dicodusport.fr\/blog\/?s={search_term_string}\"},\"query-input\":{\"@type\":\"PropertyValueSpecification\",\"valueRequired\":true,\"valueName\":\"search_term_string\"}}],\"inLanguage\":\"fr-FR\"},{\"@type\":\"NewsMediaOrganization\",\"@id\":\"https:\/\/dicodusport.fr\/blog\/#organization\",\"name\":\"Dicodusport\",\"url\":\"https:\/\/dicodusport.fr\/blog\/\",\"logo\":{\"@type\":\"ImageObject\",\"inLanguage\":\"fr-FR\",\"@id\":\"https:\/\/dicodusport.fr\/blog\/#\/schema\/logo\/image\/\",\"url\":\"https:\/\/dicodusport.fr\/blog\/wp-content\/uploads\/2020\/06\/cropped-LOGO-DICODUSPORT-2020-SANS-FOND-SANS-TEXTE.png\",\"contentUrl\":\"https:\/\/dicodusport.fr\/blog\/wp-content\/uploads\/2020\/06\/cropped-LOGO-DICODUSPORT-2020-SANS-FOND-SANS-TEXTE.png\",\"width\":512,\"height\":512,\"caption\":\"Dicodusport\"},\"image\":{\"@id\":\"https:\/\/dicodusport.fr\/blog\/#\/schema\/logo\/image\/\"},\"sameAs\":[\"https:\/\/www.facebook.com\/dicodusport\",\"https:\/\/x.com\/dicodusport\",\"https:\/\/www.instagram.com\/dicodusport\/\",\"https:\/\/www.youtube.com\/channel\/UC7V2KZ5sd3htJivAbA4ZG3w\"],\"description\":\"Dicodusport est l'encyclop\u00e9die de l'actualit\u00e9 sportive.\",\"email\":\"bonjour@dicodusport.fr\",\"legalName\":\"DICODUSPORT\",\"foundingDate\":\"2018-01-14\",\"vatID\":\"FR71834470973\",\"taxID\":\"83447097300043\",\"numberOfEmployees\":{\"@type\":\"QuantitativeValue\",\"minValue\":\"1\",\"maxValue\":\"10\"}},{\"@type\":\"Person\",\"@id\":\"https:\/\/dicodusport.fr\/blog\/#\/schema\/person\/b5f72959ae80a547dcc15f019adf6e0c\",\"name\":\"Antonin Gizolme\",\"image\":{\"@type\":\"ImageObject\",\"inLanguage\":\"fr-FR\",\"@id\":\"https:\/\/dicodusport.fr\/blog\/#\/schema\/person\/image\/\",\"url\":\"https:\/\/dicodusport.fr\/blog\/wp-content\/uploads\/2021\/04\/Maillot-Anto-Dicodusport-150x150.png\",\"contentUrl\":\"https:\/\/dicodusport.fr\/blog\/wp-content\/uploads\/2021\/04\/Maillot-Anto-Dicodusport-150x150.png\",\"caption\":\"Antonin Gizolme\"},\"description\":\"Journaliste\/R\u00e9dacteur depuis mars 2021 - N\u00e9 un soir de Ligue des Champions, c\u2019est tout naturellement que je suis un passionn\u00e9 de football depuis ma plus tendre enfance. Durant des ann\u00e9es, j\u2019ai \u00e9t\u00e9 berc\u00e9 par la douce m\u00e9lodie de la Ligue des Champions, subjugu\u00e9 par les coups-francs de Juninho et admiratif devant les coups de reins de Karim Benzema. Malheureusement pour moi, mes genoux en carton m\u2019ont emp\u00each\u00e9 de suivre les traces de mes idoles pour \u00e9crire l\u2019Histoire. Alors, c\u2019est ici que je vais me charger de vous la raconter.\",\"sameAs\":[\"https:\/\/x.com\/https:\/\/twitter.com\/AntoninGizolme\"],\"url\":\"https:\/\/dicodusport.fr\/blog\/author\/antoning\/\"}]}<\/script>\n<!-- \/ Yoast SEO Premium plugin. -->","yoast_head_json":{"title":"Ren\u00e9 Bouscatel \u00e9lu \u00e0 la t\u00eate de la LNR","description":"Ce mardi, Ren\u00e9 Bouscatel a \u00e9t\u00e9 \u00e9lu pr\u00e9sident de la Ligue National de Rugby (LNR). Il succ\u00e8de \u00e0 Paul Goze \u00e0 la t\u00eate de la LNR.\u00a0","robots":{"index":"index","follow":"follow","max-snippet":"max-snippet:-1","max-image-preview":"max-image-preview:large","max-video-preview":"max-video-preview:-1"},"canonical":"https:\/\/dicodusport.fr\/blog\/rene-bouscatel-elu-a-la-tete-de-la-lnr\/","og_locale":"fr_FR","og_type":"article","og_title":"Ren\u00e9 Bouscatel \u00e9lu \u00e0 la t\u00eate de la LNR","og_description":"Ce mardi, Ren\u00e9 Bouscatel a \u00e9t\u00e9 \u00e9lu pr\u00e9sident de la Ligue National de Rugby (LNR). Il succ\u00e8de \u00e0 Paul Goze \u00e0 la t\u00eate de la LNR.\u00a0","og_url":"https:\/\/dicodusport.fr\/blog\/rene-bouscatel-elu-a-la-tete-de-la-lnr\/","og_site_name":"Dicodusport","article_publisher":"https:\/\/www.facebook.com\/dicodusport","article_published_time":"2021-03-23T12:13:38+00:00","article_modified_time":"2021-03-23T13:22:04+00:00","og_image":[{"width":800,"height":445,"url":"https:\/\/dicodusport.fr\/blog\/wp-content\/uploads\/2021\/03\/Rene-Bouscatel-elu-a-la-tete-de-la-LNR.png","type":"image\/png"}],"author":"Antonin Gizolme","twitter_card":"summary_large_image","twitter_title":"Ren\u00e9 Bouscatel \u00e9lu \u00e0 la t\u00eate de la LNR","twitter_creator":"@https:\/\/twitter.com\/AntoninGizolme","twitter_site":"@dicodusport","schema":{"@context":"https:\/\/schema.org","@graph":[{"@type":"NewsArticle","@id":"https:\/\/dicodusport.fr\/blog\/rene-bouscatel-elu-a-la-tete-de-la-lnr\/#article","isPartOf":{"@id":"https:\/\/dicodusport.fr\/blog\/rene-bouscatel-elu-a-la-tete-de-la-lnr\/"},"author":{"name":"Antonin Gizolme","@id":"https:\/\/dicodusport.fr\/blog\/#\/schema\/person\/b5f72959ae80a547dcc15f019adf6e0c"},"headline":"Ren\u00e9 Bouscatel \u00e9lu \u00e0 la t\u00eate de la LNR","datePublished":"2021-03-23T12:13:38+00:00","dateModified":"2021-03-23T13:22:04+00:00","mainEntityOfPage":{"@id":"https:\/\/dicodusport.fr\/blog\/rene-bouscatel-elu-a-la-tete-de-la-lnr\/"},"wordCount":270,"commentCount":0,"publisher":{"@id":"https:\/\/dicodusport.fr\/blog\/#organization"},"image":{"@id":"https:\/\/dicodusport.fr\/blog\/rene-bouscatel-elu-a-la-tete-de-la-lnr\/#primaryimage"},"thumbnailUrl":"https:\/\/dicodusport.fr\/blog\/wp-content\/uploads\/2021\/03\/Rene-Bouscatel-elu-a-la-tete-de-la-LNR.png","keywords":["LNR","Rugby","Top14"],"articleSection":["Rugby"],"inLanguage":"fr-FR","potentialAction":[{"@type":"CommentAction","name":"Comment","target":["https:\/\/dicodusport.fr\/blog\/rene-bouscatel-elu-a-la-tete-de-la-lnr\/#respond"]}],"copyrightYear":"2021","copyrightHolder":{"@id":"https:\/\/dicodusport.fr\/blog\/#organization"}},{"@type":"WebPage","@id":"https:\/\/dicodusport.fr\/blog\/rene-bouscatel-elu-a-la-tete-de-la-lnr\/","url":"https:\/\/dicodusport.fr\/blog\/rene-bouscatel-elu-a-la-tete-de-la-lnr\/","name":"Ren\u00e9 Bouscatel \u00e9lu \u00e0 la t\u00eate de la LNR","isPartOf":{"@id":"https:\/\/dicodusport.fr\/blog\/#website"},"primaryImageOfPage":{"@id":"https:\/\/dicodusport.fr\/blog\/rene-bouscatel-elu-a-la-tete-de-la-lnr\/#primaryimage"},"image":{"@id":"https:\/\/dicodusport.fr\/blog\/rene-bouscatel-elu-a-la-tete-de-la-lnr\/#primaryimage"},"thumbnailUrl":"https:\/\/dicodusport.fr\/blog\/wp-content\/uploads\/2021\/03\/Rene-Bouscatel-elu-a-la-tete-de-la-LNR.png","datePublished":"2021-03-23T12:13:38+00:00","dateModified":"2021-03-23T13:22:04+00:00","description":"Ce mardi, Ren\u00e9 Bouscatel a \u00e9t\u00e9 \u00e9lu pr\u00e9sident de la Ligue National de Rugby (LNR). Il succ\u00e8de \u00e0 Paul Goze \u00e0 la t\u00eate de la LNR.\u00a0","breadcrumb":{"@id":"https:\/\/dicodusport.fr\/blog\/rene-bouscatel-elu-a-la-tete-de-la-lnr\/#breadcrumb"},"inLanguage":"fr-FR","potentialAction":[{"@type":"ReadAction","target":["https:\/\/dicodusport.fr\/blog\/rene-bouscatel-elu-a-la-tete-de-la-lnr\/"]}]},{"@type":"ImageObject","inLanguage":"fr-FR","@id":"https:\/\/dicodusport.fr\/blog\/rene-bouscatel-elu-a-la-tete-de-la-lnr\/#primaryimage","url":"https:\/\/dicodusport.fr\/blog\/wp-content\/uploads\/2021\/03\/Rene-Bouscatel-elu-a-la-tete-de-la-LNR.png","contentUrl":"https:\/\/dicodusport.fr\/blog\/wp-content\/uploads\/2021\/03\/Rene-Bouscatel-elu-a-la-tete-de-la-LNR.png","width":800,"height":445,"caption":"Ren\u00e9 Bouscatel \u00e9lu \u00e0 la t\u00eate de la LNR"},{"@type":"BreadcrumbList","@id":"https:\/\/dicodusport.fr\/blog\/rene-bouscatel-elu-a-la-tete-de-la-lnr\/#breadcrumb","itemListElement":[{"@type":"ListItem","position":1,"name":"Accueil","item":"https:\/\/dicodusport.fr\/blog\/"},{"@type":"ListItem","position":2,"name":"Ren\u00e9 Bouscatel \u00e9lu \u00e0 la t\u00eate de la LNR"}]},{"@type":"WebSite","@id":"https:\/\/dicodusport.fr\/blog\/#website","url":"https:\/\/dicodusport.fr\/blog\/","name":"Dicodusport","description":"L&#039;encyclop\u00e9die de l&#039;actualit\u00e9 sportive","publisher":{"@id":"https:\/\/dicodusport.fr\/blog\/#organization"},"potentialAction":[{"@type":"SearchAction","target":{"@type":"EntryPoint","urlTemplate":"https:\/\/dicodusport.fr\/blog\/?s={search_term_string}"},"query-input":{"@type":"PropertyValueSpecification","valueRequired":true,"valueName":"search_term_string"}}],"inLanguage":"fr-FR"},{"@type":"NewsMediaOrganization","@id":"https:\/\/dicodusport.fr\/blog\/#organization","name":"Dicodusport","url":"https:\/\/dicodusport.fr\/blog\/","logo":{"@type":"ImageObject","inLanguage":"fr-FR","@id":"https:\/\/dicodusport.fr\/blog\/#\/schema\/logo\/image\/","url":"https:\/\/dicodusport.fr\/blog\/wp-content\/uploads\/2020\/06\/cropped-LOGO-DICODUSPORT-2020-SANS-FOND-SANS-TEXTE.png","contentUrl":"https:\/\/dicodusport.fr\/blog\/wp-content\/uploads\/2020\/06\/cropped-LOGO-DICODUSPORT-2020-SANS-FOND-SANS-TEXTE.png","width":512,"height":512,"caption":"Dicodusport"},"image":{"@id":"https:\/\/dicodusport.fr\/blog\/#\/schema\/logo\/image\/"},"sameAs":["https:\/\/www.facebook.com\/dicodusport","https:\/\/x.com\/dicodusport","https:\/\/www.instagram.com\/dicodusport\/","https:\/\/www.youtube.com\/channel\/UC7V2KZ5sd3htJivAbA4ZG3w"],"description":"Dicodusport est l'encyclop\u00e9die de l'actualit\u00e9 sportive.","email":"bonjour@dicodusport.fr","legalName":"DICODUSPORT","foundingDate":"2018-01-14","vatID":"FR71834470973","taxID":"83447097300043","numberOfEmployees":{"@type":"QuantitativeValue","minValue":"1","maxValue":"10"}},{"@type":"Person","@id":"https:\/\/dicodusport.fr\/blog\/#\/schema\/person\/b5f72959ae80a547dcc15f019adf6e0c","name":"Antonin Gizolme","image":{"@type":"ImageObject","inLanguage":"fr-FR","@id":"https:\/\/dicodusport.fr\/blog\/#\/schema\/person\/image\/","url":"https:\/\/dicodusport.fr\/blog\/wp-content\/uploads\/2021\/04\/Maillot-Anto-Dicodusport-150x150.png","contentUrl":"https:\/\/dicodusport.fr\/blog\/wp-content\/uploads\/2021\/04\/Maillot-Anto-Dicodusport-150x150.png","caption":"Antonin Gizolme"},"description":"Journaliste\/R\u00e9dacteur depuis mars 2021 - N\u00e9 un soir de Ligue des Champions, c\u2019est tout naturellement que je suis un passionn\u00e9 de football depuis ma plus tendre enfance. Durant des ann\u00e9es, j\u2019ai \u00e9t\u00e9 berc\u00e9 par la douce m\u00e9lodie de la Ligue des Champions, subjugu\u00e9 par les coups-francs de Juninho et admiratif devant les coups de reins de Karim Benzema. Malheureusement pour moi, mes genoux en carton m\u2019ont emp\u00each\u00e9 de suivre les traces de mes idoles pour \u00e9crire l\u2019Histoire. Alors, c\u2019est ici que je vais me charger de vous la raconter.","sameAs":["https:\/\/x.com\/https:\/\/twitter.com\/AntoninGizolme"],"url":"https:\/\/dicodusport.fr\/blog\/author\/antoning\/"}]}},"_links":{"self":[{"href":"https:\/\/dicodusport.fr\/blog\/wp-json\/wp\/v2\/posts\/115843","targetHints":{"allow":["GET"]}}],"collection":[{"href":"https:\/\/dicodusport.fr\/blog\/wp-json\/wp\/v2\/posts"}],"about":[{"href":"https:\/\/dicodusport.fr\/blog\/wp-json\/wp\/v2\/types\/post"}],"author":[{"embeddable":true,"href":"https:\/\/dicodusport.fr\/blog\/wp-json\/wp\/v2\/users\/51"}],"replies":[{"embeddable":true,"href":"https:\/\/dicodusport.fr\/blog\/wp-json\/wp\/v2\/comments?post=115843"}],"version-history":[{"count":0,"href":"https:\/\/dicodusport.fr\/blog\/wp-json\/wp\/v2\/posts\/115843\/revisions"}],"wp:featuredmedia":[{"embeddable":true,"href":"https:\/\/dicodusport.fr\/blog\/wp-json\/wp\/v2\/media\/115854"}],"wp:attachment":[{"href":"https:\/\/dicodusport.fr\/blog\/wp-json\/wp\/v2\/media?parent=115843"}],"wp:term":[{"taxonomy":"category","embeddable":true,"href":"https:\/\/dicodusport.fr\/blog\/wp-json\/wp\/v2\/categories?post=115843"},{"taxonomy":"post_tag","embeddable":true,"href":"https:\/\/dicodusport.fr\/blog\/wp-json\/wp\/v2\/tags?post=115843"}],"curies":[{"name":"wp","href":"https:\/\/api.w.org\/{rel}","templated":true}]}}