{"id":11626,"date":"2018-02-03T08:00:49","date_gmt":"2018-02-03T07:00:49","guid":{"rendered":"http:\/\/dicodusport.fr\/blog\/?p=11626"},"modified":"2018-02-02T22:49:26","modified_gmt":"2018-02-02T21:49:26","slug":"quiz-anniversaires-pierre-corre-aby-gaye-sport","status":"publish","type":"post","link":"https:\/\/dicodusport.fr\/blog\/quiz-anniversaires-pierre-corre-aby-gaye-sport\/","title":{"rendered":"Quiz anniversaires : Pierre Le Corre et Aby Gaye, quel est votre sport ?"},"content":{"rendered":"<p style=\"text-align: justify;\"><em><b>Retrouvez le quiz du jour. Le but ? C\u00e9l\u00e9brer nos sportifs qui prennent un an de plus et enrichir un peu ses connaissances. Si vous ne trouvez pas les r\u00e9ponses, on ne vous en voudra pas, le tout \u00e9tant aussi de s\u2019amuser. Chaque jour, une femme et un homme tricolores sont mis \u00e0 l\u2019honneur. A vous de retrouver leur discipline. Simple comme bonjour n\u2019est-ce pas ? Alors let\u2019s go !<\/b><\/em><\/p>\n<p><img loading=\"lazy\" decoding=\"async\" class=\"size-full wp-image-11392 aligncenter\" src=\"http:\/\/dicodusport.fr\/blog\/wp-content\/uploads\/2018\/01\/accrochez-vous.gif\" alt=\"\" width=\"220\" height=\"215\" \/><\/p>\n<p>&nbsp;<\/p>\n<p style=\"text-align: justify;\"><span style=\"font-weight: 400;\">Vous avez pu voir Pierre Le Corre sous les couleurs tricolores lors des Jeux Olympiques de Rio. Il est \u00e9galement vice-champion d&rsquo;Europe sprint 2017. Pas \u00e9vident de le suivre, il combine plusieurs \u00e9preuves. Mais combien exactement ?<\/span><\/p>\n<p>&nbsp;<\/p>\n<p><span style=\"font-weight: 400;\"><div class=\"su-spoiler su-spoiler-style-fancy su-spoiler-icon-chevron su-spoiler-closed\" data-scroll-offset=\"0\" data-anchor-in-url=\"no\"><div class=\"su-spoiler-title\" tabindex=\"0\" role=\"button\"><span class=\"su-spoiler-icon\"><\/span>2 (biathlon : ski et tir)<\/div><div class=\"su-spoiler-content su-u-clearfix su-u-trim\"><\/span><\/p>\n<p><img loading=\"lazy\" decoding=\"async\" class=\"size-full wp-image-11627 aligncenter\" src=\"http:\/\/dicodusport.fr\/blog\/wp-content\/uploads\/2018\/02\/non-chat.gif\" alt=\"\" width=\"220\" height=\"189\" \/><\/p>\n<\/div><\/div>\n<p><span style=\"font-weight: 400;\"><div class=\"su-spoiler su-spoiler-style-fancy su-spoiler-icon-chevron su-spoiler-closed\" data-scroll-offset=\"0\" data-anchor-in-url=\"no\"><div class=\"su-spoiler-title\" tabindex=\"0\" role=\"button\"><span class=\"su-spoiler-icon\"><\/span>3 (triathlon : natation, cyclisme et course)<\/div><div class=\"su-spoiler-content su-u-clearfix su-u-trim\"><\/span><\/p>\n<div id=\"attachment_11629\" style=\"width: 710px\" class=\"wp-caption aligncenter\"><img loading=\"lazy\" decoding=\"async\" aria-describedby=\"caption-attachment-11629\" class=\"wp-image-11629 size-full\" src=\"http:\/\/dicodusport.fr\/blog\/wp-content\/uploads\/2018\/02\/pierre-le-corre-triathlon.jpg\" alt=\"\" width=\"700\" height=\"468\" srcset=\"https:\/\/dicodusport.fr\/blog\/wp-content\/uploads\/2018\/02\/pierre-le-corre-triathlon.jpg 700w, https:\/\/dicodusport.fr\/blog\/wp-content\/uploads\/2018\/02\/pierre-le-corre-triathlon-300x201.jpg 300w\" sizes=\"auto, (max-width: 700px) 100vw, 700px\" \/><p id=\"caption-attachment-11629\" class=\"wp-caption-text\">Joyeux 28 ans Pierre ! &#8211; Triathlon<\/p><\/div>\n<\/div><\/div>\n<p><span style=\"font-weight: 400;\"><div class=\"su-spoiler su-spoiler-style-fancy su-spoiler-icon-chevron su-spoiler-closed\" data-scroll-offset=\"0\" data-anchor-in-url=\"no\"><div class=\"su-spoiler-title\" tabindex=\"0\" role=\"button\"><span class=\"su-spoiler-icon\"><\/span>5 (pentathlon : escrime, \u00e9quitation, natation, tir et course)<\/div><div class=\"su-spoiler-content su-u-clearfix su-u-trim\"><\/span><\/p>\n<p><img loading=\"lazy\" decoding=\"async\" class=\"size-full wp-image-11630 aligncenter\" src=\"http:\/\/dicodusport.fr\/blog\/wp-content\/uploads\/2018\/02\/nooooo.gif\" alt=\"\" width=\"220\" height=\"110\" \/><\/p>\n<\/div><\/div>\n<hr \/>\n<p>&nbsp;<\/p>\n<p style=\"text-align: justify;\"><span style=\"font-weight: 400;\">Aby Gaye est d\u00e9j\u00e0 championne d\u2019Europe des 18 ans et moins mais \u00e9galement des U20. En 2017, elle est championne de France avec Villeneuve d\u2019Ascq. Aujourd\u2019hui, elle joue pour le TBG (Tarbes-Gespe-Bigorre). Quel est son sport ?<\/span><\/p>\n<p>&nbsp;<\/p>\n<p><span style=\"font-weight: 400;\"><div class=\"su-spoiler su-spoiler-style-fancy su-spoiler-icon-chevron su-spoiler-closed\" data-scroll-offset=\"0\" data-anchor-in-url=\"no\"><div class=\"su-spoiler-title\" tabindex=\"0\" role=\"button\"><span class=\"su-spoiler-icon\"><\/span>Le rugby<\/div><div class=\"su-spoiler-content su-u-clearfix su-u-trim\"><\/span><\/p>\n<div id=\"attachment_11632\" style=\"width: 230px\" class=\"wp-caption aligncenter\"><img loading=\"lazy\" decoding=\"async\" aria-describedby=\"caption-attachment-11632\" class=\"size-full wp-image-11632\" src=\"http:\/\/dicodusport.fr\/blog\/wp-content\/uploads\/2018\/02\/rugby.gif\" alt=\"\" width=\"220\" height=\"117\" \/><p id=\"caption-attachment-11632\" class=\"wp-caption-text\">Outch &#8230; essaie encore !<\/p><\/div>\n<\/div><\/div>\n<p><span style=\"font-weight: 400;\"><div class=\"su-spoiler su-spoiler-style-fancy su-spoiler-icon-chevron su-spoiler-closed\" data-scroll-offset=\"0\" data-anchor-in-url=\"no\"><div class=\"su-spoiler-title\" tabindex=\"0\" role=\"button\"><span class=\"su-spoiler-icon\"><\/span>Le handball<\/div><div class=\"su-spoiler-content su-u-clearfix su-u-trim\"><\/span><\/p>\n<p><img loading=\"lazy\" decoding=\"async\" class=\"size-full wp-image-11633 aligncenter\" src=\"http:\/\/dicodusport.fr\/blog\/wp-content\/uploads\/2018\/02\/wall.gif\" alt=\"\" width=\"220\" height=\"114\" \/><\/p>\n<\/div><\/div>\n<p><span style=\"font-weight: 400;\"><div class=\"su-spoiler su-spoiler-style-fancy su-spoiler-icon-chevron su-spoiler-closed\" data-scroll-offset=\"0\" data-anchor-in-url=\"no\"><div class=\"su-spoiler-title\" tabindex=\"0\" role=\"button\"><span class=\"su-spoiler-icon\"><\/span>Le basketball<\/div><div class=\"su-spoiler-content su-u-clearfix su-u-trim\"><\/span><\/p>\n<div id=\"attachment_11634\" style=\"width: 991px\" class=\"wp-caption aligncenter\"><img loading=\"lazy\" decoding=\"async\" aria-describedby=\"caption-attachment-11634\" class=\"wp-image-11634 size-full\" src=\"http:\/\/dicodusport.fr\/blog\/wp-content\/uploads\/2018\/02\/Aby-gaye-bebasket.jpg\" alt=\"\" width=\"981\" height=\"574\" srcset=\"https:\/\/dicodusport.fr\/blog\/wp-content\/uploads\/2018\/02\/Aby-gaye-bebasket.jpg 981w, https:\/\/dicodusport.fr\/blog\/wp-content\/uploads\/2018\/02\/Aby-gaye-bebasket-300x176.jpg 300w, https:\/\/dicodusport.fr\/blog\/wp-content\/uploads\/2018\/02\/Aby-gaye-bebasket-768x449.jpg 768w\" sizes=\"auto, (max-width: 981px) 100vw, 981px\" \/><p id=\"caption-attachment-11634\" class=\"wp-caption-text\">Joyeux anniversaire Aby ! &#8211; Bebasket<\/p><\/div>\n<\/div><\/div>\n<hr \/>\n<p style=\"text-align: justify;\"><span style=\"font-weight: 400;\">Difficile de vous faire deviner l\u2019ensemble des sportifs fran\u00e7ais soufflant une bougie, mais il y a toujours possibilit\u00e9 de souhaiter quelques anniversaires en plus. Joyeux anniversaire donc \u00e0 Florian Rousseau, cycliste sp\u00e9cialiste de la piste ainsi qu&rsquo;\u00e0 Remy Taranto. Son truc \u00e0 lui, l&rsquo;aviron. Et parce qu&rsquo;on pense au handisport, un bon anniversaire \u00e9galement \u00e0 Marc-Andr\u00e9 Crat\u00e8re, escrimeur<\/span><span style=\"font-weight: 400;\">. Je vous donne rendez-vous demain pour de(ux) nouvelles questions. Bonne journ\u00e9e \u00e0 toutes et \u00e0 tous !<\/span><\/p>\n<p style=\"text-align: justify;\"><em><strong>Sophie Clapier<\/strong><br \/>\n<\/em><a href=\"https:\/\/twitter.com\/soocube\" target=\"_blank\" rel=\"noopener noreferrer\"><img loading=\"lazy\" decoding=\"async\" class=\"alignnone wp-image-2908\" src=\"http:\/\/dicodusport.fr\/blog\/wp-content\/uploads\/2017\/07\/logo-twitter-150x150.png\" alt=\"\" width=\"39\" height=\"39\" \/><\/a><a href=\"https:\/\/www.facebook.com\/soocube\" target=\"_blank\" rel=\"noopener noreferrer\"><img loading=\"lazy\" decoding=\"async\" class=\"alignnone wp-image-2909\" src=\"http:\/\/dicodusport.fr\/blog\/wp-content\/uploads\/2017\/07\/logo-facebook-150x150.png\" alt=\"\" width=\"40\" height=\"40\" \/><\/a><\/p>\n<p>&nbsp;<\/p>\n","protected":false},"excerpt":{"rendered":"<p>Retrouvez le quiz du jour. Le but ? C\u00e9l\u00e9brer nos sportifs qui prennent un an de plus et enrichir un peu ses connaissances. Si vous ne trouvez pas les r\u00e9ponses, on ne vous en voudra pas, le tout \u00e9tant aussi de s\u2019amuser. Chaque jour, une femme et un homme tricolores sont mis \u00e0 l\u2019honneur. A [&hellip;]<\/p>\n","protected":false},"author":18,"featured_media":11656,"comment_status":"open","ping_status":"closed","sticky":false,"template":"","format":"standard","meta":{"_acf_changed":false,"_daextam_enable_autolinks":"","footnotes":""},"categories":[2,2366],"tags":[3620,2895],"class_list":["post-11626","post","type-post","status-publish","format-standard","has-post-thumbnail","hentry","category-actualites","category-multisports","tag-pierre-le-corre","tag-quiz"],"acf":[],"yoast_head":"<!-- This site is optimized with the Yoast SEO Premium plugin v26.7 (Yoast SEO v26.7) - https:\/\/yoast.com\/wordpress\/plugins\/seo\/ -->\n<title>Quiz anniversaires : Pierre Le Corre et Aby Gaye, quel est votre sport ?<\/title>\n<meta name=\"description\" content=\"C&#039;est l&#039;heure de vous amuser avec nous, le quiz du jour est l\u00e0. C\u00e9l\u00e9brez les sportifs et devinez leur discipline. C&#039;est parti !\" \/>\n<meta name=\"robots\" content=\"index, follow, max-snippet:-1, max-image-preview:large, max-video-preview:-1\" \/>\n<link rel=\"canonical\" href=\"https:\/\/dicodusport.fr\/blog\/quiz-anniversaires-pierre-corre-aby-gaye-sport\/\" \/>\n<meta property=\"og:locale\" content=\"fr_FR\" \/>\n<meta property=\"og:type\" content=\"article\" \/>\n<meta property=\"og:title\" content=\"Quiz anniversaires : Pierre Le Corre et Aby Gaye, quel est votre sport ?\" \/>\n<meta property=\"og:description\" content=\"C&#039;est l&#039;heure de vous amuser avec nous, le quiz du jour est l\u00e0. C\u00e9l\u00e9brez les sportifs et devinez leur discipline. C&#039;est parti !\" \/>\n<meta property=\"og:url\" content=\"https:\/\/dicodusport.fr\/blog\/quiz-anniversaires-pierre-corre-aby-gaye-sport\/\" \/>\n<meta property=\"og:site_name\" content=\"Dicodusport\" \/>\n<meta property=\"article:publisher\" content=\"https:\/\/www.facebook.com\/dicodusport\" \/>\n<meta property=\"article:author\" content=\"https:\/\/www.facebook.com\/soocube\" \/>\n<meta property=\"article:published_time\" content=\"2018-02-03T07:00:49+00:00\" \/>\n<meta property=\"og:image\" content=\"https:\/\/dicodusport.fr\/blog\/wp-content\/uploads\/2018\/02\/QUIZ-ANNIVERSAIRES-3-f\u00e9vrier.png\" \/>\n\t<meta property=\"og:image:width\" content=\"1200\" \/>\n\t<meta property=\"og:image:height\" content=\"670\" \/>\n\t<meta property=\"og:image:type\" content=\"image\/png\" \/>\n<meta name=\"author\" content=\"Sophie Clapier\" \/>\n<meta name=\"twitter:card\" content=\"summary_large_image\" \/>\n<meta name=\"twitter:creator\" content=\"@https:\/\/twitter.com\/soocube\" \/>\n<meta name=\"twitter:site\" content=\"@dicodusport\" \/>\n<script type=\"application\/ld+json\" class=\"yoast-schema-graph\">{\"@context\":\"https:\/\/schema.org\",\"@graph\":[{\"@type\":\"NewsArticle\",\"@id\":\"https:\/\/dicodusport.fr\/blog\/quiz-anniversaires-pierre-corre-aby-gaye-sport\/#article\",\"isPartOf\":{\"@id\":\"https:\/\/dicodusport.fr\/blog\/quiz-anniversaires-pierre-corre-aby-gaye-sport\/\"},\"author\":{\"name\":\"Sophie Clapier\",\"@id\":\"https:\/\/dicodusport.fr\/blog\/#\/schema\/person\/416c975648aca9da8839bdfe333a21c9\"},\"headline\":\"Quiz anniversaires : Pierre Le Corre et Aby Gaye, quel est votre sport ?\",\"datePublished\":\"2018-02-03T07:00:49+00:00\",\"mainEntityOfPage\":{\"@id\":\"https:\/\/dicodusport.fr\/blog\/quiz-anniversaires-pierre-corre-aby-gaye-sport\/\"},\"wordCount\":353,\"commentCount\":0,\"publisher\":{\"@id\":\"https:\/\/dicodusport.fr\/blog\/#organization\"},\"image\":{\"@id\":\"https:\/\/dicodusport.fr\/blog\/quiz-anniversaires-pierre-corre-aby-gaye-sport\/#primaryimage\"},\"thumbnailUrl\":\"https:\/\/dicodusport.fr\/blog\/wp-content\/uploads\/2018\/02\/QUIZ-ANNIVERSAIRES-3-f\u00e9vrier.png\",\"keywords\":[\"Pierre Le Corre\",\"Quiz\"],\"articleSection\":[\"Actualit\u00e9s\",\"Multisports\"],\"inLanguage\":\"fr-FR\",\"potentialAction\":[{\"@type\":\"CommentAction\",\"name\":\"Comment\",\"target\":[\"https:\/\/dicodusport.fr\/blog\/quiz-anniversaires-pierre-corre-aby-gaye-sport\/#respond\"]}],\"copyrightYear\":\"2018\",\"copyrightHolder\":{\"@id\":\"https:\/\/dicodusport.fr\/blog\/#organization\"}},{\"@type\":\"WebPage\",\"@id\":\"https:\/\/dicodusport.fr\/blog\/quiz-anniversaires-pierre-corre-aby-gaye-sport\/\",\"url\":\"https:\/\/dicodusport.fr\/blog\/quiz-anniversaires-pierre-corre-aby-gaye-sport\/\",\"name\":\"Quiz anniversaires : Pierre Le Corre et Aby Gaye, quel est votre sport ?\",\"isPartOf\":{\"@id\":\"https:\/\/dicodusport.fr\/blog\/#website\"},\"primaryImageOfPage\":{\"@id\":\"https:\/\/dicodusport.fr\/blog\/quiz-anniversaires-pierre-corre-aby-gaye-sport\/#primaryimage\"},\"image\":{\"@id\":\"https:\/\/dicodusport.fr\/blog\/quiz-anniversaires-pierre-corre-aby-gaye-sport\/#primaryimage\"},\"thumbnailUrl\":\"https:\/\/dicodusport.fr\/blog\/wp-content\/uploads\/2018\/02\/QUIZ-ANNIVERSAIRES-3-f\u00e9vrier.png\",\"datePublished\":\"2018-02-03T07:00:49+00:00\",\"description\":\"C'est l'heure de vous amuser avec nous, le quiz du jour est l\u00e0. C\u00e9l\u00e9brez les sportifs et devinez leur discipline. C'est parti !\",\"breadcrumb\":{\"@id\":\"https:\/\/dicodusport.fr\/blog\/quiz-anniversaires-pierre-corre-aby-gaye-sport\/#breadcrumb\"},\"inLanguage\":\"fr-FR\",\"potentialAction\":[{\"@type\":\"ReadAction\",\"target\":[\"https:\/\/dicodusport.fr\/blog\/quiz-anniversaires-pierre-corre-aby-gaye-sport\/\"]}]},{\"@type\":\"ImageObject\",\"inLanguage\":\"fr-FR\",\"@id\":\"https:\/\/dicodusport.fr\/blog\/quiz-anniversaires-pierre-corre-aby-gaye-sport\/#primaryimage\",\"url\":\"https:\/\/dicodusport.fr\/blog\/wp-content\/uploads\/2018\/02\/QUIZ-ANNIVERSAIRES-3-f\u00e9vrier.png\",\"contentUrl\":\"https:\/\/dicodusport.fr\/blog\/wp-content\/uploads\/2018\/02\/QUIZ-ANNIVERSAIRES-3-f\u00e9vrier.png\",\"width\":1200,\"height\":670},{\"@type\":\"BreadcrumbList\",\"@id\":\"https:\/\/dicodusport.fr\/blog\/quiz-anniversaires-pierre-corre-aby-gaye-sport\/#breadcrumb\",\"itemListElement\":[{\"@type\":\"ListItem\",\"position\":1,\"name\":\"Accueil\",\"item\":\"https:\/\/dicodusport.fr\/blog\/\"},{\"@type\":\"ListItem\",\"position\":2,\"name\":\"Quiz anniversaires : Pierre Le Corre et Aby Gaye, quel est votre sport ?\"}]},{\"@type\":\"WebSite\",\"@id\":\"https:\/\/dicodusport.fr\/blog\/#website\",\"url\":\"https:\/\/dicodusport.fr\/blog\/\",\"name\":\"Dicodusport\",\"description\":\"L&#039;encyclop\u00e9die de l&#039;actualit\u00e9 sportive\",\"publisher\":{\"@id\":\"https:\/\/dicodusport.fr\/blog\/#organization\"},\"potentialAction\":[{\"@type\":\"SearchAction\",\"target\":{\"@type\":\"EntryPoint\",\"urlTemplate\":\"https:\/\/dicodusport.fr\/blog\/?s={search_term_string}\"},\"query-input\":{\"@type\":\"PropertyValueSpecification\",\"valueRequired\":true,\"valueName\":\"search_term_string\"}}],\"inLanguage\":\"fr-FR\"},{\"@type\":\"NewsMediaOrganization\",\"@id\":\"https:\/\/dicodusport.fr\/blog\/#organization\",\"name\":\"Dicodusport\",\"url\":\"https:\/\/dicodusport.fr\/blog\/\",\"logo\":{\"@type\":\"ImageObject\",\"inLanguage\":\"fr-FR\",\"@id\":\"https:\/\/dicodusport.fr\/blog\/#\/schema\/logo\/image\/\",\"url\":\"https:\/\/dicodusport.fr\/blog\/wp-content\/uploads\/2020\/06\/cropped-LOGO-DICODUSPORT-2020-SANS-FOND-SANS-TEXTE.png\",\"contentUrl\":\"https:\/\/dicodusport.fr\/blog\/wp-content\/uploads\/2020\/06\/cropped-LOGO-DICODUSPORT-2020-SANS-FOND-SANS-TEXTE.png\",\"width\":512,\"height\":512,\"caption\":\"Dicodusport\"},\"image\":{\"@id\":\"https:\/\/dicodusport.fr\/blog\/#\/schema\/logo\/image\/\"},\"sameAs\":[\"https:\/\/www.facebook.com\/dicodusport\",\"https:\/\/x.com\/dicodusport\",\"https:\/\/www.instagram.com\/dicodusport\/\",\"https:\/\/www.youtube.com\/channel\/UC7V2KZ5sd3htJivAbA4ZG3w\"],\"description\":\"Dicodusport est l'encyclop\u00e9die de l'actualit\u00e9 sportive.\",\"email\":\"bonjour@dicodusport.fr\",\"legalName\":\"DICODUSPORT\",\"foundingDate\":\"2018-01-14\",\"vatID\":\"FR71834470973\",\"taxID\":\"83447097300043\",\"numberOfEmployees\":{\"@type\":\"QuantitativeValue\",\"minValue\":\"1\",\"maxValue\":\"10\"}},{\"@type\":\"Person\",\"@id\":\"https:\/\/dicodusport.fr\/blog\/#\/schema\/person\/416c975648aca9da8839bdfe333a21c9\",\"name\":\"Sophie Clapier\",\"image\":{\"@type\":\"ImageObject\",\"inLanguage\":\"fr-FR\",\"@id\":\"https:\/\/dicodusport.fr\/blog\/#\/schema\/person\/image\/\",\"url\":\"https:\/\/dicodusport.fr\/blog\/wp-content\/uploads\/2021\/05\/Sophie-Clapier-150x150.jpg\",\"contentUrl\":\"https:\/\/dicodusport.fr\/blog\/wp-content\/uploads\/2021\/05\/Sophie-Clapier-150x150.jpg\",\"caption\":\"Sophie Clapier\"},\"description\":\"Journaliste\/r\u00e9dactrice depuis janvier 2016 - Passionn\u00e9e de sport depuis toujours, j\u2019en ai pratiqu\u00e9 quelques-uns. Judo, football, handball ou encore tennis, je n\u2019ai jamais pu me mettre d\u2019accord sur un en particulier. Mais \u00e7a, c\u2019\u00e9tait avant de d\u00e9couvrir le basket, devenu mon sport de pr\u00e9dilection. Les actions NBA, le All-Star Week-end, la fureur des Game 7 pendant les playoffs ou mieux, lors des Finals, this is why we play. Team Spurs T.P, je m\u2019accroche encore \u00e0 Gregg Popovich (don\u2019t leave !). Team chef Curry, je souhaite qu\u2019il finisse aux Warriors (staaaay !). Non, il n\u2019y a pas qu\u2019eux, des petits nouveaux -et des petites nouvelles \u00e9videmment- arrivent chaque jour dans toutes les disciplines et cr\u00e9ent de nouveaux exploits. Alors pour les grands \u00e9v\u00e9nements et comp\u00e9titions internationales, vive les pulsations 240\/minutes et le d\u00e9fibrillateur pas loin, et allez les Bleu(e)s ! C\u2019est s\u00fbr, j\u2019aurai plus vu ma vie sur un terrain de sport, mais \u00e0 d\u00e9faut d\u2019en faire en haut niveau, je le partage avec vous.\",\"sameAs\":[\"https:\/\/www.facebook.com\/soocube\",\"https:\/\/x.com\/https:\/\/twitter.com\/soocube\",\"admin\"],\"url\":\"https:\/\/dicodusport.fr\/blog\/author\/sophie\/\"}]}<\/script>\n<!-- \/ Yoast SEO Premium plugin. -->","yoast_head_json":{"title":"Quiz anniversaires : Pierre Le Corre et Aby Gaye, quel est votre sport ?","description":"C'est l'heure de vous amuser avec nous, le quiz du jour est l\u00e0. C\u00e9l\u00e9brez les sportifs et devinez leur discipline. C'est parti !","robots":{"index":"index","follow":"follow","max-snippet":"max-snippet:-1","max-image-preview":"max-image-preview:large","max-video-preview":"max-video-preview:-1"},"canonical":"https:\/\/dicodusport.fr\/blog\/quiz-anniversaires-pierre-corre-aby-gaye-sport\/","og_locale":"fr_FR","og_type":"article","og_title":"Quiz anniversaires : Pierre Le Corre et Aby Gaye, quel est votre sport ?","og_description":"C'est l'heure de vous amuser avec nous, le quiz du jour est l\u00e0. C\u00e9l\u00e9brez les sportifs et devinez leur discipline. C'est parti !","og_url":"https:\/\/dicodusport.fr\/blog\/quiz-anniversaires-pierre-corre-aby-gaye-sport\/","og_site_name":"Dicodusport","article_publisher":"https:\/\/www.facebook.com\/dicodusport","article_author":"https:\/\/www.facebook.com\/soocube","article_published_time":"2018-02-03T07:00:49+00:00","og_image":[{"width":1200,"height":670,"url":"https:\/\/dicodusport.fr\/blog\/wp-content\/uploads\/2018\/02\/QUIZ-ANNIVERSAIRES-3-f\u00e9vrier.png","type":"image\/png"}],"author":"Sophie Clapier","twitter_card":"summary_large_image","twitter_creator":"@https:\/\/twitter.com\/soocube","twitter_site":"@dicodusport","schema":{"@context":"https:\/\/schema.org","@graph":[{"@type":"NewsArticle","@id":"https:\/\/dicodusport.fr\/blog\/quiz-anniversaires-pierre-corre-aby-gaye-sport\/#article","isPartOf":{"@id":"https:\/\/dicodusport.fr\/blog\/quiz-anniversaires-pierre-corre-aby-gaye-sport\/"},"author":{"name":"Sophie Clapier","@id":"https:\/\/dicodusport.fr\/blog\/#\/schema\/person\/416c975648aca9da8839bdfe333a21c9"},"headline":"Quiz anniversaires : Pierre Le Corre et Aby Gaye, quel est votre sport ?","datePublished":"2018-02-03T07:00:49+00:00","mainEntityOfPage":{"@id":"https:\/\/dicodusport.fr\/blog\/quiz-anniversaires-pierre-corre-aby-gaye-sport\/"},"wordCount":353,"commentCount":0,"publisher":{"@id":"https:\/\/dicodusport.fr\/blog\/#organization"},"image":{"@id":"https:\/\/dicodusport.fr\/blog\/quiz-anniversaires-pierre-corre-aby-gaye-sport\/#primaryimage"},"thumbnailUrl":"https:\/\/dicodusport.fr\/blog\/wp-content\/uploads\/2018\/02\/QUIZ-ANNIVERSAIRES-3-f\u00e9vrier.png","keywords":["Pierre Le Corre","Quiz"],"articleSection":["Actualit\u00e9s","Multisports"],"inLanguage":"fr-FR","potentialAction":[{"@type":"CommentAction","name":"Comment","target":["https:\/\/dicodusport.fr\/blog\/quiz-anniversaires-pierre-corre-aby-gaye-sport\/#respond"]}],"copyrightYear":"2018","copyrightHolder":{"@id":"https:\/\/dicodusport.fr\/blog\/#organization"}},{"@type":"WebPage","@id":"https:\/\/dicodusport.fr\/blog\/quiz-anniversaires-pierre-corre-aby-gaye-sport\/","url":"https:\/\/dicodusport.fr\/blog\/quiz-anniversaires-pierre-corre-aby-gaye-sport\/","name":"Quiz anniversaires : Pierre Le Corre et Aby Gaye, quel est votre sport ?","isPartOf":{"@id":"https:\/\/dicodusport.fr\/blog\/#website"},"primaryImageOfPage":{"@id":"https:\/\/dicodusport.fr\/blog\/quiz-anniversaires-pierre-corre-aby-gaye-sport\/#primaryimage"},"image":{"@id":"https:\/\/dicodusport.fr\/blog\/quiz-anniversaires-pierre-corre-aby-gaye-sport\/#primaryimage"},"thumbnailUrl":"https:\/\/dicodusport.fr\/blog\/wp-content\/uploads\/2018\/02\/QUIZ-ANNIVERSAIRES-3-f\u00e9vrier.png","datePublished":"2018-02-03T07:00:49+00:00","description":"C'est l'heure de vous amuser avec nous, le quiz du jour est l\u00e0. C\u00e9l\u00e9brez les sportifs et devinez leur discipline. C'est parti !","breadcrumb":{"@id":"https:\/\/dicodusport.fr\/blog\/quiz-anniversaires-pierre-corre-aby-gaye-sport\/#breadcrumb"},"inLanguage":"fr-FR","potentialAction":[{"@type":"ReadAction","target":["https:\/\/dicodusport.fr\/blog\/quiz-anniversaires-pierre-corre-aby-gaye-sport\/"]}]},{"@type":"ImageObject","inLanguage":"fr-FR","@id":"https:\/\/dicodusport.fr\/blog\/quiz-anniversaires-pierre-corre-aby-gaye-sport\/#primaryimage","url":"https:\/\/dicodusport.fr\/blog\/wp-content\/uploads\/2018\/02\/QUIZ-ANNIVERSAIRES-3-f\u00e9vrier.png","contentUrl":"https:\/\/dicodusport.fr\/blog\/wp-content\/uploads\/2018\/02\/QUIZ-ANNIVERSAIRES-3-f\u00e9vrier.png","width":1200,"height":670},{"@type":"BreadcrumbList","@id":"https:\/\/dicodusport.fr\/blog\/quiz-anniversaires-pierre-corre-aby-gaye-sport\/#breadcrumb","itemListElement":[{"@type":"ListItem","position":1,"name":"Accueil","item":"https:\/\/dicodusport.fr\/blog\/"},{"@type":"ListItem","position":2,"name":"Quiz anniversaires : Pierre Le Corre et Aby Gaye, quel est votre sport ?"}]},{"@type":"WebSite","@id":"https:\/\/dicodusport.fr\/blog\/#website","url":"https:\/\/dicodusport.fr\/blog\/","name":"Dicodusport","description":"L&#039;encyclop\u00e9die de l&#039;actualit\u00e9 sportive","publisher":{"@id":"https:\/\/dicodusport.fr\/blog\/#organization"},"potentialAction":[{"@type":"SearchAction","target":{"@type":"EntryPoint","urlTemplate":"https:\/\/dicodusport.fr\/blog\/?s={search_term_string}"},"query-input":{"@type":"PropertyValueSpecification","valueRequired":true,"valueName":"search_term_string"}}],"inLanguage":"fr-FR"},{"@type":"NewsMediaOrganization","@id":"https:\/\/dicodusport.fr\/blog\/#organization","name":"Dicodusport","url":"https:\/\/dicodusport.fr\/blog\/","logo":{"@type":"ImageObject","inLanguage":"fr-FR","@id":"https:\/\/dicodusport.fr\/blog\/#\/schema\/logo\/image\/","url":"https:\/\/dicodusport.fr\/blog\/wp-content\/uploads\/2020\/06\/cropped-LOGO-DICODUSPORT-2020-SANS-FOND-SANS-TEXTE.png","contentUrl":"https:\/\/dicodusport.fr\/blog\/wp-content\/uploads\/2020\/06\/cropped-LOGO-DICODUSPORT-2020-SANS-FOND-SANS-TEXTE.png","width":512,"height":512,"caption":"Dicodusport"},"image":{"@id":"https:\/\/dicodusport.fr\/blog\/#\/schema\/logo\/image\/"},"sameAs":["https:\/\/www.facebook.com\/dicodusport","https:\/\/x.com\/dicodusport","https:\/\/www.instagram.com\/dicodusport\/","https:\/\/www.youtube.com\/channel\/UC7V2KZ5sd3htJivAbA4ZG3w"],"description":"Dicodusport est l'encyclop\u00e9die de l'actualit\u00e9 sportive.","email":"bonjour@dicodusport.fr","legalName":"DICODUSPORT","foundingDate":"2018-01-14","vatID":"FR71834470973","taxID":"83447097300043","numberOfEmployees":{"@type":"QuantitativeValue","minValue":"1","maxValue":"10"}},{"@type":"Person","@id":"https:\/\/dicodusport.fr\/blog\/#\/schema\/person\/416c975648aca9da8839bdfe333a21c9","name":"Sophie Clapier","image":{"@type":"ImageObject","inLanguage":"fr-FR","@id":"https:\/\/dicodusport.fr\/blog\/#\/schema\/person\/image\/","url":"https:\/\/dicodusport.fr\/blog\/wp-content\/uploads\/2021\/05\/Sophie-Clapier-150x150.jpg","contentUrl":"https:\/\/dicodusport.fr\/blog\/wp-content\/uploads\/2021\/05\/Sophie-Clapier-150x150.jpg","caption":"Sophie Clapier"},"description":"Journaliste\/r\u00e9dactrice depuis janvier 2016 - Passionn\u00e9e de sport depuis toujours, j\u2019en ai pratiqu\u00e9 quelques-uns. Judo, football, handball ou encore tennis, je n\u2019ai jamais pu me mettre d\u2019accord sur un en particulier. Mais \u00e7a, c\u2019\u00e9tait avant de d\u00e9couvrir le basket, devenu mon sport de pr\u00e9dilection. Les actions NBA, le All-Star Week-end, la fureur des Game 7 pendant les playoffs ou mieux, lors des Finals, this is why we play. Team Spurs T.P, je m\u2019accroche encore \u00e0 Gregg Popovich (don\u2019t leave !). Team chef Curry, je souhaite qu\u2019il finisse aux Warriors (staaaay !). Non, il n\u2019y a pas qu\u2019eux, des petits nouveaux -et des petites nouvelles \u00e9videmment- arrivent chaque jour dans toutes les disciplines et cr\u00e9ent de nouveaux exploits. Alors pour les grands \u00e9v\u00e9nements et comp\u00e9titions internationales, vive les pulsations 240\/minutes et le d\u00e9fibrillateur pas loin, et allez les Bleu(e)s ! C\u2019est s\u00fbr, j\u2019aurai plus vu ma vie sur un terrain de sport, mais \u00e0 d\u00e9faut d\u2019en faire en haut niveau, je le partage avec vous.","sameAs":["https:\/\/www.facebook.com\/soocube","https:\/\/x.com\/https:\/\/twitter.com\/soocube","admin"],"url":"https:\/\/dicodusport.fr\/blog\/author\/sophie\/"}]}},"_links":{"self":[{"href":"https:\/\/dicodusport.fr\/blog\/wp-json\/wp\/v2\/posts\/11626","targetHints":{"allow":["GET"]}}],"collection":[{"href":"https:\/\/dicodusport.fr\/blog\/wp-json\/wp\/v2\/posts"}],"about":[{"href":"https:\/\/dicodusport.fr\/blog\/wp-json\/wp\/v2\/types\/post"}],"author":[{"embeddable":true,"href":"https:\/\/dicodusport.fr\/blog\/wp-json\/wp\/v2\/users\/18"}],"replies":[{"embeddable":true,"href":"https:\/\/dicodusport.fr\/blog\/wp-json\/wp\/v2\/comments?post=11626"}],"version-history":[{"count":0,"href":"https:\/\/dicodusport.fr\/blog\/wp-json\/wp\/v2\/posts\/11626\/revisions"}],"wp:featuredmedia":[{"embeddable":true,"href":"https:\/\/dicodusport.fr\/blog\/wp-json\/wp\/v2\/media\/11656"}],"wp:attachment":[{"href":"https:\/\/dicodusport.fr\/blog\/wp-json\/wp\/v2\/media?parent=11626"}],"wp:term":[{"taxonomy":"category","embeddable":true,"href":"https:\/\/dicodusport.fr\/blog\/wp-json\/wp\/v2\/categories?post=11626"},{"taxonomy":"post_tag","embeddable":true,"href":"https:\/\/dicodusport.fr\/blog\/wp-json\/wp\/v2\/tags?post=11626"}],"curies":[{"name":"wp","href":"https:\/\/api.w.org\/{rel}","templated":true}]}}